{"id":19977,"date":"2025-05-06T10:30:30","date_gmt":"2025-05-06T08:30:30","guid":{"rendered":"https:\/\/voyage-aventure.com\/blog\/?p=19977"},"modified":"2025-05-06T10:30:30","modified_gmt":"2025-05-06T08:30:30","slug":"tenerife-le-soleil-a-petit-prix-pour-des-vacances-de-reve","status":"publish","type":"post","link":"https:\/\/voyage-aventure.com\/blog\/a-la-une\/tenerife-le-soleil-a-petit-prix-pour-des-vacances-de-reve\/","title":{"rendered":"tenerife : le soleil \u00e0 petit prix pour des vacances de r\u00eave"},"content":{"rendered":"<h2>Une destination de r\u00eave \u00e0 prix mini<\/h2>\n<p>Tenerife, la plus grande des \u00eeles Canaries, offre des paysages \u00e9poustouflants et un climat enchanteur tout au long de l&rsquo;ann\u00e9e. Avec des tarifs aussi attractifs que 40\u20ac par nuit, il est temps de d\u00e9couvrir cette \u00eele sans se ruiner. Que vous soyez en qu\u00eate de d\u00e9tente sur la plage ou d&rsquo;aventures volcaniques, Tenerife r\u00e9pond \u00e0 toutes vos attentes.<\/p>\n<p>La beaut\u00e9 de Tenerife r\u00e9side dans sa diversit\u00e9. Des plages dor\u00e9es aux montagnes majestueuses, chaque recoin de l&rsquo;\u00eele est une invitation \u00e0 l&rsquo;exploration. Les voyageurs peuvent profiter d&rsquo;h\u00f4tels de qualit\u00e9, comme l&rsquo;Hotel AF Valle Orotava, qui combine confort et accessibilit\u00e9, rendant chaque s\u00e9jour inoubliable.<\/p>\n<h2>Les activit\u00e9s incontournables<\/h2>\n<p>\u00c0 Tenerife, le choix d&rsquo;activit\u00e9s est vaste. Les amateurs de randonn\u00e9e peuvent explorer le parc national du Teide, o\u00f9 le sommet du volcan offre des vues \u00e0 couper le souffle. Pour ceux qui pr\u00e9f\u00e8rent la mer, des promenades le long de la c\u00f4te, baignades et farniente sur les plages de sable fin sont au programme.<\/p>\n<p>Ne manquez pas non plus les attractions culturelles et historiques de l&rsquo;\u00eele. Des villages pittoresques aux march\u00e9s locaux, chaque visite vous plongera dans la culture canarienne. Comme le dit un voyageur : <\/p>\n<blockquote><p>\u00ab Tenerife est bien plus qu&rsquo;une simple destination baln\u00e9aire, c&rsquo;est une exp\u00e9rience immersive. \u00bb<\/p><\/blockquote>\n<p><iframe loading=\"lazy\" title=\"En d\u00e9cembre au soleil \u2600\ufe0f, profitez de la douceur des \u00celes Canaries en hiver  #traveladvantage\" width=\"1200\" height=\"675\" src=\"https:\/\/www.youtube.com\/embed\/DGkcIRPfL-8?feature=oembed\" frameborder=\"0\" allow=\"accelerometer; autoplay; clipboard-write; encrypted-media; gyroscope; picture-in-picture; web-share\" referrerpolicy=\"strict-origin-when-cross-origin\" allowfullscreen><\/iframe><\/p>\n<h2>Un h\u00e9bergement adapt\u00e9 \u00e0 tous<\/h2>\n<p>L&rsquo;Hotel AF Valle Orotava se distingue par ses nombreux atouts. Avec une note de 4,2 sur 5 sur Tripadvisor, il est id\u00e9al pour les couples, les familles et m\u00eame les voyageurs solitaires. Le petit-d\u00e9jeuner inclus et la piscine sur le rooftop sont des d\u00e9tails qui font toute la diff\u00e9rence.<\/p>\n<p>Voici quelques caract\u00e9ristiques qui rendent cet h\u00f4tel si attrayant :<\/p>\n<ul>\n<li>Rooftop avec piscine offrant une vue imprenable<\/li>\n<li>Restaurant et bar pour des moments de convivialit\u00e9<\/li>\n<li>Proximit\u00e9 des plages et du centre-ville<\/li>\n<li>Chambres climatis\u00e9es pour un confort optimal<\/li>\n<\/ul>\n<p>Que vous souhaitiez admirer le lever du soleil sur le Teide ou profiter d&rsquo;un cocktail au bord de la piscine, cet h\u00f4tel est le point de d\u00e9part parfait pour vos aventures \u00e0 Tenerife.<\/p>\n<h2>R\u00e9server votre s\u00e9jour d\u00e8s maintenant<\/h2>\n<p>Les offres pour Tenerife ne cessent d&rsquo;\u00e9voluer, mais en r\u00e9servant \u00e0 l&rsquo;avance, vous pourrez b\u00e9n\u00e9ficier des meilleurs tarifs. N&rsquo;h\u00e9sitez pas \u00e0 jouer avec vos dates pour trouver le s\u00e9jour qui vous conviendra le mieux. Les prix mentionn\u00e9s sont souvent soumis \u00e0 des fluctuations, alors surveillez-les de pr\u00e8s.<\/p>\n<p>Il est \u00e9galement possible de personnaliser votre s\u00e9jour en fonction de vos besoins. Que vous voyagiez seul ou en groupe, les options sont vari\u00e9es et peuvent s&rsquo;adapter \u00e0 toutes les envies. Tenerife vous attend, avec ses paysages \u00e0 couper le souffle et ses activit\u00e9s inoubliables.<\/p>\n<h2>Informations pratiques<\/h2>\n<p>Avant de partir, voici quelques informations cl\u00e9s \u00e0 garder en t\u00eate :<\/p>\n<ul>\n<li>Nom de l&rsquo;h\u00e9bergement : Hotel AF Valle Orotava<\/li>\n<li>Localisation : Puerto de la Cruz, Tenerife<\/li>\n<li>\u00c9valuation : 4,2\/5 sur Tripadvisor<\/li>\n<li>\u00c9quipements : piscine, restaurant, wifi gratuit, petit-d\u00e9jeuner inclus<\/li>\n<\/ul>\n<p>En r\u00e9sum\u00e9, Tenerife est la destination id\u00e9ale pour ceux qui recherchent soleil et d\u00e9tente \u00e0 un prix abordable. Chaque moment pass\u00e9 sur cette \u00eele vous laissera des souvenirs imp\u00e9rissables. N&rsquo;attendez plus pour r\u00e9server votre aventure canarienne !<\/p>\n","protected":false},"excerpt":{"rendered":"","protected":false},"author":34,"featured_media":20644,"comment_status":"open","ping_status":"open","sticky":false,"template":"","format":"standard","meta":{"_acf_changed":false,"manual_indexmenow":false,"indexmenow_id_project":0,"footnotes":""},"categories":[1],"tags":[4538,4530,4528,4769,4526],"class_list":["post-19977","post","type-post","status-publish","format-standard","has-post-thumbnail","hentry","category-a-la-une","tag-activites-variees","tag-escapade-en-europe","tag-hebergement-abordable","tag-immersion-culturelle","tag-voyage-economique","generate-columns","tablet-grid-50","mobile-grid-100","grid-parent","grid-25"],"acf":[],"yoast_head":"<!-- This site is optimized with the Yoast SEO Premium plugin v21.3 (Yoast SEO v25.1) - https:\/\/yoast.com\/wordpress\/plugins\/seo\/ -->\n<title>tenerife : le soleil \u00e0 petit prix pour des vacances de r\u00eave<\/title>\n<meta name=\"description\" content=\"Tenerife, la plus grande des \u00eeles Canaries, offre des paysages \u00e9poustouflants et un climat enchanteur tout au long de l&#039;ann\u00e9e. Avec des tarifs aussi\" \/>\n<meta name=\"robots\" content=\"index, follow, max-snippet:-1, max-image-preview:large, max-video-preview:-1\" \/>\n<link rel=\"canonical\" href=\"https:\/\/voyage-aventure.com\/blog\/a-la-une\/tenerife-le-soleil-a-petit-prix-pour-des-vacances-de-reve\/\" \/>\n<meta property=\"og:locale\" content=\"fr_FR\" \/>\n<meta property=\"og:type\" content=\"article\" \/>\n<meta property=\"og:title\" content=\"tenerife : le soleil \u00e0 petit prix pour des vacances de r\u00eave\" \/>\n<meta property=\"og:description\" content=\"Tenerife, la plus grande des \u00eeles Canaries, offre des paysages \u00e9poustouflants et un climat enchanteur tout au long de l&#039;ann\u00e9e. Avec des tarifs aussi\" \/>\n<meta property=\"og:url\" content=\"https:\/\/voyage-aventure.com\/blog\/a-la-une\/tenerife-le-soleil-a-petit-prix-pour-des-vacances-de-reve\/\" \/>\n<meta property=\"og:site_name\" content=\"voyage-aventure\" \/>\n<meta property=\"og:image\" content=\"https:\/\/voyage-aventure.com\/blog\/wp-content\/uploads\/2025\/05\/sdxl-d80188fcc65be5ef8cb0a70dfbef939b-scaled.png\" \/>\n\t<meta property=\"og:image:width\" content=\"1200\" \/>\n\t<meta property=\"og:image:height\" content=\"500\" \/>\n\t<meta property=\"og:image:type\" content=\"image\/png\" \/>\n<meta name=\"author\" content=\"Camille Rouvray\" \/>\n<meta name=\"twitter:card\" content=\"summary_large_image\" \/>\n<script type=\"application\/ld+json\" class=\"yoast-schema-graph\">{\"@context\":\"https:\/\/schema.org\",\"@graph\":[{\"@type\":\"NewsArticle\",\"@id\":\"https:\/\/voyage-aventure.com\/blog\/a-la-une\/tenerife-le-soleil-a-petit-prix-pour-des-vacances-de-reve\/#article\",\"isPartOf\":{\"@id\":\"https:\/\/voyage-aventure.com\/blog\/a-la-une\/tenerife-le-soleil-a-petit-prix-pour-des-vacances-de-reve\/\"},\"author\":{\"name\":\"Camille Rouvray\",\"@id\":\"https:\/\/voyage-aventure.com\/blog\/#\/schema\/person\/3c864cdc320801e3db34b663e7e3f816\"},\"headline\":\"tenerife : le soleil \u00e0 petit prix pour des vacances de r\u00eave\",\"datePublished\":\"2025-05-06T08:30:30+00:00\",\"mainEntityOfPage\":{\"@id\":\"https:\/\/voyage-aventure.com\/blog\/a-la-une\/tenerife-le-soleil-a-petit-prix-pour-des-vacances-de-reve\/\"},\"wordCount\":570,\"commentCount\":22,\"publisher\":{\"@id\":\"https:\/\/voyage-aventure.com\/blog\/#organization\"},\"image\":{\"@id\":\"https:\/\/voyage-aventure.com\/blog\/a-la-une\/tenerife-le-soleil-a-petit-prix-pour-des-vacances-de-reve\/#primaryimage\"},\"thumbnailUrl\":\"https:\/\/voyage-aventure.com\/blog\/wp-content\/uploads\/2025\/05\/sdxl-d80188fcc65be5ef8cb0a70dfbef939b-scaled.png\",\"keywords\":[\"Activit\u00e9s Vari\u00e9es\",\"Escapade en Europe\",\"H\u00e9bergement Abordable\",\"Immersion Culturelle\",\"Voyage \u00c9conomique\"],\"articleSection\":[\"\u00c0 la une\"],\"inLanguage\":\"fr-FR\",\"potentialAction\":[{\"@type\":\"CommentAction\",\"name\":\"Comment\",\"target\":[\"https:\/\/voyage-aventure.com\/blog\/a-la-une\/tenerife-le-soleil-a-petit-prix-pour-des-vacances-de-reve\/#respond\"]}]},{\"@type\":\"WebPage\",\"@id\":\"https:\/\/voyage-aventure.com\/blog\/a-la-une\/tenerife-le-soleil-a-petit-prix-pour-des-vacances-de-reve\/\",\"url\":\"https:\/\/voyage-aventure.com\/blog\/a-la-une\/tenerife-le-soleil-a-petit-prix-pour-des-vacances-de-reve\/\",\"name\":\"tenerife : le soleil \u00e0 petit prix pour des vacances de r\u00eave\",\"isPartOf\":{\"@id\":\"https:\/\/voyage-aventure.com\/blog\/#website\"},\"primaryImageOfPage\":{\"@id\":\"https:\/\/voyage-aventure.com\/blog\/a-la-une\/tenerife-le-soleil-a-petit-prix-pour-des-vacances-de-reve\/#primaryimage\"},\"image\":{\"@id\":\"https:\/\/voyage-aventure.com\/blog\/a-la-une\/tenerife-le-soleil-a-petit-prix-pour-des-vacances-de-reve\/#primaryimage\"},\"thumbnailUrl\":\"https:\/\/voyage-aventure.com\/blog\/wp-content\/uploads\/2025\/05\/sdxl-d80188fcc65be5ef8cb0a70dfbef939b-scaled.png\",\"datePublished\":\"2025-05-06T08:30:30+00:00\",\"description\":\"Tenerife, la plus grande des \u00eeles Canaries, offre des paysages \u00e9poustouflants et un climat enchanteur tout au long de l'ann\u00e9e. Avec des tarifs aussi\",\"inLanguage\":\"fr-FR\",\"potentialAction\":[{\"@type\":\"ReadAction\",\"target\":[\"https:\/\/voyage-aventure.com\/blog\/a-la-une\/tenerife-le-soleil-a-petit-prix-pour-des-vacances-de-reve\/\"]}]},{\"@type\":\"ImageObject\",\"inLanguage\":\"fr-FR\",\"@id\":\"https:\/\/voyage-aventure.com\/blog\/a-la-une\/tenerife-le-soleil-a-petit-prix-pour-des-vacances-de-reve\/#primaryimage\",\"url\":\"https:\/\/voyage-aventure.com\/blog\/wp-content\/uploads\/2025\/05\/sdxl-d80188fcc65be5ef8cb0a70dfbef939b-scaled.png\",\"contentUrl\":\"https:\/\/voyage-aventure.com\/blog\/wp-content\/uploads\/2025\/05\/sdxl-d80188fcc65be5ef8cb0a70dfbef939b-scaled.png\",\"width\":1200,\"height\":500},{\"@type\":\"WebSite\",\"@id\":\"https:\/\/voyage-aventure.com\/blog\/#website\",\"url\":\"https:\/\/voyage-aventure.com\/blog\/\",\"name\":\"voyage-aventure.com\",\"description\":\"Votre passeport pour l\u2019inattendu.\",\"publisher\":{\"@id\":\"https:\/\/voyage-aventure.com\/blog\/#organization\"},\"alternateName\":\"Votre passeport pour l\u2019inattendu.\",\"potentialAction\":[{\"@type\":\"SearchAction\",\"target\":{\"@type\":\"EntryPoint\",\"urlTemplate\":\"https:\/\/voyage-aventure.com\/blog\/?s={search_term_string}\"},\"query-input\":{\"@type\":\"PropertyValueSpecification\",\"valueRequired\":true,\"valueName\":\"search_term_string\"}}],\"inLanguage\":\"fr-FR\"},{\"@type\":\"Organization\",\"@id\":\"https:\/\/voyage-aventure.com\/blog\/#organization\",\"name\":\"Foretsensations.fr\",\"url\":\"https:\/\/voyage-aventure.com\/blog\/\",\"logo\":{\"@type\":\"ImageObject\",\"inLanguage\":\"fr-FR\",\"@id\":\"https:\/\/voyage-aventure.com\/blog\/#\/schema\/logo\/image\/\",\"url\":\"https:\/\/voyage-aventure.com\/blog\/wp-content\/uploads\/2024\/12\/19.png\",\"contentUrl\":\"https:\/\/voyage-aventure.com\/blog\/wp-content\/uploads\/2024\/12\/19.png\",\"width\":512,\"height\":512,\"caption\":\"Foretsensations.fr\"},\"image\":{\"@id\":\"https:\/\/voyage-aventure.com\/blog\/#\/schema\/logo\/image\/\"}},{\"@type\":\"Person\",\"@id\":\"https:\/\/voyage-aventure.com\/blog\/#\/schema\/person\/3c864cdc320801e3db34b663e7e3f816\",\"name\":\"Camille Rouvray\",\"image\":{\"@type\":\"ImageObject\",\"inLanguage\":\"fr-FR\",\"@id\":\"https:\/\/voyage-aventure.com\/blog\/#\/schema\/person\/image\/\",\"url\":\"https:\/\/voyage-aventure.com\/blog\/wp-content\/uploads\/2026\/06\/persona_camille-r-96x96.jpg\",\"contentUrl\":\"https:\/\/voyage-aventure.com\/blog\/wp-content\/uploads\/2026\/06\/persona_camille-r-96x96.jpg\",\"caption\":\"Camille Rouvray\"},\"description\":\"Je voyage et j'\u00e9cris sur le voyage depuis une douzaine d'ann\u00e9es, d'abord en tant que routarde au long cours, puis comme r\u00e9dactrice sp\u00e9cialis\u00e9e. Mon terrain de pr\u00e9dilection, ce sont les circuits organis\u00e9s et l'art de bien pr\u00e9parer un itin\u00e9raire : choix de la saison, dur\u00e9e r\u00e9aliste des \u00e9tapes, budget jour par jour, logement et transport sur place. J'aime aussi raconter les p\u00e9pites urbaines, ces adresses qu'on ne trouve pas dans les guides classiques. Avant de publier un dossier destination, je croise toujours plusieurs sources, je v\u00e9rifie les tarifs et les formalit\u00e9s d'entr\u00e9e \u00e0 jour, et je teste moi-m\u00eame quand je le peux. Mon angle reste pratique avant tout : aider le lecteur \u00e0 partir l'esprit tranquille, sans mauvaise surprise une fois sur place. Je m'attache \u00e0 distinguer le coup de c\u0153ur sinc\u00e8re du simple argument marketing.\",\"sameAs\":[\"https:\/\/camillerouvray.fr\/\"],\"url\":\"https:\/\/voyage-aventure.com\/blog\/auteur\/noname\/\"}]}<\/script>\n<!-- \/ Yoast SEO Premium plugin. -->","yoast_head_json":{"title":"tenerife : le soleil \u00e0 petit prix pour des vacances de r\u00eave","description":"Tenerife, la plus grande des \u00eeles Canaries, offre des paysages \u00e9poustouflants et un climat enchanteur tout au long de l'ann\u00e9e. Avec des tarifs aussi","robots":{"index":"index","follow":"follow","max-snippet":"max-snippet:-1","max-image-preview":"max-image-preview:large","max-video-preview":"max-video-preview:-1"},"canonical":"https:\/\/voyage-aventure.com\/blog\/a-la-une\/tenerife-le-soleil-a-petit-prix-pour-des-vacances-de-reve\/","og_locale":"fr_FR","og_type":"article","og_title":"tenerife : le soleil \u00e0 petit prix pour des vacances de r\u00eave","og_description":"Tenerife, la plus grande des \u00eeles Canaries, offre des paysages \u00e9poustouflants et un climat enchanteur tout au long de l'ann\u00e9e. Avec des tarifs aussi","og_url":"https:\/\/voyage-aventure.com\/blog\/a-la-une\/tenerife-le-soleil-a-petit-prix-pour-des-vacances-de-reve\/","og_site_name":"voyage-aventure","og_image":[{"width":1200,"height":500,"url":"https:\/\/voyage-aventure.com\/blog\/wp-content\/uploads\/2025\/05\/sdxl-d80188fcc65be5ef8cb0a70dfbef939b-scaled.png","type":"image\/png"}],"author":"Camille Rouvray","twitter_card":"summary_large_image","schema":{"@context":"https:\/\/schema.org","@graph":[{"@type":"NewsArticle","@id":"https:\/\/voyage-aventure.com\/blog\/a-la-une\/tenerife-le-soleil-a-petit-prix-pour-des-vacances-de-reve\/#article","isPartOf":{"@id":"https:\/\/voyage-aventure.com\/blog\/a-la-une\/tenerife-le-soleil-a-petit-prix-pour-des-vacances-de-reve\/"},"author":{"name":"Camille Rouvray","@id":"https:\/\/voyage-aventure.com\/blog\/#\/schema\/person\/3c864cdc320801e3db34b663e7e3f816"},"headline":"tenerife : le soleil \u00e0 petit prix pour des vacances de r\u00eave","datePublished":"2025-05-06T08:30:30+00:00","mainEntityOfPage":{"@id":"https:\/\/voyage-aventure.com\/blog\/a-la-une\/tenerife-le-soleil-a-petit-prix-pour-des-vacances-de-reve\/"},"wordCount":570,"commentCount":22,"publisher":{"@id":"https:\/\/voyage-aventure.com\/blog\/#organization"},"image":{"@id":"https:\/\/voyage-aventure.com\/blog\/a-la-une\/tenerife-le-soleil-a-petit-prix-pour-des-vacances-de-reve\/#primaryimage"},"thumbnailUrl":"https:\/\/voyage-aventure.com\/blog\/wp-content\/uploads\/2025\/05\/sdxl-d80188fcc65be5ef8cb0a70dfbef939b-scaled.png","keywords":["Activit\u00e9s Vari\u00e9es","Escapade en Europe","H\u00e9bergement Abordable","Immersion Culturelle","Voyage \u00c9conomique"],"articleSection":["\u00c0 la une"],"inLanguage":"fr-FR","potentialAction":[{"@type":"CommentAction","name":"Comment","target":["https:\/\/voyage-aventure.com\/blog\/a-la-une\/tenerife-le-soleil-a-petit-prix-pour-des-vacances-de-reve\/#respond"]}]},{"@type":"WebPage","@id":"https:\/\/voyage-aventure.com\/blog\/a-la-une\/tenerife-le-soleil-a-petit-prix-pour-des-vacances-de-reve\/","url":"https:\/\/voyage-aventure.com\/blog\/a-la-une\/tenerife-le-soleil-a-petit-prix-pour-des-vacances-de-reve\/","name":"tenerife : le soleil \u00e0 petit prix pour des vacances de r\u00eave","isPartOf":{"@id":"https:\/\/voyage-aventure.com\/blog\/#website"},"primaryImageOfPage":{"@id":"https:\/\/voyage-aventure.com\/blog\/a-la-une\/tenerife-le-soleil-a-petit-prix-pour-des-vacances-de-reve\/#primaryimage"},"image":{"@id":"https:\/\/voyage-aventure.com\/blog\/a-la-une\/tenerife-le-soleil-a-petit-prix-pour-des-vacances-de-reve\/#primaryimage"},"thumbnailUrl":"https:\/\/voyage-aventure.com\/blog\/wp-content\/uploads\/2025\/05\/sdxl-d80188fcc65be5ef8cb0a70dfbef939b-scaled.png","datePublished":"2025-05-06T08:30:30+00:00","description":"Tenerife, la plus grande des \u00eeles Canaries, offre des paysages \u00e9poustouflants et un climat enchanteur tout au long de l'ann\u00e9e. Avec des tarifs aussi","inLanguage":"fr-FR","potentialAction":[{"@type":"ReadAction","target":["https:\/\/voyage-aventure.com\/blog\/a-la-une\/tenerife-le-soleil-a-petit-prix-pour-des-vacances-de-reve\/"]}]},{"@type":"ImageObject","inLanguage":"fr-FR","@id":"https:\/\/voyage-aventure.com\/blog\/a-la-une\/tenerife-le-soleil-a-petit-prix-pour-des-vacances-de-reve\/#primaryimage","url":"https:\/\/voyage-aventure.com\/blog\/wp-content\/uploads\/2025\/05\/sdxl-d80188fcc65be5ef8cb0a70dfbef939b-scaled.png","contentUrl":"https:\/\/voyage-aventure.com\/blog\/wp-content\/uploads\/2025\/05\/sdxl-d80188fcc65be5ef8cb0a70dfbef939b-scaled.png","width":1200,"height":500},{"@type":"WebSite","@id":"https:\/\/voyage-aventure.com\/blog\/#website","url":"https:\/\/voyage-aventure.com\/blog\/","name":"voyage-aventure.com","description":"Votre passeport pour l\u2019inattendu.","publisher":{"@id":"https:\/\/voyage-aventure.com\/blog\/#organization"},"alternateName":"Votre passeport pour l\u2019inattendu.","potentialAction":[{"@type":"SearchAction","target":{"@type":"EntryPoint","urlTemplate":"https:\/\/voyage-aventure.com\/blog\/?s={search_term_string}"},"query-input":{"@type":"PropertyValueSpecification","valueRequired":true,"valueName":"search_term_string"}}],"inLanguage":"fr-FR"},{"@type":"Organization","@id":"https:\/\/voyage-aventure.com\/blog\/#organization","name":"Foretsensations.fr","url":"https:\/\/voyage-aventure.com\/blog\/","logo":{"@type":"ImageObject","inLanguage":"fr-FR","@id":"https:\/\/voyage-aventure.com\/blog\/#\/schema\/logo\/image\/","url":"https:\/\/voyage-aventure.com\/blog\/wp-content\/uploads\/2024\/12\/19.png","contentUrl":"https:\/\/voyage-aventure.com\/blog\/wp-content\/uploads\/2024\/12\/19.png","width":512,"height":512,"caption":"Foretsensations.fr"},"image":{"@id":"https:\/\/voyage-aventure.com\/blog\/#\/schema\/logo\/image\/"}},{"@type":"Person","@id":"https:\/\/voyage-aventure.com\/blog\/#\/schema\/person\/3c864cdc320801e3db34b663e7e3f816","name":"Camille Rouvray","image":{"@type":"ImageObject","inLanguage":"fr-FR","@id":"https:\/\/voyage-aventure.com\/blog\/#\/schema\/person\/image\/","url":"https:\/\/voyage-aventure.com\/blog\/wp-content\/uploads\/2026\/06\/persona_camille-r-96x96.jpg","contentUrl":"https:\/\/voyage-aventure.com\/blog\/wp-content\/uploads\/2026\/06\/persona_camille-r-96x96.jpg","caption":"Camille Rouvray"},"description":"Je voyage et j'\u00e9cris sur le voyage depuis une douzaine d'ann\u00e9es, d'abord en tant que routarde au long cours, puis comme r\u00e9dactrice sp\u00e9cialis\u00e9e. Mon terrain de pr\u00e9dilection, ce sont les circuits organis\u00e9s et l'art de bien pr\u00e9parer un itin\u00e9raire : choix de la saison, dur\u00e9e r\u00e9aliste des \u00e9tapes, budget jour par jour, logement et transport sur place. J'aime aussi raconter les p\u00e9pites urbaines, ces adresses qu'on ne trouve pas dans les guides classiques. Avant de publier un dossier destination, je croise toujours plusieurs sources, je v\u00e9rifie les tarifs et les formalit\u00e9s d'entr\u00e9e \u00e0 jour, et je teste moi-m\u00eame quand je le peux. Mon angle reste pratique avant tout : aider le lecteur \u00e0 partir l'esprit tranquille, sans mauvaise surprise une fois sur place. Je m'attache \u00e0 distinguer le coup de c\u0153ur sinc\u00e8re du simple argument marketing.","sameAs":["https:\/\/camillerouvray.fr\/"],"url":"https:\/\/voyage-aventure.com\/blog\/auteur\/noname\/"}]}},"_links":{"self":[{"href":"https:\/\/voyage-aventure.com\/blog\/wp-json\/wp\/v2\/posts\/19977","targetHints":{"allow":["GET"]}}],"collection":[{"href":"https:\/\/voyage-aventure.com\/blog\/wp-json\/wp\/v2\/posts"}],"about":[{"href":"https:\/\/voyage-aventure.com\/blog\/wp-json\/wp\/v2\/types\/post"}],"author":[{"embeddable":true,"href":"https:\/\/voyage-aventure.com\/blog\/wp-json\/wp\/v2\/users\/34"}],"replies":[{"embeddable":true,"href":"https:\/\/voyage-aventure.com\/blog\/wp-json\/wp\/v2\/comments?post=19977"}],"version-history":[{"count":1,"href":"https:\/\/voyage-aventure.com\/blog\/wp-json\/wp\/v2\/posts\/19977\/revisions"}],"predecessor-version":[{"id":19978,"href":"https:\/\/voyage-aventure.com\/blog\/wp-json\/wp\/v2\/posts\/19977\/revisions\/19978"}],"wp:featuredmedia":[{"embeddable":true,"href":"https:\/\/voyage-aventure.com\/blog\/wp-json\/wp\/v2\/media\/20644"}],"wp:attachment":[{"href":"https:\/\/voyage-aventure.com\/blog\/wp-json\/wp\/v2\/media?parent=19977"}],"wp:term":[{"taxonomy":"category","embeddable":true,"href":"https:\/\/voyage-aventure.com\/blog\/wp-json\/wp\/v2\/categories?post=19977"},{"taxonomy":"post_tag","embeddable":true,"href":"https:\/\/voyage-aventure.com\/blog\/wp-json\/wp\/v2\/tags?post=19977"}],"curies":[{"name":"wp","href":"https:\/\/api.w.org\/{rel}","templated":true}]}}