{"id":19199,"date":"2025-05-02T13:41:54","date_gmt":"2025-05-02T11:41:54","guid":{"rendered":"https:\/\/voyage-aventure.com\/blog\/?p=19199"},"modified":"2025-05-02T13:41:54","modified_gmt":"2025-05-02T11:41:54","slug":"la-crete-a-prix-doux-partez-pour-une-escapade-tout-compris-au-soleil","status":"publish","type":"post","link":"https:\/\/voyage-aventure.com\/blog\/a-la-une\/la-crete-a-prix-doux-partez-pour-une-escapade-tout-compris-au-soleil\/","title":{"rendered":"La cr\u00e8te \u00e0 prix doux : partez pour une escapade tout compris au soleil"},"content":{"rendered":"<h2>Une escapade ensoleill\u00e9e \u00e0 petit prix<\/h2>\n<p>La Cr\u00e8te, cette magnifique \u00eele grecque, attire chaque ann\u00e9e des milliers de visiteurs gr\u00e2ce \u00e0 ses paysages idylliques et son climat ensoleill\u00e9. Imaginez-vous en train de vous pr\u00e9lasser sur une plage de sable blanc, le soleil caressant votre peau, tout en profitant d\u2019un s\u00e9jour tout inclus \u00e0 partir de 341 \u20ac par personne. C&rsquo;est une occasion \u00e0 ne pas manquer pour vivre des vacances m\u00e9morables sans trop d\u00e9penser.<\/p>\n<p>Pour ceux qui cherchent \u00e0 se ressourcer, l&rsquo;h\u00f4tel Dias by Azul Collection 4* est l&rsquo;endroit parfait. Situ\u00e9 \u00e0 quelques pas de la mer, cet \u00e9tablissement propose des \u00e9quipements modernes et une formule tout inclus qui vous permettra de savourer vos repas et boissons sans vous soucier de votre budget. C&rsquo;est l&rsquo;occasion r\u00eav\u00e9e de faire le plein d&rsquo;\u00e9nergie et de profiter des joies de la vie en plein air.<\/p>\n<h2>Les points forts de votre s\u00e9jour<\/h2>\n<p>S\u00e9journer en Cr\u00e8te, c&rsquo;est b\u00e9n\u00e9ficier de nombreux avantages. Tout d&rsquo;abord, l&rsquo;h\u00f4tel est id\u00e9al pour les couples et les familles, offrant des installations adapt\u00e9es \u00e0 tous. Que vous souhaitiez vous d\u00e9tendre au bord de la piscine ou explorer les alentours, cet h\u00e9bergement r\u00e9pondra \u00e0 toutes vos attentes.<\/p>\n<p>Les voyageurs appr\u00e9cient particuli\u00e8rement la qualit\u00e9 des services offerts. Avec une note de 81\/100 sur LastMinute, l\u2019\u00e9tablissement est reconnu pour son accueil chaleureux et ses \u00e9quipements vari\u00e9s. Piscine ext\u00e9rieure, bar, restaurant et acc\u00e8s \u00e0 la plage sont autant de atouts qui rendent votre s\u00e9jour inoubliable.<\/p>\n<p><iframe loading=\"lazy\" title=\"Les Soeurs Siamoises Petruchka et Anouchka - Incroyable mais Vrai !\" width=\"1200\" height=\"675\" src=\"https:\/\/www.youtube.com\/embed\/-vF-7Zv0h7k?feature=oembed\" frameborder=\"0\" allow=\"accelerometer; autoplay; clipboard-write; encrypted-media; gyroscope; picture-in-picture; web-share\" referrerpolicy=\"strict-origin-when-cross-origin\" allowfullscreen><\/iframe><\/p>\n<h2>Planifiez votre voyage facilement<\/h2>\n<p>Partir en Cr\u00e8te n\u2019a jamais \u00e9t\u00e9 aussi simple gr\u00e2ce aux diverses options de d\u00e9part. Que vous soyez \u00e0 Marseille, Lyon ou Paris, vous trouverez des vols directs adapt\u00e9s \u00e0 votre emploi du temps. Voici quelques exemples de d\u00e9parts :<\/p>\n<ul>\n<li>Marseille : 08.05 &#8211; 15.05<\/li>\n<li>Lyon : 13.05 &#8211; 19.05<\/li>\n<li>Paris : 10.05 &#8211; 15.05<\/li>\n<\/ul>\n<p>N&rsquo;oubliez pas que les prix peuvent varier en fonction de la demande et des disponibilit\u00e9s, alors n\u2019h\u00e9sitez pas \u00e0 comparer les offres pour obtenir le meilleur tarif. Planifiez votre s\u00e9jour \u00e0 l\u2019avance pour profiter de toutes les merveilles que la Cr\u00e8te a \u00e0 offrir.<\/p>\n<blockquote><p>\n  \u00ab\u00a0La Cr\u00e8te n&rsquo;est pas simplement une destination, c&rsquo;est une exp\u00e9rience \u00e0 vivre.\u00a0\u00bb &#8211; Un voyageur \u00e9pris de l&rsquo;\u00eele\n<\/p><\/blockquote>\n<p>En r\u00e9sum\u00e9, la Cr\u00e8te est une destination de choix pour ceux qui souhaitent allier d\u00e9tente et d\u00e9couverte. Avec ses paysages \u00e0 couper le souffle, ses plages paradisiaques et son ambiance chaleureuse, elle saura s\u00e9duire tous les types de voyageurs. Ne laissez pas passer l&rsquo;opportunit\u00e9 de vivre des vacances inoubliables \u00e0 petit prix. R\u00e9servez d\u00e8s maintenant votre s\u00e9jour tout inclus et pr\u00e9parez-vous \u00e0 cr\u00e9er des souvenirs m\u00e9morables au soleil cr\u00e9tois.<\/p>\n","protected":false},"excerpt":{"rendered":"","protected":false},"author":34,"featured_media":19234,"comment_status":"open","ping_status":"open","sticky":false,"template":"","format":"standard","meta":{"_acf_changed":false,"manual_indexmenow":false,"indexmenow_id_project":0,"footnotes":""},"categories":[1],"tags":[3928,4530,4535,4528,4526],"class_list":["post-19199","post","type-post","status-publish","format-standard","has-post-thumbnail","hentry","category-a-la-une","tag-detente","tag-escapade-en-europe","tag-gastronomie-locale","tag-hebergement-abordable","tag-voyage-economique","generate-columns","tablet-grid-50","mobile-grid-100","grid-parent","grid-25"],"acf":[],"yoast_head":"<!-- This site is optimized with the Yoast SEO Premium plugin v21.3 (Yoast SEO v25.1) - https:\/\/yoast.com\/wordpress\/plugins\/seo\/ -->\n<title>La cr\u00e8te \u00e0 prix doux : partez pour une escapade tout<\/title>\n<meta name=\"description\" content=\"La Cr\u00e8te, cette magnifique \u00eele grecque, attire chaque ann\u00e9e des milliers de visiteurs gr\u00e2ce \u00e0 ses paysages idylliques et son climat ensoleill\u00e9\" \/>\n<meta name=\"robots\" content=\"index, follow, max-snippet:-1, max-image-preview:large, max-video-preview:-1\" \/>\n<link rel=\"canonical\" href=\"https:\/\/voyage-aventure.com\/blog\/a-la-une\/la-crete-a-prix-doux-partez-pour-une-escapade-tout-compris-au-soleil\/\" \/>\n<meta property=\"og:locale\" content=\"fr_FR\" \/>\n<meta property=\"og:type\" content=\"article\" \/>\n<meta property=\"og:title\" content=\"La cr\u00e8te \u00e0 prix doux : partez pour une escapade tout\" \/>\n<meta property=\"og:description\" content=\"La Cr\u00e8te, cette magnifique \u00eele grecque, attire chaque ann\u00e9e des milliers de visiteurs gr\u00e2ce \u00e0 ses paysages idylliques et son climat ensoleill\u00e9\" \/>\n<meta property=\"og:url\" content=\"https:\/\/voyage-aventure.com\/blog\/a-la-une\/la-crete-a-prix-doux-partez-pour-une-escapade-tout-compris-au-soleil\/\" \/>\n<meta property=\"og:site_name\" content=\"voyage-aventure\" \/>\n<meta property=\"og:image\" content=\"https:\/\/voyage-aventure.com\/blog\/wp-content\/uploads\/2025\/05\/sdxl-efdbafa3fd64681c5a86a8785da796c3-scaled.png\" \/>\n\t<meta property=\"og:image:width\" content=\"1200\" \/>\n\t<meta property=\"og:image:height\" content=\"500\" \/>\n\t<meta property=\"og:image:type\" content=\"image\/png\" \/>\n<meta name=\"author\" content=\"Camille Rouvray\" \/>\n<meta name=\"twitter:card\" content=\"summary_large_image\" \/>\n<script type=\"application\/ld+json\" class=\"yoast-schema-graph\">{\"@context\":\"https:\/\/schema.org\",\"@graph\":[{\"@type\":\"NewsArticle\",\"@id\":\"https:\/\/voyage-aventure.com\/blog\/a-la-une\/la-crete-a-prix-doux-partez-pour-une-escapade-tout-compris-au-soleil\/#article\",\"isPartOf\":{\"@id\":\"https:\/\/voyage-aventure.com\/blog\/a-la-une\/la-crete-a-prix-doux-partez-pour-une-escapade-tout-compris-au-soleil\/\"},\"author\":{\"name\":\"Camille Rouvray\",\"@id\":\"https:\/\/voyage-aventure.com\/blog\/#\/schema\/person\/3c864cdc320801e3db34b663e7e3f816\"},\"headline\":\"La cr\u00e8te \u00e0 prix doux : partez pour une escapade tout compris au soleil\",\"datePublished\":\"2025-05-02T11:41:54+00:00\",\"mainEntityOfPage\":{\"@id\":\"https:\/\/voyage-aventure.com\/blog\/a-la-une\/la-crete-a-prix-doux-partez-pour-une-escapade-tout-compris-au-soleil\/\"},\"wordCount\":486,\"commentCount\":20,\"publisher\":{\"@id\":\"https:\/\/voyage-aventure.com\/blog\/#organization\"},\"image\":{\"@id\":\"https:\/\/voyage-aventure.com\/blog\/a-la-une\/la-crete-a-prix-doux-partez-pour-une-escapade-tout-compris-au-soleil\/#primaryimage\"},\"thumbnailUrl\":\"https:\/\/voyage-aventure.com\/blog\/wp-content\/uploads\/2025\/05\/sdxl-efdbafa3fd64681c5a86a8785da796c3-scaled.png\",\"keywords\":[\"D\u00e9tente\",\"Escapade en Europe\",\"Gastronomie Locale\",\"H\u00e9bergement Abordable\",\"Voyage \u00c9conomique\"],\"articleSection\":[\"\u00c0 la une\"],\"inLanguage\":\"fr-FR\",\"potentialAction\":[{\"@type\":\"CommentAction\",\"name\":\"Comment\",\"target\":[\"https:\/\/voyage-aventure.com\/blog\/a-la-une\/la-crete-a-prix-doux-partez-pour-une-escapade-tout-compris-au-soleil\/#respond\"]}]},{\"@type\":\"WebPage\",\"@id\":\"https:\/\/voyage-aventure.com\/blog\/a-la-une\/la-crete-a-prix-doux-partez-pour-une-escapade-tout-compris-au-soleil\/\",\"url\":\"https:\/\/voyage-aventure.com\/blog\/a-la-une\/la-crete-a-prix-doux-partez-pour-une-escapade-tout-compris-au-soleil\/\",\"name\":\"La cr\u00e8te \u00e0 prix doux : partez pour une escapade tout\",\"isPartOf\":{\"@id\":\"https:\/\/voyage-aventure.com\/blog\/#website\"},\"primaryImageOfPage\":{\"@id\":\"https:\/\/voyage-aventure.com\/blog\/a-la-une\/la-crete-a-prix-doux-partez-pour-une-escapade-tout-compris-au-soleil\/#primaryimage\"},\"image\":{\"@id\":\"https:\/\/voyage-aventure.com\/blog\/a-la-une\/la-crete-a-prix-doux-partez-pour-une-escapade-tout-compris-au-soleil\/#primaryimage\"},\"thumbnailUrl\":\"https:\/\/voyage-aventure.com\/blog\/wp-content\/uploads\/2025\/05\/sdxl-efdbafa3fd64681c5a86a8785da796c3-scaled.png\",\"datePublished\":\"2025-05-02T11:41:54+00:00\",\"description\":\"La Cr\u00e8te, cette magnifique \u00eele grecque, attire chaque ann\u00e9e des milliers de visiteurs gr\u00e2ce \u00e0 ses paysages idylliques et son climat ensoleill\u00e9\",\"inLanguage\":\"fr-FR\",\"potentialAction\":[{\"@type\":\"ReadAction\",\"target\":[\"https:\/\/voyage-aventure.com\/blog\/a-la-une\/la-crete-a-prix-doux-partez-pour-une-escapade-tout-compris-au-soleil\/\"]}]},{\"@type\":\"ImageObject\",\"inLanguage\":\"fr-FR\",\"@id\":\"https:\/\/voyage-aventure.com\/blog\/a-la-une\/la-crete-a-prix-doux-partez-pour-une-escapade-tout-compris-au-soleil\/#primaryimage\",\"url\":\"https:\/\/voyage-aventure.com\/blog\/wp-content\/uploads\/2025\/05\/sdxl-efdbafa3fd64681c5a86a8785da796c3-scaled.png\",\"contentUrl\":\"https:\/\/voyage-aventure.com\/blog\/wp-content\/uploads\/2025\/05\/sdxl-efdbafa3fd64681c5a86a8785da796c3-scaled.png\",\"width\":1200,\"height\":500},{\"@type\":\"WebSite\",\"@id\":\"https:\/\/voyage-aventure.com\/blog\/#website\",\"url\":\"https:\/\/voyage-aventure.com\/blog\/\",\"name\":\"voyage-aventure.com\",\"description\":\"Votre passeport pour l\u2019inattendu.\",\"publisher\":{\"@id\":\"https:\/\/voyage-aventure.com\/blog\/#organization\"},\"alternateName\":\"Votre passeport pour l\u2019inattendu.\",\"potentialAction\":[{\"@type\":\"SearchAction\",\"target\":{\"@type\":\"EntryPoint\",\"urlTemplate\":\"https:\/\/voyage-aventure.com\/blog\/?s={search_term_string}\"},\"query-input\":{\"@type\":\"PropertyValueSpecification\",\"valueRequired\":true,\"valueName\":\"search_term_string\"}}],\"inLanguage\":\"fr-FR\"},{\"@type\":\"Organization\",\"@id\":\"https:\/\/voyage-aventure.com\/blog\/#organization\",\"name\":\"Foretsensations.fr\",\"url\":\"https:\/\/voyage-aventure.com\/blog\/\",\"logo\":{\"@type\":\"ImageObject\",\"inLanguage\":\"fr-FR\",\"@id\":\"https:\/\/voyage-aventure.com\/blog\/#\/schema\/logo\/image\/\",\"url\":\"https:\/\/voyage-aventure.com\/blog\/wp-content\/uploads\/2024\/12\/19.png\",\"contentUrl\":\"https:\/\/voyage-aventure.com\/blog\/wp-content\/uploads\/2024\/12\/19.png\",\"width\":512,\"height\":512,\"caption\":\"Foretsensations.fr\"},\"image\":{\"@id\":\"https:\/\/voyage-aventure.com\/blog\/#\/schema\/logo\/image\/\"}},{\"@type\":\"Person\",\"@id\":\"https:\/\/voyage-aventure.com\/blog\/#\/schema\/person\/3c864cdc320801e3db34b663e7e3f816\",\"name\":\"Camille Rouvray\",\"image\":{\"@type\":\"ImageObject\",\"inLanguage\":\"fr-FR\",\"@id\":\"https:\/\/voyage-aventure.com\/blog\/#\/schema\/person\/image\/\",\"url\":\"https:\/\/voyage-aventure.com\/blog\/wp-content\/uploads\/2026\/06\/persona_camille-r-96x96.jpg\",\"contentUrl\":\"https:\/\/voyage-aventure.com\/blog\/wp-content\/uploads\/2026\/06\/persona_camille-r-96x96.jpg\",\"caption\":\"Camille Rouvray\"},\"description\":\"Je voyage et j'\u00e9cris sur le voyage depuis une douzaine d'ann\u00e9es, d'abord en tant que routarde au long cours, puis comme r\u00e9dactrice sp\u00e9cialis\u00e9e. Mon terrain de pr\u00e9dilection, ce sont les circuits organis\u00e9s et l'art de bien pr\u00e9parer un itin\u00e9raire : choix de la saison, dur\u00e9e r\u00e9aliste des \u00e9tapes, budget jour par jour, logement et transport sur place. J'aime aussi raconter les p\u00e9pites urbaines, ces adresses qu'on ne trouve pas dans les guides classiques. Avant de publier un dossier destination, je croise toujours plusieurs sources, je v\u00e9rifie les tarifs et les formalit\u00e9s d'entr\u00e9e \u00e0 jour, et je teste moi-m\u00eame quand je le peux. Mon angle reste pratique avant tout : aider le lecteur \u00e0 partir l'esprit tranquille, sans mauvaise surprise une fois sur place. Je m'attache \u00e0 distinguer le coup de c\u0153ur sinc\u00e8re du simple argument marketing.\",\"sameAs\":[\"https:\/\/camillerouvray.fr\/\"],\"url\":\"https:\/\/voyage-aventure.com\/blog\/auteur\/noname\/\"}]}<\/script>\n<!-- \/ Yoast SEO Premium plugin. -->","yoast_head_json":{"title":"La cr\u00e8te \u00e0 prix doux : partez pour une escapade tout","description":"La Cr\u00e8te, cette magnifique \u00eele grecque, attire chaque ann\u00e9e des milliers de visiteurs gr\u00e2ce \u00e0 ses paysages idylliques et son climat ensoleill\u00e9","robots":{"index":"index","follow":"follow","max-snippet":"max-snippet:-1","max-image-preview":"max-image-preview:large","max-video-preview":"max-video-preview:-1"},"canonical":"https:\/\/voyage-aventure.com\/blog\/a-la-une\/la-crete-a-prix-doux-partez-pour-une-escapade-tout-compris-au-soleil\/","og_locale":"fr_FR","og_type":"article","og_title":"La cr\u00e8te \u00e0 prix doux : partez pour une escapade tout","og_description":"La Cr\u00e8te, cette magnifique \u00eele grecque, attire chaque ann\u00e9e des milliers de visiteurs gr\u00e2ce \u00e0 ses paysages idylliques et son climat ensoleill\u00e9","og_url":"https:\/\/voyage-aventure.com\/blog\/a-la-une\/la-crete-a-prix-doux-partez-pour-une-escapade-tout-compris-au-soleil\/","og_site_name":"voyage-aventure","og_image":[{"width":1200,"height":500,"url":"https:\/\/voyage-aventure.com\/blog\/wp-content\/uploads\/2025\/05\/sdxl-efdbafa3fd64681c5a86a8785da796c3-scaled.png","type":"image\/png"}],"author":"Camille Rouvray","twitter_card":"summary_large_image","schema":{"@context":"https:\/\/schema.org","@graph":[{"@type":"NewsArticle","@id":"https:\/\/voyage-aventure.com\/blog\/a-la-une\/la-crete-a-prix-doux-partez-pour-une-escapade-tout-compris-au-soleil\/#article","isPartOf":{"@id":"https:\/\/voyage-aventure.com\/blog\/a-la-une\/la-crete-a-prix-doux-partez-pour-une-escapade-tout-compris-au-soleil\/"},"author":{"name":"Camille Rouvray","@id":"https:\/\/voyage-aventure.com\/blog\/#\/schema\/person\/3c864cdc320801e3db34b663e7e3f816"},"headline":"La cr\u00e8te \u00e0 prix doux : partez pour une escapade tout compris au soleil","datePublished":"2025-05-02T11:41:54+00:00","mainEntityOfPage":{"@id":"https:\/\/voyage-aventure.com\/blog\/a-la-une\/la-crete-a-prix-doux-partez-pour-une-escapade-tout-compris-au-soleil\/"},"wordCount":486,"commentCount":20,"publisher":{"@id":"https:\/\/voyage-aventure.com\/blog\/#organization"},"image":{"@id":"https:\/\/voyage-aventure.com\/blog\/a-la-une\/la-crete-a-prix-doux-partez-pour-une-escapade-tout-compris-au-soleil\/#primaryimage"},"thumbnailUrl":"https:\/\/voyage-aventure.com\/blog\/wp-content\/uploads\/2025\/05\/sdxl-efdbafa3fd64681c5a86a8785da796c3-scaled.png","keywords":["D\u00e9tente","Escapade en Europe","Gastronomie Locale","H\u00e9bergement Abordable","Voyage \u00c9conomique"],"articleSection":["\u00c0 la une"],"inLanguage":"fr-FR","potentialAction":[{"@type":"CommentAction","name":"Comment","target":["https:\/\/voyage-aventure.com\/blog\/a-la-une\/la-crete-a-prix-doux-partez-pour-une-escapade-tout-compris-au-soleil\/#respond"]}]},{"@type":"WebPage","@id":"https:\/\/voyage-aventure.com\/blog\/a-la-une\/la-crete-a-prix-doux-partez-pour-une-escapade-tout-compris-au-soleil\/","url":"https:\/\/voyage-aventure.com\/blog\/a-la-une\/la-crete-a-prix-doux-partez-pour-une-escapade-tout-compris-au-soleil\/","name":"La cr\u00e8te \u00e0 prix doux : partez pour une escapade tout","isPartOf":{"@id":"https:\/\/voyage-aventure.com\/blog\/#website"},"primaryImageOfPage":{"@id":"https:\/\/voyage-aventure.com\/blog\/a-la-une\/la-crete-a-prix-doux-partez-pour-une-escapade-tout-compris-au-soleil\/#primaryimage"},"image":{"@id":"https:\/\/voyage-aventure.com\/blog\/a-la-une\/la-crete-a-prix-doux-partez-pour-une-escapade-tout-compris-au-soleil\/#primaryimage"},"thumbnailUrl":"https:\/\/voyage-aventure.com\/blog\/wp-content\/uploads\/2025\/05\/sdxl-efdbafa3fd64681c5a86a8785da796c3-scaled.png","datePublished":"2025-05-02T11:41:54+00:00","description":"La Cr\u00e8te, cette magnifique \u00eele grecque, attire chaque ann\u00e9e des milliers de visiteurs gr\u00e2ce \u00e0 ses paysages idylliques et son climat ensoleill\u00e9","inLanguage":"fr-FR","potentialAction":[{"@type":"ReadAction","target":["https:\/\/voyage-aventure.com\/blog\/a-la-une\/la-crete-a-prix-doux-partez-pour-une-escapade-tout-compris-au-soleil\/"]}]},{"@type":"ImageObject","inLanguage":"fr-FR","@id":"https:\/\/voyage-aventure.com\/blog\/a-la-une\/la-crete-a-prix-doux-partez-pour-une-escapade-tout-compris-au-soleil\/#primaryimage","url":"https:\/\/voyage-aventure.com\/blog\/wp-content\/uploads\/2025\/05\/sdxl-efdbafa3fd64681c5a86a8785da796c3-scaled.png","contentUrl":"https:\/\/voyage-aventure.com\/blog\/wp-content\/uploads\/2025\/05\/sdxl-efdbafa3fd64681c5a86a8785da796c3-scaled.png","width":1200,"height":500},{"@type":"WebSite","@id":"https:\/\/voyage-aventure.com\/blog\/#website","url":"https:\/\/voyage-aventure.com\/blog\/","name":"voyage-aventure.com","description":"Votre passeport pour l\u2019inattendu.","publisher":{"@id":"https:\/\/voyage-aventure.com\/blog\/#organization"},"alternateName":"Votre passeport pour l\u2019inattendu.","potentialAction":[{"@type":"SearchAction","target":{"@type":"EntryPoint","urlTemplate":"https:\/\/voyage-aventure.com\/blog\/?s={search_term_string}"},"query-input":{"@type":"PropertyValueSpecification","valueRequired":true,"valueName":"search_term_string"}}],"inLanguage":"fr-FR"},{"@type":"Organization","@id":"https:\/\/voyage-aventure.com\/blog\/#organization","name":"Foretsensations.fr","url":"https:\/\/voyage-aventure.com\/blog\/","logo":{"@type":"ImageObject","inLanguage":"fr-FR","@id":"https:\/\/voyage-aventure.com\/blog\/#\/schema\/logo\/image\/","url":"https:\/\/voyage-aventure.com\/blog\/wp-content\/uploads\/2024\/12\/19.png","contentUrl":"https:\/\/voyage-aventure.com\/blog\/wp-content\/uploads\/2024\/12\/19.png","width":512,"height":512,"caption":"Foretsensations.fr"},"image":{"@id":"https:\/\/voyage-aventure.com\/blog\/#\/schema\/logo\/image\/"}},{"@type":"Person","@id":"https:\/\/voyage-aventure.com\/blog\/#\/schema\/person\/3c864cdc320801e3db34b663e7e3f816","name":"Camille Rouvray","image":{"@type":"ImageObject","inLanguage":"fr-FR","@id":"https:\/\/voyage-aventure.com\/blog\/#\/schema\/person\/image\/","url":"https:\/\/voyage-aventure.com\/blog\/wp-content\/uploads\/2026\/06\/persona_camille-r-96x96.jpg","contentUrl":"https:\/\/voyage-aventure.com\/blog\/wp-content\/uploads\/2026\/06\/persona_camille-r-96x96.jpg","caption":"Camille Rouvray"},"description":"Je voyage et j'\u00e9cris sur le voyage depuis une douzaine d'ann\u00e9es, d'abord en tant que routarde au long cours, puis comme r\u00e9dactrice sp\u00e9cialis\u00e9e. Mon terrain de pr\u00e9dilection, ce sont les circuits organis\u00e9s et l'art de bien pr\u00e9parer un itin\u00e9raire : choix de la saison, dur\u00e9e r\u00e9aliste des \u00e9tapes, budget jour par jour, logement et transport sur place. J'aime aussi raconter les p\u00e9pites urbaines, ces adresses qu'on ne trouve pas dans les guides classiques. Avant de publier un dossier destination, je croise toujours plusieurs sources, je v\u00e9rifie les tarifs et les formalit\u00e9s d'entr\u00e9e \u00e0 jour, et je teste moi-m\u00eame quand je le peux. Mon angle reste pratique avant tout : aider le lecteur \u00e0 partir l'esprit tranquille, sans mauvaise surprise une fois sur place. Je m'attache \u00e0 distinguer le coup de c\u0153ur sinc\u00e8re du simple argument marketing.","sameAs":["https:\/\/camillerouvray.fr\/"],"url":"https:\/\/voyage-aventure.com\/blog\/auteur\/noname\/"}]}},"_links":{"self":[{"href":"https:\/\/voyage-aventure.com\/blog\/wp-json\/wp\/v2\/posts\/19199","targetHints":{"allow":["GET"]}}],"collection":[{"href":"https:\/\/voyage-aventure.com\/blog\/wp-json\/wp\/v2\/posts"}],"about":[{"href":"https:\/\/voyage-aventure.com\/blog\/wp-json\/wp\/v2\/types\/post"}],"author":[{"embeddable":true,"href":"https:\/\/voyage-aventure.com\/blog\/wp-json\/wp\/v2\/users\/34"}],"replies":[{"embeddable":true,"href":"https:\/\/voyage-aventure.com\/blog\/wp-json\/wp\/v2\/comments?post=19199"}],"version-history":[{"count":1,"href":"https:\/\/voyage-aventure.com\/blog\/wp-json\/wp\/v2\/posts\/19199\/revisions"}],"predecessor-version":[{"id":19200,"href":"https:\/\/voyage-aventure.com\/blog\/wp-json\/wp\/v2\/posts\/19199\/revisions\/19200"}],"wp:featuredmedia":[{"embeddable":true,"href":"https:\/\/voyage-aventure.com\/blog\/wp-json\/wp\/v2\/media\/19234"}],"wp:attachment":[{"href":"https:\/\/voyage-aventure.com\/blog\/wp-json\/wp\/v2\/media?parent=19199"}],"wp:term":[{"taxonomy":"category","embeddable":true,"href":"https:\/\/voyage-aventure.com\/blog\/wp-json\/wp\/v2\/categories?post=19199"},{"taxonomy":"post_tag","embeddable":true,"href":"https:\/\/voyage-aventure.com\/blog\/wp-json\/wp\/v2\/tags?post=19199"}],"curies":[{"name":"wp","href":"https:\/\/api.w.org\/{rel}","templated":true}]}}