{"id":19164,"date":"2026-06-16T18:17:15","date_gmt":"2026-06-16T16:17:15","guid":{"rendered":"https:\/\/voyage-aventure.com\/blog\/a-la-une\/amsterdam-et-ses-tulipes-vivez-une-experience-printaniere-inoubliable\/"},"modified":"2026-06-16T18:17:15","modified_gmt":"2026-06-16T16:17:15","slug":"amsterdam-et-ses-tulipes-vivez-une-experience-printaniere-inoubliable","status":"publish","type":"post","link":"https:\/\/voyage-aventure.com\/blog\/a-la-une\/amsterdam-et-ses-tulipes-vivez-une-experience-printaniere-inoubliable\/","title":{"rendered":"Amsterdam et ses tulipes : vivez une exp\u00e9rience printani\u00e8re inoubliable"},"content":{"rendered":"<link rel=\"stylesheet\" href=\"https:\/\/fonts.googleapis.com\/css2?family=Fraunces:opsz,wght@9..144,500;9..144,600;9..144,700;9..144,900&#038;family=Inter:wght@400;500;600&#038;family=JetBrains+Mono:wght@500&#038;display=swap\">\n<style>\n.va-glieu-wrap{font-family:'Inter',-apple-system,sans-serif;color:#2a2620;line-height:1.65;font-size:17px;max-width:860px;margin:0 auto}\n.va-glieu-wrap h2{font-family:'Fraunces',Georgia,serif;font-weight:700;font-size:clamp(24px,3.2vw,34px);letter-spacing:-.01em;color:#1f1b16;margin:48px 0 18px;line-height:1.2}\n.va-glieu-wrap h3{font-family:'Fraunces',Georgia,serif;font-weight:600;font-size:clamp(19px,2.2vw,23px);color:#1f1b16;margin:26px 0 10px}\n.va-glieu-wrap p{margin:0 0 18px}\n.va-glieu-kicker{font-family:'JetBrains Mono',monospace;font-size:12px;letter-spacing:.16em;text-transform:uppercase;color:#c4452d;font-weight:500;margin-bottom:8px}\n.va-glieu-lead{font-size:20px;line-height:1.55;color:#4a4339;font-family:'Fraunces',Georgia,serif;font-weight:500;border-left:4px solid #c4452d;padding-left:20px;margin:18px 0 34px}\n.va-glieu-carnet{background:#fcf6ee;border:1px solid #ecdcc6;border-top:3px solid #c4452d;border-radius:14px;padding:26px 28px;margin:32px 0;box-shadow:0 1px 2px rgba(16,24,40,.05),0 14px 30px -18px rgba(120,60,20,.28)}\n.va-glieu-carnet-title{font-family:'Fraunces',Georgia,serif;font-weight:700;font-size:21px;color:#1f1b16;margin:0 0 18px;display:flex;align-items:center;gap:10px}\n.va-glieu-carnet-title span{font-family:'JetBrains Mono',monospace;font-size:12px;background:#c4452d;color:#fff;padding:4px 10px;border-radius:999px;letter-spacing:.08em}\n.va-glieu-grid2{display:grid;grid-template-columns:repeat(auto-fit,minmax(220px,1fr));gap:16px}\n.va-glieu-fact{background:#fff;border:1px solid #ecdcc6;border-radius:11px;padding:16px 18px;transition:.25s ease}\n.va-glieu-fact:hover{transform:translateY(-3px);box-shadow:0 10px 22px -12px rgba(120,60,20,.35);border-color:#dcb98c}\n.va-glieu-fact-lbl{font-family:'JetBrains Mono',monospace;font-size:11px;letter-spacing:.12em;text-transform:uppercase;color:#a8632f;margin-bottom:6px}\n.va-glieu-fact-val{font-weight:600;color:#2a2620;font-size:16px}\n.va-glieu-cards{display:grid;grid-template-columns:repeat(auto-fit,minmax(240px,1fr));gap:20px;margin:24px 0}\n.va-glieu-card{background:#fff;border:1px solid #ecdcc6;border-top:3px solid #c4452d;border-radius:13px;padding:22px 24px;transition:.25s ease;box-shadow:0 1px 2px rgba(16,24,40,.05)}\n.va-glieu-card:hover{transform:translateY(-3px);box-shadow:0 14px 30px -16px rgba(120,60,20,.32)}\n.va-glieu-card h3{margin-top:0}\n.va-glieu-card-txt{color:#5a5145;font-size:15.5px;line-height:1.6}\n.va-glieu-tip{margin-top:12px;font-family:'JetBrains Mono',monospace;font-size:12.5px;color:#a8632f;letter-spacing:.02em}\n.va-glieu-table-wrap{border:1px solid #ecdcc6;border-radius:13px;overflow:hidden;margin:24px 0;box-shadow:0 10px 26px -18px rgba(120,60,20,.28)}\n.va-glieu-table{width:100%;border-collapse:collapse;font-size:15.5px}\n.va-glieu-table th{background:#f4e6d2;font-family:'JetBrains Mono',monospace;font-size:12px;letter-spacing:.06em;text-transform:uppercase;color:#7a4a1f;text-align:left;padding:13px 16px}\n.va-glieu-table td{padding:13px 16px;border-top:1px solid #f0e2cd;color:#3a342c}\n.va-glieu-table tr:nth-child(even) td{background:#fdf9f3}\n.va-glieu-pull{font-family:'Fraunces',Georgia,serif;font-style:italic;font-weight:500;font-size:clamp(21px,2.8vw,27px);line-height:1.4;color:#8a3a26;border-left:5px solid #c4452d;padding:6px 0 6px 26px;margin:34px 0}\n.va-glieu-pull-by{display:block;font-family:'JetBrains Mono',monospace;font-style:normal;font-size:12px;letter-spacing:.1em;text-transform:uppercase;color:#a8632f;margin-top:12px}\n.va-glieu-check{display:grid;grid-template-columns:repeat(auto-fit,minmax(260px,1fr));gap:20px;margin:24px 0}\n.va-glieu-col{border:1px solid #ecdcc6;border-radius:13px;padding:20px 22px;background:#fff}\n.va-glieu-col.do{border-top:3px solid #2e7d52}\n.va-glieu-col.avoid{border-top:3px solid #c4452d}\n.va-glieu-col-h{font-family:'Fraunces',Georgia,serif;font-weight:700;font-size:18px;margin-bottom:12px}\n.va-glieu-col.do .va-glieu-col-h{color:#2e7d52}\n.va-glieu-col.avoid .va-glieu-col-h{color:#c4452d}\n.va-glieu-col ul{margin:0;padding-left:20px}\n.va-glieu-col li{margin-bottom:8px;color:#4a4339;font-size:15.5px}\n.va-glieu-retenir{background:#1f1b16;color:#f4ece0;border-radius:14px;padding:26px 30px;margin:40px 0;box-shadow:0 16px 34px -20px rgba(31,27,22,.7)}\n.va-glieu-retenir h2{color:#fff;margin:0 0 16px;font-size:23px}\n.va-glieu-retenir ul{margin:0;padding-left:22px}\n.va-glieu-retenir li{margin-bottom:10px;color:#e8dccb;font-size:16px}\n.va-glieu-retenir li::marker{color:#e8915c}\n.va-glieu-faq{margin:30px 0}\n.va-glieu-faq details{border:1px solid #ecdcc6;border-radius:11px;margin-bottom:12px;background:#fff;overflow:hidden;transition:.25s ease}\n.va-glieu-faq details:hover{border-color:#dcb98c}\n.va-glieu-faq summary{cursor:pointer;padding:16px 20px;font-family:'Fraunces',Georgia,serif;font-weight:600;font-size:17px;color:#1f1b16;list-style:none;position:relative;padding-right:46px}\n.va-glieu-faq summary::-webkit-details-marker{display:none}\n.va-glieu-faq summary::after{content:\"+\";position:absolute;right:20px;top:50%;transform:translateY(-50%);font-family:'JetBrains Mono',monospace;color:#c4452d;font-size:22px;font-weight:500}\n.va-glieu-faq details[open] summary::after{content:\"\u2013\"}\n.va-glieu-faq-a{padding:0 20px 18px;color:#4a4339;font-size:15.5px;line-height:1.6}\n.va-glieu-ul{margin:0;padding-left:22px}\n.va-glieu-ul li{margin-bottom:9px}\n\/*RENDERFIX2*\/.va-glieu-carnet-title span{color:#eef3f9!important}.va-glieu-carnet-title span p,.va-glieu-carnet-title span li,.va-glieu-carnet-title span strong,.va-glieu-carnet-title span em,.va-glieu-carnet-title span a,.va-glieu-carnet-title span span,.va-glieu-carnet-title span b,.va-glieu-carnet-title span td,.va-glieu-carnet-title span th,.va-glieu-carnet-title span h2,.va-glieu-carnet-title span h3,.va-glieu-carnet-title span h4{color:#eef3f9!important}.va-glieu-carnet-title span strong,.va-glieu-carnet-title span b{color:#ffffff!important}.va-glieu-retenir{color:#eef3f9!important}.va-glieu-retenir p,.va-glieu-retenir li,.va-glieu-retenir strong,.va-glieu-retenir em,.va-glieu-retenir a,.va-glieu-retenir span,.va-glieu-retenir b,.va-glieu-retenir td,.va-glieu-retenir th,.va-glieu-retenir h2,.va-glieu-retenir h3,.va-glieu-retenir h4{color:#eef3f9!important}.va-glieu-retenir strong,.va-glieu-retenir b{color:#ffffff!important}<\/style>\n<div class=\"va-glieu-wrap\">\n<div class=\"va-glieu-kicker\">Pays-Bas \u00b7 Escapade printani\u00e8re<\/div>\n<div class=\"va-glieu-lead\">Au printemps, Amsterdam troque ses canaux gris contre un oc\u00e9an de tulipes. Entre le jardin de Keukenhof, les champs de fleurs alentour et les villages n\u00e9erlandais, voici comment organiser une escapade color\u00e9e et abordable, sans rien manquer de la saison.<\/div>\n<div class=\"va-glieu-carnet\">\n<div class=\"va-glieu-carnet-title\"><span>Carnet pratique<\/span><\/div>\n<div class=\"va-glieu-grid2\">\n<div class=\"va-glieu-fact\">\n<div class=\"va-glieu-fact-lbl\">Meilleure p\u00e9riode<\/div>\n<div class=\"va-glieu-fact-val\">De mars \u00e0 d\u00e9but mai (jusqu&rsquo;au 11 mai 2025)<\/div>\n<\/div>\n<div class=\"va-glieu-fact\">\n<div class=\"va-glieu-fact-lbl\">Dur\u00e9e id\u00e9ale<\/div>\n<div class=\"va-glieu-fact-val\">Un s\u00e9jour de 3 jours<\/div>\n<\/div>\n<div class=\"va-glieu-fact\">\n<div class=\"va-glieu-fact-lbl\">Budget indicatif<\/div>\n<div class=\"va-glieu-fact-val\">\u00c0 partir de 91 \u20ac \/ personne (3 j. + Keukenhof)<\/div>\n<\/div>\n<div class=\"va-glieu-fact\">\n<div class=\"va-glieu-fact-lbl\">Incontournable<\/div>\n<div class=\"va-glieu-fact-val\">Le jardin de Keukenhof<\/div>\n<\/div>\n<div class=\"va-glieu-fact\">\n<div class=\"va-glieu-fact-lbl\">Comment s&rsquo;y rendre<\/div>\n<div class=\"va-glieu-fact-val\">H\u00f4tel \u00e0 l&rsquo;ouest, \u00e0 30 min en voiture du jardin<\/div>\n<\/div>\n<div class=\"va-glieu-fact\">\n<div class=\"va-glieu-fact-lbl\">Pour qui<\/div>\n<div class=\"va-glieu-fact-val\">Couples, amis, amateurs de photo et de nature<\/div>\n<\/div>\n<\/div>\n<\/div>\n<p>Amsterdam, la ville des canaux, se r\u00e9invente chaque printemps autour d&rsquo;un \u00e9v\u00e9nement qui attire des milliers de visiteurs : son festival des tulipes. C&rsquo;est l&rsquo;occasion de c\u00e9l\u00e9brer la saison dans toute sa splendeur, au milieu de couleurs vibrantes qui \u00e9merveillent petits et grands. Et bonne nouvelle pour le portefeuille : l&rsquo;exp\u00e9rience reste accessible, \u00e0 condition de s&rsquo;organiser et de r\u00e9server \u00e0 temps.<\/p>\n<h2>D\u00e9couvrez le festival des tulipes \u00e0 Amsterdam<\/h2>\n<p>Le festival des tulipes est un \u00e9v\u00e9nement temporaire qui se d\u00e9roule principalement au jardin de Keukenhof, l&rsquo;un des plus grands jardins floraux du monde. Les tulipes, embl\u00e9matiques des Pays-Bas, y composent un spectacle de couleurs qui fait la r\u00e9putation de la saison printani\u00e8re n\u00e9erlandaise.<\/p>\n<p>L&rsquo;\u00e9v\u00e9nement commence g\u00e9n\u00e9ralement en mars et se termine au d\u00e9but du mois de mai. Pour cette ann\u00e9e, les visiteurs ont jusqu&rsquo;au <strong>11 mai 2025<\/strong> pour admirer ces magnifiques fleurs. C&rsquo;est une occasion \u00e0 ne pas manquer, surtout pour les amateurs de photographie et de nature, qui trouveront l\u00e0 un terrain de jeu exceptionnel.<\/p>\n<h2>Un s\u00e9jour abordable \u00e0 Amsterdam<\/h2>\n<p>Pour profiter de cette exp\u00e9rience sans casser sa tirelire, il existe des offres avantageuses. Vous pouvez par exemple r\u00e9server un s\u00e9jour de <strong>trois jours<\/strong> incluant l&rsquo;h\u00e9bergement et l&rsquo;entr\u00e9e au jardin de Keukenhof <strong>\u00e0 partir de 91 \u20ac par personne<\/strong> \u2014 un excellent rapport qualit\u00e9-prix, id\u00e9al pour les couples comme pour les amis.<\/p>\n<p>L&rsquo;h\u00f4tel, situ\u00e9 \u00e0 l&rsquo;ouest d&rsquo;Amsterdam, se trouve \u00e0 seulement 30 minutes en voiture du jardin. Vous profitez ainsi d&rsquo;un h\u00e9bergement confortable tout en gardant un acc\u00e8s facile aux principales attractions de la ville. Pensez \u00e0 r\u00e9server rapidement : les places partent vite.<\/p>\n<div class=\"va-glieu-table-wrap\">\n<table class=\"va-glieu-table\">\n<thead>\n<tr>\n<th>Moment de la saison<\/th>\n<th>Affluence<\/th>\n<th>Ambiance<\/th>\n<\/tr>\n<\/thead>\n<tbody>\n<tr>\n<td>Mars (d\u00e9but)<\/td>\n<td>Plus calme<\/td>\n<td>Premi\u00e8res floraisons, lumi\u00e8re douce<\/td>\n<\/tr>\n<tr>\n<td>Mi-avril<\/td>\n<td>Forte<\/td>\n<td>Pleine floraison, jardins au maximum de couleurs<\/td>\n<\/tr>\n<tr>\n<td>D\u00e9but mai<\/td>\n<td>Mod\u00e9r\u00e9e<\/td>\n<td>Derni\u00e8res tulipes avant la cl\u00f4ture (11 mai 2025)<\/td>\n<\/tr>\n<\/tbody>\n<\/table>\n<\/div>\n<h2>Les points forts de votre visite<\/h2>\n<p>Le festival des tulipes propose bien plus que de simples fleurs. Voici les temps forts \u00e0 ne pas manquer lors de votre passage \u00e0 Keukenhof et dans ses environs.<\/p>\n<div class=\"va-glieu-cards\">\n<div class=\"va-glieu-card\">\n<h3>Des jardins spectaculaires<\/h3>\n<div class=\"va-glieu-card-txt\">Des millions de tulipes de toutes les couleurs d\u00e9ploy\u00e9es sur des parterres dessin\u00e9s au cordeau.<\/div>\n<div class=\"va-glieu-tip\">\u2192 Id\u00e9al en pleine floraison<\/div>\n<\/div>\n<div class=\"va-glieu-card\">\n<h3>Des activit\u00e9s en famille<\/h3>\n<div class=\"va-glieu-card-txt\">Ateliers de jardinage et spectacles en plein air rythment la visite, pour petits et grands.<\/div>\n<div class=\"va-glieu-tip\">\u2192 Pensez aux horaires des animations<\/div>\n<\/div>\n<div class=\"va-glieu-card\">\n<h3>Un terrain de photographie<\/h3>\n<div class=\"va-glieu-card-txt\">Des opportunit\u00e9s photographiques uniques pour capturer des souvenirs m\u00e9morables au fil des all\u00e9es fleuries.<\/div>\n<div class=\"va-glieu-tip\">\u2192 La lumi\u00e8re du matin est la plus flatteuse<\/div>\n<\/div>\n<\/div>\n<div class=\"va-glieu-pull\">\u00ab Admirer les tulipes \u00e0 Keukenhof est une exp\u00e9rience qui touche le c\u0153ur et l&rsquo;\u00e2me. \u00bb<span class=\"va-glieu-pull-by\">\u2014 Un visiteur<\/span><\/div>\n<p>Cette citation r\u00e9sume parfaitement l&rsquo;\u00e9motion que l&rsquo;on ressent en d\u00e9couvrant ce jardin enchanteur, o\u00f9 chaque all\u00e9e r\u00e9v\u00e8le une nouvelle palette de couleurs.<\/p>\n<h2>Conseils pratiques pour votre visite<\/h2>\n<p>Avant de partir, quelques d\u00e9tails rendent le s\u00e9jour bien plus agr\u00e9able. V\u00e9rifiez les horaires d&rsquo;ouverture du jardin de Keukenhof et privil\u00e9giez une arriv\u00e9e t\u00f4t le matin pour \u00e9viter la foule. N&rsquo;oubliez pas non plus une bonne paire de chaussures : vous allez beaucoup marcher.<\/p>\n<p>Au-del\u00e0 du jardin, prenez le temps d&rsquo;explorer les environs d&rsquo;Amsterdam. Les moulins \u00e0 vent, les champs de fleurs et les charmants villages n\u00e9erlandais sont facilement accessibles et enrichiront votre d\u00e9couverte de la culture locale.<\/p>\n<div class=\"va-glieu-check\">\n<div class=\"va-glieu-col do\">\n<div class=\"va-glieu-col-h\">\u00c0 faire<\/div>\n<ul>\n<li>R\u00e9server t\u00f4t : les places partent vite en pleine saison<\/li>\n<li>Arriver d\u00e8s l&rsquo;ouverture pour profiter du calme et de la lumi\u00e8re<\/li>\n<li>Pr\u00e9voir de bonnes chaussures de marche<\/li>\n<li>\u00c9tendre la balade aux moulins et villages alentour<\/li>\n<\/ul>\n<\/div>\n<div class=\"va-glieu-col avoid\">\n<div class=\"va-glieu-col-h\">\u00c0 \u00e9viter<\/div>\n<ul>\n<li>Attendre la derni\u00e8re minute pour r\u00e9server l&rsquo;h\u00e9bergement<\/li>\n<li>Venir apr\u00e8s le 11 mai 2025 : le festival est clos<\/li>\n<li>Visiter en milieu de journ\u00e9e, au pic d&rsquo;affluence<\/li>\n<li>Se limiter au seul jardin, sans explorer la r\u00e9gion<\/li>\n<\/ul>\n<\/div>\n<\/div>\n<div class=\"va-glieu-retenir\">\n<h2>\u00c0 retenir<\/h2>\n<ul>\n<li>Le festival des tulipes se tient surtout au jardin de Keukenhof, de mars au 11 mai 2025.<\/li>\n<li>Un s\u00e9jour de 3 jours avec h\u00e9bergement et entr\u00e9e \u00e0 Keukenhof d\u00e9marre \u00e0 91 \u20ac par personne.<\/li>\n<li>L&rsquo;h\u00f4tel, \u00e0 l&rsquo;ouest d&rsquo;Amsterdam, est \u00e0 30 minutes en voiture du jardin.<\/li>\n<li>Arrivez t\u00f4t, chaussez-vous confortablement et r\u00e9servez sans tarder.<\/li>\n<li>Prolongez la visite par les moulins, champs de fleurs et villages n\u00e9erlandais.<\/li>\n<\/ul>\n<\/div>\n<h2>Questions fr\u00e9quentes<\/h2>\n<div class=\"va-glieu-faq\">\n<details>\n<summary>Quand a lieu le festival des tulipes \u00e0 Amsterdam ?<\/summary>\n<div class=\"va-glieu-faq-a\">L&rsquo;\u00e9v\u00e9nement est temporaire : il commence g\u00e9n\u00e9ralement en mars et se termine au d\u00e9but du mois de mai. Pour cette \u00e9dition, les visiteurs peuvent admirer les tulipes jusqu&rsquo;au 11 mai 2025.<\/div>\n<\/details>\n<details>\n<summary>Combien co\u00fbte un s\u00e9jour pour voir les tulipes de Keukenhof ?<\/summary>\n<div class=\"va-glieu-faq-a\">Une offre permet de r\u00e9server un s\u00e9jour de trois jours incluant l&rsquo;h\u00e9bergement et l&rsquo;entr\u00e9e au jardin de Keukenhof \u00e0 partir de 91 \u20ac par personne, un bon rapport qualit\u00e9-prix pour les couples comme pour les amis.<\/div>\n<\/details>\n<details>\n<summary>O\u00f9 se situe l&rsquo;h\u00e9bergement par rapport au jardin ?<\/summary>\n<div class=\"va-glieu-faq-a\">L&rsquo;h\u00f4tel se trouve \u00e0 l&rsquo;ouest d&rsquo;Amsterdam, \u00e0 seulement 30 minutes en voiture du jardin de Keukenhof. Vous gardez ainsi un acc\u00e8s facile aux principales attractions de la ville.<\/div>\n<\/details>\n<details>\n<summary>Quel est le meilleur moment de la journ\u00e9e pour visiter Keukenhof ?<\/summary>\n<div class=\"va-glieu-faq-a\">Privil\u00e9giez une arriv\u00e9e t\u00f4t le matin : vous \u00e9viterez la foule et profiterez d&rsquo;une lumi\u00e8re id\u00e9ale pour la photographie. V\u00e9rifiez les horaires d&rsquo;ouverture avant de partir.<\/div>\n<\/details>\n<details>\n<summary>Que voir autour d&rsquo;Amsterdam pendant le festival ?<\/summary>\n<div class=\"va-glieu-faq-a\">La r\u00e9gion offre de nombreux sites magnifiques facilement accessibles : moulins \u00e0 vent, champs de fleurs et charmants villages n\u00e9erlandais, autant d&rsquo;occasions de d\u00e9couvrir davantage la culture locale.<\/div>\n<\/details>\n<\/div>\n<p>Que vous soyez l\u00e0 pour une escapade romantique ou une aventure entre amis, le festival des tulipes restera un point culminant de votre voyage. R\u00e9servez d\u00e8s maintenant et pr\u00e9parez-vous \u00e0 \u00eatre \u00e9merveill\u00e9 par la beaut\u00e9 des tulipes n\u00e9erlandaises.<\/p>\n<\/div>\n","protected":false},"excerpt":{"rendered":"","protected":false},"author":34,"featured_media":20498,"comment_status":"open","ping_status":"open","sticky":false,"template":"","format":"standard","meta":{"_acf_changed":false,"manual_indexmenow":false,"indexmenow_id_project":0,"footnotes":""},"categories":[1],"tags":[4538,4530,4535,4769,4526],"class_list":["post-19164","post","type-post","status-publish","format-standard","has-post-thumbnail","hentry","category-a-la-une","tag-activites-variees","tag-escapade-en-europe","tag-gastronomie-locale","tag-immersion-culturelle","tag-voyage-economique","generate-columns","tablet-grid-50","mobile-grid-100","grid-parent","grid-25"],"acf":[],"yoast_head":"<!-- This site is optimized with the Yoast SEO Premium plugin v21.3 (Yoast SEO v25.1) - https:\/\/yoast.com\/wordpress\/plugins\/seo\/ -->\n<title>Amsterdam et ses tulipes : vivez une exp\u00e9rience printani\u00e8re<\/title>\n<meta name=\"description\" content=\"Au printemps, Amsterdam troque ses canaux gris contre un oc\u00e9an de tulipes. Entre le jardin de Keukenhof, les champs de fleurs alentour et les villages\" \/>\n<meta name=\"robots\" content=\"index, follow, max-snippet:-1, max-image-preview:large, max-video-preview:-1\" \/>\n<link rel=\"canonical\" href=\"https:\/\/voyage-aventure.com\/blog\/a-la-une\/amsterdam-et-ses-tulipes-vivez-une-experience-printaniere-inoubliable\/\" \/>\n<meta property=\"og:locale\" content=\"fr_FR\" \/>\n<meta property=\"og:type\" content=\"article\" \/>\n<meta property=\"og:title\" content=\"Amsterdam et ses tulipes : vivez une exp\u00e9rience printani\u00e8re\" \/>\n<meta property=\"og:description\" content=\"Au printemps, Amsterdam troque ses canaux gris contre un oc\u00e9an de tulipes. Entre le jardin de Keukenhof, les champs de fleurs alentour et les villages\" \/>\n<meta property=\"og:url\" content=\"https:\/\/voyage-aventure.com\/blog\/a-la-une\/amsterdam-et-ses-tulipes-vivez-une-experience-printaniere-inoubliable\/\" \/>\n<meta property=\"og:site_name\" content=\"voyage-aventure\" \/>\n<meta property=\"og:image\" content=\"https:\/\/voyage-aventure.com\/blog\/wp-content\/uploads\/2025\/05\/sdxl-271f23acdb6466f2e1970d1731bc4f46-scaled.png\" \/>\n\t<meta property=\"og:image:width\" content=\"1200\" \/>\n\t<meta property=\"og:image:height\" content=\"500\" \/>\n\t<meta property=\"og:image:type\" content=\"image\/png\" \/>\n<meta name=\"author\" content=\"Camille Rouvray\" \/>\n<meta name=\"twitter:card\" content=\"summary_large_image\" \/>\n<script type=\"application\/ld+json\" class=\"yoast-schema-graph\">{\"@context\":\"https:\/\/schema.org\",\"@graph\":[{\"@type\":\"NewsArticle\",\"@id\":\"https:\/\/voyage-aventure.com\/blog\/a-la-une\/amsterdam-et-ses-tulipes-vivez-une-experience-printaniere-inoubliable\/#article\",\"isPartOf\":{\"@id\":\"https:\/\/voyage-aventure.com\/blog\/a-la-une\/amsterdam-et-ses-tulipes-vivez-une-experience-printaniere-inoubliable\/\"},\"author\":{\"name\":\"Camille Rouvray\",\"@id\":\"https:\/\/voyage-aventure.com\/blog\/#\/schema\/person\/3c864cdc320801e3db34b663e7e3f816\"},\"headline\":\"Amsterdam et ses tulipes : vivez une exp\u00e9rience printani\u00e8re inoubliable\",\"datePublished\":\"2026-06-16T16:17:15+00:00\",\"mainEntityOfPage\":{\"@id\":\"https:\/\/voyage-aventure.com\/blog\/a-la-une\/amsterdam-et-ses-tulipes-vivez-une-experience-printaniere-inoubliable\/\"},\"wordCount\":1113,\"commentCount\":22,\"publisher\":{\"@id\":\"https:\/\/voyage-aventure.com\/blog\/#organization\"},\"image\":{\"@id\":\"https:\/\/voyage-aventure.com\/blog\/a-la-une\/amsterdam-et-ses-tulipes-vivez-une-experience-printaniere-inoubliable\/#primaryimage\"},\"thumbnailUrl\":\"https:\/\/voyage-aventure.com\/blog\/wp-content\/uploads\/2025\/05\/sdxl-271f23acdb6466f2e1970d1731bc4f46-scaled.png\",\"keywords\":[\"Activit\u00e9s Vari\u00e9es\",\"Escapade en Europe\",\"Gastronomie Locale\",\"Immersion Culturelle\",\"Voyage \u00c9conomique\"],\"articleSection\":[\"\u00c0 la une\"],\"inLanguage\":\"fr-FR\",\"potentialAction\":[{\"@type\":\"CommentAction\",\"name\":\"Comment\",\"target\":[\"https:\/\/voyage-aventure.com\/blog\/a-la-une\/amsterdam-et-ses-tulipes-vivez-une-experience-printaniere-inoubliable\/#respond\"]}]},{\"@type\":\"WebPage\",\"@id\":\"https:\/\/voyage-aventure.com\/blog\/a-la-une\/amsterdam-et-ses-tulipes-vivez-une-experience-printaniere-inoubliable\/\",\"url\":\"https:\/\/voyage-aventure.com\/blog\/a-la-une\/amsterdam-et-ses-tulipes-vivez-une-experience-printaniere-inoubliable\/\",\"name\":\"Amsterdam et ses tulipes : vivez une exp\u00e9rience printani\u00e8re\",\"isPartOf\":{\"@id\":\"https:\/\/voyage-aventure.com\/blog\/#website\"},\"primaryImageOfPage\":{\"@id\":\"https:\/\/voyage-aventure.com\/blog\/a-la-une\/amsterdam-et-ses-tulipes-vivez-une-experience-printaniere-inoubliable\/#primaryimage\"},\"image\":{\"@id\":\"https:\/\/voyage-aventure.com\/blog\/a-la-une\/amsterdam-et-ses-tulipes-vivez-une-experience-printaniere-inoubliable\/#primaryimage\"},\"thumbnailUrl\":\"https:\/\/voyage-aventure.com\/blog\/wp-content\/uploads\/2025\/05\/sdxl-271f23acdb6466f2e1970d1731bc4f46-scaled.png\",\"datePublished\":\"2026-06-16T16:17:15+00:00\",\"description\":\"Au printemps, Amsterdam troque ses canaux gris contre un oc\u00e9an de tulipes. Entre le jardin de Keukenhof, les champs de fleurs alentour et les villages\",\"inLanguage\":\"fr-FR\",\"potentialAction\":[{\"@type\":\"ReadAction\",\"target\":[\"https:\/\/voyage-aventure.com\/blog\/a-la-une\/amsterdam-et-ses-tulipes-vivez-une-experience-printaniere-inoubliable\/\"]}]},{\"@type\":\"ImageObject\",\"inLanguage\":\"fr-FR\",\"@id\":\"https:\/\/voyage-aventure.com\/blog\/a-la-une\/amsterdam-et-ses-tulipes-vivez-une-experience-printaniere-inoubliable\/#primaryimage\",\"url\":\"https:\/\/voyage-aventure.com\/blog\/wp-content\/uploads\/2025\/05\/sdxl-271f23acdb6466f2e1970d1731bc4f46-scaled.png\",\"contentUrl\":\"https:\/\/voyage-aventure.com\/blog\/wp-content\/uploads\/2025\/05\/sdxl-271f23acdb6466f2e1970d1731bc4f46-scaled.png\",\"width\":1200,\"height\":500},{\"@type\":\"WebSite\",\"@id\":\"https:\/\/voyage-aventure.com\/blog\/#website\",\"url\":\"https:\/\/voyage-aventure.com\/blog\/\",\"name\":\"voyage-aventure.com\",\"description\":\"Votre passeport pour l\u2019inattendu.\",\"publisher\":{\"@id\":\"https:\/\/voyage-aventure.com\/blog\/#organization\"},\"alternateName\":\"Votre passeport pour l\u2019inattendu.\",\"potentialAction\":[{\"@type\":\"SearchAction\",\"target\":{\"@type\":\"EntryPoint\",\"urlTemplate\":\"https:\/\/voyage-aventure.com\/blog\/?s={search_term_string}\"},\"query-input\":{\"@type\":\"PropertyValueSpecification\",\"valueRequired\":true,\"valueName\":\"search_term_string\"}}],\"inLanguage\":\"fr-FR\"},{\"@type\":\"Organization\",\"@id\":\"https:\/\/voyage-aventure.com\/blog\/#organization\",\"name\":\"Foretsensations.fr\",\"url\":\"https:\/\/voyage-aventure.com\/blog\/\",\"logo\":{\"@type\":\"ImageObject\",\"inLanguage\":\"fr-FR\",\"@id\":\"https:\/\/voyage-aventure.com\/blog\/#\/schema\/logo\/image\/\",\"url\":\"https:\/\/voyage-aventure.com\/blog\/wp-content\/uploads\/2024\/12\/19.png\",\"contentUrl\":\"https:\/\/voyage-aventure.com\/blog\/wp-content\/uploads\/2024\/12\/19.png\",\"width\":512,\"height\":512,\"caption\":\"Foretsensations.fr\"},\"image\":{\"@id\":\"https:\/\/voyage-aventure.com\/blog\/#\/schema\/logo\/image\/\"}},{\"@type\":\"Person\",\"@id\":\"https:\/\/voyage-aventure.com\/blog\/#\/schema\/person\/3c864cdc320801e3db34b663e7e3f816\",\"name\":\"Camille Rouvray\",\"image\":{\"@type\":\"ImageObject\",\"inLanguage\":\"fr-FR\",\"@id\":\"https:\/\/voyage-aventure.com\/blog\/#\/schema\/person\/image\/\",\"url\":\"https:\/\/voyage-aventure.com\/blog\/wp-content\/uploads\/2026\/06\/persona_camille-r-96x96.jpg\",\"contentUrl\":\"https:\/\/voyage-aventure.com\/blog\/wp-content\/uploads\/2026\/06\/persona_camille-r-96x96.jpg\",\"caption\":\"Camille Rouvray\"},\"description\":\"Je voyage et j'\u00e9cris sur le voyage depuis une douzaine d'ann\u00e9es, d'abord en tant que routarde au long cours, puis comme r\u00e9dactrice sp\u00e9cialis\u00e9e. Mon terrain de pr\u00e9dilection, ce sont les circuits organis\u00e9s et l'art de bien pr\u00e9parer un itin\u00e9raire : choix de la saison, dur\u00e9e r\u00e9aliste des \u00e9tapes, budget jour par jour, logement et transport sur place. J'aime aussi raconter les p\u00e9pites urbaines, ces adresses qu'on ne trouve pas dans les guides classiques. Avant de publier un dossier destination, je croise toujours plusieurs sources, je v\u00e9rifie les tarifs et les formalit\u00e9s d'entr\u00e9e \u00e0 jour, et je teste moi-m\u00eame quand je le peux. Mon angle reste pratique avant tout : aider le lecteur \u00e0 partir l'esprit tranquille, sans mauvaise surprise une fois sur place. Je m'attache \u00e0 distinguer le coup de c\u0153ur sinc\u00e8re du simple argument marketing.\",\"sameAs\":[\"https:\/\/camillerouvray.fr\/\"],\"url\":\"https:\/\/voyage-aventure.com\/blog\/auteur\/noname\/\"}]}<\/script>\n<!-- \/ Yoast SEO Premium plugin. -->","yoast_head_json":{"title":"Amsterdam et ses tulipes : vivez une exp\u00e9rience printani\u00e8re","description":"Au printemps, Amsterdam troque ses canaux gris contre un oc\u00e9an de tulipes. Entre le jardin de Keukenhof, les champs de fleurs alentour et les villages","robots":{"index":"index","follow":"follow","max-snippet":"max-snippet:-1","max-image-preview":"max-image-preview:large","max-video-preview":"max-video-preview:-1"},"canonical":"https:\/\/voyage-aventure.com\/blog\/a-la-une\/amsterdam-et-ses-tulipes-vivez-une-experience-printaniere-inoubliable\/","og_locale":"fr_FR","og_type":"article","og_title":"Amsterdam et ses tulipes : vivez une exp\u00e9rience printani\u00e8re","og_description":"Au printemps, Amsterdam troque ses canaux gris contre un oc\u00e9an de tulipes. Entre le jardin de Keukenhof, les champs de fleurs alentour et les villages","og_url":"https:\/\/voyage-aventure.com\/blog\/a-la-une\/amsterdam-et-ses-tulipes-vivez-une-experience-printaniere-inoubliable\/","og_site_name":"voyage-aventure","og_image":[{"width":1200,"height":500,"url":"https:\/\/voyage-aventure.com\/blog\/wp-content\/uploads\/2025\/05\/sdxl-271f23acdb6466f2e1970d1731bc4f46-scaled.png","type":"image\/png"}],"author":"Camille Rouvray","twitter_card":"summary_large_image","schema":{"@context":"https:\/\/schema.org","@graph":[{"@type":"NewsArticle","@id":"https:\/\/voyage-aventure.com\/blog\/a-la-une\/amsterdam-et-ses-tulipes-vivez-une-experience-printaniere-inoubliable\/#article","isPartOf":{"@id":"https:\/\/voyage-aventure.com\/blog\/a-la-une\/amsterdam-et-ses-tulipes-vivez-une-experience-printaniere-inoubliable\/"},"author":{"name":"Camille Rouvray","@id":"https:\/\/voyage-aventure.com\/blog\/#\/schema\/person\/3c864cdc320801e3db34b663e7e3f816"},"headline":"Amsterdam et ses tulipes : vivez une exp\u00e9rience printani\u00e8re inoubliable","datePublished":"2026-06-16T16:17:15+00:00","mainEntityOfPage":{"@id":"https:\/\/voyage-aventure.com\/blog\/a-la-une\/amsterdam-et-ses-tulipes-vivez-une-experience-printaniere-inoubliable\/"},"wordCount":1113,"commentCount":22,"publisher":{"@id":"https:\/\/voyage-aventure.com\/blog\/#organization"},"image":{"@id":"https:\/\/voyage-aventure.com\/blog\/a-la-une\/amsterdam-et-ses-tulipes-vivez-une-experience-printaniere-inoubliable\/#primaryimage"},"thumbnailUrl":"https:\/\/voyage-aventure.com\/blog\/wp-content\/uploads\/2025\/05\/sdxl-271f23acdb6466f2e1970d1731bc4f46-scaled.png","keywords":["Activit\u00e9s Vari\u00e9es","Escapade en Europe","Gastronomie Locale","Immersion Culturelle","Voyage \u00c9conomique"],"articleSection":["\u00c0 la une"],"inLanguage":"fr-FR","potentialAction":[{"@type":"CommentAction","name":"Comment","target":["https:\/\/voyage-aventure.com\/blog\/a-la-une\/amsterdam-et-ses-tulipes-vivez-une-experience-printaniere-inoubliable\/#respond"]}]},{"@type":"WebPage","@id":"https:\/\/voyage-aventure.com\/blog\/a-la-une\/amsterdam-et-ses-tulipes-vivez-une-experience-printaniere-inoubliable\/","url":"https:\/\/voyage-aventure.com\/blog\/a-la-une\/amsterdam-et-ses-tulipes-vivez-une-experience-printaniere-inoubliable\/","name":"Amsterdam et ses tulipes : vivez une exp\u00e9rience printani\u00e8re","isPartOf":{"@id":"https:\/\/voyage-aventure.com\/blog\/#website"},"primaryImageOfPage":{"@id":"https:\/\/voyage-aventure.com\/blog\/a-la-une\/amsterdam-et-ses-tulipes-vivez-une-experience-printaniere-inoubliable\/#primaryimage"},"image":{"@id":"https:\/\/voyage-aventure.com\/blog\/a-la-une\/amsterdam-et-ses-tulipes-vivez-une-experience-printaniere-inoubliable\/#primaryimage"},"thumbnailUrl":"https:\/\/voyage-aventure.com\/blog\/wp-content\/uploads\/2025\/05\/sdxl-271f23acdb6466f2e1970d1731bc4f46-scaled.png","datePublished":"2026-06-16T16:17:15+00:00","description":"Au printemps, Amsterdam troque ses canaux gris contre un oc\u00e9an de tulipes. Entre le jardin de Keukenhof, les champs de fleurs alentour et les villages","inLanguage":"fr-FR","potentialAction":[{"@type":"ReadAction","target":["https:\/\/voyage-aventure.com\/blog\/a-la-une\/amsterdam-et-ses-tulipes-vivez-une-experience-printaniere-inoubliable\/"]}]},{"@type":"ImageObject","inLanguage":"fr-FR","@id":"https:\/\/voyage-aventure.com\/blog\/a-la-une\/amsterdam-et-ses-tulipes-vivez-une-experience-printaniere-inoubliable\/#primaryimage","url":"https:\/\/voyage-aventure.com\/blog\/wp-content\/uploads\/2025\/05\/sdxl-271f23acdb6466f2e1970d1731bc4f46-scaled.png","contentUrl":"https:\/\/voyage-aventure.com\/blog\/wp-content\/uploads\/2025\/05\/sdxl-271f23acdb6466f2e1970d1731bc4f46-scaled.png","width":1200,"height":500},{"@type":"WebSite","@id":"https:\/\/voyage-aventure.com\/blog\/#website","url":"https:\/\/voyage-aventure.com\/blog\/","name":"voyage-aventure.com","description":"Votre passeport pour l\u2019inattendu.","publisher":{"@id":"https:\/\/voyage-aventure.com\/blog\/#organization"},"alternateName":"Votre passeport pour l\u2019inattendu.","potentialAction":[{"@type":"SearchAction","target":{"@type":"EntryPoint","urlTemplate":"https:\/\/voyage-aventure.com\/blog\/?s={search_term_string}"},"query-input":{"@type":"PropertyValueSpecification","valueRequired":true,"valueName":"search_term_string"}}],"inLanguage":"fr-FR"},{"@type":"Organization","@id":"https:\/\/voyage-aventure.com\/blog\/#organization","name":"Foretsensations.fr","url":"https:\/\/voyage-aventure.com\/blog\/","logo":{"@type":"ImageObject","inLanguage":"fr-FR","@id":"https:\/\/voyage-aventure.com\/blog\/#\/schema\/logo\/image\/","url":"https:\/\/voyage-aventure.com\/blog\/wp-content\/uploads\/2024\/12\/19.png","contentUrl":"https:\/\/voyage-aventure.com\/blog\/wp-content\/uploads\/2024\/12\/19.png","width":512,"height":512,"caption":"Foretsensations.fr"},"image":{"@id":"https:\/\/voyage-aventure.com\/blog\/#\/schema\/logo\/image\/"}},{"@type":"Person","@id":"https:\/\/voyage-aventure.com\/blog\/#\/schema\/person\/3c864cdc320801e3db34b663e7e3f816","name":"Camille Rouvray","image":{"@type":"ImageObject","inLanguage":"fr-FR","@id":"https:\/\/voyage-aventure.com\/blog\/#\/schema\/person\/image\/","url":"https:\/\/voyage-aventure.com\/blog\/wp-content\/uploads\/2026\/06\/persona_camille-r-96x96.jpg","contentUrl":"https:\/\/voyage-aventure.com\/blog\/wp-content\/uploads\/2026\/06\/persona_camille-r-96x96.jpg","caption":"Camille Rouvray"},"description":"Je voyage et j'\u00e9cris sur le voyage depuis une douzaine d'ann\u00e9es, d'abord en tant que routarde au long cours, puis comme r\u00e9dactrice sp\u00e9cialis\u00e9e. Mon terrain de pr\u00e9dilection, ce sont les circuits organis\u00e9s et l'art de bien pr\u00e9parer un itin\u00e9raire : choix de la saison, dur\u00e9e r\u00e9aliste des \u00e9tapes, budget jour par jour, logement et transport sur place. J'aime aussi raconter les p\u00e9pites urbaines, ces adresses qu'on ne trouve pas dans les guides classiques. Avant de publier un dossier destination, je croise toujours plusieurs sources, je v\u00e9rifie les tarifs et les formalit\u00e9s d'entr\u00e9e \u00e0 jour, et je teste moi-m\u00eame quand je le peux. Mon angle reste pratique avant tout : aider le lecteur \u00e0 partir l'esprit tranquille, sans mauvaise surprise une fois sur place. Je m'attache \u00e0 distinguer le coup de c\u0153ur sinc\u00e8re du simple argument marketing.","sameAs":["https:\/\/camillerouvray.fr\/"],"url":"https:\/\/voyage-aventure.com\/blog\/auteur\/noname\/"}]}},"_links":{"self":[{"href":"https:\/\/voyage-aventure.com\/blog\/wp-json\/wp\/v2\/posts\/19164","targetHints":{"allow":["GET"]}}],"collection":[{"href":"https:\/\/voyage-aventure.com\/blog\/wp-json\/wp\/v2\/posts"}],"about":[{"href":"https:\/\/voyage-aventure.com\/blog\/wp-json\/wp\/v2\/types\/post"}],"author":[{"embeddable":true,"href":"https:\/\/voyage-aventure.com\/blog\/wp-json\/wp\/v2\/users\/34"}],"replies":[{"embeddable":true,"href":"https:\/\/voyage-aventure.com\/blog\/wp-json\/wp\/v2\/comments?post=19164"}],"version-history":[{"count":2,"href":"https:\/\/voyage-aventure.com\/blog\/wp-json\/wp\/v2\/posts\/19164\/revisions"}],"predecessor-version":[{"id":23195,"href":"https:\/\/voyage-aventure.com\/blog\/wp-json\/wp\/v2\/posts\/19164\/revisions\/23195"}],"wp:featuredmedia":[{"embeddable":true,"href":"https:\/\/voyage-aventure.com\/blog\/wp-json\/wp\/v2\/media\/20498"}],"wp:attachment":[{"href":"https:\/\/voyage-aventure.com\/blog\/wp-json\/wp\/v2\/media?parent=19164"}],"wp:term":[{"taxonomy":"category","embeddable":true,"href":"https:\/\/voyage-aventure.com\/blog\/wp-json\/wp\/v2\/categories?post=19164"},{"taxonomy":"post_tag","embeddable":true,"href":"https:\/\/voyage-aventure.com\/blog\/wp-json\/wp\/v2\/tags?post=19164"}],"curies":[{"name":"wp","href":"https:\/\/api.w.org\/{rel}","templated":true}]}}