{"id":19151,"date":"2026-06-16T18:16:55","date_gmt":"2026-06-16T16:16:55","guid":{"rendered":"https:\/\/voyage-aventure.com\/blog\/a-la-une\/decouvrez-minorque-la-perle-des-baleares-a-prix-doux-pour-vos-vacances-2\/"},"modified":"2026-06-16T18:16:55","modified_gmt":"2026-06-16T16:16:55","slug":"decouvrez-minorque-la-perle-des-baleares-a-prix-doux-pour-vos-vacances-2","status":"publish","type":"post","link":"https:\/\/voyage-aventure.com\/blog\/a-la-une\/decouvrez-minorque-la-perle-des-baleares-a-prix-doux-pour-vos-vacances-2\/","title":{"rendered":"D\u00e9couvrez Minorque, la perle des Bal\u00e9ares \u00e0 prix doux pour vos vacances"},"content":{"rendered":"<link rel=\"stylesheet\" href=\"https:\/\/fonts.googleapis.com\/css2?family=Space+Grotesk:wght@500;600;700&#038;family=Inter:wght@400;500;600&#038;family=JetBrains+Mono:wght@500&#038;display=swap\">\n<style>\n.va-minorque-wrap{font-family:'Inter',-apple-system,BlinkMacSystemFont,'Segoe UI',sans-serif;color:#243239;line-height:1.65;font-size:17px;}\n.va-minorque-wrap h2{font-family:'Space Grotesk','Inter',sans-serif;font-weight:700;font-size:clamp(24px,3.2vw,32px);letter-spacing:-0.02em;color:#142a2e;margin:48px 0 16px;}\n.va-minorque-wrap h3{font-family:'Space Grotesk','Inter',sans-serif;font-weight:600;font-size:18px;color:#142a2e;margin:0 0 6px;letter-spacing:-0.01em;}\n.va-minorque-wrap p{margin:0 0 16px;}\n.va-minorque-kicker{font-family:'JetBrains Mono',monospace;font-size:12px;font-weight:500;text-transform:uppercase;letter-spacing:2.5px;color:#1AA0A8;}\n.va-minorque-lead{background:#effafa;border-left:5px solid #1AA0A8;padding:22px 26px;margin:24px 0;border-radius:0 6px 6px 0;}\n.va-minorque-lead-txt{font-size:19px;line-height:1.55;color:#243239;font-weight:500;letter-spacing:-0.005em;}\n.va-minorque-carnet{background:#f6f9f9;border:1px solid #d8e8e8;border-radius:10px;padding:24px 26px 26px;margin:28px 0;}\n.va-minorque-carnet-head{font-family:'JetBrains Mono',monospace;font-size:12px;font-weight:500;text-transform:uppercase;letter-spacing:2.2px;color:#1AA0A8;margin-bottom:16px;}\n.va-minorque-grid{display:grid;grid-template-columns:repeat(auto-fit,minmax(220px,1fr));gap:12px;}\n.va-minorque-cell{background:#fff;border:1px solid #e3eded;border-top:3px solid #1AA0A8;border-radius:8px;padding:16px 18px;transition:.25s ease;}\n.va-minorque-cell:hover{transform:translateY(-3px);box-shadow:0 10px 24px -14px rgba(20,42,46,.35);}\n.va-minorque-cell-lab{font-family:'JetBrains Mono',monospace;font-size:10.5px;text-transform:uppercase;letter-spacing:1.5px;color:#1AA0A8;margin-bottom:5px;}\n.va-minorque-cell-val{font-size:15px;line-height:1.5;color:#243239;font-weight:500;}\n.va-minorque-cards{display:grid;grid-template-columns:repeat(auto-fit,minmax(230px,1fr));gap:14px;margin:28px 0;}\n.va-minorque-card{background:#fff;border:1px solid #e3eded;border-radius:10px;padding:20px 20px 18px;box-shadow:0 1px 2px rgba(16,24,40,.05),0 12px 28px -18px rgba(16,24,40,.18);transition:.25s ease;}\n.va-minorque-card:hover{transform:translateY(-3px);box-shadow:0 6px 14px -6px rgba(26,160,168,.4);}\n.va-minorque-card-num{font-family:'Space Grotesk',sans-serif;font-size:22px;font-weight:700;color:#1AA0A8;line-height:1;margin-bottom:10px;}\n.va-minorque-card-txt{font-size:14px;line-height:1.55;color:#48565c;}\n.va-minorque-pull{margin:38px auto;padding:24px 22px;text-align:center;border-top:2px solid #1AA0A8;border-bottom:2px solid #1AA0A8;max-width:660px;}\n.va-minorque-pull-q{font-family:'Space Grotesk',sans-serif;font-size:23px;line-height:1.45;font-style:italic;color:#142a2e;letter-spacing:-0.01em;}\n.va-minorque-tablewrap{overflow-x:auto;border:1px solid #d8e8e8;border-radius:10px;margin:28px 0;}\n.va-minorque-table{width:100%;border-collapse:collapse;font-size:14.5px;min-width:480px;}\n.va-minorque-table thead tr{background:#142a2e;color:#fff;}\n.va-minorque-table th{text-align:left;padding:13px 18px;font-family:'JetBrains Mono',monospace;font-weight:500;font-size:11.5px;text-transform:uppercase;letter-spacing:1.3px;}\n.va-minorque-table td{padding:13px 18px;color:#3a484e;}\n.va-minorque-table tbody tr:nth-child(odd){background:#fff;}\n.va-minorque-table tbody tr:nth-child(even){background:#f6f9f9;}\n.va-minorque-table td:first-child{font-weight:600;color:#142a2e;}\n.va-minorque-note{background:#effafa;border-left:4px solid #1AA0A8;padding:14px 18px;margin:22px 0;border-radius:0 6px 6px 0;}\n.va-minorque-note-lab{display:inline-block;font-family:'JetBrains Mono',monospace;font-size:11px;text-transform:uppercase;letter-spacing:1.4px;color:#0f7e85;font-weight:500;margin-right:8px;}\n.va-minorque-note-txt{font-size:14.5px;line-height:1.55;color:#3a484e;}\n.va-minorque-checks{display:grid;grid-template-columns:repeat(auto-fit,minmax(240px,1fr));gap:14px;margin:28px 0;}\n.va-minorque-col{background:#f6f9f9;border:1px solid #d8e8e8;border-top:4px solid #1AA0A8;border-radius:8px;padding:20px 22px;}\n.va-minorque-col-head{font-family:'Space Grotesk',sans-serif;font-size:13px;font-weight:700;text-transform:uppercase;letter-spacing:1.6px;color:#0f7e85;margin-bottom:12px;}\n.va-minorque-col ul{margin:0;padding:0;list-style:none;}\n.va-minorque-col li{display:flex;gap:10px;align-items:flex-start;padding:7px 0;font-size:14.5px;line-height:1.5;color:#243239;border-bottom:1px solid #e3eded;}\n.va-minorque-col li:last-child{border-bottom:none;}\n.va-minorque-col li span{color:#1AA0A8;font-weight:700;flex:0 0 14px;}\n.va-minorque-retenir{background:#142a2e;border-radius:12px;padding:26px 28px;margin:34px 0;}\n.va-minorque-retenir-head{font-family:'JetBrains Mono',monospace;font-size:12px;font-weight:500;text-transform:uppercase;letter-spacing:2.2px;color:#5fd3da;margin-bottom:16px;}\n.va-minorque-retenir-grid{display:grid;grid-template-columns:repeat(auto-fit,minmax(240px,1fr));gap:10px;}\n.va-minorque-rline{display:flex;gap:12px;align-items:flex-start;background:#1c3a40;border-radius:8px;padding:13px 15px;}\n.va-minorque-rnum{flex:0 0 24px;width:24px;height:24px;background:#1AA0A8;color:#fff;border-radius:50%;display:inline-flex;align-items:center;justify-content:center;font-family:'Space Grotesk',sans-serif;font-size:12px;font-weight:700;}\n.va-minorque-rtxt{font-size:14px;line-height:1.5;color:#e4f1f1;}\n.va-minorque-faq{margin:34px 0;}\n.va-minorque-faq h2{margin-bottom:14px;}\n.va-minorque-faq-list{border-top:1px solid #d8e8e8;}\n.va-minorque-faq details{border-bottom:1px solid #d8e8e8;}\n.va-minorque-faq summary{cursor:pointer;padding:16px 0;font-family:'Space Grotesk',sans-serif;font-size:17px;font-weight:600;color:#142a2e;list-style:none;display:flex;justify-content:space-between;align-items:center;gap:14px;}\n.va-minorque-faq summary::-webkit-details-marker{display:none;}\n.va-minorque-faq summary span{font-size:24px;font-weight:400;color:#1AA0A8;line-height:1;}\n.va-minorque-faq-ans{padding:0 0 16px;font-size:15px;line-height:1.7;color:#48565c;}\n\/*RENDERFIX2*\/.va-minorque-table thead tr{color:#eef3f9!important}.va-minorque-table thead tr p,.va-minorque-table thead tr li,.va-minorque-table thead tr strong,.va-minorque-table thead tr em,.va-minorque-table thead tr a,.va-minorque-table thead tr span,.va-minorque-table thead tr b,.va-minorque-table thead tr td,.va-minorque-table thead tr th,.va-minorque-table thead tr h2,.va-minorque-table thead tr h3,.va-minorque-table thead tr h4{color:#eef3f9!important}.va-minorque-table thead tr strong,.va-minorque-table thead tr b{color:#ffffff!important}.va-minorque-retenir{color:#eef3f9!important}.va-minorque-retenir p,.va-minorque-retenir li,.va-minorque-retenir strong,.va-minorque-retenir em,.va-minorque-retenir a,.va-minorque-retenir span,.va-minorque-retenir b,.va-minorque-retenir td,.va-minorque-retenir th,.va-minorque-retenir h2,.va-minorque-retenir h3,.va-minorque-retenir h4{color:#eef3f9!important}.va-minorque-retenir strong,.va-minorque-retenir b{color:#ffffff!important}.va-minorque-rline{color:#eef3f9!important}.va-minorque-rline p,.va-minorque-rline li,.va-minorque-rline strong,.va-minorque-rline em,.va-minorque-rline a,.va-minorque-rline span,.va-minorque-rline b,.va-minorque-rline td,.va-minorque-rline th,.va-minorque-rline h2,.va-minorque-rline h3,.va-minorque-rline h4{color:#eef3f9!important}.va-minorque-rline strong,.va-minorque-rline b{color:#ffffff!important}<\/style>\n<div class=\"va-minorque-wrap\">\n<div class=\"va-minorque-lead\">\n<div class=\"va-minorque-lead-txt\"><span class=\"va-minorque-kicker\">Bal\u00e9ares \u00b7 \u00c9vasion \u00e0 prix doux<\/span><br \/>Eaux cristallines, criques discr\u00e8tes et villages m\u00e9diterran\u00e9ens : Minorque concentre tout l&rsquo;art de vivre des Bal\u00e9ares, sans l&rsquo;addition sal\u00e9e. Voici comment l&rsquo;explorer et o\u00f9 poser ses valises pour un s\u00e9jour aussi reposant qu&rsquo;abordable.<\/div>\n<\/div>\n<div class=\"va-minorque-carnet\">\n<div class=\"va-minorque-carnet-head\">Le carnet pratique en un coup d&rsquo;\u0153il<\/div>\n<div class=\"va-minorque-grid\">\n<div class=\"va-minorque-cell\">\n<div class=\"va-minorque-cell-lab\">Meilleure p\u00e9riode<\/div>\n<div class=\"va-minorque-cell-val\">Du printemps \u00e0 l&rsquo;\u00e9t\u00e9, selon la m\u00e9t\u00e9o qui vous convient<\/div>\n<\/div>\n<div class=\"va-minorque-cell\">\n<div class=\"va-minorque-cell-lab\">Dur\u00e9e id\u00e9ale<\/div>\n<div class=\"va-minorque-cell-val\">Une semaine pour profiter sans courir<\/div>\n<\/div>\n<div class=\"va-minorque-cell\">\n<div class=\"va-minorque-cell-lab\">Budget indicatif<\/div>\n<div class=\"va-minorque-cell-val\">\u00c0 partir de 234&nbsp;\u20ac \/ pers. la semaine, vols inclus<\/div>\n<\/div>\n<div class=\"va-minorque-cell\">\n<div class=\"va-minorque-cell-lab\">\u00c0 ne pas manquer<\/div>\n<div class=\"va-minorque-cell-val\">Plages, criques isol\u00e9es et sentiers de randonn\u00e9e<\/div>\n<\/div>\n<div class=\"va-minorque-cell\">\n<div class=\"va-minorque-cell-lab\">Comment s&rsquo;y rendre<\/div>\n<div class=\"va-minorque-cell-val\">Vols directs depuis Paris et Marseille<\/div>\n<\/div><\/div>\n<\/div>\n<h2>Un s\u00e9jour inoubliable \u00e0 Minorque<\/h2>\n<p>Cette \u00eele des Bal\u00e9ares vous offre la possibilit\u00e9 de vivre des moments de d\u00e9tente inoubliables sans trop d\u00e9penser. Imaginez-vous sur la plage, le soleil caressant votre peau, tout en profitant des eaux cristallines qui bordent la c\u00f4te.<\/p>\n<p>S\u00e9journer \u00e0 Minorque, c&rsquo;est aussi d\u00e9couvrir des villages authentiques et une ambiance m\u00e9diterran\u00e9enne apaisante. Plus discr\u00e8te que ses voisines des Bal\u00e9ares, l&rsquo;\u00eele s\u00e9duit par son calme, ses paysages pr\u00e9serv\u00e9s et la promesse d&rsquo;un d\u00e9paysement imm\u00e9diat \u00e0 quelques heures de la France.<\/p>\n<div class=\"va-minorque-pull\">\n<div class=\"va-minorque-pull-q\">\u00ab Minorque est une destination qui allie beaut\u00e9 naturelle et tranquillit\u00e9, id\u00e9ale pour se ressourcer. \u00bb<\/div>\n<\/div>\n<h2>Un confort optimal au Bimbolla Apartaments<\/h2>\n<p>Le Bimbolla Apartaments est un h\u00e9bergement hautement not\u00e9 qui vous assure un s\u00e9jour agr\u00e9able. Avec ses appartements tout \u00e9quip\u00e9s et sa piscine ext\u00e9rieure, cet appart&rsquo;h\u00f4tel s&rsquo;adresse aussi bien aux couples qu&rsquo;aux familles.<\/p>\n<p>Situ\u00e9 \u00e0 quelques pas de la mer, cet \u00e9tablissement vous permet de profiter pleinement de la beaut\u00e9 de Minorque. Vous b\u00e9n\u00e9ficierez \u00e9galement d&rsquo;un acc\u00e8s facile aux restaurants locaux et aux activit\u00e9s nautiques. Pour les familles, l&rsquo;aire de jeux pour enfants et la location de v\u00e9los sur place facilitent l&rsquo;organisation des journ\u00e9es.<\/p>\n<div class=\"va-minorque-cards\">\n<div class=\"va-minorque-card\">\n<div class=\"va-minorque-card-num\">01<\/div>\n<h3>Bien not\u00e9 par les voyageurs<\/h3>\n<div class=\"va-minorque-card-txt\">Un h\u00e9bergement pl\u00e9biscit\u00e9, gage d&rsquo;un s\u00e9jour serein du premier au dernier jour.<\/div>\n<\/div>\n<div class=\"va-minorque-card\">\n<div class=\"va-minorque-card-num\">02<\/div>\n<h3>Piscine ext\u00e9rieure<\/h3>\n<div class=\"va-minorque-card-txt\">De quoi se rafra\u00eechir entre deux excursions, sur place et sans contrainte.<\/div>\n<\/div>\n<div class=\"va-minorque-card\">\n<div class=\"va-minorque-card-num\">03<\/div>\n<h3>Plage \u00e0 deux pas<\/h3>\n<div class=\"va-minorque-card-txt\">L&rsquo;acc\u00e8s facile \u00e0 la mer pour encha\u00eener baignades et farniente au fil de la journ\u00e9e.<\/div>\n<\/div>\n<div class=\"va-minorque-card\">\n<div class=\"va-minorque-card-num\">04<\/div>\n<h3>Wifi gratuit &amp; confort<\/h3>\n<div class=\"va-minorque-card-txt\">Rester connect\u00e9 quand on le souhaite, dans une ambiance paisible et authentique.<\/div>\n<\/div>\n<\/div>\n<h2>Les points forts de votre escapade<\/h2>\n<p>Choisir Minorque pour vos vacances, c&rsquo;est opter pour un s\u00e9jour riche en d\u00e9couvertes. Plusieurs atouts font de cette destination un choix judicieux, \u00e0 commencer par des tarifs attractifs : comptez \u00e0 partir de 234&nbsp;\u20ac par personne pour une semaine, vols inclus.<\/p>\n<ul>\n<li>H\u00f4tel bien not\u00e9 par les voyageurs<\/li>\n<li>Piscine ext\u00e9rieure pour vous rafra\u00eechir<\/li>\n<li>Acc\u00e8s facile \u00e0 la plage<\/li>\n<li>Wifi gratuit pour rester connect\u00e9<\/li>\n<li>Ambiance paisible et authentique<\/li>\n<\/ul>\n<p>Les p\u00e9riodes de voyage restent flexibles : vous choisissez la meilleure fen\u00eatre pour partir. Que ce soit au printemps ou en \u00e9t\u00e9, Minorque vous attend avec ses paysages majestueux.<\/p>\n<h2>Quand partir \u00e0 Minorque<\/h2>\n<p>L&rsquo;\u00eele se d\u00e9couvre agr\u00e9ablement de la fin du printemps \u00e0 l&rsquo;\u00e9t\u00e9. Selon l&rsquo;ambiance recherch\u00e9e \u2014 douceur et tranquillit\u00e9 ou pleine effervescence baln\u00e9aire \u2014 chaque saison a ses avantages.<\/p>\n<div class=\"va-minorque-tablewrap\">\n<table class=\"va-minorque-table\">\n<thead>\n<tr>\n<th>P\u00e9riode<\/th>\n<th>Ambiance<\/th>\n<th>Id\u00e9al pour<\/th>\n<\/tr>\n<\/thead>\n<tbody>\n<tr>\n<td>Printemps<\/td>\n<td>Douce et tranquille<\/td>\n<td>Randonn\u00e9e, criques au calme<\/td>\n<\/tr>\n<tr>\n<td>\u00c9t\u00e9<\/td>\n<td>Estivale et anim\u00e9e<\/td>\n<td>Baignade, vie baln\u00e9aire<\/td>\n<\/tr>\n<\/tbody>\n<\/table>\n<\/div>\n<h2>Informations pratiques pour votre voyage<\/h2>\n<p>Pour rejoindre Minorque, plusieurs a\u00e9roports proposent des vols directs, notamment depuis Paris et Marseille. Les tarifs varient en fonction des dates, alors n&rsquo;h\u00e9sitez pas \u00e0 comparer les options pour trouver la meilleure offre.<\/p>\n<p>Les appartements du Bimbolla sont \u00e9quip\u00e9s de toutes les commodit\u00e9s n\u00e9cessaires pour un s\u00e9jour confortable, avec des services tels que la location de v\u00e9los et une aire de jeux pour enfants. Sur place, la location de v\u00e9los est aussi une bonne mani\u00e8re de rayonner autour de l&rsquo;h\u00e9bergement sans d\u00e9pendre d&rsquo;une voiture.<\/p>\n<div class=\"va-minorque-note\">\n  <span class=\"va-minorque-note-lab\">\u2726 Astuce<\/span><span class=\"va-minorque-note-txt\">Les tarifs des vols \u00e9voluant selon les dates, comparer plusieurs p\u00e9riodes de d\u00e9part reste le meilleur r\u00e9flexe pour d\u00e9crocher l&rsquo;offre la plus douce.<\/span>\n<\/div>\n<h2>Pr\u00e9parez-vous pour l&rsquo;aventure<\/h2>\n<p>Minorque est un v\u00e9ritable tr\u00e9sor de la M\u00e9diterran\u00e9e, et chaque coin de l&rsquo;\u00eele m\u00e9rite d&rsquo;\u00eatre explor\u00e9. Des criques isol\u00e9es aux sentiers de randonn\u00e9e, il y en a pour tous les go\u00fbts.<\/p>\n<p>N&rsquo;attendez plus pour r\u00e9server votre escapade \u00e0 Minorque, la perle des Bal\u00e9ares. Des souvenirs inoubliables vous attendent, et les paysages \u00e0 couper le souffle vous s\u00e9duiront \u00e0 coup s\u00fbr.<\/p>\n<div class=\"va-minorque-checks\">\n<div class=\"va-minorque-col\">\n<div class=\"va-minorque-col-head\">\u2713 Les bons r\u00e9flexes<\/div>\n<ul>\n<li><span>\u2713<\/span><span>Comparer les dates de vol pour profiter des meilleurs tarifs<\/span><\/li>\n<li><span>\u2713<\/span><span>Pr\u00e9voir une semaine pour explorer sans se presser<\/span><\/li>\n<li><span>\u2713<\/span><span>R\u00e9server un h\u00e9bergement bien not\u00e9, proche de la mer<\/span><\/li>\n<li><span>\u2713<\/span><span>Garder du temps pour les criques isol\u00e9es et la randonn\u00e9e<\/span><\/li>\n<\/ul><\/div>\n<div class=\"va-minorque-col\">\n<div class=\"va-minorque-col-head\">\u2715 \u00c0 \u00e9viter<\/div>\n<ul>\n<li><span>\u2715<\/span><span>Ne viser qu&rsquo;une seule plage et passer \u00e0 c\u00f4t\u00e9 des criques<\/span><\/li>\n<li><span>\u2715<\/span><span>R\u00e9server sans comparer les p\u00e9riodes de d\u00e9part<\/span><\/li>\n<li><span>\u2715<\/span><span>Surcharger le programme au point de ne plus se reposer<\/span><\/li>\n<li><span>\u2715<\/span><span>Oublier que l&rsquo;\u00eele se d\u00e9couvre aussi \u00e0 v\u00e9lo<\/span><\/li>\n<\/ul><\/div>\n<\/div>\n<div class=\"va-minorque-retenir\">\n<div class=\"va-minorque-retenir-head\">\u00c0 retenir<\/div>\n<div class=\"va-minorque-retenir-grid\">\n<div class=\"va-minorque-rline\"><span class=\"va-minorque-rnum\">1<\/span><span class=\"va-minorque-rtxt\">Minorque conjugue beaut\u00e9 naturelle, calme et prix doux.<\/span><\/div>\n<div class=\"va-minorque-rline\"><span class=\"va-minorque-rnum\">2<\/span><span class=\"va-minorque-rtxt\">Comptez \u00e0 partir de 234&nbsp;\u20ac par personne la semaine, vols inclus.<\/span><\/div>\n<div class=\"va-minorque-rline\"><span class=\"va-minorque-rnum\">3<\/span><span class=\"va-minorque-rtxt\">Vols directs depuis Paris et Marseille.<\/span><\/div>\n<div class=\"va-minorque-rline\"><span class=\"va-minorque-rnum\">4<\/span><span class=\"va-minorque-rtxt\">Le Bimbolla Apartaments : piscine, plage proche, parfait en famille.<\/span><\/div>\n<div class=\"va-minorque-rline\"><span class=\"va-minorque-rnum\">5<\/span><span class=\"va-minorque-rtxt\">Criques isol\u00e9es et sentiers de randonn\u00e9e \u00e0 ne pas manquer.<\/span><\/div>\n<\/p><\/div>\n<\/div>\n<div class=\"va-minorque-faq\">\n<h2>Questions fr\u00e9quentes<\/h2>\n<div class=\"va-minorque-faq-list\">\n<details>\n<summary><span class=\"va-minorque-q\">Que faire \u00e0 Minorque ?<\/span><span>+<\/span><\/summary>\n<div class=\"va-minorque-faq-ans\">L&rsquo;\u00eele se pr\u00eate \u00e0 la d\u00e9tente sur ses plages et ses criques isol\u00e9es, \u00e0 la baignade dans des eaux cristallines, \u00e0 la randonn\u00e9e sur ses sentiers et \u00e0 la d\u00e9couverte de villages authentiques \u00e0 l&rsquo;ambiance m\u00e9diterran\u00e9enne apaisante. Les activit\u00e9s nautiques sont aussi accessibles depuis le bord de mer.<\/div>\n<\/details>\n<details>\n<summary><span class=\"va-minorque-q\">Quel est le plus bel endroit de Minorque ?<\/span><span>+<\/span><\/summary>\n<div class=\"va-minorque-faq-ans\">Chaque coin de l&rsquo;\u00eele m\u00e9rite d&rsquo;\u00eatre explor\u00e9, mais ce sont souvent les criques isol\u00e9es et les paysages \u00e0 couper le souffle qui marquent le plus les voyageurs. \u00c0 vous de trouver la v\u00f4tre au gr\u00e9 des plages et des sentiers.<\/div>\n<\/details>\n<details>\n<summary><span class=\"va-minorque-q\">Comment se d\u00e9placer \u00e0 Minorque sans voiture ?<\/span><span>+<\/span><\/summary>\n<div class=\"va-minorque-faq-ans\">La location de v\u00e9los, propos\u00e9e notamment sur place au Bimbolla Apartaments, permet de rayonner autour de son h\u00e9bergement sans d\u00e9pendre d&rsquo;une voiture. Choisir un logement proche de la mer facilite aussi l&rsquo;acc\u00e8s aux plages \u00e0 pied.<\/div>\n<\/details>\n<details>\n<summary><span class=\"va-minorque-q\">Comment se loger \u00e0 Minorque ?<\/span><span>+<\/span><\/summary>\n<div class=\"va-minorque-faq-ans\">Les appart&rsquo;h\u00f4tels comme le Bimbolla Apartaments offrent des appartements tout \u00e9quip\u00e9s, une piscine ext\u00e9rieure et un acc\u00e8s facile \u00e0 la plage, adapt\u00e9s aussi bien aux couples qu&rsquo;aux familles. Privil\u00e9giez un h\u00e9bergement bien not\u00e9 et proche de la mer pour profiter pleinement du s\u00e9jour.<\/div>\n<\/details><\/div>\n<\/div>\n<\/div>\n","protected":false},"excerpt":{"rendered":"","protected":false},"author":34,"featured_media":19249,"comment_status":"open","ping_status":"open","sticky":false,"template":"","format":"standard","meta":{"_acf_changed":false,"manual_indexmenow":false,"indexmenow_id_project":0,"footnotes":""},"categories":[1],"tags":[4537,3928,4530,4535,4528],"class_list":["post-19151","post","type-post","status-publish","format-standard","has-post-thumbnail","hentry","category-a-la-une","tag-activites-nautiques","tag-detente","tag-escapade-en-europe","tag-gastronomie-locale","tag-hebergement-abordable","generate-columns","tablet-grid-50","mobile-grid-100","grid-parent","grid-25"],"acf":[],"yoast_head":"<!-- This site is optimized with the Yoast SEO Premium plugin v21.3 (Yoast SEO v25.1) - https:\/\/yoast.com\/wordpress\/plugins\/seo\/ -->\n<title>D\u00e9couvrez Minorque, la perle des Bal\u00e9ares \u00e0 prix doux pour<\/title>\n<meta name=\"description\" content=\"Eaux cristallines, criques discr\u00e8tes et villages m\u00e9diterran\u00e9ens : Minorque concentre tout l&#039;art de vivre des Bal\u00e9ares, sans l&#039;addition sal\u00e9e. Voici\" \/>\n<meta name=\"robots\" content=\"index, follow, max-snippet:-1, max-image-preview:large, max-video-preview:-1\" \/>\n<link rel=\"canonical\" href=\"https:\/\/voyage-aventure.com\/blog\/a-la-une\/decouvrez-minorque-la-perle-des-baleares-a-prix-doux-pour-vos-vacances-2\/\" \/>\n<meta property=\"og:locale\" content=\"fr_FR\" \/>\n<meta property=\"og:type\" content=\"article\" \/>\n<meta property=\"og:title\" content=\"D\u00e9couvrez Minorque, la perle des Bal\u00e9ares \u00e0 prix doux pour\" \/>\n<meta property=\"og:description\" content=\"Eaux cristallines, criques discr\u00e8tes et villages m\u00e9diterran\u00e9ens : Minorque concentre tout l&#039;art de vivre des Bal\u00e9ares, sans l&#039;addition sal\u00e9e. Voici\" \/>\n<meta property=\"og:url\" content=\"https:\/\/voyage-aventure.com\/blog\/a-la-une\/decouvrez-minorque-la-perle-des-baleares-a-prix-doux-pour-vos-vacances-2\/\" \/>\n<meta property=\"og:site_name\" content=\"voyage-aventure\" \/>\n<meta property=\"og:image\" content=\"https:\/\/voyage-aventure.com\/blog\/wp-content\/uploads\/2025\/05\/sdxl-1a7d5ef2676d0cc49d70170e3aa06c01-scaled.png\" \/>\n\t<meta property=\"og:image:width\" content=\"1200\" \/>\n\t<meta property=\"og:image:height\" content=\"500\" \/>\n\t<meta property=\"og:image:type\" content=\"image\/png\" \/>\n<meta name=\"author\" content=\"Camille Rouvray\" \/>\n<meta name=\"twitter:card\" content=\"summary_large_image\" \/>\n<script type=\"application\/ld+json\" class=\"yoast-schema-graph\">{\"@context\":\"https:\/\/schema.org\",\"@graph\":[{\"@type\":\"NewsArticle\",\"@id\":\"https:\/\/voyage-aventure.com\/blog\/a-la-une\/decouvrez-minorque-la-perle-des-baleares-a-prix-doux-pour-vos-vacances-2\/#article\",\"isPartOf\":{\"@id\":\"https:\/\/voyage-aventure.com\/blog\/a-la-une\/decouvrez-minorque-la-perle-des-baleares-a-prix-doux-pour-vos-vacances-2\/\"},\"author\":{\"name\":\"Camille Rouvray\",\"@id\":\"https:\/\/voyage-aventure.com\/blog\/#\/schema\/person\/3c864cdc320801e3db34b663e7e3f816\"},\"headline\":\"D\u00e9couvrez Minorque, la perle des Bal\u00e9ares \u00e0 prix doux pour vos vacances\",\"datePublished\":\"2026-06-16T16:16:55+00:00\",\"mainEntityOfPage\":{\"@id\":\"https:\/\/voyage-aventure.com\/blog\/a-la-une\/decouvrez-minorque-la-perle-des-baleares-a-prix-doux-pour-vos-vacances-2\/\"},\"wordCount\":1140,\"commentCount\":27,\"publisher\":{\"@id\":\"https:\/\/voyage-aventure.com\/blog\/#organization\"},\"image\":{\"@id\":\"https:\/\/voyage-aventure.com\/blog\/a-la-une\/decouvrez-minorque-la-perle-des-baleares-a-prix-doux-pour-vos-vacances-2\/#primaryimage\"},\"thumbnailUrl\":\"https:\/\/voyage-aventure.com\/blog\/wp-content\/uploads\/2025\/05\/sdxl-1a7d5ef2676d0cc49d70170e3aa06c01-scaled.png\",\"keywords\":[\"Activit\u00e9s Nautiques\",\"D\u00e9tente\",\"Escapade en Europe\",\"Gastronomie Locale\",\"H\u00e9bergement Abordable\"],\"articleSection\":[\"\u00c0 la une\"],\"inLanguage\":\"fr-FR\",\"potentialAction\":[{\"@type\":\"CommentAction\",\"name\":\"Comment\",\"target\":[\"https:\/\/voyage-aventure.com\/blog\/a-la-une\/decouvrez-minorque-la-perle-des-baleares-a-prix-doux-pour-vos-vacances-2\/#respond\"]}]},{\"@type\":\"WebPage\",\"@id\":\"https:\/\/voyage-aventure.com\/blog\/a-la-une\/decouvrez-minorque-la-perle-des-baleares-a-prix-doux-pour-vos-vacances-2\/\",\"url\":\"https:\/\/voyage-aventure.com\/blog\/a-la-une\/decouvrez-minorque-la-perle-des-baleares-a-prix-doux-pour-vos-vacances-2\/\",\"name\":\"D\u00e9couvrez Minorque, la perle des Bal\u00e9ares \u00e0 prix doux pour\",\"isPartOf\":{\"@id\":\"https:\/\/voyage-aventure.com\/blog\/#website\"},\"primaryImageOfPage\":{\"@id\":\"https:\/\/voyage-aventure.com\/blog\/a-la-une\/decouvrez-minorque-la-perle-des-baleares-a-prix-doux-pour-vos-vacances-2\/#primaryimage\"},\"image\":{\"@id\":\"https:\/\/voyage-aventure.com\/blog\/a-la-une\/decouvrez-minorque-la-perle-des-baleares-a-prix-doux-pour-vos-vacances-2\/#primaryimage\"},\"thumbnailUrl\":\"https:\/\/voyage-aventure.com\/blog\/wp-content\/uploads\/2025\/05\/sdxl-1a7d5ef2676d0cc49d70170e3aa06c01-scaled.png\",\"datePublished\":\"2026-06-16T16:16:55+00:00\",\"description\":\"Eaux cristallines, criques discr\u00e8tes et villages m\u00e9diterran\u00e9ens : Minorque concentre tout l'art de vivre des Bal\u00e9ares, sans l'addition sal\u00e9e. Voici\",\"inLanguage\":\"fr-FR\",\"potentialAction\":[{\"@type\":\"ReadAction\",\"target\":[\"https:\/\/voyage-aventure.com\/blog\/a-la-une\/decouvrez-minorque-la-perle-des-baleares-a-prix-doux-pour-vos-vacances-2\/\"]}]},{\"@type\":\"ImageObject\",\"inLanguage\":\"fr-FR\",\"@id\":\"https:\/\/voyage-aventure.com\/blog\/a-la-une\/decouvrez-minorque-la-perle-des-baleares-a-prix-doux-pour-vos-vacances-2\/#primaryimage\",\"url\":\"https:\/\/voyage-aventure.com\/blog\/wp-content\/uploads\/2025\/05\/sdxl-1a7d5ef2676d0cc49d70170e3aa06c01-scaled.png\",\"contentUrl\":\"https:\/\/voyage-aventure.com\/blog\/wp-content\/uploads\/2025\/05\/sdxl-1a7d5ef2676d0cc49d70170e3aa06c01-scaled.png\",\"width\":1200,\"height\":500},{\"@type\":\"WebSite\",\"@id\":\"https:\/\/voyage-aventure.com\/blog\/#website\",\"url\":\"https:\/\/voyage-aventure.com\/blog\/\",\"name\":\"voyage-aventure.com\",\"description\":\"Votre passeport pour l\u2019inattendu.\",\"publisher\":{\"@id\":\"https:\/\/voyage-aventure.com\/blog\/#organization\"},\"alternateName\":\"Votre passeport pour l\u2019inattendu.\",\"potentialAction\":[{\"@type\":\"SearchAction\",\"target\":{\"@type\":\"EntryPoint\",\"urlTemplate\":\"https:\/\/voyage-aventure.com\/blog\/?s={search_term_string}\"},\"query-input\":{\"@type\":\"PropertyValueSpecification\",\"valueRequired\":true,\"valueName\":\"search_term_string\"}}],\"inLanguage\":\"fr-FR\"},{\"@type\":\"Organization\",\"@id\":\"https:\/\/voyage-aventure.com\/blog\/#organization\",\"name\":\"Foretsensations.fr\",\"url\":\"https:\/\/voyage-aventure.com\/blog\/\",\"logo\":{\"@type\":\"ImageObject\",\"inLanguage\":\"fr-FR\",\"@id\":\"https:\/\/voyage-aventure.com\/blog\/#\/schema\/logo\/image\/\",\"url\":\"https:\/\/voyage-aventure.com\/blog\/wp-content\/uploads\/2024\/12\/19.png\",\"contentUrl\":\"https:\/\/voyage-aventure.com\/blog\/wp-content\/uploads\/2024\/12\/19.png\",\"width\":512,\"height\":512,\"caption\":\"Foretsensations.fr\"},\"image\":{\"@id\":\"https:\/\/voyage-aventure.com\/blog\/#\/schema\/logo\/image\/\"}},{\"@type\":\"Person\",\"@id\":\"https:\/\/voyage-aventure.com\/blog\/#\/schema\/person\/3c864cdc320801e3db34b663e7e3f816\",\"name\":\"Camille Rouvray\",\"image\":{\"@type\":\"ImageObject\",\"inLanguage\":\"fr-FR\",\"@id\":\"https:\/\/voyage-aventure.com\/blog\/#\/schema\/person\/image\/\",\"url\":\"https:\/\/voyage-aventure.com\/blog\/wp-content\/uploads\/2026\/06\/persona_camille-r-96x96.jpg\",\"contentUrl\":\"https:\/\/voyage-aventure.com\/blog\/wp-content\/uploads\/2026\/06\/persona_camille-r-96x96.jpg\",\"caption\":\"Camille Rouvray\"},\"description\":\"Je voyage et j'\u00e9cris sur le voyage depuis une douzaine d'ann\u00e9es, d'abord en tant que routarde au long cours, puis comme r\u00e9dactrice sp\u00e9cialis\u00e9e. Mon terrain de pr\u00e9dilection, ce sont les circuits organis\u00e9s et l'art de bien pr\u00e9parer un itin\u00e9raire : choix de la saison, dur\u00e9e r\u00e9aliste des \u00e9tapes, budget jour par jour, logement et transport sur place. J'aime aussi raconter les p\u00e9pites urbaines, ces adresses qu'on ne trouve pas dans les guides classiques. Avant de publier un dossier destination, je croise toujours plusieurs sources, je v\u00e9rifie les tarifs et les formalit\u00e9s d'entr\u00e9e \u00e0 jour, et je teste moi-m\u00eame quand je le peux. Mon angle reste pratique avant tout : aider le lecteur \u00e0 partir l'esprit tranquille, sans mauvaise surprise une fois sur place. Je m'attache \u00e0 distinguer le coup de c\u0153ur sinc\u00e8re du simple argument marketing.\",\"sameAs\":[\"https:\/\/camillerouvray.fr\/\"],\"url\":\"https:\/\/voyage-aventure.com\/blog\/auteur\/noname\/\"}]}<\/script>\n<!-- \/ Yoast SEO Premium plugin. -->","yoast_head_json":{"title":"D\u00e9couvrez Minorque, la perle des Bal\u00e9ares \u00e0 prix doux pour","description":"Eaux cristallines, criques discr\u00e8tes et villages m\u00e9diterran\u00e9ens : Minorque concentre tout l'art de vivre des Bal\u00e9ares, sans l'addition sal\u00e9e. Voici","robots":{"index":"index","follow":"follow","max-snippet":"max-snippet:-1","max-image-preview":"max-image-preview:large","max-video-preview":"max-video-preview:-1"},"canonical":"https:\/\/voyage-aventure.com\/blog\/a-la-une\/decouvrez-minorque-la-perle-des-baleares-a-prix-doux-pour-vos-vacances-2\/","og_locale":"fr_FR","og_type":"article","og_title":"D\u00e9couvrez Minorque, la perle des Bal\u00e9ares \u00e0 prix doux pour","og_description":"Eaux cristallines, criques discr\u00e8tes et villages m\u00e9diterran\u00e9ens : Minorque concentre tout l'art de vivre des Bal\u00e9ares, sans l'addition sal\u00e9e. Voici","og_url":"https:\/\/voyage-aventure.com\/blog\/a-la-une\/decouvrez-minorque-la-perle-des-baleares-a-prix-doux-pour-vos-vacances-2\/","og_site_name":"voyage-aventure","og_image":[{"width":1200,"height":500,"url":"https:\/\/voyage-aventure.com\/blog\/wp-content\/uploads\/2025\/05\/sdxl-1a7d5ef2676d0cc49d70170e3aa06c01-scaled.png","type":"image\/png"}],"author":"Camille Rouvray","twitter_card":"summary_large_image","schema":{"@context":"https:\/\/schema.org","@graph":[{"@type":"NewsArticle","@id":"https:\/\/voyage-aventure.com\/blog\/a-la-une\/decouvrez-minorque-la-perle-des-baleares-a-prix-doux-pour-vos-vacances-2\/#article","isPartOf":{"@id":"https:\/\/voyage-aventure.com\/blog\/a-la-une\/decouvrez-minorque-la-perle-des-baleares-a-prix-doux-pour-vos-vacances-2\/"},"author":{"name":"Camille Rouvray","@id":"https:\/\/voyage-aventure.com\/blog\/#\/schema\/person\/3c864cdc320801e3db34b663e7e3f816"},"headline":"D\u00e9couvrez Minorque, la perle des Bal\u00e9ares \u00e0 prix doux pour vos vacances","datePublished":"2026-06-16T16:16:55+00:00","mainEntityOfPage":{"@id":"https:\/\/voyage-aventure.com\/blog\/a-la-une\/decouvrez-minorque-la-perle-des-baleares-a-prix-doux-pour-vos-vacances-2\/"},"wordCount":1140,"commentCount":27,"publisher":{"@id":"https:\/\/voyage-aventure.com\/blog\/#organization"},"image":{"@id":"https:\/\/voyage-aventure.com\/blog\/a-la-une\/decouvrez-minorque-la-perle-des-baleares-a-prix-doux-pour-vos-vacances-2\/#primaryimage"},"thumbnailUrl":"https:\/\/voyage-aventure.com\/blog\/wp-content\/uploads\/2025\/05\/sdxl-1a7d5ef2676d0cc49d70170e3aa06c01-scaled.png","keywords":["Activit\u00e9s Nautiques","D\u00e9tente","Escapade en Europe","Gastronomie Locale","H\u00e9bergement Abordable"],"articleSection":["\u00c0 la une"],"inLanguage":"fr-FR","potentialAction":[{"@type":"CommentAction","name":"Comment","target":["https:\/\/voyage-aventure.com\/blog\/a-la-une\/decouvrez-minorque-la-perle-des-baleares-a-prix-doux-pour-vos-vacances-2\/#respond"]}]},{"@type":"WebPage","@id":"https:\/\/voyage-aventure.com\/blog\/a-la-une\/decouvrez-minorque-la-perle-des-baleares-a-prix-doux-pour-vos-vacances-2\/","url":"https:\/\/voyage-aventure.com\/blog\/a-la-une\/decouvrez-minorque-la-perle-des-baleares-a-prix-doux-pour-vos-vacances-2\/","name":"D\u00e9couvrez Minorque, la perle des Bal\u00e9ares \u00e0 prix doux pour","isPartOf":{"@id":"https:\/\/voyage-aventure.com\/blog\/#website"},"primaryImageOfPage":{"@id":"https:\/\/voyage-aventure.com\/blog\/a-la-une\/decouvrez-minorque-la-perle-des-baleares-a-prix-doux-pour-vos-vacances-2\/#primaryimage"},"image":{"@id":"https:\/\/voyage-aventure.com\/blog\/a-la-une\/decouvrez-minorque-la-perle-des-baleares-a-prix-doux-pour-vos-vacances-2\/#primaryimage"},"thumbnailUrl":"https:\/\/voyage-aventure.com\/blog\/wp-content\/uploads\/2025\/05\/sdxl-1a7d5ef2676d0cc49d70170e3aa06c01-scaled.png","datePublished":"2026-06-16T16:16:55+00:00","description":"Eaux cristallines, criques discr\u00e8tes et villages m\u00e9diterran\u00e9ens : Minorque concentre tout l'art de vivre des Bal\u00e9ares, sans l'addition sal\u00e9e. Voici","inLanguage":"fr-FR","potentialAction":[{"@type":"ReadAction","target":["https:\/\/voyage-aventure.com\/blog\/a-la-une\/decouvrez-minorque-la-perle-des-baleares-a-prix-doux-pour-vos-vacances-2\/"]}]},{"@type":"ImageObject","inLanguage":"fr-FR","@id":"https:\/\/voyage-aventure.com\/blog\/a-la-une\/decouvrez-minorque-la-perle-des-baleares-a-prix-doux-pour-vos-vacances-2\/#primaryimage","url":"https:\/\/voyage-aventure.com\/blog\/wp-content\/uploads\/2025\/05\/sdxl-1a7d5ef2676d0cc49d70170e3aa06c01-scaled.png","contentUrl":"https:\/\/voyage-aventure.com\/blog\/wp-content\/uploads\/2025\/05\/sdxl-1a7d5ef2676d0cc49d70170e3aa06c01-scaled.png","width":1200,"height":500},{"@type":"WebSite","@id":"https:\/\/voyage-aventure.com\/blog\/#website","url":"https:\/\/voyage-aventure.com\/blog\/","name":"voyage-aventure.com","description":"Votre passeport pour l\u2019inattendu.","publisher":{"@id":"https:\/\/voyage-aventure.com\/blog\/#organization"},"alternateName":"Votre passeport pour l\u2019inattendu.","potentialAction":[{"@type":"SearchAction","target":{"@type":"EntryPoint","urlTemplate":"https:\/\/voyage-aventure.com\/blog\/?s={search_term_string}"},"query-input":{"@type":"PropertyValueSpecification","valueRequired":true,"valueName":"search_term_string"}}],"inLanguage":"fr-FR"},{"@type":"Organization","@id":"https:\/\/voyage-aventure.com\/blog\/#organization","name":"Foretsensations.fr","url":"https:\/\/voyage-aventure.com\/blog\/","logo":{"@type":"ImageObject","inLanguage":"fr-FR","@id":"https:\/\/voyage-aventure.com\/blog\/#\/schema\/logo\/image\/","url":"https:\/\/voyage-aventure.com\/blog\/wp-content\/uploads\/2024\/12\/19.png","contentUrl":"https:\/\/voyage-aventure.com\/blog\/wp-content\/uploads\/2024\/12\/19.png","width":512,"height":512,"caption":"Foretsensations.fr"},"image":{"@id":"https:\/\/voyage-aventure.com\/blog\/#\/schema\/logo\/image\/"}},{"@type":"Person","@id":"https:\/\/voyage-aventure.com\/blog\/#\/schema\/person\/3c864cdc320801e3db34b663e7e3f816","name":"Camille Rouvray","image":{"@type":"ImageObject","inLanguage":"fr-FR","@id":"https:\/\/voyage-aventure.com\/blog\/#\/schema\/person\/image\/","url":"https:\/\/voyage-aventure.com\/blog\/wp-content\/uploads\/2026\/06\/persona_camille-r-96x96.jpg","contentUrl":"https:\/\/voyage-aventure.com\/blog\/wp-content\/uploads\/2026\/06\/persona_camille-r-96x96.jpg","caption":"Camille Rouvray"},"description":"Je voyage et j'\u00e9cris sur le voyage depuis une douzaine d'ann\u00e9es, d'abord en tant que routarde au long cours, puis comme r\u00e9dactrice sp\u00e9cialis\u00e9e. Mon terrain de pr\u00e9dilection, ce sont les circuits organis\u00e9s et l'art de bien pr\u00e9parer un itin\u00e9raire : choix de la saison, dur\u00e9e r\u00e9aliste des \u00e9tapes, budget jour par jour, logement et transport sur place. J'aime aussi raconter les p\u00e9pites urbaines, ces adresses qu'on ne trouve pas dans les guides classiques. Avant de publier un dossier destination, je croise toujours plusieurs sources, je v\u00e9rifie les tarifs et les formalit\u00e9s d'entr\u00e9e \u00e0 jour, et je teste moi-m\u00eame quand je le peux. Mon angle reste pratique avant tout : aider le lecteur \u00e0 partir l'esprit tranquille, sans mauvaise surprise une fois sur place. Je m'attache \u00e0 distinguer le coup de c\u0153ur sinc\u00e8re du simple argument marketing.","sameAs":["https:\/\/camillerouvray.fr\/"],"url":"https:\/\/voyage-aventure.com\/blog\/auteur\/noname\/"}]}},"_links":{"self":[{"href":"https:\/\/voyage-aventure.com\/blog\/wp-json\/wp\/v2\/posts\/19151","targetHints":{"allow":["GET"]}}],"collection":[{"href":"https:\/\/voyage-aventure.com\/blog\/wp-json\/wp\/v2\/posts"}],"about":[{"href":"https:\/\/voyage-aventure.com\/blog\/wp-json\/wp\/v2\/types\/post"}],"author":[{"embeddable":true,"href":"https:\/\/voyage-aventure.com\/blog\/wp-json\/wp\/v2\/users\/34"}],"replies":[{"embeddable":true,"href":"https:\/\/voyage-aventure.com\/blog\/wp-json\/wp\/v2\/comments?post=19151"}],"version-history":[{"count":2,"href":"https:\/\/voyage-aventure.com\/blog\/wp-json\/wp\/v2\/posts\/19151\/revisions"}],"predecessor-version":[{"id":23193,"href":"https:\/\/voyage-aventure.com\/blog\/wp-json\/wp\/v2\/posts\/19151\/revisions\/23193"}],"wp:featuredmedia":[{"embeddable":true,"href":"https:\/\/voyage-aventure.com\/blog\/wp-json\/wp\/v2\/media\/19249"}],"wp:attachment":[{"href":"https:\/\/voyage-aventure.com\/blog\/wp-json\/wp\/v2\/media?parent=19151"}],"wp:term":[{"taxonomy":"category","embeddable":true,"href":"https:\/\/voyage-aventure.com\/blog\/wp-json\/wp\/v2\/categories?post=19151"},{"taxonomy":"post_tag","embeddable":true,"href":"https:\/\/voyage-aventure.com\/blog\/wp-json\/wp\/v2\/tags?post=19151"}],"curies":[{"name":"wp","href":"https:\/\/api.w.org\/{rel}","templated":true}]}}