{"id":18926,"date":"2026-06-16T18:11:06","date_gmt":"2026-06-16T16:11:06","guid":{"rendered":"https:\/\/voyage-aventure.com\/blog\/?p=18926"},"modified":"2026-06-16T18:11:06","modified_gmt":"2026-06-16T16:11:06","slug":"decouvrez-lagos-en-2025-des-sejours-inoubliables-sur-la-cote-portugaise","status":"publish","type":"post","link":"https:\/\/voyage-aventure.com\/blog\/a-la-une\/decouvrez-lagos-en-2025-des-sejours-inoubliables-sur-la-cote-portugaise\/","title":{"rendered":"D\u00e9couvrez Lagos en 2025 : des s\u00e9jours inoubliables sur la c\u00f4te portugaise"},"content":{"rendered":"<link rel=\"stylesheet\" href=\"https:\/\/fonts.googleapis.com\/css2?family=Fraunces:opsz,wght@9..144,500;9..144,600;9..144,700;9..144,900&#038;family=Inter:wght@400;500;600&#038;family=JetBrains+Mono:wght@500&#038;display=swap\">\n<style>\n.va-gl-wrap{font-family:'Inter',-apple-system,BlinkMacSystemFont,'Segoe UI',sans-serif;color:#2b2018;line-height:1.65;font-size:17px;}\n.va-gl-wrap h2{font-family:'Fraunces','Inter',Georgia,serif;font-weight:700;font-size:clamp(24px,3.4vw,34px);line-height:1.2;letter-spacing:-.01em;color:#3a2a1d;margin:50px 0 16px;}\n.va-gl-wrap h3{font-family:'Fraunces','Inter',Georgia,serif;font-weight:600;font-size:clamp(19px,2.2vw,22px);color:#3a2a1d;margin:30px 0 10px;}\n.va-gl-wrap p{margin:0 0 18px;}\n.va-gl-kicker{font-family:'JetBrains Mono',monospace;font-size:11px;font-weight:500;text-transform:uppercase;letter-spacing:2.4px;color:#c2602f;margin:0 0 10px;}\n.va-gl-answer{background:#fbf3ec;border-left:5px solid #c2602f;border-radius:0 10px 10px 0;padding:22px 26px;margin:26px 0 34px;box-shadow:0 14px 30px -20px rgba(74,42,20,.45);}\n.va-gl-answer .va-gl-lead{font-family:'Fraunces','Inter',Georgia,serif;font-size:20px;font-weight:600;color:#3a2a1d;margin:0 0 6px;line-height:1.35;}\n.va-gl-answer .va-gl-txt{margin:0;color:#4a3b2d;}\n.va-gl-carnet{display:grid;grid-template-columns:repeat(auto-fit,minmax(160px,1fr));gap:16px;margin:30px 0;}\n.va-gl-carnet .va-gl-cell{background:#fff;border:1px solid #ecdfd3;border-top:3px solid #c2602f;border-radius:10px;padding:18px 20px;transition:.25s ease;box-shadow:0 1px 2px rgba(74,42,20,.05),0 12px 26px -18px rgba(74,42,20,.25);}\n.va-gl-carnet .va-gl-cell:hover{transform:translateY(-3px);box-shadow:0 16px 34px -16px rgba(74,42,20,.35);}\n.va-gl-carnet .va-gl-lab{font-family:'JetBrains Mono',monospace;font-size:10.5px;text-transform:uppercase;letter-spacing:1.6px;color:#c2602f;margin-bottom:7px;}\n.va-gl-carnet .va-gl-val{font-family:'Fraunces','Inter',Georgia,serif;font-size:17px;font-weight:600;color:#3a2a1d;line-height:1.35;}\n.va-gl-grid{display:grid;grid-template-columns:repeat(auto-fit,minmax(230px,1fr));gap:18px;margin:30px 0;}\n.va-gl-grid .va-gl-card{background:#fff;border:1px solid #ecdfd3;border-radius:12px;padding:22px 24px;transition:.25s ease;box-shadow:0 1px 2px rgba(74,42,20,.05),0 14px 30px -20px rgba(74,42,20,.28);}\n.va-gl-grid .va-gl-card:hover{transform:translateY(-3px);box-shadow:0 18px 38px -18px rgba(74,42,20,.4);}\n.va-gl-grid .va-gl-card .va-gl-cnum{font-family:'JetBrains Mono',monospace;font-size:12px;color:#c2602f;font-weight:500;}\n.va-gl-grid .va-gl-card h3{margin:8px 0 8px;font-size:19px;}\n.va-gl-grid .va-gl-card .va-gl-txt{font-size:15.5px;color:#52443a;margin:0;}\n.va-gl-grid .va-gl-card .va-gl-tip{margin-top:12px;font-size:13.5px;color:#7a5c3d;border-top:1px dashed #e6d6c6;padding-top:10px;}\n.va-gl-quote{font-family:'Fraunces','Inter',Georgia,serif;font-style:italic;font-size:clamp(20px,2.6vw,26px);line-height:1.4;color:#5a3c22;border-left:4px solid #c2602f;padding:8px 0 8px 24px;margin:34px 0;}\n.va-gl-quote cite{display:block;font-style:normal;font-size:13px;font-family:'JetBrains Mono',monospace;letter-spacing:1.2px;color:#a9784f;margin-top:12px;}\n.va-gl-table-wrap{margin:30px 0;border:1px solid #ecdfd3;border-radius:12px;overflow:hidden;box-shadow:0 14px 30px -22px rgba(74,42,20,.3);}\n.va-gl-table{width:100%;border-collapse:collapse;font-size:15px;}\n.va-gl-table th{background:#3a2a1d;color:#fbf3ec;text-align:left;padding:12px 16px;font-family:'JetBrains Mono',monospace;font-size:11.5px;text-transform:uppercase;letter-spacing:1.2px;font-weight:500;}\n.va-gl-table td{padding:12px 16px;border-top:1px solid #efe3d7;color:#4a3b2d;}\n.va-gl-table tr:nth-child(even) td{background:#fdf8f3;}\n.va-gl-check{display:grid;grid-template-columns:repeat(auto-fit,minmax(260px,1fr));gap:18px;margin:30px 0;}\n.va-gl-check .va-gl-col{background:#fff;border:1px solid #ecdfd3;border-radius:12px;padding:20px 22px;box-shadow:0 1px 2px rgba(74,42,20,.05);}\n.va-gl-check .va-gl-col h3{margin:0 0 12px;font-size:17px;}\n.va-gl-check ul{margin:0;padding-left:20px;}\n.va-gl-check li{margin:0 0 8px;font-size:15px;color:#4a3b2d;}\n.va-gl-check .va-do{border-top:3px solid #4f8a5b;}\n.va-gl-check .va-avoid{border-top:3px solid #c2602f;}\n.va-gl-retenir{background:#fbf3ec;border:1px solid #ecd8c6;border-radius:12px;padding:24px 26px;margin:34px 0;}\n.va-gl-retenir .va-gl-lab{font-family:'JetBrains Mono',monospace;font-size:11px;font-weight:500;text-transform:uppercase;letter-spacing:2.4px;color:#c2602f;margin-bottom:14px;}\n.va-gl-retenir ul{margin:0;padding-left:20px;}\n.va-gl-retenir li{margin:0 0 9px;color:#3a2a1d;}\n.va-gl-faq{margin:34px 0;}\n.va-gl-faq details{background:#fff;border:1px solid #ecdfd3;border-radius:10px;margin:0 0 12px;padding:0 20px;transition:.25s ease;}\n.va-gl-faq details[open]{border-color:#c2602f;box-shadow:0 12px 28px -20px rgba(74,42,20,.35);}\n.va-gl-faq summary{cursor:pointer;list-style:none;font-family:'Fraunces','Inter',Georgia,serif;font-weight:600;font-size:17px;color:#3a2a1d;padding:16px 0;position:relative;padding-right:28px;}\n.va-gl-faq summary::-webkit-details-marker{display:none;}\n.va-gl-faq summary::after{content:\"+\";position:absolute;right:0;top:14px;color:#c2602f;font-size:22px;line-height:1;font-family:'JetBrains Mono',monospace;}\n.va-gl-faq details[open] summary::after{content:\"\u2013\";}\n.va-gl-faq .va-gl-txt{padding:0 0 18px;color:#4a3b2d;font-size:15.5px;}\n\/*RENDERFIX2*\/.va-gl-table th{color:#eef3f9!important}.va-gl-table th p,.va-gl-table th li,.va-gl-table th strong,.va-gl-table th em,.va-gl-table th a,.va-gl-table th span,.va-gl-table th b,.va-gl-table th td,.va-gl-table th th,.va-gl-table th h2,.va-gl-table th h3,.va-gl-table th h4{color:#eef3f9!important}.va-gl-table th strong,.va-gl-table th b{color:#ffffff!important}<\/style>\n<div class=\"va-gl-wrap\">\n<div class=\"va-gl-kicker\">Algarve \u00b7 C\u00f4te portugaise<\/div>\n<div class=\"va-gl-answer\">\n<div class=\"va-gl-lead\">Lagos, c&rsquo;est l&rsquo;Algarve dans sa version la plus spectaculaire : falaises dor\u00e9es, eaux turquoise et un centre historique vivant.<\/div>\n<div class=\"va-gl-txt\">La meilleure p\u00e9riode s&rsquo;\u00e9tend de mai \u00e0 octobre, comptez environ 80 \u00e0 120 \u20ac la nuit en h\u00f4tel de milieu de gamme, et r\u00e9servez vos plages pr\u00e9f\u00e9r\u00e9es \u2014 Praia Dona Ana, Praia do Camilo \u2014 sans oublier les grottes de Ponta da Piedade en kayak.<\/div>\n<\/div>\n<div class=\"va-gl-carnet\">\n<div class=\"va-gl-cell\">\n<div class=\"va-gl-lab\">Meilleure p\u00e9riode<\/div>\n<div class=\"va-gl-val\">De mai \u00e0 octobre<\/div>\n<\/div>\n<div class=\"va-gl-cell\">\n<div class=\"va-gl-lab\">Budget h\u00f4tel \/ nuit<\/div>\n<div class=\"va-gl-val\">80 \u00e0 120 \u20ac<\/div>\n<\/div>\n<div class=\"va-gl-cell\">\n<div class=\"va-gl-lab\">Repas restaurant<\/div>\n<div class=\"va-gl-val\">15 \u00e0 25 \u20ac<\/div>\n<\/div>\n<div class=\"va-gl-cell\">\n<div class=\"va-gl-lab\">\u00c0 ne pas manquer<\/div>\n<div class=\"va-gl-val\">Ponta da Piedade<\/div>\n<\/div>\n<\/div>\n<h2>Pourquoi choisir Lagos pour vos vacances ?<\/h2>\n<p>Les visiteurs sont accueillis par des falaises dor\u00e9es et des eaux turquoise, offrant un cadre parfait pour des vacances de r\u00eave. Chaque coin de cette ville portuaire regorge de surprises, faisant de chaque promenade une nouvelle aventure.<\/p>\n<p>Le centre historique de Lagos est un v\u00e9ritable joyau, avec ses ruelles pav\u00e9es et ses maisons aux volets color\u00e9s. Fl\u00e2ner dans ces ruelles vous permettra d&rsquo;appr\u00e9cier l&rsquo;architecture locale et de vous impr\u00e9gner de l&rsquo;atmosph\u00e8re chaleureuse de la ville. Un arr\u00eat \u00e0 la Pra\u00e7a Lu\u00eds de Cam\u00f5es pour un caf\u00e9 traditionnel s&rsquo;impose avant de poursuivre votre exploration.<\/p>\n<blockquote class=\"va-gl-quote\"><p>Lagos est une destination o\u00f9 chaque instant devient un souvenir inoubliable.<cite>\u2014 Voyageur passionn\u00e9<\/cite><\/p><\/blockquote>\n<p><iframe loading=\"lazy\" title=\"Les Tr\u00e9sors Cach\u00e9s de Faro : Excursion aux \u00celes Inoubliables!\" width=\"1200\" height=\"675\" src=\"https:\/\/www.youtube.com\/embed\/--usfMmUZsk?feature=oembed\" frameborder=\"0\" allow=\"accelerometer; autoplay; clipboard-write; encrypted-media; gyroscope; picture-in-picture; web-share\" referrerpolicy=\"strict-origin-when-cross-origin\" allowfullscreen><\/iframe><\/p>\n<h2>Les activit\u00e9s incontournables \u00e0 Lagos<\/h2>\n<p>Lorsque vous choisissez Lagos comme destination, vous ne manquerez pas d&rsquo;activit\u00e9s passionnantes \u00e0 faire. Que vous soyez en famille, entre amis ou en couple, il y en a pour tous les go\u00fbts. Voici les exp\u00e9riences \u00e0 inscrire en haut de votre programme.<\/p>\n<div class=\"va-gl-grid\">\n<div class=\"va-gl-card\">\n<div class=\"va-gl-cnum\">01<\/div>\n<h3>Praia Dona Ana &amp; Praia do Camilo<\/h3>\n<div class=\"va-gl-txt\">Deux plages embl\u00e9matiques, id\u00e9ales pour le farniente, qui offrent des paysages \u00e0 couper le souffle.<\/div>\n<div class=\"va-gl-tip\">Tip : arrivez t\u00f4t, les criques sont vite prises d&rsquo;assaut en plein \u00e9t\u00e9.<\/div>\n<\/div>\n<div class=\"va-gl-card\">\n<div class=\"va-gl-cnum\">02<\/div>\n<h3>Grottes de Ponta da Piedade<\/h3>\n<div class=\"va-gl-txt\">Louez un kayak pour explorer ces formations rocheuses spectaculaires, sculpt\u00e9es par l&rsquo;\u00e9rosion \u2014 une v\u00e9ritable merveille de la nature.<\/div>\n<div class=\"va-gl-tip\">Tip : apportez votre appareil photo pour immortaliser ces moments magiques.<\/div>\n<\/div>\n<div class=\"va-gl-card\">\n<div class=\"va-gl-cnum\">03<\/div>\n<h3>Centre historique<\/h3>\n<div class=\"va-gl-txt\">Ruelles pav\u00e9es, maisons aux volets color\u00e9s et la Pra\u00e7a Lu\u00eds de Cam\u00f5es : le c\u0153ur vivant de la ville se d\u00e9couvre \u00e0 pied.<\/div>\n<div class=\"va-gl-tip\">Tip : faites une pause caf\u00e9 traditionnel sur la place avant de repartir.<\/div>\n<\/div>\n<div class=\"va-gl-card\">\n<div class=\"va-gl-cnum\">04<\/div>\n<h3>Mus\u00e9e &amp; coucher de soleil<\/h3>\n<div class=\"va-gl-txt\">Le Museu Municipal Dr. Jos\u00e9 Formosinho pour l&rsquo;histoire locale, puis le phare de Ponta da Piedade au cr\u00e9puscule.<\/div>\n<div class=\"va-gl-tip\">Tip : combinez la fin de journ\u00e9e avec une excursion en bateau vers les grottes.<\/div>\n<\/div>\n<\/div>\n<h2>Conseils pratiques pour votre s\u00e9jour \u00e0 Lagos<\/h2>\n<p>Avant de partir pour Lagos, il est essentiel de se renseigner sur quelques aspects pratiques pour profiter au maximum de votre s\u00e9jour. La p\u00e9riode id\u00e9ale pour visiter la ville s&rsquo;\u00e9tend de mai \u00e0 octobre, lorsque le climat est agr\u00e9able et propice aux activit\u00e9s en plein air. \u00c9vitez les mois les plus chauds si vous pr\u00e9f\u00e9rez explorer sans souffrir de la chaleur.<\/p>\n<p>Le co\u00fbt de la vie \u00e0 Lagos est raisonnable par rapport \u00e0 d&rsquo;autres destinations europ\u00e9ennes. Pour un s\u00e9jour confortable, pr\u00e9voyez un budget de 80 \u00e0 120 \u20ac par nuit pour un h\u00f4tel de milieu de gamme, et environ 15 \u00e0 25 \u20ac pour un repas dans un bon restaurant. Les plages sont g\u00e9n\u00e9ralement gratuites, mais certaines activit\u00e9s comme les visites en bateau peuvent n\u00e9cessiter un petit budget.<\/p>\n<div class=\"va-gl-table-wrap\">\n<table class=\"va-gl-table\">\n<thead>\n<tr>\n<th>Rep\u00e8re<\/th>\n<th>Indication<\/th>\n<\/tr>\n<\/thead>\n<tbody>\n<tr>\n<td>Quand partir<\/td>\n<td>De mai \u00e0 octobre, climat agr\u00e9able pour les activit\u00e9s en plein air<\/td>\n<\/tr>\n<tr>\n<td>\u00c0 \u00e9viter<\/td>\n<td>Les mois les plus chauds si vous craignez la forte chaleur<\/td>\n<\/tr>\n<tr>\n<td>Budget h\u00f4tel (milieu de gamme)<\/td>\n<td>80 \u00e0 120 \u20ac la nuit<\/td>\n<\/tr>\n<tr>\n<td>Repas au restaurant<\/td>\n<td>15 \u00e0 25 \u20ac<\/td>\n<\/tr>\n<tr>\n<td>Plages<\/td>\n<td>G\u00e9n\u00e9ralement gratuites ; certaines sorties en bateau payantes<\/td>\n<\/tr>\n<\/tbody>\n<\/table>\n<\/div>\n<div class=\"va-gl-check\">\n<div class=\"va-gl-col va-do\">\n<h3>\u00c0 faire<\/h3>\n<ul>\n<li>Explorer le centre historique et ses ruelles pittoresques<\/li>\n<li>Visiter le Museu Municipal Dr. Jos\u00e9 Formosinho<\/li>\n<li>Se d\u00e9tendre sur les plages de Praia Dona Ana et Praia do Camilo<\/li>\n<li>Admirer le coucher de soleil au phare de Ponta da Piedade<\/li>\n<li>Participer \u00e0 une excursion en bateau pour d\u00e9couvrir les grottes<\/li>\n<\/ul>\n<\/div>\n<div class=\"va-gl-col va-avoid\">\n<h3>\u00c0 \u00e9viter<\/h3>\n<ul>\n<li>Visiter en plein pic de chaleur estivale si vous y \u00eates sensible<\/li>\n<li>Arriver tard sur les plages les plus pris\u00e9es en haute saison<\/li>\n<li>Oublier de pr\u00e9voir un petit budget pour les sorties en bateau<\/li>\n<\/ul>\n<\/div>\n<\/div>\n<div class=\"va-gl-retenir\">\n<div class=\"va-gl-lab\">\u00c0 retenir<\/div>\n<ul>\n<li>Lagos allie falaises dor\u00e9es, eaux turquoise et centre historique vivant sur la c\u00f4te portugaise.<\/li>\n<li>La meilleure p\u00e9riode pour venir s&rsquo;\u00e9tend de mai \u00e0 octobre.<\/li>\n<li>Comptez 80 \u00e0 120 \u20ac la nuit en h\u00f4tel de milieu de gamme et 15 \u00e0 25 \u20ac par repas.<\/li>\n<li>Incontournables : Praia Dona Ana, Praia do Camilo et les grottes de Ponta da Piedade en kayak.<\/li>\n<\/ul>\n<\/div>\n<div class=\"va-gl-faq\">\n<details>\n<summary>Quelle est la meilleure p\u00e9riode pour visiter Lagos ?<\/summary>\n<div class=\"va-gl-txt\">La p\u00e9riode id\u00e9ale s&rsquo;\u00e9tend de mai \u00e0 octobre, lorsque le climat est agr\u00e9able et propice aux activit\u00e9s en plein air. Si vous craignez la chaleur, \u00e9vitez les mois les plus chauds.<\/div>\n<\/details>\n<details>\n<summary>Quel budget pr\u00e9voir pour un s\u00e9jour \u00e0 Lagos ?<\/summary>\n<div class=\"va-gl-txt\">Pr\u00e9voyez environ 80 \u00e0 120 \u20ac par nuit pour un h\u00f4tel de milieu de gamme et 15 \u00e0 25 \u20ac pour un repas au restaurant. Les plages sont g\u00e9n\u00e9ralement gratuites, mais certaines activit\u00e9s comme les sorties en bateau peuvent n\u00e9cessiter un petit budget.<\/div>\n<\/details>\n<details>\n<summary>Que faire absolument \u00e0 Lagos ?<\/summary>\n<div class=\"va-gl-txt\">D\u00e9tendez-vous sur les plages de Praia Dona Ana et Praia do Camilo, explorez les grottes de Ponta da Piedade en kayak, fl\u00e2nez dans le centre historique et admirez le coucher de soleil au phare de Ponta da Piedade.<\/div>\n<\/details>\n<\/div>\n<p>Pr\u00eat \u00e0 d\u00e9couvrir Lagos en 2025 ? R\u00e9servez votre h\u00e9bergement d\u00e8s maintenant et pr\u00e9parez-vous \u00e0 vivre une exp\u00e9rience inoubliable sur la c\u00f4te portugaise. Que vous soyez amateur de plages, d&rsquo;histoire ou de gastronomie, Lagos saura vous s\u00e9duire par sa diversit\u00e9 et son ambiance chaleureuse. Ne manquez pas d&rsquo;explorer cette belle ville qui promet des souvenirs m\u00e9morables.<\/p>\n<\/div>\n","protected":false},"excerpt":{"rendered":"","protected":false},"author":34,"featured_media":19294,"comment_status":"open","ping_status":"open","sticky":false,"template":"","format":"standard","meta":{"_acf_changed":false,"manual_indexmenow":false,"indexmenow_id_project":0,"footnotes":""},"categories":[1],"tags":[4538,4530,4535,4528,4769],"class_list":["post-18926","post","type-post","status-publish","format-standard","has-post-thumbnail","hentry","category-a-la-une","tag-activites-variees","tag-escapade-en-europe","tag-gastronomie-locale","tag-hebergement-abordable","tag-immersion-culturelle","generate-columns","tablet-grid-50","mobile-grid-100","grid-parent","grid-25"],"acf":[],"yoast_head":"<!-- This site is optimized with the Yoast SEO Premium plugin v21.3 (Yoast SEO v25.1) - https:\/\/yoast.com\/wordpress\/plugins\/seo\/ -->\n<title>D\u00e9couvrez Lagos en 2025 : des s\u00e9jours inoubliables sur la<\/title>\n<meta name=\"description\" content=\"Lagos, c&#039;est l&#039;Algarve dans sa version la plus spectaculaire : falaises dor\u00e9es, eaux turquoise et un centre historique vivant\" \/>\n<meta name=\"robots\" content=\"index, follow, max-snippet:-1, max-image-preview:large, max-video-preview:-1\" \/>\n<link rel=\"canonical\" href=\"https:\/\/voyage-aventure.com\/blog\/a-la-une\/decouvrez-lagos-en-2025-des-sejours-inoubliables-sur-la-cote-portugaise\/\" \/>\n<meta property=\"og:locale\" content=\"fr_FR\" \/>\n<meta property=\"og:type\" content=\"article\" \/>\n<meta property=\"og:title\" content=\"D\u00e9couvrez Lagos en 2025 : des s\u00e9jours inoubliables sur la\" \/>\n<meta property=\"og:description\" content=\"Lagos, c&#039;est l&#039;Algarve dans sa version la plus spectaculaire : falaises dor\u00e9es, eaux turquoise et un centre historique vivant\" \/>\n<meta property=\"og:url\" content=\"https:\/\/voyage-aventure.com\/blog\/a-la-une\/decouvrez-lagos-en-2025-des-sejours-inoubliables-sur-la-cote-portugaise\/\" \/>\n<meta property=\"og:site_name\" content=\"voyage-aventure\" \/>\n<meta property=\"og:image\" content=\"https:\/\/voyage-aventure.com\/blog\/wp-content\/uploads\/2025\/05\/sdxl-b922261ab7dec7dfcae724bea92487b1-scaled.png\" \/>\n\t<meta property=\"og:image:width\" content=\"1200\" \/>\n\t<meta property=\"og:image:height\" content=\"500\" \/>\n\t<meta property=\"og:image:type\" content=\"image\/png\" \/>\n<meta name=\"author\" content=\"Camille Rouvray\" \/>\n<meta name=\"twitter:card\" content=\"summary_large_image\" \/>\n<script type=\"application\/ld+json\" class=\"yoast-schema-graph\">{\"@context\":\"https:\/\/schema.org\",\"@graph\":[{\"@type\":\"NewsArticle\",\"@id\":\"https:\/\/voyage-aventure.com\/blog\/a-la-une\/decouvrez-lagos-en-2025-des-sejours-inoubliables-sur-la-cote-portugaise\/#article\",\"isPartOf\":{\"@id\":\"https:\/\/voyage-aventure.com\/blog\/a-la-une\/decouvrez-lagos-en-2025-des-sejours-inoubliables-sur-la-cote-portugaise\/\"},\"author\":{\"name\":\"Camille Rouvray\",\"@id\":\"https:\/\/voyage-aventure.com\/blog\/#\/schema\/person\/3c864cdc320801e3db34b663e7e3f816\"},\"headline\":\"D\u00e9couvrez Lagos en 2025 : des s\u00e9jours inoubliables sur la c\u00f4te portugaise\",\"datePublished\":\"2026-06-16T16:11:06+00:00\",\"mainEntityOfPage\":{\"@id\":\"https:\/\/voyage-aventure.com\/blog\/a-la-une\/decouvrez-lagos-en-2025-des-sejours-inoubliables-sur-la-cote-portugaise\/\"},\"wordCount\":978,\"commentCount\":28,\"publisher\":{\"@id\":\"https:\/\/voyage-aventure.com\/blog\/#organization\"},\"image\":{\"@id\":\"https:\/\/voyage-aventure.com\/blog\/a-la-une\/decouvrez-lagos-en-2025-des-sejours-inoubliables-sur-la-cote-portugaise\/#primaryimage\"},\"thumbnailUrl\":\"https:\/\/voyage-aventure.com\/blog\/wp-content\/uploads\/2025\/05\/sdxl-b922261ab7dec7dfcae724bea92487b1-scaled.png\",\"keywords\":[\"Activit\u00e9s Vari\u00e9es\",\"Escapade en Europe\",\"Gastronomie Locale\",\"H\u00e9bergement Abordable\",\"Immersion Culturelle\"],\"articleSection\":[\"\u00c0 la une\"],\"inLanguage\":\"fr-FR\",\"potentialAction\":[{\"@type\":\"CommentAction\",\"name\":\"Comment\",\"target\":[\"https:\/\/voyage-aventure.com\/blog\/a-la-une\/decouvrez-lagos-en-2025-des-sejours-inoubliables-sur-la-cote-portugaise\/#respond\"]}]},{\"@type\":\"WebPage\",\"@id\":\"https:\/\/voyage-aventure.com\/blog\/a-la-une\/decouvrez-lagos-en-2025-des-sejours-inoubliables-sur-la-cote-portugaise\/\",\"url\":\"https:\/\/voyage-aventure.com\/blog\/a-la-une\/decouvrez-lagos-en-2025-des-sejours-inoubliables-sur-la-cote-portugaise\/\",\"name\":\"D\u00e9couvrez Lagos en 2025 : des s\u00e9jours inoubliables sur la\",\"isPartOf\":{\"@id\":\"https:\/\/voyage-aventure.com\/blog\/#website\"},\"primaryImageOfPage\":{\"@id\":\"https:\/\/voyage-aventure.com\/blog\/a-la-une\/decouvrez-lagos-en-2025-des-sejours-inoubliables-sur-la-cote-portugaise\/#primaryimage\"},\"image\":{\"@id\":\"https:\/\/voyage-aventure.com\/blog\/a-la-une\/decouvrez-lagos-en-2025-des-sejours-inoubliables-sur-la-cote-portugaise\/#primaryimage\"},\"thumbnailUrl\":\"https:\/\/voyage-aventure.com\/blog\/wp-content\/uploads\/2025\/05\/sdxl-b922261ab7dec7dfcae724bea92487b1-scaled.png\",\"datePublished\":\"2026-06-16T16:11:06+00:00\",\"description\":\"Lagos, c'est l'Algarve dans sa version la plus spectaculaire : falaises dor\u00e9es, eaux turquoise et un centre historique vivant\",\"inLanguage\":\"fr-FR\",\"potentialAction\":[{\"@type\":\"ReadAction\",\"target\":[\"https:\/\/voyage-aventure.com\/blog\/a-la-une\/decouvrez-lagos-en-2025-des-sejours-inoubliables-sur-la-cote-portugaise\/\"]}]},{\"@type\":\"ImageObject\",\"inLanguage\":\"fr-FR\",\"@id\":\"https:\/\/voyage-aventure.com\/blog\/a-la-une\/decouvrez-lagos-en-2025-des-sejours-inoubliables-sur-la-cote-portugaise\/#primaryimage\",\"url\":\"https:\/\/voyage-aventure.com\/blog\/wp-content\/uploads\/2025\/05\/sdxl-b922261ab7dec7dfcae724bea92487b1-scaled.png\",\"contentUrl\":\"https:\/\/voyage-aventure.com\/blog\/wp-content\/uploads\/2025\/05\/sdxl-b922261ab7dec7dfcae724bea92487b1-scaled.png\",\"width\":1200,\"height\":500},{\"@type\":\"WebSite\",\"@id\":\"https:\/\/voyage-aventure.com\/blog\/#website\",\"url\":\"https:\/\/voyage-aventure.com\/blog\/\",\"name\":\"voyage-aventure.com\",\"description\":\"Votre passeport pour l\u2019inattendu.\",\"publisher\":{\"@id\":\"https:\/\/voyage-aventure.com\/blog\/#organization\"},\"alternateName\":\"Votre passeport pour l\u2019inattendu.\",\"potentialAction\":[{\"@type\":\"SearchAction\",\"target\":{\"@type\":\"EntryPoint\",\"urlTemplate\":\"https:\/\/voyage-aventure.com\/blog\/?s={search_term_string}\"},\"query-input\":{\"@type\":\"PropertyValueSpecification\",\"valueRequired\":true,\"valueName\":\"search_term_string\"}}],\"inLanguage\":\"fr-FR\"},{\"@type\":\"Organization\",\"@id\":\"https:\/\/voyage-aventure.com\/blog\/#organization\",\"name\":\"Foretsensations.fr\",\"url\":\"https:\/\/voyage-aventure.com\/blog\/\",\"logo\":{\"@type\":\"ImageObject\",\"inLanguage\":\"fr-FR\",\"@id\":\"https:\/\/voyage-aventure.com\/blog\/#\/schema\/logo\/image\/\",\"url\":\"https:\/\/voyage-aventure.com\/blog\/wp-content\/uploads\/2024\/12\/19.png\",\"contentUrl\":\"https:\/\/voyage-aventure.com\/blog\/wp-content\/uploads\/2024\/12\/19.png\",\"width\":512,\"height\":512,\"caption\":\"Foretsensations.fr\"},\"image\":{\"@id\":\"https:\/\/voyage-aventure.com\/blog\/#\/schema\/logo\/image\/\"}},{\"@type\":\"Person\",\"@id\":\"https:\/\/voyage-aventure.com\/blog\/#\/schema\/person\/3c864cdc320801e3db34b663e7e3f816\",\"name\":\"Camille Rouvray\",\"image\":{\"@type\":\"ImageObject\",\"inLanguage\":\"fr-FR\",\"@id\":\"https:\/\/voyage-aventure.com\/blog\/#\/schema\/person\/image\/\",\"url\":\"https:\/\/voyage-aventure.com\/blog\/wp-content\/uploads\/2026\/06\/persona_camille-r-96x96.jpg\",\"contentUrl\":\"https:\/\/voyage-aventure.com\/blog\/wp-content\/uploads\/2026\/06\/persona_camille-r-96x96.jpg\",\"caption\":\"Camille Rouvray\"},\"description\":\"Je voyage et j'\u00e9cris sur le voyage depuis une douzaine d'ann\u00e9es, d'abord en tant que routarde au long cours, puis comme r\u00e9dactrice sp\u00e9cialis\u00e9e. Mon terrain de pr\u00e9dilection, ce sont les circuits organis\u00e9s et l'art de bien pr\u00e9parer un itin\u00e9raire : choix de la saison, dur\u00e9e r\u00e9aliste des \u00e9tapes, budget jour par jour, logement et transport sur place. J'aime aussi raconter les p\u00e9pites urbaines, ces adresses qu'on ne trouve pas dans les guides classiques. Avant de publier un dossier destination, je croise toujours plusieurs sources, je v\u00e9rifie les tarifs et les formalit\u00e9s d'entr\u00e9e \u00e0 jour, et je teste moi-m\u00eame quand je le peux. Mon angle reste pratique avant tout : aider le lecteur \u00e0 partir l'esprit tranquille, sans mauvaise surprise une fois sur place. Je m'attache \u00e0 distinguer le coup de c\u0153ur sinc\u00e8re du simple argument marketing.\",\"sameAs\":[\"https:\/\/camillerouvray.fr\/\"],\"url\":\"https:\/\/voyage-aventure.com\/blog\/auteur\/noname\/\"}]}<\/script>\n<!-- \/ Yoast SEO Premium plugin. -->","yoast_head_json":{"title":"D\u00e9couvrez Lagos en 2025 : des s\u00e9jours inoubliables sur la","description":"Lagos, c'est l'Algarve dans sa version la plus spectaculaire : falaises dor\u00e9es, eaux turquoise et un centre historique vivant","robots":{"index":"index","follow":"follow","max-snippet":"max-snippet:-1","max-image-preview":"max-image-preview:large","max-video-preview":"max-video-preview:-1"},"canonical":"https:\/\/voyage-aventure.com\/blog\/a-la-une\/decouvrez-lagos-en-2025-des-sejours-inoubliables-sur-la-cote-portugaise\/","og_locale":"fr_FR","og_type":"article","og_title":"D\u00e9couvrez Lagos en 2025 : des s\u00e9jours inoubliables sur la","og_description":"Lagos, c'est l'Algarve dans sa version la plus spectaculaire : falaises dor\u00e9es, eaux turquoise et un centre historique vivant","og_url":"https:\/\/voyage-aventure.com\/blog\/a-la-une\/decouvrez-lagos-en-2025-des-sejours-inoubliables-sur-la-cote-portugaise\/","og_site_name":"voyage-aventure","og_image":[{"width":1200,"height":500,"url":"https:\/\/voyage-aventure.com\/blog\/wp-content\/uploads\/2025\/05\/sdxl-b922261ab7dec7dfcae724bea92487b1-scaled.png","type":"image\/png"}],"author":"Camille Rouvray","twitter_card":"summary_large_image","schema":{"@context":"https:\/\/schema.org","@graph":[{"@type":"NewsArticle","@id":"https:\/\/voyage-aventure.com\/blog\/a-la-une\/decouvrez-lagos-en-2025-des-sejours-inoubliables-sur-la-cote-portugaise\/#article","isPartOf":{"@id":"https:\/\/voyage-aventure.com\/blog\/a-la-une\/decouvrez-lagos-en-2025-des-sejours-inoubliables-sur-la-cote-portugaise\/"},"author":{"name":"Camille Rouvray","@id":"https:\/\/voyage-aventure.com\/blog\/#\/schema\/person\/3c864cdc320801e3db34b663e7e3f816"},"headline":"D\u00e9couvrez Lagos en 2025 : des s\u00e9jours inoubliables sur la c\u00f4te portugaise","datePublished":"2026-06-16T16:11:06+00:00","mainEntityOfPage":{"@id":"https:\/\/voyage-aventure.com\/blog\/a-la-une\/decouvrez-lagos-en-2025-des-sejours-inoubliables-sur-la-cote-portugaise\/"},"wordCount":978,"commentCount":28,"publisher":{"@id":"https:\/\/voyage-aventure.com\/blog\/#organization"},"image":{"@id":"https:\/\/voyage-aventure.com\/blog\/a-la-une\/decouvrez-lagos-en-2025-des-sejours-inoubliables-sur-la-cote-portugaise\/#primaryimage"},"thumbnailUrl":"https:\/\/voyage-aventure.com\/blog\/wp-content\/uploads\/2025\/05\/sdxl-b922261ab7dec7dfcae724bea92487b1-scaled.png","keywords":["Activit\u00e9s Vari\u00e9es","Escapade en Europe","Gastronomie Locale","H\u00e9bergement Abordable","Immersion Culturelle"],"articleSection":["\u00c0 la une"],"inLanguage":"fr-FR","potentialAction":[{"@type":"CommentAction","name":"Comment","target":["https:\/\/voyage-aventure.com\/blog\/a-la-une\/decouvrez-lagos-en-2025-des-sejours-inoubliables-sur-la-cote-portugaise\/#respond"]}]},{"@type":"WebPage","@id":"https:\/\/voyage-aventure.com\/blog\/a-la-une\/decouvrez-lagos-en-2025-des-sejours-inoubliables-sur-la-cote-portugaise\/","url":"https:\/\/voyage-aventure.com\/blog\/a-la-une\/decouvrez-lagos-en-2025-des-sejours-inoubliables-sur-la-cote-portugaise\/","name":"D\u00e9couvrez Lagos en 2025 : des s\u00e9jours inoubliables sur la","isPartOf":{"@id":"https:\/\/voyage-aventure.com\/blog\/#website"},"primaryImageOfPage":{"@id":"https:\/\/voyage-aventure.com\/blog\/a-la-une\/decouvrez-lagos-en-2025-des-sejours-inoubliables-sur-la-cote-portugaise\/#primaryimage"},"image":{"@id":"https:\/\/voyage-aventure.com\/blog\/a-la-une\/decouvrez-lagos-en-2025-des-sejours-inoubliables-sur-la-cote-portugaise\/#primaryimage"},"thumbnailUrl":"https:\/\/voyage-aventure.com\/blog\/wp-content\/uploads\/2025\/05\/sdxl-b922261ab7dec7dfcae724bea92487b1-scaled.png","datePublished":"2026-06-16T16:11:06+00:00","description":"Lagos, c'est l'Algarve dans sa version la plus spectaculaire : falaises dor\u00e9es, eaux turquoise et un centre historique vivant","inLanguage":"fr-FR","potentialAction":[{"@type":"ReadAction","target":["https:\/\/voyage-aventure.com\/blog\/a-la-une\/decouvrez-lagos-en-2025-des-sejours-inoubliables-sur-la-cote-portugaise\/"]}]},{"@type":"ImageObject","inLanguage":"fr-FR","@id":"https:\/\/voyage-aventure.com\/blog\/a-la-une\/decouvrez-lagos-en-2025-des-sejours-inoubliables-sur-la-cote-portugaise\/#primaryimage","url":"https:\/\/voyage-aventure.com\/blog\/wp-content\/uploads\/2025\/05\/sdxl-b922261ab7dec7dfcae724bea92487b1-scaled.png","contentUrl":"https:\/\/voyage-aventure.com\/blog\/wp-content\/uploads\/2025\/05\/sdxl-b922261ab7dec7dfcae724bea92487b1-scaled.png","width":1200,"height":500},{"@type":"WebSite","@id":"https:\/\/voyage-aventure.com\/blog\/#website","url":"https:\/\/voyage-aventure.com\/blog\/","name":"voyage-aventure.com","description":"Votre passeport pour l\u2019inattendu.","publisher":{"@id":"https:\/\/voyage-aventure.com\/blog\/#organization"},"alternateName":"Votre passeport pour l\u2019inattendu.","potentialAction":[{"@type":"SearchAction","target":{"@type":"EntryPoint","urlTemplate":"https:\/\/voyage-aventure.com\/blog\/?s={search_term_string}"},"query-input":{"@type":"PropertyValueSpecification","valueRequired":true,"valueName":"search_term_string"}}],"inLanguage":"fr-FR"},{"@type":"Organization","@id":"https:\/\/voyage-aventure.com\/blog\/#organization","name":"Foretsensations.fr","url":"https:\/\/voyage-aventure.com\/blog\/","logo":{"@type":"ImageObject","inLanguage":"fr-FR","@id":"https:\/\/voyage-aventure.com\/blog\/#\/schema\/logo\/image\/","url":"https:\/\/voyage-aventure.com\/blog\/wp-content\/uploads\/2024\/12\/19.png","contentUrl":"https:\/\/voyage-aventure.com\/blog\/wp-content\/uploads\/2024\/12\/19.png","width":512,"height":512,"caption":"Foretsensations.fr"},"image":{"@id":"https:\/\/voyage-aventure.com\/blog\/#\/schema\/logo\/image\/"}},{"@type":"Person","@id":"https:\/\/voyage-aventure.com\/blog\/#\/schema\/person\/3c864cdc320801e3db34b663e7e3f816","name":"Camille Rouvray","image":{"@type":"ImageObject","inLanguage":"fr-FR","@id":"https:\/\/voyage-aventure.com\/blog\/#\/schema\/person\/image\/","url":"https:\/\/voyage-aventure.com\/blog\/wp-content\/uploads\/2026\/06\/persona_camille-r-96x96.jpg","contentUrl":"https:\/\/voyage-aventure.com\/blog\/wp-content\/uploads\/2026\/06\/persona_camille-r-96x96.jpg","caption":"Camille Rouvray"},"description":"Je voyage et j'\u00e9cris sur le voyage depuis une douzaine d'ann\u00e9es, d'abord en tant que routarde au long cours, puis comme r\u00e9dactrice sp\u00e9cialis\u00e9e. Mon terrain de pr\u00e9dilection, ce sont les circuits organis\u00e9s et l'art de bien pr\u00e9parer un itin\u00e9raire : choix de la saison, dur\u00e9e r\u00e9aliste des \u00e9tapes, budget jour par jour, logement et transport sur place. J'aime aussi raconter les p\u00e9pites urbaines, ces adresses qu'on ne trouve pas dans les guides classiques. Avant de publier un dossier destination, je croise toujours plusieurs sources, je v\u00e9rifie les tarifs et les formalit\u00e9s d'entr\u00e9e \u00e0 jour, et je teste moi-m\u00eame quand je le peux. Mon angle reste pratique avant tout : aider le lecteur \u00e0 partir l'esprit tranquille, sans mauvaise surprise une fois sur place. Je m'attache \u00e0 distinguer le coup de c\u0153ur sinc\u00e8re du simple argument marketing.","sameAs":["https:\/\/camillerouvray.fr\/"],"url":"https:\/\/voyage-aventure.com\/blog\/auteur\/noname\/"}]}},"_links":{"self":[{"href":"https:\/\/voyage-aventure.com\/blog\/wp-json\/wp\/v2\/posts\/18926","targetHints":{"allow":["GET"]}}],"collection":[{"href":"https:\/\/voyage-aventure.com\/blog\/wp-json\/wp\/v2\/posts"}],"about":[{"href":"https:\/\/voyage-aventure.com\/blog\/wp-json\/wp\/v2\/types\/post"}],"author":[{"embeddable":true,"href":"https:\/\/voyage-aventure.com\/blog\/wp-json\/wp\/v2\/users\/34"}],"replies":[{"embeddable":true,"href":"https:\/\/voyage-aventure.com\/blog\/wp-json\/wp\/v2\/comments?post=18926"}],"version-history":[{"count":3,"href":"https:\/\/voyage-aventure.com\/blog\/wp-json\/wp\/v2\/posts\/18926\/revisions"}],"predecessor-version":[{"id":23156,"href":"https:\/\/voyage-aventure.com\/blog\/wp-json\/wp\/v2\/posts\/18926\/revisions\/23156"}],"wp:featuredmedia":[{"embeddable":true,"href":"https:\/\/voyage-aventure.com\/blog\/wp-json\/wp\/v2\/media\/19294"}],"wp:attachment":[{"href":"https:\/\/voyage-aventure.com\/blog\/wp-json\/wp\/v2\/media?parent=18926"}],"wp:term":[{"taxonomy":"category","embeddable":true,"href":"https:\/\/voyage-aventure.com\/blog\/wp-json\/wp\/v2\/categories?post=18926"},{"taxonomy":"post_tag","embeddable":true,"href":"https:\/\/voyage-aventure.com\/blog\/wp-json\/wp\/v2\/tags?post=18926"}],"curies":[{"name":"wp","href":"https:\/\/api.w.org\/{rel}","templated":true}]}}