{"id":18923,"date":"2026-06-16T18:10:55","date_gmt":"2026-06-16T16:10:55","guid":{"rendered":"https:\/\/voyage-aventure.com\/blog\/?p=18923"},"modified":"2026-06-16T18:10:55","modified_gmt":"2026-06-16T16:10:55","slug":"decouvrez-cancun-2025-vacances-inoubliables-a-prix-mini-entre-plages-et-culture","status":"publish","type":"post","link":"https:\/\/voyage-aventure.com\/blog\/a-la-une\/decouvrez-cancun-2025-vacances-inoubliables-a-prix-mini-entre-plages-et-culture\/","title":{"rendered":"D\u00e9couvrez Canc\u00fan 2025 : vacances inoubliables \u00e0 prix mini entre plages et culture"},"content":{"rendered":"<link rel=\"stylesheet\" href=\"https:\/\/fonts.googleapis.com\/css2?family=Fraunces:opsz,wght@9..144,500;9..144,600;9..144,900&#038;family=Inter:wght@400;500;600;700&#038;family=JetBrains+Mono:wght@500&#038;display=swap\">\n<style>\n.va-gl-wrap{font-family:'Inter',-apple-system,BlinkMacSystemFont,sans-serif;color:#243033;line-height:1.65;font-size:17px;}\n.va-gl-wrap h2{font-family:'Fraunces','Georgia',serif;font-weight:900;font-size:clamp(25px,3.4vw,35px);letter-spacing:-0.015em;color:#10302f;margin:52px 0 16px;line-height:1.15;}\n.va-gl-wrap h3{font-family:'Fraunces','Georgia',serif;font-weight:600;font-size:clamp(19px,2.2vw,23px);color:#10302f;margin:26px 0 8px;}\n.va-gl-wrap p{margin:0 0 18px;}\n.va-gl-kick{font-family:'JetBrains Mono',monospace;font-size:12px;font-weight:500;text-transform:uppercase;letter-spacing:2.6px;color:#0f8a82;display:block;margin-bottom:10px;}\n.va-gl-lead{font-size:20px;line-height:1.55;color:#34474a;font-weight:500;margin:8px 0 30px;letter-spacing:-0.005em;}\n.va-gl-carnet{background:linear-gradient(135deg,#f1faf8,#eaf6f4);border:1px solid #cfe9e4;border-radius:14px;padding:26px 28px;margin:30px 0;box-shadow:0 1px 2px rgba(16,48,47,.05),0 16px 34px -22px rgba(16,48,47,.3);}\n.va-gl-carnet-grid{display:grid;grid-template-columns:repeat(auto-fit,minmax(150px,1fr));gap:14px;margin-top:8px;}\n.va-gl-cn{background:#fff;border:1px solid #d8ece8;border-radius:10px;padding:14px 16px;}\n.va-gl-cn-l{font-family:'JetBrains Mono',monospace;font-size:10.5px;text-transform:uppercase;letter-spacing:1.6px;color:#0f8a82;display:block;margin-bottom:5px;}\n.va-gl-cn-v{font-size:15px;font-weight:600;color:#1a2c2a;line-height:1.4;}\n.va-gl-grid{display:grid;grid-template-columns:repeat(auto-fit,minmax(230px,1fr));gap:16px;margin:26px 0;}\n.va-gl-card{background:#fff;border:1px solid #e3ece9;border-top:3px solid #0f8a82;border-radius:10px;padding:20px 20px 18px;transition:transform .25s ease,box-shadow .25s ease;box-shadow:0 1px 2px rgba(16,48,47,.05);}\n.va-gl-card:hover{transform:translateY(-3px);box-shadow:0 14px 30px -16px rgba(16,48,47,.32);}\n.va-gl-card h3{margin:0 0 7px;font-size:18px;}\n.va-gl-card-txt{font-size:14.5px;line-height:1.6;color:#48595c;}\n.va-gl-tip{font-family:'JetBrains Mono',monospace;font-size:11px;text-transform:uppercase;letter-spacing:1px;color:#c97a1f;display:block;margin-top:10px;}\n.va-gl-pq{margin:40px auto;padding:26px 24px;text-align:center;border-top:1px solid #0f8a82;border-bottom:1px solid #0f8a82;max-width:640px;position:relative;}\n.va-gl-pq-q{font-family:'Fraunces','Georgia',serif;font-size:25px;line-height:1.45;font-style:italic;font-weight:500;color:#10302f;}\n.va-gl-pq-c{display:block;margin-top:13px;font-family:'JetBrains Mono',monospace;font-size:11px;text-transform:uppercase;letter-spacing:2px;color:#5a6b6d;}\n.va-gl-tablewrap{overflow-x:auto;border:1px solid #e3ece9;border-radius:12px;margin:26px 0;box-shadow:0 12px 28px -22px rgba(16,48,47,.3);}\n.va-gl-table{width:100%;border-collapse:collapse;font-size:14.5px;min-width:480px;}\n.va-gl-table thead tr{background:#10302f;color:#fff;}\n.va-gl-table th{text-align:left;padding:13px 16px;font-family:'JetBrains Mono',monospace;font-size:11px;text-transform:uppercase;letter-spacing:1.3px;font-weight:500;}\n.va-gl-table td{padding:13px 16px;color:#3a4b4e;}\n.va-gl-table tbody tr:nth-child(odd){background:#fff;}\n.va-gl-table tbody tr:nth-child(even){background:#f3faf8;}\n.va-gl-table td:first-child{font-weight:600;color:#1a2c2a;}\n.va-gl-budget{list-style:none;margin:24px 0;padding:0;display:grid;gap:10px;}\n.va-gl-budget li{display:flex;justify-content:space-between;align-items:baseline;gap:14px;background:#f5faf9;border:1px solid #dfeeeb;border-left:4px solid #0f8a82;border-radius:8px;padding:13px 18px;font-size:15px;}\n.va-gl-budget li span:last-child{font-family:'JetBrains Mono',monospace;font-weight:500;color:#10302f;white-space:nowrap;}\n.va-gl-checks{display:grid;grid-template-columns:repeat(auto-fit,minmax(250px,1fr));gap:16px;margin:26px 0;}\n.va-gl-do,.va-gl-dont{background:#fafdfc;border:1px solid #dfeeeb;border-radius:10px;padding:20px 22px;}\n.va-gl-do{border-top:4px solid #0f8a82;}\n.va-gl-dont{border-top:4px solid #c0533a;}\n.va-gl-do h3,.va-gl-dont h3{margin:0 0 12px;font-family:'JetBrains Mono',monospace;font-size:12px;text-transform:uppercase;letter-spacing:1.6px;}\n.va-gl-do h3{color:#0c6a64;}\n.va-gl-dont h3{color:#9c3d28;}\n.va-gl-do ul,.va-gl-dont ul{margin:0;padding:0;list-style:none;}\n.va-gl-do li,.va-gl-dont li{display:flex;gap:10px;align-items:flex-start;padding:7px 0;font-size:14.5px;line-height:1.5;border-bottom:1px solid #ecf3f1;}\n.va-gl-do li:last-child,.va-gl-dont li:last-child{border-bottom:none;}\n.va-gl-do li span:first-child{color:#0f8a82;font-weight:700;}\n.va-gl-dont li span:first-child{color:#c0533a;font-weight:700;}\n.va-gl-retenir{background:#10302f;border-radius:14px;padding:26px 28px;margin:38px 0;}\n.va-gl-retenir-k{font-family:'JetBrains Mono',monospace;font-size:11px;text-transform:uppercase;letter-spacing:2.4px;color:#5cc7bd;display:block;margin-bottom:16px;}\n.va-gl-retenir-grid{display:grid;grid-template-columns:repeat(auto-fit,minmax(230px,1fr));gap:10px;}\n.va-gl-rt{display:flex;gap:12px;background:rgba(255,255,255,.06);border:1px solid rgba(92,199,189,.25);border-radius:8px;padding:13px 15px;align-items:flex-start;}\n.va-gl-rt span:first-child{flex:0 0 24px;width:24px;height:24px;background:#0f8a82;color:#fff;border-radius:50%;display:inline-flex;align-items:center;justify-content:center;font-family:'JetBrains Mono',monospace;font-size:11px;font-weight:500;}\n.va-gl-rt span:last-child{font-size:14px;line-height:1.5;color:#e6f4f2;}\n.va-gl-faq{margin:38px 0;}\n.va-gl-faq>h2{margin-bottom:6px;}\n.va-gl-faq-list{border-top:1px solid #cfe1de;}\n.va-gl-faq details{border-bottom:1px solid #cfe1de;}\n.va-gl-faq summary{cursor:pointer;padding:17px 0;font-family:'Fraunces','Georgia',serif;font-size:18px;font-weight:600;color:#10302f;list-style:none;display:flex;justify-content:space-between;align-items:center;gap:14px;}\n.va-gl-faq summary::-webkit-details-marker{display:none;}\n.va-gl-faq summary span:last-child{font-size:24px;font-weight:300;color:#0f8a82;line-height:1;flex:0 0 auto;}\n.va-gl-faq details[open] summary span:last-child{color:#c97a1f;}\n.va-gl-faq-a{padding:0 0 17px;font-size:15px;line-height:1.7;color:#48595c;}\n.va-gl-note{font-size:13.5px;line-height:1.6;color:#6a7b7d;font-style:italic;border-left:3px solid #cfe1de;padding:4px 0 4px 16px;margin:30px 0 0;}\n\/*RENDERFIX2*\/.va-gl-table thead tr{color:#eef3f9!important}.va-gl-table thead tr p,.va-gl-table thead tr li,.va-gl-table thead tr strong,.va-gl-table thead tr em,.va-gl-table thead tr a,.va-gl-table thead tr span,.va-gl-table thead tr b,.va-gl-table thead tr td,.va-gl-table thead tr th,.va-gl-table thead tr h2,.va-gl-table thead tr h3,.va-gl-table thead tr h4{color:#eef3f9!important}.va-gl-table thead tr strong,.va-gl-table thead tr b{color:#ffffff!important}.va-gl-retenir{color:#eef3f9!important}.va-gl-retenir p,.va-gl-retenir li,.va-gl-retenir strong,.va-gl-retenir em,.va-gl-retenir a,.va-gl-retenir span,.va-gl-retenir b,.va-gl-retenir td,.va-gl-retenir th,.va-gl-retenir h2,.va-gl-retenir h3,.va-gl-retenir h4{color:#eef3f9!important}.va-gl-retenir strong,.va-gl-retenir b{color:#ffffff!important}.va-gl-rt span:first-child{color:#eef3f9!important}.va-gl-rt span:first-child p,.va-gl-rt span:first-child li,.va-gl-rt span:first-child strong,.va-gl-rt span:first-child em,.va-gl-rt span:first-child a,.va-gl-rt span:first-child span,.va-gl-rt span:first-child b,.va-gl-rt span:first-child td,.va-gl-rt span:first-child th,.va-gl-rt span:first-child h2,.va-gl-rt span:first-child h3,.va-gl-rt span:first-child h4{color:#eef3f9!important}.va-gl-rt span:first-child strong,.va-gl-rt span:first-child b{color:#ffffff!important}<\/style>\n<div class=\"va-gl-wrap\">\n<span class=\"va-gl-kick\">Mexique \u00b7 Riviera Maya<\/span><\/p>\n<p class=\"va-gl-lead\">Plages turquoise, cit\u00e9s mayas et c\u00e9notes \u00e0 perte de vue : Canc\u00fan condense en une seule destination la carte postale des Cara\u00efbes et l&rsquo;aventure culturelle. Voici comment l&rsquo;organiser sans exploser votre budget en 2025.<\/p>\n<div class=\"va-gl-carnet\">\n<span class=\"va-gl-kick\">Carnet pratique<\/span><\/p>\n<div class=\"va-gl-carnet-grid\">\n<div class=\"va-gl-cn\"><span class=\"va-gl-cn-l\">Meilleure p\u00e9riode<\/span><span class=\"va-gl-cn-v\">Mai \u00e0 octobre (calme &amp; prix doux)<\/span><\/div>\n<div class=\"va-gl-cn\"><span class=\"va-gl-cn-l\">Dur\u00e9e id\u00e9ale<\/span><span class=\"va-gl-cn-v\">10 jours<\/span><\/div>\n<div class=\"va-gl-cn\"><span class=\"va-gl-cn-l\">Budget indicatif<\/span><span class=\"va-gl-cn-v\">\u2248 1 790 \u20ac \/ pers. (hors activit\u00e9s)<\/span><\/div>\n<div class=\"va-gl-cn\"><span class=\"va-gl-cn-l\">Incontournables<\/span><span class=\"va-gl-cn-v\">Playa Delfines \u00b7 Xplor \u00b7 c\u00e9notes<\/span><\/div>\n<div class=\"va-gl-cn\"><span class=\"va-gl-cn-l\">S&rsquo;y rendre<\/span><span class=\"va-gl-cn-v\">Vol direct Paris\u2013Canc\u00fan<\/span><\/div>\n<\/div>\n<\/div>\n<h2>Pourquoi choisir Canc\u00fan pour vos prochaines vacances&nbsp;?<\/h2>\n<p>Cette destination offre bien plus que des vacances \u00e0 la plage&nbsp;: elle propose une immersion dans la culture maya et des aventures inoubliables. Que vous voyagiez en couple, en famille ou entre amis, Canc\u00fan saura plaire \u00e0 tous les go\u00fbts.<\/p>\n<p>Les activit\u00e9s ne manquent pas dans cette station baln\u00e9aire anim\u00e9e. Vous pouvez explorer des sites arch\u00e9ologiques, vous adonner \u00e0 des sports nautiques ou simplement profiter de la vie nocturne effervescente. La proximit\u00e9 de la for\u00eat tropicale, des c\u00e9notes et de la <strong>Riviera Maya<\/strong> \u2014 avec <strong>Playa del Carmen<\/strong> et <strong>Tulum<\/strong> \u00e0 port\u00e9e d&rsquo;excursion \u2014 en fait un point de chute id\u00e9al pour les amoureux de la nature.<\/p>\n<figure class=\"va-gl-pq\">\n<div class=\"va-gl-pq-q\">\u00ab&nbsp;Canc\u00fan, c&rsquo;est bien plus que des plages, c&rsquo;est une aventure humaine et culturelle.&nbsp;\u00bb<\/div>\n<p><span class=\"va-gl-pq-c\">\u2014 Expert en voyages<\/span><br \/>\n<\/figure>\n<h2>Activit\u00e9s incontournables \u00e0 Canc\u00fan<\/h2>\n<p>Lors de votre s\u00e9jour, plusieurs activit\u00e9s s&rsquo;offrent \u00e0 vous, de la baignade tranquille aux parcs \u00e0 sensations. Voici les exp\u00e9riences \u00e0 ne pas manquer pour savoir <strong>que faire \u00e0 Canc\u00fan<\/strong> et dans ses environs.<\/p>\n<div class=\"va-gl-grid\">\n<article class=\"va-gl-card\">\n<h3>Playa Delfines<\/h3>\n<div class=\"va-gl-card-txt\">La c\u00e9l\u00e8bre plage publique connue pour ses vagues, son ambiance conviviale et son embl\u00e9matique panneau \u00ab&nbsp;Canc\u00fan&nbsp;\u00bb. L&rsquo;endroit parfait pour des photos m\u00e9morables et une baignade revigorante.<\/div>\n<p><span class=\"va-gl-tip\">Tip \u00b7 id\u00e9al au lever du jour<\/span><br \/>\n<\/article>\n<article class=\"va-gl-card\">\n<h3>Parc Xplor \u2014 Playa del Carmen<\/h3>\n<div class=\"va-gl-card-txt\">Tyroliennes, rivi\u00e8res souterraines et v\u00e9hicules amphibies pour une journ\u00e9e d&rsquo;adr\u00e9naline. Le billet d&rsquo;entr\u00e9e inclut la nourriture et les boissons \u00e0 volont\u00e9.<\/div>\n<p><span class=\"va-gl-tip\">Tip \u00b7 pour les amateurs de sensations<\/span><br \/>\n<\/article>\n<article class=\"va-gl-card\">\n<h3>C\u00e9notes &amp; nature<\/h3>\n<div class=\"va-gl-card-txt\">\u00c0 la lisi\u00e8re de la for\u00eat tropicale, les c\u00e9notes offrent une baignade unique en eau douce cristalline. Un contraste rafra\u00eechissant avec les plages des Cara\u00efbes.<\/div>\n<p><span class=\"va-gl-tip\">Tip \u00b7 combinez avec une excursion vers Tulum<\/span><br \/>\n<\/article>\n<\/div>\n<h3>Quelles sont les plus belles plages de Canc\u00fan&nbsp;?<\/h3>\n<p>La <strong>Playa Delfines<\/strong> reste la plus embl\u00e9matique pour son panorama et son panneau photo. Le long de la zone h\u00f4teli\u00e8re, les plages alternent eau turquoise et sable blanc&nbsp;; pour des \u00e9tendues plus sauvages, mettez le cap au sud vers <strong>Playa del Carmen<\/strong> et <strong>Tulum<\/strong>, sur la Riviera Maya.<\/p>\n<h3>Que faire \u00e0 Canc\u00fan le soir&nbsp;?<\/h3>\n<p>La vie nocturne fait partie de l&rsquo;ADN de Canc\u00fan&nbsp;: la zone h\u00f4teli\u00e8re concentre bars, clubs et restaurants anim\u00e9s. Pour une soir\u00e9e plus douce, optez pour un d\u00eener en bord de plage ou une balade le long du front de mer apr\u00e8s le coucher du soleil.<\/p>\n<h2>Meilleures p\u00e9riodes pour visiter Canc\u00fan<\/h2>\n<p>La p\u00e9riode id\u00e9ale d\u00e9pend de vos pr\u00e9f\u00e9rences. Pour le calme et des prix plus abordables, partez entre mai et octobre, en dehors des vacances scolaires&nbsp;: vous profiterez des plages sans la foule. Pour l&rsquo;effervescence de la ville, optez plut\u00f4t pour d\u00e9cembre \u00e0 mars \u2014 en acceptant des tarifs plus \u00e9lev\u00e9s et une fr\u00e9quentation accrue, notamment lors de festivals comme le Canc\u00fan-Riviera Maya Wine and Food Festival, vitrine gastronomique de divers pays.<\/p>\n<div class=\"va-gl-tablewrap\">\n<table class=\"va-gl-table\">\n<thead>\n<tr>\n<th>P\u00e9riode<\/th>\n<th>Affluence<\/th>\n<th>Ambiance<\/th>\n<th>Prix<\/th>\n<\/tr>\n<\/thead>\n<tbody>\n<tr>\n<td>Mai \u2192 octobre<\/td>\n<td>Faible<\/td>\n<td>Calme, plages d\u00e9gag\u00e9es<\/td>\n<td>Plus abordables<\/td>\n<\/tr>\n<tr>\n<td>D\u00e9cembre \u2192 mars<\/td>\n<td>\u00c9lev\u00e9e<\/td>\n<td>Festive, festivals<\/td>\n<td>Plus \u00e9lev\u00e9s<\/td>\n<\/tr>\n<\/tbody>\n<\/table>\n<\/div>\n<p><iframe loading=\"lazy\" title=\"Que faire \u00e0 Merida ? Vlog voyage Mexique\" width=\"1200\" height=\"675\" src=\"https:\/\/www.youtube.com\/embed\/4pWL8sbOGsc?feature=oembed\" frameborder=\"0\" allow=\"accelerometer; autoplay; clipboard-write; encrypted-media; gyroscope; picture-in-picture; web-share\" referrerpolicy=\"strict-origin-when-cross-origin\" allowfullscreen><\/iframe><\/p>\n<h2>Budget pour un s\u00e9jour \u00e0 Canc\u00fan<\/h2>\n<p>Le co\u00fbt de la vie \u00e0 Canc\u00fan est g\u00e9n\u00e9ralement inf\u00e9rieur de 20&nbsp;% \u00e0 celui de la France, ce qui rend la destination accessible. Les prix des restaurants sont plus bas, m\u00eame si le co\u00fbt des h\u00f4tels varie selon la saison. Pour un s\u00e9jour de 10 jours, voici une estimation par poste, vols, h\u00e9bergement et repas compris.<\/p>\n<ul class=\"va-gl-budget\">\n<li><span>Vol Paris-Canc\u00fan aller-retour<\/span><span>\u2248 890 \u20ac \/ pers.<\/span><\/li>\n<li><span>H\u00e9bergement (h\u00f4tel 2-3 \u00e9toiles)<\/span><span>50 \u20ac \/ nuit<\/span><\/li>\n<li><span>Repas (restaurants abordables)<\/span><span>30 \u20ac \/ jour<\/span><\/li>\n<li><span>Transports (taxis &amp; transports en commun)<\/span><span>10 \u20ac \/ jour<\/span><\/li>\n<li><span>Budget total sans activit\u00e9s<\/span><span>\u2248 1 790 \u20ac \/ pers.<\/span><\/li>\n<\/ul>\n<h2>Conseils pratiques : s\u00e9curit\u00e9, m\u00e9t\u00e9o et bons r\u00e9flexes<\/h2>\n<p>Quelques rep\u00e8res pour partir sereinement et profiter pleinement de la <strong>Riviera Maya<\/strong>.<\/p>\n<div class=\"va-gl-checks\">\n<div class=\"va-gl-do\">\n<h3>\u00c0 faire<\/h3>\n<ul>\n<li><span>\u2713<\/span><span>R\u00e9server entre mai et octobre pour des prix doux<\/span><\/li>\n<li><span>\u2713<\/span><span>Pr\u00e9voir une excursion vers Playa del Carmen ou Tulum<\/span><\/li>\n<li><span>\u2713<\/span><span>Tester les c\u00e9notes en compl\u00e9ment des plages<\/span><\/li>\n<li><span>\u2713<\/span><span>Profiter de la mer chaude toute l&rsquo;ann\u00e9e<\/span><\/li>\n<\/ul>\n<\/div>\n<div class=\"va-gl-dont\">\n<h3>\u00c0 \u00e9viter<\/h3>\n<ul>\n<li><span>\u2715<\/span><span>Viser d\u00e9cembre-mars si vous fuyez la foule<\/span><\/li>\n<li><span>\u2715<\/span><span>Sous-estimer le budget vol, premier poste de d\u00e9pense<\/span><\/li>\n<li><span>\u2715<\/span><span>Rester cantonn\u00e9 \u00e0 la plage en ignorant la culture maya<\/span><\/li>\n<li><span>\u2715<\/span><span>Oublier la cr\u00e8me solaire pour les c\u00e9notes et la baignade<\/span><\/li>\n<\/ul>\n<\/div>\n<\/div>\n<div class=\"va-gl-retenir\">\n<span class=\"va-gl-retenir-k\">\u00c0 retenir<\/span><\/p>\n<div class=\"va-gl-retenir-grid\">\n<div class=\"va-gl-rt\"><span>1<\/span><span>Canc\u00fan m\u00eale plages des Cara\u00efbes et culture maya en une seule destination.<\/span><\/div>\n<div class=\"va-gl-rt\"><span>2<\/span><span>Mai \u00e0 octobre = calme et tarifs plus doux ; d\u00e9cembre \u00e0 mars = festif mais cher.<\/span><\/div>\n<div class=\"va-gl-rt\"><span>3<\/span><span>Comptez environ 1 790 \u20ac \/ pers. pour 10 jours, hors activit\u00e9s.<\/span><\/div>\n<div class=\"va-gl-rt\"><span>4<\/span><span>Playa del Carmen et Tulum sont \u00e0 port\u00e9e d&rsquo;excursion sur la Riviera Maya.<\/span><\/div>\n<div class=\"va-gl-rt\"><span>5<\/span><span>C\u00e9notes et for\u00eat tropicale compl\u00e8tent id\u00e9alement les journ\u00e9es plage.<\/span><\/div>\n<\/div>\n<\/div>\n<section class=\"va-gl-faq\">\n<h2>Questions fr\u00e9quentes sur Canc\u00fan<\/h2>\n<div class=\"va-gl-faq-list\">\n<details>\n<summary><span>Est-ce que Canc\u00fan est dangereux&nbsp;?<\/span><span>+<\/span><\/summary>\n<div class=\"va-gl-faq-a\">Canc\u00fan est consid\u00e9r\u00e9 comme un endroit s\u00fbr pour les touristes. Malgr\u00e9 quelques rumeurs, la ville a mis en place des mesures de s\u00e9curit\u00e9 pour assurer le bien-\u00eatre de ses visiteurs. En restant dans la zone h\u00f4teli\u00e8re et touristique et en gardant les r\u00e9flexes de prudence habituels, vous pouvez profiter de votre s\u00e9jour en toute tranquillit\u00e9.<\/div>\n<\/details>\n<details>\n<summary><span>Quelles sont les plus belles plages de Canc\u00fan&nbsp;?<\/span><span>+<\/span><\/summary>\n<div class=\"va-gl-faq-a\">La Playa Delfines est la plus embl\u00e9matique pour son panorama et son panneau photo. La zone h\u00f4teli\u00e8re aligne plusieurs plages d&rsquo;eau turquoise et de sable blanc, tandis que la Riviera Maya \u2014 Playa del Carmen et Tulum \u2014 offre des \u00e9tendues plus sauvages au sud.<\/div>\n<\/details>\n<details>\n<summary><span>Que faire \u00e0 Canc\u00fan le soir&nbsp;?<\/span><span>+<\/span><\/summary>\n<div class=\"va-gl-faq-a\">La zone h\u00f4teli\u00e8re concentre bars, clubs et restaurants anim\u00e9s pour les amateurs de vie nocturne. Pour une ambiance plus calme, privil\u00e9giez un d\u00eener en bord de mer ou une promenade le long du front de mer apr\u00e8s le coucher du soleil.<\/div>\n<\/details>\n<details>\n<summary><span>Quand est-il pr\u00e9f\u00e9rable de se baigner \u00e0 Canc\u00fan&nbsp;?<\/span><span>+<\/span><\/summary>\n<div class=\"va-gl-faq-a\">La baignade est agr\u00e9able toute l&rsquo;ann\u00e9e. La temp\u00e9rature de l&rsquo;eau varie l\u00e9g\u00e8rement, atteignant entre 24&nbsp;\u00b0C et 27&nbsp;\u00b0C en hiver, et entre 26&nbsp;\u00b0C et 30&nbsp;\u00b0C durant l&rsquo;\u00e9t\u00e9. Quel que soit le mois, vous profiterez d&rsquo;une mer chaude et limpide.<\/div>\n<\/details>\n<details>\n<summary><span>Que faire \u00e0 Canc\u00fan quand il pleut&nbsp;?<\/span><span>+<\/span><\/summary>\n<div class=\"va-gl-faq-a\">Les averses tropicales sont souvent br\u00e8ves. Profitez-en pour visiter les sites arch\u00e9ologiques mayas, explorer les c\u00e9notes (la baignade reste agr\u00e9able sous la pluie) ou rejoindre un parc couvert et des activit\u00e9s souterraines comme celles du parc Xplor \u00e0 Playa del Carmen.<\/div>\n<\/details>\n<details>\n<summary><span>Quels sont les attraits principaux de Canc\u00fan&nbsp;?<\/span><span>+<\/span><\/summary>\n<div class=\"va-gl-faq-a\">La ville est c\u00e9l\u00e8bre pour ses plages magnifiques, ses sports nautiques et ses sites historiques. Les vestiges de la civilisation maya, associ\u00e9s \u00e0 la vie nocturne vibrante, font de Canc\u00fan une destination de choix pour les voyageurs en qu\u00eate d&rsquo;aventure.<\/div>\n<\/details>\n<\/div>\n<\/section>\n<div class=\"va-gl-note\">Les prix indiqu\u00e9s sont ceux relev\u00e9s \u00e0 la r\u00e9daction de cet article (2025) et donn\u00e9s \u00e0 titre indicatif&nbsp;; ils varient selon la saison et la p\u00e9riode de r\u00e9servation.<\/div>\n<\/div>\n","protected":false},"excerpt":{"rendered":"","protected":false},"author":34,"featured_media":19302,"comment_status":"open","ping_status":"open","sticky":false,"template":"","format":"standard","meta":{"_acf_changed":false,"manual_indexmenow":false,"indexmenow_id_project":0,"footnotes":""},"categories":[1],"tags":[4537,4535,4528,4769,4635],"class_list":["post-18923","post","type-post","status-publish","format-standard","has-post-thumbnail","hentry","category-a-la-une","tag-activites-nautiques","tag-gastronomie-locale","tag-hebergement-abordable","tag-immersion-culturelle","tag-voyage","generate-columns","tablet-grid-50","mobile-grid-100","grid-parent","grid-25"],"acf":[],"yoast_head":"<!-- This site is optimized with the Yoast SEO Premium plugin v21.3 (Yoast SEO v25.1) - https:\/\/yoast.com\/wordpress\/plugins\/seo\/ -->\n<title>D\u00e9couvrez Canc\u00fan 2025 : vacances inoubliables \u00e0 prix mini<\/title>\n<meta name=\"description\" content=\"Plages turquoise, cit\u00e9s mayas et c\u00e9notes \u00e0 perte de vue : Canc\u00fan condense en une seule destination la carte postale des Cara\u00efbes et l&#039;aventure culturelle\" \/>\n<meta name=\"robots\" content=\"index, follow, max-snippet:-1, max-image-preview:large, max-video-preview:-1\" \/>\n<link rel=\"canonical\" href=\"https:\/\/voyage-aventure.com\/blog\/a-la-une\/decouvrez-cancun-2025-vacances-inoubliables-a-prix-mini-entre-plages-et-culture\/\" \/>\n<meta property=\"og:locale\" content=\"fr_FR\" \/>\n<meta property=\"og:type\" content=\"article\" \/>\n<meta property=\"og:title\" content=\"D\u00e9couvrez Canc\u00fan 2025 : vacances inoubliables \u00e0 prix mini\" \/>\n<meta property=\"og:description\" content=\"Plages turquoise, cit\u00e9s mayas et c\u00e9notes \u00e0 perte de vue : Canc\u00fan condense en une seule destination la carte postale des Cara\u00efbes et l&#039;aventure culturelle\" \/>\n<meta property=\"og:url\" content=\"https:\/\/voyage-aventure.com\/blog\/a-la-une\/decouvrez-cancun-2025-vacances-inoubliables-a-prix-mini-entre-plages-et-culture\/\" \/>\n<meta property=\"og:site_name\" content=\"voyage-aventure\" \/>\n<meta property=\"og:image\" content=\"https:\/\/voyage-aventure.com\/blog\/wp-content\/uploads\/2025\/05\/sdxl-d1d56c55fb657c4e1399ca0ba83ea4db-scaled.png\" \/>\n\t<meta property=\"og:image:width\" content=\"1200\" \/>\n\t<meta property=\"og:image:height\" content=\"500\" \/>\n\t<meta property=\"og:image:type\" content=\"image\/png\" \/>\n<meta name=\"author\" content=\"Camille Rouvray\" \/>\n<meta name=\"twitter:card\" content=\"summary_large_image\" \/>\n<script type=\"application\/ld+json\" class=\"yoast-schema-graph\">{\"@context\":\"https:\/\/schema.org\",\"@graph\":[{\"@type\":\"NewsArticle\",\"@id\":\"https:\/\/voyage-aventure.com\/blog\/a-la-une\/decouvrez-cancun-2025-vacances-inoubliables-a-prix-mini-entre-plages-et-culture\/#article\",\"isPartOf\":{\"@id\":\"https:\/\/voyage-aventure.com\/blog\/a-la-une\/decouvrez-cancun-2025-vacances-inoubliables-a-prix-mini-entre-plages-et-culture\/\"},\"author\":{\"name\":\"Camille Rouvray\",\"@id\":\"https:\/\/voyage-aventure.com\/blog\/#\/schema\/person\/3c864cdc320801e3db34b663e7e3f816\"},\"headline\":\"D\u00e9couvrez Canc\u00fan 2025 : vacances inoubliables \u00e0 prix mini entre plages et culture\",\"datePublished\":\"2026-06-16T16:10:55+00:00\",\"mainEntityOfPage\":{\"@id\":\"https:\/\/voyage-aventure.com\/blog\/a-la-une\/decouvrez-cancun-2025-vacances-inoubliables-a-prix-mini-entre-plages-et-culture\/\"},\"wordCount\":1288,\"commentCount\":27,\"publisher\":{\"@id\":\"https:\/\/voyage-aventure.com\/blog\/#organization\"},\"image\":{\"@id\":\"https:\/\/voyage-aventure.com\/blog\/a-la-une\/decouvrez-cancun-2025-vacances-inoubliables-a-prix-mini-entre-plages-et-culture\/#primaryimage\"},\"thumbnailUrl\":\"https:\/\/voyage-aventure.com\/blog\/wp-content\/uploads\/2025\/05\/sdxl-d1d56c55fb657c4e1399ca0ba83ea4db-scaled.png\",\"keywords\":[\"Activit\u00e9s Nautiques\",\"Gastronomie Locale\",\"H\u00e9bergement Abordable\",\"Immersion Culturelle\",\"Voyage\"],\"articleSection\":[\"\u00c0 la une\"],\"inLanguage\":\"fr-FR\",\"potentialAction\":[{\"@type\":\"CommentAction\",\"name\":\"Comment\",\"target\":[\"https:\/\/voyage-aventure.com\/blog\/a-la-une\/decouvrez-cancun-2025-vacances-inoubliables-a-prix-mini-entre-plages-et-culture\/#respond\"]}]},{\"@type\":\"WebPage\",\"@id\":\"https:\/\/voyage-aventure.com\/blog\/a-la-une\/decouvrez-cancun-2025-vacances-inoubliables-a-prix-mini-entre-plages-et-culture\/\",\"url\":\"https:\/\/voyage-aventure.com\/blog\/a-la-une\/decouvrez-cancun-2025-vacances-inoubliables-a-prix-mini-entre-plages-et-culture\/\",\"name\":\"D\u00e9couvrez Canc\u00fan 2025 : vacances inoubliables \u00e0 prix mini\",\"isPartOf\":{\"@id\":\"https:\/\/voyage-aventure.com\/blog\/#website\"},\"primaryImageOfPage\":{\"@id\":\"https:\/\/voyage-aventure.com\/blog\/a-la-une\/decouvrez-cancun-2025-vacances-inoubliables-a-prix-mini-entre-plages-et-culture\/#primaryimage\"},\"image\":{\"@id\":\"https:\/\/voyage-aventure.com\/blog\/a-la-une\/decouvrez-cancun-2025-vacances-inoubliables-a-prix-mini-entre-plages-et-culture\/#primaryimage\"},\"thumbnailUrl\":\"https:\/\/voyage-aventure.com\/blog\/wp-content\/uploads\/2025\/05\/sdxl-d1d56c55fb657c4e1399ca0ba83ea4db-scaled.png\",\"datePublished\":\"2026-06-16T16:10:55+00:00\",\"description\":\"Plages turquoise, cit\u00e9s mayas et c\u00e9notes \u00e0 perte de vue : Canc\u00fan condense en une seule destination la carte postale des Cara\u00efbes et l'aventure culturelle\",\"inLanguage\":\"fr-FR\",\"potentialAction\":[{\"@type\":\"ReadAction\",\"target\":[\"https:\/\/voyage-aventure.com\/blog\/a-la-une\/decouvrez-cancun-2025-vacances-inoubliables-a-prix-mini-entre-plages-et-culture\/\"]}]},{\"@type\":\"ImageObject\",\"inLanguage\":\"fr-FR\",\"@id\":\"https:\/\/voyage-aventure.com\/blog\/a-la-une\/decouvrez-cancun-2025-vacances-inoubliables-a-prix-mini-entre-plages-et-culture\/#primaryimage\",\"url\":\"https:\/\/voyage-aventure.com\/blog\/wp-content\/uploads\/2025\/05\/sdxl-d1d56c55fb657c4e1399ca0ba83ea4db-scaled.png\",\"contentUrl\":\"https:\/\/voyage-aventure.com\/blog\/wp-content\/uploads\/2025\/05\/sdxl-d1d56c55fb657c4e1399ca0ba83ea4db-scaled.png\",\"width\":1200,\"height\":500},{\"@type\":\"WebSite\",\"@id\":\"https:\/\/voyage-aventure.com\/blog\/#website\",\"url\":\"https:\/\/voyage-aventure.com\/blog\/\",\"name\":\"voyage-aventure.com\",\"description\":\"Votre passeport pour l\u2019inattendu.\",\"publisher\":{\"@id\":\"https:\/\/voyage-aventure.com\/blog\/#organization\"},\"alternateName\":\"Votre passeport pour l\u2019inattendu.\",\"potentialAction\":[{\"@type\":\"SearchAction\",\"target\":{\"@type\":\"EntryPoint\",\"urlTemplate\":\"https:\/\/voyage-aventure.com\/blog\/?s={search_term_string}\"},\"query-input\":{\"@type\":\"PropertyValueSpecification\",\"valueRequired\":true,\"valueName\":\"search_term_string\"}}],\"inLanguage\":\"fr-FR\"},{\"@type\":\"Organization\",\"@id\":\"https:\/\/voyage-aventure.com\/blog\/#organization\",\"name\":\"Foretsensations.fr\",\"url\":\"https:\/\/voyage-aventure.com\/blog\/\",\"logo\":{\"@type\":\"ImageObject\",\"inLanguage\":\"fr-FR\",\"@id\":\"https:\/\/voyage-aventure.com\/blog\/#\/schema\/logo\/image\/\",\"url\":\"https:\/\/voyage-aventure.com\/blog\/wp-content\/uploads\/2024\/12\/19.png\",\"contentUrl\":\"https:\/\/voyage-aventure.com\/blog\/wp-content\/uploads\/2024\/12\/19.png\",\"width\":512,\"height\":512,\"caption\":\"Foretsensations.fr\"},\"image\":{\"@id\":\"https:\/\/voyage-aventure.com\/blog\/#\/schema\/logo\/image\/\"}},{\"@type\":\"Person\",\"@id\":\"https:\/\/voyage-aventure.com\/blog\/#\/schema\/person\/3c864cdc320801e3db34b663e7e3f816\",\"name\":\"Camille Rouvray\",\"image\":{\"@type\":\"ImageObject\",\"inLanguage\":\"fr-FR\",\"@id\":\"https:\/\/voyage-aventure.com\/blog\/#\/schema\/person\/image\/\",\"url\":\"https:\/\/voyage-aventure.com\/blog\/wp-content\/uploads\/2026\/06\/persona_camille-r-96x96.jpg\",\"contentUrl\":\"https:\/\/voyage-aventure.com\/blog\/wp-content\/uploads\/2026\/06\/persona_camille-r-96x96.jpg\",\"caption\":\"Camille Rouvray\"},\"description\":\"Je voyage et j'\u00e9cris sur le voyage depuis une douzaine d'ann\u00e9es, d'abord en tant que routarde au long cours, puis comme r\u00e9dactrice sp\u00e9cialis\u00e9e. Mon terrain de pr\u00e9dilection, ce sont les circuits organis\u00e9s et l'art de bien pr\u00e9parer un itin\u00e9raire : choix de la saison, dur\u00e9e r\u00e9aliste des \u00e9tapes, budget jour par jour, logement et transport sur place. J'aime aussi raconter les p\u00e9pites urbaines, ces adresses qu'on ne trouve pas dans les guides classiques. Avant de publier un dossier destination, je croise toujours plusieurs sources, je v\u00e9rifie les tarifs et les formalit\u00e9s d'entr\u00e9e \u00e0 jour, et je teste moi-m\u00eame quand je le peux. Mon angle reste pratique avant tout : aider le lecteur \u00e0 partir l'esprit tranquille, sans mauvaise surprise une fois sur place. Je m'attache \u00e0 distinguer le coup de c\u0153ur sinc\u00e8re du simple argument marketing.\",\"sameAs\":[\"https:\/\/camillerouvray.fr\/\"],\"url\":\"https:\/\/voyage-aventure.com\/blog\/auteur\/noname\/\"}]}<\/script>\n<!-- \/ Yoast SEO Premium plugin. -->","yoast_head_json":{"title":"D\u00e9couvrez Canc\u00fan 2025 : vacances inoubliables \u00e0 prix mini","description":"Plages turquoise, cit\u00e9s mayas et c\u00e9notes \u00e0 perte de vue : Canc\u00fan condense en une seule destination la carte postale des Cara\u00efbes et l'aventure culturelle","robots":{"index":"index","follow":"follow","max-snippet":"max-snippet:-1","max-image-preview":"max-image-preview:large","max-video-preview":"max-video-preview:-1"},"canonical":"https:\/\/voyage-aventure.com\/blog\/a-la-une\/decouvrez-cancun-2025-vacances-inoubliables-a-prix-mini-entre-plages-et-culture\/","og_locale":"fr_FR","og_type":"article","og_title":"D\u00e9couvrez Canc\u00fan 2025 : vacances inoubliables \u00e0 prix mini","og_description":"Plages turquoise, cit\u00e9s mayas et c\u00e9notes \u00e0 perte de vue : Canc\u00fan condense en une seule destination la carte postale des Cara\u00efbes et l'aventure culturelle","og_url":"https:\/\/voyage-aventure.com\/blog\/a-la-une\/decouvrez-cancun-2025-vacances-inoubliables-a-prix-mini-entre-plages-et-culture\/","og_site_name":"voyage-aventure","og_image":[{"width":1200,"height":500,"url":"https:\/\/voyage-aventure.com\/blog\/wp-content\/uploads\/2025\/05\/sdxl-d1d56c55fb657c4e1399ca0ba83ea4db-scaled.png","type":"image\/png"}],"author":"Camille Rouvray","twitter_card":"summary_large_image","schema":{"@context":"https:\/\/schema.org","@graph":[{"@type":"NewsArticle","@id":"https:\/\/voyage-aventure.com\/blog\/a-la-une\/decouvrez-cancun-2025-vacances-inoubliables-a-prix-mini-entre-plages-et-culture\/#article","isPartOf":{"@id":"https:\/\/voyage-aventure.com\/blog\/a-la-une\/decouvrez-cancun-2025-vacances-inoubliables-a-prix-mini-entre-plages-et-culture\/"},"author":{"name":"Camille Rouvray","@id":"https:\/\/voyage-aventure.com\/blog\/#\/schema\/person\/3c864cdc320801e3db34b663e7e3f816"},"headline":"D\u00e9couvrez Canc\u00fan 2025 : vacances inoubliables \u00e0 prix mini entre plages et culture","datePublished":"2026-06-16T16:10:55+00:00","mainEntityOfPage":{"@id":"https:\/\/voyage-aventure.com\/blog\/a-la-une\/decouvrez-cancun-2025-vacances-inoubliables-a-prix-mini-entre-plages-et-culture\/"},"wordCount":1288,"commentCount":27,"publisher":{"@id":"https:\/\/voyage-aventure.com\/blog\/#organization"},"image":{"@id":"https:\/\/voyage-aventure.com\/blog\/a-la-une\/decouvrez-cancun-2025-vacances-inoubliables-a-prix-mini-entre-plages-et-culture\/#primaryimage"},"thumbnailUrl":"https:\/\/voyage-aventure.com\/blog\/wp-content\/uploads\/2025\/05\/sdxl-d1d56c55fb657c4e1399ca0ba83ea4db-scaled.png","keywords":["Activit\u00e9s Nautiques","Gastronomie Locale","H\u00e9bergement Abordable","Immersion Culturelle","Voyage"],"articleSection":["\u00c0 la une"],"inLanguage":"fr-FR","potentialAction":[{"@type":"CommentAction","name":"Comment","target":["https:\/\/voyage-aventure.com\/blog\/a-la-une\/decouvrez-cancun-2025-vacances-inoubliables-a-prix-mini-entre-plages-et-culture\/#respond"]}]},{"@type":"WebPage","@id":"https:\/\/voyage-aventure.com\/blog\/a-la-une\/decouvrez-cancun-2025-vacances-inoubliables-a-prix-mini-entre-plages-et-culture\/","url":"https:\/\/voyage-aventure.com\/blog\/a-la-une\/decouvrez-cancun-2025-vacances-inoubliables-a-prix-mini-entre-plages-et-culture\/","name":"D\u00e9couvrez Canc\u00fan 2025 : vacances inoubliables \u00e0 prix mini","isPartOf":{"@id":"https:\/\/voyage-aventure.com\/blog\/#website"},"primaryImageOfPage":{"@id":"https:\/\/voyage-aventure.com\/blog\/a-la-une\/decouvrez-cancun-2025-vacances-inoubliables-a-prix-mini-entre-plages-et-culture\/#primaryimage"},"image":{"@id":"https:\/\/voyage-aventure.com\/blog\/a-la-une\/decouvrez-cancun-2025-vacances-inoubliables-a-prix-mini-entre-plages-et-culture\/#primaryimage"},"thumbnailUrl":"https:\/\/voyage-aventure.com\/blog\/wp-content\/uploads\/2025\/05\/sdxl-d1d56c55fb657c4e1399ca0ba83ea4db-scaled.png","datePublished":"2026-06-16T16:10:55+00:00","description":"Plages turquoise, cit\u00e9s mayas et c\u00e9notes \u00e0 perte de vue : Canc\u00fan condense en une seule destination la carte postale des Cara\u00efbes et l'aventure culturelle","inLanguage":"fr-FR","potentialAction":[{"@type":"ReadAction","target":["https:\/\/voyage-aventure.com\/blog\/a-la-une\/decouvrez-cancun-2025-vacances-inoubliables-a-prix-mini-entre-plages-et-culture\/"]}]},{"@type":"ImageObject","inLanguage":"fr-FR","@id":"https:\/\/voyage-aventure.com\/blog\/a-la-une\/decouvrez-cancun-2025-vacances-inoubliables-a-prix-mini-entre-plages-et-culture\/#primaryimage","url":"https:\/\/voyage-aventure.com\/blog\/wp-content\/uploads\/2025\/05\/sdxl-d1d56c55fb657c4e1399ca0ba83ea4db-scaled.png","contentUrl":"https:\/\/voyage-aventure.com\/blog\/wp-content\/uploads\/2025\/05\/sdxl-d1d56c55fb657c4e1399ca0ba83ea4db-scaled.png","width":1200,"height":500},{"@type":"WebSite","@id":"https:\/\/voyage-aventure.com\/blog\/#website","url":"https:\/\/voyage-aventure.com\/blog\/","name":"voyage-aventure.com","description":"Votre passeport pour l\u2019inattendu.","publisher":{"@id":"https:\/\/voyage-aventure.com\/blog\/#organization"},"alternateName":"Votre passeport pour l\u2019inattendu.","potentialAction":[{"@type":"SearchAction","target":{"@type":"EntryPoint","urlTemplate":"https:\/\/voyage-aventure.com\/blog\/?s={search_term_string}"},"query-input":{"@type":"PropertyValueSpecification","valueRequired":true,"valueName":"search_term_string"}}],"inLanguage":"fr-FR"},{"@type":"Organization","@id":"https:\/\/voyage-aventure.com\/blog\/#organization","name":"Foretsensations.fr","url":"https:\/\/voyage-aventure.com\/blog\/","logo":{"@type":"ImageObject","inLanguage":"fr-FR","@id":"https:\/\/voyage-aventure.com\/blog\/#\/schema\/logo\/image\/","url":"https:\/\/voyage-aventure.com\/blog\/wp-content\/uploads\/2024\/12\/19.png","contentUrl":"https:\/\/voyage-aventure.com\/blog\/wp-content\/uploads\/2024\/12\/19.png","width":512,"height":512,"caption":"Foretsensations.fr"},"image":{"@id":"https:\/\/voyage-aventure.com\/blog\/#\/schema\/logo\/image\/"}},{"@type":"Person","@id":"https:\/\/voyage-aventure.com\/blog\/#\/schema\/person\/3c864cdc320801e3db34b663e7e3f816","name":"Camille Rouvray","image":{"@type":"ImageObject","inLanguage":"fr-FR","@id":"https:\/\/voyage-aventure.com\/blog\/#\/schema\/person\/image\/","url":"https:\/\/voyage-aventure.com\/blog\/wp-content\/uploads\/2026\/06\/persona_camille-r-96x96.jpg","contentUrl":"https:\/\/voyage-aventure.com\/blog\/wp-content\/uploads\/2026\/06\/persona_camille-r-96x96.jpg","caption":"Camille Rouvray"},"description":"Je voyage et j'\u00e9cris sur le voyage depuis une douzaine d'ann\u00e9es, d'abord en tant que routarde au long cours, puis comme r\u00e9dactrice sp\u00e9cialis\u00e9e. Mon terrain de pr\u00e9dilection, ce sont les circuits organis\u00e9s et l'art de bien pr\u00e9parer un itin\u00e9raire : choix de la saison, dur\u00e9e r\u00e9aliste des \u00e9tapes, budget jour par jour, logement et transport sur place. J'aime aussi raconter les p\u00e9pites urbaines, ces adresses qu'on ne trouve pas dans les guides classiques. Avant de publier un dossier destination, je croise toujours plusieurs sources, je v\u00e9rifie les tarifs et les formalit\u00e9s d'entr\u00e9e \u00e0 jour, et je teste moi-m\u00eame quand je le peux. Mon angle reste pratique avant tout : aider le lecteur \u00e0 partir l'esprit tranquille, sans mauvaise surprise une fois sur place. Je m'attache \u00e0 distinguer le coup de c\u0153ur sinc\u00e8re du simple argument marketing.","sameAs":["https:\/\/camillerouvray.fr\/"],"url":"https:\/\/voyage-aventure.com\/blog\/auteur\/noname\/"}]}},"_links":{"self":[{"href":"https:\/\/voyage-aventure.com\/blog\/wp-json\/wp\/v2\/posts\/18923","targetHints":{"allow":["GET"]}}],"collection":[{"href":"https:\/\/voyage-aventure.com\/blog\/wp-json\/wp\/v2\/posts"}],"about":[{"href":"https:\/\/voyage-aventure.com\/blog\/wp-json\/wp\/v2\/types\/post"}],"author":[{"embeddable":true,"href":"https:\/\/voyage-aventure.com\/blog\/wp-json\/wp\/v2\/users\/34"}],"replies":[{"embeddable":true,"href":"https:\/\/voyage-aventure.com\/blog\/wp-json\/wp\/v2\/comments?post=18923"}],"version-history":[{"count":3,"href":"https:\/\/voyage-aventure.com\/blog\/wp-json\/wp\/v2\/posts\/18923\/revisions"}],"predecessor-version":[{"id":23155,"href":"https:\/\/voyage-aventure.com\/blog\/wp-json\/wp\/v2\/posts\/18923\/revisions\/23155"}],"wp:featuredmedia":[{"embeddable":true,"href":"https:\/\/voyage-aventure.com\/blog\/wp-json\/wp\/v2\/media\/19302"}],"wp:attachment":[{"href":"https:\/\/voyage-aventure.com\/blog\/wp-json\/wp\/v2\/media?parent=18923"}],"wp:term":[{"taxonomy":"category","embeddable":true,"href":"https:\/\/voyage-aventure.com\/blog\/wp-json\/wp\/v2\/categories?post=18923"},{"taxonomy":"post_tag","embeddable":true,"href":"https:\/\/voyage-aventure.com\/blog\/wp-json\/wp\/v2\/tags?post=18923"}],"curies":[{"name":"wp","href":"https:\/\/api.w.org\/{rel}","templated":true}]}}