{"id":18921,"date":"2026-06-16T18:10:44","date_gmt":"2026-06-16T16:10:44","guid":{"rendered":"https:\/\/voyage-aventure.com\/blog\/?p=18921"},"modified":"2026-06-16T18:10:44","modified_gmt":"2026-06-16T16:10:44","slug":"conseils-pratiques-pour-des-vacances-inoubliables-dans-les-alpes-en-2025","status":"publish","type":"post","link":"https:\/\/voyage-aventure.com\/blog\/a-la-une\/conseils-pratiques-pour-des-vacances-inoubliables-dans-les-alpes-en-2025\/","title":{"rendered":"Conseils pratiques pour des vacances inoubliables dans les Alpes en 2025"},"content":{"rendered":"<link rel=\"stylesheet\" href=\"https:\/\/fonts.googleapis.com\/css2?family=Fraunces:opsz,wght@9..144,500;9..144,600;9..144,700;9..144,900&#038;family=Inter:wght@400;500;600;700&#038;family=JetBrains+Mono:wght@500&#038;display=swap\">\n<style>\n.va-alpes-wrap{font-family:'Inter',-apple-system,BlinkMacSystemFont,'Segoe UI',sans-serif;color:#22302a;line-height:1.65;font-size:17px;}\n.va-alpes-wrap h2{font-family:'Fraunces','Inter',Georgia,serif;font-weight:700;font-size:clamp(24px,3.2vw,33px);letter-spacing:-0.015em;color:#1b2a22;margin:50px 0 16px;line-height:1.2;}\n.va-alpes-wrap h3{font-family:'Fraunces','Inter',Georgia,serif;font-weight:600;font-size:20px;letter-spacing:-0.01em;color:#22302a;margin:26px 0 10px;}\n.va-alpes-wrap p{margin:0 0 18px;}\n.va-alpes-kicker{display:inline-block;font-family:'JetBrains Mono',monospace;font-size:11px;font-weight:500;text-transform:uppercase;letter-spacing:2.6px;color:#2E4A3D;margin-bottom:10px;}\n.va-alpes-lead{font-size:19px;line-height:1.6;color:#33433b;font-weight:500;margin:8px 0 30px;}\n.va-alpes-carnet{background:#f1f5f2;border:1px solid #d9e3dc;border-left:5px solid #2E4A3D;border-radius:10px;padding:24px 26px;margin:28px 0;}\n.va-alpes-carnet-t{font-family:'JetBrains Mono',monospace;font-size:11px;font-weight:500;text-transform:uppercase;letter-spacing:2.4px;color:#2E4A3D;margin-bottom:16px;}\n.va-alpes-carnet-grid{display:grid;grid-template-columns:repeat(auto-fit,minmax(210px,1fr));gap:12px;}\n.va-alpes-cell{background:#fff;border:1px solid #e0e8e2;border-radius:8px;padding:14px 16px;}\n.va-alpes-cell-l{font-size:11px;text-transform:uppercase;letter-spacing:1.5px;color:#3E6E8E;font-weight:700;margin-bottom:5px;}\n.va-alpes-cell-v{font-size:15px;line-height:1.45;color:#2a3a32;}\n.va-alpes-cards{display:grid;grid-template-columns:repeat(auto-fit,minmax(230px,1fr));gap:16px;margin:26px 0;}\n.va-alpes-card{background:#fff;border:1px solid #e0e8e2;border-top:3px solid #2E4A3D;border-radius:9px;padding:20px 20px 18px;transition:.25s ease;}\n.va-alpes-card:hover{transform:translateY(-3px);box-shadow:0 1px 2px rgba(16,24,40,.05),0 14px 30px -16px rgba(27,42,34,.32);}\n.va-alpes-card-n{width:34px;height:34px;background:#eaf1ec;border-radius:50%;display:inline-flex;align-items:center;justify-content:center;font-family:'Fraunces',serif;font-weight:900;font-size:16px;color:#2E4A3D;margin-bottom:12px;}\n.va-alpes-card h3{margin:0 0 6px;font-size:17px;}\n.va-alpes-card-tx{font-size:14px;line-height:1.55;color:#4a564f;}\n.va-alpes-table-wrap{overflow-x:auto;border:1px solid #dde6df;border-radius:10px;margin:26px 0;}\n.va-alpes-table{width:100%;border-collapse:collapse;font-size:14.5px;color:#2a3a32;min-width:480px;}\n.va-alpes-table thead tr{background:#1b2a22;color:#fff;}\n.va-alpes-table th{text-align:left;padding:13px 16px;font-size:11.5px;text-transform:uppercase;letter-spacing:1.4px;font-weight:700;}\n.va-alpes-table td{padding:13px 16px;border-bottom:1px solid #ecf1ed;}\n.va-alpes-table tbody tr:nth-child(even){background:#f6f9f7;}\n.va-alpes-table td:first-child{font-weight:600;}\n.va-alpes-note{background:#eaf1ec;border-left:4px solid #2E4A3D;border-radius:0 6px 6px 0;padding:15px 18px;margin:22px 0;}\n.va-alpes-note strong{display:inline-block;color:#234034;font-size:12px;text-transform:uppercase;letter-spacing:1.5px;margin-right:8px;}\n.va-alpes-note span{font-size:15px;line-height:1.55;color:#33433b;}\n.va-alpes-note.glacier{background:#eaf0f4;border-left-color:#3E6E8E;}\n.va-alpes-note.glacier strong{color:#2c536b;}\n.va-alpes-do{display:grid;grid-template-columns:repeat(auto-fit,minmax(250px,1fr));gap:14px;margin:26px 0;}\n.va-alpes-do-col{background:#f6f9f7;border:1px solid #d9e3dc;border-top:4px solid #2E4A3D;border-radius:7px;padding:18px 20px;}\n.va-alpes-do-col.avoid{border-top-color:#b5603a;}\n.va-alpes-do-h{font-size:12.5px;font-weight:700;text-transform:uppercase;letter-spacing:1.6px;color:#234034;margin-bottom:12px;}\n.va-alpes-do-col.avoid .va-alpes-do-h{color:#8a4326;}\n.va-alpes-do-list{margin:0;padding:0;list-style:none;}\n.va-alpes-do-list li{display:flex;gap:9px;align-items:flex-start;padding:6px 0;font-size:14px;line-height:1.5;color:#2a3a32;border-bottom:1px solid #e6ece8;}\n.va-alpes-do-list li:last-child{border-bottom:none;}\n.va-alpes-do-list .mk{color:#2E4A3D;font-weight:700;flex:0 0 14px;}\n.va-alpes-do-col.avoid .mk{color:#b5603a;}\n.va-alpes-pull{margin:38px auto;padding:26px 24px;text-align:center;border-top:1px solid #2E4A3D;border-bottom:1px solid #2E4A3D;max-width:660px;position:relative;}\n.va-alpes-pull-q{margin:0;font-family:'Fraunces',Georgia,serif;font-size:24px;line-height:1.45;font-style:italic;font-weight:500;color:#1b2a22;}\n.va-alpes-pull-mark{position:absolute;top:-22px;left:50%;transform:translateX(-50%);background:#fff;padding:0 14px;font-family:'Fraunces',serif;font-size:46px;line-height:1;color:#2E4A3D;}\n.va-alpes-retenir{background:#1b2a22;border-radius:12px;padding:26px 28px;margin:36px 0;}\n.va-alpes-retenir-t{font-family:'JetBrains Mono',monospace;font-size:11px;font-weight:500;text-transform:uppercase;letter-spacing:2.4px;color:#8fb89f;margin-bottom:16px;}\n.va-alpes-retenir-grid{display:grid;grid-template-columns:repeat(auto-fit,minmax(240px,1fr));gap:10px;}\n.va-alpes-ret-item{display:flex;gap:11px;background:#24362c;border:1px solid #31463a;border-radius:7px;padding:12px 14px;align-items:flex-start;}\n.va-alpes-ret-item .num{flex:0 0 24px;width:24px;height:24px;background:#2E4A3D;color:#eaf1ec;border-radius:50%;display:inline-flex;align-items:center;justify-content:center;font-size:12px;font-weight:700;}\n.va-alpes-ret-item .tx{font-size:14px;line-height:1.5;color:#e3ece6;}\n.va-alpes-faq{margin:36px 0;}\n.va-alpes-faq h2{margin-bottom:14px;}\n.va-alpes-faq-list{border-top:1px solid #d9e3dc;}\n.va-alpes-faq details{border-bottom:1px solid #d9e3dc;}\n.va-alpes-faq summary{cursor:pointer;padding:16px 0;font-family:'Fraunces',Georgia,serif;font-size:18px;font-weight:600;color:#1b2a22;list-style:none;display:flex;justify-content:space-between;align-items:center;gap:14px;}\n.va-alpes-faq summary::-webkit-details-marker{display:none;}\n.va-alpes-faq summary .pm{font-size:22px;font-weight:300;color:#2E4A3D;line-height:1;}\n.va-alpes-faq-a{padding:0 0 16px;font-size:15.5px;line-height:1.7;color:#46544c;}\n.va-alpes-ferme{background:#eaf0f4;border:1px solid #cfdde6;border-radius:8px;padding:14px 18px;margin:30px 0 0;font-size:13.5px;line-height:1.55;color:#3c5160;}\n@media(max-width:640px){.va-alpes-wrap{font-size:16px;}}\n\/*RENDERFIX2*\/.va-alpes-table thead tr{color:#eef3f9!important}.va-alpes-table thead tr p,.va-alpes-table thead tr li,.va-alpes-table thead tr strong,.va-alpes-table thead tr em,.va-alpes-table thead tr a,.va-alpes-table thead tr span,.va-alpes-table thead tr b,.va-alpes-table thead tr td,.va-alpes-table thead tr th,.va-alpes-table thead tr h2,.va-alpes-table thead tr h3,.va-alpes-table thead tr h4{color:#eef3f9!important}.va-alpes-table thead tr strong,.va-alpes-table thead tr b{color:#ffffff!important}.va-alpes-retenir{color:#eef3f9!important}.va-alpes-retenir p,.va-alpes-retenir li,.va-alpes-retenir strong,.va-alpes-retenir em,.va-alpes-retenir a,.va-alpes-retenir span,.va-alpes-retenir b,.va-alpes-retenir td,.va-alpes-retenir th,.va-alpes-retenir h2,.va-alpes-retenir h3,.va-alpes-retenir h4{color:#eef3f9!important}.va-alpes-retenir strong,.va-alpes-retenir b{color:#ffffff!important}.va-alpes-ret-item{color:#eef3f9!important}.va-alpes-ret-item p,.va-alpes-ret-item li,.va-alpes-ret-item strong,.va-alpes-ret-item em,.va-alpes-ret-item a,.va-alpes-ret-item span,.va-alpes-ret-item b,.va-alpes-ret-item td,.va-alpes-ret-item th,.va-alpes-ret-item h2,.va-alpes-ret-item h3,.va-alpes-ret-item h4{color:#eef3f9!important}.va-alpes-ret-item strong,.va-alpes-ret-item b{color:#ffffff!important}.va-alpes-ret-item .num{color:#eef3f9!important}.va-alpes-ret-item .num p,.va-alpes-ret-item .num li,.va-alpes-ret-item .num strong,.va-alpes-ret-item .num em,.va-alpes-ret-item .num a,.va-alpes-ret-item .num span,.va-alpes-ret-item .num b,.va-alpes-ret-item .num td,.va-alpes-ret-item .num th,.va-alpes-ret-item .num h2,.va-alpes-ret-item .num h3,.va-alpes-ret-item .num h4{color:#eef3f9!important}.va-alpes-ret-item .num strong,.va-alpes-ret-item .num b{color:#ffffff!important}<\/style>\n<div class=\"va-alpes-wrap\">\n<span class=\"va-alpes-kicker\">Guide montagne \u00b7 \u00c9dition 2025<\/span><\/p>\n<div class=\"va-alpes-lead\">Sommets enneig\u00e9s en hiver, alpages fleuris et lacs turquoise en \u00e9t\u00e9 : les Alpes se vivent en toute saison. Voici le carnet pratique pour caler vos dates, choisir vos activit\u00e9s et pr\u00e9parer un s\u00e9jour sans fausse note en 2025.<\/div>\n<div class=\"va-alpes-carnet\">\n<div class=\"va-alpes-carnet-t\">Le carnet alpin en un coup d&rsquo;\u0153il<\/div>\n<div class=\"va-alpes-carnet-grid\">\n<div class=\"va-alpes-cell\">\n<div class=\"va-alpes-cell-l\">Quand partir<\/div>\n<div class=\"va-alpes-cell-v\">Hiver pour le ski, \u00e9t\u00e9 pour la randonn\u00e9e \u2014 hors saison pour la tranquillit\u00e9<\/div>\n<\/div>\n<div class=\"va-alpes-cell\">\n<div class=\"va-alpes-cell-l\">O\u00f9 aller<\/div>\n<div class=\"va-alpes-cell-v\">Chamonix, Val Thorens, Annecy, Brian\u00e7on et les villages alpins<\/div>\n<\/div>\n<div class=\"va-alpes-cell\">\n<div class=\"va-alpes-cell-l\">Que faire<\/div>\n<div class=\"va-alpes-cell-v\">Ski, randonn\u00e9e, VTT, parapente, via ferrata, lacs<\/div>\n<\/div>\n<div class=\"va-alpes-cell\">\n<div class=\"va-alpes-cell-l\">Comment s&rsquo;y rendre<\/div>\n<div class=\"va-alpes-cell-v\">Voiture, train direct, ou a\u00e9roports de Lyon et Gen\u00e8ve<\/div>\n<\/div><\/div>\n<\/div>\n<h2>Pourquoi choisir les Alpes pour vos vacances ?<\/h2>\n<p>Que vous soyez passionn\u00e9 de sports d&rsquo;hiver ou adepte de randonn\u00e9es estivales, cette r\u00e9gion saura vous s\u00e9duire par sa diversit\u00e9. En plus de ses panoramas \u00e9blouissants, les Alpes regorgent de richesses culturelles et gastronomiques \u00e0 d\u00e9couvrir tout au long de l&rsquo;ann\u00e9e.<\/p>\n<p>Les Alpes sont \u00e9galement r\u00e9put\u00e9es pour leur accueil chaleureux et leurs villages pittoresques qui pr\u00e9servent un charme authentique. Chaque saison apporte son lot d&rsquo;activit\u00e9s, que ce soit le ski en hiver ou les randonn\u00e9es en \u00e9t\u00e9. Ces montagnes offrent un cadre id\u00e9al pour se ressourcer et vivre des moments inoubliables en famille ou entre amis.<\/p>\n<div class=\"va-alpes-pull\">\n  <span class=\"va-alpes-pull-mark\" aria-hidden=\"true\">\u00ab<\/span><\/p>\n<div class=\"va-alpes-pull-q\">La beaut\u00e9 des Alpes r\u00e9side non seulement dans ses paysages, mais aussi dans les exp\u00e9riences inoubliables que l&rsquo;on y vit.<\/div>\n<\/div>\n<h2>Les activit\u00e9s incontournables \u00e0 ne pas manquer<\/h2>\n<p>Lors de votre s\u00e9jour dans les Alpes, une multitude d&rsquo;activit\u00e9s s&rsquo;offrent \u00e0 vous, quelle que soit la saison. En \u00e9t\u00e9, partez \u00e0 l&rsquo;aventure avec une randonn\u00e9e au c\u0153ur des paysages alpins, o\u00f9 chaque sentier vous r\u00e9serve des surprises. Pour les amateurs de sensations fortes, essayez le VTT dans des stations comme le Bike Park des Gets, c\u00e9l\u00e8bre pour ses parcours vari\u00e9s.<\/p>\n<p>En hiver, le ski est bien s\u00fbr l&rsquo;activit\u00e9 phare. Des stations comme Val Thorens, qui est la plus haute d&rsquo;Europe, garantissent un enneigement optimal et des pistes pour tous les niveaux. Pour ceux qui recherchent des alternatives, le ski de randonn\u00e9e, la luge ou m\u00eame le patinage sur les lacs gel\u00e9s sont des options \u00e0 explorer dans ce magnifique cadre montagnard.<\/p>\n<div class=\"va-alpes-cards\">\n<div class=\"va-alpes-card\">\n<div class=\"va-alpes-card-n\">01<\/div>\n<h3>Randonn\u00e9e au Lac Blanc<\/h3>\n<div class=\"va-alpes-card-tx\">\u00c0 Chamonix, la mont\u00e9e jusqu&rsquo;au Lac Blanc offre des vues imprenables sur le massif du Mont-Blanc.<\/div>\n<\/p><\/div>\n<div class=\"va-alpes-card\">\n<div class=\"va-alpes-card-n\">02<\/div>\n<h3>Ski \u00e0 Val Thorens<\/h3>\n<div class=\"va-alpes-card-tx\">La plus haute station d&rsquo;Europe propose des pistes adapt\u00e9es aussi bien aux d\u00e9butants qu&rsquo;aux experts.<\/div>\n<\/p><\/div>\n<div class=\"va-alpes-card\">\n<div class=\"va-alpes-card-n\">03<\/div>\n<h3>Parapente \u00e0 Annecy<\/h3>\n<div class=\"va-alpes-card-tx\">Un d\u00e9collage spectaculaire depuis le Col de la Forclaz, au-dessus du lac d&rsquo;Annecy.<\/div>\n<\/p><\/div>\n<div class=\"va-alpes-card\">\n<div class=\"va-alpes-card-n\">04<\/div>\n<h3>Villages typiques<\/h3>\n<div class=\"va-alpes-card-tx\">Une halte dans les villages alpins pour d\u00e9couvrir l&rsquo;authenticit\u00e9 et le charme de la montagne.<\/div>\n<\/p><\/div>\n<div class=\"va-alpes-card\">\n<div class=\"va-alpes-card-n\">05<\/div>\n<h3>Via ferrata \u00e0 Brian\u00e7on<\/h3>\n<div class=\"va-alpes-card-tx\">Un parcours vertical id\u00e9al pour les aventuriers en qu\u00eate de sensations et de panoramas.<\/div>\n<\/p><\/div>\n<\/div>\n<ul>\n<li>Randonn\u00e9e autour du Lac Blanc \u00e0 Chamonix pour des vues imprenables.<\/li>\n<li>Ski \u00e0 Val Thorens pour des pistes adapt\u00e9es aux d\u00e9butants comme aux experts.<\/li>\n<li>Parapente \u00e0 Annecy, avec un d\u00e9collage spectaculaire depuis le Col de la Forclaz.<\/li>\n<li>Visite de villages typiques pour d\u00e9couvrir l&rsquo;authenticit\u00e9 alpine.<\/li>\n<li>Exploration de la via ferrata \u00e0 Brian\u00e7on, id\u00e9ale pour les aventuriers.<\/li>\n<\/ul>\n<h3>Quand partir : hiver ou \u00e9t\u00e9 ?<\/h3>\n<p>Le choix de la saison d\u00e9pend de ce que vous recherchez. L&rsquo;hiver est la saison reine du ski et des sports de neige, tandis que l&rsquo;\u00e9t\u00e9 ouvre la montagne \u00e0 la randonn\u00e9e, au VTT et \u00e0 la baignade dans les lacs alpins. Le tableau ci-dessous r\u00e9sume l&rsquo;ambiance de chaque p\u00e9riode pour vous aider \u00e0 trancher.<\/p>\n<div class=\"va-alpes-table-wrap\">\n<table class=\"va-alpes-table\">\n<thead>\n<tr>\n<th>Saison<\/th>\n<th>Ambiance<\/th>\n<th>\u00c0 privil\u00e9gier<\/th>\n<\/tr>\n<\/thead>\n<tbody>\n<tr>\n<td>Hiver<\/td>\n<td>Stations anim\u00e9es, neige, sports de glisse<\/td>\n<td>Ski, ski de randonn\u00e9e, luge, patinage<\/td>\n<\/tr>\n<tr>\n<td>\u00c9t\u00e9<\/td>\n<td>Alpages verdoyants, sentiers ouverts<\/td>\n<td>Randonn\u00e9e, VTT, parapente, lacs<\/td>\n<\/tr>\n<tr>\n<td>Hors saison<\/td>\n<td>Plus calme, tarifs avantageux<\/td>\n<td>D\u00e9couverte des villages, ressourcement<\/td>\n<\/tr>\n<\/tbody>\n<\/table>\n<\/div>\n<h2>Voyager dans les Alpes : astuces pour un s\u00e9jour r\u00e9ussi<\/h2>\n<p>Que vous soyez en couple, entre amis ou en famille, les Alpes sont une destination id\u00e9ale pour tous. Prendre le temps de planifier votre voyage est essentiel pour profiter pleinement de cette exp\u00e9rience. Pensez \u00e0 choisir une p\u00e9riode hors saison pour \u00e9viter la foule et profiter de tarifs plus avantageux sur l&rsquo;h\u00e9bergement et les activit\u00e9s.<\/p>\n<p>Pour se rendre dans les Alpes, plusieurs options s&rsquo;offrent \u00e0 vous. La voiture est souvent le moyen le plus pratique, mais le train peut \u00e9galement \u00eatre une alternative agr\u00e9able, avec des liaisons directes depuis les grandes villes. Enfin, si vous venez de plus loin, les a\u00e9roports de Lyon et Gen\u00e8ve sont bien desservis et offrent des transferts vers les stations.<\/p>\n<div class=\"va-alpes-note glacier\">\n  <strong>Astuce d&rsquo;acc\u00e8s<\/strong><br \/>\n  <span>Voiture pour la libert\u00e9, train pour le confort : selon votre point de d\u00e9part, l&rsquo;un ou l&rsquo;autre vous m\u00e8nera au pied des pistes ou des sentiers sans stress.<\/span>\n<\/div>\n<p><iframe loading=\"lazy\" title=\"\ud83c\udde6\ud83c\uddf9 Voyager en Autriche | TOP 5 Destinations Incontournables en Autriche\" width=\"1200\" height=\"675\" src=\"https:\/\/www.youtube.com\/embed\/GzWkcR-gyXc?feature=oembed\" frameborder=\"0\" allow=\"accelerometer; autoplay; clipboard-write; encrypted-media; gyroscope; picture-in-picture; web-share\" referrerpolicy=\"strict-origin-when-cross-origin\" allowfullscreen><\/iframe><\/p>\n<h2>Pr\u00e9parer son s\u00e9jour : les essentiels \u00e0 savoir<\/h2>\n<p>Avant de partir, il est important de bien se pr\u00e9parer pour maximiser votre exp\u00e9rience dans les Alpes. Assurez-vous de v\u00e9rifier la m\u00e9t\u00e9o afin d&rsquo;adapter votre \u00e9quipement, que ce soit pour le ski ou la randonn\u00e9e. Pensez aussi \u00e0 r\u00e9server \u00e0 l&rsquo;avance vos activit\u00e9s et votre h\u00e9bergement pour garantir votre place, surtout en haute saison.<\/p>\n<p>Le respect de l&rsquo;environnement est crucial dans ces r\u00e9gions pr\u00e9serv\u00e9es. Adoptez des comportements responsables, comme ne pas laisser de d\u00e9chets et respecter les sentiers balis\u00e9s. Ces petites attentions contribuent \u00e0 la beaut\u00e9 et \u00e0 la pr\u00e9servation des paysages alpins pour les g\u00e9n\u00e9rations futures.<\/p>\n<div class=\"va-alpes-do\">\n<div class=\"va-alpes-do-col\">\n<div class=\"va-alpes-do-h\">\u00c0 faire<\/div>\n<ul class=\"va-alpes-do-list\">\n<li><span class=\"mk\">\u2713<\/span><span>V\u00e9rifier la m\u00e9t\u00e9o et adapter son \u00e9quipement<\/span><\/li>\n<li><span class=\"mk\">\u2713<\/span><span>R\u00e9server activit\u00e9s et h\u00e9bergement \u00e0 l&rsquo;avance en haute saison<\/span><\/li>\n<li><span class=\"mk\">\u2713<\/span><span>Respecter les sentiers balis\u00e9s<\/span><\/li>\n<li><span class=\"mk\">\u2713<\/span><span>Privil\u00e9gier le hors saison pour le calme et les tarifs<\/span><\/li>\n<\/ul><\/div>\n<div class=\"va-alpes-do-col avoid\">\n<div class=\"va-alpes-do-h\">\u00c0 \u00e9viter<\/div>\n<ul class=\"va-alpes-do-list\">\n<li><span class=\"mk\">\u2715<\/span><span>Partir sans consulter les conditions du moment<\/span><\/li>\n<li><span class=\"mk\">\u2715<\/span><span>Laisser des d\u00e9chets en pleine nature<\/span><\/li>\n<li><span class=\"mk\">\u2715<\/span><span>Sortir des sentiers balis\u00e9s<\/span><\/li>\n<li><span class=\"mk\">\u2715<\/span><span>Attendre la derni\u00e8re minute pour r\u00e9server en haute saison<\/span><\/li>\n<\/ul><\/div>\n<\/div>\n<div class=\"va-alpes-note\">\n  <strong>\u2726 Bon r\u00e9flexe<\/strong><br \/>\n  <span>Un s\u00e9jour r\u00e9ussi dans les Alpes commence par une montagne respect\u00e9e : d\u00e9chets remport\u00e9s et sentiers balis\u00e9s pr\u00e9servent les paysages pour les prochaines g\u00e9n\u00e9rations.<\/span>\n<\/div>\n<p>En choisissant les Alpes comme destination de vacances, vous vous offrez l&rsquo;opportunit\u00e9 de vivre des moments de partage, de d\u00e9couverte et d&rsquo;\u00e9vasion au c\u0153ur d&rsquo;une nature \u00e9poustouflante. Qu&rsquo;il s&rsquo;agisse de sports, de gastronomie ou de culture, chaque instant pass\u00e9 dans cette r\u00e9gion sera un souvenir pr\u00e9cieux.<\/p>\n<div class=\"va-alpes-retenir\">\n<div class=\"va-alpes-retenir-t\">\u00c0 retenir<\/div>\n<div class=\"va-alpes-retenir-grid\">\n<div class=\"va-alpes-ret-item\"><span class=\"num\">1<\/span><span class=\"tx\">Les Alpes se vivent toute l&rsquo;ann\u00e9e : ski l&rsquo;hiver, randonn\u00e9e et lacs l&rsquo;\u00e9t\u00e9.<\/span><\/div>\n<div class=\"va-alpes-ret-item\"><span class=\"num\">2<\/span><span class=\"tx\">Chamonix, Val Thorens, Annecy et Brian\u00e7on concentrent les grandes activit\u00e9s.<\/span><\/div>\n<div class=\"va-alpes-ret-item\"><span class=\"num\">3<\/span><span class=\"tx\">Le hors saison rime avec calme et tarifs plus doux.<\/span><\/div>\n<div class=\"va-alpes-ret-item\"><span class=\"num\">4<\/span><span class=\"tx\">Voiture, train direct ou a\u00e9roports de Lyon et Gen\u00e8ve pour y acc\u00e9der.<\/span><\/div>\n<div class=\"va-alpes-ret-item\"><span class=\"num\">5<\/span><span class=\"tx\">M\u00e9t\u00e9o v\u00e9rifi\u00e9e, r\u00e9servations anticip\u00e9es et respect de la montagne.<\/span><\/div>\n<\/p><\/div>\n<\/div>\n<div class=\"va-alpes-faq\">\n<h2>Questions fr\u00e9quentes<\/h2>\n<div class=\"va-alpes-faq-list\">\n<details>\n<summary><span>O\u00f9 partir en vacances dans les Alpes ?<\/span><span class=\"pm\" aria-hidden=\"true\">+<\/span><\/summary>\n<div class=\"va-alpes-faq-a\">Tout d\u00e9pend de votre activit\u00e9 : Chamonix pour la randonn\u00e9e et la haute montagne, Val Thorens pour le ski, Annecy pour le parapente et le lac, Brian\u00e7on pour la via ferrata. Les villages alpins valent aussi le d\u00e9tour pour leur authenticit\u00e9.<\/div>\n<\/details>\n<details>\n<summary><span>Que faire dans les Alpes en \u00e9t\u00e9 ?<\/span><span class=\"pm\" aria-hidden=\"true\">+<\/span><\/summary>\n<div class=\"va-alpes-faq-a\">L&rsquo;\u00e9t\u00e9 ouvre la montagne \u00e0 la randonn\u00e9e au c\u0153ur des paysages alpins, au VTT dans des stations comme le Bike Park des Gets, au parapente \u00e0 Annecy et \u00e0 la d\u00e9couverte des lacs. Les villages typiques se visitent aussi \u00e0 la belle saison.<\/div>\n<\/details>\n<details>\n<summary><span>Quand partir : hiver ou \u00e9t\u00e9 ?<\/span><span class=\"pm\" aria-hidden=\"true\">+<\/span><\/summary>\n<div class=\"va-alpes-faq-a\">L&rsquo;hiver est id\u00e9al pour le ski et les sports de neige, l&rsquo;\u00e9t\u00e9 pour la randonn\u00e9e, le VTT et les lacs. Pour \u00e9viter la foule et profiter de tarifs plus avantageux, visez une p\u00e9riode hors saison.<\/div>\n<\/details>\n<details>\n<summary><span>Comment se rendre dans les Alpes ?<\/span><span class=\"pm\" aria-hidden=\"true\">+<\/span><\/summary>\n<div class=\"va-alpes-faq-a\">La voiture reste le moyen le plus pratique. Le train offre des liaisons directes depuis les grandes villes, et si vous venez de loin, les a\u00e9roports de Lyon et Gen\u00e8ve proposent des transferts vers les stations.<\/div>\n<\/details><\/div>\n<\/div>\n<div class=\"va-alpes-ferme\">Conseils pratiques \u00e0 adapter selon les conditions de l&rsquo;ann\u00e9e 2025 : pensez \u00e0 v\u00e9rifier l&rsquo;ouverture des stations, la m\u00e9t\u00e9o et la disponibilit\u00e9 des h\u00e9bergements aupr\u00e8s des offices de tourisme avant de r\u00e9server.<\/div>\n<\/div>\n","protected":false},"excerpt":{"rendered":"","protected":false},"author":34,"featured_media":20038,"comment_status":"open","ping_status":"open","sticky":false,"template":"","format":"standard","meta":{"_acf_changed":false,"manual_indexmenow":false,"indexmenow_id_project":0,"footnotes":""},"categories":[1],"tags":[4538,4530,4535,4734,5834],"class_list":["post-18921","post","type-post","status-publish","format-standard","has-post-thumbnail","hentry","category-a-la-une","tag-activites-variees","tag-escapade-en-europe","tag-gastronomie-locale","tag-randonnee","tag-voyage-en-famille","generate-columns","tablet-grid-50","mobile-grid-100","grid-parent","grid-25"],"acf":[],"yoast_head":"<!-- This site is optimized with the Yoast SEO Premium plugin v21.3 (Yoast SEO v25.1) - https:\/\/yoast.com\/wordpress\/plugins\/seo\/ -->\n<title>Conseils pratiques pour des vacances inoubliables dans les<\/title>\n<meta name=\"description\" content=\"Sommets enneig\u00e9s en hiver, alpages fleuris et lacs turquoise en \u00e9t\u00e9 : les Alpes se vivent en toute saison. Voici le carnet pratique pour caler vos dates\" \/>\n<meta name=\"robots\" content=\"index, follow, max-snippet:-1, max-image-preview:large, max-video-preview:-1\" \/>\n<link rel=\"canonical\" href=\"https:\/\/voyage-aventure.com\/blog\/a-la-une\/conseils-pratiques-pour-des-vacances-inoubliables-dans-les-alpes-en-2025\/\" \/>\n<meta property=\"og:locale\" content=\"fr_FR\" \/>\n<meta property=\"og:type\" content=\"article\" \/>\n<meta property=\"og:title\" content=\"Conseils pratiques pour des vacances inoubliables dans les\" \/>\n<meta property=\"og:description\" content=\"Sommets enneig\u00e9s en hiver, alpages fleuris et lacs turquoise en \u00e9t\u00e9 : les Alpes se vivent en toute saison. Voici le carnet pratique pour caler vos dates\" \/>\n<meta property=\"og:url\" content=\"https:\/\/voyage-aventure.com\/blog\/a-la-une\/conseils-pratiques-pour-des-vacances-inoubliables-dans-les-alpes-en-2025\/\" \/>\n<meta property=\"og:site_name\" content=\"voyage-aventure\" \/>\n<meta property=\"og:image\" content=\"https:\/\/voyage-aventure.com\/blog\/wp-content\/uploads\/2025\/05\/sdxl-eeebd9558d6523880f546ca13ede40dd-scaled.png\" \/>\n\t<meta property=\"og:image:width\" content=\"1200\" \/>\n\t<meta property=\"og:image:height\" content=\"500\" \/>\n\t<meta property=\"og:image:type\" content=\"image\/png\" \/>\n<meta name=\"author\" content=\"Camille Rouvray\" \/>\n<meta name=\"twitter:card\" content=\"summary_large_image\" \/>\n<script type=\"application\/ld+json\" class=\"yoast-schema-graph\">{\"@context\":\"https:\/\/schema.org\",\"@graph\":[{\"@type\":\"NewsArticle\",\"@id\":\"https:\/\/voyage-aventure.com\/blog\/a-la-une\/conseils-pratiques-pour-des-vacances-inoubliables-dans-les-alpes-en-2025\/#article\",\"isPartOf\":{\"@id\":\"https:\/\/voyage-aventure.com\/blog\/a-la-une\/conseils-pratiques-pour-des-vacances-inoubliables-dans-les-alpes-en-2025\/\"},\"author\":{\"name\":\"Camille Rouvray\",\"@id\":\"https:\/\/voyage-aventure.com\/blog\/#\/schema\/person\/3c864cdc320801e3db34b663e7e3f816\"},\"headline\":\"Conseils pratiques pour des vacances inoubliables dans les Alpes en 2025\",\"datePublished\":\"2026-06-16T16:10:44+00:00\",\"mainEntityOfPage\":{\"@id\":\"https:\/\/voyage-aventure.com\/blog\/a-la-une\/conseils-pratiques-pour-des-vacances-inoubliables-dans-les-alpes-en-2025\/\"},\"wordCount\":1415,\"commentCount\":21,\"publisher\":{\"@id\":\"https:\/\/voyage-aventure.com\/blog\/#organization\"},\"image\":{\"@id\":\"https:\/\/voyage-aventure.com\/blog\/a-la-une\/conseils-pratiques-pour-des-vacances-inoubliables-dans-les-alpes-en-2025\/#primaryimage\"},\"thumbnailUrl\":\"https:\/\/voyage-aventure.com\/blog\/wp-content\/uploads\/2025\/05\/sdxl-eeebd9558d6523880f546ca13ede40dd-scaled.png\",\"keywords\":[\"Activit\u00e9s Vari\u00e9es\",\"Escapade en Europe\",\"Gastronomie Locale\",\"Randonn\u00e9e\",\"Voyage en famille\"],\"articleSection\":[\"\u00c0 la une\"],\"inLanguage\":\"fr-FR\",\"potentialAction\":[{\"@type\":\"CommentAction\",\"name\":\"Comment\",\"target\":[\"https:\/\/voyage-aventure.com\/blog\/a-la-une\/conseils-pratiques-pour-des-vacances-inoubliables-dans-les-alpes-en-2025\/#respond\"]}]},{\"@type\":\"WebPage\",\"@id\":\"https:\/\/voyage-aventure.com\/blog\/a-la-une\/conseils-pratiques-pour-des-vacances-inoubliables-dans-les-alpes-en-2025\/\",\"url\":\"https:\/\/voyage-aventure.com\/blog\/a-la-une\/conseils-pratiques-pour-des-vacances-inoubliables-dans-les-alpes-en-2025\/\",\"name\":\"Conseils pratiques pour des vacances inoubliables dans les\",\"isPartOf\":{\"@id\":\"https:\/\/voyage-aventure.com\/blog\/#website\"},\"primaryImageOfPage\":{\"@id\":\"https:\/\/voyage-aventure.com\/blog\/a-la-une\/conseils-pratiques-pour-des-vacances-inoubliables-dans-les-alpes-en-2025\/#primaryimage\"},\"image\":{\"@id\":\"https:\/\/voyage-aventure.com\/blog\/a-la-une\/conseils-pratiques-pour-des-vacances-inoubliables-dans-les-alpes-en-2025\/#primaryimage\"},\"thumbnailUrl\":\"https:\/\/voyage-aventure.com\/blog\/wp-content\/uploads\/2025\/05\/sdxl-eeebd9558d6523880f546ca13ede40dd-scaled.png\",\"datePublished\":\"2026-06-16T16:10:44+00:00\",\"description\":\"Sommets enneig\u00e9s en hiver, alpages fleuris et lacs turquoise en \u00e9t\u00e9 : les Alpes se vivent en toute saison. Voici le carnet pratique pour caler vos dates\",\"inLanguage\":\"fr-FR\",\"potentialAction\":[{\"@type\":\"ReadAction\",\"target\":[\"https:\/\/voyage-aventure.com\/blog\/a-la-une\/conseils-pratiques-pour-des-vacances-inoubliables-dans-les-alpes-en-2025\/\"]}]},{\"@type\":\"ImageObject\",\"inLanguage\":\"fr-FR\",\"@id\":\"https:\/\/voyage-aventure.com\/blog\/a-la-une\/conseils-pratiques-pour-des-vacances-inoubliables-dans-les-alpes-en-2025\/#primaryimage\",\"url\":\"https:\/\/voyage-aventure.com\/blog\/wp-content\/uploads\/2025\/05\/sdxl-eeebd9558d6523880f546ca13ede40dd-scaled.png\",\"contentUrl\":\"https:\/\/voyage-aventure.com\/blog\/wp-content\/uploads\/2025\/05\/sdxl-eeebd9558d6523880f546ca13ede40dd-scaled.png\",\"width\":1200,\"height\":500},{\"@type\":\"WebSite\",\"@id\":\"https:\/\/voyage-aventure.com\/blog\/#website\",\"url\":\"https:\/\/voyage-aventure.com\/blog\/\",\"name\":\"voyage-aventure.com\",\"description\":\"Votre passeport pour l\u2019inattendu.\",\"publisher\":{\"@id\":\"https:\/\/voyage-aventure.com\/blog\/#organization\"},\"alternateName\":\"Votre passeport pour l\u2019inattendu.\",\"potentialAction\":[{\"@type\":\"SearchAction\",\"target\":{\"@type\":\"EntryPoint\",\"urlTemplate\":\"https:\/\/voyage-aventure.com\/blog\/?s={search_term_string}\"},\"query-input\":{\"@type\":\"PropertyValueSpecification\",\"valueRequired\":true,\"valueName\":\"search_term_string\"}}],\"inLanguage\":\"fr-FR\"},{\"@type\":\"Organization\",\"@id\":\"https:\/\/voyage-aventure.com\/blog\/#organization\",\"name\":\"Foretsensations.fr\",\"url\":\"https:\/\/voyage-aventure.com\/blog\/\",\"logo\":{\"@type\":\"ImageObject\",\"inLanguage\":\"fr-FR\",\"@id\":\"https:\/\/voyage-aventure.com\/blog\/#\/schema\/logo\/image\/\",\"url\":\"https:\/\/voyage-aventure.com\/blog\/wp-content\/uploads\/2024\/12\/19.png\",\"contentUrl\":\"https:\/\/voyage-aventure.com\/blog\/wp-content\/uploads\/2024\/12\/19.png\",\"width\":512,\"height\":512,\"caption\":\"Foretsensations.fr\"},\"image\":{\"@id\":\"https:\/\/voyage-aventure.com\/blog\/#\/schema\/logo\/image\/\"}},{\"@type\":\"Person\",\"@id\":\"https:\/\/voyage-aventure.com\/blog\/#\/schema\/person\/3c864cdc320801e3db34b663e7e3f816\",\"name\":\"Camille Rouvray\",\"image\":{\"@type\":\"ImageObject\",\"inLanguage\":\"fr-FR\",\"@id\":\"https:\/\/voyage-aventure.com\/blog\/#\/schema\/person\/image\/\",\"url\":\"https:\/\/voyage-aventure.com\/blog\/wp-content\/uploads\/2026\/06\/persona_camille-r-96x96.jpg\",\"contentUrl\":\"https:\/\/voyage-aventure.com\/blog\/wp-content\/uploads\/2026\/06\/persona_camille-r-96x96.jpg\",\"caption\":\"Camille Rouvray\"},\"description\":\"Je voyage et j'\u00e9cris sur le voyage depuis une douzaine d'ann\u00e9es, d'abord en tant que routarde au long cours, puis comme r\u00e9dactrice sp\u00e9cialis\u00e9e. Mon terrain de pr\u00e9dilection, ce sont les circuits organis\u00e9s et l'art de bien pr\u00e9parer un itin\u00e9raire : choix de la saison, dur\u00e9e r\u00e9aliste des \u00e9tapes, budget jour par jour, logement et transport sur place. J'aime aussi raconter les p\u00e9pites urbaines, ces adresses qu'on ne trouve pas dans les guides classiques. Avant de publier un dossier destination, je croise toujours plusieurs sources, je v\u00e9rifie les tarifs et les formalit\u00e9s d'entr\u00e9e \u00e0 jour, et je teste moi-m\u00eame quand je le peux. Mon angle reste pratique avant tout : aider le lecteur \u00e0 partir l'esprit tranquille, sans mauvaise surprise une fois sur place. Je m'attache \u00e0 distinguer le coup de c\u0153ur sinc\u00e8re du simple argument marketing.\",\"sameAs\":[\"https:\/\/camillerouvray.fr\/\"],\"url\":\"https:\/\/voyage-aventure.com\/blog\/auteur\/noname\/\"}]}<\/script>\n<!-- \/ Yoast SEO Premium plugin. -->","yoast_head_json":{"title":"Conseils pratiques pour des vacances inoubliables dans les","description":"Sommets enneig\u00e9s en hiver, alpages fleuris et lacs turquoise en \u00e9t\u00e9 : les Alpes se vivent en toute saison. Voici le carnet pratique pour caler vos dates","robots":{"index":"index","follow":"follow","max-snippet":"max-snippet:-1","max-image-preview":"max-image-preview:large","max-video-preview":"max-video-preview:-1"},"canonical":"https:\/\/voyage-aventure.com\/blog\/a-la-une\/conseils-pratiques-pour-des-vacances-inoubliables-dans-les-alpes-en-2025\/","og_locale":"fr_FR","og_type":"article","og_title":"Conseils pratiques pour des vacances inoubliables dans les","og_description":"Sommets enneig\u00e9s en hiver, alpages fleuris et lacs turquoise en \u00e9t\u00e9 : les Alpes se vivent en toute saison. Voici le carnet pratique pour caler vos dates","og_url":"https:\/\/voyage-aventure.com\/blog\/a-la-une\/conseils-pratiques-pour-des-vacances-inoubliables-dans-les-alpes-en-2025\/","og_site_name":"voyage-aventure","og_image":[{"width":1200,"height":500,"url":"https:\/\/voyage-aventure.com\/blog\/wp-content\/uploads\/2025\/05\/sdxl-eeebd9558d6523880f546ca13ede40dd-scaled.png","type":"image\/png"}],"author":"Camille Rouvray","twitter_card":"summary_large_image","schema":{"@context":"https:\/\/schema.org","@graph":[{"@type":"NewsArticle","@id":"https:\/\/voyage-aventure.com\/blog\/a-la-une\/conseils-pratiques-pour-des-vacances-inoubliables-dans-les-alpes-en-2025\/#article","isPartOf":{"@id":"https:\/\/voyage-aventure.com\/blog\/a-la-une\/conseils-pratiques-pour-des-vacances-inoubliables-dans-les-alpes-en-2025\/"},"author":{"name":"Camille Rouvray","@id":"https:\/\/voyage-aventure.com\/blog\/#\/schema\/person\/3c864cdc320801e3db34b663e7e3f816"},"headline":"Conseils pratiques pour des vacances inoubliables dans les Alpes en 2025","datePublished":"2026-06-16T16:10:44+00:00","mainEntityOfPage":{"@id":"https:\/\/voyage-aventure.com\/blog\/a-la-une\/conseils-pratiques-pour-des-vacances-inoubliables-dans-les-alpes-en-2025\/"},"wordCount":1415,"commentCount":21,"publisher":{"@id":"https:\/\/voyage-aventure.com\/blog\/#organization"},"image":{"@id":"https:\/\/voyage-aventure.com\/blog\/a-la-une\/conseils-pratiques-pour-des-vacances-inoubliables-dans-les-alpes-en-2025\/#primaryimage"},"thumbnailUrl":"https:\/\/voyage-aventure.com\/blog\/wp-content\/uploads\/2025\/05\/sdxl-eeebd9558d6523880f546ca13ede40dd-scaled.png","keywords":["Activit\u00e9s Vari\u00e9es","Escapade en Europe","Gastronomie Locale","Randonn\u00e9e","Voyage en famille"],"articleSection":["\u00c0 la une"],"inLanguage":"fr-FR","potentialAction":[{"@type":"CommentAction","name":"Comment","target":["https:\/\/voyage-aventure.com\/blog\/a-la-une\/conseils-pratiques-pour-des-vacances-inoubliables-dans-les-alpes-en-2025\/#respond"]}]},{"@type":"WebPage","@id":"https:\/\/voyage-aventure.com\/blog\/a-la-une\/conseils-pratiques-pour-des-vacances-inoubliables-dans-les-alpes-en-2025\/","url":"https:\/\/voyage-aventure.com\/blog\/a-la-une\/conseils-pratiques-pour-des-vacances-inoubliables-dans-les-alpes-en-2025\/","name":"Conseils pratiques pour des vacances inoubliables dans les","isPartOf":{"@id":"https:\/\/voyage-aventure.com\/blog\/#website"},"primaryImageOfPage":{"@id":"https:\/\/voyage-aventure.com\/blog\/a-la-une\/conseils-pratiques-pour-des-vacances-inoubliables-dans-les-alpes-en-2025\/#primaryimage"},"image":{"@id":"https:\/\/voyage-aventure.com\/blog\/a-la-une\/conseils-pratiques-pour-des-vacances-inoubliables-dans-les-alpes-en-2025\/#primaryimage"},"thumbnailUrl":"https:\/\/voyage-aventure.com\/blog\/wp-content\/uploads\/2025\/05\/sdxl-eeebd9558d6523880f546ca13ede40dd-scaled.png","datePublished":"2026-06-16T16:10:44+00:00","description":"Sommets enneig\u00e9s en hiver, alpages fleuris et lacs turquoise en \u00e9t\u00e9 : les Alpes se vivent en toute saison. Voici le carnet pratique pour caler vos dates","inLanguage":"fr-FR","potentialAction":[{"@type":"ReadAction","target":["https:\/\/voyage-aventure.com\/blog\/a-la-une\/conseils-pratiques-pour-des-vacances-inoubliables-dans-les-alpes-en-2025\/"]}]},{"@type":"ImageObject","inLanguage":"fr-FR","@id":"https:\/\/voyage-aventure.com\/blog\/a-la-une\/conseils-pratiques-pour-des-vacances-inoubliables-dans-les-alpes-en-2025\/#primaryimage","url":"https:\/\/voyage-aventure.com\/blog\/wp-content\/uploads\/2025\/05\/sdxl-eeebd9558d6523880f546ca13ede40dd-scaled.png","contentUrl":"https:\/\/voyage-aventure.com\/blog\/wp-content\/uploads\/2025\/05\/sdxl-eeebd9558d6523880f546ca13ede40dd-scaled.png","width":1200,"height":500},{"@type":"WebSite","@id":"https:\/\/voyage-aventure.com\/blog\/#website","url":"https:\/\/voyage-aventure.com\/blog\/","name":"voyage-aventure.com","description":"Votre passeport pour l\u2019inattendu.","publisher":{"@id":"https:\/\/voyage-aventure.com\/blog\/#organization"},"alternateName":"Votre passeport pour l\u2019inattendu.","potentialAction":[{"@type":"SearchAction","target":{"@type":"EntryPoint","urlTemplate":"https:\/\/voyage-aventure.com\/blog\/?s={search_term_string}"},"query-input":{"@type":"PropertyValueSpecification","valueRequired":true,"valueName":"search_term_string"}}],"inLanguage":"fr-FR"},{"@type":"Organization","@id":"https:\/\/voyage-aventure.com\/blog\/#organization","name":"Foretsensations.fr","url":"https:\/\/voyage-aventure.com\/blog\/","logo":{"@type":"ImageObject","inLanguage":"fr-FR","@id":"https:\/\/voyage-aventure.com\/blog\/#\/schema\/logo\/image\/","url":"https:\/\/voyage-aventure.com\/blog\/wp-content\/uploads\/2024\/12\/19.png","contentUrl":"https:\/\/voyage-aventure.com\/blog\/wp-content\/uploads\/2024\/12\/19.png","width":512,"height":512,"caption":"Foretsensations.fr"},"image":{"@id":"https:\/\/voyage-aventure.com\/blog\/#\/schema\/logo\/image\/"}},{"@type":"Person","@id":"https:\/\/voyage-aventure.com\/blog\/#\/schema\/person\/3c864cdc320801e3db34b663e7e3f816","name":"Camille Rouvray","image":{"@type":"ImageObject","inLanguage":"fr-FR","@id":"https:\/\/voyage-aventure.com\/blog\/#\/schema\/person\/image\/","url":"https:\/\/voyage-aventure.com\/blog\/wp-content\/uploads\/2026\/06\/persona_camille-r-96x96.jpg","contentUrl":"https:\/\/voyage-aventure.com\/blog\/wp-content\/uploads\/2026\/06\/persona_camille-r-96x96.jpg","caption":"Camille Rouvray"},"description":"Je voyage et j'\u00e9cris sur le voyage depuis une douzaine d'ann\u00e9es, d'abord en tant que routarde au long cours, puis comme r\u00e9dactrice sp\u00e9cialis\u00e9e. Mon terrain de pr\u00e9dilection, ce sont les circuits organis\u00e9s et l'art de bien pr\u00e9parer un itin\u00e9raire : choix de la saison, dur\u00e9e r\u00e9aliste des \u00e9tapes, budget jour par jour, logement et transport sur place. J'aime aussi raconter les p\u00e9pites urbaines, ces adresses qu'on ne trouve pas dans les guides classiques. Avant de publier un dossier destination, je croise toujours plusieurs sources, je v\u00e9rifie les tarifs et les formalit\u00e9s d'entr\u00e9e \u00e0 jour, et je teste moi-m\u00eame quand je le peux. Mon angle reste pratique avant tout : aider le lecteur \u00e0 partir l'esprit tranquille, sans mauvaise surprise une fois sur place. Je m'attache \u00e0 distinguer le coup de c\u0153ur sinc\u00e8re du simple argument marketing.","sameAs":["https:\/\/camillerouvray.fr\/"],"url":"https:\/\/voyage-aventure.com\/blog\/auteur\/noname\/"}]}},"_links":{"self":[{"href":"https:\/\/voyage-aventure.com\/blog\/wp-json\/wp\/v2\/posts\/18921","targetHints":{"allow":["GET"]}}],"collection":[{"href":"https:\/\/voyage-aventure.com\/blog\/wp-json\/wp\/v2\/posts"}],"about":[{"href":"https:\/\/voyage-aventure.com\/blog\/wp-json\/wp\/v2\/types\/post"}],"author":[{"embeddable":true,"href":"https:\/\/voyage-aventure.com\/blog\/wp-json\/wp\/v2\/users\/34"}],"replies":[{"embeddable":true,"href":"https:\/\/voyage-aventure.com\/blog\/wp-json\/wp\/v2\/comments?post=18921"}],"version-history":[{"count":3,"href":"https:\/\/voyage-aventure.com\/blog\/wp-json\/wp\/v2\/posts\/18921\/revisions"}],"predecessor-version":[{"id":23154,"href":"https:\/\/voyage-aventure.com\/blog\/wp-json\/wp\/v2\/posts\/18921\/revisions\/23154"}],"wp:featuredmedia":[{"embeddable":true,"href":"https:\/\/voyage-aventure.com\/blog\/wp-json\/wp\/v2\/media\/20038"}],"wp:attachment":[{"href":"https:\/\/voyage-aventure.com\/blog\/wp-json\/wp\/v2\/media?parent=18921"}],"wp:term":[{"taxonomy":"category","embeddable":true,"href":"https:\/\/voyage-aventure.com\/blog\/wp-json\/wp\/v2\/categories?post=18921"},{"taxonomy":"post_tag","embeddable":true,"href":"https:\/\/voyage-aventure.com\/blog\/wp-json\/wp\/v2\/tags?post=18921"}],"curies":[{"name":"wp","href":"https:\/\/api.w.org\/{rel}","templated":true}]}}