{"id":18776,"date":"2026-06-16T18:08:01","date_gmt":"2026-06-16T16:08:01","guid":{"rendered":"https:\/\/voyage-aventure.com\/blog\/?p=18776"},"modified":"2026-06-16T18:08:01","modified_gmt":"2026-06-16T16:08:01","slug":"decouvrez-le-charme-dun-week-end-inoubliable-a-annecy-en-2025","status":"publish","type":"post","link":"https:\/\/voyage-aventure.com\/blog\/a-la-une\/decouvrez-le-charme-dun-week-end-inoubliable-a-annecy-en-2025\/","title":{"rendered":"D\u00e9couvrez le charme d&rsquo;un week-end inoubliable \u00e0 Annecy en 2025"},"content":{"rendered":"<link rel=\"stylesheet\" href=\"https:\/\/fonts.googleapis.com\/css2?family=Fraunces:opsz,wght@9..144,500;9..144,600;9..144,900&#038;family=Inter:wght@400;500;600;700&#038;family=JetBrains+Mono:wght@500&#038;display=swap\">\n<style>\n.va-annecy-wrap{font-family:'Inter',-apple-system,BlinkMacSystemFont,sans-serif;color:#1c2a33;line-height:1.65;font-size:17px;}\n.va-annecy-wrap h2{font-family:'Fraunces',Georgia,serif;font-weight:900;font-size:clamp(25px,3.4vw,35px);line-height:1.15;letter-spacing:-0.015em;color:#13222b;margin:52px 0 18px;}\n.va-annecy-wrap h3{font-family:'Fraunces',Georgia,serif;font-weight:600;font-size:20px;color:#13222b;margin:0;letter-spacing:-0.01em;}\n.va-annecy-wrap p{margin:0 0 18px;}\n.va-annecy-kick{font-family:'JetBrains Mono',monospace;font-size:12px;font-weight:500;text-transform:uppercase;letter-spacing:2.5px;color:#1d7a8c;margin:0 0 10px;display:block;}\n.va-annecy-lead{background:linear-gradient(180deg,#eef6f8,#e3f0f4);border-left:5px solid #1d7a8c;padding:22px 26px;margin:24px 0 32px;border-radius:0 8px 8px 0;}\n.va-annecy-lead .va-annecy-txt{font-size:19px;line-height:1.55;color:#1c2a33;font-weight:500;letter-spacing:-0.005em;}\n.va-annecy-carnet{background:#0e2530;border-radius:12px;padding:26px 28px 28px;margin:30px 0;box-shadow:0 1px 2px rgba(16,24,40,.05),0 16px 36px -20px rgba(14,37,48,.55);}\n.va-annecy-carnet .va-annecy-ctitle{font-family:'JetBrains Mono',monospace;font-size:12px;text-transform:uppercase;letter-spacing:2.5px;color:#5fc6d6;margin:0 0 18px;}\n.va-annecy-cgrid{display:grid;grid-template-columns:repeat(auto-fit,minmax(190px,1fr));gap:12px;}\n.va-annecy-cell{background:rgba(255,255,255,.05);border:1px solid rgba(95,198,214,.22);border-radius:8px;padding:14px 16px;}\n.va-annecy-cell .va-annecy-cl{font-family:'JetBrains Mono',monospace;font-size:11px;text-transform:uppercase;letter-spacing:1.5px;color:#8fb3bf;margin:0 0 5px;}\n.va-annecy-cell .va-annecy-cv{font-size:15px;line-height:1.45;color:#f4fafb;font-weight:500;}\n.va-annecy-grid{display:grid;grid-template-columns:repeat(auto-fit,minmax(230px,1fr));gap:16px;margin:28px 0;}\n.va-annecy-card{background:#fff;border:1px solid #e0e9ec;border-top:3px solid #1d7a8c;border-radius:8px;padding:20px 20px 18px;transition:transform .25s ease,box-shadow .25s ease;box-shadow:0 1px 2px rgba(16,24,40,.05);}\n.va-annecy-card:hover{transform:translateY(-3px);box-shadow:0 1px 2px rgba(16,24,40,.05),0 14px 30px -16px rgba(16,24,40,.28);}\n.va-annecy-card .va-annecy-cnum{width:38px;height:38px;background:#eef6f8;border-radius:50%;display:inline-flex;align-items:center;justify-content:center;margin-bottom:12px;font-family:'Fraunces',serif;font-weight:900;font-size:18px;color:#1d7a8c;}\n.va-annecy-card .va-annecy-ct{font-family:'Fraunces',serif;font-size:18px;font-weight:600;color:#13222b;margin:0 0 6px;letter-spacing:-0.01em;}\n.va-annecy-card .va-annecy-cd{font-size:14px;line-height:1.55;color:#46555e;}\n.va-annecy-table{margin:28px 0;overflow-x:auto;border:1px solid #e0e9ec;border-radius:10px;}\n.va-annecy-table table{width:100%;border-collapse:collapse;font-size:14.5px;color:#1c2a33;min-width:480px;}\n.va-annecy-table thead tr{background:#0e2530;color:#fff;}\n.va-annecy-table th{text-align:left;padding:13px 18px;font-family:'JetBrains Mono',monospace;font-weight:500;font-size:11.5px;text-transform:uppercase;letter-spacing:1.4px;}\n.va-annecy-table td{padding:13px 18px;}\n.va-annecy-table tbody tr:nth-child(odd){background:#fff;}\n.va-annecy-table tbody tr:nth-child(even){background:#f3f8f9;}\n.va-annecy-table tbody tr{border-bottom:1px solid #ebf1f3;}\n.va-annecy-table .va-annecy-season{font-weight:600;color:#13222b;}\n.va-annecy-do{display:grid;grid-template-columns:repeat(auto-fit,minmax(250px,1fr));gap:16px;margin:28px 0;}\n.va-annecy-do .va-annecy-col{background:#f7fafb;border:1px solid #d3e3e7;border-top:4px solid #1d7a8c;border-radius:6px;padding:20px 22px;}\n.va-annecy-do .va-annecy-col.bad{border-color:#e4cfc9;border-top-color:#b5563e;}\n.va-annecy-do .va-annecy-colt{font-family:'JetBrains Mono',monospace;font-size:12px;font-weight:500;text-transform:uppercase;letter-spacing:1.6px;color:#15616f;margin:0 0 14px;}\n.va-annecy-do .va-annecy-col.bad .va-annecy-colt{color:#9a4733;}\n.va-annecy-do ul{margin:0;padding:0;list-style:none;}\n.va-annecy-do li{display:flex;gap:10px;align-items:flex-start;padding:7px 0;font-size:14.5px;line-height:1.5;color:#23323b;border-bottom:1px solid #e7eef0;}\n.va-annecy-do li:last-child{border-bottom:none;}\n.va-annecy-do .va-annecy-mk{flex:0 0 14px;font-weight:700;color:#1d7a8c;}\n.va-annecy-do .va-annecy-col.bad .va-annecy-mk{color:#b5563e;}\n.va-annecy-quote{margin:42px auto;padding:30px 24px;text-align:center;border-top:1px solid #13222b;border-bottom:1px solid #13222b;max-width:660px;position:relative;}\n.va-annecy-quote .va-annecy-qmark{position:absolute;top:-22px;left:50%;transform:translateX(-50%);background:#fff;padding:0 14px;font-family:'Fraunces',serif;font-size:52px;line-height:1;color:#1d7a8c;}\n.va-annecy-quote .va-annecy-qt{font-family:'Fraunces',serif;font-size:24px;line-height:1.45;font-style:italic;font-weight:500;color:#13222b;}\n.va-annecy-quote .va-annecy-qc{margin-top:14px;font-family:'JetBrains Mono',monospace;font-size:11px;text-transform:uppercase;letter-spacing:2px;color:#5a6a72;}\n.va-annecy-retenir{background:#eef6f8;border:1px solid #cfe3e8;border-radius:10px;padding:24px 26px 26px;margin:36px 0;}\n.va-annecy-retenir .va-annecy-rt{font-family:'JetBrains Mono',monospace;font-size:12px;font-weight:500;text-transform:uppercase;letter-spacing:2.2px;color:#15616f;margin:0 0 16px;}\n.va-annecy-retenir .va-annecy-rgrid{display:grid;grid-template-columns:repeat(auto-fit,minmax(240px,1fr));gap:10px;}\n.va-annecy-retenir .va-annecy-ri{display:flex;gap:12px;background:#fff;border:1px solid #dceaed;padding:12px 14px;border-radius:6px;align-items:flex-start;}\n.va-annecy-retenir .va-annecy-rn{flex:0 0 26px;width:26px;height:26px;background:#1d7a8c;color:#fff;border-radius:50%;display:inline-flex;align-items:center;justify-content:center;font-size:12px;font-weight:700;}\n.va-annecy-retenir .va-annecy-rx{font-size:14px;line-height:1.5;color:#23323b;}\n.va-annecy-faq{margin:38px 0 10px;}\n.va-annecy-faq .va-annecy-fwrap{border-top:1px solid #d3e0e4;}\n.va-annecy-faq details{border-bottom:1px solid #d3e0e4;}\n.va-annecy-faq summary{cursor:pointer;padding:16px 0;font-family:'Fraunces',serif;font-size:18px;font-weight:600;color:#13222b;list-style:none;display:flex;justify-content:space-between;align-items:center;gap:14px;letter-spacing:-0.01em;}\n.va-annecy-faq summary::-webkit-details-marker{display:none;}\n.va-annecy-faq summary .va-annecy-fp{font-size:24px;font-weight:300;color:#1d7a8c;line-height:1;}\n.va-annecy-faq .va-annecy-fa{padding:0 0 18px;font-size:15.5px;line-height:1.7;color:#46555e;}\n\/*RENDERFIX2*\/.va-annecy-carnet{color:#eef3f9!important}.va-annecy-carnet p,.va-annecy-carnet li,.va-annecy-carnet strong,.va-annecy-carnet em,.va-annecy-carnet a,.va-annecy-carnet span,.va-annecy-carnet b,.va-annecy-carnet td,.va-annecy-carnet th,.va-annecy-carnet h2,.va-annecy-carnet h3,.va-annecy-carnet h4{color:#eef3f9!important}.va-annecy-carnet strong,.va-annecy-carnet b{color:#ffffff!important}.va-annecy-table thead tr{color:#eef3f9!important}.va-annecy-table thead tr p,.va-annecy-table thead tr li,.va-annecy-table thead tr strong,.va-annecy-table thead tr em,.va-annecy-table thead tr a,.va-annecy-table thead tr span,.va-annecy-table thead tr b,.va-annecy-table thead tr td,.va-annecy-table thead tr th,.va-annecy-table thead tr h2,.va-annecy-table thead tr h3,.va-annecy-table thead tr h4{color:#eef3f9!important}.va-annecy-table thead tr strong,.va-annecy-table thead tr b{color:#ffffff!important}.va-annecy-retenir .va-annecy-rn{color:#eef3f9!important}.va-annecy-retenir .va-annecy-rn p,.va-annecy-retenir .va-annecy-rn li,.va-annecy-retenir .va-annecy-rn strong,.va-annecy-retenir .va-annecy-rn em,.va-annecy-retenir .va-annecy-rn a,.va-annecy-retenir .va-annecy-rn span,.va-annecy-retenir .va-annecy-rn b,.va-annecy-retenir .va-annecy-rn td,.va-annecy-retenir .va-annecy-rn th,.va-annecy-retenir .va-annecy-rn h2,.va-annecy-retenir .va-annecy-rn h3,.va-annecy-retenir .va-annecy-rn h4{color:#eef3f9!important}.va-annecy-retenir .va-annecy-rn strong,.va-annecy-retenir .va-annecy-rn b{color:#ffffff!important}<\/style>\n<div class=\"va-annecy-wrap\">\n<span class=\"va-annecy-kick\">Guide week-end \u00b7 Haute-Savoie<\/span><\/p>\n<div class=\"va-annecy-lead\">\n<div class=\"va-annecy-txt\">Surnomm\u00e9e la \u00ab Venise des Alpes \u00bb, Annecy concentre sur quelques kilom\u00e8tres un lac turquoise, une vieille ville \u00e0 canaux et des montagnes \u00e0 port\u00e9e de rando. Voici comment caler un week-end inoubliable en 2025, entre d\u00e9tente au bord de l&rsquo;eau, gastronomie savoyarde et balades.<\/div>\n<\/div>\n<div class=\"va-annecy-carnet\">\n<div class=\"va-annecy-ctitle\">Le carnet pratique du week-end<\/div>\n<div class=\"va-annecy-cgrid\">\n<div class=\"va-annecy-cell\">\n<div class=\"va-annecy-cl\">Meilleure p\u00e9riode<\/div>\n<div class=\"va-annecy-cv\">Le printemps, de mai \u00e0 juin, avant la foule estivale<\/div>\n<\/div>\n<div class=\"va-annecy-cell\">\n<div class=\"va-annecy-cl\">Dur\u00e9e id\u00e9ale<\/div>\n<div class=\"va-annecy-cv\">2 jours pour l&rsquo;essentiel, 3 pour tout savourer<\/div>\n<\/div>\n<div class=\"va-annecy-cell\">\n<div class=\"va-annecy-cl\">Le cadre<\/div>\n<div class=\"va-annecy-cv\">Au bord d&rsquo;un lac cristallin, face aux montagnes<\/div>\n<\/div>\n<div class=\"va-annecy-cell\">\n<div class=\"va-annecy-cl\">3 incontournables<\/div>\n<div class=\"va-annecy-cv\">Le lac, la vieille ville m\u00e9di\u00e9vale, le ch\u00e2teau<\/div>\n<\/div>\n<div class=\"va-annecy-cell\">\n<div class=\"va-annecy-cl\">L&rsquo;attraction phare<\/div>\n<div class=\"va-annecy-cv\">Le lac d&rsquo;Annecy, sans conteste<\/div>\n<\/div>\n<div class=\"va-annecy-cell\">\n<div class=\"va-annecy-cl\">Pour qui<\/div>\n<div class=\"va-annecy-cv\">Couples, familles et amis en qu\u00eate de nature et de calme<\/div>\n<\/div>\n<\/div>\n<\/div>\n<p>Nich\u00e9e au bord d&rsquo;un lac r\u00e9put\u00e9 parmi les plus purs d&rsquo;Europe, Annecy a tout de la destination week-end id\u00e9ale : un cadre naturel apaisant, un patrimoine m\u00e9di\u00e9val intact et une table g\u00e9n\u00e9reuse. Que vous veniez vous ressourcer un week-end ou prolonger un court s\u00e9jour, la ville se pr\u00eate autant \u00e0 la fl\u00e2nerie qu&rsquo;aux activit\u00e9s de plein air.<\/p>\n<h2>Un s\u00e9jour relaxant au bord du lac<\/h2>\n<p>Annecy, souvent surnomm\u00e9e la \u00ab Venise des Alpes \u00bb, est un lieu id\u00e9al pour un week-end de d\u00e9tente. Nich\u00e9e au bord d&rsquo;un lac cristallin, la ville offre des panoramas \u00e0 couper le souffle sur les montagnes environnantes. Que vous choisissiez un h\u00f4tel avec spa ou une location de vacances, le cadre naturel de la r\u00e9gion favorise un v\u00e9ritable ressourcement.<\/p>\n<p>En 2025, r\u00e9server un h\u00e9bergement \u00e0 Annecy promet des moments de relaxation inoubliables. Profitez des bienfaits d&rsquo;une s\u00e9ance de sauna suivie d&rsquo;un bon massage. La s\u00e9r\u00e9nit\u00e9 des lieux vous invite \u00e0 laisser vos pr\u00e9occupations derri\u00e8re vous et \u00e0 savourer chaque instant. Pour un week-end au bord du lac, privil\u00e9giez un logement proche de la rive : vous gagnez les plages, les pontons et les balades du matin sans m\u00eame prendre la voiture.<\/p>\n<div class=\"va-annecy-quote\">\n<div class=\"va-annecy-qmark\" aria-hidden=\"true\">\u00ab<\/div>\n<div class=\"va-annecy-qt\">Annecy est un v\u00e9ritable bijou, o\u00f9 chaque coin de rue raconte une histoire.<\/div>\n<div class=\"va-annecy-qc\">\u2014 Un visiteur \u00e9merveill\u00e9<\/div>\n<\/div>\n<h2>Les plaisirs de la gastronomie locale<\/h2>\n<p>Nul besoin d&rsquo;\u00eatre un gastronome averti pour appr\u00e9cier la cuisine savoyarde. Pendant votre s\u00e9jour \u00e0 Annecy, laissez-vous tenter par les sp\u00e9cialit\u00e9s locales, compos\u00e9es principalement de fromages de qualit\u00e9 et de produits du lac. Les plats comme la tartiflette ou la fondue savoyarde sont des incontournables qui raviront vos papilles.<\/p>\n<p>La ville regorge de restaurants offrant des vues imprenables sur le lac. Imaginez-vous d\u00e9guster un plat typique tout en contemplant les reflets des montagnes dans l&rsquo;eau. Chaque repas devient ainsi une exp\u00e9rience m\u00e9morable qui allie saveurs et beaut\u00e9 des paysages.<\/p>\n<h2>Activit\u00e9s vari\u00e9es pour tous les go\u00fbts<\/h2>\n<p>Annecy est une destination qui offre une multitude d&rsquo;activit\u00e9s \u00e0 ses visiteurs. Que vous soyez amateur de sensations fortes ou en qu\u00eate de tranquillit\u00e9, vous trouverez votre bonheur. Les balades en p\u00e9dalo sur le lac sont id\u00e9ales pour passer un moment convivial entre amis ou en famille.<\/p>\n<p>Pour les amateurs de randonn\u00e9e, de nombreux sentiers balis\u00e9s permettent d&rsquo;explorer les alentours. Chaque itin\u00e9raire vous fera d\u00e9couvrir la faune et la flore locales ainsi que des vues panoramiques exceptionnelles. N&rsquo;oubliez pas votre appareil photo pour immortaliser ces instants.<\/p>\n<div class=\"va-annecy-grid\">\n<div class=\"va-annecy-card\">\n<div class=\"va-annecy-cnum\">01<\/div>\n<div class=\"va-annecy-ct\">La vieille ville<\/div>\n<div class=\"va-annecy-cd\">Fl\u00e2nez dans les ruelles \u00e0 canaux et admirez les maisons m\u00e9di\u00e9vales, c\u0153ur historique de la \u00ab Venise des Alpes \u00bb.<\/div>\n<\/div>\n<div class=\"va-annecy-card\">\n<div class=\"va-annecy-cnum\">02<\/div>\n<div class=\"va-annecy-ct\">Le ch\u00e2teau d&rsquo;Annecy<\/div>\n<div class=\"va-annecy-cd\">Explorez ce monument historique fascinant qui domine la ville et raconte son pass\u00e9.<\/div>\n<\/div>\n<div class=\"va-annecy-card\">\n<div class=\"va-annecy-cnum\">03<\/div>\n<div class=\"va-annecy-ct\">Le march\u00e9 d&rsquo;Annecy<\/div>\n<div class=\"va-annecy-cd\">Fl\u00e2nez entre les \u00e9tals pour d\u00e9couvrir les produits du terroir et l&rsquo;ambiance locale.<\/div>\n<\/div>\n<div class=\"va-annecy-card\">\n<div class=\"va-annecy-cnum\">04<\/div>\n<div class=\"va-annecy-ct\">Une sortie en bateau<\/div>\n<div class=\"va-annecy-cd\">Participez \u00e0 une croisi\u00e8re ou une sortie en bateau pour une vue diff\u00e9rente du lac.<\/div>\n<\/div>\n<div class=\"va-annecy-card\">\n<div class=\"va-annecy-cnum\">05<\/div>\n<div class=\"va-annecy-ct\">Les \u00e9v\u00e9nements culturels<\/div>\n<div class=\"va-annecy-cd\">Assistez aux animations et \u00e9v\u00e9nements culturels organis\u00e9s tout au long de l&rsquo;ann\u00e9e.<\/div>\n<\/div>\n<div class=\"va-annecy-card\">\n<div class=\"va-annecy-cnum\">06<\/div>\n<div class=\"va-annecy-ct\">Activit\u00e9s nautiques<\/div>\n<div class=\"va-annecy-cd\">P\u00e9dalo, paddle ou ski nautique : le lac se pr\u00eate \u00e0 tous les plaisirs de l&rsquo;eau.<\/div>\n<\/div>\n<\/div>\n<ul>\n<li>Visitez la vieille ville et admirez ses maisons m\u00e9di\u00e9vales.<\/li>\n<li>Explorez le ch\u00e2teau d&rsquo;Annecy, un monument historique fascinant.<\/li>\n<li>Fl\u00e2nez au march\u00e9 d&rsquo;Annecy pour d\u00e9couvrir les produits du terroir.<\/li>\n<li>Participez \u00e0 une sortie en bateau pour une vue diff\u00e9rente du lac.<\/li>\n<li>Assistez \u00e0 des \u00e9v\u00e9nements culturels tout au long de l&rsquo;ann\u00e9e.<\/li>\n<\/ul>\n<p><iframe loading=\"lazy\" title=\"Les lacs italiens - Echapp\u00e9es belles\" width=\"1200\" height=\"675\" src=\"https:\/\/www.youtube.com\/embed\/2WBGb7JzEKg?feature=oembed\" frameborder=\"0\" allow=\"accelerometer; autoplay; clipboard-write; encrypted-media; gyroscope; picture-in-picture; web-share\" referrerpolicy=\"strict-origin-when-cross-origin\" allowfullscreen><\/iframe><\/p>\n<h2>Quand partir \u00e0 Annecy ?<\/h2>\n<p>Le printemps est la saison id\u00e9ale pour d\u00e9couvrir Annecy : les temp\u00e9ratures sont agr\u00e9ables et la foule estivale n&rsquo;est pas encore pr\u00e9sente. Chaque saison offre toutefois sa propre ambiance autour du lac.<\/p>\n<div class=\"va-annecy-table\">\n<table>\n<thead>\n<tr>\n<th>Saison<\/th>\n<th>Ambiance<\/th>\n<th>Affluence<\/th>\n<\/tr>\n<\/thead>\n<tbody>\n<tr>\n<td class=\"va-annecy-season\">Printemps<\/td>\n<td>Id\u00e9al, mai-juin : douceur et nature en \u00e9veil<\/td>\n<td>Mod\u00e9r\u00e9e<\/td>\n<\/tr>\n<tr>\n<td class=\"va-annecy-season\">\u00c9t\u00e9<\/td>\n<td>Baignade et activit\u00e9s nautiques en pleine forme<\/td>\n<td>Forte<\/td>\n<\/tr>\n<tr>\n<td class=\"va-annecy-season\">Automne<\/td>\n<td>Couleurs sur les montagnes, lumi\u00e8re dor\u00e9e<\/td>\n<td>Calme<\/td>\n<\/tr>\n<tr>\n<td class=\"va-annecy-season\">Hiver<\/td>\n<td>Ambiance feutr\u00e9e, ressourcement et spa<\/td>\n<td>Faible<\/td>\n<\/tr>\n<\/tbody>\n<\/table>\n<\/div>\n<h2>Bien organiser son week-end<\/h2>\n<div class=\"va-annecy-do\">\n<div class=\"va-annecy-col\">\n<div class=\"va-annecy-colt\">\u00c0 privil\u00e9gier<\/div>\n<ul>\n<li><span class=\"va-annecy-mk\">+<\/span><span>Loger pr\u00e8s de la rive pour profiter du lac d\u00e8s le matin.<\/span><\/li>\n<li><span class=\"va-annecy-mk\">+<\/span><span>Alterner d\u00e9tente (spa, plages) et d\u00e9couverte (vieille ville, ch\u00e2teau).<\/span><\/li>\n<li><span class=\"va-annecy-mk\">+<\/span><span>Go\u00fbter les sp\u00e9cialit\u00e9s savoyardes face au lac.<\/span><\/li>\n<li><span class=\"va-annecy-mk\">+<\/span><span>Emporter de bonnes chaussures pour les sentiers balis\u00e9s.<\/span><\/li>\n<\/ul>\n<\/div>\n<div class=\"va-annecy-col bad\">\n<div class=\"va-annecy-colt\">\u00c0 \u00e9viter<\/div>\n<ul>\n<li><span class=\"va-annecy-mk\">\u2013<\/span><span>Tout caser en une seule journ\u00e9e : pr\u00e9voyez le temps de fl\u00e2ner.<\/span><\/li>\n<li><span class=\"va-annecy-mk\">\u2013<\/span><span>Oublier son appareil photo pour les panoramas sur le lac.<\/span><\/li>\n<li><span class=\"va-annecy-mk\">\u2013<\/span><span>N\u00e9gliger la m\u00e9t\u00e9o de montagne, changeante selon l&rsquo;altitude.<\/span><\/li>\n<\/ul>\n<\/div>\n<\/div>\n<div class=\"va-annecy-retenir\">\n<div class=\"va-annecy-rt\">\u00c0 retenir<\/div>\n<div class=\"va-annecy-rgrid\">\n<div class=\"va-annecy-ri\"><span class=\"va-annecy-rn\">1<\/span><span class=\"va-annecy-rx\">Le lac d&rsquo;Annecy est l&rsquo;attraction phare : logez pr\u00e8s de la rive.<\/span><\/div>\n<div class=\"va-annecy-ri\"><span class=\"va-annecy-rn\">2<\/span><span class=\"va-annecy-rx\">Printemps (mai-juin) = la meilleure p\u00e9riode, avant la foule.<\/span><\/div>\n<div class=\"va-annecy-ri\"><span class=\"va-annecy-rn\">3<\/span><span class=\"va-annecy-rx\">Comptez 2 \u00e0 3 jours pour profiter sans courir.<\/span><\/div>\n<div class=\"va-annecy-ri\"><span class=\"va-annecy-rn\">4<\/span><span class=\"va-annecy-rx\">Vieille ville, ch\u00e2teau et march\u00e9 : le trio patrimoine.<\/span><\/div>\n<div class=\"va-annecy-ri\"><span class=\"va-annecy-rn\">5<\/span><span class=\"va-annecy-rx\">Tartiflette, fondue et produits du lac pour la table.<\/span><\/div>\n<\/div>\n<\/div>\n<section class=\"va-annecy-faq\">\n<h2>FAQ \u2013 Tout savoir pour votre week-end \u00e0 Annecy<\/h2>\n<div class=\"va-annecy-fwrap\">\n<details>\n<summary><span>Pourquoi choisir Annecy pour un week-end ?<\/span><span class=\"va-annecy-fp\">+<\/span><\/summary>\n<div class=\"va-annecy-fa\">Annecy est souvent class\u00e9e parmi les villes pr\u00e9f\u00e9r\u00e9es des Fran\u00e7ais gr\u00e2ce \u00e0 son lac magnifique et son ambiance apaisante. C&rsquo;est une destination qui combine nature, culture et gastronomie, offrant ainsi une exp\u00e9rience compl\u00e8te.<\/div>\n<\/details>\n<details>\n<summary><span>Quand partir \u00e0 Annecy ?<\/span><span class=\"va-annecy-fp\">+<\/span><\/summary>\n<div class=\"va-annecy-fa\">Le printemps est la meilleure saison pour visiter, particuli\u00e8rement de mai \u00e0 juin. Les temp\u00e9ratures sont agr\u00e9ables, et la foule estivale n&rsquo;est pas encore pr\u00e9sente.<\/div>\n<\/details>\n<details>\n<summary><span>Quelles activit\u00e9s privil\u00e9gier ?<\/span><span class=\"va-annecy-fp\">+<\/span><\/summary>\n<div class=\"va-annecy-fa\">Les activit\u00e9s nautiques sont nombreuses, comme le paddle ou le ski nautique. Vous pouvez aussi explorer les sentiers de randonn\u00e9e ou simplement vous d\u00e9tendre au bord du lac.<\/div>\n<\/details>\n<details>\n<summary><span>Que faire \u00e0 Annecy quand il pleut ?<\/span><span class=\"va-annecy-fp\">+<\/span><\/summary>\n<div class=\"va-annecy-fa\">Quand le temps se g\u00e2te, repliez-vous sur le patrimoine et le bien-\u00eatre : la visite du ch\u00e2teau d&rsquo;Annecy, les ruelles couvertes de la vieille ville, ou une parenth\u00e8se spa, sauna et massage \u00e0 l&rsquo;h\u00f4tel restent des valeurs s\u00fbres \u00e0 l&rsquo;abri de la pluie.<\/div>\n<\/details>\n<details>\n<summary><span>O\u00f9 dormir \u00e0 Annecy ?<\/span><span class=\"va-annecy-fp\">+<\/span><\/summary>\n<div class=\"va-annecy-fa\">Pour un week-end, privil\u00e9giez un h\u00e9bergement proche du lac : un h\u00f4tel avec spa pour la d\u00e9tente, ou une location de vacances pour plus d&rsquo;autonomie. Loger pr\u00e8s de la rive vous donne acc\u00e8s aux plages et aux balades du bord de l&rsquo;eau sans d\u00e9pendre de la voiture.<\/div>\n<\/details>\n<details>\n<summary><span>Combien de temps pr\u00e9voir sur place ?<\/span><span class=\"va-annecy-fp\">+<\/span><\/summary>\n<div class=\"va-annecy-fa\">Un s\u00e9jour de trois jours est id\u00e9al pour d\u00e9couvrir Annecy. Cela vous laissera le temps de profiter des activit\u00e9s, de d\u00e9couvrir la gastronomie locale et de visiter les sites embl\u00e9matiques.<\/div>\n<\/details>\n<details>\n<summary><span>Quelle est l&rsquo;attraction principale d&rsquo;Annecy ?<\/span><span class=\"va-annecy-fp\">+<\/span><\/summary>\n<div class=\"va-annecy-fa\">Le lac d&rsquo;Annecy est sans conteste l&rsquo;attraction phare, mais son patrimoine historique, notamment le ch\u00e2teau et la vieille ville, vaut \u00e9galement le d\u00e9tour.<\/div>\n<\/details>\n<\/div>\n<\/section>\n<p>Annecy promet un week-end riche en d\u00e9couvertes et en \u00e9motions. R\u00e9servez d\u00e8s maintenant pour profiter de cette destination unique en 2025.<\/p>\n<\/div>\n","protected":false},"excerpt":{"rendered":"","protected":false},"author":34,"featured_media":19337,"comment_status":"open","ping_status":"open","sticky":false,"template":"","format":"standard","meta":{"_acf_changed":false,"manual_indexmenow":false,"indexmenow_id_project":0,"footnotes":""},"categories":[1],"tags":[4538,4530,4535,4528,4769],"class_list":["post-18776","post","type-post","status-publish","format-standard","has-post-thumbnail","hentry","category-a-la-une","tag-activites-variees","tag-escapade-en-europe","tag-gastronomie-locale","tag-hebergement-abordable","tag-immersion-culturelle","generate-columns","tablet-grid-50","mobile-grid-100","grid-parent","grid-25"],"acf":[],"yoast_head":"<!-- This site is optimized with the Yoast SEO Premium plugin v21.3 (Yoast SEO v25.1) - https:\/\/yoast.com\/wordpress\/plugins\/seo\/ -->\n<title>D\u00e9couvrez le charme d&#039;un week-end inoubliable \u00e0 Annecy en<\/title>\n<meta name=\"description\" content=\"Surnomm\u00e9e la \u00ab Venise des Alpes \u00bb, Annecy concentre sur quelques kilom\u00e8tres un lac turquoise, une vieille ville \u00e0 canaux et des montagnes \u00e0 port\u00e9e de\" \/>\n<meta name=\"robots\" content=\"index, follow, max-snippet:-1, max-image-preview:large, max-video-preview:-1\" \/>\n<link rel=\"canonical\" href=\"https:\/\/voyage-aventure.com\/blog\/a-la-une\/decouvrez-le-charme-dun-week-end-inoubliable-a-annecy-en-2025\/\" \/>\n<meta property=\"og:locale\" content=\"fr_FR\" \/>\n<meta property=\"og:type\" content=\"article\" \/>\n<meta property=\"og:title\" content=\"D\u00e9couvrez le charme d&#039;un week-end inoubliable \u00e0 Annecy en\" \/>\n<meta property=\"og:description\" content=\"Surnomm\u00e9e la \u00ab Venise des Alpes \u00bb, Annecy concentre sur quelques kilom\u00e8tres un lac turquoise, une vieille ville \u00e0 canaux et des montagnes \u00e0 port\u00e9e de\" \/>\n<meta property=\"og:url\" content=\"https:\/\/voyage-aventure.com\/blog\/a-la-une\/decouvrez-le-charme-dun-week-end-inoubliable-a-annecy-en-2025\/\" \/>\n<meta property=\"og:site_name\" content=\"voyage-aventure\" \/>\n<meta property=\"og:image\" content=\"https:\/\/voyage-aventure.com\/blog\/wp-content\/uploads\/2025\/05\/sdxl-4319096c1aa38d4a4fe584bd2c4acda3-scaled.png\" \/>\n\t<meta property=\"og:image:width\" content=\"1200\" \/>\n\t<meta property=\"og:image:height\" content=\"500\" \/>\n\t<meta property=\"og:image:type\" content=\"image\/png\" \/>\n<meta name=\"author\" content=\"Camille Rouvray\" \/>\n<meta name=\"twitter:card\" content=\"summary_large_image\" \/>\n<script type=\"application\/ld+json\" class=\"yoast-schema-graph\">{\"@context\":\"https:\/\/schema.org\",\"@graph\":[{\"@type\":\"NewsArticle\",\"@id\":\"https:\/\/voyage-aventure.com\/blog\/a-la-une\/decouvrez-le-charme-dun-week-end-inoubliable-a-annecy-en-2025\/#article\",\"isPartOf\":{\"@id\":\"https:\/\/voyage-aventure.com\/blog\/a-la-une\/decouvrez-le-charme-dun-week-end-inoubliable-a-annecy-en-2025\/\"},\"author\":{\"name\":\"Camille Rouvray\",\"@id\":\"https:\/\/voyage-aventure.com\/blog\/#\/schema\/person\/3c864cdc320801e3db34b663e7e3f816\"},\"headline\":\"D\u00e9couvrez le charme d&rsquo;un week-end inoubliable \u00e0 Annecy en 2025\",\"datePublished\":\"2026-06-16T16:08:01+00:00\",\"mainEntityOfPage\":{\"@id\":\"https:\/\/voyage-aventure.com\/blog\/a-la-une\/decouvrez-le-charme-dun-week-end-inoubliable-a-annecy-en-2025\/\"},\"wordCount\":1316,\"commentCount\":15,\"publisher\":{\"@id\":\"https:\/\/voyage-aventure.com\/blog\/#organization\"},\"image\":{\"@id\":\"https:\/\/voyage-aventure.com\/blog\/a-la-une\/decouvrez-le-charme-dun-week-end-inoubliable-a-annecy-en-2025\/#primaryimage\"},\"thumbnailUrl\":\"https:\/\/voyage-aventure.com\/blog\/wp-content\/uploads\/2025\/05\/sdxl-4319096c1aa38d4a4fe584bd2c4acda3-scaled.png\",\"keywords\":[\"Activit\u00e9s Vari\u00e9es\",\"Escapade en Europe\",\"Gastronomie Locale\",\"H\u00e9bergement Abordable\",\"Immersion Culturelle\"],\"articleSection\":[\"\u00c0 la une\"],\"inLanguage\":\"fr-FR\",\"potentialAction\":[{\"@type\":\"CommentAction\",\"name\":\"Comment\",\"target\":[\"https:\/\/voyage-aventure.com\/blog\/a-la-une\/decouvrez-le-charme-dun-week-end-inoubliable-a-annecy-en-2025\/#respond\"]}]},{\"@type\":\"WebPage\",\"@id\":\"https:\/\/voyage-aventure.com\/blog\/a-la-une\/decouvrez-le-charme-dun-week-end-inoubliable-a-annecy-en-2025\/\",\"url\":\"https:\/\/voyage-aventure.com\/blog\/a-la-une\/decouvrez-le-charme-dun-week-end-inoubliable-a-annecy-en-2025\/\",\"name\":\"D\u00e9couvrez le charme d'un week-end inoubliable \u00e0 Annecy en\",\"isPartOf\":{\"@id\":\"https:\/\/voyage-aventure.com\/blog\/#website\"},\"primaryImageOfPage\":{\"@id\":\"https:\/\/voyage-aventure.com\/blog\/a-la-une\/decouvrez-le-charme-dun-week-end-inoubliable-a-annecy-en-2025\/#primaryimage\"},\"image\":{\"@id\":\"https:\/\/voyage-aventure.com\/blog\/a-la-une\/decouvrez-le-charme-dun-week-end-inoubliable-a-annecy-en-2025\/#primaryimage\"},\"thumbnailUrl\":\"https:\/\/voyage-aventure.com\/blog\/wp-content\/uploads\/2025\/05\/sdxl-4319096c1aa38d4a4fe584bd2c4acda3-scaled.png\",\"datePublished\":\"2026-06-16T16:08:01+00:00\",\"description\":\"Surnomm\u00e9e la \u00ab Venise des Alpes \u00bb, Annecy concentre sur quelques kilom\u00e8tres un lac turquoise, une vieille ville \u00e0 canaux et des montagnes \u00e0 port\u00e9e de\",\"inLanguage\":\"fr-FR\",\"potentialAction\":[{\"@type\":\"ReadAction\",\"target\":[\"https:\/\/voyage-aventure.com\/blog\/a-la-une\/decouvrez-le-charme-dun-week-end-inoubliable-a-annecy-en-2025\/\"]}]},{\"@type\":\"ImageObject\",\"inLanguage\":\"fr-FR\",\"@id\":\"https:\/\/voyage-aventure.com\/blog\/a-la-une\/decouvrez-le-charme-dun-week-end-inoubliable-a-annecy-en-2025\/#primaryimage\",\"url\":\"https:\/\/voyage-aventure.com\/blog\/wp-content\/uploads\/2025\/05\/sdxl-4319096c1aa38d4a4fe584bd2c4acda3-scaled.png\",\"contentUrl\":\"https:\/\/voyage-aventure.com\/blog\/wp-content\/uploads\/2025\/05\/sdxl-4319096c1aa38d4a4fe584bd2c4acda3-scaled.png\",\"width\":1200,\"height\":500},{\"@type\":\"WebSite\",\"@id\":\"https:\/\/voyage-aventure.com\/blog\/#website\",\"url\":\"https:\/\/voyage-aventure.com\/blog\/\",\"name\":\"voyage-aventure.com\",\"description\":\"Votre passeport pour l\u2019inattendu.\",\"publisher\":{\"@id\":\"https:\/\/voyage-aventure.com\/blog\/#organization\"},\"alternateName\":\"Votre passeport pour l\u2019inattendu.\",\"potentialAction\":[{\"@type\":\"SearchAction\",\"target\":{\"@type\":\"EntryPoint\",\"urlTemplate\":\"https:\/\/voyage-aventure.com\/blog\/?s={search_term_string}\"},\"query-input\":{\"@type\":\"PropertyValueSpecification\",\"valueRequired\":true,\"valueName\":\"search_term_string\"}}],\"inLanguage\":\"fr-FR\"},{\"@type\":\"Organization\",\"@id\":\"https:\/\/voyage-aventure.com\/blog\/#organization\",\"name\":\"Foretsensations.fr\",\"url\":\"https:\/\/voyage-aventure.com\/blog\/\",\"logo\":{\"@type\":\"ImageObject\",\"inLanguage\":\"fr-FR\",\"@id\":\"https:\/\/voyage-aventure.com\/blog\/#\/schema\/logo\/image\/\",\"url\":\"https:\/\/voyage-aventure.com\/blog\/wp-content\/uploads\/2024\/12\/19.png\",\"contentUrl\":\"https:\/\/voyage-aventure.com\/blog\/wp-content\/uploads\/2024\/12\/19.png\",\"width\":512,\"height\":512,\"caption\":\"Foretsensations.fr\"},\"image\":{\"@id\":\"https:\/\/voyage-aventure.com\/blog\/#\/schema\/logo\/image\/\"}},{\"@type\":\"Person\",\"@id\":\"https:\/\/voyage-aventure.com\/blog\/#\/schema\/person\/3c864cdc320801e3db34b663e7e3f816\",\"name\":\"Camille Rouvray\",\"image\":{\"@type\":\"ImageObject\",\"inLanguage\":\"fr-FR\",\"@id\":\"https:\/\/voyage-aventure.com\/blog\/#\/schema\/person\/image\/\",\"url\":\"https:\/\/voyage-aventure.com\/blog\/wp-content\/uploads\/2026\/06\/persona_camille-r-96x96.jpg\",\"contentUrl\":\"https:\/\/voyage-aventure.com\/blog\/wp-content\/uploads\/2026\/06\/persona_camille-r-96x96.jpg\",\"caption\":\"Camille Rouvray\"},\"description\":\"Je voyage et j'\u00e9cris sur le voyage depuis une douzaine d'ann\u00e9es, d'abord en tant que routarde au long cours, puis comme r\u00e9dactrice sp\u00e9cialis\u00e9e. Mon terrain de pr\u00e9dilection, ce sont les circuits organis\u00e9s et l'art de bien pr\u00e9parer un itin\u00e9raire : choix de la saison, dur\u00e9e r\u00e9aliste des \u00e9tapes, budget jour par jour, logement et transport sur place. J'aime aussi raconter les p\u00e9pites urbaines, ces adresses qu'on ne trouve pas dans les guides classiques. Avant de publier un dossier destination, je croise toujours plusieurs sources, je v\u00e9rifie les tarifs et les formalit\u00e9s d'entr\u00e9e \u00e0 jour, et je teste moi-m\u00eame quand je le peux. Mon angle reste pratique avant tout : aider le lecteur \u00e0 partir l'esprit tranquille, sans mauvaise surprise une fois sur place. Je m'attache \u00e0 distinguer le coup de c\u0153ur sinc\u00e8re du simple argument marketing.\",\"sameAs\":[\"https:\/\/camillerouvray.fr\/\"],\"url\":\"https:\/\/voyage-aventure.com\/blog\/auteur\/noname\/\"}]}<\/script>\n<!-- \/ Yoast SEO Premium plugin. -->","yoast_head_json":{"title":"D\u00e9couvrez le charme d'un week-end inoubliable \u00e0 Annecy en","description":"Surnomm\u00e9e la \u00ab Venise des Alpes \u00bb, Annecy concentre sur quelques kilom\u00e8tres un lac turquoise, une vieille ville \u00e0 canaux et des montagnes \u00e0 port\u00e9e de","robots":{"index":"index","follow":"follow","max-snippet":"max-snippet:-1","max-image-preview":"max-image-preview:large","max-video-preview":"max-video-preview:-1"},"canonical":"https:\/\/voyage-aventure.com\/blog\/a-la-une\/decouvrez-le-charme-dun-week-end-inoubliable-a-annecy-en-2025\/","og_locale":"fr_FR","og_type":"article","og_title":"D\u00e9couvrez le charme d'un week-end inoubliable \u00e0 Annecy en","og_description":"Surnomm\u00e9e la \u00ab Venise des Alpes \u00bb, Annecy concentre sur quelques kilom\u00e8tres un lac turquoise, une vieille ville \u00e0 canaux et des montagnes \u00e0 port\u00e9e de","og_url":"https:\/\/voyage-aventure.com\/blog\/a-la-une\/decouvrez-le-charme-dun-week-end-inoubliable-a-annecy-en-2025\/","og_site_name":"voyage-aventure","og_image":[{"width":1200,"height":500,"url":"https:\/\/voyage-aventure.com\/blog\/wp-content\/uploads\/2025\/05\/sdxl-4319096c1aa38d4a4fe584bd2c4acda3-scaled.png","type":"image\/png"}],"author":"Camille Rouvray","twitter_card":"summary_large_image","schema":{"@context":"https:\/\/schema.org","@graph":[{"@type":"NewsArticle","@id":"https:\/\/voyage-aventure.com\/blog\/a-la-une\/decouvrez-le-charme-dun-week-end-inoubliable-a-annecy-en-2025\/#article","isPartOf":{"@id":"https:\/\/voyage-aventure.com\/blog\/a-la-une\/decouvrez-le-charme-dun-week-end-inoubliable-a-annecy-en-2025\/"},"author":{"name":"Camille Rouvray","@id":"https:\/\/voyage-aventure.com\/blog\/#\/schema\/person\/3c864cdc320801e3db34b663e7e3f816"},"headline":"D\u00e9couvrez le charme d&rsquo;un week-end inoubliable \u00e0 Annecy en 2025","datePublished":"2026-06-16T16:08:01+00:00","mainEntityOfPage":{"@id":"https:\/\/voyage-aventure.com\/blog\/a-la-une\/decouvrez-le-charme-dun-week-end-inoubliable-a-annecy-en-2025\/"},"wordCount":1316,"commentCount":15,"publisher":{"@id":"https:\/\/voyage-aventure.com\/blog\/#organization"},"image":{"@id":"https:\/\/voyage-aventure.com\/blog\/a-la-une\/decouvrez-le-charme-dun-week-end-inoubliable-a-annecy-en-2025\/#primaryimage"},"thumbnailUrl":"https:\/\/voyage-aventure.com\/blog\/wp-content\/uploads\/2025\/05\/sdxl-4319096c1aa38d4a4fe584bd2c4acda3-scaled.png","keywords":["Activit\u00e9s Vari\u00e9es","Escapade en Europe","Gastronomie Locale","H\u00e9bergement Abordable","Immersion Culturelle"],"articleSection":["\u00c0 la une"],"inLanguage":"fr-FR","potentialAction":[{"@type":"CommentAction","name":"Comment","target":["https:\/\/voyage-aventure.com\/blog\/a-la-une\/decouvrez-le-charme-dun-week-end-inoubliable-a-annecy-en-2025\/#respond"]}]},{"@type":"WebPage","@id":"https:\/\/voyage-aventure.com\/blog\/a-la-une\/decouvrez-le-charme-dun-week-end-inoubliable-a-annecy-en-2025\/","url":"https:\/\/voyage-aventure.com\/blog\/a-la-une\/decouvrez-le-charme-dun-week-end-inoubliable-a-annecy-en-2025\/","name":"D\u00e9couvrez le charme d'un week-end inoubliable \u00e0 Annecy en","isPartOf":{"@id":"https:\/\/voyage-aventure.com\/blog\/#website"},"primaryImageOfPage":{"@id":"https:\/\/voyage-aventure.com\/blog\/a-la-une\/decouvrez-le-charme-dun-week-end-inoubliable-a-annecy-en-2025\/#primaryimage"},"image":{"@id":"https:\/\/voyage-aventure.com\/blog\/a-la-une\/decouvrez-le-charme-dun-week-end-inoubliable-a-annecy-en-2025\/#primaryimage"},"thumbnailUrl":"https:\/\/voyage-aventure.com\/blog\/wp-content\/uploads\/2025\/05\/sdxl-4319096c1aa38d4a4fe584bd2c4acda3-scaled.png","datePublished":"2026-06-16T16:08:01+00:00","description":"Surnomm\u00e9e la \u00ab Venise des Alpes \u00bb, Annecy concentre sur quelques kilom\u00e8tres un lac turquoise, une vieille ville \u00e0 canaux et des montagnes \u00e0 port\u00e9e de","inLanguage":"fr-FR","potentialAction":[{"@type":"ReadAction","target":["https:\/\/voyage-aventure.com\/blog\/a-la-une\/decouvrez-le-charme-dun-week-end-inoubliable-a-annecy-en-2025\/"]}]},{"@type":"ImageObject","inLanguage":"fr-FR","@id":"https:\/\/voyage-aventure.com\/blog\/a-la-une\/decouvrez-le-charme-dun-week-end-inoubliable-a-annecy-en-2025\/#primaryimage","url":"https:\/\/voyage-aventure.com\/blog\/wp-content\/uploads\/2025\/05\/sdxl-4319096c1aa38d4a4fe584bd2c4acda3-scaled.png","contentUrl":"https:\/\/voyage-aventure.com\/blog\/wp-content\/uploads\/2025\/05\/sdxl-4319096c1aa38d4a4fe584bd2c4acda3-scaled.png","width":1200,"height":500},{"@type":"WebSite","@id":"https:\/\/voyage-aventure.com\/blog\/#website","url":"https:\/\/voyage-aventure.com\/blog\/","name":"voyage-aventure.com","description":"Votre passeport pour l\u2019inattendu.","publisher":{"@id":"https:\/\/voyage-aventure.com\/blog\/#organization"},"alternateName":"Votre passeport pour l\u2019inattendu.","potentialAction":[{"@type":"SearchAction","target":{"@type":"EntryPoint","urlTemplate":"https:\/\/voyage-aventure.com\/blog\/?s={search_term_string}"},"query-input":{"@type":"PropertyValueSpecification","valueRequired":true,"valueName":"search_term_string"}}],"inLanguage":"fr-FR"},{"@type":"Organization","@id":"https:\/\/voyage-aventure.com\/blog\/#organization","name":"Foretsensations.fr","url":"https:\/\/voyage-aventure.com\/blog\/","logo":{"@type":"ImageObject","inLanguage":"fr-FR","@id":"https:\/\/voyage-aventure.com\/blog\/#\/schema\/logo\/image\/","url":"https:\/\/voyage-aventure.com\/blog\/wp-content\/uploads\/2024\/12\/19.png","contentUrl":"https:\/\/voyage-aventure.com\/blog\/wp-content\/uploads\/2024\/12\/19.png","width":512,"height":512,"caption":"Foretsensations.fr"},"image":{"@id":"https:\/\/voyage-aventure.com\/blog\/#\/schema\/logo\/image\/"}},{"@type":"Person","@id":"https:\/\/voyage-aventure.com\/blog\/#\/schema\/person\/3c864cdc320801e3db34b663e7e3f816","name":"Camille Rouvray","image":{"@type":"ImageObject","inLanguage":"fr-FR","@id":"https:\/\/voyage-aventure.com\/blog\/#\/schema\/person\/image\/","url":"https:\/\/voyage-aventure.com\/blog\/wp-content\/uploads\/2026\/06\/persona_camille-r-96x96.jpg","contentUrl":"https:\/\/voyage-aventure.com\/blog\/wp-content\/uploads\/2026\/06\/persona_camille-r-96x96.jpg","caption":"Camille Rouvray"},"description":"Je voyage et j'\u00e9cris sur le voyage depuis une douzaine d'ann\u00e9es, d'abord en tant que routarde au long cours, puis comme r\u00e9dactrice sp\u00e9cialis\u00e9e. Mon terrain de pr\u00e9dilection, ce sont les circuits organis\u00e9s et l'art de bien pr\u00e9parer un itin\u00e9raire : choix de la saison, dur\u00e9e r\u00e9aliste des \u00e9tapes, budget jour par jour, logement et transport sur place. J'aime aussi raconter les p\u00e9pites urbaines, ces adresses qu'on ne trouve pas dans les guides classiques. Avant de publier un dossier destination, je croise toujours plusieurs sources, je v\u00e9rifie les tarifs et les formalit\u00e9s d'entr\u00e9e \u00e0 jour, et je teste moi-m\u00eame quand je le peux. Mon angle reste pratique avant tout : aider le lecteur \u00e0 partir l'esprit tranquille, sans mauvaise surprise une fois sur place. Je m'attache \u00e0 distinguer le coup de c\u0153ur sinc\u00e8re du simple argument marketing.","sameAs":["https:\/\/camillerouvray.fr\/"],"url":"https:\/\/voyage-aventure.com\/blog\/auteur\/noname\/"}]}},"_links":{"self":[{"href":"https:\/\/voyage-aventure.com\/blog\/wp-json\/wp\/v2\/posts\/18776","targetHints":{"allow":["GET"]}}],"collection":[{"href":"https:\/\/voyage-aventure.com\/blog\/wp-json\/wp\/v2\/posts"}],"about":[{"href":"https:\/\/voyage-aventure.com\/blog\/wp-json\/wp\/v2\/types\/post"}],"author":[{"embeddable":true,"href":"https:\/\/voyage-aventure.com\/blog\/wp-json\/wp\/v2\/users\/34"}],"replies":[{"embeddable":true,"href":"https:\/\/voyage-aventure.com\/blog\/wp-json\/wp\/v2\/comments?post=18776"}],"version-history":[{"count":3,"href":"https:\/\/voyage-aventure.com\/blog\/wp-json\/wp\/v2\/posts\/18776\/revisions"}],"predecessor-version":[{"id":23137,"href":"https:\/\/voyage-aventure.com\/blog\/wp-json\/wp\/v2\/posts\/18776\/revisions\/23137"}],"wp:featuredmedia":[{"embeddable":true,"href":"https:\/\/voyage-aventure.com\/blog\/wp-json\/wp\/v2\/media\/19337"}],"wp:attachment":[{"href":"https:\/\/voyage-aventure.com\/blog\/wp-json\/wp\/v2\/media?parent=18776"}],"wp:term":[{"taxonomy":"category","embeddable":true,"href":"https:\/\/voyage-aventure.com\/blog\/wp-json\/wp\/v2\/categories?post=18776"},{"taxonomy":"post_tag","embeddable":true,"href":"https:\/\/voyage-aventure.com\/blog\/wp-json\/wp\/v2\/tags?post=18776"}],"curies":[{"name":"wp","href":"https:\/\/api.w.org\/{rel}","templated":true}]}}