{"id":18761,"date":"2026-06-16T18:06:56","date_gmt":"2026-06-16T16:06:56","guid":{"rendered":"https:\/\/voyage-aventure.com\/blog\/a-la-une\/decouvrez-le-riad-de-marrakech-qui-fera-chavirer-votre-coeur-et-vos-photos\/"},"modified":"2026-06-16T18:06:56","modified_gmt":"2026-06-16T16:06:56","slug":"decouvrez-le-riad-de-marrakech-qui-fera-chavirer-votre-coeur-et-vos-photos","status":"publish","type":"post","link":"https:\/\/voyage-aventure.com\/blog\/a-la-une\/decouvrez-le-riad-de-marrakech-qui-fera-chavirer-votre-coeur-et-vos-photos\/","title":{"rendered":"D\u00e9couvrez le riad de Marrakech qui fera chavirer votre c\u0153ur et vos photos"},"content":{"rendered":"<link rel=\"stylesheet\" href=\"https:\/\/fonts.googleapis.com\/css2?family=Fraunces:opsz,wght@9..144,500;9..144,600;9..144,700;9..144,900&#038;family=Inter:wght@400;500;600&#038;family=JetBrains+Mono:wght@500&#038;display=swap\">\n<style>\n.va-riad-wrap{font-family:'Inter',system-ui,sans-serif;color:#2c2118;line-height:1.65;font-size:17px;--terra:#c0552e;--ocre:#c98a3b;--zellij:#1f6f6b;--gold:#b3893f;--ink:#2c2118;--sand:#fbf4ea;--sand2:#f5e9d8}\n.va-riad-wrap h2{font-family:'Fraunces',Georgia,serif;font-weight:700;font-size:clamp(24px,3.2vw,34px);line-height:1.15;letter-spacing:-.01em;color:#3a2415;margin:48px 0 18px}\n.va-riad-wrap h3{font-family:'Fraunces',Georgia,serif;font-weight:600;font-size:clamp(19px,2.3vw,23px);color:#3a2415;margin:28px 0 12px}\n.va-riad-wrap p{margin:0 0 16px}\n.va-riad-kick{font-family:'JetBrains Mono',monospace;font-size:12px;letter-spacing:.18em;text-transform:uppercase;color:var(--terra);font-weight:500;margin-bottom:10px}\n.va-riad-lead{font-size:19px;line-height:1.6;color:#4a3a2a;border-left:4px solid var(--gold);padding-left:18px;margin:0 0 30px}\n.va-riad-carnet{background:linear-gradient(160deg,#fbf4ea,#f5e9d8);border:1px solid #ead9c0;border-left:5px solid var(--terra);border-radius:14px;padding:26px;margin:30px 0;box-shadow:0 1px 2px rgba(60,40,16,.05),0 14px 30px -18px rgba(60,40,16,.25)}\n.va-riad-carnet-h{font-family:'JetBrains Mono',monospace;font-size:12px;letter-spacing:.16em;text-transform:uppercase;color:var(--zellij);margin-bottom:16px;font-weight:500}\n.va-riad-grid{display:grid;grid-template-columns:repeat(auto-fit,minmax(170px,1fr));gap:18px}\n.va-riad-cell{background:#fff;border:1px solid #ead9c0;border-top:3px solid var(--gold);border-radius:10px;padding:16px 18px;transition:.25s ease}\n.va-riad-cell:hover{transform:translateY(-3px);box-shadow:0 10px 24px -12px rgba(60,40,16,.3)}\n.va-riad-cell-l{font-family:'JetBrains Mono',monospace;font-size:11px;letter-spacing:.1em;text-transform:uppercase;color:var(--terra);margin-bottom:6px}\n.va-riad-cell-v{font-family:'Fraunces',serif;font-size:20px;font-weight:600;color:#3a2415;line-height:1.25}\n.va-riad-quote{font-family:'Fraunces',Georgia,serif;font-style:italic;font-weight:500;font-size:clamp(20px,2.6vw,26px);line-height:1.4;color:var(--zellij);border-left:5px solid var(--ocre);padding:8px 0 8px 24px;margin:34px 0}\n.va-riad-cards{display:grid;grid-template-columns:repeat(auto-fit,minmax(220px,1fr));gap:20px;margin:24px 0}\n.va-riad-card{background:#fff;border:1px solid #ead9c0;border-radius:12px;padding:22px;transition:.25s ease;box-shadow:0 1px 2px rgba(60,40,16,.05)}\n.va-riad-card:hover{transform:translateY(-3px);box-shadow:0 14px 30px -16px rgba(60,40,16,.3);border-color:var(--gold)}\n.va-riad-card-t{font-family:'Fraunces',serif;font-size:19px;font-weight:600;color:#3a2415;margin-bottom:8px}\n.va-riad-card-x{font-size:15px;color:#5a4836}\n.va-riad-tbl{width:100%;border-collapse:collapse;margin:22px 0;border:1px solid #ead9c0;border-radius:12px;overflow:hidden}\n.va-riad-tbl th{background:var(--zellij);color:#fff;font-family:'JetBrains Mono',monospace;font-size:12px;letter-spacing:.08em;text-transform:uppercase;text-align:left;padding:12px 16px;font-weight:500}\n.va-riad-tbl td{padding:12px 16px;border-top:1px solid #ead9c0;font-size:15px}\n.va-riad-tbl tr:nth-child(even) td{background:#fbf4ea}\n.va-riad-check{list-style:none;padding:0;margin:18px 0}\n.va-riad-check li{position:relative;padding:8px 0 8px 32px;border-bottom:1px dashed #ead9c0}\n.va-riad-check li::before{content:\"\u2726\";position:absolute;left:6px;color:var(--terra)}\n.va-riad-retenir{background:#3a2415;color:#f3e6d2;border-radius:14px;padding:26px 28px;margin:36px 0}\n.va-riad-retenir h2{color:#fff;margin:0 0 14px}\n.va-riad-retenir ul{list-style:none;padding:0;margin:0}\n.va-riad-retenir li{position:relative;padding:7px 0 7px 28px;border-bottom:1px solid rgba(255,255,255,.12)}\n.va-riad-retenir li:last-child{border-bottom:none}\n.va-riad-retenir li::before{content:\"\u2192\";position:absolute;left:0;color:var(--ocre);font-weight:700}\n.va-riad-faq{margin:18px 0}\n.va-riad-faq details{background:#fff;border:1px solid #ead9c0;border-left:4px solid var(--gold);border-radius:10px;padding:4px 20px;margin-bottom:14px;transition:.25s ease}\n.va-riad-faq details:hover{box-shadow:0 10px 24px -16px rgba(60,40,16,.3)}\n.va-riad-faq summary{font-family:'Fraunces',serif;font-weight:600;font-size:17px;color:#3a2415;cursor:pointer;padding:14px 0;list-style:none}\n.va-riad-faq summary::-webkit-details-marker{display:none}\n.va-riad-faq summary::before{content:\"+\";color:var(--terra);font-weight:700;margin-right:10px}\n.va-riad-faq details[open] summary::before{content:\"\u2013\"}\n.va-riad-faq-a{padding:0 0 16px;font-size:15px;color:#5a4836;line-height:1.6}\n@media(max-width:640px){.va-riad-grid,.va-riad-cards{grid-template-columns:1fr}}\n\/*RENDERFIX2*\/.va-riad-retenir{color:#eef3f9!important}.va-riad-retenir p,.va-riad-retenir li,.va-riad-retenir strong,.va-riad-retenir em,.va-riad-retenir a,.va-riad-retenir span,.va-riad-retenir b,.va-riad-retenir td,.va-riad-retenir th,.va-riad-retenir h2,.va-riad-retenir h3,.va-riad-retenir h4{color:#eef3f9!important}.va-riad-retenir strong,.va-riad-retenir b{color:#ffffff!important}<\/style>\n<div class=\"va-riad-wrap\">\n<div class=\"va-riad-kick\">Marrakech \u00b7 M\u00e9dina \u00b7 Riad de charme<\/div>\n<div class=\"va-riad-lead\">Un patio \u00e0 ciel ouvert, une terrasse face aux toits de la m\u00e9dina et une lumi\u00e8re qui fait honneur \u00e0 chaque clich\u00e9 : voici le riad que nous vous invitons \u00e0 d\u00e9couvrir, un cocon traditionnel pens\u00e9 pour un s\u00e9jour aussi reposant que photog\u00e9nique.<\/div>\n<div class=\"va-riad-carnet\">\n<div class=\"va-riad-carnet-h\">Le carnet du riad<\/div>\n<div class=\"va-riad-grid\">\n<div class=\"va-riad-cell\">\n<div class=\"va-riad-cell-l\">O\u00f9<\/div>\n<div class=\"va-riad-cell-v\">M\u00e9dina historique de Marrakech<\/div>\n<\/div>\n<div class=\"va-riad-cell\">\n<div class=\"va-riad-cell-l\">Cat\u00e9gorie<\/div>\n<div class=\"va-riad-cell-v\">H\u00e9bergement 4 \u00e9toiles<\/div>\n<\/div>\n<div class=\"va-riad-cell\">\n<div class=\"va-riad-cell-l\">\u00c0 partir de<\/div>\n<div class=\"va-riad-cell-v\">83 \u20ac \/ personne<\/div>\n<\/div>\n<div class=\"va-riad-cell\">\n<div class=\"va-riad-cell-l\">Note Booking<\/div>\n<div class=\"va-riad-cell-v\">9,6 \/ 10<\/div>\n<\/div>\n<div class=\"va-riad-cell\">\n<div class=\"va-riad-cell-l\">Note Tripadvisor<\/div>\n<div class=\"va-riad-cell-v\">4 \/ 5<\/div>\n<\/div>\n<div class=\"va-riad-cell\">\n<div class=\"va-riad-cell-l\">Ce qui change tout<\/div>\n<div class=\"va-riad-cell-v\">Piscine \u00b7 terrasse vue m\u00e9dina<\/div>\n<\/div>\n<\/div>\n<\/div>\n<h2>Un cadre enchanteur au c\u0153ur de Marrakech<\/h2>\n<p>Le riad que nous vous proposons de d\u00e9couvrir est un v\u00e9ritable bijou situ\u00e9 dans la m\u00e9dina historique de Marrakech. Avec une note impressionnante de <strong>9,6\/10 sur Booking.com<\/strong>, cet \u00e9tablissement incarne le luxe et la tranquillit\u00e9. Son architecture traditionnelle et son design int\u00e9rieur raffin\u00e9 offrent une exp\u00e9rience unique, id\u00e9ale pour les couples et les amis en qu\u00eate de d\u00e9paysement.<\/p>\n<p>Ce riad, parfait pour votre prochain s\u00e9jour, se distingue par son ambiance paisible. Imaginez-vous savourer un petit-d\u00e9jeuner marocain sur la terrasse tout en admirant la vue sur la m\u00e9dina. Chaque recoin de cet endroit respire l&rsquo;\u00e9l\u00e9gance et la culture marocaine, cr\u00e9ant un cadre parfait pour des photos m\u00e9morables \u00e0 partager sur Instagram.<\/p>\n<h3>C&rsquo;est quoi un riad, au juste ?<\/h3>\n<p>Un <strong>riad<\/strong> est une maison traditionnelle marocaine organis\u00e9e autour d&rsquo;un patio central, souvent agr\u00e9ment\u00e9 d&rsquo;une fontaine, d&rsquo;orangers et de <strong>zellige<\/strong>, cette mosa\u00efque de carreaux \u00e9maill\u00e9s typique de l&rsquo;artisanat local. Tourn\u00e9e vers l&rsquo;int\u00e9rieur, cette architecture prot\u00e8ge de l&rsquo;agitation des ruelles et de la chaleur : on y trouve calme et fra\u00eecheur, l\u00e0 o\u00f9 les fa\u00e7ades sur rue restent volontairement discr\u00e8tes. C&rsquo;est pr\u00e9cis\u00e9ment ce parti pris qui donne \u00e0 ce type d&rsquo;h\u00e9bergement son atmosph\u00e8re feutr\u00e9e, \u00e0 mille lieues d&rsquo;un h\u00f4tel classique.<\/p>\n<div class=\"va-riad-quote\">\u00ab Le luxe n&rsquo;est pas un besoin, mais il peut transformer un s\u00e9jour ordinaire en un moment inoubliable. \u00bb<\/div>\n<h2>Des commodit\u00e9s de premier choix<\/h2>\n<p>Pour un prix tr\u00e8s attractif de <strong>83 \u20ac par personne<\/strong>, vous b\u00e9n\u00e9ficierez d&rsquo;un h\u00e9bergement <strong>4 \u00e9toiles<\/strong> avec acc\u00e8s \u00e0 une piscine rafra\u00eechissante. Le <strong>petit-d\u00e9jeuner inclus<\/strong> vous permettra de commencer la journ\u00e9e du bon pied, tout en savourant des mets authentiques. De plus, l&rsquo;<strong>annulation gratuite<\/strong> vous permet de r\u00e9server en toute s\u00e9r\u00e9nit\u00e9 sans craindre une perte financi\u00e8re.<\/p>\n<p>Les \u00e9quipements de l&rsquo;\u00e9tablissement sont pens\u00e9s pour votre confort. Vous trouverez un acc\u00e8s <strong>Wi-Fi gratuit<\/strong> dans tout le riad, parfait pour rester connect\u00e9 durant votre s\u00e9jour. La piscine, un v\u00e9ritable havre de paix, vous invite \u00e0 vous d\u00e9tendre apr\u00e8s une journ\u00e9e de visites dans la ville.<\/p>\n<div class=\"va-riad-cards\">\n<div class=\"va-riad-card\">\n<div class=\"va-riad-card-t\">Le patio &amp; la fra\u00eecheur<\/div>\n<div class=\"va-riad-card-x\">C\u0153ur du riad, le patio diffuse une fra\u00eecheur naturelle et offre un d\u00e9cor de zellige et de plantes pour les plus belles photos.<\/div>\n<\/div>\n<div class=\"va-riad-card\">\n<div class=\"va-riad-card-t\">La piscine<\/div>\n<div class=\"va-riad-card-x\">Un havre de paix pour se rafra\u00eechir apr\u00e8s les souks, et profiter d&rsquo;un moment de calme au retour de visite.<\/div>\n<\/div>\n<div class=\"va-riad-card\">\n<div class=\"va-riad-card-t\">La terrasse<\/div>\n<div class=\"va-riad-card-x\">Petit-d\u00e9jeuner marocain face aux toits de la m\u00e9dina : le rituel du matin qui r\u00e9sume tout le charme des lieux.<\/div>\n<\/div>\n<\/div>\n<h2>Points forts \u00e0 ne pas manquer<\/h2>\n<p>Ce riad ne manque pas d&rsquo;atouts qui s\u00e9duiront les voyageurs. Voici les points forts \u00e0 consid\u00e9rer lors de votre r\u00e9servation :<\/p>\n<ul class=\"va-riad-check\">\n<li>Localisation privil\u00e9gi\u00e9e dans le centre de Marrakech<\/li>\n<li>\u00c9valuation de 4\/5 sur Tripadvisor, gage de qualit\u00e9<\/li>\n<li>Ambiance romantique et conviviale, id\u00e9ale pour des vacances en couple ou entre amis<\/li>\n<li>\u00c9quipements de luxe, incluant piscine et connexion Wi-Fi<\/li>\n<li>Service attentionn\u00e9 et personnalis\u00e9<\/li>\n<\/ul>\n<h3>M\u00e9dina ou Gu\u00e9liz : o\u00f9 poser ses valises ?<\/h3>\n<p>Choisir son riad \u00e0 Marrakech, c&rsquo;est d&rsquo;abord choisir son quartier. La <strong>m\u00e9dina<\/strong>, o\u00f9 se trouve cet \u00e9tablissement, est le c\u0153ur historique de la ville : on y vit au rythme des souks, des ruelles et des places anim\u00e9es, \u00e0 pied de tout. Le quartier <strong>Gu\u00e9liz<\/strong>, plus r\u00e9cent et a\u00e9r\u00e9, s\u00e9duit ceux qui pr\u00e9f\u00e8rent les avenues, les boutiques modernes et une ambiance plus pos\u00e9e. Pour une premi\u00e8re immersion dans le Marrakech traditionnel, dormir au sein de la m\u00e9dina reste l&rsquo;option la plus d\u00e9paysante \u2014 et la plus pratique pour rayonner \u00e0 pied vers les incontournables.<\/p>\n<table class=\"va-riad-tbl\">\n<thead>\n<tr>\n<th>Crit\u00e8re<\/th>\n<th>Ce que propose ce riad<\/th>\n<\/tr>\n<\/thead>\n<tbody>\n<tr>\n<td>Emplacement<\/td>\n<td>M\u00e9dina historique, centre de Marrakech<\/td>\n<\/tr>\n<tr>\n<td>Cat\u00e9gorie<\/td>\n<td>4 \u00e9toiles<\/td>\n<\/tr>\n<tr>\n<td>Restauration<\/td>\n<td>Petit-d\u00e9jeuner marocain inclus, servi en terrasse<\/td>\n<\/tr>\n<tr>\n<td>D\u00e9tente<\/td>\n<td>Piscine, patio, terrasse vue m\u00e9dina<\/td>\n<\/tr>\n<tr>\n<td>R\u00e9servation<\/td>\n<td>Annulation gratuite, \u00e0 partir de 83 \u20ac \/ personne<\/td>\n<\/tr>\n<\/tbody>\n<\/table>\n<p>Pour ceux qui cherchent \u00e0 explorer Marrakech, sachez que la m\u00e9dina est un v\u00e9ritable labyrinthe de couleurs, d&rsquo;odeurs et de saveurs. Chaque ruelle offre une nouvelle d\u00e9couverte, des souks vibrants aux palais majestueux. Ce riad est le point de d\u00e9part parfait pour toutes vos aventures.<\/p>\n<p>N&rsquo;attendez plus pour vivre cette exp\u00e9rience unique qui allie confort, luxe et immersion culturelle. Que ce soit pour un week-end romantique ou un s\u00e9jour entre amis, ce riad \u00e0 Marrakech saura vous s\u00e9duire.<\/p>\n<h2>R\u00e9servez d\u00e8s maintenant votre escapade<\/h2>\n<p>Il est temps de planifier votre s\u00e9jour dans cette magnifique destination. Les tarifs actuels, <strong>\u00e0 partir de 83 \u20ac par personne<\/strong>, sont tr\u00e8s comp\u00e9titifs et incluent des avantages exceptionnels. N&rsquo;oubliez pas que ces prix peuvent varier en fonction de la demande et de la saison.<\/p>\n<p>Profitez de l&rsquo;<strong>annulation gratuite<\/strong> pour r\u00e9server sans stress. Que vous souhaitiez partir en solo, en couple ou en groupe, le riad s&rsquo;adapte \u00e0 vos besoins. Il vous suffit de modifier le nombre de personnes lors de votre r\u00e9servation pour garantir un s\u00e9jour sur mesure.<\/p>\n<p>En somme, Marrakech vous attend avec ses tr\u00e9sors cach\u00e9s et son ambiance envo\u00fbtante. Ne laissez pas passer l&rsquo;opportunit\u00e9 de s\u00e9journer dans ce riad exceptionnel qui fera de vos vacances un souvenir inoubliable.<\/p>\n<div class=\"va-riad-retenir\">\n<h2>\u00c0 retenir<\/h2>\n<ul>\n<li>Un riad 4 \u00e9toiles au c\u0153ur de la m\u00e9dina, not\u00e9 9,6\/10 sur Booking.com et 4\/5 sur Tripadvisor.<\/li>\n<li>Piscine, Wi-Fi gratuit et petit-d\u00e9jeuner marocain inclus, servi sur la terrasse vue m\u00e9dina.<\/li>\n<li>Tarif \u00e0 partir de 83 \u20ac par personne, avec annulation gratuite pour r\u00e9server sans stress.<\/li>\n<li>Id\u00e9al pour un week-end romantique ou un s\u00e9jour entre amis, et point de d\u00e9part parfait pour explorer les souks.<\/li>\n<\/ul>\n<\/div>\n<div class=\"va-riad-faq\">\n<details>\n<summary>C&rsquo;est quoi un riad, au Maroc ?<\/summary>\n<div class=\"va-riad-faq-a\">Un riad est une maison traditionnelle marocaine organis\u00e9e autour d&rsquo;un patio central \u00e0 ciel ouvert, souvent d\u00e9cor\u00e9 de zellige (mosa\u00efque \u00e9maill\u00e9e) et de v\u00e9g\u00e9tation. Cette architecture tourn\u00e9e vers l&rsquo;int\u00e9rieur prot\u00e8ge de la chaleur et du bruit des ruelles, et cr\u00e9e une atmosph\u00e8re calme et intime, tr\u00e8s diff\u00e9rente d&rsquo;un h\u00f4tel classique.<\/div>\n<\/details>\n<details>\n<summary>Dans quel quartier se loger \u00e0 Marrakech ?<\/summary>\n<div class=\"va-riad-faq-a\">La m\u00e9dina, c\u0153ur historique de la ville, plonge directement dans l&rsquo;ambiance des souks et des ruelles : c&rsquo;est l\u00e0 que se trouve ce riad, \u00e0 pied des incontournables. Le quartier Gu\u00e9liz, plus moderne et a\u00e9r\u00e9, conviendra \u00e0 ceux qui pr\u00e9f\u00e8rent les avenues et les boutiques. Pour une premi\u00e8re immersion d\u00e9paysante, la m\u00e9dina reste l&rsquo;option la plus authentique.<\/div>\n<\/details>\n<details>\n<summary>Comment choisir son riad \u00e0 Marrakech ?<\/summary>\n<div class=\"va-riad-faq-a\">Regardez d&rsquo;abord l&#8217;emplacement (la m\u00e9dina pour \u00eatre au c\u0153ur de l&rsquo;animation), puis les espaces de vie qui font le charme d&rsquo;un riad : un beau patio, une terrasse sur les toits, et id\u00e9alement une piscine pour se rafra\u00eechir l&rsquo;\u00e9t\u00e9. V\u00e9rifiez aussi les prestations incluses (petit-d\u00e9jeuner, Wi-Fi) et les conditions de r\u00e9servation comme l&rsquo;annulation gratuite.<\/div>\n<\/details>\n<details>\n<summary>Que comprend le s\u00e9jour dans ce riad ?<\/summary>\n<div class=\"va-riad-faq-a\">Ce riad 4 \u00e9toiles propose un h\u00e9bergement \u00e0 partir de 83 \u20ac par personne, avec petit-d\u00e9jeuner marocain inclus, acc\u00e8s \u00e0 la piscine et Wi-Fi gratuit dans tout l&rsquo;\u00e9tablissement. L&rsquo;annulation est gratuite, et le nombre de personnes peut \u00eatre ajust\u00e9 lors de la r\u00e9servation pour un s\u00e9jour sur mesure.<\/div>\n<\/details>\n<\/div>\n<\/div>\n","protected":false},"excerpt":{"rendered":"","protected":false},"author":34,"featured_media":20234,"comment_status":"open","ping_status":"open","sticky":false,"template":"","format":"standard","meta":{"_acf_changed":false,"manual_indexmenow":false,"indexmenow_id_project":0,"footnotes":""},"categories":[1],"tags":[4530,4535,4528,4769,5842],"class_list":["post-18761","post","type-post","status-publish","format-standard","has-post-thumbnail","hentry","category-a-la-une","tag-escapade-en-europe","tag-gastronomie-locale","tag-hebergement-abordable","tag-immersion-culturelle","tag-voyage-romantique","generate-columns","tablet-grid-50","mobile-grid-100","grid-parent","grid-25"],"acf":[],"yoast_head":"<!-- This site is optimized with the Yoast SEO Premium plugin v21.3 (Yoast SEO v25.1) - https:\/\/yoast.com\/wordpress\/plugins\/seo\/ -->\n<title>D\u00e9couvrez le riad de Marrakech qui fera chavirer votre c\u0153ur<\/title>\n<meta name=\"description\" content=\"Un patio \u00e0 ciel ouvert, une terrasse face aux toits de la m\u00e9dina et une lumi\u00e8re qui fait honneur \u00e0 chaque clich\u00e9 : voici le riad que nous vous invitons \u00e0\" \/>\n<meta name=\"robots\" content=\"index, follow, max-snippet:-1, max-image-preview:large, max-video-preview:-1\" \/>\n<link rel=\"canonical\" href=\"https:\/\/voyage-aventure.com\/blog\/a-la-une\/decouvrez-le-riad-de-marrakech-qui-fera-chavirer-votre-coeur-et-vos-photos\/\" \/>\n<meta property=\"og:locale\" content=\"fr_FR\" \/>\n<meta property=\"og:type\" content=\"article\" \/>\n<meta property=\"og:title\" content=\"D\u00e9couvrez le riad de Marrakech qui fera chavirer votre c\u0153ur\" \/>\n<meta property=\"og:description\" content=\"Un patio \u00e0 ciel ouvert, une terrasse face aux toits de la m\u00e9dina et une lumi\u00e8re qui fait honneur \u00e0 chaque clich\u00e9 : voici le riad que nous vous invitons \u00e0\" \/>\n<meta property=\"og:url\" content=\"https:\/\/voyage-aventure.com\/blog\/a-la-une\/decouvrez-le-riad-de-marrakech-qui-fera-chavirer-votre-coeur-et-vos-photos\/\" \/>\n<meta property=\"og:site_name\" content=\"voyage-aventure\" \/>\n<meta property=\"og:image\" content=\"https:\/\/voyage-aventure.com\/blog\/wp-content\/uploads\/2025\/05\/sdxl-61532858bca29a0570c4a81afaa3638a-scaled.png\" \/>\n\t<meta property=\"og:image:width\" content=\"1200\" \/>\n\t<meta property=\"og:image:height\" content=\"500\" \/>\n\t<meta property=\"og:image:type\" content=\"image\/png\" \/>\n<meta name=\"author\" content=\"Camille Rouvray\" \/>\n<meta name=\"twitter:card\" content=\"summary_large_image\" \/>\n<script type=\"application\/ld+json\" class=\"yoast-schema-graph\">{\"@context\":\"https:\/\/schema.org\",\"@graph\":[{\"@type\":\"NewsArticle\",\"@id\":\"https:\/\/voyage-aventure.com\/blog\/a-la-une\/decouvrez-le-riad-de-marrakech-qui-fera-chavirer-votre-coeur-et-vos-photos\/#article\",\"isPartOf\":{\"@id\":\"https:\/\/voyage-aventure.com\/blog\/a-la-une\/decouvrez-le-riad-de-marrakech-qui-fera-chavirer-votre-coeur-et-vos-photos\/\"},\"author\":{\"name\":\"Camille Rouvray\",\"@id\":\"https:\/\/voyage-aventure.com\/blog\/#\/schema\/person\/3c864cdc320801e3db34b663e7e3f816\"},\"headline\":\"D\u00e9couvrez le riad de Marrakech qui fera chavirer votre c\u0153ur et vos photos\",\"datePublished\":\"2026-06-16T16:06:56+00:00\",\"mainEntityOfPage\":{\"@id\":\"https:\/\/voyage-aventure.com\/blog\/a-la-une\/decouvrez-le-riad-de-marrakech-qui-fera-chavirer-votre-coeur-et-vos-photos\/\"},\"wordCount\":1350,\"commentCount\":18,\"publisher\":{\"@id\":\"https:\/\/voyage-aventure.com\/blog\/#organization\"},\"image\":{\"@id\":\"https:\/\/voyage-aventure.com\/blog\/a-la-une\/decouvrez-le-riad-de-marrakech-qui-fera-chavirer-votre-coeur-et-vos-photos\/#primaryimage\"},\"thumbnailUrl\":\"https:\/\/voyage-aventure.com\/blog\/wp-content\/uploads\/2025\/05\/sdxl-61532858bca29a0570c4a81afaa3638a-scaled.png\",\"keywords\":[\"Escapade en Europe\",\"Gastronomie Locale\",\"H\u00e9bergement Abordable\",\"Immersion Culturelle\",\"Voyage Romantique\"],\"articleSection\":[\"\u00c0 la une\"],\"inLanguage\":\"fr-FR\",\"potentialAction\":[{\"@type\":\"CommentAction\",\"name\":\"Comment\",\"target\":[\"https:\/\/voyage-aventure.com\/blog\/a-la-une\/decouvrez-le-riad-de-marrakech-qui-fera-chavirer-votre-coeur-et-vos-photos\/#respond\"]}]},{\"@type\":\"WebPage\",\"@id\":\"https:\/\/voyage-aventure.com\/blog\/a-la-une\/decouvrez-le-riad-de-marrakech-qui-fera-chavirer-votre-coeur-et-vos-photos\/\",\"url\":\"https:\/\/voyage-aventure.com\/blog\/a-la-une\/decouvrez-le-riad-de-marrakech-qui-fera-chavirer-votre-coeur-et-vos-photos\/\",\"name\":\"D\u00e9couvrez le riad de Marrakech qui fera chavirer votre c\u0153ur\",\"isPartOf\":{\"@id\":\"https:\/\/voyage-aventure.com\/blog\/#website\"},\"primaryImageOfPage\":{\"@id\":\"https:\/\/voyage-aventure.com\/blog\/a-la-une\/decouvrez-le-riad-de-marrakech-qui-fera-chavirer-votre-coeur-et-vos-photos\/#primaryimage\"},\"image\":{\"@id\":\"https:\/\/voyage-aventure.com\/blog\/a-la-une\/decouvrez-le-riad-de-marrakech-qui-fera-chavirer-votre-coeur-et-vos-photos\/#primaryimage\"},\"thumbnailUrl\":\"https:\/\/voyage-aventure.com\/blog\/wp-content\/uploads\/2025\/05\/sdxl-61532858bca29a0570c4a81afaa3638a-scaled.png\",\"datePublished\":\"2026-06-16T16:06:56+00:00\",\"description\":\"Un patio \u00e0 ciel ouvert, une terrasse face aux toits de la m\u00e9dina et une lumi\u00e8re qui fait honneur \u00e0 chaque clich\u00e9 : voici le riad que nous vous invitons \u00e0\",\"inLanguage\":\"fr-FR\",\"potentialAction\":[{\"@type\":\"ReadAction\",\"target\":[\"https:\/\/voyage-aventure.com\/blog\/a-la-une\/decouvrez-le-riad-de-marrakech-qui-fera-chavirer-votre-coeur-et-vos-photos\/\"]}]},{\"@type\":\"ImageObject\",\"inLanguage\":\"fr-FR\",\"@id\":\"https:\/\/voyage-aventure.com\/blog\/a-la-une\/decouvrez-le-riad-de-marrakech-qui-fera-chavirer-votre-coeur-et-vos-photos\/#primaryimage\",\"url\":\"https:\/\/voyage-aventure.com\/blog\/wp-content\/uploads\/2025\/05\/sdxl-61532858bca29a0570c4a81afaa3638a-scaled.png\",\"contentUrl\":\"https:\/\/voyage-aventure.com\/blog\/wp-content\/uploads\/2025\/05\/sdxl-61532858bca29a0570c4a81afaa3638a-scaled.png\",\"width\":1200,\"height\":500},{\"@type\":\"WebSite\",\"@id\":\"https:\/\/voyage-aventure.com\/blog\/#website\",\"url\":\"https:\/\/voyage-aventure.com\/blog\/\",\"name\":\"voyage-aventure.com\",\"description\":\"Votre passeport pour l\u2019inattendu.\",\"publisher\":{\"@id\":\"https:\/\/voyage-aventure.com\/blog\/#organization\"},\"alternateName\":\"Votre passeport pour l\u2019inattendu.\",\"potentialAction\":[{\"@type\":\"SearchAction\",\"target\":{\"@type\":\"EntryPoint\",\"urlTemplate\":\"https:\/\/voyage-aventure.com\/blog\/?s={search_term_string}\"},\"query-input\":{\"@type\":\"PropertyValueSpecification\",\"valueRequired\":true,\"valueName\":\"search_term_string\"}}],\"inLanguage\":\"fr-FR\"},{\"@type\":\"Organization\",\"@id\":\"https:\/\/voyage-aventure.com\/blog\/#organization\",\"name\":\"Foretsensations.fr\",\"url\":\"https:\/\/voyage-aventure.com\/blog\/\",\"logo\":{\"@type\":\"ImageObject\",\"inLanguage\":\"fr-FR\",\"@id\":\"https:\/\/voyage-aventure.com\/blog\/#\/schema\/logo\/image\/\",\"url\":\"https:\/\/voyage-aventure.com\/blog\/wp-content\/uploads\/2024\/12\/19.png\",\"contentUrl\":\"https:\/\/voyage-aventure.com\/blog\/wp-content\/uploads\/2024\/12\/19.png\",\"width\":512,\"height\":512,\"caption\":\"Foretsensations.fr\"},\"image\":{\"@id\":\"https:\/\/voyage-aventure.com\/blog\/#\/schema\/logo\/image\/\"}},{\"@type\":\"Person\",\"@id\":\"https:\/\/voyage-aventure.com\/blog\/#\/schema\/person\/3c864cdc320801e3db34b663e7e3f816\",\"name\":\"Camille Rouvray\",\"image\":{\"@type\":\"ImageObject\",\"inLanguage\":\"fr-FR\",\"@id\":\"https:\/\/voyage-aventure.com\/blog\/#\/schema\/person\/image\/\",\"url\":\"https:\/\/voyage-aventure.com\/blog\/wp-content\/uploads\/2026\/06\/persona_camille-r-96x96.jpg\",\"contentUrl\":\"https:\/\/voyage-aventure.com\/blog\/wp-content\/uploads\/2026\/06\/persona_camille-r-96x96.jpg\",\"caption\":\"Camille Rouvray\"},\"description\":\"Je voyage et j'\u00e9cris sur le voyage depuis une douzaine d'ann\u00e9es, d'abord en tant que routarde au long cours, puis comme r\u00e9dactrice sp\u00e9cialis\u00e9e. Mon terrain de pr\u00e9dilection, ce sont les circuits organis\u00e9s et l'art de bien pr\u00e9parer un itin\u00e9raire : choix de la saison, dur\u00e9e r\u00e9aliste des \u00e9tapes, budget jour par jour, logement et transport sur place. J'aime aussi raconter les p\u00e9pites urbaines, ces adresses qu'on ne trouve pas dans les guides classiques. Avant de publier un dossier destination, je croise toujours plusieurs sources, je v\u00e9rifie les tarifs et les formalit\u00e9s d'entr\u00e9e \u00e0 jour, et je teste moi-m\u00eame quand je le peux. Mon angle reste pratique avant tout : aider le lecteur \u00e0 partir l'esprit tranquille, sans mauvaise surprise une fois sur place. Je m'attache \u00e0 distinguer le coup de c\u0153ur sinc\u00e8re du simple argument marketing.\",\"sameAs\":[\"https:\/\/camillerouvray.fr\/\"],\"url\":\"https:\/\/voyage-aventure.com\/blog\/auteur\/noname\/\"}]}<\/script>\n<!-- \/ Yoast SEO Premium plugin. -->","yoast_head_json":{"title":"D\u00e9couvrez le riad de Marrakech qui fera chavirer votre c\u0153ur","description":"Un patio \u00e0 ciel ouvert, une terrasse face aux toits de la m\u00e9dina et une lumi\u00e8re qui fait honneur \u00e0 chaque clich\u00e9 : voici le riad que nous vous invitons \u00e0","robots":{"index":"index","follow":"follow","max-snippet":"max-snippet:-1","max-image-preview":"max-image-preview:large","max-video-preview":"max-video-preview:-1"},"canonical":"https:\/\/voyage-aventure.com\/blog\/a-la-une\/decouvrez-le-riad-de-marrakech-qui-fera-chavirer-votre-coeur-et-vos-photos\/","og_locale":"fr_FR","og_type":"article","og_title":"D\u00e9couvrez le riad de Marrakech qui fera chavirer votre c\u0153ur","og_description":"Un patio \u00e0 ciel ouvert, une terrasse face aux toits de la m\u00e9dina et une lumi\u00e8re qui fait honneur \u00e0 chaque clich\u00e9 : voici le riad que nous vous invitons \u00e0","og_url":"https:\/\/voyage-aventure.com\/blog\/a-la-une\/decouvrez-le-riad-de-marrakech-qui-fera-chavirer-votre-coeur-et-vos-photos\/","og_site_name":"voyage-aventure","og_image":[{"width":1200,"height":500,"url":"https:\/\/voyage-aventure.com\/blog\/wp-content\/uploads\/2025\/05\/sdxl-61532858bca29a0570c4a81afaa3638a-scaled.png","type":"image\/png"}],"author":"Camille Rouvray","twitter_card":"summary_large_image","schema":{"@context":"https:\/\/schema.org","@graph":[{"@type":"NewsArticle","@id":"https:\/\/voyage-aventure.com\/blog\/a-la-une\/decouvrez-le-riad-de-marrakech-qui-fera-chavirer-votre-coeur-et-vos-photos\/#article","isPartOf":{"@id":"https:\/\/voyage-aventure.com\/blog\/a-la-une\/decouvrez-le-riad-de-marrakech-qui-fera-chavirer-votre-coeur-et-vos-photos\/"},"author":{"name":"Camille Rouvray","@id":"https:\/\/voyage-aventure.com\/blog\/#\/schema\/person\/3c864cdc320801e3db34b663e7e3f816"},"headline":"D\u00e9couvrez le riad de Marrakech qui fera chavirer votre c\u0153ur et vos photos","datePublished":"2026-06-16T16:06:56+00:00","mainEntityOfPage":{"@id":"https:\/\/voyage-aventure.com\/blog\/a-la-une\/decouvrez-le-riad-de-marrakech-qui-fera-chavirer-votre-coeur-et-vos-photos\/"},"wordCount":1350,"commentCount":18,"publisher":{"@id":"https:\/\/voyage-aventure.com\/blog\/#organization"},"image":{"@id":"https:\/\/voyage-aventure.com\/blog\/a-la-une\/decouvrez-le-riad-de-marrakech-qui-fera-chavirer-votre-coeur-et-vos-photos\/#primaryimage"},"thumbnailUrl":"https:\/\/voyage-aventure.com\/blog\/wp-content\/uploads\/2025\/05\/sdxl-61532858bca29a0570c4a81afaa3638a-scaled.png","keywords":["Escapade en Europe","Gastronomie Locale","H\u00e9bergement Abordable","Immersion Culturelle","Voyage Romantique"],"articleSection":["\u00c0 la une"],"inLanguage":"fr-FR","potentialAction":[{"@type":"CommentAction","name":"Comment","target":["https:\/\/voyage-aventure.com\/blog\/a-la-une\/decouvrez-le-riad-de-marrakech-qui-fera-chavirer-votre-coeur-et-vos-photos\/#respond"]}]},{"@type":"WebPage","@id":"https:\/\/voyage-aventure.com\/blog\/a-la-une\/decouvrez-le-riad-de-marrakech-qui-fera-chavirer-votre-coeur-et-vos-photos\/","url":"https:\/\/voyage-aventure.com\/blog\/a-la-une\/decouvrez-le-riad-de-marrakech-qui-fera-chavirer-votre-coeur-et-vos-photos\/","name":"D\u00e9couvrez le riad de Marrakech qui fera chavirer votre c\u0153ur","isPartOf":{"@id":"https:\/\/voyage-aventure.com\/blog\/#website"},"primaryImageOfPage":{"@id":"https:\/\/voyage-aventure.com\/blog\/a-la-une\/decouvrez-le-riad-de-marrakech-qui-fera-chavirer-votre-coeur-et-vos-photos\/#primaryimage"},"image":{"@id":"https:\/\/voyage-aventure.com\/blog\/a-la-une\/decouvrez-le-riad-de-marrakech-qui-fera-chavirer-votre-coeur-et-vos-photos\/#primaryimage"},"thumbnailUrl":"https:\/\/voyage-aventure.com\/blog\/wp-content\/uploads\/2025\/05\/sdxl-61532858bca29a0570c4a81afaa3638a-scaled.png","datePublished":"2026-06-16T16:06:56+00:00","description":"Un patio \u00e0 ciel ouvert, une terrasse face aux toits de la m\u00e9dina et une lumi\u00e8re qui fait honneur \u00e0 chaque clich\u00e9 : voici le riad que nous vous invitons \u00e0","inLanguage":"fr-FR","potentialAction":[{"@type":"ReadAction","target":["https:\/\/voyage-aventure.com\/blog\/a-la-une\/decouvrez-le-riad-de-marrakech-qui-fera-chavirer-votre-coeur-et-vos-photos\/"]}]},{"@type":"ImageObject","inLanguage":"fr-FR","@id":"https:\/\/voyage-aventure.com\/blog\/a-la-une\/decouvrez-le-riad-de-marrakech-qui-fera-chavirer-votre-coeur-et-vos-photos\/#primaryimage","url":"https:\/\/voyage-aventure.com\/blog\/wp-content\/uploads\/2025\/05\/sdxl-61532858bca29a0570c4a81afaa3638a-scaled.png","contentUrl":"https:\/\/voyage-aventure.com\/blog\/wp-content\/uploads\/2025\/05\/sdxl-61532858bca29a0570c4a81afaa3638a-scaled.png","width":1200,"height":500},{"@type":"WebSite","@id":"https:\/\/voyage-aventure.com\/blog\/#website","url":"https:\/\/voyage-aventure.com\/blog\/","name":"voyage-aventure.com","description":"Votre passeport pour l\u2019inattendu.","publisher":{"@id":"https:\/\/voyage-aventure.com\/blog\/#organization"},"alternateName":"Votre passeport pour l\u2019inattendu.","potentialAction":[{"@type":"SearchAction","target":{"@type":"EntryPoint","urlTemplate":"https:\/\/voyage-aventure.com\/blog\/?s={search_term_string}"},"query-input":{"@type":"PropertyValueSpecification","valueRequired":true,"valueName":"search_term_string"}}],"inLanguage":"fr-FR"},{"@type":"Organization","@id":"https:\/\/voyage-aventure.com\/blog\/#organization","name":"Foretsensations.fr","url":"https:\/\/voyage-aventure.com\/blog\/","logo":{"@type":"ImageObject","inLanguage":"fr-FR","@id":"https:\/\/voyage-aventure.com\/blog\/#\/schema\/logo\/image\/","url":"https:\/\/voyage-aventure.com\/blog\/wp-content\/uploads\/2024\/12\/19.png","contentUrl":"https:\/\/voyage-aventure.com\/blog\/wp-content\/uploads\/2024\/12\/19.png","width":512,"height":512,"caption":"Foretsensations.fr"},"image":{"@id":"https:\/\/voyage-aventure.com\/blog\/#\/schema\/logo\/image\/"}},{"@type":"Person","@id":"https:\/\/voyage-aventure.com\/blog\/#\/schema\/person\/3c864cdc320801e3db34b663e7e3f816","name":"Camille Rouvray","image":{"@type":"ImageObject","inLanguage":"fr-FR","@id":"https:\/\/voyage-aventure.com\/blog\/#\/schema\/person\/image\/","url":"https:\/\/voyage-aventure.com\/blog\/wp-content\/uploads\/2026\/06\/persona_camille-r-96x96.jpg","contentUrl":"https:\/\/voyage-aventure.com\/blog\/wp-content\/uploads\/2026\/06\/persona_camille-r-96x96.jpg","caption":"Camille Rouvray"},"description":"Je voyage et j'\u00e9cris sur le voyage depuis une douzaine d'ann\u00e9es, d'abord en tant que routarde au long cours, puis comme r\u00e9dactrice sp\u00e9cialis\u00e9e. Mon terrain de pr\u00e9dilection, ce sont les circuits organis\u00e9s et l'art de bien pr\u00e9parer un itin\u00e9raire : choix de la saison, dur\u00e9e r\u00e9aliste des \u00e9tapes, budget jour par jour, logement et transport sur place. J'aime aussi raconter les p\u00e9pites urbaines, ces adresses qu'on ne trouve pas dans les guides classiques. Avant de publier un dossier destination, je croise toujours plusieurs sources, je v\u00e9rifie les tarifs et les formalit\u00e9s d'entr\u00e9e \u00e0 jour, et je teste moi-m\u00eame quand je le peux. Mon angle reste pratique avant tout : aider le lecteur \u00e0 partir l'esprit tranquille, sans mauvaise surprise une fois sur place. Je m'attache \u00e0 distinguer le coup de c\u0153ur sinc\u00e8re du simple argument marketing.","sameAs":["https:\/\/camillerouvray.fr\/"],"url":"https:\/\/voyage-aventure.com\/blog\/auteur\/noname\/"}]}},"_links":{"self":[{"href":"https:\/\/voyage-aventure.com\/blog\/wp-json\/wp\/v2\/posts\/18761","targetHints":{"allow":["GET"]}}],"collection":[{"href":"https:\/\/voyage-aventure.com\/blog\/wp-json\/wp\/v2\/posts"}],"about":[{"href":"https:\/\/voyage-aventure.com\/blog\/wp-json\/wp\/v2\/types\/post"}],"author":[{"embeddable":true,"href":"https:\/\/voyage-aventure.com\/blog\/wp-json\/wp\/v2\/users\/34"}],"replies":[{"embeddable":true,"href":"https:\/\/voyage-aventure.com\/blog\/wp-json\/wp\/v2\/comments?post=18761"}],"version-history":[{"count":2,"href":"https:\/\/voyage-aventure.com\/blog\/wp-json\/wp\/v2\/posts\/18761\/revisions"}],"predecessor-version":[{"id":23130,"href":"https:\/\/voyage-aventure.com\/blog\/wp-json\/wp\/v2\/posts\/18761\/revisions\/23130"}],"wp:featuredmedia":[{"embeddable":true,"href":"https:\/\/voyage-aventure.com\/blog\/wp-json\/wp\/v2\/media\/20234"}],"wp:attachment":[{"href":"https:\/\/voyage-aventure.com\/blog\/wp-json\/wp\/v2\/media?parent=18761"}],"wp:term":[{"taxonomy":"category","embeddable":true,"href":"https:\/\/voyage-aventure.com\/blog\/wp-json\/wp\/v2\/categories?post=18761"},{"taxonomy":"post_tag","embeddable":true,"href":"https:\/\/voyage-aventure.com\/blog\/wp-json\/wp\/v2\/tags?post=18761"}],"curies":[{"name":"wp","href":"https:\/\/api.w.org\/{rel}","templated":true}]}}