{"id":18689,"date":"2025-04-08T14:44:23","date_gmt":"2025-04-08T12:44:23","guid":{"rendered":"https:\/\/voyage-aventure.com\/blog\/?p=18689"},"modified":"2025-04-08T14:44:23","modified_gmt":"2025-04-08T12:44:23","slug":"minorque-au-printemps-un-sejour-inoubliable-qui-va-vous-seduire","status":"publish","type":"post","link":"https:\/\/voyage-aventure.com\/blog\/a-la-une\/minorque-au-printemps-un-sejour-inoubliable-qui-va-vous-seduire\/","title":{"rendered":"Minorque au printemps : un s\u00e9jour inoubliable qui va vous s\u00e9duire"},"content":{"rendered":"<h2>Pourquoi choisir Minorque au printemps ?<\/h2>\n<p>Minorque, cette perle des Bal\u00e9ares, est un v\u00e9ritable joyau \u00e0 explorer au printemps. \u00c0 cette p\u00e9riode de l\u2019ann\u00e9e, l\u2019\u00eele offre un climat doux et ensoleill\u00e9, parfait pour profiter de ses paysages \u00e9poustouflants. Les fleurs commencent \u00e0 \u00e9clore, transformant les collines et les plages en un tableau vivant, id\u00e9al pour les amateurs de nature.<\/p>\n<p>Visiter Minorque au printemps vous permet d\u2019\u00e9viter la foule estivale tout en profitant de toutes les activit\u00e9s qu\u2019offre l\u2019\u00eele. Que vous soyez amateur de randonn\u00e9e, de d\u00e9tente sur la plage ou de d\u00e9couvertes culturelles, Minorque saura r\u00e9pondre \u00e0 toutes vos attentes. Le rythme de vie y est plus paisible, vous permettant de savourer chaque instant.<\/p>\n<h2>Les atouts d\u2019un s\u00e9jour \u00e0 Cala en Blanes<\/h2>\n<p>Cala en Blanes est un choix privil\u00e9gi\u00e9 pour poser vos valises sur l\u2019\u00eele. Cet endroit pittoresque, situ\u00e9 \u00e0 quelques pas de Ciutadella, vous offre un acc\u00e8s facile aux plus belles plages et aux attractions locales. L\u2019h\u00f4tel Cala en Blanes, par exemple, propose un h\u00e9bergement confortable avec une kitchenette, id\u00e9al pour les familles et les couples.<\/p>\n<p>Profitez des installations sur place telles qu\u2019un snack-bar convivial, un bar pour vos moments de d\u00e9tente, et un parking pour faciliter vos d\u00e9placements. Les activit\u00e9s \u00e0 proximit\u00e9 incluent des sports nautiques, des visites historiques et des sentiers de randonn\u00e9e, rendant votre s\u00e9jour aussi dynamique que relaxant.<\/p>\n<h2>Les incontournables de Minorque<\/h2>\n<p>Un s\u00e9jour \u00e0 Minorque ne serait pas complet sans explorer ses merveilles naturelles et culturelles. Voici quelques activit\u00e9s \u00e0 ne pas rater :<\/p>\n<ul>\n<li>Visiter le phare de Cavalleria pour une vue panoramique exceptionnelle.<\/li>\n<li>D\u00e9couvrir les plages de sable blanc comme Cala Macarella et Cala Mitjana.<\/li>\n<li>Explorer les sites arch\u00e9ologiques de Talaiots, t\u00e9moins de l\u2019histoire pr\u00e9historique de l\u2019\u00eele.<\/li>\n<li>Se balader dans les ruelles charmantes de Ciutadella, ancienne capitale de Minorque.<\/li>\n<li>D\u00e9guster la gastronomie locale, notamment le fromage de Mah\u00f3n, c\u00e9l\u00e8bre dans toute l\u2019Espagne.<\/li>\n<\/ul>\n<blockquote><p>\n  \u00ab\u00a0D\u00e9couvrir Minorque, c&rsquo;est plonger dans un univers o\u00f9 la nature et la culture se rencontrent harmonieusement.\u00a0\u00bb\n<\/p><\/blockquote>\n<p>Minorque est une destination qui allie d\u00e9tente et aventure. Le paysage vari\u00e9, allant des plages aux falaises, en passant par les campagnes verdoyantes, offre un cadre idyllique pour des souvenirs inoubliables. Que vous souhaitiez vous ressourcer ou explorer, chaque coin de l&rsquo;\u00eele a quelque chose d&rsquo;unique \u00e0 offrir.<\/p>\n<p>S\u00e9journer \u00e0 Minorque au printemps offre une exp\u00e9rience revitalisante. Que ce soit pour une escapade romantique ou des vacances en famille, l&rsquo;\u00eele promet de combler toutes vos attentes. Avec un bon plan de voyage, vous pourrez profiter de tarifs avantageux sur les h\u00f4tels et les vols tout en d\u00e9couvrant cette destination de r\u00eave.<\/p>\n<p>N\u2019attendez plus pour r\u00e9server votre s\u00e9jour \u00e0 Minorque et faire de ce printemps un moment m\u00e9morable. C&rsquo;est le moment id\u00e9al pour explorer cette belle \u00eele et cr\u00e9er des souvenirs qui vous accompagneront longtemps.<\/p>\n","protected":false},"excerpt":{"rendered":"","protected":false},"author":34,"featured_media":19374,"comment_status":"open","ping_status":"open","sticky":false,"template":"","format":"standard","meta":{"_acf_changed":false,"manual_indexmenow":false,"indexmenow_id_project":0,"footnotes":""},"categories":[1],"tags":[4538,4527,4530,4535,4528],"class_list":["post-18689","post","type-post","status-publish","format-standard","has-post-thumbnail","hentry","category-a-la-une","tag-activites-variees","tag-decouverte-culturelle","tag-escapade-en-europe","tag-gastronomie-locale","tag-hebergement-abordable","generate-columns","tablet-grid-50","mobile-grid-100","grid-parent","grid-25"],"acf":[],"yoast_head":"<!-- This site is optimized with the Yoast SEO Premium plugin v21.3 (Yoast SEO v25.1) - https:\/\/yoast.com\/wordpress\/plugins\/seo\/ -->\n<title>Minorque au printemps : un s\u00e9jour inoubliable qui va vous<\/title>\n<meta name=\"description\" content=\"Minorque, cette perle des Bal\u00e9ares, est un v\u00e9ritable joyau \u00e0 explorer au printemps. \u00c0 cette p\u00e9riode de l\u2019ann\u00e9e, l\u2019\u00eele offre un climat doux et ensoleill\u00e9\" \/>\n<meta name=\"robots\" content=\"index, follow, max-snippet:-1, max-image-preview:large, max-video-preview:-1\" \/>\n<link rel=\"canonical\" href=\"https:\/\/voyage-aventure.com\/blog\/a-la-une\/minorque-au-printemps-un-sejour-inoubliable-qui-va-vous-seduire\/\" \/>\n<meta property=\"og:locale\" content=\"fr_FR\" \/>\n<meta property=\"og:type\" content=\"article\" \/>\n<meta property=\"og:title\" content=\"Minorque au printemps : un s\u00e9jour inoubliable qui va vous\" \/>\n<meta property=\"og:description\" content=\"Minorque, cette perle des Bal\u00e9ares, est un v\u00e9ritable joyau \u00e0 explorer au printemps. \u00c0 cette p\u00e9riode de l\u2019ann\u00e9e, l\u2019\u00eele offre un climat doux et ensoleill\u00e9\" \/>\n<meta property=\"og:url\" content=\"https:\/\/voyage-aventure.com\/blog\/a-la-une\/minorque-au-printemps-un-sejour-inoubliable-qui-va-vous-seduire\/\" \/>\n<meta property=\"og:site_name\" content=\"voyage-aventure\" \/>\n<meta property=\"og:image\" content=\"https:\/\/voyage-aventure.com\/blog\/wp-content\/uploads\/2025\/05\/sdxl-06fbef77af2df4e74d64d9052d29b162-scaled.png\" \/>\n\t<meta property=\"og:image:width\" content=\"1200\" \/>\n\t<meta property=\"og:image:height\" content=\"500\" \/>\n\t<meta property=\"og:image:type\" content=\"image\/png\" \/>\n<meta name=\"author\" content=\"Camille Rouvray\" \/>\n<meta name=\"twitter:card\" content=\"summary_large_image\" \/>\n<script type=\"application\/ld+json\" class=\"yoast-schema-graph\">{\"@context\":\"https:\/\/schema.org\",\"@graph\":[{\"@type\":\"NewsArticle\",\"@id\":\"https:\/\/voyage-aventure.com\/blog\/a-la-une\/minorque-au-printemps-un-sejour-inoubliable-qui-va-vous-seduire\/#article\",\"isPartOf\":{\"@id\":\"https:\/\/voyage-aventure.com\/blog\/a-la-une\/minorque-au-printemps-un-sejour-inoubliable-qui-va-vous-seduire\/\"},\"author\":{\"name\":\"Camille Rouvray\",\"@id\":\"https:\/\/voyage-aventure.com\/blog\/#\/schema\/person\/3c864cdc320801e3db34b663e7e3f816\"},\"headline\":\"Minorque au printemps : un s\u00e9jour inoubliable qui va vous s\u00e9duire\",\"datePublished\":\"2025-04-08T12:44:23+00:00\",\"mainEntityOfPage\":{\"@id\":\"https:\/\/voyage-aventure.com\/blog\/a-la-une\/minorque-au-printemps-un-sejour-inoubliable-qui-va-vous-seduire\/\"},\"wordCount\":518,\"commentCount\":19,\"publisher\":{\"@id\":\"https:\/\/voyage-aventure.com\/blog\/#organization\"},\"image\":{\"@id\":\"https:\/\/voyage-aventure.com\/blog\/a-la-une\/minorque-au-printemps-un-sejour-inoubliable-qui-va-vous-seduire\/#primaryimage\"},\"thumbnailUrl\":\"https:\/\/voyage-aventure.com\/blog\/wp-content\/uploads\/2025\/05\/sdxl-06fbef77af2df4e74d64d9052d29b162-scaled.png\",\"keywords\":[\"Activit\u00e9s Vari\u00e9es\",\"D\u00e9couverte Culturelle\",\"Escapade en Europe\",\"Gastronomie Locale\",\"H\u00e9bergement Abordable\"],\"articleSection\":[\"\u00c0 la une\"],\"inLanguage\":\"fr-FR\",\"potentialAction\":[{\"@type\":\"CommentAction\",\"name\":\"Comment\",\"target\":[\"https:\/\/voyage-aventure.com\/blog\/a-la-une\/minorque-au-printemps-un-sejour-inoubliable-qui-va-vous-seduire\/#respond\"]}]},{\"@type\":\"WebPage\",\"@id\":\"https:\/\/voyage-aventure.com\/blog\/a-la-une\/minorque-au-printemps-un-sejour-inoubliable-qui-va-vous-seduire\/\",\"url\":\"https:\/\/voyage-aventure.com\/blog\/a-la-une\/minorque-au-printemps-un-sejour-inoubliable-qui-va-vous-seduire\/\",\"name\":\"Minorque au printemps : un s\u00e9jour inoubliable qui va vous\",\"isPartOf\":{\"@id\":\"https:\/\/voyage-aventure.com\/blog\/#website\"},\"primaryImageOfPage\":{\"@id\":\"https:\/\/voyage-aventure.com\/blog\/a-la-une\/minorque-au-printemps-un-sejour-inoubliable-qui-va-vous-seduire\/#primaryimage\"},\"image\":{\"@id\":\"https:\/\/voyage-aventure.com\/blog\/a-la-une\/minorque-au-printemps-un-sejour-inoubliable-qui-va-vous-seduire\/#primaryimage\"},\"thumbnailUrl\":\"https:\/\/voyage-aventure.com\/blog\/wp-content\/uploads\/2025\/05\/sdxl-06fbef77af2df4e74d64d9052d29b162-scaled.png\",\"datePublished\":\"2025-04-08T12:44:23+00:00\",\"description\":\"Minorque, cette perle des Bal\u00e9ares, est un v\u00e9ritable joyau \u00e0 explorer au printemps. \u00c0 cette p\u00e9riode de l\u2019ann\u00e9e, l\u2019\u00eele offre un climat doux et ensoleill\u00e9\",\"inLanguage\":\"fr-FR\",\"potentialAction\":[{\"@type\":\"ReadAction\",\"target\":[\"https:\/\/voyage-aventure.com\/blog\/a-la-une\/minorque-au-printemps-un-sejour-inoubliable-qui-va-vous-seduire\/\"]}]},{\"@type\":\"ImageObject\",\"inLanguage\":\"fr-FR\",\"@id\":\"https:\/\/voyage-aventure.com\/blog\/a-la-une\/minorque-au-printemps-un-sejour-inoubliable-qui-va-vous-seduire\/#primaryimage\",\"url\":\"https:\/\/voyage-aventure.com\/blog\/wp-content\/uploads\/2025\/05\/sdxl-06fbef77af2df4e74d64d9052d29b162-scaled.png\",\"contentUrl\":\"https:\/\/voyage-aventure.com\/blog\/wp-content\/uploads\/2025\/05\/sdxl-06fbef77af2df4e74d64d9052d29b162-scaled.png\",\"width\":1200,\"height\":500},{\"@type\":\"WebSite\",\"@id\":\"https:\/\/voyage-aventure.com\/blog\/#website\",\"url\":\"https:\/\/voyage-aventure.com\/blog\/\",\"name\":\"voyage-aventure.com\",\"description\":\"Votre passeport pour l\u2019inattendu.\",\"publisher\":{\"@id\":\"https:\/\/voyage-aventure.com\/blog\/#organization\"},\"alternateName\":\"Votre passeport pour l\u2019inattendu.\",\"potentialAction\":[{\"@type\":\"SearchAction\",\"target\":{\"@type\":\"EntryPoint\",\"urlTemplate\":\"https:\/\/voyage-aventure.com\/blog\/?s={search_term_string}\"},\"query-input\":{\"@type\":\"PropertyValueSpecification\",\"valueRequired\":true,\"valueName\":\"search_term_string\"}}],\"inLanguage\":\"fr-FR\"},{\"@type\":\"Organization\",\"@id\":\"https:\/\/voyage-aventure.com\/blog\/#organization\",\"name\":\"Foretsensations.fr\",\"url\":\"https:\/\/voyage-aventure.com\/blog\/\",\"logo\":{\"@type\":\"ImageObject\",\"inLanguage\":\"fr-FR\",\"@id\":\"https:\/\/voyage-aventure.com\/blog\/#\/schema\/logo\/image\/\",\"url\":\"https:\/\/voyage-aventure.com\/blog\/wp-content\/uploads\/2024\/12\/19.png\",\"contentUrl\":\"https:\/\/voyage-aventure.com\/blog\/wp-content\/uploads\/2024\/12\/19.png\",\"width\":512,\"height\":512,\"caption\":\"Foretsensations.fr\"},\"image\":{\"@id\":\"https:\/\/voyage-aventure.com\/blog\/#\/schema\/logo\/image\/\"}},{\"@type\":\"Person\",\"@id\":\"https:\/\/voyage-aventure.com\/blog\/#\/schema\/person\/3c864cdc320801e3db34b663e7e3f816\",\"name\":\"Camille Rouvray\",\"image\":{\"@type\":\"ImageObject\",\"inLanguage\":\"fr-FR\",\"@id\":\"https:\/\/voyage-aventure.com\/blog\/#\/schema\/person\/image\/\",\"url\":\"https:\/\/voyage-aventure.com\/blog\/wp-content\/uploads\/2026\/06\/persona_camille-r-96x96.jpg\",\"contentUrl\":\"https:\/\/voyage-aventure.com\/blog\/wp-content\/uploads\/2026\/06\/persona_camille-r-96x96.jpg\",\"caption\":\"Camille Rouvray\"},\"description\":\"Je voyage et j'\u00e9cris sur le voyage depuis une douzaine d'ann\u00e9es, d'abord en tant que routarde au long cours, puis comme r\u00e9dactrice sp\u00e9cialis\u00e9e. Mon terrain de pr\u00e9dilection, ce sont les circuits organis\u00e9s et l'art de bien pr\u00e9parer un itin\u00e9raire : choix de la saison, dur\u00e9e r\u00e9aliste des \u00e9tapes, budget jour par jour, logement et transport sur place. J'aime aussi raconter les p\u00e9pites urbaines, ces adresses qu'on ne trouve pas dans les guides classiques. Avant de publier un dossier destination, je croise toujours plusieurs sources, je v\u00e9rifie les tarifs et les formalit\u00e9s d'entr\u00e9e \u00e0 jour, et je teste moi-m\u00eame quand je le peux. Mon angle reste pratique avant tout : aider le lecteur \u00e0 partir l'esprit tranquille, sans mauvaise surprise une fois sur place. Je m'attache \u00e0 distinguer le coup de c\u0153ur sinc\u00e8re du simple argument marketing.\",\"sameAs\":[\"https:\/\/camillerouvray.fr\/\"],\"url\":\"https:\/\/voyage-aventure.com\/blog\/auteur\/noname\/\"}]}<\/script>\n<!-- \/ Yoast SEO Premium plugin. -->","yoast_head_json":{"title":"Minorque au printemps : un s\u00e9jour inoubliable qui va vous","description":"Minorque, cette perle des Bal\u00e9ares, est un v\u00e9ritable joyau \u00e0 explorer au printemps. \u00c0 cette p\u00e9riode de l\u2019ann\u00e9e, l\u2019\u00eele offre un climat doux et ensoleill\u00e9","robots":{"index":"index","follow":"follow","max-snippet":"max-snippet:-1","max-image-preview":"max-image-preview:large","max-video-preview":"max-video-preview:-1"},"canonical":"https:\/\/voyage-aventure.com\/blog\/a-la-une\/minorque-au-printemps-un-sejour-inoubliable-qui-va-vous-seduire\/","og_locale":"fr_FR","og_type":"article","og_title":"Minorque au printemps : un s\u00e9jour inoubliable qui va vous","og_description":"Minorque, cette perle des Bal\u00e9ares, est un v\u00e9ritable joyau \u00e0 explorer au printemps. \u00c0 cette p\u00e9riode de l\u2019ann\u00e9e, l\u2019\u00eele offre un climat doux et ensoleill\u00e9","og_url":"https:\/\/voyage-aventure.com\/blog\/a-la-une\/minorque-au-printemps-un-sejour-inoubliable-qui-va-vous-seduire\/","og_site_name":"voyage-aventure","og_image":[{"width":1200,"height":500,"url":"https:\/\/voyage-aventure.com\/blog\/wp-content\/uploads\/2025\/05\/sdxl-06fbef77af2df4e74d64d9052d29b162-scaled.png","type":"image\/png"}],"author":"Camille Rouvray","twitter_card":"summary_large_image","schema":{"@context":"https:\/\/schema.org","@graph":[{"@type":"NewsArticle","@id":"https:\/\/voyage-aventure.com\/blog\/a-la-une\/minorque-au-printemps-un-sejour-inoubliable-qui-va-vous-seduire\/#article","isPartOf":{"@id":"https:\/\/voyage-aventure.com\/blog\/a-la-une\/minorque-au-printemps-un-sejour-inoubliable-qui-va-vous-seduire\/"},"author":{"name":"Camille Rouvray","@id":"https:\/\/voyage-aventure.com\/blog\/#\/schema\/person\/3c864cdc320801e3db34b663e7e3f816"},"headline":"Minorque au printemps : un s\u00e9jour inoubliable qui va vous s\u00e9duire","datePublished":"2025-04-08T12:44:23+00:00","mainEntityOfPage":{"@id":"https:\/\/voyage-aventure.com\/blog\/a-la-une\/minorque-au-printemps-un-sejour-inoubliable-qui-va-vous-seduire\/"},"wordCount":518,"commentCount":19,"publisher":{"@id":"https:\/\/voyage-aventure.com\/blog\/#organization"},"image":{"@id":"https:\/\/voyage-aventure.com\/blog\/a-la-une\/minorque-au-printemps-un-sejour-inoubliable-qui-va-vous-seduire\/#primaryimage"},"thumbnailUrl":"https:\/\/voyage-aventure.com\/blog\/wp-content\/uploads\/2025\/05\/sdxl-06fbef77af2df4e74d64d9052d29b162-scaled.png","keywords":["Activit\u00e9s Vari\u00e9es","D\u00e9couverte Culturelle","Escapade en Europe","Gastronomie Locale","H\u00e9bergement Abordable"],"articleSection":["\u00c0 la une"],"inLanguage":"fr-FR","potentialAction":[{"@type":"CommentAction","name":"Comment","target":["https:\/\/voyage-aventure.com\/blog\/a-la-une\/minorque-au-printemps-un-sejour-inoubliable-qui-va-vous-seduire\/#respond"]}]},{"@type":"WebPage","@id":"https:\/\/voyage-aventure.com\/blog\/a-la-une\/minorque-au-printemps-un-sejour-inoubliable-qui-va-vous-seduire\/","url":"https:\/\/voyage-aventure.com\/blog\/a-la-une\/minorque-au-printemps-un-sejour-inoubliable-qui-va-vous-seduire\/","name":"Minorque au printemps : un s\u00e9jour inoubliable qui va vous","isPartOf":{"@id":"https:\/\/voyage-aventure.com\/blog\/#website"},"primaryImageOfPage":{"@id":"https:\/\/voyage-aventure.com\/blog\/a-la-une\/minorque-au-printemps-un-sejour-inoubliable-qui-va-vous-seduire\/#primaryimage"},"image":{"@id":"https:\/\/voyage-aventure.com\/blog\/a-la-une\/minorque-au-printemps-un-sejour-inoubliable-qui-va-vous-seduire\/#primaryimage"},"thumbnailUrl":"https:\/\/voyage-aventure.com\/blog\/wp-content\/uploads\/2025\/05\/sdxl-06fbef77af2df4e74d64d9052d29b162-scaled.png","datePublished":"2025-04-08T12:44:23+00:00","description":"Minorque, cette perle des Bal\u00e9ares, est un v\u00e9ritable joyau \u00e0 explorer au printemps. \u00c0 cette p\u00e9riode de l\u2019ann\u00e9e, l\u2019\u00eele offre un climat doux et ensoleill\u00e9","inLanguage":"fr-FR","potentialAction":[{"@type":"ReadAction","target":["https:\/\/voyage-aventure.com\/blog\/a-la-une\/minorque-au-printemps-un-sejour-inoubliable-qui-va-vous-seduire\/"]}]},{"@type":"ImageObject","inLanguage":"fr-FR","@id":"https:\/\/voyage-aventure.com\/blog\/a-la-une\/minorque-au-printemps-un-sejour-inoubliable-qui-va-vous-seduire\/#primaryimage","url":"https:\/\/voyage-aventure.com\/blog\/wp-content\/uploads\/2025\/05\/sdxl-06fbef77af2df4e74d64d9052d29b162-scaled.png","contentUrl":"https:\/\/voyage-aventure.com\/blog\/wp-content\/uploads\/2025\/05\/sdxl-06fbef77af2df4e74d64d9052d29b162-scaled.png","width":1200,"height":500},{"@type":"WebSite","@id":"https:\/\/voyage-aventure.com\/blog\/#website","url":"https:\/\/voyage-aventure.com\/blog\/","name":"voyage-aventure.com","description":"Votre passeport pour l\u2019inattendu.","publisher":{"@id":"https:\/\/voyage-aventure.com\/blog\/#organization"},"alternateName":"Votre passeport pour l\u2019inattendu.","potentialAction":[{"@type":"SearchAction","target":{"@type":"EntryPoint","urlTemplate":"https:\/\/voyage-aventure.com\/blog\/?s={search_term_string}"},"query-input":{"@type":"PropertyValueSpecification","valueRequired":true,"valueName":"search_term_string"}}],"inLanguage":"fr-FR"},{"@type":"Organization","@id":"https:\/\/voyage-aventure.com\/blog\/#organization","name":"Foretsensations.fr","url":"https:\/\/voyage-aventure.com\/blog\/","logo":{"@type":"ImageObject","inLanguage":"fr-FR","@id":"https:\/\/voyage-aventure.com\/blog\/#\/schema\/logo\/image\/","url":"https:\/\/voyage-aventure.com\/blog\/wp-content\/uploads\/2024\/12\/19.png","contentUrl":"https:\/\/voyage-aventure.com\/blog\/wp-content\/uploads\/2024\/12\/19.png","width":512,"height":512,"caption":"Foretsensations.fr"},"image":{"@id":"https:\/\/voyage-aventure.com\/blog\/#\/schema\/logo\/image\/"}},{"@type":"Person","@id":"https:\/\/voyage-aventure.com\/blog\/#\/schema\/person\/3c864cdc320801e3db34b663e7e3f816","name":"Camille Rouvray","image":{"@type":"ImageObject","inLanguage":"fr-FR","@id":"https:\/\/voyage-aventure.com\/blog\/#\/schema\/person\/image\/","url":"https:\/\/voyage-aventure.com\/blog\/wp-content\/uploads\/2026\/06\/persona_camille-r-96x96.jpg","contentUrl":"https:\/\/voyage-aventure.com\/blog\/wp-content\/uploads\/2026\/06\/persona_camille-r-96x96.jpg","caption":"Camille Rouvray"},"description":"Je voyage et j'\u00e9cris sur le voyage depuis une douzaine d'ann\u00e9es, d'abord en tant que routarde au long cours, puis comme r\u00e9dactrice sp\u00e9cialis\u00e9e. Mon terrain de pr\u00e9dilection, ce sont les circuits organis\u00e9s et l'art de bien pr\u00e9parer un itin\u00e9raire : choix de la saison, dur\u00e9e r\u00e9aliste des \u00e9tapes, budget jour par jour, logement et transport sur place. J'aime aussi raconter les p\u00e9pites urbaines, ces adresses qu'on ne trouve pas dans les guides classiques. Avant de publier un dossier destination, je croise toujours plusieurs sources, je v\u00e9rifie les tarifs et les formalit\u00e9s d'entr\u00e9e \u00e0 jour, et je teste moi-m\u00eame quand je le peux. Mon angle reste pratique avant tout : aider le lecteur \u00e0 partir l'esprit tranquille, sans mauvaise surprise une fois sur place. Je m'attache \u00e0 distinguer le coup de c\u0153ur sinc\u00e8re du simple argument marketing.","sameAs":["https:\/\/camillerouvray.fr\/"],"url":"https:\/\/voyage-aventure.com\/blog\/auteur\/noname\/"}]}},"_links":{"self":[{"href":"https:\/\/voyage-aventure.com\/blog\/wp-json\/wp\/v2\/posts\/18689","targetHints":{"allow":["GET"]}}],"collection":[{"href":"https:\/\/voyage-aventure.com\/blog\/wp-json\/wp\/v2\/posts"}],"about":[{"href":"https:\/\/voyage-aventure.com\/blog\/wp-json\/wp\/v2\/types\/post"}],"author":[{"embeddable":true,"href":"https:\/\/voyage-aventure.com\/blog\/wp-json\/wp\/v2\/users\/34"}],"replies":[{"embeddable":true,"href":"https:\/\/voyage-aventure.com\/blog\/wp-json\/wp\/v2\/comments?post=18689"}],"version-history":[{"count":1,"href":"https:\/\/voyage-aventure.com\/blog\/wp-json\/wp\/v2\/posts\/18689\/revisions"}],"predecessor-version":[{"id":18691,"href":"https:\/\/voyage-aventure.com\/blog\/wp-json\/wp\/v2\/posts\/18689\/revisions\/18691"}],"wp:featuredmedia":[{"embeddable":true,"href":"https:\/\/voyage-aventure.com\/blog\/wp-json\/wp\/v2\/media\/19374"}],"wp:attachment":[{"href":"https:\/\/voyage-aventure.com\/blog\/wp-json\/wp\/v2\/media?parent=18689"}],"wp:term":[{"taxonomy":"category","embeddable":true,"href":"https:\/\/voyage-aventure.com\/blog\/wp-json\/wp\/v2\/categories?post=18689"},{"taxonomy":"post_tag","embeddable":true,"href":"https:\/\/voyage-aventure.com\/blog\/wp-json\/wp\/v2\/tags?post=18689"}],"curies":[{"name":"wp","href":"https:\/\/api.w.org\/{rel}","templated":true}]}}