{"id":18683,"date":"2025-04-08T12:42:14","date_gmt":"2025-04-08T10:42:14","guid":{"rendered":"https:\/\/voyage-aventure.com\/blog\/?p=18683"},"modified":"2025-04-08T12:42:14","modified_gmt":"2025-04-08T10:42:14","slug":"decouvrez-majorque-au-printemps-un-refuge-entre-criques-et-pinedes","status":"publish","type":"post","link":"https:\/\/voyage-aventure.com\/blog\/a-la-une\/decouvrez-majorque-au-printemps-un-refuge-entre-criques-et-pinedes\/","title":{"rendered":"D\u00e9couvrez majorque au printemps : un refuge entre criques et pin\u00e8des"},"content":{"rendered":"<h2>Le printemps : la meilleure saison pour explorer majorque<\/h2>\n<p>Le printemps est sans conteste la saison id\u00e9ale pour visiter Majorque. \u00c0 cette p\u00e9riode, l&rsquo;\u00eele se transforme en un v\u00e9ritable havre de paix, o\u00f9 les temp\u00e9ratures sont douces et les paysages s&rsquo;\u00e9panouissent sous le soleil. Les plages se vident progressivement, permettant aux visiteurs de profiter des criques et des paysages sans la foule estivale.<\/p>\n<p>Les balades en pleine nature deviennent un vrai plaisir, que ce soit en randonn\u00e9e dans les montagnes de la Serra de Tramuntana ou en fl\u00e2nant le long des c\u00f4tes. Les villages authentiques, comme Valldemossa et S\u00f3ller, s&rsquo;animent avec des march\u00e9s color\u00e9s et des festivals locaux, offrant une immersion totale dans la culture majorquine.<\/p>\n<h2>Des h\u00e9bergements adapt\u00e9s \u00e0 tous les go\u00fbts<\/h2>\n<p>Choisir l&rsquo;endroit o\u00f9 s\u00e9journer \u00e0 Majorque est essentiel pour profiter pleinement de votre voyage. Des h\u00f4tels de luxe aux charmantes auberges, l&rsquo;\u00eele propose une vaste gamme d&rsquo;options d&rsquo;h\u00e9bergement. Par exemple, le Protur Tur\u00f3 Pins Hotel \u00e0 Cala Ratjada offre un cadre idyllique avec ses pin\u00e8des et ses criques turquoise.<\/p>\n<p>Ce type d&rsquo;h\u00f4tel est id\u00e9al pour les familles, gr\u00e2ce \u00e0 ses \u00e9quipements modernes tels que piscine, spa, et animations. Pour les couples ou les amis, des \u00e9tablissements plus intimistes sont \u00e9galement disponibles, permettant de savourer des moments de tranquillit\u00e9 ou de convivialit\u00e9. <\/p>\n<h2>Activit\u00e9s \u00e0 ne pas manquer au printemps<\/h2>\n<p>Les activit\u00e9s ne manquent pas \u00e0 Majorque, surtout au printemps. Que vous soyez amateur de randonn\u00e9e, de v\u00e9lo, ou de farniente sur la plage, vous trouverez votre bonheur. Les sentiers de randonn\u00e9e offrent des vues spectaculaires sur la mer M\u00e9diterran\u00e9e et la flore locale en pleine floraison.<\/p>\n<p>Pour ceux qui pr\u00e9f\u00e8rent la d\u00e9tente, les criques isol\u00e9es sont parfaites pour se baigner ou simplement se reposer au soleil. De plus, vous pouvez explorer les march\u00e9s locaux et d\u00e9guster la gastronomie majorquine, qui regorge de saveurs authentiques et de produits frais.<\/p>\n<ul>\n<li>Visiter des villages pittoresques comme Valldemossa et Dei\u00e0<\/li>\n<li>Profiter des plages tranquilles de Cala Agulla et Cala Mesquida<\/li>\n<li>Randonner dans la Serra de Tramuntana<\/li>\n<li>D\u00e9guster des sp\u00e9cialit\u00e9s locales dans des restaurants typiques<\/li>\n<li>Participer \u00e0 des festivals culturels printaniers<\/li>\n<\/ul>\n<blockquote><p>\n\u00ab\u00a0Le printemps \u00e0 Majorque est un v\u00e9ritable enchantement, o\u00f9 la nature s&rsquo;\u00e9veille et les couleurs se r\u00e9v\u00e8lent.\u00a0\u00bb\n<\/p><\/blockquote>\n<p>Majorque, avec ses paysages \u00e9poustouflants et son climat cl\u00e9ment, attire chaque ann\u00e9e de nombreux voyageurs. En choisissant de partir au printemps, vous profitez non seulement de tarifs avantageux, mais aussi d&rsquo;une exp\u00e9rience authentique loin de l&rsquo;agitation estivale. Alors, \u00eates-vous pr\u00eat \u00e0 faire vos valises pour cette \u00eele m\u00e9diterran\u00e9enne pleine de charme ?<\/p>\n","protected":false},"excerpt":{"rendered":"","protected":false},"author":34,"featured_media":20239,"comment_status":"open","ping_status":"open","sticky":false,"template":"","format":"standard","meta":{"_acf_changed":false,"manual_indexmenow":false,"indexmenow_id_project":0,"footnotes":""},"categories":[1],"tags":[4538,4527,4530,4535,4528],"class_list":["post-18683","post","type-post","status-publish","format-standard","has-post-thumbnail","hentry","category-a-la-une","tag-activites-variees","tag-decouverte-culturelle","tag-escapade-en-europe","tag-gastronomie-locale","tag-hebergement-abordable","generate-columns","tablet-grid-50","mobile-grid-100","grid-parent","grid-25"],"acf":[],"yoast_head":"<!-- This site is optimized with the Yoast SEO Premium plugin v21.3 (Yoast SEO v25.1) - https:\/\/yoast.com\/wordpress\/plugins\/seo\/ -->\n<title>D\u00e9couvrez majorque au printemps : un refuge entre criques<\/title>\n<meta name=\"description\" content=\"Le printemps : la meilleure saison pour explorer majorque Le printemps est sans conteste la saison id\u00e9ale pour visiter Majorque. \u00c0 cette p\u00e9riode, l&#039;\u00eele se\" \/>\n<meta name=\"robots\" content=\"index, follow, max-snippet:-1, max-image-preview:large, max-video-preview:-1\" \/>\n<link rel=\"canonical\" href=\"https:\/\/voyage-aventure.com\/blog\/a-la-une\/decouvrez-majorque-au-printemps-un-refuge-entre-criques-et-pinedes\/\" \/>\n<meta property=\"og:locale\" content=\"fr_FR\" \/>\n<meta property=\"og:type\" content=\"article\" \/>\n<meta property=\"og:title\" content=\"D\u00e9couvrez majorque au printemps : un refuge entre criques\" \/>\n<meta property=\"og:description\" content=\"Le printemps : la meilleure saison pour explorer majorque Le printemps est sans conteste la saison id\u00e9ale pour visiter Majorque. \u00c0 cette p\u00e9riode, l&#039;\u00eele se\" \/>\n<meta property=\"og:url\" content=\"https:\/\/voyage-aventure.com\/blog\/a-la-une\/decouvrez-majorque-au-printemps-un-refuge-entre-criques-et-pinedes\/\" \/>\n<meta property=\"og:site_name\" content=\"voyage-aventure\" \/>\n<meta property=\"og:image\" content=\"https:\/\/voyage-aventure.com\/blog\/wp-content\/uploads\/2025\/05\/sdxl-10ac4b1f9c54b3045243ba89975c8b3b-scaled.png\" \/>\n\t<meta property=\"og:image:width\" content=\"1200\" \/>\n\t<meta property=\"og:image:height\" content=\"500\" \/>\n\t<meta property=\"og:image:type\" content=\"image\/png\" \/>\n<meta name=\"author\" content=\"Camille Rouvray\" \/>\n<meta name=\"twitter:card\" content=\"summary_large_image\" \/>\n<script type=\"application\/ld+json\" class=\"yoast-schema-graph\">{\"@context\":\"https:\/\/schema.org\",\"@graph\":[{\"@type\":\"NewsArticle\",\"@id\":\"https:\/\/voyage-aventure.com\/blog\/a-la-une\/decouvrez-majorque-au-printemps-un-refuge-entre-criques-et-pinedes\/#article\",\"isPartOf\":{\"@id\":\"https:\/\/voyage-aventure.com\/blog\/a-la-une\/decouvrez-majorque-au-printemps-un-refuge-entre-criques-et-pinedes\/\"},\"author\":{\"name\":\"Camille Rouvray\",\"@id\":\"https:\/\/voyage-aventure.com\/blog\/#\/schema\/person\/3c864cdc320801e3db34b663e7e3f816\"},\"headline\":\"D\u00e9couvrez majorque au printemps : un refuge entre criques et pin\u00e8des\",\"datePublished\":\"2025-04-08T10:42:14+00:00\",\"mainEntityOfPage\":{\"@id\":\"https:\/\/voyage-aventure.com\/blog\/a-la-une\/decouvrez-majorque-au-printemps-un-refuge-entre-criques-et-pinedes\/\"},\"wordCount\":473,\"commentCount\":27,\"publisher\":{\"@id\":\"https:\/\/voyage-aventure.com\/blog\/#organization\"},\"image\":{\"@id\":\"https:\/\/voyage-aventure.com\/blog\/a-la-une\/decouvrez-majorque-au-printemps-un-refuge-entre-criques-et-pinedes\/#primaryimage\"},\"thumbnailUrl\":\"https:\/\/voyage-aventure.com\/blog\/wp-content\/uploads\/2025\/05\/sdxl-10ac4b1f9c54b3045243ba89975c8b3b-scaled.png\",\"keywords\":[\"Activit\u00e9s Vari\u00e9es\",\"D\u00e9couverte Culturelle\",\"Escapade en Europe\",\"Gastronomie Locale\",\"H\u00e9bergement Abordable\"],\"articleSection\":[\"\u00c0 la une\"],\"inLanguage\":\"fr-FR\",\"potentialAction\":[{\"@type\":\"CommentAction\",\"name\":\"Comment\",\"target\":[\"https:\/\/voyage-aventure.com\/blog\/a-la-une\/decouvrez-majorque-au-printemps-un-refuge-entre-criques-et-pinedes\/#respond\"]}]},{\"@type\":\"WebPage\",\"@id\":\"https:\/\/voyage-aventure.com\/blog\/a-la-une\/decouvrez-majorque-au-printemps-un-refuge-entre-criques-et-pinedes\/\",\"url\":\"https:\/\/voyage-aventure.com\/blog\/a-la-une\/decouvrez-majorque-au-printemps-un-refuge-entre-criques-et-pinedes\/\",\"name\":\"D\u00e9couvrez majorque au printemps : un refuge entre criques\",\"isPartOf\":{\"@id\":\"https:\/\/voyage-aventure.com\/blog\/#website\"},\"primaryImageOfPage\":{\"@id\":\"https:\/\/voyage-aventure.com\/blog\/a-la-une\/decouvrez-majorque-au-printemps-un-refuge-entre-criques-et-pinedes\/#primaryimage\"},\"image\":{\"@id\":\"https:\/\/voyage-aventure.com\/blog\/a-la-une\/decouvrez-majorque-au-printemps-un-refuge-entre-criques-et-pinedes\/#primaryimage\"},\"thumbnailUrl\":\"https:\/\/voyage-aventure.com\/blog\/wp-content\/uploads\/2025\/05\/sdxl-10ac4b1f9c54b3045243ba89975c8b3b-scaled.png\",\"datePublished\":\"2025-04-08T10:42:14+00:00\",\"description\":\"Le printemps : la meilleure saison pour explorer majorque Le printemps est sans conteste la saison id\u00e9ale pour visiter Majorque. \u00c0 cette p\u00e9riode, l'\u00eele se\",\"inLanguage\":\"fr-FR\",\"potentialAction\":[{\"@type\":\"ReadAction\",\"target\":[\"https:\/\/voyage-aventure.com\/blog\/a-la-une\/decouvrez-majorque-au-printemps-un-refuge-entre-criques-et-pinedes\/\"]}]},{\"@type\":\"ImageObject\",\"inLanguage\":\"fr-FR\",\"@id\":\"https:\/\/voyage-aventure.com\/blog\/a-la-une\/decouvrez-majorque-au-printemps-un-refuge-entre-criques-et-pinedes\/#primaryimage\",\"url\":\"https:\/\/voyage-aventure.com\/blog\/wp-content\/uploads\/2025\/05\/sdxl-10ac4b1f9c54b3045243ba89975c8b3b-scaled.png\",\"contentUrl\":\"https:\/\/voyage-aventure.com\/blog\/wp-content\/uploads\/2025\/05\/sdxl-10ac4b1f9c54b3045243ba89975c8b3b-scaled.png\",\"width\":1200,\"height\":500},{\"@type\":\"WebSite\",\"@id\":\"https:\/\/voyage-aventure.com\/blog\/#website\",\"url\":\"https:\/\/voyage-aventure.com\/blog\/\",\"name\":\"voyage-aventure.com\",\"description\":\"Votre passeport pour l\u2019inattendu.\",\"publisher\":{\"@id\":\"https:\/\/voyage-aventure.com\/blog\/#organization\"},\"alternateName\":\"Votre passeport pour l\u2019inattendu.\",\"potentialAction\":[{\"@type\":\"SearchAction\",\"target\":{\"@type\":\"EntryPoint\",\"urlTemplate\":\"https:\/\/voyage-aventure.com\/blog\/?s={search_term_string}\"},\"query-input\":{\"@type\":\"PropertyValueSpecification\",\"valueRequired\":true,\"valueName\":\"search_term_string\"}}],\"inLanguage\":\"fr-FR\"},{\"@type\":\"Organization\",\"@id\":\"https:\/\/voyage-aventure.com\/blog\/#organization\",\"name\":\"Foretsensations.fr\",\"url\":\"https:\/\/voyage-aventure.com\/blog\/\",\"logo\":{\"@type\":\"ImageObject\",\"inLanguage\":\"fr-FR\",\"@id\":\"https:\/\/voyage-aventure.com\/blog\/#\/schema\/logo\/image\/\",\"url\":\"https:\/\/voyage-aventure.com\/blog\/wp-content\/uploads\/2024\/12\/19.png\",\"contentUrl\":\"https:\/\/voyage-aventure.com\/blog\/wp-content\/uploads\/2024\/12\/19.png\",\"width\":512,\"height\":512,\"caption\":\"Foretsensations.fr\"},\"image\":{\"@id\":\"https:\/\/voyage-aventure.com\/blog\/#\/schema\/logo\/image\/\"}},{\"@type\":\"Person\",\"@id\":\"https:\/\/voyage-aventure.com\/blog\/#\/schema\/person\/3c864cdc320801e3db34b663e7e3f816\",\"name\":\"Camille Rouvray\",\"image\":{\"@type\":\"ImageObject\",\"inLanguage\":\"fr-FR\",\"@id\":\"https:\/\/voyage-aventure.com\/blog\/#\/schema\/person\/image\/\",\"url\":\"https:\/\/voyage-aventure.com\/blog\/wp-content\/uploads\/2026\/06\/persona_camille-r-96x96.jpg\",\"contentUrl\":\"https:\/\/voyage-aventure.com\/blog\/wp-content\/uploads\/2026\/06\/persona_camille-r-96x96.jpg\",\"caption\":\"Camille Rouvray\"},\"description\":\"Je voyage et j'\u00e9cris sur le voyage depuis une douzaine d'ann\u00e9es, d'abord en tant que routarde au long cours, puis comme r\u00e9dactrice sp\u00e9cialis\u00e9e. Mon terrain de pr\u00e9dilection, ce sont les circuits organis\u00e9s et l'art de bien pr\u00e9parer un itin\u00e9raire : choix de la saison, dur\u00e9e r\u00e9aliste des \u00e9tapes, budget jour par jour, logement et transport sur place. J'aime aussi raconter les p\u00e9pites urbaines, ces adresses qu'on ne trouve pas dans les guides classiques. Avant de publier un dossier destination, je croise toujours plusieurs sources, je v\u00e9rifie les tarifs et les formalit\u00e9s d'entr\u00e9e \u00e0 jour, et je teste moi-m\u00eame quand je le peux. Mon angle reste pratique avant tout : aider le lecteur \u00e0 partir l'esprit tranquille, sans mauvaise surprise une fois sur place. Je m'attache \u00e0 distinguer le coup de c\u0153ur sinc\u00e8re du simple argument marketing.\",\"sameAs\":[\"https:\/\/camillerouvray.fr\/\"],\"url\":\"https:\/\/voyage-aventure.com\/blog\/auteur\/noname\/\"}]}<\/script>\n<!-- \/ Yoast SEO Premium plugin. -->","yoast_head_json":{"title":"D\u00e9couvrez majorque au printemps : un refuge entre criques","description":"Le printemps : la meilleure saison pour explorer majorque Le printemps est sans conteste la saison id\u00e9ale pour visiter Majorque. \u00c0 cette p\u00e9riode, l'\u00eele se","robots":{"index":"index","follow":"follow","max-snippet":"max-snippet:-1","max-image-preview":"max-image-preview:large","max-video-preview":"max-video-preview:-1"},"canonical":"https:\/\/voyage-aventure.com\/blog\/a-la-une\/decouvrez-majorque-au-printemps-un-refuge-entre-criques-et-pinedes\/","og_locale":"fr_FR","og_type":"article","og_title":"D\u00e9couvrez majorque au printemps : un refuge entre criques","og_description":"Le printemps : la meilleure saison pour explorer majorque Le printemps est sans conteste la saison id\u00e9ale pour visiter Majorque. \u00c0 cette p\u00e9riode, l'\u00eele se","og_url":"https:\/\/voyage-aventure.com\/blog\/a-la-une\/decouvrez-majorque-au-printemps-un-refuge-entre-criques-et-pinedes\/","og_site_name":"voyage-aventure","og_image":[{"width":1200,"height":500,"url":"https:\/\/voyage-aventure.com\/blog\/wp-content\/uploads\/2025\/05\/sdxl-10ac4b1f9c54b3045243ba89975c8b3b-scaled.png","type":"image\/png"}],"author":"Camille Rouvray","twitter_card":"summary_large_image","schema":{"@context":"https:\/\/schema.org","@graph":[{"@type":"NewsArticle","@id":"https:\/\/voyage-aventure.com\/blog\/a-la-une\/decouvrez-majorque-au-printemps-un-refuge-entre-criques-et-pinedes\/#article","isPartOf":{"@id":"https:\/\/voyage-aventure.com\/blog\/a-la-une\/decouvrez-majorque-au-printemps-un-refuge-entre-criques-et-pinedes\/"},"author":{"name":"Camille Rouvray","@id":"https:\/\/voyage-aventure.com\/blog\/#\/schema\/person\/3c864cdc320801e3db34b663e7e3f816"},"headline":"D\u00e9couvrez majorque au printemps : un refuge entre criques et pin\u00e8des","datePublished":"2025-04-08T10:42:14+00:00","mainEntityOfPage":{"@id":"https:\/\/voyage-aventure.com\/blog\/a-la-une\/decouvrez-majorque-au-printemps-un-refuge-entre-criques-et-pinedes\/"},"wordCount":473,"commentCount":27,"publisher":{"@id":"https:\/\/voyage-aventure.com\/blog\/#organization"},"image":{"@id":"https:\/\/voyage-aventure.com\/blog\/a-la-une\/decouvrez-majorque-au-printemps-un-refuge-entre-criques-et-pinedes\/#primaryimage"},"thumbnailUrl":"https:\/\/voyage-aventure.com\/blog\/wp-content\/uploads\/2025\/05\/sdxl-10ac4b1f9c54b3045243ba89975c8b3b-scaled.png","keywords":["Activit\u00e9s Vari\u00e9es","D\u00e9couverte Culturelle","Escapade en Europe","Gastronomie Locale","H\u00e9bergement Abordable"],"articleSection":["\u00c0 la une"],"inLanguage":"fr-FR","potentialAction":[{"@type":"CommentAction","name":"Comment","target":["https:\/\/voyage-aventure.com\/blog\/a-la-une\/decouvrez-majorque-au-printemps-un-refuge-entre-criques-et-pinedes\/#respond"]}]},{"@type":"WebPage","@id":"https:\/\/voyage-aventure.com\/blog\/a-la-une\/decouvrez-majorque-au-printemps-un-refuge-entre-criques-et-pinedes\/","url":"https:\/\/voyage-aventure.com\/blog\/a-la-une\/decouvrez-majorque-au-printemps-un-refuge-entre-criques-et-pinedes\/","name":"D\u00e9couvrez majorque au printemps : un refuge entre criques","isPartOf":{"@id":"https:\/\/voyage-aventure.com\/blog\/#website"},"primaryImageOfPage":{"@id":"https:\/\/voyage-aventure.com\/blog\/a-la-une\/decouvrez-majorque-au-printemps-un-refuge-entre-criques-et-pinedes\/#primaryimage"},"image":{"@id":"https:\/\/voyage-aventure.com\/blog\/a-la-une\/decouvrez-majorque-au-printemps-un-refuge-entre-criques-et-pinedes\/#primaryimage"},"thumbnailUrl":"https:\/\/voyage-aventure.com\/blog\/wp-content\/uploads\/2025\/05\/sdxl-10ac4b1f9c54b3045243ba89975c8b3b-scaled.png","datePublished":"2025-04-08T10:42:14+00:00","description":"Le printemps : la meilleure saison pour explorer majorque Le printemps est sans conteste la saison id\u00e9ale pour visiter Majorque. \u00c0 cette p\u00e9riode, l'\u00eele se","inLanguage":"fr-FR","potentialAction":[{"@type":"ReadAction","target":["https:\/\/voyage-aventure.com\/blog\/a-la-une\/decouvrez-majorque-au-printemps-un-refuge-entre-criques-et-pinedes\/"]}]},{"@type":"ImageObject","inLanguage":"fr-FR","@id":"https:\/\/voyage-aventure.com\/blog\/a-la-une\/decouvrez-majorque-au-printemps-un-refuge-entre-criques-et-pinedes\/#primaryimage","url":"https:\/\/voyage-aventure.com\/blog\/wp-content\/uploads\/2025\/05\/sdxl-10ac4b1f9c54b3045243ba89975c8b3b-scaled.png","contentUrl":"https:\/\/voyage-aventure.com\/blog\/wp-content\/uploads\/2025\/05\/sdxl-10ac4b1f9c54b3045243ba89975c8b3b-scaled.png","width":1200,"height":500},{"@type":"WebSite","@id":"https:\/\/voyage-aventure.com\/blog\/#website","url":"https:\/\/voyage-aventure.com\/blog\/","name":"voyage-aventure.com","description":"Votre passeport pour l\u2019inattendu.","publisher":{"@id":"https:\/\/voyage-aventure.com\/blog\/#organization"},"alternateName":"Votre passeport pour l\u2019inattendu.","potentialAction":[{"@type":"SearchAction","target":{"@type":"EntryPoint","urlTemplate":"https:\/\/voyage-aventure.com\/blog\/?s={search_term_string}"},"query-input":{"@type":"PropertyValueSpecification","valueRequired":true,"valueName":"search_term_string"}}],"inLanguage":"fr-FR"},{"@type":"Organization","@id":"https:\/\/voyage-aventure.com\/blog\/#organization","name":"Foretsensations.fr","url":"https:\/\/voyage-aventure.com\/blog\/","logo":{"@type":"ImageObject","inLanguage":"fr-FR","@id":"https:\/\/voyage-aventure.com\/blog\/#\/schema\/logo\/image\/","url":"https:\/\/voyage-aventure.com\/blog\/wp-content\/uploads\/2024\/12\/19.png","contentUrl":"https:\/\/voyage-aventure.com\/blog\/wp-content\/uploads\/2024\/12\/19.png","width":512,"height":512,"caption":"Foretsensations.fr"},"image":{"@id":"https:\/\/voyage-aventure.com\/blog\/#\/schema\/logo\/image\/"}},{"@type":"Person","@id":"https:\/\/voyage-aventure.com\/blog\/#\/schema\/person\/3c864cdc320801e3db34b663e7e3f816","name":"Camille Rouvray","image":{"@type":"ImageObject","inLanguage":"fr-FR","@id":"https:\/\/voyage-aventure.com\/blog\/#\/schema\/person\/image\/","url":"https:\/\/voyage-aventure.com\/blog\/wp-content\/uploads\/2026\/06\/persona_camille-r-96x96.jpg","contentUrl":"https:\/\/voyage-aventure.com\/blog\/wp-content\/uploads\/2026\/06\/persona_camille-r-96x96.jpg","caption":"Camille Rouvray"},"description":"Je voyage et j'\u00e9cris sur le voyage depuis une douzaine d'ann\u00e9es, d'abord en tant que routarde au long cours, puis comme r\u00e9dactrice sp\u00e9cialis\u00e9e. Mon terrain de pr\u00e9dilection, ce sont les circuits organis\u00e9s et l'art de bien pr\u00e9parer un itin\u00e9raire : choix de la saison, dur\u00e9e r\u00e9aliste des \u00e9tapes, budget jour par jour, logement et transport sur place. J'aime aussi raconter les p\u00e9pites urbaines, ces adresses qu'on ne trouve pas dans les guides classiques. Avant de publier un dossier destination, je croise toujours plusieurs sources, je v\u00e9rifie les tarifs et les formalit\u00e9s d'entr\u00e9e \u00e0 jour, et je teste moi-m\u00eame quand je le peux. Mon angle reste pratique avant tout : aider le lecteur \u00e0 partir l'esprit tranquille, sans mauvaise surprise une fois sur place. Je m'attache \u00e0 distinguer le coup de c\u0153ur sinc\u00e8re du simple argument marketing.","sameAs":["https:\/\/camillerouvray.fr\/"],"url":"https:\/\/voyage-aventure.com\/blog\/auteur\/noname\/"}]}},"_links":{"self":[{"href":"https:\/\/voyage-aventure.com\/blog\/wp-json\/wp\/v2\/posts\/18683","targetHints":{"allow":["GET"]}}],"collection":[{"href":"https:\/\/voyage-aventure.com\/blog\/wp-json\/wp\/v2\/posts"}],"about":[{"href":"https:\/\/voyage-aventure.com\/blog\/wp-json\/wp\/v2\/types\/post"}],"author":[{"embeddable":true,"href":"https:\/\/voyage-aventure.com\/blog\/wp-json\/wp\/v2\/users\/34"}],"replies":[{"embeddable":true,"href":"https:\/\/voyage-aventure.com\/blog\/wp-json\/wp\/v2\/comments?post=18683"}],"version-history":[{"count":1,"href":"https:\/\/voyage-aventure.com\/blog\/wp-json\/wp\/v2\/posts\/18683\/revisions"}],"predecessor-version":[{"id":18685,"href":"https:\/\/voyage-aventure.com\/blog\/wp-json\/wp\/v2\/posts\/18683\/revisions\/18685"}],"wp:featuredmedia":[{"embeddable":true,"href":"https:\/\/voyage-aventure.com\/blog\/wp-json\/wp\/v2\/media\/20239"}],"wp:attachment":[{"href":"https:\/\/voyage-aventure.com\/blog\/wp-json\/wp\/v2\/media?parent=18683"}],"wp:term":[{"taxonomy":"category","embeddable":true,"href":"https:\/\/voyage-aventure.com\/blog\/wp-json\/wp\/v2\/categories?post=18683"},{"taxonomy":"post_tag","embeddable":true,"href":"https:\/\/voyage-aventure.com\/blog\/wp-json\/wp\/v2\/tags?post=18683"}],"curies":[{"name":"wp","href":"https:\/\/api.w.org\/{rel}","templated":true}]}}