{"id":18595,"date":"2025-04-05T19:15:46","date_gmt":"2025-04-05T17:15:46","guid":{"rendered":"https:\/\/voyage-aventure.com\/blog\/?p=18595"},"modified":"2025-04-05T16:02:46","modified_gmt":"2025-04-05T14:02:46","slug":"les-nouvelles-tendances-des-tarifs-premium-vers-une-classe-affaires-sans-fioritures","status":"publish","type":"post","link":"https:\/\/voyage-aventure.com\/blog\/a-la-une\/les-nouvelles-tendances-des-tarifs-premium-vers-une-classe-affaires-sans-fioritures\/","title":{"rendered":"les nouvelles tendances des tarifs premium : vers une classe affaires sans fioritures"},"content":{"rendered":"<h2>Le changement de paradigme des tarifs a\u00e9riens<\/h2>\n<p>Ce qui \u00e9tait autrefois inclus dans le prix des billets, comme les bagages enregistr\u00e9s et les r\u00e9servations de si\u00e8ges, est d\u00e9sormais consid\u00e9r\u00e9 comme des services optionnels. Les compagnies a\u00e9riennes se concentrent de plus en plus sur la personnalisation des exp\u00e9riences de voyage, entra\u00eenant une modification des attentes des passagers.<\/p>\n<p>Ce ph\u00e9nom\u00e8ne ne se limite pas \u00e0 la classe \u00e9conomique. Les passagers en classe affaires, autrefois g\u00e2t\u00e9s par des avantages tels que l&rsquo;acc\u00e8s aux salons d&rsquo;a\u00e9roport et le choix de si\u00e8ges, d\u00e9couvrent \u00e9galement que ces services peuvent d\u00e9sormais \u00eatre factur\u00e9s s\u00e9par\u00e9ment. Des compagnies comme Etihad ont r\u00e9cemment introduit des cat\u00e9gories tarifaires qui modifient la mani\u00e8re dont les voyageurs per\u00e7oivent la classe affaires.<\/p>\n<h2>Une tendance \u00e0 l&rsquo;unbundling en pleine expansion<\/h2>\n<p>Etihad n&rsquo;est pas l&rsquo;unique compagnie \u00e0 adopter cette approche. D&rsquo;autres grandes marques telles que Qatar Airways et Air France ont \u00e9galement introduit des options de classe affaires minimalistes. Bien que la premi\u00e8re compagnie \u00e0 avoir adopt\u00e9 cette strat\u00e9gie soit sujette \u00e0 d\u00e9bat, beaucoup s&rsquo;accordent \u00e0 dire qu&rsquo;Emirates a \u00e9t\u00e9 un pionnier dans ce domaine.<\/p>\n<p>En 2019, Emirates a lanc\u00e9 un tarif \u00ab Business Special \u00bb qui, bien que moins cher, exclut divers avantages traditionnellement associ\u00e9s \u00e0 la classe affaires. Ce mod\u00e8le de tarification, bien qu&rsquo;attrayant pour certains voyageurs, suscite \u00e9galement des pr\u00e9occupations quant \u00e0 la dilution de l&rsquo;exp\u00e9rience premium.<\/p>\n<h2>Les r\u00e9percussions sur le march\u00e9 et la perception des clients<\/h2>\n<p>La tendance \u00e0 l&rsquo;unbundling peut entra\u00eener une certaine fatigue chez les clients, qui se sentent l\u00e9s\u00e9s par cette r\u00e9duction des services. Un observateur de l&rsquo;industrie, Sebastian Powell, a exprim\u00e9 son m\u00e9contentement face \u00e0 ces nouvelles structures tarifaires, affirmant que les compagnies a\u00e9riennes devraient se concentrer sur la valorisation de leurs clients premium plut\u00f4t que de les traiter comme des consommateurs \u00e9conomiques.<\/p>\n<p>Pourtant, les compagnies a\u00e9riennes soutiennent que cette strat\u00e9gie permet une plus grande flexibilit\u00e9 pour les passagers. De nombreux voyageurs d&rsquo;affaires pr\u00e9f\u00e8rent ne pas utiliser certains services et sont ravis de pouvoir choisir un tarif plus bas en \u00e9change de la suppression de certains avantages.<\/p>\n<ul>\n<li>Options tarifaires vari\u00e9es : Value, Comfort, Deluxe<\/li>\n<li>Possibilit\u00e9 de voyager l\u00e9ger sans frais suppl\u00e9mentaires<\/li>\n<li>Acc\u00e8s restreint aux salons d&rsquo;a\u00e9roport<\/li>\n<li>R\u00e9servations de si\u00e8ges d\u00e9sormais payantes<\/li>\n<\/ul>\n<h2>L&rsquo;impact sur l&rsquo;image des compagnies a\u00e9riennes<\/h2>\n<p>Les experts mettent \u00e9galement en garde contre les cons\u00e9quences de cette approche sur l&rsquo;image de marque des compagnies. Jay Sorensen, un consultant en a\u00e9ronautique, a soulign\u00e9 que la promotion de tarifs bas pourrait nuire \u00e0 la perception des compagnies en tant que transporteurs premium. Si ces compagnies continuent \u00e0 adopter des pratiques de transport \u00e0 bas co\u00fbt, elles risquent de perdre leur statut de marque de luxe.<\/p>\n<p>Cette dilution de l&rsquo;image de marque peut \u00e9galement affecter la mani\u00e8re dont les employ\u00e9s interagissent avec les clients. Lorsqu&rsquo;une compagnie a\u00e9rienne commence \u00e0 se comporter comme un transporteur \u00e0 bas co\u00fbt, cela peut influencer la culture d&rsquo;entreprise et la qualit\u00e9 du service fourni.<\/p>\n<h2>Vers un avenir incertain pour la classe affaires<\/h2>\n<p>Avec l&rsquo;adoption croissante de cette strat\u00e9gie d&rsquo;unbundling, il est probable que d&rsquo;autres compagnies a\u00e9riennes suivent l&rsquo;exemple d&rsquo;Etihad. Les rumeurs sur Delta et d&rsquo;autres transporteurs indiquent une tendance similaire, o\u00f9 les clients devront choisir entre des tarifs de base et un certain niveau de confort. Cela pourrait \u00e9galement amener United et American Airlines \u00e0 explorer des options similaires.<\/p>\n<p>Alors que l&rsquo;industrie observe cette \u00e9volution, les passagers doivent faire preuve de vigilance. Chaque d\u00e9cision prise par les compagnies a\u00e9riennes peut avoir un impact sur leur exp\u00e9rience de voyage et leur perception des services premium.<\/p>\n<blockquote><p>\n    \u00ab\u00a0Les compagnies a\u00e9riennes doivent d\u00e9finir clairement leur marque et aligner leurs d\u00e9cisions sur cette vision.\u00a0\u00bb &#8211; Jay Sorensen\n<\/p><\/blockquote>\n","protected":false},"excerpt":{"rendered":"","protected":false},"author":34,"featured_media":20086,"comment_status":"open","ping_status":"open","sticky":false,"template":"","format":"standard","meta":{"_acf_changed":false,"manual_indexmenow":false,"indexmenow_id_project":0,"footnotes":""},"categories":[1],"tags":[4672,2967,5688,4565,4526],"class_list":["post-18595","post","type-post","status-publish","format-standard","has-post-thumbnail","hentry","category-a-la-une","tag-experiences","tag-personnalisation","tag-relations-internationales","tag-tarifs-competitifs","tag-voyage-economique","generate-columns","tablet-grid-50","mobile-grid-100","grid-parent","grid-25"],"acf":[],"yoast_head":"<!-- This site is optimized with the Yoast SEO Premium plugin v21.3 (Yoast SEO v25.1) - https:\/\/yoast.com\/wordpress\/plugins\/seo\/ -->\n<title>les nouvelles tendances des tarifs premium : vers une<\/title>\n<meta name=\"description\" content=\"Ce qui \u00e9tait autrefois inclus dans le prix des billets, comme les bagages enregistr\u00e9s et les r\u00e9servations de si\u00e8ges, est d\u00e9sormais consid\u00e9r\u00e9 comme des\" \/>\n<meta name=\"robots\" content=\"index, follow, max-snippet:-1, max-image-preview:large, max-video-preview:-1\" \/>\n<link rel=\"canonical\" href=\"https:\/\/voyage-aventure.com\/blog\/a-la-une\/les-nouvelles-tendances-des-tarifs-premium-vers-une-classe-affaires-sans-fioritures\/\" \/>\n<meta property=\"og:locale\" content=\"fr_FR\" \/>\n<meta property=\"og:type\" content=\"article\" \/>\n<meta property=\"og:title\" content=\"les nouvelles tendances des tarifs premium : vers une\" \/>\n<meta property=\"og:description\" content=\"Ce qui \u00e9tait autrefois inclus dans le prix des billets, comme les bagages enregistr\u00e9s et les r\u00e9servations de si\u00e8ges, est d\u00e9sormais consid\u00e9r\u00e9 comme des\" \/>\n<meta property=\"og:url\" content=\"https:\/\/voyage-aventure.com\/blog\/a-la-une\/les-nouvelles-tendances-des-tarifs-premium-vers-une-classe-affaires-sans-fioritures\/\" \/>\n<meta property=\"og:site_name\" content=\"voyage-aventure\" \/>\n<meta property=\"og:image\" content=\"https:\/\/voyage-aventure.com\/blog\/wp-content\/uploads\/2025\/05\/sdxl-08e3d2bc1ca14b36cf2760e7cb906f15-scaled.png\" \/>\n\t<meta property=\"og:image:width\" content=\"1200\" \/>\n\t<meta property=\"og:image:height\" content=\"500\" \/>\n\t<meta property=\"og:image:type\" content=\"image\/png\" \/>\n<meta name=\"author\" content=\"Camille Rouvray\" \/>\n<meta name=\"twitter:card\" content=\"summary_large_image\" \/>\n<script type=\"application\/ld+json\" class=\"yoast-schema-graph\">{\"@context\":\"https:\/\/schema.org\",\"@graph\":[{\"@type\":\"NewsArticle\",\"@id\":\"https:\/\/voyage-aventure.com\/blog\/a-la-une\/les-nouvelles-tendances-des-tarifs-premium-vers-une-classe-affaires-sans-fioritures\/#article\",\"isPartOf\":{\"@id\":\"https:\/\/voyage-aventure.com\/blog\/a-la-une\/les-nouvelles-tendances-des-tarifs-premium-vers-une-classe-affaires-sans-fioritures\/\"},\"author\":{\"name\":\"Camille Rouvray\",\"@id\":\"https:\/\/voyage-aventure.com\/blog\/#\/schema\/person\/3c864cdc320801e3db34b663e7e3f816\"},\"headline\":\"les nouvelles tendances des tarifs premium : vers une classe affaires sans fioritures\",\"datePublished\":\"2025-04-05T17:15:46+00:00\",\"mainEntityOfPage\":{\"@id\":\"https:\/\/voyage-aventure.com\/blog\/a-la-une\/les-nouvelles-tendances-des-tarifs-premium-vers-une-classe-affaires-sans-fioritures\/\"},\"wordCount\":684,\"commentCount\":22,\"publisher\":{\"@id\":\"https:\/\/voyage-aventure.com\/blog\/#organization\"},\"image\":{\"@id\":\"https:\/\/voyage-aventure.com\/blog\/a-la-une\/les-nouvelles-tendances-des-tarifs-premium-vers-une-classe-affaires-sans-fioritures\/#primaryimage\"},\"thumbnailUrl\":\"https:\/\/voyage-aventure.com\/blog\/wp-content\/uploads\/2025\/05\/sdxl-08e3d2bc1ca14b36cf2760e7cb906f15-scaled.png\",\"keywords\":[\"Exp\u00e9riences\",\"Personnalisation\",\"Relations Internationales\",\"Tarifs Comp\u00e9titifs\",\"Voyage \u00c9conomique\"],\"articleSection\":[\"\u00c0 la une\"],\"inLanguage\":\"fr-FR\",\"potentialAction\":[{\"@type\":\"CommentAction\",\"name\":\"Comment\",\"target\":[\"https:\/\/voyage-aventure.com\/blog\/a-la-une\/les-nouvelles-tendances-des-tarifs-premium-vers-une-classe-affaires-sans-fioritures\/#respond\"]}]},{\"@type\":\"WebPage\",\"@id\":\"https:\/\/voyage-aventure.com\/blog\/a-la-une\/les-nouvelles-tendances-des-tarifs-premium-vers-une-classe-affaires-sans-fioritures\/\",\"url\":\"https:\/\/voyage-aventure.com\/blog\/a-la-une\/les-nouvelles-tendances-des-tarifs-premium-vers-une-classe-affaires-sans-fioritures\/\",\"name\":\"les nouvelles tendances des tarifs premium : vers une\",\"isPartOf\":{\"@id\":\"https:\/\/voyage-aventure.com\/blog\/#website\"},\"primaryImageOfPage\":{\"@id\":\"https:\/\/voyage-aventure.com\/blog\/a-la-une\/les-nouvelles-tendances-des-tarifs-premium-vers-une-classe-affaires-sans-fioritures\/#primaryimage\"},\"image\":{\"@id\":\"https:\/\/voyage-aventure.com\/blog\/a-la-une\/les-nouvelles-tendances-des-tarifs-premium-vers-une-classe-affaires-sans-fioritures\/#primaryimage\"},\"thumbnailUrl\":\"https:\/\/voyage-aventure.com\/blog\/wp-content\/uploads\/2025\/05\/sdxl-08e3d2bc1ca14b36cf2760e7cb906f15-scaled.png\",\"datePublished\":\"2025-04-05T17:15:46+00:00\",\"description\":\"Ce qui \u00e9tait autrefois inclus dans le prix des billets, comme les bagages enregistr\u00e9s et les r\u00e9servations de si\u00e8ges, est d\u00e9sormais consid\u00e9r\u00e9 comme des\",\"inLanguage\":\"fr-FR\",\"potentialAction\":[{\"@type\":\"ReadAction\",\"target\":[\"https:\/\/voyage-aventure.com\/blog\/a-la-une\/les-nouvelles-tendances-des-tarifs-premium-vers-une-classe-affaires-sans-fioritures\/\"]}]},{\"@type\":\"ImageObject\",\"inLanguage\":\"fr-FR\",\"@id\":\"https:\/\/voyage-aventure.com\/blog\/a-la-une\/les-nouvelles-tendances-des-tarifs-premium-vers-une-classe-affaires-sans-fioritures\/#primaryimage\",\"url\":\"https:\/\/voyage-aventure.com\/blog\/wp-content\/uploads\/2025\/05\/sdxl-08e3d2bc1ca14b36cf2760e7cb906f15-scaled.png\",\"contentUrl\":\"https:\/\/voyage-aventure.com\/blog\/wp-content\/uploads\/2025\/05\/sdxl-08e3d2bc1ca14b36cf2760e7cb906f15-scaled.png\",\"width\":1200,\"height\":500},{\"@type\":\"WebSite\",\"@id\":\"https:\/\/voyage-aventure.com\/blog\/#website\",\"url\":\"https:\/\/voyage-aventure.com\/blog\/\",\"name\":\"voyage-aventure.com\",\"description\":\"Votre passeport pour l\u2019inattendu.\",\"publisher\":{\"@id\":\"https:\/\/voyage-aventure.com\/blog\/#organization\"},\"alternateName\":\"Votre passeport pour l\u2019inattendu.\",\"potentialAction\":[{\"@type\":\"SearchAction\",\"target\":{\"@type\":\"EntryPoint\",\"urlTemplate\":\"https:\/\/voyage-aventure.com\/blog\/?s={search_term_string}\"},\"query-input\":{\"@type\":\"PropertyValueSpecification\",\"valueRequired\":true,\"valueName\":\"search_term_string\"}}],\"inLanguage\":\"fr-FR\"},{\"@type\":\"Organization\",\"@id\":\"https:\/\/voyage-aventure.com\/blog\/#organization\",\"name\":\"Foretsensations.fr\",\"url\":\"https:\/\/voyage-aventure.com\/blog\/\",\"logo\":{\"@type\":\"ImageObject\",\"inLanguage\":\"fr-FR\",\"@id\":\"https:\/\/voyage-aventure.com\/blog\/#\/schema\/logo\/image\/\",\"url\":\"https:\/\/voyage-aventure.com\/blog\/wp-content\/uploads\/2024\/12\/19.png\",\"contentUrl\":\"https:\/\/voyage-aventure.com\/blog\/wp-content\/uploads\/2024\/12\/19.png\",\"width\":512,\"height\":512,\"caption\":\"Foretsensations.fr\"},\"image\":{\"@id\":\"https:\/\/voyage-aventure.com\/blog\/#\/schema\/logo\/image\/\"}},{\"@type\":\"Person\",\"@id\":\"https:\/\/voyage-aventure.com\/blog\/#\/schema\/person\/3c864cdc320801e3db34b663e7e3f816\",\"name\":\"Camille Rouvray\",\"image\":{\"@type\":\"ImageObject\",\"inLanguage\":\"fr-FR\",\"@id\":\"https:\/\/voyage-aventure.com\/blog\/#\/schema\/person\/image\/\",\"url\":\"https:\/\/voyage-aventure.com\/blog\/wp-content\/uploads\/2026\/06\/persona_camille-r-96x96.jpg\",\"contentUrl\":\"https:\/\/voyage-aventure.com\/blog\/wp-content\/uploads\/2026\/06\/persona_camille-r-96x96.jpg\",\"caption\":\"Camille Rouvray\"},\"description\":\"Je voyage et j'\u00e9cris sur le voyage depuis une douzaine d'ann\u00e9es, d'abord en tant que routarde au long cours, puis comme r\u00e9dactrice sp\u00e9cialis\u00e9e. Mon terrain de pr\u00e9dilection, ce sont les circuits organis\u00e9s et l'art de bien pr\u00e9parer un itin\u00e9raire : choix de la saison, dur\u00e9e r\u00e9aliste des \u00e9tapes, budget jour par jour, logement et transport sur place. J'aime aussi raconter les p\u00e9pites urbaines, ces adresses qu'on ne trouve pas dans les guides classiques. Avant de publier un dossier destination, je croise toujours plusieurs sources, je v\u00e9rifie les tarifs et les formalit\u00e9s d'entr\u00e9e \u00e0 jour, et je teste moi-m\u00eame quand je le peux. Mon angle reste pratique avant tout : aider le lecteur \u00e0 partir l'esprit tranquille, sans mauvaise surprise une fois sur place. Je m'attache \u00e0 distinguer le coup de c\u0153ur sinc\u00e8re du simple argument marketing.\",\"sameAs\":[\"https:\/\/camillerouvray.fr\/\"],\"url\":\"https:\/\/voyage-aventure.com\/blog\/auteur\/noname\/\"}]}<\/script>\n<!-- \/ Yoast SEO Premium plugin. -->","yoast_head_json":{"title":"les nouvelles tendances des tarifs premium : vers une","description":"Ce qui \u00e9tait autrefois inclus dans le prix des billets, comme les bagages enregistr\u00e9s et les r\u00e9servations de si\u00e8ges, est d\u00e9sormais consid\u00e9r\u00e9 comme des","robots":{"index":"index","follow":"follow","max-snippet":"max-snippet:-1","max-image-preview":"max-image-preview:large","max-video-preview":"max-video-preview:-1"},"canonical":"https:\/\/voyage-aventure.com\/blog\/a-la-une\/les-nouvelles-tendances-des-tarifs-premium-vers-une-classe-affaires-sans-fioritures\/","og_locale":"fr_FR","og_type":"article","og_title":"les nouvelles tendances des tarifs premium : vers une","og_description":"Ce qui \u00e9tait autrefois inclus dans le prix des billets, comme les bagages enregistr\u00e9s et les r\u00e9servations de si\u00e8ges, est d\u00e9sormais consid\u00e9r\u00e9 comme des","og_url":"https:\/\/voyage-aventure.com\/blog\/a-la-une\/les-nouvelles-tendances-des-tarifs-premium-vers-une-classe-affaires-sans-fioritures\/","og_site_name":"voyage-aventure","og_image":[{"width":1200,"height":500,"url":"https:\/\/voyage-aventure.com\/blog\/wp-content\/uploads\/2025\/05\/sdxl-08e3d2bc1ca14b36cf2760e7cb906f15-scaled.png","type":"image\/png"}],"author":"Camille Rouvray","twitter_card":"summary_large_image","schema":{"@context":"https:\/\/schema.org","@graph":[{"@type":"NewsArticle","@id":"https:\/\/voyage-aventure.com\/blog\/a-la-une\/les-nouvelles-tendances-des-tarifs-premium-vers-une-classe-affaires-sans-fioritures\/#article","isPartOf":{"@id":"https:\/\/voyage-aventure.com\/blog\/a-la-une\/les-nouvelles-tendances-des-tarifs-premium-vers-une-classe-affaires-sans-fioritures\/"},"author":{"name":"Camille Rouvray","@id":"https:\/\/voyage-aventure.com\/blog\/#\/schema\/person\/3c864cdc320801e3db34b663e7e3f816"},"headline":"les nouvelles tendances des tarifs premium : vers une classe affaires sans fioritures","datePublished":"2025-04-05T17:15:46+00:00","mainEntityOfPage":{"@id":"https:\/\/voyage-aventure.com\/blog\/a-la-une\/les-nouvelles-tendances-des-tarifs-premium-vers-une-classe-affaires-sans-fioritures\/"},"wordCount":684,"commentCount":22,"publisher":{"@id":"https:\/\/voyage-aventure.com\/blog\/#organization"},"image":{"@id":"https:\/\/voyage-aventure.com\/blog\/a-la-une\/les-nouvelles-tendances-des-tarifs-premium-vers-une-classe-affaires-sans-fioritures\/#primaryimage"},"thumbnailUrl":"https:\/\/voyage-aventure.com\/blog\/wp-content\/uploads\/2025\/05\/sdxl-08e3d2bc1ca14b36cf2760e7cb906f15-scaled.png","keywords":["Exp\u00e9riences","Personnalisation","Relations Internationales","Tarifs Comp\u00e9titifs","Voyage \u00c9conomique"],"articleSection":["\u00c0 la une"],"inLanguage":"fr-FR","potentialAction":[{"@type":"CommentAction","name":"Comment","target":["https:\/\/voyage-aventure.com\/blog\/a-la-une\/les-nouvelles-tendances-des-tarifs-premium-vers-une-classe-affaires-sans-fioritures\/#respond"]}]},{"@type":"WebPage","@id":"https:\/\/voyage-aventure.com\/blog\/a-la-une\/les-nouvelles-tendances-des-tarifs-premium-vers-une-classe-affaires-sans-fioritures\/","url":"https:\/\/voyage-aventure.com\/blog\/a-la-une\/les-nouvelles-tendances-des-tarifs-premium-vers-une-classe-affaires-sans-fioritures\/","name":"les nouvelles tendances des tarifs premium : vers une","isPartOf":{"@id":"https:\/\/voyage-aventure.com\/blog\/#website"},"primaryImageOfPage":{"@id":"https:\/\/voyage-aventure.com\/blog\/a-la-une\/les-nouvelles-tendances-des-tarifs-premium-vers-une-classe-affaires-sans-fioritures\/#primaryimage"},"image":{"@id":"https:\/\/voyage-aventure.com\/blog\/a-la-une\/les-nouvelles-tendances-des-tarifs-premium-vers-une-classe-affaires-sans-fioritures\/#primaryimage"},"thumbnailUrl":"https:\/\/voyage-aventure.com\/blog\/wp-content\/uploads\/2025\/05\/sdxl-08e3d2bc1ca14b36cf2760e7cb906f15-scaled.png","datePublished":"2025-04-05T17:15:46+00:00","description":"Ce qui \u00e9tait autrefois inclus dans le prix des billets, comme les bagages enregistr\u00e9s et les r\u00e9servations de si\u00e8ges, est d\u00e9sormais consid\u00e9r\u00e9 comme des","inLanguage":"fr-FR","potentialAction":[{"@type":"ReadAction","target":["https:\/\/voyage-aventure.com\/blog\/a-la-une\/les-nouvelles-tendances-des-tarifs-premium-vers-une-classe-affaires-sans-fioritures\/"]}]},{"@type":"ImageObject","inLanguage":"fr-FR","@id":"https:\/\/voyage-aventure.com\/blog\/a-la-une\/les-nouvelles-tendances-des-tarifs-premium-vers-une-classe-affaires-sans-fioritures\/#primaryimage","url":"https:\/\/voyage-aventure.com\/blog\/wp-content\/uploads\/2025\/05\/sdxl-08e3d2bc1ca14b36cf2760e7cb906f15-scaled.png","contentUrl":"https:\/\/voyage-aventure.com\/blog\/wp-content\/uploads\/2025\/05\/sdxl-08e3d2bc1ca14b36cf2760e7cb906f15-scaled.png","width":1200,"height":500},{"@type":"WebSite","@id":"https:\/\/voyage-aventure.com\/blog\/#website","url":"https:\/\/voyage-aventure.com\/blog\/","name":"voyage-aventure.com","description":"Votre passeport pour l\u2019inattendu.","publisher":{"@id":"https:\/\/voyage-aventure.com\/blog\/#organization"},"alternateName":"Votre passeport pour l\u2019inattendu.","potentialAction":[{"@type":"SearchAction","target":{"@type":"EntryPoint","urlTemplate":"https:\/\/voyage-aventure.com\/blog\/?s={search_term_string}"},"query-input":{"@type":"PropertyValueSpecification","valueRequired":true,"valueName":"search_term_string"}}],"inLanguage":"fr-FR"},{"@type":"Organization","@id":"https:\/\/voyage-aventure.com\/blog\/#organization","name":"Foretsensations.fr","url":"https:\/\/voyage-aventure.com\/blog\/","logo":{"@type":"ImageObject","inLanguage":"fr-FR","@id":"https:\/\/voyage-aventure.com\/blog\/#\/schema\/logo\/image\/","url":"https:\/\/voyage-aventure.com\/blog\/wp-content\/uploads\/2024\/12\/19.png","contentUrl":"https:\/\/voyage-aventure.com\/blog\/wp-content\/uploads\/2024\/12\/19.png","width":512,"height":512,"caption":"Foretsensations.fr"},"image":{"@id":"https:\/\/voyage-aventure.com\/blog\/#\/schema\/logo\/image\/"}},{"@type":"Person","@id":"https:\/\/voyage-aventure.com\/blog\/#\/schema\/person\/3c864cdc320801e3db34b663e7e3f816","name":"Camille Rouvray","image":{"@type":"ImageObject","inLanguage":"fr-FR","@id":"https:\/\/voyage-aventure.com\/blog\/#\/schema\/person\/image\/","url":"https:\/\/voyage-aventure.com\/blog\/wp-content\/uploads\/2026\/06\/persona_camille-r-96x96.jpg","contentUrl":"https:\/\/voyage-aventure.com\/blog\/wp-content\/uploads\/2026\/06\/persona_camille-r-96x96.jpg","caption":"Camille Rouvray"},"description":"Je voyage et j'\u00e9cris sur le voyage depuis une douzaine d'ann\u00e9es, d'abord en tant que routarde au long cours, puis comme r\u00e9dactrice sp\u00e9cialis\u00e9e. Mon terrain de pr\u00e9dilection, ce sont les circuits organis\u00e9s et l'art de bien pr\u00e9parer un itin\u00e9raire : choix de la saison, dur\u00e9e r\u00e9aliste des \u00e9tapes, budget jour par jour, logement et transport sur place. J'aime aussi raconter les p\u00e9pites urbaines, ces adresses qu'on ne trouve pas dans les guides classiques. Avant de publier un dossier destination, je croise toujours plusieurs sources, je v\u00e9rifie les tarifs et les formalit\u00e9s d'entr\u00e9e \u00e0 jour, et je teste moi-m\u00eame quand je le peux. Mon angle reste pratique avant tout : aider le lecteur \u00e0 partir l'esprit tranquille, sans mauvaise surprise une fois sur place. Je m'attache \u00e0 distinguer le coup de c\u0153ur sinc\u00e8re du simple argument marketing.","sameAs":["https:\/\/camillerouvray.fr\/"],"url":"https:\/\/voyage-aventure.com\/blog\/auteur\/noname\/"}]}},"_links":{"self":[{"href":"https:\/\/voyage-aventure.com\/blog\/wp-json\/wp\/v2\/posts\/18595","targetHints":{"allow":["GET"]}}],"collection":[{"href":"https:\/\/voyage-aventure.com\/blog\/wp-json\/wp\/v2\/posts"}],"about":[{"href":"https:\/\/voyage-aventure.com\/blog\/wp-json\/wp\/v2\/types\/post"}],"author":[{"embeddable":true,"href":"https:\/\/voyage-aventure.com\/blog\/wp-json\/wp\/v2\/users\/34"}],"replies":[{"embeddable":true,"href":"https:\/\/voyage-aventure.com\/blog\/wp-json\/wp\/v2\/comments?post=18595"}],"version-history":[{"count":1,"href":"https:\/\/voyage-aventure.com\/blog\/wp-json\/wp\/v2\/posts\/18595\/revisions"}],"predecessor-version":[{"id":18613,"href":"https:\/\/voyage-aventure.com\/blog\/wp-json\/wp\/v2\/posts\/18595\/revisions\/18613"}],"wp:featuredmedia":[{"embeddable":true,"href":"https:\/\/voyage-aventure.com\/blog\/wp-json\/wp\/v2\/media\/20086"}],"wp:attachment":[{"href":"https:\/\/voyage-aventure.com\/blog\/wp-json\/wp\/v2\/media?parent=18595"}],"wp:term":[{"taxonomy":"category","embeddable":true,"href":"https:\/\/voyage-aventure.com\/blog\/wp-json\/wp\/v2\/categories?post=18595"},{"taxonomy":"post_tag","embeddable":true,"href":"https:\/\/voyage-aventure.com\/blog\/wp-json\/wp\/v2\/tags?post=18595"}],"curies":[{"name":"wp","href":"https:\/\/api.w.org\/{rel}","templated":true}]}}