{"id":18551,"date":"2026-06-16T18:03:28","date_gmt":"2026-06-16T16:03:28","guid":{"rendered":"https:\/\/voyage-aventure.com\/blog\/?p=18551"},"modified":"2026-06-16T18:03:28","modified_gmt":"2026-06-16T16:03:28","slug":"lev-mazaraki-comment-la-photographie-aerienne-a-transforme-ma-vision-du-voyage","status":"publish","type":"post","link":"https:\/\/voyage-aventure.com\/blog\/a-la-une\/lev-mazaraki-comment-la-photographie-aerienne-a-transforme-ma-vision-du-voyage\/","title":{"rendered":"lev mazaraki : comment la photographie a\u00e9rienne a transform\u00e9 ma vision du voyage"},"content":{"rendered":"<link rel=\"stylesheet\" href=\"https:\/\/fonts.googleapis.com\/css2?family=Fraunces:opsz,wght@9..144,500;9..144,600;9..144,700;9..144,900&#038;family=Inter:wght@400;500;600&#038;family=JetBrains+Mono:wght@500&#038;display=swap\">\n<style>\n.va-portrait-wrap{font-family:'Inter',-apple-system,sans-serif;color:#1d2530;line-height:1.65;font-size:17px;}\n.va-portrait-wrap h2{font-family:'Fraunces','Inter',serif;font-weight:700;font-size:clamp(24px,3.2vw,33px);letter-spacing:-0.01em;color:#101826;margin:48px 0 16px;line-height:1.2;}\n.va-portrait-wrap h3{font-family:'Fraunces','Inter',serif;font-weight:600;font-size:clamp(19px,2.4vw,23px);color:#15233a;margin:30px 0 10px;}\n.va-portrait-wrap p{margin:0 0 18px;}\n.va-portrait-kicker{font-family:'JetBrains Mono',monospace;font-size:12px;letter-spacing:3px;text-transform:uppercase;color:#1c6ea8;font-weight:500;margin-bottom:10px;}\n.va-portrait-lead{font-size:20px;line-height:1.55;color:#2c3a4d;font-weight:500;margin:14px 0 30px;font-family:'Fraunces','Inter',serif;}\n.va-portrait-fiche{background:linear-gradient(180deg,#f3f8fc 0%,#eaf3fa 100%);border-left:5px solid #1c6ea8;border-radius:10px;padding:24px 28px;margin:30px 0 40px;box-shadow:0 1px 2px rgba(16,24,40,.05),0 14px 30px -18px rgba(16,40,72,.28);}\n.va-portrait-fiche .va-portrait-fiche-t{font-family:'JetBrains Mono',monospace;font-size:12px;letter-spacing:2px;text-transform:uppercase;color:#1c6ea8;font-weight:500;margin-bottom:14px;}\n.va-portrait-fiche ul{list-style:none;margin:0;padding:0;}\n.va-portrait-fiche li{display:flex;gap:12px;padding:9px 0;border-bottom:1px solid #d7e6f1;font-size:16px;}\n.va-portrait-fiche li:last-child{border-bottom:none;}\n.va-portrait-fiche .va-portrait-lab{font-family:'JetBrains Mono',monospace;font-size:13px;color:#5a7186;min-width:120px;flex-shrink:0;}\n.va-portrait-fiche .va-portrait-val{color:#15233a;font-weight:500;}\n.va-portrait-grid{display:grid;grid-template-columns:repeat(auto-fit,minmax(240px,1fr));gap:22px;margin:28px 0 36px;}\n.va-portrait-card{background:#fff;border:1px solid #e0e7ef;border-top:3px solid #1c6ea8;border-radius:10px;padding:24px 24px 22px;transition:.25s ease;box-shadow:0 1px 2px rgba(16,24,40,.05),0 10px 24px -18px rgba(16,40,72,.22);}\n.va-portrait-card:hover{transform:translateY(-3px);box-shadow:0 1px 2px rgba(16,24,40,.06),0 18px 34px -16px rgba(16,40,72,.32);border-top-color:#15568a;}\n.va-portrait-card .va-portrait-cn{font-family:'JetBrains Mono',monospace;font-size:12px;letter-spacing:2px;color:#1c6ea8;font-weight:500;}\n.va-portrait-card h3{margin:8px 0 8px;font-size:20px;}\n.va-portrait-card .va-portrait-txt{color:#3c4a5c;font-size:15.5px;line-height:1.6;}\n.va-portrait-pull{font-family:'Fraunces','Inter',serif;font-weight:600;font-size:clamp(22px,3vw,28px);line-height:1.35;color:#0f2942;border-left:5px solid #1c6ea8;padding:6px 0 6px 26px;margin:40px 0;font-style:italic;}\n.va-portrait-quote-mark{color:#1c6ea8;}\n.va-portrait-retenir{background:#0f2942;color:#e9f2f9;border-radius:12px;padding:28px 30px;margin:44px 0;box-shadow:0 18px 40px -22px rgba(15,41,66,.7);}\n.va-portrait-retenir .va-portrait-rt{font-family:'JetBrains Mono',monospace;font-size:12px;letter-spacing:3px;text-transform:uppercase;color:#69b6e6;margin-bottom:14px;}\n.va-portrait-retenir ul{margin:0;padding:0;list-style:none;}\n.va-portrait-retenir li{padding:9px 0 9px 28px;position:relative;border-bottom:1px solid rgba(255,255,255,.1);font-size:16px;}\n.va-portrait-retenir li:last-child{border-bottom:none;}\n.va-portrait-retenir li::before{content:\"\u2197\";position:absolute;left:0;color:#69b6e6;font-weight:700;}\n.va-portrait-faq{margin:36px 0;}\n.va-portrait-faq details{background:#fff;border:1px solid #e0e7ef;border-radius:10px;margin-bottom:12px;padding:0;overflow:hidden;transition:.2s ease;}\n.va-portrait-faq details[open]{border-color:#1c6ea8;box-shadow:0 10px 26px -18px rgba(16,40,72,.3);}\n.va-portrait-faq summary{cursor:pointer;padding:18px 22px;font-family:'Fraunces','Inter',serif;font-weight:600;font-size:18px;color:#15233a;list-style:none;display:flex;justify-content:space-between;gap:14px;}\n.va-portrait-faq summary::-webkit-details-marker{display:none;}\n.va-portrait-faq summary::after{content:\"+\";color:#1c6ea8;font-weight:700;font-size:22px;flex-shrink:0;}\n.va-portrait-faq details[open] summary::after{content:\"\u2212\";}\n.va-portrait-faq .va-portrait-fa{padding:0 22px 20px;color:#3c4a5c;font-size:16px;line-height:1.65;}\n\/*RENDERFIX2*\/.va-portrait-retenir{color:#eef3f9!important}.va-portrait-retenir p,.va-portrait-retenir li,.va-portrait-retenir strong,.va-portrait-retenir em,.va-portrait-retenir a,.va-portrait-retenir span,.va-portrait-retenir b,.va-portrait-retenir td,.va-portrait-retenir th,.va-portrait-retenir h2,.va-portrait-retenir h3,.va-portrait-retenir h4{color:#eef3f9!important}.va-portrait-retenir strong,.va-portrait-retenir b{color:#ffffff!important}<\/style>\n<div class=\"va-portrait-wrap\">\n<div class=\"va-portrait-kicker\">Portrait \u00b7 Photographie a\u00e9rienne<\/div>\n<div class=\"va-portrait-lead\">Du premier drone compact aux s\u00e9ances nocturnes au Japon, voici comment la photographie a\u00e9rienne a redessin\u00e9 ma mani\u00e8re de regarder le voyage \u2014 et l&rsquo;\u00e9quipement qui a accompagn\u00e9 chaque \u00e9tape.<\/div>\n<p>Mais tout a chang\u00e9 lorsque j&rsquo;ai d\u00e9couvert les quadricopt\u00e8res. Je m&rsquo;appelle Lev Mazaraki et, au cours de mes ann\u00e9es en tant que photographe de voyage, j&rsquo;ai test\u00e9 des dizaines de mod\u00e8les pour voir la plan\u00e8te d&rsquo;en haut.<\/p>\n<div class=\"va-portrait-fiche\">\n<div class=\"va-portrait-fiche-t\">La fiche en bref<\/div>\n<ul>\n<li><span class=\"va-portrait-lab\">Qui<\/span><span class=\"va-portrait-val\">Lev Mazaraki, photographe de voyage<\/span><\/li>\n<li><span class=\"va-portrait-lab\">Sp\u00e9cialit\u00e9<\/span><span class=\"va-portrait-val\">Photographie a\u00e9rienne par drone<\/span><\/li>\n<li><span class=\"va-portrait-lab\">D\u00e9buts<\/span><span class=\"va-portrait-val\">2019, drone compact &lt; 250 g<\/span><\/li>\n<li><span class=\"va-portrait-lab\">Terrains<\/span><span class=\"va-portrait-val\">Algarve, Islande, Alpes, Japon<\/span><\/li>\n<li><span class=\"va-portrait-lab\">Aujourd&rsquo;hui<\/span><span class=\"va-portrait-val\">Panoramas, vid\u00e9o HDR, IA de composition<\/span><\/li>\n<\/ul>\n<\/div>\n<p>Ce contenu est destin\u00e9 aux photographes de voyage, vid\u00e9astes et passionn\u00e9s qui souhaitent ma\u00eetriser la photographie a\u00e9rienne. Que vous soyez d\u00e9butant ou que vous souhaitiez am\u00e9liorer la qualit\u00e9 de votre contenu, vous apprendrez quelles caract\u00e9ristiques sont cruciales pour la photographie a\u00e9rienne, comment choisir un appareil et quelles tendances fa\u00e7onneront 2025.<\/p>\n<h2>Premiers pas : comment la prise de vue a\u00e9rienne a ouvert de nouvelles perspectives<\/h2>\n<p>Mon aventure a commenc\u00e9 en 2019 avec l&rsquo;achat d&rsquo;un drone compact pesant moins de 250 grammes. Pourquoi est-ce important ? Dans la plupart des pays, ces mod\u00e8les ne n\u00e9cessitent pas d&rsquo;enregistrement, ce qui les rend id\u00e9aux pour les voyages. En filmant la c\u00f4te de l&rsquo;Algarve au Portugal, j&rsquo;ai r\u00e9alis\u00e9 \u00e0 quel point le paysage changeait de mani\u00e8re spectaculaire lorsqu&rsquo;on le voit d&rsquo;en haut.<\/p>\n<p>Ce drone pouvait prendre des photos en JPEG, avait un capteur de 12 m\u00e9gapixels et enregistrait des vid\u00e9os en Full HD \u00e0 30 images par seconde. Bien que cela suffise pour des prises de vue basiques, le faible d\u00e9bit binaire et l&rsquo;absence de support RAW limitaient la flexibilit\u00e9 en post-traitement. N\u00e9anmoins, c&rsquo;\u00e9tait un bon d\u00e9but, et je recommande des mod\u00e8les similaires aux d\u00e9butants pour leur l\u00e9g\u00e8ret\u00e9 et leur facilit\u00e9 d&rsquo;utilisation.<\/p>\n<div class=\"va-portrait-pull\"><span class=\"va-portrait-quote-mark\">\u00ab<\/span> J&rsquo;ai r\u00e9alis\u00e9 \u00e0 quel point le paysage changeait de mani\u00e8re spectaculaire lorsqu&rsquo;on le voit d&rsquo;en haut. <span class=\"va-portrait-quote-mark\">\u00bb<\/span><\/div>\n<h2>Islande : passer \u00e0 un \u00e9quipement semi-professionnel<\/h2>\n<p>Deux ans plus tard, je me suis retrouv\u00e9 en Islande. \u00c0 cette \u00e9poque, j&rsquo;avais un \u00e9quipement avec un capteur de 20 m\u00e9gapixels, la capture RAW, des vid\u00e9os en 4K \u00e0 60 fps et un d\u00e9bit binaire sup\u00e9rieur \u00e0 100 Mbps. Cela repr\u00e9sentait un tout nouveau niveau, capturant glaciers et volcans avec une pr\u00e9cision \u00e9poustouflante.<\/p>\n<p>Les fichiers RAW ont ouvert la voie \u00e0 un montage flexible, me permettant de contr\u00f4ler la balance des blancs, l&rsquo;exposition et la plage dynamique. Le champ de vision d&rsquo;environ 84 degr\u00e9s offrait un \u00e9quilibre parfait entre perspective et profondeur, essentiel pour ceux qui souhaitent aller au-del\u00e0 des simples prises de vue top-down.<\/p>\n<h2>Les Alpes : \u00e0 la crois\u00e9e de la technologie et de l&rsquo;art<\/h2>\n<p>En 2023, lors de mon arriv\u00e9e dans les Alpes, j&rsquo;avais d\u00e9j\u00e0 test\u00e9 plusieurs drones, passant des premi\u00e8res prises de vue sur les c\u00f4tes \u00e0 des lancements confiants au-dessus des sommets enneig\u00e9s. Dans ces montagnes recouvertes de neige, baign\u00e9es par la lumi\u00e8re du coucher de soleil, j&rsquo;ai enfin trouv\u00e9 l&rsquo;\u00e9quilibre entre technologie et cr\u00e9ativit\u00e9.<\/p>\n<p>J&rsquo;utilisais un mod\u00e8le dot\u00e9 d&rsquo;un capteur de 1 pouce, qui a donn\u00e9 vie aux visuels. J&rsquo;ai remarqu\u00e9 \u00e0 quel point il g\u00e9rait avec aisance les d\u00e9grad\u00e9s sur les pentes et rendait clairement les d\u00e9tails d&rsquo;ombre. Ce capteur offrait une large plage dynamique, et associ\u00e9 \u00e0 une couleur 10 bits, les images avaient une profondeur et une densit\u00e9 que je devais auparavant recr\u00e9er en post-traitement.<\/p>\n<h3>Les caract\u00e9ristiques cl\u00e9s de cette \u00e9tape<\/h3>\n<div class=\"va-portrait-grid\">\n<div class=\"va-portrait-card\">\n<div class=\"va-portrait-cn\">01<\/div>\n<h3>Capteur de 1 pouce<\/h3>\n<div class=\"va-portrait-txt\">Une meilleure qualit\u00e9 d&rsquo;image et une plage dynamique large, id\u00e9ale pour les d\u00e9grad\u00e9s sur la neige.<\/div>\n<\/p><\/div>\n<div class=\"va-portrait-card\">\n<div class=\"va-portrait-cn\">02<\/div>\n<h3>Stabilisation 3 axes<\/h3>\n<div class=\"va-portrait-txt\">Des prises de vue fluides, m\u00eame en altitude et dans le vent des sommets.<\/div>\n<\/p><\/div>\n<div class=\"va-portrait-card\">\n<div class=\"va-portrait-cn\">03<\/div>\n<h3>Vid\u00e9o 5.1K \u00e0 50 fps<\/h3>\n<div class=\"va-portrait-txt\">Des mouvements fluides pour restituer l&rsquo;ampleur des paysages de montagne.<\/div>\n<\/p><\/div>\n<div class=\"va-portrait-card\">\n<div class=\"va-portrait-cn\">04<\/div>\n<h3>D\u00e9tection d&rsquo;obstacles<\/h3>\n<div class=\"va-portrait-txt\">Pour \u00e9viter les erreurs de prise de vue dans les reliefs accident\u00e9s.<\/div>\n<\/p><\/div>\n<div class=\"va-portrait-card\">\n<div class=\"va-portrait-cn\">05<\/div>\n<h3>Zoom puissant<\/h3>\n<div class=\"va-portrait-txt\">Capturer les d\u00e9tails \u00e9loign\u00e9s sans approcher dangereusement l&rsquo;appareil.<\/div>\n<\/p><\/div>\n<\/div>\n<h2>S\u00e9ances nocturnes au Japon : une perc\u00e9e dans ma pratique<\/h2>\n<p>Une des plus grandes perc\u00e9es dans mon travail a\u00e9rien s&rsquo;est produite lors d&rsquo;une s\u00e9ance nocturne au Japon. J&rsquo;avais un drone avec un capteur haute r\u00e9solution (environ 50 MP) et un mode de prise de vue nocturne. Il a captur\u00e9 la douce lueur des temples de Kyoto, les reflets des lanternes sur la rivi\u00e8re et les textures des toits, m\u00eame en faible luminosit\u00e9.<\/p>\n<p>Il est crucial que l&rsquo;\u00e9quipement soit r\u00e9sistant \u00e0 l&rsquo;humidit\u00e9 (par exemple, class\u00e9 IP43 ou sup\u00e9rieur) et dispose d&rsquo;un capteur tr\u00e8s sensible \u00e0 la lumi\u00e8re. Cela garantit que la prise de vue sera r\u00e9ussie, m\u00eame dans le vent ou la pluie l\u00e9g\u00e8re.<\/p>\n<h2>Ce qui a chang\u00e9 en 2025<\/h2>\n<p>Aujourd&rsquo;hui, les drones ne sont pas seulement des outils, mais des partenaires cr\u00e9atifs. La technologie a \u00e9volu\u00e9 : les fonctionnalit\u00e9s d&rsquo;IA peuvent suivre des sujets, identifier la lumi\u00e8re et m\u00eame sugg\u00e9rer des angles de prise de vue. Bien qu&rsquo;un \u00ab\u00a0appareil photo qui trouve le clich\u00e9 tout seul\u00a0\u00bb semble encore \u00eatre un argument de marketing, les derniers mod\u00e8les offrent d\u00e9j\u00e0 de solides options de composition gr\u00e2ce \u00e0 l&rsquo;IA.<\/p>\n<p>Les r\u00e9glementations ont \u00e9galement chang\u00e9. Dans l&rsquo;UE et aux \u00c9tats-Unis, l&rsquo;identification \u00e0 distance pour ce type d&rsquo;\u00e9quipement est d\u00e9sormais obligatoire, et les photographes de voyage doivent en tenir compte. En Russie, les r\u00e8gles sont encore plus flexibles, mais elles se renforcent \u00e9galement. Il est donc essentiel de pr\u00eater attention non seulement aux sp\u00e9cifications techniques, mais aussi aux aspects juridiques.<\/p>\n<h2>Quelles sont les prochaines \u00e9tapes ?<\/h2>\n<p>Je continue \u00e0 explorer les modes panoramiques et la vid\u00e9o HDR, tout en testant des mod\u00e8les avec des batteries \u00e9cologiques. Certains nouveaux mod\u00e8les incluent d\u00e9j\u00e0 un zoom 10x et des fonctionnalit\u00e9s de planification d&rsquo;itin\u00e9raire via des cartes.<\/p>\n<p>Si vous d\u00e9butez dans la photographie a\u00e9rienne, commencez petit. M\u00eame un drone l\u00e9ger peut transformer votre vision du voyage. L&rsquo;essentiel est de voir la prise de vue et de savoir comment la capturer.<\/p>\n<p>Le monde vu d&rsquo;en haut est plus accessible que jamais. Si un jour vous d\u00e9cidez de le voir sous un angle diff\u00e9rent, l&rsquo;\u00e9quipement de photographie a\u00e9rienne sera votre compagnon fiable.<\/p>\n<div class=\"va-portrait-retenir\">\n<div class=\"va-portrait-rt\">\u00c0 retenir<\/div>\n<ul>\n<li>La photographie a\u00e9rienne offre une vue d&rsquo;en haut qui transforme radicalement la perception d&rsquo;un paysage.<\/li>\n<li>Un drone l\u00e9ger de moins de 250 grammes est le point de d\u00e9part id\u00e9al pour voyager sans contrainte d&rsquo;enregistrement.<\/li>\n<li>Le passage au capteur 1 pouce, \u00e0 la capture RAW et au mode nocturne fait franchir un cap de qualit\u00e9 r\u00e9el.<\/li>\n<li>La r\u00e9sistance \u00e0 l&rsquo;humidit\u00e9 et la sensibilit\u00e9 \u00e0 la lumi\u00e8re comptent autant que les m\u00e9gapixels.<\/li>\n<li>R\u00e9glementation et identification \u00e0 distance font d\u00e9sormais partie du m\u00e9tier de photographe a\u00e9rien.<\/li>\n<\/ul>\n<\/div>\n<h2>Questions fr\u00e9quentes<\/h2>\n<div class=\"va-portrait-faq\">\n<details>\n<summary>Qu&rsquo;est-ce que la photographie a\u00e9rienne ?<\/summary>\n<div class=\"va-portrait-fa\">C&rsquo;est l&rsquo;art de capturer des images depuis les airs, le plus souvent \u00e0 l&rsquo;aide d&rsquo;un drone, afin de saisir un paysage, une c\u00f4te ou une ville sous un angle vu d&rsquo;en haut impossible \u00e0 obtenir depuis le sol. Comme le raconte ce parcours, elle change radicalement la lecture d&rsquo;un lieu : la c\u00f4te de l&rsquo;Algarve ou les glaciers d&rsquo;Islande r\u00e9v\u00e8lent des formes invisibles au niveau du regard humain.<\/div>\n<\/details>\n<details>\n<summary>Comment faire de la photo a\u00e9rienne quand on d\u00e9bute ?<\/summary>\n<div class=\"va-portrait-fa\">Commencez petit : un drone compact de moins de 250 grammes, qui ne n\u00e9cessite g\u00e9n\u00e9ralement pas d&rsquo;enregistrement, suffit pour vos premi\u00e8res images. L&rsquo;essentiel est d&rsquo;apprendre \u00e0 voir la prise de vue avant de la capturer. On monte ensuite en gamme vers la capture RAW, un capteur plus grand et la vid\u00e9o haute d\u00e9finition \u00e0 mesure que la pratique s&rsquo;affine.<\/div>\n<\/details>\n<details>\n<summary>Comment obtenir une vraie vue a\u00e9rienne en voyage ?<\/summary>\n<div class=\"va-portrait-fa\">La vue a\u00e9rienne s&rsquo;obtient en privil\u00e9giant un appareil l\u00e9ger et facile \u00e0 transporter, en choisissant la bonne lumi\u00e8re (le coucher de soleil sur les Alpes, par exemple) et en tenant compte de la r\u00e9glementation locale : dans l&rsquo;UE et aux \u00c9tats-Unis, l&rsquo;identification \u00e0 distance est d\u00e9sormais obligatoire. Un capteur sensible et une bonne r\u00e9sistance \u00e0 l&rsquo;humidit\u00e9 permettent de r\u00e9ussir m\u00eame de nuit ou par pluie l\u00e9g\u00e8re.<\/div>\n<\/details>\n<\/div>\n<\/div>\n","protected":false},"excerpt":{"rendered":"","protected":false},"author":34,"featured_media":19416,"comment_status":"open","ping_status":"open","sticky":false,"template":"","format":"standard","meta":{"_acf_changed":false,"manual_indexmenow":false,"indexmenow_id_project":0,"footnotes":""},"categories":[1],"tags":[4538,4530,6405,4385,4526],"class_list":["post-18551","post","type-post","status-publish","format-standard","has-post-thumbnail","hentry","category-a-la-une","tag-activites-variees","tag-escapade-en-europe","tag-photographie-aerienne","tag-pratiques-durables","tag-voyage-economique","generate-columns","tablet-grid-50","mobile-grid-100","grid-parent","grid-25"],"acf":[],"yoast_head":"<!-- This site is optimized with the Yoast SEO Premium plugin v21.3 (Yoast SEO v25.1) - https:\/\/yoast.com\/wordpress\/plugins\/seo\/ -->\n<title>lev mazaraki : comment la photographie a\u00e9rienne a<\/title>\n<meta name=\"description\" content=\"Du premier drone compact aux s\u00e9ances nocturnes au Japon, voici comment la photographie a\u00e9rienne a redessin\u00e9 ma mani\u00e8re de regarder le voyage \u2014 et\" \/>\n<meta name=\"robots\" content=\"index, follow, max-snippet:-1, max-image-preview:large, max-video-preview:-1\" \/>\n<link rel=\"canonical\" href=\"https:\/\/voyage-aventure.com\/blog\/a-la-une\/lev-mazaraki-comment-la-photographie-aerienne-a-transforme-ma-vision-du-voyage\/\" \/>\n<meta property=\"og:locale\" content=\"fr_FR\" \/>\n<meta property=\"og:type\" content=\"article\" \/>\n<meta property=\"og:title\" content=\"lev mazaraki : comment la photographie a\u00e9rienne a\" \/>\n<meta property=\"og:description\" content=\"Du premier drone compact aux s\u00e9ances nocturnes au Japon, voici comment la photographie a\u00e9rienne a redessin\u00e9 ma mani\u00e8re de regarder le voyage \u2014 et\" \/>\n<meta property=\"og:url\" content=\"https:\/\/voyage-aventure.com\/blog\/a-la-une\/lev-mazaraki-comment-la-photographie-aerienne-a-transforme-ma-vision-du-voyage\/\" \/>\n<meta property=\"og:site_name\" content=\"voyage-aventure\" \/>\n<meta property=\"og:image\" content=\"https:\/\/voyage-aventure.com\/blog\/wp-content\/uploads\/2025\/05\/sdxl-572b2c5e556553e388794dce213b1e5b-scaled.png\" \/>\n\t<meta property=\"og:image:width\" content=\"1200\" \/>\n\t<meta property=\"og:image:height\" content=\"500\" \/>\n\t<meta property=\"og:image:type\" content=\"image\/png\" \/>\n<meta name=\"author\" content=\"Camille Rouvray\" \/>\n<meta name=\"twitter:card\" content=\"summary_large_image\" \/>\n<script type=\"application\/ld+json\" class=\"yoast-schema-graph\">{\"@context\":\"https:\/\/schema.org\",\"@graph\":[{\"@type\":\"NewsArticle\",\"@id\":\"https:\/\/voyage-aventure.com\/blog\/a-la-une\/lev-mazaraki-comment-la-photographie-aerienne-a-transforme-ma-vision-du-voyage\/#article\",\"isPartOf\":{\"@id\":\"https:\/\/voyage-aventure.com\/blog\/a-la-une\/lev-mazaraki-comment-la-photographie-aerienne-a-transforme-ma-vision-du-voyage\/\"},\"author\":{\"name\":\"Camille Rouvray\",\"@id\":\"https:\/\/voyage-aventure.com\/blog\/#\/schema\/person\/3c864cdc320801e3db34b663e7e3f816\"},\"headline\":\"lev mazaraki : comment la photographie a\u00e9rienne a transform\u00e9 ma vision du voyage\",\"datePublished\":\"2026-06-16T16:03:28+00:00\",\"mainEntityOfPage\":{\"@id\":\"https:\/\/voyage-aventure.com\/blog\/a-la-une\/lev-mazaraki-comment-la-photographie-aerienne-a-transforme-ma-vision-du-voyage\/\"},\"wordCount\":1470,\"commentCount\":23,\"publisher\":{\"@id\":\"https:\/\/voyage-aventure.com\/blog\/#organization\"},\"image\":{\"@id\":\"https:\/\/voyage-aventure.com\/blog\/a-la-une\/lev-mazaraki-comment-la-photographie-aerienne-a-transforme-ma-vision-du-voyage\/#primaryimage\"},\"thumbnailUrl\":\"https:\/\/voyage-aventure.com\/blog\/wp-content\/uploads\/2025\/05\/sdxl-572b2c5e556553e388794dce213b1e5b-scaled.png\",\"keywords\":[\"Activit\u00e9s Vari\u00e9es\",\"Escapade en Europe\",\"Photographie A\u00e9rienne\",\"Pratiques Durables\",\"Voyage \u00c9conomique\"],\"articleSection\":[\"\u00c0 la une\"],\"inLanguage\":\"fr-FR\",\"potentialAction\":[{\"@type\":\"CommentAction\",\"name\":\"Comment\",\"target\":[\"https:\/\/voyage-aventure.com\/blog\/a-la-une\/lev-mazaraki-comment-la-photographie-aerienne-a-transforme-ma-vision-du-voyage\/#respond\"]}]},{\"@type\":\"WebPage\",\"@id\":\"https:\/\/voyage-aventure.com\/blog\/a-la-une\/lev-mazaraki-comment-la-photographie-aerienne-a-transforme-ma-vision-du-voyage\/\",\"url\":\"https:\/\/voyage-aventure.com\/blog\/a-la-une\/lev-mazaraki-comment-la-photographie-aerienne-a-transforme-ma-vision-du-voyage\/\",\"name\":\"lev mazaraki : comment la photographie a\u00e9rienne a\",\"isPartOf\":{\"@id\":\"https:\/\/voyage-aventure.com\/blog\/#website\"},\"primaryImageOfPage\":{\"@id\":\"https:\/\/voyage-aventure.com\/blog\/a-la-une\/lev-mazaraki-comment-la-photographie-aerienne-a-transforme-ma-vision-du-voyage\/#primaryimage\"},\"image\":{\"@id\":\"https:\/\/voyage-aventure.com\/blog\/a-la-une\/lev-mazaraki-comment-la-photographie-aerienne-a-transforme-ma-vision-du-voyage\/#primaryimage\"},\"thumbnailUrl\":\"https:\/\/voyage-aventure.com\/blog\/wp-content\/uploads\/2025\/05\/sdxl-572b2c5e556553e388794dce213b1e5b-scaled.png\",\"datePublished\":\"2026-06-16T16:03:28+00:00\",\"description\":\"Du premier drone compact aux s\u00e9ances nocturnes au Japon, voici comment la photographie a\u00e9rienne a redessin\u00e9 ma mani\u00e8re de regarder le voyage \u2014 et\",\"inLanguage\":\"fr-FR\",\"potentialAction\":[{\"@type\":\"ReadAction\",\"target\":[\"https:\/\/voyage-aventure.com\/blog\/a-la-une\/lev-mazaraki-comment-la-photographie-aerienne-a-transforme-ma-vision-du-voyage\/\"]}]},{\"@type\":\"ImageObject\",\"inLanguage\":\"fr-FR\",\"@id\":\"https:\/\/voyage-aventure.com\/blog\/a-la-une\/lev-mazaraki-comment-la-photographie-aerienne-a-transforme-ma-vision-du-voyage\/#primaryimage\",\"url\":\"https:\/\/voyage-aventure.com\/blog\/wp-content\/uploads\/2025\/05\/sdxl-572b2c5e556553e388794dce213b1e5b-scaled.png\",\"contentUrl\":\"https:\/\/voyage-aventure.com\/blog\/wp-content\/uploads\/2025\/05\/sdxl-572b2c5e556553e388794dce213b1e5b-scaled.png\",\"width\":1200,\"height\":500},{\"@type\":\"WebSite\",\"@id\":\"https:\/\/voyage-aventure.com\/blog\/#website\",\"url\":\"https:\/\/voyage-aventure.com\/blog\/\",\"name\":\"voyage-aventure.com\",\"description\":\"Votre passeport pour l\u2019inattendu.\",\"publisher\":{\"@id\":\"https:\/\/voyage-aventure.com\/blog\/#organization\"},\"alternateName\":\"Votre passeport pour l\u2019inattendu.\",\"potentialAction\":[{\"@type\":\"SearchAction\",\"target\":{\"@type\":\"EntryPoint\",\"urlTemplate\":\"https:\/\/voyage-aventure.com\/blog\/?s={search_term_string}\"},\"query-input\":{\"@type\":\"PropertyValueSpecification\",\"valueRequired\":true,\"valueName\":\"search_term_string\"}}],\"inLanguage\":\"fr-FR\"},{\"@type\":\"Organization\",\"@id\":\"https:\/\/voyage-aventure.com\/blog\/#organization\",\"name\":\"Foretsensations.fr\",\"url\":\"https:\/\/voyage-aventure.com\/blog\/\",\"logo\":{\"@type\":\"ImageObject\",\"inLanguage\":\"fr-FR\",\"@id\":\"https:\/\/voyage-aventure.com\/blog\/#\/schema\/logo\/image\/\",\"url\":\"https:\/\/voyage-aventure.com\/blog\/wp-content\/uploads\/2024\/12\/19.png\",\"contentUrl\":\"https:\/\/voyage-aventure.com\/blog\/wp-content\/uploads\/2024\/12\/19.png\",\"width\":512,\"height\":512,\"caption\":\"Foretsensations.fr\"},\"image\":{\"@id\":\"https:\/\/voyage-aventure.com\/blog\/#\/schema\/logo\/image\/\"}},{\"@type\":\"Person\",\"@id\":\"https:\/\/voyage-aventure.com\/blog\/#\/schema\/person\/3c864cdc320801e3db34b663e7e3f816\",\"name\":\"Camille Rouvray\",\"image\":{\"@type\":\"ImageObject\",\"inLanguage\":\"fr-FR\",\"@id\":\"https:\/\/voyage-aventure.com\/blog\/#\/schema\/person\/image\/\",\"url\":\"https:\/\/voyage-aventure.com\/blog\/wp-content\/uploads\/2026\/06\/persona_camille-r-96x96.jpg\",\"contentUrl\":\"https:\/\/voyage-aventure.com\/blog\/wp-content\/uploads\/2026\/06\/persona_camille-r-96x96.jpg\",\"caption\":\"Camille Rouvray\"},\"description\":\"Je voyage et j'\u00e9cris sur le voyage depuis une douzaine d'ann\u00e9es, d'abord en tant que routarde au long cours, puis comme r\u00e9dactrice sp\u00e9cialis\u00e9e. Mon terrain de pr\u00e9dilection, ce sont les circuits organis\u00e9s et l'art de bien pr\u00e9parer un itin\u00e9raire : choix de la saison, dur\u00e9e r\u00e9aliste des \u00e9tapes, budget jour par jour, logement et transport sur place. J'aime aussi raconter les p\u00e9pites urbaines, ces adresses qu'on ne trouve pas dans les guides classiques. Avant de publier un dossier destination, je croise toujours plusieurs sources, je v\u00e9rifie les tarifs et les formalit\u00e9s d'entr\u00e9e \u00e0 jour, et je teste moi-m\u00eame quand je le peux. Mon angle reste pratique avant tout : aider le lecteur \u00e0 partir l'esprit tranquille, sans mauvaise surprise une fois sur place. Je m'attache \u00e0 distinguer le coup de c\u0153ur sinc\u00e8re du simple argument marketing.\",\"sameAs\":[\"https:\/\/camillerouvray.fr\/\"],\"url\":\"https:\/\/voyage-aventure.com\/blog\/auteur\/noname\/\"}]}<\/script>\n<!-- \/ Yoast SEO Premium plugin. -->","yoast_head_json":{"title":"lev mazaraki : comment la photographie a\u00e9rienne a","description":"Du premier drone compact aux s\u00e9ances nocturnes au Japon, voici comment la photographie a\u00e9rienne a redessin\u00e9 ma mani\u00e8re de regarder le voyage \u2014 et","robots":{"index":"index","follow":"follow","max-snippet":"max-snippet:-1","max-image-preview":"max-image-preview:large","max-video-preview":"max-video-preview:-1"},"canonical":"https:\/\/voyage-aventure.com\/blog\/a-la-une\/lev-mazaraki-comment-la-photographie-aerienne-a-transforme-ma-vision-du-voyage\/","og_locale":"fr_FR","og_type":"article","og_title":"lev mazaraki : comment la photographie a\u00e9rienne a","og_description":"Du premier drone compact aux s\u00e9ances nocturnes au Japon, voici comment la photographie a\u00e9rienne a redessin\u00e9 ma mani\u00e8re de regarder le voyage \u2014 et","og_url":"https:\/\/voyage-aventure.com\/blog\/a-la-une\/lev-mazaraki-comment-la-photographie-aerienne-a-transforme-ma-vision-du-voyage\/","og_site_name":"voyage-aventure","og_image":[{"width":1200,"height":500,"url":"https:\/\/voyage-aventure.com\/blog\/wp-content\/uploads\/2025\/05\/sdxl-572b2c5e556553e388794dce213b1e5b-scaled.png","type":"image\/png"}],"author":"Camille Rouvray","twitter_card":"summary_large_image","schema":{"@context":"https:\/\/schema.org","@graph":[{"@type":"NewsArticle","@id":"https:\/\/voyage-aventure.com\/blog\/a-la-une\/lev-mazaraki-comment-la-photographie-aerienne-a-transforme-ma-vision-du-voyage\/#article","isPartOf":{"@id":"https:\/\/voyage-aventure.com\/blog\/a-la-une\/lev-mazaraki-comment-la-photographie-aerienne-a-transforme-ma-vision-du-voyage\/"},"author":{"name":"Camille Rouvray","@id":"https:\/\/voyage-aventure.com\/blog\/#\/schema\/person\/3c864cdc320801e3db34b663e7e3f816"},"headline":"lev mazaraki : comment la photographie a\u00e9rienne a transform\u00e9 ma vision du voyage","datePublished":"2026-06-16T16:03:28+00:00","mainEntityOfPage":{"@id":"https:\/\/voyage-aventure.com\/blog\/a-la-une\/lev-mazaraki-comment-la-photographie-aerienne-a-transforme-ma-vision-du-voyage\/"},"wordCount":1470,"commentCount":23,"publisher":{"@id":"https:\/\/voyage-aventure.com\/blog\/#organization"},"image":{"@id":"https:\/\/voyage-aventure.com\/blog\/a-la-une\/lev-mazaraki-comment-la-photographie-aerienne-a-transforme-ma-vision-du-voyage\/#primaryimage"},"thumbnailUrl":"https:\/\/voyage-aventure.com\/blog\/wp-content\/uploads\/2025\/05\/sdxl-572b2c5e556553e388794dce213b1e5b-scaled.png","keywords":["Activit\u00e9s Vari\u00e9es","Escapade en Europe","Photographie A\u00e9rienne","Pratiques Durables","Voyage \u00c9conomique"],"articleSection":["\u00c0 la une"],"inLanguage":"fr-FR","potentialAction":[{"@type":"CommentAction","name":"Comment","target":["https:\/\/voyage-aventure.com\/blog\/a-la-une\/lev-mazaraki-comment-la-photographie-aerienne-a-transforme-ma-vision-du-voyage\/#respond"]}]},{"@type":"WebPage","@id":"https:\/\/voyage-aventure.com\/blog\/a-la-une\/lev-mazaraki-comment-la-photographie-aerienne-a-transforme-ma-vision-du-voyage\/","url":"https:\/\/voyage-aventure.com\/blog\/a-la-une\/lev-mazaraki-comment-la-photographie-aerienne-a-transforme-ma-vision-du-voyage\/","name":"lev mazaraki : comment la photographie a\u00e9rienne a","isPartOf":{"@id":"https:\/\/voyage-aventure.com\/blog\/#website"},"primaryImageOfPage":{"@id":"https:\/\/voyage-aventure.com\/blog\/a-la-une\/lev-mazaraki-comment-la-photographie-aerienne-a-transforme-ma-vision-du-voyage\/#primaryimage"},"image":{"@id":"https:\/\/voyage-aventure.com\/blog\/a-la-une\/lev-mazaraki-comment-la-photographie-aerienne-a-transforme-ma-vision-du-voyage\/#primaryimage"},"thumbnailUrl":"https:\/\/voyage-aventure.com\/blog\/wp-content\/uploads\/2025\/05\/sdxl-572b2c5e556553e388794dce213b1e5b-scaled.png","datePublished":"2026-06-16T16:03:28+00:00","description":"Du premier drone compact aux s\u00e9ances nocturnes au Japon, voici comment la photographie a\u00e9rienne a redessin\u00e9 ma mani\u00e8re de regarder le voyage \u2014 et","inLanguage":"fr-FR","potentialAction":[{"@type":"ReadAction","target":["https:\/\/voyage-aventure.com\/blog\/a-la-une\/lev-mazaraki-comment-la-photographie-aerienne-a-transforme-ma-vision-du-voyage\/"]}]},{"@type":"ImageObject","inLanguage":"fr-FR","@id":"https:\/\/voyage-aventure.com\/blog\/a-la-une\/lev-mazaraki-comment-la-photographie-aerienne-a-transforme-ma-vision-du-voyage\/#primaryimage","url":"https:\/\/voyage-aventure.com\/blog\/wp-content\/uploads\/2025\/05\/sdxl-572b2c5e556553e388794dce213b1e5b-scaled.png","contentUrl":"https:\/\/voyage-aventure.com\/blog\/wp-content\/uploads\/2025\/05\/sdxl-572b2c5e556553e388794dce213b1e5b-scaled.png","width":1200,"height":500},{"@type":"WebSite","@id":"https:\/\/voyage-aventure.com\/blog\/#website","url":"https:\/\/voyage-aventure.com\/blog\/","name":"voyage-aventure.com","description":"Votre passeport pour l\u2019inattendu.","publisher":{"@id":"https:\/\/voyage-aventure.com\/blog\/#organization"},"alternateName":"Votre passeport pour l\u2019inattendu.","potentialAction":[{"@type":"SearchAction","target":{"@type":"EntryPoint","urlTemplate":"https:\/\/voyage-aventure.com\/blog\/?s={search_term_string}"},"query-input":{"@type":"PropertyValueSpecification","valueRequired":true,"valueName":"search_term_string"}}],"inLanguage":"fr-FR"},{"@type":"Organization","@id":"https:\/\/voyage-aventure.com\/blog\/#organization","name":"Foretsensations.fr","url":"https:\/\/voyage-aventure.com\/blog\/","logo":{"@type":"ImageObject","inLanguage":"fr-FR","@id":"https:\/\/voyage-aventure.com\/blog\/#\/schema\/logo\/image\/","url":"https:\/\/voyage-aventure.com\/blog\/wp-content\/uploads\/2024\/12\/19.png","contentUrl":"https:\/\/voyage-aventure.com\/blog\/wp-content\/uploads\/2024\/12\/19.png","width":512,"height":512,"caption":"Foretsensations.fr"},"image":{"@id":"https:\/\/voyage-aventure.com\/blog\/#\/schema\/logo\/image\/"}},{"@type":"Person","@id":"https:\/\/voyage-aventure.com\/blog\/#\/schema\/person\/3c864cdc320801e3db34b663e7e3f816","name":"Camille Rouvray","image":{"@type":"ImageObject","inLanguage":"fr-FR","@id":"https:\/\/voyage-aventure.com\/blog\/#\/schema\/person\/image\/","url":"https:\/\/voyage-aventure.com\/blog\/wp-content\/uploads\/2026\/06\/persona_camille-r-96x96.jpg","contentUrl":"https:\/\/voyage-aventure.com\/blog\/wp-content\/uploads\/2026\/06\/persona_camille-r-96x96.jpg","caption":"Camille Rouvray"},"description":"Je voyage et j'\u00e9cris sur le voyage depuis une douzaine d'ann\u00e9es, d'abord en tant que routarde au long cours, puis comme r\u00e9dactrice sp\u00e9cialis\u00e9e. Mon terrain de pr\u00e9dilection, ce sont les circuits organis\u00e9s et l'art de bien pr\u00e9parer un itin\u00e9raire : choix de la saison, dur\u00e9e r\u00e9aliste des \u00e9tapes, budget jour par jour, logement et transport sur place. J'aime aussi raconter les p\u00e9pites urbaines, ces adresses qu'on ne trouve pas dans les guides classiques. Avant de publier un dossier destination, je croise toujours plusieurs sources, je v\u00e9rifie les tarifs et les formalit\u00e9s d'entr\u00e9e \u00e0 jour, et je teste moi-m\u00eame quand je le peux. Mon angle reste pratique avant tout : aider le lecteur \u00e0 partir l'esprit tranquille, sans mauvaise surprise une fois sur place. Je m'attache \u00e0 distinguer le coup de c\u0153ur sinc\u00e8re du simple argument marketing.","sameAs":["https:\/\/camillerouvray.fr\/"],"url":"https:\/\/voyage-aventure.com\/blog\/auteur\/noname\/"}]}},"_links":{"self":[{"href":"https:\/\/voyage-aventure.com\/blog\/wp-json\/wp\/v2\/posts\/18551","targetHints":{"allow":["GET"]}}],"collection":[{"href":"https:\/\/voyage-aventure.com\/blog\/wp-json\/wp\/v2\/posts"}],"about":[{"href":"https:\/\/voyage-aventure.com\/blog\/wp-json\/wp\/v2\/types\/post"}],"author":[{"embeddable":true,"href":"https:\/\/voyage-aventure.com\/blog\/wp-json\/wp\/v2\/users\/34"}],"replies":[{"embeddable":true,"href":"https:\/\/voyage-aventure.com\/blog\/wp-json\/wp\/v2\/comments?post=18551"}],"version-history":[{"count":3,"href":"https:\/\/voyage-aventure.com\/blog\/wp-json\/wp\/v2\/posts\/18551\/revisions"}],"predecessor-version":[{"id":23109,"href":"https:\/\/voyage-aventure.com\/blog\/wp-json\/wp\/v2\/posts\/18551\/revisions\/23109"}],"wp:featuredmedia":[{"embeddable":true,"href":"https:\/\/voyage-aventure.com\/blog\/wp-json\/wp\/v2\/media\/19416"}],"wp:attachment":[{"href":"https:\/\/voyage-aventure.com\/blog\/wp-json\/wp\/v2\/media?parent=18551"}],"wp:term":[{"taxonomy":"category","embeddable":true,"href":"https:\/\/voyage-aventure.com\/blog\/wp-json\/wp\/v2\/categories?post=18551"},{"taxonomy":"post_tag","embeddable":true,"href":"https:\/\/voyage-aventure.com\/blog\/wp-json\/wp\/v2\/tags?post=18551"}],"curies":[{"name":"wp","href":"https:\/\/api.w.org\/{rel}","templated":true}]}}