{"id":18550,"date":"2026-06-04T22:58:15","date_gmt":"2026-06-04T20:58:15","guid":{"rendered":"https:\/\/voyage-aventure.com\/blog\/?p=18550"},"modified":"2026-06-04T22:58:15","modified_gmt":"2026-06-04T20:58:15","slug":"cet-parapluie-compact-est-laccessoire-incontournable-de-vos-voyages-de-printemps","status":"publish","type":"post","link":"https:\/\/voyage-aventure.com\/blog\/a-la-une\/cet-parapluie-compact-est-laccessoire-incontournable-de-vos-voyages-de-printemps\/","title":{"rendered":"cet parapluie compact est l&rsquo;accessoire incontournable de vos voyages de printemps"},"content":{"rendered":"<link rel=\"stylesheet\" href=\"https:\/\/fonts.googleapis.com\/css2?family=Inter+Tight:wght@500;600;700;800&#038;family=Inter:wght@400;500;600&#038;family=IBM+Plex+Mono:wght@500&#038;display=swap\">\n<style>\n.va-parapluie-wrap{--va-accent:#3A78B5;--va-ink:#16202B;--va-soft:#F2F6FB;--va-line:#DCE6F0;font-family:\"Inter\",system-ui,sans-serif;color:var(--va-ink);line-height:1.65}\n.va-parapluie-wrap h2{font-family:\"Inter Tight\",sans-serif;font-weight:800;letter-spacing:-.02em;font-size:1.55rem;margin:48px 0 14px;color:var(--va-ink)}\n.va-parapluie-wrap h3{font-family:\"Inter Tight\",sans-serif;font-weight:700;font-size:1.12rem;margin:0 0 6px}\n.va-parapluie-verdict{background:var(--va-soft);border:1px solid var(--va-line);border-left:5px solid var(--va-accent);border-radius:14px;padding:24px 26px;margin:8px 0 40px;box-shadow:0 1px 2px rgba(16,24,40,.05),0 12px 28px -16px rgba(16,24,40,.18)}\n.va-parapluie-kicker{font-family:\"IBM Plex Mono\",monospace;font-size:.72rem;letter-spacing:.14em;text-transform:uppercase;color:var(--va-accent);font-weight:500;margin-bottom:6px}\n.va-parapluie-verdict h2{margin:0 0 10px;font-size:1.4rem}\n.va-parapluie-lead{font-size:1.02rem;margin-bottom:16px}\n.va-parapluie-specs{display:flex;flex-wrap:wrap;gap:10px;margin:14px 0 4px}\n.va-parapluie-pill{font-family:\"IBM Plex Mono\",monospace;font-size:.78rem;background:#fff;border:1px solid var(--va-line);border-radius:999px;padding:6px 13px;color:var(--va-ink)}\n.va-parapluie-pill span{color:var(--va-accent);font-weight:600}\n.va-parapluie-cols{display:grid;grid-template-columns:1fr 1fr;gap:18px;margin:18px 0}\n.va-parapluie-box{background:#fff;border:1px solid var(--va-line);border-radius:12px;padding:18px 20px;transition:.25s ease}\n.va-parapluie-box:hover{transform:translateY(-3px);box-shadow:0 10px 24px -14px rgba(16,24,40,.3)}\n.va-parapluie-box.pro{border-top:3px solid #2E9E6B}\n.va-parapluie-box.con{border-top:3px solid #C9603F}\n.va-parapluie-box h3{font-family:\"IBM Plex Mono\",monospace;font-size:.74rem;letter-spacing:.1em;text-transform:uppercase;font-weight:500}\n.va-parapluie-box.pro h3{color:#2E9E6B}\n.va-parapluie-box.con h3{color:#C9603F}\n.va-parapluie-list{list-style:none;margin:10px 0 0;padding:0}\n.va-parapluie-list li{position:relative;padding-left:24px;margin:8px 0;font-size:.95rem}\n.va-parapluie-list.pro li::before{content:\"\u2713\";position:absolute;left:0;color:#2E9E6B;font-weight:700}\n.va-parapluie-list.con li::before{content:\"\u2715\";position:absolute;left:0;color:#C9603F;font-weight:700}\n.va-parapluie-alts{margin:18px 0;border:1px solid var(--va-line);border-radius:14px;overflow:hidden}\n.va-parapluie-alts table{width:100%;border-collapse:collapse;font-size:.94rem}\n.va-parapluie-alts thead th{background:var(--va-accent);color:#fff;font-family:\"Inter Tight\",sans-serif;font-weight:600;text-align:left;padding:12px 16px;font-size:.85rem;letter-spacing:.02em}\n.va-parapluie-alts td{padding:11px 16px;border-top:1px solid var(--va-line)}\n.va-parapluie-alts tbody tr:nth-child(even){background:#F7FAFD}\n.va-parapluie-alts td:last-child{font-family:\"IBM Plex Mono\",monospace;color:var(--va-accent);font-weight:600;white-space:nowrap}\n.va-parapluie-quote{margin:40px 0;background:var(--va-ink);color:#fff;border-radius:16px;padding:32px 34px;position:relative;font-family:\"Inter Tight\",sans-serif;font-weight:600;font-size:1.25rem;line-height:1.4}\n.va-parapluie-quote span[aria-hidden]{color:var(--va-accent);font-size:3rem;line-height:0;display:block;margin-bottom:4px}\n.va-parapluie-keep{background:var(--va-soft);border:1px dashed var(--va-accent);border-radius:14px;padding:22px 24px;margin:36px 0}\n.va-parapluie-keep h3{color:var(--va-accent);font-family:\"IBM Plex Mono\",monospace;font-size:.78rem;letter-spacing:.1em;text-transform:uppercase;font-weight:500;margin-bottom:10px}\n.va-parapluie-keep ul{margin:0;padding-left:20px}\n.va-parapluie-keep li{margin:7px 0}\n.va-parapluie-faq{margin:36px 0}\n.va-parapluie-faq details{border:1px solid var(--va-line);border-radius:12px;padding:0;margin:10px 0;overflow:hidden;transition:.25s ease}\n.va-parapluie-faq details:hover{box-shadow:0 8px 20px -14px rgba(16,24,40,.28)}\n.va-parapluie-faq summary{cursor:pointer;list-style:none;padding:15px 20px;font-family:\"Inter Tight\",sans-serif;font-weight:700;font-size:1rem;background:#fff;display:flex;justify-content:space-between;align-items:center}\n.va-parapluie-faq summary::-webkit-details-marker{display:none}\n.va-parapluie-faq summary::after{content:\"+\";color:var(--va-accent);font-size:1.4rem;font-weight:600}\n.va-parapluie-faq details[open] summary::after{content:\"\u2013\"}\n.va-parapluie-faq .va-parapluie-ans{padding:2px 20px 18px;font-size:.96rem;color:#3a4a5a}\n@media(max-width:640px){.va-parapluie-cols{grid-template-columns:1fr}}\n<\/style>\n<div class=\"va-parapluie-wrap\">\n<div class=\"va-parapluie-verdict\">\n<div class=\"va-parapluie-kicker\">Notre verdict \u00b7 parapluie de voyage<\/div>\n<h2>Leagera : le mini parapluie compact qui se glisse dans une poche<\/h2>\n<div class=\"va-parapluie-lead\">Pour les voyageurs qui veulent rester au sec sans sacrifier de la place dans leurs bagages, le parapluie pliable Leagera fait figure de favori : long comme un iPhone 16, sous la barre des 200 grammes une fois repli\u00e9, il se range partout. Quelques avis le jugent fragile par grand vent, mais la majorit\u00e9 salue la robustesse de ses tiges renforc\u00e9es.<\/div>\n<div class=\"va-parapluie-specs\">\n<div class=\"va-parapluie-pill\">Pli\u00e9 <span>&lt; 6 pouces<\/span><\/div>\n<div class=\"va-parapluie-pill\">Poids <span>~200 g<\/span><\/div>\n<div class=\"va-parapluie-pill\">Toile <span>90 cm<\/span><\/div>\n<div class=\"va-parapluie-pill\">Pour <span>1 personne<\/span><\/div>\n<\/div>\n<\/div>\n<h2>Un indispensable pour la saison des pluies<\/h2>\n<p>Lorsque vous pr\u00e9parez vos bagages pour une destination humide ou pour une escapade durant cette saison, un bon parapluie de voyage devient essentiel. Plus il est compact, plus il est facile \u00e0 transporter sans encombrer votre valise.<\/p>\n<p>Nous avons effectu\u00e9 des recherches pour trouver le parapluie le plus petit, capable de se glisser facilement dans un sac ceinture ou une poche lat\u00e9rale. Notre choix s&rsquo;est port\u00e9 sur le mod\u00e8le de Leagera, qui se plie \u00e0 moins de six pouces et p\u00e8se un peu plus de 200 grammes, parfait pour les nomades modernes.<\/p>\n<p><iframe loading=\"lazy\" title=\"Ashes to Ashes \ud83d\udd25 | A Gripping Detective Mystery by Isabel Ostrander \ud83d\udd75\ufe0f\u200d\u2642\ufe0f\" width=\"1200\" height=\"675\" src=\"https:\/\/www.youtube.com\/embed\/uy0yx0FJVoM?feature=oembed\" frameborder=\"0\" allow=\"accelerometer; autoplay; clipboard-write; encrypted-media; gyroscope; picture-in-picture; web-share\" referrerpolicy=\"strict-origin-when-cross-origin\" allowfullscreen><\/iframe><\/p>\n<h2>Le parapluie de voyage compact Leagera<\/h2>\n<p>Ce parapluie se distingue par sa taille r\u00e9duite, mesurant environ la longueur d&rsquo;un iPhone 16. Les utilisateurs peuvent l&rsquo;ins\u00e9rer sans probl\u00e8me dans leurs poches de pantalon ou de veste, ce qui le rend particuli\u00e8rement pratique. Son design avec une poign\u00e9e rectangulaire lui conf\u00e8re une allure discr\u00e8te, id\u00e9ale pour les voyages.<\/p>\n<p>Malgr\u00e9 sa petite taille, le parapluie Leagera ne sacrifie pas la fonctionnalit\u00e9. Avec un diam\u00e8tre de toile de 90 cm, il offre suffisamment d&rsquo;abri pour une personne. Bien que quelques utilisateurs aient signal\u00e9 une fragilit\u00e9 en cas de vent fort, la majorit\u00e9 des avis soulignent la robustesse de ses tiges renforc\u00e9es.<\/p>\n<div class=\"va-parapluie-cols\">\n<div class=\"va-parapluie-box pro\">\n<h3>Ce qu&rsquo;on aime<\/h3>\n<ul class=\"va-parapluie-list pro\">\n<li>Format ultra-compact, pli\u00e9 sous 6 pouces<\/li>\n<li>Tr\u00e8s l\u00e9ger, un peu plus de 200 grammes<\/li>\n<li>Tiges renforc\u00e9es salu\u00e9es par la majorit\u00e9 des avis<\/li>\n<li>Plusieurs coloris, du noir classique aux teintes printani\u00e8res<\/li>\n<\/ul>\n<\/div>\n<div class=\"va-parapluie-box con\">\n<h3>Ce qu&rsquo;on garde en t\u00eate<\/h3>\n<ul class=\"va-parapluie-list con\">\n<li>Une certaine fragilit\u00e9 signal\u00e9e par grand vent<\/li>\n<li>Toile de 90 cm pens\u00e9e pour une seule personne<\/li>\n<li>Poign\u00e9e rectangulaire discr\u00e8te mais petite en main<\/li>\n<\/ul>\n<\/div>\n<\/div>\n<h2>Des avis positifs de voyageurs<\/h2>\n<p>Les voyageurs appr\u00e9cient particuli\u00e8rement ce parapluie pour sa capacit\u00e9 \u00e0 se glisser dans un sac \u00e0 bandouli\u00e8re. Un client a t\u00e9moign\u00e9 avoir utilis\u00e9 ce mod\u00e8le lors d&rsquo;un voyage au Royaume-Uni, notant qu&rsquo;il n&rsquo;occupait pas trop d&rsquo;espace et qu&rsquo;il \u00e9tait extr\u00eamement fonctionnel. M\u00eame des habitants de r\u00e9gions pluvieuses comme Seattle et la Nouvelle-Angleterre en vantent les m\u00e9rites.<\/p>\n<p>Le parapluie de voyage Leagera affiche des centaines d&rsquo;\u00e9valuations cinq \u00e9toiles et est propos\u00e9 \u00e0 un prix comp\u00e9titif. Il est disponible en plusieurs couleurs, allant du noir classique aux teintes printani\u00e8res comme le bleu clair et le lavande, permettant ainsi \u00e0 chacun de choisir selon ses go\u00fbts.<\/p>\n<h2>Liste d&rsquo;autres parapluies compacts \u00e0 consid\u00e9rer<\/h2>\n<p>Si vous h\u00e9sitez encore, voici quelques autres parapluies de voyage coupe-vent et pliables cit\u00e9s \u00e0 titre de comparaison, avec leur tarif indicatif.<\/p>\n<div class=\"va-parapluie-alts\">\n<table>\n<thead>\n<tr>\n<th>Mod\u00e8le<\/th>\n<th>Format<\/th>\n<th>Prix<\/th>\n<\/tr>\n<\/thead>\n<tbody>\n<tr>\n<td>Baodini Compact Travel Umbrella<\/td>\n<td>Avec \u00e9tui<\/td>\n<td>$14<\/td>\n<\/tr>\n<tr>\n<td>Gaoyaing Compact Travel Umbrella<\/td>\n<td>Avec \u00e9tui<\/td>\n<td>$8<\/td>\n<\/tr>\n<tr>\n<td>Esufeir Compact Travel Umbrella<\/td>\n<td>Avec \u00e9tui<\/td>\n<td>$14<\/td>\n<\/tr>\n<tr>\n<td>Goothdurs Compact Travel Umbrella<\/td>\n<td>Compact<\/td>\n<td>$15<\/td>\n<\/tr>\n<tr>\n<td>Mustarpicking Compact Travel Umbrella<\/td>\n<td>Avec \u00e9tui<\/td>\n<td>$10<\/td>\n<\/tr>\n<\/tbody>\n<\/table>\n<\/div>\n<div class=\"va-parapluie-quote\">\n<span aria-hidden=\"true\">\u201c<\/span><br \/>\nN&rsquo;oubliez jamais qu&rsquo;un bon parapluie peut transformer une journ\u00e9e pluvieuse en une aventure.\n<\/div>\n<p>Vous pr\u00e9voyez un voyage durant la saison des pluies ? Ce parapluie compact est l&rsquo;accessoire que vous devez absolument emporter. Avec sa l\u00e9g\u00e8ret\u00e9 et sa facilit\u00e9 d&rsquo;utilisation, il vous permettra de rester au sec tout en profitant de votre escapade printani\u00e8re.<\/p>\n<div class=\"va-parapluie-keep\">\n<h3>\u00c0 retenir<\/h3>\n<ul>\n<li>Le Leagera se plie sous 6 pouces pour un peu plus de 200 g : un vrai mini parapluie de poche.<\/li>\n<li>Sa toile de 90 cm abrite confortablement une personne ; \u00e0 \u00e9viter par vent fort.<\/li>\n<li>Plusieurs coloris disponibles, des classiques aux teintes printani\u00e8res (bleu clair, lavande).<\/li>\n<li>Pour comparer : Gaoyaing ($8), Mustarpicking ($10), Baodini et Esufeir ($14), Goothdurs ($15).<\/li>\n<\/ul>\n<\/div>\n<div class=\"va-parapluie-faq\">\n<details>\n<summary>Le parapluie Leagera tient-il vraiment dans une poche ?<\/summary>\n<div class=\"va-parapluie-ans\">Oui : repli\u00e9, il mesure environ la longueur d&rsquo;un iPhone 16 et passe sans difficult\u00e9 dans une poche de pantalon ou de veste, ou dans une poche lat\u00e9rale de sac.<\/div>\n<\/details>\n<details>\n<summary>R\u00e9siste-t-il au vent ?<\/summary>\n<div class=\"va-parapluie-ans\">Ses tiges renforc\u00e9es sont salu\u00e9es par la majorit\u00e9 des avis, mais quelques utilisateurs signalent une fragilit\u00e9 en cas de vent fort. C&rsquo;est avant tout un parapluie compact de voyage, pas un mod\u00e8le temp\u00eate.<\/div>\n<\/details>\n<details>\n<summary>Pour combien de personnes est-il pr\u00e9vu ?<\/summary>\n<div class=\"va-parapluie-ans\">Avec une toile de 90 cm de diam\u00e8tre, il offre un abri suffisant pour une seule personne.<\/div>\n<\/details>\n<details>\n<summary>Existe-t-il d&rsquo;autres parapluies compacts comparables ?<\/summary>\n<div class=\"va-parapluie-ans\">Oui, plusieurs mod\u00e8les pliables sont cit\u00e9s : Baodini et Esufeir (14 $), Goothdurs (15 $), Mustarpicking (10 $) et Gaoyaing (8 $), la plupart livr\u00e9s avec un \u00e9tui.<\/div>\n<\/details>\n<\/div>\n<\/div>\n","protected":false},"excerpt":{"rendered":"","protected":false},"author":34,"featured_media":19417,"comment_status":"open","ping_status":"open","sticky":false,"template":"","format":"standard","meta":{"_acf_changed":false,"manual_indexmenow":false,"indexmenow_id_project":0,"footnotes":""},"categories":[1],"tags":[4538,3928,4530,4713,4635],"class_list":["post-18550","post","type-post","status-publish","format-standard","has-post-thumbnail","hentry","category-a-la-une","tag-activites-variees","tag-detente","tag-escapade-en-europe","tag-preparation","tag-voyage","generate-columns","tablet-grid-50","mobile-grid-100","grid-parent","grid-25"],"acf":[],"yoast_head":"<!-- This site is optimized with the Yoast SEO Premium plugin v21.3 (Yoast SEO v25.1) - https:\/\/yoast.com\/wordpress\/plugins\/seo\/ -->\n<title>cet parapluie compact est l&#039;accessoire incontournable de<\/title>\n<meta name=\"description\" content=\"Leagera : le mini parapluie compact qui se glisse dans une poche Pour les voyageurs qui veulent rester au sec sans sacrifier de la place dans leurs\" \/>\n<meta name=\"robots\" content=\"index, follow, max-snippet:-1, max-image-preview:large, max-video-preview:-1\" \/>\n<link rel=\"canonical\" href=\"https:\/\/voyage-aventure.com\/blog\/a-la-une\/cet-parapluie-compact-est-laccessoire-incontournable-de-vos-voyages-de-printemps\/\" \/>\n<meta property=\"og:locale\" content=\"fr_FR\" \/>\n<meta property=\"og:type\" content=\"article\" \/>\n<meta property=\"og:title\" content=\"cet parapluie compact est l&#039;accessoire incontournable de\" \/>\n<meta property=\"og:description\" content=\"Leagera : le mini parapluie compact qui se glisse dans une poche Pour les voyageurs qui veulent rester au sec sans sacrifier de la place dans leurs\" \/>\n<meta property=\"og:url\" content=\"https:\/\/voyage-aventure.com\/blog\/a-la-une\/cet-parapluie-compact-est-laccessoire-incontournable-de-vos-voyages-de-printemps\/\" \/>\n<meta property=\"og:site_name\" content=\"voyage-aventure\" \/>\n<meta property=\"og:image\" content=\"https:\/\/voyage-aventure.com\/blog\/wp-content\/uploads\/2025\/05\/sdxl-85f2836faba4f37bb99d361393e30648-scaled.png\" \/>\n\t<meta property=\"og:image:width\" content=\"1200\" \/>\n\t<meta property=\"og:image:height\" content=\"500\" \/>\n\t<meta property=\"og:image:type\" content=\"image\/png\" \/>\n<meta name=\"author\" content=\"Camille Rouvray\" \/>\n<meta name=\"twitter:card\" content=\"summary_large_image\" \/>\n<script type=\"application\/ld+json\" class=\"yoast-schema-graph\">{\"@context\":\"https:\/\/schema.org\",\"@graph\":[{\"@type\":\"NewsArticle\",\"@id\":\"https:\/\/voyage-aventure.com\/blog\/a-la-une\/cet-parapluie-compact-est-laccessoire-incontournable-de-vos-voyages-de-printemps\/#article\",\"isPartOf\":{\"@id\":\"https:\/\/voyage-aventure.com\/blog\/a-la-une\/cet-parapluie-compact-est-laccessoire-incontournable-de-vos-voyages-de-printemps\/\"},\"author\":{\"name\":\"Camille Rouvray\",\"@id\":\"https:\/\/voyage-aventure.com\/blog\/#\/schema\/person\/3c864cdc320801e3db34b663e7e3f816\"},\"headline\":\"cet parapluie compact est l&rsquo;accessoire incontournable de vos voyages de printemps\",\"datePublished\":\"2026-06-04T20:58:15+00:00\",\"mainEntityOfPage\":{\"@id\":\"https:\/\/voyage-aventure.com\/blog\/a-la-une\/cet-parapluie-compact-est-laccessoire-incontournable-de-vos-voyages-de-printemps\/\"},\"wordCount\":821,\"commentCount\":21,\"publisher\":{\"@id\":\"https:\/\/voyage-aventure.com\/blog\/#organization\"},\"image\":{\"@id\":\"https:\/\/voyage-aventure.com\/blog\/a-la-une\/cet-parapluie-compact-est-laccessoire-incontournable-de-vos-voyages-de-printemps\/#primaryimage\"},\"thumbnailUrl\":\"https:\/\/voyage-aventure.com\/blog\/wp-content\/uploads\/2025\/05\/sdxl-85f2836faba4f37bb99d361393e30648-scaled.png\",\"keywords\":[\"Activit\u00e9s Vari\u00e9es\",\"D\u00e9tente\",\"Escapade en Europe\",\"Pr\u00e9paration\",\"Voyage\"],\"articleSection\":[\"\u00c0 la une\"],\"inLanguage\":\"fr-FR\",\"potentialAction\":[{\"@type\":\"CommentAction\",\"name\":\"Comment\",\"target\":[\"https:\/\/voyage-aventure.com\/blog\/a-la-une\/cet-parapluie-compact-est-laccessoire-incontournable-de-vos-voyages-de-printemps\/#respond\"]}]},{\"@type\":\"WebPage\",\"@id\":\"https:\/\/voyage-aventure.com\/blog\/a-la-une\/cet-parapluie-compact-est-laccessoire-incontournable-de-vos-voyages-de-printemps\/\",\"url\":\"https:\/\/voyage-aventure.com\/blog\/a-la-une\/cet-parapluie-compact-est-laccessoire-incontournable-de-vos-voyages-de-printemps\/\",\"name\":\"cet parapluie compact est l'accessoire incontournable de\",\"isPartOf\":{\"@id\":\"https:\/\/voyage-aventure.com\/blog\/#website\"},\"primaryImageOfPage\":{\"@id\":\"https:\/\/voyage-aventure.com\/blog\/a-la-une\/cet-parapluie-compact-est-laccessoire-incontournable-de-vos-voyages-de-printemps\/#primaryimage\"},\"image\":{\"@id\":\"https:\/\/voyage-aventure.com\/blog\/a-la-une\/cet-parapluie-compact-est-laccessoire-incontournable-de-vos-voyages-de-printemps\/#primaryimage\"},\"thumbnailUrl\":\"https:\/\/voyage-aventure.com\/blog\/wp-content\/uploads\/2025\/05\/sdxl-85f2836faba4f37bb99d361393e30648-scaled.png\",\"datePublished\":\"2026-06-04T20:58:15+00:00\",\"description\":\"Leagera : le mini parapluie compact qui se glisse dans une poche Pour les voyageurs qui veulent rester au sec sans sacrifier de la place dans leurs\",\"inLanguage\":\"fr-FR\",\"potentialAction\":[{\"@type\":\"ReadAction\",\"target\":[\"https:\/\/voyage-aventure.com\/blog\/a-la-une\/cet-parapluie-compact-est-laccessoire-incontournable-de-vos-voyages-de-printemps\/\"]}]},{\"@type\":\"ImageObject\",\"inLanguage\":\"fr-FR\",\"@id\":\"https:\/\/voyage-aventure.com\/blog\/a-la-une\/cet-parapluie-compact-est-laccessoire-incontournable-de-vos-voyages-de-printemps\/#primaryimage\",\"url\":\"https:\/\/voyage-aventure.com\/blog\/wp-content\/uploads\/2025\/05\/sdxl-85f2836faba4f37bb99d361393e30648-scaled.png\",\"contentUrl\":\"https:\/\/voyage-aventure.com\/blog\/wp-content\/uploads\/2025\/05\/sdxl-85f2836faba4f37bb99d361393e30648-scaled.png\",\"width\":1200,\"height\":500},{\"@type\":\"WebSite\",\"@id\":\"https:\/\/voyage-aventure.com\/blog\/#website\",\"url\":\"https:\/\/voyage-aventure.com\/blog\/\",\"name\":\"voyage-aventure.com\",\"description\":\"Votre passeport pour l\u2019inattendu.\",\"publisher\":{\"@id\":\"https:\/\/voyage-aventure.com\/blog\/#organization\"},\"alternateName\":\"Votre passeport pour l\u2019inattendu.\",\"potentialAction\":[{\"@type\":\"SearchAction\",\"target\":{\"@type\":\"EntryPoint\",\"urlTemplate\":\"https:\/\/voyage-aventure.com\/blog\/?s={search_term_string}\"},\"query-input\":{\"@type\":\"PropertyValueSpecification\",\"valueRequired\":true,\"valueName\":\"search_term_string\"}}],\"inLanguage\":\"fr-FR\"},{\"@type\":\"Organization\",\"@id\":\"https:\/\/voyage-aventure.com\/blog\/#organization\",\"name\":\"Foretsensations.fr\",\"url\":\"https:\/\/voyage-aventure.com\/blog\/\",\"logo\":{\"@type\":\"ImageObject\",\"inLanguage\":\"fr-FR\",\"@id\":\"https:\/\/voyage-aventure.com\/blog\/#\/schema\/logo\/image\/\",\"url\":\"https:\/\/voyage-aventure.com\/blog\/wp-content\/uploads\/2024\/12\/19.png\",\"contentUrl\":\"https:\/\/voyage-aventure.com\/blog\/wp-content\/uploads\/2024\/12\/19.png\",\"width\":512,\"height\":512,\"caption\":\"Foretsensations.fr\"},\"image\":{\"@id\":\"https:\/\/voyage-aventure.com\/blog\/#\/schema\/logo\/image\/\"}},{\"@type\":\"Person\",\"@id\":\"https:\/\/voyage-aventure.com\/blog\/#\/schema\/person\/3c864cdc320801e3db34b663e7e3f816\",\"name\":\"Camille Rouvray\",\"image\":{\"@type\":\"ImageObject\",\"inLanguage\":\"fr-FR\",\"@id\":\"https:\/\/voyage-aventure.com\/blog\/#\/schema\/person\/image\/\",\"url\":\"https:\/\/voyage-aventure.com\/blog\/wp-content\/uploads\/2026\/06\/persona_camille-r-96x96.jpg\",\"contentUrl\":\"https:\/\/voyage-aventure.com\/blog\/wp-content\/uploads\/2026\/06\/persona_camille-r-96x96.jpg\",\"caption\":\"Camille Rouvray\"},\"description\":\"Je voyage et j'\u00e9cris sur le voyage depuis une douzaine d'ann\u00e9es, d'abord en tant que routarde au long cours, puis comme r\u00e9dactrice sp\u00e9cialis\u00e9e. Mon terrain de pr\u00e9dilection, ce sont les circuits organis\u00e9s et l'art de bien pr\u00e9parer un itin\u00e9raire : choix de la saison, dur\u00e9e r\u00e9aliste des \u00e9tapes, budget jour par jour, logement et transport sur place. J'aime aussi raconter les p\u00e9pites urbaines, ces adresses qu'on ne trouve pas dans les guides classiques. Avant de publier un dossier destination, je croise toujours plusieurs sources, je v\u00e9rifie les tarifs et les formalit\u00e9s d'entr\u00e9e \u00e0 jour, et je teste moi-m\u00eame quand je le peux. Mon angle reste pratique avant tout : aider le lecteur \u00e0 partir l'esprit tranquille, sans mauvaise surprise une fois sur place. Je m'attache \u00e0 distinguer le coup de c\u0153ur sinc\u00e8re du simple argument marketing.\",\"sameAs\":[\"https:\/\/camillerouvray.fr\/\"],\"url\":\"https:\/\/voyage-aventure.com\/blog\/auteur\/noname\/\"}]}<\/script>\n<!-- \/ Yoast SEO Premium plugin. -->","yoast_head_json":{"title":"cet parapluie compact est l'accessoire incontournable de","description":"Leagera : le mini parapluie compact qui se glisse dans une poche Pour les voyageurs qui veulent rester au sec sans sacrifier de la place dans leurs","robots":{"index":"index","follow":"follow","max-snippet":"max-snippet:-1","max-image-preview":"max-image-preview:large","max-video-preview":"max-video-preview:-1"},"canonical":"https:\/\/voyage-aventure.com\/blog\/a-la-une\/cet-parapluie-compact-est-laccessoire-incontournable-de-vos-voyages-de-printemps\/","og_locale":"fr_FR","og_type":"article","og_title":"cet parapluie compact est l'accessoire incontournable de","og_description":"Leagera : le mini parapluie compact qui se glisse dans une poche Pour les voyageurs qui veulent rester au sec sans sacrifier de la place dans leurs","og_url":"https:\/\/voyage-aventure.com\/blog\/a-la-une\/cet-parapluie-compact-est-laccessoire-incontournable-de-vos-voyages-de-printemps\/","og_site_name":"voyage-aventure","og_image":[{"width":1200,"height":500,"url":"https:\/\/voyage-aventure.com\/blog\/wp-content\/uploads\/2025\/05\/sdxl-85f2836faba4f37bb99d361393e30648-scaled.png","type":"image\/png"}],"author":"Camille Rouvray","twitter_card":"summary_large_image","schema":{"@context":"https:\/\/schema.org","@graph":[{"@type":"NewsArticle","@id":"https:\/\/voyage-aventure.com\/blog\/a-la-une\/cet-parapluie-compact-est-laccessoire-incontournable-de-vos-voyages-de-printemps\/#article","isPartOf":{"@id":"https:\/\/voyage-aventure.com\/blog\/a-la-une\/cet-parapluie-compact-est-laccessoire-incontournable-de-vos-voyages-de-printemps\/"},"author":{"name":"Camille Rouvray","@id":"https:\/\/voyage-aventure.com\/blog\/#\/schema\/person\/3c864cdc320801e3db34b663e7e3f816"},"headline":"cet parapluie compact est l&rsquo;accessoire incontournable de vos voyages de printemps","datePublished":"2026-06-04T20:58:15+00:00","mainEntityOfPage":{"@id":"https:\/\/voyage-aventure.com\/blog\/a-la-une\/cet-parapluie-compact-est-laccessoire-incontournable-de-vos-voyages-de-printemps\/"},"wordCount":821,"commentCount":21,"publisher":{"@id":"https:\/\/voyage-aventure.com\/blog\/#organization"},"image":{"@id":"https:\/\/voyage-aventure.com\/blog\/a-la-une\/cet-parapluie-compact-est-laccessoire-incontournable-de-vos-voyages-de-printemps\/#primaryimage"},"thumbnailUrl":"https:\/\/voyage-aventure.com\/blog\/wp-content\/uploads\/2025\/05\/sdxl-85f2836faba4f37bb99d361393e30648-scaled.png","keywords":["Activit\u00e9s Vari\u00e9es","D\u00e9tente","Escapade en Europe","Pr\u00e9paration","Voyage"],"articleSection":["\u00c0 la une"],"inLanguage":"fr-FR","potentialAction":[{"@type":"CommentAction","name":"Comment","target":["https:\/\/voyage-aventure.com\/blog\/a-la-une\/cet-parapluie-compact-est-laccessoire-incontournable-de-vos-voyages-de-printemps\/#respond"]}]},{"@type":"WebPage","@id":"https:\/\/voyage-aventure.com\/blog\/a-la-une\/cet-parapluie-compact-est-laccessoire-incontournable-de-vos-voyages-de-printemps\/","url":"https:\/\/voyage-aventure.com\/blog\/a-la-une\/cet-parapluie-compact-est-laccessoire-incontournable-de-vos-voyages-de-printemps\/","name":"cet parapluie compact est l'accessoire incontournable de","isPartOf":{"@id":"https:\/\/voyage-aventure.com\/blog\/#website"},"primaryImageOfPage":{"@id":"https:\/\/voyage-aventure.com\/blog\/a-la-une\/cet-parapluie-compact-est-laccessoire-incontournable-de-vos-voyages-de-printemps\/#primaryimage"},"image":{"@id":"https:\/\/voyage-aventure.com\/blog\/a-la-une\/cet-parapluie-compact-est-laccessoire-incontournable-de-vos-voyages-de-printemps\/#primaryimage"},"thumbnailUrl":"https:\/\/voyage-aventure.com\/blog\/wp-content\/uploads\/2025\/05\/sdxl-85f2836faba4f37bb99d361393e30648-scaled.png","datePublished":"2026-06-04T20:58:15+00:00","description":"Leagera : le mini parapluie compact qui se glisse dans une poche Pour les voyageurs qui veulent rester au sec sans sacrifier de la place dans leurs","inLanguage":"fr-FR","potentialAction":[{"@type":"ReadAction","target":["https:\/\/voyage-aventure.com\/blog\/a-la-une\/cet-parapluie-compact-est-laccessoire-incontournable-de-vos-voyages-de-printemps\/"]}]},{"@type":"ImageObject","inLanguage":"fr-FR","@id":"https:\/\/voyage-aventure.com\/blog\/a-la-une\/cet-parapluie-compact-est-laccessoire-incontournable-de-vos-voyages-de-printemps\/#primaryimage","url":"https:\/\/voyage-aventure.com\/blog\/wp-content\/uploads\/2025\/05\/sdxl-85f2836faba4f37bb99d361393e30648-scaled.png","contentUrl":"https:\/\/voyage-aventure.com\/blog\/wp-content\/uploads\/2025\/05\/sdxl-85f2836faba4f37bb99d361393e30648-scaled.png","width":1200,"height":500},{"@type":"WebSite","@id":"https:\/\/voyage-aventure.com\/blog\/#website","url":"https:\/\/voyage-aventure.com\/blog\/","name":"voyage-aventure.com","description":"Votre passeport pour l\u2019inattendu.","publisher":{"@id":"https:\/\/voyage-aventure.com\/blog\/#organization"},"alternateName":"Votre passeport pour l\u2019inattendu.","potentialAction":[{"@type":"SearchAction","target":{"@type":"EntryPoint","urlTemplate":"https:\/\/voyage-aventure.com\/blog\/?s={search_term_string}"},"query-input":{"@type":"PropertyValueSpecification","valueRequired":true,"valueName":"search_term_string"}}],"inLanguage":"fr-FR"},{"@type":"Organization","@id":"https:\/\/voyage-aventure.com\/blog\/#organization","name":"Foretsensations.fr","url":"https:\/\/voyage-aventure.com\/blog\/","logo":{"@type":"ImageObject","inLanguage":"fr-FR","@id":"https:\/\/voyage-aventure.com\/blog\/#\/schema\/logo\/image\/","url":"https:\/\/voyage-aventure.com\/blog\/wp-content\/uploads\/2024\/12\/19.png","contentUrl":"https:\/\/voyage-aventure.com\/blog\/wp-content\/uploads\/2024\/12\/19.png","width":512,"height":512,"caption":"Foretsensations.fr"},"image":{"@id":"https:\/\/voyage-aventure.com\/blog\/#\/schema\/logo\/image\/"}},{"@type":"Person","@id":"https:\/\/voyage-aventure.com\/blog\/#\/schema\/person\/3c864cdc320801e3db34b663e7e3f816","name":"Camille Rouvray","image":{"@type":"ImageObject","inLanguage":"fr-FR","@id":"https:\/\/voyage-aventure.com\/blog\/#\/schema\/person\/image\/","url":"https:\/\/voyage-aventure.com\/blog\/wp-content\/uploads\/2026\/06\/persona_camille-r-96x96.jpg","contentUrl":"https:\/\/voyage-aventure.com\/blog\/wp-content\/uploads\/2026\/06\/persona_camille-r-96x96.jpg","caption":"Camille Rouvray"},"description":"Je voyage et j'\u00e9cris sur le voyage depuis une douzaine d'ann\u00e9es, d'abord en tant que routarde au long cours, puis comme r\u00e9dactrice sp\u00e9cialis\u00e9e. Mon terrain de pr\u00e9dilection, ce sont les circuits organis\u00e9s et l'art de bien pr\u00e9parer un itin\u00e9raire : choix de la saison, dur\u00e9e r\u00e9aliste des \u00e9tapes, budget jour par jour, logement et transport sur place. J'aime aussi raconter les p\u00e9pites urbaines, ces adresses qu'on ne trouve pas dans les guides classiques. Avant de publier un dossier destination, je croise toujours plusieurs sources, je v\u00e9rifie les tarifs et les formalit\u00e9s d'entr\u00e9e \u00e0 jour, et je teste moi-m\u00eame quand je le peux. Mon angle reste pratique avant tout : aider le lecteur \u00e0 partir l'esprit tranquille, sans mauvaise surprise une fois sur place. Je m'attache \u00e0 distinguer le coup de c\u0153ur sinc\u00e8re du simple argument marketing.","sameAs":["https:\/\/camillerouvray.fr\/"],"url":"https:\/\/voyage-aventure.com\/blog\/auteur\/noname\/"}]}},"_links":{"self":[{"href":"https:\/\/voyage-aventure.com\/blog\/wp-json\/wp\/v2\/posts\/18550","targetHints":{"allow":["GET"]}}],"collection":[{"href":"https:\/\/voyage-aventure.com\/blog\/wp-json\/wp\/v2\/posts"}],"about":[{"href":"https:\/\/voyage-aventure.com\/blog\/wp-json\/wp\/v2\/types\/post"}],"author":[{"embeddable":true,"href":"https:\/\/voyage-aventure.com\/blog\/wp-json\/wp\/v2\/users\/34"}],"replies":[{"embeddable":true,"href":"https:\/\/voyage-aventure.com\/blog\/wp-json\/wp\/v2\/comments?post=18550"}],"version-history":[{"count":2,"href":"https:\/\/voyage-aventure.com\/blog\/wp-json\/wp\/v2\/posts\/18550\/revisions"}],"predecessor-version":[{"id":21722,"href":"https:\/\/voyage-aventure.com\/blog\/wp-json\/wp\/v2\/posts\/18550\/revisions\/21722"}],"wp:featuredmedia":[{"embeddable":true,"href":"https:\/\/voyage-aventure.com\/blog\/wp-json\/wp\/v2\/media\/19417"}],"wp:attachment":[{"href":"https:\/\/voyage-aventure.com\/blog\/wp-json\/wp\/v2\/media?parent=18550"}],"wp:term":[{"taxonomy":"category","embeddable":true,"href":"https:\/\/voyage-aventure.com\/blog\/wp-json\/wp\/v2\/categories?post=18550"},{"taxonomy":"post_tag","embeddable":true,"href":"https:\/\/voyage-aventure.com\/blog\/wp-json\/wp\/v2\/tags?post=18550"}],"curies":[{"name":"wp","href":"https:\/\/api.w.org\/{rel}","templated":true}]}}