{"id":18521,"date":"2025-04-07T17:00:36","date_gmt":"2025-04-07T15:00:36","guid":{"rendered":"https:\/\/voyage-aventure.com\/blog\/?p=18521"},"modified":"2025-04-04T20:58:19","modified_gmt":"2025-04-04T18:58:19","slug":"decouvrez-zoe-me-la-voix-suisse-qui-illuminera-leurovision-2025-avec-voyage","status":"publish","type":"post","link":"https:\/\/voyage-aventure.com\/blog\/destinations-aventure\/decouvrez-zoe-me-la-voix-suisse-qui-illuminera-leurovision-2025-avec-voyage\/","title":{"rendered":"D\u00e9couvrez Zo\u00eb M\u00eb, la voix suisse qui illuminera l&rsquo;Eurovision 2025 avec Voyage"},"content":{"rendered":"<h2>Qui est Zo\u00eb M\u00eb ?<\/h2>\n<p>Son enfance l&rsquo;a men\u00e9e en Allemagne, mais elle a choisi de s&rsquo;\u00e9tablir \u00e0 Fribourg depuis 2009. Tr\u00e8s jeune, elle a d\u00e9couvert sa passion pour la musique et a lanc\u00e9 sa carri\u00e8re \u00e0 seulement 10 ans.<\/p>\n<p>En 2020, elle a marqu\u00e9 les esprits avec son premier album, intitul\u00e9 Momoko, qui contient dix morceaux captivants. Zo\u00eb a rapidement gagn\u00e9 en reconnaissance, recevant en 2024 les prix SRF 3 Best Talent et RTS Artiste Radar, des distinctions qui soulignent son potentiel immense sur la sc\u00e8ne musicale suisse.<\/p>\n<h2>\u00c0 propos de l&rsquo;Eurovision et de la chanson Voyage<\/h2>\n<p>La participation de Zo\u00eb M\u00eb \u00e0 l&rsquo;Eurovision 2025, qui se d\u00e9roulera dans son pays natal, est pour elle un immense honneur. Elle a exprim\u00e9 sa joie en disant : \u00ab\u00a0C&rsquo;est un moment f\u00e9erique de revenir \u00e0 B\u00e2le pour performer sur cette sc\u00e8ne.\u00a0\u00bb Ce sentiment de cercle complet enrichit son exp\u00e9rience et renforce son lien avec sa ville.<\/p>\n<p>La chanson Voyage, qu&rsquo;elle interpr\u00e9tera lors du concours, est \u00e9crite en fran\u00e7ais et aborde des th\u00e8mes de harc\u00e8lement et de n\u00e9gativit\u00e9 sur les r\u00e9seaux sociaux. Zo\u00eb a soulign\u00e9 l&rsquo;importance d&rsquo;utiliser une plateforme aussi prestigieuse que l&rsquo;Eurovision pour v\u00e9hiculer des messages significatifs.<\/p>\n<h2>Quelle signification se cache derri\u00e8re son nom de sc\u00e8ne ?<\/h2>\n<p>Le choix du nom de sc\u00e8ne de Zo\u00eb M\u00eb n&rsquo;est pas anodin, car il porte une signification profonde. En grec, Zo\u00eb signifie \u00ab\u00a0vie\u00a0\u00bb, tandis que M\u00eb, en japonais, se traduit par \u00ab\u00a0\u0153il\u00a0\u00bb. Cette combinaison illustre son engagement \u00e0 porter un regard attentif sur tous les aspects de l&rsquo;existence, qu&rsquo;ils soient positifs ou n\u00e9gatifs.<\/p>\n<p>Ce choix artistique refl\u00e8te la sensibilit\u00e9 de Zo\u00eb envers les d\u00e9fis de la vie, tout en c\u00e9l\u00e9brant les moments de joie. En se produisant \u00e0 l&rsquo;Eurovision avec ce nom, elle incarne une vision riche et nuanc\u00e9e de la vie moderne.<\/p>\n<blockquote><p>\n\u201cQuand on a une sc\u00e8ne aussi grande que l&rsquo;Eurovision, il est crucial de parler de ce qui compte vraiment.\u201d &#8211; Zo\u00eb M\u00eb\n<\/p><\/blockquote>\n<p>Zo\u00eb M\u00eb se pr\u00e9pare \u00e0 captiver le public avec son interpr\u00e9tation de Voyage, et les attentes sont grandes. Voici quelques \u00e9l\u00e9ments qui font de cette artiste un talent \u00e0 suivre :<\/p>\n<ul>\n<li>Artiste n\u00e9e \u00e0 B\u00e2le, avec une forte connexion \u00e0 sa ville natale.<\/li>\n<li>Premi\u00e8re performance en fran\u00e7ais pour la Suisse depuis Gjon&rsquo;s Tears en 2021.<\/li>\n<li>Une musique engag\u00e9e, abordant des th\u00e8mes contemporains et sociaux.<\/li>\n<li>R\u00e9compens\u00e9e pour son talent prometteur dans l&rsquo;univers musical suisse.<\/li>\n<li>Un nom de sc\u00e8ne symbolique, reliant vie et regard sur le monde.<\/li>\n<\/ul>\n<p>Avec une carri\u00e8re qui ne fait que commencer, Zo\u00eb M\u00eb repr\u00e9sente l&rsquo;avenir de la musique suisse sur la sc\u00e8ne internationale. Son authenticit\u00e9 et son engagement envers des messages significatifs font d&rsquo;elle une artiste \u00e0 suivre de pr\u00e8s. L&rsquo;Eurovision 2025 sera sans aucun doute une \u00e9tape marquante dans son parcours, et le public attend avec impatience de d\u00e9couvrir son interpr\u00e9tation unique de Voyage.<\/p>\n","protected":false},"excerpt":{"rendered":"","protected":false},"author":34,"featured_media":20074,"comment_status":"open","ping_status":"open","sticky":false,"template":"","format":"standard","meta":{"_acf_changed":false,"manual_indexmenow":false,"indexmenow_id_project":0,"footnotes":""},"categories":[4520],"tags":[4639,4527,3800,4672,4625],"class_list":["post-18521","post","type-post","status-publish","format-standard","has-post-thumbnail","hentry","category-destinations-aventure","tag-aventure","tag-decouverte-culturelle","tag-emotions","tag-experiences","tag-passion-du-voyage","generate-columns","tablet-grid-50","mobile-grid-100","grid-parent","grid-25"],"acf":[],"yoast_head":"<!-- This site is optimized with the Yoast SEO Premium plugin v21.3 (Yoast SEO v25.1) - https:\/\/yoast.com\/wordpress\/plugins\/seo\/ -->\n<title>D\u00e9couvrez Zo\u00eb M\u00eb, la voix suisse qui illuminera<\/title>\n<meta name=\"description\" content=\"Son enfance l&#039;a men\u00e9e en Allemagne, mais elle a choisi de s&#039;\u00e9tablir \u00e0 Fribourg depuis 2009. Tr\u00e8s jeune, elle a d\u00e9couvert sa passion pour la musique et a\" \/>\n<meta name=\"robots\" content=\"index, follow, max-snippet:-1, max-image-preview:large, max-video-preview:-1\" \/>\n<link rel=\"canonical\" href=\"https:\/\/voyage-aventure.com\/blog\/destinations-aventure\/decouvrez-zoe-me-la-voix-suisse-qui-illuminera-leurovision-2025-avec-voyage\/\" \/>\n<meta property=\"og:locale\" content=\"fr_FR\" \/>\n<meta property=\"og:type\" content=\"article\" \/>\n<meta property=\"og:title\" content=\"D\u00e9couvrez Zo\u00eb M\u00eb, la voix suisse qui illuminera\" \/>\n<meta property=\"og:description\" content=\"Son enfance l&#039;a men\u00e9e en Allemagne, mais elle a choisi de s&#039;\u00e9tablir \u00e0 Fribourg depuis 2009. Tr\u00e8s jeune, elle a d\u00e9couvert sa passion pour la musique et a\" \/>\n<meta property=\"og:url\" content=\"https:\/\/voyage-aventure.com\/blog\/destinations-aventure\/decouvrez-zoe-me-la-voix-suisse-qui-illuminera-leurovision-2025-avec-voyage\/\" \/>\n<meta property=\"og:site_name\" content=\"voyage-aventure\" \/>\n<meta property=\"og:image\" content=\"https:\/\/voyage-aventure.com\/blog\/wp-content\/uploads\/2025\/05\/sdxl-1d135230bbabce55cb335a818b96e449-scaled.png\" \/>\n\t<meta property=\"og:image:width\" content=\"1200\" \/>\n\t<meta property=\"og:image:height\" content=\"500\" \/>\n\t<meta property=\"og:image:type\" content=\"image\/png\" \/>\n<meta name=\"author\" content=\"Camille Rouvray\" \/>\n<meta name=\"twitter:card\" content=\"summary_large_image\" \/>\n<script type=\"application\/ld+json\" class=\"yoast-schema-graph\">{\"@context\":\"https:\/\/schema.org\",\"@graph\":[{\"@type\":\"NewsArticle\",\"@id\":\"https:\/\/voyage-aventure.com\/blog\/destinations-aventure\/decouvrez-zoe-me-la-voix-suisse-qui-illuminera-leurovision-2025-avec-voyage\/#article\",\"isPartOf\":{\"@id\":\"https:\/\/voyage-aventure.com\/blog\/destinations-aventure\/decouvrez-zoe-me-la-voix-suisse-qui-illuminera-leurovision-2025-avec-voyage\/\"},\"author\":{\"name\":\"Camille Rouvray\",\"@id\":\"https:\/\/voyage-aventure.com\/blog\/#\/schema\/person\/3c864cdc320801e3db34b663e7e3f816\"},\"headline\":\"D\u00e9couvrez Zo\u00eb M\u00eb, la voix suisse qui illuminera l&rsquo;Eurovision 2025 avec Voyage\",\"datePublished\":\"2025-04-07T15:00:36+00:00\",\"mainEntityOfPage\":{\"@id\":\"https:\/\/voyage-aventure.com\/blog\/destinations-aventure\/decouvrez-zoe-me-la-voix-suisse-qui-illuminera-leurovision-2025-avec-voyage\/\"},\"wordCount\":521,\"commentCount\":21,\"publisher\":{\"@id\":\"https:\/\/voyage-aventure.com\/blog\/#organization\"},\"image\":{\"@id\":\"https:\/\/voyage-aventure.com\/blog\/destinations-aventure\/decouvrez-zoe-me-la-voix-suisse-qui-illuminera-leurovision-2025-avec-voyage\/#primaryimage\"},\"thumbnailUrl\":\"https:\/\/voyage-aventure.com\/blog\/wp-content\/uploads\/2025\/05\/sdxl-1d135230bbabce55cb335a818b96e449-scaled.png\",\"keywords\":[\"Aventure\",\"D\u00e9couverte Culturelle\",\"\u00c9motions\",\"Exp\u00e9riences\",\"Passion Du Voyage\"],\"articleSection\":[\"Destinations Aventure\"],\"inLanguage\":\"fr-FR\",\"potentialAction\":[{\"@type\":\"CommentAction\",\"name\":\"Comment\",\"target\":[\"https:\/\/voyage-aventure.com\/blog\/destinations-aventure\/decouvrez-zoe-me-la-voix-suisse-qui-illuminera-leurovision-2025-avec-voyage\/#respond\"]}]},{\"@type\":\"WebPage\",\"@id\":\"https:\/\/voyage-aventure.com\/blog\/destinations-aventure\/decouvrez-zoe-me-la-voix-suisse-qui-illuminera-leurovision-2025-avec-voyage\/\",\"url\":\"https:\/\/voyage-aventure.com\/blog\/destinations-aventure\/decouvrez-zoe-me-la-voix-suisse-qui-illuminera-leurovision-2025-avec-voyage\/\",\"name\":\"D\u00e9couvrez Zo\u00eb M\u00eb, la voix suisse qui illuminera\",\"isPartOf\":{\"@id\":\"https:\/\/voyage-aventure.com\/blog\/#website\"},\"primaryImageOfPage\":{\"@id\":\"https:\/\/voyage-aventure.com\/blog\/destinations-aventure\/decouvrez-zoe-me-la-voix-suisse-qui-illuminera-leurovision-2025-avec-voyage\/#primaryimage\"},\"image\":{\"@id\":\"https:\/\/voyage-aventure.com\/blog\/destinations-aventure\/decouvrez-zoe-me-la-voix-suisse-qui-illuminera-leurovision-2025-avec-voyage\/#primaryimage\"},\"thumbnailUrl\":\"https:\/\/voyage-aventure.com\/blog\/wp-content\/uploads\/2025\/05\/sdxl-1d135230bbabce55cb335a818b96e449-scaled.png\",\"datePublished\":\"2025-04-07T15:00:36+00:00\",\"description\":\"Son enfance l'a men\u00e9e en Allemagne, mais elle a choisi de s'\u00e9tablir \u00e0 Fribourg depuis 2009. Tr\u00e8s jeune, elle a d\u00e9couvert sa passion pour la musique et a\",\"inLanguage\":\"fr-FR\",\"potentialAction\":[{\"@type\":\"ReadAction\",\"target\":[\"https:\/\/voyage-aventure.com\/blog\/destinations-aventure\/decouvrez-zoe-me-la-voix-suisse-qui-illuminera-leurovision-2025-avec-voyage\/\"]}]},{\"@type\":\"ImageObject\",\"inLanguage\":\"fr-FR\",\"@id\":\"https:\/\/voyage-aventure.com\/blog\/destinations-aventure\/decouvrez-zoe-me-la-voix-suisse-qui-illuminera-leurovision-2025-avec-voyage\/#primaryimage\",\"url\":\"https:\/\/voyage-aventure.com\/blog\/wp-content\/uploads\/2025\/05\/sdxl-1d135230bbabce55cb335a818b96e449-scaled.png\",\"contentUrl\":\"https:\/\/voyage-aventure.com\/blog\/wp-content\/uploads\/2025\/05\/sdxl-1d135230bbabce55cb335a818b96e449-scaled.png\",\"width\":1200,\"height\":500},{\"@type\":\"WebSite\",\"@id\":\"https:\/\/voyage-aventure.com\/blog\/#website\",\"url\":\"https:\/\/voyage-aventure.com\/blog\/\",\"name\":\"voyage-aventure.com\",\"description\":\"Votre passeport pour l\u2019inattendu.\",\"publisher\":{\"@id\":\"https:\/\/voyage-aventure.com\/blog\/#organization\"},\"alternateName\":\"Votre passeport pour l\u2019inattendu.\",\"potentialAction\":[{\"@type\":\"SearchAction\",\"target\":{\"@type\":\"EntryPoint\",\"urlTemplate\":\"https:\/\/voyage-aventure.com\/blog\/?s={search_term_string}\"},\"query-input\":{\"@type\":\"PropertyValueSpecification\",\"valueRequired\":true,\"valueName\":\"search_term_string\"}}],\"inLanguage\":\"fr-FR\"},{\"@type\":\"Organization\",\"@id\":\"https:\/\/voyage-aventure.com\/blog\/#organization\",\"name\":\"Foretsensations.fr\",\"url\":\"https:\/\/voyage-aventure.com\/blog\/\",\"logo\":{\"@type\":\"ImageObject\",\"inLanguage\":\"fr-FR\",\"@id\":\"https:\/\/voyage-aventure.com\/blog\/#\/schema\/logo\/image\/\",\"url\":\"https:\/\/voyage-aventure.com\/blog\/wp-content\/uploads\/2024\/12\/19.png\",\"contentUrl\":\"https:\/\/voyage-aventure.com\/blog\/wp-content\/uploads\/2024\/12\/19.png\",\"width\":512,\"height\":512,\"caption\":\"Foretsensations.fr\"},\"image\":{\"@id\":\"https:\/\/voyage-aventure.com\/blog\/#\/schema\/logo\/image\/\"}},{\"@type\":\"Person\",\"@id\":\"https:\/\/voyage-aventure.com\/blog\/#\/schema\/person\/3c864cdc320801e3db34b663e7e3f816\",\"name\":\"Camille Rouvray\",\"image\":{\"@type\":\"ImageObject\",\"inLanguage\":\"fr-FR\",\"@id\":\"https:\/\/voyage-aventure.com\/blog\/#\/schema\/person\/image\/\",\"url\":\"https:\/\/voyage-aventure.com\/blog\/wp-content\/uploads\/2026\/06\/persona_camille-r-96x96.jpg\",\"contentUrl\":\"https:\/\/voyage-aventure.com\/blog\/wp-content\/uploads\/2026\/06\/persona_camille-r-96x96.jpg\",\"caption\":\"Camille Rouvray\"},\"description\":\"Je voyage et j'\u00e9cris sur le voyage depuis une douzaine d'ann\u00e9es, d'abord en tant que routarde au long cours, puis comme r\u00e9dactrice sp\u00e9cialis\u00e9e. Mon terrain de pr\u00e9dilection, ce sont les circuits organis\u00e9s et l'art de bien pr\u00e9parer un itin\u00e9raire : choix de la saison, dur\u00e9e r\u00e9aliste des \u00e9tapes, budget jour par jour, logement et transport sur place. J'aime aussi raconter les p\u00e9pites urbaines, ces adresses qu'on ne trouve pas dans les guides classiques. Avant de publier un dossier destination, je croise toujours plusieurs sources, je v\u00e9rifie les tarifs et les formalit\u00e9s d'entr\u00e9e \u00e0 jour, et je teste moi-m\u00eame quand je le peux. Mon angle reste pratique avant tout : aider le lecteur \u00e0 partir l'esprit tranquille, sans mauvaise surprise une fois sur place. Je m'attache \u00e0 distinguer le coup de c\u0153ur sinc\u00e8re du simple argument marketing.\",\"sameAs\":[\"https:\/\/camillerouvray.fr\/\"],\"url\":\"https:\/\/voyage-aventure.com\/blog\/auteur\/noname\/\"}]}<\/script>\n<!-- \/ Yoast SEO Premium plugin. -->","yoast_head_json":{"title":"D\u00e9couvrez Zo\u00eb M\u00eb, la voix suisse qui illuminera","description":"Son enfance l'a men\u00e9e en Allemagne, mais elle a choisi de s'\u00e9tablir \u00e0 Fribourg depuis 2009. Tr\u00e8s jeune, elle a d\u00e9couvert sa passion pour la musique et a","robots":{"index":"index","follow":"follow","max-snippet":"max-snippet:-1","max-image-preview":"max-image-preview:large","max-video-preview":"max-video-preview:-1"},"canonical":"https:\/\/voyage-aventure.com\/blog\/destinations-aventure\/decouvrez-zoe-me-la-voix-suisse-qui-illuminera-leurovision-2025-avec-voyage\/","og_locale":"fr_FR","og_type":"article","og_title":"D\u00e9couvrez Zo\u00eb M\u00eb, la voix suisse qui illuminera","og_description":"Son enfance l'a men\u00e9e en Allemagne, mais elle a choisi de s'\u00e9tablir \u00e0 Fribourg depuis 2009. Tr\u00e8s jeune, elle a d\u00e9couvert sa passion pour la musique et a","og_url":"https:\/\/voyage-aventure.com\/blog\/destinations-aventure\/decouvrez-zoe-me-la-voix-suisse-qui-illuminera-leurovision-2025-avec-voyage\/","og_site_name":"voyage-aventure","og_image":[{"width":1200,"height":500,"url":"https:\/\/voyage-aventure.com\/blog\/wp-content\/uploads\/2025\/05\/sdxl-1d135230bbabce55cb335a818b96e449-scaled.png","type":"image\/png"}],"author":"Camille Rouvray","twitter_card":"summary_large_image","schema":{"@context":"https:\/\/schema.org","@graph":[{"@type":"NewsArticle","@id":"https:\/\/voyage-aventure.com\/blog\/destinations-aventure\/decouvrez-zoe-me-la-voix-suisse-qui-illuminera-leurovision-2025-avec-voyage\/#article","isPartOf":{"@id":"https:\/\/voyage-aventure.com\/blog\/destinations-aventure\/decouvrez-zoe-me-la-voix-suisse-qui-illuminera-leurovision-2025-avec-voyage\/"},"author":{"name":"Camille Rouvray","@id":"https:\/\/voyage-aventure.com\/blog\/#\/schema\/person\/3c864cdc320801e3db34b663e7e3f816"},"headline":"D\u00e9couvrez Zo\u00eb M\u00eb, la voix suisse qui illuminera l&rsquo;Eurovision 2025 avec Voyage","datePublished":"2025-04-07T15:00:36+00:00","mainEntityOfPage":{"@id":"https:\/\/voyage-aventure.com\/blog\/destinations-aventure\/decouvrez-zoe-me-la-voix-suisse-qui-illuminera-leurovision-2025-avec-voyage\/"},"wordCount":521,"commentCount":21,"publisher":{"@id":"https:\/\/voyage-aventure.com\/blog\/#organization"},"image":{"@id":"https:\/\/voyage-aventure.com\/blog\/destinations-aventure\/decouvrez-zoe-me-la-voix-suisse-qui-illuminera-leurovision-2025-avec-voyage\/#primaryimage"},"thumbnailUrl":"https:\/\/voyage-aventure.com\/blog\/wp-content\/uploads\/2025\/05\/sdxl-1d135230bbabce55cb335a818b96e449-scaled.png","keywords":["Aventure","D\u00e9couverte Culturelle","\u00c9motions","Exp\u00e9riences","Passion Du Voyage"],"articleSection":["Destinations Aventure"],"inLanguage":"fr-FR","potentialAction":[{"@type":"CommentAction","name":"Comment","target":["https:\/\/voyage-aventure.com\/blog\/destinations-aventure\/decouvrez-zoe-me-la-voix-suisse-qui-illuminera-leurovision-2025-avec-voyage\/#respond"]}]},{"@type":"WebPage","@id":"https:\/\/voyage-aventure.com\/blog\/destinations-aventure\/decouvrez-zoe-me-la-voix-suisse-qui-illuminera-leurovision-2025-avec-voyage\/","url":"https:\/\/voyage-aventure.com\/blog\/destinations-aventure\/decouvrez-zoe-me-la-voix-suisse-qui-illuminera-leurovision-2025-avec-voyage\/","name":"D\u00e9couvrez Zo\u00eb M\u00eb, la voix suisse qui illuminera","isPartOf":{"@id":"https:\/\/voyage-aventure.com\/blog\/#website"},"primaryImageOfPage":{"@id":"https:\/\/voyage-aventure.com\/blog\/destinations-aventure\/decouvrez-zoe-me-la-voix-suisse-qui-illuminera-leurovision-2025-avec-voyage\/#primaryimage"},"image":{"@id":"https:\/\/voyage-aventure.com\/blog\/destinations-aventure\/decouvrez-zoe-me-la-voix-suisse-qui-illuminera-leurovision-2025-avec-voyage\/#primaryimage"},"thumbnailUrl":"https:\/\/voyage-aventure.com\/blog\/wp-content\/uploads\/2025\/05\/sdxl-1d135230bbabce55cb335a818b96e449-scaled.png","datePublished":"2025-04-07T15:00:36+00:00","description":"Son enfance l'a men\u00e9e en Allemagne, mais elle a choisi de s'\u00e9tablir \u00e0 Fribourg depuis 2009. Tr\u00e8s jeune, elle a d\u00e9couvert sa passion pour la musique et a","inLanguage":"fr-FR","potentialAction":[{"@type":"ReadAction","target":["https:\/\/voyage-aventure.com\/blog\/destinations-aventure\/decouvrez-zoe-me-la-voix-suisse-qui-illuminera-leurovision-2025-avec-voyage\/"]}]},{"@type":"ImageObject","inLanguage":"fr-FR","@id":"https:\/\/voyage-aventure.com\/blog\/destinations-aventure\/decouvrez-zoe-me-la-voix-suisse-qui-illuminera-leurovision-2025-avec-voyage\/#primaryimage","url":"https:\/\/voyage-aventure.com\/blog\/wp-content\/uploads\/2025\/05\/sdxl-1d135230bbabce55cb335a818b96e449-scaled.png","contentUrl":"https:\/\/voyage-aventure.com\/blog\/wp-content\/uploads\/2025\/05\/sdxl-1d135230bbabce55cb335a818b96e449-scaled.png","width":1200,"height":500},{"@type":"WebSite","@id":"https:\/\/voyage-aventure.com\/blog\/#website","url":"https:\/\/voyage-aventure.com\/blog\/","name":"voyage-aventure.com","description":"Votre passeport pour l\u2019inattendu.","publisher":{"@id":"https:\/\/voyage-aventure.com\/blog\/#organization"},"alternateName":"Votre passeport pour l\u2019inattendu.","potentialAction":[{"@type":"SearchAction","target":{"@type":"EntryPoint","urlTemplate":"https:\/\/voyage-aventure.com\/blog\/?s={search_term_string}"},"query-input":{"@type":"PropertyValueSpecification","valueRequired":true,"valueName":"search_term_string"}}],"inLanguage":"fr-FR"},{"@type":"Organization","@id":"https:\/\/voyage-aventure.com\/blog\/#organization","name":"Foretsensations.fr","url":"https:\/\/voyage-aventure.com\/blog\/","logo":{"@type":"ImageObject","inLanguage":"fr-FR","@id":"https:\/\/voyage-aventure.com\/blog\/#\/schema\/logo\/image\/","url":"https:\/\/voyage-aventure.com\/blog\/wp-content\/uploads\/2024\/12\/19.png","contentUrl":"https:\/\/voyage-aventure.com\/blog\/wp-content\/uploads\/2024\/12\/19.png","width":512,"height":512,"caption":"Foretsensations.fr"},"image":{"@id":"https:\/\/voyage-aventure.com\/blog\/#\/schema\/logo\/image\/"}},{"@type":"Person","@id":"https:\/\/voyage-aventure.com\/blog\/#\/schema\/person\/3c864cdc320801e3db34b663e7e3f816","name":"Camille Rouvray","image":{"@type":"ImageObject","inLanguage":"fr-FR","@id":"https:\/\/voyage-aventure.com\/blog\/#\/schema\/person\/image\/","url":"https:\/\/voyage-aventure.com\/blog\/wp-content\/uploads\/2026\/06\/persona_camille-r-96x96.jpg","contentUrl":"https:\/\/voyage-aventure.com\/blog\/wp-content\/uploads\/2026\/06\/persona_camille-r-96x96.jpg","caption":"Camille Rouvray"},"description":"Je voyage et j'\u00e9cris sur le voyage depuis une douzaine d'ann\u00e9es, d'abord en tant que routarde au long cours, puis comme r\u00e9dactrice sp\u00e9cialis\u00e9e. Mon terrain de pr\u00e9dilection, ce sont les circuits organis\u00e9s et l'art de bien pr\u00e9parer un itin\u00e9raire : choix de la saison, dur\u00e9e r\u00e9aliste des \u00e9tapes, budget jour par jour, logement et transport sur place. J'aime aussi raconter les p\u00e9pites urbaines, ces adresses qu'on ne trouve pas dans les guides classiques. Avant de publier un dossier destination, je croise toujours plusieurs sources, je v\u00e9rifie les tarifs et les formalit\u00e9s d'entr\u00e9e \u00e0 jour, et je teste moi-m\u00eame quand je le peux. Mon angle reste pratique avant tout : aider le lecteur \u00e0 partir l'esprit tranquille, sans mauvaise surprise une fois sur place. Je m'attache \u00e0 distinguer le coup de c\u0153ur sinc\u00e8re du simple argument marketing.","sameAs":["https:\/\/camillerouvray.fr\/"],"url":"https:\/\/voyage-aventure.com\/blog\/auteur\/noname\/"}]}},"_links":{"self":[{"href":"https:\/\/voyage-aventure.com\/blog\/wp-json\/wp\/v2\/posts\/18521","targetHints":{"allow":["GET"]}}],"collection":[{"href":"https:\/\/voyage-aventure.com\/blog\/wp-json\/wp\/v2\/posts"}],"about":[{"href":"https:\/\/voyage-aventure.com\/blog\/wp-json\/wp\/v2\/types\/post"}],"author":[{"embeddable":true,"href":"https:\/\/voyage-aventure.com\/blog\/wp-json\/wp\/v2\/users\/34"}],"replies":[{"embeddable":true,"href":"https:\/\/voyage-aventure.com\/blog\/wp-json\/wp\/v2\/comments?post=18521"}],"version-history":[{"count":1,"href":"https:\/\/voyage-aventure.com\/blog\/wp-json\/wp\/v2\/posts\/18521\/revisions"}],"predecessor-version":[{"id":18671,"href":"https:\/\/voyage-aventure.com\/blog\/wp-json\/wp\/v2\/posts\/18521\/revisions\/18671"}],"wp:featuredmedia":[{"embeddable":true,"href":"https:\/\/voyage-aventure.com\/blog\/wp-json\/wp\/v2\/media\/20074"}],"wp:attachment":[{"href":"https:\/\/voyage-aventure.com\/blog\/wp-json\/wp\/v2\/media?parent=18521"}],"wp:term":[{"taxonomy":"category","embeddable":true,"href":"https:\/\/voyage-aventure.com\/blog\/wp-json\/wp\/v2\/categories?post=18521"},{"taxonomy":"post_tag","embeddable":true,"href":"https:\/\/voyage-aventure.com\/blog\/wp-json\/wp\/v2\/tags?post=18521"}],"curies":[{"name":"wp","href":"https:\/\/api.w.org\/{rel}","templated":true}]}}