{"id":18501,"date":"2026-06-16T18:02:17","date_gmt":"2026-06-16T16:02:17","guid":{"rendered":"https:\/\/voyage-aventure.com\/blog\/a-la-une\/decouvrir-la-serbie-une-perle-meconnue-du-voyage-en-europe\/"},"modified":"2026-06-16T18:02:17","modified_gmt":"2026-06-16T16:02:17","slug":"decouvrir-la-serbie-une-perle-meconnue-du-voyage-en-europe","status":"publish","type":"post","link":"https:\/\/voyage-aventure.com\/blog\/a-la-une\/decouvrir-la-serbie-une-perle-meconnue-du-voyage-en-europe\/","title":{"rendered":"D\u00e9couvrir la Serbie : une perle m\u00e9connue du voyage en Europe"},"content":{"rendered":"<style>\n.vas-gl-wrap{font-family:'Inter',-apple-system,sans-serif;color:#2b2420;line-height:1.65;font-size:17px}\n.vas-gl-wrap h2{font-family:'Fraunces',Georgia,serif;font-weight:700;font-size:clamp(24px,3.2vw,34px);letter-spacing:-.01em;color:#3a2d22;margin:48px 0 16px}\n.vas-gl-wrap h3{font-family:'Fraunces',Georgia,serif;font-weight:600;font-size:clamp(19px,2.2vw,23px);color:#3a2d22;margin:28px 0 10px}\n.vas-gl-wrap p{margin:0 0 16px}\n.vas-gl-lead{font-size:19px;line-height:1.6;color:#4a3f36;border-left:4px solid #b5532b;padding-left:18px;margin:0 0 30px;font-style:italic}\n.vas-gl-kicker{font-family:'JetBrains Mono',monospace;font-weight:500;font-size:12px;letter-spacing:.14em;text-transform:uppercase;color:#b5532b;display:block;margin-bottom:6px}\n.vas-gl-carnet{background:#fbf4ee;border:1px solid #ecd9c9;border-radius:14px;padding:26px;margin:0 0 34px;box-shadow:0 1px 2px rgba(60,40,20,.05),0 14px 30px -18px rgba(120,60,20,.25)}\n.vas-gl-carnet h2{margin:0 0 18px;font-size:clamp(20px,2.6vw,26px)}\n.vas-gl-grid{display:grid;grid-template-columns:repeat(auto-fit,minmax(180px,1fr));gap:18px}\n.vas-gl-cell{background:#fff;border:1px solid #f0e2d6;border-top:3px solid #b5532b;border-radius:10px;padding:16px 18px;transition:.25s ease}\n.vas-gl-cell:hover{transform:translateY(-3px);box-shadow:0 10px 24px -14px rgba(120,60,20,.4)}\n.vas-gl-cell .vas-gl-lab{font-family:'JetBrains Mono',monospace;font-size:11px;letter-spacing:.1em;text-transform:uppercase;color:#9c7a5e;display:block;margin-bottom:5px}\n.vas-gl-cell .vas-gl-val{font-family:'Fraunces',serif;font-size:17px;font-weight:600;color:#3a2d22;line-height:1.4}\n.vas-gl-cards{display:grid;grid-template-columns:repeat(auto-fit,minmax(250px,1fr));gap:22px;margin:24px 0}\n.vas-gl-card{background:#fff;border:1px solid #ecd9c9;border-radius:14px;padding:22px;transition:.25s ease;box-shadow:0 1px 2px rgba(60,40,20,.05),0 12px 28px -18px rgba(120,60,20,.22)}\n.vas-gl-card:hover{transform:translateY(-3px);box-shadow:0 18px 36px -18px rgba(120,60,20,.38)}\n.vas-gl-card h3{margin:0 0 8px}\n.vas-gl-card .vas-gl-txt{color:#4a3f36;font-size:15.5px;line-height:1.6}\n.vas-gl-card .vas-gl-tip{margin-top:12px;font-family:'JetBrains Mono',monospace;font-size:12.5px;color:#b5532b;border-top:1px dashed #ecd9c9;padding-top:10px}\n.vas-gl-pull{font-family:'Fraunces',serif;font-style:italic;font-size:clamp(20px,2.8vw,26px);color:#7a3a1c;line-height:1.45;border-left:5px solid #b5532b;padding:6px 0 6px 22px;margin:30px 0}\n.vas-gl-table{width:100%;border-collapse:collapse;border-radius:12px;overflow:hidden;border:1px solid #ecd9c9;margin:18px 0;font-size:15px}\n.vas-gl-table th{background:#3a2d22;color:#fbf4ee;text-align:left;padding:12px 14px;font-family:'JetBrains Mono',monospace;font-size:12px;letter-spacing:.06em;text-transform:uppercase}\n.vas-gl-table td{padding:12px 14px;border-top:1px solid #f0e2d6}\n.vas-gl-table tr:nth-child(even) td{background:#fbf6f1}\n.vas-gl-checklist{display:grid;grid-template-columns:repeat(auto-fit,minmax(240px,1fr));gap:18px;margin:24px 0}\n.vas-gl-box{border-radius:12px;padding:20px 22px}\n.vas-gl-box.do{background:#f1f6ee;border:1px solid #d4e3c8}\n.vas-gl-box.avoid{background:#fbf0ec;border:1px solid #f0d3c7}\n.vas-gl-box h3{margin:0 0 12px;font-size:18px}\n.vas-gl-box ul{margin:0;padding-left:20px}\n.vas-gl-box li{margin-bottom:8px;line-height:1.5}\n.vas-gl-retenir{background:#3a2d22;color:#f3e9df;border-radius:14px;padding:26px 28px;margin:40px 0}\n.vas-gl-retenir h2{color:#fbf4ee;margin:0 0 14px}\n.vas-gl-retenir ul{margin:0;padding-left:20px}\n.vas-gl-retenir li{margin-bottom:9px;line-height:1.55}\n.vas-gl-retenir li::marker{color:#e8915f}\n.vas-gl-faq{margin:30px 0}\n.vas-gl-faq details{background:#fbf4ee;border:1px solid #ecd9c9;border-left:4px solid #b5532b;border-radius:10px;padding:14px 18px;margin-bottom:12px;transition:.25s ease}\n.vas-gl-faq details:hover{box-shadow:0 10px 24px -16px rgba(120,60,20,.35)}\n.vas-gl-faq summary{font-family:'Fraunces',serif;font-weight:600;font-size:17.5px;color:#3a2d22;cursor:pointer;list-style:none}\n.vas-gl-faq summary::-webkit-details-marker{display:none}\n.vas-gl-faq summary::before{content:\"+\";color:#b5532b;font-weight:700;margin-right:10px}\n.vas-gl-faq details[open] summary::before{content:\"\u2013\"}\n.vas-gl-faq .vas-gl-ans{margin-top:10px;color:#4a3f36;font-size:15.5px;line-height:1.6}\n@media(max-width:640px){.vas-gl-wrap{font-size:16px}}\n\/*RENDERFIX2*\/.vas-gl-table th{color:#eef3f9!important}.vas-gl-table th p,.vas-gl-table th li,.vas-gl-table th strong,.vas-gl-table th em,.vas-gl-table th a,.vas-gl-table th span,.vas-gl-table th b,.vas-gl-table th td,.vas-gl-table th th,.vas-gl-table th h2,.vas-gl-table th h3,.vas-gl-table th h4{color:#eef3f9!important}.vas-gl-table th strong,.vas-gl-table th b{color:#ffffff!important}.vas-gl-retenir{color:#eef3f9!important}.vas-gl-retenir p,.vas-gl-retenir li,.vas-gl-retenir strong,.vas-gl-retenir em,.vas-gl-retenir a,.vas-gl-retenir span,.vas-gl-retenir b,.vas-gl-retenir td,.vas-gl-retenir th,.vas-gl-retenir h2,.vas-gl-retenir h3,.vas-gl-retenir h4{color:#eef3f9!important}.vas-gl-retenir strong,.vas-gl-retenir b{color:#ffffff!important}<\/style>\n<link rel=\"stylesheet\" href=\"https:\/\/fonts.googleapis.com\/css2?family=Fraunces:opsz,wght@9..144,600..900&#038;family=Inter:wght@400;500;600&#038;family=JetBrains+Mono:wght@500&#038;display=swap\">\n<div class=\"vas-gl-wrap\">\n<div class=\"vas-gl-lead\">Situ\u00e9e au carrefour de l&rsquo;Europe centrale et du sud-est, la Serbie est bien plus qu&rsquo;un simple point sur la carte. Histoire riche, culture vibrante, hospitalit\u00e9 sans pareille : voici un voyage en Serbie qui saura vous surprendre, de Belgrade aux vignobles cach\u00e9s.<\/div>\n<div class=\"vas-gl-carnet\">\n<span class=\"vas-gl-kicker\">Carnet pratique<\/span><\/p>\n<h2>Voyager en Serbie, l&rsquo;essentiel<\/h2>\n<div class=\"vas-gl-grid\">\n<div class=\"vas-gl-cell\"><span class=\"vas-gl-lab\">Quand partir<\/span><span class=\"vas-gl-val\">Id\u00e9al au printemps et \u00e0 l&rsquo;\u00e9t\u00e9<\/span><\/div>\n<div class=\"vas-gl-cell\"><span class=\"vas-gl-lab\">Dur\u00e9e id\u00e9ale<\/span><span class=\"vas-gl-val\">Un long week-end \u00e0 Belgrade, une semaine pour le pays<\/span><\/div>\n<div class=\"vas-gl-cell\"><span class=\"vas-gl-lab\">Point d&rsquo;entr\u00e9e<\/span><span class=\"vas-gl-val\">Belgrade, la capitale<\/span><\/div>\n<div class=\"vas-gl-cell\"><span class=\"vas-gl-lab\">3 incontournables<\/span><span class=\"vas-gl-val\">Forteresse de Belgrade \u00b7 Golubac \u00b7 Novi Sad<\/span><\/div>\n<div class=\"vas-gl-cell\"><span class=\"vas-gl-lab\">\u00c0 ne pas rater<\/span><span class=\"vas-gl-val\">La gastronomie et les bars \u00e0 rakija<\/span><\/div>\n<\/div>\n<\/div>\n<p>Encore peu fr\u00e9quent\u00e9e par le tourisme de masse, la Serbie reste l&rsquo;une des destinations les plus authentiques pour <strong>voyager en Europe<\/strong> hors des sentiers battus. On y vient pour une capitale qui ne dort jamais, des sites antiques m\u00e9connus et une table g\u00e9n\u00e9reuse \u2014 le tout pour un budget doux et une chaleur humaine qui marque durablement.<\/p>\n<h2>Belgrade : une ville au charme intemporel<\/h2>\n<p>Belgrade, la capitale dynamique de la Serbie, est l&rsquo;une des plus anciennes villes d&rsquo;Europe. Sa position strat\u00e9gique \u00e0 la confluence des rivi\u00e8res Sava et Danube en fait un carrefour historique pour le commerce et les \u00e9changes. En fl\u00e2nant dans ses rues, vous d\u00e9couvrirez une ville qui allie harmonieusement le pass\u00e9 et le pr\u00e9sent.<\/p>\n<p>Les visiteurs peuvent explorer des sites historiques comme la forteresse de Belgrade, tout en profitant d&rsquo;un cadre moderne. Les rues pav\u00e9es, les boutiques locales et les caf\u00e9s anim\u00e9s cr\u00e9ent une atmosph\u00e8re chaleureuse o\u00f9 les habitants se croisent et \u00e9changent des sourires. La convivialit\u00e9 de ses habitants est palpable, rendant chaque rencontre m\u00e9morable.<\/p>\n<h3>Que visiter \u00e0 Belgrade ?<\/h3>\n<p>Belgrade se d\u00e9couvre \u00e0 pied, d&rsquo;un quartier \u00e0 l&rsquo;autre. Voici les \u00e9tapes qui structurent une premi\u00e8re visite de la ville.<\/p>\n<div class=\"vas-gl-cards\">\n<div class=\"vas-gl-card\">\n<h3>La forteresse de Belgrade<\/h3>\n<div class=\"vas-gl-txt\">Le c\u0153ur historique de la ville, dress\u00e9 au-dessus de la confluence de la Sava et du Danube.<\/div>\n<div class=\"vas-gl-tip\">Vue imprenable sur les deux rivi\u00e8res<\/div>\n<\/div>\n<div class=\"vas-gl-card\">\n<h3>Les rues pav\u00e9es du centre<\/h3>\n<div class=\"vas-gl-txt\">Boutiques locales, caf\u00e9s anim\u00e9s et terrasses o\u00f9 se croisent les habitants : l&rsquo;\u00e2me conviviale de Belgrade.<\/div>\n<div class=\"vas-gl-tip\">Le meilleur endroit pour ressentir l&rsquo;ambiance<\/div>\n<\/div>\n<div class=\"vas-gl-card\">\n<h3>Les bars \u00e0 rakija<\/h3>\n<div class=\"vas-gl-txt\">La sc\u00e8ne nocturne de la capitale, o\u00f9 l&rsquo;on savoure l&rsquo;eau-de-vie de fruits typiquement serbe.<\/div>\n<div class=\"vas-gl-tip\">L&rsquo;exp\u00e9rience locale par excellence<\/div>\n<\/div>\n<\/div>\n<div class=\"vas-gl-pull\">\u00ab Nous sommes de bonnes personnes ! \u00bb a assur\u00e9 ma guide serbe, Bojana Sestovic, en me souhaitant la bienvenue.<\/div>\n<h2>Une histoire riche et fascinante<\/h2>\n<p>La Serbie poss\u00e8de une histoire qui remonte \u00e0 la pr\u00e9histoire, avec des traces d&rsquo;occupation humaine datant de 12 000 ans. Des sites arch\u00e9ologiques comme Lepenski Vir et Viminacium t\u00e9moignent de l&rsquo;importance de cette r\u00e9gion \u00e0 travers les \u00e2ges. Ces vestiges offrent un aper\u00e7u fascinant de la vie \u00e0 l&rsquo;\u00e9poque romaine et des cultures qui l&rsquo;ont pr\u00e9c\u00e9d\u00e9e.<\/p>\n<p>Ne manquez pas de visiter la forteresse de Golubac, perch\u00e9e majestueusement \u00e0 l&rsquo;entr\u00e9e du canyon de la Porte de Fer. Cet \u00e9difice m\u00e9di\u00e9val, r\u00e9cemment restaur\u00e9, est un symbole du patrimoine culturel serbe et une porte d&rsquo;entr\u00e9e vers des paysages \u00e9poustouflants. Chaque pierre de ces sites raconte une histoire qui m\u00e9rite d&rsquo;\u00eatre entendue.<\/p>\n<p><iframe loading=\"lazy\" title=\"DESTINATION FRANCOPHONIE - DESTINATION SERBIE 2\" width=\"1200\" height=\"675\" src=\"https:\/\/www.youtube.com\/embed\/HRW9AfXw_C8?feature=oembed\" frameborder=\"0\" allow=\"accelerometer; autoplay; clipboard-write; encrypted-media; gyroscope; picture-in-picture; web-share\" referrerpolicy=\"strict-origin-when-cross-origin\" allowfullscreen><\/iframe><\/p>\n<h2>La gastronomie serbe : un festin pour les sens<\/h2>\n<p>La cuisine serbe est un v\u00e9ritable reflet de son histoire et de sa culture. Les plats traditionnels, souvent pr\u00e9par\u00e9s avec des ingr\u00e9dients locaux, sont savoureux et g\u00e9n\u00e9reux. Une visite \u00e0 des restaurants embl\u00e9matiques comme Manufaktura et Dva Jelena vous plongera dans l&rsquo;univers culinaire serbe.<\/p>\n<p>Ne partez pas sans go\u00fbter aux sp\u00e9cialit\u00e9s locales telles que le sarma (chou farci) et le \u0107evapi (saucisses grill\u00e9es). La sc\u00e8ne gastronomique de Belgrade est \u00e9galement anim\u00e9e par des bars \u00e0 rakija, o\u00f9 vous pouvez savourer cette eau-de-vie de fruits typiquement serbe. Et pour une exp\u00e9rience inoubliable, le restaurant Lorenzo &amp; Kakalamba se distingue par son ambiance unique et son d\u00e9cor extravagant.<\/p>\n<h2>Des aventures au-del\u00e0 de la capitale<\/h2>\n<p>La Serbie ne se limite pas \u00e0 Belgrade. Des villes comme Novi Sad et Sremski Karlovci offrent un aper\u00e7u encore plus riche de la culture serbe. Novi Sad, avec son c\u00e9l\u00e8bre festival de musique EXIT, est r\u00e9put\u00e9e pour son ambiance artistique et son architecture captivante, notamment la forteresse de Petrovaradin.<\/p>\n<p>Sremski Karlovci, \u00e0 proximit\u00e9, est renomm\u00e9e pour ses traditions viticoles. Vous pourrez y d\u00e9guster des vins d\u00e9licieux, comme le Bermet, tout en admirant les paysages pittoresques de la r\u00e9gion. Ces excursions sont id\u00e9ales pour ceux qui souhaitent s&rsquo;aventurer en dehors des sentiers battus et d\u00e9couvrir les tr\u00e9sors cach\u00e9s de la Serbie pendant vos vacances en Serbie.<\/p>\n<h2>Conseils pratiques pour votre voyage en Serbie<\/h2>\n<h3>Quels papiers pour se rendre en Serbie ?<\/h3>\n<p>Avant de boucler vos valises, v\u00e9rifiez les conditions d&rsquo;entr\u00e9e aupr\u00e8s des sources officielles : les formalit\u00e9s d\u00e9pendent de votre nationalit\u00e9 et de la dur\u00e9e de votre s\u00e9jour. Pensez \u00e0 voyager avec un document d&rsquo;identit\u00e9 ou un passeport en cours de validit\u00e9, et renseignez-vous sur les \u00e9ventuelles assurances voyage recommand\u00e9es. En cas de doute, l&rsquo;ambassade ou le consulat de Serbie reste la r\u00e9f\u00e9rence \u00e0 jour.<\/p>\n<div class=\"vas-gl-checklist\">\n<div class=\"vas-gl-box do\">\n<h3>\u00c0 faire<\/h3>\n<ul>\n<li>Pr\u00e9voir au moins un long week-end \u00e0 Belgrade<\/li>\n<li>Sortir de la capitale vers Novi Sad et Sremski Karlovci<\/li>\n<li>Go\u00fbter le sarma, le \u0107evapi et la rakija<\/li>\n<li>V\u00e9rifier vos papiers aupr\u00e8s des sources officielles<\/li>\n<\/ul>\n<\/div>\n<div class=\"vas-gl-box avoid\">\n<h3>\u00c0 \u00e9viter<\/h3>\n<ul>\n<li>R\u00e9sumer le pays \u00e0 sa seule capitale<\/li>\n<li>N\u00e9gliger les sites antiques comme Lepenski Vir<\/li>\n<li>Partir sans avoir v\u00e9rifi\u00e9 vos formalit\u00e9s d&rsquo;entr\u00e9e<\/li>\n<li>Bouder les tavernes et l&rsquo;hospitalit\u00e9 locale<\/li>\n<\/ul>\n<\/div>\n<\/div>\n<div class=\"vas-gl-retenir\">\n<h2>\u00c0 retenir<\/h2>\n<ul>\n<li>Visitez Belgrade, la capitale pleine de vie et d&rsquo;histoire.<\/li>\n<li>Explorez les sites arch\u00e9ologiques remarquables comme Lepenski Vir.<\/li>\n<li>D\u00e9gustez des plats traditionnels dans des restaurants historiques.<\/li>\n<li>D\u00e9couvrez la forteresse de Golubac et ses paysages environnants.<\/li>\n<li>Impr\u00e9gnez-vous de la culture locale \u00e0 travers ses tavernes et bars.<\/li>\n<\/ul>\n<\/div>\n<p>En r\u00e9sum\u00e9, la Serbie est une destination de voyage \u00e0 explorer absolument. Son histoire fascinante, sa culture vibrante et sa cuisine d\u00e9licieuse en font un endroit incontournable pour tout amoureux de voyages. N&rsquo;attendez plus pour d\u00e9couvrir tout ce que ce pays a \u00e0 offrir.<\/p>\n<div class=\"vas-gl-faq\">\n<details>\n<summary>Pourquoi visiter la Serbie ?<\/summary>\n<div class=\"vas-gl-ans\">Pour son histoire qui remonte \u00e0 la pr\u00e9histoire, sa capitale dynamique, sa gastronomie g\u00e9n\u00e9reuse et l&rsquo;hospitalit\u00e9 sans pareille de ses habitants. C&rsquo;est une perle encore m\u00e9connue du voyage en Europe, parfaite pour qui cherche l&rsquo;authenticit\u00e9 hors des sentiers battus.<\/div>\n<\/details>\n<details>\n<summary>Quelle est la plus belle ville de Serbie ?<\/summary>\n<div class=\"vas-gl-ans\">Belgrade, la capitale, s\u00e9duit par son charme intemporel \u00e0 la confluence de la Sava et du Danube : forteresse historique, rues pav\u00e9es, caf\u00e9s anim\u00e9s et vie nocturne. Novi Sad, avec sa forteresse de Petrovaradin et son festival EXIT, est une magnifique alternative.<\/div>\n<\/details>\n<details>\n<summary>Quels papiers pour se rendre en Serbie ?<\/summary>\n<div class=\"vas-gl-ans\">Les formalit\u00e9s d\u00e9pendent de votre nationalit\u00e9 et de la dur\u00e9e du s\u00e9jour. Voyagez avec un document d&rsquo;identit\u00e9 ou un passeport valide et v\u00e9rifiez les conditions d&rsquo;entr\u00e9e \u00e0 jour aupr\u00e8s de l&rsquo;ambassade, du consulat de Serbie ou des sources officielles avant le d\u00e9part.<\/div>\n<\/details>\n<details>\n<summary>Que visiter \u00e0 Belgrade ?<\/summary>\n<div class=\"vas-gl-ans\">La forteresse de Belgrade et sa vue sur les deux rivi\u00e8res, les rues pav\u00e9es du centre avec ses boutiques et caf\u00e9s, et les bars \u00e0 rakija pour go\u00fbter \u00e0 l&rsquo;ambiance locale. C\u00f4t\u00e9 table, les restaurants embl\u00e9matiques comme Manufaktura et Dva Jelena valent le d\u00e9tour.<\/div>\n<\/details>\n<\/div>\n<\/div>\n","protected":false},"excerpt":{"rendered":"","protected":false},"author":34,"featured_media":20103,"comment_status":"open","ping_status":"open","sticky":false,"template":"","format":"standard","meta":{"_acf_changed":false,"manual_indexmenow":false,"indexmenow_id_project":0,"footnotes":""},"categories":[1],"tags":[4639,4527,4530,4535,4769],"class_list":["post-18501","post","type-post","status-publish","format-standard","has-post-thumbnail","hentry","category-a-la-une","tag-aventure","tag-decouverte-culturelle","tag-escapade-en-europe","tag-gastronomie-locale","tag-immersion-culturelle","generate-columns","tablet-grid-50","mobile-grid-100","grid-parent","grid-25"],"acf":[],"yoast_head":"<!-- This site is optimized with the Yoast SEO Premium plugin v21.3 (Yoast SEO v25.1) - https:\/\/yoast.com\/wordpress\/plugins\/seo\/ -->\n<title>D\u00e9couvrir la Serbie : une perle m\u00e9connue du voyage en Europe<\/title>\n<meta name=\"description\" content=\"Situ\u00e9e au carrefour de l&#039;Europe centrale et du sud-est, la Serbie est bien plus qu&#039;un simple point sur la carte. Histoire riche, culture vibrante\" \/>\n<meta name=\"robots\" content=\"index, follow, max-snippet:-1, max-image-preview:large, max-video-preview:-1\" \/>\n<link rel=\"canonical\" href=\"https:\/\/voyage-aventure.com\/blog\/a-la-une\/decouvrir-la-serbie-une-perle-meconnue-du-voyage-en-europe\/\" \/>\n<meta property=\"og:locale\" content=\"fr_FR\" \/>\n<meta property=\"og:type\" content=\"article\" \/>\n<meta property=\"og:title\" content=\"D\u00e9couvrir la Serbie : une perle m\u00e9connue du voyage en Europe\" \/>\n<meta property=\"og:description\" content=\"Situ\u00e9e au carrefour de l&#039;Europe centrale et du sud-est, la Serbie est bien plus qu&#039;un simple point sur la carte. Histoire riche, culture vibrante\" \/>\n<meta property=\"og:url\" content=\"https:\/\/voyage-aventure.com\/blog\/a-la-une\/decouvrir-la-serbie-une-perle-meconnue-du-voyage-en-europe\/\" \/>\n<meta property=\"og:site_name\" content=\"voyage-aventure\" \/>\n<meta property=\"og:image\" content=\"https:\/\/voyage-aventure.com\/blog\/wp-content\/uploads\/2025\/05\/sdxl-95983cb6a6b21d4891d1fa9ed75c8b9e-scaled.png\" \/>\n\t<meta property=\"og:image:width\" content=\"1200\" \/>\n\t<meta property=\"og:image:height\" content=\"500\" \/>\n\t<meta property=\"og:image:type\" content=\"image\/png\" \/>\n<meta name=\"author\" content=\"Camille Rouvray\" \/>\n<meta name=\"twitter:card\" content=\"summary_large_image\" \/>\n<script type=\"application\/ld+json\" class=\"yoast-schema-graph\">{\"@context\":\"https:\/\/schema.org\",\"@graph\":[{\"@type\":\"NewsArticle\",\"@id\":\"https:\/\/voyage-aventure.com\/blog\/a-la-une\/decouvrir-la-serbie-une-perle-meconnue-du-voyage-en-europe\/#article\",\"isPartOf\":{\"@id\":\"https:\/\/voyage-aventure.com\/blog\/a-la-une\/decouvrir-la-serbie-une-perle-meconnue-du-voyage-en-europe\/\"},\"author\":{\"name\":\"Camille Rouvray\",\"@id\":\"https:\/\/voyage-aventure.com\/blog\/#\/schema\/person\/3c864cdc320801e3db34b663e7e3f816\"},\"headline\":\"D\u00e9couvrir la Serbie : une perle m\u00e9connue du voyage en Europe\",\"datePublished\":\"2026-06-16T16:02:17+00:00\",\"mainEntityOfPage\":{\"@id\":\"https:\/\/voyage-aventure.com\/blog\/a-la-une\/decouvrir-la-serbie-une-perle-meconnue-du-voyage-en-europe\/\"},\"wordCount\":1279,\"commentCount\":20,\"publisher\":{\"@id\":\"https:\/\/voyage-aventure.com\/blog\/#organization\"},\"image\":{\"@id\":\"https:\/\/voyage-aventure.com\/blog\/a-la-une\/decouvrir-la-serbie-une-perle-meconnue-du-voyage-en-europe\/#primaryimage\"},\"thumbnailUrl\":\"https:\/\/voyage-aventure.com\/blog\/wp-content\/uploads\/2025\/05\/sdxl-95983cb6a6b21d4891d1fa9ed75c8b9e-scaled.png\",\"keywords\":[\"Aventure\",\"D\u00e9couverte Culturelle\",\"Escapade en Europe\",\"Gastronomie Locale\",\"Immersion Culturelle\"],\"articleSection\":[\"\u00c0 la une\"],\"inLanguage\":\"fr-FR\",\"potentialAction\":[{\"@type\":\"CommentAction\",\"name\":\"Comment\",\"target\":[\"https:\/\/voyage-aventure.com\/blog\/a-la-une\/decouvrir-la-serbie-une-perle-meconnue-du-voyage-en-europe\/#respond\"]}]},{\"@type\":\"WebPage\",\"@id\":\"https:\/\/voyage-aventure.com\/blog\/a-la-une\/decouvrir-la-serbie-une-perle-meconnue-du-voyage-en-europe\/\",\"url\":\"https:\/\/voyage-aventure.com\/blog\/a-la-une\/decouvrir-la-serbie-une-perle-meconnue-du-voyage-en-europe\/\",\"name\":\"D\u00e9couvrir la Serbie : une perle m\u00e9connue du voyage en Europe\",\"isPartOf\":{\"@id\":\"https:\/\/voyage-aventure.com\/blog\/#website\"},\"primaryImageOfPage\":{\"@id\":\"https:\/\/voyage-aventure.com\/blog\/a-la-une\/decouvrir-la-serbie-une-perle-meconnue-du-voyage-en-europe\/#primaryimage\"},\"image\":{\"@id\":\"https:\/\/voyage-aventure.com\/blog\/a-la-une\/decouvrir-la-serbie-une-perle-meconnue-du-voyage-en-europe\/#primaryimage\"},\"thumbnailUrl\":\"https:\/\/voyage-aventure.com\/blog\/wp-content\/uploads\/2025\/05\/sdxl-95983cb6a6b21d4891d1fa9ed75c8b9e-scaled.png\",\"datePublished\":\"2026-06-16T16:02:17+00:00\",\"description\":\"Situ\u00e9e au carrefour de l'Europe centrale et du sud-est, la Serbie est bien plus qu'un simple point sur la carte. Histoire riche, culture vibrante\",\"inLanguage\":\"fr-FR\",\"potentialAction\":[{\"@type\":\"ReadAction\",\"target\":[\"https:\/\/voyage-aventure.com\/blog\/a-la-une\/decouvrir-la-serbie-une-perle-meconnue-du-voyage-en-europe\/\"]}]},{\"@type\":\"ImageObject\",\"inLanguage\":\"fr-FR\",\"@id\":\"https:\/\/voyage-aventure.com\/blog\/a-la-une\/decouvrir-la-serbie-une-perle-meconnue-du-voyage-en-europe\/#primaryimage\",\"url\":\"https:\/\/voyage-aventure.com\/blog\/wp-content\/uploads\/2025\/05\/sdxl-95983cb6a6b21d4891d1fa9ed75c8b9e-scaled.png\",\"contentUrl\":\"https:\/\/voyage-aventure.com\/blog\/wp-content\/uploads\/2025\/05\/sdxl-95983cb6a6b21d4891d1fa9ed75c8b9e-scaled.png\",\"width\":1200,\"height\":500},{\"@type\":\"WebSite\",\"@id\":\"https:\/\/voyage-aventure.com\/blog\/#website\",\"url\":\"https:\/\/voyage-aventure.com\/blog\/\",\"name\":\"voyage-aventure.com\",\"description\":\"Votre passeport pour l\u2019inattendu.\",\"publisher\":{\"@id\":\"https:\/\/voyage-aventure.com\/blog\/#organization\"},\"alternateName\":\"Votre passeport pour l\u2019inattendu.\",\"potentialAction\":[{\"@type\":\"SearchAction\",\"target\":{\"@type\":\"EntryPoint\",\"urlTemplate\":\"https:\/\/voyage-aventure.com\/blog\/?s={search_term_string}\"},\"query-input\":{\"@type\":\"PropertyValueSpecification\",\"valueRequired\":true,\"valueName\":\"search_term_string\"}}],\"inLanguage\":\"fr-FR\"},{\"@type\":\"Organization\",\"@id\":\"https:\/\/voyage-aventure.com\/blog\/#organization\",\"name\":\"Foretsensations.fr\",\"url\":\"https:\/\/voyage-aventure.com\/blog\/\",\"logo\":{\"@type\":\"ImageObject\",\"inLanguage\":\"fr-FR\",\"@id\":\"https:\/\/voyage-aventure.com\/blog\/#\/schema\/logo\/image\/\",\"url\":\"https:\/\/voyage-aventure.com\/blog\/wp-content\/uploads\/2024\/12\/19.png\",\"contentUrl\":\"https:\/\/voyage-aventure.com\/blog\/wp-content\/uploads\/2024\/12\/19.png\",\"width\":512,\"height\":512,\"caption\":\"Foretsensations.fr\"},\"image\":{\"@id\":\"https:\/\/voyage-aventure.com\/blog\/#\/schema\/logo\/image\/\"}},{\"@type\":\"Person\",\"@id\":\"https:\/\/voyage-aventure.com\/blog\/#\/schema\/person\/3c864cdc320801e3db34b663e7e3f816\",\"name\":\"Camille Rouvray\",\"image\":{\"@type\":\"ImageObject\",\"inLanguage\":\"fr-FR\",\"@id\":\"https:\/\/voyage-aventure.com\/blog\/#\/schema\/person\/image\/\",\"url\":\"https:\/\/voyage-aventure.com\/blog\/wp-content\/uploads\/2026\/06\/persona_camille-r-96x96.jpg\",\"contentUrl\":\"https:\/\/voyage-aventure.com\/blog\/wp-content\/uploads\/2026\/06\/persona_camille-r-96x96.jpg\",\"caption\":\"Camille Rouvray\"},\"description\":\"Je voyage et j'\u00e9cris sur le voyage depuis une douzaine d'ann\u00e9es, d'abord en tant que routarde au long cours, puis comme r\u00e9dactrice sp\u00e9cialis\u00e9e. Mon terrain de pr\u00e9dilection, ce sont les circuits organis\u00e9s et l'art de bien pr\u00e9parer un itin\u00e9raire : choix de la saison, dur\u00e9e r\u00e9aliste des \u00e9tapes, budget jour par jour, logement et transport sur place. J'aime aussi raconter les p\u00e9pites urbaines, ces adresses qu'on ne trouve pas dans les guides classiques. Avant de publier un dossier destination, je croise toujours plusieurs sources, je v\u00e9rifie les tarifs et les formalit\u00e9s d'entr\u00e9e \u00e0 jour, et je teste moi-m\u00eame quand je le peux. Mon angle reste pratique avant tout : aider le lecteur \u00e0 partir l'esprit tranquille, sans mauvaise surprise une fois sur place. Je m'attache \u00e0 distinguer le coup de c\u0153ur sinc\u00e8re du simple argument marketing.\",\"sameAs\":[\"https:\/\/camillerouvray.fr\/\"],\"url\":\"https:\/\/voyage-aventure.com\/blog\/auteur\/noname\/\"}]}<\/script>\n<!-- \/ Yoast SEO Premium plugin. -->","yoast_head_json":{"title":"D\u00e9couvrir la Serbie : une perle m\u00e9connue du voyage en Europe","description":"Situ\u00e9e au carrefour de l'Europe centrale et du sud-est, la Serbie est bien plus qu'un simple point sur la carte. Histoire riche, culture vibrante","robots":{"index":"index","follow":"follow","max-snippet":"max-snippet:-1","max-image-preview":"max-image-preview:large","max-video-preview":"max-video-preview:-1"},"canonical":"https:\/\/voyage-aventure.com\/blog\/a-la-une\/decouvrir-la-serbie-une-perle-meconnue-du-voyage-en-europe\/","og_locale":"fr_FR","og_type":"article","og_title":"D\u00e9couvrir la Serbie : une perle m\u00e9connue du voyage en Europe","og_description":"Situ\u00e9e au carrefour de l'Europe centrale et du sud-est, la Serbie est bien plus qu'un simple point sur la carte. Histoire riche, culture vibrante","og_url":"https:\/\/voyage-aventure.com\/blog\/a-la-une\/decouvrir-la-serbie-une-perle-meconnue-du-voyage-en-europe\/","og_site_name":"voyage-aventure","og_image":[{"width":1200,"height":500,"url":"https:\/\/voyage-aventure.com\/blog\/wp-content\/uploads\/2025\/05\/sdxl-95983cb6a6b21d4891d1fa9ed75c8b9e-scaled.png","type":"image\/png"}],"author":"Camille Rouvray","twitter_card":"summary_large_image","schema":{"@context":"https:\/\/schema.org","@graph":[{"@type":"NewsArticle","@id":"https:\/\/voyage-aventure.com\/blog\/a-la-une\/decouvrir-la-serbie-une-perle-meconnue-du-voyage-en-europe\/#article","isPartOf":{"@id":"https:\/\/voyage-aventure.com\/blog\/a-la-une\/decouvrir-la-serbie-une-perle-meconnue-du-voyage-en-europe\/"},"author":{"name":"Camille Rouvray","@id":"https:\/\/voyage-aventure.com\/blog\/#\/schema\/person\/3c864cdc320801e3db34b663e7e3f816"},"headline":"D\u00e9couvrir la Serbie : une perle m\u00e9connue du voyage en Europe","datePublished":"2026-06-16T16:02:17+00:00","mainEntityOfPage":{"@id":"https:\/\/voyage-aventure.com\/blog\/a-la-une\/decouvrir-la-serbie-une-perle-meconnue-du-voyage-en-europe\/"},"wordCount":1279,"commentCount":20,"publisher":{"@id":"https:\/\/voyage-aventure.com\/blog\/#organization"},"image":{"@id":"https:\/\/voyage-aventure.com\/blog\/a-la-une\/decouvrir-la-serbie-une-perle-meconnue-du-voyage-en-europe\/#primaryimage"},"thumbnailUrl":"https:\/\/voyage-aventure.com\/blog\/wp-content\/uploads\/2025\/05\/sdxl-95983cb6a6b21d4891d1fa9ed75c8b9e-scaled.png","keywords":["Aventure","D\u00e9couverte Culturelle","Escapade en Europe","Gastronomie Locale","Immersion Culturelle"],"articleSection":["\u00c0 la une"],"inLanguage":"fr-FR","potentialAction":[{"@type":"CommentAction","name":"Comment","target":["https:\/\/voyage-aventure.com\/blog\/a-la-une\/decouvrir-la-serbie-une-perle-meconnue-du-voyage-en-europe\/#respond"]}]},{"@type":"WebPage","@id":"https:\/\/voyage-aventure.com\/blog\/a-la-une\/decouvrir-la-serbie-une-perle-meconnue-du-voyage-en-europe\/","url":"https:\/\/voyage-aventure.com\/blog\/a-la-une\/decouvrir-la-serbie-une-perle-meconnue-du-voyage-en-europe\/","name":"D\u00e9couvrir la Serbie : une perle m\u00e9connue du voyage en Europe","isPartOf":{"@id":"https:\/\/voyage-aventure.com\/blog\/#website"},"primaryImageOfPage":{"@id":"https:\/\/voyage-aventure.com\/blog\/a-la-une\/decouvrir-la-serbie-une-perle-meconnue-du-voyage-en-europe\/#primaryimage"},"image":{"@id":"https:\/\/voyage-aventure.com\/blog\/a-la-une\/decouvrir-la-serbie-une-perle-meconnue-du-voyage-en-europe\/#primaryimage"},"thumbnailUrl":"https:\/\/voyage-aventure.com\/blog\/wp-content\/uploads\/2025\/05\/sdxl-95983cb6a6b21d4891d1fa9ed75c8b9e-scaled.png","datePublished":"2026-06-16T16:02:17+00:00","description":"Situ\u00e9e au carrefour de l'Europe centrale et du sud-est, la Serbie est bien plus qu'un simple point sur la carte. Histoire riche, culture vibrante","inLanguage":"fr-FR","potentialAction":[{"@type":"ReadAction","target":["https:\/\/voyage-aventure.com\/blog\/a-la-une\/decouvrir-la-serbie-une-perle-meconnue-du-voyage-en-europe\/"]}]},{"@type":"ImageObject","inLanguage":"fr-FR","@id":"https:\/\/voyage-aventure.com\/blog\/a-la-une\/decouvrir-la-serbie-une-perle-meconnue-du-voyage-en-europe\/#primaryimage","url":"https:\/\/voyage-aventure.com\/blog\/wp-content\/uploads\/2025\/05\/sdxl-95983cb6a6b21d4891d1fa9ed75c8b9e-scaled.png","contentUrl":"https:\/\/voyage-aventure.com\/blog\/wp-content\/uploads\/2025\/05\/sdxl-95983cb6a6b21d4891d1fa9ed75c8b9e-scaled.png","width":1200,"height":500},{"@type":"WebSite","@id":"https:\/\/voyage-aventure.com\/blog\/#website","url":"https:\/\/voyage-aventure.com\/blog\/","name":"voyage-aventure.com","description":"Votre passeport pour l\u2019inattendu.","publisher":{"@id":"https:\/\/voyage-aventure.com\/blog\/#organization"},"alternateName":"Votre passeport pour l\u2019inattendu.","potentialAction":[{"@type":"SearchAction","target":{"@type":"EntryPoint","urlTemplate":"https:\/\/voyage-aventure.com\/blog\/?s={search_term_string}"},"query-input":{"@type":"PropertyValueSpecification","valueRequired":true,"valueName":"search_term_string"}}],"inLanguage":"fr-FR"},{"@type":"Organization","@id":"https:\/\/voyage-aventure.com\/blog\/#organization","name":"Foretsensations.fr","url":"https:\/\/voyage-aventure.com\/blog\/","logo":{"@type":"ImageObject","inLanguage":"fr-FR","@id":"https:\/\/voyage-aventure.com\/blog\/#\/schema\/logo\/image\/","url":"https:\/\/voyage-aventure.com\/blog\/wp-content\/uploads\/2024\/12\/19.png","contentUrl":"https:\/\/voyage-aventure.com\/blog\/wp-content\/uploads\/2024\/12\/19.png","width":512,"height":512,"caption":"Foretsensations.fr"},"image":{"@id":"https:\/\/voyage-aventure.com\/blog\/#\/schema\/logo\/image\/"}},{"@type":"Person","@id":"https:\/\/voyage-aventure.com\/blog\/#\/schema\/person\/3c864cdc320801e3db34b663e7e3f816","name":"Camille Rouvray","image":{"@type":"ImageObject","inLanguage":"fr-FR","@id":"https:\/\/voyage-aventure.com\/blog\/#\/schema\/person\/image\/","url":"https:\/\/voyage-aventure.com\/blog\/wp-content\/uploads\/2026\/06\/persona_camille-r-96x96.jpg","contentUrl":"https:\/\/voyage-aventure.com\/blog\/wp-content\/uploads\/2026\/06\/persona_camille-r-96x96.jpg","caption":"Camille Rouvray"},"description":"Je voyage et j'\u00e9cris sur le voyage depuis une douzaine d'ann\u00e9es, d'abord en tant que routarde au long cours, puis comme r\u00e9dactrice sp\u00e9cialis\u00e9e. Mon terrain de pr\u00e9dilection, ce sont les circuits organis\u00e9s et l'art de bien pr\u00e9parer un itin\u00e9raire : choix de la saison, dur\u00e9e r\u00e9aliste des \u00e9tapes, budget jour par jour, logement et transport sur place. J'aime aussi raconter les p\u00e9pites urbaines, ces adresses qu'on ne trouve pas dans les guides classiques. Avant de publier un dossier destination, je croise toujours plusieurs sources, je v\u00e9rifie les tarifs et les formalit\u00e9s d'entr\u00e9e \u00e0 jour, et je teste moi-m\u00eame quand je le peux. Mon angle reste pratique avant tout : aider le lecteur \u00e0 partir l'esprit tranquille, sans mauvaise surprise une fois sur place. Je m'attache \u00e0 distinguer le coup de c\u0153ur sinc\u00e8re du simple argument marketing.","sameAs":["https:\/\/camillerouvray.fr\/"],"url":"https:\/\/voyage-aventure.com\/blog\/auteur\/noname\/"}]}},"_links":{"self":[{"href":"https:\/\/voyage-aventure.com\/blog\/wp-json\/wp\/v2\/posts\/18501","targetHints":{"allow":["GET"]}}],"collection":[{"href":"https:\/\/voyage-aventure.com\/blog\/wp-json\/wp\/v2\/posts"}],"about":[{"href":"https:\/\/voyage-aventure.com\/blog\/wp-json\/wp\/v2\/types\/post"}],"author":[{"embeddable":true,"href":"https:\/\/voyage-aventure.com\/blog\/wp-json\/wp\/v2\/users\/34"}],"replies":[{"embeddable":true,"href":"https:\/\/voyage-aventure.com\/blog\/wp-json\/wp\/v2\/comments?post=18501"}],"version-history":[{"count":2,"href":"https:\/\/voyage-aventure.com\/blog\/wp-json\/wp\/v2\/posts\/18501\/revisions"}],"predecessor-version":[{"id":23102,"href":"https:\/\/voyage-aventure.com\/blog\/wp-json\/wp\/v2\/posts\/18501\/revisions\/23102"}],"wp:featuredmedia":[{"embeddable":true,"href":"https:\/\/voyage-aventure.com\/blog\/wp-json\/wp\/v2\/media\/20103"}],"wp:attachment":[{"href":"https:\/\/voyage-aventure.com\/blog\/wp-json\/wp\/v2\/media?parent=18501"}],"wp:term":[{"taxonomy":"category","embeddable":true,"href":"https:\/\/voyage-aventure.com\/blog\/wp-json\/wp\/v2\/categories?post=18501"},{"taxonomy":"post_tag","embeddable":true,"href":"https:\/\/voyage-aventure.com\/blog\/wp-json\/wp\/v2\/tags?post=18501"}],"curies":[{"name":"wp","href":"https:\/\/api.w.org\/{rel}","templated":true}]}}