{"id":18499,"date":"2025-04-04T23:14:53","date_gmt":"2025-04-04T21:14:53","guid":{"rendered":"https:\/\/voyage-aventure.com\/blog\/?p=18499"},"modified":"2025-04-04T18:25:57","modified_gmt":"2025-04-04T16:25:57","slug":"canadiens-invites-a-voyager-avec-des-telephones-jetables-lors-de-leurs-visites-aux-etats-unis","status":"publish","type":"post","link":"https:\/\/voyage-aventure.com\/blog\/a-la-une\/canadiens-invites-a-voyager-avec-des-telephones-jetables-lors-de-leurs-visites-aux-etats-unis\/","title":{"rendered":"canadiens invit\u00e9s \u00e0 voyager avec des t\u00e9l\u00e9phones jetables lors de leurs visites aux \u00c9tats-Unis"},"content":{"rendered":"<h2>La mont\u00e9e des tensions entre le Canada et les \u00c9tats-Unis<\/h2>\n<p>Ces mesures ont suscit\u00e9 des inqui\u00e9tudes parmi les Canadiens, qui se sentent de plus en plus comme des cibles potentielles lors de leurs voyages. En parall\u00e8le, les avis de s\u00e9curit\u00e9 en mati\u00e8re de voyage ont \u00e9t\u00e9 ajust\u00e9s, incitant les Canadiens \u00e0 prendre des pr\u00e9cautions suppl\u00e9mentaires.<\/p>\n<p>Des avocats sp\u00e9cialis\u00e9s en immigration sugg\u00e8rent aux Canadiens de voyager avec des t\u00e9l\u00e9phones jetables, souvent appel\u00e9s \u00ab\u00a0burner phones\u00a0\u00bb. Cette recommandation fait suite \u00e0 des rapports selon lesquels des voyageurs ont subi des fouilles de leurs appareils \u00e9lectroniques \u00e0 la fronti\u00e8re, suscitant des craintes quant \u00e0 la protection de la vie priv\u00e9e.<\/p>\n<h2>Mesures de pr\u00e9caution recommand\u00e9es<\/h2>\n<p>Les avocats Heather Segal et Ravi Jain ont soulign\u00e9 l&rsquo;importance de laisser son t\u00e9l\u00e9phone habituel \u00e0 la maison. Ils insistent sur le fait que les voyageurs devraient se doter d&rsquo;un t\u00e9l\u00e9phone jetable pour \u00e9viter que des informations sensibles ne soient compromises. Ces pr\u00e9cautions visent \u00e0 prot\u00e9ger les utilisateurs des fouilles potentielles et des violations de leur vie priv\u00e9e par les agents de la douane.<\/p>\n<p>Le Customs and Border Protection (CBP) a la capacit\u00e9 de saisir des appareils \u00e0 la fronti\u00e8re, sans n\u00e9cessiter de mandat. Cela inclut la possibilit\u00e9 de r\u00e9aliser des recherches approfondies sur les messages et les applications de communication, ce qui peut \u00eatre d\u00e9rangeant pour ceux qui ont des opinions critiques envers le gouvernement am\u00e9ricain.<\/p>\n<p><iframe loading=\"lazy\" title=\"Etats-Unis : une femme jette son b\u00e9b\u00e9 vivant dans une benne \u00e0 ordures apr\u00e8s avoir accouch\u00e9\" width=\"1200\" height=\"675\" src=\"https:\/\/www.youtube.com\/embed\/jABuzw0Bd9s?feature=oembed\" frameborder=\"0\" allow=\"accelerometer; autoplay; clipboard-write; encrypted-media; gyroscope; picture-in-picture; web-share\" referrerpolicy=\"strict-origin-when-cross-origin\" allowfullscreen><\/iframe><\/p>\n<h2>Les r\u00e9percussions sur le tourisme et l&rsquo;\u00e9conomie locale<\/h2>\n<p>La m\u00e9fiance croissante \u00e0 l&rsquo;\u00e9gard des voyages aux \u00c9tats-Unis a d\u00e9j\u00e0 eu un impact sur le tourisme canadien. Selon des donn\u00e9es r\u00e9centes, pr\u00e8s de 500 000 Canadiens de moins ont travers\u00e9 la fronti\u00e8re vers les \u00c9tats-Unis en f\u00e9vrier 2025 par rapport \u00e0 l&rsquo;ann\u00e9e pr\u00e9c\u00e9dente. Cette baisse de visiteurs affecte directement les entreprises am\u00e9ricaines, notamment dans les \u00c9tats frontaliers comme le Maine.<\/p>\n<p>Les responsables locaux, comme la repr\u00e9sentante d\u00e9mocrate du Maine, Lori K. Gramlich, ont exprim\u00e9 leurs pr\u00e9occupations face \u00e0 l&rsquo;impact \u00e9conomique de cette situation. Elle a \u00e9voqu\u00e9 le risque de pertes de revenus pour les entreprises locales, qui d\u00e9pendent fortement des Canadiens pour leur chiffre d&rsquo;affaires, notamment dans les secteurs de l&rsquo;h\u00f4tellerie et de la restauration.<\/p>\n<ul>\n<li>Conseils pour voyager avec un t\u00e9l\u00e9phone jetable<\/li>\n<li>Importance de prot\u00e9ger sa vie priv\u00e9e<\/li>\n<li>Impact sur le tourisme canadien vers les \u00c9tats-Unis<\/li>\n<li>Cons\u00e9quences \u00e9conomiques pour les entreprises am\u00e9ricaines<\/li>\n<\/ul>\n<blockquote>\n<p>Heather Segal a d\u00e9clar\u00e9 : \u00ab\u00a0Pour vous prot\u00e9ger, plus que jamais, je pense qu&rsquo;il est judicieux de prendre un t\u00e9l\u00e9phone jetable et de ne pas apporter vos appareils personnels.\u00a0\u00bb Cette pr\u00e9caution est devenue essentielle pour les voyageurs canadiens.<\/p>\n<\/blockquote>\n<p>Les tensions entre le Canada et les \u00c9tats-Unis ne semblent pas pr\u00e8s de se calmer, et cette situation incite de nombreux Canadiens \u00e0 reconsid\u00e9rer leurs projets de voyage. Les pr\u00e9occupations concernant la vie priv\u00e9e et les fouilles \u00e0 la fronti\u00e8re risquent de peser lourd sur les choix des voyageurs dans les mois \u00e0 venir. Ainsi, il est crucial pour ceux qui envisagent de se rendre aux \u00c9tats-Unis de se pr\u00e9parer et de prendre des mesures de s\u00e9curit\u00e9 ad\u00e9quates avant de franchir la fronti\u00e8re.<\/p>\n","protected":false},"excerpt":{"rendered":"","protected":false},"author":34,"featured_media":19420,"comment_status":"open","ping_status":"open","sticky":false,"template":"","format":"standard","meta":{"_acf_changed":false,"manual_indexmenow":false,"indexmenow_id_project":0,"footnotes":""},"categories":[1],"tags":[4593,4713,5688,3170,4635],"class_list":["post-18499","post","type-post","status-publish","format-standard","has-post-thumbnail","hentry","category-a-la-une","tag-economie","tag-preparation","tag-relations-internationales","tag-securite","tag-voyage","generate-columns","tablet-grid-50","mobile-grid-100","grid-parent","grid-25"],"acf":[],"yoast_head":"<!-- This site is optimized with the Yoast SEO Premium plugin v21.3 (Yoast SEO v25.1) - https:\/\/yoast.com\/wordpress\/plugins\/seo\/ -->\n<title>canadiens invit\u00e9s \u00e0 voyager avec des t\u00e9l\u00e9phones jetables<\/title>\n<meta name=\"description\" content=\"La mont\u00e9e des tensions entre le Canada et les \u00c9tats-Unis Ces mesures ont suscit\u00e9 des inqui\u00e9tudes parmi les Canadiens, qui se sentent de plus en plus comme\" \/>\n<meta name=\"robots\" content=\"index, follow, max-snippet:-1, max-image-preview:large, max-video-preview:-1\" \/>\n<link rel=\"canonical\" href=\"https:\/\/voyage-aventure.com\/blog\/a-la-une\/canadiens-invites-a-voyager-avec-des-telephones-jetables-lors-de-leurs-visites-aux-etats-unis\/\" \/>\n<meta property=\"og:locale\" content=\"fr_FR\" \/>\n<meta property=\"og:type\" content=\"article\" \/>\n<meta property=\"og:title\" content=\"canadiens invit\u00e9s \u00e0 voyager avec des t\u00e9l\u00e9phones jetables\" \/>\n<meta property=\"og:description\" content=\"La mont\u00e9e des tensions entre le Canada et les \u00c9tats-Unis Ces mesures ont suscit\u00e9 des inqui\u00e9tudes parmi les Canadiens, qui se sentent de plus en plus comme\" \/>\n<meta property=\"og:url\" content=\"https:\/\/voyage-aventure.com\/blog\/a-la-une\/canadiens-invites-a-voyager-avec-des-telephones-jetables-lors-de-leurs-visites-aux-etats-unis\/\" \/>\n<meta property=\"og:site_name\" content=\"voyage-aventure\" \/>\n<meta property=\"og:image\" content=\"https:\/\/voyage-aventure.com\/blog\/wp-content\/uploads\/2025\/05\/sdxl-571d244f974e11cb2dcd07ece9fb66c9-scaled.png\" \/>\n\t<meta property=\"og:image:width\" content=\"1200\" \/>\n\t<meta property=\"og:image:height\" content=\"500\" \/>\n\t<meta property=\"og:image:type\" content=\"image\/png\" \/>\n<meta name=\"author\" content=\"Camille Rouvray\" \/>\n<meta name=\"twitter:card\" content=\"summary_large_image\" \/>\n<script type=\"application\/ld+json\" class=\"yoast-schema-graph\">{\"@context\":\"https:\/\/schema.org\",\"@graph\":[{\"@type\":\"NewsArticle\",\"@id\":\"https:\/\/voyage-aventure.com\/blog\/a-la-une\/canadiens-invites-a-voyager-avec-des-telephones-jetables-lors-de-leurs-visites-aux-etats-unis\/#article\",\"isPartOf\":{\"@id\":\"https:\/\/voyage-aventure.com\/blog\/a-la-une\/canadiens-invites-a-voyager-avec-des-telephones-jetables-lors-de-leurs-visites-aux-etats-unis\/\"},\"author\":{\"name\":\"Camille Rouvray\",\"@id\":\"https:\/\/voyage-aventure.com\/blog\/#\/schema\/person\/3c864cdc320801e3db34b663e7e3f816\"},\"headline\":\"canadiens invit\u00e9s \u00e0 voyager avec des t\u00e9l\u00e9phones jetables lors de leurs visites aux \u00c9tats-Unis\",\"datePublished\":\"2025-04-04T21:14:53+00:00\",\"mainEntityOfPage\":{\"@id\":\"https:\/\/voyage-aventure.com\/blog\/a-la-une\/canadiens-invites-a-voyager-avec-des-telephones-jetables-lors-de-leurs-visites-aux-etats-unis\/\"},\"wordCount\":580,\"commentCount\":20,\"publisher\":{\"@id\":\"https:\/\/voyage-aventure.com\/blog\/#organization\"},\"image\":{\"@id\":\"https:\/\/voyage-aventure.com\/blog\/a-la-une\/canadiens-invites-a-voyager-avec-des-telephones-jetables-lors-de-leurs-visites-aux-etats-unis\/#primaryimage\"},\"thumbnailUrl\":\"https:\/\/voyage-aventure.com\/blog\/wp-content\/uploads\/2025\/05\/sdxl-571d244f974e11cb2dcd07ece9fb66c9-scaled.png\",\"keywords\":[\"\u00c9conomie\",\"Pr\u00e9paration\",\"Relations Internationales\",\"S\u00e9curit\u00e9\",\"Voyage\"],\"articleSection\":[\"\u00c0 la une\"],\"inLanguage\":\"fr-FR\",\"potentialAction\":[{\"@type\":\"CommentAction\",\"name\":\"Comment\",\"target\":[\"https:\/\/voyage-aventure.com\/blog\/a-la-une\/canadiens-invites-a-voyager-avec-des-telephones-jetables-lors-de-leurs-visites-aux-etats-unis\/#respond\"]}]},{\"@type\":\"WebPage\",\"@id\":\"https:\/\/voyage-aventure.com\/blog\/a-la-une\/canadiens-invites-a-voyager-avec-des-telephones-jetables-lors-de-leurs-visites-aux-etats-unis\/\",\"url\":\"https:\/\/voyage-aventure.com\/blog\/a-la-une\/canadiens-invites-a-voyager-avec-des-telephones-jetables-lors-de-leurs-visites-aux-etats-unis\/\",\"name\":\"canadiens invit\u00e9s \u00e0 voyager avec des t\u00e9l\u00e9phones jetables\",\"isPartOf\":{\"@id\":\"https:\/\/voyage-aventure.com\/blog\/#website\"},\"primaryImageOfPage\":{\"@id\":\"https:\/\/voyage-aventure.com\/blog\/a-la-une\/canadiens-invites-a-voyager-avec-des-telephones-jetables-lors-de-leurs-visites-aux-etats-unis\/#primaryimage\"},\"image\":{\"@id\":\"https:\/\/voyage-aventure.com\/blog\/a-la-une\/canadiens-invites-a-voyager-avec-des-telephones-jetables-lors-de-leurs-visites-aux-etats-unis\/#primaryimage\"},\"thumbnailUrl\":\"https:\/\/voyage-aventure.com\/blog\/wp-content\/uploads\/2025\/05\/sdxl-571d244f974e11cb2dcd07ece9fb66c9-scaled.png\",\"datePublished\":\"2025-04-04T21:14:53+00:00\",\"description\":\"La mont\u00e9e des tensions entre le Canada et les \u00c9tats-Unis Ces mesures ont suscit\u00e9 des inqui\u00e9tudes parmi les Canadiens, qui se sentent de plus en plus comme\",\"inLanguage\":\"fr-FR\",\"potentialAction\":[{\"@type\":\"ReadAction\",\"target\":[\"https:\/\/voyage-aventure.com\/blog\/a-la-une\/canadiens-invites-a-voyager-avec-des-telephones-jetables-lors-de-leurs-visites-aux-etats-unis\/\"]}]},{\"@type\":\"ImageObject\",\"inLanguage\":\"fr-FR\",\"@id\":\"https:\/\/voyage-aventure.com\/blog\/a-la-une\/canadiens-invites-a-voyager-avec-des-telephones-jetables-lors-de-leurs-visites-aux-etats-unis\/#primaryimage\",\"url\":\"https:\/\/voyage-aventure.com\/blog\/wp-content\/uploads\/2025\/05\/sdxl-571d244f974e11cb2dcd07ece9fb66c9-scaled.png\",\"contentUrl\":\"https:\/\/voyage-aventure.com\/blog\/wp-content\/uploads\/2025\/05\/sdxl-571d244f974e11cb2dcd07ece9fb66c9-scaled.png\",\"width\":1200,\"height\":500},{\"@type\":\"WebSite\",\"@id\":\"https:\/\/voyage-aventure.com\/blog\/#website\",\"url\":\"https:\/\/voyage-aventure.com\/blog\/\",\"name\":\"voyage-aventure.com\",\"description\":\"Votre passeport pour l\u2019inattendu.\",\"publisher\":{\"@id\":\"https:\/\/voyage-aventure.com\/blog\/#organization\"},\"alternateName\":\"Votre passeport pour l\u2019inattendu.\",\"potentialAction\":[{\"@type\":\"SearchAction\",\"target\":{\"@type\":\"EntryPoint\",\"urlTemplate\":\"https:\/\/voyage-aventure.com\/blog\/?s={search_term_string}\"},\"query-input\":{\"@type\":\"PropertyValueSpecification\",\"valueRequired\":true,\"valueName\":\"search_term_string\"}}],\"inLanguage\":\"fr-FR\"},{\"@type\":\"Organization\",\"@id\":\"https:\/\/voyage-aventure.com\/blog\/#organization\",\"name\":\"Foretsensations.fr\",\"url\":\"https:\/\/voyage-aventure.com\/blog\/\",\"logo\":{\"@type\":\"ImageObject\",\"inLanguage\":\"fr-FR\",\"@id\":\"https:\/\/voyage-aventure.com\/blog\/#\/schema\/logo\/image\/\",\"url\":\"https:\/\/voyage-aventure.com\/blog\/wp-content\/uploads\/2024\/12\/19.png\",\"contentUrl\":\"https:\/\/voyage-aventure.com\/blog\/wp-content\/uploads\/2024\/12\/19.png\",\"width\":512,\"height\":512,\"caption\":\"Foretsensations.fr\"},\"image\":{\"@id\":\"https:\/\/voyage-aventure.com\/blog\/#\/schema\/logo\/image\/\"}},{\"@type\":\"Person\",\"@id\":\"https:\/\/voyage-aventure.com\/blog\/#\/schema\/person\/3c864cdc320801e3db34b663e7e3f816\",\"name\":\"Camille Rouvray\",\"image\":{\"@type\":\"ImageObject\",\"inLanguage\":\"fr-FR\",\"@id\":\"https:\/\/voyage-aventure.com\/blog\/#\/schema\/person\/image\/\",\"url\":\"https:\/\/voyage-aventure.com\/blog\/wp-content\/uploads\/2026\/06\/persona_camille-r-96x96.jpg\",\"contentUrl\":\"https:\/\/voyage-aventure.com\/blog\/wp-content\/uploads\/2026\/06\/persona_camille-r-96x96.jpg\",\"caption\":\"Camille Rouvray\"},\"description\":\"Je voyage et j'\u00e9cris sur le voyage depuis une douzaine d'ann\u00e9es, d'abord en tant que routarde au long cours, puis comme r\u00e9dactrice sp\u00e9cialis\u00e9e. Mon terrain de pr\u00e9dilection, ce sont les circuits organis\u00e9s et l'art de bien pr\u00e9parer un itin\u00e9raire : choix de la saison, dur\u00e9e r\u00e9aliste des \u00e9tapes, budget jour par jour, logement et transport sur place. J'aime aussi raconter les p\u00e9pites urbaines, ces adresses qu'on ne trouve pas dans les guides classiques. Avant de publier un dossier destination, je croise toujours plusieurs sources, je v\u00e9rifie les tarifs et les formalit\u00e9s d'entr\u00e9e \u00e0 jour, et je teste moi-m\u00eame quand je le peux. Mon angle reste pratique avant tout : aider le lecteur \u00e0 partir l'esprit tranquille, sans mauvaise surprise une fois sur place. Je m'attache \u00e0 distinguer le coup de c\u0153ur sinc\u00e8re du simple argument marketing.\",\"sameAs\":[\"https:\/\/camillerouvray.fr\/\"],\"url\":\"https:\/\/voyage-aventure.com\/blog\/auteur\/noname\/\"}]}<\/script>\n<!-- \/ Yoast SEO Premium plugin. -->","yoast_head_json":{"title":"canadiens invit\u00e9s \u00e0 voyager avec des t\u00e9l\u00e9phones jetables","description":"La mont\u00e9e des tensions entre le Canada et les \u00c9tats-Unis Ces mesures ont suscit\u00e9 des inqui\u00e9tudes parmi les Canadiens, qui se sentent de plus en plus comme","robots":{"index":"index","follow":"follow","max-snippet":"max-snippet:-1","max-image-preview":"max-image-preview:large","max-video-preview":"max-video-preview:-1"},"canonical":"https:\/\/voyage-aventure.com\/blog\/a-la-une\/canadiens-invites-a-voyager-avec-des-telephones-jetables-lors-de-leurs-visites-aux-etats-unis\/","og_locale":"fr_FR","og_type":"article","og_title":"canadiens invit\u00e9s \u00e0 voyager avec des t\u00e9l\u00e9phones jetables","og_description":"La mont\u00e9e des tensions entre le Canada et les \u00c9tats-Unis Ces mesures ont suscit\u00e9 des inqui\u00e9tudes parmi les Canadiens, qui se sentent de plus en plus comme","og_url":"https:\/\/voyage-aventure.com\/blog\/a-la-une\/canadiens-invites-a-voyager-avec-des-telephones-jetables-lors-de-leurs-visites-aux-etats-unis\/","og_site_name":"voyage-aventure","og_image":[{"width":1200,"height":500,"url":"https:\/\/voyage-aventure.com\/blog\/wp-content\/uploads\/2025\/05\/sdxl-571d244f974e11cb2dcd07ece9fb66c9-scaled.png","type":"image\/png"}],"author":"Camille Rouvray","twitter_card":"summary_large_image","schema":{"@context":"https:\/\/schema.org","@graph":[{"@type":"NewsArticle","@id":"https:\/\/voyage-aventure.com\/blog\/a-la-une\/canadiens-invites-a-voyager-avec-des-telephones-jetables-lors-de-leurs-visites-aux-etats-unis\/#article","isPartOf":{"@id":"https:\/\/voyage-aventure.com\/blog\/a-la-une\/canadiens-invites-a-voyager-avec-des-telephones-jetables-lors-de-leurs-visites-aux-etats-unis\/"},"author":{"name":"Camille Rouvray","@id":"https:\/\/voyage-aventure.com\/blog\/#\/schema\/person\/3c864cdc320801e3db34b663e7e3f816"},"headline":"canadiens invit\u00e9s \u00e0 voyager avec des t\u00e9l\u00e9phones jetables lors de leurs visites aux \u00c9tats-Unis","datePublished":"2025-04-04T21:14:53+00:00","mainEntityOfPage":{"@id":"https:\/\/voyage-aventure.com\/blog\/a-la-une\/canadiens-invites-a-voyager-avec-des-telephones-jetables-lors-de-leurs-visites-aux-etats-unis\/"},"wordCount":580,"commentCount":20,"publisher":{"@id":"https:\/\/voyage-aventure.com\/blog\/#organization"},"image":{"@id":"https:\/\/voyage-aventure.com\/blog\/a-la-une\/canadiens-invites-a-voyager-avec-des-telephones-jetables-lors-de-leurs-visites-aux-etats-unis\/#primaryimage"},"thumbnailUrl":"https:\/\/voyage-aventure.com\/blog\/wp-content\/uploads\/2025\/05\/sdxl-571d244f974e11cb2dcd07ece9fb66c9-scaled.png","keywords":["\u00c9conomie","Pr\u00e9paration","Relations Internationales","S\u00e9curit\u00e9","Voyage"],"articleSection":["\u00c0 la une"],"inLanguage":"fr-FR","potentialAction":[{"@type":"CommentAction","name":"Comment","target":["https:\/\/voyage-aventure.com\/blog\/a-la-une\/canadiens-invites-a-voyager-avec-des-telephones-jetables-lors-de-leurs-visites-aux-etats-unis\/#respond"]}]},{"@type":"WebPage","@id":"https:\/\/voyage-aventure.com\/blog\/a-la-une\/canadiens-invites-a-voyager-avec-des-telephones-jetables-lors-de-leurs-visites-aux-etats-unis\/","url":"https:\/\/voyage-aventure.com\/blog\/a-la-une\/canadiens-invites-a-voyager-avec-des-telephones-jetables-lors-de-leurs-visites-aux-etats-unis\/","name":"canadiens invit\u00e9s \u00e0 voyager avec des t\u00e9l\u00e9phones jetables","isPartOf":{"@id":"https:\/\/voyage-aventure.com\/blog\/#website"},"primaryImageOfPage":{"@id":"https:\/\/voyage-aventure.com\/blog\/a-la-une\/canadiens-invites-a-voyager-avec-des-telephones-jetables-lors-de-leurs-visites-aux-etats-unis\/#primaryimage"},"image":{"@id":"https:\/\/voyage-aventure.com\/blog\/a-la-une\/canadiens-invites-a-voyager-avec-des-telephones-jetables-lors-de-leurs-visites-aux-etats-unis\/#primaryimage"},"thumbnailUrl":"https:\/\/voyage-aventure.com\/blog\/wp-content\/uploads\/2025\/05\/sdxl-571d244f974e11cb2dcd07ece9fb66c9-scaled.png","datePublished":"2025-04-04T21:14:53+00:00","description":"La mont\u00e9e des tensions entre le Canada et les \u00c9tats-Unis Ces mesures ont suscit\u00e9 des inqui\u00e9tudes parmi les Canadiens, qui se sentent de plus en plus comme","inLanguage":"fr-FR","potentialAction":[{"@type":"ReadAction","target":["https:\/\/voyage-aventure.com\/blog\/a-la-une\/canadiens-invites-a-voyager-avec-des-telephones-jetables-lors-de-leurs-visites-aux-etats-unis\/"]}]},{"@type":"ImageObject","inLanguage":"fr-FR","@id":"https:\/\/voyage-aventure.com\/blog\/a-la-une\/canadiens-invites-a-voyager-avec-des-telephones-jetables-lors-de-leurs-visites-aux-etats-unis\/#primaryimage","url":"https:\/\/voyage-aventure.com\/blog\/wp-content\/uploads\/2025\/05\/sdxl-571d244f974e11cb2dcd07ece9fb66c9-scaled.png","contentUrl":"https:\/\/voyage-aventure.com\/blog\/wp-content\/uploads\/2025\/05\/sdxl-571d244f974e11cb2dcd07ece9fb66c9-scaled.png","width":1200,"height":500},{"@type":"WebSite","@id":"https:\/\/voyage-aventure.com\/blog\/#website","url":"https:\/\/voyage-aventure.com\/blog\/","name":"voyage-aventure.com","description":"Votre passeport pour l\u2019inattendu.","publisher":{"@id":"https:\/\/voyage-aventure.com\/blog\/#organization"},"alternateName":"Votre passeport pour l\u2019inattendu.","potentialAction":[{"@type":"SearchAction","target":{"@type":"EntryPoint","urlTemplate":"https:\/\/voyage-aventure.com\/blog\/?s={search_term_string}"},"query-input":{"@type":"PropertyValueSpecification","valueRequired":true,"valueName":"search_term_string"}}],"inLanguage":"fr-FR"},{"@type":"Organization","@id":"https:\/\/voyage-aventure.com\/blog\/#organization","name":"Foretsensations.fr","url":"https:\/\/voyage-aventure.com\/blog\/","logo":{"@type":"ImageObject","inLanguage":"fr-FR","@id":"https:\/\/voyage-aventure.com\/blog\/#\/schema\/logo\/image\/","url":"https:\/\/voyage-aventure.com\/blog\/wp-content\/uploads\/2024\/12\/19.png","contentUrl":"https:\/\/voyage-aventure.com\/blog\/wp-content\/uploads\/2024\/12\/19.png","width":512,"height":512,"caption":"Foretsensations.fr"},"image":{"@id":"https:\/\/voyage-aventure.com\/blog\/#\/schema\/logo\/image\/"}},{"@type":"Person","@id":"https:\/\/voyage-aventure.com\/blog\/#\/schema\/person\/3c864cdc320801e3db34b663e7e3f816","name":"Camille Rouvray","image":{"@type":"ImageObject","inLanguage":"fr-FR","@id":"https:\/\/voyage-aventure.com\/blog\/#\/schema\/person\/image\/","url":"https:\/\/voyage-aventure.com\/blog\/wp-content\/uploads\/2026\/06\/persona_camille-r-96x96.jpg","contentUrl":"https:\/\/voyage-aventure.com\/blog\/wp-content\/uploads\/2026\/06\/persona_camille-r-96x96.jpg","caption":"Camille Rouvray"},"description":"Je voyage et j'\u00e9cris sur le voyage depuis une douzaine d'ann\u00e9es, d'abord en tant que routarde au long cours, puis comme r\u00e9dactrice sp\u00e9cialis\u00e9e. Mon terrain de pr\u00e9dilection, ce sont les circuits organis\u00e9s et l'art de bien pr\u00e9parer un itin\u00e9raire : choix de la saison, dur\u00e9e r\u00e9aliste des \u00e9tapes, budget jour par jour, logement et transport sur place. J'aime aussi raconter les p\u00e9pites urbaines, ces adresses qu'on ne trouve pas dans les guides classiques. Avant de publier un dossier destination, je croise toujours plusieurs sources, je v\u00e9rifie les tarifs et les formalit\u00e9s d'entr\u00e9e \u00e0 jour, et je teste moi-m\u00eame quand je le peux. Mon angle reste pratique avant tout : aider le lecteur \u00e0 partir l'esprit tranquille, sans mauvaise surprise une fois sur place. Je m'attache \u00e0 distinguer le coup de c\u0153ur sinc\u00e8re du simple argument marketing.","sameAs":["https:\/\/camillerouvray.fr\/"],"url":"https:\/\/voyage-aventure.com\/blog\/auteur\/noname\/"}]}},"_links":{"self":[{"href":"https:\/\/voyage-aventure.com\/blog\/wp-json\/wp\/v2\/posts\/18499","targetHints":{"allow":["GET"]}}],"collection":[{"href":"https:\/\/voyage-aventure.com\/blog\/wp-json\/wp\/v2\/posts"}],"about":[{"href":"https:\/\/voyage-aventure.com\/blog\/wp-json\/wp\/v2\/types\/post"}],"author":[{"embeddable":true,"href":"https:\/\/voyage-aventure.com\/blog\/wp-json\/wp\/v2\/users\/34"}],"replies":[{"embeddable":true,"href":"https:\/\/voyage-aventure.com\/blog\/wp-json\/wp\/v2\/comments?post=18499"}],"version-history":[{"count":1,"href":"https:\/\/voyage-aventure.com\/blog\/wp-json\/wp\/v2\/posts\/18499\/revisions"}],"predecessor-version":[{"id":18537,"href":"https:\/\/voyage-aventure.com\/blog\/wp-json\/wp\/v2\/posts\/18499\/revisions\/18537"}],"wp:featuredmedia":[{"embeddable":true,"href":"https:\/\/voyage-aventure.com\/blog\/wp-json\/wp\/v2\/media\/19420"}],"wp:attachment":[{"href":"https:\/\/voyage-aventure.com\/blog\/wp-json\/wp\/v2\/media?parent=18499"}],"wp:term":[{"taxonomy":"category","embeddable":true,"href":"https:\/\/voyage-aventure.com\/blog\/wp-json\/wp\/v2\/categories?post=18499"},{"taxonomy":"post_tag","embeddable":true,"href":"https:\/\/voyage-aventure.com\/blog\/wp-json\/wp\/v2\/tags?post=18499"}],"curies":[{"name":"wp","href":"https:\/\/api.w.org\/{rel}","templated":true}]}}