{"id":18491,"date":"2026-06-16T18:02:06","date_gmt":"2026-06-16T16:02:06","guid":{"rendered":"https:\/\/voyage-aventure.com\/blog\/?p=18491"},"modified":"2026-06-16T18:02:06","modified_gmt":"2026-06-16T16:02:06","slug":"le-voyage-de-timothy-a-lenderking-aux-emirats-et-a-bahrein-pour-la-paix-regionale","status":"publish","type":"post","link":"https:\/\/voyage-aventure.com\/blog\/a-la-une\/le-voyage-de-timothy-a-lenderking-aux-emirats-et-a-bahrein-pour-la-paix-regionale\/","title":{"rendered":"Le voyage de Timothy A. Lenderking aux \u00c9mirats et \u00e0 Bahre\u00efn pour la paix r\u00e9gionale"},"content":{"rendered":"<link rel=\"preconnect\" href=\"https:\/\/fonts.googleapis.com\"><link rel=\"preconnect\" href=\"https:\/\/fonts.gstatic.com\" crossorigin><link href=\"https:\/\/fonts.googleapis.com\/css2?family=Newsreader:ital,wght@0,500;0,600;0,700;1,500&#038;family=Inter:wght@400;500;600&#038;family=JetBrains+Mono:wght@500&#038;display=swap\" rel=\"stylesheet\">\n<style>\n.va-lenderking-root{font-family:'Inter',system-ui,sans-serif;color:#1A202C;line-height:1.7}\n.va-lenderking-root h2{font-family:'Newsreader',Georgia,serif;font-weight:700;font-size:1.65em;line-height:1.25;margin:2.2em 0 .7em;color:#1A202C}\n.va-lenderking-dateline{font-family:'JetBrains Mono',monospace;font-size:.72em;letter-spacing:.08em;text-transform:uppercase;color:#4A5568;font-weight:500}\n.va-lenderking-essentiel{background:#F7FAFC;border:1px solid #E2E8F0;border-left:4px solid #4A5568;border-radius:6px;padding:22px 26px;margin:26px 0}\n.va-lenderking-essentiel-title{font-family:'JetBrains Mono',monospace;font-size:.7em;letter-spacing:.12em;text-transform:uppercase;color:#4A5568;font-weight:500;margin-bottom:14px}\n.va-lenderking-row{display:grid;grid-template-columns:120px 1fr;gap:10px 18px;align-items:baseline;padding:9px 0;border-top:1px solid #EDF2F7}\n.va-lenderking-row:first-of-type{border-top:none}\n.va-lenderking-label{font-family:'JetBrains Mono',monospace;font-size:.72em;letter-spacing:.06em;text-transform:uppercase;color:#4A5568;font-weight:500}\n.va-lenderking-val{font-family:'Inter',sans-serif;font-size:.97em;color:#2D3748}\n.va-lenderking-cards{display:grid;grid-template-columns:repeat(auto-fit,minmax(230px,1fr));gap:14px;margin:30px 0}\n.va-lenderking-card{background:#fff;border:1px solid #E2E8F0;border-top:3px solid #4A5568;border-radius:6px;padding:20px 22px;transition:transform .18s ease,box-shadow .18s ease}\n.va-lenderking-card:hover{transform:translateY(-3px);box-shadow:0 10px 24px -12px rgba(26,32,44,.28)}\n.va-lenderking-card-k{font-family:'JetBrains Mono',monospace;font-size:.68em;letter-spacing:.1em;text-transform:uppercase;color:#4A5568;font-weight:500;margin-bottom:8px}\n.va-lenderking-card-t{font-family:'Newsreader',Georgia,serif;font-weight:600;font-size:1.06em;color:#1A202C}\n.va-lenderking-quote{font-family:'Newsreader',Georgia,serif;font-style:italic;font-weight:500;font-size:1.35em;line-height:1.4;text-align:center;color:#2D3748;max-width:660px;margin:38px auto;padding:26px 24px;border-top:1px solid #4A5568;border-bottom:1px solid #4A5568}\n.va-lenderking-quote-src{display:block;font-family:'JetBrains Mono',monospace;font-style:normal;font-size:.58em;letter-spacing:.08em;text-transform:uppercase;color:#4A5568;margin-top:14px}\n.va-lenderking-retenir{background:#1A202C;border-radius:6px;padding:26px 28px;margin:34px 0;color:#E2E8F0}\n.va-lenderking-retenir-title{font-family:'JetBrains Mono',monospace;font-size:.7em;letter-spacing:.12em;text-transform:uppercase;color:#A0AEC0;font-weight:500;margin-bottom:14px}\n.va-lenderking-retenir-item{display:grid;grid-template-columns:26px 1fr;gap:12px;align-items:baseline;padding:8px 0}\n.va-lenderking-retenir-num{font-family:'JetBrains Mono',monospace;font-size:.85em;color:#4A5568;background:#E2E8F0;border-radius:4px;text-align:center;font-weight:500}\n.va-lenderking-retenir-txt{font-family:'Inter',sans-serif;font-size:.95em;line-height:1.55;color:#E2E8F0}\n.va-lenderking-note{font-family:'JetBrains Mono',monospace;font-size:.72em;line-height:1.6;color:#718096;border-left:3px solid #4A5568;padding:6px 0 6px 16px;margin:30px 0 0}\n\/*RENDERFIX2*\/.va-lenderking-retenir{color:#eef3f9!important}.va-lenderking-retenir p,.va-lenderking-retenir li,.va-lenderking-retenir strong,.va-lenderking-retenir em,.va-lenderking-retenir a,.va-lenderking-retenir span,.va-lenderking-retenir b,.va-lenderking-retenir td,.va-lenderking-retenir th,.va-lenderking-retenir h2,.va-lenderking-retenir h3,.va-lenderking-retenir h4{color:#eef3f9!important}.va-lenderking-retenir strong,.va-lenderking-retenir b{color:#ffffff!important}<\/style>\n<div class=\"va-lenderking-root\">\n<p class=\"va-lenderking-dateline\">Diplomatie \u00b7 Moyen-Orient \u00b7 Avril 2025<\/p>\n<p>Selon le d\u00e9partement d&rsquo;\u00c9tat am\u00e9ricain, Timothy A. Lenderking, haut fonctionnaire du Bureau des affaires du Proche-Orient, effectue en avril 2025 un d\u00e9placement aux \u00c9mirats arabes unis puis \u00e0 Bahre\u00efn. D&rsquo;apr\u00e8s l&rsquo;original, ce voyage est pr\u00e9sent\u00e9 comme consacr\u00e9 au renforcement de la coop\u00e9ration r\u00e9gionale et aux questions de s\u00e9curit\u00e9.<\/p>\n<div class=\"va-lenderking-essentiel\">\n<div class=\"va-lenderking-essentiel-title\">L&rsquo;essentiel<\/div>\n<div class=\"va-lenderking-row\">\n<div class=\"va-lenderking-label\">Quoi<\/div>\n<div class=\"va-lenderking-val\">D\u00e9placement diplomatique de Timothy A. Lenderking aux \u00c9mirats arabes unis puis \u00e0 Bahre\u00efn (9\u201310 avril).<\/div>\n<\/div>\n<div class=\"va-lenderking-row\">\n<div class=\"va-lenderking-label\">Qui<\/div>\n<div class=\"va-lenderking-val\">Haut fonctionnaire du Bureau des affaires du Proche-Orient, selon le d\u00e9partement d&rsquo;\u00c9tat.<\/div>\n<\/div>\n<div class=\"va-lenderking-row\">\n<div class=\"va-lenderking-label\">Contexte<\/div>\n<div class=\"va-lenderking-val\">Participation au Sommet MEAD et rencontres avec des responsables locaux, d&rsquo;apr\u00e8s l&rsquo;original.<\/div>\n<\/div>\n<\/div>\n<h2>Un voyage strat\u00e9gique aux \u00c9mirats arabes unis<\/h2>\n<p>D&rsquo;apr\u00e8s l&rsquo;original, Lenderking, le haut fonctionnaire du Bureau des affaires du Proche-Orient, se rend aux \u00c9mirats arabes unis. Cette visite s&rsquo;inscrit dans le cadre du Sommet MEAD, pr\u00e9sent\u00e9 comme un \u00e9v\u00e9nement consacr\u00e9 aux discussions sur la stabilit\u00e9 de la r\u00e9gion. Selon la m\u00eame source, Lenderking doit y rencontrer des homologues \u00e9trangers pour explorer des opportunit\u00e9s de coop\u00e9ration.<\/p>\n<p>Toujours selon l&rsquo;original, ce d\u00e9placement vise \u00e0 renforcer les relations entre les \u00c9tats-Unis et les \u00c9mirats, tout en mettant en avant des initiatives pr\u00e9sent\u00e9es comme favorables \u00e0 la paix. Sa pr\u00e9sence lors de ce sommet est d\u00e9crite comme illustrant l&rsquo;importance accord\u00e9e par Washington \u00e0 la r\u00e9gion. Les discussions annonc\u00e9es porteraient sur des enjeux tels que la s\u00e9curit\u00e9, l&rsquo;\u00e9conomie et les valeurs d\u00e9mocratiques.<\/p>\n<h2>Rencontres \u00e0 Bahre\u00efn pour la s\u00e9curit\u00e9 maritime<\/h2>\n<p>Apr\u00e8s son passage aux \u00c9mirats, Lenderking se dirige vers Bahre\u00efn du 9 au 10 avril, d&rsquo;apr\u00e8s l&rsquo;original. Ce segment du voyage est centr\u00e9 sur des rencontres avec des responsables bahre\u00efnis de haut niveau. L&rsquo;un des objectifs annonc\u00e9s est d&rsquo;aborder les questions de s\u00e9curit\u00e9 maritime, pr\u00e9sent\u00e9es comme importantes pour la stabilit\u00e9 r\u00e9gionale.<\/p>\n<p>Selon l&rsquo;original, la rencontre avec le Commandement des forces navales am\u00e9ricaines centrales \u00e0 Bahre\u00efn est cit\u00e9e comme un marqueur de l&rsquo;engagement des \u00c9tats-Unis sur la s\u00e9curit\u00e9 maritime. Les sujets \u00e9voqu\u00e9s incluraient la lutte contre la piraterie et la protection des voies maritimes, dans la r\u00e9gion du Golfe.<\/p>\n<div class=\"va-lenderking-cards\">\n<div class=\"va-lenderking-card\">\n<div class=\"va-lenderking-card-k\">\u00c9tape 1<\/div>\n<div class=\"va-lenderking-card-t\">\u00c9mirats arabes unis \u00b7 Sommet MEAD<\/div>\n<\/div>\n<div class=\"va-lenderking-card\">\n<div class=\"va-lenderking-card-k\">\u00c9tape 2 \u00b7 9\u201310 avril<\/div>\n<div class=\"va-lenderking-card-t\">Bahre\u00efn \u00b7 s\u00e9curit\u00e9 maritime<\/div>\n<\/div>\n<div class=\"va-lenderking-card\">\n<div class=\"va-lenderking-card-k\">Cadre annonc\u00e9<\/div>\n<div class=\"va-lenderking-card-t\">Coop\u00e9ration r\u00e9gionale, selon le d\u00e9partement d&rsquo;\u00c9tat<\/div>\n<\/div>\n<\/div>\n<h2>Les objectifs de la mission de Lenderking<\/h2>\n<p>D&rsquo;apr\u00e8s l&rsquo;original, le voyage se concentre sur la promotion des int\u00e9r\u00eats am\u00e9ricains au Moyen-Orient. En favorisant la coop\u00e9ration r\u00e9gionale, il viserait \u00e0 contribuer \u00e0 la stabilit\u00e9 et \u00e0 la paix. La m\u00eame source indique que les \u00c9tats-Unis souhaitent jouer un r\u00f4le dans la r\u00e9solution des conflits et le dialogue entre les nations.<\/p>\n<p>Les rencontres pr\u00e9vues sont d\u00e9crites comme destin\u00e9es \u00e0 \u00e9tablir des partenariats et \u00e0 \u00e9changer sur des d\u00e9fis communs. Selon l&rsquo;original, Lenderking a d\u00e9clar\u00e9 :<\/p>\n<figure class=\"va-lenderking-quote\">\n<blockquote style=\"margin:0;padding:0;border:none;font-style:italic;\"><p>\u00ab Notre engagement envers la paix et la s\u00e9curit\u00e9 dans cette r\u00e9gion est in\u00e9branlable. \u00bb<\/p><\/blockquote>\n<p><span class=\"va-lenderking-quote-src\">Timothy A. Lenderking, cit\u00e9 dans l&rsquo;original<\/span><br \/>\n<\/figure>\n<ul>\n<li>Renforcement des relations diplomatiques<\/li>\n<li>Promotion de la s\u00e9curit\u00e9 maritime<\/li>\n<li>\u00c9changes sur des initiatives de paix<\/li>\n<li>Collaboration sur des enjeux \u00e9conomiques<\/li>\n<li>Dialogue sur les valeurs d\u00e9mocratiques<\/li>\n<\/ul>\n<div class=\"va-lenderking-retenir\">\n<div class=\"va-lenderking-retenir-title\">Ce qu&rsquo;il faut retenir<\/div>\n<div class=\"va-lenderking-retenir-item\">\n<div class=\"va-lenderking-retenir-num\">1<\/div>\n<div class=\"va-lenderking-retenir-txt\">En avril 2025, un haut fonctionnaire du Bureau des affaires du Proche-Orient se d\u00e9place aux \u00c9mirats arabes unis puis \u00e0 Bahre\u00efn, selon le d\u00e9partement d&rsquo;\u00c9tat.<\/div>\n<\/div>\n<div class=\"va-lenderking-retenir-item\">\n<div class=\"va-lenderking-retenir-num\">2<\/div>\n<div class=\"va-lenderking-retenir-txt\">Aux \u00c9mirats, le d\u00e9placement s&rsquo;articule autour du Sommet MEAD et de rencontres avec des homologues, d&rsquo;apr\u00e8s l&rsquo;original.<\/div>\n<\/div>\n<div class=\"va-lenderking-retenir-item\">\n<div class=\"va-lenderking-retenir-num\">3<\/div>\n<div class=\"va-lenderking-retenir-txt\">\u00c0 Bahre\u00efn (9\u201310 avril), les \u00e9changes annonc\u00e9s portent notamment sur la s\u00e9curit\u00e9 maritime, selon la m\u00eame source.<\/div>\n<\/div>\n<\/div>\n<div class=\"va-lenderking-note\">Cet article reprend les faits tels que pr\u00e9sent\u00e9s dans la publication d&rsquo;origine. Les \u00e9l\u00e9ments cit\u00e9s sont attribu\u00e9s \u00e0 leurs sources respectives.<\/div>\n<\/div>\n","protected":false},"excerpt":{"rendered":"","protected":false},"author":34,"featured_media":20095,"comment_status":"open","ping_status":"open","sticky":false,"template":"","format":"standard","meta":{"_acf_changed":false,"manual_indexmenow":false,"indexmenow_id_project":0,"footnotes":""},"categories":[1],"tags":[4646,4593,4530,5688,3170],"class_list":["post-18491","post","type-post","status-publish","format-standard","has-post-thumbnail","hentry","category-a-la-une","tag-assistance","tag-economie","tag-escapade-en-europe","tag-relations-internationales","tag-securite","generate-columns","tablet-grid-50","mobile-grid-100","grid-parent","grid-25"],"acf":[],"yoast_head":"<!-- This site is optimized with the Yoast SEO Premium plugin v21.3 (Yoast SEO v25.1) - https:\/\/yoast.com\/wordpress\/plugins\/seo\/ -->\n<title>Le voyage de Timothy A. Lenderking aux \u00c9mirats et \u00e0 Bahre\u00efn<\/title>\n<meta name=\"description\" content=\"Selon le d\u00e9partement d&#039;\u00c9tat am\u00e9ricain, Timothy A. Lenderking, haut fonctionnaire du Bureau des affaires du Proche-Orient, effectue en avril 2025 un\" \/>\n<meta name=\"robots\" content=\"index, follow, max-snippet:-1, max-image-preview:large, max-video-preview:-1\" \/>\n<link rel=\"canonical\" href=\"https:\/\/voyage-aventure.com\/blog\/a-la-une\/le-voyage-de-timothy-a-lenderking-aux-emirats-et-a-bahrein-pour-la-paix-regionale\/\" \/>\n<meta property=\"og:locale\" content=\"fr_FR\" \/>\n<meta property=\"og:type\" content=\"article\" \/>\n<meta property=\"og:title\" content=\"Le voyage de Timothy A. Lenderking aux \u00c9mirats et \u00e0 Bahre\u00efn\" \/>\n<meta property=\"og:description\" content=\"Selon le d\u00e9partement d&#039;\u00c9tat am\u00e9ricain, Timothy A. Lenderking, haut fonctionnaire du Bureau des affaires du Proche-Orient, effectue en avril 2025 un\" \/>\n<meta property=\"og:url\" content=\"https:\/\/voyage-aventure.com\/blog\/a-la-une\/le-voyage-de-timothy-a-lenderking-aux-emirats-et-a-bahrein-pour-la-paix-regionale\/\" \/>\n<meta property=\"og:site_name\" content=\"voyage-aventure\" \/>\n<meta property=\"og:image\" content=\"https:\/\/voyage-aventure.com\/blog\/wp-content\/uploads\/2025\/05\/sdxl-c910570716c243e9605112e47b6b97db-scaled.png\" \/>\n\t<meta property=\"og:image:width\" content=\"1200\" \/>\n\t<meta property=\"og:image:height\" content=\"500\" \/>\n\t<meta property=\"og:image:type\" content=\"image\/png\" \/>\n<meta name=\"author\" content=\"Camille Rouvray\" \/>\n<meta name=\"twitter:card\" content=\"summary_large_image\" \/>\n<script type=\"application\/ld+json\" class=\"yoast-schema-graph\">{\"@context\":\"https:\/\/schema.org\",\"@graph\":[{\"@type\":\"NewsArticle\",\"@id\":\"https:\/\/voyage-aventure.com\/blog\/a-la-une\/le-voyage-de-timothy-a-lenderking-aux-emirats-et-a-bahrein-pour-la-paix-regionale\/#article\",\"isPartOf\":{\"@id\":\"https:\/\/voyage-aventure.com\/blog\/a-la-une\/le-voyage-de-timothy-a-lenderking-aux-emirats-et-a-bahrein-pour-la-paix-regionale\/\"},\"author\":{\"name\":\"Camille Rouvray\",\"@id\":\"https:\/\/voyage-aventure.com\/blog\/#\/schema\/person\/3c864cdc320801e3db34b663e7e3f816\"},\"headline\":\"Le voyage de Timothy A. Lenderking aux \u00c9mirats et \u00e0 Bahre\u00efn pour la paix r\u00e9gionale\",\"datePublished\":\"2026-06-16T16:02:06+00:00\",\"mainEntityOfPage\":{\"@id\":\"https:\/\/voyage-aventure.com\/blog\/a-la-une\/le-voyage-de-timothy-a-lenderking-aux-emirats-et-a-bahrein-pour-la-paix-regionale\/\"},\"wordCount\":665,\"commentCount\":26,\"publisher\":{\"@id\":\"https:\/\/voyage-aventure.com\/blog\/#organization\"},\"image\":{\"@id\":\"https:\/\/voyage-aventure.com\/blog\/a-la-une\/le-voyage-de-timothy-a-lenderking-aux-emirats-et-a-bahrein-pour-la-paix-regionale\/#primaryimage\"},\"thumbnailUrl\":\"https:\/\/voyage-aventure.com\/blog\/wp-content\/uploads\/2025\/05\/sdxl-c910570716c243e9605112e47b6b97db-scaled.png\",\"keywords\":[\"Assistance\",\"\u00c9conomie\",\"Escapade en Europe\",\"Relations Internationales\",\"S\u00e9curit\u00e9\"],\"articleSection\":[\"\u00c0 la une\"],\"inLanguage\":\"fr-FR\",\"potentialAction\":[{\"@type\":\"CommentAction\",\"name\":\"Comment\",\"target\":[\"https:\/\/voyage-aventure.com\/blog\/a-la-une\/le-voyage-de-timothy-a-lenderking-aux-emirats-et-a-bahrein-pour-la-paix-regionale\/#respond\"]}]},{\"@type\":\"WebPage\",\"@id\":\"https:\/\/voyage-aventure.com\/blog\/a-la-une\/le-voyage-de-timothy-a-lenderking-aux-emirats-et-a-bahrein-pour-la-paix-regionale\/\",\"url\":\"https:\/\/voyage-aventure.com\/blog\/a-la-une\/le-voyage-de-timothy-a-lenderking-aux-emirats-et-a-bahrein-pour-la-paix-regionale\/\",\"name\":\"Le voyage de Timothy A. Lenderking aux \u00c9mirats et \u00e0 Bahre\u00efn\",\"isPartOf\":{\"@id\":\"https:\/\/voyage-aventure.com\/blog\/#website\"},\"primaryImageOfPage\":{\"@id\":\"https:\/\/voyage-aventure.com\/blog\/a-la-une\/le-voyage-de-timothy-a-lenderking-aux-emirats-et-a-bahrein-pour-la-paix-regionale\/#primaryimage\"},\"image\":{\"@id\":\"https:\/\/voyage-aventure.com\/blog\/a-la-une\/le-voyage-de-timothy-a-lenderking-aux-emirats-et-a-bahrein-pour-la-paix-regionale\/#primaryimage\"},\"thumbnailUrl\":\"https:\/\/voyage-aventure.com\/blog\/wp-content\/uploads\/2025\/05\/sdxl-c910570716c243e9605112e47b6b97db-scaled.png\",\"datePublished\":\"2026-06-16T16:02:06+00:00\",\"description\":\"Selon le d\u00e9partement d'\u00c9tat am\u00e9ricain, Timothy A. Lenderking, haut fonctionnaire du Bureau des affaires du Proche-Orient, effectue en avril 2025 un\",\"inLanguage\":\"fr-FR\",\"potentialAction\":[{\"@type\":\"ReadAction\",\"target\":[\"https:\/\/voyage-aventure.com\/blog\/a-la-une\/le-voyage-de-timothy-a-lenderking-aux-emirats-et-a-bahrein-pour-la-paix-regionale\/\"]}]},{\"@type\":\"ImageObject\",\"inLanguage\":\"fr-FR\",\"@id\":\"https:\/\/voyage-aventure.com\/blog\/a-la-une\/le-voyage-de-timothy-a-lenderking-aux-emirats-et-a-bahrein-pour-la-paix-regionale\/#primaryimage\",\"url\":\"https:\/\/voyage-aventure.com\/blog\/wp-content\/uploads\/2025\/05\/sdxl-c910570716c243e9605112e47b6b97db-scaled.png\",\"contentUrl\":\"https:\/\/voyage-aventure.com\/blog\/wp-content\/uploads\/2025\/05\/sdxl-c910570716c243e9605112e47b6b97db-scaled.png\",\"width\":1200,\"height\":500},{\"@type\":\"WebSite\",\"@id\":\"https:\/\/voyage-aventure.com\/blog\/#website\",\"url\":\"https:\/\/voyage-aventure.com\/blog\/\",\"name\":\"voyage-aventure.com\",\"description\":\"Votre passeport pour l\u2019inattendu.\",\"publisher\":{\"@id\":\"https:\/\/voyage-aventure.com\/blog\/#organization\"},\"alternateName\":\"Votre passeport pour l\u2019inattendu.\",\"potentialAction\":[{\"@type\":\"SearchAction\",\"target\":{\"@type\":\"EntryPoint\",\"urlTemplate\":\"https:\/\/voyage-aventure.com\/blog\/?s={search_term_string}\"},\"query-input\":{\"@type\":\"PropertyValueSpecification\",\"valueRequired\":true,\"valueName\":\"search_term_string\"}}],\"inLanguage\":\"fr-FR\"},{\"@type\":\"Organization\",\"@id\":\"https:\/\/voyage-aventure.com\/blog\/#organization\",\"name\":\"Foretsensations.fr\",\"url\":\"https:\/\/voyage-aventure.com\/blog\/\",\"logo\":{\"@type\":\"ImageObject\",\"inLanguage\":\"fr-FR\",\"@id\":\"https:\/\/voyage-aventure.com\/blog\/#\/schema\/logo\/image\/\",\"url\":\"https:\/\/voyage-aventure.com\/blog\/wp-content\/uploads\/2024\/12\/19.png\",\"contentUrl\":\"https:\/\/voyage-aventure.com\/blog\/wp-content\/uploads\/2024\/12\/19.png\",\"width\":512,\"height\":512,\"caption\":\"Foretsensations.fr\"},\"image\":{\"@id\":\"https:\/\/voyage-aventure.com\/blog\/#\/schema\/logo\/image\/\"}},{\"@type\":\"Person\",\"@id\":\"https:\/\/voyage-aventure.com\/blog\/#\/schema\/person\/3c864cdc320801e3db34b663e7e3f816\",\"name\":\"Camille Rouvray\",\"image\":{\"@type\":\"ImageObject\",\"inLanguage\":\"fr-FR\",\"@id\":\"https:\/\/voyage-aventure.com\/blog\/#\/schema\/person\/image\/\",\"url\":\"https:\/\/voyage-aventure.com\/blog\/wp-content\/uploads\/2026\/06\/persona_camille-r-96x96.jpg\",\"contentUrl\":\"https:\/\/voyage-aventure.com\/blog\/wp-content\/uploads\/2026\/06\/persona_camille-r-96x96.jpg\",\"caption\":\"Camille Rouvray\"},\"description\":\"Je voyage et j'\u00e9cris sur le voyage depuis une douzaine d'ann\u00e9es, d'abord en tant que routarde au long cours, puis comme r\u00e9dactrice sp\u00e9cialis\u00e9e. Mon terrain de pr\u00e9dilection, ce sont les circuits organis\u00e9s et l'art de bien pr\u00e9parer un itin\u00e9raire : choix de la saison, dur\u00e9e r\u00e9aliste des \u00e9tapes, budget jour par jour, logement et transport sur place. J'aime aussi raconter les p\u00e9pites urbaines, ces adresses qu'on ne trouve pas dans les guides classiques. Avant de publier un dossier destination, je croise toujours plusieurs sources, je v\u00e9rifie les tarifs et les formalit\u00e9s d'entr\u00e9e \u00e0 jour, et je teste moi-m\u00eame quand je le peux. Mon angle reste pratique avant tout : aider le lecteur \u00e0 partir l'esprit tranquille, sans mauvaise surprise une fois sur place. Je m'attache \u00e0 distinguer le coup de c\u0153ur sinc\u00e8re du simple argument marketing.\",\"sameAs\":[\"https:\/\/camillerouvray.fr\/\"],\"url\":\"https:\/\/voyage-aventure.com\/blog\/auteur\/noname\/\"}]}<\/script>\n<!-- \/ Yoast SEO Premium plugin. -->","yoast_head_json":{"title":"Le voyage de Timothy A. Lenderking aux \u00c9mirats et \u00e0 Bahre\u00efn","description":"Selon le d\u00e9partement d'\u00c9tat am\u00e9ricain, Timothy A. Lenderking, haut fonctionnaire du Bureau des affaires du Proche-Orient, effectue en avril 2025 un","robots":{"index":"index","follow":"follow","max-snippet":"max-snippet:-1","max-image-preview":"max-image-preview:large","max-video-preview":"max-video-preview:-1"},"canonical":"https:\/\/voyage-aventure.com\/blog\/a-la-une\/le-voyage-de-timothy-a-lenderking-aux-emirats-et-a-bahrein-pour-la-paix-regionale\/","og_locale":"fr_FR","og_type":"article","og_title":"Le voyage de Timothy A. Lenderking aux \u00c9mirats et \u00e0 Bahre\u00efn","og_description":"Selon le d\u00e9partement d'\u00c9tat am\u00e9ricain, Timothy A. Lenderking, haut fonctionnaire du Bureau des affaires du Proche-Orient, effectue en avril 2025 un","og_url":"https:\/\/voyage-aventure.com\/blog\/a-la-une\/le-voyage-de-timothy-a-lenderking-aux-emirats-et-a-bahrein-pour-la-paix-regionale\/","og_site_name":"voyage-aventure","og_image":[{"width":1200,"height":500,"url":"https:\/\/voyage-aventure.com\/blog\/wp-content\/uploads\/2025\/05\/sdxl-c910570716c243e9605112e47b6b97db-scaled.png","type":"image\/png"}],"author":"Camille Rouvray","twitter_card":"summary_large_image","schema":{"@context":"https:\/\/schema.org","@graph":[{"@type":"NewsArticle","@id":"https:\/\/voyage-aventure.com\/blog\/a-la-une\/le-voyage-de-timothy-a-lenderking-aux-emirats-et-a-bahrein-pour-la-paix-regionale\/#article","isPartOf":{"@id":"https:\/\/voyage-aventure.com\/blog\/a-la-une\/le-voyage-de-timothy-a-lenderking-aux-emirats-et-a-bahrein-pour-la-paix-regionale\/"},"author":{"name":"Camille Rouvray","@id":"https:\/\/voyage-aventure.com\/blog\/#\/schema\/person\/3c864cdc320801e3db34b663e7e3f816"},"headline":"Le voyage de Timothy A. Lenderking aux \u00c9mirats et \u00e0 Bahre\u00efn pour la paix r\u00e9gionale","datePublished":"2026-06-16T16:02:06+00:00","mainEntityOfPage":{"@id":"https:\/\/voyage-aventure.com\/blog\/a-la-une\/le-voyage-de-timothy-a-lenderking-aux-emirats-et-a-bahrein-pour-la-paix-regionale\/"},"wordCount":665,"commentCount":26,"publisher":{"@id":"https:\/\/voyage-aventure.com\/blog\/#organization"},"image":{"@id":"https:\/\/voyage-aventure.com\/blog\/a-la-une\/le-voyage-de-timothy-a-lenderking-aux-emirats-et-a-bahrein-pour-la-paix-regionale\/#primaryimage"},"thumbnailUrl":"https:\/\/voyage-aventure.com\/blog\/wp-content\/uploads\/2025\/05\/sdxl-c910570716c243e9605112e47b6b97db-scaled.png","keywords":["Assistance","\u00c9conomie","Escapade en Europe","Relations Internationales","S\u00e9curit\u00e9"],"articleSection":["\u00c0 la une"],"inLanguage":"fr-FR","potentialAction":[{"@type":"CommentAction","name":"Comment","target":["https:\/\/voyage-aventure.com\/blog\/a-la-une\/le-voyage-de-timothy-a-lenderking-aux-emirats-et-a-bahrein-pour-la-paix-regionale\/#respond"]}]},{"@type":"WebPage","@id":"https:\/\/voyage-aventure.com\/blog\/a-la-une\/le-voyage-de-timothy-a-lenderking-aux-emirats-et-a-bahrein-pour-la-paix-regionale\/","url":"https:\/\/voyage-aventure.com\/blog\/a-la-une\/le-voyage-de-timothy-a-lenderking-aux-emirats-et-a-bahrein-pour-la-paix-regionale\/","name":"Le voyage de Timothy A. Lenderking aux \u00c9mirats et \u00e0 Bahre\u00efn","isPartOf":{"@id":"https:\/\/voyage-aventure.com\/blog\/#website"},"primaryImageOfPage":{"@id":"https:\/\/voyage-aventure.com\/blog\/a-la-une\/le-voyage-de-timothy-a-lenderking-aux-emirats-et-a-bahrein-pour-la-paix-regionale\/#primaryimage"},"image":{"@id":"https:\/\/voyage-aventure.com\/blog\/a-la-une\/le-voyage-de-timothy-a-lenderking-aux-emirats-et-a-bahrein-pour-la-paix-regionale\/#primaryimage"},"thumbnailUrl":"https:\/\/voyage-aventure.com\/blog\/wp-content\/uploads\/2025\/05\/sdxl-c910570716c243e9605112e47b6b97db-scaled.png","datePublished":"2026-06-16T16:02:06+00:00","description":"Selon le d\u00e9partement d'\u00c9tat am\u00e9ricain, Timothy A. Lenderking, haut fonctionnaire du Bureau des affaires du Proche-Orient, effectue en avril 2025 un","inLanguage":"fr-FR","potentialAction":[{"@type":"ReadAction","target":["https:\/\/voyage-aventure.com\/blog\/a-la-une\/le-voyage-de-timothy-a-lenderking-aux-emirats-et-a-bahrein-pour-la-paix-regionale\/"]}]},{"@type":"ImageObject","inLanguage":"fr-FR","@id":"https:\/\/voyage-aventure.com\/blog\/a-la-une\/le-voyage-de-timothy-a-lenderking-aux-emirats-et-a-bahrein-pour-la-paix-regionale\/#primaryimage","url":"https:\/\/voyage-aventure.com\/blog\/wp-content\/uploads\/2025\/05\/sdxl-c910570716c243e9605112e47b6b97db-scaled.png","contentUrl":"https:\/\/voyage-aventure.com\/blog\/wp-content\/uploads\/2025\/05\/sdxl-c910570716c243e9605112e47b6b97db-scaled.png","width":1200,"height":500},{"@type":"WebSite","@id":"https:\/\/voyage-aventure.com\/blog\/#website","url":"https:\/\/voyage-aventure.com\/blog\/","name":"voyage-aventure.com","description":"Votre passeport pour l\u2019inattendu.","publisher":{"@id":"https:\/\/voyage-aventure.com\/blog\/#organization"},"alternateName":"Votre passeport pour l\u2019inattendu.","potentialAction":[{"@type":"SearchAction","target":{"@type":"EntryPoint","urlTemplate":"https:\/\/voyage-aventure.com\/blog\/?s={search_term_string}"},"query-input":{"@type":"PropertyValueSpecification","valueRequired":true,"valueName":"search_term_string"}}],"inLanguage":"fr-FR"},{"@type":"Organization","@id":"https:\/\/voyage-aventure.com\/blog\/#organization","name":"Foretsensations.fr","url":"https:\/\/voyage-aventure.com\/blog\/","logo":{"@type":"ImageObject","inLanguage":"fr-FR","@id":"https:\/\/voyage-aventure.com\/blog\/#\/schema\/logo\/image\/","url":"https:\/\/voyage-aventure.com\/blog\/wp-content\/uploads\/2024\/12\/19.png","contentUrl":"https:\/\/voyage-aventure.com\/blog\/wp-content\/uploads\/2024\/12\/19.png","width":512,"height":512,"caption":"Foretsensations.fr"},"image":{"@id":"https:\/\/voyage-aventure.com\/blog\/#\/schema\/logo\/image\/"}},{"@type":"Person","@id":"https:\/\/voyage-aventure.com\/blog\/#\/schema\/person\/3c864cdc320801e3db34b663e7e3f816","name":"Camille Rouvray","image":{"@type":"ImageObject","inLanguage":"fr-FR","@id":"https:\/\/voyage-aventure.com\/blog\/#\/schema\/person\/image\/","url":"https:\/\/voyage-aventure.com\/blog\/wp-content\/uploads\/2026\/06\/persona_camille-r-96x96.jpg","contentUrl":"https:\/\/voyage-aventure.com\/blog\/wp-content\/uploads\/2026\/06\/persona_camille-r-96x96.jpg","caption":"Camille Rouvray"},"description":"Je voyage et j'\u00e9cris sur le voyage depuis une douzaine d'ann\u00e9es, d'abord en tant que routarde au long cours, puis comme r\u00e9dactrice sp\u00e9cialis\u00e9e. Mon terrain de pr\u00e9dilection, ce sont les circuits organis\u00e9s et l'art de bien pr\u00e9parer un itin\u00e9raire : choix de la saison, dur\u00e9e r\u00e9aliste des \u00e9tapes, budget jour par jour, logement et transport sur place. J'aime aussi raconter les p\u00e9pites urbaines, ces adresses qu'on ne trouve pas dans les guides classiques. Avant de publier un dossier destination, je croise toujours plusieurs sources, je v\u00e9rifie les tarifs et les formalit\u00e9s d'entr\u00e9e \u00e0 jour, et je teste moi-m\u00eame quand je le peux. Mon angle reste pratique avant tout : aider le lecteur \u00e0 partir l'esprit tranquille, sans mauvaise surprise une fois sur place. Je m'attache \u00e0 distinguer le coup de c\u0153ur sinc\u00e8re du simple argument marketing.","sameAs":["https:\/\/camillerouvray.fr\/"],"url":"https:\/\/voyage-aventure.com\/blog\/auteur\/noname\/"}]}},"_links":{"self":[{"href":"https:\/\/voyage-aventure.com\/blog\/wp-json\/wp\/v2\/posts\/18491","targetHints":{"allow":["GET"]}}],"collection":[{"href":"https:\/\/voyage-aventure.com\/blog\/wp-json\/wp\/v2\/posts"}],"about":[{"href":"https:\/\/voyage-aventure.com\/blog\/wp-json\/wp\/v2\/types\/post"}],"author":[{"embeddable":true,"href":"https:\/\/voyage-aventure.com\/blog\/wp-json\/wp\/v2\/users\/34"}],"replies":[{"embeddable":true,"href":"https:\/\/voyage-aventure.com\/blog\/wp-json\/wp\/v2\/comments?post=18491"}],"version-history":[{"count":3,"href":"https:\/\/voyage-aventure.com\/blog\/wp-json\/wp\/v2\/posts\/18491\/revisions"}],"predecessor-version":[{"id":23101,"href":"https:\/\/voyage-aventure.com\/blog\/wp-json\/wp\/v2\/posts\/18491\/revisions\/23101"}],"wp:featuredmedia":[{"embeddable":true,"href":"https:\/\/voyage-aventure.com\/blog\/wp-json\/wp\/v2\/media\/20095"}],"wp:attachment":[{"href":"https:\/\/voyage-aventure.com\/blog\/wp-json\/wp\/v2\/media?parent=18491"}],"wp:term":[{"taxonomy":"category","embeddable":true,"href":"https:\/\/voyage-aventure.com\/blog\/wp-json\/wp\/v2\/categories?post=18491"},{"taxonomy":"post_tag","embeddable":true,"href":"https:\/\/voyage-aventure.com\/blog\/wp-json\/wp\/v2\/tags?post=18491"}],"curies":[{"name":"wp","href":"https:\/\/api.w.org\/{rel}","templated":true}]}}