{"id":18469,"date":"2025-04-07T05:26:29","date_gmt":"2025-04-07T03:26:29","guid":{"rendered":"https:\/\/voyage-aventure.com\/blog\/?p=18469"},"modified":"2025-04-04T15:48:34","modified_gmt":"2025-04-04T13:48:34","slug":"aberdeen-se-prepare-a-accueillir-le-superyacht-de-luxe-de-450-millions-de-livres","status":"publish","type":"post","link":"https:\/\/voyage-aventure.com\/blog\/destinations-aventure\/aberdeen-se-prepare-a-accueillir-le-superyacht-de-luxe-de-450-millions-de-livres\/","title":{"rendered":"aberdeen se pr\u00e9pare \u00e0 accueillir le superyacht de luxe de 450 millions de livres"},"content":{"rendered":"<h2>Un superyacht de luxe fait son entr\u00e9e \u00e0 aberdeen<\/h2>\n<p>Ce navire embl\u00e9matique, long de 207 m\u00e8tres, fera escale au port sud de la ville, marquant une premi\u00e8re pour la r\u00e9gion. Les amateurs de luxe et de croisi\u00e8res haut de gamme attendent cette visite avec impatience.<\/p>\n<p>Le Ritz-Carlton Ilma, dont le voyage inaugural a eu lieu en septembre 2024, propose une exp\u00e9rience hors du commun. Avec des croisi\u00e8res de 11 nuits \u00e0 partir de 16 300 \u00a3 par personne, ce navire red\u00e9finit le terme de luxe dans le secteur maritime.<\/p>\n<h2>Des croisi\u00e8res exclusives \u00e0 travers l&rsquo;Europe<\/h2>\n<p>Le parcours propos\u00e9 par le Ritz-Carlton Ilma est tout aussi impressionnant que le navire lui-m\u00eame. Les passagers pourront explorer des destinations fascinantes, allant de Reykjavik \u00e0 Amsterdam, en passant par Aberdeen et d&rsquo;autres villes pittoresques. Chaque escale promet des exp\u00e9riences culturelles riches et des paysages \u00e0 couper le souffle.<\/p>\n<p>Les suites somptueuses du yacht, au nombre de 224, sont dot\u00e9es de terrasses priv\u00e9es, offrant une vue imprenable sur les mers d&rsquo;Europe. Des cat\u00e9gories de suites haut de gamme, chacune d\u00e9passant 1 000 pieds carr\u00e9s, ajoutent \u00e0 l&rsquo;attrait de ce navire.<\/p>\n<h2>Une nouvelle \u00e8re pour le tourisme \u00e0 aberdeen<\/h2>\n<p>L&rsquo;arriv\u00e9e du Ritz-Carlton Ilma s&rsquo;inscrit dans un contexte plus large, avec un nombre croissant de croisi\u00e8res faisant escale \u00e0 Aberdeen. Le port pr\u00e9voit d&rsquo;accueillir 64 visites de croisi\u00e9ristes en 2025, attirant ainsi des milliers de visiteurs dans la r\u00e9gion. Cette croissance t\u00e9moigne de l&rsquo;attrait croissant d&rsquo;Aberdeen en tant que destination de croisi\u00e8re.<\/p>\n<p>Wendy Atkin-Smith, directrice g\u00e9n\u00e9rale de Viking UK, a exprim\u00e9 son enthousiasme pour cette nouvelle escale : \u00ab\u00a0Aberdeen a tant \u00e0 offrir, avec sa culture c\u00f4ti\u00e8re forte et son histoire riche.\u00a0\u00bb Cette dynamique est soutenue par des initiatives locales visant \u00e0 promouvoir la ville aupr\u00e8s des voyageurs.<\/p>\n<ul>\n<li>Le Ritz-Carlton Ilma mesure 207 m\u00e8tres de long.<\/li>\n<li>Le prix d&rsquo;une croisi\u00e8re de 11 nuits commence \u00e0 16 300 \u00a3 par personne.<\/li>\n<li>Le superyacht propose 224 suites avec terrasses priv\u00e9es.<\/li>\n<li>Aberdeen attend 64 visites de croisi\u00e8res en 2025.<\/li>\n<li>Le port est en pleine expansion pour accueillir plus de navires.<\/li>\n<\/ul>\n<blockquote><p>\n  \u00ab\u00a0Aberdeen est en train de devenir une destination phare pour les lignes de croisi\u00e8res internationales, ce qui apporte d&rsquo;\u00e9normes b\u00e9n\u00e9fices \u00e9conomiques \u00e0 la r\u00e9gion.\u00a0\u00bb &#8211; Bob Sanguinetti, PDG du Port d&rsquo;Aberdeen\n<\/p><\/blockquote>\n<p>En somme, la ville d&rsquo;Aberdeen est en train de se positionner comme un acteur cl\u00e9 dans le secteur du tourisme maritime de luxe. Avec des projets ambitieux et une infrastructure en expansion, le port d&rsquo;Aberdeen est pr\u00eat \u00e0 accueillir des milliers de visiteurs cette saison. La combinaison d&rsquo;un patrimoine riche et d&rsquo;une offre moderne attire de plus en plus de croisi\u00e9ristes, promettant une saison estivale m\u00e9morable.<\/p>\n","protected":false},"excerpt":{"rendered":"","protected":false},"author":34,"featured_media":20653,"comment_status":"open","ping_status":"open","sticky":false,"template":"","format":"standard","meta":{"_acf_changed":false,"manual_indexmenow":false,"indexmenow_id_project":0,"footnotes":""},"categories":[4520],"tags":[4538,4527,4530,4528,5008],"class_list":["post-18469","post","type-post","status-publish","format-standard","has-post-thumbnail","hentry","category-destinations-aventure","tag-activites-variees","tag-decouverte-culturelle","tag-escapade-en-europe","tag-hebergement-abordable","tag-tourisme","generate-columns","tablet-grid-50","mobile-grid-100","grid-parent","grid-25"],"acf":[],"yoast_head":"<!-- This site is optimized with the Yoast SEO Premium plugin v21.3 (Yoast SEO v25.1) - https:\/\/yoast.com\/wordpress\/plugins\/seo\/ -->\n<title>aberdeen se pr\u00e9pare \u00e0 accueillir le superyacht de luxe de<\/title>\n<meta name=\"description\" content=\"Ce navire embl\u00e9matique, long de 207 m\u00e8tres, fera escale au port sud de la ville, marquant une premi\u00e8re pour la r\u00e9gion. Les amateurs de luxe et de\" \/>\n<meta name=\"robots\" content=\"index, follow, max-snippet:-1, max-image-preview:large, max-video-preview:-1\" \/>\n<link rel=\"canonical\" href=\"https:\/\/voyage-aventure.com\/blog\/destinations-aventure\/aberdeen-se-prepare-a-accueillir-le-superyacht-de-luxe-de-450-millions-de-livres\/\" \/>\n<meta property=\"og:locale\" content=\"fr_FR\" \/>\n<meta property=\"og:type\" content=\"article\" \/>\n<meta property=\"og:title\" content=\"aberdeen se pr\u00e9pare \u00e0 accueillir le superyacht de luxe de\" \/>\n<meta property=\"og:description\" content=\"Ce navire embl\u00e9matique, long de 207 m\u00e8tres, fera escale au port sud de la ville, marquant une premi\u00e8re pour la r\u00e9gion. Les amateurs de luxe et de\" \/>\n<meta property=\"og:url\" content=\"https:\/\/voyage-aventure.com\/blog\/destinations-aventure\/aberdeen-se-prepare-a-accueillir-le-superyacht-de-luxe-de-450-millions-de-livres\/\" \/>\n<meta property=\"og:site_name\" content=\"voyage-aventure\" \/>\n<meta property=\"og:image\" content=\"https:\/\/voyage-aventure.com\/blog\/wp-content\/uploads\/2025\/05\/sdxl-49bef1214dae13dd018907d1b61413fa-scaled.png\" \/>\n\t<meta property=\"og:image:width\" content=\"1200\" \/>\n\t<meta property=\"og:image:height\" content=\"500\" \/>\n\t<meta property=\"og:image:type\" content=\"image\/png\" \/>\n<meta name=\"author\" content=\"Camille Rouvray\" \/>\n<meta name=\"twitter:card\" content=\"summary_large_image\" \/>\n<script type=\"application\/ld+json\" class=\"yoast-schema-graph\">{\"@context\":\"https:\/\/schema.org\",\"@graph\":[{\"@type\":\"NewsArticle\",\"@id\":\"https:\/\/voyage-aventure.com\/blog\/destinations-aventure\/aberdeen-se-prepare-a-accueillir-le-superyacht-de-luxe-de-450-millions-de-livres\/#article\",\"isPartOf\":{\"@id\":\"https:\/\/voyage-aventure.com\/blog\/destinations-aventure\/aberdeen-se-prepare-a-accueillir-le-superyacht-de-luxe-de-450-millions-de-livres\/\"},\"author\":{\"name\":\"Camille Rouvray\",\"@id\":\"https:\/\/voyage-aventure.com\/blog\/#\/schema\/person\/3c864cdc320801e3db34b663e7e3f816\"},\"headline\":\"aberdeen se pr\u00e9pare \u00e0 accueillir le superyacht de luxe de 450 millions de livres\",\"datePublished\":\"2025-04-07T03:26:29+00:00\",\"mainEntityOfPage\":{\"@id\":\"https:\/\/voyage-aventure.com\/blog\/destinations-aventure\/aberdeen-se-prepare-a-accueillir-le-superyacht-de-luxe-de-450-millions-de-livres\/\"},\"wordCount\":473,\"commentCount\":23,\"publisher\":{\"@id\":\"https:\/\/voyage-aventure.com\/blog\/#organization\"},\"image\":{\"@id\":\"https:\/\/voyage-aventure.com\/blog\/destinations-aventure\/aberdeen-se-prepare-a-accueillir-le-superyacht-de-luxe-de-450-millions-de-livres\/#primaryimage\"},\"thumbnailUrl\":\"https:\/\/voyage-aventure.com\/blog\/wp-content\/uploads\/2025\/05\/sdxl-49bef1214dae13dd018907d1b61413fa-scaled.png\",\"keywords\":[\"Activit\u00e9s Vari\u00e9es\",\"D\u00e9couverte Culturelle\",\"Escapade en Europe\",\"H\u00e9bergement Abordable\",\"Tourisme\"],\"articleSection\":[\"Destinations Aventure\"],\"inLanguage\":\"fr-FR\",\"potentialAction\":[{\"@type\":\"CommentAction\",\"name\":\"Comment\",\"target\":[\"https:\/\/voyage-aventure.com\/blog\/destinations-aventure\/aberdeen-se-prepare-a-accueillir-le-superyacht-de-luxe-de-450-millions-de-livres\/#respond\"]}]},{\"@type\":\"WebPage\",\"@id\":\"https:\/\/voyage-aventure.com\/blog\/destinations-aventure\/aberdeen-se-prepare-a-accueillir-le-superyacht-de-luxe-de-450-millions-de-livres\/\",\"url\":\"https:\/\/voyage-aventure.com\/blog\/destinations-aventure\/aberdeen-se-prepare-a-accueillir-le-superyacht-de-luxe-de-450-millions-de-livres\/\",\"name\":\"aberdeen se pr\u00e9pare \u00e0 accueillir le superyacht de luxe de\",\"isPartOf\":{\"@id\":\"https:\/\/voyage-aventure.com\/blog\/#website\"},\"primaryImageOfPage\":{\"@id\":\"https:\/\/voyage-aventure.com\/blog\/destinations-aventure\/aberdeen-se-prepare-a-accueillir-le-superyacht-de-luxe-de-450-millions-de-livres\/#primaryimage\"},\"image\":{\"@id\":\"https:\/\/voyage-aventure.com\/blog\/destinations-aventure\/aberdeen-se-prepare-a-accueillir-le-superyacht-de-luxe-de-450-millions-de-livres\/#primaryimage\"},\"thumbnailUrl\":\"https:\/\/voyage-aventure.com\/blog\/wp-content\/uploads\/2025\/05\/sdxl-49bef1214dae13dd018907d1b61413fa-scaled.png\",\"datePublished\":\"2025-04-07T03:26:29+00:00\",\"description\":\"Ce navire embl\u00e9matique, long de 207 m\u00e8tres, fera escale au port sud de la ville, marquant une premi\u00e8re pour la r\u00e9gion. Les amateurs de luxe et de\",\"inLanguage\":\"fr-FR\",\"potentialAction\":[{\"@type\":\"ReadAction\",\"target\":[\"https:\/\/voyage-aventure.com\/blog\/destinations-aventure\/aberdeen-se-prepare-a-accueillir-le-superyacht-de-luxe-de-450-millions-de-livres\/\"]}]},{\"@type\":\"ImageObject\",\"inLanguage\":\"fr-FR\",\"@id\":\"https:\/\/voyage-aventure.com\/blog\/destinations-aventure\/aberdeen-se-prepare-a-accueillir-le-superyacht-de-luxe-de-450-millions-de-livres\/#primaryimage\",\"url\":\"https:\/\/voyage-aventure.com\/blog\/wp-content\/uploads\/2025\/05\/sdxl-49bef1214dae13dd018907d1b61413fa-scaled.png\",\"contentUrl\":\"https:\/\/voyage-aventure.com\/blog\/wp-content\/uploads\/2025\/05\/sdxl-49bef1214dae13dd018907d1b61413fa-scaled.png\",\"width\":1200,\"height\":500},{\"@type\":\"WebSite\",\"@id\":\"https:\/\/voyage-aventure.com\/blog\/#website\",\"url\":\"https:\/\/voyage-aventure.com\/blog\/\",\"name\":\"voyage-aventure.com\",\"description\":\"Votre passeport pour l\u2019inattendu.\",\"publisher\":{\"@id\":\"https:\/\/voyage-aventure.com\/blog\/#organization\"},\"alternateName\":\"Votre passeport pour l\u2019inattendu.\",\"potentialAction\":[{\"@type\":\"SearchAction\",\"target\":{\"@type\":\"EntryPoint\",\"urlTemplate\":\"https:\/\/voyage-aventure.com\/blog\/?s={search_term_string}\"},\"query-input\":{\"@type\":\"PropertyValueSpecification\",\"valueRequired\":true,\"valueName\":\"search_term_string\"}}],\"inLanguage\":\"fr-FR\"},{\"@type\":\"Organization\",\"@id\":\"https:\/\/voyage-aventure.com\/blog\/#organization\",\"name\":\"Foretsensations.fr\",\"url\":\"https:\/\/voyage-aventure.com\/blog\/\",\"logo\":{\"@type\":\"ImageObject\",\"inLanguage\":\"fr-FR\",\"@id\":\"https:\/\/voyage-aventure.com\/blog\/#\/schema\/logo\/image\/\",\"url\":\"https:\/\/voyage-aventure.com\/blog\/wp-content\/uploads\/2024\/12\/19.png\",\"contentUrl\":\"https:\/\/voyage-aventure.com\/blog\/wp-content\/uploads\/2024\/12\/19.png\",\"width\":512,\"height\":512,\"caption\":\"Foretsensations.fr\"},\"image\":{\"@id\":\"https:\/\/voyage-aventure.com\/blog\/#\/schema\/logo\/image\/\"}},{\"@type\":\"Person\",\"@id\":\"https:\/\/voyage-aventure.com\/blog\/#\/schema\/person\/3c864cdc320801e3db34b663e7e3f816\",\"name\":\"Camille Rouvray\",\"image\":{\"@type\":\"ImageObject\",\"inLanguage\":\"fr-FR\",\"@id\":\"https:\/\/voyage-aventure.com\/blog\/#\/schema\/person\/image\/\",\"url\":\"https:\/\/voyage-aventure.com\/blog\/wp-content\/uploads\/2026\/06\/persona_camille-r-96x96.jpg\",\"contentUrl\":\"https:\/\/voyage-aventure.com\/blog\/wp-content\/uploads\/2026\/06\/persona_camille-r-96x96.jpg\",\"caption\":\"Camille Rouvray\"},\"description\":\"Je voyage et j'\u00e9cris sur le voyage depuis une douzaine d'ann\u00e9es, d'abord en tant que routarde au long cours, puis comme r\u00e9dactrice sp\u00e9cialis\u00e9e. Mon terrain de pr\u00e9dilection, ce sont les circuits organis\u00e9s et l'art de bien pr\u00e9parer un itin\u00e9raire : choix de la saison, dur\u00e9e r\u00e9aliste des \u00e9tapes, budget jour par jour, logement et transport sur place. J'aime aussi raconter les p\u00e9pites urbaines, ces adresses qu'on ne trouve pas dans les guides classiques. Avant de publier un dossier destination, je croise toujours plusieurs sources, je v\u00e9rifie les tarifs et les formalit\u00e9s d'entr\u00e9e \u00e0 jour, et je teste moi-m\u00eame quand je le peux. Mon angle reste pratique avant tout : aider le lecteur \u00e0 partir l'esprit tranquille, sans mauvaise surprise une fois sur place. Je m'attache \u00e0 distinguer le coup de c\u0153ur sinc\u00e8re du simple argument marketing.\",\"sameAs\":[\"https:\/\/camillerouvray.fr\/\"],\"url\":\"https:\/\/voyage-aventure.com\/blog\/auteur\/noname\/\"}]}<\/script>\n<!-- \/ Yoast SEO Premium plugin. -->","yoast_head_json":{"title":"aberdeen se pr\u00e9pare \u00e0 accueillir le superyacht de luxe de","description":"Ce navire embl\u00e9matique, long de 207 m\u00e8tres, fera escale au port sud de la ville, marquant une premi\u00e8re pour la r\u00e9gion. Les amateurs de luxe et de","robots":{"index":"index","follow":"follow","max-snippet":"max-snippet:-1","max-image-preview":"max-image-preview:large","max-video-preview":"max-video-preview:-1"},"canonical":"https:\/\/voyage-aventure.com\/blog\/destinations-aventure\/aberdeen-se-prepare-a-accueillir-le-superyacht-de-luxe-de-450-millions-de-livres\/","og_locale":"fr_FR","og_type":"article","og_title":"aberdeen se pr\u00e9pare \u00e0 accueillir le superyacht de luxe de","og_description":"Ce navire embl\u00e9matique, long de 207 m\u00e8tres, fera escale au port sud de la ville, marquant une premi\u00e8re pour la r\u00e9gion. Les amateurs de luxe et de","og_url":"https:\/\/voyage-aventure.com\/blog\/destinations-aventure\/aberdeen-se-prepare-a-accueillir-le-superyacht-de-luxe-de-450-millions-de-livres\/","og_site_name":"voyage-aventure","og_image":[{"width":1200,"height":500,"url":"https:\/\/voyage-aventure.com\/blog\/wp-content\/uploads\/2025\/05\/sdxl-49bef1214dae13dd018907d1b61413fa-scaled.png","type":"image\/png"}],"author":"Camille Rouvray","twitter_card":"summary_large_image","schema":{"@context":"https:\/\/schema.org","@graph":[{"@type":"NewsArticle","@id":"https:\/\/voyage-aventure.com\/blog\/destinations-aventure\/aberdeen-se-prepare-a-accueillir-le-superyacht-de-luxe-de-450-millions-de-livres\/#article","isPartOf":{"@id":"https:\/\/voyage-aventure.com\/blog\/destinations-aventure\/aberdeen-se-prepare-a-accueillir-le-superyacht-de-luxe-de-450-millions-de-livres\/"},"author":{"name":"Camille Rouvray","@id":"https:\/\/voyage-aventure.com\/blog\/#\/schema\/person\/3c864cdc320801e3db34b663e7e3f816"},"headline":"aberdeen se pr\u00e9pare \u00e0 accueillir le superyacht de luxe de 450 millions de livres","datePublished":"2025-04-07T03:26:29+00:00","mainEntityOfPage":{"@id":"https:\/\/voyage-aventure.com\/blog\/destinations-aventure\/aberdeen-se-prepare-a-accueillir-le-superyacht-de-luxe-de-450-millions-de-livres\/"},"wordCount":473,"commentCount":23,"publisher":{"@id":"https:\/\/voyage-aventure.com\/blog\/#organization"},"image":{"@id":"https:\/\/voyage-aventure.com\/blog\/destinations-aventure\/aberdeen-se-prepare-a-accueillir-le-superyacht-de-luxe-de-450-millions-de-livres\/#primaryimage"},"thumbnailUrl":"https:\/\/voyage-aventure.com\/blog\/wp-content\/uploads\/2025\/05\/sdxl-49bef1214dae13dd018907d1b61413fa-scaled.png","keywords":["Activit\u00e9s Vari\u00e9es","D\u00e9couverte Culturelle","Escapade en Europe","H\u00e9bergement Abordable","Tourisme"],"articleSection":["Destinations Aventure"],"inLanguage":"fr-FR","potentialAction":[{"@type":"CommentAction","name":"Comment","target":["https:\/\/voyage-aventure.com\/blog\/destinations-aventure\/aberdeen-se-prepare-a-accueillir-le-superyacht-de-luxe-de-450-millions-de-livres\/#respond"]}]},{"@type":"WebPage","@id":"https:\/\/voyage-aventure.com\/blog\/destinations-aventure\/aberdeen-se-prepare-a-accueillir-le-superyacht-de-luxe-de-450-millions-de-livres\/","url":"https:\/\/voyage-aventure.com\/blog\/destinations-aventure\/aberdeen-se-prepare-a-accueillir-le-superyacht-de-luxe-de-450-millions-de-livres\/","name":"aberdeen se pr\u00e9pare \u00e0 accueillir le superyacht de luxe de","isPartOf":{"@id":"https:\/\/voyage-aventure.com\/blog\/#website"},"primaryImageOfPage":{"@id":"https:\/\/voyage-aventure.com\/blog\/destinations-aventure\/aberdeen-se-prepare-a-accueillir-le-superyacht-de-luxe-de-450-millions-de-livres\/#primaryimage"},"image":{"@id":"https:\/\/voyage-aventure.com\/blog\/destinations-aventure\/aberdeen-se-prepare-a-accueillir-le-superyacht-de-luxe-de-450-millions-de-livres\/#primaryimage"},"thumbnailUrl":"https:\/\/voyage-aventure.com\/blog\/wp-content\/uploads\/2025\/05\/sdxl-49bef1214dae13dd018907d1b61413fa-scaled.png","datePublished":"2025-04-07T03:26:29+00:00","description":"Ce navire embl\u00e9matique, long de 207 m\u00e8tres, fera escale au port sud de la ville, marquant une premi\u00e8re pour la r\u00e9gion. Les amateurs de luxe et de","inLanguage":"fr-FR","potentialAction":[{"@type":"ReadAction","target":["https:\/\/voyage-aventure.com\/blog\/destinations-aventure\/aberdeen-se-prepare-a-accueillir-le-superyacht-de-luxe-de-450-millions-de-livres\/"]}]},{"@type":"ImageObject","inLanguage":"fr-FR","@id":"https:\/\/voyage-aventure.com\/blog\/destinations-aventure\/aberdeen-se-prepare-a-accueillir-le-superyacht-de-luxe-de-450-millions-de-livres\/#primaryimage","url":"https:\/\/voyage-aventure.com\/blog\/wp-content\/uploads\/2025\/05\/sdxl-49bef1214dae13dd018907d1b61413fa-scaled.png","contentUrl":"https:\/\/voyage-aventure.com\/blog\/wp-content\/uploads\/2025\/05\/sdxl-49bef1214dae13dd018907d1b61413fa-scaled.png","width":1200,"height":500},{"@type":"WebSite","@id":"https:\/\/voyage-aventure.com\/blog\/#website","url":"https:\/\/voyage-aventure.com\/blog\/","name":"voyage-aventure.com","description":"Votre passeport pour l\u2019inattendu.","publisher":{"@id":"https:\/\/voyage-aventure.com\/blog\/#organization"},"alternateName":"Votre passeport pour l\u2019inattendu.","potentialAction":[{"@type":"SearchAction","target":{"@type":"EntryPoint","urlTemplate":"https:\/\/voyage-aventure.com\/blog\/?s={search_term_string}"},"query-input":{"@type":"PropertyValueSpecification","valueRequired":true,"valueName":"search_term_string"}}],"inLanguage":"fr-FR"},{"@type":"Organization","@id":"https:\/\/voyage-aventure.com\/blog\/#organization","name":"Foretsensations.fr","url":"https:\/\/voyage-aventure.com\/blog\/","logo":{"@type":"ImageObject","inLanguage":"fr-FR","@id":"https:\/\/voyage-aventure.com\/blog\/#\/schema\/logo\/image\/","url":"https:\/\/voyage-aventure.com\/blog\/wp-content\/uploads\/2024\/12\/19.png","contentUrl":"https:\/\/voyage-aventure.com\/blog\/wp-content\/uploads\/2024\/12\/19.png","width":512,"height":512,"caption":"Foretsensations.fr"},"image":{"@id":"https:\/\/voyage-aventure.com\/blog\/#\/schema\/logo\/image\/"}},{"@type":"Person","@id":"https:\/\/voyage-aventure.com\/blog\/#\/schema\/person\/3c864cdc320801e3db34b663e7e3f816","name":"Camille Rouvray","image":{"@type":"ImageObject","inLanguage":"fr-FR","@id":"https:\/\/voyage-aventure.com\/blog\/#\/schema\/person\/image\/","url":"https:\/\/voyage-aventure.com\/blog\/wp-content\/uploads\/2026\/06\/persona_camille-r-96x96.jpg","contentUrl":"https:\/\/voyage-aventure.com\/blog\/wp-content\/uploads\/2026\/06\/persona_camille-r-96x96.jpg","caption":"Camille Rouvray"},"description":"Je voyage et j'\u00e9cris sur le voyage depuis une douzaine d'ann\u00e9es, d'abord en tant que routarde au long cours, puis comme r\u00e9dactrice sp\u00e9cialis\u00e9e. Mon terrain de pr\u00e9dilection, ce sont les circuits organis\u00e9s et l'art de bien pr\u00e9parer un itin\u00e9raire : choix de la saison, dur\u00e9e r\u00e9aliste des \u00e9tapes, budget jour par jour, logement et transport sur place. J'aime aussi raconter les p\u00e9pites urbaines, ces adresses qu'on ne trouve pas dans les guides classiques. Avant de publier un dossier destination, je croise toujours plusieurs sources, je v\u00e9rifie les tarifs et les formalit\u00e9s d'entr\u00e9e \u00e0 jour, et je teste moi-m\u00eame quand je le peux. Mon angle reste pratique avant tout : aider le lecteur \u00e0 partir l'esprit tranquille, sans mauvaise surprise une fois sur place. Je m'attache \u00e0 distinguer le coup de c\u0153ur sinc\u00e8re du simple argument marketing.","sameAs":["https:\/\/camillerouvray.fr\/"],"url":"https:\/\/voyage-aventure.com\/blog\/auteur\/noname\/"}]}},"_links":{"self":[{"href":"https:\/\/voyage-aventure.com\/blog\/wp-json\/wp\/v2\/posts\/18469","targetHints":{"allow":["GET"]}}],"collection":[{"href":"https:\/\/voyage-aventure.com\/blog\/wp-json\/wp\/v2\/posts"}],"about":[{"href":"https:\/\/voyage-aventure.com\/blog\/wp-json\/wp\/v2\/types\/post"}],"author":[{"embeddable":true,"href":"https:\/\/voyage-aventure.com\/blog\/wp-json\/wp\/v2\/users\/34"}],"replies":[{"embeddable":true,"href":"https:\/\/voyage-aventure.com\/blog\/wp-json\/wp\/v2\/comments?post=18469"}],"version-history":[{"count":1,"href":"https:\/\/voyage-aventure.com\/blog\/wp-json\/wp\/v2\/posts\/18469\/revisions"}],"predecessor-version":[{"id":18652,"href":"https:\/\/voyage-aventure.com\/blog\/wp-json\/wp\/v2\/posts\/18469\/revisions\/18652"}],"wp:featuredmedia":[{"embeddable":true,"href":"https:\/\/voyage-aventure.com\/blog\/wp-json\/wp\/v2\/media\/20653"}],"wp:attachment":[{"href":"https:\/\/voyage-aventure.com\/blog\/wp-json\/wp\/v2\/media?parent=18469"}],"wp:term":[{"taxonomy":"category","embeddable":true,"href":"https:\/\/voyage-aventure.com\/blog\/wp-json\/wp\/v2\/categories?post=18469"},{"taxonomy":"post_tag","embeddable":true,"href":"https:\/\/voyage-aventure.com\/blog\/wp-json\/wp\/v2\/tags?post=18469"}],"curies":[{"name":"wp","href":"https:\/\/api.w.org\/{rel}","templated":true}]}}