{"id":18432,"date":"2025-04-04T10:58:33","date_gmt":"2025-04-04T08:58:33","guid":{"rendered":"https:\/\/voyage-aventure.com\/blog\/?p=18432"},"modified":"2025-04-04T10:09:48","modified_gmt":"2025-04-04T08:09:48","slug":"les-incertitudes-aeriennes-et-les-defis-vers-un-avenir-durable-du-voyage","status":"publish","type":"post","link":"https:\/\/voyage-aventure.com\/blog\/a-la-une\/les-incertitudes-aeriennes-et-les-defis-vers-un-avenir-durable-du-voyage\/","title":{"rendered":"Les incertitudes a\u00e9riennes et les d\u00e9fis vers un avenir durable du voyage"},"content":{"rendered":"<h2>Une r\u00e9action rapide face aux nouvelles taxes<\/h2>\n<p>Les actions des entreprises de voyage ont connu une chute significative, illustrant les inqui\u00e9tudes croissantes concernant la r\u00e9cession. Cette situation soul\u00e8ve des questions sur la r\u00e9silience de l&rsquo;industrie du voyage dans un climat \u00e9conomique incertain.<\/p>\n<p>Les pr\u00e9visions de croissance du secteur ont \u00e9t\u00e9 r\u00e9vis\u00e9es \u00e0 la baisse par Skift Research, passant de 6-9% \u00e0 seulement 2-5% d\u2019ici 2025. Cette r\u00e9vision souligne l\u2019impact des fluctuations \u00e9conomiques sur le secteur du voyage. Les entreprises doivent maintenant naviguer dans un environnement complexe et impr\u00e9visible pour rester comp\u00e9titives.<\/p>\n<p><iframe loading=\"lazy\" title=\"Visioconf\u00e9rence voyage d&#039;affaires : \u00e9volution des comportements et des attentes des entreprises.\" width=\"1200\" height=\"675\" src=\"https:\/\/www.youtube.com\/embed\/GlPe8hdnwG0?feature=oembed\" frameborder=\"0\" allow=\"accelerometer; autoplay; clipboard-write; encrypted-media; gyroscope; picture-in-picture; web-share\" referrerpolicy=\"strict-origin-when-cross-origin\" allowfullscreen><\/iframe><\/p>\n<h2>Impact sur les compagnies a\u00e9riennes<\/h2>\n<p>Les compagnies a\u00e9riennes, telles qu&rsquo;United, Delta et American Airlines, ont vu leurs actions plonger de plus de 8% suite aux nouvelles mesures fiscales. Ces baisses sont le reflet des craintes \u00e9conomiques et des pr\u00e9visions pessimistes partag\u00e9es par plusieurs acteurs du secteur. La situation est d&rsquo;autant plus pr\u00e9occupante pour les compagnies europ\u00e9ennes comme Air France-KLM qui subissent \u00e9galement les r\u00e9percussions.<\/p>\n<p>Les entreprises a\u00e9riennes avaient d\u00e9j\u00e0 ajust\u00e9 leurs pr\u00e9visions pour le premier trimestre, anticipant des r\u00e9sultats d\u00e9cevants. Ce climat d&rsquo;incertitude \u00e9conomique complique encore davantage la planification strat\u00e9gique des compagnies. Elles doivent d\u00e9sormais faire face \u00e0 une pression accrue tout en essayant de maintenir la confiance des investisseurs.<\/p>\n<h2>Vers un objectif de z\u00e9ro \u00e9mission<\/h2>\n<p>Les compagnies a\u00e9riennes s&rsquo;engagent \u00e0 atteindre des objectifs ambitieux de z\u00e9ro \u00e9mission d&rsquo;ici 2050, mais cette qu\u00eate s&rsquo;av\u00e8re complexe. Le manque de production de carburants d&rsquo;aviation durables constitue un frein majeur \u00e0 cette transition. Les acteurs de l&rsquo;industrie soulignent que sans des alternatives \u00e9cologiques, il sera impossible d&rsquo;atteindre les cibles fix\u00e9es.<\/p>\n<p>Un porte-parole de l&rsquo;IATA a exprim\u00e9 des pr\u00e9occupations concernant le soutien insuffisant des gouvernements pour augmenter la production n\u00e9cessaire de carburants durables. Cette situation met en lumi\u00e8re la n\u00e9cessit\u00e9 d&rsquo;une collaboration entre le secteur public et priv\u00e9 pour favoriser des solutions viables. La transition vers un avenir plus durable d\u00e9pendra de l&rsquo;innovation et des investissements dans des technologies respectueuses de l&rsquo;environnement.<\/p>\n<blockquote><p>\n  \u00ab\u00a0La r\u00e9ussite de notre industrie repose sur notre capacit\u00e9 \u00e0 innover et \u00e0 collaborer pour un avenir plus durable.\u00a0\u00bb\n<\/p><\/blockquote>\n<ul>\n<li>Les nouvelles taxes augmentent les risques de r\u00e9cession.<\/li>\n<li>Les pr\u00e9visions de croissance du secteur voyage sont r\u00e9vis\u00e9es \u00e0 la baisse.<\/li>\n<li>Les compagnies a\u00e9riennes subissent des pertes importantes sur le march\u00e9 boursier.<\/li>\n<li>Les objectifs de z\u00e9ro \u00e9mission d&rsquo;ici 2050 sont menac\u00e9s par le manque de carburants durables.<\/li>\n<li>La coop\u00e9ration entre gouvernements et industrie est essentielle pour l&rsquo;innovation.<\/li>\n<\/ul>\n<p>Dans ce contexte, les entreprises de voyage et a\u00e9riennes doivent faire preuve de r\u00e9silience et d&rsquo;innovation pour surmonter ces d\u00e9fis. L&rsquo;adaptabilit\u00e9 sera la cl\u00e9 pour naviguer dans un environnement \u00e9conomique instable. En se concentrant sur la durabilit\u00e9 et l&rsquo;engagement des parties prenantes, l&rsquo;industrie peut esp\u00e9rer un avenir plus prometteur.<\/p>\n","protected":false},"excerpt":{"rendered":"","protected":false},"author":34,"featured_media":19444,"comment_status":"open","ping_status":"open","sticky":false,"template":"","format":"standard","meta":{"_acf_changed":false,"manual_indexmenow":false,"indexmenow_id_project":0,"footnotes":""},"categories":[1],"tags":[4639,4593,4385,5008,4526],"class_list":["post-18432","post","type-post","status-publish","format-standard","has-post-thumbnail","hentry","category-a-la-une","tag-aventure","tag-economie","tag-pratiques-durables","tag-tourisme","tag-voyage-economique","generate-columns","tablet-grid-50","mobile-grid-100","grid-parent","grid-25"],"acf":[],"yoast_head":"<!-- This site is optimized with the Yoast SEO Premium plugin v21.3 (Yoast SEO v25.1) - https:\/\/yoast.com\/wordpress\/plugins\/seo\/ -->\n<title>Les incertitudes a\u00e9riennes et les d\u00e9fis vers un avenir<\/title>\n<meta name=\"description\" content=\"Les actions des entreprises de voyage ont connu une chute significative, illustrant les inqui\u00e9tudes croissantes concernant la r\u00e9cession. Cette situation\" \/>\n<meta name=\"robots\" content=\"index, follow, max-snippet:-1, max-image-preview:large, max-video-preview:-1\" \/>\n<link rel=\"canonical\" href=\"https:\/\/voyage-aventure.com\/blog\/a-la-une\/les-incertitudes-aeriennes-et-les-defis-vers-un-avenir-durable-du-voyage\/\" \/>\n<meta property=\"og:locale\" content=\"fr_FR\" \/>\n<meta property=\"og:type\" content=\"article\" \/>\n<meta property=\"og:title\" content=\"Les incertitudes a\u00e9riennes et les d\u00e9fis vers un avenir\" \/>\n<meta property=\"og:description\" content=\"Les actions des entreprises de voyage ont connu une chute significative, illustrant les inqui\u00e9tudes croissantes concernant la r\u00e9cession. Cette situation\" \/>\n<meta property=\"og:url\" content=\"https:\/\/voyage-aventure.com\/blog\/a-la-une\/les-incertitudes-aeriennes-et-les-defis-vers-un-avenir-durable-du-voyage\/\" \/>\n<meta property=\"og:site_name\" content=\"voyage-aventure\" \/>\n<meta property=\"og:image\" content=\"https:\/\/voyage-aventure.com\/blog\/wp-content\/uploads\/2025\/05\/sdxl-e177019257bc779a134f351db7f837ea-scaled.png\" \/>\n\t<meta property=\"og:image:width\" content=\"1200\" \/>\n\t<meta property=\"og:image:height\" content=\"500\" \/>\n\t<meta property=\"og:image:type\" content=\"image\/png\" \/>\n<meta name=\"author\" content=\"Camille Rouvray\" \/>\n<meta name=\"twitter:card\" content=\"summary_large_image\" \/>\n<script type=\"application\/ld+json\" class=\"yoast-schema-graph\">{\"@context\":\"https:\/\/schema.org\",\"@graph\":[{\"@type\":\"NewsArticle\",\"@id\":\"https:\/\/voyage-aventure.com\/blog\/a-la-une\/les-incertitudes-aeriennes-et-les-defis-vers-un-avenir-durable-du-voyage\/#article\",\"isPartOf\":{\"@id\":\"https:\/\/voyage-aventure.com\/blog\/a-la-une\/les-incertitudes-aeriennes-et-les-defis-vers-un-avenir-durable-du-voyage\/\"},\"author\":{\"name\":\"Camille Rouvray\",\"@id\":\"https:\/\/voyage-aventure.com\/blog\/#\/schema\/person\/3c864cdc320801e3db34b663e7e3f816\"},\"headline\":\"Les incertitudes a\u00e9riennes et les d\u00e9fis vers un avenir durable du voyage\",\"datePublished\":\"2025-04-04T08:58:33+00:00\",\"mainEntityOfPage\":{\"@id\":\"https:\/\/voyage-aventure.com\/blog\/a-la-une\/les-incertitudes-aeriennes-et-les-defis-vers-un-avenir-durable-du-voyage\/\"},\"wordCount\":521,\"commentCount\":25,\"publisher\":{\"@id\":\"https:\/\/voyage-aventure.com\/blog\/#organization\"},\"image\":{\"@id\":\"https:\/\/voyage-aventure.com\/blog\/a-la-une\/les-incertitudes-aeriennes-et-les-defis-vers-un-avenir-durable-du-voyage\/#primaryimage\"},\"thumbnailUrl\":\"https:\/\/voyage-aventure.com\/blog\/wp-content\/uploads\/2025\/05\/sdxl-e177019257bc779a134f351db7f837ea-scaled.png\",\"keywords\":[\"Aventure\",\"\u00c9conomie\",\"Pratiques Durables\",\"Tourisme\",\"Voyage \u00c9conomique\"],\"articleSection\":[\"\u00c0 la une\"],\"inLanguage\":\"fr-FR\",\"potentialAction\":[{\"@type\":\"CommentAction\",\"name\":\"Comment\",\"target\":[\"https:\/\/voyage-aventure.com\/blog\/a-la-une\/les-incertitudes-aeriennes-et-les-defis-vers-un-avenir-durable-du-voyage\/#respond\"]}]},{\"@type\":\"WebPage\",\"@id\":\"https:\/\/voyage-aventure.com\/blog\/a-la-une\/les-incertitudes-aeriennes-et-les-defis-vers-un-avenir-durable-du-voyage\/\",\"url\":\"https:\/\/voyage-aventure.com\/blog\/a-la-une\/les-incertitudes-aeriennes-et-les-defis-vers-un-avenir-durable-du-voyage\/\",\"name\":\"Les incertitudes a\u00e9riennes et les d\u00e9fis vers un avenir\",\"isPartOf\":{\"@id\":\"https:\/\/voyage-aventure.com\/blog\/#website\"},\"primaryImageOfPage\":{\"@id\":\"https:\/\/voyage-aventure.com\/blog\/a-la-une\/les-incertitudes-aeriennes-et-les-defis-vers-un-avenir-durable-du-voyage\/#primaryimage\"},\"image\":{\"@id\":\"https:\/\/voyage-aventure.com\/blog\/a-la-une\/les-incertitudes-aeriennes-et-les-defis-vers-un-avenir-durable-du-voyage\/#primaryimage\"},\"thumbnailUrl\":\"https:\/\/voyage-aventure.com\/blog\/wp-content\/uploads\/2025\/05\/sdxl-e177019257bc779a134f351db7f837ea-scaled.png\",\"datePublished\":\"2025-04-04T08:58:33+00:00\",\"description\":\"Les actions des entreprises de voyage ont connu une chute significative, illustrant les inqui\u00e9tudes croissantes concernant la r\u00e9cession. Cette situation\",\"inLanguage\":\"fr-FR\",\"potentialAction\":[{\"@type\":\"ReadAction\",\"target\":[\"https:\/\/voyage-aventure.com\/blog\/a-la-une\/les-incertitudes-aeriennes-et-les-defis-vers-un-avenir-durable-du-voyage\/\"]}]},{\"@type\":\"ImageObject\",\"inLanguage\":\"fr-FR\",\"@id\":\"https:\/\/voyage-aventure.com\/blog\/a-la-une\/les-incertitudes-aeriennes-et-les-defis-vers-un-avenir-durable-du-voyage\/#primaryimage\",\"url\":\"https:\/\/voyage-aventure.com\/blog\/wp-content\/uploads\/2025\/05\/sdxl-e177019257bc779a134f351db7f837ea-scaled.png\",\"contentUrl\":\"https:\/\/voyage-aventure.com\/blog\/wp-content\/uploads\/2025\/05\/sdxl-e177019257bc779a134f351db7f837ea-scaled.png\",\"width\":1200,\"height\":500},{\"@type\":\"WebSite\",\"@id\":\"https:\/\/voyage-aventure.com\/blog\/#website\",\"url\":\"https:\/\/voyage-aventure.com\/blog\/\",\"name\":\"voyage-aventure.com\",\"description\":\"Votre passeport pour l\u2019inattendu.\",\"publisher\":{\"@id\":\"https:\/\/voyage-aventure.com\/blog\/#organization\"},\"alternateName\":\"Votre passeport pour l\u2019inattendu.\",\"potentialAction\":[{\"@type\":\"SearchAction\",\"target\":{\"@type\":\"EntryPoint\",\"urlTemplate\":\"https:\/\/voyage-aventure.com\/blog\/?s={search_term_string}\"},\"query-input\":{\"@type\":\"PropertyValueSpecification\",\"valueRequired\":true,\"valueName\":\"search_term_string\"}}],\"inLanguage\":\"fr-FR\"},{\"@type\":\"Organization\",\"@id\":\"https:\/\/voyage-aventure.com\/blog\/#organization\",\"name\":\"Foretsensations.fr\",\"url\":\"https:\/\/voyage-aventure.com\/blog\/\",\"logo\":{\"@type\":\"ImageObject\",\"inLanguage\":\"fr-FR\",\"@id\":\"https:\/\/voyage-aventure.com\/blog\/#\/schema\/logo\/image\/\",\"url\":\"https:\/\/voyage-aventure.com\/blog\/wp-content\/uploads\/2024\/12\/19.png\",\"contentUrl\":\"https:\/\/voyage-aventure.com\/blog\/wp-content\/uploads\/2024\/12\/19.png\",\"width\":512,\"height\":512,\"caption\":\"Foretsensations.fr\"},\"image\":{\"@id\":\"https:\/\/voyage-aventure.com\/blog\/#\/schema\/logo\/image\/\"}},{\"@type\":\"Person\",\"@id\":\"https:\/\/voyage-aventure.com\/blog\/#\/schema\/person\/3c864cdc320801e3db34b663e7e3f816\",\"name\":\"Camille Rouvray\",\"image\":{\"@type\":\"ImageObject\",\"inLanguage\":\"fr-FR\",\"@id\":\"https:\/\/voyage-aventure.com\/blog\/#\/schema\/person\/image\/\",\"url\":\"https:\/\/voyage-aventure.com\/blog\/wp-content\/uploads\/2026\/06\/persona_camille-r-96x96.jpg\",\"contentUrl\":\"https:\/\/voyage-aventure.com\/blog\/wp-content\/uploads\/2026\/06\/persona_camille-r-96x96.jpg\",\"caption\":\"Camille Rouvray\"},\"description\":\"Je voyage et j'\u00e9cris sur le voyage depuis une douzaine d'ann\u00e9es, d'abord en tant que routarde au long cours, puis comme r\u00e9dactrice sp\u00e9cialis\u00e9e. Mon terrain de pr\u00e9dilection, ce sont les circuits organis\u00e9s et l'art de bien pr\u00e9parer un itin\u00e9raire : choix de la saison, dur\u00e9e r\u00e9aliste des \u00e9tapes, budget jour par jour, logement et transport sur place. J'aime aussi raconter les p\u00e9pites urbaines, ces adresses qu'on ne trouve pas dans les guides classiques. Avant de publier un dossier destination, je croise toujours plusieurs sources, je v\u00e9rifie les tarifs et les formalit\u00e9s d'entr\u00e9e \u00e0 jour, et je teste moi-m\u00eame quand je le peux. Mon angle reste pratique avant tout : aider le lecteur \u00e0 partir l'esprit tranquille, sans mauvaise surprise une fois sur place. Je m'attache \u00e0 distinguer le coup de c\u0153ur sinc\u00e8re du simple argument marketing.\",\"sameAs\":[\"https:\/\/camillerouvray.fr\/\"],\"url\":\"https:\/\/voyage-aventure.com\/blog\/auteur\/noname\/\"}]}<\/script>\n<!-- \/ Yoast SEO Premium plugin. -->","yoast_head_json":{"title":"Les incertitudes a\u00e9riennes et les d\u00e9fis vers un avenir","description":"Les actions des entreprises de voyage ont connu une chute significative, illustrant les inqui\u00e9tudes croissantes concernant la r\u00e9cession. Cette situation","robots":{"index":"index","follow":"follow","max-snippet":"max-snippet:-1","max-image-preview":"max-image-preview:large","max-video-preview":"max-video-preview:-1"},"canonical":"https:\/\/voyage-aventure.com\/blog\/a-la-une\/les-incertitudes-aeriennes-et-les-defis-vers-un-avenir-durable-du-voyage\/","og_locale":"fr_FR","og_type":"article","og_title":"Les incertitudes a\u00e9riennes et les d\u00e9fis vers un avenir","og_description":"Les actions des entreprises de voyage ont connu une chute significative, illustrant les inqui\u00e9tudes croissantes concernant la r\u00e9cession. Cette situation","og_url":"https:\/\/voyage-aventure.com\/blog\/a-la-une\/les-incertitudes-aeriennes-et-les-defis-vers-un-avenir-durable-du-voyage\/","og_site_name":"voyage-aventure","og_image":[{"width":1200,"height":500,"url":"https:\/\/voyage-aventure.com\/blog\/wp-content\/uploads\/2025\/05\/sdxl-e177019257bc779a134f351db7f837ea-scaled.png","type":"image\/png"}],"author":"Camille Rouvray","twitter_card":"summary_large_image","schema":{"@context":"https:\/\/schema.org","@graph":[{"@type":"NewsArticle","@id":"https:\/\/voyage-aventure.com\/blog\/a-la-une\/les-incertitudes-aeriennes-et-les-defis-vers-un-avenir-durable-du-voyage\/#article","isPartOf":{"@id":"https:\/\/voyage-aventure.com\/blog\/a-la-une\/les-incertitudes-aeriennes-et-les-defis-vers-un-avenir-durable-du-voyage\/"},"author":{"name":"Camille Rouvray","@id":"https:\/\/voyage-aventure.com\/blog\/#\/schema\/person\/3c864cdc320801e3db34b663e7e3f816"},"headline":"Les incertitudes a\u00e9riennes et les d\u00e9fis vers un avenir durable du voyage","datePublished":"2025-04-04T08:58:33+00:00","mainEntityOfPage":{"@id":"https:\/\/voyage-aventure.com\/blog\/a-la-une\/les-incertitudes-aeriennes-et-les-defis-vers-un-avenir-durable-du-voyage\/"},"wordCount":521,"commentCount":25,"publisher":{"@id":"https:\/\/voyage-aventure.com\/blog\/#organization"},"image":{"@id":"https:\/\/voyage-aventure.com\/blog\/a-la-une\/les-incertitudes-aeriennes-et-les-defis-vers-un-avenir-durable-du-voyage\/#primaryimage"},"thumbnailUrl":"https:\/\/voyage-aventure.com\/blog\/wp-content\/uploads\/2025\/05\/sdxl-e177019257bc779a134f351db7f837ea-scaled.png","keywords":["Aventure","\u00c9conomie","Pratiques Durables","Tourisme","Voyage \u00c9conomique"],"articleSection":["\u00c0 la une"],"inLanguage":"fr-FR","potentialAction":[{"@type":"CommentAction","name":"Comment","target":["https:\/\/voyage-aventure.com\/blog\/a-la-une\/les-incertitudes-aeriennes-et-les-defis-vers-un-avenir-durable-du-voyage\/#respond"]}]},{"@type":"WebPage","@id":"https:\/\/voyage-aventure.com\/blog\/a-la-une\/les-incertitudes-aeriennes-et-les-defis-vers-un-avenir-durable-du-voyage\/","url":"https:\/\/voyage-aventure.com\/blog\/a-la-une\/les-incertitudes-aeriennes-et-les-defis-vers-un-avenir-durable-du-voyage\/","name":"Les incertitudes a\u00e9riennes et les d\u00e9fis vers un avenir","isPartOf":{"@id":"https:\/\/voyage-aventure.com\/blog\/#website"},"primaryImageOfPage":{"@id":"https:\/\/voyage-aventure.com\/blog\/a-la-une\/les-incertitudes-aeriennes-et-les-defis-vers-un-avenir-durable-du-voyage\/#primaryimage"},"image":{"@id":"https:\/\/voyage-aventure.com\/blog\/a-la-une\/les-incertitudes-aeriennes-et-les-defis-vers-un-avenir-durable-du-voyage\/#primaryimage"},"thumbnailUrl":"https:\/\/voyage-aventure.com\/blog\/wp-content\/uploads\/2025\/05\/sdxl-e177019257bc779a134f351db7f837ea-scaled.png","datePublished":"2025-04-04T08:58:33+00:00","description":"Les actions des entreprises de voyage ont connu une chute significative, illustrant les inqui\u00e9tudes croissantes concernant la r\u00e9cession. Cette situation","inLanguage":"fr-FR","potentialAction":[{"@type":"ReadAction","target":["https:\/\/voyage-aventure.com\/blog\/a-la-une\/les-incertitudes-aeriennes-et-les-defis-vers-un-avenir-durable-du-voyage\/"]}]},{"@type":"ImageObject","inLanguage":"fr-FR","@id":"https:\/\/voyage-aventure.com\/blog\/a-la-une\/les-incertitudes-aeriennes-et-les-defis-vers-un-avenir-durable-du-voyage\/#primaryimage","url":"https:\/\/voyage-aventure.com\/blog\/wp-content\/uploads\/2025\/05\/sdxl-e177019257bc779a134f351db7f837ea-scaled.png","contentUrl":"https:\/\/voyage-aventure.com\/blog\/wp-content\/uploads\/2025\/05\/sdxl-e177019257bc779a134f351db7f837ea-scaled.png","width":1200,"height":500},{"@type":"WebSite","@id":"https:\/\/voyage-aventure.com\/blog\/#website","url":"https:\/\/voyage-aventure.com\/blog\/","name":"voyage-aventure.com","description":"Votre passeport pour l\u2019inattendu.","publisher":{"@id":"https:\/\/voyage-aventure.com\/blog\/#organization"},"alternateName":"Votre passeport pour l\u2019inattendu.","potentialAction":[{"@type":"SearchAction","target":{"@type":"EntryPoint","urlTemplate":"https:\/\/voyage-aventure.com\/blog\/?s={search_term_string}"},"query-input":{"@type":"PropertyValueSpecification","valueRequired":true,"valueName":"search_term_string"}}],"inLanguage":"fr-FR"},{"@type":"Organization","@id":"https:\/\/voyage-aventure.com\/blog\/#organization","name":"Foretsensations.fr","url":"https:\/\/voyage-aventure.com\/blog\/","logo":{"@type":"ImageObject","inLanguage":"fr-FR","@id":"https:\/\/voyage-aventure.com\/blog\/#\/schema\/logo\/image\/","url":"https:\/\/voyage-aventure.com\/blog\/wp-content\/uploads\/2024\/12\/19.png","contentUrl":"https:\/\/voyage-aventure.com\/blog\/wp-content\/uploads\/2024\/12\/19.png","width":512,"height":512,"caption":"Foretsensations.fr"},"image":{"@id":"https:\/\/voyage-aventure.com\/blog\/#\/schema\/logo\/image\/"}},{"@type":"Person","@id":"https:\/\/voyage-aventure.com\/blog\/#\/schema\/person\/3c864cdc320801e3db34b663e7e3f816","name":"Camille Rouvray","image":{"@type":"ImageObject","inLanguage":"fr-FR","@id":"https:\/\/voyage-aventure.com\/blog\/#\/schema\/person\/image\/","url":"https:\/\/voyage-aventure.com\/blog\/wp-content\/uploads\/2026\/06\/persona_camille-r-96x96.jpg","contentUrl":"https:\/\/voyage-aventure.com\/blog\/wp-content\/uploads\/2026\/06\/persona_camille-r-96x96.jpg","caption":"Camille Rouvray"},"description":"Je voyage et j'\u00e9cris sur le voyage depuis une douzaine d'ann\u00e9es, d'abord en tant que routarde au long cours, puis comme r\u00e9dactrice sp\u00e9cialis\u00e9e. Mon terrain de pr\u00e9dilection, ce sont les circuits organis\u00e9s et l'art de bien pr\u00e9parer un itin\u00e9raire : choix de la saison, dur\u00e9e r\u00e9aliste des \u00e9tapes, budget jour par jour, logement et transport sur place. J'aime aussi raconter les p\u00e9pites urbaines, ces adresses qu'on ne trouve pas dans les guides classiques. Avant de publier un dossier destination, je croise toujours plusieurs sources, je v\u00e9rifie les tarifs et les formalit\u00e9s d'entr\u00e9e \u00e0 jour, et je teste moi-m\u00eame quand je le peux. Mon angle reste pratique avant tout : aider le lecteur \u00e0 partir l'esprit tranquille, sans mauvaise surprise une fois sur place. Je m'attache \u00e0 distinguer le coup de c\u0153ur sinc\u00e8re du simple argument marketing.","sameAs":["https:\/\/camillerouvray.fr\/"],"url":"https:\/\/voyage-aventure.com\/blog\/auteur\/noname\/"}]}},"_links":{"self":[{"href":"https:\/\/voyage-aventure.com\/blog\/wp-json\/wp\/v2\/posts\/18432","targetHints":{"allow":["GET"]}}],"collection":[{"href":"https:\/\/voyage-aventure.com\/blog\/wp-json\/wp\/v2\/posts"}],"about":[{"href":"https:\/\/voyage-aventure.com\/blog\/wp-json\/wp\/v2\/types\/post"}],"author":[{"embeddable":true,"href":"https:\/\/voyage-aventure.com\/blog\/wp-json\/wp\/v2\/users\/34"}],"replies":[{"embeddable":true,"href":"https:\/\/voyage-aventure.com\/blog\/wp-json\/wp\/v2\/comments?post=18432"}],"version-history":[{"count":1,"href":"https:\/\/voyage-aventure.com\/blog\/wp-json\/wp\/v2\/posts\/18432\/revisions"}],"predecessor-version":[{"id":18438,"href":"https:\/\/voyage-aventure.com\/blog\/wp-json\/wp\/v2\/posts\/18432\/revisions\/18438"}],"wp:featuredmedia":[{"embeddable":true,"href":"https:\/\/voyage-aventure.com\/blog\/wp-json\/wp\/v2\/media\/19444"}],"wp:attachment":[{"href":"https:\/\/voyage-aventure.com\/blog\/wp-json\/wp\/v2\/media?parent=18432"}],"wp:term":[{"taxonomy":"category","embeddable":true,"href":"https:\/\/voyage-aventure.com\/blog\/wp-json\/wp\/v2\/categories?post=18432"},{"taxonomy":"post_tag","embeddable":true,"href":"https:\/\/voyage-aventure.com\/blog\/wp-json\/wp\/v2\/tags?post=18432"}],"curies":[{"name":"wp","href":"https:\/\/api.w.org\/{rel}","templated":true}]}}