{"id":17495,"date":"2026-06-12T20:07:30","date_gmt":"2026-06-12T18:07:30","guid":{"rendered":"https:\/\/voyage-aventure.com\/blog\/?p=17495"},"modified":"2026-06-12T20:07:30","modified_gmt":"2026-06-12T18:07:30","slug":"les-nouvelles-realites-du-voyage-americain-face-a-laugmentation-des-couts-en-2025","status":"publish","type":"post","link":"https:\/\/voyage-aventure.com\/blog\/a-la-une\/les-nouvelles-realites-du-voyage-americain-face-a-laugmentation-des-couts-en-2025\/","title":{"rendered":"les nouvelles r\u00e9alit\u00e9s du voyage am\u00e9ricain face \u00e0 l&rsquo;augmentation des co\u00fbts en 2025"},"content":{"rendered":"<link rel=\"stylesheet\" href=\"https:\/\/fonts.googleapis.com\/css2?family=Newsreader:ital,opsz,wght@0,6..72,500..700;1,6..72,500..600&#038;family=Inter:wght@400;500;600&#038;family=JetBrains+Mono:wght@500&#038;display=swap\">\n<style>\n.van-news-wrap{font-family:'Inter',-apple-system,BlinkMacSystemFont,sans-serif;color:#1d2733;line-height:1.65;font-size:17px;--van-acc:#1f6f8b;--van-ink:#16242f;--van-soft:#eef5f7;--van-line:#dbe6ea}\n.van-news-wrap p{margin:0 0 1.1em}\n.van-news-wrap h2{font-family:'Newsreader',Georgia,serif;font-weight:700;font-size:clamp(25px,3.2vw,34px);line-height:1.18;letter-spacing:-.01em;color:var(--van-ink);margin:2.4em 0 .55em}\n.van-news-wrap h3{font-family:'Newsreader',Georgia,serif;font-weight:600;font-size:clamp(20px,2.4vw,24px);color:var(--van-ink);margin:1.6em 0 .4em}\n.van-news-lead{font-family:'Newsreader',Georgia,serif;font-size:clamp(19px,2.3vw,22px);line-height:1.5;color:#2b3946;font-weight:500;margin:0 0 1.5em}\n.van-news-dateline{font-family:'JetBrains Mono',monospace;font-size:12.5px;letter-spacing:.06em;text-transform:uppercase;color:var(--van-acc);font-weight:500;display:inline-block;margin:0 0 .9em;border-left:3px solid var(--van-acc);padding-left:10px}\n.van-news-essential{background:var(--van-soft);border:1px solid var(--van-line);border-left:5px solid var(--van-acc);border-radius:12px;padding:22px 26px;margin:0 0 2em;box-shadow:0 1px 2px rgba(16,24,40,.05),0 12px 28px -18px rgba(16,24,40,.22)}\n.van-news-essential .van-news-eyebrow{font-family:'JetBrains Mono',monospace;font-size:12px;letter-spacing:.1em;text-transform:uppercase;color:var(--van-acc);font-weight:500;margin-bottom:12px}\n.van-news-essential ul{margin:0;padding:0;list-style:none}\n.van-news-essential li{position:relative;padding:7px 0 7px 28px;border-bottom:1px dashed var(--van-line)}\n.van-news-essential li:last-child{border-bottom:0}\n.van-news-essential li::before{content:\"\u203a\";position:absolute;left:6px;top:6px;color:var(--van-acc);font-weight:700;font-size:19px;line-height:1}\n.van-news-essential li b{color:var(--van-ink)}\n.van-news-grid{display:grid;grid-template-columns:repeat(auto-fit,minmax(220px,1fr));gap:20px;margin:1.6em 0}\n.van-news-card{background:#fff;border:1px solid var(--van-line);border-top:3px solid var(--van-acc);border-radius:12px;padding:22px 24px;transition:.25s ease;box-shadow:0 1px 2px rgba(16,24,40,.05)}\n.van-news-card:hover{transform:translateY(-3px);box-shadow:0 1px 2px rgba(16,24,40,.05),0 16px 32px -18px rgba(16,24,40,.28)}\n.van-news-card .van-news-num{font-family:'JetBrains Mono',monospace;font-size:13px;color:var(--van-acc);font-weight:500;letter-spacing:.04em}\n.van-news-card .van-news-ct{font-family:'Newsreader',Georgia,serif;font-size:20px;font-weight:600;color:var(--van-ink);margin:4px 0 8px;line-height:1.25}\n.van-news-card .van-news-txt{font-size:15.5px;color:#3c4a57;line-height:1.55}\n.van-news-quote{font-family:'Newsreader',Georgia,serif;font-style:italic;font-weight:500;font-size:clamp(21px,2.8vw,27px);line-height:1.4;color:var(--van-ink);border-left:5px solid var(--van-acc);padding:6px 0 6px 24px;margin:2em 0}\n.van-news-figure{margin:1.8em 0;text-align:center}\n.van-news-figure img{max-width:100%;height:auto;border-radius:12px;box-shadow:0 14px 34px -20px rgba(16,24,40,.4)}\n.van-news-figure .van-news-cap{font-family:'JetBrains Mono',monospace;font-size:11.5px;letter-spacing:.04em;color:#7a8893;margin-top:10px;text-transform:uppercase}\n.van-news-takeaway{background:var(--van-ink);color:#eaf2f5;border-radius:14px;padding:26px 30px;margin:2.4em 0}\n.van-news-takeaway .van-news-eyebrow{font-family:'JetBrains Mono',monospace;font-size:12px;letter-spacing:.1em;text-transform:uppercase;color:#8fc7d6;margin-bottom:14px}\n.van-news-takeaway ul{margin:0;padding:0;list-style:none}\n.van-news-takeaway li{position:relative;padding:8px 0 8px 26px;border-bottom:1px solid rgba(255,255,255,.1);font-size:16px}\n.van-news-takeaway li:last-child{border-bottom:0}\n.van-news-takeaway li::before{content:\"\u25aa\";position:absolute;left:4px;top:8px;color:#8fc7d6}\n.van-news-faq{margin:1.4em 0}\n.van-news-faq details{background:#fff;border:1px solid var(--van-line);border-radius:10px;margin-bottom:12px;overflow:hidden;transition:.25s ease}\n.van-news-faq details:hover{border-color:var(--van-acc)}\n.van-news-faq summary{cursor:pointer;list-style:none;padding:16px 22px;font-family:'Newsreader',Georgia,serif;font-weight:600;font-size:18px;color:var(--van-ink);position:relative;padding-right:48px}\n.van-news-faq summary::-webkit-details-marker{display:none}\n.van-news-faq summary::after{content:\"+\";position:absolute;right:22px;top:14px;color:var(--van-acc);font-size:24px;font-weight:600;transition:.25s ease}\n.van-news-faq details[open] summary::after{transform:rotate(45deg)}\n.van-news-faq .van-news-ans{padding:0 22px 18px;color:#3c4a57;font-size:16px;line-height:1.6}\n.van-news-ul{margin:1.1em 0;padding-left:1.3em}\n.van-news-ul li{margin:.4em 0}\n@media(max-width:640px){.van-news-grid{grid-template-columns:1fr}}\n<\/style>\n<div class=\"van-news-wrap\">\n<span class=\"van-news-dateline\">\u00c9conomie du voyage \u00b7 Avril 2025<\/span><\/p>\n<p class=\"van-news-lead\">Inflation, billets d&rsquo;avion plus chers et incertitude sur l&#8217;emploi : aux \u00c9tats-Unis, l&rsquo;enthousiasme post-pand\u00e9mique c\u00e8de la place \u00e0 la prudence. En 2025, les Am\u00e9ricains ne renoncent pas \u00e0 voyager, mais r\u00e9organisent en profondeur leurs vacances pour absorber la hausse des co\u00fbts.<\/p>\n<div class=\"van-news-essential\">\n<div class=\"van-news-eyebrow\">L&rsquo;essentiel<\/div>\n<ul>\n<li><b>Quoi.<\/b> La hausse des co\u00fbts de voyage et la chute de la confiance des consommateurs poussent les Am\u00e9ricains \u00e0 revoir leurs plans de vacances pour 2025.<\/li>\n<li><b>Qui \/ quand.<\/b> Donn\u00e9es mars 2025 : la confiance des consommateurs tombe \u00e0 son plus bas niveau depuis plus de quatre ans, et Delta comme American Airlines r\u00e9visent d\u00e9j\u00e0 leurs pr\u00e9visions financi\u00e8res.<\/li>\n<li><b>Pourquoi \u00e7a compte.<\/b> Moins d&rsquo;Am\u00e9ricains envisagent l&rsquo;Europe (37 % contre 45 % un an plus t\u00f4t), au profit de destinations nationales et de pays plus abordables \u2014 un basculement qui p\u00e8se sur le tourisme europ\u00e9en.<\/li>\n<\/ul>\n<\/div>\n<p>Les d\u00e9penses li\u00e9es aux voyages, l&rsquo;inflation et la s\u00e9curit\u00e9 de l&#8217;emploi poussent de nombreux citoyens \u00e0 revoir leurs plans de vacances. Alors que l&rsquo;enthousiasme post-pand\u00e9mique semblait prometteur, la r\u00e9alit\u00e9 \u00e9conomique actuelle incite les Am\u00e9ricains \u00e0 faire preuve de prudence.<\/p>\n<h2>La demande de voyage ralentit, mais persiste<\/h2>\n<p>Selon un rapport de Reuters, la confiance des consommateurs a chut\u00e9 de mani\u00e8re significative en mars, atteignant son niveau le plus bas depuis plus de quatre ans. Les m\u00e9nages craignent une \u00e9ventuelle r\u00e9cession et une inflation galopante, ce qui affecte leurs plans de voyage. Les compagnies a\u00e9riennes, telles que Delta et American Airlines, ajustent d\u00e9j\u00e0 leurs pr\u00e9visions financi\u00e8res pour 2025.<\/p>\n<p>Une enqu\u00eate men\u00e9e par Longwoods International r\u00e9v\u00e8le des donn\u00e9es pr\u00e9occupantes : 42 % des voyageurs s&rsquo;attendent \u00e0 une augmentation de leurs d\u00e9penses cette ann\u00e9e. En revanche, seulement 17 % croient que les prix vont baisser. Ces variations d&rsquo;attentes quant aux co\u00fbts de voyage sont \u00e9galement influenc\u00e9es par l&rsquo;appartenance politique, les d\u00e9mocrates \u00e9tant plus pessimistes que les r\u00e9publicains.<\/p>\n<div class=\"van-news-quote\">Seuls 17 % des voyageurs am\u00e9ricains s&rsquo;attendent \u00e0 une baisse des prix en 2025, contre 42 % qui anticipent une hausse de leurs d\u00e9penses.<\/div>\n<p><iframe loading=\"lazy\" title=\"Voici Pourquoi Vous Ne Devez Jamais Faire De Piercing !\ud83d\ude31\" width=\"1200\" height=\"675\" src=\"https:\/\/www.youtube.com\/embed\/2grH3e2-LxA?feature=oembed\" frameborder=\"0\" allow=\"accelerometer; autoplay; clipboard-write; encrypted-media; gyroscope; picture-in-picture; web-share\" referrerpolicy=\"strict-origin-when-cross-origin\" allowfullscreen><\/iframe><\/p>\n<h2>Moins d&rsquo;Am\u00e9ricains se rendent en Europe<\/h2>\n<p>L&rsquo;augmentation des co\u00fbts de voyage a conduit \u00e0 une baisse significative du nombre d&rsquo;Am\u00e9ricains pr\u00e9voyant de visiter l&rsquo;Europe en 2025. Selon la Commission europ\u00e9enne du voyage, seulement 37 % des voyageurs internationaux, y compris les Am\u00e9ricains, envisagent des destinations europ\u00e9ennes cette ann\u00e9e, une baisse par rapport \u00e0 45 % l&rsquo;ann\u00e9e pr\u00e9c\u00e9dente. C&rsquo;est le plus bas niveau d&rsquo;int\u00e9r\u00eat pour l&rsquo;Europe depuis 2021.<\/p>\n<div class=\"van-news-figure\"><img decoding=\"async\" width=\"1024\" height=\"576\" src=\"https:\/\/voyage-aventure.com\/blog\/wp-content\/uploads\/2025\/04\/stability-les-nouvelles-realites-du-voyage-americain-face-a-laugmentation-des-couts-en-2025-1.png\" class=\"aligncenter\" alt=\"Illustration d\u00e9taill\u00e9e sur les nouvelles r\u00e9alit\u00e9s du voyage am\u00e9ricain face \u00e0 l&#039;augmentation des co\u00fbts en 2025\" title=\"les nouvelles r\u00e9alit\u00e9s du voyage am\u00e9ricain face \u00e0 l&#039;augmentation des co\u00fbts en 2025\" loading=\"lazy\" \/><\/p>\n<div class=\"van-news-cap\">Le voyage am\u00e9ricain face \u00e0 la hausse des co\u00fbts en 2025<\/div>\n<\/div>\n<p>Les co\u00fbts \u00e9lev\u00e9s sont cit\u00e9s comme la principale raison pour laquelle les Am\u00e9ricains \u00e9vitent l&rsquo;Europe, suivis par une pr\u00e9f\u00e9rence marqu\u00e9e pour les voyages nationaux. Les destinations europ\u00e9ennes pourraient perdre jusqu&rsquo;\u00e0 500 000 visiteurs am\u00e9ricains cet \u00e9t\u00e9, ce qui nuirait aux h\u00f4tels et aux entreprises qui d\u00e9pendent traditionnellement des d\u00e9penses \u00e9lev\u00e9es des touristes am\u00e9ricains.<\/p>\n<p>Pour adapter leurs projets, les voyageurs am\u00e9ricains ajustent leur calendrier, leurs destinations et leur budget :<\/p>\n<div class=\"van-news-grid\">\n<div class=\"van-news-card\">\n<div class=\"van-news-num\">01 \u00b7 Calendrier<\/div>\n<div class=\"van-news-ct\">Voyager hors saison<\/div>\n<div class=\"van-news-txt\">Privil\u00e9gier avril, mai, septembre et octobre plut\u00f4t que juillet et ao\u00fbt, pour profiter de tarifs plus doux et d&rsquo;une affluence r\u00e9duite.<\/div>\n<\/div>\n<div class=\"van-news-card\">\n<div class=\"van-news-num\">02 \u00b7 Destinations<\/div>\n<div class=\"van-news-ct\">\u00c9viter les capitales ch\u00e8res<\/div>\n<div class=\"van-news-txt\">D\u00e9laisser des villes co\u00fbteuses comme Paris et Londres au profit de destinations europ\u00e9ennes plus abordables.<\/div>\n<\/div>\n<div class=\"van-news-card\">\n<div class=\"van-news-num\">03 \u00b7 Budget<\/div>\n<div class=\"van-news-ct\">Choisir des pays moins chers<\/div>\n<div class=\"van-news-txt\">R\u00e9server des s\u00e9jours dans des pays au co\u00fbt de la vie plus bas, comme l&rsquo;Albanie et la Croatie.<\/div>\n<\/div>\n<\/div>\n<h2>Le voyage domestique est en plein essor<\/h2>\n<p>Malgr\u00e9 la pression financi\u00e8re, les Am\u00e9ricains ne restent pas confin\u00e9s chez eux. Les prix des billets d&rsquo;avion sont devenus un facteur d\u00e9terminant pour 31 % des voyageurs pr\u00e9voyant des voyages en mars, contre 26 % en janvier. Cela conduit \u00e0 un int\u00e9r\u00eat accru pour les destinations nationales, souvent moins co\u00fbteuses.<\/p>\n<p>Les pr\u00e9visions pour le secteur du voyage aux \u00c9tats-Unis montrent une croissance continue des d\u00e9penses, aid\u00e9e par la confiance des consommateurs et des investissements soutenus dans le secteur. Le rapport de pr\u00e9visions de voyages d&rsquo;hiver 2025 indique que les d\u00e9penses de voyage totales augmenteront de 3,9 % pour atteindre 1,35 trillion de dollars, le m\u00eame niveau qu&rsquo;en 2019 ajust\u00e9 pour l&rsquo;inflation.<\/p>\n<p>Bien que le nombre de passagers a\u00e9riens nationaux ait atteint un niveau record en 2024, la croissance des d\u00e9penses en voyages a\u00e9riens n&rsquo;a pas suivi le m\u00eame rythme. N\u00e9anmoins, le secteur du voyage de loisirs est en passe d&rsquo;atteindre des niveaux pr\u00e9-pand\u00e9miques avec des d\u00e9penses de 1 trillion de dollars, t\u00e9moignant de la volont\u00e9 des Am\u00e9ricains de continuer \u00e0 investir dans leurs voyages malgr\u00e9 les co\u00fbts en hausse.<\/p>\n<div class=\"van-news-takeaway\">\n<div class=\"van-news-eyebrow\">\u00c0 retenir<\/div>\n<ul>\n<li>La confiance des consommateurs au plus bas depuis plus de quatre ans pousse les m\u00e9nages am\u00e9ricains \u00e0 la prudence sur leurs vacances 2025.<\/li>\n<li>L&rsquo;Europe recule comme destination : 37 % d&rsquo;int\u00e9r\u00eat contre 45 % un an plus t\u00f4t, et jusqu&rsquo;\u00e0 500 000 visiteurs am\u00e9ricains potentiellement en moins cet \u00e9t\u00e9.<\/li>\n<li>Les voyageurs s&rsquo;adaptent : hors saison, villes moins ch\u00e8res, pays plus abordables comme l&rsquo;Albanie ou la Croatie.<\/li>\n<li>Le voyage domestique progresse, port\u00e9 par le co\u00fbt des billets d&rsquo;avion devenu d\u00e9terminant pour 31 % des voyageurs.<\/li>\n<li>Malgr\u00e9 tout, les d\u00e9penses de voyage totales devraient grimper de 3,9 % pour atteindre 1,35 trillion de dollars en 2025.<\/li>\n<\/ul>\n<\/div>\n<h2>Questions fr\u00e9quentes<\/h2>\n<div class=\"van-news-faq\">\n<details>\n<summary>Pourquoi les Am\u00e9ricains voyagent-ils moins en Europe en 2025 ?<\/summary>\n<div class=\"van-news-ans\">Principalement \u00e0 cause des co\u00fbts \u00e9lev\u00e9s, cit\u00e9s comme la premi\u00e8re raison, et d&rsquo;une pr\u00e9f\u00e9rence croissante pour les voyages nationaux. Selon la Commission europ\u00e9enne du voyage, seuls 37 % des voyageurs internationaux envisagent l&rsquo;Europe cette ann\u00e9e, contre 45 % un an plus t\u00f4t \u2014 le plus bas niveau d&rsquo;int\u00e9r\u00eat depuis 2021.<\/div>\n<\/details>\n<details>\n<summary>Les Am\u00e9ricains renoncent-ils \u00e0 voyager \u00e0 cause de la hausse des co\u00fbts ?<\/summary>\n<div class=\"van-news-ans\">Non. La demande ralentit mais persiste : ils r\u00e9organisent plut\u00f4t leurs plans. Le voyage domestique est en plein essor et les d\u00e9penses de voyage totales devraient m\u00eame augmenter de 3,9 % en 2025, pour atteindre 1,35 trillion de dollars.<\/div>\n<\/details>\n<details>\n<summary>Quelles strat\u00e9gies adoptent les voyageurs pour r\u00e9duire la facture ?<\/summary>\n<div class=\"van-news-ans\">Trois leviers principaux : voyager hors saison (avril, mai, septembre, octobre plut\u00f4t que juillet-ao\u00fbt), \u00e9viter les villes ch\u00e8res comme Paris et Londres, et privil\u00e9gier des pays au co\u00fbt de la vie plus bas comme l&rsquo;Albanie et la Croatie.<\/div>\n<\/details>\n<details>\n<summary>Quel impact pour le tourisme europ\u00e9en ?<\/summary>\n<div class=\"van-news-ans\">Les destinations europ\u00e9ennes pourraient perdre jusqu&rsquo;\u00e0 500 000 visiteurs am\u00e9ricains cet \u00e9t\u00e9, ce qui p\u00e8serait sur les h\u00f4tels et les entreprises qui d\u00e9pendent traditionnellement des d\u00e9penses \u00e9lev\u00e9es des touristes am\u00e9ricains.<\/div>\n<\/details>\n<\/div>\n<\/div>\n","protected":false},"excerpt":{"rendered":"","protected":false},"author":34,"featured_media":17496,"comment_status":"open","ping_status":"open","sticky":false,"template":"","format":"standard","meta":{"_acf_changed":false,"manual_indexmenow":false,"indexmenow_id_project":0,"footnotes":""},"categories":[1],"tags":[4636,4452,4530,4526,5834],"class_list":["post-17495","post","type-post","status-publish","format-standard","has-post-thumbnail","hentry","category-a-la-une","tag-destinations","tag-economies","tag-escapade-en-europe","tag-voyage-economique","tag-voyage-en-famille","generate-columns","tablet-grid-50","mobile-grid-100","grid-parent","grid-25"],"acf":[],"yoast_head":"<!-- This site is optimized with the Yoast SEO Premium plugin v21.3 (Yoast SEO v25.1) - https:\/\/yoast.com\/wordpress\/plugins\/seo\/ -->\n<title>les nouvelles r\u00e9alit\u00e9s du voyage am\u00e9ricain face \u00e0<\/title>\n<meta name=\"description\" content=\"Inflation, billets d&#039;avion plus chers et incertitude sur l&#039;emploi : aux \u00c9tats-Unis, l&#039;enthousiasme post-pand\u00e9mique c\u00e8de la place \u00e0 la prudence. En 2025\" \/>\n<meta name=\"robots\" content=\"index, follow, max-snippet:-1, max-image-preview:large, max-video-preview:-1\" \/>\n<link rel=\"canonical\" href=\"https:\/\/voyage-aventure.com\/blog\/a-la-une\/les-nouvelles-realites-du-voyage-americain-face-a-laugmentation-des-couts-en-2025\/\" \/>\n<meta property=\"og:locale\" content=\"fr_FR\" \/>\n<meta property=\"og:type\" content=\"article\" \/>\n<meta property=\"og:title\" content=\"les nouvelles r\u00e9alit\u00e9s du voyage am\u00e9ricain face \u00e0\" \/>\n<meta property=\"og:description\" content=\"Inflation, billets d&#039;avion plus chers et incertitude sur l&#039;emploi : aux \u00c9tats-Unis, l&#039;enthousiasme post-pand\u00e9mique c\u00e8de la place \u00e0 la prudence. En 2025\" \/>\n<meta property=\"og:url\" content=\"https:\/\/voyage-aventure.com\/blog\/a-la-une\/les-nouvelles-realites-du-voyage-americain-face-a-laugmentation-des-couts-en-2025\/\" \/>\n<meta property=\"og:site_name\" content=\"voyage-aventure\" \/>\n<meta property=\"og:image\" content=\"https:\/\/voyage-aventure.com\/blog\/wp-content\/uploads\/2025\/04\/stability-les-nouvelles-realites-du-voyage-americain-face-a-laugmentation-des-couts-en-2025.png\" \/>\n\t<meta property=\"og:image:width\" content=\"1024\" \/>\n\t<meta property=\"og:image:height\" content=\"576\" \/>\n\t<meta property=\"og:image:type\" content=\"image\/png\" \/>\n<meta name=\"author\" content=\"Camille Rouvray\" \/>\n<meta name=\"twitter:card\" content=\"summary_large_image\" \/>\n<script type=\"application\/ld+json\" class=\"yoast-schema-graph\">{\"@context\":\"https:\/\/schema.org\",\"@graph\":[{\"@type\":\"NewsArticle\",\"@id\":\"https:\/\/voyage-aventure.com\/blog\/a-la-une\/les-nouvelles-realites-du-voyage-americain-face-a-laugmentation-des-couts-en-2025\/#article\",\"isPartOf\":{\"@id\":\"https:\/\/voyage-aventure.com\/blog\/a-la-une\/les-nouvelles-realites-du-voyage-americain-face-a-laugmentation-des-couts-en-2025\/\"},\"author\":{\"name\":\"Camille Rouvray\",\"@id\":\"https:\/\/voyage-aventure.com\/blog\/#\/schema\/person\/3c864cdc320801e3db34b663e7e3f816\"},\"headline\":\"les nouvelles r\u00e9alit\u00e9s du voyage am\u00e9ricain face \u00e0 l&rsquo;augmentation des co\u00fbts en 2025\",\"datePublished\":\"2026-06-12T18:07:30+00:00\",\"mainEntityOfPage\":{\"@id\":\"https:\/\/voyage-aventure.com\/blog\/a-la-une\/les-nouvelles-realites-du-voyage-americain-face-a-laugmentation-des-couts-en-2025\/\"},\"wordCount\":1153,\"commentCount\":22,\"publisher\":{\"@id\":\"https:\/\/voyage-aventure.com\/blog\/#organization\"},\"image\":{\"@id\":\"https:\/\/voyage-aventure.com\/blog\/a-la-une\/les-nouvelles-realites-du-voyage-americain-face-a-laugmentation-des-couts-en-2025\/#primaryimage\"},\"thumbnailUrl\":\"https:\/\/voyage-aventure.com\/blog\/wp-content\/uploads\/2025\/04\/stability-les-nouvelles-realites-du-voyage-americain-face-a-laugmentation-des-couts-en-2025.png\",\"keywords\":[\"Destinations\",\"\u00c9conomies\",\"Escapade en Europe\",\"Voyage \u00c9conomique\",\"Voyage en famille\"],\"articleSection\":[\"\u00c0 la une\"],\"inLanguage\":\"fr-FR\",\"potentialAction\":[{\"@type\":\"CommentAction\",\"name\":\"Comment\",\"target\":[\"https:\/\/voyage-aventure.com\/blog\/a-la-une\/les-nouvelles-realites-du-voyage-americain-face-a-laugmentation-des-couts-en-2025\/#respond\"]}]},{\"@type\":\"WebPage\",\"@id\":\"https:\/\/voyage-aventure.com\/blog\/a-la-une\/les-nouvelles-realites-du-voyage-americain-face-a-laugmentation-des-couts-en-2025\/\",\"url\":\"https:\/\/voyage-aventure.com\/blog\/a-la-une\/les-nouvelles-realites-du-voyage-americain-face-a-laugmentation-des-couts-en-2025\/\",\"name\":\"les nouvelles r\u00e9alit\u00e9s du voyage am\u00e9ricain face \u00e0\",\"isPartOf\":{\"@id\":\"https:\/\/voyage-aventure.com\/blog\/#website\"},\"primaryImageOfPage\":{\"@id\":\"https:\/\/voyage-aventure.com\/blog\/a-la-une\/les-nouvelles-realites-du-voyage-americain-face-a-laugmentation-des-couts-en-2025\/#primaryimage\"},\"image\":{\"@id\":\"https:\/\/voyage-aventure.com\/blog\/a-la-une\/les-nouvelles-realites-du-voyage-americain-face-a-laugmentation-des-couts-en-2025\/#primaryimage\"},\"thumbnailUrl\":\"https:\/\/voyage-aventure.com\/blog\/wp-content\/uploads\/2025\/04\/stability-les-nouvelles-realites-du-voyage-americain-face-a-laugmentation-des-couts-en-2025.png\",\"datePublished\":\"2026-06-12T18:07:30+00:00\",\"description\":\"Inflation, billets d'avion plus chers et incertitude sur l'emploi : aux \u00c9tats-Unis, l'enthousiasme post-pand\u00e9mique c\u00e8de la place \u00e0 la prudence. En 2025\",\"inLanguage\":\"fr-FR\",\"potentialAction\":[{\"@type\":\"ReadAction\",\"target\":[\"https:\/\/voyage-aventure.com\/blog\/a-la-une\/les-nouvelles-realites-du-voyage-americain-face-a-laugmentation-des-couts-en-2025\/\"]}]},{\"@type\":\"ImageObject\",\"inLanguage\":\"fr-FR\",\"@id\":\"https:\/\/voyage-aventure.com\/blog\/a-la-une\/les-nouvelles-realites-du-voyage-americain-face-a-laugmentation-des-couts-en-2025\/#primaryimage\",\"url\":\"https:\/\/voyage-aventure.com\/blog\/wp-content\/uploads\/2025\/04\/stability-les-nouvelles-realites-du-voyage-americain-face-a-laugmentation-des-couts-en-2025.png\",\"contentUrl\":\"https:\/\/voyage-aventure.com\/blog\/wp-content\/uploads\/2025\/04\/stability-les-nouvelles-realites-du-voyage-americain-face-a-laugmentation-des-couts-en-2025.png\",\"width\":1024,\"height\":576},{\"@type\":\"WebSite\",\"@id\":\"https:\/\/voyage-aventure.com\/blog\/#website\",\"url\":\"https:\/\/voyage-aventure.com\/blog\/\",\"name\":\"voyage-aventure.com\",\"description\":\"Votre passeport pour l\u2019inattendu.\",\"publisher\":{\"@id\":\"https:\/\/voyage-aventure.com\/blog\/#organization\"},\"alternateName\":\"Votre passeport pour l\u2019inattendu.\",\"potentialAction\":[{\"@type\":\"SearchAction\",\"target\":{\"@type\":\"EntryPoint\",\"urlTemplate\":\"https:\/\/voyage-aventure.com\/blog\/?s={search_term_string}\"},\"query-input\":{\"@type\":\"PropertyValueSpecification\",\"valueRequired\":true,\"valueName\":\"search_term_string\"}}],\"inLanguage\":\"fr-FR\"},{\"@type\":\"Organization\",\"@id\":\"https:\/\/voyage-aventure.com\/blog\/#organization\",\"name\":\"Foretsensations.fr\",\"url\":\"https:\/\/voyage-aventure.com\/blog\/\",\"logo\":{\"@type\":\"ImageObject\",\"inLanguage\":\"fr-FR\",\"@id\":\"https:\/\/voyage-aventure.com\/blog\/#\/schema\/logo\/image\/\",\"url\":\"https:\/\/voyage-aventure.com\/blog\/wp-content\/uploads\/2024\/12\/19.png\",\"contentUrl\":\"https:\/\/voyage-aventure.com\/blog\/wp-content\/uploads\/2024\/12\/19.png\",\"width\":512,\"height\":512,\"caption\":\"Foretsensations.fr\"},\"image\":{\"@id\":\"https:\/\/voyage-aventure.com\/blog\/#\/schema\/logo\/image\/\"}},{\"@type\":\"Person\",\"@id\":\"https:\/\/voyage-aventure.com\/blog\/#\/schema\/person\/3c864cdc320801e3db34b663e7e3f816\",\"name\":\"Camille Rouvray\",\"image\":{\"@type\":\"ImageObject\",\"inLanguage\":\"fr-FR\",\"@id\":\"https:\/\/voyage-aventure.com\/blog\/#\/schema\/person\/image\/\",\"url\":\"https:\/\/voyage-aventure.com\/blog\/wp-content\/uploads\/2026\/06\/persona_camille-r-96x96.jpg\",\"contentUrl\":\"https:\/\/voyage-aventure.com\/blog\/wp-content\/uploads\/2026\/06\/persona_camille-r-96x96.jpg\",\"caption\":\"Camille Rouvray\"},\"description\":\"Je voyage et j'\u00e9cris sur le voyage depuis une douzaine d'ann\u00e9es, d'abord en tant que routarde au long cours, puis comme r\u00e9dactrice sp\u00e9cialis\u00e9e. Mon terrain de pr\u00e9dilection, ce sont les circuits organis\u00e9s et l'art de bien pr\u00e9parer un itin\u00e9raire : choix de la saison, dur\u00e9e r\u00e9aliste des \u00e9tapes, budget jour par jour, logement et transport sur place. J'aime aussi raconter les p\u00e9pites urbaines, ces adresses qu'on ne trouve pas dans les guides classiques. Avant de publier un dossier destination, je croise toujours plusieurs sources, je v\u00e9rifie les tarifs et les formalit\u00e9s d'entr\u00e9e \u00e0 jour, et je teste moi-m\u00eame quand je le peux. Mon angle reste pratique avant tout : aider le lecteur \u00e0 partir l'esprit tranquille, sans mauvaise surprise une fois sur place. Je m'attache \u00e0 distinguer le coup de c\u0153ur sinc\u00e8re du simple argument marketing.\",\"sameAs\":[\"https:\/\/camillerouvray.fr\/\"],\"url\":\"https:\/\/voyage-aventure.com\/blog\/auteur\/noname\/\"}]}<\/script>\n<!-- \/ Yoast SEO Premium plugin. -->","yoast_head_json":{"title":"les nouvelles r\u00e9alit\u00e9s du voyage am\u00e9ricain face \u00e0","description":"Inflation, billets d'avion plus chers et incertitude sur l'emploi : aux \u00c9tats-Unis, l'enthousiasme post-pand\u00e9mique c\u00e8de la place \u00e0 la prudence. En 2025","robots":{"index":"index","follow":"follow","max-snippet":"max-snippet:-1","max-image-preview":"max-image-preview:large","max-video-preview":"max-video-preview:-1"},"canonical":"https:\/\/voyage-aventure.com\/blog\/a-la-une\/les-nouvelles-realites-du-voyage-americain-face-a-laugmentation-des-couts-en-2025\/","og_locale":"fr_FR","og_type":"article","og_title":"les nouvelles r\u00e9alit\u00e9s du voyage am\u00e9ricain face \u00e0","og_description":"Inflation, billets d'avion plus chers et incertitude sur l'emploi : aux \u00c9tats-Unis, l'enthousiasme post-pand\u00e9mique c\u00e8de la place \u00e0 la prudence. En 2025","og_url":"https:\/\/voyage-aventure.com\/blog\/a-la-une\/les-nouvelles-realites-du-voyage-americain-face-a-laugmentation-des-couts-en-2025\/","og_site_name":"voyage-aventure","og_image":[{"width":1024,"height":576,"url":"https:\/\/voyage-aventure.com\/blog\/wp-content\/uploads\/2025\/04\/stability-les-nouvelles-realites-du-voyage-americain-face-a-laugmentation-des-couts-en-2025.png","type":"image\/png"}],"author":"Camille Rouvray","twitter_card":"summary_large_image","schema":{"@context":"https:\/\/schema.org","@graph":[{"@type":"NewsArticle","@id":"https:\/\/voyage-aventure.com\/blog\/a-la-une\/les-nouvelles-realites-du-voyage-americain-face-a-laugmentation-des-couts-en-2025\/#article","isPartOf":{"@id":"https:\/\/voyage-aventure.com\/blog\/a-la-une\/les-nouvelles-realites-du-voyage-americain-face-a-laugmentation-des-couts-en-2025\/"},"author":{"name":"Camille Rouvray","@id":"https:\/\/voyage-aventure.com\/blog\/#\/schema\/person\/3c864cdc320801e3db34b663e7e3f816"},"headline":"les nouvelles r\u00e9alit\u00e9s du voyage am\u00e9ricain face \u00e0 l&rsquo;augmentation des co\u00fbts en 2025","datePublished":"2026-06-12T18:07:30+00:00","mainEntityOfPage":{"@id":"https:\/\/voyage-aventure.com\/blog\/a-la-une\/les-nouvelles-realites-du-voyage-americain-face-a-laugmentation-des-couts-en-2025\/"},"wordCount":1153,"commentCount":22,"publisher":{"@id":"https:\/\/voyage-aventure.com\/blog\/#organization"},"image":{"@id":"https:\/\/voyage-aventure.com\/blog\/a-la-une\/les-nouvelles-realites-du-voyage-americain-face-a-laugmentation-des-couts-en-2025\/#primaryimage"},"thumbnailUrl":"https:\/\/voyage-aventure.com\/blog\/wp-content\/uploads\/2025\/04\/stability-les-nouvelles-realites-du-voyage-americain-face-a-laugmentation-des-couts-en-2025.png","keywords":["Destinations","\u00c9conomies","Escapade en Europe","Voyage \u00c9conomique","Voyage en famille"],"articleSection":["\u00c0 la une"],"inLanguage":"fr-FR","potentialAction":[{"@type":"CommentAction","name":"Comment","target":["https:\/\/voyage-aventure.com\/blog\/a-la-une\/les-nouvelles-realites-du-voyage-americain-face-a-laugmentation-des-couts-en-2025\/#respond"]}]},{"@type":"WebPage","@id":"https:\/\/voyage-aventure.com\/blog\/a-la-une\/les-nouvelles-realites-du-voyage-americain-face-a-laugmentation-des-couts-en-2025\/","url":"https:\/\/voyage-aventure.com\/blog\/a-la-une\/les-nouvelles-realites-du-voyage-americain-face-a-laugmentation-des-couts-en-2025\/","name":"les nouvelles r\u00e9alit\u00e9s du voyage am\u00e9ricain face \u00e0","isPartOf":{"@id":"https:\/\/voyage-aventure.com\/blog\/#website"},"primaryImageOfPage":{"@id":"https:\/\/voyage-aventure.com\/blog\/a-la-une\/les-nouvelles-realites-du-voyage-americain-face-a-laugmentation-des-couts-en-2025\/#primaryimage"},"image":{"@id":"https:\/\/voyage-aventure.com\/blog\/a-la-une\/les-nouvelles-realites-du-voyage-americain-face-a-laugmentation-des-couts-en-2025\/#primaryimage"},"thumbnailUrl":"https:\/\/voyage-aventure.com\/blog\/wp-content\/uploads\/2025\/04\/stability-les-nouvelles-realites-du-voyage-americain-face-a-laugmentation-des-couts-en-2025.png","datePublished":"2026-06-12T18:07:30+00:00","description":"Inflation, billets d'avion plus chers et incertitude sur l'emploi : aux \u00c9tats-Unis, l'enthousiasme post-pand\u00e9mique c\u00e8de la place \u00e0 la prudence. En 2025","inLanguage":"fr-FR","potentialAction":[{"@type":"ReadAction","target":["https:\/\/voyage-aventure.com\/blog\/a-la-une\/les-nouvelles-realites-du-voyage-americain-face-a-laugmentation-des-couts-en-2025\/"]}]},{"@type":"ImageObject","inLanguage":"fr-FR","@id":"https:\/\/voyage-aventure.com\/blog\/a-la-une\/les-nouvelles-realites-du-voyage-americain-face-a-laugmentation-des-couts-en-2025\/#primaryimage","url":"https:\/\/voyage-aventure.com\/blog\/wp-content\/uploads\/2025\/04\/stability-les-nouvelles-realites-du-voyage-americain-face-a-laugmentation-des-couts-en-2025.png","contentUrl":"https:\/\/voyage-aventure.com\/blog\/wp-content\/uploads\/2025\/04\/stability-les-nouvelles-realites-du-voyage-americain-face-a-laugmentation-des-couts-en-2025.png","width":1024,"height":576},{"@type":"WebSite","@id":"https:\/\/voyage-aventure.com\/blog\/#website","url":"https:\/\/voyage-aventure.com\/blog\/","name":"voyage-aventure.com","description":"Votre passeport pour l\u2019inattendu.","publisher":{"@id":"https:\/\/voyage-aventure.com\/blog\/#organization"},"alternateName":"Votre passeport pour l\u2019inattendu.","potentialAction":[{"@type":"SearchAction","target":{"@type":"EntryPoint","urlTemplate":"https:\/\/voyage-aventure.com\/blog\/?s={search_term_string}"},"query-input":{"@type":"PropertyValueSpecification","valueRequired":true,"valueName":"search_term_string"}}],"inLanguage":"fr-FR"},{"@type":"Organization","@id":"https:\/\/voyage-aventure.com\/blog\/#organization","name":"Foretsensations.fr","url":"https:\/\/voyage-aventure.com\/blog\/","logo":{"@type":"ImageObject","inLanguage":"fr-FR","@id":"https:\/\/voyage-aventure.com\/blog\/#\/schema\/logo\/image\/","url":"https:\/\/voyage-aventure.com\/blog\/wp-content\/uploads\/2024\/12\/19.png","contentUrl":"https:\/\/voyage-aventure.com\/blog\/wp-content\/uploads\/2024\/12\/19.png","width":512,"height":512,"caption":"Foretsensations.fr"},"image":{"@id":"https:\/\/voyage-aventure.com\/blog\/#\/schema\/logo\/image\/"}},{"@type":"Person","@id":"https:\/\/voyage-aventure.com\/blog\/#\/schema\/person\/3c864cdc320801e3db34b663e7e3f816","name":"Camille Rouvray","image":{"@type":"ImageObject","inLanguage":"fr-FR","@id":"https:\/\/voyage-aventure.com\/blog\/#\/schema\/person\/image\/","url":"https:\/\/voyage-aventure.com\/blog\/wp-content\/uploads\/2026\/06\/persona_camille-r-96x96.jpg","contentUrl":"https:\/\/voyage-aventure.com\/blog\/wp-content\/uploads\/2026\/06\/persona_camille-r-96x96.jpg","caption":"Camille Rouvray"},"description":"Je voyage et j'\u00e9cris sur le voyage depuis une douzaine d'ann\u00e9es, d'abord en tant que routarde au long cours, puis comme r\u00e9dactrice sp\u00e9cialis\u00e9e. Mon terrain de pr\u00e9dilection, ce sont les circuits organis\u00e9s et l'art de bien pr\u00e9parer un itin\u00e9raire : choix de la saison, dur\u00e9e r\u00e9aliste des \u00e9tapes, budget jour par jour, logement et transport sur place. J'aime aussi raconter les p\u00e9pites urbaines, ces adresses qu'on ne trouve pas dans les guides classiques. Avant de publier un dossier destination, je croise toujours plusieurs sources, je v\u00e9rifie les tarifs et les formalit\u00e9s d'entr\u00e9e \u00e0 jour, et je teste moi-m\u00eame quand je le peux. Mon angle reste pratique avant tout : aider le lecteur \u00e0 partir l'esprit tranquille, sans mauvaise surprise une fois sur place. Je m'attache \u00e0 distinguer le coup de c\u0153ur sinc\u00e8re du simple argument marketing.","sameAs":["https:\/\/camillerouvray.fr\/"],"url":"https:\/\/voyage-aventure.com\/blog\/auteur\/noname\/"}]}},"_links":{"self":[{"href":"https:\/\/voyage-aventure.com\/blog\/wp-json\/wp\/v2\/posts\/17495","targetHints":{"allow":["GET"]}}],"collection":[{"href":"https:\/\/voyage-aventure.com\/blog\/wp-json\/wp\/v2\/posts"}],"about":[{"href":"https:\/\/voyage-aventure.com\/blog\/wp-json\/wp\/v2\/types\/post"}],"author":[{"embeddable":true,"href":"https:\/\/voyage-aventure.com\/blog\/wp-json\/wp\/v2\/users\/34"}],"replies":[{"embeddable":true,"href":"https:\/\/voyage-aventure.com\/blog\/wp-json\/wp\/v2\/comments?post=17495"}],"version-history":[{"count":3,"href":"https:\/\/voyage-aventure.com\/blog\/wp-json\/wp\/v2\/posts\/17495\/revisions"}],"predecessor-version":[{"id":22210,"href":"https:\/\/voyage-aventure.com\/blog\/wp-json\/wp\/v2\/posts\/17495\/revisions\/22210"}],"wp:featuredmedia":[{"embeddable":true,"href":"https:\/\/voyage-aventure.com\/blog\/wp-json\/wp\/v2\/media\/17496"}],"wp:attachment":[{"href":"https:\/\/voyage-aventure.com\/blog\/wp-json\/wp\/v2\/media?parent=17495"}],"wp:term":[{"taxonomy":"category","embeddable":true,"href":"https:\/\/voyage-aventure.com\/blog\/wp-json\/wp\/v2\/categories?post=17495"},{"taxonomy":"post_tag","embeddable":true,"href":"https:\/\/voyage-aventure.com\/blog\/wp-json\/wp\/v2\/tags?post=17495"}],"curies":[{"name":"wp","href":"https:\/\/api.w.org\/{rel}","templated":true}]}}