{"id":17296,"date":"2026-06-16T17:53:07","date_gmt":"2026-06-16T15:53:07","guid":{"rendered":"https:\/\/voyage-aventure.com\/blog\/a-la-une\/mon-sac-a-dos-de-voyage-prefere-a-moins-de-30-e-le-compagnon-ideal-pour-vos-deplacements\/"},"modified":"2026-06-16T17:53:07","modified_gmt":"2026-06-16T15:53:07","slug":"mon-sac-a-dos-de-voyage-prefere-a-moins-de-30-e-le-compagnon-ideal-pour-vos-deplacements","status":"publish","type":"post","link":"https:\/\/voyage-aventure.com\/blog\/a-la-une\/mon-sac-a-dos-de-voyage-prefere-a-moins-de-30-e-le-compagnon-ideal-pour-vos-deplacements\/","title":{"rendered":"mon sac \u00e0 dos de voyage pr\u00e9f\u00e9r\u00e9 \u00e0 moins de 30 \u20ac : le compagnon id\u00e9al pour vos d\u00e9placements"},"content":{"rendered":"<link rel=\"preconnect\" href=\"https:\/\/fonts.googleapis.com\"><link rel=\"preconnect\" href=\"https:\/\/fonts.gstatic.com\" crossorigin><link href=\"https:\/\/fonts.googleapis.com\/css2?family=Space+Grotesk:wght@500;600;700&#038;family=Inter:wght@400;500;600&#038;family=JetBrains+Mono:wght@500&#038;display=swap\" rel=\"stylesheet\">\n<style>\n.va-sacdos-wrap{font-family:'Inter',system-ui,sans-serif;color:#23261c;line-height:1.65;font-size:17px}\n.va-sacdos-wrap h2{font-family:'Space Grotesk',sans-serif;font-weight:700;font-size:clamp(24px,3.2vw,32px);letter-spacing:-.02em;color:#1d2016;margin:48px 0 16px}\n.va-sacdos-wrap h3{font-family:'Space Grotesk',sans-serif;font-weight:600;font-size:21px;color:#1d2016;margin:28px 0 10px}\n.va-sacdos-lead{font-size:19px;color:#3d4233;margin:0 0 28px;border-left:4px solid #6B7A3A;padding-left:18px}\n.va-sacdos-verdict{background:#f4f6ec;border:1px solid #dde2c9;border-top:4px solid #6B7A3A;border-radius:14px;padding:26px 28px;margin:0 0 8px;box-shadow:0 1px 2px rgba(16,24,40,.05),0 14px 30px -18px rgba(16,24,40,.2)}\n.va-sacdos-kicker{font-family:'JetBrains Mono',monospace;font-size:12px;letter-spacing:.14em;text-transform:uppercase;color:#6B7A3A;font-weight:500}\n.va-sacdos-vtitle{font-family:'Space Grotesk',sans-serif;font-weight:700;font-size:25px;color:#1d2016;margin:6px 0 14px;letter-spacing:-.02em}\n.va-sacdos-vrow{display:flex;flex-wrap:wrap;gap:14px;align-items:center;margin-bottom:18px}\n.va-sacdos-note{font-family:'Space Grotesk',sans-serif;font-weight:700;font-size:30px;color:#6B7A3A;line-height:1}\n.va-sacdos-notesub{font-family:'JetBrains Mono',monospace;font-size:12px;color:#5b6049}\n.va-sacdos-price{margin-left:auto;font-family:'Space Grotesk',sans-serif;font-weight:700;font-size:24px;color:#1d2016;background:#fff;border:1px solid #dde2c9;border-radius:10px;padding:8px 16px}\n.va-sacdos-grid{display:grid;grid-template-columns:1fr 1fr;gap:16px;margin-top:8px}\n.va-sacdos-col{background:#fff;border:1px solid #e3e6d6;border-radius:10px;padding:16px 18px}\n.va-sacdos-col span.va-sacdos-h{display:block;font-family:'Space Grotesk',sans-serif;font-weight:600;font-size:14px;margin-bottom:10px;letter-spacing:.02em}\n.va-sacdos-col.pos span.va-sacdos-h{color:#5a7028}\n.va-sacdos-col.neg span.va-sacdos-h{color:#9a4322}\n.va-sacdos-li{display:flex;gap:10px;align-items:flex-start;margin:8px 0;font-size:15.5px}\n.va-sacdos-li .va-sacdos-ic{flex:0 0 auto;font-weight:700}\n.va-sacdos-col.pos .va-sacdos-ic{color:#6B7A3A}\n.va-sacdos-col.neg .va-sacdos-ic{color:#b8552e}\n.va-sacdos-who{margin-top:18px;font-size:15.5px;color:#3d4233}\n.va-sacdos-who strong{color:#1d2016}\n.va-sacdos-specs{display:grid;grid-template-columns:repeat(auto-fit,minmax(190px,1fr));gap:16px;margin:18px 0}\n.va-sacdos-spec{background:#fff;border:1px solid #e3e6d6;border-top:3px solid #6B7A3A;border-radius:12px;padding:18px 20px;transition:transform .25s ease,box-shadow .25s ease}\n.va-sacdos-spec:hover{transform:translateY(-3px);box-shadow:0 12px 26px -16px rgba(16,24,40,.28)}\n.va-sacdos-spec .va-sacdos-val{font-family:'Space Grotesk',sans-serif;font-weight:700;font-size:22px;color:#1d2016}\n.va-sacdos-spec .va-sacdos-lab{font-family:'JetBrains Mono',monospace;font-size:11.5px;letter-spacing:.1em;text-transform:uppercase;color:#6B7A3A;margin-top:4px}\n.va-sacdos-quote{font-family:'Space Grotesk',sans-serif;font-weight:600;font-size:23px;line-height:1.4;color:#1d2016;border-left:5px solid #6B7A3A;background:#f4f6ec;border-radius:0 12px 12px 0;padding:20px 26px;margin:36px 0;font-style:italic}\n.va-sacdos-retenir{background:#1d2016;color:#eef0e2;border-radius:14px;padding:24px 28px;margin:40px 0}\n.va-sacdos-retenir span.va-sacdos-rt{font-family:'Space Grotesk',sans-serif;font-weight:700;font-size:18px;color:#aebd72;display:block;margin-bottom:12px}\n.va-sacdos-retenir .va-sacdos-li{color:#dfe2d2}\n.va-sacdos-retenir .va-sacdos-ic{color:#aebd72}\n.va-sacdos-faq{margin:36px 0}\n.va-sacdos-faq details{border:1px solid #e3e6d6;border-radius:10px;padding:4px 18px;margin-bottom:12px;background:#fff;transition:border-color .25s ease}\n.va-sacdos-faq details[open]{border-color:#6B7A3A}\n.va-sacdos-faq summary{font-family:'Space Grotesk',sans-serif;font-weight:600;font-size:17px;color:#1d2016;cursor:pointer;padding:14px 0;list-style:none}\n.va-sacdos-faq summary::-webkit-details-marker{display:none}\n.va-sacdos-faq summary::before{content:'+';color:#6B7A3A;font-weight:700;margin-right:10px}\n.va-sacdos-faq details[open] summary::before{content:'2212'}\n.va-sacdos-faq details p{margin:0 0 16px;color:#3d4233}\n@media(max-width:640px){.va-sacdos-grid{grid-template-columns:1fr}.va-sacdos-price{margin-left:0}}\n\/*RENDERFIX2*\/.va-sacdos-retenir{color:#eef3f9!important}.va-sacdos-retenir p,.va-sacdos-retenir li,.va-sacdos-retenir strong,.va-sacdos-retenir em,.va-sacdos-retenir a,.va-sacdos-retenir span,.va-sacdos-retenir b,.va-sacdos-retenir td,.va-sacdos-retenir th,.va-sacdos-retenir h2,.va-sacdos-retenir h3,.va-sacdos-retenir h4{color:#eef3f9!important}.va-sacdos-retenir strong,.va-sacdos-retenir b{color:#ffffff!important}<\/style>\n<div class=\"va-sacdos-wrap\">\n<p class=\"va-sacdos-lead\">\u00c0 la recherche d&rsquo;un sac \u00e0 dos de voyage l\u00e9ger, bien organis\u00e9 et qui ne fait pas exploser le budget ? Voici notre avis sur un mod\u00e8le \u00e0 moins de 30 \u20ac que l&rsquo;on emporte volontiers en cabine comme en bagage enregistr\u00e9.<\/p>\n<div class=\"va-sacdos-verdict\">\n<div class=\"va-sacdos-kicker\">Notre verdict<\/div>\n<div class=\"va-sacdos-vtitle\">Dinictis Travel Backpack<\/div>\n<div class=\"va-sacdos-vrow\">\n<div>\n<div class=\"va-sacdos-note\">4,7 \/ 5<\/div>\n<div class=\"va-sacdos-notesub\">note moyenne sur Amazon<\/div>\n<\/div>\n<div class=\"va-sacdos-price\">30 \u20ac<\/div>\n<\/div>\n<div class=\"va-sacdos-grid\">\n<div class=\"va-sacdos-col pos\">\n<span class=\"va-sacdos-h\">On aime<\/span><\/p>\n<div class=\"va-sacdos-li\"><span class=\"va-sacdos-ic\">\u2713<\/span><span>L\u00e9ger (2,49 livres) et facile \u00e0 transporter<\/span><\/div>\n<div class=\"va-sacdos-li\"><span class=\"va-sacdos-ic\">\u2713<\/span><span>Ouverture comme une valise, rangement organis\u00e9<\/span><\/div>\n<div class=\"va-sacdos-li\"><span class=\"va-sacdos-ic\">\u2713<\/span><span>Sangles ajustables et dissimulables<\/span><\/div>\n<\/div>\n<div class=\"va-sacdos-col neg\">\n<span class=\"va-sacdos-h\">\u00c0 nuancer<\/span><\/p>\n<div class=\"va-sacdos-li\"><span class=\"va-sacdos-ic\">\u2013<\/span><span>Capacit\u00e9 de 40 L pens\u00e9e pour les courts s\u00e9jours<\/span><\/div>\n<div class=\"va-sacdos-li\"><span class=\"va-sacdos-ic\">\u2013<\/span><span>Look sobre : peu d&rsquo;options de personnalisation<\/span><\/div>\n<\/div>\n<\/div>\n<div class=\"va-sacdos-who\"><strong>Pour qui ?<\/strong> Les voyageurs qui veulent un sac \u00e0 dos de voyage pas cher, l\u00e9ger et polyvalent pour des escapades de quelques jours, en cabine ou en soute.<\/div>\n<\/div>\n<h2>Pourquoi un bon sac \u00e0 dos de voyage est essentiel<\/h2>\n<p>Un sac \u00e0 dos de voyage bien con\u00e7u permet de garder vos affaires organis\u00e9es et accessibles, m\u00eame en d\u00e9placement. Que vous soyez en train de naviguer dans un a\u00e9roport bond\u00e9 ou de prendre un train, un bon sac \u00e0 dos vous accompagne partout.<\/p>\n<p>Le mod\u00e8le Dinictis, par exemple, se distingue par sa fonctionnalit\u00e9 sans compromis. \u00c0 un prix tr\u00e8s abordable de 30 \u20ac, il repr\u00e9sente une opportunit\u00e9 \u00e0 ne pas manquer pour ceux qui souhaitent allier praticit\u00e9 et \u00e9conomie. C&rsquo;est typiquement le genre de sac cabine l\u00e9ger que l&rsquo;on glisse dans un placard et que l&rsquo;on ressort sans r\u00e9fl\u00e9chir au moindre week-end.<\/p>\n<p><iframe loading=\"lazy\" title=\"Niska sur le tournage avec shay\" width=\"1200\" height=\"675\" src=\"https:\/\/www.youtube.com\/embed\/y_E_WM9qSHw?feature=oembed\" frameborder=\"0\" allow=\"accelerometer; autoplay; clipboard-write; encrypted-media; gyroscope; picture-in-picture; web-share\" referrerpolicy=\"strict-origin-when-cross-origin\" allowfullscreen><\/iframe><\/p>\n<h2>Les caract\u00e9ristiques qui font la diff\u00e9rence<\/h2>\n<p>Ce sac \u00e0 dos offre une capacit\u00e9 de 40 litres, id\u00e9ale pour les s\u00e9jours de courte dur\u00e9e. Il est con\u00e7u pour s&rsquo;ouvrir comme une valise, permettant un rangement facile et organis\u00e9 des v\u00eatements et des accessoires. De plus, ses multiples poches ext\u00e9rieures sont parfaites pour acc\u00e9der rapidement \u00e0 vos objets essentiels, fa\u00e7on organiseur int\u00e9gr\u00e9.<\/p>\n<p>Un autre aspect appr\u00e9ciable est sa l\u00e9g\u00e8ret\u00e9. Avec un poids de seulement 2,49 livres, il est facile \u00e0 transporter, m\u00eame lorsque vous le remplissez. Sa structure est suffisamment solide pour supporter vos affaires sans compromettre le confort.<\/p>\n<div class=\"va-sacdos-specs\">\n<div class=\"va-sacdos-spec\">\n<div class=\"va-sacdos-val\">40 L<\/div>\n<div class=\"va-sacdos-lab\">Capacit\u00e9<\/div>\n<\/div>\n<div class=\"va-sacdos-spec\">\n<div class=\"va-sacdos-val\">2,49 lb<\/div>\n<div class=\"va-sacdos-lab\">Poids \u00e0 vide<\/div>\n<\/div>\n<div class=\"va-sacdos-spec\">\n<div class=\"va-sacdos-val\">30 \u20ac<\/div>\n<div class=\"va-sacdos-lab\">Prix indicatif<\/div>\n<\/div>\n<div class=\"va-sacdos-spec\">\n<div class=\"va-sacdos-val\">4,7 \/ 5<\/div>\n<div class=\"va-sacdos-lab\">Note Amazon<\/div>\n<\/div>\n<\/div>\n<h3>Un sac de voyage l\u00e9ger qui s&rsquo;ouvre comme une valise<\/h3>\n<p>Cette ouverture \u00e0 plat change le quotidien : on acc\u00e8de \u00e0 tout son contenu d&rsquo;un coup, sans tout d\u00e9baller. Combin\u00e9e aux poches ext\u00e9rieures, elle fait gagner un temps pr\u00e9cieux dans les files d&#8217;embarquement.<\/p>\n<h2>Une option polyvalente pour tous vos voyages<\/h2>\n<p>Ce sac \u00e0 dos est non seulement id\u00e9al pour les courts s\u00e9jours, mais il peut \u00e9galement \u00eatre utilis\u00e9 comme bagage enregistr\u00e9. Les sangles sont facilement ajustables et peuvent \u00eatre dissimul\u00e9es, ce qui en fait un choix discret et \u00e9l\u00e9gant. Un \u00e9l\u00e9ment essentiel pour ceux qui pr\u00e9f\u00e8rent \u00e9viter les frais suppl\u00e9mentaires des compagnies a\u00e9riennes.<\/p>\n<p>Avec sa conception durable, vous pouvez \u00eatre assur\u00e9 qu&rsquo;il r\u00e9sistera aux rigueurs du voyage. Que vous le transportiez en cabine ou que vous l&rsquo;enregistriez, le Dinictis saura s&rsquo;adapter \u00e0 toutes vos aventures.<\/p>\n<h2>Les avantages du Dinictis Travel Backpack<\/h2>\n<ul>\n<li>Conception l\u00e9g\u00e8re et durable<\/li>\n<li>Ouverture pratique comme une valise<\/li>\n<li>Capacit\u00e9 de 40 litres<\/li>\n<li>Poches ext\u00e9rieures pour un acc\u00e8s rapide<\/li>\n<li>Utilisation polyvalente comme bagage \u00e0 main ou enregistr\u00e9<\/li>\n<\/ul>\n<blockquote class=\"va-sacdos-quote\"><p>\u00ab Avoir le bon sac \u00e0 dos peut transformer votre exp\u00e9rience de voyage. \u00bb<\/p><\/blockquote>\n<p>Le Dinictis Travel Backpack a \u00e9t\u00e9 con\u00e7u pour r\u00e9pondre aux besoins des voyageurs modernes. Avec une note moyenne de 4,7 \u00e9toiles sur Amazon, il est appr\u00e9ci\u00e9 pour sa praticit\u00e9 et son style. Ne laissez pas passer cette chance d&rsquo;am\u00e9liorer votre exp\u00e9rience de voyage \u00e0 un prix imbattable.<\/p>\n<div class=\"va-sacdos-retenir\">\n<span class=\"va-sacdos-rt\">\u00c0 retenir<\/span><\/p>\n<div class=\"va-sacdos-li\"><span class=\"va-sacdos-ic\">\u203a<\/span><span>Un sac \u00e0 dos de voyage pas cher \u00e0 30 \u20ac, parfait pour les courts s\u00e9jours.<\/span><\/div>\n<div class=\"va-sacdos-li\"><span class=\"va-sacdos-ic\">\u203a<\/span><span>40 litres et 2,49 livres : l\u00e9ger, mais assez g\u00e9n\u00e9reux pour quelques jours.<\/span><\/div>\n<div class=\"va-sacdos-li\"><span class=\"va-sacdos-ic\">\u203a<\/span><span>Ouverture fa\u00e7on valise et poches ext\u00e9rieures pour un rangement organis\u00e9.<\/span><\/div>\n<div class=\"va-sacdos-li\"><span class=\"va-sacdos-ic\">\u203a<\/span><span>Polyvalent en cabine comme en soute, gr\u00e2ce \u00e0 ses sangles dissimulables.<\/span><\/div>\n<\/div>\n<div class=\"va-sacdos-faq\">\n<details>\n<summary>Le Dinictis passe-t-il en bagage cabine ?<\/summary>\n<p>Avec ses 40 litres et ses sangles ajustables qui se dissimulent, il est pens\u00e9 pour voyager aussi bien en cabine qu&rsquo;en bagage enregistr\u00e9. V\u00e9rifiez toujours les dimensions autoris\u00e9es par votre compagnie a\u00e9rienne avant le d\u00e9part.<\/p>\n<\/details>\n<details>\n<summary>Quelle est sa capacit\u00e9 r\u00e9elle ?<\/summary>\n<p>Le sac affiche une capacit\u00e9 de 40 litres, un volume adapt\u00e9 aux s\u00e9jours de courte dur\u00e9e. L&rsquo;ouverture \u00e0 plat, comme une valise, facilite le rangement organis\u00e9 des v\u00eatements et accessoires.<\/p>\n<\/details>\n<details>\n<summary>Est-il vraiment l\u00e9ger \u00e0 porter ?<\/summary>\n<p>Oui : il p\u00e8se seulement 2,49 livres \u00e0 vide, ce qui le rend facile \u00e0 transporter m\u00eame une fois rempli, tout en conservant une structure assez solide pour le confort.<\/p>\n<\/details>\n<details>\n<summary>Le prix de 30 \u20ac est-il justifi\u00e9 ?<\/summary>\n<p>Pour un sac \u00e0 dos de voyage l\u00e9ger, polyvalent et not\u00e9 4,7 \u00e9toiles sur Amazon, le tarif de 30 \u20ac reste un tr\u00e8s bon rapport qualit\u00e9-prix dans cette cat\u00e9gorie d&rsquo;accessoires.<\/p>\n<\/details>\n<\/div>\n<\/div>\n","protected":false},"excerpt":{"rendered":"","protected":false},"author":34,"featured_media":17954,"comment_status":"open","ping_status":"open","sticky":false,"template":"","format":"standard","meta":{"_acf_changed":false,"manual_indexmenow":false,"indexmenow_id_project":0,"footnotes":""},"categories":[1],"tags":[4680,4452,4528,4385,4526],"class_list":["post-17296","post","type-post","status-publish","format-standard","has-post-thumbnail","hentry","category-a-la-une","tag-conseils","tag-economies","tag-hebergement-abordable","tag-pratiques-durables","tag-voyage-economique","generate-columns","tablet-grid-50","mobile-grid-100","grid-parent","grid-25"],"acf":[],"yoast_head":"<!-- This site is optimized with the Yoast SEO Premium plugin v21.3 (Yoast SEO v25.1) - https:\/\/yoast.com\/wordpress\/plugins\/seo\/ -->\n<title>mon sac \u00e0 dos de voyage pr\u00e9f\u00e9r\u00e9 \u00e0 moins de 30 \u20ac : le<\/title>\n<meta name=\"description\" content=\"\u00c0 la recherche d&#039;un sac \u00e0 dos de voyage l\u00e9ger, bien organis\u00e9 et qui ne fait pas exploser le budget ? Voici notre avis sur un mod\u00e8le \u00e0 moins de 30 \u20ac que\" \/>\n<meta name=\"robots\" content=\"index, follow, max-snippet:-1, max-image-preview:large, max-video-preview:-1\" \/>\n<link rel=\"canonical\" href=\"https:\/\/voyage-aventure.com\/blog\/a-la-une\/mon-sac-a-dos-de-voyage-prefere-a-moins-de-30-e-le-compagnon-ideal-pour-vos-deplacements\/\" \/>\n<meta property=\"og:locale\" content=\"fr_FR\" \/>\n<meta property=\"og:type\" content=\"article\" \/>\n<meta property=\"og:title\" content=\"mon sac \u00e0 dos de voyage pr\u00e9f\u00e9r\u00e9 \u00e0 moins de 30 \u20ac : le\" \/>\n<meta property=\"og:description\" content=\"\u00c0 la recherche d&#039;un sac \u00e0 dos de voyage l\u00e9ger, bien organis\u00e9 et qui ne fait pas exploser le budget ? Voici notre avis sur un mod\u00e8le \u00e0 moins de 30 \u20ac que\" \/>\n<meta property=\"og:url\" content=\"https:\/\/voyage-aventure.com\/blog\/a-la-une\/mon-sac-a-dos-de-voyage-prefere-a-moins-de-30-e-le-compagnon-ideal-pour-vos-deplacements\/\" \/>\n<meta property=\"og:site_name\" content=\"voyage-aventure\" \/>\n<meta property=\"og:image\" content=\"https:\/\/voyage-aventure.com\/blog\/wp-content\/uploads\/2025\/04\/sdxl-16f922d3c594edf9adbf721b8fa214b6.png\" \/>\n\t<meta property=\"og:image:width\" content=\"1536\" \/>\n\t<meta property=\"og:image:height\" content=\"640\" \/>\n\t<meta property=\"og:image:type\" content=\"image\/png\" \/>\n<meta name=\"author\" content=\"Camille Rouvray\" \/>\n<meta name=\"twitter:card\" content=\"summary_large_image\" \/>\n<script type=\"application\/ld+json\" class=\"yoast-schema-graph\">{\"@context\":\"https:\/\/schema.org\",\"@graph\":[{\"@type\":\"NewsArticle\",\"@id\":\"https:\/\/voyage-aventure.com\/blog\/a-la-une\/mon-sac-a-dos-de-voyage-prefere-a-moins-de-30-e-le-compagnon-ideal-pour-vos-deplacements\/#article\",\"isPartOf\":{\"@id\":\"https:\/\/voyage-aventure.com\/blog\/a-la-une\/mon-sac-a-dos-de-voyage-prefere-a-moins-de-30-e-le-compagnon-ideal-pour-vos-deplacements\/\"},\"author\":{\"name\":\"Camille Rouvray\",\"@id\":\"https:\/\/voyage-aventure.com\/blog\/#\/schema\/person\/3c864cdc320801e3db34b663e7e3f816\"},\"headline\":\"mon sac \u00e0 dos de voyage pr\u00e9f\u00e9r\u00e9 \u00e0 moins de 30 \u20ac : le compagnon id\u00e9al pour vos d\u00e9placements\",\"datePublished\":\"2026-06-16T15:53:07+00:00\",\"mainEntityOfPage\":{\"@id\":\"https:\/\/voyage-aventure.com\/blog\/a-la-une\/mon-sac-a-dos-de-voyage-prefere-a-moins-de-30-e-le-compagnon-ideal-pour-vos-deplacements\/\"},\"wordCount\":826,\"commentCount\":15,\"publisher\":{\"@id\":\"https:\/\/voyage-aventure.com\/blog\/#organization\"},\"image\":{\"@id\":\"https:\/\/voyage-aventure.com\/blog\/a-la-une\/mon-sac-a-dos-de-voyage-prefere-a-moins-de-30-e-le-compagnon-ideal-pour-vos-deplacements\/#primaryimage\"},\"thumbnailUrl\":\"https:\/\/voyage-aventure.com\/blog\/wp-content\/uploads\/2025\/04\/sdxl-16f922d3c594edf9adbf721b8fa214b6.png\",\"keywords\":[\"Conseils\",\"\u00c9conomies\",\"H\u00e9bergement Abordable\",\"Pratiques Durables\",\"Voyage \u00c9conomique\"],\"articleSection\":[\"\u00c0 la une\"],\"inLanguage\":\"fr-FR\",\"potentialAction\":[{\"@type\":\"CommentAction\",\"name\":\"Comment\",\"target\":[\"https:\/\/voyage-aventure.com\/blog\/a-la-une\/mon-sac-a-dos-de-voyage-prefere-a-moins-de-30-e-le-compagnon-ideal-pour-vos-deplacements\/#respond\"]}]},{\"@type\":\"WebPage\",\"@id\":\"https:\/\/voyage-aventure.com\/blog\/a-la-une\/mon-sac-a-dos-de-voyage-prefere-a-moins-de-30-e-le-compagnon-ideal-pour-vos-deplacements\/\",\"url\":\"https:\/\/voyage-aventure.com\/blog\/a-la-une\/mon-sac-a-dos-de-voyage-prefere-a-moins-de-30-e-le-compagnon-ideal-pour-vos-deplacements\/\",\"name\":\"mon sac \u00e0 dos de voyage pr\u00e9f\u00e9r\u00e9 \u00e0 moins de 30 \u20ac : le\",\"isPartOf\":{\"@id\":\"https:\/\/voyage-aventure.com\/blog\/#website\"},\"primaryImageOfPage\":{\"@id\":\"https:\/\/voyage-aventure.com\/blog\/a-la-une\/mon-sac-a-dos-de-voyage-prefere-a-moins-de-30-e-le-compagnon-ideal-pour-vos-deplacements\/#primaryimage\"},\"image\":{\"@id\":\"https:\/\/voyage-aventure.com\/blog\/a-la-une\/mon-sac-a-dos-de-voyage-prefere-a-moins-de-30-e-le-compagnon-ideal-pour-vos-deplacements\/#primaryimage\"},\"thumbnailUrl\":\"https:\/\/voyage-aventure.com\/blog\/wp-content\/uploads\/2025\/04\/sdxl-16f922d3c594edf9adbf721b8fa214b6.png\",\"datePublished\":\"2026-06-16T15:53:07+00:00\",\"description\":\"\u00c0 la recherche d'un sac \u00e0 dos de voyage l\u00e9ger, bien organis\u00e9 et qui ne fait pas exploser le budget ? Voici notre avis sur un mod\u00e8le \u00e0 moins de 30 \u20ac que\",\"inLanguage\":\"fr-FR\",\"potentialAction\":[{\"@type\":\"ReadAction\",\"target\":[\"https:\/\/voyage-aventure.com\/blog\/a-la-une\/mon-sac-a-dos-de-voyage-prefere-a-moins-de-30-e-le-compagnon-ideal-pour-vos-deplacements\/\"]}]},{\"@type\":\"ImageObject\",\"inLanguage\":\"fr-FR\",\"@id\":\"https:\/\/voyage-aventure.com\/blog\/a-la-une\/mon-sac-a-dos-de-voyage-prefere-a-moins-de-30-e-le-compagnon-ideal-pour-vos-deplacements\/#primaryimage\",\"url\":\"https:\/\/voyage-aventure.com\/blog\/wp-content\/uploads\/2025\/04\/sdxl-16f922d3c594edf9adbf721b8fa214b6.png\",\"contentUrl\":\"https:\/\/voyage-aventure.com\/blog\/wp-content\/uploads\/2025\/04\/sdxl-16f922d3c594edf9adbf721b8fa214b6.png\",\"width\":1536,\"height\":640},{\"@type\":\"WebSite\",\"@id\":\"https:\/\/voyage-aventure.com\/blog\/#website\",\"url\":\"https:\/\/voyage-aventure.com\/blog\/\",\"name\":\"voyage-aventure.com\",\"description\":\"Votre passeport pour l\u2019inattendu.\",\"publisher\":{\"@id\":\"https:\/\/voyage-aventure.com\/blog\/#organization\"},\"alternateName\":\"Votre passeport pour l\u2019inattendu.\",\"potentialAction\":[{\"@type\":\"SearchAction\",\"target\":{\"@type\":\"EntryPoint\",\"urlTemplate\":\"https:\/\/voyage-aventure.com\/blog\/?s={search_term_string}\"},\"query-input\":{\"@type\":\"PropertyValueSpecification\",\"valueRequired\":true,\"valueName\":\"search_term_string\"}}],\"inLanguage\":\"fr-FR\"},{\"@type\":\"Organization\",\"@id\":\"https:\/\/voyage-aventure.com\/blog\/#organization\",\"name\":\"Foretsensations.fr\",\"url\":\"https:\/\/voyage-aventure.com\/blog\/\",\"logo\":{\"@type\":\"ImageObject\",\"inLanguage\":\"fr-FR\",\"@id\":\"https:\/\/voyage-aventure.com\/blog\/#\/schema\/logo\/image\/\",\"url\":\"https:\/\/voyage-aventure.com\/blog\/wp-content\/uploads\/2024\/12\/19.png\",\"contentUrl\":\"https:\/\/voyage-aventure.com\/blog\/wp-content\/uploads\/2024\/12\/19.png\",\"width\":512,\"height\":512,\"caption\":\"Foretsensations.fr\"},\"image\":{\"@id\":\"https:\/\/voyage-aventure.com\/blog\/#\/schema\/logo\/image\/\"}},{\"@type\":\"Person\",\"@id\":\"https:\/\/voyage-aventure.com\/blog\/#\/schema\/person\/3c864cdc320801e3db34b663e7e3f816\",\"name\":\"Camille Rouvray\",\"image\":{\"@type\":\"ImageObject\",\"inLanguage\":\"fr-FR\",\"@id\":\"https:\/\/voyage-aventure.com\/blog\/#\/schema\/person\/image\/\",\"url\":\"https:\/\/voyage-aventure.com\/blog\/wp-content\/uploads\/2026\/06\/persona_camille-r-96x96.jpg\",\"contentUrl\":\"https:\/\/voyage-aventure.com\/blog\/wp-content\/uploads\/2026\/06\/persona_camille-r-96x96.jpg\",\"caption\":\"Camille Rouvray\"},\"description\":\"Je voyage et j'\u00e9cris sur le voyage depuis une douzaine d'ann\u00e9es, d'abord en tant que routarde au long cours, puis comme r\u00e9dactrice sp\u00e9cialis\u00e9e. Mon terrain de pr\u00e9dilection, ce sont les circuits organis\u00e9s et l'art de bien pr\u00e9parer un itin\u00e9raire : choix de la saison, dur\u00e9e r\u00e9aliste des \u00e9tapes, budget jour par jour, logement et transport sur place. J'aime aussi raconter les p\u00e9pites urbaines, ces adresses qu'on ne trouve pas dans les guides classiques. Avant de publier un dossier destination, je croise toujours plusieurs sources, je v\u00e9rifie les tarifs et les formalit\u00e9s d'entr\u00e9e \u00e0 jour, et je teste moi-m\u00eame quand je le peux. Mon angle reste pratique avant tout : aider le lecteur \u00e0 partir l'esprit tranquille, sans mauvaise surprise une fois sur place. Je m'attache \u00e0 distinguer le coup de c\u0153ur sinc\u00e8re du simple argument marketing.\",\"sameAs\":[\"https:\/\/camillerouvray.fr\/\"],\"url\":\"https:\/\/voyage-aventure.com\/blog\/auteur\/noname\/\"}]}<\/script>\n<!-- \/ Yoast SEO Premium plugin. -->","yoast_head_json":{"title":"mon sac \u00e0 dos de voyage pr\u00e9f\u00e9r\u00e9 \u00e0 moins de 30 \u20ac : le","description":"\u00c0 la recherche d'un sac \u00e0 dos de voyage l\u00e9ger, bien organis\u00e9 et qui ne fait pas exploser le budget ? Voici notre avis sur un mod\u00e8le \u00e0 moins de 30 \u20ac que","robots":{"index":"index","follow":"follow","max-snippet":"max-snippet:-1","max-image-preview":"max-image-preview:large","max-video-preview":"max-video-preview:-1"},"canonical":"https:\/\/voyage-aventure.com\/blog\/a-la-une\/mon-sac-a-dos-de-voyage-prefere-a-moins-de-30-e-le-compagnon-ideal-pour-vos-deplacements\/","og_locale":"fr_FR","og_type":"article","og_title":"mon sac \u00e0 dos de voyage pr\u00e9f\u00e9r\u00e9 \u00e0 moins de 30 \u20ac : le","og_description":"\u00c0 la recherche d'un sac \u00e0 dos de voyage l\u00e9ger, bien organis\u00e9 et qui ne fait pas exploser le budget ? Voici notre avis sur un mod\u00e8le \u00e0 moins de 30 \u20ac que","og_url":"https:\/\/voyage-aventure.com\/blog\/a-la-une\/mon-sac-a-dos-de-voyage-prefere-a-moins-de-30-e-le-compagnon-ideal-pour-vos-deplacements\/","og_site_name":"voyage-aventure","og_image":[{"width":1536,"height":640,"url":"https:\/\/voyage-aventure.com\/blog\/wp-content\/uploads\/2025\/04\/sdxl-16f922d3c594edf9adbf721b8fa214b6.png","type":"image\/png"}],"author":"Camille Rouvray","twitter_card":"summary_large_image","schema":{"@context":"https:\/\/schema.org","@graph":[{"@type":"NewsArticle","@id":"https:\/\/voyage-aventure.com\/blog\/a-la-une\/mon-sac-a-dos-de-voyage-prefere-a-moins-de-30-e-le-compagnon-ideal-pour-vos-deplacements\/#article","isPartOf":{"@id":"https:\/\/voyage-aventure.com\/blog\/a-la-une\/mon-sac-a-dos-de-voyage-prefere-a-moins-de-30-e-le-compagnon-ideal-pour-vos-deplacements\/"},"author":{"name":"Camille Rouvray","@id":"https:\/\/voyage-aventure.com\/blog\/#\/schema\/person\/3c864cdc320801e3db34b663e7e3f816"},"headline":"mon sac \u00e0 dos de voyage pr\u00e9f\u00e9r\u00e9 \u00e0 moins de 30 \u20ac : le compagnon id\u00e9al pour vos d\u00e9placements","datePublished":"2026-06-16T15:53:07+00:00","mainEntityOfPage":{"@id":"https:\/\/voyage-aventure.com\/blog\/a-la-une\/mon-sac-a-dos-de-voyage-prefere-a-moins-de-30-e-le-compagnon-ideal-pour-vos-deplacements\/"},"wordCount":826,"commentCount":15,"publisher":{"@id":"https:\/\/voyage-aventure.com\/blog\/#organization"},"image":{"@id":"https:\/\/voyage-aventure.com\/blog\/a-la-une\/mon-sac-a-dos-de-voyage-prefere-a-moins-de-30-e-le-compagnon-ideal-pour-vos-deplacements\/#primaryimage"},"thumbnailUrl":"https:\/\/voyage-aventure.com\/blog\/wp-content\/uploads\/2025\/04\/sdxl-16f922d3c594edf9adbf721b8fa214b6.png","keywords":["Conseils","\u00c9conomies","H\u00e9bergement Abordable","Pratiques Durables","Voyage \u00c9conomique"],"articleSection":["\u00c0 la une"],"inLanguage":"fr-FR","potentialAction":[{"@type":"CommentAction","name":"Comment","target":["https:\/\/voyage-aventure.com\/blog\/a-la-une\/mon-sac-a-dos-de-voyage-prefere-a-moins-de-30-e-le-compagnon-ideal-pour-vos-deplacements\/#respond"]}]},{"@type":"WebPage","@id":"https:\/\/voyage-aventure.com\/blog\/a-la-une\/mon-sac-a-dos-de-voyage-prefere-a-moins-de-30-e-le-compagnon-ideal-pour-vos-deplacements\/","url":"https:\/\/voyage-aventure.com\/blog\/a-la-une\/mon-sac-a-dos-de-voyage-prefere-a-moins-de-30-e-le-compagnon-ideal-pour-vos-deplacements\/","name":"mon sac \u00e0 dos de voyage pr\u00e9f\u00e9r\u00e9 \u00e0 moins de 30 \u20ac : le","isPartOf":{"@id":"https:\/\/voyage-aventure.com\/blog\/#website"},"primaryImageOfPage":{"@id":"https:\/\/voyage-aventure.com\/blog\/a-la-une\/mon-sac-a-dos-de-voyage-prefere-a-moins-de-30-e-le-compagnon-ideal-pour-vos-deplacements\/#primaryimage"},"image":{"@id":"https:\/\/voyage-aventure.com\/blog\/a-la-une\/mon-sac-a-dos-de-voyage-prefere-a-moins-de-30-e-le-compagnon-ideal-pour-vos-deplacements\/#primaryimage"},"thumbnailUrl":"https:\/\/voyage-aventure.com\/blog\/wp-content\/uploads\/2025\/04\/sdxl-16f922d3c594edf9adbf721b8fa214b6.png","datePublished":"2026-06-16T15:53:07+00:00","description":"\u00c0 la recherche d'un sac \u00e0 dos de voyage l\u00e9ger, bien organis\u00e9 et qui ne fait pas exploser le budget ? Voici notre avis sur un mod\u00e8le \u00e0 moins de 30 \u20ac que","inLanguage":"fr-FR","potentialAction":[{"@type":"ReadAction","target":["https:\/\/voyage-aventure.com\/blog\/a-la-une\/mon-sac-a-dos-de-voyage-prefere-a-moins-de-30-e-le-compagnon-ideal-pour-vos-deplacements\/"]}]},{"@type":"ImageObject","inLanguage":"fr-FR","@id":"https:\/\/voyage-aventure.com\/blog\/a-la-une\/mon-sac-a-dos-de-voyage-prefere-a-moins-de-30-e-le-compagnon-ideal-pour-vos-deplacements\/#primaryimage","url":"https:\/\/voyage-aventure.com\/blog\/wp-content\/uploads\/2025\/04\/sdxl-16f922d3c594edf9adbf721b8fa214b6.png","contentUrl":"https:\/\/voyage-aventure.com\/blog\/wp-content\/uploads\/2025\/04\/sdxl-16f922d3c594edf9adbf721b8fa214b6.png","width":1536,"height":640},{"@type":"WebSite","@id":"https:\/\/voyage-aventure.com\/blog\/#website","url":"https:\/\/voyage-aventure.com\/blog\/","name":"voyage-aventure.com","description":"Votre passeport pour l\u2019inattendu.","publisher":{"@id":"https:\/\/voyage-aventure.com\/blog\/#organization"},"alternateName":"Votre passeport pour l\u2019inattendu.","potentialAction":[{"@type":"SearchAction","target":{"@type":"EntryPoint","urlTemplate":"https:\/\/voyage-aventure.com\/blog\/?s={search_term_string}"},"query-input":{"@type":"PropertyValueSpecification","valueRequired":true,"valueName":"search_term_string"}}],"inLanguage":"fr-FR"},{"@type":"Organization","@id":"https:\/\/voyage-aventure.com\/blog\/#organization","name":"Foretsensations.fr","url":"https:\/\/voyage-aventure.com\/blog\/","logo":{"@type":"ImageObject","inLanguage":"fr-FR","@id":"https:\/\/voyage-aventure.com\/blog\/#\/schema\/logo\/image\/","url":"https:\/\/voyage-aventure.com\/blog\/wp-content\/uploads\/2024\/12\/19.png","contentUrl":"https:\/\/voyage-aventure.com\/blog\/wp-content\/uploads\/2024\/12\/19.png","width":512,"height":512,"caption":"Foretsensations.fr"},"image":{"@id":"https:\/\/voyage-aventure.com\/blog\/#\/schema\/logo\/image\/"}},{"@type":"Person","@id":"https:\/\/voyage-aventure.com\/blog\/#\/schema\/person\/3c864cdc320801e3db34b663e7e3f816","name":"Camille Rouvray","image":{"@type":"ImageObject","inLanguage":"fr-FR","@id":"https:\/\/voyage-aventure.com\/blog\/#\/schema\/person\/image\/","url":"https:\/\/voyage-aventure.com\/blog\/wp-content\/uploads\/2026\/06\/persona_camille-r-96x96.jpg","contentUrl":"https:\/\/voyage-aventure.com\/blog\/wp-content\/uploads\/2026\/06\/persona_camille-r-96x96.jpg","caption":"Camille Rouvray"},"description":"Je voyage et j'\u00e9cris sur le voyage depuis une douzaine d'ann\u00e9es, d'abord en tant que routarde au long cours, puis comme r\u00e9dactrice sp\u00e9cialis\u00e9e. Mon terrain de pr\u00e9dilection, ce sont les circuits organis\u00e9s et l'art de bien pr\u00e9parer un itin\u00e9raire : choix de la saison, dur\u00e9e r\u00e9aliste des \u00e9tapes, budget jour par jour, logement et transport sur place. J'aime aussi raconter les p\u00e9pites urbaines, ces adresses qu'on ne trouve pas dans les guides classiques. Avant de publier un dossier destination, je croise toujours plusieurs sources, je v\u00e9rifie les tarifs et les formalit\u00e9s d'entr\u00e9e \u00e0 jour, et je teste moi-m\u00eame quand je le peux. Mon angle reste pratique avant tout : aider le lecteur \u00e0 partir l'esprit tranquille, sans mauvaise surprise une fois sur place. Je m'attache \u00e0 distinguer le coup de c\u0153ur sinc\u00e8re du simple argument marketing.","sameAs":["https:\/\/camillerouvray.fr\/"],"url":"https:\/\/voyage-aventure.com\/blog\/auteur\/noname\/"}]}},"_links":{"self":[{"href":"https:\/\/voyage-aventure.com\/blog\/wp-json\/wp\/v2\/posts\/17296","targetHints":{"allow":["GET"]}}],"collection":[{"href":"https:\/\/voyage-aventure.com\/blog\/wp-json\/wp\/v2\/posts"}],"about":[{"href":"https:\/\/voyage-aventure.com\/blog\/wp-json\/wp\/v2\/types\/post"}],"author":[{"embeddable":true,"href":"https:\/\/voyage-aventure.com\/blog\/wp-json\/wp\/v2\/users\/34"}],"replies":[{"embeddable":true,"href":"https:\/\/voyage-aventure.com\/blog\/wp-json\/wp\/v2\/comments?post=17296"}],"version-history":[{"count":2,"href":"https:\/\/voyage-aventure.com\/blog\/wp-json\/wp\/v2\/posts\/17296\/revisions"}],"predecessor-version":[{"id":23045,"href":"https:\/\/voyage-aventure.com\/blog\/wp-json\/wp\/v2\/posts\/17296\/revisions\/23045"}],"wp:featuredmedia":[{"embeddable":true,"href":"https:\/\/voyage-aventure.com\/blog\/wp-json\/wp\/v2\/media\/17954"}],"wp:attachment":[{"href":"https:\/\/voyage-aventure.com\/blog\/wp-json\/wp\/v2\/media?parent=17296"}],"wp:term":[{"taxonomy":"category","embeddable":true,"href":"https:\/\/voyage-aventure.com\/blog\/wp-json\/wp\/v2\/categories?post=17296"},{"taxonomy":"post_tag","embeddable":true,"href":"https:\/\/voyage-aventure.com\/blog\/wp-json\/wp\/v2\/tags?post=17296"}],"curies":[{"name":"wp","href":"https:\/\/api.w.org\/{rel}","templated":true}]}}