{"id":17281,"date":"2026-06-16T17:52:47","date_gmt":"2026-06-16T15:52:47","guid":{"rendered":"https:\/\/voyage-aventure.com\/blog\/?p=17281"},"modified":"2026-06-16T17:52:47","modified_gmt":"2026-06-16T15:52:47","slug":"une-experience-holographique-inedite-de-daft-punk-arrive-a-paris-en-2026","status":"publish","type":"post","link":"https:\/\/voyage-aventure.com\/blog\/destinations-aventure\/une-experience-holographique-inedite-de-daft-punk-arrive-a-paris-en-2026\/","title":{"rendered":"Une exp\u00e9rience holographique in\u00e9dite de Daft Punk arrive \u00e0 Paris en 2026"},"content":{"rendered":"<link rel=\"stylesheet\" href=\"https:\/\/fonts.googleapis.com\/css2?family=Newsreader:ital,opsz,wght@0,6..72,500..700;1,6..72,500..600&#038;family=Inter:wght@400;500;600&#038;family=JetBrains+Mono:wght@500&#038;display=swap\">\n<style>\n.va-news-wrap{font-family:'Inter',-apple-system,sans-serif;color:#1d2330;line-height:1.68;font-size:17px;max-width:760px;margin:0 auto}\n.va-news-wrap h2{font-family:'Newsreader',Georgia,serif;font-weight:700;font-size:clamp(24px,3.2vw,33px);letter-spacing:-.01em;line-height:1.2;color:#10141f;margin:46px 0 16px}\n.va-news-wrap p{margin:0 0 18px}\n.va-news-kicker{font-family:'JetBrains Mono',monospace;font-size:12px;letter-spacing:.12em;text-transform:uppercase;color:#b8392b;font-weight:500;display:inline-block;margin-bottom:10px}\n.va-news-lead{font-family:'Newsreader',Georgia,serif;font-size:21px;line-height:1.55;color:#2a3142;font-weight:500;margin:0 0 26px}\n.va-news-dateline{font-family:'JetBrains Mono',monospace;font-size:12.5px;letter-spacing:.04em;color:#6a7180;border-bottom:1px solid #e7e9ee;padding-bottom:14px;margin-bottom:22px}\n.va-news-essentiel{background:#fbf4f2;border-left:5px solid #b8392b;border-radius:0 10px 10px 0;padding:22px 26px;margin:0 0 34px;box-shadow:0 1px 2px rgba(16,24,40,.05),0 12px 28px -18px rgba(16,24,40,.16)}\n.va-news-essentiel .va-news-etitle{font-family:'JetBrains Mono',monospace;font-size:12px;letter-spacing:.1em;text-transform:uppercase;color:#b8392b;font-weight:500;margin-bottom:14px}\n.va-news-essentiel ul{margin:0;padding:0;list-style:none}\n.va-news-essentiel li{position:relative;padding-left:24px;margin-bottom:11px;font-size:16.5px}\n.va-news-essentiel li:last-child{margin-bottom:0}\n.va-news-essentiel li::before{content:\"\";position:absolute;left:0;top:9px;width:9px;height:9px;background:#b8392b;border-radius:50%}\n.va-news-essentiel li strong{color:#10141f}\n.va-news-grid{display:grid;grid-template-columns:repeat(auto-fit,minmax(220px,1fr));gap:22px;margin:30px 0}\n.va-news-card{background:#fff;border:1px solid #e7e9ee;border-top:3px solid #b8392b;border-radius:10px;padding:22px 24px;transition:.25s ease;box-shadow:0 1px 2px rgba(16,24,40,.05)}\n.va-news-card:hover{transform:translateY(-3px);box-shadow:0 1px 2px rgba(16,24,40,.05),0 16px 32px -18px rgba(16,24,40,.22)}\n.va-news-card .va-news-ct{font-family:'Newsreader',serif;font-weight:600;font-size:19px;color:#10141f;margin-bottom:7px}\n.va-news-card .va-news-cx{font-size:15.5px;color:#4a5161;line-height:1.6}\n.va-news-quote{font-family:'Newsreader',Georgia,serif;font-style:italic;font-size:22px;line-height:1.5;color:#2a3142;border-left:4px solid #b8392b;padding:6px 0 6px 26px;margin:30px 0}\n.va-news-quote .va-news-qa{display:block;font-family:'JetBrains Mono',monospace;font-style:normal;font-size:12.5px;letter-spacing:.04em;color:#6a7180;margin-top:12px}\n.va-news-retenir{background:#10141f;color:#e9ebf0;border-radius:12px;padding:26px 30px;margin:40px 0}\n.va-news-retenir .va-news-rt{font-family:'JetBrains Mono',monospace;font-size:12px;letter-spacing:.1em;text-transform:uppercase;color:#ef7a6b;margin-bottom:14px}\n.va-news-retenir ul{margin:0;padding:0;list-style:none}\n.va-news-retenir li{position:relative;padding-left:24px;margin-bottom:11px;font-size:16px;color:#d4d8e0}\n.va-news-retenir li:last-child{margin-bottom:0}\n.va-news-retenir li::before{content:\"\u2192\";position:absolute;left:0;color:#ef7a6b;font-weight:700}\n.va-news-faq{margin:38px 0 10px}\n.va-news-faq details{border:1px solid #e7e9ee;border-radius:10px;padding:0;margin-bottom:12px;background:#fff;transition:.25s ease}\n.va-news-faq details:hover{border-color:#d8bcb6}\n.va-news-faq summary{font-family:'Newsreader',serif;font-weight:600;font-size:18px;color:#10141f;padding:18px 22px;cursor:pointer;list-style:none;position:relative;padding-right:46px}\n.va-news-faq summary::-webkit-details-marker{display:none}\n.va-news-faq summary::after{content:\"+\";position:absolute;right:22px;top:15px;font-family:'JetBrains Mono',monospace;font-size:22px;color:#b8392b;transition:.2s}\n.va-news-faq details[open] summary::after{content:\"\u2013\"}\n.va-news-faq .va-news-fa{padding:0 22px 20px;font-size:16px;color:#4a5161;line-height:1.65}\n@media(max-width:560px){.va-news-wrap{font-size:16px}.va-news-lead{font-size:19px}}\n\/*RENDERFIX2*\/.va-news-essentiel li::before{color:#eef3f9!important}.va-news-essentiel li::before p,.va-news-essentiel li::before li,.va-news-essentiel li::before strong,.va-news-essentiel li::before em,.va-news-essentiel li::before a,.va-news-essentiel li::before span,.va-news-essentiel li::before b,.va-news-essentiel li::before td,.va-news-essentiel li::before th,.va-news-essentiel li::before h2,.va-news-essentiel li::before h3,.va-news-essentiel li::before h4{color:#eef3f9!important}.va-news-essentiel li::before strong,.va-news-essentiel li::before b{color:#ffffff!important}.va-news-retenir{color:#eef3f9!important}.va-news-retenir p,.va-news-retenir li,.va-news-retenir strong,.va-news-retenir em,.va-news-retenir a,.va-news-retenir span,.va-news-retenir b,.va-news-retenir td,.va-news-retenir th,.va-news-retenir h2,.va-news-retenir h3,.va-news-retenir h4{color:#eef3f9!important}.va-news-retenir strong,.va-news-retenir b{color:#ffffff!important}<\/style>\n<div class=\"va-news-wrap\">\n<span class=\"va-news-kicker\">Culture \u00b7 \u00c9v\u00e9nement \u00b7 Paris 2026<\/span><\/p>\n<div class=\"va-news-dateline\">PARIS \u2014 Annonce d&rsquo;un spectacle holographique in\u00e9dit<\/div>\n<p class=\"va-news-lead\">Daft Punk s&rsquo;appr\u00eate \u00e0 revenir \u00e0 Paris en 2026 sous une forme in\u00e9dite : \u00ab\u00a0Daft Punk Voyager\u00a0\u00bb, une exp\u00e9rience holographique immersive qui fera revivre le duo \u00e0 travers ses avatars num\u00e9riques, \u00e0 l&rsquo;occasion des 25 ans de l&rsquo;album <em>Discovery<\/em>.<\/p>\n<div class=\"va-news-essentiel\">\n<div class=\"va-news-etitle\">L&rsquo;essentiel<\/div>\n<ul>\n<li><strong>Quoi \u2014<\/strong> \u00ab\u00a0Daft Punk Voyager\u00a0\u00bb, spectacle holographique immersif avec avatars num\u00e9riques des deux membres et une bande sonore r\u00e9cemment enregistr\u00e9e.<\/li>\n<li><strong>Quand &amp; o\u00f9 \u2014<\/strong> \u00e0 Paris en 2026, dans une ar\u00e8ne install\u00e9e sur la Rue Deux-D-Deux, pour les 25 ans de l&rsquo;album <em>Discovery<\/em>.<\/li>\n<li><strong>Pourquoi \u00e7a compte \u2014<\/strong> quatre ans apr\u00e8s la s\u00e9paration du duo, un retour sc\u00e9nique d&rsquo;un genre nouveau, sur le mod\u00e8le du succ\u00e8s d&rsquo;ABBA Voyage.<\/li>\n<\/ul>\n<\/div>\n<h2>Un nouveau chapitre pour Daft Punk<\/h2>\n<p>Cette exp\u00e9rience immersive, intitul\u00e9e \u00ab\u00a0Daft Punk Voyager\u00a0\u00bb, mettra en avant des avatars num\u00e9riques des membres Thomas Bangalter et Guy-Manuel de Homem-Christo, accompagn\u00e9s d&rsquo;une bande sonore r\u00e9cemment enregistr\u00e9e. Pr\u00e9vue pour 2026, cette initiative c\u00e9l\u00e8bre les 25 ans de l&rsquo;album embl\u00e9matique <em>Discovery<\/em>.<\/p>\n<p>Le projet s&rsquo;inscrit dans un contexte o\u00f9 les deux artistes avaient mis fin \u00e0 leur collaboration il y a quatre ans. Depuis, ils ont continu\u00e9 \u00e0 alimenter leur l\u00e9gende avec des \u00e9ditions anniversaires et des remasters de leurs \u0153uvres, prouvant ainsi que leur h\u00e9ritage perdure. L&rsquo;ar\u00e8ne sera install\u00e9e sur la c\u00e9l\u00e8bre Rue Deux-D-Deux, au c\u0153ur de Paris, promettant une exp\u00e9rience inoubliable aux fans.<\/p>\n<h2>Une exp\u00e9rience multim\u00e9dia de pointe<\/h2>\n<p>Le spectacle \u00ab\u00a0Daft Punk Voyager\u00a0\u00bb sera une immersion totale dans l&rsquo;univers du duo, alliant technologie de pointe et performances artistiques. Avec un co\u00fbt estim\u00e9 \u00e0 5,555 millions d&rsquo;euros, le projet est soutenu par le conseil du tourisme fran\u00e7ais et l&rsquo;entreprise Cyberdyne Systems, sp\u00e9cialis\u00e9e dans l&rsquo;intelligence artificielle. Les spectateurs pourront s&rsquo;attendre \u00e0 un m\u00e9lange de musique live, de hologrammes et d&rsquo;une sc\u00e9nographie innovante.<\/p>\n<p>Les membres de Daft Punk seront repr\u00e9sent\u00e9s dans leurs costumes robotis\u00e9s embl\u00e9matiques, rappelant l&rsquo;esth\u00e9tique de leur \u00e9poque dor\u00e9e. Avec une performance qui s&rsquo;\u00e9tend sur trois heures et qui couvre diff\u00e9rentes \u00e9poques de leur carri\u00e8re, les fans pourront revivre l&rsquo;\u00e9nergie de leurs concerts pass\u00e9s \u00e0 travers des hologrammes en mouvement.<\/p>\n<div class=\"va-news-grid\">\n<div class=\"va-news-card\">\n<div class=\"va-news-ct\">Des avatars en mouvement<\/div>\n<div class=\"va-news-cx\">Hologrammes des deux membres en costumes robotis\u00e9s embl\u00e9matiques, sur une bande sonore r\u00e9cemment enregistr\u00e9e.<\/div>\n<\/div>\n<div class=\"va-news-card\">\n<div class=\"va-news-ct\">Trois heures de show<\/div>\n<div class=\"va-news-cx\">Une performance qui couvre diff\u00e9rentes \u00e9poques de leur carri\u00e8re, de leurs concerts pass\u00e9s \u00e0 aujourd&rsquo;hui.<\/div>\n<\/div>\n<div class=\"va-news-card\">\n<div class=\"va-news-ct\">Un budget de 5,555 M\u20ac<\/div>\n<div class=\"va-news-cx\">Projet soutenu par le conseil du tourisme fran\u00e7ais et l&rsquo;entreprise Cyberdyne Systems, sp\u00e9cialis\u00e9e en IA.<\/div>\n<\/div>\n<div class=\"va-news-card\">\n<div class=\"va-news-ct\">Billets + brunch<\/div>\n<div class=\"va-news-cx\">Une option de brunch sans limite incluse dans les billets, pour une exp\u00e9rience festive compl\u00e8te.<\/div>\n<\/div>\n<\/div>\n<h2>Un hommage \u00e0 la culture musicale<\/h2>\n<p>Le projet ne se limite pas \u00e0 la simple performance musicale : il s&rsquo;agit d&rsquo;un hommage \u00e0 la culture club et \u00e0 l&rsquo;esprit de f\u00eate qui caract\u00e9rise Daft Punk. En int\u00e9grant un brunch sans limite et une bande sonore de chant, l&rsquo;\u00e9v\u00e9nement promet de cr\u00e9er une atmosph\u00e8re conviviale et festive, \u00e0 l&rsquo;image du succ\u00e8s de l&rsquo;exp\u00e9rience ABBA Voyage. Les billets incluront \u00e9galement cette option de brunch, renfor\u00e7ant l&rsquo;id\u00e9e d&rsquo;une exp\u00e9rience compl\u00e8te.<\/p>\n<p>La collaboration avec ABBA a \u00e9t\u00e9 salu\u00e9e par Benny Andersson, membre du groupe, qui a exprim\u00e9 son enthousiasme pour le projet.<\/p>\n<div class=\"va-news-quote\">\u201cNous sommes des ravers old school. Nous avons h\u00e2te de voir l&rsquo;ar\u00e8ne Daft Punk prendre vie.\u201d<span class=\"va-news-qa\">\u2014 Benny Andersson, membre d&rsquo;ABBA<\/span><\/div>\n<p>Ce partenariat souligne l&rsquo;importance de la musique et de la technologie dans la cr\u00e9ation d&rsquo;exp\u00e9riences m\u00e9morables pour le public.<\/p>\n<div class=\"va-news-quote\">\u201cNous sommes ravis d&rsquo;immortaliser Daft Punk dans notre ville natale.\u201d<span class=\"va-news-qa\">\u2014 Thomas Bangalter<\/span><\/div>\n<p>Avec une direction, production et chor\u00e9graphie assur\u00e9es par Roy Batty, \u00ab\u00a0Daft Punk Voyager\u00a0\u00bb s&rsquo;annonce comme un \u00e9v\u00e9nement qui marquera les esprits. Les fans de musique et de technologie peuvent s&rsquo;attendre \u00e0 une aventure unique, qui allie nostalgie et innovation.<\/p>\n<div class=\"va-news-retenir\">\n<div class=\"va-news-rt\">\u00c0 retenir<\/div>\n<ul>\n<li>\u00ab\u00a0Daft Punk Voyager\u00a0\u00bb arrive \u00e0 Paris en 2026, pour les 25 ans de <em>Discovery<\/em>.<\/li>\n<li>Avatars num\u00e9riques de Bangalter et de Homem-Christo, bande sonore r\u00e9cemment enregistr\u00e9e, performance de trois heures.<\/li>\n<li>Budget estim\u00e9 \u00e0 5,555 millions d&rsquo;euros, soutenu par le conseil du tourisme fran\u00e7ais et Cyberdyne Systems.<\/li>\n<li>Billets avec option brunch sans limite, dans la lign\u00e9e du succ\u00e8s d&rsquo;ABBA Voyage.<\/li>\n<\/ul>\n<\/div>\n<div class=\"va-news-faq\">\n<details>\n<summary>Qu&rsquo;est-ce que \u00ab\u00a0Daft Punk Voyager\u00a0\u00bb ?<\/summary>\n<div class=\"va-news-fa\">Il s&rsquo;agit d&rsquo;une exp\u00e9rience holographique immersive mettant en sc\u00e8ne des avatars num\u00e9riques des deux membres de Daft Punk, accompagn\u00e9s d&rsquo;une bande sonore r\u00e9cemment enregistr\u00e9e. Le spectacle dure trois heures et couvre diff\u00e9rentes \u00e9poques de la carri\u00e8re du duo.<\/div>\n<\/details>\n<details>\n<summary>O\u00f9 et quand le spectacle aura-t-il lieu ?<\/summary>\n<div class=\"va-news-fa\">L&rsquo;\u00e9v\u00e9nement est pr\u00e9vu pour 2026 \u00e0 Paris, dans une ar\u00e8ne install\u00e9e sur la Rue Deux-D-Deux. Il c\u00e9l\u00e8bre les 25 ans de l&rsquo;album <em>Discovery<\/em>.<\/div>\n<\/details>\n<details>\n<summary>\u00c0 quoi ressemble l&rsquo;exp\u00e9rience propos\u00e9e ?<\/summary>\n<div class=\"va-news-fa\">Le show m\u00eale musique live, hologrammes en mouvement et sc\u00e9nographie innovante. Les membres apparaissent dans leurs costumes robotis\u00e9s embl\u00e9matiques. Les billets incluent une option de brunch sans limite, dans l&rsquo;esprit festif de la culture club ch\u00e8re \u00e0 Daft Punk.<\/div>\n<\/details>\n<details>\n<summary>Quel est le lien avec ABBA Voyage ?<\/summary>\n<div class=\"va-news-fa\">Le projet s&rsquo;inscrit dans la lign\u00e9e du succ\u00e8s de l&rsquo;exp\u00e9rience ABBA Voyage. Benny Andersson, membre d&rsquo;ABBA, a salu\u00e9 l&rsquo;initiative et exprim\u00e9 son enthousiasme \u00e0 l&rsquo;id\u00e9e de voir l&rsquo;ar\u00e8ne Daft Punk prendre vie.<\/div>\n<\/details>\n<\/div>\n<\/div>\n","protected":false},"excerpt":{"rendered":"","protected":false},"author":34,"featured_media":19435,"comment_status":"open","ping_status":"open","sticky":false,"template":"","format":"standard","meta":{"_acf_changed":false,"manual_indexmenow":false,"indexmenow_id_project":0,"footnotes":""},"categories":[4520],"tags":[4639,4527,4672,4535,4635],"class_list":["post-17281","post","type-post","status-publish","format-standard","has-post-thumbnail","hentry","category-destinations-aventure","tag-aventure","tag-decouverte-culturelle","tag-experiences","tag-gastronomie-locale","tag-voyage","generate-columns","tablet-grid-50","mobile-grid-100","grid-parent","grid-25"],"acf":[],"yoast_head":"<!-- This site is optimized with the Yoast SEO Premium plugin v21.3 (Yoast SEO v25.1) - https:\/\/yoast.com\/wordpress\/plugins\/seo\/ -->\n<title>Une exp\u00e9rience holographique in\u00e9dite de Daft Punk arrive \u00e0<\/title>\n<meta name=\"description\" content=\"PARIS \u2014 Annonce d&#039;un spectacle holographique in\u00e9dit Daft Punk s&#039;appr\u00eate \u00e0 revenir \u00e0 Paris en 2026 sous une forme in\u00e9dite : &quot;Daft Punk Voyager&quot;, une\" \/>\n<meta name=\"robots\" content=\"index, follow, max-snippet:-1, max-image-preview:large, max-video-preview:-1\" \/>\n<link rel=\"canonical\" href=\"https:\/\/voyage-aventure.com\/blog\/destinations-aventure\/une-experience-holographique-inedite-de-daft-punk-arrive-a-paris-en-2026\/\" \/>\n<meta property=\"og:locale\" content=\"fr_FR\" \/>\n<meta property=\"og:type\" content=\"article\" \/>\n<meta property=\"og:title\" content=\"Une exp\u00e9rience holographique in\u00e9dite de Daft Punk arrive \u00e0\" \/>\n<meta property=\"og:description\" content=\"PARIS \u2014 Annonce d&#039;un spectacle holographique in\u00e9dit Daft Punk s&#039;appr\u00eate \u00e0 revenir \u00e0 Paris en 2026 sous une forme in\u00e9dite : &quot;Daft Punk Voyager&quot;, une\" \/>\n<meta property=\"og:url\" content=\"https:\/\/voyage-aventure.com\/blog\/destinations-aventure\/une-experience-holographique-inedite-de-daft-punk-arrive-a-paris-en-2026\/\" \/>\n<meta property=\"og:site_name\" content=\"voyage-aventure\" \/>\n<meta property=\"og:image\" content=\"https:\/\/voyage-aventure.com\/blog\/wp-content\/uploads\/2025\/05\/sdxl-2aeee275002d43590c45ef0263b7c5d8-scaled.png\" \/>\n\t<meta property=\"og:image:width\" content=\"1200\" \/>\n\t<meta property=\"og:image:height\" content=\"500\" \/>\n\t<meta property=\"og:image:type\" content=\"image\/png\" \/>\n<meta name=\"author\" content=\"Camille Rouvray\" \/>\n<meta name=\"twitter:card\" content=\"summary_large_image\" \/>\n<script type=\"application\/ld+json\" class=\"yoast-schema-graph\">{\"@context\":\"https:\/\/schema.org\",\"@graph\":[{\"@type\":\"NewsArticle\",\"@id\":\"https:\/\/voyage-aventure.com\/blog\/destinations-aventure\/une-experience-holographique-inedite-de-daft-punk-arrive-a-paris-en-2026\/#article\",\"isPartOf\":{\"@id\":\"https:\/\/voyage-aventure.com\/blog\/destinations-aventure\/une-experience-holographique-inedite-de-daft-punk-arrive-a-paris-en-2026\/\"},\"author\":{\"name\":\"Camille Rouvray\",\"@id\":\"https:\/\/voyage-aventure.com\/blog\/#\/schema\/person\/3c864cdc320801e3db34b663e7e3f816\"},\"headline\":\"Une exp\u00e9rience holographique in\u00e9dite de Daft Punk arrive \u00e0 Paris en 2026\",\"datePublished\":\"2026-06-16T15:52:47+00:00\",\"mainEntityOfPage\":{\"@id\":\"https:\/\/voyage-aventure.com\/blog\/destinations-aventure\/une-experience-holographique-inedite-de-daft-punk-arrive-a-paris-en-2026\/\"},\"wordCount\":959,\"commentCount\":25,\"publisher\":{\"@id\":\"https:\/\/voyage-aventure.com\/blog\/#organization\"},\"image\":{\"@id\":\"https:\/\/voyage-aventure.com\/blog\/destinations-aventure\/une-experience-holographique-inedite-de-daft-punk-arrive-a-paris-en-2026\/#primaryimage\"},\"thumbnailUrl\":\"https:\/\/voyage-aventure.com\/blog\/wp-content\/uploads\/2025\/05\/sdxl-2aeee275002d43590c45ef0263b7c5d8-scaled.png\",\"keywords\":[\"Aventure\",\"D\u00e9couverte Culturelle\",\"Exp\u00e9riences\",\"Gastronomie Locale\",\"Voyage\"],\"articleSection\":[\"Destinations Aventure\"],\"inLanguage\":\"fr-FR\",\"potentialAction\":[{\"@type\":\"CommentAction\",\"name\":\"Comment\",\"target\":[\"https:\/\/voyage-aventure.com\/blog\/destinations-aventure\/une-experience-holographique-inedite-de-daft-punk-arrive-a-paris-en-2026\/#respond\"]}]},{\"@type\":\"WebPage\",\"@id\":\"https:\/\/voyage-aventure.com\/blog\/destinations-aventure\/une-experience-holographique-inedite-de-daft-punk-arrive-a-paris-en-2026\/\",\"url\":\"https:\/\/voyage-aventure.com\/blog\/destinations-aventure\/une-experience-holographique-inedite-de-daft-punk-arrive-a-paris-en-2026\/\",\"name\":\"Une exp\u00e9rience holographique in\u00e9dite de Daft Punk arrive \u00e0\",\"isPartOf\":{\"@id\":\"https:\/\/voyage-aventure.com\/blog\/#website\"},\"primaryImageOfPage\":{\"@id\":\"https:\/\/voyage-aventure.com\/blog\/destinations-aventure\/une-experience-holographique-inedite-de-daft-punk-arrive-a-paris-en-2026\/#primaryimage\"},\"image\":{\"@id\":\"https:\/\/voyage-aventure.com\/blog\/destinations-aventure\/une-experience-holographique-inedite-de-daft-punk-arrive-a-paris-en-2026\/#primaryimage\"},\"thumbnailUrl\":\"https:\/\/voyage-aventure.com\/blog\/wp-content\/uploads\/2025\/05\/sdxl-2aeee275002d43590c45ef0263b7c5d8-scaled.png\",\"datePublished\":\"2026-06-16T15:52:47+00:00\",\"description\":\"PARIS \u2014 Annonce d'un spectacle holographique in\u00e9dit Daft Punk s'appr\u00eate \u00e0 revenir \u00e0 Paris en 2026 sous une forme in\u00e9dite : \\\"Daft Punk Voyager\\\", une\",\"inLanguage\":\"fr-FR\",\"potentialAction\":[{\"@type\":\"ReadAction\",\"target\":[\"https:\/\/voyage-aventure.com\/blog\/destinations-aventure\/une-experience-holographique-inedite-de-daft-punk-arrive-a-paris-en-2026\/\"]}]},{\"@type\":\"ImageObject\",\"inLanguage\":\"fr-FR\",\"@id\":\"https:\/\/voyage-aventure.com\/blog\/destinations-aventure\/une-experience-holographique-inedite-de-daft-punk-arrive-a-paris-en-2026\/#primaryimage\",\"url\":\"https:\/\/voyage-aventure.com\/blog\/wp-content\/uploads\/2025\/05\/sdxl-2aeee275002d43590c45ef0263b7c5d8-scaled.png\",\"contentUrl\":\"https:\/\/voyage-aventure.com\/blog\/wp-content\/uploads\/2025\/05\/sdxl-2aeee275002d43590c45ef0263b7c5d8-scaled.png\",\"width\":1200,\"height\":500},{\"@type\":\"WebSite\",\"@id\":\"https:\/\/voyage-aventure.com\/blog\/#website\",\"url\":\"https:\/\/voyage-aventure.com\/blog\/\",\"name\":\"voyage-aventure.com\",\"description\":\"Votre passeport pour l\u2019inattendu.\",\"publisher\":{\"@id\":\"https:\/\/voyage-aventure.com\/blog\/#organization\"},\"alternateName\":\"Votre passeport pour l\u2019inattendu.\",\"potentialAction\":[{\"@type\":\"SearchAction\",\"target\":{\"@type\":\"EntryPoint\",\"urlTemplate\":\"https:\/\/voyage-aventure.com\/blog\/?s={search_term_string}\"},\"query-input\":{\"@type\":\"PropertyValueSpecification\",\"valueRequired\":true,\"valueName\":\"search_term_string\"}}],\"inLanguage\":\"fr-FR\"},{\"@type\":\"Organization\",\"@id\":\"https:\/\/voyage-aventure.com\/blog\/#organization\",\"name\":\"Foretsensations.fr\",\"url\":\"https:\/\/voyage-aventure.com\/blog\/\",\"logo\":{\"@type\":\"ImageObject\",\"inLanguage\":\"fr-FR\",\"@id\":\"https:\/\/voyage-aventure.com\/blog\/#\/schema\/logo\/image\/\",\"url\":\"https:\/\/voyage-aventure.com\/blog\/wp-content\/uploads\/2024\/12\/19.png\",\"contentUrl\":\"https:\/\/voyage-aventure.com\/blog\/wp-content\/uploads\/2024\/12\/19.png\",\"width\":512,\"height\":512,\"caption\":\"Foretsensations.fr\"},\"image\":{\"@id\":\"https:\/\/voyage-aventure.com\/blog\/#\/schema\/logo\/image\/\"}},{\"@type\":\"Person\",\"@id\":\"https:\/\/voyage-aventure.com\/blog\/#\/schema\/person\/3c864cdc320801e3db34b663e7e3f816\",\"name\":\"Camille Rouvray\",\"image\":{\"@type\":\"ImageObject\",\"inLanguage\":\"fr-FR\",\"@id\":\"https:\/\/voyage-aventure.com\/blog\/#\/schema\/person\/image\/\",\"url\":\"https:\/\/voyage-aventure.com\/blog\/wp-content\/uploads\/2026\/06\/persona_camille-r-96x96.jpg\",\"contentUrl\":\"https:\/\/voyage-aventure.com\/blog\/wp-content\/uploads\/2026\/06\/persona_camille-r-96x96.jpg\",\"caption\":\"Camille Rouvray\"},\"description\":\"Je voyage et j'\u00e9cris sur le voyage depuis une douzaine d'ann\u00e9es, d'abord en tant que routarde au long cours, puis comme r\u00e9dactrice sp\u00e9cialis\u00e9e. Mon terrain de pr\u00e9dilection, ce sont les circuits organis\u00e9s et l'art de bien pr\u00e9parer un itin\u00e9raire : choix de la saison, dur\u00e9e r\u00e9aliste des \u00e9tapes, budget jour par jour, logement et transport sur place. J'aime aussi raconter les p\u00e9pites urbaines, ces adresses qu'on ne trouve pas dans les guides classiques. Avant de publier un dossier destination, je croise toujours plusieurs sources, je v\u00e9rifie les tarifs et les formalit\u00e9s d'entr\u00e9e \u00e0 jour, et je teste moi-m\u00eame quand je le peux. Mon angle reste pratique avant tout : aider le lecteur \u00e0 partir l'esprit tranquille, sans mauvaise surprise une fois sur place. Je m'attache \u00e0 distinguer le coup de c\u0153ur sinc\u00e8re du simple argument marketing.\",\"sameAs\":[\"https:\/\/camillerouvray.fr\/\"],\"url\":\"https:\/\/voyage-aventure.com\/blog\/auteur\/noname\/\"}]}<\/script>\n<!-- \/ Yoast SEO Premium plugin. -->","yoast_head_json":{"title":"Une exp\u00e9rience holographique in\u00e9dite de Daft Punk arrive \u00e0","description":"PARIS \u2014 Annonce d'un spectacle holographique in\u00e9dit Daft Punk s'appr\u00eate \u00e0 revenir \u00e0 Paris en 2026 sous une forme in\u00e9dite : \"Daft Punk Voyager\", une","robots":{"index":"index","follow":"follow","max-snippet":"max-snippet:-1","max-image-preview":"max-image-preview:large","max-video-preview":"max-video-preview:-1"},"canonical":"https:\/\/voyage-aventure.com\/blog\/destinations-aventure\/une-experience-holographique-inedite-de-daft-punk-arrive-a-paris-en-2026\/","og_locale":"fr_FR","og_type":"article","og_title":"Une exp\u00e9rience holographique in\u00e9dite de Daft Punk arrive \u00e0","og_description":"PARIS \u2014 Annonce d'un spectacle holographique in\u00e9dit Daft Punk s'appr\u00eate \u00e0 revenir \u00e0 Paris en 2026 sous une forme in\u00e9dite : \"Daft Punk Voyager\", une","og_url":"https:\/\/voyage-aventure.com\/blog\/destinations-aventure\/une-experience-holographique-inedite-de-daft-punk-arrive-a-paris-en-2026\/","og_site_name":"voyage-aventure","og_image":[{"width":1200,"height":500,"url":"https:\/\/voyage-aventure.com\/blog\/wp-content\/uploads\/2025\/05\/sdxl-2aeee275002d43590c45ef0263b7c5d8-scaled.png","type":"image\/png"}],"author":"Camille Rouvray","twitter_card":"summary_large_image","schema":{"@context":"https:\/\/schema.org","@graph":[{"@type":"NewsArticle","@id":"https:\/\/voyage-aventure.com\/blog\/destinations-aventure\/une-experience-holographique-inedite-de-daft-punk-arrive-a-paris-en-2026\/#article","isPartOf":{"@id":"https:\/\/voyage-aventure.com\/blog\/destinations-aventure\/une-experience-holographique-inedite-de-daft-punk-arrive-a-paris-en-2026\/"},"author":{"name":"Camille Rouvray","@id":"https:\/\/voyage-aventure.com\/blog\/#\/schema\/person\/3c864cdc320801e3db34b663e7e3f816"},"headline":"Une exp\u00e9rience holographique in\u00e9dite de Daft Punk arrive \u00e0 Paris en 2026","datePublished":"2026-06-16T15:52:47+00:00","mainEntityOfPage":{"@id":"https:\/\/voyage-aventure.com\/blog\/destinations-aventure\/une-experience-holographique-inedite-de-daft-punk-arrive-a-paris-en-2026\/"},"wordCount":959,"commentCount":25,"publisher":{"@id":"https:\/\/voyage-aventure.com\/blog\/#organization"},"image":{"@id":"https:\/\/voyage-aventure.com\/blog\/destinations-aventure\/une-experience-holographique-inedite-de-daft-punk-arrive-a-paris-en-2026\/#primaryimage"},"thumbnailUrl":"https:\/\/voyage-aventure.com\/blog\/wp-content\/uploads\/2025\/05\/sdxl-2aeee275002d43590c45ef0263b7c5d8-scaled.png","keywords":["Aventure","D\u00e9couverte Culturelle","Exp\u00e9riences","Gastronomie Locale","Voyage"],"articleSection":["Destinations Aventure"],"inLanguage":"fr-FR","potentialAction":[{"@type":"CommentAction","name":"Comment","target":["https:\/\/voyage-aventure.com\/blog\/destinations-aventure\/une-experience-holographique-inedite-de-daft-punk-arrive-a-paris-en-2026\/#respond"]}]},{"@type":"WebPage","@id":"https:\/\/voyage-aventure.com\/blog\/destinations-aventure\/une-experience-holographique-inedite-de-daft-punk-arrive-a-paris-en-2026\/","url":"https:\/\/voyage-aventure.com\/blog\/destinations-aventure\/une-experience-holographique-inedite-de-daft-punk-arrive-a-paris-en-2026\/","name":"Une exp\u00e9rience holographique in\u00e9dite de Daft Punk arrive \u00e0","isPartOf":{"@id":"https:\/\/voyage-aventure.com\/blog\/#website"},"primaryImageOfPage":{"@id":"https:\/\/voyage-aventure.com\/blog\/destinations-aventure\/une-experience-holographique-inedite-de-daft-punk-arrive-a-paris-en-2026\/#primaryimage"},"image":{"@id":"https:\/\/voyage-aventure.com\/blog\/destinations-aventure\/une-experience-holographique-inedite-de-daft-punk-arrive-a-paris-en-2026\/#primaryimage"},"thumbnailUrl":"https:\/\/voyage-aventure.com\/blog\/wp-content\/uploads\/2025\/05\/sdxl-2aeee275002d43590c45ef0263b7c5d8-scaled.png","datePublished":"2026-06-16T15:52:47+00:00","description":"PARIS \u2014 Annonce d'un spectacle holographique in\u00e9dit Daft Punk s'appr\u00eate \u00e0 revenir \u00e0 Paris en 2026 sous une forme in\u00e9dite : \"Daft Punk Voyager\", une","inLanguage":"fr-FR","potentialAction":[{"@type":"ReadAction","target":["https:\/\/voyage-aventure.com\/blog\/destinations-aventure\/une-experience-holographique-inedite-de-daft-punk-arrive-a-paris-en-2026\/"]}]},{"@type":"ImageObject","inLanguage":"fr-FR","@id":"https:\/\/voyage-aventure.com\/blog\/destinations-aventure\/une-experience-holographique-inedite-de-daft-punk-arrive-a-paris-en-2026\/#primaryimage","url":"https:\/\/voyage-aventure.com\/blog\/wp-content\/uploads\/2025\/05\/sdxl-2aeee275002d43590c45ef0263b7c5d8-scaled.png","contentUrl":"https:\/\/voyage-aventure.com\/blog\/wp-content\/uploads\/2025\/05\/sdxl-2aeee275002d43590c45ef0263b7c5d8-scaled.png","width":1200,"height":500},{"@type":"WebSite","@id":"https:\/\/voyage-aventure.com\/blog\/#website","url":"https:\/\/voyage-aventure.com\/blog\/","name":"voyage-aventure.com","description":"Votre passeport pour l\u2019inattendu.","publisher":{"@id":"https:\/\/voyage-aventure.com\/blog\/#organization"},"alternateName":"Votre passeport pour l\u2019inattendu.","potentialAction":[{"@type":"SearchAction","target":{"@type":"EntryPoint","urlTemplate":"https:\/\/voyage-aventure.com\/blog\/?s={search_term_string}"},"query-input":{"@type":"PropertyValueSpecification","valueRequired":true,"valueName":"search_term_string"}}],"inLanguage":"fr-FR"},{"@type":"Organization","@id":"https:\/\/voyage-aventure.com\/blog\/#organization","name":"Foretsensations.fr","url":"https:\/\/voyage-aventure.com\/blog\/","logo":{"@type":"ImageObject","inLanguage":"fr-FR","@id":"https:\/\/voyage-aventure.com\/blog\/#\/schema\/logo\/image\/","url":"https:\/\/voyage-aventure.com\/blog\/wp-content\/uploads\/2024\/12\/19.png","contentUrl":"https:\/\/voyage-aventure.com\/blog\/wp-content\/uploads\/2024\/12\/19.png","width":512,"height":512,"caption":"Foretsensations.fr"},"image":{"@id":"https:\/\/voyage-aventure.com\/blog\/#\/schema\/logo\/image\/"}},{"@type":"Person","@id":"https:\/\/voyage-aventure.com\/blog\/#\/schema\/person\/3c864cdc320801e3db34b663e7e3f816","name":"Camille Rouvray","image":{"@type":"ImageObject","inLanguage":"fr-FR","@id":"https:\/\/voyage-aventure.com\/blog\/#\/schema\/person\/image\/","url":"https:\/\/voyage-aventure.com\/blog\/wp-content\/uploads\/2026\/06\/persona_camille-r-96x96.jpg","contentUrl":"https:\/\/voyage-aventure.com\/blog\/wp-content\/uploads\/2026\/06\/persona_camille-r-96x96.jpg","caption":"Camille Rouvray"},"description":"Je voyage et j'\u00e9cris sur le voyage depuis une douzaine d'ann\u00e9es, d'abord en tant que routarde au long cours, puis comme r\u00e9dactrice sp\u00e9cialis\u00e9e. Mon terrain de pr\u00e9dilection, ce sont les circuits organis\u00e9s et l'art de bien pr\u00e9parer un itin\u00e9raire : choix de la saison, dur\u00e9e r\u00e9aliste des \u00e9tapes, budget jour par jour, logement et transport sur place. J'aime aussi raconter les p\u00e9pites urbaines, ces adresses qu'on ne trouve pas dans les guides classiques. Avant de publier un dossier destination, je croise toujours plusieurs sources, je v\u00e9rifie les tarifs et les formalit\u00e9s d'entr\u00e9e \u00e0 jour, et je teste moi-m\u00eame quand je le peux. Mon angle reste pratique avant tout : aider le lecteur \u00e0 partir l'esprit tranquille, sans mauvaise surprise une fois sur place. Je m'attache \u00e0 distinguer le coup de c\u0153ur sinc\u00e8re du simple argument marketing.","sameAs":["https:\/\/camillerouvray.fr\/"],"url":"https:\/\/voyage-aventure.com\/blog\/auteur\/noname\/"}]}},"_links":{"self":[{"href":"https:\/\/voyage-aventure.com\/blog\/wp-json\/wp\/v2\/posts\/17281","targetHints":{"allow":["GET"]}}],"collection":[{"href":"https:\/\/voyage-aventure.com\/blog\/wp-json\/wp\/v2\/posts"}],"about":[{"href":"https:\/\/voyage-aventure.com\/blog\/wp-json\/wp\/v2\/types\/post"}],"author":[{"embeddable":true,"href":"https:\/\/voyage-aventure.com\/blog\/wp-json\/wp\/v2\/users\/34"}],"replies":[{"embeddable":true,"href":"https:\/\/voyage-aventure.com\/blog\/wp-json\/wp\/v2\/comments?post=17281"}],"version-history":[{"count":3,"href":"https:\/\/voyage-aventure.com\/blog\/wp-json\/wp\/v2\/posts\/17281\/revisions"}],"predecessor-version":[{"id":23043,"href":"https:\/\/voyage-aventure.com\/blog\/wp-json\/wp\/v2\/posts\/17281\/revisions\/23043"}],"wp:featuredmedia":[{"embeddable":true,"href":"https:\/\/voyage-aventure.com\/blog\/wp-json\/wp\/v2\/media\/19435"}],"wp:attachment":[{"href":"https:\/\/voyage-aventure.com\/blog\/wp-json\/wp\/v2\/media?parent=17281"}],"wp:term":[{"taxonomy":"category","embeddable":true,"href":"https:\/\/voyage-aventure.com\/blog\/wp-json\/wp\/v2\/categories?post=17281"},{"taxonomy":"post_tag","embeddable":true,"href":"https:\/\/voyage-aventure.com\/blog\/wp-json\/wp\/v2\/tags?post=17281"}],"curies":[{"name":"wp","href":"https:\/\/api.w.org\/{rel}","templated":true}]}}