{"id":17261,"date":"2026-06-16T17:51:41","date_gmt":"2026-06-16T15:51:41","guid":{"rendered":"https:\/\/voyage-aventure.com\/blog\/?p=17261"},"modified":"2026-06-16T17:51:41","modified_gmt":"2026-06-16T15:51:41","slug":"decouvrez-la-magie-de-la-bolivie-en-2025-entre-andes-majestueuses-et-jungle-amazonienne","status":"publish","type":"post","link":"https:\/\/voyage-aventure.com\/blog\/a-la-une\/decouvrez-la-magie-de-la-bolivie-en-2025-entre-andes-majestueuses-et-jungle-amazonienne\/","title":{"rendered":"D\u00e9couvrez la magie de la Bolivie en 2025 : entre Andes majestueuses et jungle amazonienne"},"content":{"rendered":"<link rel=\"stylesheet\" href=\"https:\/\/fonts.googleapis.com\/css2?family=Fraunces:opsz,wght@9..144,500;9..144,600;9..144,700;9..144,900&#038;family=Inter:wght@400;500;600&#038;family=JetBrains+Mono:wght@500&#038;display=swap\">\n<style>\n.va-bolivie-wrap{font-family:'Inter',-apple-system,BlinkMacSystemFont,'Segoe UI',sans-serif;color:#2a241f;line-height:1.65;font-size:17px;}\n.va-bolivie-wrap h2{font-family:'Fraunces',Georgia,serif;font-weight:700;font-size:clamp(24px,3.2vw,34px);letter-spacing:-0.015em;color:#231c16;margin:52px 0 18px;line-height:1.2;}\n.va-bolivie-wrap h3{font-family:'Fraunces',Georgia,serif;font-weight:600;font-size:19px;color:#231c16;margin:0 0 6px;letter-spacing:-0.01em;}\n.va-bolivie-wrap p{margin:0 0 18px;}\n.va-bolivie-kicker{font-family:'JetBrains Mono',monospace;font-size:11px;font-weight:500;text-transform:uppercase;letter-spacing:2.5px;color:#B5663A;display:block;margin-bottom:10px;}\n.va-bolivie-lead{font-size:20px;line-height:1.55;color:#3a322b;font-weight:500;margin:0 0 8px;letter-spacing:-0.005em;}\n.va-bolivie-carnet{background:#faf6f1;border:1px solid #ece2d6;border-left:5px solid #B5663A;border-radius:10px;padding:24px 26px 26px;margin:30px 0;}\n.va-bolivie-carnet-t{font-family:'JetBrains Mono',monospace;font-size:11px;font-weight:500;text-transform:uppercase;letter-spacing:2.2px;color:#B5663A;margin-bottom:16px;}\n.va-bolivie-carnet-grid{display:grid;grid-template-columns:repeat(auto-fit,minmax(220px,1fr));gap:12px;}\n.va-bolivie-cell{background:#fff;border:1px solid #ece2d6;border-radius:8px;padding:14px 16px;}\n.va-bolivie-cell-k{font-family:'JetBrains Mono',monospace;font-size:10px;text-transform:uppercase;letter-spacing:1.5px;color:#9a8b7a;margin-bottom:5px;}\n.va-bolivie-cell-v{font-size:14.5px;line-height:1.45;color:#2a241f;font-weight:500;}\n.va-bolivie-grid{display:grid;grid-template-columns:repeat(auto-fit,minmax(230px,1fr));gap:16px;margin:26px 0;}\n.va-bolivie-card{background:#fff;border:1px solid #ece2d6;border-top:3px solid #B5663A;border-radius:8px;padding:20px 20px 18px;transition:.25s ease;box-shadow:0 1px 2px rgba(40,28,16,.04);}\n.va-bolivie-card:hover{transform:translateY(-3px);box-shadow:0 12px 28px -16px rgba(40,28,16,.28);}\n.va-bolivie-card-n{font-family:'Fraunces',Georgia,serif;font-size:15px;font-weight:900;color:#B5663A;display:inline-flex;align-items:center;justify-content:center;width:34px;height:34px;background:#f7ede2;border-radius:50%;margin-bottom:12px;}\n.va-bolivie-card-txt{font-size:14px;line-height:1.55;color:#574c41;}\n.va-bolivie-quote{margin:40px auto;padding:26px 24px;text-align:center;border-top:1px solid #231c16;border-bottom:1px solid #231c16;max-width:660px;position:relative;}\n.va-bolivie-quote-mark{position:absolute;top:-22px;left:50%;transform:translateX(-50%);background:#fff;padding:0 14px;font-family:'Fraunces',Georgia,serif;font-size:52px;line-height:1;color:#B5663A;}\n.va-bolivie-quote blockquote{margin:0;font-family:'Fraunces',Georgia,serif;font-size:24px;line-height:1.45;font-style:italic;font-weight:500;color:#231c16;letter-spacing:-0.005em;}\n.va-bolivie-tablewrap{overflow-x:auto;border:1px solid #ece2d6;border-radius:10px;margin:26px 0;}\n.va-bolivie-table{width:100%;border-collapse:collapse;font-size:14.5px;color:#2a241f;min-width:480px;}\n.va-bolivie-table thead tr{background:#231c16;color:#fff;}\n.va-bolivie-table th{text-align:left;padding:13px 18px;font-family:'JetBrains Mono',monospace;font-size:11px;font-weight:500;text-transform:uppercase;letter-spacing:1.4px;}\n.va-bolivie-table td{padding:13px 18px;border-bottom:1px solid #f0e9df;}\n.va-bolivie-table tbody tr:nth-child(even){background:#faf6f1;}\n.va-bolivie-table tbody tr:last-child td{border-bottom:none;}\n.va-bolivie-table td:first-child{font-weight:600;}\n.va-bolivie-note{background:#f7ede2;border-left:4px solid #B5663A;padding:15px 18px;margin:22px 0;border-radius:0 6px 6px 0;}\n.va-bolivie-note-t{font-family:'JetBrains Mono',monospace;display:inline-block;color:#8a4e2a;font-size:11px;text-transform:uppercase;letter-spacing:1.5px;margin-right:8px;font-weight:500;}\n.va-bolivie-note-x{font-size:14.5px;line-height:1.55;color:#3a322b;}\n.va-bolivie-retenir{background:#231c16;border-radius:12px;padding:26px 28px 28px;margin:36px 0;}\n.va-bolivie-retenir-t{font-family:'JetBrains Mono',monospace;font-size:11px;font-weight:500;text-transform:uppercase;letter-spacing:2.2px;color:#E0A878;margin-bottom:16px;}\n.va-bolivie-retenir-grid{display:grid;grid-template-columns:repeat(auto-fit,minmax(240px,1fr));gap:10px;}\n.va-bolivie-ritem{display:flex;gap:12px;align-items:flex-start;background:#2e251d;border:1px solid #3d3225;border-radius:8px;padding:13px 15px;}\n.va-bolivie-rnum{flex:0 0 26px;width:26px;height:26px;background:#B5663A;color:#fff;border-radius:50%;display:inline-flex;align-items:center;justify-content:center;font-size:12px;font-weight:700;font-family:'JetBrains Mono',monospace;}\n.va-bolivie-rtxt{font-size:14px;line-height:1.5;color:#ece2d6;}\n.va-bolivie-faq{margin:36px 0;}\n.va-bolivie-faq>h2{margin-bottom:8px;}\n.va-bolivie-faqlist{border-top:1px solid #e4d9cb;}\n.va-bolivie-faq details{border-bottom:1px solid #e4d9cb;}\n.va-bolivie-faq summary{cursor:pointer;padding:17px 0;font-family:'Fraunces',Georgia,serif;font-size:18px;font-weight:600;color:#231c16;list-style:none;display:flex;justify-content:space-between;align-items:center;gap:14px;}\n.va-bolivie-faq summary::-webkit-details-marker{display:none;}\n.va-bolivie-faq summary span:last-child{font-family:'Inter',sans-serif;font-size:24px;font-weight:300;color:#B5663A;line-height:1;}\n.va-bolivie-faq .va-bolivie-ans{padding:0 0 18px;font-size:15.5px;line-height:1.7;color:#574c41;}\n.va-bolivie-src{font-size:13.5px;color:#8a7c6d;font-style:italic;margin-top:26px;border-top:1px dotted #d8cbbb;padding-top:16px;}\n\/*RENDERFIX2*\/.va-bolivie-table thead tr{color:#eef3f9!important}.va-bolivie-table thead tr p,.va-bolivie-table thead tr li,.va-bolivie-table thead tr strong,.va-bolivie-table thead tr em,.va-bolivie-table thead tr a,.va-bolivie-table thead tr span,.va-bolivie-table thead tr b,.va-bolivie-table thead tr td,.va-bolivie-table thead tr th,.va-bolivie-table thead tr h2,.va-bolivie-table thead tr h3,.va-bolivie-table thead tr h4{color:#eef3f9!important}.va-bolivie-table thead tr strong,.va-bolivie-table thead tr b{color:#ffffff!important}.va-bolivie-retenir{color:#eef3f9!important}.va-bolivie-retenir p,.va-bolivie-retenir li,.va-bolivie-retenir strong,.va-bolivie-retenir em,.va-bolivie-retenir a,.va-bolivie-retenir span,.va-bolivie-retenir b,.va-bolivie-retenir td,.va-bolivie-retenir th,.va-bolivie-retenir h2,.va-bolivie-retenir h3,.va-bolivie-retenir h4{color:#eef3f9!important}.va-bolivie-retenir strong,.va-bolivie-retenir b{color:#ffffff!important}.va-bolivie-ritem{color:#eef3f9!important}.va-bolivie-ritem p,.va-bolivie-ritem li,.va-bolivie-ritem strong,.va-bolivie-ritem em,.va-bolivie-ritem a,.va-bolivie-ritem span,.va-bolivie-ritem b,.va-bolivie-ritem td,.va-bolivie-ritem th,.va-bolivie-ritem h2,.va-bolivie-ritem h3,.va-bolivie-ritem h4{color:#eef3f9!important}.va-bolivie-ritem strong,.va-bolivie-ritem b{color:#ffffff!important}<\/style>\n<div class=\"va-bolivie-wrap\">\n<span class=\"va-bolivie-kicker\">Guide destination \u00b7 Am\u00e9rique du Sud<\/span><\/p>\n<p class=\"va-bolivie-lead\">La Bolivie aligne en un seul voyage les Andes majestueuses et la jungle amazonienne, le plus grand d\u00e9sert de sel du monde et un lac perch\u00e9 \u00e0 plus de 3 800 m\u00e8tres. Voici comment organiser votre d\u00e9couverte en 2025, du Salar d&rsquo;Uyuni \u00e0 La Paz, sans rien laisser au hasard.<\/p>\n<div class=\"va-bolivie-carnet\">\n<div class=\"va-bolivie-carnet-t\">\u2726 Le carnet pratique en un coup d&rsquo;\u0153il<\/div>\n<div class=\"va-bolivie-carnet-grid\">\n<div class=\"va-bolivie-cell\">\n<div class=\"va-bolivie-cell-k\">Meilleure p\u00e9riode<\/div>\n<div class=\"va-bolivie-cell-v\">Saison s\u00e8che, de mai \u00e0 octobre<\/div>\n<\/div>\n<div class=\"va-bolivie-cell\">\n<div class=\"va-bolivie-cell-k\">Dur\u00e9e id\u00e9ale<\/div>\n<div class=\"va-bolivie-cell-v\">Un circuit de 10 jours pour l&rsquo;essentiel<\/div>\n<\/div>\n<div class=\"va-bolivie-cell\">\n<div class=\"va-bolivie-cell-k\">Trois incontournables<\/div>\n<div class=\"va-bolivie-cell-v\">Salar d&rsquo;Uyuni \u00b7 La Paz \u00b7 lac Titicaca<\/div>\n<\/div>\n<div class=\"va-bolivie-cell\">\n<div class=\"va-bolivie-cell-k\">Miroir du Salar<\/div>\n<div class=\"va-bolivie-cell-v\">Ph\u00e9nom\u00e8ne de r\u00e9flexion entre janvier et mars<\/div>\n<\/div>\n<div class=\"va-bolivie-cell\">\n<div class=\"va-bolivie-cell-k\">Sant\u00e9<\/div>\n<div class=\"va-bolivie-cell-v\">Vaccins conseill\u00e9s (h\u00e9patite A, fi\u00e8vre jaune)<\/div>\n<\/div>\n<div class=\"va-bolivie-cell\">\n<div class=\"va-bolivie-cell-k\">D\u00e9cor<\/div>\n<div class=\"va-bolivie-cell-v\">Des Andes \u00e0 l&rsquo;Amazonie en quelques jours<\/div>\n<\/div><\/div>\n<\/div>\n<h2>\u00c9merveillez-vous devant les paysages uniques de Bolivie<\/h2>\n<p>La Bolivie, v\u00e9ritable joyau d&rsquo;Am\u00e9rique du Sud, offre des paysages \u00e0 couper le souffle. Entre les Andes majestueuses et la jungle amazonienne, chaque coin de ce pays raconte une histoire fascinante. Au cours de votre voyage, vous d\u00e9couvrirez des panoramas qui resteront grav\u00e9s dans votre m\u00e9moire.<\/p>\n<p>Parmi les incontournables, le Salar d&rsquo;Uyuni se distingue par son immensit\u00e9 et sa beaut\u00e9. Ce d\u00e9sert de sel, le plus grand du monde, se transforme en miroir lors de la saison des pluies, cr\u00e9ant une illusion spectaculaire de ciel infini. \u00c0 travers ces paysages, vous aurez l&rsquo;occasion d&rsquo;explorer la riche biodiversit\u00e9 et la culture vibrante de la Bolivie.<\/p>\n<div class=\"va-bolivie-grid\">\n<div class=\"va-bolivie-card\">\n<div class=\"va-bolivie-card-n\">01<\/div>\n<h3>Le Salar d&rsquo;Uyuni<\/h3>\n<div class=\"va-bolivie-card-txt\">Le plus grand d\u00e9sert de sel du monde, immense et \u00e9blouissant. \u00c0 la saison des pluies, sa surface se mue en miroir g\u00e9ant qui confond ciel et terre.<\/div>\n<\/p><\/div>\n<div class=\"va-bolivie-card\">\n<div class=\"va-bolivie-card-n\">02<\/div>\n<h3>La Paz et la Vall\u00e9e de la Lune<\/h3>\n<div class=\"va-bolivie-card-txt\">La capitale administrative perch\u00e9e en altitude, point de d\u00e9part de la plupart des circuits, avec l&rsquo;\u00e9tonnant relief lunaire de la Valle de la Luna \u00e0 deux pas.<\/div>\n<\/p><\/div>\n<div class=\"va-bolivie-card\">\n<div class=\"va-bolivie-card-n\">03<\/div>\n<h3>Le lac Titicaca<\/h3>\n<div class=\"va-bolivie-card-txt\">Depuis Copacabana, embarquez vers l&rsquo;Isla del Sol, berceau mythique des Incas, pos\u00e9 sur les eaux du plus haut lac navigable.<\/div>\n<\/p><\/div>\n<div class=\"va-bolivie-card\">\n<div class=\"va-bolivie-card-n\">04<\/div>\n<h3>Sucre et Potos\u00ed<\/h3>\n<div class=\"va-bolivie-card-txt\">La ville coloniale de Sucre, sa cuisine et son patrimoine, puis Potos\u00ed et les sources thermales de Tarapaya pour une parenth\u00e8se d\u00e9tente.<\/div>\n<\/p><\/div>\n<\/div>\n<h2>Pr\u00e9parez votre aventure : conseils pratiques avant de partir<\/h2>\n<p>Avant de vous lancer dans cette exp\u00e9dition, il est essentiel de bien vous pr\u00e9parer. Bien que la vaccination ne soit pas obligatoire, il est conseill\u00e9 de se faire vacciner contre l&rsquo;h\u00e9patite A et la fi\u00e8vre jaune. En effet, cela vous prot\u00e9gera tout au long de votre s\u00e9jour, surtout si vous pr\u00e9voyez de visiter des r\u00e9gions isol\u00e9es.<\/p>\n<p>Pensez \u00e9galement \u00e0 bien vous renseigner sur les meilleures p\u00e9riodes pour voyager. La saison s\u00e8che, de mai \u00e0 octobre, est id\u00e9ale pour explorer les paysages andins et le Salar d&rsquo;Uyuni. En revanche, entre janvier et mars, vous pourrez appr\u00e9cier le ph\u00e9nom\u00e8ne de r\u00e9flexion sur le sel, mais il est important de bien se pr\u00e9parer pour les conditions climatiques.<\/p>\n<h3>Quand partir : rep\u00e8res saison par saison<\/h3>\n<div class=\"va-bolivie-tablewrap\">\n<table class=\"va-bolivie-table\">\n<thead>\n<tr>\n<th>P\u00e9riode<\/th>\n<th>Ambiance<\/th>\n<th>Id\u00e9al pour<\/th>\n<\/tr>\n<\/thead>\n<tbody>\n<tr>\n<td>Mai \u00e0 octobre<\/td>\n<td>Saison s\u00e8che, ciel d\u00e9gag\u00e9<\/td>\n<td>Andes, Salar d&rsquo;Uyuni, randonn\u00e9e<\/td>\n<\/tr>\n<tr>\n<td>Janvier \u00e0 mars<\/td>\n<td>Saison des pluies<\/td>\n<td>Le miroir r\u00e9fl\u00e9chissant du Salar<\/td>\n<\/tr>\n<tr>\n<td>Reste de l&rsquo;ann\u00e9e<\/td>\n<td>Conditions plus variables<\/td>\n<td>Se renseigner avant le d\u00e9part<\/td>\n<\/tr>\n<\/tbody>\n<\/table>\n<\/div>\n<div class=\"va-bolivie-note\">\n  <span class=\"va-bolivie-note-t\">\u26f0 Altitude<\/span><br \/>\n  <span class=\"va-bolivie-note-x\">La Bolivie se vit en grande partie en haute altitude (La Paz et le Titicaca d\u00e9passent largement 3 500 m), et le mal des montagnes \u2014 le soroche \u2014 est un d\u00e9sagr\u00e9ment connu. Quelques r\u00e9flexes de bon sens aident : pr\u00e9voir un ou deux jours d&rsquo;acclimatation \u00e0 l&rsquo;arriv\u00e9e, monter progressivement, s&rsquo;hydrater et \u00e9viter les efforts intenses les premiers jours. Pour tout doute ou condition de sant\u00e9 particuli\u00e8re, demandez un avis m\u00e9dical avant le d\u00e9part.<\/span>\n<\/div>\n<div class=\"va-bolivie-note\">\n  <span class=\"va-bolivie-note-t\">\ud83d\udec2 Formalit\u00e9s &#038; s\u00e9curit\u00e9<\/span><br \/>\n  <span class=\"va-bolivie-note-x\">Pour les conditions d&rsquo;entr\u00e9e, vaccins et consignes de s\u00e9curit\u00e9 \u00e0 jour, r\u00e9f\u00e9rez-vous toujours aux sources officielles, notamment la fiche Bolivie de <strong>France Diplomatie (Conseils aux voyageurs)<\/strong>. Les recommandations \u00e9voluent : v\u00e9rifiez-les peu avant votre d\u00e9part.<\/span>\n<\/div>\n<h2>Un itin\u00e9raire de r\u00eave pour d\u00e9couvrir la Bolivie en 10 jours<\/h2>\n<p>Un circuit de dix jours en Bolivie vous permettra de vivre des exp\u00e9riences inoubliables. Voici un exemple d&rsquo;itin\u00e9raire qui vous fera traverser les plus beaux sites du pays :<\/p>\n<ul>\n<li><strong>Jours 1-2<\/strong> : Arriv\u00e9e \u00e0 La Paz, excursion \u00e0 la Vall\u00e9e de la Lune.<\/li>\n<li><strong>Jour 3<\/strong> : D\u00e9couverte de Copacabana et du lac Titicaca.<\/li>\n<li><strong>Jours 4-5<\/strong> : Vol vers Sucre, visite de la ville coloniale et cours de cuisine bolivienne.<\/li>\n<li><strong>Jours 6-7<\/strong> : S\u00e9jour \u00e0 Potos\u00ed, d\u00e9tente aux sources thermales de Tarapaya.<\/li>\n<li><strong>Jours 8-10<\/strong> : Exploration du Salar d&rsquo;Uyuni en 4&#215;4, retour \u00e0 La Paz.<\/li>\n<\/ul>\n<p>Chaque jour sera rempli d&rsquo;aventures, que ce soit en d\u00e9couvrant la culture locale ou en go\u00fbtant \u00e0 la gastronomie unique. Les salte\u00f1as, ces d\u00e9licieuses chaussons garnis, sont un must \u00e0 d\u00e9guster.<\/p>\n<div class=\"va-bolivie-quote\">\n<div class=\"va-bolivie-quote-mark\" aria-hidden=\"true\">\u00ab<\/div>\n<blockquote><p>Visiter la Bolivie, c&rsquo;est plonger au c\u0153ur d&rsquo;une culture ancestrale tout en explorant des paysages d&rsquo;une beaut\u00e9 \u00e0 couper le souffle.<\/p><\/blockquote>\n<\/div>\n<h2>Les activit\u00e9s incontournables \u00e0 ne pas manquer<\/h2>\n<p>La Bolivie regorge d&rsquo;activit\u00e9s passionnantes qui s\u00e9duiront les amateurs d&rsquo;aventure. Que ce soit le trekking \u00e0 travers les Andes ou une descente en rafting dans la jungle, chaque moment sera riche en sensations. Ne manquez pas la visite de l&rsquo;Isla del Sol, berceau mythique des Incas, pour une immersion totale dans l&rsquo;histoire locale.<\/p>\n<p>Enfin, pour une exp\u00e9rience authentique, vous pouvez participer \u00e0 des ateliers de tissage \u00e0 Candelaria. Ces rencontres avec les artisans locaux vous permettront de comprendre la richesse de la culture bolivienne et de rapporter chez vous un souvenir unique de votre voyage.<\/p>\n<p>En r\u00e9sum\u00e9, la Bolivie en 2025 vous promet une aventure inoubliable, alliant paysages \u00e9poustouflants, culture riche et exp\u00e9riences authentiques. Pr\u00e9parez-vous \u00e0 vivre l&rsquo;aventure de votre vie dans ce pays aux mille merveilles.<\/p>\n<div class=\"va-bolivie-retenir\">\n<div class=\"va-bolivie-retenir-t\">\u00c0 retenir<\/div>\n<div class=\"va-bolivie-retenir-grid\">\n<div class=\"va-bolivie-ritem\"><span class=\"va-bolivie-rnum\">1<\/span><span class=\"va-bolivie-rtxt\">Deux mondes en un voyage : les Andes majestueuses et la jungle amazonienne.<\/span><\/div>\n<div class=\"va-bolivie-ritem\"><span class=\"va-bolivie-rnum\">2<\/span><span class=\"va-bolivie-rtxt\">Saison s\u00e8che (mai-octobre) pour les paysages andins ; janvier-mars pour le miroir du Salar.<\/span><\/div>\n<div class=\"va-bolivie-ritem\"><span class=\"va-bolivie-rnum\">3<\/span><span class=\"va-bolivie-rtxt\">Dix jours suffisent pour relier La Paz, le Titicaca, Sucre, Potos\u00ed et le Salar d&rsquo;Uyuni.<\/span><\/div>\n<div class=\"va-bolivie-ritem\"><span class=\"va-bolivie-rnum\">4<\/span><span class=\"va-bolivie-rtxt\">Anticiper l&rsquo;altitude par une acclimatation en douceur et un avis m\u00e9dical au besoin.<\/span><\/div>\n<div class=\"va-bolivie-ritem\"><span class=\"va-bolivie-rnum\">5<\/span><span class=\"va-bolivie-rtxt\">V\u00e9rifier formalit\u00e9s et s\u00e9curit\u00e9 sur France Diplomatie juste avant de partir.<\/span><\/div>\n<\/p><\/div>\n<\/div>\n<section class=\"va-bolivie-faq\">\n<h2>Questions fr\u00e9quentes<\/h2>\n<div class=\"va-bolivie-faqlist\">\n<details>\n<summary><span>Quand partir en Bolivie ?<\/span><span>+<\/span><\/summary>\n<div class=\"va-bolivie-ans\">La saison s\u00e8che, de mai \u00e0 octobre, est la plus propice pour explorer les paysages andins et le Salar d&rsquo;Uyuni dans de bonnes conditions. Si vous tenez \u00e0 voir le Salar se transformer en immense miroir r\u00e9fl\u00e9chissant, visez plut\u00f4t la saison des pluies, entre janvier et mars \u2014 en vous pr\u00e9parant \u00e0 un climat plus humide.<\/div>\n<\/details>\n<details>\n<summary><span>Pourquoi aller en Bolivie ?<\/span><span>+<\/span><\/summary>\n<div class=\"va-bolivie-ans\">Parce qu&rsquo;aucun autre pays ne condense autant de contrastes : les Andes majestueuses et la jungle amazonienne, le plus grand d\u00e9sert de sel du monde au Salar d&rsquo;Uyuni, le lac Titicaca et son Isla del Sol, des villes coloniales comme Sucre, et une culture ancestrale toujours vivante. C&rsquo;est une destination d&rsquo;aventure et d&rsquo;immersion authentique.<\/div>\n<\/details>\n<details>\n<summary><span>Comment organiser un voyage en Bolivie ?<\/span><span>+<\/span><\/summary>\n<div class=\"va-bolivie-ans\">Choisissez d&rsquo;abord votre p\u00e9riode selon ce que vous voulez voir, puis b\u00e2tissez un itin\u00e9raire \u2014 dix jours suffisent pour relier La Paz, le lac Titicaca, Sucre, Potos\u00ed et le Salar d&rsquo;Uyuni. Pr\u00e9voyez du temps d&rsquo;acclimatation \u00e0 l&rsquo;altitude, renseignez-vous sur les vaccins conseill\u00e9s (h\u00e9patite A, fi\u00e8vre jaune) et v\u00e9rifiez formalit\u00e9s et s\u00e9curit\u00e9 sur les sources officielles avant le d\u00e9part.<\/div>\n<\/details>\n<details>\n<summary><span>Comment visiter la Bolivie ?<\/span><span>+<\/span><\/summary>\n<div class=\"va-bolivie-ans\">Le pays se parcourt souvent en circuit : arriv\u00e9e \u00e0 La Paz, excursion vers la Vall\u00e9e de la Lune, travers\u00e9e vers Copacabana et le lac Titicaca, vol vers Sucre, puis Potos\u00ed et enfin l&rsquo;exploration du Salar d&rsquo;Uyuni en 4&#215;4. Entre trekking dans les Andes, rafting en jungle, visite de l&rsquo;Isla del Sol et ateliers de tissage \u00e0 Candelaria, chaque \u00e9tape m\u00eale nature et rencontres locales.<\/div>\n<\/details><\/div>\n<\/section>\n<div class=\"va-bolivie-src\">Informations pratiques (sant\u00e9, s\u00e9curit\u00e9, formalit\u00e9s) \u00e0 confirmer aupr\u00e8s des sources officielles, notamment la fiche Bolivie de France Diplomatie, avant tout d\u00e9part. Cet article est informatif et ne remplace pas un avis m\u00e9dical personnalis\u00e9.<\/div>\n<\/div>\n","protected":false},"excerpt":{"rendered":"","protected":false},"author":34,"featured_media":20109,"comment_status":"open","ping_status":"open","sticky":false,"template":"","format":"standard","meta":{"_acf_changed":false,"manual_indexmenow":false,"indexmenow_id_project":0,"footnotes":""},"categories":[1],"tags":[4538,4639,4527,4535,4769],"class_list":["post-17261","post","type-post","status-publish","format-standard","has-post-thumbnail","hentry","category-a-la-une","tag-activites-variees","tag-aventure","tag-decouverte-culturelle","tag-gastronomie-locale","tag-immersion-culturelle","generate-columns","tablet-grid-50","mobile-grid-100","grid-parent","grid-25"],"acf":[],"yoast_head":"<!-- This site is optimized with the Yoast SEO Premium plugin v21.3 (Yoast SEO v25.1) - https:\/\/yoast.com\/wordpress\/plugins\/seo\/ -->\n<title>D\u00e9couvrez la magie de la Bolivie en 2025 : entre Andes<\/title>\n<meta name=\"description\" content=\"La Bolivie aligne en un seul voyage les Andes majestueuses et la jungle amazonienne, le plus grand d\u00e9sert de sel du monde et un lac perch\u00e9 \u00e0 plus de 3 800\" \/>\n<meta name=\"robots\" content=\"index, follow, max-snippet:-1, max-image-preview:large, max-video-preview:-1\" \/>\n<link rel=\"canonical\" href=\"https:\/\/voyage-aventure.com\/blog\/a-la-une\/decouvrez-la-magie-de-la-bolivie-en-2025-entre-andes-majestueuses-et-jungle-amazonienne\/\" \/>\n<meta property=\"og:locale\" content=\"fr_FR\" \/>\n<meta property=\"og:type\" content=\"article\" \/>\n<meta property=\"og:title\" content=\"D\u00e9couvrez la magie de la Bolivie en 2025 : entre Andes\" \/>\n<meta property=\"og:description\" content=\"La Bolivie aligne en un seul voyage les Andes majestueuses et la jungle amazonienne, le plus grand d\u00e9sert de sel du monde et un lac perch\u00e9 \u00e0 plus de 3 800\" \/>\n<meta property=\"og:url\" content=\"https:\/\/voyage-aventure.com\/blog\/a-la-une\/decouvrez-la-magie-de-la-bolivie-en-2025-entre-andes-majestueuses-et-jungle-amazonienne\/\" \/>\n<meta property=\"og:site_name\" content=\"voyage-aventure\" \/>\n<meta property=\"og:image\" content=\"https:\/\/voyage-aventure.com\/blog\/wp-content\/uploads\/2025\/05\/sdxl-a70ee9288b983942648588dd1fe50bdc-scaled.png\" \/>\n\t<meta property=\"og:image:width\" content=\"1200\" \/>\n\t<meta property=\"og:image:height\" content=\"500\" \/>\n\t<meta property=\"og:image:type\" content=\"image\/png\" \/>\n<meta name=\"author\" content=\"Camille Rouvray\" \/>\n<meta name=\"twitter:card\" content=\"summary_large_image\" \/>\n<script type=\"application\/ld+json\" class=\"yoast-schema-graph\">{\"@context\":\"https:\/\/schema.org\",\"@graph\":[{\"@type\":\"NewsArticle\",\"@id\":\"https:\/\/voyage-aventure.com\/blog\/a-la-une\/decouvrez-la-magie-de-la-bolivie-en-2025-entre-andes-majestueuses-et-jungle-amazonienne\/#article\",\"isPartOf\":{\"@id\":\"https:\/\/voyage-aventure.com\/blog\/a-la-une\/decouvrez-la-magie-de-la-bolivie-en-2025-entre-andes-majestueuses-et-jungle-amazonienne\/\"},\"author\":{\"name\":\"Camille Rouvray\",\"@id\":\"https:\/\/voyage-aventure.com\/blog\/#\/schema\/person\/3c864cdc320801e3db34b663e7e3f816\"},\"headline\":\"D\u00e9couvrez la magie de la Bolivie en 2025 : entre Andes majestueuses et jungle amazonienne\",\"datePublished\":\"2026-06-16T15:51:41+00:00\",\"mainEntityOfPage\":{\"@id\":\"https:\/\/voyage-aventure.com\/blog\/a-la-une\/decouvrez-la-magie-de-la-bolivie-en-2025-entre-andes-majestueuses-et-jungle-amazonienne\/\"},\"wordCount\":1389,\"commentCount\":25,\"publisher\":{\"@id\":\"https:\/\/voyage-aventure.com\/blog\/#organization\"},\"image\":{\"@id\":\"https:\/\/voyage-aventure.com\/blog\/a-la-une\/decouvrez-la-magie-de-la-bolivie-en-2025-entre-andes-majestueuses-et-jungle-amazonienne\/#primaryimage\"},\"thumbnailUrl\":\"https:\/\/voyage-aventure.com\/blog\/wp-content\/uploads\/2025\/05\/sdxl-a70ee9288b983942648588dd1fe50bdc-scaled.png\",\"keywords\":[\"Activit\u00e9s Vari\u00e9es\",\"Aventure\",\"D\u00e9couverte Culturelle\",\"Gastronomie Locale\",\"Immersion Culturelle\"],\"articleSection\":[\"\u00c0 la une\"],\"inLanguage\":\"fr-FR\",\"potentialAction\":[{\"@type\":\"CommentAction\",\"name\":\"Comment\",\"target\":[\"https:\/\/voyage-aventure.com\/blog\/a-la-une\/decouvrez-la-magie-de-la-bolivie-en-2025-entre-andes-majestueuses-et-jungle-amazonienne\/#respond\"]}]},{\"@type\":\"WebPage\",\"@id\":\"https:\/\/voyage-aventure.com\/blog\/a-la-une\/decouvrez-la-magie-de-la-bolivie-en-2025-entre-andes-majestueuses-et-jungle-amazonienne\/\",\"url\":\"https:\/\/voyage-aventure.com\/blog\/a-la-une\/decouvrez-la-magie-de-la-bolivie-en-2025-entre-andes-majestueuses-et-jungle-amazonienne\/\",\"name\":\"D\u00e9couvrez la magie de la Bolivie en 2025 : entre Andes\",\"isPartOf\":{\"@id\":\"https:\/\/voyage-aventure.com\/blog\/#website\"},\"primaryImageOfPage\":{\"@id\":\"https:\/\/voyage-aventure.com\/blog\/a-la-une\/decouvrez-la-magie-de-la-bolivie-en-2025-entre-andes-majestueuses-et-jungle-amazonienne\/#primaryimage\"},\"image\":{\"@id\":\"https:\/\/voyage-aventure.com\/blog\/a-la-une\/decouvrez-la-magie-de-la-bolivie-en-2025-entre-andes-majestueuses-et-jungle-amazonienne\/#primaryimage\"},\"thumbnailUrl\":\"https:\/\/voyage-aventure.com\/blog\/wp-content\/uploads\/2025\/05\/sdxl-a70ee9288b983942648588dd1fe50bdc-scaled.png\",\"datePublished\":\"2026-06-16T15:51:41+00:00\",\"description\":\"La Bolivie aligne en un seul voyage les Andes majestueuses et la jungle amazonienne, le plus grand d\u00e9sert de sel du monde et un lac perch\u00e9 \u00e0 plus de 3 800\",\"inLanguage\":\"fr-FR\",\"potentialAction\":[{\"@type\":\"ReadAction\",\"target\":[\"https:\/\/voyage-aventure.com\/blog\/a-la-une\/decouvrez-la-magie-de-la-bolivie-en-2025-entre-andes-majestueuses-et-jungle-amazonienne\/\"]}]},{\"@type\":\"ImageObject\",\"inLanguage\":\"fr-FR\",\"@id\":\"https:\/\/voyage-aventure.com\/blog\/a-la-une\/decouvrez-la-magie-de-la-bolivie-en-2025-entre-andes-majestueuses-et-jungle-amazonienne\/#primaryimage\",\"url\":\"https:\/\/voyage-aventure.com\/blog\/wp-content\/uploads\/2025\/05\/sdxl-a70ee9288b983942648588dd1fe50bdc-scaled.png\",\"contentUrl\":\"https:\/\/voyage-aventure.com\/blog\/wp-content\/uploads\/2025\/05\/sdxl-a70ee9288b983942648588dd1fe50bdc-scaled.png\",\"width\":1200,\"height\":500},{\"@type\":\"WebSite\",\"@id\":\"https:\/\/voyage-aventure.com\/blog\/#website\",\"url\":\"https:\/\/voyage-aventure.com\/blog\/\",\"name\":\"voyage-aventure.com\",\"description\":\"Votre passeport pour l\u2019inattendu.\",\"publisher\":{\"@id\":\"https:\/\/voyage-aventure.com\/blog\/#organization\"},\"alternateName\":\"Votre passeport pour l\u2019inattendu.\",\"potentialAction\":[{\"@type\":\"SearchAction\",\"target\":{\"@type\":\"EntryPoint\",\"urlTemplate\":\"https:\/\/voyage-aventure.com\/blog\/?s={search_term_string}\"},\"query-input\":{\"@type\":\"PropertyValueSpecification\",\"valueRequired\":true,\"valueName\":\"search_term_string\"}}],\"inLanguage\":\"fr-FR\"},{\"@type\":\"Organization\",\"@id\":\"https:\/\/voyage-aventure.com\/blog\/#organization\",\"name\":\"Foretsensations.fr\",\"url\":\"https:\/\/voyage-aventure.com\/blog\/\",\"logo\":{\"@type\":\"ImageObject\",\"inLanguage\":\"fr-FR\",\"@id\":\"https:\/\/voyage-aventure.com\/blog\/#\/schema\/logo\/image\/\",\"url\":\"https:\/\/voyage-aventure.com\/blog\/wp-content\/uploads\/2024\/12\/19.png\",\"contentUrl\":\"https:\/\/voyage-aventure.com\/blog\/wp-content\/uploads\/2024\/12\/19.png\",\"width\":512,\"height\":512,\"caption\":\"Foretsensations.fr\"},\"image\":{\"@id\":\"https:\/\/voyage-aventure.com\/blog\/#\/schema\/logo\/image\/\"}},{\"@type\":\"Person\",\"@id\":\"https:\/\/voyage-aventure.com\/blog\/#\/schema\/person\/3c864cdc320801e3db34b663e7e3f816\",\"name\":\"Camille Rouvray\",\"image\":{\"@type\":\"ImageObject\",\"inLanguage\":\"fr-FR\",\"@id\":\"https:\/\/voyage-aventure.com\/blog\/#\/schema\/person\/image\/\",\"url\":\"https:\/\/voyage-aventure.com\/blog\/wp-content\/uploads\/2026\/06\/persona_camille-r-96x96.jpg\",\"contentUrl\":\"https:\/\/voyage-aventure.com\/blog\/wp-content\/uploads\/2026\/06\/persona_camille-r-96x96.jpg\",\"caption\":\"Camille Rouvray\"},\"description\":\"Je voyage et j'\u00e9cris sur le voyage depuis une douzaine d'ann\u00e9es, d'abord en tant que routarde au long cours, puis comme r\u00e9dactrice sp\u00e9cialis\u00e9e. Mon terrain de pr\u00e9dilection, ce sont les circuits organis\u00e9s et l'art de bien pr\u00e9parer un itin\u00e9raire : choix de la saison, dur\u00e9e r\u00e9aliste des \u00e9tapes, budget jour par jour, logement et transport sur place. J'aime aussi raconter les p\u00e9pites urbaines, ces adresses qu'on ne trouve pas dans les guides classiques. Avant de publier un dossier destination, je croise toujours plusieurs sources, je v\u00e9rifie les tarifs et les formalit\u00e9s d'entr\u00e9e \u00e0 jour, et je teste moi-m\u00eame quand je le peux. Mon angle reste pratique avant tout : aider le lecteur \u00e0 partir l'esprit tranquille, sans mauvaise surprise une fois sur place. Je m'attache \u00e0 distinguer le coup de c\u0153ur sinc\u00e8re du simple argument marketing.\",\"sameAs\":[\"https:\/\/camillerouvray.fr\/\"],\"url\":\"https:\/\/voyage-aventure.com\/blog\/auteur\/noname\/\"}]}<\/script>\n<!-- \/ Yoast SEO Premium plugin. -->","yoast_head_json":{"title":"D\u00e9couvrez la magie de la Bolivie en 2025 : entre Andes","description":"La Bolivie aligne en un seul voyage les Andes majestueuses et la jungle amazonienne, le plus grand d\u00e9sert de sel du monde et un lac perch\u00e9 \u00e0 plus de 3 800","robots":{"index":"index","follow":"follow","max-snippet":"max-snippet:-1","max-image-preview":"max-image-preview:large","max-video-preview":"max-video-preview:-1"},"canonical":"https:\/\/voyage-aventure.com\/blog\/a-la-une\/decouvrez-la-magie-de-la-bolivie-en-2025-entre-andes-majestueuses-et-jungle-amazonienne\/","og_locale":"fr_FR","og_type":"article","og_title":"D\u00e9couvrez la magie de la Bolivie en 2025 : entre Andes","og_description":"La Bolivie aligne en un seul voyage les Andes majestueuses et la jungle amazonienne, le plus grand d\u00e9sert de sel du monde et un lac perch\u00e9 \u00e0 plus de 3 800","og_url":"https:\/\/voyage-aventure.com\/blog\/a-la-une\/decouvrez-la-magie-de-la-bolivie-en-2025-entre-andes-majestueuses-et-jungle-amazonienne\/","og_site_name":"voyage-aventure","og_image":[{"width":1200,"height":500,"url":"https:\/\/voyage-aventure.com\/blog\/wp-content\/uploads\/2025\/05\/sdxl-a70ee9288b983942648588dd1fe50bdc-scaled.png","type":"image\/png"}],"author":"Camille Rouvray","twitter_card":"summary_large_image","schema":{"@context":"https:\/\/schema.org","@graph":[{"@type":"NewsArticle","@id":"https:\/\/voyage-aventure.com\/blog\/a-la-une\/decouvrez-la-magie-de-la-bolivie-en-2025-entre-andes-majestueuses-et-jungle-amazonienne\/#article","isPartOf":{"@id":"https:\/\/voyage-aventure.com\/blog\/a-la-une\/decouvrez-la-magie-de-la-bolivie-en-2025-entre-andes-majestueuses-et-jungle-amazonienne\/"},"author":{"name":"Camille Rouvray","@id":"https:\/\/voyage-aventure.com\/blog\/#\/schema\/person\/3c864cdc320801e3db34b663e7e3f816"},"headline":"D\u00e9couvrez la magie de la Bolivie en 2025 : entre Andes majestueuses et jungle amazonienne","datePublished":"2026-06-16T15:51:41+00:00","mainEntityOfPage":{"@id":"https:\/\/voyage-aventure.com\/blog\/a-la-une\/decouvrez-la-magie-de-la-bolivie-en-2025-entre-andes-majestueuses-et-jungle-amazonienne\/"},"wordCount":1389,"commentCount":25,"publisher":{"@id":"https:\/\/voyage-aventure.com\/blog\/#organization"},"image":{"@id":"https:\/\/voyage-aventure.com\/blog\/a-la-une\/decouvrez-la-magie-de-la-bolivie-en-2025-entre-andes-majestueuses-et-jungle-amazonienne\/#primaryimage"},"thumbnailUrl":"https:\/\/voyage-aventure.com\/blog\/wp-content\/uploads\/2025\/05\/sdxl-a70ee9288b983942648588dd1fe50bdc-scaled.png","keywords":["Activit\u00e9s Vari\u00e9es","Aventure","D\u00e9couverte Culturelle","Gastronomie Locale","Immersion Culturelle"],"articleSection":["\u00c0 la une"],"inLanguage":"fr-FR","potentialAction":[{"@type":"CommentAction","name":"Comment","target":["https:\/\/voyage-aventure.com\/blog\/a-la-une\/decouvrez-la-magie-de-la-bolivie-en-2025-entre-andes-majestueuses-et-jungle-amazonienne\/#respond"]}]},{"@type":"WebPage","@id":"https:\/\/voyage-aventure.com\/blog\/a-la-une\/decouvrez-la-magie-de-la-bolivie-en-2025-entre-andes-majestueuses-et-jungle-amazonienne\/","url":"https:\/\/voyage-aventure.com\/blog\/a-la-une\/decouvrez-la-magie-de-la-bolivie-en-2025-entre-andes-majestueuses-et-jungle-amazonienne\/","name":"D\u00e9couvrez la magie de la Bolivie en 2025 : entre Andes","isPartOf":{"@id":"https:\/\/voyage-aventure.com\/blog\/#website"},"primaryImageOfPage":{"@id":"https:\/\/voyage-aventure.com\/blog\/a-la-une\/decouvrez-la-magie-de-la-bolivie-en-2025-entre-andes-majestueuses-et-jungle-amazonienne\/#primaryimage"},"image":{"@id":"https:\/\/voyage-aventure.com\/blog\/a-la-une\/decouvrez-la-magie-de-la-bolivie-en-2025-entre-andes-majestueuses-et-jungle-amazonienne\/#primaryimage"},"thumbnailUrl":"https:\/\/voyage-aventure.com\/blog\/wp-content\/uploads\/2025\/05\/sdxl-a70ee9288b983942648588dd1fe50bdc-scaled.png","datePublished":"2026-06-16T15:51:41+00:00","description":"La Bolivie aligne en un seul voyage les Andes majestueuses et la jungle amazonienne, le plus grand d\u00e9sert de sel du monde et un lac perch\u00e9 \u00e0 plus de 3 800","inLanguage":"fr-FR","potentialAction":[{"@type":"ReadAction","target":["https:\/\/voyage-aventure.com\/blog\/a-la-une\/decouvrez-la-magie-de-la-bolivie-en-2025-entre-andes-majestueuses-et-jungle-amazonienne\/"]}]},{"@type":"ImageObject","inLanguage":"fr-FR","@id":"https:\/\/voyage-aventure.com\/blog\/a-la-une\/decouvrez-la-magie-de-la-bolivie-en-2025-entre-andes-majestueuses-et-jungle-amazonienne\/#primaryimage","url":"https:\/\/voyage-aventure.com\/blog\/wp-content\/uploads\/2025\/05\/sdxl-a70ee9288b983942648588dd1fe50bdc-scaled.png","contentUrl":"https:\/\/voyage-aventure.com\/blog\/wp-content\/uploads\/2025\/05\/sdxl-a70ee9288b983942648588dd1fe50bdc-scaled.png","width":1200,"height":500},{"@type":"WebSite","@id":"https:\/\/voyage-aventure.com\/blog\/#website","url":"https:\/\/voyage-aventure.com\/blog\/","name":"voyage-aventure.com","description":"Votre passeport pour l\u2019inattendu.","publisher":{"@id":"https:\/\/voyage-aventure.com\/blog\/#organization"},"alternateName":"Votre passeport pour l\u2019inattendu.","potentialAction":[{"@type":"SearchAction","target":{"@type":"EntryPoint","urlTemplate":"https:\/\/voyage-aventure.com\/blog\/?s={search_term_string}"},"query-input":{"@type":"PropertyValueSpecification","valueRequired":true,"valueName":"search_term_string"}}],"inLanguage":"fr-FR"},{"@type":"Organization","@id":"https:\/\/voyage-aventure.com\/blog\/#organization","name":"Foretsensations.fr","url":"https:\/\/voyage-aventure.com\/blog\/","logo":{"@type":"ImageObject","inLanguage":"fr-FR","@id":"https:\/\/voyage-aventure.com\/blog\/#\/schema\/logo\/image\/","url":"https:\/\/voyage-aventure.com\/blog\/wp-content\/uploads\/2024\/12\/19.png","contentUrl":"https:\/\/voyage-aventure.com\/blog\/wp-content\/uploads\/2024\/12\/19.png","width":512,"height":512,"caption":"Foretsensations.fr"},"image":{"@id":"https:\/\/voyage-aventure.com\/blog\/#\/schema\/logo\/image\/"}},{"@type":"Person","@id":"https:\/\/voyage-aventure.com\/blog\/#\/schema\/person\/3c864cdc320801e3db34b663e7e3f816","name":"Camille Rouvray","image":{"@type":"ImageObject","inLanguage":"fr-FR","@id":"https:\/\/voyage-aventure.com\/blog\/#\/schema\/person\/image\/","url":"https:\/\/voyage-aventure.com\/blog\/wp-content\/uploads\/2026\/06\/persona_camille-r-96x96.jpg","contentUrl":"https:\/\/voyage-aventure.com\/blog\/wp-content\/uploads\/2026\/06\/persona_camille-r-96x96.jpg","caption":"Camille Rouvray"},"description":"Je voyage et j'\u00e9cris sur le voyage depuis une douzaine d'ann\u00e9es, d'abord en tant que routarde au long cours, puis comme r\u00e9dactrice sp\u00e9cialis\u00e9e. Mon terrain de pr\u00e9dilection, ce sont les circuits organis\u00e9s et l'art de bien pr\u00e9parer un itin\u00e9raire : choix de la saison, dur\u00e9e r\u00e9aliste des \u00e9tapes, budget jour par jour, logement et transport sur place. J'aime aussi raconter les p\u00e9pites urbaines, ces adresses qu'on ne trouve pas dans les guides classiques. Avant de publier un dossier destination, je croise toujours plusieurs sources, je v\u00e9rifie les tarifs et les formalit\u00e9s d'entr\u00e9e \u00e0 jour, et je teste moi-m\u00eame quand je le peux. Mon angle reste pratique avant tout : aider le lecteur \u00e0 partir l'esprit tranquille, sans mauvaise surprise une fois sur place. Je m'attache \u00e0 distinguer le coup de c\u0153ur sinc\u00e8re du simple argument marketing.","sameAs":["https:\/\/camillerouvray.fr\/"],"url":"https:\/\/voyage-aventure.com\/blog\/auteur\/noname\/"}]}},"_links":{"self":[{"href":"https:\/\/voyage-aventure.com\/blog\/wp-json\/wp\/v2\/posts\/17261","targetHints":{"allow":["GET"]}}],"collection":[{"href":"https:\/\/voyage-aventure.com\/blog\/wp-json\/wp\/v2\/posts"}],"about":[{"href":"https:\/\/voyage-aventure.com\/blog\/wp-json\/wp\/v2\/types\/post"}],"author":[{"embeddable":true,"href":"https:\/\/voyage-aventure.com\/blog\/wp-json\/wp\/v2\/users\/34"}],"replies":[{"embeddable":true,"href":"https:\/\/voyage-aventure.com\/blog\/wp-json\/wp\/v2\/comments?post=17261"}],"version-history":[{"count":3,"href":"https:\/\/voyage-aventure.com\/blog\/wp-json\/wp\/v2\/posts\/17261\/revisions"}],"predecessor-version":[{"id":23036,"href":"https:\/\/voyage-aventure.com\/blog\/wp-json\/wp\/v2\/posts\/17261\/revisions\/23036"}],"wp:featuredmedia":[{"embeddable":true,"href":"https:\/\/voyage-aventure.com\/blog\/wp-json\/wp\/v2\/media\/20109"}],"wp:attachment":[{"href":"https:\/\/voyage-aventure.com\/blog\/wp-json\/wp\/v2\/media?parent=17261"}],"wp:term":[{"taxonomy":"category","embeddable":true,"href":"https:\/\/voyage-aventure.com\/blog\/wp-json\/wp\/v2\/categories?post=17261"},{"taxonomy":"post_tag","embeddable":true,"href":"https:\/\/voyage-aventure.com\/blog\/wp-json\/wp\/v2\/tags?post=17261"}],"curies":[{"name":"wp","href":"https:\/\/api.w.org\/{rel}","templated":true}]}}