{"id":17256,"date":"2026-05-19T15:01:08","date_gmt":"2026-05-19T13:01:08","guid":{"rendered":"https:\/\/voyage-aventure.com\/blog\/?p=17256"},"modified":"2026-05-19T15:01:08","modified_gmt":"2026-05-19T13:01:08","slug":"decouvrez-rio-de-janeiro-en-2025-soleil-samba-et-aventures-inoubliables","status":"publish","type":"post","link":"https:\/\/voyage-aventure.com\/blog\/a-la-une\/decouvrez-rio-de-janeiro-en-2025-soleil-samba-et-aventures-inoubliables\/","title":{"rendered":"D\u00e9couvrez Rio de Janeiro en 2025 : soleil, samba et aventures inoubliables"},"content":{"rendered":"<div style=\"background:linear-gradient(135deg,#fff5ec 0%,#fde4cf 100%);border-left:5px solid #6a4a2a;padding:24px 28px;margin:0 0 32px;border-radius:6px;box-shadow:0 2px 10px rgba(106,74,42,.08);\">\n<div style=\"font-size:11px;letter-spacing:2.5px;text-transform:uppercase;color:#6a4a2a;font-weight:700;margin-bottom:8px;\">Carnet de voyage \u00b7 Br\u00e9sil<\/div>\n<div style=\"font-size:17px;line-height:1.6;color:#3a2a1c;\"><strong>Rio de Janeiro<\/strong>, ses plages dor\u00e9es, son Christ R\u00e9dempteur perch\u00e9 sur le Corcovado, la samba qui s&rsquo;\u00e9chappe des bars de Santa Teresa et le souffle sal\u00e9 de l&rsquo;Atlantique : voici le guide complet pour vivre la <em>Cidade Maravilhosa<\/em> comme un Carioca, entre Copacabana, Ipanema et la for\u00eat de Tijuca.<\/div>\n<\/div>\n<h2>Une ville pleine de vie et de culture<\/h2>\n<div style=\"font-size:16px;line-height:1.75;color:#2b2118;margin-bottom:18px;\">Rio de Janeiro est une destination qui ne laisse personne indiff\u00e9rent. Connue pour ses plages embl\u00e9matiques, sa culture vibrante et ses paysages \u00e0 couper le souffle, elle attire chaque ann\u00e9e des millions de visiteurs du monde entier. La chaleur du soleil br\u00e9silien et l&rsquo;\u00e9nergie de la samba cr\u00e9ent une atmosph\u00e8re unique qui fait de chaque instant un souvenir m\u00e9morable.<\/div>\n<div style=\"font-size:16px;line-height:1.75;color:#2b2118;margin-bottom:24px;\">En vous promenant dans les rues de Rio, vous d\u00e9couvrirez un m\u00e9lange fascinant de traditions et de modernit\u00e9. Les couleurs \u00e9clatantes des maisons, la musique qui r\u00e9sonne dans les quartiers anim\u00e9s et l&rsquo;hospitalit\u00e9 des Cariocas vous envelopperont dans une exp\u00e9rience authentique. Que vous soyez amateur de farniente sur les plages ou d&rsquo;aventure dans la nature, Rio a quelque chose \u00e0 offrir \u00e0 chacun.<\/div>\n<div style=\"display:grid;grid-template-columns:repeat(auto-fit,minmax(160px,1fr));gap:14px;margin:28px 0;\">\n<div style=\"background:#fff;border:1px solid #f0d9c0;border-top:3px solid #6a4a2a;padding:18px 16px;text-align:center;border-radius:4px;\">\n<div style=\"font-size:28px;font-weight:800;color:#6a4a2a;line-height:1;\">6,7M<\/div>\n<div style=\"font-size:12px;color:#6b5340;margin-top:6px;letter-spacing:0.5px;\">Habitants intra-muros<\/div>\n<\/div>\n<div style=\"background:#fff;border:1px solid #f0d9c0;border-top:3px solid #8b5a2b;padding:18px 16px;text-align:center;border-radius:4px;\">\n<div style=\"font-size:28px;font-weight:800;color:#8b5a2b;line-height:1;\">38 m<\/div>\n<div style=\"font-size:12px;color:#6b5340;margin-top:6px;letter-spacing:0.5px;\">Hauteur du Christ R\u00e9dempteur<\/div>\n<\/div>\n<div style=\"background:#fff;border:1px solid #f0d9c0;border-top:3px solid #b07338;padding:18px 16px;text-align:center;border-radius:4px;\">\n<div style=\"font-size:28px;font-weight:800;color:#b07338;line-height:1;\">4 km<\/div>\n<div style=\"font-size:12px;color:#6b5340;margin-top:6px;letter-spacing:0.5px;\">Sable de Copacabana<\/div>\n<\/div>\n<div style=\"background:#fff;border:1px solid #f0d9c0;border-top:3px solid #c98b4d;padding:18px 16px;text-align:center;border-radius:4px;\">\n<div style=\"font-size:28px;font-weight:800;color:#c98b4d;line-height:1;\">27\u00b0C<\/div>\n<div style=\"font-size:12px;color:#6b5340;margin-top:6px;letter-spacing:0.5px;\">Temp\u00e9rature moyenne<\/div>\n<\/div>\n<\/div>\n<p><iframe loading=\"lazy\" title=\"Masha et Michka 2023 \ud83c\udf89 Les Chansons de Masha \ud83d\udc83\ud83c\udffc\ud83e\udd41 Le carnaval de Rio (\u00c9pisode 4) \ud83d\ude0aNOUVELLE SAISON\ud83d\ude0a\" width=\"1200\" height=\"675\" src=\"https:\/\/www.youtube.com\/embed\/u-Z5Skdgkpg?feature=oembed\" frameborder=\"0\" allow=\"accelerometer; autoplay; clipboard-write; encrypted-media; gyroscope; picture-in-picture; web-share\" referrerpolicy=\"strict-origin-when-cross-origin\" allowfullscreen><\/iframe><\/p>\n<h2>Les plages incontournables de Rio<\/h2>\n<div style=\"font-size:16px;line-height:1.75;color:#2b2118;margin-bottom:18px;\">Lorsque l&rsquo;on parle de Rio, les plages sont au c\u0153ur de l&rsquo;exp\u00e9rience. Copacabana, avec ses quatre kilom\u00e8tres de sable dor\u00e9, est sans conteste la plage la plus c\u00e9l\u00e8bre. C&rsquo;est un lieu o\u00f9 se m\u00ealent touristes et habitants, tous attir\u00e9s par son ambiance festive. Apr\u00e8s une baignade rafra\u00eechissante, pourquoi ne pas s&rsquo;essayer \u00e0 une partie de foot-volley avec les Cariocas ?<\/div>\n<div style=\"font-size:16px;line-height:1.75;color:#2b2118;margin-bottom:24px;\">Ipanema, quant \u00e0 elle, est connue pour son atmosph\u00e8re tendance et ses couchers de soleil \u00e0 couper le souffle. Le Posto 9 attire les amateurs de mode et de culture boh\u00e8me, cr\u00e9ant un environnement dynamique et plein de vie. Pour ceux qui recherchent un peu plus de tranquillit\u00e9, Prainha, \u00e0 quelques kilom\u00e8tres de la ville, offre un cadre naturel idyllique o\u00f9 l&rsquo;on peut se ressourcer loin de la foule.<\/div>\n<div style=\"display:grid;grid-template-columns:repeat(auto-fit,minmax(240px,1fr));gap:18px;margin:28px 0;\">\n<div style=\"background:#fff;border:1px solid #ead2b4;border-radius:8px;overflow:hidden;box-shadow:0 3px 12px rgba(106,74,42,.08);\">\n<div style=\"background:linear-gradient(135deg,#6a4a2a,#8b5a2b);color:#fff5ec;padding:14px 18px;font-weight:700;letter-spacing:0.5px;\">Copacabana<\/div>\n<div style=\"padding:16px 18px;font-size:14.5px;line-height:1.65;color:#3a2a1c;\">Plage anim\u00e9e, foot-volley sur le sable, kiosques \u00e0 eau de coco, ambiance festive 24h\/24. <strong>Id\u00e9ale pour<\/strong> : rencontrer les Cariocas.<\/div>\n<\/div>\n<div style=\"background:#fff;border:1px solid #ead2b4;border-radius:8px;overflow:hidden;box-shadow:0 3px 12px rgba(106,74,42,.08);\">\n<div style=\"background:linear-gradient(135deg,#8b5a2b,#b07338);color:#fff5ec;padding:14px 18px;font-weight:700;letter-spacing:0.5px;\">Ipanema<\/div>\n<div style=\"padding:16px 18px;font-size:14.5px;line-height:1.65;color:#3a2a1c;\">Atmosph\u00e8re boh\u00e8me, mode et musique au Posto 9, couchers de soleil l\u00e9gendaires sur le Morro Dois Irm\u00e3os. <strong>Id\u00e9ale pour<\/strong> : l&rsquo;instant magique.<\/div>\n<\/div>\n<div style=\"background:#fff;border:1px solid #ead2b4;border-radius:8px;overflow:hidden;box-shadow:0 3px 12px rgba(106,74,42,.08);\">\n<div style=\"background:linear-gradient(135deg,#b07338,#c98b4d);color:#fff5ec;padding:14px 18px;font-weight:700;letter-spacing:0.5px;\">Prainha<\/div>\n<div style=\"padding:16px 18px;font-size:14.5px;line-height:1.65;color:#3a2a1c;\">Crique sauvage entour\u00e9e de mata atl\u00e2ntica, surfeurs locaux, eau cristalline et silence pr\u00e9serv\u00e9. <strong>Id\u00e9ale pour<\/strong> : fuir la foule.<\/div>\n<\/div>\n<\/div>\n<ul>\n<li>Copacabana : plage anim\u00e9e id\u00e9ale pour rencontrer les locaux.<\/li>\n<li>Ipanema : ambiance boh\u00e8me et coucher de soleil magique.<\/li>\n<li>Prainha : tranquillit\u00e9 et beaut\u00e9 naturelle pr\u00e9serv\u00e9e.<\/li>\n<\/ul>\n<div style=\"background:#fff5ec;border:1px dashed #c98b4d;border-radius:6px;padding:20px 24px;margin:28px 0;\">\n<div style=\"font-size:12px;letter-spacing:2px;text-transform:uppercase;color:#6a4a2a;font-weight:700;margin-bottom:10px;\">Conseil de Carioca<\/div>\n<div style=\"font-size:15px;line-height:1.7;color:#3a2a1c;\">Sur les plages, ne portez ni montre, ni bijou, ni sac visible. Apportez juste un billet, votre cr\u00e8me solaire et louez une <em>cadeira<\/em> (chaise) aupr\u00e8s des kiosques. Les <em>biscoito Globo<\/em> (biscuits en couronne) et le <em>mat\u00e9 gelado<\/em> vendus par les marchands ambulants sont une institution.<\/div>\n<\/div>\n<h2>Les merveilles naturelles et culturelles \u00e0 explorer<\/h2>\n<div style=\"font-size:16px;line-height:1.75;color:#2b2118;margin-bottom:18px;\">Le Pain de Sucre est un incontournable pour tous les visiteurs. Avec ses 400 m\u00e8tres de hauteur, cette formation rocheuse offre une vue spectaculaire sur la ville et ses plages. Le trajet en t\u00e9l\u00e9ph\u00e9rique pour y acc\u00e9der est une exp\u00e9rience en soi, et le panorama qui vous attend au sommet est tout simplement \u00e9poustouflant. Il est conseill\u00e9 de s&rsquo;y rendre au coucher du soleil pour appr\u00e9cier la magie de la transformation des couleurs dans le ciel.<\/div>\n<div style=\"font-size:16px;line-height:1.75;color:#2b2118;margin-bottom:24px;\">Ne manquez pas non plus le Christ R\u00e9dempteur, l&rsquo;un des symboles les plus embl\u00e9matiques du Br\u00e9sil. Perch\u00e9 au sommet du Corcovado, ce monument majestueux est class\u00e9 parmi les sept nouvelles merveilles du monde. En prenant le train \u00e0 cr\u00e9maill\u00e8re \u00e0 travers la for\u00eat de Tijuca, vous croiserez une faune et une flore exceptionnelles. Une fois au sommet, pr\u00e9parez-vous \u00e0 \u00eatre \u00e9merveill\u00e9 par la vue panoramique sur Rio.<\/div>\n<div style=\"background:#2b2118;color:#fde4cf;padding:26px 28px;border-radius:8px;margin:28px 0;\">\n<div style=\"font-size:11px;letter-spacing:3px;text-transform:uppercase;color:#c98b4d;font-weight:700;margin-bottom:14px;\">Itin\u00e9raire express \u00b7 48 h \u00e0 Rio<\/div>\n<div style=\"display:grid;grid-template-columns:repeat(auto-fit,minmax(220px,1fr));gap:18px;\">\n<div>\n<div style=\"font-size:13px;color:#c98b4d;font-weight:600;margin-bottom:6px;\">Jour 1 \u00b7 Matin<\/div>\n<div style=\"font-size:14px;line-height:1.6;\">Plage de Copacabana, jus de fruits frais \u00e0 un kiosque, baignade et foot-volley.<\/div>\n<\/div>\n<div>\n<div style=\"font-size:13px;color:#c98b4d;font-weight:600;margin-bottom:6px;\">Jour 1 \u00b7 Coucher<\/div>\n<div style=\"font-size:14px;line-height:1.6;\">T\u00e9l\u00e9ph\u00e9rique du Pain de Sucre vers le Morro da Urca puis le sommet \u00e0 396 m.<\/div>\n<\/div>\n<div>\n<div style=\"font-size:13px;color:#c98b4d;font-weight:600;margin-bottom:6px;\">Jour 2 \u00b7 Matin<\/div>\n<div style=\"font-size:14px;line-height:1.6;\">Train \u00e0 cr\u00e9maill\u00e8re du Corcovado, Christ R\u00e9dempteur, for\u00eat de Tijuca.<\/div>\n<\/div>\n<div>\n<div style=\"font-size:13px;color:#c98b4d;font-weight:600;margin-bottom:6px;\">Jour 2 \u00b7 Soir<\/div>\n<div style=\"font-size:14px;line-height:1.6;\">Santa Teresa, d\u00eener feijoada, roda de samba dans un bar de Lapa.<\/div>\n<\/div>\n<\/div>\n<\/div>\n<blockquote style=\"border-left:4px solid #6a4a2a;background:#fff5ec;padding:24px 28px;margin:28px 0;font-style:italic;font-size:18px;line-height:1.7;color:#3a2a1c;border-radius:0 6px 6px 0;\"><p>\n\u00ab\u00a0Rio de Janeiro est une ville o\u00f9 chaque coin de rue raconte une histoire. Un lieu o\u00f9 la joie et le rythme de la samba se m\u00ealent \u00e0 la beaut\u00e9 naturelle.\u00a0\u00bb \u2013 Un voyageur passionn\u00e9.\n<\/p><\/blockquote>\n<h2>Gastronomie et culture carioca<\/h2>\n<div style=\"font-size:16px;line-height:1.75;color:#2b2118;margin-bottom:18px;\">La culture de Rio ne se limite pas \u00e0 ses paysages et \u00e0 ses plages. La gastronomie br\u00e9silienne est riche et vari\u00e9e, avec des plats embl\u00e9matiques comme la feijoada, un rago\u00fbt de viande et de haricots noirs. Ce plat national est souvent partag\u00e9 en famille ou entre amis, cr\u00e9ant une exp\u00e9rience culinaire conviviale. Les douceurs comme les brigadeiros, des truffes au chocolat, sont \u00e9galement \u00e0 ne pas manquer.<\/div>\n<div style=\"font-size:16px;line-height:1.75;color:#2b2118;margin-bottom:24px;\">Les quartiers tels que Santa Teresa sont le reflet de l&rsquo;\u00e2me carioca. Avec ses maisons color\u00e9es et ses bars de samba, c&rsquo;est l&rsquo;endroit id\u00e9al pour plonger dans l&rsquo;ambiance festive de la ville. En f\u00e9vrier, le carnaval transforme Rio en un gigantesque festival de danse et de musique, attirant des milliers de personnes pr\u00eates \u00e0 c\u00e9l\u00e9brer ensemble. C&rsquo;est une p\u00e9riode \u00e0 vivre absolument si vous avez la chance de vous y trouver.<\/div>\n<div style=\"background:#fff;border:1px solid #ead2b4;border-radius:8px;padding:24px 26px;margin:28px 0;box-shadow:0 3px 12px rgba(106,74,42,.06);\">\n<div style=\"font-size:13px;letter-spacing:2px;text-transform:uppercase;color:#6a4a2a;font-weight:700;margin-bottom:18px;border-bottom:1px solid #f0d9c0;padding-bottom:10px;\">Carte gourmande \u00b7 \u00e0 go\u00fbter absolument<\/div>\n<div style=\"display:grid;grid-template-columns:repeat(auto-fit,minmax(200px,1fr));gap:18px;\">\n<div style=\"border-left:3px solid #6a4a2a;padding-left:14px;\">\n<div style=\"font-weight:700;color:#6a4a2a;font-size:15px;margin-bottom:4px;\">Feijoada<\/div>\n<div style=\"font-size:13.5px;line-height:1.6;color:#3a2a1c;\">Rago\u00fbt mythique de haricots noirs et morceaux de porc, servi le samedi en famille avec riz, farofa et tranches d&rsquo;orange.<\/div>\n<\/div>\n<div style=\"border-left:3px solid #8b5a2b;padding-left:14px;\">\n<div style=\"font-weight:700;color:#8b5a2b;font-size:15px;margin-bottom:4px;\">Brigadeiros<\/div>\n<div style=\"font-size:13.5px;line-height:1.6;color:#3a2a1c;\">Petites truffes au lait concentr\u00e9 et chocolat, roul\u00e9es dans le vermicelle, omnipr\u00e9sentes aux anniversaires br\u00e9siliens.<\/div>\n<\/div>\n<div style=\"border-left:3px solid #b07338;padding-left:14px;\">\n<div style=\"font-weight:700;color:#b07338;font-size:15px;margin-bottom:4px;\">A\u00e7a\u00ed na tigela<\/div>\n<div style=\"font-size:13.5px;line-height:1.6;color:#3a2a1c;\">Bol violet glac\u00e9 d&rsquo;a\u00e7a\u00ed, granola et banane : le petit-d\u00e9jeuner \u00e9nerg\u00e9tique des sportifs cariocas avant la plage.<\/div>\n<\/div>\n<div style=\"border-left:3px solid #c98b4d;padding-left:14px;\">\n<div style=\"font-weight:700;color:#c98b4d;font-size:15px;margin-bottom:4px;\">Caipirinha<\/div>\n<div style=\"font-size:13.5px;line-height:1.6;color:#3a2a1c;\">Cocktail national \u00e0 base de cacha\u00e7a, citron vert pil\u00e9 et sucre de canne. Servi glac\u00e9, id\u00e9alement en terrasse \u00e0 Ipanema.<\/div>\n<\/div>\n<\/div>\n<\/div>\n<ul>\n<li>Go\u00fbtez \u00e0 la feijoada, un plat traditionnel br\u00e9silien.<\/li>\n<li>Ne manquez pas les brigadeiros, des friandises au chocolat.<\/li>\n<li>Visitez Santa Teresa pour d\u00e9couvrir la culture samba.<\/li>\n<\/ul>\n<div style=\"display:grid;grid-template-columns:repeat(auto-fit,minmax(260px,1fr));gap:18px;margin:28px 0;\">\n<div style=\"background:linear-gradient(135deg,#fff5ec,#fde4cf);padding:20px 22px;border-radius:8px;border:1px solid #ead2b4;\">\n<div style=\"font-size:11px;letter-spacing:2px;text-transform:uppercase;color:#6a4a2a;font-weight:700;margin-bottom:10px;\">Saison id\u00e9ale<\/div>\n<div style=\"font-size:14px;line-height:1.65;color:#3a2a1c;\"><strong>D\u00e9cembre \u00e0 mars<\/strong> : \u00e9t\u00e9 austral, soleil garanti, mais affluence maximale. <strong>Mai \u00e0 septembre<\/strong> : temp\u00e9ratures douces (22-26\u00b0C), foule r\u00e9duite, prix d&rsquo;h\u00f4tel plus accessibles.<\/div>\n<\/div>\n<div style=\"background:linear-gradient(135deg,#fff5ec,#fde4cf);padding:20px 22px;border-radius:8px;border:1px solid #ead2b4;\">\n<div style=\"font-size:11px;letter-spacing:2px;text-transform:uppercase;color:#6a4a2a;font-weight:700;margin-bottom:10px;\">Quartier o\u00f9 loger<\/div>\n<div style=\"font-size:14px;line-height:1.65;color:#3a2a1c;\"><strong>Ipanema et Leblon<\/strong> pour le confort et la s\u00e9curit\u00e9. <strong>Botafogo<\/strong> pour l&rsquo;authenticit\u00e9 abordable. <strong>Santa Teresa<\/strong> pour les amoureux d&rsquo;art et d&rsquo;architecture coloniale.<\/div>\n<\/div>\n<div style=\"background:linear-gradient(135deg,#fff5ec,#fde4cf);padding:20px 22px;border-radius:8px;border:1px solid #ead2b4;\">\n<div style=\"font-size:11px;letter-spacing:2px;text-transform:uppercase;color:#6a4a2a;font-weight:700;margin-bottom:10px;\">Budget moyen<\/div>\n<div style=\"font-size:14px;line-height:1.65;color:#3a2a1c;Comptez <strong>60-90 \u20ac\/jour<\/strong> en backpacker, <strong>120-180 \u20ac\/jour<\/strong> en confort milieu de gamme, <strong>300 \u20ac+<\/strong> pour les h\u00f4tels iconiques de Copacabana.<\/div>\n<\/div>\n<\/div>\n<div style=\"background:#2b2118;color:#fff5ec;padding:26px 28px;border-radius:8px;margin:28px 0;\">\n<div style=\"font-size:11px;letter-spacing:3px;text-transform:uppercase;color:#c98b4d;font-weight:700;margin-bottom:14px;\">Vocabulaire de survie \u00b7 portugais br\u00e9silien<\/div>\n<div style=\"display:grid;grid-template-columns:repeat(auto-fit,minmax(180px,1fr));gap:14px;font-size:14px;line-height:1.6;\">\n<div><strong style=\"color:#c98b4d;\">Bom dia<\/strong> \u00b7 Bonjour<\/div>\n<div><strong style=\"color:#c98b4d;\">Obrigado\/a<\/strong> \u00b7 Merci<\/div>\n<div><strong style=\"color:#c98b4d;\">Quanto custa ?<\/strong> \u00b7 Combien ?<\/div>\n<div><strong style=\"color:#c98b4d;\">A praia<\/strong> \u00b7 La plage<\/div>\n<div><strong style=\"color:#c98b4d;\">Que legal !<\/strong> \u00b7 Cool !<\/div>\n<div><strong style=\"color:#c98b4d;\">Saudade<\/strong> \u00b7 Manque doux<\/div>\n<\/div>\n<\/div>\n<h2>Quand venir, comment se d\u00e9placer, comment vivre Rio comme un local<\/h2>\n<div style=\"font-size:16px;line-height:1.75;color:#2b2118;margin-bottom:18px;\">Pr\u00e9parer un voyage \u00e0 Rio demande un minimum d&rsquo;organisation pour profiter pleinement de la ville sans tomber dans les pi\u00e8ges \u00e0 touristes. La m\u00e9t\u00e9o dicte le rythme : l&rsquo;\u00e9t\u00e9 austral (d\u00e9cembre-f\u00e9vrier) offre soleil et plages bond\u00e9es, mais aussi la magie du r\u00e9veillon de la <em>Copacabana<\/em> avec ses deux millions de personnes en blanc face \u00e0 l&rsquo;oc\u00e9an, et le carnaval en f\u00e9vrier. L&rsquo;hiver austral (juin-ao\u00fbt) est plus doux, id\u00e9al pour les randonn\u00e9es au Pain de Sucre ou dans la for\u00eat de Tijuca sans subir la chaleur \u00e9touffante.<\/div>\n<div style=\"font-size:16px;line-height:1.75;color:#2b2118;margin-bottom:24px;\">Pour les d\u00e9placements, le m\u00e9tro relie efficacement Ipanema, Copacabana et le centre historique. Au-del\u00e0, les applications de VTC sont nettement plus s\u00fbres et \u00e9conomiques que les taxis traditionnels. \u00c9vitez de marcher seul dans les quartiers que vous ne connaissez pas apr\u00e8s la tomb\u00e9e de la nuit, mais ne laissez pas la prudence vous g\u00e2cher la spontan\u00e9it\u00e9 br\u00e9silienne : les Cariocas adorent discuter, vous orienter, partager une <em>cerveja<\/em> bien fra\u00eeche en terrasse.<\/div>\n<div style=\"background:#fff;border:1px solid #ead2b4;border-radius:8px;padding:24px 26px;margin:28px 0;box-shadow:0 3px 12px rgba(106,74,42,.06);\">\n<div style=\"font-size:13px;letter-spacing:2px;text-transform:uppercase;color:#6a4a2a;font-weight:700;margin-bottom:18px;border-bottom:1px solid #f0d9c0;padding-bottom:10px;\">Check-list du voyageur \u00b7 \u00e0 ne pas oublier<\/div>\n<div style=\"display:grid;grid-template-columns:repeat(auto-fit,minmax(220px,1fr));gap:14px;font-size:14.5px;line-height:1.65;color:#3a2a1c;\">\n<div><span style=\"color:#6a4a2a;font-weight:700;\">\u2192<\/span> Cr\u00e8me solaire haute protection (UV puissants m\u00eame nuageux)<\/div>\n<div><span style=\"color:#6a4a2a;font-weight:700;\">\u2192<\/span> Adaptateur prise type N (220V principalement)<\/div>\n<div><span style=\"color:#6a4a2a;font-weight:700;\">\u2192<\/span> Maillot court et sandales l\u00e9g\u00e8res (pas de tongs en ville)<\/div>\n<div><span style=\"color:#6a4a2a;font-weight:700;\">\u2192<\/span> Application de VTC install\u00e9e avant le d\u00e9part<\/div>\n<div><span style=\"color:#6a4a2a;font-weight:700;\">\u2192<\/span> Petit billet de r\u00e9al \u00e0 port\u00e9e pour les kiosques de plage<\/div>\n<div><span style=\"color:#6a4a2a;font-weight:700;\">\u2192<\/span> Anti-moustique (utile en for\u00eat de Tijuca)<\/div>\n<\/div>\n<\/div>\n<div style=\"display:grid;grid-template-columns:repeat(auto-fit,minmax(240px,1fr));gap:18px;margin:28px 0;\">\n<div style=\"background:#fff5ec;border:1px solid #ead2b4;border-radius:8px;padding:20px 22px;\">\n<div style=\"font-size:24px;color:#6a4a2a;font-weight:800;margin-bottom:8px;\">01<\/div>\n<div style=\"font-weight:700;color:#3a2a1c;margin-bottom:6px;\">R\u00e9servez le Corcovado t\u00f4t<\/div>\n<div style=\"font-size:14px;line-height:1.6;color:#3a2a1c;\">Le train \u00e0 cr\u00e9maill\u00e8re est souvent complet plusieurs jours \u00e0 l&rsquo;avance en haute saison. Choisissez un cr\u00e9neau de 8 h pour \u00e9viter la foule et la brume de fin de matin\u00e9e.<\/div>\n<\/div>\n<div style=\"background:#fff5ec;border:1px solid #ead2b4;border-radius:8px;padding:20px 22px;\">\n<div style=\"font-size:24px;color:#8b5a2b;font-weight:800;margin-bottom:8px;\">02<\/div>\n<div style=\"font-weight:700;color:#3a2a1c;margin-bottom:6px;\">Coucher de soleil au Pain de Sucre<\/div>\n<div style=\"font-size:14px;line-height:1.6;color:#3a2a1c;\">Montez 1 h avant le coucher du soleil, restez pour la bascule en nuit \u00e9toil\u00e9e et le panorama illumin\u00e9 sur la baie. Magique.<\/div>\n<\/div>\n<div style=\"background:#fff5ec;border:1px solid #ead2b4;border-radius:8px;padding:20px 22px;\">\n<div style=\"font-size:24px;color:#b07338;font-weight:800;margin-bottom:8px;\">03<\/div>\n<div style=\"font-weight:700;color:#3a2a1c;margin-bottom:6px;\">Vivez une roda de samba<\/div>\n<div style=\"font-size:14px;line-height:1.6;color:#3a2a1c;\">Lapa le vendredi, Pedra do Sal le lundi, Santa Teresa le week-end : la samba se vit en cercle, debout, avec une bi\u00e8re \u00e0 la main. C&rsquo;est l&rsquo;\u00e2me de Rio.<\/div>\n<\/div>\n<\/div>\n<div style=\"background:#fff5ec;border-left:5px solid #6a4a2a;padding:22px 26px;margin:32px 0 0;border-radius:0 6px 6px 0;\">\n<div style=\"font-size:11px;letter-spacing:2.5px;text-transform:uppercase;color:#6a4a2a;font-weight:700;margin-bottom:10px;\">En r\u00e9sum\u00e9<\/div>\n<div style=\"font-size:15.5px;line-height:1.7;color:#2b2118;\">Rio de Janeiro est une ville qui promet une exp\u00e9rience inoubliable. Que vous soyez en qu\u00eate de d\u00e9tente sur ses plages dor\u00e9es ou d\u00e9sireux de d\u00e9couvrir sa culture vibrante, chaque instant pass\u00e9 \u00e0 Rio vous marquera \u00e0 jamais. Pr\u00e9parez-vous \u00e0 vivre un voyage qui \u00e9veillera vos sens et nourrira votre esprit d&rsquo;aventure \u2014 entre le sable de Copacabana, les couchers de soleil d&rsquo;Ipanema, l&rsquo;ombre du Christ R\u00e9dempteur et le tempo des bars de Lapa.<\/div>\n<\/div>\n","protected":false},"excerpt":{"rendered":"","protected":false},"author":34,"featured_media":17909,"comment_status":"open","ping_status":"open","sticky":false,"template":"","format":"standard","meta":{"_acf_changed":false,"manual_indexmenow":false,"indexmenow_id_project":0,"footnotes":""},"categories":[1],"tags":[4639,4527,4530,4535,4769],"class_list":["post-17256","post","type-post","status-publish","format-standard","has-post-thumbnail","hentry","category-a-la-une","tag-aventure","tag-decouverte-culturelle","tag-escapade-en-europe","tag-gastronomie-locale","tag-immersion-culturelle","generate-columns","tablet-grid-50","mobile-grid-100","grid-parent","grid-25"],"acf":[],"yoast_head":"<!-- This site is optimized with the Yoast SEO Premium plugin v21.3 (Yoast SEO v25.1) - https:\/\/yoast.com\/wordpress\/plugins\/seo\/ -->\n<title>D\u00e9couvrez Rio de Janeiro en 2025 : soleil, samba et<\/title>\n<meta name=\"description\" content=\"Rio de Janeiro, ses plages dor\u00e9es, son Christ R\u00e9dempteur perch\u00e9 sur le Corcovado, la samba qui s&#039;\u00e9chappe des bars de Santa Teresa et le souffle sal\u00e9 de\" \/>\n<meta name=\"robots\" content=\"index, follow, max-snippet:-1, max-image-preview:large, max-video-preview:-1\" \/>\n<link rel=\"canonical\" href=\"https:\/\/voyage-aventure.com\/blog\/a-la-une\/decouvrez-rio-de-janeiro-en-2025-soleil-samba-et-aventures-inoubliables\/\" \/>\n<meta property=\"og:locale\" content=\"fr_FR\" \/>\n<meta property=\"og:type\" content=\"article\" \/>\n<meta property=\"og:title\" content=\"D\u00e9couvrez Rio de Janeiro en 2025 : soleil, samba et\" \/>\n<meta property=\"og:description\" content=\"Rio de Janeiro, ses plages dor\u00e9es, son Christ R\u00e9dempteur perch\u00e9 sur le Corcovado, la samba qui s&#039;\u00e9chappe des bars de Santa Teresa et le souffle sal\u00e9 de\" \/>\n<meta property=\"og:url\" content=\"https:\/\/voyage-aventure.com\/blog\/a-la-une\/decouvrez-rio-de-janeiro-en-2025-soleil-samba-et-aventures-inoubliables\/\" \/>\n<meta property=\"og:site_name\" content=\"voyage-aventure\" \/>\n<meta property=\"og:image\" content=\"https:\/\/voyage-aventure.com\/blog\/wp-content\/uploads\/2025\/04\/sdxl-becde0e8c78a0bce3f373ab9e8a14936.png\" \/>\n\t<meta property=\"og:image:width\" content=\"1536\" \/>\n\t<meta property=\"og:image:height\" content=\"640\" \/>\n\t<meta property=\"og:image:type\" content=\"image\/png\" \/>\n<meta name=\"author\" content=\"Camille Rouvray\" \/>\n<meta name=\"twitter:card\" content=\"summary_large_image\" \/>\n<script type=\"application\/ld+json\" class=\"yoast-schema-graph\">{\"@context\":\"https:\/\/schema.org\",\"@graph\":[{\"@type\":\"NewsArticle\",\"@id\":\"https:\/\/voyage-aventure.com\/blog\/a-la-une\/decouvrez-rio-de-janeiro-en-2025-soleil-samba-et-aventures-inoubliables\/#article\",\"isPartOf\":{\"@id\":\"https:\/\/voyage-aventure.com\/blog\/a-la-une\/decouvrez-rio-de-janeiro-en-2025-soleil-samba-et-aventures-inoubliables\/\"},\"author\":{\"name\":\"Camille Rouvray\",\"@id\":\"https:\/\/voyage-aventure.com\/blog\/#\/schema\/person\/3c864cdc320801e3db34b663e7e3f816\"},\"headline\":\"D\u00e9couvrez Rio de Janeiro en 2025 : soleil, samba et aventures inoubliables\",\"datePublished\":\"2026-05-19T13:01:08+00:00\",\"mainEntityOfPage\":{\"@id\":\"https:\/\/voyage-aventure.com\/blog\/a-la-une\/decouvrez-rio-de-janeiro-en-2025-soleil-samba-et-aventures-inoubliables\/\"},\"wordCount\":1125,\"commentCount\":24,\"publisher\":{\"@id\":\"https:\/\/voyage-aventure.com\/blog\/#organization\"},\"image\":{\"@id\":\"https:\/\/voyage-aventure.com\/blog\/a-la-une\/decouvrez-rio-de-janeiro-en-2025-soleil-samba-et-aventures-inoubliables\/#primaryimage\"},\"thumbnailUrl\":\"https:\/\/voyage-aventure.com\/blog\/wp-content\/uploads\/2025\/04\/sdxl-becde0e8c78a0bce3f373ab9e8a14936.png\",\"keywords\":[\"Aventure\",\"D\u00e9couverte Culturelle\",\"Escapade en Europe\",\"Gastronomie Locale\",\"Immersion Culturelle\"],\"articleSection\":[\"\u00c0 la une\"],\"inLanguage\":\"fr-FR\",\"potentialAction\":[{\"@type\":\"CommentAction\",\"name\":\"Comment\",\"target\":[\"https:\/\/voyage-aventure.com\/blog\/a-la-une\/decouvrez-rio-de-janeiro-en-2025-soleil-samba-et-aventures-inoubliables\/#respond\"]}]},{\"@type\":\"WebPage\",\"@id\":\"https:\/\/voyage-aventure.com\/blog\/a-la-une\/decouvrez-rio-de-janeiro-en-2025-soleil-samba-et-aventures-inoubliables\/\",\"url\":\"https:\/\/voyage-aventure.com\/blog\/a-la-une\/decouvrez-rio-de-janeiro-en-2025-soleil-samba-et-aventures-inoubliables\/\",\"name\":\"D\u00e9couvrez Rio de Janeiro en 2025 : soleil, samba et\",\"isPartOf\":{\"@id\":\"https:\/\/voyage-aventure.com\/blog\/#website\"},\"primaryImageOfPage\":{\"@id\":\"https:\/\/voyage-aventure.com\/blog\/a-la-une\/decouvrez-rio-de-janeiro-en-2025-soleil-samba-et-aventures-inoubliables\/#primaryimage\"},\"image\":{\"@id\":\"https:\/\/voyage-aventure.com\/blog\/a-la-une\/decouvrez-rio-de-janeiro-en-2025-soleil-samba-et-aventures-inoubliables\/#primaryimage\"},\"thumbnailUrl\":\"https:\/\/voyage-aventure.com\/blog\/wp-content\/uploads\/2025\/04\/sdxl-becde0e8c78a0bce3f373ab9e8a14936.png\",\"datePublished\":\"2026-05-19T13:01:08+00:00\",\"description\":\"Rio de Janeiro, ses plages dor\u00e9es, son Christ R\u00e9dempteur perch\u00e9 sur le Corcovado, la samba qui s'\u00e9chappe des bars de Santa Teresa et le souffle sal\u00e9 de\",\"inLanguage\":\"fr-FR\",\"potentialAction\":[{\"@type\":\"ReadAction\",\"target\":[\"https:\/\/voyage-aventure.com\/blog\/a-la-une\/decouvrez-rio-de-janeiro-en-2025-soleil-samba-et-aventures-inoubliables\/\"]}]},{\"@type\":\"ImageObject\",\"inLanguage\":\"fr-FR\",\"@id\":\"https:\/\/voyage-aventure.com\/blog\/a-la-une\/decouvrez-rio-de-janeiro-en-2025-soleil-samba-et-aventures-inoubliables\/#primaryimage\",\"url\":\"https:\/\/voyage-aventure.com\/blog\/wp-content\/uploads\/2025\/04\/sdxl-becde0e8c78a0bce3f373ab9e8a14936.png\",\"contentUrl\":\"https:\/\/voyage-aventure.com\/blog\/wp-content\/uploads\/2025\/04\/sdxl-becde0e8c78a0bce3f373ab9e8a14936.png\",\"width\":1536,\"height\":640},{\"@type\":\"WebSite\",\"@id\":\"https:\/\/voyage-aventure.com\/blog\/#website\",\"url\":\"https:\/\/voyage-aventure.com\/blog\/\",\"name\":\"voyage-aventure.com\",\"description\":\"Votre passeport pour l\u2019inattendu.\",\"publisher\":{\"@id\":\"https:\/\/voyage-aventure.com\/blog\/#organization\"},\"alternateName\":\"Votre passeport pour l\u2019inattendu.\",\"potentialAction\":[{\"@type\":\"SearchAction\",\"target\":{\"@type\":\"EntryPoint\",\"urlTemplate\":\"https:\/\/voyage-aventure.com\/blog\/?s={search_term_string}\"},\"query-input\":{\"@type\":\"PropertyValueSpecification\",\"valueRequired\":true,\"valueName\":\"search_term_string\"}}],\"inLanguage\":\"fr-FR\"},{\"@type\":\"Organization\",\"@id\":\"https:\/\/voyage-aventure.com\/blog\/#organization\",\"name\":\"Foretsensations.fr\",\"url\":\"https:\/\/voyage-aventure.com\/blog\/\",\"logo\":{\"@type\":\"ImageObject\",\"inLanguage\":\"fr-FR\",\"@id\":\"https:\/\/voyage-aventure.com\/blog\/#\/schema\/logo\/image\/\",\"url\":\"https:\/\/voyage-aventure.com\/blog\/wp-content\/uploads\/2024\/12\/19.png\",\"contentUrl\":\"https:\/\/voyage-aventure.com\/blog\/wp-content\/uploads\/2024\/12\/19.png\",\"width\":512,\"height\":512,\"caption\":\"Foretsensations.fr\"},\"image\":{\"@id\":\"https:\/\/voyage-aventure.com\/blog\/#\/schema\/logo\/image\/\"}},{\"@type\":\"Person\",\"@id\":\"https:\/\/voyage-aventure.com\/blog\/#\/schema\/person\/3c864cdc320801e3db34b663e7e3f816\",\"name\":\"Camille Rouvray\",\"image\":{\"@type\":\"ImageObject\",\"inLanguage\":\"fr-FR\",\"@id\":\"https:\/\/voyage-aventure.com\/blog\/#\/schema\/person\/image\/\",\"url\":\"https:\/\/voyage-aventure.com\/blog\/wp-content\/uploads\/2026\/06\/persona_camille-r-96x96.jpg\",\"contentUrl\":\"https:\/\/voyage-aventure.com\/blog\/wp-content\/uploads\/2026\/06\/persona_camille-r-96x96.jpg\",\"caption\":\"Camille Rouvray\"},\"description\":\"Je voyage et j'\u00e9cris sur le voyage depuis une douzaine d'ann\u00e9es, d'abord en tant que routarde au long cours, puis comme r\u00e9dactrice sp\u00e9cialis\u00e9e. Mon terrain de pr\u00e9dilection, ce sont les circuits organis\u00e9s et l'art de bien pr\u00e9parer un itin\u00e9raire : choix de la saison, dur\u00e9e r\u00e9aliste des \u00e9tapes, budget jour par jour, logement et transport sur place. J'aime aussi raconter les p\u00e9pites urbaines, ces adresses qu'on ne trouve pas dans les guides classiques. Avant de publier un dossier destination, je croise toujours plusieurs sources, je v\u00e9rifie les tarifs et les formalit\u00e9s d'entr\u00e9e \u00e0 jour, et je teste moi-m\u00eame quand je le peux. Mon angle reste pratique avant tout : aider le lecteur \u00e0 partir l'esprit tranquille, sans mauvaise surprise une fois sur place. Je m'attache \u00e0 distinguer le coup de c\u0153ur sinc\u00e8re du simple argument marketing.\",\"sameAs\":[\"https:\/\/camillerouvray.fr\/\"],\"url\":\"https:\/\/voyage-aventure.com\/blog\/auteur\/noname\/\"}]}<\/script>\n<!-- \/ Yoast SEO Premium plugin. -->","yoast_head_json":{"title":"D\u00e9couvrez Rio de Janeiro en 2025 : soleil, samba et","description":"Rio de Janeiro, ses plages dor\u00e9es, son Christ R\u00e9dempteur perch\u00e9 sur le Corcovado, la samba qui s'\u00e9chappe des bars de Santa Teresa et le souffle sal\u00e9 de","robots":{"index":"index","follow":"follow","max-snippet":"max-snippet:-1","max-image-preview":"max-image-preview:large","max-video-preview":"max-video-preview:-1"},"canonical":"https:\/\/voyage-aventure.com\/blog\/a-la-une\/decouvrez-rio-de-janeiro-en-2025-soleil-samba-et-aventures-inoubliables\/","og_locale":"fr_FR","og_type":"article","og_title":"D\u00e9couvrez Rio de Janeiro en 2025 : soleil, samba et","og_description":"Rio de Janeiro, ses plages dor\u00e9es, son Christ R\u00e9dempteur perch\u00e9 sur le Corcovado, la samba qui s'\u00e9chappe des bars de Santa Teresa et le souffle sal\u00e9 de","og_url":"https:\/\/voyage-aventure.com\/blog\/a-la-une\/decouvrez-rio-de-janeiro-en-2025-soleil-samba-et-aventures-inoubliables\/","og_site_name":"voyage-aventure","og_image":[{"width":1536,"height":640,"url":"https:\/\/voyage-aventure.com\/blog\/wp-content\/uploads\/2025\/04\/sdxl-becde0e8c78a0bce3f373ab9e8a14936.png","type":"image\/png"}],"author":"Camille Rouvray","twitter_card":"summary_large_image","schema":{"@context":"https:\/\/schema.org","@graph":[{"@type":"NewsArticle","@id":"https:\/\/voyage-aventure.com\/blog\/a-la-une\/decouvrez-rio-de-janeiro-en-2025-soleil-samba-et-aventures-inoubliables\/#article","isPartOf":{"@id":"https:\/\/voyage-aventure.com\/blog\/a-la-une\/decouvrez-rio-de-janeiro-en-2025-soleil-samba-et-aventures-inoubliables\/"},"author":{"name":"Camille Rouvray","@id":"https:\/\/voyage-aventure.com\/blog\/#\/schema\/person\/3c864cdc320801e3db34b663e7e3f816"},"headline":"D\u00e9couvrez Rio de Janeiro en 2025 : soleil, samba et aventures inoubliables","datePublished":"2026-05-19T13:01:08+00:00","mainEntityOfPage":{"@id":"https:\/\/voyage-aventure.com\/blog\/a-la-une\/decouvrez-rio-de-janeiro-en-2025-soleil-samba-et-aventures-inoubliables\/"},"wordCount":1125,"commentCount":24,"publisher":{"@id":"https:\/\/voyage-aventure.com\/blog\/#organization"},"image":{"@id":"https:\/\/voyage-aventure.com\/blog\/a-la-une\/decouvrez-rio-de-janeiro-en-2025-soleil-samba-et-aventures-inoubliables\/#primaryimage"},"thumbnailUrl":"https:\/\/voyage-aventure.com\/blog\/wp-content\/uploads\/2025\/04\/sdxl-becde0e8c78a0bce3f373ab9e8a14936.png","keywords":["Aventure","D\u00e9couverte Culturelle","Escapade en Europe","Gastronomie Locale","Immersion Culturelle"],"articleSection":["\u00c0 la une"],"inLanguage":"fr-FR","potentialAction":[{"@type":"CommentAction","name":"Comment","target":["https:\/\/voyage-aventure.com\/blog\/a-la-une\/decouvrez-rio-de-janeiro-en-2025-soleil-samba-et-aventures-inoubliables\/#respond"]}]},{"@type":"WebPage","@id":"https:\/\/voyage-aventure.com\/blog\/a-la-une\/decouvrez-rio-de-janeiro-en-2025-soleil-samba-et-aventures-inoubliables\/","url":"https:\/\/voyage-aventure.com\/blog\/a-la-une\/decouvrez-rio-de-janeiro-en-2025-soleil-samba-et-aventures-inoubliables\/","name":"D\u00e9couvrez Rio de Janeiro en 2025 : soleil, samba et","isPartOf":{"@id":"https:\/\/voyage-aventure.com\/blog\/#website"},"primaryImageOfPage":{"@id":"https:\/\/voyage-aventure.com\/blog\/a-la-une\/decouvrez-rio-de-janeiro-en-2025-soleil-samba-et-aventures-inoubliables\/#primaryimage"},"image":{"@id":"https:\/\/voyage-aventure.com\/blog\/a-la-une\/decouvrez-rio-de-janeiro-en-2025-soleil-samba-et-aventures-inoubliables\/#primaryimage"},"thumbnailUrl":"https:\/\/voyage-aventure.com\/blog\/wp-content\/uploads\/2025\/04\/sdxl-becde0e8c78a0bce3f373ab9e8a14936.png","datePublished":"2026-05-19T13:01:08+00:00","description":"Rio de Janeiro, ses plages dor\u00e9es, son Christ R\u00e9dempteur perch\u00e9 sur le Corcovado, la samba qui s'\u00e9chappe des bars de Santa Teresa et le souffle sal\u00e9 de","inLanguage":"fr-FR","potentialAction":[{"@type":"ReadAction","target":["https:\/\/voyage-aventure.com\/blog\/a-la-une\/decouvrez-rio-de-janeiro-en-2025-soleil-samba-et-aventures-inoubliables\/"]}]},{"@type":"ImageObject","inLanguage":"fr-FR","@id":"https:\/\/voyage-aventure.com\/blog\/a-la-une\/decouvrez-rio-de-janeiro-en-2025-soleil-samba-et-aventures-inoubliables\/#primaryimage","url":"https:\/\/voyage-aventure.com\/blog\/wp-content\/uploads\/2025\/04\/sdxl-becde0e8c78a0bce3f373ab9e8a14936.png","contentUrl":"https:\/\/voyage-aventure.com\/blog\/wp-content\/uploads\/2025\/04\/sdxl-becde0e8c78a0bce3f373ab9e8a14936.png","width":1536,"height":640},{"@type":"WebSite","@id":"https:\/\/voyage-aventure.com\/blog\/#website","url":"https:\/\/voyage-aventure.com\/blog\/","name":"voyage-aventure.com","description":"Votre passeport pour l\u2019inattendu.","publisher":{"@id":"https:\/\/voyage-aventure.com\/blog\/#organization"},"alternateName":"Votre passeport pour l\u2019inattendu.","potentialAction":[{"@type":"SearchAction","target":{"@type":"EntryPoint","urlTemplate":"https:\/\/voyage-aventure.com\/blog\/?s={search_term_string}"},"query-input":{"@type":"PropertyValueSpecification","valueRequired":true,"valueName":"search_term_string"}}],"inLanguage":"fr-FR"},{"@type":"Organization","@id":"https:\/\/voyage-aventure.com\/blog\/#organization","name":"Foretsensations.fr","url":"https:\/\/voyage-aventure.com\/blog\/","logo":{"@type":"ImageObject","inLanguage":"fr-FR","@id":"https:\/\/voyage-aventure.com\/blog\/#\/schema\/logo\/image\/","url":"https:\/\/voyage-aventure.com\/blog\/wp-content\/uploads\/2024\/12\/19.png","contentUrl":"https:\/\/voyage-aventure.com\/blog\/wp-content\/uploads\/2024\/12\/19.png","width":512,"height":512,"caption":"Foretsensations.fr"},"image":{"@id":"https:\/\/voyage-aventure.com\/blog\/#\/schema\/logo\/image\/"}},{"@type":"Person","@id":"https:\/\/voyage-aventure.com\/blog\/#\/schema\/person\/3c864cdc320801e3db34b663e7e3f816","name":"Camille Rouvray","image":{"@type":"ImageObject","inLanguage":"fr-FR","@id":"https:\/\/voyage-aventure.com\/blog\/#\/schema\/person\/image\/","url":"https:\/\/voyage-aventure.com\/blog\/wp-content\/uploads\/2026\/06\/persona_camille-r-96x96.jpg","contentUrl":"https:\/\/voyage-aventure.com\/blog\/wp-content\/uploads\/2026\/06\/persona_camille-r-96x96.jpg","caption":"Camille Rouvray"},"description":"Je voyage et j'\u00e9cris sur le voyage depuis une douzaine d'ann\u00e9es, d'abord en tant que routarde au long cours, puis comme r\u00e9dactrice sp\u00e9cialis\u00e9e. Mon terrain de pr\u00e9dilection, ce sont les circuits organis\u00e9s et l'art de bien pr\u00e9parer un itin\u00e9raire : choix de la saison, dur\u00e9e r\u00e9aliste des \u00e9tapes, budget jour par jour, logement et transport sur place. J'aime aussi raconter les p\u00e9pites urbaines, ces adresses qu'on ne trouve pas dans les guides classiques. Avant de publier un dossier destination, je croise toujours plusieurs sources, je v\u00e9rifie les tarifs et les formalit\u00e9s d'entr\u00e9e \u00e0 jour, et je teste moi-m\u00eame quand je le peux. Mon angle reste pratique avant tout : aider le lecteur \u00e0 partir l'esprit tranquille, sans mauvaise surprise une fois sur place. Je m'attache \u00e0 distinguer le coup de c\u0153ur sinc\u00e8re du simple argument marketing.","sameAs":["https:\/\/camillerouvray.fr\/"],"url":"https:\/\/voyage-aventure.com\/blog\/auteur\/noname\/"}]}},"_links":{"self":[{"href":"https:\/\/voyage-aventure.com\/blog\/wp-json\/wp\/v2\/posts\/17256","targetHints":{"allow":["GET"]}}],"collection":[{"href":"https:\/\/voyage-aventure.com\/blog\/wp-json\/wp\/v2\/posts"}],"about":[{"href":"https:\/\/voyage-aventure.com\/blog\/wp-json\/wp\/v2\/types\/post"}],"author":[{"embeddable":true,"href":"https:\/\/voyage-aventure.com\/blog\/wp-json\/wp\/v2\/users\/34"}],"replies":[{"embeddable":true,"href":"https:\/\/voyage-aventure.com\/blog\/wp-json\/wp\/v2\/comments?post=17256"}],"version-history":[{"count":2,"href":"https:\/\/voyage-aventure.com\/blog\/wp-json\/wp\/v2\/posts\/17256\/revisions"}],"predecessor-version":[{"id":21219,"href":"https:\/\/voyage-aventure.com\/blog\/wp-json\/wp\/v2\/posts\/17256\/revisions\/21219"}],"wp:featuredmedia":[{"embeddable":true,"href":"https:\/\/voyage-aventure.com\/blog\/wp-json\/wp\/v2\/media\/17909"}],"wp:attachment":[{"href":"https:\/\/voyage-aventure.com\/blog\/wp-json\/wp\/v2\/media?parent=17256"}],"wp:term":[{"taxonomy":"category","embeddable":true,"href":"https:\/\/voyage-aventure.com\/blog\/wp-json\/wp\/v2\/categories?post=17256"},{"taxonomy":"post_tag","embeddable":true,"href":"https:\/\/voyage-aventure.com\/blog\/wp-json\/wp\/v2\/tags?post=17256"}],"curies":[{"name":"wp","href":"https:\/\/api.w.org\/{rel}","templated":true}]}}