{"id":17222,"date":"2025-04-01T14:07:44","date_gmt":"2025-04-01T12:07:44","guid":{"rendered":"https:\/\/voyage-aventure.com\/blog\/a-la-une\/decouvrez-les-vols-vers-alicante-la-perle-ensoleillee-de-leurope\/"},"modified":"2025-04-01T14:07:44","modified_gmt":"2025-04-01T12:07:44","slug":"decouvrez-les-vols-vers-alicante-la-perle-ensoleillee-de-leurope","status":"publish","type":"post","link":"https:\/\/voyage-aventure.com\/blog\/a-la-une\/decouvrez-les-vols-vers-alicante-la-perle-ensoleillee-de-leurope\/","title":{"rendered":"D\u00e9couvrez les vols vers Alicante, la perle ensoleill\u00e9e de l&rsquo;Europe"},"content":{"rendered":"<h2>La ville ensoleill\u00e9e par excellence<\/h2>\n<p>Alicante, situ\u00e9e sur la magnifique Costa Blanca, est souvent d\u00e9sign\u00e9e comme la ville la plus ensoleill\u00e9e d&rsquo;Europe. Avec plus de 300 jours de soleil par an, cette destination attire les amateurs de chaleur et de lumi\u00e8re. \u00c0 seulement deux heures de vol de nombreuses villes fran\u00e7aises, elle est id\u00e9ale pour un week-end ou des vacances prolong\u00e9es.<\/p>\n<p>En plus de son climat exceptionnel, Alicante est un v\u00e9ritable joyau culturel. Ses plages dor\u00e9es, ses tapas savoureux et son ambiance festive en font un lieu de rendez-vous incontournable pour les voyageurs. Que vous soyez en qu\u00eate de d\u00e9tente ou d\u2019aventure, Alicante a quelque chose \u00e0 offrir pour chaque type de voyageur.<\/p>\n<h2>Un voyage au c\u0153ur de la culture espagnole<\/h2>\n<p>La gastronomie est l&rsquo;un des points forts d&rsquo;Alicante. Les restaurants locaux proposent une vari\u00e9t\u00e9 de plats typiques, parmi lesquels la paella et les tapas. Ces d\u00e9lices culinaires se savourent mieux en \u00e9t\u00e9, en profitant de la douceur des soir\u00e9es en bord de mer.<\/p>\n<p>La ville est \u00e9galement riche en histoire et en culture. De l&rsquo;imposant ch\u00e2teau de Santa Barbara, surplombant la ville, \u00e0 ses charmantes ruelles, chaque coin d&rsquo;Alicante raconte une histoire. <\/p>\n<blockquote><p>\n\u201cVoyager \u00e0 Alicante, c&rsquo;est s&rsquo;offrir une exp\u00e9rience sensorielle unique entre soleil, mer et gastronomie.\u201d<\/p><\/blockquote>\n<h2>Pr\u00e9parer votre voyage \u00e0 Alicante<\/h2>\n<p>Pour profiter pleinement de votre s\u00e9jour, il est important de bien planifier votre voyage. Pensez \u00e0 r\u00e9server vos vols et votre h\u00e9bergement \u00e0 l&rsquo;avance pour \u00e9viter les mauvaises surprises. Les prix varient selon la saison, mais il est possible de d\u00e9nicher des offres int\u00e9ressantes, surtout si vous partez en hors-saison.<\/p>\n<p>Voici quelques \u00e9l\u00e9ments \u00e0 prendre en compte lors de la pr\u00e9paration de votre voyage :<\/p>\n<ul>\n<li>Choisir la bonne p\u00e9riode pour partir<\/li>\n<li>R\u00e9server un vol direct pour plus de confort<\/li>\n<li>S&rsquo;assurer d&rsquo;avoir un h\u00e9bergement proche de la plage<\/li>\n<li>Planifier des excursions dans les environs<\/li>\n<li>Pr\u00e9voir des activit\u00e9s pour toute la famille<\/li>\n<\/ul>\n<p>Alicante est facilement accessible depuis plusieurs villes fran\u00e7aises. Que vous partiez de Paris, Nice, Lyon, Marseille, Toulouse ou Nantes, il existe de nombreux vols directs vers cette destination ensoleill\u00e9e. <\/p>\n<p>Si vous \u00eates amateur de road trips, Alicante constitue un excellent point de d\u00e9part pour explorer la Costa Blanca. Les paysages environnants, tels que la vall\u00e9e de Guadalest, offrent des panoramas \u00e0 couper le souffle et des exp\u00e9riences m\u00e9morables.<\/p>\n<p>En r\u00e9sum\u00e9, Alicante est plus qu&rsquo;une simple destination de vacances. C&rsquo;est un lieu o\u00f9 la culture espagnole, la gastronomie et le soleil se rencontrent pour cr\u00e9er une exp\u00e9rience inoubliable. Que vous soyez en voyage solo, en couple ou en famille, cette ville a de quoi s\u00e9duire tous les types de voyageurs. Ne manquez pas l&rsquo;occasion de d\u00e9couvrir ce petit coin de paradis sur terre.<\/p>\n","protected":false},"excerpt":{"rendered":"","protected":false},"author":34,"featured_media":19478,"comment_status":"open","ping_status":"open","sticky":false,"template":"","format":"standard","meta":{"_acf_changed":false,"manual_indexmenow":false,"indexmenow_id_project":0,"footnotes":""},"categories":[1],"tags":[4538,4527,4530,4535,4528],"class_list":["post-17222","post","type-post","status-publish","format-standard","has-post-thumbnail","hentry","category-a-la-une","tag-activites-variees","tag-decouverte-culturelle","tag-escapade-en-europe","tag-gastronomie-locale","tag-hebergement-abordable","generate-columns","tablet-grid-50","mobile-grid-100","grid-parent","grid-25"],"acf":[],"yoast_head":"<!-- This site is optimized with the Yoast SEO Premium plugin v21.3 (Yoast SEO v25.1) - https:\/\/yoast.com\/wordpress\/plugins\/seo\/ -->\n<title>D\u00e9couvrez les vols vers Alicante, la perle ensoleill\u00e9e de<\/title>\n<meta name=\"description\" content=\"Alicante, situ\u00e9e sur la magnifique Costa Blanca, est souvent d\u00e9sign\u00e9e comme la ville la plus ensoleill\u00e9e d&#039;Europe. Avec plus de 300 jours de soleil par\" \/>\n<meta name=\"robots\" content=\"index, follow, max-snippet:-1, max-image-preview:large, max-video-preview:-1\" \/>\n<link rel=\"canonical\" href=\"https:\/\/voyage-aventure.com\/blog\/a-la-une\/decouvrez-les-vols-vers-alicante-la-perle-ensoleillee-de-leurope\/\" \/>\n<meta property=\"og:locale\" content=\"fr_FR\" \/>\n<meta property=\"og:type\" content=\"article\" \/>\n<meta property=\"og:title\" content=\"D\u00e9couvrez les vols vers Alicante, la perle ensoleill\u00e9e de\" \/>\n<meta property=\"og:description\" content=\"Alicante, situ\u00e9e sur la magnifique Costa Blanca, est souvent d\u00e9sign\u00e9e comme la ville la plus ensoleill\u00e9e d&#039;Europe. Avec plus de 300 jours de soleil par\" \/>\n<meta property=\"og:url\" content=\"https:\/\/voyage-aventure.com\/blog\/a-la-une\/decouvrez-les-vols-vers-alicante-la-perle-ensoleillee-de-leurope\/\" \/>\n<meta property=\"og:site_name\" content=\"voyage-aventure\" \/>\n<meta property=\"og:image\" content=\"https:\/\/voyage-aventure.com\/blog\/wp-content\/uploads\/2025\/05\/sdxl-009829175956ea559f7d948469ed8d31-scaled.png\" \/>\n\t<meta property=\"og:image:width\" content=\"1200\" \/>\n\t<meta property=\"og:image:height\" content=\"500\" \/>\n\t<meta property=\"og:image:type\" content=\"image\/png\" \/>\n<meta name=\"author\" content=\"Camille Rouvray\" \/>\n<meta name=\"twitter:card\" content=\"summary_large_image\" \/>\n<script type=\"application\/ld+json\" class=\"yoast-schema-graph\">{\"@context\":\"https:\/\/schema.org\",\"@graph\":[{\"@type\":\"NewsArticle\",\"@id\":\"https:\/\/voyage-aventure.com\/blog\/a-la-une\/decouvrez-les-vols-vers-alicante-la-perle-ensoleillee-de-leurope\/#article\",\"isPartOf\":{\"@id\":\"https:\/\/voyage-aventure.com\/blog\/a-la-une\/decouvrez-les-vols-vers-alicante-la-perle-ensoleillee-de-leurope\/\"},\"author\":{\"name\":\"Camille Rouvray\",\"@id\":\"https:\/\/voyage-aventure.com\/blog\/#\/schema\/person\/3c864cdc320801e3db34b663e7e3f816\"},\"headline\":\"D\u00e9couvrez les vols vers Alicante, la perle ensoleill\u00e9e de l&rsquo;Europe\",\"datePublished\":\"2025-04-01T12:07:44+00:00\",\"mainEntityOfPage\":{\"@id\":\"https:\/\/voyage-aventure.com\/blog\/a-la-une\/decouvrez-les-vols-vers-alicante-la-perle-ensoleillee-de-leurope\/\"},\"wordCount\":503,\"commentCount\":30,\"publisher\":{\"@id\":\"https:\/\/voyage-aventure.com\/blog\/#organization\"},\"image\":{\"@id\":\"https:\/\/voyage-aventure.com\/blog\/a-la-une\/decouvrez-les-vols-vers-alicante-la-perle-ensoleillee-de-leurope\/#primaryimage\"},\"thumbnailUrl\":\"https:\/\/voyage-aventure.com\/blog\/wp-content\/uploads\/2025\/05\/sdxl-009829175956ea559f7d948469ed8d31-scaled.png\",\"keywords\":[\"Activit\u00e9s Vari\u00e9es\",\"D\u00e9couverte Culturelle\",\"Escapade en Europe\",\"Gastronomie Locale\",\"H\u00e9bergement Abordable\"],\"articleSection\":[\"\u00c0 la une\"],\"inLanguage\":\"fr-FR\",\"potentialAction\":[{\"@type\":\"CommentAction\",\"name\":\"Comment\",\"target\":[\"https:\/\/voyage-aventure.com\/blog\/a-la-une\/decouvrez-les-vols-vers-alicante-la-perle-ensoleillee-de-leurope\/#respond\"]}]},{\"@type\":\"WebPage\",\"@id\":\"https:\/\/voyage-aventure.com\/blog\/a-la-une\/decouvrez-les-vols-vers-alicante-la-perle-ensoleillee-de-leurope\/\",\"url\":\"https:\/\/voyage-aventure.com\/blog\/a-la-une\/decouvrez-les-vols-vers-alicante-la-perle-ensoleillee-de-leurope\/\",\"name\":\"D\u00e9couvrez les vols vers Alicante, la perle ensoleill\u00e9e de\",\"isPartOf\":{\"@id\":\"https:\/\/voyage-aventure.com\/blog\/#website\"},\"primaryImageOfPage\":{\"@id\":\"https:\/\/voyage-aventure.com\/blog\/a-la-une\/decouvrez-les-vols-vers-alicante-la-perle-ensoleillee-de-leurope\/#primaryimage\"},\"image\":{\"@id\":\"https:\/\/voyage-aventure.com\/blog\/a-la-une\/decouvrez-les-vols-vers-alicante-la-perle-ensoleillee-de-leurope\/#primaryimage\"},\"thumbnailUrl\":\"https:\/\/voyage-aventure.com\/blog\/wp-content\/uploads\/2025\/05\/sdxl-009829175956ea559f7d948469ed8d31-scaled.png\",\"datePublished\":\"2025-04-01T12:07:44+00:00\",\"description\":\"Alicante, situ\u00e9e sur la magnifique Costa Blanca, est souvent d\u00e9sign\u00e9e comme la ville la plus ensoleill\u00e9e d'Europe. Avec plus de 300 jours de soleil par\",\"inLanguage\":\"fr-FR\",\"potentialAction\":[{\"@type\":\"ReadAction\",\"target\":[\"https:\/\/voyage-aventure.com\/blog\/a-la-une\/decouvrez-les-vols-vers-alicante-la-perle-ensoleillee-de-leurope\/\"]}]},{\"@type\":\"ImageObject\",\"inLanguage\":\"fr-FR\",\"@id\":\"https:\/\/voyage-aventure.com\/blog\/a-la-une\/decouvrez-les-vols-vers-alicante-la-perle-ensoleillee-de-leurope\/#primaryimage\",\"url\":\"https:\/\/voyage-aventure.com\/blog\/wp-content\/uploads\/2025\/05\/sdxl-009829175956ea559f7d948469ed8d31-scaled.png\",\"contentUrl\":\"https:\/\/voyage-aventure.com\/blog\/wp-content\/uploads\/2025\/05\/sdxl-009829175956ea559f7d948469ed8d31-scaled.png\",\"width\":1200,\"height\":500},{\"@type\":\"WebSite\",\"@id\":\"https:\/\/voyage-aventure.com\/blog\/#website\",\"url\":\"https:\/\/voyage-aventure.com\/blog\/\",\"name\":\"voyage-aventure.com\",\"description\":\"Votre passeport pour l\u2019inattendu.\",\"publisher\":{\"@id\":\"https:\/\/voyage-aventure.com\/blog\/#organization\"},\"alternateName\":\"Votre passeport pour l\u2019inattendu.\",\"potentialAction\":[{\"@type\":\"SearchAction\",\"target\":{\"@type\":\"EntryPoint\",\"urlTemplate\":\"https:\/\/voyage-aventure.com\/blog\/?s={search_term_string}\"},\"query-input\":{\"@type\":\"PropertyValueSpecification\",\"valueRequired\":true,\"valueName\":\"search_term_string\"}}],\"inLanguage\":\"fr-FR\"},{\"@type\":\"Organization\",\"@id\":\"https:\/\/voyage-aventure.com\/blog\/#organization\",\"name\":\"Foretsensations.fr\",\"url\":\"https:\/\/voyage-aventure.com\/blog\/\",\"logo\":{\"@type\":\"ImageObject\",\"inLanguage\":\"fr-FR\",\"@id\":\"https:\/\/voyage-aventure.com\/blog\/#\/schema\/logo\/image\/\",\"url\":\"https:\/\/voyage-aventure.com\/blog\/wp-content\/uploads\/2024\/12\/19.png\",\"contentUrl\":\"https:\/\/voyage-aventure.com\/blog\/wp-content\/uploads\/2024\/12\/19.png\",\"width\":512,\"height\":512,\"caption\":\"Foretsensations.fr\"},\"image\":{\"@id\":\"https:\/\/voyage-aventure.com\/blog\/#\/schema\/logo\/image\/\"}},{\"@type\":\"Person\",\"@id\":\"https:\/\/voyage-aventure.com\/blog\/#\/schema\/person\/3c864cdc320801e3db34b663e7e3f816\",\"name\":\"Camille Rouvray\",\"image\":{\"@type\":\"ImageObject\",\"inLanguage\":\"fr-FR\",\"@id\":\"https:\/\/voyage-aventure.com\/blog\/#\/schema\/person\/image\/\",\"url\":\"https:\/\/voyage-aventure.com\/blog\/wp-content\/uploads\/2026\/06\/persona_camille-r-96x96.jpg\",\"contentUrl\":\"https:\/\/voyage-aventure.com\/blog\/wp-content\/uploads\/2026\/06\/persona_camille-r-96x96.jpg\",\"caption\":\"Camille Rouvray\"},\"description\":\"Je voyage et j'\u00e9cris sur le voyage depuis une douzaine d'ann\u00e9es, d'abord en tant que routarde au long cours, puis comme r\u00e9dactrice sp\u00e9cialis\u00e9e. Mon terrain de pr\u00e9dilection, ce sont les circuits organis\u00e9s et l'art de bien pr\u00e9parer un itin\u00e9raire : choix de la saison, dur\u00e9e r\u00e9aliste des \u00e9tapes, budget jour par jour, logement et transport sur place. J'aime aussi raconter les p\u00e9pites urbaines, ces adresses qu'on ne trouve pas dans les guides classiques. Avant de publier un dossier destination, je croise toujours plusieurs sources, je v\u00e9rifie les tarifs et les formalit\u00e9s d'entr\u00e9e \u00e0 jour, et je teste moi-m\u00eame quand je le peux. Mon angle reste pratique avant tout : aider le lecteur \u00e0 partir l'esprit tranquille, sans mauvaise surprise une fois sur place. Je m'attache \u00e0 distinguer le coup de c\u0153ur sinc\u00e8re du simple argument marketing.\",\"sameAs\":[\"https:\/\/camillerouvray.fr\/\"],\"url\":\"https:\/\/voyage-aventure.com\/blog\/auteur\/noname\/\"}]}<\/script>\n<!-- \/ Yoast SEO Premium plugin. -->","yoast_head_json":{"title":"D\u00e9couvrez les vols vers Alicante, la perle ensoleill\u00e9e de","description":"Alicante, situ\u00e9e sur la magnifique Costa Blanca, est souvent d\u00e9sign\u00e9e comme la ville la plus ensoleill\u00e9e d'Europe. Avec plus de 300 jours de soleil par","robots":{"index":"index","follow":"follow","max-snippet":"max-snippet:-1","max-image-preview":"max-image-preview:large","max-video-preview":"max-video-preview:-1"},"canonical":"https:\/\/voyage-aventure.com\/blog\/a-la-une\/decouvrez-les-vols-vers-alicante-la-perle-ensoleillee-de-leurope\/","og_locale":"fr_FR","og_type":"article","og_title":"D\u00e9couvrez les vols vers Alicante, la perle ensoleill\u00e9e de","og_description":"Alicante, situ\u00e9e sur la magnifique Costa Blanca, est souvent d\u00e9sign\u00e9e comme la ville la plus ensoleill\u00e9e d'Europe. Avec plus de 300 jours de soleil par","og_url":"https:\/\/voyage-aventure.com\/blog\/a-la-une\/decouvrez-les-vols-vers-alicante-la-perle-ensoleillee-de-leurope\/","og_site_name":"voyage-aventure","og_image":[{"width":1200,"height":500,"url":"https:\/\/voyage-aventure.com\/blog\/wp-content\/uploads\/2025\/05\/sdxl-009829175956ea559f7d948469ed8d31-scaled.png","type":"image\/png"}],"author":"Camille Rouvray","twitter_card":"summary_large_image","schema":{"@context":"https:\/\/schema.org","@graph":[{"@type":"NewsArticle","@id":"https:\/\/voyage-aventure.com\/blog\/a-la-une\/decouvrez-les-vols-vers-alicante-la-perle-ensoleillee-de-leurope\/#article","isPartOf":{"@id":"https:\/\/voyage-aventure.com\/blog\/a-la-une\/decouvrez-les-vols-vers-alicante-la-perle-ensoleillee-de-leurope\/"},"author":{"name":"Camille Rouvray","@id":"https:\/\/voyage-aventure.com\/blog\/#\/schema\/person\/3c864cdc320801e3db34b663e7e3f816"},"headline":"D\u00e9couvrez les vols vers Alicante, la perle ensoleill\u00e9e de l&rsquo;Europe","datePublished":"2025-04-01T12:07:44+00:00","mainEntityOfPage":{"@id":"https:\/\/voyage-aventure.com\/blog\/a-la-une\/decouvrez-les-vols-vers-alicante-la-perle-ensoleillee-de-leurope\/"},"wordCount":503,"commentCount":30,"publisher":{"@id":"https:\/\/voyage-aventure.com\/blog\/#organization"},"image":{"@id":"https:\/\/voyage-aventure.com\/blog\/a-la-une\/decouvrez-les-vols-vers-alicante-la-perle-ensoleillee-de-leurope\/#primaryimage"},"thumbnailUrl":"https:\/\/voyage-aventure.com\/blog\/wp-content\/uploads\/2025\/05\/sdxl-009829175956ea559f7d948469ed8d31-scaled.png","keywords":["Activit\u00e9s Vari\u00e9es","D\u00e9couverte Culturelle","Escapade en Europe","Gastronomie Locale","H\u00e9bergement Abordable"],"articleSection":["\u00c0 la une"],"inLanguage":"fr-FR","potentialAction":[{"@type":"CommentAction","name":"Comment","target":["https:\/\/voyage-aventure.com\/blog\/a-la-une\/decouvrez-les-vols-vers-alicante-la-perle-ensoleillee-de-leurope\/#respond"]}]},{"@type":"WebPage","@id":"https:\/\/voyage-aventure.com\/blog\/a-la-une\/decouvrez-les-vols-vers-alicante-la-perle-ensoleillee-de-leurope\/","url":"https:\/\/voyage-aventure.com\/blog\/a-la-une\/decouvrez-les-vols-vers-alicante-la-perle-ensoleillee-de-leurope\/","name":"D\u00e9couvrez les vols vers Alicante, la perle ensoleill\u00e9e de","isPartOf":{"@id":"https:\/\/voyage-aventure.com\/blog\/#website"},"primaryImageOfPage":{"@id":"https:\/\/voyage-aventure.com\/blog\/a-la-une\/decouvrez-les-vols-vers-alicante-la-perle-ensoleillee-de-leurope\/#primaryimage"},"image":{"@id":"https:\/\/voyage-aventure.com\/blog\/a-la-une\/decouvrez-les-vols-vers-alicante-la-perle-ensoleillee-de-leurope\/#primaryimage"},"thumbnailUrl":"https:\/\/voyage-aventure.com\/blog\/wp-content\/uploads\/2025\/05\/sdxl-009829175956ea559f7d948469ed8d31-scaled.png","datePublished":"2025-04-01T12:07:44+00:00","description":"Alicante, situ\u00e9e sur la magnifique Costa Blanca, est souvent d\u00e9sign\u00e9e comme la ville la plus ensoleill\u00e9e d'Europe. Avec plus de 300 jours de soleil par","inLanguage":"fr-FR","potentialAction":[{"@type":"ReadAction","target":["https:\/\/voyage-aventure.com\/blog\/a-la-une\/decouvrez-les-vols-vers-alicante-la-perle-ensoleillee-de-leurope\/"]}]},{"@type":"ImageObject","inLanguage":"fr-FR","@id":"https:\/\/voyage-aventure.com\/blog\/a-la-une\/decouvrez-les-vols-vers-alicante-la-perle-ensoleillee-de-leurope\/#primaryimage","url":"https:\/\/voyage-aventure.com\/blog\/wp-content\/uploads\/2025\/05\/sdxl-009829175956ea559f7d948469ed8d31-scaled.png","contentUrl":"https:\/\/voyage-aventure.com\/blog\/wp-content\/uploads\/2025\/05\/sdxl-009829175956ea559f7d948469ed8d31-scaled.png","width":1200,"height":500},{"@type":"WebSite","@id":"https:\/\/voyage-aventure.com\/blog\/#website","url":"https:\/\/voyage-aventure.com\/blog\/","name":"voyage-aventure.com","description":"Votre passeport pour l\u2019inattendu.","publisher":{"@id":"https:\/\/voyage-aventure.com\/blog\/#organization"},"alternateName":"Votre passeport pour l\u2019inattendu.","potentialAction":[{"@type":"SearchAction","target":{"@type":"EntryPoint","urlTemplate":"https:\/\/voyage-aventure.com\/blog\/?s={search_term_string}"},"query-input":{"@type":"PropertyValueSpecification","valueRequired":true,"valueName":"search_term_string"}}],"inLanguage":"fr-FR"},{"@type":"Organization","@id":"https:\/\/voyage-aventure.com\/blog\/#organization","name":"Foretsensations.fr","url":"https:\/\/voyage-aventure.com\/blog\/","logo":{"@type":"ImageObject","inLanguage":"fr-FR","@id":"https:\/\/voyage-aventure.com\/blog\/#\/schema\/logo\/image\/","url":"https:\/\/voyage-aventure.com\/blog\/wp-content\/uploads\/2024\/12\/19.png","contentUrl":"https:\/\/voyage-aventure.com\/blog\/wp-content\/uploads\/2024\/12\/19.png","width":512,"height":512,"caption":"Foretsensations.fr"},"image":{"@id":"https:\/\/voyage-aventure.com\/blog\/#\/schema\/logo\/image\/"}},{"@type":"Person","@id":"https:\/\/voyage-aventure.com\/blog\/#\/schema\/person\/3c864cdc320801e3db34b663e7e3f816","name":"Camille Rouvray","image":{"@type":"ImageObject","inLanguage":"fr-FR","@id":"https:\/\/voyage-aventure.com\/blog\/#\/schema\/person\/image\/","url":"https:\/\/voyage-aventure.com\/blog\/wp-content\/uploads\/2026\/06\/persona_camille-r-96x96.jpg","contentUrl":"https:\/\/voyage-aventure.com\/blog\/wp-content\/uploads\/2026\/06\/persona_camille-r-96x96.jpg","caption":"Camille Rouvray"},"description":"Je voyage et j'\u00e9cris sur le voyage depuis une douzaine d'ann\u00e9es, d'abord en tant que routarde au long cours, puis comme r\u00e9dactrice sp\u00e9cialis\u00e9e. Mon terrain de pr\u00e9dilection, ce sont les circuits organis\u00e9s et l'art de bien pr\u00e9parer un itin\u00e9raire : choix de la saison, dur\u00e9e r\u00e9aliste des \u00e9tapes, budget jour par jour, logement et transport sur place. J'aime aussi raconter les p\u00e9pites urbaines, ces adresses qu'on ne trouve pas dans les guides classiques. Avant de publier un dossier destination, je croise toujours plusieurs sources, je v\u00e9rifie les tarifs et les formalit\u00e9s d'entr\u00e9e \u00e0 jour, et je teste moi-m\u00eame quand je le peux. Mon angle reste pratique avant tout : aider le lecteur \u00e0 partir l'esprit tranquille, sans mauvaise surprise une fois sur place. Je m'attache \u00e0 distinguer le coup de c\u0153ur sinc\u00e8re du simple argument marketing.","sameAs":["https:\/\/camillerouvray.fr\/"],"url":"https:\/\/voyage-aventure.com\/blog\/auteur\/noname\/"}]}},"_links":{"self":[{"href":"https:\/\/voyage-aventure.com\/blog\/wp-json\/wp\/v2\/posts\/17222","targetHints":{"allow":["GET"]}}],"collection":[{"href":"https:\/\/voyage-aventure.com\/blog\/wp-json\/wp\/v2\/posts"}],"about":[{"href":"https:\/\/voyage-aventure.com\/blog\/wp-json\/wp\/v2\/types\/post"}],"author":[{"embeddable":true,"href":"https:\/\/voyage-aventure.com\/blog\/wp-json\/wp\/v2\/users\/34"}],"replies":[{"embeddable":true,"href":"https:\/\/voyage-aventure.com\/blog\/wp-json\/wp\/v2\/comments?post=17222"}],"version-history":[{"count":0,"href":"https:\/\/voyage-aventure.com\/blog\/wp-json\/wp\/v2\/posts\/17222\/revisions"}],"wp:featuredmedia":[{"embeddable":true,"href":"https:\/\/voyage-aventure.com\/blog\/wp-json\/wp\/v2\/media\/19478"}],"wp:attachment":[{"href":"https:\/\/voyage-aventure.com\/blog\/wp-json\/wp\/v2\/media?parent=17222"}],"wp:term":[{"taxonomy":"category","embeddable":true,"href":"https:\/\/voyage-aventure.com\/blog\/wp-json\/wp\/v2\/categories?post=17222"},{"taxonomy":"post_tag","embeddable":true,"href":"https:\/\/voyage-aventure.com\/blog\/wp-json\/wp\/v2\/tags?post=17222"}],"curies":[{"name":"wp","href":"https:\/\/api.w.org\/{rel}","templated":true}]}}