{"id":17200,"date":"2026-06-16T17:50:21","date_gmt":"2026-06-16T15:50:21","guid":{"rendered":"https:\/\/voyage-aventure.com\/blog\/?p=17200"},"modified":"2026-06-16T17:50:21","modified_gmt":"2026-06-16T15:50:21","slug":"vacances-a-playa-de-palma-votre-guide-ultime-pour-un-sejour-inoubliable","status":"publish","type":"post","link":"https:\/\/voyage-aventure.com\/blog\/a-la-une\/vacances-a-playa-de-palma-votre-guide-ultime-pour-un-sejour-inoubliable\/","title":{"rendered":"Vacances \u00e0 Playa de Palma : votre guide ultime pour un s\u00e9jour inoubliable"},"content":{"rendered":"<link rel=\"stylesheet\" href=\"https:\/\/fonts.googleapis.com\/css2?family=Fraunces:opsz,wght@9..144,500;9..144,600;9..144,700;9..144,900&#038;family=Inter:wght@400;500;600&#038;family=JetBrains+Mono:wght@500&#038;display=swap\">\n<style>\n.va-palma-wrap{font-family:'Inter',system-ui,sans-serif;color:#15303a;line-height:1.65;font-size:17px;}\n.va-palma-wrap h2{font-family:'Fraunces','Inter',serif;font-weight:700;font-size:clamp(24px,3.2vw,34px);line-height:1.15;letter-spacing:-0.015em;color:#0d2630;margin:52px 0 16px;}\n.va-palma-wrap h3{font-family:'Fraunces','Inter',serif;font-weight:600;font-size:20px;color:#0d2630;margin:0 0 6px;letter-spacing:-0.01em;}\n.va-palma-wrap p{margin:0 0 18px;}\n.va-palma-kick{font-family:'JetBrains Mono',monospace;font-size:12px;font-weight:500;text-transform:uppercase;letter-spacing:2.4px;color:#1f7a8c;display:block;margin-bottom:6px;}\n.va-palma-lead{font-size:20px;line-height:1.55;color:#234652;font-weight:500;margin:18px 0 26px;}\n.va-palma-answer{background:#eef7f9;border-left:5px solid #1f7a8c;border-radius:0 10px 10px 0;padding:24px 26px 20px;margin:26px 0;box-shadow:0 1px 2px rgba(16,24,40,.05),0 12px 28px -16px rgba(16,24,40,.18);}\n.va-palma-answer-t{font-family:'JetBrains Mono',monospace;font-size:12px;font-weight:500;text-transform:uppercase;letter-spacing:2.2px;color:#1f7a8c;margin-bottom:14px;}\n.va-palma-grid{display:grid;grid-template-columns:repeat(auto-fit,minmax(180px,1fr));gap:12px;}\n.va-palma-cell{background:#fff;border:1px solid #d9e7ea;border-radius:8px;padding:14px 16px;}\n.va-palma-cell .va-palma-l{font-family:'JetBrains Mono',monospace;font-size:11px;text-transform:uppercase;letter-spacing:1.4px;color:#5a7a83;margin-bottom:4px;}\n.va-palma-cell .va-palma-v{font-size:15px;font-weight:600;color:#15303a;line-height:1.45;}\n.va-palma-cards{display:grid;grid-template-columns:repeat(auto-fit,minmax(230px,1fr));gap:16px;margin:26px 0;}\n.va-palma-card{background:#fff;border:1px solid #dde9ec;border-top:3px solid #d96f4e;border-radius:8px;padding:20px 20px 18px;transition:.25s ease;}\n.va-palma-card:hover{transform:translateY(-3px);box-shadow:0 1px 2px rgba(16,24,40,.05),0 14px 30px -16px rgba(16,24,40,.22);}\n.va-palma-card .va-palma-n{display:inline-flex;width:34px;height:34px;align-items:center;justify-content:center;background:#fdeee8;color:#d96f4e;border-radius:50%;font-family:'Fraunces',serif;font-weight:900;font-size:16px;margin-bottom:12px;}\n.va-palma-card .va-palma-tip{margin-top:10px;font-family:'JetBrains Mono',monospace;font-size:12px;letter-spacing:.4px;color:#1f7a8c;line-height:1.5;}\n.va-palma-table{margin:26px 0;overflow-x:auto;border:1px solid #dde9ec;border-radius:10px;}\n.va-palma-table table{width:100%;border-collapse:collapse;font-size:14.5px;min-width:480px;}\n.va-palma-table thead tr{background:#0d2630;color:#fff;}\n.va-palma-table th{text-align:left;padding:13px 18px;font-family:'JetBrains Mono',monospace;font-size:11px;text-transform:uppercase;letter-spacing:1.4px;font-weight:500;}\n.va-palma-table td{padding:13px 18px;color:#2c4853;}\n.va-palma-table tbody tr:nth-child(odd){background:#fff;}\n.va-palma-table tbody tr:nth-child(even){background:#f3f8f9;}\n.va-palma-table tbody tr{border-bottom:1px solid #e7eff1;}\n.va-palma-pq{margin:40px auto;max-width:640px;text-align:center;padding:26px 22px;border-top:1px solid #1f7a8c;border-bottom:1px solid #1f7a8c;position:relative;}\n.va-palma-pq .va-palma-mark{position:absolute;top:-22px;left:50%;transform:translateX(-50%);background:#fff;padding:0 14px;font-family:'Fraunces',serif;font-size:52px;line-height:1;color:#d96f4e;}\n.va-palma-pq blockquote{margin:0;font-family:'Fraunces',serif;font-style:italic;font-weight:500;font-size:24px;line-height:1.4;color:#0d2630;}\n.va-palma-do{display:grid;grid-template-columns:repeat(auto-fit,minmax(250px,1fr));gap:16px;margin:26px 0;}\n.va-palma-do .col{background:#fafcfc;border:1px solid #dde9ec;border-radius:8px;padding:20px 22px;}\n.va-palma-do .col.go{border-top:4px solid #1f7a8c;}\n.va-palma-do .col.no{border-top:4px solid #d96f4e;}\n.va-palma-do h3{font-family:'JetBrains Mono',monospace;font-size:12px;text-transform:uppercase;letter-spacing:1.8px;margin:0 0 12px;}\n.va-palma-do .go h3{color:#15616d;}\n.va-palma-do .no h3{color:#b6502f;}\n.va-palma-do ul{margin:0;padding:0;list-style:none;}\n.va-palma-do li{display:flex;gap:10px;padding:6px 0;font-size:14.5px;line-height:1.5;border-bottom:1px solid #e7eff1;}\n.va-palma-do li:last-child{border-bottom:none;}\n.va-palma-do .go li span{color:#1f7a8c;font-weight:700;}\n.va-palma-do .no li span{color:#d96f4e;font-weight:700;}\n.va-palma-retenir{background:#0d2630;border-radius:12px;padding:26px 28px;margin:34px 0;}\n.va-palma-retenir .va-palma-answer-t{color:#7fc3d1;}\n.va-palma-retenir .va-palma-grid{grid-template-columns:repeat(auto-fit,minmax(220px,1fr));}\n.va-palma-retenir .va-palma-cell{background:#13313d;border:1px solid #1d4250;display:flex;gap:12px;align-items:flex-start;}\n.va-palma-retenir .va-palma-cell .va-palma-num{flex:0 0 26px;width:26px;height:26px;background:#1f7a8c;color:#fff;border-radius:50%;display:inline-flex;align-items:center;justify-content:center;font-family:'JetBrains Mono',monospace;font-size:12px;font-weight:500;}\n.va-palma-retenir .va-palma-cell .va-palma-txt{font-size:14px;line-height:1.5;color:#dce9ec;}\n.va-palma-faq{margin:34px 0;}\n.va-palma-faq>h2{margin-bottom:8px;}\n.va-palma-faq details{border-bottom:1px solid #d9e7ea;}\n.va-palma-faq summary{cursor:pointer;padding:16px 0;font-family:'Fraunces',serif;font-weight:600;font-size:18px;color:#0d2630;list-style:none;display:flex;justify-content:space-between;align-items:center;gap:14px;}\n.va-palma-faq summary::-webkit-details-marker{display:none;}\n.va-palma-faq summary .va-palma-pm{font-size:24px;font-weight:300;color:#1f7a8c;line-height:1;}\n.va-palma-faq .va-palma-a{padding:0 0 16px;font-size:15.5px;line-height:1.7;color:#3a5560;}\n\/*RENDERFIX2*\/.va-palma-table thead tr{color:#eef3f9!important}.va-palma-table thead tr p,.va-palma-table thead tr li,.va-palma-table thead tr strong,.va-palma-table thead tr em,.va-palma-table thead tr a,.va-palma-table thead tr span,.va-palma-table thead tr b,.va-palma-table thead tr td,.va-palma-table thead tr th,.va-palma-table thead tr h2,.va-palma-table thead tr h3,.va-palma-table thead tr h4{color:#eef3f9!important}.va-palma-table thead tr strong,.va-palma-table thead tr b{color:#ffffff!important}.va-palma-retenir{color:#eef3f9!important}.va-palma-retenir p,.va-palma-retenir li,.va-palma-retenir strong,.va-palma-retenir em,.va-palma-retenir a,.va-palma-retenir span,.va-palma-retenir b,.va-palma-retenir td,.va-palma-retenir th,.va-palma-retenir h2,.va-palma-retenir h3,.va-palma-retenir h4{color:#eef3f9!important}.va-palma-retenir strong,.va-palma-retenir b{color:#ffffff!important}.va-palma-retenir .va-palma-cell{color:#eef3f9!important}.va-palma-retenir .va-palma-cell p,.va-palma-retenir .va-palma-cell li,.va-palma-retenir .va-palma-cell strong,.va-palma-retenir .va-palma-cell em,.va-palma-retenir .va-palma-cell a,.va-palma-retenir .va-palma-cell span,.va-palma-retenir .va-palma-cell b,.va-palma-retenir .va-palma-cell td,.va-palma-retenir .va-palma-cell th,.va-palma-retenir .va-palma-cell h2,.va-palma-retenir .va-palma-cell h3,.va-palma-retenir .va-palma-cell h4{color:#eef3f9!important}.va-palma-retenir .va-palma-cell strong,.va-palma-retenir .va-palma-cell b{color:#ffffff!important}.va-palma-retenir .va-palma-cell .va-palma-num{color:#eef3f9!important}.va-palma-retenir .va-palma-cell .va-palma-num p,.va-palma-retenir .va-palma-cell .va-palma-num li,.va-palma-retenir .va-palma-cell .va-palma-num strong,.va-palma-retenir .va-palma-cell .va-palma-num em,.va-palma-retenir .va-palma-cell .va-palma-num a,.va-palma-retenir .va-palma-cell .va-palma-num span,.va-palma-retenir .va-palma-cell .va-palma-num b,.va-palma-retenir .va-palma-cell .va-palma-num td,.va-palma-retenir .va-palma-cell .va-palma-num th,.va-palma-retenir .va-palma-cell .va-palma-num h2,.va-palma-retenir .va-palma-cell .va-palma-num h3,.va-palma-retenir .va-palma-cell .va-palma-num h4{color:#eef3f9!important}.va-palma-retenir .va-palma-cell .va-palma-num strong,.va-palma-retenir .va-palma-cell .va-palma-num b{color:#ffffff!important}<\/style>\n<div class=\"va-palma-wrap\">\n<span class=\"va-palma-kick\">Guide destination \u00b7 Majorque<\/span><\/p>\n<div class=\"va-palma-lead\">Sable dor\u00e9 \u00e0 perte de vue, terrasses de tapas et soir\u00e9es anim\u00e9es \u00e0 dix minutes de l&rsquo;a\u00e9roport : <strong>Playa de Palma<\/strong> condense tout ce qu&rsquo;on attend d&rsquo;un s\u00e9jour baln\u00e9aire aux Bal\u00e9ares. Voici le carnet pratique pour organiser vos vacances entre farniente, gastronomie et escapades culturelles.<\/div>\n<div class=\"va-palma-answer\">\n<div class=\"va-palma-answer-t\">Carnet pratique \u2014 Playa de Palma<\/div>\n<div class=\"va-palma-grid\">\n<div class=\"va-palma-cell\">\n<div class=\"va-palma-l\">Meilleure p\u00e9riode<\/div>\n<div class=\"va-palma-v\">De mai \u00e0 octobre, soleil garanti<\/div>\n<\/div>\n<div class=\"va-palma-cell\">\n<div class=\"va-palma-l\">Pour \u00e9viter la foule<\/div>\n<div class=\"va-palma-v\">Juin ou septembre, plus calmes<\/div>\n<\/div>\n<div class=\"va-palma-cell\">\n<div class=\"va-palma-l\">Y aller<\/div>\n<div class=\"va-palma-v\">Vol direct vers l&rsquo;a\u00e9roport de Palma<\/div>\n<\/div>\n<div class=\"va-palma-cell\">\n<div class=\"va-palma-l\">Alternative<\/div>\n<div class=\"va-palma-v\">Ferry depuis Barcelone ou Valence<\/div>\n<\/div>\n<div class=\"va-palma-cell\">\n<div class=\"va-palma-l\">Sur place<\/div>\n<div class=\"va-palma-v\">V\u00e9lo ou voiture de location<\/div>\n<\/div>\n<div class=\"va-palma-cell\">\n<div class=\"va-palma-l\">Mer<\/div>\n<div class=\"va-palma-v\">M\u00e9diterran\u00e9e, eaux bal\u00e9ares<\/div>\n<\/div>\n<\/div>\n<\/div>\n<h2>Pourquoi choisir Playa de Palma pour vos vacances ?<\/h2>\n<p>Avec ses plages dor\u00e9es qui s&rsquo;\u00e9tendent \u00e0 perte de vue, <strong>Playa de Palma<\/strong> (ou <em>Platja de Palma<\/em> en catalan) attire aussi bien les f\u00eatards que les familles en qu\u00eate de d\u00e9tente. La diversit\u00e9 de son ambiance, \u00e0 la fois festive et familiale, en fait un choix id\u00e9al pour tous les types de voyageurs venus profiter de <strong>Majorque<\/strong>.<\/p>\n<p>C\u00f4t\u00e9 gastronomie, la station ne d\u00e9\u00e7oit pas. Les visiteurs peuvent savourer des plats typiques comme les tapas, la sobrassada, et l&rsquo;ensa\u00efmada, une p\u00e2tisserie embl\u00e9matique de Majorque. Les restaurants en bord de mer offrent \u00e9galement des sp\u00e9cialit\u00e9s de fruits de mer et des paellas succulentes, parfaites pour une soir\u00e9e en famille ou entre amis.<\/p>\n<div class=\"va-palma-pq\">\n<span class=\"va-palma-mark\">&laquo;<\/span><\/p>\n<blockquote><p>Chaque voyage \u00e0 Playa de Palma est une promesse de souvenirs inoubliables.<\/p><\/blockquote>\n<\/div>\n<h2>Activit\u00e9s \u00e0 faire \u00e0 Playa de Palma<\/h2>\n<p>Que vous voyagiez entre amis, en famille ou en couple, Playa de Palma propose une multitude d&rsquo;activit\u00e9s. Les amateurs de sensations fortes appr\u00e9cieront les sports nautiques tels que le jet ski, le paddle ou la plong\u00e9e sous-marine, disponibles sur la plage d&rsquo;El Arenal. Les journ\u00e9es \u00e0 la plage peuvent facilement se prolonger par des soir\u00e9es anim\u00e9es dans les nombreux bars et clubs qui jalonnent la promenade.<\/p>\n<p>Pour ceux qui pr\u00e9f\u00e8rent des moments de d\u00e9tente, les plages s\u00e9curis\u00e9es sont id\u00e9ales pour se relaxer au soleil. Les visiteurs peuvent \u00e9galement explorer Palma de Majorque, avec ses monuments historiques comme la cath\u00e9drale La Seu et le ch\u00e2teau de Bellver, offrant une \u00e9chappatoire culturelle \u00e0 quelques kilom\u00e8tres seulement.<\/p>\n<h3>Cinq id\u00e9es pour rythmer le s\u00e9jour<\/h3>\n<div class=\"va-palma-cards\">\n<div class=\"va-palma-card\">\n<div class=\"va-palma-n\">01<\/div>\n<h3>Aquarium de Palma<\/h3>\n<div class=\"va-palma-tip\">D\u00e9couvrir la faune marine de la M\u00e9diterran\u00e9e, id\u00e9al en famille.<\/div>\n<\/div>\n<div class=\"va-palma-card\">\n<div class=\"va-palma-n\">02<\/div>\n<h3>Plage d&rsquo;Es Trenc<\/h3>\n<div class=\"va-palma-tip\">Journ\u00e9e farniente sur un sable fin r\u00e9put\u00e9 de l&rsquo;\u00eele.<\/div>\n<\/div>\n<div class=\"va-palma-card\">\n<div class=\"va-palma-n\">03<\/div>\n<h3>Jardins d&rsquo;Alfabia<\/h3>\n<div class=\"va-palma-tip\">Escapade romantique \u00e0 l&rsquo;ombre des fontaines.<\/div>\n<\/div>\n<div class=\"va-palma-card\">\n<div class=\"va-palma-n\">04<\/div>\n<h3>Activit\u00e9s aquatiques<\/h3>\n<div class=\"va-palma-tip\">Flyboard et parachute ascensionnel pour les amateurs de sensations.<\/div>\n<\/div>\n<div class=\"va-palma-card\">\n<div class=\"va-palma-n\">05<\/div>\n<h3>Cap de Formentor<\/h3>\n<div class=\"va-palma-tip\">Admirer le coucher de soleil depuis la pointe nord de Majorque.<\/div>\n<\/div>\n<\/div>\n<h2>Conseils pratiques pour un s\u00e9jour r\u00e9ussi<\/h2>\n<p>Pour profiter pleinement de votre s\u00e9jour \u00e0 Playa de Palma, il est essentiel de planifier votre voyage. Le meilleur moment pour y aller s&rsquo;\u00e9tend de mai \u00e0 octobre, lorsque le temps est chaud et ensoleill\u00e9. Pour \u00e9viter la foule, optez pour les mois de juin ou septembre, qui offrent une atmosph\u00e8re plus calme tout en permettant de profiter des plages.<\/p>\n<p>Pour vous y rendre, le moyen le plus simple reste l&rsquo;avion, avec des vols directs vers l&rsquo;a\u00e9roport de Palma, \u00e0 seulement 10 minutes de votre destination. Si vous pr\u00e9f\u00e9rez une aventure sur la route, envisagez de prendre le ferry depuis Barcelone ou Valence pour une exp\u00e9rience unique. Une fois sur place, louer un v\u00e9lo ou une voiture vous permettra d&rsquo;explorer cette magnifique \u00eele \u00e0 votre rythme.<\/p>\n<h3>Quand partir \u00e0 Playa de Palma ?<\/h3>\n<div class=\"va-palma-table\">\n<table>\n<thead>\n<tr>\n<th>P\u00e9riode<\/th>\n<th>Affluence<\/th>\n<th>Ambiance<\/th>\n<\/tr>\n<\/thead>\n<tbody>\n<tr>\n<td>Mai &amp; d\u00e9but juin<\/td>\n<td>Mod\u00e9r\u00e9e<\/td>\n<td>Douceur, plages tranquilles<\/td>\n<\/tr>\n<tr>\n<td>Juillet &amp; ao\u00fbt<\/td>\n<td>Forte<\/td>\n<td>Festive, baignade au plus chaud<\/td>\n<\/tr>\n<tr>\n<td>Septembre<\/td>\n<td>Mod\u00e9r\u00e9e<\/td>\n<td>Mer encore bonne, foule retomb\u00e9e<\/td>\n<\/tr>\n<tr>\n<td>Octobre<\/td>\n<td>Faible<\/td>\n<td>Calme, derniers beaux jours<\/td>\n<\/tr>\n<\/tbody>\n<\/table>\n<\/div>\n<h3>Bien organiser son s\u00e9jour<\/h3>\n<div class=\"va-palma-do\">\n<div class=\"col go\">\n<h3>&#10003; \u00c0 faire<\/h3>\n<ul>\n<li><span>&#10003;<\/span><span>R\u00e9server un vol direct vers l&rsquo;a\u00e9roport de Palma, tout proche<\/span><\/li>\n<li><span>&#10003;<\/span><span>Privil\u00e9gier juin ou septembre pour fuir l&rsquo;affluence<\/span><\/li>\n<li><span>&#10003;<\/span><span>Louer un v\u00e9lo ou une voiture pour explorer l&rsquo;\u00eele<\/span><\/li>\n<li><span>&#10003;<\/span><span>R\u00e9server une soir\u00e9e pour Palma et la cath\u00e9drale La Seu<\/span><\/li>\n<\/ul>\n<\/div>\n<div class=\"col no\">\n<h3>&#10005; \u00c0 \u00e9viter<\/h3>\n<ul>\n<li><span>&#10005;<\/span><span>Viser le c\u0153ur de l&rsquo;\u00e9t\u00e9 si l&rsquo;on recherche le calme<\/span><\/li>\n<li><span>&#10005;<\/span><span>Rester cantonn\u00e9 \u00e0 la plage sans voir Palma de Majorque<\/span><\/li>\n<li><span>&#10005;<\/span><span>N\u00e9gliger la protection solaire entre mai et octobre<\/span><\/li>\n<li><span>&#10005;<\/span><span>Oublier de r\u00e9server les activit\u00e9s nautiques en haute saison<\/span><\/li>\n<\/ul>\n<\/div>\n<\/div>\n<div class=\"va-palma-retenir\">\n<div class=\"va-palma-answer-t\">\u00c0 retenir<\/div>\n<div class=\"va-palma-grid\">\n<div class=\"va-palma-cell\"><span class=\"va-palma-num\">1<\/span><span class=\"va-palma-txt\">Playa de Palma m\u00eale ambiance festive et plages familiales sur Majorque.<\/span><\/div>\n<div class=\"va-palma-cell\"><span class=\"va-palma-num\">2<\/span><span class=\"va-palma-txt\">Saison id\u00e9ale de mai \u00e0 octobre ; juin et septembre pour le calme.<\/span><\/div>\n<div class=\"va-palma-cell\"><span class=\"va-palma-num\">3<\/span><span class=\"va-palma-txt\">A\u00e9roport de Palma \u00e0 10 minutes, ou ferry depuis Barcelone\/Valence.<\/span><\/div>\n<div class=\"va-palma-cell\"><span class=\"va-palma-num\">4<\/span><span class=\"va-palma-txt\">Tapas, sobrassada et ensa\u00efmada pour la table bal\u00e9are.<\/span><\/div>\n<div class=\"va-palma-cell\"><span class=\"va-palma-num\">5<\/span><span class=\"va-palma-txt\">Es Trenc, El Arenal, La Seu et Formentor pour varier les plaisirs.<\/span><\/div>\n<\/div>\n<\/div>\n<section class=\"va-palma-faq\">\n<h2>Questions fr\u00e9quentes<\/h2>\n<details>\n<summary><span>Quelle p\u00e9riode choisir pour aller \u00e0 Majorque ?<\/span><span class=\"va-palma-pm\">+<\/span><\/summary>\n<div class=\"va-palma-a\">La fen\u00eatre la plus agr\u00e9able s&rsquo;\u00e9tend de mai \u00e0 octobre, quand le temps est chaud et ensoleill\u00e9. Pour profiter des plages sans la foule de l&rsquo;\u00e9t\u00e9, juin et septembre offrent une atmosph\u00e8re plus calme tout en gardant une belle m\u00e9t\u00e9o.<\/div>\n<\/details>\n<details>\n<summary><span>O\u00f9 aller \u00e0 Palma de Majorque pour la plage ?<\/span><span class=\"va-palma-pm\">+<\/span><\/summary>\n<div class=\"va-palma-a\">\u00c0 Playa de Palma m\u00eame, la plage d&rsquo;El Arenal concentre baignade et sports nautiques (jet ski, paddle, plong\u00e9e). Pour une journ\u00e9e farniente sur du sable fin, le secteur d&rsquo;Es Trenc est une valeur s\u00fbre de l&rsquo;\u00eele.<\/div>\n<\/details>\n<details>\n<summary><span>Quelle mer baigne Palma de Majorque ?<\/span><span class=\"va-palma-pm\">+<\/span><\/summary>\n<div class=\"va-palma-a\">Majorque, la plus grande des \u00eeles Bal\u00e9ares, est baign\u00e9e par la mer M\u00e9diterran\u00e9e. C&rsquo;est elle qui borde Playa de Palma et offre ces eaux propices \u00e0 la baignade et aux activit\u00e9s nautiques.<\/div>\n<\/details>\n<details>\n<summary><span>Comment se rendre \u00e0 Playa de Palma ?<\/span><span class=\"va-palma-pm\">+<\/span><\/summary>\n<div class=\"va-palma-a\">Le plus simple est l&rsquo;avion : l&rsquo;a\u00e9roport de Palma se trouve \u00e0 environ 10 minutes de la station. Les voyageurs qui pr\u00e9f\u00e8rent la route peuvent embarquer en ferry depuis Barcelone ou Valence. Sur place, le v\u00e9lo ou la voiture de location facilitent l&rsquo;exploration de l&rsquo;\u00eele.<\/div>\n<\/details>\n<\/section>\n<p>R\u00e9servez votre s\u00e9jour \u00e0 Playa de Palma pour vivre des vacances m\u00e9morables. Que ce soit avec des amis, en famille ou en couple, cette destination saura vous s\u00e9duire par ses nombreuses facettes. Pensez \u00e0 planifier votre voyage pour maximiser votre exp\u00e9rience et cr\u00e9er des souvenirs inoubliables au bord de la M\u00e9diterran\u00e9e.<\/p>\n<\/div>\n","protected":false},"excerpt":{"rendered":"","protected":false},"author":34,"featured_media":17921,"comment_status":"open","ping_status":"open","sticky":false,"template":"","format":"standard","meta":{"_acf_changed":false,"manual_indexmenow":false,"indexmenow_id_project":0,"footnotes":""},"categories":[1],"tags":[4537,4527,4530,4535,5834],"class_list":["post-17200","post","type-post","status-publish","format-standard","has-post-thumbnail","hentry","category-a-la-une","tag-activites-nautiques","tag-decouverte-culturelle","tag-escapade-en-europe","tag-gastronomie-locale","tag-voyage-en-famille","generate-columns","tablet-grid-50","mobile-grid-100","grid-parent","grid-25"],"acf":[],"yoast_head":"<!-- This site is optimized with the Yoast SEO Premium plugin v21.3 (Yoast SEO v25.1) - https:\/\/yoast.com\/wordpress\/plugins\/seo\/ -->\n<title>Vacances \u00e0 Playa de Palma : votre guide ultime pour un<\/title>\n<meta name=\"description\" content=\"Sable dor\u00e9 \u00e0 perte de vue, terrasses de tapas et soir\u00e9es anim\u00e9es \u00e0 dix minutes de l&#039;a\u00e9roport : Playa de Palma condense tout ce qu&#039;on attend d&#039;un s\u00e9jour\" \/>\n<meta name=\"robots\" content=\"index, follow, max-snippet:-1, max-image-preview:large, max-video-preview:-1\" \/>\n<link rel=\"canonical\" href=\"https:\/\/voyage-aventure.com\/blog\/a-la-une\/vacances-a-playa-de-palma-votre-guide-ultime-pour-un-sejour-inoubliable\/\" \/>\n<meta property=\"og:locale\" content=\"fr_FR\" \/>\n<meta property=\"og:type\" content=\"article\" \/>\n<meta property=\"og:title\" content=\"Vacances \u00e0 Playa de Palma : votre guide ultime pour un\" \/>\n<meta property=\"og:description\" content=\"Sable dor\u00e9 \u00e0 perte de vue, terrasses de tapas et soir\u00e9es anim\u00e9es \u00e0 dix minutes de l&#039;a\u00e9roport : Playa de Palma condense tout ce qu&#039;on attend d&#039;un s\u00e9jour\" \/>\n<meta property=\"og:url\" content=\"https:\/\/voyage-aventure.com\/blog\/a-la-une\/vacances-a-playa-de-palma-votre-guide-ultime-pour-un-sejour-inoubliable\/\" \/>\n<meta property=\"og:site_name\" content=\"voyage-aventure\" \/>\n<meta property=\"og:image\" content=\"https:\/\/voyage-aventure.com\/blog\/wp-content\/uploads\/2025\/04\/sdxl-a5ef8db35f8e6e5c577477c71b894d6d.png\" \/>\n\t<meta property=\"og:image:width\" content=\"1200\" \/>\n\t<meta property=\"og:image:height\" content=\"500\" \/>\n\t<meta property=\"og:image:type\" content=\"image\/png\" \/>\n<meta name=\"author\" content=\"Camille Rouvray\" \/>\n<meta name=\"twitter:card\" content=\"summary_large_image\" \/>\n<script type=\"application\/ld+json\" class=\"yoast-schema-graph\">{\"@context\":\"https:\/\/schema.org\",\"@graph\":[{\"@type\":\"NewsArticle\",\"@id\":\"https:\/\/voyage-aventure.com\/blog\/a-la-une\/vacances-a-playa-de-palma-votre-guide-ultime-pour-un-sejour-inoubliable\/#article\",\"isPartOf\":{\"@id\":\"https:\/\/voyage-aventure.com\/blog\/a-la-une\/vacances-a-playa-de-palma-votre-guide-ultime-pour-un-sejour-inoubliable\/\"},\"author\":{\"name\":\"Camille Rouvray\",\"@id\":\"https:\/\/voyage-aventure.com\/blog\/#\/schema\/person\/3c864cdc320801e3db34b663e7e3f816\"},\"headline\":\"Vacances \u00e0 Playa de Palma : votre guide ultime pour un s\u00e9jour inoubliable\",\"datePublished\":\"2026-06-16T15:50:21+00:00\",\"mainEntityOfPage\":{\"@id\":\"https:\/\/voyage-aventure.com\/blog\/a-la-une\/vacances-a-playa-de-palma-votre-guide-ultime-pour-un-sejour-inoubliable\/\"},\"wordCount\":1073,\"commentCount\":27,\"publisher\":{\"@id\":\"https:\/\/voyage-aventure.com\/blog\/#organization\"},\"image\":{\"@id\":\"https:\/\/voyage-aventure.com\/blog\/a-la-une\/vacances-a-playa-de-palma-votre-guide-ultime-pour-un-sejour-inoubliable\/#primaryimage\"},\"thumbnailUrl\":\"https:\/\/voyage-aventure.com\/blog\/wp-content\/uploads\/2025\/04\/sdxl-a5ef8db35f8e6e5c577477c71b894d6d.png\",\"keywords\":[\"Activit\u00e9s Nautiques\",\"D\u00e9couverte Culturelle\",\"Escapade en Europe\",\"Gastronomie Locale\",\"Voyage en famille\"],\"articleSection\":[\"\u00c0 la une\"],\"inLanguage\":\"fr-FR\",\"potentialAction\":[{\"@type\":\"CommentAction\",\"name\":\"Comment\",\"target\":[\"https:\/\/voyage-aventure.com\/blog\/a-la-une\/vacances-a-playa-de-palma-votre-guide-ultime-pour-un-sejour-inoubliable\/#respond\"]}]},{\"@type\":\"WebPage\",\"@id\":\"https:\/\/voyage-aventure.com\/blog\/a-la-une\/vacances-a-playa-de-palma-votre-guide-ultime-pour-un-sejour-inoubliable\/\",\"url\":\"https:\/\/voyage-aventure.com\/blog\/a-la-une\/vacances-a-playa-de-palma-votre-guide-ultime-pour-un-sejour-inoubliable\/\",\"name\":\"Vacances \u00e0 Playa de Palma : votre guide ultime pour un\",\"isPartOf\":{\"@id\":\"https:\/\/voyage-aventure.com\/blog\/#website\"},\"primaryImageOfPage\":{\"@id\":\"https:\/\/voyage-aventure.com\/blog\/a-la-une\/vacances-a-playa-de-palma-votre-guide-ultime-pour-un-sejour-inoubliable\/#primaryimage\"},\"image\":{\"@id\":\"https:\/\/voyage-aventure.com\/blog\/a-la-une\/vacances-a-playa-de-palma-votre-guide-ultime-pour-un-sejour-inoubliable\/#primaryimage\"},\"thumbnailUrl\":\"https:\/\/voyage-aventure.com\/blog\/wp-content\/uploads\/2025\/04\/sdxl-a5ef8db35f8e6e5c577477c71b894d6d.png\",\"datePublished\":\"2026-06-16T15:50:21+00:00\",\"description\":\"Sable dor\u00e9 \u00e0 perte de vue, terrasses de tapas et soir\u00e9es anim\u00e9es \u00e0 dix minutes de l'a\u00e9roport : Playa de Palma condense tout ce qu'on attend d'un s\u00e9jour\",\"inLanguage\":\"fr-FR\",\"potentialAction\":[{\"@type\":\"ReadAction\",\"target\":[\"https:\/\/voyage-aventure.com\/blog\/a-la-une\/vacances-a-playa-de-palma-votre-guide-ultime-pour-un-sejour-inoubliable\/\"]}]},{\"@type\":\"ImageObject\",\"inLanguage\":\"fr-FR\",\"@id\":\"https:\/\/voyage-aventure.com\/blog\/a-la-une\/vacances-a-playa-de-palma-votre-guide-ultime-pour-un-sejour-inoubliable\/#primaryimage\",\"url\":\"https:\/\/voyage-aventure.com\/blog\/wp-content\/uploads\/2025\/04\/sdxl-a5ef8db35f8e6e5c577477c71b894d6d.png\",\"contentUrl\":\"https:\/\/voyage-aventure.com\/blog\/wp-content\/uploads\/2025\/04\/sdxl-a5ef8db35f8e6e5c577477c71b894d6d.png\",\"width\":1536,\"height\":640},{\"@type\":\"WebSite\",\"@id\":\"https:\/\/voyage-aventure.com\/blog\/#website\",\"url\":\"https:\/\/voyage-aventure.com\/blog\/\",\"name\":\"voyage-aventure.com\",\"description\":\"Votre passeport pour l\u2019inattendu.\",\"publisher\":{\"@id\":\"https:\/\/voyage-aventure.com\/blog\/#organization\"},\"alternateName\":\"Votre passeport pour l\u2019inattendu.\",\"potentialAction\":[{\"@type\":\"SearchAction\",\"target\":{\"@type\":\"EntryPoint\",\"urlTemplate\":\"https:\/\/voyage-aventure.com\/blog\/?s={search_term_string}\"},\"query-input\":{\"@type\":\"PropertyValueSpecification\",\"valueRequired\":true,\"valueName\":\"search_term_string\"}}],\"inLanguage\":\"fr-FR\"},{\"@type\":\"Organization\",\"@id\":\"https:\/\/voyage-aventure.com\/blog\/#organization\",\"name\":\"Foretsensations.fr\",\"url\":\"https:\/\/voyage-aventure.com\/blog\/\",\"logo\":{\"@type\":\"ImageObject\",\"inLanguage\":\"fr-FR\",\"@id\":\"https:\/\/voyage-aventure.com\/blog\/#\/schema\/logo\/image\/\",\"url\":\"https:\/\/voyage-aventure.com\/blog\/wp-content\/uploads\/2024\/12\/19.png\",\"contentUrl\":\"https:\/\/voyage-aventure.com\/blog\/wp-content\/uploads\/2024\/12\/19.png\",\"width\":512,\"height\":512,\"caption\":\"Foretsensations.fr\"},\"image\":{\"@id\":\"https:\/\/voyage-aventure.com\/blog\/#\/schema\/logo\/image\/\"}},{\"@type\":\"Person\",\"@id\":\"https:\/\/voyage-aventure.com\/blog\/#\/schema\/person\/3c864cdc320801e3db34b663e7e3f816\",\"name\":\"Camille Rouvray\",\"image\":{\"@type\":\"ImageObject\",\"inLanguage\":\"fr-FR\",\"@id\":\"https:\/\/voyage-aventure.com\/blog\/#\/schema\/person\/image\/\",\"url\":\"https:\/\/voyage-aventure.com\/blog\/wp-content\/uploads\/2026\/06\/persona_camille-r-96x96.jpg\",\"contentUrl\":\"https:\/\/voyage-aventure.com\/blog\/wp-content\/uploads\/2026\/06\/persona_camille-r-96x96.jpg\",\"caption\":\"Camille Rouvray\"},\"description\":\"Je voyage et j'\u00e9cris sur le voyage depuis une douzaine d'ann\u00e9es, d'abord en tant que routarde au long cours, puis comme r\u00e9dactrice sp\u00e9cialis\u00e9e. Mon terrain de pr\u00e9dilection, ce sont les circuits organis\u00e9s et l'art de bien pr\u00e9parer un itin\u00e9raire : choix de la saison, dur\u00e9e r\u00e9aliste des \u00e9tapes, budget jour par jour, logement et transport sur place. J'aime aussi raconter les p\u00e9pites urbaines, ces adresses qu'on ne trouve pas dans les guides classiques. Avant de publier un dossier destination, je croise toujours plusieurs sources, je v\u00e9rifie les tarifs et les formalit\u00e9s d'entr\u00e9e \u00e0 jour, et je teste moi-m\u00eame quand je le peux. Mon angle reste pratique avant tout : aider le lecteur \u00e0 partir l'esprit tranquille, sans mauvaise surprise une fois sur place. Je m'attache \u00e0 distinguer le coup de c\u0153ur sinc\u00e8re du simple argument marketing.\",\"sameAs\":[\"https:\/\/camillerouvray.fr\/\"],\"url\":\"https:\/\/voyage-aventure.com\/blog\/auteur\/noname\/\"}]}<\/script>\n<!-- \/ Yoast SEO Premium plugin. -->","yoast_head_json":{"title":"Vacances \u00e0 Playa de Palma : votre guide ultime pour un","description":"Sable dor\u00e9 \u00e0 perte de vue, terrasses de tapas et soir\u00e9es anim\u00e9es \u00e0 dix minutes de l'a\u00e9roport : Playa de Palma condense tout ce qu'on attend d'un s\u00e9jour","robots":{"index":"index","follow":"follow","max-snippet":"max-snippet:-1","max-image-preview":"max-image-preview:large","max-video-preview":"max-video-preview:-1"},"canonical":"https:\/\/voyage-aventure.com\/blog\/a-la-une\/vacances-a-playa-de-palma-votre-guide-ultime-pour-un-sejour-inoubliable\/","og_locale":"fr_FR","og_type":"article","og_title":"Vacances \u00e0 Playa de Palma : votre guide ultime pour un","og_description":"Sable dor\u00e9 \u00e0 perte de vue, terrasses de tapas et soir\u00e9es anim\u00e9es \u00e0 dix minutes de l'a\u00e9roport : Playa de Palma condense tout ce qu'on attend d'un s\u00e9jour","og_url":"https:\/\/voyage-aventure.com\/blog\/a-la-une\/vacances-a-playa-de-palma-votre-guide-ultime-pour-un-sejour-inoubliable\/","og_site_name":"voyage-aventure","og_image":[{"url":"https:\/\/voyage-aventure.com\/blog\/wp-content\/uploads\/2025\/04\/sdxl-a5ef8db35f8e6e5c577477c71b894d6d.png","width":1200,"height":500,"type":"image\/png"}],"author":"Camille Rouvray","twitter_card":"summary_large_image","schema":{"@context":"https:\/\/schema.org","@graph":[{"@type":"NewsArticle","@id":"https:\/\/voyage-aventure.com\/blog\/a-la-une\/vacances-a-playa-de-palma-votre-guide-ultime-pour-un-sejour-inoubliable\/#article","isPartOf":{"@id":"https:\/\/voyage-aventure.com\/blog\/a-la-une\/vacances-a-playa-de-palma-votre-guide-ultime-pour-un-sejour-inoubliable\/"},"author":{"name":"Camille Rouvray","@id":"https:\/\/voyage-aventure.com\/blog\/#\/schema\/person\/3c864cdc320801e3db34b663e7e3f816"},"headline":"Vacances \u00e0 Playa de Palma : votre guide ultime pour un s\u00e9jour inoubliable","datePublished":"2026-06-16T15:50:21+00:00","mainEntityOfPage":{"@id":"https:\/\/voyage-aventure.com\/blog\/a-la-une\/vacances-a-playa-de-palma-votre-guide-ultime-pour-un-sejour-inoubliable\/"},"wordCount":1073,"commentCount":27,"publisher":{"@id":"https:\/\/voyage-aventure.com\/blog\/#organization"},"image":{"@id":"https:\/\/voyage-aventure.com\/blog\/a-la-une\/vacances-a-playa-de-palma-votre-guide-ultime-pour-un-sejour-inoubliable\/#primaryimage"},"thumbnailUrl":"https:\/\/voyage-aventure.com\/blog\/wp-content\/uploads\/2025\/04\/sdxl-a5ef8db35f8e6e5c577477c71b894d6d.png","keywords":["Activit\u00e9s Nautiques","D\u00e9couverte Culturelle","Escapade en Europe","Gastronomie Locale","Voyage en famille"],"articleSection":["\u00c0 la une"],"inLanguage":"fr-FR","potentialAction":[{"@type":"CommentAction","name":"Comment","target":["https:\/\/voyage-aventure.com\/blog\/a-la-une\/vacances-a-playa-de-palma-votre-guide-ultime-pour-un-sejour-inoubliable\/#respond"]}]},{"@type":"WebPage","@id":"https:\/\/voyage-aventure.com\/blog\/a-la-une\/vacances-a-playa-de-palma-votre-guide-ultime-pour-un-sejour-inoubliable\/","url":"https:\/\/voyage-aventure.com\/blog\/a-la-une\/vacances-a-playa-de-palma-votre-guide-ultime-pour-un-sejour-inoubliable\/","name":"Vacances \u00e0 Playa de Palma : votre guide ultime pour un","isPartOf":{"@id":"https:\/\/voyage-aventure.com\/blog\/#website"},"primaryImageOfPage":{"@id":"https:\/\/voyage-aventure.com\/blog\/a-la-une\/vacances-a-playa-de-palma-votre-guide-ultime-pour-un-sejour-inoubliable\/#primaryimage"},"image":{"@id":"https:\/\/voyage-aventure.com\/blog\/a-la-une\/vacances-a-playa-de-palma-votre-guide-ultime-pour-un-sejour-inoubliable\/#primaryimage"},"thumbnailUrl":"https:\/\/voyage-aventure.com\/blog\/wp-content\/uploads\/2025\/04\/sdxl-a5ef8db35f8e6e5c577477c71b894d6d.png","datePublished":"2026-06-16T15:50:21+00:00","description":"Sable dor\u00e9 \u00e0 perte de vue, terrasses de tapas et soir\u00e9es anim\u00e9es \u00e0 dix minutes de l'a\u00e9roport : Playa de Palma condense tout ce qu'on attend d'un s\u00e9jour","inLanguage":"fr-FR","potentialAction":[{"@type":"ReadAction","target":["https:\/\/voyage-aventure.com\/blog\/a-la-une\/vacances-a-playa-de-palma-votre-guide-ultime-pour-un-sejour-inoubliable\/"]}]},{"@type":"ImageObject","inLanguage":"fr-FR","@id":"https:\/\/voyage-aventure.com\/blog\/a-la-une\/vacances-a-playa-de-palma-votre-guide-ultime-pour-un-sejour-inoubliable\/#primaryimage","url":"https:\/\/voyage-aventure.com\/blog\/wp-content\/uploads\/2025\/04\/sdxl-a5ef8db35f8e6e5c577477c71b894d6d.png","contentUrl":"https:\/\/voyage-aventure.com\/blog\/wp-content\/uploads\/2025\/04\/sdxl-a5ef8db35f8e6e5c577477c71b894d6d.png","width":1536,"height":640},{"@type":"WebSite","@id":"https:\/\/voyage-aventure.com\/blog\/#website","url":"https:\/\/voyage-aventure.com\/blog\/","name":"voyage-aventure.com","description":"Votre passeport pour l\u2019inattendu.","publisher":{"@id":"https:\/\/voyage-aventure.com\/blog\/#organization"},"alternateName":"Votre passeport pour l\u2019inattendu.","potentialAction":[{"@type":"SearchAction","target":{"@type":"EntryPoint","urlTemplate":"https:\/\/voyage-aventure.com\/blog\/?s={search_term_string}"},"query-input":{"@type":"PropertyValueSpecification","valueRequired":true,"valueName":"search_term_string"}}],"inLanguage":"fr-FR"},{"@type":"Organization","@id":"https:\/\/voyage-aventure.com\/blog\/#organization","name":"Foretsensations.fr","url":"https:\/\/voyage-aventure.com\/blog\/","logo":{"@type":"ImageObject","inLanguage":"fr-FR","@id":"https:\/\/voyage-aventure.com\/blog\/#\/schema\/logo\/image\/","url":"https:\/\/voyage-aventure.com\/blog\/wp-content\/uploads\/2024\/12\/19.png","contentUrl":"https:\/\/voyage-aventure.com\/blog\/wp-content\/uploads\/2024\/12\/19.png","width":512,"height":512,"caption":"Foretsensations.fr"},"image":{"@id":"https:\/\/voyage-aventure.com\/blog\/#\/schema\/logo\/image\/"}},{"@type":"Person","@id":"https:\/\/voyage-aventure.com\/blog\/#\/schema\/person\/3c864cdc320801e3db34b663e7e3f816","name":"Camille Rouvray","image":{"@type":"ImageObject","inLanguage":"fr-FR","@id":"https:\/\/voyage-aventure.com\/blog\/#\/schema\/person\/image\/","url":"https:\/\/voyage-aventure.com\/blog\/wp-content\/uploads\/2026\/06\/persona_camille-r-96x96.jpg","contentUrl":"https:\/\/voyage-aventure.com\/blog\/wp-content\/uploads\/2026\/06\/persona_camille-r-96x96.jpg","caption":"Camille Rouvray"},"description":"Je voyage et j'\u00e9cris sur le voyage depuis une douzaine d'ann\u00e9es, d'abord en tant que routarde au long cours, puis comme r\u00e9dactrice sp\u00e9cialis\u00e9e. Mon terrain de pr\u00e9dilection, ce sont les circuits organis\u00e9s et l'art de bien pr\u00e9parer un itin\u00e9raire : choix de la saison, dur\u00e9e r\u00e9aliste des \u00e9tapes, budget jour par jour, logement et transport sur place. J'aime aussi raconter les p\u00e9pites urbaines, ces adresses qu'on ne trouve pas dans les guides classiques. Avant de publier un dossier destination, je croise toujours plusieurs sources, je v\u00e9rifie les tarifs et les formalit\u00e9s d'entr\u00e9e \u00e0 jour, et je teste moi-m\u00eame quand je le peux. Mon angle reste pratique avant tout : aider le lecteur \u00e0 partir l'esprit tranquille, sans mauvaise surprise une fois sur place. Je m'attache \u00e0 distinguer le coup de c\u0153ur sinc\u00e8re du simple argument marketing.","sameAs":["https:\/\/camillerouvray.fr\/"],"url":"https:\/\/voyage-aventure.com\/blog\/auteur\/noname\/"}]}},"_links":{"self":[{"href":"https:\/\/voyage-aventure.com\/blog\/wp-json\/wp\/v2\/posts\/17200","targetHints":{"allow":["GET"]}}],"collection":[{"href":"https:\/\/voyage-aventure.com\/blog\/wp-json\/wp\/v2\/posts"}],"about":[{"href":"https:\/\/voyage-aventure.com\/blog\/wp-json\/wp\/v2\/types\/post"}],"author":[{"embeddable":true,"href":"https:\/\/voyage-aventure.com\/blog\/wp-json\/wp\/v2\/users\/34"}],"replies":[{"embeddable":true,"href":"https:\/\/voyage-aventure.com\/blog\/wp-json\/wp\/v2\/comments?post=17200"}],"version-history":[{"count":3,"href":"https:\/\/voyage-aventure.com\/blog\/wp-json\/wp\/v2\/posts\/17200\/revisions"}],"predecessor-version":[{"id":23028,"href":"https:\/\/voyage-aventure.com\/blog\/wp-json\/wp\/v2\/posts\/17200\/revisions\/23028"}],"wp:featuredmedia":[{"embeddable":true,"href":"https:\/\/voyage-aventure.com\/blog\/wp-json\/wp\/v2\/media\/17921"}],"wp:attachment":[{"href":"https:\/\/voyage-aventure.com\/blog\/wp-json\/wp\/v2\/media?parent=17200"}],"wp:term":[{"taxonomy":"category","embeddable":true,"href":"https:\/\/voyage-aventure.com\/blog\/wp-json\/wp\/v2\/categories?post=17200"},{"taxonomy":"post_tag","embeddable":true,"href":"https:\/\/voyage-aventure.com\/blog\/wp-json\/wp\/v2\/tags?post=17200"}],"curies":[{"name":"wp","href":"https:\/\/api.w.org\/{rel}","templated":true}]}}