{"id":17186,"date":"2026-06-16T17:50:11","date_gmt":"2026-06-16T15:50:11","guid":{"rendered":"https:\/\/voyage-aventure.com\/blog\/a-la-une\/decouvrez-minorque-pour-moins-de-200e-une-semaine-de-bonheur-sous-le-soleil\/"},"modified":"2026-06-16T17:50:11","modified_gmt":"2026-06-16T15:50:11","slug":"decouvrez-minorque-pour-moins-de-200e-une-semaine-de-bonheur-sous-le-soleil","status":"publish","type":"post","link":"https:\/\/voyage-aventure.com\/blog\/a-la-une\/decouvrez-minorque-pour-moins-de-200e-une-semaine-de-bonheur-sous-le-soleil\/","title":{"rendered":"D\u00e9couvrez Minorque pour moins de 200\u20ac : une semaine de bonheur sous le soleil"},"content":{"rendered":"<link rel=\"preconnect\" href=\"https:\/\/fonts.googleapis.com\"><link rel=\"preconnect\" href=\"https:\/\/fonts.gstatic.com\" crossorigin><link href=\"https:\/\/fonts.googleapis.com\/css2?family=Fraunces:opsz,wght@9..144,500;9..144,600;9..144,700;9..144,900&#038;family=Inter:wght@400;500;600;700&#038;family=JetBrains+Mono:wght@500&#038;display=swap\" rel=\"stylesheet\">\n<style>\n.va-minorca-wrap{--va-ink:#16202E;--va-accent:#2456B0;--va-accent-soft:#EAF0FA;--va-surface:#FFFFFF;--va-line:#E2E7EF;--va-mut:#5A6577;font-family:'Inter',system-ui,sans-serif;color:var(--va-ink);line-height:1.65;font-size:17px}\n.va-minorca-wrap h2{font-family:'Fraunces',Georgia,serif;font-weight:700;font-size:clamp(25px,3.4vw,35px);line-height:1.18;letter-spacing:-.01em;color:var(--va-ink);margin:52px 0 18px}\n.va-minorca-wrap h3{font-family:'Fraunces',Georgia,serif;font-weight:600;font-size:clamp(20px,2.4vw,24px);margin:30px 0 12px;color:var(--va-ink)}\n.va-minorca-kicker{font-family:'JetBrains Mono',monospace;font-size:12px;letter-spacing:.16em;text-transform:uppercase;color:var(--va-accent);font-weight:500;margin-bottom:8px}\n.va-minorca-lead{font-size:19px;line-height:1.6;color:var(--va-ink)}\n.va-minorca-answer{background:var(--va-accent-soft);border-left:5px solid var(--va-accent);border-radius:0 12px 12px 0;padding:22px 26px;margin:26px 0}\n.va-minorca-answer .va-minorca-atxt{font-size:17.5px;line-height:1.6}\n.va-minorca-carnet{display:grid;grid-template-columns:repeat(auto-fit,minmax(180px,1fr));gap:18px;margin:28px 0}\n.va-minorca-cell{background:var(--va-surface);border:1px solid var(--va-line);border-top:3px solid var(--va-accent);border-radius:10px;padding:20px 22px;transition:.25s ease;box-shadow:0 1px 2px rgba(16,24,40,.05)}\n.va-minorca-cell:hover{transform:translateY(-3px);box-shadow:0 14px 30px -18px rgba(36,86,176,.45)}\n.va-minorca-cell .va-minorca-lab{font-family:'JetBrains Mono',monospace;font-size:11px;letter-spacing:.1em;text-transform:uppercase;color:var(--va-accent);margin-bottom:8px}\n.va-minorca-cell .va-minorca-val{font-family:'Fraunces',Georgia,serif;font-size:18px;font-weight:600;line-height:1.35}\n.va-minorca-grid{display:grid;grid-template-columns:repeat(auto-fit,minmax(240px,1fr));gap:22px;margin:28px 0}\n.va-minorca-card{background:var(--va-surface);border:1px solid var(--va-line);border-radius:12px;padding:24px;transition:.25s ease;box-shadow:0 1px 2px rgba(16,24,40,.05)}\n.va-minorca-card:hover{transform:translateY(-3px);box-shadow:0 16px 34px -20px rgba(36,86,176,.5);border-color:#C7D4EA}\n.va-minorca-card .va-minorca-cn{font-family:'Fraunces',Georgia,serif;font-size:21px;font-weight:700;margin-bottom:10px;color:var(--va-ink)}\n.va-minorca-card .va-minorca-ct{color:var(--va-mut);font-size:15.5px;line-height:1.6}\n.va-minorca-card .va-minorca-tip{margin-top:14px;font-family:'JetBrains Mono',monospace;font-size:12.5px;color:var(--va-accent);border-top:1px dashed var(--va-line);padding-top:12px}\n.va-minorca-quote{font-family:'Fraunces',Georgia,serif;font-style:italic;font-weight:500;font-size:clamp(22px,3vw,28px);line-height:1.4;color:var(--va-ink);border-left:4px solid var(--va-accent);padding:6px 0 6px 26px;margin:34px 0}\n.va-minorca-quote .va-minorca-qa{display:block;font-family:'JetBrains Mono',monospace;font-style:normal;font-size:13px;color:var(--va-mut);margin-top:14px;letter-spacing:.04em}\n.va-minorca-tablewrap{border:1px solid var(--va-line);border-radius:12px;overflow:hidden;margin:26px 0}\n.va-minorca-table{width:100%;border-collapse:collapse;font-size:15.5px}\n.va-minorca-table th{background:var(--va-accent);color:#fff;text-align:left;padding:13px 16px;font-family:'JetBrains Mono',monospace;font-size:12px;letter-spacing:.06em;text-transform:uppercase;font-weight:500}\n.va-minorca-table td{padding:13px 16px;border-top:1px solid var(--va-line)}\n.va-minorca-table tr:nth-child(even) td{background:#F7F9FC}\n.va-minorca-checks{display:grid;grid-template-columns:1fr 1fr;gap:22px;margin:26px 0}\n.va-minorca-checkbox{background:var(--va-surface);border:1px solid var(--va-line);border-radius:12px;padding:22px;box-shadow:0 1px 2px rgba(16,24,40,.05)}\n.va-minorca-checkbox .va-minorca-ch{font-family:'Fraunces',Georgia,serif;font-size:18px;font-weight:600;margin-bottom:12px}\n.va-minorca-checkbox ul{margin:0;padding-left:0;list-style:none}\n.va-minorca-checkbox li{padding:6px 0 6px 26px;position:relative;font-size:15.5px;line-height:1.5;color:var(--va-mut)}\n.va-minorca-do li::before{content:\"\u2713\";position:absolute;left:0;color:var(--va-accent);font-weight:700}\n.va-minorca-dont li::before{content:\"\u2715\";position:absolute;left:0;color:#B0392E;font-weight:700}\n.va-minorca-retain{background:#0F1B2D;color:#EAF0FA;border-radius:14px;padding:26px 30px;margin:34px 0}\n.va-minorca-retain .va-minorca-rt{font-family:'JetBrains Mono',monospace;font-size:12px;letter-spacing:.16em;text-transform:uppercase;color:#7FA8E6;margin-bottom:14px}\n.va-minorca-retain ul{margin:0;padding-left:22px}\n.va-minorca-retain li{margin:8px 0;line-height:1.55}\n.va-minorca-faq{margin:26px 0}\n.va-minorca-faq details{border:1px solid var(--va-line);border-radius:10px;padding:0;margin-bottom:12px;background:var(--va-surface);transition:.25s ease}\n.va-minorca-faq details:hover{border-color:#C7D4EA}\n.va-minorca-faq summary{cursor:pointer;padding:16px 20px;font-family:'Fraunces',Georgia,serif;font-weight:600;font-size:17.5px;list-style:none;position:relative}\n.va-minorca-faq summary::after{content:\"+\";position:absolute;right:20px;color:var(--va-accent);font-weight:700;font-size:22px}\n.va-minorca-faq details[open] summary::after{content:\"\u2013\"}\n.va-minorca-faq .va-minorca-fa{padding:0 20px 18px;color:var(--va-mut);font-size:15.5px;line-height:1.65}\n.va-minorca-pills{display:flex;flex-wrap:wrap;gap:10px;margin:22px 0}\n.va-minorca-pill{font-family:'JetBrains Mono',monospace;font-size:12.5px;background:var(--va-accent-soft);color:var(--va-accent);border:1px solid #C7D4EA;border-radius:999px;padding:7px 14px}\n@media(max-width:640px){.va-minorca-checks{grid-template-columns:1fr}}\n\/*RENDERFIX2*\/.va-minorca-retain{color:#eef3f9!important}.va-minorca-retain p,.va-minorca-retain li,.va-minorca-retain strong,.va-minorca-retain em,.va-minorca-retain a,.va-minorca-retain span,.va-minorca-retain b,.va-minorca-retain td,.va-minorca-retain th,.va-minorca-retain h2,.va-minorca-retain h3,.va-minorca-retain h4{color:#eef3f9!important}.va-minorca-retain strong,.va-minorca-retain b{color:#ffffff!important}<\/style>\n<div class=\"va-minorca-wrap\">\n<div class=\"va-minorca-kicker\">Bal\u00e9ares \u00b7 Guide pratique<\/div>\n<div class=\"va-minorca-lead\">Une \u00eele des Bal\u00e9ares aux eaux cristallines, des criques de sable fin et un patrimoine pr\u00e9serv\u00e9 : Minorque coche toutes les cases du s\u00e9jour ensoleill\u00e9 sans se ruiner. Voici comment organiser une semaine compl\u00e8te, d\u00e8s <strong>200\u20ac<\/strong>, entre Ciutadella, plages secr\u00e8tes et gastronomie locale.<\/div>\n<div class=\"va-minorca-answer\">\n<div class=\"va-minorca-atxt\"><strong>En bref :<\/strong> Minorque permet une semaine de vacances \u00e0 partir de <strong>197\u20ac<\/strong> par personne, h\u00e9bergement compris (appartements Ses Anneres avec piscine et terrasse). Plus calme que Majorque et Ibiza, l&rsquo;\u00eele s\u00e9duit par ses criques sauvages, sa capitale historique Ciutadella et un excellent rapport qualit\u00e9-prix. Id\u00e9ale au printemps et en \u00e9t\u00e9, elle se savoure en couple, en famille ou entre amis.<\/div>\n<\/div>\n<div class=\"va-minorca-kicker\">Carnet pratique<\/div>\n<div class=\"va-minorca-carnet\">\n<div class=\"va-minorca-cell\">\n<div class=\"va-minorca-lab\">Quand partir<\/div>\n<div class=\"va-minorca-val\">Id\u00e9al au soleil, du printemps \u00e0 l&rsquo;\u00e9t\u00e9<\/div>\n<\/div>\n<div class=\"va-minorca-cell\">\n<div class=\"va-minorca-lab\">Dur\u00e9e id\u00e9ale<\/div>\n<div class=\"va-minorca-val\">Une semaine pour en faire le tour<\/div>\n<\/div>\n<div class=\"va-minorca-cell\">\n<div class=\"va-minorca-lab\">Budget s\u00e9jour<\/div>\n<div class=\"va-minorca-val\">\u00c0 partir de 197\u20ac par personne<\/div>\n<\/div>\n<div class=\"va-minorca-cell\">\n<div class=\"va-minorca-lab\">\u00c0 ne pas manquer<\/div>\n<div class=\"va-minorca-val\">Ciutadella \u00b7 Cala Mitjana \u00b7 Cala Macarella<\/div>\n<\/div>\n<div class=\"va-minorca-cell\">\n<div class=\"va-minorca-lab\">Ambiance<\/div>\n<div class=\"va-minorca-val\">Authentique, tranquille, peu fr\u00e9quent\u00e9e<\/div>\n<\/div>\n<\/div>\n<div class=\"va-minorca-pills\">\n<span class=\"va-minorca-pill\">criques de sable fin<\/span><br \/>\n<span class=\"va-minorca-pill\">eaux cristallines<\/span><br \/>\n<span class=\"va-minorca-pill\">randonn\u00e9e<\/span><br \/>\n<span class=\"va-minorca-pill\">fromage Mah\u00f3n<\/span><br \/>\n<span class=\"va-minorca-pill\">cal\u00e7ots<\/span>\n<\/div>\n<h2>Un s\u00e9jour idyllique \u00e0 moindre co\u00fbt<\/h2>\n<p>Les vacances peuvent parfois sembler inaccessibles, mais Minorque prouve le contraire. \u00c0 partir de <strong>197\u20ac<\/strong> par personne, vous profitez d&rsquo;une semaine de r\u00eave sur cette \u00eele des Bal\u00e9ares, connue pour ses plages de sable fin et ses eaux cristallines. S\u00e9journez dans des appartements tout confort, \u00e0 quelques pas de la plage, tout en b\u00e9n\u00e9ficiant d&rsquo;un excellent rapport qualit\u00e9-prix.<\/p>\n<p>Les appartements Ses Anneres offrent un cadre agr\u00e9able pour se d\u00e9tendre apr\u00e8s une journ\u00e9e d&rsquo;exploration. Avec une piscine ext\u00e9rieure et une terrasse priv\u00e9e, cet \u00e9tablissement est id\u00e9al pour passer des moments conviviaux en couple ou entre amis. Minorque devient ainsi une destination de choix pour ceux qui souhaitent s&rsquo;\u00e9vader sans se ruiner.<\/p>\n<div class=\"va-minorca-quote\">\u00ab La beaut\u00e9 de Minorque r\u00e9side dans sa simplicit\u00e9 et son authenticit\u00e9. \u00bb<span class=\"va-minorca-qa\">\u2014 un voyageur passionn\u00e9<\/span><\/div>\n<h3>Ce que comprend le s\u00e9jour<\/h3>\n<div class=\"va-minorca-grid\">\n<div class=\"va-minorca-card\">\n<div class=\"va-minorca-cn\">Appartements tout confort<\/div>\n<div class=\"va-minorca-ct\">Un logement spacieux et bien \u00e9quip\u00e9, \u00e0 quelques pas de la plage, pour poser ses valises sans contrainte.<\/div>\n<\/div>\n<div class=\"va-minorca-card\">\n<div class=\"va-minorca-cn\">Piscine &#038; terrasse<\/div>\n<div class=\"va-minorca-ct\">Une piscine ext\u00e9rieure et une terrasse priv\u00e9e pour les moments de d\u00e9tente entre deux explorations.<\/div>\n<\/div>\n<div class=\"va-minorca-card\">\n<div class=\"va-minorca-cn\">Bar convivial<\/div>\n<div class=\"va-minorca-ct\">Un bar sur place pour partager un verre en fin de journ\u00e9e, en couple ou entre amis.<\/div>\n<\/div>\n<div class=\"va-minorca-card\">\n<div class=\"va-minorca-cn\">Rapport qualit\u00e9-prix<\/div>\n<div class=\"va-minorca-ct\">Un excellent compromis confort et budget, qui rend l&rsquo;\u00e9vasion accessible d\u00e8s 197\u20ac.<\/div>\n<\/div>\n<\/div>\n<h2>Les tr\u00e9sors de Minorque \u00e0 d\u00e9couvrir<\/h2>\n<p>Minorque est une \u00eele qui regorge de paysages \u00e0 couper le souffle et de lieux historiques fascinants. Des criques sauvages aux villages pittoresques, chaque recoin de l&rsquo;\u00eele m\u00e9rite d&rsquo;\u00eatre explor\u00e9. Ne manquez pas de visiter Ciutadella, ancienne capitale de l&rsquo;\u00eele, qui offre un riche patrimoine architectural.<\/p>\n<p>Les amateurs de nature appr\u00e9cieront les sentiers de randonn\u00e9e qui serpentent \u00e0 travers des paysages pr\u00e9serv\u00e9s. Les plages comme Cala Mitjana et Cala Macarella sont id\u00e9ales pour se baigner et profiter du soleil. Minorque est \u00e9galement c\u00e9l\u00e8bre pour sa gastronomie, avec des sp\u00e9cialit\u00e9s comme le fromage Mah\u00f3n et les fameux \u00ab cal\u00e7ots \u00bb.<\/p>\n<div class=\"va-minorca-kicker\">Les incontournables<\/div>\n<div class=\"va-minorca-grid\">\n<div class=\"va-minorca-card\">\n<div class=\"va-minorca-cn\">Ciutadella<\/div>\n<div class=\"va-minorca-ct\">L&rsquo;ancienne capitale de l&rsquo;\u00eele, au riche patrimoine architectural. Ruelles, places et fa\u00e7ades historiques en font une \u00e9tape culturelle majeure.<\/div>\n<div class=\"va-minorca-tip\">Tip \u00b7 fl\u00e2ner dans la vieille ville<\/div>\n<\/div>\n<div class=\"va-minorca-card\">\n<div class=\"va-minorca-cn\">Cala Mitjana<\/div>\n<div class=\"va-minorca-ct\">Une crique de sable fin aux eaux cristallines, parfaite pour la baignade et la d\u00e9tente au soleil.<\/div>\n<div class=\"va-minorca-tip\">Tip \u00b7 id\u00e9ale pour profiter du soleil<\/div>\n<\/div>\n<div class=\"va-minorca-card\">\n<div class=\"va-minorca-cn\">Cala Macarella<\/div>\n<div class=\"va-minorca-ct\">L&rsquo;une des plages embl\u00e9matiques de l&rsquo;\u00eele, pris\u00e9e pour ses eaux turquoise et son cadre naturel pr\u00e9serv\u00e9.<\/div>\n<div class=\"va-minorca-tip\">Tip \u00b7 baignade &#038; farniente<\/div>\n<\/div>\n<div class=\"va-minorca-card\">\n<div class=\"va-minorca-cn\">Les sentiers de randonn\u00e9e<\/div>\n<div class=\"va-minorca-ct\">Des chemins qui serpentent \u00e0 travers des paysages pr\u00e9serv\u00e9s, pour les amateurs de nature et de marche.<\/div>\n<div class=\"va-minorca-tip\">Tip \u00b7 explorer \u00e0 pied<\/div>\n<\/div>\n<div class=\"va-minorca-card\">\n<div class=\"va-minorca-cn\">La table minorquine<\/div>\n<div class=\"va-minorca-ct\">Une gastronomie r\u00e9put\u00e9e, du fromage Mah\u00f3n aux fameux cal\u00e7ots : l&rsquo;occasion de go\u00fbter l&rsquo;\u00e2me de l&rsquo;\u00eele.<\/div>\n<div class=\"va-minorca-tip\">Tip \u00b7 sp\u00e9cialit\u00e9s locales<\/div>\n<\/div>\n<div class=\"va-minorca-card\">\n<div class=\"va-minorca-cn\">Les villages pittoresques<\/div>\n<div class=\"va-minorca-ct\">Entre criques sauvages et bourgs au charme authentique, chaque recoin de l&rsquo;\u00eele m\u00e9rite un d\u00e9tour.<\/div>\n<div class=\"va-minorca-tip\">Tip \u00b7 sortir des sentiers battus<\/div>\n<\/div>\n<\/div>\n<h3>Quand partir \u00e0 Minorque<\/h3>\n<div class=\"va-minorca-tablewrap\">\n<table class=\"va-minorca-table\">\n<thead>\n<tr>\n<th>Saison<\/th>\n<th>Ambiance<\/th>\n<th>Id\u00e9al pour<\/th>\n<\/tr>\n<\/thead>\n<tbody>\n<tr>\n<td>Printemps<\/td>\n<td>Doux et fleuri, \u00eele encore calme<\/td>\n<td>Randonn\u00e9e, d\u00e9couverte tranquille<\/td>\n<\/tr>\n<tr>\n<td>\u00c9t\u00e9<\/td>\n<td>Ensoleill\u00e9, plages anim\u00e9es<\/td>\n<td>Baignade, criques, soleil<\/td>\n<\/tr>\n<tr>\n<td>Arri\u00e8re-saison<\/td>\n<td>Lumi\u00e8re chaude, fr\u00e9quentation en baisse<\/td>\n<td>Authenticit\u00e9, s\u00e9r\u00e9nit\u00e9<\/td>\n<\/tr>\n<\/tbody>\n<\/table>\n<\/div>\n<h2>Pourquoi choisir cette destination ?<\/h2>\n<p>Opter pour Minorque, c&rsquo;est faire le choix d&rsquo;une destination authentique et moins fr\u00e9quent\u00e9e que ses voisines Majorque et Ibiza. Vous pourrez savourer la tranquillit\u00e9 de l&rsquo;\u00eele tout en profitant de ses nombreux atouts. Le rapport qualit\u00e9-prix est ind\u00e9niable, surtout avec des s\u00e9jours \u00e0 partir de <strong>197\u20ac<\/strong>.<\/p>\n<p>De plus, les infrastructures touristiques sont bien d\u00e9velopp\u00e9es, rendant votre s\u00e9jour agr\u00e9able et sans souci. Que vous voyagiez en couple, en famille ou entre amis, chacun trouvera son bonheur \u00e0 Minorque.<\/p>\n<div class=\"va-minorca-checks\">\n<div class=\"va-minorca-checkbox va-minorca-do\">\n<div class=\"va-minorca-ch\">\u00c0 faire<\/div>\n<ul>\n<li>R\u00e9server un appartement proche de la plage<\/li>\n<li>Pr\u00e9voir une journ\u00e9e pour Ciutadella<\/li>\n<li>Go\u00fbter le fromage Mah\u00f3n et les cal\u00e7ots<\/li>\n<li>Explorer plusieurs criques \u00e0 pied<\/li>\n<\/ul>\n<\/div>\n<div class=\"va-minorca-checkbox va-minorca-dont\">\n<div class=\"va-minorca-ch\">\u00c0 \u00e9viter<\/div>\n<ul>\n<li>Vouloir tout voir en une seule journ\u00e9e<\/li>\n<li>N\u00e9gliger les sentiers de randonn\u00e9e<\/li>\n<li>Rester cantonn\u00e9 \u00e0 une seule plage<\/li>\n<li>Comparer Minorque au rythme d&rsquo;Ibiza<\/li>\n<\/ul>\n<\/div>\n<\/div>\n<div class=\"va-minorca-retain\">\n<div class=\"va-minorca-rt\">\u00c0 retenir<\/div>\n<ul>\n<li>Une semaine \u00e0 Minorque d\u00e8s <strong>200\u20ac<\/strong>, h\u00e9bergement en appartement compris.<\/li>\n<li>Ciutadella, Cala Mitjana et Cala Macarella : le trio incontournable.<\/li>\n<li>Plus tranquille que Majorque et Ibiza, id\u00e9ale pour un s\u00e9jour authentique.<\/li>\n<li>Gastronomie locale : fromage Mah\u00f3n et cal\u00e7ots \u00e0 ne pas manquer.<\/li>\n<\/ul>\n<\/div>\n<h2>Questions fr\u00e9quentes sur Minorque<\/h2>\n<div class=\"va-minorca-faq\">\n<details>\n<summary>Que faire \u00e0 Minorque en une semaine ?<\/summary>\n<div class=\"va-minorca-fa\">Une semaine suffit pour combiner l&rsquo;essentiel : une journ\u00e9e \u00e0 Ciutadella pour son patrimoine architectural, plusieurs criques comme Cala Mitjana et Cala Macarella pour la baignade, des sentiers de randonn\u00e9e \u00e0 travers des paysages pr\u00e9serv\u00e9s, et des pauses gourmandes autour du fromage Mah\u00f3n et des cal\u00e7ots.<\/div>\n<\/details>\n<details>\n<summary>Quel est le plus bel endroit de Minorque ?<\/summary>\n<div class=\"va-minorca-fa\">Les avis divergent selon les go\u00fbts. Les amateurs de plages citent souvent Cala Mitjana et Cala Macarella pour leurs eaux cristallines, tandis que Ciutadella, l&rsquo;ancienne capitale, s\u00e9duit par son riche patrimoine architectural. L&rsquo;\u00eele tient sa beaut\u00e9 de sa simplicit\u00e9 et de son authenticit\u00e9.<\/div>\n<\/details>\n<details>\n<summary>O\u00f9 se loger \u00e0 Minorque ?<\/summary>\n<div class=\"va-minorca-fa\">Pour un s\u00e9jour \u00e0 petit prix, les appartements tout confort proches de la plage offrent un excellent rapport qualit\u00e9-prix. Les appartements Ses Anneres, avec piscine ext\u00e9rieure et terrasse priv\u00e9e, illustrent cette formule conviviale, accessible d\u00e8s 197\u20ac pour une semaine.<\/div>\n<\/details>\n<details>\n<summary>Comment se d\u00e9placer \u00e0 Minorque ?<\/summary>\n<div class=\"va-minorca-fa\">L&rsquo;\u00eele dispose d&rsquo;infrastructures touristiques bien d\u00e9velopp\u00e9es qui rendent le s\u00e9jour agr\u00e9able et sans souci. Beaucoup de criques et de villages se rejoignent par les sentiers de randonn\u00e9e, ce qui invite aussi \u00e0 explorer Minorque \u00e0 pied pour profiter pleinement des paysages pr\u00e9serv\u00e9s.<\/div>\n<\/details>\n<\/div>\n<p>En choisissant Minorque pour vos vacances, vous optez pour une exp\u00e9rience m\u00e9morable \u00e0 un prix abordable. Que vous soyez en qu\u00eate de d\u00e9tente sur la plage ou d&rsquo;aventures autour de l&rsquo;\u00eele, vous repartirez avec des souvenirs inoubliables.<\/p>\n<p>Les vacances id\u00e9ales vous attendent, alors n&rsquo;h\u00e9sitez plus et r\u00e9servez d\u00e8s maintenant pour profiter de cette destination de r\u00eave. Minorque est pr\u00eate \u00e0 vous accueillir pour un s\u00e9jour enchanteur.<\/p>\n<\/div>\n","protected":false},"excerpt":{"rendered":"","protected":false},"author":34,"featured_media":20126,"comment_status":"open","ping_status":"open","sticky":false,"template":"","format":"standard","meta":{"_acf_changed":false,"manual_indexmenow":false,"indexmenow_id_project":0,"footnotes":""},"categories":[1],"tags":[4639,4527,4530,4535,4528],"class_list":["post-17186","post","type-post","status-publish","format-standard","has-post-thumbnail","hentry","category-a-la-une","tag-aventure","tag-decouverte-culturelle","tag-escapade-en-europe","tag-gastronomie-locale","tag-hebergement-abordable","generate-columns","tablet-grid-50","mobile-grid-100","grid-parent","grid-25"],"acf":[],"yoast_head":"<!-- This site is optimized with the Yoast SEO Premium plugin v21.3 (Yoast SEO v25.1) - https:\/\/yoast.com\/wordpress\/plugins\/seo\/ -->\n<title>D\u00e9couvrez Minorque pour moins de 200\u20ac : une semaine de<\/title>\n<meta name=\"description\" content=\"Une \u00eele des Bal\u00e9ares aux eaux cristallines, des criques de sable fin et un patrimoine pr\u00e9serv\u00e9 : Minorque coche toutes les cases du s\u00e9jour ensoleill\u00e9 sans\" \/>\n<meta name=\"robots\" content=\"index, follow, max-snippet:-1, max-image-preview:large, max-video-preview:-1\" \/>\n<link rel=\"canonical\" href=\"https:\/\/voyage-aventure.com\/blog\/a-la-une\/decouvrez-minorque-pour-moins-de-200e-une-semaine-de-bonheur-sous-le-soleil\/\" \/>\n<meta property=\"og:locale\" content=\"fr_FR\" \/>\n<meta property=\"og:type\" content=\"article\" \/>\n<meta property=\"og:title\" content=\"D\u00e9couvrez Minorque pour moins de 200\u20ac : une semaine de\" \/>\n<meta property=\"og:description\" content=\"Une \u00eele des Bal\u00e9ares aux eaux cristallines, des criques de sable fin et un patrimoine pr\u00e9serv\u00e9 : Minorque coche toutes les cases du s\u00e9jour ensoleill\u00e9 sans\" \/>\n<meta property=\"og:url\" content=\"https:\/\/voyage-aventure.com\/blog\/a-la-une\/decouvrez-minorque-pour-moins-de-200e-une-semaine-de-bonheur-sous-le-soleil\/\" \/>\n<meta property=\"og:site_name\" content=\"voyage-aventure\" \/>\n<meta property=\"og:image\" content=\"https:\/\/voyage-aventure.com\/blog\/wp-content\/uploads\/2025\/05\/sdxl-7620523375c760994b58dc690fbf906d-scaled.png\" \/>\n\t<meta property=\"og:image:width\" content=\"1200\" \/>\n\t<meta property=\"og:image:height\" content=\"500\" \/>\n\t<meta property=\"og:image:type\" content=\"image\/png\" \/>\n<meta name=\"author\" content=\"Camille Rouvray\" \/>\n<meta name=\"twitter:card\" content=\"summary_large_image\" \/>\n<script type=\"application\/ld+json\" class=\"yoast-schema-graph\">{\"@context\":\"https:\/\/schema.org\",\"@graph\":[{\"@type\":\"NewsArticle\",\"@id\":\"https:\/\/voyage-aventure.com\/blog\/a-la-une\/decouvrez-minorque-pour-moins-de-200e-une-semaine-de-bonheur-sous-le-soleil\/#article\",\"isPartOf\":{\"@id\":\"https:\/\/voyage-aventure.com\/blog\/a-la-une\/decouvrez-minorque-pour-moins-de-200e-une-semaine-de-bonheur-sous-le-soleil\/\"},\"author\":{\"name\":\"Camille Rouvray\",\"@id\":\"https:\/\/voyage-aventure.com\/blog\/#\/schema\/person\/3c864cdc320801e3db34b663e7e3f816\"},\"headline\":\"D\u00e9couvrez Minorque pour moins de 200\u20ac : une semaine de bonheur sous le soleil\",\"datePublished\":\"2026-06-16T15:50:11+00:00\",\"mainEntityOfPage\":{\"@id\":\"https:\/\/voyage-aventure.com\/blog\/a-la-une\/decouvrez-minorque-pour-moins-de-200e-une-semaine-de-bonheur-sous-le-soleil\/\"},\"wordCount\":1224,\"commentCount\":23,\"publisher\":{\"@id\":\"https:\/\/voyage-aventure.com\/blog\/#organization\"},\"image\":{\"@id\":\"https:\/\/voyage-aventure.com\/blog\/a-la-une\/decouvrez-minorque-pour-moins-de-200e-une-semaine-de-bonheur-sous-le-soleil\/#primaryimage\"},\"thumbnailUrl\":\"https:\/\/voyage-aventure.com\/blog\/wp-content\/uploads\/2025\/05\/sdxl-7620523375c760994b58dc690fbf906d-scaled.png\",\"keywords\":[\"Aventure\",\"D\u00e9couverte Culturelle\",\"Escapade en Europe\",\"Gastronomie Locale\",\"H\u00e9bergement Abordable\"],\"articleSection\":[\"\u00c0 la une\"],\"inLanguage\":\"fr-FR\",\"potentialAction\":[{\"@type\":\"CommentAction\",\"name\":\"Comment\",\"target\":[\"https:\/\/voyage-aventure.com\/blog\/a-la-une\/decouvrez-minorque-pour-moins-de-200e-une-semaine-de-bonheur-sous-le-soleil\/#respond\"]}]},{\"@type\":\"WebPage\",\"@id\":\"https:\/\/voyage-aventure.com\/blog\/a-la-une\/decouvrez-minorque-pour-moins-de-200e-une-semaine-de-bonheur-sous-le-soleil\/\",\"url\":\"https:\/\/voyage-aventure.com\/blog\/a-la-une\/decouvrez-minorque-pour-moins-de-200e-une-semaine-de-bonheur-sous-le-soleil\/\",\"name\":\"D\u00e9couvrez Minorque pour moins de 200\u20ac : une semaine de\",\"isPartOf\":{\"@id\":\"https:\/\/voyage-aventure.com\/blog\/#website\"},\"primaryImageOfPage\":{\"@id\":\"https:\/\/voyage-aventure.com\/blog\/a-la-une\/decouvrez-minorque-pour-moins-de-200e-une-semaine-de-bonheur-sous-le-soleil\/#primaryimage\"},\"image\":{\"@id\":\"https:\/\/voyage-aventure.com\/blog\/a-la-une\/decouvrez-minorque-pour-moins-de-200e-une-semaine-de-bonheur-sous-le-soleil\/#primaryimage\"},\"thumbnailUrl\":\"https:\/\/voyage-aventure.com\/blog\/wp-content\/uploads\/2025\/05\/sdxl-7620523375c760994b58dc690fbf906d-scaled.png\",\"datePublished\":\"2026-06-16T15:50:11+00:00\",\"description\":\"Une \u00eele des Bal\u00e9ares aux eaux cristallines, des criques de sable fin et un patrimoine pr\u00e9serv\u00e9 : Minorque coche toutes les cases du s\u00e9jour ensoleill\u00e9 sans\",\"inLanguage\":\"fr-FR\",\"potentialAction\":[{\"@type\":\"ReadAction\",\"target\":[\"https:\/\/voyage-aventure.com\/blog\/a-la-une\/decouvrez-minorque-pour-moins-de-200e-une-semaine-de-bonheur-sous-le-soleil\/\"]}]},{\"@type\":\"ImageObject\",\"inLanguage\":\"fr-FR\",\"@id\":\"https:\/\/voyage-aventure.com\/blog\/a-la-une\/decouvrez-minorque-pour-moins-de-200e-une-semaine-de-bonheur-sous-le-soleil\/#primaryimage\",\"url\":\"https:\/\/voyage-aventure.com\/blog\/wp-content\/uploads\/2025\/05\/sdxl-7620523375c760994b58dc690fbf906d-scaled.png\",\"contentUrl\":\"https:\/\/voyage-aventure.com\/blog\/wp-content\/uploads\/2025\/05\/sdxl-7620523375c760994b58dc690fbf906d-scaled.png\",\"width\":1200,\"height\":500},{\"@type\":\"WebSite\",\"@id\":\"https:\/\/voyage-aventure.com\/blog\/#website\",\"url\":\"https:\/\/voyage-aventure.com\/blog\/\",\"name\":\"voyage-aventure.com\",\"description\":\"Votre passeport pour l\u2019inattendu.\",\"publisher\":{\"@id\":\"https:\/\/voyage-aventure.com\/blog\/#organization\"},\"alternateName\":\"Votre passeport pour l\u2019inattendu.\",\"potentialAction\":[{\"@type\":\"SearchAction\",\"target\":{\"@type\":\"EntryPoint\",\"urlTemplate\":\"https:\/\/voyage-aventure.com\/blog\/?s={search_term_string}\"},\"query-input\":{\"@type\":\"PropertyValueSpecification\",\"valueRequired\":true,\"valueName\":\"search_term_string\"}}],\"inLanguage\":\"fr-FR\"},{\"@type\":\"Organization\",\"@id\":\"https:\/\/voyage-aventure.com\/blog\/#organization\",\"name\":\"Foretsensations.fr\",\"url\":\"https:\/\/voyage-aventure.com\/blog\/\",\"logo\":{\"@type\":\"ImageObject\",\"inLanguage\":\"fr-FR\",\"@id\":\"https:\/\/voyage-aventure.com\/blog\/#\/schema\/logo\/image\/\",\"url\":\"https:\/\/voyage-aventure.com\/blog\/wp-content\/uploads\/2024\/12\/19.png\",\"contentUrl\":\"https:\/\/voyage-aventure.com\/blog\/wp-content\/uploads\/2024\/12\/19.png\",\"width\":512,\"height\":512,\"caption\":\"Foretsensations.fr\"},\"image\":{\"@id\":\"https:\/\/voyage-aventure.com\/blog\/#\/schema\/logo\/image\/\"}},{\"@type\":\"Person\",\"@id\":\"https:\/\/voyage-aventure.com\/blog\/#\/schema\/person\/3c864cdc320801e3db34b663e7e3f816\",\"name\":\"Camille Rouvray\",\"image\":{\"@type\":\"ImageObject\",\"inLanguage\":\"fr-FR\",\"@id\":\"https:\/\/voyage-aventure.com\/blog\/#\/schema\/person\/image\/\",\"url\":\"https:\/\/voyage-aventure.com\/blog\/wp-content\/uploads\/2026\/06\/persona_camille-r-96x96.jpg\",\"contentUrl\":\"https:\/\/voyage-aventure.com\/blog\/wp-content\/uploads\/2026\/06\/persona_camille-r-96x96.jpg\",\"caption\":\"Camille Rouvray\"},\"description\":\"Je voyage et j'\u00e9cris sur le voyage depuis une douzaine d'ann\u00e9es, d'abord en tant que routarde au long cours, puis comme r\u00e9dactrice sp\u00e9cialis\u00e9e. Mon terrain de pr\u00e9dilection, ce sont les circuits organis\u00e9s et l'art de bien pr\u00e9parer un itin\u00e9raire : choix de la saison, dur\u00e9e r\u00e9aliste des \u00e9tapes, budget jour par jour, logement et transport sur place. J'aime aussi raconter les p\u00e9pites urbaines, ces adresses qu'on ne trouve pas dans les guides classiques. Avant de publier un dossier destination, je croise toujours plusieurs sources, je v\u00e9rifie les tarifs et les formalit\u00e9s d'entr\u00e9e \u00e0 jour, et je teste moi-m\u00eame quand je le peux. Mon angle reste pratique avant tout : aider le lecteur \u00e0 partir l'esprit tranquille, sans mauvaise surprise une fois sur place. Je m'attache \u00e0 distinguer le coup de c\u0153ur sinc\u00e8re du simple argument marketing.\",\"sameAs\":[\"https:\/\/camillerouvray.fr\/\"],\"url\":\"https:\/\/voyage-aventure.com\/blog\/auteur\/noname\/\"}]}<\/script>\n<!-- \/ Yoast SEO Premium plugin. -->","yoast_head_json":{"title":"D\u00e9couvrez Minorque pour moins de 200\u20ac : une semaine de","description":"Une \u00eele des Bal\u00e9ares aux eaux cristallines, des criques de sable fin et un patrimoine pr\u00e9serv\u00e9 : Minorque coche toutes les cases du s\u00e9jour ensoleill\u00e9 sans","robots":{"index":"index","follow":"follow","max-snippet":"max-snippet:-1","max-image-preview":"max-image-preview:large","max-video-preview":"max-video-preview:-1"},"canonical":"https:\/\/voyage-aventure.com\/blog\/a-la-une\/decouvrez-minorque-pour-moins-de-200e-une-semaine-de-bonheur-sous-le-soleil\/","og_locale":"fr_FR","og_type":"article","og_title":"D\u00e9couvrez Minorque pour moins de 200\u20ac : une semaine de","og_description":"Une \u00eele des Bal\u00e9ares aux eaux cristallines, des criques de sable fin et un patrimoine pr\u00e9serv\u00e9 : Minorque coche toutes les cases du s\u00e9jour ensoleill\u00e9 sans","og_url":"https:\/\/voyage-aventure.com\/blog\/a-la-une\/decouvrez-minorque-pour-moins-de-200e-une-semaine-de-bonheur-sous-le-soleil\/","og_site_name":"voyage-aventure","og_image":[{"width":1200,"height":500,"url":"https:\/\/voyage-aventure.com\/blog\/wp-content\/uploads\/2025\/05\/sdxl-7620523375c760994b58dc690fbf906d-scaled.png","type":"image\/png"}],"author":"Camille Rouvray","twitter_card":"summary_large_image","schema":{"@context":"https:\/\/schema.org","@graph":[{"@type":"NewsArticle","@id":"https:\/\/voyage-aventure.com\/blog\/a-la-une\/decouvrez-minorque-pour-moins-de-200e-une-semaine-de-bonheur-sous-le-soleil\/#article","isPartOf":{"@id":"https:\/\/voyage-aventure.com\/blog\/a-la-une\/decouvrez-minorque-pour-moins-de-200e-une-semaine-de-bonheur-sous-le-soleil\/"},"author":{"name":"Camille Rouvray","@id":"https:\/\/voyage-aventure.com\/blog\/#\/schema\/person\/3c864cdc320801e3db34b663e7e3f816"},"headline":"D\u00e9couvrez Minorque pour moins de 200\u20ac : une semaine de bonheur sous le soleil","datePublished":"2026-06-16T15:50:11+00:00","mainEntityOfPage":{"@id":"https:\/\/voyage-aventure.com\/blog\/a-la-une\/decouvrez-minorque-pour-moins-de-200e-une-semaine-de-bonheur-sous-le-soleil\/"},"wordCount":1224,"commentCount":23,"publisher":{"@id":"https:\/\/voyage-aventure.com\/blog\/#organization"},"image":{"@id":"https:\/\/voyage-aventure.com\/blog\/a-la-une\/decouvrez-minorque-pour-moins-de-200e-une-semaine-de-bonheur-sous-le-soleil\/#primaryimage"},"thumbnailUrl":"https:\/\/voyage-aventure.com\/blog\/wp-content\/uploads\/2025\/05\/sdxl-7620523375c760994b58dc690fbf906d-scaled.png","keywords":["Aventure","D\u00e9couverte Culturelle","Escapade en Europe","Gastronomie Locale","H\u00e9bergement Abordable"],"articleSection":["\u00c0 la une"],"inLanguage":"fr-FR","potentialAction":[{"@type":"CommentAction","name":"Comment","target":["https:\/\/voyage-aventure.com\/blog\/a-la-une\/decouvrez-minorque-pour-moins-de-200e-une-semaine-de-bonheur-sous-le-soleil\/#respond"]}]},{"@type":"WebPage","@id":"https:\/\/voyage-aventure.com\/blog\/a-la-une\/decouvrez-minorque-pour-moins-de-200e-une-semaine-de-bonheur-sous-le-soleil\/","url":"https:\/\/voyage-aventure.com\/blog\/a-la-une\/decouvrez-minorque-pour-moins-de-200e-une-semaine-de-bonheur-sous-le-soleil\/","name":"D\u00e9couvrez Minorque pour moins de 200\u20ac : une semaine de","isPartOf":{"@id":"https:\/\/voyage-aventure.com\/blog\/#website"},"primaryImageOfPage":{"@id":"https:\/\/voyage-aventure.com\/blog\/a-la-une\/decouvrez-minorque-pour-moins-de-200e-une-semaine-de-bonheur-sous-le-soleil\/#primaryimage"},"image":{"@id":"https:\/\/voyage-aventure.com\/blog\/a-la-une\/decouvrez-minorque-pour-moins-de-200e-une-semaine-de-bonheur-sous-le-soleil\/#primaryimage"},"thumbnailUrl":"https:\/\/voyage-aventure.com\/blog\/wp-content\/uploads\/2025\/05\/sdxl-7620523375c760994b58dc690fbf906d-scaled.png","datePublished":"2026-06-16T15:50:11+00:00","description":"Une \u00eele des Bal\u00e9ares aux eaux cristallines, des criques de sable fin et un patrimoine pr\u00e9serv\u00e9 : Minorque coche toutes les cases du s\u00e9jour ensoleill\u00e9 sans","inLanguage":"fr-FR","potentialAction":[{"@type":"ReadAction","target":["https:\/\/voyage-aventure.com\/blog\/a-la-une\/decouvrez-minorque-pour-moins-de-200e-une-semaine-de-bonheur-sous-le-soleil\/"]}]},{"@type":"ImageObject","inLanguage":"fr-FR","@id":"https:\/\/voyage-aventure.com\/blog\/a-la-une\/decouvrez-minorque-pour-moins-de-200e-une-semaine-de-bonheur-sous-le-soleil\/#primaryimage","url":"https:\/\/voyage-aventure.com\/blog\/wp-content\/uploads\/2025\/05\/sdxl-7620523375c760994b58dc690fbf906d-scaled.png","contentUrl":"https:\/\/voyage-aventure.com\/blog\/wp-content\/uploads\/2025\/05\/sdxl-7620523375c760994b58dc690fbf906d-scaled.png","width":1200,"height":500},{"@type":"WebSite","@id":"https:\/\/voyage-aventure.com\/blog\/#website","url":"https:\/\/voyage-aventure.com\/blog\/","name":"voyage-aventure.com","description":"Votre passeport pour l\u2019inattendu.","publisher":{"@id":"https:\/\/voyage-aventure.com\/blog\/#organization"},"alternateName":"Votre passeport pour l\u2019inattendu.","potentialAction":[{"@type":"SearchAction","target":{"@type":"EntryPoint","urlTemplate":"https:\/\/voyage-aventure.com\/blog\/?s={search_term_string}"},"query-input":{"@type":"PropertyValueSpecification","valueRequired":true,"valueName":"search_term_string"}}],"inLanguage":"fr-FR"},{"@type":"Organization","@id":"https:\/\/voyage-aventure.com\/blog\/#organization","name":"Foretsensations.fr","url":"https:\/\/voyage-aventure.com\/blog\/","logo":{"@type":"ImageObject","inLanguage":"fr-FR","@id":"https:\/\/voyage-aventure.com\/blog\/#\/schema\/logo\/image\/","url":"https:\/\/voyage-aventure.com\/blog\/wp-content\/uploads\/2024\/12\/19.png","contentUrl":"https:\/\/voyage-aventure.com\/blog\/wp-content\/uploads\/2024\/12\/19.png","width":512,"height":512,"caption":"Foretsensations.fr"},"image":{"@id":"https:\/\/voyage-aventure.com\/blog\/#\/schema\/logo\/image\/"}},{"@type":"Person","@id":"https:\/\/voyage-aventure.com\/blog\/#\/schema\/person\/3c864cdc320801e3db34b663e7e3f816","name":"Camille Rouvray","image":{"@type":"ImageObject","inLanguage":"fr-FR","@id":"https:\/\/voyage-aventure.com\/blog\/#\/schema\/person\/image\/","url":"https:\/\/voyage-aventure.com\/blog\/wp-content\/uploads\/2026\/06\/persona_camille-r-96x96.jpg","contentUrl":"https:\/\/voyage-aventure.com\/blog\/wp-content\/uploads\/2026\/06\/persona_camille-r-96x96.jpg","caption":"Camille Rouvray"},"description":"Je voyage et j'\u00e9cris sur le voyage depuis une douzaine d'ann\u00e9es, d'abord en tant que routarde au long cours, puis comme r\u00e9dactrice sp\u00e9cialis\u00e9e. Mon terrain de pr\u00e9dilection, ce sont les circuits organis\u00e9s et l'art de bien pr\u00e9parer un itin\u00e9raire : choix de la saison, dur\u00e9e r\u00e9aliste des \u00e9tapes, budget jour par jour, logement et transport sur place. J'aime aussi raconter les p\u00e9pites urbaines, ces adresses qu'on ne trouve pas dans les guides classiques. Avant de publier un dossier destination, je croise toujours plusieurs sources, je v\u00e9rifie les tarifs et les formalit\u00e9s d'entr\u00e9e \u00e0 jour, et je teste moi-m\u00eame quand je le peux. Mon angle reste pratique avant tout : aider le lecteur \u00e0 partir l'esprit tranquille, sans mauvaise surprise une fois sur place. Je m'attache \u00e0 distinguer le coup de c\u0153ur sinc\u00e8re du simple argument marketing.","sameAs":["https:\/\/camillerouvray.fr\/"],"url":"https:\/\/voyage-aventure.com\/blog\/auteur\/noname\/"}]}},"_links":{"self":[{"href":"https:\/\/voyage-aventure.com\/blog\/wp-json\/wp\/v2\/posts\/17186","targetHints":{"allow":["GET"]}}],"collection":[{"href":"https:\/\/voyage-aventure.com\/blog\/wp-json\/wp\/v2\/posts"}],"about":[{"href":"https:\/\/voyage-aventure.com\/blog\/wp-json\/wp\/v2\/types\/post"}],"author":[{"embeddable":true,"href":"https:\/\/voyage-aventure.com\/blog\/wp-json\/wp\/v2\/users\/34"}],"replies":[{"embeddable":true,"href":"https:\/\/voyage-aventure.com\/blog\/wp-json\/wp\/v2\/comments?post=17186"}],"version-history":[{"count":2,"href":"https:\/\/voyage-aventure.com\/blog\/wp-json\/wp\/v2\/posts\/17186\/revisions"}],"predecessor-version":[{"id":23027,"href":"https:\/\/voyage-aventure.com\/blog\/wp-json\/wp\/v2\/posts\/17186\/revisions\/23027"}],"wp:featuredmedia":[{"embeddable":true,"href":"https:\/\/voyage-aventure.com\/blog\/wp-json\/wp\/v2\/media\/20126"}],"wp:attachment":[{"href":"https:\/\/voyage-aventure.com\/blog\/wp-json\/wp\/v2\/media?parent=17186"}],"wp:term":[{"taxonomy":"category","embeddable":true,"href":"https:\/\/voyage-aventure.com\/blog\/wp-json\/wp\/v2\/categories?post=17186"},{"taxonomy":"post_tag","embeddable":true,"href":"https:\/\/voyage-aventure.com\/blog\/wp-json\/wp\/v2\/tags?post=17186"}],"curies":[{"name":"wp","href":"https:\/\/api.w.org\/{rel}","templated":true}]}}