{"id":17149,"date":"2026-05-22T10:11:50","date_gmt":"2026-05-22T08:11:50","guid":{"rendered":"https:\/\/voyage-aventure.com\/blog\/?p=17149"},"modified":"2026-05-22T10:11:50","modified_gmt":"2026-05-22T08:11:50","slug":"le-prince-harry-exhorte-lindustrie-du-voyage-a-reduire-ses-emissions-de-carbone","status":"publish","type":"post","link":"https:\/\/voyage-aventure.com\/blog\/a-la-une\/le-prince-harry-exhorte-lindustrie-du-voyage-a-reduire-ses-emissions-de-carbone\/","title":{"rendered":"Le prince Harry exhorte l&rsquo;industrie du voyage \u00e0 r\u00e9duire ses \u00e9missions de carbone"},"content":{"rendered":"<aside style=\"background:#f1f0eb;border-left:5px solid #6a4a2a;padding:22px 28px;margin:24px 0;font-family:-apple-system,BlinkMacSystemFont,'Segoe UI',Roboto,sans-serif;\">\n<div style=\"margin:0;font-size:19px;line-height:1.55;color:#2a2a2a;font-weight:500;letter-spacing:-0.005em;\">\n    Le prince Harry remet une pi\u00e8ce dans la machine du tourisme durable. Devant les acteurs du secteur, il dresse un constat sans d\u00e9tour : malgr\u00e9 les discours sur la durabilit\u00e9, l&rsquo;industrie du voyage reste loin de ses propres engagements climatiques.\n  <\/div>\n<\/aside>\n<h2>Un appel urgent pour des changements dans l&rsquo;industrie du voyage<\/h2>\n<p>Le prince Harry s&rsquo;est impos\u00e9 ces derni\u00e8res ann\u00e9es comme l&rsquo;une des voix les plus pressantes du tourisme durable. Lors d&rsquo;une intervention publique, il a martel\u00e9 un message simple : face \u00e0 la croissance continue du secteur, il devient imp\u00e9ratif d&rsquo;agir vite, et concr\u00e8tement. Les entreprises parlent de durabilit\u00e9, multiplient les chartes et les engagements, mais des solutions tangibles restent indispensables pour r\u00e9duire v\u00e9ritablement les \u00e9missions.<\/p>\n<p>Dans un rapport publi\u00e9 par Travalyst, l&rsquo;initiative de voyage durable qu&rsquo;il a fond\u00e9e, Harry a d\u00e9clar\u00e9 que le secteur est actuellement \u00ab hors de la trajectoire \u00bb, malgr\u00e9 quelques progr\u00e8s. Il a fix\u00e9 un objectif ambitieux : r\u00e9duire les \u00e9missions de carbone de 50 % d&rsquo;ici 2030. Cela n\u00e9cessite un alignement sur des objectifs centr\u00e9s sur le climat, la nature et les communaut\u00e9s.<\/p>\n<aside style=\"background:#faf9f5;border:1px solid #e5e5e0;border-radius:8px;padding:24px 26px 26px;margin:28px 0;font-family:-apple-system,BlinkMacSystemFont,'Segoe UI',Roboto,sans-serif;\">\n<div style=\"margin:0 0 18px 0;font-size:11px;font-weight:700;text-transform:uppercase;letter-spacing:2.2px;color:#6a4a2a;\">\u00c0 retenir<\/div>\n<div style=\"display:grid;grid-template-columns:repeat(auto-fit,minmax(240px,1fr));gap:10px;\">\n<div style=\"display:flex;gap:12px;background:#fff;border:1px solid #ebebe5;padding:12px 14px;border-radius:6px;align-items:flex-start;\">\n      <span style=\"flex:0 0 26px;width:26px;height:26px;background:#6a4a2a;color:#fff;border-radius:50%;display:inline-flex;align-items:center;justify-content:center;font-size:12px;font-weight:700;font-family:-apple-system,sans-serif;\">1<\/span><br \/>\n      <span style=\"font-size:14px;line-height:1.5;color:#2a2a2a;\">Objectif Travalyst : -50 % d&rsquo;\u00e9missions de carbone dans le voyage d&rsquo;ici 2030.<\/span>\n    <\/div>\n<div style=\"display:flex;gap:12px;background:#fff;border:1px solid #ebebe5;padding:12px 14px;border-radius:6px;align-items:flex-start;\">\n      <span style=\"flex:0 0 26px;width:26px;height:26px;background:#6a4a2a;color:#fff;border-radius:50%;display:inline-flex;align-items:center;justify-content:center;font-size:12px;font-weight:700;font-family:-apple-system,sans-serif;\">2<\/span><br \/>\n      <span style=\"font-size:14px;line-height:1.5;color:#2a2a2a;\">L&rsquo;aviation p\u00e8se 52 % des \u00e9missions de toute l&rsquo;industrie du voyage.<\/span>\n    <\/div>\n<div style=\"display:flex;gap:12px;background:#fff;border:1px solid #ebebe5;padding:12px 14px;border-radius:6px;align-items:flex-start;\">\n      <span style=\"flex:0 0 26px;width:26px;height:26px;background:#6a4a2a;color:#fff;border-radius:50%;display:inline-flex;align-items:center;justify-content:center;font-size:12px;font-weight:700;font-family:-apple-system,sans-serif;\">3<\/span><br \/>\n      <span style=\"font-size:14px;line-height:1.5;color:#2a2a2a;\">Les carburants d&rsquo;aviation durables (SAF) restent quasi indisponibles \u00e0 grande \u00e9chelle.<\/span>\n    <\/div>\n<div style=\"display:flex;gap:12px;background:#fff;border:1px solid #ebebe5;padding:12px 14px;border-radius:6px;align-items:flex-start;\">\n      <span style=\"flex:0 0 26px;width:26px;height:26px;background:#6a4a2a;color:#fff;border-radius:50%;display:inline-flex;align-items:center;justify-content:center;font-size:12px;font-weight:700;font-family:-apple-system,sans-serif;\">4<\/span><br \/>\n      <span style=\"font-size:14px;line-height:1.5;color:#2a2a2a;\">Lufthansa et Air France-KLM tirent publiquement la sonnette d&rsquo;alarme.<\/span>\n    <\/div>\n<div style=\"display:flex;gap:12px;background:#fff;border:1px solid #ebebe5;padding:12px 14px;border-radius:6px;align-items:flex-start;\">\n      <span style=\"flex:0 0 26px;width:26px;height:26px;background:#6a4a2a;color:#fff;border-radius:50%;display:inline-flex;align-items:center;justify-content:center;font-size:12px;font-weight:700;font-family:-apple-system,sans-serif;\">5<\/span><br \/>\n      <span style=\"font-size:14px;line-height:1.5;color:#2a2a2a;\">Travalyst collabore avec Google et Booking.com pour informer les voyageurs.<\/span>\n    <\/div>\n<div style=\"display:flex;gap:12px;background:#fff;border:1px solid #ebebe5;padding:12px 14px;border-radius:6px;align-items:flex-start;\">\n      <span style=\"flex:0 0 26px;width:26px;height:26px;background:#6a4a2a;color:#fff;border-radius:50%;display:inline-flex;align-items:center;justify-content:center;font-size:12px;font-weight:700;font-family:-apple-system,sans-serif;\">6<\/span><br \/>\n      <span style=\"font-size:14px;line-height:1.5;color:#2a2a2a;\">Aucune feuille de route unique : chaque sous-secteur doit tracer sa voie.<\/span>\n    <\/div>\n<\/p><\/div>\n<\/aside>\n<p>Le message vise large : compagnies a\u00e9riennes, h\u00f4teliers, plateformes de r\u00e9servation, voyagistes, mais aussi r\u00e9gulateurs et voyageurs. La crise climatique ne se laisse plus diluer dans des engagements \u00e0 horizon lointain \u2014 l&rsquo;\u00e9ch\u00e9ance 2030 est d\u00e9sormais \u00e0 port\u00e9e de calendrier, et chaque trimestre compte.<\/p>\n<p><iframe loading=\"lazy\" title=\"Greta Thunberg is not the Only Teen Urging Politicians to Do Something about Climate Change\" width=\"1200\" height=\"675\" src=\"https:\/\/www.youtube.com\/embed\/2d1VkCWYu_w?feature=oembed\" frameborder=\"0\" allow=\"accelerometer; autoplay; clipboard-write; encrypted-media; gyroscope; picture-in-picture; web-share\" referrerpolicy=\"strict-origin-when-cross-origin\" allowfullscreen><\/iframe><\/p>\n<h2>Les enjeux de l&rsquo;aviation et des \u00e9missions<\/h2>\n<p>Les recherches men\u00e9es par Travalyst r\u00e9v\u00e8lent que l&rsquo;aviation est le plus grand \u00e9metteur de l&rsquo;industrie du voyage, repr\u00e9sentant 52 % des \u00e9missions totales. Le secteur a\u00e9rien vise un objectif de z\u00e9ro \u00e9mission nette d&rsquo;ici 2050, en se concentrant sur des moteurs plus efficaces et des carburants d&rsquo;aviation durables. Cependant, des inqui\u00e9tudes persistent quant \u00e0 la production insuffisante de ces carburants.<\/p>\n<figure style=\"margin:32px 0;padding:0;font-family:-apple-system,BlinkMacSystemFont,'Segoe UI',Roboto,sans-serif;\">\n<div style=\"display:grid;grid-template-columns:repeat(auto-fit,minmax(140px,1fr));background:#1a1a1a;border-radius:6px;overflow:hidden;\">\n<div style=\"padding:22px 16px;text-align:center;border-right:1px solid #2f2f2f;\">\n<div style=\"font-size:36px;font-weight:900;color:#fff;letter-spacing:-0.04em;font-feature-settings:'tnum';line-height:1;\">52 %<\/div>\n<div style=\"font-size:11px;text-transform:uppercase;letter-spacing:1.5px;color:#9a9a9a;margin-top:8px;\">part de l&rsquo;aviation<\/div>\n<\/p><\/div>\n<div style=\"padding:22px 16px;text-align:center;border-right:1px solid #2f2f2f;\">\n<div style=\"font-size:36px;font-weight:900;color:#fff;letter-spacing:-0.04em;font-feature-settings:'tnum';line-height:1;\">-50 %<\/div>\n<div style=\"font-size:11px;text-transform:uppercase;letter-spacing:1.5px;color:#9a9a9a;margin-top:8px;\">\u00e9missions vis\u00e9es d&rsquo;ici 2030<\/div>\n<\/p><\/div>\n<div style=\"padding:22px 16px;text-align:center;\">\n<div style=\"font-size:36px;font-weight:900;color:#c08a55;letter-spacing:-0.04em;font-feature-settings:'tnum';line-height:1;\">2050<\/div>\n<div style=\"font-size:11px;text-transform:uppercase;letter-spacing:1.5px;color:#9a9a9a;margin-top:8px;\">cible net z\u00e9ro aviation<\/div>\n<\/p><\/div>\n<\/p><\/div><figcaption style=\"font-size:11px;color:#7a7a7a;margin-top:8px;text-align:right;letter-spacing:0.3px;\">Donn\u00e9es indicatives \u2014 issues du rapport Travalyst.<\/figcaption><\/figure>\n<p>Des dirigeants de grandes compagnies a\u00e9riennes, comme Lufthansa et Air France-KLM, ont exprim\u00e9 leurs pr\u00e9occupations lors d&rsquo;une r\u00e9union, soulignant le rythme lent de production des carburants d&rsquo;aviation plus \u00e9cologiques. Benjamin Smith, PDG d&rsquo;Air France-KLM, a d\u00e9clar\u00e9 : \u00ab R\u00e9alistement, le SAF n&rsquo;existe pas. Nous ne le voyons pas. \u00bb Cela souligne l&rsquo;urgence d&rsquo;acc\u00e9l\u00e9rer les efforts de production pour atteindre les objectifs climatiques.<\/p>\n<aside style=\"background:#fff7e0;border-left:4px solid #d4a017;padding:14px 18px;margin:18px 0;border-radius:0 4px 4px 0;font-family:-apple-system,BlinkMacSystemFont,'Segoe UI',Roboto,sans-serif;\">\n  <strong style=\"display:inline-block;color:#7a5e00;font-size:12px;text-transform:uppercase;letter-spacing:1.5px;margin-right:8px;\">&#128161; Bon \u00e0 savoir<\/strong><br \/>\n  <span style=\"font-size:14.5px;line-height:1.55;color:#3a3a3a;\">SAF = Sustainable Aviation Fuel. Produit \u00e0 partir d&rsquo;huiles usag\u00e9es, de r\u00e9sidus agricoles ou de proc\u00e9d\u00e9s Power-to-Liquid, il peut \u00eatre m\u00e9lang\u00e9 au k\u00e9ros\u00e8ne fossile sans modification majeure des moteurs actuels \u2014 mais son volume mondial reste inf\u00e9rieur \u00e0 1 % de la demande a\u00e9rienne.<\/span><br \/>\n<\/aside>\n<h3>Le d\u00e9fi industriel des carburants verts<\/h3>\n<p>L&rsquo;enjeu n&rsquo;est pas seulement technique, il est aussi industriel et financier. Construire des raffineries SAF co\u00fbte des milliards, suppose des cha\u00eenes d&rsquo;approvisionnement en biomasse durable et une demande pr\u00e9visible des compagnies. Or sans engagements d&rsquo;achat de long terme, les investisseurs h\u00e9sitent. Et sans capacit\u00e9 de production, les compagnies a\u00e9riennes ne peuvent pas s&rsquo;engager. C&rsquo;est l&rsquo;impasse classique de la transition \u00e9nerg\u00e9tique appliqu\u00e9e au ciel.<\/p>\n<figure style=\"margin:32px 0;font-family:-apple-system,BlinkMacSystemFont,'Segoe UI',Roboto,sans-serif;\">\n<div style=\"overflow-x:auto;border:1px solid #e5e5e0;border-radius:8px;\">\n<table style=\"width:100%;border-collapse:collapse;font-size:14px;color:#2a2a2a;min-width:500px;\">\n<thead>\n<tr style=\"background:#1a1a1a;color:#fff;\">\n<th style=\"text-align:left;padding:14px 18px;font-weight:700;font-size:12px;text-transform:uppercase;letter-spacing:1.5px;\">Levier de r\u00e9duction<\/th>\n<th style=\"text-align:left;padding:14px 18px;font-weight:700;font-size:12px;text-transform:uppercase;letter-spacing:1.5px;\">Maturit\u00e9 actuelle<\/th>\n<th style=\"text-align:center;padding:14px 18px;font-weight:700;font-size:12px;text-transform:uppercase;letter-spacing:1.5px;\">Horizon impact<\/th>\n<\/tr>\n<\/thead>\n<tbody>\n<tr style=\"background:#fff;border-bottom:1px solid #f0ede5;\">\n<td style=\"padding:14px 18px;font-weight:600;\">Optimisation des routes a\u00e9riennes<\/td>\n<td style=\"padding:14px 18px;color:#4a4a4a;\">D\u00e9j\u00e0 op\u00e9rationnelle<\/td>\n<td style=\"padding:14px 18px;text-align:center;color:#6a6a6a;\">Court terme<\/td>\n<\/tr>\n<tr style=\"background:#faf9f5;border-bottom:1px solid #f0ede5;\">\n<td style=\"padding:14px 18px;font-weight:600;\">Moteurs nouvelle g\u00e9n\u00e9ration<\/td>\n<td style=\"padding:14px 18px;color:#4a4a4a;\">D\u00e9ploiement progressif<\/td>\n<td style=\"padding:14px 18px;text-align:center;color:#6a6a6a;\">Moyen terme<\/td>\n<\/tr>\n<tr style=\"background:#fff;border-bottom:1px solid #f0ede5;\">\n<td style=\"padding:14px 18px;font-weight:600;\">Carburants durables (SAF)<\/td>\n<td style=\"padding:14px 18px;color:#4a4a4a;\">Production tr\u00e8s limit\u00e9e<\/td>\n<td style=\"padding:14px 18px;text-align:center;color:#6a6a6a;\">Moyen-long terme<\/td>\n<\/tr>\n<tr style=\"background:#faf9f5;border-bottom:1px solid #f0ede5;\">\n<td style=\"padding:14px 18px;font-weight:600;\">Avions \u00e0 hydrog\u00e8ne<\/td>\n<td style=\"padding:14px 18px;color:#4a4a4a;\">Prototypes en test<\/td>\n<td style=\"padding:14px 18px;text-align:center;color:#6a6a6a;\">Long terme<\/td>\n<\/tr>\n<tr style=\"background:#fff;\">\n<td style=\"padding:14px 18px;font-weight:600;\">Report modal vers le rail<\/td>\n<td style=\"padding:14px 18px;color:#4a4a4a;\">Variable selon pays<\/td>\n<td style=\"padding:14px 18px;text-align:center;color:#6a6a6a;\">Court terme<\/td>\n<\/tr>\n<\/tbody>\n<\/table><\/div><figcaption style=\"font-size:11px;color:#7a7a7a;margin-top:8px;text-align:right;letter-spacing:0.3px;\">Cartographie indicative des leviers de d\u00e9carbonation du transport a\u00e9rien.<\/figcaption><\/figure>\n<figure style=\"margin:38px auto;padding:28px 24px;text-align:center;border-top:1px solid #2a2a2a;border-bottom:1px solid #2a2a2a;max-width:640px;position:relative;font-family:Georgia,'Hoefler Text',serif;\">\n<div style=\"position:absolute;top:-20px;left:50%;transform:translateX(-50%);background:#ffffff;padding:0 14px;font-size:48px;line-height:1;color:#6a4a2a;font-family:Georgia,serif;\">&laquo;<\/div>\n<blockquote style=\"margin:0;padding:0;font-size:24px;line-height:1.45;font-style:italic;color:#1a1a1a;letter-spacing:-0.005em;\"><p>\n    Les preuves montrent que nous sommes significativement hors de la trajectoire.<br \/>\n  <\/blockquote><figcaption style=\"margin-top:14px;font-size:12px;text-transform:uppercase;letter-spacing:2px;color:#6a6a6a;font-family:-apple-system,sans-serif;font-style:normal;\">\u2014 Prince Harry, fondateur de Travalyst<\/figcaption><\/figure>\n<h2>Vers une industrie du voyage durable<\/h2>\n<p>Les d\u00e9fis sont nombreux, mais des initiatives \u00e9mergent pour favoriser un voyage plus durable. Travalyst collabore avec plusieurs entreprises, dont Google et Booking.com, pour promouvoir des options de voyage \u00e9cologiques et fournir des donn\u00e9es sur les \u00e9missions. Cela permet aux voyageurs de prendre des d\u00e9cisions \u00e9clair\u00e9es concernant leurs choix d&rsquo;h\u00e9bergement et de transport.<\/p>\n<p>Concr\u00e8tement, ces partenariats se traduisent par l&rsquo;affichage d&rsquo;estimations d&#8217;empreinte carbone \u00e0 c\u00f4t\u00e9 des vols, par des filtres \u00ab h\u00e9bergements durables \u00bb sur les moteurs de recherche, ou encore par des indicateurs de transport bas-carbone dans les comparateurs. La logique : transformer l&rsquo;information climat en r\u00e9flexe d&rsquo;achat, comme l&rsquo;a fait l&rsquo;\u00e9tiquette \u00e9nerg\u00e9tique pour l&rsquo;\u00e9lectrom\u00e9nager.<\/p>\n<h3>Les initiatives cl\u00e9s pour r\u00e9duire les \u00e9missions<\/h3>\n<div style=\"display:grid;grid-template-columns:repeat(auto-fit,minmax(220px,1fr));gap:14px;margin:28px 0;font-family:-apple-system,BlinkMacSystemFont,'Segoe UI',Roboto,sans-serif;\">\n<article style=\"background:#fff;border:1px solid #e5e5e0;border-top:3px solid #6a4a2a;border-radius:6px;padding:18px 18px 16px;\">\n<div style=\"width:36px;height:36px;background:#f1f0eb;border-radius:50%;display:inline-flex;align-items:center;justify-content:center;margin-bottom:12px;\">\n      <span style=\"font-size:18px;color:#6a4a2a;font-weight:900;font-family:Georgia,serif;\">01<\/span>\n    <\/div>\n<h3 style=\"margin:0 0 6px 0;font-size:16px;font-weight:700;color:#1a1a1a;letter-spacing:-0.01em;\">Couper de moiti\u00e9 le CO\u2082<\/h3>\n<div style=\"margin:0;font-size:13.5px;line-height:1.55;color:#4a4a4a;\">R\u00e9duire les \u00e9missions de carbone de 50 % d&rsquo;ici 2030 dans tout le secteur voyage.<\/div>\n<\/article>\n<article style=\"background:#fff;border:1px solid #e5e5e0;border-top:3px solid #6a4a2a;border-radius:6px;padding:18px 18px 16px;\">\n<div style=\"width:36px;height:36px;background:#f1f0eb;border-radius:50%;display:inline-flex;align-items:center;justify-content:center;margin-bottom:12px;\">\n      <span style=\"font-size:18px;color:#6a4a2a;font-weight:900;font-family:Georgia,serif;\">02<\/span>\n    <\/div>\n<h3 style=\"margin:0 0 6px 0;font-size:16px;font-weight:700;color:#1a1a1a;letter-spacing:-0.01em;\">Prot\u00e9ger 30 % des terres et mers<\/h3>\n<div style=\"margin:0;font-size:13.5px;line-height:1.55;color:#4a4a4a;\">Protection et restauration d&rsquo;au moins 30 % des \u00e9cosyst\u00e8mes terrestres et marins.<\/div>\n<\/article>\n<article style=\"background:#fff;border:1px solid #e5e5e0;border-top:3px solid #6a4a2a;border-radius:6px;padding:18px 18px 16px;\">\n<div style=\"width:36px;height:36px;background:#f1f0eb;border-radius:50%;display:inline-flex;align-items:center;justify-content:center;margin-bottom:12px;\">\n      <span style=\"font-size:18px;color:#6a4a2a;font-weight:900;font-family:Georgia,serif;\">03<\/span>\n    <\/div>\n<h3 style=\"margin:0 0 6px 0;font-size:16px;font-weight:700;color:#1a1a1a;letter-spacing:-0.01em;\">Tourisme vraiment durable<\/h3>\n<div style=\"margin:0;font-size:13.5px;line-height:1.55;color:#4a4a4a;\">Promouvoir des pratiques qui b\u00e9n\u00e9ficient aux communaut\u00e9s locales et pr\u00e9servent la biodiversit\u00e9.<\/div>\n<\/article>\n<article style=\"background:#fff;border:1px solid #e5e5e0;border-top:3px solid #6a4a2a;border-radius:6px;padding:18px 18px 16px;\">\n<div style=\"width:36px;height:36px;background:#f1f0eb;border-radius:50%;display:inline-flex;align-items:center;justify-content:center;margin-bottom:12px;\">\n      <span style=\"font-size:18px;color:#6a4a2a;font-weight:900;font-family:Georgia,serif;\">04<\/span>\n    <\/div>\n<h3 style=\"margin:0 0 6px 0;font-size:16px;font-weight:700;color:#1a1a1a;letter-spacing:-0.01em;\">Partager la donn\u00e9e carbone<\/h3>\n<div style=\"margin:0;font-size:13.5px;line-height:1.55;color:#4a4a4a;\">Collaboration avec des plateformes majeures pour partager des donn\u00e9es fiables sur les \u00e9missions.<\/div>\n<\/article>\n<article style=\"background:#fff;border:1px solid #e5e5e0;border-top:3px solid #6a4a2a;border-radius:6px;padding:18px 18px 16px;\">\n<div style=\"width:36px;height:36px;background:#f1f0eb;border-radius:50%;display:inline-flex;align-items:center;justify-content:center;margin-bottom:12px;\">\n      <span style=\"font-size:18px;color:#6a4a2a;font-weight:900;font-family:Georgia,serif;\">05<\/span>\n    <\/div>\n<h3 style=\"margin:0 0 6px 0;font-size:16px;font-weight:700;color:#1a1a1a;letter-spacing:-0.01em;\">Aligner les parties prenantes<\/h3>\n<div style=\"margin:0;font-size:13.5px;line-height:1.55;color:#4a4a4a;\">Engagement des compagnies, gouvernements et plateformes vers des objectifs communs.<\/div>\n<\/article>\n<article style=\"background:#fff;border:1px solid #e5e5e0;border-top:3px solid #6a4a2a;border-radius:6px;padding:18px 18px 16px;\">\n<div style=\"width:36px;height:36px;background:#f1f0eb;border-radius:50%;display:inline-flex;align-items:center;justify-content:center;margin-bottom:12px;\">\n      <span style=\"font-size:18px;color:#6a4a2a;font-weight:900;font-family:Georgia,serif;\">06<\/span>\n    <\/div>\n<h3 style=\"margin:0 0 6px 0;font-size:16px;font-weight:700;color:#1a1a1a;letter-spacing:-0.01em;\">Informer le voyageur<\/h3>\n<div style=\"margin:0;font-size:13.5px;line-height:1.55;color:#4a4a4a;\">Rendre l&#8217;empreinte carbone d&rsquo;un trajet ou d&rsquo;un s\u00e9jour aussi lisible qu&rsquo;un prix affich\u00e9.<\/div>\n<\/article>\n<\/div>\n<aside style=\"background:#e7f5ec;border-left:4px solid #2a5f3f;padding:14px 18px;margin:18px 0;border-radius:0 4px 4px 0;font-family:-apple-system,BlinkMacSystemFont,'Segoe UI',Roboto,sans-serif;\">\n  <strong style=\"display:inline-block;color:#1d4a30;font-size:12px;text-transform:uppercase;letter-spacing:1.5px;margin-right:8px;\">&#10022; Astuce<\/strong><br \/>\n  <span style=\"font-size:14.5px;line-height:1.55;color:#3a3a3a;\">Pour un m\u00eame trajet en Europe, comparer le train \u00e0 grande vitesse et l&rsquo;avion : sur les liaisons inf\u00e9rieures \u00e0 1 000 km, le rail divise g\u00e9n\u00e9ralement l&#8217;empreinte par 5 \u00e0 10 \u2014 un r\u00e9flexe \u00e0 int\u00e9grer avant chaque r\u00e9servation.<\/span><br \/>\n<\/aside>\n<h3>Voyageurs vs industrie : qui doit bouger en premier ?<\/h3>\n<div style=\"display:grid;grid-template-columns:repeat(auto-fit,minmax(260px,1fr));gap:14px;margin:28px 0;font-family:-apple-system,BlinkMacSystemFont,'Segoe UI',Roboto,sans-serif;\">\n<div style=\"background:#fdecec;border:1px solid #f3cccc;border-radius:6px;padding:20px 22px;\">\n<div style=\"display:flex;align-items:center;gap:10px;margin-bottom:14px;padding-bottom:10px;border-bottom:1px solid #f3cccc;\">\n      <span style=\"width:32px;height:32px;background:#c54848;color:#fff;border-radius:50%;display:inline-flex;align-items:center;justify-content:center;font-size:18px;font-weight:700;\">&#10005;<\/span><\/p>\n<h3 style=\"margin:0;font-size:16px;font-weight:700;color:#8a2020;letter-spacing:-0.01em;\">Statu quo<\/h3>\n<\/p><\/div>\n<ul style=\"margin:0;padding-left:18px;font-size:14px;line-height:1.7;color:#3a3a3a;\">\n<li>Engagements vagues \u00e0 horizon 2050<\/li>\n<li>Compensation carbone comme alibi principal<\/li>\n<li>Aucun affichage clair de l&#8217;empreinte<\/li>\n<li>Croissance du trafic d\u00e9coupl\u00e9e des objectifs climat<\/li>\n<\/ul><\/div>\n<div style=\"background:#e7f5ec;border:1px solid #c4dfcd;border-radius:6px;padding:20px 22px;\">\n<div style=\"display:flex;align-items:center;gap:10px;margin-bottom:14px;padding-bottom:10px;border-bottom:1px solid #c4dfcd;\">\n      <span style=\"width:32px;height:32px;background:#2a5f3f;color:#fff;border-radius:50%;display:inline-flex;align-items:center;justify-content:center;font-size:18px;font-weight:700;\">&#10003;<\/span><\/p>\n<h3 style=\"margin:0;font-size:16px;font-weight:700;color:#1d4a30;letter-spacing:-0.01em;\">Trajectoire align\u00e9e<\/h3>\n<\/p><\/div>\n<ul style=\"margin:0;padding-left:18px;font-size:14px;line-height:1.7;color:#3a3a3a;\">\n<li>Cap interm\u00e9diaire chiffr\u00e9 \u00e0 2030<\/li>\n<li>Investissements industriels dans le SAF<\/li>\n<li>Empreinte carbone affich\u00e9e comme un prix<\/li>\n<li>Soutien clair au report modal vers le rail<\/li>\n<\/ul><\/div>\n<\/div>\n<p>Une liste de certaines des initiatives cl\u00e9s pour r\u00e9duire les \u00e9missions dans le secteur du voyage comprend :<\/p>\n<ul>\n<li>R\u00e9duction des \u00e9missions de carbone de 50 % d&rsquo;ici 2030.<\/li>\n<li>Protection et restauration d&rsquo;au moins 30 % des terres et des mers.<\/li>\n<li>Promotion d&rsquo;un tourisme v\u00e9ritablement durable.<\/li>\n<li>Collaboration avec des entreprises majeures pour partager des donn\u00e9es sur les \u00e9missions.<\/li>\n<li>Engagement des parties prenantes \u00e0 atteindre des objectifs communs.<\/li>\n<\/ul>\n<blockquote><p>\n&ldquo;Les preuves montrent que nous sommes significativement hors de la trajectoire,&rdquo; a d\u00e9clar\u00e9 le prince Harry.\n<\/p><\/blockquote>\n<aside style=\"background:#fdecec;border-left:4px solid #c54848;padding:14px 18px;margin:18px 0;border-radius:0 4px 4px 0;font-family:-apple-system,BlinkMacSystemFont,'Segoe UI',Roboto,sans-serif;\">\n  <strong style=\"display:inline-block;color:#8a2020;font-size:12px;text-transform:uppercase;letter-spacing:1.5px;margin-right:8px;\">&#9888;&#65039; Attention<\/strong><br \/>\n  <span style=\"font-size:14.5px;line-height:1.55;color:#3a3a3a;\">La compensation carbone (achat de cr\u00e9dits forestiers ou de projets de s\u00e9questration) ne remplace pas la r\u00e9duction des \u00e9missions \u00e0 la source. De nombreux rapports ind\u00e9pendants ont point\u00e9 son inefficacit\u00e9 ou son double comptage : \u00e0 n&rsquo;utiliser qu&rsquo;en compl\u00e9ment, jamais comme bouclier.<\/span><br \/>\n<\/aside>\n<p>Avec seulement quelques ann\u00e9es avant 2030, l&rsquo;objectif de r\u00e9duction des \u00e9missions semble de plus en plus difficile \u00e0 atteindre. La recherche indique que les \u00e9missions de voyage augmentent plus rapidement que dans presque tous les autres secteurs. Cependant, l&rsquo;industrie est en train de r\u00e9\u00e9valuer ses pratiques pour cr\u00e9er un avenir plus durable.<\/p>\n<p>Un porte-parole de Travalyst a d\u00e9clar\u00e9 qu&rsquo;il n&rsquo;existe pas de feuille de route unique pour r\u00e9duire les \u00e9missions dans le secteur du voyage. Chaque secteur et gouvernement doit trouver son propre chemin, bas\u00e9 sur des d\u00e9fis sp\u00e9cifiques, des r\u00e9glementations et des technologies. Le chemin vers une r\u00e9duction significative des \u00e9missions n\u00e9cessite une collaboration mondiale et des efforts continus.<\/p>\n<h3>Ce que le voyageur peut commencer \u00e0 faire d\u00e8s aujourd&rsquo;hui<\/h3>\n<div style=\"display:grid;grid-template-columns:repeat(auto-fit,minmax(260px,1fr));gap:14px;margin:28px 0;font-family:-apple-system,BlinkMacSystemFont,'Segoe UI',Roboto,sans-serif;\">\n<div style=\"background:#faf9f5;border:1px solid #c4dfcd;border-top:4px solid #2a5f3f;border-radius:4px;padding:20px 22px;\">\n<h3 style=\"margin:0 0 14px 0;font-size:13px;font-weight:700;text-transform:uppercase;letter-spacing:1.8px;color:#1d4a30;\">&#10003; \u00c0 faire<\/h3>\n<ul style=\"margin:0;padding:0;list-style:none;\">\n<li style=\"display:flex;gap:10px;align-items:flex-start;padding:6px 0;font-size:14px;line-height:1.5;color:#2a2a2a;border-bottom:1px solid #ebebe5;\"><span style=\"color:#2a5f3f;font-weight:700;flex:0 0 14px;\">&#10003;<\/span><span>Privil\u00e9gier le train sur les trajets courts et moyens<\/span><\/li>\n<li style=\"display:flex;gap:10px;align-items:flex-start;padding:6px 0;font-size:14px;line-height:1.5;color:#2a2a2a;border-bottom:1px solid #ebebe5;\"><span style=\"color:#2a5f3f;font-weight:700;flex:0 0 14px;\">&#10003;<\/span><span>Allonger la dur\u00e9e d&rsquo;un s\u00e9jour pour amortir le vol<\/span><\/li>\n<li style=\"display:flex;gap:10px;align-items:flex-start;padding:6px 0;font-size:14px;line-height:1.5;color:#2a2a2a;border-bottom:1px solid #ebebe5;\"><span style=\"color:#2a5f3f;font-weight:700;flex:0 0 14px;\">&#10003;<\/span><span>Choisir des h\u00e9bergements labellis\u00e9s et locaux<\/span><\/li>\n<li style=\"display:flex;gap:10px;align-items:flex-start;padding:6px 0;font-size:14px;line-height:1.5;color:#2a2a2a;\"><span style=\"color:#2a5f3f;font-weight:700;flex:0 0 14px;\">&#10003;<\/span><span>Comparer l&#8217;empreinte carbone affich\u00e9e sur les comparateurs<\/span><\/li>\n<\/ul><\/div>\n<div style=\"background:#faf9f5;border:1px solid #f3cccc;border-top:4px solid #c54848;border-radius:4px;padding:20px 22px;\">\n<h3 style=\"margin:0 0 14px 0;font-size:13px;font-weight:700;text-transform:uppercase;letter-spacing:1.8px;color:#8a2020;\">&#10005; \u00c0 \u00e9viter<\/h3>\n<ul style=\"margin:0;padding:0;list-style:none;\">\n<li style=\"display:flex;gap:10px;align-items:flex-start;padding:6px 0;font-size:14px;line-height:1.5;color:#2a2a2a;border-bottom:1px solid #ebebe5;\"><span style=\"color:#c54848;font-weight:700;flex:0 0 14px;\">&#10005;<\/span><span>Multiplier les tr\u00e8s courts week-ends en avion<\/span><\/li>\n<li style=\"display:flex;gap:10px;align-items:flex-start;padding:6px 0;font-size:14px;line-height:1.5;color:#2a2a2a;border-bottom:1px solid #ebebe5;\"><span style=\"color:#c54848;font-weight:700;flex:0 0 14px;\">&#10005;<\/span><span>Se reposer uniquement sur la compensation carbone<\/span><\/li>\n<li style=\"display:flex;gap:10px;align-items:flex-start;padding:6px 0;font-size:14px;line-height:1.5;color:#2a2a2a;border-bottom:1px solid #ebebe5;\"><span style=\"color:#c54848;font-weight:700;flex:0 0 14px;\">&#10005;<\/span><span>Croire toute mention \u00ab \u00e9co \u00bb sans label v\u00e9rifiable<\/span><\/li>\n<li style=\"display:flex;gap:10px;align-items:flex-start;padding:6px 0;font-size:14px;line-height:1.5;color:#2a2a2a;\"><span style=\"color:#c54848;font-weight:700;flex:0 0 14px;\">&#10005;<\/span><span>Choisir l&rsquo;escale low-cost qui double le kilom\u00e9trage parcouru<\/span><\/li>\n<\/ul><\/div>\n<\/div>\n<h2>Une dynamique de plus en plus politique<\/h2>\n<p>L&rsquo;appel du prince Harry s&rsquo;inscrit dans un mouvement plus large : r\u00e9gulateurs europ\u00e9ens qui durcissent les obligations de reporting carbone, ONG qui multiplient les rapports d&rsquo;\u00e9valuation des compagnies a\u00e9riennes, voyageurs qui acceptent de payer un peu plus pour un trajet d\u00e9carbon\u00e9. Le sujet quitte progressivement les conf\u00e9rences pour entrer dans les arbitrages budg\u00e9taires des grandes entreprises du tourisme.<\/p>\n<p>Pour Travalyst, le combat se joue d\u00e9sormais sur deux fronts en parall\u00e8le. D&rsquo;un c\u00f4t\u00e9, acc\u00e9l\u00e9rer la disponibilit\u00e9 des solutions techniques : SAF, motorisations efficientes, infrastructures ferroviaires transfrontali\u00e8res. De l&rsquo;autre, \u00e9quiper les voyageurs d&rsquo;une information climat fiable et lisible, pour transformer chaque r\u00e9servation en vote \u00e9conomique. Sans cette double pince, l&rsquo;objectif 2030 reste un slogan.<\/p>\n<p>En d\u00e9finitive, l&rsquo;appel du prince Harry \u00e0 une action imm\u00e9diate dans l&rsquo;industrie du voyage souligne une prise de conscience croissante des enjeux climatiques. Alors que les voyageurs sont de plus en plus conscients de leur empreinte carbone, l&rsquo;industrie doit r\u00e9pondre \u00e0 ces attentes en adoptant des pratiques plus durables. La route est sem\u00e9e d&#8217;emb\u00fbches, mais avec des efforts concert\u00e9s, un avenir plus vert est encore possible.<\/p>\n<section style=\"margin:32px 0;font-family:-apple-system,BlinkMacSystemFont,'Segoe UI',Roboto,sans-serif;\">\n<h2 style=\"margin:0 0 18px 0;font-size:22px;font-weight:800;color:#1a1a1a;letter-spacing:-0.01em;\">Questions fr\u00e9quentes<\/h2>\n<div style=\"border-top:1px solid #d4cfc4;\">\n<details style=\"border-bottom:1px solid #d4cfc4;padding:0;\">\n<summary style=\"cursor:pointer;padding:16px 0;font-size:17px;font-weight:700;color:#1a1a1a;list-style:none;display:flex;justify-content:space-between;align-items:center;gap:14px;\">\n        <span>Qu&rsquo;est-ce que Travalyst exactement ?<\/span><br \/>\n        <span style=\"font-size:22px;font-weight:300;color:#6a4a2a;line-height:1;\">+<\/span><br \/>\n      <\/summary>\n<div style=\"padding:0 0 16px 0;font-size:15px;line-height:1.7;color:#4a4a4a;\">Travalyst est une initiative \u00e0 but non lucratif fond\u00e9e par le prince Harry, qui r\u00e9unit acteurs du voyage (Google, Booking.com, Visa, Skyscanner, Trip.com\u2026) autour d&rsquo;un objectif commun : standardiser l&rsquo;information climat et acc\u00e9l\u00e9rer les pratiques durables dans le tourisme.<\/div>\n<\/details>\n<details style=\"border-bottom:1px solid #d4cfc4;padding:0;\">\n<summary style=\"cursor:pointer;padding:16px 0;font-size:17px;font-weight:700;color:#1a1a1a;list-style:none;display:flex;justify-content:space-between;align-items:center;gap:14px;\">\n        <span>Pourquoi l&rsquo;aviation p\u00e8se-t-elle autant dans les \u00e9missions du voyage ?<\/span><br \/>\n        <span style=\"font-size:22px;font-weight:300;color:#6a4a2a;line-height:1;\">+<\/span><br \/>\n      <\/summary>\n<div style=\"padding:0 0 16px 0;font-size:15px;line-height:1.7;color:#4a4a4a;\">Un vol long-courrier \u00e9met plusieurs centaines de kilos de CO\u2082 par passager \u2014 soit l&rsquo;\u00e9quivalent de mois d&rsquo;\u00e9missions quotidiennes. Selon Travalyst, l&rsquo;aviation repr\u00e9sente \u00e0 elle seule 52 % des \u00e9missions totales de l&rsquo;industrie du voyage, devant l&rsquo;h\u00e9bergement et le transport terrestre.<\/div>\n<\/details>\n<details style=\"border-bottom:1px solid #d4cfc4;padding:0;\">\n<summary style=\"cursor:pointer;padding:16px 0;font-size:17px;font-weight:700;color:#1a1a1a;list-style:none;display:flex;justify-content:space-between;align-items:center;gap:14px;\">\n        <span>Les carburants d&rsquo;aviation durables (SAF) sont-ils une vraie solution ?<\/span><br \/>\n        <span style=\"font-size:22px;font-weight:300;color:#6a4a2a;line-height:1;\">+<\/span><br \/>\n      <\/summary>\n<div style=\"padding:0 0 16px 0;font-size:15px;line-height:1.7;color:#4a4a4a;\">Les SAF peuvent r\u00e9duire jusqu&rsquo;\u00e0 80 % des \u00e9missions sur leur cycle de vie compar\u00e9s au k\u00e9ros\u00e8ne fossile. Mais leur production mondiale reste tr\u00e8s limit\u00e9e, ce qui rend leur usage minoritaire dans les flottes actuelles. Le d\u00e9fi est de monter en capacit\u00e9 industrielle d&rsquo;ici 2030.<\/div>\n<\/details>\n<details style=\"border-bottom:1px solid #d4cfc4;padding:0;\">\n<summary style=\"cursor:pointer;padding:16px 0;font-size:17px;font-weight:700;color:#1a1a1a;list-style:none;display:flex;justify-content:space-between;align-items:center;gap:14px;\">\n        <span>Que peut faire concr\u00e8tement un voyageur individuel ?<\/span><br \/>\n        <span style=\"font-size:22px;font-weight:300;color:#6a4a2a;line-height:1;\">+<\/span><br \/>\n      <\/summary>\n<div style=\"padding:0 0 16px 0;font-size:15px;line-height:1.7;color:#4a4a4a;\">Privil\u00e9gier le train sur les trajets courts, choisir des s\u00e9jours plus longs et moins fr\u00e9quents, s\u00e9lectionner des h\u00e9bergements labellis\u00e9s et locaux, comparer l&#8217;empreinte carbone affich\u00e9e sur les comparateurs. Ces gestes ne remplacent pas l&rsquo;effort industriel, mais ils orientent la demande.<\/div>\n<\/details>\n<details style=\"border-bottom:1px solid #d4cfc4;padding:0;\">\n<summary style=\"cursor:pointer;padding:16px 0;font-size:17px;font-weight:700;color:#1a1a1a;list-style:none;display:flex;justify-content:space-between;align-items:center;gap:14px;\">\n        <span>L&rsquo;objectif -50 % d&rsquo;ici 2030 est-il r\u00e9aliste ?<\/span><br \/>\n        <span style=\"font-size:22px;font-weight:300;color:#6a4a2a;line-height:1;\">+<\/span><br \/>\n      <\/summary>\n<div style=\"padding:0 0 16px 0;font-size:15px;line-height:1.7;color:#4a4a4a;\">Travalyst le qualifie lui-m\u00eame d&rsquo;\u00ab hors trajectoire \u00bb au rythme actuel. Atteindre cette cible suppose un alignement simultan\u00e9 des compagnies a\u00e9riennes, h\u00f4teliers, plateformes et r\u00e9gulateurs, plus un changement d&rsquo;arbitrage c\u00f4t\u00e9 voyageurs. Ambitieux, mais c&rsquo;est pr\u00e9cis\u00e9ment le sens de l&rsquo;appel du prince Harry.<\/div>\n<\/details><\/div>\n<\/section>\n","protected":false},"excerpt":{"rendered":"","protected":false},"author":34,"featured_media":17988,"comment_status":"open","ping_status":"open","sticky":false,"template":"","format":"standard","meta":{"_acf_changed":false,"manual_indexmenow":false,"indexmenow_id_project":0,"footnotes":""},"categories":[1],"tags":[4388,4385,3878,5008,5218],"class_list":["post-17149","post","type-post","status-publish","format-standard","has-post-thumbnail","hentry","category-a-la-une","tag-ecosysteme-sain","tag-pratiques-durables","tag-protection","tag-tourisme","tag-voyage-organise","generate-columns","tablet-grid-50","mobile-grid-100","grid-parent","grid-25"],"acf":[],"yoast_head":"<!-- This site is optimized with the Yoast SEO Premium plugin v21.3 (Yoast SEO v25.1) - https:\/\/yoast.com\/wordpress\/plugins\/seo\/ -->\n<title>Le prince Harry exhorte l&#039;industrie du voyage \u00e0 r\u00e9duire ses<\/title>\n<meta name=\"description\" content=\"Le prince Harry remet une pi\u00e8ce dans la machine du tourisme durable. Devant les acteurs du secteur, il dresse un constat sans d\u00e9tour : malgr\u00e9 les discours\" \/>\n<meta name=\"robots\" content=\"index, follow, max-snippet:-1, max-image-preview:large, max-video-preview:-1\" \/>\n<link rel=\"canonical\" href=\"https:\/\/voyage-aventure.com\/blog\/a-la-une\/le-prince-harry-exhorte-lindustrie-du-voyage-a-reduire-ses-emissions-de-carbone\/\" \/>\n<meta property=\"og:locale\" content=\"fr_FR\" \/>\n<meta property=\"og:type\" content=\"article\" \/>\n<meta property=\"og:title\" content=\"Le prince Harry exhorte l&#039;industrie du voyage \u00e0 r\u00e9duire ses\" \/>\n<meta property=\"og:description\" content=\"Le prince Harry remet une pi\u00e8ce dans la machine du tourisme durable. Devant les acteurs du secteur, il dresse un constat sans d\u00e9tour : malgr\u00e9 les discours\" \/>\n<meta property=\"og:url\" content=\"https:\/\/voyage-aventure.com\/blog\/a-la-une\/le-prince-harry-exhorte-lindustrie-du-voyage-a-reduire-ses-emissions-de-carbone\/\" \/>\n<meta property=\"og:site_name\" content=\"voyage-aventure\" \/>\n<meta property=\"og:image\" content=\"https:\/\/voyage-aventure.com\/blog\/wp-content\/uploads\/2025\/04\/sdxl-d8ec2f311e377eb8dff67540712eee1d.png\" \/>\n\t<meta property=\"og:image:width\" content=\"1536\" \/>\n\t<meta property=\"og:image:height\" content=\"640\" \/>\n\t<meta property=\"og:image:type\" content=\"image\/png\" \/>\n<meta name=\"author\" content=\"Camille Rouvray\" \/>\n<meta name=\"twitter:card\" content=\"summary_large_image\" \/>\n<script type=\"application\/ld+json\" class=\"yoast-schema-graph\">{\"@context\":\"https:\/\/schema.org\",\"@graph\":[{\"@type\":\"NewsArticle\",\"@id\":\"https:\/\/voyage-aventure.com\/blog\/a-la-une\/le-prince-harry-exhorte-lindustrie-du-voyage-a-reduire-ses-emissions-de-carbone\/#article\",\"isPartOf\":{\"@id\":\"https:\/\/voyage-aventure.com\/blog\/a-la-une\/le-prince-harry-exhorte-lindustrie-du-voyage-a-reduire-ses-emissions-de-carbone\/\"},\"author\":{\"name\":\"Camille Rouvray\",\"@id\":\"https:\/\/voyage-aventure.com\/blog\/#\/schema\/person\/3c864cdc320801e3db34b663e7e3f816\"},\"headline\":\"Le prince Harry exhorte l&rsquo;industrie du voyage \u00e0 r\u00e9duire ses \u00e9missions de carbone\",\"datePublished\":\"2026-05-22T08:11:50+00:00\",\"mainEntityOfPage\":{\"@id\":\"https:\/\/voyage-aventure.com\/blog\/a-la-une\/le-prince-harry-exhorte-lindustrie-du-voyage-a-reduire-ses-emissions-de-carbone\/\"},\"wordCount\":1899,\"commentCount\":15,\"publisher\":{\"@id\":\"https:\/\/voyage-aventure.com\/blog\/#organization\"},\"image\":{\"@id\":\"https:\/\/voyage-aventure.com\/blog\/a-la-une\/le-prince-harry-exhorte-lindustrie-du-voyage-a-reduire-ses-emissions-de-carbone\/#primaryimage\"},\"thumbnailUrl\":\"https:\/\/voyage-aventure.com\/blog\/wp-content\/uploads\/2025\/04\/sdxl-d8ec2f311e377eb8dff67540712eee1d.png\",\"keywords\":[\"\u00c9cosyst\u00e8me Sain\",\"Pratiques Durables\",\"Protection\",\"Tourisme\",\"Voyage Organis\u00e9\"],\"articleSection\":[\"\u00c0 la une\"],\"inLanguage\":\"fr-FR\",\"potentialAction\":[{\"@type\":\"CommentAction\",\"name\":\"Comment\",\"target\":[\"https:\/\/voyage-aventure.com\/blog\/a-la-une\/le-prince-harry-exhorte-lindustrie-du-voyage-a-reduire-ses-emissions-de-carbone\/#respond\"]}]},{\"@type\":\"WebPage\",\"@id\":\"https:\/\/voyage-aventure.com\/blog\/a-la-une\/le-prince-harry-exhorte-lindustrie-du-voyage-a-reduire-ses-emissions-de-carbone\/\",\"url\":\"https:\/\/voyage-aventure.com\/blog\/a-la-une\/le-prince-harry-exhorte-lindustrie-du-voyage-a-reduire-ses-emissions-de-carbone\/\",\"name\":\"Le prince Harry exhorte l'industrie du voyage \u00e0 r\u00e9duire ses\",\"isPartOf\":{\"@id\":\"https:\/\/voyage-aventure.com\/blog\/#website\"},\"primaryImageOfPage\":{\"@id\":\"https:\/\/voyage-aventure.com\/blog\/a-la-une\/le-prince-harry-exhorte-lindustrie-du-voyage-a-reduire-ses-emissions-de-carbone\/#primaryimage\"},\"image\":{\"@id\":\"https:\/\/voyage-aventure.com\/blog\/a-la-une\/le-prince-harry-exhorte-lindustrie-du-voyage-a-reduire-ses-emissions-de-carbone\/#primaryimage\"},\"thumbnailUrl\":\"https:\/\/voyage-aventure.com\/blog\/wp-content\/uploads\/2025\/04\/sdxl-d8ec2f311e377eb8dff67540712eee1d.png\",\"datePublished\":\"2026-05-22T08:11:50+00:00\",\"description\":\"Le prince Harry remet une pi\u00e8ce dans la machine du tourisme durable. Devant les acteurs du secteur, il dresse un constat sans d\u00e9tour : malgr\u00e9 les discours\",\"inLanguage\":\"fr-FR\",\"potentialAction\":[{\"@type\":\"ReadAction\",\"target\":[\"https:\/\/voyage-aventure.com\/blog\/a-la-une\/le-prince-harry-exhorte-lindustrie-du-voyage-a-reduire-ses-emissions-de-carbone\/\"]}]},{\"@type\":\"ImageObject\",\"inLanguage\":\"fr-FR\",\"@id\":\"https:\/\/voyage-aventure.com\/blog\/a-la-une\/le-prince-harry-exhorte-lindustrie-du-voyage-a-reduire-ses-emissions-de-carbone\/#primaryimage\",\"url\":\"https:\/\/voyage-aventure.com\/blog\/wp-content\/uploads\/2025\/04\/sdxl-d8ec2f311e377eb8dff67540712eee1d.png\",\"contentUrl\":\"https:\/\/voyage-aventure.com\/blog\/wp-content\/uploads\/2025\/04\/sdxl-d8ec2f311e377eb8dff67540712eee1d.png\",\"width\":1536,\"height\":640},{\"@type\":\"WebSite\",\"@id\":\"https:\/\/voyage-aventure.com\/blog\/#website\",\"url\":\"https:\/\/voyage-aventure.com\/blog\/\",\"name\":\"voyage-aventure.com\",\"description\":\"Votre passeport pour l\u2019inattendu.\",\"publisher\":{\"@id\":\"https:\/\/voyage-aventure.com\/blog\/#organization\"},\"alternateName\":\"Votre passeport pour l\u2019inattendu.\",\"potentialAction\":[{\"@type\":\"SearchAction\",\"target\":{\"@type\":\"EntryPoint\",\"urlTemplate\":\"https:\/\/voyage-aventure.com\/blog\/?s={search_term_string}\"},\"query-input\":{\"@type\":\"PropertyValueSpecification\",\"valueRequired\":true,\"valueName\":\"search_term_string\"}}],\"inLanguage\":\"fr-FR\"},{\"@type\":\"Organization\",\"@id\":\"https:\/\/voyage-aventure.com\/blog\/#organization\",\"name\":\"Foretsensations.fr\",\"url\":\"https:\/\/voyage-aventure.com\/blog\/\",\"logo\":{\"@type\":\"ImageObject\",\"inLanguage\":\"fr-FR\",\"@id\":\"https:\/\/voyage-aventure.com\/blog\/#\/schema\/logo\/image\/\",\"url\":\"https:\/\/voyage-aventure.com\/blog\/wp-content\/uploads\/2024\/12\/19.png\",\"contentUrl\":\"https:\/\/voyage-aventure.com\/blog\/wp-content\/uploads\/2024\/12\/19.png\",\"width\":512,\"height\":512,\"caption\":\"Foretsensations.fr\"},\"image\":{\"@id\":\"https:\/\/voyage-aventure.com\/blog\/#\/schema\/logo\/image\/\"}},{\"@type\":\"Person\",\"@id\":\"https:\/\/voyage-aventure.com\/blog\/#\/schema\/person\/3c864cdc320801e3db34b663e7e3f816\",\"name\":\"Camille Rouvray\",\"image\":{\"@type\":\"ImageObject\",\"inLanguage\":\"fr-FR\",\"@id\":\"https:\/\/voyage-aventure.com\/blog\/#\/schema\/person\/image\/\",\"url\":\"https:\/\/voyage-aventure.com\/blog\/wp-content\/uploads\/2026\/06\/persona_camille-r-96x96.jpg\",\"contentUrl\":\"https:\/\/voyage-aventure.com\/blog\/wp-content\/uploads\/2026\/06\/persona_camille-r-96x96.jpg\",\"caption\":\"Camille Rouvray\"},\"description\":\"Je voyage et j'\u00e9cris sur le voyage depuis une douzaine d'ann\u00e9es, d'abord en tant que routarde au long cours, puis comme r\u00e9dactrice sp\u00e9cialis\u00e9e. Mon terrain de pr\u00e9dilection, ce sont les circuits organis\u00e9s et l'art de bien pr\u00e9parer un itin\u00e9raire : choix de la saison, dur\u00e9e r\u00e9aliste des \u00e9tapes, budget jour par jour, logement et transport sur place. J'aime aussi raconter les p\u00e9pites urbaines, ces adresses qu'on ne trouve pas dans les guides classiques. Avant de publier un dossier destination, je croise toujours plusieurs sources, je v\u00e9rifie les tarifs et les formalit\u00e9s d'entr\u00e9e \u00e0 jour, et je teste moi-m\u00eame quand je le peux. Mon angle reste pratique avant tout : aider le lecteur \u00e0 partir l'esprit tranquille, sans mauvaise surprise une fois sur place. Je m'attache \u00e0 distinguer le coup de c\u0153ur sinc\u00e8re du simple argument marketing.\",\"sameAs\":[\"https:\/\/camillerouvray.fr\/\"],\"url\":\"https:\/\/voyage-aventure.com\/blog\/auteur\/noname\/\"}]}<\/script>\n<!-- \/ Yoast SEO Premium plugin. -->","yoast_head_json":{"title":"Le prince Harry exhorte l'industrie du voyage \u00e0 r\u00e9duire ses","description":"Le prince Harry remet une pi\u00e8ce dans la machine du tourisme durable. Devant les acteurs du secteur, il dresse un constat sans d\u00e9tour : malgr\u00e9 les discours","robots":{"index":"index","follow":"follow","max-snippet":"max-snippet:-1","max-image-preview":"max-image-preview:large","max-video-preview":"max-video-preview:-1"},"canonical":"https:\/\/voyage-aventure.com\/blog\/a-la-une\/le-prince-harry-exhorte-lindustrie-du-voyage-a-reduire-ses-emissions-de-carbone\/","og_locale":"fr_FR","og_type":"article","og_title":"Le prince Harry exhorte l'industrie du voyage \u00e0 r\u00e9duire ses","og_description":"Le prince Harry remet une pi\u00e8ce dans la machine du tourisme durable. Devant les acteurs du secteur, il dresse un constat sans d\u00e9tour : malgr\u00e9 les discours","og_url":"https:\/\/voyage-aventure.com\/blog\/a-la-une\/le-prince-harry-exhorte-lindustrie-du-voyage-a-reduire-ses-emissions-de-carbone\/","og_site_name":"voyage-aventure","og_image":[{"width":1536,"height":640,"url":"https:\/\/voyage-aventure.com\/blog\/wp-content\/uploads\/2025\/04\/sdxl-d8ec2f311e377eb8dff67540712eee1d.png","type":"image\/png"}],"author":"Camille Rouvray","twitter_card":"summary_large_image","schema":{"@context":"https:\/\/schema.org","@graph":[{"@type":"NewsArticle","@id":"https:\/\/voyage-aventure.com\/blog\/a-la-une\/le-prince-harry-exhorte-lindustrie-du-voyage-a-reduire-ses-emissions-de-carbone\/#article","isPartOf":{"@id":"https:\/\/voyage-aventure.com\/blog\/a-la-une\/le-prince-harry-exhorte-lindustrie-du-voyage-a-reduire-ses-emissions-de-carbone\/"},"author":{"name":"Camille Rouvray","@id":"https:\/\/voyage-aventure.com\/blog\/#\/schema\/person\/3c864cdc320801e3db34b663e7e3f816"},"headline":"Le prince Harry exhorte l&rsquo;industrie du voyage \u00e0 r\u00e9duire ses \u00e9missions de carbone","datePublished":"2026-05-22T08:11:50+00:00","mainEntityOfPage":{"@id":"https:\/\/voyage-aventure.com\/blog\/a-la-une\/le-prince-harry-exhorte-lindustrie-du-voyage-a-reduire-ses-emissions-de-carbone\/"},"wordCount":1899,"commentCount":15,"publisher":{"@id":"https:\/\/voyage-aventure.com\/blog\/#organization"},"image":{"@id":"https:\/\/voyage-aventure.com\/blog\/a-la-une\/le-prince-harry-exhorte-lindustrie-du-voyage-a-reduire-ses-emissions-de-carbone\/#primaryimage"},"thumbnailUrl":"https:\/\/voyage-aventure.com\/blog\/wp-content\/uploads\/2025\/04\/sdxl-d8ec2f311e377eb8dff67540712eee1d.png","keywords":["\u00c9cosyst\u00e8me Sain","Pratiques Durables","Protection","Tourisme","Voyage Organis\u00e9"],"articleSection":["\u00c0 la une"],"inLanguage":"fr-FR","potentialAction":[{"@type":"CommentAction","name":"Comment","target":["https:\/\/voyage-aventure.com\/blog\/a-la-une\/le-prince-harry-exhorte-lindustrie-du-voyage-a-reduire-ses-emissions-de-carbone\/#respond"]}]},{"@type":"WebPage","@id":"https:\/\/voyage-aventure.com\/blog\/a-la-une\/le-prince-harry-exhorte-lindustrie-du-voyage-a-reduire-ses-emissions-de-carbone\/","url":"https:\/\/voyage-aventure.com\/blog\/a-la-une\/le-prince-harry-exhorte-lindustrie-du-voyage-a-reduire-ses-emissions-de-carbone\/","name":"Le prince Harry exhorte l'industrie du voyage \u00e0 r\u00e9duire ses","isPartOf":{"@id":"https:\/\/voyage-aventure.com\/blog\/#website"},"primaryImageOfPage":{"@id":"https:\/\/voyage-aventure.com\/blog\/a-la-une\/le-prince-harry-exhorte-lindustrie-du-voyage-a-reduire-ses-emissions-de-carbone\/#primaryimage"},"image":{"@id":"https:\/\/voyage-aventure.com\/blog\/a-la-une\/le-prince-harry-exhorte-lindustrie-du-voyage-a-reduire-ses-emissions-de-carbone\/#primaryimage"},"thumbnailUrl":"https:\/\/voyage-aventure.com\/blog\/wp-content\/uploads\/2025\/04\/sdxl-d8ec2f311e377eb8dff67540712eee1d.png","datePublished":"2026-05-22T08:11:50+00:00","description":"Le prince Harry remet une pi\u00e8ce dans la machine du tourisme durable. Devant les acteurs du secteur, il dresse un constat sans d\u00e9tour : malgr\u00e9 les discours","inLanguage":"fr-FR","potentialAction":[{"@type":"ReadAction","target":["https:\/\/voyage-aventure.com\/blog\/a-la-une\/le-prince-harry-exhorte-lindustrie-du-voyage-a-reduire-ses-emissions-de-carbone\/"]}]},{"@type":"ImageObject","inLanguage":"fr-FR","@id":"https:\/\/voyage-aventure.com\/blog\/a-la-une\/le-prince-harry-exhorte-lindustrie-du-voyage-a-reduire-ses-emissions-de-carbone\/#primaryimage","url":"https:\/\/voyage-aventure.com\/blog\/wp-content\/uploads\/2025\/04\/sdxl-d8ec2f311e377eb8dff67540712eee1d.png","contentUrl":"https:\/\/voyage-aventure.com\/blog\/wp-content\/uploads\/2025\/04\/sdxl-d8ec2f311e377eb8dff67540712eee1d.png","width":1536,"height":640},{"@type":"WebSite","@id":"https:\/\/voyage-aventure.com\/blog\/#website","url":"https:\/\/voyage-aventure.com\/blog\/","name":"voyage-aventure.com","description":"Votre passeport pour l\u2019inattendu.","publisher":{"@id":"https:\/\/voyage-aventure.com\/blog\/#organization"},"alternateName":"Votre passeport pour l\u2019inattendu.","potentialAction":[{"@type":"SearchAction","target":{"@type":"EntryPoint","urlTemplate":"https:\/\/voyage-aventure.com\/blog\/?s={search_term_string}"},"query-input":{"@type":"PropertyValueSpecification","valueRequired":true,"valueName":"search_term_string"}}],"inLanguage":"fr-FR"},{"@type":"Organization","@id":"https:\/\/voyage-aventure.com\/blog\/#organization","name":"Foretsensations.fr","url":"https:\/\/voyage-aventure.com\/blog\/","logo":{"@type":"ImageObject","inLanguage":"fr-FR","@id":"https:\/\/voyage-aventure.com\/blog\/#\/schema\/logo\/image\/","url":"https:\/\/voyage-aventure.com\/blog\/wp-content\/uploads\/2024\/12\/19.png","contentUrl":"https:\/\/voyage-aventure.com\/blog\/wp-content\/uploads\/2024\/12\/19.png","width":512,"height":512,"caption":"Foretsensations.fr"},"image":{"@id":"https:\/\/voyage-aventure.com\/blog\/#\/schema\/logo\/image\/"}},{"@type":"Person","@id":"https:\/\/voyage-aventure.com\/blog\/#\/schema\/person\/3c864cdc320801e3db34b663e7e3f816","name":"Camille Rouvray","image":{"@type":"ImageObject","inLanguage":"fr-FR","@id":"https:\/\/voyage-aventure.com\/blog\/#\/schema\/person\/image\/","url":"https:\/\/voyage-aventure.com\/blog\/wp-content\/uploads\/2026\/06\/persona_camille-r-96x96.jpg","contentUrl":"https:\/\/voyage-aventure.com\/blog\/wp-content\/uploads\/2026\/06\/persona_camille-r-96x96.jpg","caption":"Camille Rouvray"},"description":"Je voyage et j'\u00e9cris sur le voyage depuis une douzaine d'ann\u00e9es, d'abord en tant que routarde au long cours, puis comme r\u00e9dactrice sp\u00e9cialis\u00e9e. Mon terrain de pr\u00e9dilection, ce sont les circuits organis\u00e9s et l'art de bien pr\u00e9parer un itin\u00e9raire : choix de la saison, dur\u00e9e r\u00e9aliste des \u00e9tapes, budget jour par jour, logement et transport sur place. J'aime aussi raconter les p\u00e9pites urbaines, ces adresses qu'on ne trouve pas dans les guides classiques. Avant de publier un dossier destination, je croise toujours plusieurs sources, je v\u00e9rifie les tarifs et les formalit\u00e9s d'entr\u00e9e \u00e0 jour, et je teste moi-m\u00eame quand je le peux. Mon angle reste pratique avant tout : aider le lecteur \u00e0 partir l'esprit tranquille, sans mauvaise surprise une fois sur place. Je m'attache \u00e0 distinguer le coup de c\u0153ur sinc\u00e8re du simple argument marketing.","sameAs":["https:\/\/camillerouvray.fr\/"],"url":"https:\/\/voyage-aventure.com\/blog\/auteur\/noname\/"}]}},"_links":{"self":[{"href":"https:\/\/voyage-aventure.com\/blog\/wp-json\/wp\/v2\/posts\/17149","targetHints":{"allow":["GET"]}}],"collection":[{"href":"https:\/\/voyage-aventure.com\/blog\/wp-json\/wp\/v2\/posts"}],"about":[{"href":"https:\/\/voyage-aventure.com\/blog\/wp-json\/wp\/v2\/types\/post"}],"author":[{"embeddable":true,"href":"https:\/\/voyage-aventure.com\/blog\/wp-json\/wp\/v2\/users\/34"}],"replies":[{"embeddable":true,"href":"https:\/\/voyage-aventure.com\/blog\/wp-json\/wp\/v2\/comments?post=17149"}],"version-history":[{"count":2,"href":"https:\/\/voyage-aventure.com\/blog\/wp-json\/wp\/v2\/posts\/17149\/revisions"}],"predecessor-version":[{"id":21260,"href":"https:\/\/voyage-aventure.com\/blog\/wp-json\/wp\/v2\/posts\/17149\/revisions\/21260"}],"wp:featuredmedia":[{"embeddable":true,"href":"https:\/\/voyage-aventure.com\/blog\/wp-json\/wp\/v2\/media\/17988"}],"wp:attachment":[{"href":"https:\/\/voyage-aventure.com\/blog\/wp-json\/wp\/v2\/media?parent=17149"}],"wp:term":[{"taxonomy":"category","embeddable":true,"href":"https:\/\/voyage-aventure.com\/blog\/wp-json\/wp\/v2\/categories?post=17149"},{"taxonomy":"post_tag","embeddable":true,"href":"https:\/\/voyage-aventure.com\/blog\/wp-json\/wp\/v2\/tags?post=17149"}],"curies":[{"name":"wp","href":"https:\/\/api.w.org\/{rel}","templated":true}]}}