{"id":17138,"date":"2026-06-16T17:49:50","date_gmt":"2026-06-16T15:49:50","guid":{"rendered":"https:\/\/voyage-aventure.com\/blog\/?p=17138"},"modified":"2026-06-16T17:49:50","modified_gmt":"2026-06-16T15:49:50","slug":"une-compagnie-aerienne-americaine-envisage-une-expansion-vers-leurope-dici-2026","status":"publish","type":"post","link":"https:\/\/voyage-aventure.com\/blog\/a-la-une\/une-compagnie-aerienne-americaine-envisage-une-expansion-vers-leurope-dici-2026\/","title":{"rendered":"Une compagnie a\u00e9rienne am\u00e9ricaine envisage une expansion vers l&rsquo;Europe d&rsquo;ici 2026"},"content":{"rendered":"<link rel=\"stylesheet\" href=\"https:\/\/fonts.googleapis.com\/css2?family=Newsreader:ital,opsz,wght@0,6..72,500..700;1,6..72,500..600&#038;family=Inter:wght@400;500;600&#038;family=JetBrains+Mono:wght@500&#038;display=swap\">\n<style>\n.va-aerienexp-wrap{font-family:'Inter',system-ui,sans-serif;color:#1b2430;line-height:1.65;font-size:17px}\n.va-aerienexp-wrap h2{font-family:'Newsreader',Georgia,serif;font-weight:700;font-size:clamp(24px,3.2vw,33px);letter-spacing:-.01em;line-height:1.2;color:#10243a;margin:48px 0 14px}\n.va-aerienexp-wrap h3{font-family:'Newsreader',Georgia,serif;font-weight:600;font-size:clamp(19px,2.2vw,23px);color:#10243a;margin:26px 0 10px}\n.va-aerienexp-kicker{font-family:'JetBrains Mono',monospace;font-size:12px;letter-spacing:.14em;text-transform:uppercase;color:#2065A8;font-weight:500}\n.va-aerienexp-lead{font-size:19px;line-height:1.6;color:#33414f;margin:14px 0 8px}\n.va-aerienexp-essentiel{background:#f3f7fc;border-left:5px solid #2065A8;border-radius:8px;padding:22px 26px;margin:26px 0 36px;box-shadow:0 1px 2px rgba(16,24,40,.05),0 12px 28px -18px rgba(32,101,168,.28)}\n.va-aerienexp-essentiel .va-aerienexp-etitle{font-family:'JetBrains Mono',monospace;font-size:12px;letter-spacing:.14em;text-transform:uppercase;color:#2065A8;font-weight:500;margin-bottom:14px}\n.va-aerienexp-erow{display:grid;grid-template-columns:130px 1fr;gap:10px 18px;padding:10px 0;border-top:1px solid #dbe6f2}\n.va-aerienexp-erow:first-of-type{border-top:none}\n.va-aerienexp-elabel{font-family:'JetBrains Mono',monospace;font-size:12px;letter-spacing:.06em;text-transform:uppercase;color:#5a6b7d;font-weight:500;align-self:start}\n.va-aerienexp-eval{color:#1b2430}\n.va-aerienexp-grid{display:grid;grid-template-columns:repeat(auto-fit,minmax(240px,1fr));gap:22px;margin:26px 0}\n.va-aerienexp-card{background:#fff;border:1px solid #e2e8f0;border-top:3px solid #2065A8;border-radius:10px;padding:22px 24px;transition:.25s ease}\n.va-aerienexp-card:hover{transform:translateY(-3px);box-shadow:0 1px 2px rgba(16,24,40,.05),0 16px 32px -18px rgba(16,24,40,.22);border-color:#cdd9e6}\n.va-aerienexp-card .va-aerienexp-ctitle{font-family:'Newsreader',Georgia,serif;font-weight:600;font-size:20px;color:#10243a;margin-bottom:8px}\n.va-aerienexp-card .va-aerienexp-ctxt{font-size:15.5px;color:#41505f;line-height:1.6}\n.va-aerienexp-quote{font-family:'Newsreader',Georgia,serif;font-style:italic;font-weight:500;font-size:clamp(22px,3vw,28px);line-height:1.4;color:#10243a;border-left:5px solid #2065A8;padding:8px 0 8px 26px;margin:34px 0}\n.va-aerienexp-quote .va-aerienexp-qauthor{display:block;font-family:'JetBrains Mono',monospace;font-style:normal;font-size:12px;letter-spacing:.08em;text-transform:uppercase;color:#5a6b7d;margin-top:14px}\n.va-aerienexp-retenir{background:#10243a;border-radius:12px;padding:26px 30px;margin:40px 0 30px;color:#e9f0f8}\n.va-aerienexp-retenir .va-aerienexp-rtitle{font-family:'JetBrains Mono',monospace;font-size:12px;letter-spacing:.14em;text-transform:uppercase;color:#7db4e8;font-weight:500;margin-bottom:14px}\n.va-aerienexp-retenir ul{margin:0;padding-left:20px}\n.va-aerienexp-retenir li{margin:9px 0;line-height:1.55}\n.va-aerienexp-wrap details{border:1px solid #e2e8f0;border-radius:10px;padding:4px 20px;margin:12px 0;transition:.25s ease}\n.va-aerienexp-wrap details[open]{border-color:#2065A8;box-shadow:0 12px 28px -20px rgba(32,101,168,.3)}\n.va-aerienexp-wrap summary{font-family:'Newsreader',Georgia,serif;font-weight:600;font-size:18px;color:#10243a;cursor:pointer;padding:14px 0;list-style:none}\n.va-aerienexp-wrap summary::-webkit-details-marker{display:none}\n.va-aerienexp-wrap summary::before{content:\"+\";color:#2065A8;font-weight:700;margin-right:12px}\n.va-aerienexp-wrap details[open] summary::before{content:\"\u2212\"}\n.va-aerienexp-wrap details .va-aerienexp-atxt{padding:0 0 18px;color:#41505f;font-size:15.5px;line-height:1.6}\n@media(max-width:520px){.va-aerienexp-erow{grid-template-columns:1fr}}\n\/*RENDERFIX2*\/.va-aerienexp-retenir{color:#eef3f9!important}.va-aerienexp-retenir p,.va-aerienexp-retenir li,.va-aerienexp-retenir strong,.va-aerienexp-retenir em,.va-aerienexp-retenir a,.va-aerienexp-retenir span,.va-aerienexp-retenir b,.va-aerienexp-retenir td,.va-aerienexp-retenir th,.va-aerienexp-retenir h2,.va-aerienexp-retenir h3,.va-aerienexp-retenir h4{color:#eef3f9!important}.va-aerienexp-retenir strong,.va-aerienexp-retenir b{color:#ffffff!important}<\/style>\n<div class=\"va-aerienexp-wrap\">\n<div class=\"va-aerienexp-kicker\">Transport a\u00e9rien \u00b7 Avril 2025<\/div>\n<div class=\"va-aerienexp-lead\">Alaska Airlines, surtout connue pour ses liaisons domestiques aux \u00c9tats-Unis, place d\u00e9sormais l&rsquo;Europe \u00ab sur le radar pour 2026 \u00bb. Une annonce de son PDG Ben Minicucci qui s&rsquo;inscrit dans une strat\u00e9gie d&rsquo;expansion internationale plus large, encore au stade des pr\u00e9paratifs.<\/div>\n<div class=\"va-aerienexp-essentiel\">\n<div class=\"va-aerienexp-etitle\">L&rsquo;essentiel<\/div>\n<div class=\"va-aerienexp-erow\">\n<div class=\"va-aerienexp-elabel\">Quoi<\/div>\n<div class=\"va-aerienexp-eval\">Un projet d&rsquo;expansion d&rsquo;Alaska Airlines vers l&rsquo;Europe, \u00e9voqu\u00e9 \u00ab pour 2026 \u00bb lors d&rsquo;un \u00e9v\u00e9nement du secteur.<\/div>\n<\/div>\n<div class=\"va-aerienexp-erow\">\n<div class=\"va-aerienexp-elabel\">Qui<\/div>\n<div class=\"va-aerienexp-eval\">Le PDG Ben Minicucci, dans le cadre d&rsquo;un plan visant 12 march\u00e9s internationaux d&rsquo;ici 2030.<\/div>\n<\/div>\n<div class=\"va-aerienexp-erow\">\n<div class=\"va-aerienexp-elabel\">Enjeu<\/div>\n<div class=\"va-aerienexp-eval\">De nouvelles options transatlantiques depuis la c\u00f4te ouest, et plus de concurrence face \u00e0 des acteurs d\u00e9j\u00e0 install\u00e9s comme Delta Air Lines.<\/div>\n<\/div>\n<\/div>\n<h2>Une nouvelle \u00e8re pour Alaska Airlines<\/h2>\n<p>Alaska Airlines, une compagnie bien connue pour ses liaisons domestiques, a r\u00e9cemment fait des annonces prometteuses concernant son expansion vers l&rsquo;Europe. Lors d&rsquo;un \u00e9v\u00e9nement du secteur, le PDG Ben Minicucci a soulign\u00e9 que l&rsquo;Europe est \u00ab sur le radar pour 2026 \u00bb. Cela marque un tournant significatif pour l&rsquo;entreprise, qui a d\u00e9j\u00e0 planifi\u00e9 d&rsquo;ajouter 12 march\u00e9s internationaux d&rsquo;ici 2030.<\/p>\n<p>Cette expansion attendue pourrait offrir aux voyageurs de la c\u00f4te ouest des options plus accessibles pour explorer les destinations europ\u00e9ennes. Alaska Airlines a d\u00e9j\u00e0 montr\u00e9 sa capacit\u00e9 de croissance avec sa r\u00e9cente entr\u00e9e sur le march\u00e9 asiatique, notamment des vols vers S\u00e9oul et Tokyo, pr\u00e9vus pour septembre 2025 et mai 2025 respectivement.<\/p>\n<h2>Des plans ambitieux pour 2026<\/h2>\n<p>Les d\u00e9clarations des dirigeants d&rsquo;Alaska Airlines laissent pr\u00e9sager une volont\u00e9 d&rsquo;\u00e9voluer dans un march\u00e9 en pleine mutation. Lors de l&rsquo;appel de r\u00e9sultats d&rsquo;investisseurs de janvier 2025, l&rsquo;entreprise avait d\u00e9j\u00e0 mentionn\u00e9 ses ambitions d&rsquo;expansion internationale. Andrew Harrison, le directeur commercial, a pr\u00e9cis\u00e9 que, si l&rsquo;Europe n&rsquo;est pas encore une r\u00e9alit\u00e9, les pr\u00e9paratifs sont en cours.<\/p>\n<p>Les nouvelles liaisons vers l&rsquo;Europe pourraient d\u00e9couler principalement de l&rsquo;a\u00e9roport international de Seattle-Tacoma, point n\u00e9vralgique pour la compagnie. Elles pourraient aussi renforcer la comp\u00e9tition avec d&rsquo;autres grandes compagnies qui desservent d\u00e9j\u00e0 le continent europ\u00e9en, comme Delta Air Lines.<\/p>\n<div class=\"va-aerienexp-grid\">\n<div class=\"va-aerienexp-card\">\n<div class=\"va-aerienexp-ctitle\">Un hub c\u00f4te ouest<\/div>\n<div class=\"va-aerienexp-ctxt\">Les futures liaisons partiraient principalement de Seattle-Tacoma, l&rsquo;a\u00e9roport de r\u00e9f\u00e9rence d&rsquo;Alaska Airlines.<\/div>\n<\/div>\n<div class=\"va-aerienexp-card\">\n<div class=\"va-aerienexp-ctitle\">Un calendrier annonc\u00e9<\/div>\n<div class=\"va-aerienexp-ctxt\">L&rsquo;Europe est \u00e9voqu\u00e9e \u00ab pour 2026 \u00bb, apr\u00e8s une expansion vers l&rsquo;Asie avec S\u00e9oul et Tokyo pr\u00e9vue en 2025.<\/div>\n<\/div>\n<div class=\"va-aerienexp-card\">\n<div class=\"va-aerienexp-ctitle\">Des pr\u00e9paratifs en cours<\/div>\n<div class=\"va-aerienexp-ctxt\">Selon le directeur commercial Andrew Harrison, l&rsquo;Europe n&rsquo;est pas encore act\u00e9e, mais les travaux ont commenc\u00e9.<\/div>\n<\/div>\n<\/div>\n<p><iframe loading=\"lazy\" title=\"Six a\u00e9roports, six r\u00e9alit\u00e9s qu\u2019on ne vous montre jamais\" width=\"1200\" height=\"675\" src=\"https:\/\/www.youtube.com\/embed\/zkZzw10zeCU?feature=oembed\" frameborder=\"0\" allow=\"accelerometer; autoplay; clipboard-write; encrypted-media; gyroscope; picture-in-picture; web-share\" referrerpolicy=\"strict-origin-when-cross-origin\" allowfullscreen><\/iframe><\/p>\n<h2>L&rsquo;impact sur le march\u00e9 a\u00e9rien<\/h2>\n<p>L&rsquo;annonce d&rsquo;Alaska Airlines intervient alors que de nombreuses compagnies intensifient leurs efforts pour atteindre le march\u00e9 europ\u00e9en. Des acteurs comme Southwest Airlines et American Airlines ont r\u00e9cemment fait des annonces similaires, \u00e9largissant leurs services au-del\u00e0 des fronti\u00e8res am\u00e9ricaines. Cette dynamique pourrait se traduire par une concurrence accrue et davantage d&rsquo;options pour les passagers.<\/p>\n<p>La collaboration entre compagnies, comme celle entre Southwest et Icelandair, t\u00e9moigne d&rsquo;une volont\u00e9 collective d&rsquo;am\u00e9liorer les connexions transatlantiques. Les passagers pourraient \u00e0 terme b\u00e9n\u00e9ficier de liaisons vers des villes embl\u00e9matiques telles qu&rsquo;Amsterdam, Berlin et Prague, rendant le voyage en Europe encore plus accessible.<\/p>\n<div class=\"va-aerienexp-quote\">\u00ab L&rsquo;Europe est d\u00e9finitivement sur le radar pour 2026 \u00bb<br \/>\n<span class=\"va-aerienexp-qauthor\">Ben Minicucci, PDG d&rsquo;Alaska Airlines<\/span>\n<\/div>\n<div class=\"va-aerienexp-retenir\">\n<div class=\"va-aerienexp-rtitle\">Ce qu&rsquo;il faut retenir<\/div>\n<ul>\n<li>Alaska Airlines \u00e9voque une expansion vers l&rsquo;Europe \u00ab pour 2026 \u00bb.<\/li>\n<li>Les liaisons internationales partiraient principalement de Seattle-Tacoma.<\/li>\n<li>Plusieurs compagnies am\u00e9ricaines (Southwest, American Airlines) renforcent leur pr\u00e9sence en Europe.<\/li>\n<li>Les passagers pourraient profiter d&rsquo;une plus grande vari\u00e9t\u00e9 de destinations.<\/li>\n<li>Des partenariats strat\u00e9giques, comme Southwest\u2013Icelandair, se forment pour faciliter les voyages.<\/li>\n<\/ul>\n<\/div>\n<p>Les perspectives d&rsquo;expansion d&rsquo;Alaska Airlines ouvrent de nouvelles possibilit\u00e9s pour les amateurs de voyages europ\u00e9ens. Avec davantage de liaisons, les voyageurs pourraient explorer des cultures et des paysages vari\u00e9s plus facilement, et b\u00e9n\u00e9ficier potentiellement de tarifs plus comp\u00e9titifs au d\u00e9part de la c\u00f4te ouest.<\/p>\n<h2>Questions fr\u00e9quentes<\/h2>\n<details>\n<summary>Quand Alaska Airlines compte-t-elle desservir l&rsquo;Europe ?<\/summary>\n<div class=\"va-aerienexp-atxt\">Le PDG Ben Minicucci a indiqu\u00e9 que l&rsquo;Europe \u00e9tait \u00ab sur le radar pour 2026 \u00bb. \u00c0 ce stade, il s&rsquo;agit d&rsquo;un projet : les pr\u00e9paratifs sont en cours, mais aucune liaison n&rsquo;est encore confirm\u00e9e.<\/div>\n<\/details>\n<details>\n<summary>D&rsquo;o\u00f9 partiraient les vols vers l&rsquo;Europe ?<\/summary>\n<div class=\"va-aerienexp-atxt\">Selon les \u00e9l\u00e9ments communiqu\u00e9s, les nouvelles liaisons partiraient principalement de l&rsquo;a\u00e9roport international de Seattle-Tacoma, point n\u00e9vralgique de la compagnie.<\/div>\n<\/details>\n<details>\n<summary>Quelles autres compagnies am\u00e9ricaines visent l&rsquo;Europe ?<\/summary>\n<div class=\"va-aerienexp-atxt\">Southwest Airlines et American Airlines ont r\u00e9cemment fait des annonces similaires. Le partenariat entre Southwest et Icelandair illustre par ailleurs la volont\u00e9 d&rsquo;am\u00e9liorer les connexions transatlantiques.<\/div>\n<\/details>\n<\/div>\n","protected":false},"excerpt":{"rendered":"","protected":false},"author":34,"featured_media":19472,"comment_status":"open","ping_status":"open","sticky":false,"template":"","format":"standard","meta":{"_acf_changed":false,"manual_indexmenow":false,"indexmenow_id_project":0,"footnotes":""},"categories":[1],"tags":[4538,4636,4530,5688,4526],"class_list":["post-17138","post","type-post","status-publish","format-standard","has-post-thumbnail","hentry","category-a-la-une","tag-activites-variees","tag-destinations","tag-escapade-en-europe","tag-relations-internationales","tag-voyage-economique","generate-columns","tablet-grid-50","mobile-grid-100","grid-parent","grid-25"],"acf":[],"yoast_head":"<!-- This site is optimized with the Yoast SEO Premium plugin v21.3 (Yoast SEO v25.1) - https:\/\/yoast.com\/wordpress\/plugins\/seo\/ -->\n<title>Une compagnie a\u00e9rienne am\u00e9ricaine envisage une expansion<\/title>\n<meta name=\"description\" content=\"Alaska Airlines, surtout connue pour ses liaisons domestiques aux \u00c9tats-Unis, place d\u00e9sormais l&#039;Europe \u00ab sur le radar pour 2026 \u00bb. Une annonce de son PDG\" \/>\n<meta name=\"robots\" content=\"index, follow, max-snippet:-1, max-image-preview:large, max-video-preview:-1\" \/>\n<link rel=\"canonical\" href=\"https:\/\/voyage-aventure.com\/blog\/a-la-une\/une-compagnie-aerienne-americaine-envisage-une-expansion-vers-leurope-dici-2026\/\" \/>\n<meta property=\"og:locale\" content=\"fr_FR\" \/>\n<meta property=\"og:type\" content=\"article\" \/>\n<meta property=\"og:title\" content=\"Une compagnie a\u00e9rienne am\u00e9ricaine envisage une expansion\" \/>\n<meta property=\"og:description\" content=\"Alaska Airlines, surtout connue pour ses liaisons domestiques aux \u00c9tats-Unis, place d\u00e9sormais l&#039;Europe \u00ab sur le radar pour 2026 \u00bb. Une annonce de son PDG\" \/>\n<meta property=\"og:url\" content=\"https:\/\/voyage-aventure.com\/blog\/a-la-une\/une-compagnie-aerienne-americaine-envisage-une-expansion-vers-leurope-dici-2026\/\" \/>\n<meta property=\"og:site_name\" content=\"voyage-aventure\" \/>\n<meta property=\"og:image\" content=\"https:\/\/voyage-aventure.com\/blog\/wp-content\/uploads\/2025\/05\/sdxl-65350bb9b3464c467b71bd95f5458784-scaled.png\" \/>\n\t<meta property=\"og:image:width\" content=\"1200\" \/>\n\t<meta property=\"og:image:height\" content=\"500\" \/>\n\t<meta property=\"og:image:type\" content=\"image\/png\" \/>\n<meta name=\"author\" content=\"Camille Rouvray\" \/>\n<meta name=\"twitter:card\" content=\"summary_large_image\" \/>\n<script type=\"application\/ld+json\" class=\"yoast-schema-graph\">{\"@context\":\"https:\/\/schema.org\",\"@graph\":[{\"@type\":\"NewsArticle\",\"@id\":\"https:\/\/voyage-aventure.com\/blog\/a-la-une\/une-compagnie-aerienne-americaine-envisage-une-expansion-vers-leurope-dici-2026\/#article\",\"isPartOf\":{\"@id\":\"https:\/\/voyage-aventure.com\/blog\/a-la-une\/une-compagnie-aerienne-americaine-envisage-une-expansion-vers-leurope-dici-2026\/\"},\"author\":{\"name\":\"Camille Rouvray\",\"@id\":\"https:\/\/voyage-aventure.com\/blog\/#\/schema\/person\/3c864cdc320801e3db34b663e7e3f816\"},\"headline\":\"Une compagnie a\u00e9rienne am\u00e9ricaine envisage une expansion vers l&rsquo;Europe d&rsquo;ici 2026\",\"datePublished\":\"2026-06-16T15:49:50+00:00\",\"mainEntityOfPage\":{\"@id\":\"https:\/\/voyage-aventure.com\/blog\/a-la-une\/une-compagnie-aerienne-americaine-envisage-une-expansion-vers-leurope-dici-2026\/\"},\"wordCount\":807,\"commentCount\":19,\"publisher\":{\"@id\":\"https:\/\/voyage-aventure.com\/blog\/#organization\"},\"image\":{\"@id\":\"https:\/\/voyage-aventure.com\/blog\/a-la-une\/une-compagnie-aerienne-americaine-envisage-une-expansion-vers-leurope-dici-2026\/#primaryimage\"},\"thumbnailUrl\":\"https:\/\/voyage-aventure.com\/blog\/wp-content\/uploads\/2025\/05\/sdxl-65350bb9b3464c467b71bd95f5458784-scaled.png\",\"keywords\":[\"Activit\u00e9s Vari\u00e9es\",\"Destinations\",\"Escapade en Europe\",\"Relations Internationales\",\"Voyage \u00c9conomique\"],\"articleSection\":[\"\u00c0 la une\"],\"inLanguage\":\"fr-FR\",\"potentialAction\":[{\"@type\":\"CommentAction\",\"name\":\"Comment\",\"target\":[\"https:\/\/voyage-aventure.com\/blog\/a-la-une\/une-compagnie-aerienne-americaine-envisage-une-expansion-vers-leurope-dici-2026\/#respond\"]}]},{\"@type\":\"WebPage\",\"@id\":\"https:\/\/voyage-aventure.com\/blog\/a-la-une\/une-compagnie-aerienne-americaine-envisage-une-expansion-vers-leurope-dici-2026\/\",\"url\":\"https:\/\/voyage-aventure.com\/blog\/a-la-une\/une-compagnie-aerienne-americaine-envisage-une-expansion-vers-leurope-dici-2026\/\",\"name\":\"Une compagnie a\u00e9rienne am\u00e9ricaine envisage une expansion\",\"isPartOf\":{\"@id\":\"https:\/\/voyage-aventure.com\/blog\/#website\"},\"primaryImageOfPage\":{\"@id\":\"https:\/\/voyage-aventure.com\/blog\/a-la-une\/une-compagnie-aerienne-americaine-envisage-une-expansion-vers-leurope-dici-2026\/#primaryimage\"},\"image\":{\"@id\":\"https:\/\/voyage-aventure.com\/blog\/a-la-une\/une-compagnie-aerienne-americaine-envisage-une-expansion-vers-leurope-dici-2026\/#primaryimage\"},\"thumbnailUrl\":\"https:\/\/voyage-aventure.com\/blog\/wp-content\/uploads\/2025\/05\/sdxl-65350bb9b3464c467b71bd95f5458784-scaled.png\",\"datePublished\":\"2026-06-16T15:49:50+00:00\",\"description\":\"Alaska Airlines, surtout connue pour ses liaisons domestiques aux \u00c9tats-Unis, place d\u00e9sormais l'Europe \u00ab sur le radar pour 2026 \u00bb. Une annonce de son PDG\",\"inLanguage\":\"fr-FR\",\"potentialAction\":[{\"@type\":\"ReadAction\",\"target\":[\"https:\/\/voyage-aventure.com\/blog\/a-la-une\/une-compagnie-aerienne-americaine-envisage-une-expansion-vers-leurope-dici-2026\/\"]}]},{\"@type\":\"ImageObject\",\"inLanguage\":\"fr-FR\",\"@id\":\"https:\/\/voyage-aventure.com\/blog\/a-la-une\/une-compagnie-aerienne-americaine-envisage-une-expansion-vers-leurope-dici-2026\/#primaryimage\",\"url\":\"https:\/\/voyage-aventure.com\/blog\/wp-content\/uploads\/2025\/05\/sdxl-65350bb9b3464c467b71bd95f5458784-scaled.png\",\"contentUrl\":\"https:\/\/voyage-aventure.com\/blog\/wp-content\/uploads\/2025\/05\/sdxl-65350bb9b3464c467b71bd95f5458784-scaled.png\",\"width\":1200,\"height\":500},{\"@type\":\"WebSite\",\"@id\":\"https:\/\/voyage-aventure.com\/blog\/#website\",\"url\":\"https:\/\/voyage-aventure.com\/blog\/\",\"name\":\"voyage-aventure.com\",\"description\":\"Votre passeport pour l\u2019inattendu.\",\"publisher\":{\"@id\":\"https:\/\/voyage-aventure.com\/blog\/#organization\"},\"alternateName\":\"Votre passeport pour l\u2019inattendu.\",\"potentialAction\":[{\"@type\":\"SearchAction\",\"target\":{\"@type\":\"EntryPoint\",\"urlTemplate\":\"https:\/\/voyage-aventure.com\/blog\/?s={search_term_string}\"},\"query-input\":{\"@type\":\"PropertyValueSpecification\",\"valueRequired\":true,\"valueName\":\"search_term_string\"}}],\"inLanguage\":\"fr-FR\"},{\"@type\":\"Organization\",\"@id\":\"https:\/\/voyage-aventure.com\/blog\/#organization\",\"name\":\"Foretsensations.fr\",\"url\":\"https:\/\/voyage-aventure.com\/blog\/\",\"logo\":{\"@type\":\"ImageObject\",\"inLanguage\":\"fr-FR\",\"@id\":\"https:\/\/voyage-aventure.com\/blog\/#\/schema\/logo\/image\/\",\"url\":\"https:\/\/voyage-aventure.com\/blog\/wp-content\/uploads\/2024\/12\/19.png\",\"contentUrl\":\"https:\/\/voyage-aventure.com\/blog\/wp-content\/uploads\/2024\/12\/19.png\",\"width\":512,\"height\":512,\"caption\":\"Foretsensations.fr\"},\"image\":{\"@id\":\"https:\/\/voyage-aventure.com\/blog\/#\/schema\/logo\/image\/\"}},{\"@type\":\"Person\",\"@id\":\"https:\/\/voyage-aventure.com\/blog\/#\/schema\/person\/3c864cdc320801e3db34b663e7e3f816\",\"name\":\"Camille Rouvray\",\"image\":{\"@type\":\"ImageObject\",\"inLanguage\":\"fr-FR\",\"@id\":\"https:\/\/voyage-aventure.com\/blog\/#\/schema\/person\/image\/\",\"url\":\"https:\/\/voyage-aventure.com\/blog\/wp-content\/uploads\/2026\/06\/persona_camille-r-96x96.jpg\",\"contentUrl\":\"https:\/\/voyage-aventure.com\/blog\/wp-content\/uploads\/2026\/06\/persona_camille-r-96x96.jpg\",\"caption\":\"Camille Rouvray\"},\"description\":\"Je voyage et j'\u00e9cris sur le voyage depuis une douzaine d'ann\u00e9es, d'abord en tant que routarde au long cours, puis comme r\u00e9dactrice sp\u00e9cialis\u00e9e. Mon terrain de pr\u00e9dilection, ce sont les circuits organis\u00e9s et l'art de bien pr\u00e9parer un itin\u00e9raire : choix de la saison, dur\u00e9e r\u00e9aliste des \u00e9tapes, budget jour par jour, logement et transport sur place. J'aime aussi raconter les p\u00e9pites urbaines, ces adresses qu'on ne trouve pas dans les guides classiques. Avant de publier un dossier destination, je croise toujours plusieurs sources, je v\u00e9rifie les tarifs et les formalit\u00e9s d'entr\u00e9e \u00e0 jour, et je teste moi-m\u00eame quand je le peux. Mon angle reste pratique avant tout : aider le lecteur \u00e0 partir l'esprit tranquille, sans mauvaise surprise une fois sur place. Je m'attache \u00e0 distinguer le coup de c\u0153ur sinc\u00e8re du simple argument marketing.\",\"sameAs\":[\"https:\/\/camillerouvray.fr\/\"],\"url\":\"https:\/\/voyage-aventure.com\/blog\/auteur\/noname\/\"}]}<\/script>\n<!-- \/ Yoast SEO Premium plugin. -->","yoast_head_json":{"title":"Une compagnie a\u00e9rienne am\u00e9ricaine envisage une expansion","description":"Alaska Airlines, surtout connue pour ses liaisons domestiques aux \u00c9tats-Unis, place d\u00e9sormais l'Europe \u00ab sur le radar pour 2026 \u00bb. Une annonce de son PDG","robots":{"index":"index","follow":"follow","max-snippet":"max-snippet:-1","max-image-preview":"max-image-preview:large","max-video-preview":"max-video-preview:-1"},"canonical":"https:\/\/voyage-aventure.com\/blog\/a-la-une\/une-compagnie-aerienne-americaine-envisage-une-expansion-vers-leurope-dici-2026\/","og_locale":"fr_FR","og_type":"article","og_title":"Une compagnie a\u00e9rienne am\u00e9ricaine envisage une expansion","og_description":"Alaska Airlines, surtout connue pour ses liaisons domestiques aux \u00c9tats-Unis, place d\u00e9sormais l'Europe \u00ab sur le radar pour 2026 \u00bb. Une annonce de son PDG","og_url":"https:\/\/voyage-aventure.com\/blog\/a-la-une\/une-compagnie-aerienne-americaine-envisage-une-expansion-vers-leurope-dici-2026\/","og_site_name":"voyage-aventure","og_image":[{"width":1200,"height":500,"url":"https:\/\/voyage-aventure.com\/blog\/wp-content\/uploads\/2025\/05\/sdxl-65350bb9b3464c467b71bd95f5458784-scaled.png","type":"image\/png"}],"author":"Camille Rouvray","twitter_card":"summary_large_image","schema":{"@context":"https:\/\/schema.org","@graph":[{"@type":"NewsArticle","@id":"https:\/\/voyage-aventure.com\/blog\/a-la-une\/une-compagnie-aerienne-americaine-envisage-une-expansion-vers-leurope-dici-2026\/#article","isPartOf":{"@id":"https:\/\/voyage-aventure.com\/blog\/a-la-une\/une-compagnie-aerienne-americaine-envisage-une-expansion-vers-leurope-dici-2026\/"},"author":{"name":"Camille Rouvray","@id":"https:\/\/voyage-aventure.com\/blog\/#\/schema\/person\/3c864cdc320801e3db34b663e7e3f816"},"headline":"Une compagnie a\u00e9rienne am\u00e9ricaine envisage une expansion vers l&rsquo;Europe d&rsquo;ici 2026","datePublished":"2026-06-16T15:49:50+00:00","mainEntityOfPage":{"@id":"https:\/\/voyage-aventure.com\/blog\/a-la-une\/une-compagnie-aerienne-americaine-envisage-une-expansion-vers-leurope-dici-2026\/"},"wordCount":807,"commentCount":19,"publisher":{"@id":"https:\/\/voyage-aventure.com\/blog\/#organization"},"image":{"@id":"https:\/\/voyage-aventure.com\/blog\/a-la-une\/une-compagnie-aerienne-americaine-envisage-une-expansion-vers-leurope-dici-2026\/#primaryimage"},"thumbnailUrl":"https:\/\/voyage-aventure.com\/blog\/wp-content\/uploads\/2025\/05\/sdxl-65350bb9b3464c467b71bd95f5458784-scaled.png","keywords":["Activit\u00e9s Vari\u00e9es","Destinations","Escapade en Europe","Relations Internationales","Voyage \u00c9conomique"],"articleSection":["\u00c0 la une"],"inLanguage":"fr-FR","potentialAction":[{"@type":"CommentAction","name":"Comment","target":["https:\/\/voyage-aventure.com\/blog\/a-la-une\/une-compagnie-aerienne-americaine-envisage-une-expansion-vers-leurope-dici-2026\/#respond"]}]},{"@type":"WebPage","@id":"https:\/\/voyage-aventure.com\/blog\/a-la-une\/une-compagnie-aerienne-americaine-envisage-une-expansion-vers-leurope-dici-2026\/","url":"https:\/\/voyage-aventure.com\/blog\/a-la-une\/une-compagnie-aerienne-americaine-envisage-une-expansion-vers-leurope-dici-2026\/","name":"Une compagnie a\u00e9rienne am\u00e9ricaine envisage une expansion","isPartOf":{"@id":"https:\/\/voyage-aventure.com\/blog\/#website"},"primaryImageOfPage":{"@id":"https:\/\/voyage-aventure.com\/blog\/a-la-une\/une-compagnie-aerienne-americaine-envisage-une-expansion-vers-leurope-dici-2026\/#primaryimage"},"image":{"@id":"https:\/\/voyage-aventure.com\/blog\/a-la-une\/une-compagnie-aerienne-americaine-envisage-une-expansion-vers-leurope-dici-2026\/#primaryimage"},"thumbnailUrl":"https:\/\/voyage-aventure.com\/blog\/wp-content\/uploads\/2025\/05\/sdxl-65350bb9b3464c467b71bd95f5458784-scaled.png","datePublished":"2026-06-16T15:49:50+00:00","description":"Alaska Airlines, surtout connue pour ses liaisons domestiques aux \u00c9tats-Unis, place d\u00e9sormais l'Europe \u00ab sur le radar pour 2026 \u00bb. Une annonce de son PDG","inLanguage":"fr-FR","potentialAction":[{"@type":"ReadAction","target":["https:\/\/voyage-aventure.com\/blog\/a-la-une\/une-compagnie-aerienne-americaine-envisage-une-expansion-vers-leurope-dici-2026\/"]}]},{"@type":"ImageObject","inLanguage":"fr-FR","@id":"https:\/\/voyage-aventure.com\/blog\/a-la-une\/une-compagnie-aerienne-americaine-envisage-une-expansion-vers-leurope-dici-2026\/#primaryimage","url":"https:\/\/voyage-aventure.com\/blog\/wp-content\/uploads\/2025\/05\/sdxl-65350bb9b3464c467b71bd95f5458784-scaled.png","contentUrl":"https:\/\/voyage-aventure.com\/blog\/wp-content\/uploads\/2025\/05\/sdxl-65350bb9b3464c467b71bd95f5458784-scaled.png","width":1200,"height":500},{"@type":"WebSite","@id":"https:\/\/voyage-aventure.com\/blog\/#website","url":"https:\/\/voyage-aventure.com\/blog\/","name":"voyage-aventure.com","description":"Votre passeport pour l\u2019inattendu.","publisher":{"@id":"https:\/\/voyage-aventure.com\/blog\/#organization"},"alternateName":"Votre passeport pour l\u2019inattendu.","potentialAction":[{"@type":"SearchAction","target":{"@type":"EntryPoint","urlTemplate":"https:\/\/voyage-aventure.com\/blog\/?s={search_term_string}"},"query-input":{"@type":"PropertyValueSpecification","valueRequired":true,"valueName":"search_term_string"}}],"inLanguage":"fr-FR"},{"@type":"Organization","@id":"https:\/\/voyage-aventure.com\/blog\/#organization","name":"Foretsensations.fr","url":"https:\/\/voyage-aventure.com\/blog\/","logo":{"@type":"ImageObject","inLanguage":"fr-FR","@id":"https:\/\/voyage-aventure.com\/blog\/#\/schema\/logo\/image\/","url":"https:\/\/voyage-aventure.com\/blog\/wp-content\/uploads\/2024\/12\/19.png","contentUrl":"https:\/\/voyage-aventure.com\/blog\/wp-content\/uploads\/2024\/12\/19.png","width":512,"height":512,"caption":"Foretsensations.fr"},"image":{"@id":"https:\/\/voyage-aventure.com\/blog\/#\/schema\/logo\/image\/"}},{"@type":"Person","@id":"https:\/\/voyage-aventure.com\/blog\/#\/schema\/person\/3c864cdc320801e3db34b663e7e3f816","name":"Camille Rouvray","image":{"@type":"ImageObject","inLanguage":"fr-FR","@id":"https:\/\/voyage-aventure.com\/blog\/#\/schema\/person\/image\/","url":"https:\/\/voyage-aventure.com\/blog\/wp-content\/uploads\/2026\/06\/persona_camille-r-96x96.jpg","contentUrl":"https:\/\/voyage-aventure.com\/blog\/wp-content\/uploads\/2026\/06\/persona_camille-r-96x96.jpg","caption":"Camille Rouvray"},"description":"Je voyage et j'\u00e9cris sur le voyage depuis une douzaine d'ann\u00e9es, d'abord en tant que routarde au long cours, puis comme r\u00e9dactrice sp\u00e9cialis\u00e9e. Mon terrain de pr\u00e9dilection, ce sont les circuits organis\u00e9s et l'art de bien pr\u00e9parer un itin\u00e9raire : choix de la saison, dur\u00e9e r\u00e9aliste des \u00e9tapes, budget jour par jour, logement et transport sur place. J'aime aussi raconter les p\u00e9pites urbaines, ces adresses qu'on ne trouve pas dans les guides classiques. Avant de publier un dossier destination, je croise toujours plusieurs sources, je v\u00e9rifie les tarifs et les formalit\u00e9s d'entr\u00e9e \u00e0 jour, et je teste moi-m\u00eame quand je le peux. Mon angle reste pratique avant tout : aider le lecteur \u00e0 partir l'esprit tranquille, sans mauvaise surprise une fois sur place. Je m'attache \u00e0 distinguer le coup de c\u0153ur sinc\u00e8re du simple argument marketing.","sameAs":["https:\/\/camillerouvray.fr\/"],"url":"https:\/\/voyage-aventure.com\/blog\/auteur\/noname\/"}]}},"_links":{"self":[{"href":"https:\/\/voyage-aventure.com\/blog\/wp-json\/wp\/v2\/posts\/17138","targetHints":{"allow":["GET"]}}],"collection":[{"href":"https:\/\/voyage-aventure.com\/blog\/wp-json\/wp\/v2\/posts"}],"about":[{"href":"https:\/\/voyage-aventure.com\/blog\/wp-json\/wp\/v2\/types\/post"}],"author":[{"embeddable":true,"href":"https:\/\/voyage-aventure.com\/blog\/wp-json\/wp\/v2\/users\/34"}],"replies":[{"embeddable":true,"href":"https:\/\/voyage-aventure.com\/blog\/wp-json\/wp\/v2\/comments?post=17138"}],"version-history":[{"count":3,"href":"https:\/\/voyage-aventure.com\/blog\/wp-json\/wp\/v2\/posts\/17138\/revisions"}],"predecessor-version":[{"id":23025,"href":"https:\/\/voyage-aventure.com\/blog\/wp-json\/wp\/v2\/posts\/17138\/revisions\/23025"}],"wp:featuredmedia":[{"embeddable":true,"href":"https:\/\/voyage-aventure.com\/blog\/wp-json\/wp\/v2\/media\/19472"}],"wp:attachment":[{"href":"https:\/\/voyage-aventure.com\/blog\/wp-json\/wp\/v2\/media?parent=17138"}],"wp:term":[{"taxonomy":"category","embeddable":true,"href":"https:\/\/voyage-aventure.com\/blog\/wp-json\/wp\/v2\/categories?post=17138"},{"taxonomy":"post_tag","embeddable":true,"href":"https:\/\/voyage-aventure.com\/blog\/wp-json\/wp\/v2\/tags?post=17138"}],"curies":[{"name":"wp","href":"https:\/\/api.w.org\/{rel}","templated":true}]}}