{"id":17128,"date":"2025-03-31T23:52:41","date_gmt":"2025-03-31T21:52:41","guid":{"rendered":"https:\/\/voyage-aventure.com\/blog\/?p=17128"},"modified":"2025-03-31T23:52:41","modified_gmt":"2025-03-31T21:52:41","slug":"decouvrez-le-voyage-du-secretaire-rubio-a-bruxelles-enjeux-et-priorites-internationales","status":"publish","type":"post","link":"https:\/\/voyage-aventure.com\/blog\/a-la-une\/decouvrez-le-voyage-du-secretaire-rubio-a-bruxelles-enjeux-et-priorites-internationales\/","title":{"rendered":"D\u00e9couvrez le voyage du secr\u00e9taire Rubio \u00e0 Bruxelles : enjeux et priorit\u00e9s internationales"},"content":{"rendered":"<h2>Un voyage strat\u00e9gique \u00e0 Bruxelles<\/h2>\n<p>Le secr\u00e9taire d&rsquo;\u00c9tat Marco Rubio se rendra \u00e0 Bruxelles, en Belgique, du 2 au 4 avril. Ce voyage rev\u00eat une importance particuli\u00e8re car il co\u00efncide avec la r\u00e9union des ministres des Affaires \u00e9trang\u00e8res de l&rsquo;OTAN. Cette rencontre permettra d&rsquo;aborder des sujets cruciaux tels que l&rsquo;investissement en d\u00e9fense des Alli\u00e9s et la recherche d&rsquo;une paix durable en Ukraine.<\/p>\n<p>Bruxelles, en tant que si\u00e8ge de l&rsquo;OTAN, est le cadre id\u00e9al pour discuter de la s\u00e9curit\u00e9 collective. Le secr\u00e9taire Rubio aura l&rsquo;occasion d&rsquo;\u00e9changer des id\u00e9es avec ses homologues et de renforcer les liens entre les nations membres de l&rsquo;alliance. Ce d\u00e9placement t\u00e9moigne de l&rsquo;engagement des \u00c9tats-Unis \u00e0 maintenir la stabilit\u00e9 et la s\u00e9curit\u00e9 en Europe.<\/p>\n<h2>Les enjeux de la d\u00e9fense en alliance<\/h2>\n<p>Au cours de cette r\u00e9union, le secr\u00e9taire Rubio mettra l&rsquo;accent sur l&rsquo;importance d&rsquo;une augmentation des investissements en d\u00e9fense au sein de l&rsquo;OTAN. Les menaces contemporaines exigent une r\u00e9ponse collective et soutenue. Il s&rsquo;agit de garantir que chaque pays membre contribue \u00e9quitablement \u00e0 la s\u00e9curit\u00e9 commune.<\/p>\n<p>Un autre sujet majeur sera la menace pos\u00e9e par la Chine, en particulier pour les Alli\u00e9s euro-atlantiques et indo-pacifiques. Le secr\u00e9taire discutera de cette question lors d&rsquo;une session de l&rsquo;OTAN avec les repr\u00e9sentants des partenaires indo-pacifiques. L&rsquo;objectif est de cr\u00e9er une strat\u00e9gie concert\u00e9e pour faire face \u00e0 cette menace croissante.<\/p>\n<h2>Pr\u00e9parer l&rsquo;avenir : le sommet de La Haye<\/h2>\n<p>Le secr\u00e9taire Rubio abordera \u00e9galement les pr\u00e9paratifs pour le sommet de La Haye pr\u00e9vu cet \u00e9t\u00e9. Ce sommet sera l&rsquo;occasion d&rsquo;\u00e9valuer les progr\u00e8s r\u00e9alis\u00e9s depuis les pr\u00e9c\u00e9dentes r\u00e9unions et de d\u00e9finir de nouvelles orientations. Les discussions porteront sur des questions essentielles telles que la coop\u00e9ration en mati\u00e8re de s\u00e9curit\u00e9 et les d\u00e9fis \u00e9conomiques mondiaux.<\/p>\n<p>Ce sommet repr\u00e9sente une chance unique de rassembler des leaders internationaux pour discuter des enjeux globaux. En pr\u00e9parant ce rendez-vous, le secr\u00e9taire Rubio d\u00e9montre l&rsquo;importance d&rsquo;une vision collaborative et d&rsquo;une action concert\u00e9e. L&rsquo;engagement des \u00c9tats-Unis envers leurs alli\u00e9s est plus que jamais n\u00e9cessaire.<\/p>\n<blockquote><p>\n\u00ab\u00a0La s\u00e9curit\u00e9 de nos alli\u00e9s est un imp\u00e9ratif qui n\u00e9cessite une action collective et d\u00e9termin\u00e9e.\u00a0\u00bb &#8211; Marco Rubio\n<\/p><\/blockquote>\n<h2>Les priorit\u00e9s de la politique \u00e9trang\u00e8re am\u00e9ricaine<\/h2>\n<p>Ce voyage \u00e0 Bruxelles s&rsquo;inscrit dans une s\u00e9rie d&rsquo;initiatives de la politique \u00e9trang\u00e8re am\u00e9ricaine visant \u00e0 renforcer les alliances traditionnelles. Les \u00c9tats-Unis cherchent \u00e0 r\u00e9affirmer leur r\u00f4le de leader sur la sc\u00e8ne mondiale. La coop\u00e9ration avec l&rsquo;OTAN et d&rsquo;autres partenaires strat\u00e9giques est essentielle pour aborder les d\u00e9fis contemporains.<\/p>\n<p>Les priorit\u00e9s de la politique \u00e9trang\u00e8re am\u00e9ricaine comprennent \u00e9galement la lutte contre le terrorisme, la protection des droits de l&rsquo;homme et le soutien \u00e0 la d\u00e9mocratie. Rubio mettra en avant ces valeurs lors de ses discussions \u00e0 Bruxelles. Il est crucial que les \u00c9tats-Unis continuent de jouer un r\u00f4le actif dans la promotion de la paix et de la stabilit\u00e9.<\/p>\n<ul>\n<li>Renforcement de la d\u00e9fense collective<\/li>\n<li>Investissement accru en mati\u00e8re de s\u00e9curit\u00e9<\/li>\n<li>Coop\u00e9ration face \u00e0 la menace chinoise<\/li>\n<li>Pr\u00e9paration pour le sommet de La Haye<\/li>\n<li>Engagement envers les valeurs d\u00e9mocratiques<\/li>\n<\/ul>\n<p>Ce voyage \u00e0 Bruxelles illustre l&rsquo;engagement des \u00c9tats-Unis envers leurs alli\u00e9s et leur d\u00e9termination \u00e0 affronter les d\u00e9fis mondiaux. En partageant des id\u00e9es et des strat\u00e9gies avec ses homologues, le secr\u00e9taire Rubio esp\u00e8re contribuer \u00e0 un avenir plus s\u00fbr pour tous. L&rsquo;OTAN demeure un pilier de la s\u00e9curit\u00e9 internationale, et chaque rencontre renforce cette alliance cruciale.<\/p>\n","protected":false},"excerpt":{"rendered":"","protected":false},"author":34,"featured_media":17990,"comment_status":"open","ping_status":"open","sticky":false,"template":"","format":"standard","meta":{"_acf_changed":false,"manual_indexmenow":false,"indexmenow_id_project":0,"footnotes":""},"categories":[1],"tags":[4636,5885,5688,3170,4635],"class_list":["post-17128","post","type-post","status-publish","format-standard","has-post-thumbnail","hentry","category-a-la-une","tag-destinations","tag-politique-etrangere","tag-relations-internationales","tag-securite","tag-voyage","generate-columns","tablet-grid-50","mobile-grid-100","grid-parent","grid-25"],"acf":[],"yoast_head":"<!-- This site is optimized with the Yoast SEO Premium plugin v21.3 (Yoast SEO v25.1) - https:\/\/yoast.com\/wordpress\/plugins\/seo\/ -->\n<title>D\u00e9couvrez le voyage du secr\u00e9taire Rubio \u00e0 Bruxelles<\/title>\n<meta name=\"description\" content=\"Le secr\u00e9taire d&#039;\u00c9tat Marco Rubio se rendra \u00e0 Bruxelles, en Belgique, du 2 au 4 avril. Ce voyage rev\u00eat une importance particuli\u00e8re car il co\u00efncide avec la\" \/>\n<meta name=\"robots\" content=\"index, follow, max-snippet:-1, max-image-preview:large, max-video-preview:-1\" \/>\n<link rel=\"canonical\" href=\"https:\/\/voyage-aventure.com\/blog\/a-la-une\/decouvrez-le-voyage-du-secretaire-rubio-a-bruxelles-enjeux-et-priorites-internationales\/\" \/>\n<meta property=\"og:locale\" content=\"fr_FR\" \/>\n<meta property=\"og:type\" content=\"article\" \/>\n<meta property=\"og:title\" content=\"D\u00e9couvrez le voyage du secr\u00e9taire Rubio \u00e0 Bruxelles\" \/>\n<meta property=\"og:description\" content=\"Le secr\u00e9taire d&#039;\u00c9tat Marco Rubio se rendra \u00e0 Bruxelles, en Belgique, du 2 au 4 avril. Ce voyage rev\u00eat une importance particuli\u00e8re car il co\u00efncide avec la\" \/>\n<meta property=\"og:url\" content=\"https:\/\/voyage-aventure.com\/blog\/a-la-une\/decouvrez-le-voyage-du-secretaire-rubio-a-bruxelles-enjeux-et-priorites-internationales\/\" \/>\n<meta property=\"og:site_name\" content=\"voyage-aventure\" \/>\n<meta property=\"og:image\" content=\"https:\/\/voyage-aventure.com\/blog\/wp-content\/uploads\/2025\/04\/sdxl-98199f78b6c2d47ca2e43c17e7b2da22.png\" \/>\n\t<meta property=\"og:image:width\" content=\"1536\" \/>\n\t<meta property=\"og:image:height\" content=\"640\" \/>\n\t<meta property=\"og:image:type\" content=\"image\/png\" \/>\n<meta name=\"author\" content=\"Camille Rouvray\" \/>\n<meta name=\"twitter:card\" content=\"summary_large_image\" \/>\n<script type=\"application\/ld+json\" class=\"yoast-schema-graph\">{\"@context\":\"https:\/\/schema.org\",\"@graph\":[{\"@type\":\"NewsArticle\",\"@id\":\"https:\/\/voyage-aventure.com\/blog\/a-la-une\/decouvrez-le-voyage-du-secretaire-rubio-a-bruxelles-enjeux-et-priorites-internationales\/#article\",\"isPartOf\":{\"@id\":\"https:\/\/voyage-aventure.com\/blog\/a-la-une\/decouvrez-le-voyage-du-secretaire-rubio-a-bruxelles-enjeux-et-priorites-internationales\/\"},\"author\":{\"name\":\"Camille Rouvray\",\"@id\":\"https:\/\/voyage-aventure.com\/blog\/#\/schema\/person\/3c864cdc320801e3db34b663e7e3f816\"},\"headline\":\"D\u00e9couvrez le voyage du secr\u00e9taire Rubio \u00e0 Bruxelles : enjeux et priorit\u00e9s internationales\",\"datePublished\":\"2025-03-31T21:52:41+00:00\",\"mainEntityOfPage\":{\"@id\":\"https:\/\/voyage-aventure.com\/blog\/a-la-une\/decouvrez-le-voyage-du-secretaire-rubio-a-bruxelles-enjeux-et-priorites-internationales\/\"},\"wordCount\":661,\"commentCount\":20,\"publisher\":{\"@id\":\"https:\/\/voyage-aventure.com\/blog\/#organization\"},\"image\":{\"@id\":\"https:\/\/voyage-aventure.com\/blog\/a-la-une\/decouvrez-le-voyage-du-secretaire-rubio-a-bruxelles-enjeux-et-priorites-internationales\/#primaryimage\"},\"thumbnailUrl\":\"https:\/\/voyage-aventure.com\/blog\/wp-content\/uploads\/2025\/04\/sdxl-98199f78b6c2d47ca2e43c17e7b2da22.png\",\"keywords\":[\"Destinations\",\"Politique \u00c9trang\u00e8re\",\"Relations Internationales\",\"S\u00e9curit\u00e9\",\"Voyage\"],\"articleSection\":[\"\u00c0 la une\"],\"inLanguage\":\"fr-FR\",\"potentialAction\":[{\"@type\":\"CommentAction\",\"name\":\"Comment\",\"target\":[\"https:\/\/voyage-aventure.com\/blog\/a-la-une\/decouvrez-le-voyage-du-secretaire-rubio-a-bruxelles-enjeux-et-priorites-internationales\/#respond\"]}]},{\"@type\":\"WebPage\",\"@id\":\"https:\/\/voyage-aventure.com\/blog\/a-la-une\/decouvrez-le-voyage-du-secretaire-rubio-a-bruxelles-enjeux-et-priorites-internationales\/\",\"url\":\"https:\/\/voyage-aventure.com\/blog\/a-la-une\/decouvrez-le-voyage-du-secretaire-rubio-a-bruxelles-enjeux-et-priorites-internationales\/\",\"name\":\"D\u00e9couvrez le voyage du secr\u00e9taire Rubio \u00e0 Bruxelles\",\"isPartOf\":{\"@id\":\"https:\/\/voyage-aventure.com\/blog\/#website\"},\"primaryImageOfPage\":{\"@id\":\"https:\/\/voyage-aventure.com\/blog\/a-la-une\/decouvrez-le-voyage-du-secretaire-rubio-a-bruxelles-enjeux-et-priorites-internationales\/#primaryimage\"},\"image\":{\"@id\":\"https:\/\/voyage-aventure.com\/blog\/a-la-une\/decouvrez-le-voyage-du-secretaire-rubio-a-bruxelles-enjeux-et-priorites-internationales\/#primaryimage\"},\"thumbnailUrl\":\"https:\/\/voyage-aventure.com\/blog\/wp-content\/uploads\/2025\/04\/sdxl-98199f78b6c2d47ca2e43c17e7b2da22.png\",\"datePublished\":\"2025-03-31T21:52:41+00:00\",\"description\":\"Le secr\u00e9taire d'\u00c9tat Marco Rubio se rendra \u00e0 Bruxelles, en Belgique, du 2 au 4 avril. Ce voyage rev\u00eat une importance particuli\u00e8re car il co\u00efncide avec la\",\"inLanguage\":\"fr-FR\",\"potentialAction\":[{\"@type\":\"ReadAction\",\"target\":[\"https:\/\/voyage-aventure.com\/blog\/a-la-une\/decouvrez-le-voyage-du-secretaire-rubio-a-bruxelles-enjeux-et-priorites-internationales\/\"]}]},{\"@type\":\"ImageObject\",\"inLanguage\":\"fr-FR\",\"@id\":\"https:\/\/voyage-aventure.com\/blog\/a-la-une\/decouvrez-le-voyage-du-secretaire-rubio-a-bruxelles-enjeux-et-priorites-internationales\/#primaryimage\",\"url\":\"https:\/\/voyage-aventure.com\/blog\/wp-content\/uploads\/2025\/04\/sdxl-98199f78b6c2d47ca2e43c17e7b2da22.png\",\"contentUrl\":\"https:\/\/voyage-aventure.com\/blog\/wp-content\/uploads\/2025\/04\/sdxl-98199f78b6c2d47ca2e43c17e7b2da22.png\",\"width\":1536,\"height\":640},{\"@type\":\"WebSite\",\"@id\":\"https:\/\/voyage-aventure.com\/blog\/#website\",\"url\":\"https:\/\/voyage-aventure.com\/blog\/\",\"name\":\"voyage-aventure.com\",\"description\":\"Votre passeport pour l\u2019inattendu.\",\"publisher\":{\"@id\":\"https:\/\/voyage-aventure.com\/blog\/#organization\"},\"alternateName\":\"Votre passeport pour l\u2019inattendu.\",\"potentialAction\":[{\"@type\":\"SearchAction\",\"target\":{\"@type\":\"EntryPoint\",\"urlTemplate\":\"https:\/\/voyage-aventure.com\/blog\/?s={search_term_string}\"},\"query-input\":{\"@type\":\"PropertyValueSpecification\",\"valueRequired\":true,\"valueName\":\"search_term_string\"}}],\"inLanguage\":\"fr-FR\"},{\"@type\":\"Organization\",\"@id\":\"https:\/\/voyage-aventure.com\/blog\/#organization\",\"name\":\"Foretsensations.fr\",\"url\":\"https:\/\/voyage-aventure.com\/blog\/\",\"logo\":{\"@type\":\"ImageObject\",\"inLanguage\":\"fr-FR\",\"@id\":\"https:\/\/voyage-aventure.com\/blog\/#\/schema\/logo\/image\/\",\"url\":\"https:\/\/voyage-aventure.com\/blog\/wp-content\/uploads\/2024\/12\/19.png\",\"contentUrl\":\"https:\/\/voyage-aventure.com\/blog\/wp-content\/uploads\/2024\/12\/19.png\",\"width\":512,\"height\":512,\"caption\":\"Foretsensations.fr\"},\"image\":{\"@id\":\"https:\/\/voyage-aventure.com\/blog\/#\/schema\/logo\/image\/\"}},{\"@type\":\"Person\",\"@id\":\"https:\/\/voyage-aventure.com\/blog\/#\/schema\/person\/3c864cdc320801e3db34b663e7e3f816\",\"name\":\"Camille Rouvray\",\"image\":{\"@type\":\"ImageObject\",\"inLanguage\":\"fr-FR\",\"@id\":\"https:\/\/voyage-aventure.com\/blog\/#\/schema\/person\/image\/\",\"url\":\"https:\/\/voyage-aventure.com\/blog\/wp-content\/uploads\/2026\/06\/persona_camille-r-96x96.jpg\",\"contentUrl\":\"https:\/\/voyage-aventure.com\/blog\/wp-content\/uploads\/2026\/06\/persona_camille-r-96x96.jpg\",\"caption\":\"Camille Rouvray\"},\"description\":\"Je voyage et j'\u00e9cris sur le voyage depuis une douzaine d'ann\u00e9es, d'abord en tant que routarde au long cours, puis comme r\u00e9dactrice sp\u00e9cialis\u00e9e. Mon terrain de pr\u00e9dilection, ce sont les circuits organis\u00e9s et l'art de bien pr\u00e9parer un itin\u00e9raire : choix de la saison, dur\u00e9e r\u00e9aliste des \u00e9tapes, budget jour par jour, logement et transport sur place. J'aime aussi raconter les p\u00e9pites urbaines, ces adresses qu'on ne trouve pas dans les guides classiques. Avant de publier un dossier destination, je croise toujours plusieurs sources, je v\u00e9rifie les tarifs et les formalit\u00e9s d'entr\u00e9e \u00e0 jour, et je teste moi-m\u00eame quand je le peux. Mon angle reste pratique avant tout : aider le lecteur \u00e0 partir l'esprit tranquille, sans mauvaise surprise une fois sur place. Je m'attache \u00e0 distinguer le coup de c\u0153ur sinc\u00e8re du simple argument marketing.\",\"sameAs\":[\"https:\/\/camillerouvray.fr\/\"],\"url\":\"https:\/\/voyage-aventure.com\/blog\/auteur\/noname\/\"}]}<\/script>\n<!-- \/ Yoast SEO Premium plugin. -->","yoast_head_json":{"title":"D\u00e9couvrez le voyage du secr\u00e9taire Rubio \u00e0 Bruxelles","description":"Le secr\u00e9taire d'\u00c9tat Marco Rubio se rendra \u00e0 Bruxelles, en Belgique, du 2 au 4 avril. Ce voyage rev\u00eat une importance particuli\u00e8re car il co\u00efncide avec la","robots":{"index":"index","follow":"follow","max-snippet":"max-snippet:-1","max-image-preview":"max-image-preview:large","max-video-preview":"max-video-preview:-1"},"canonical":"https:\/\/voyage-aventure.com\/blog\/a-la-une\/decouvrez-le-voyage-du-secretaire-rubio-a-bruxelles-enjeux-et-priorites-internationales\/","og_locale":"fr_FR","og_type":"article","og_title":"D\u00e9couvrez le voyage du secr\u00e9taire Rubio \u00e0 Bruxelles","og_description":"Le secr\u00e9taire d'\u00c9tat Marco Rubio se rendra \u00e0 Bruxelles, en Belgique, du 2 au 4 avril. Ce voyage rev\u00eat une importance particuli\u00e8re car il co\u00efncide avec la","og_url":"https:\/\/voyage-aventure.com\/blog\/a-la-une\/decouvrez-le-voyage-du-secretaire-rubio-a-bruxelles-enjeux-et-priorites-internationales\/","og_site_name":"voyage-aventure","og_image":[{"width":1536,"height":640,"url":"https:\/\/voyage-aventure.com\/blog\/wp-content\/uploads\/2025\/04\/sdxl-98199f78b6c2d47ca2e43c17e7b2da22.png","type":"image\/png"}],"author":"Camille Rouvray","twitter_card":"summary_large_image","schema":{"@context":"https:\/\/schema.org","@graph":[{"@type":"NewsArticle","@id":"https:\/\/voyage-aventure.com\/blog\/a-la-une\/decouvrez-le-voyage-du-secretaire-rubio-a-bruxelles-enjeux-et-priorites-internationales\/#article","isPartOf":{"@id":"https:\/\/voyage-aventure.com\/blog\/a-la-une\/decouvrez-le-voyage-du-secretaire-rubio-a-bruxelles-enjeux-et-priorites-internationales\/"},"author":{"name":"Camille Rouvray","@id":"https:\/\/voyage-aventure.com\/blog\/#\/schema\/person\/3c864cdc320801e3db34b663e7e3f816"},"headline":"D\u00e9couvrez le voyage du secr\u00e9taire Rubio \u00e0 Bruxelles : enjeux et priorit\u00e9s internationales","datePublished":"2025-03-31T21:52:41+00:00","mainEntityOfPage":{"@id":"https:\/\/voyage-aventure.com\/blog\/a-la-une\/decouvrez-le-voyage-du-secretaire-rubio-a-bruxelles-enjeux-et-priorites-internationales\/"},"wordCount":661,"commentCount":20,"publisher":{"@id":"https:\/\/voyage-aventure.com\/blog\/#organization"},"image":{"@id":"https:\/\/voyage-aventure.com\/blog\/a-la-une\/decouvrez-le-voyage-du-secretaire-rubio-a-bruxelles-enjeux-et-priorites-internationales\/#primaryimage"},"thumbnailUrl":"https:\/\/voyage-aventure.com\/blog\/wp-content\/uploads\/2025\/04\/sdxl-98199f78b6c2d47ca2e43c17e7b2da22.png","keywords":["Destinations","Politique \u00c9trang\u00e8re","Relations Internationales","S\u00e9curit\u00e9","Voyage"],"articleSection":["\u00c0 la une"],"inLanguage":"fr-FR","potentialAction":[{"@type":"CommentAction","name":"Comment","target":["https:\/\/voyage-aventure.com\/blog\/a-la-une\/decouvrez-le-voyage-du-secretaire-rubio-a-bruxelles-enjeux-et-priorites-internationales\/#respond"]}]},{"@type":"WebPage","@id":"https:\/\/voyage-aventure.com\/blog\/a-la-une\/decouvrez-le-voyage-du-secretaire-rubio-a-bruxelles-enjeux-et-priorites-internationales\/","url":"https:\/\/voyage-aventure.com\/blog\/a-la-une\/decouvrez-le-voyage-du-secretaire-rubio-a-bruxelles-enjeux-et-priorites-internationales\/","name":"D\u00e9couvrez le voyage du secr\u00e9taire Rubio \u00e0 Bruxelles","isPartOf":{"@id":"https:\/\/voyage-aventure.com\/blog\/#website"},"primaryImageOfPage":{"@id":"https:\/\/voyage-aventure.com\/blog\/a-la-une\/decouvrez-le-voyage-du-secretaire-rubio-a-bruxelles-enjeux-et-priorites-internationales\/#primaryimage"},"image":{"@id":"https:\/\/voyage-aventure.com\/blog\/a-la-une\/decouvrez-le-voyage-du-secretaire-rubio-a-bruxelles-enjeux-et-priorites-internationales\/#primaryimage"},"thumbnailUrl":"https:\/\/voyage-aventure.com\/blog\/wp-content\/uploads\/2025\/04\/sdxl-98199f78b6c2d47ca2e43c17e7b2da22.png","datePublished":"2025-03-31T21:52:41+00:00","description":"Le secr\u00e9taire d'\u00c9tat Marco Rubio se rendra \u00e0 Bruxelles, en Belgique, du 2 au 4 avril. Ce voyage rev\u00eat une importance particuli\u00e8re car il co\u00efncide avec la","inLanguage":"fr-FR","potentialAction":[{"@type":"ReadAction","target":["https:\/\/voyage-aventure.com\/blog\/a-la-une\/decouvrez-le-voyage-du-secretaire-rubio-a-bruxelles-enjeux-et-priorites-internationales\/"]}]},{"@type":"ImageObject","inLanguage":"fr-FR","@id":"https:\/\/voyage-aventure.com\/blog\/a-la-une\/decouvrez-le-voyage-du-secretaire-rubio-a-bruxelles-enjeux-et-priorites-internationales\/#primaryimage","url":"https:\/\/voyage-aventure.com\/blog\/wp-content\/uploads\/2025\/04\/sdxl-98199f78b6c2d47ca2e43c17e7b2da22.png","contentUrl":"https:\/\/voyage-aventure.com\/blog\/wp-content\/uploads\/2025\/04\/sdxl-98199f78b6c2d47ca2e43c17e7b2da22.png","width":1536,"height":640},{"@type":"WebSite","@id":"https:\/\/voyage-aventure.com\/blog\/#website","url":"https:\/\/voyage-aventure.com\/blog\/","name":"voyage-aventure.com","description":"Votre passeport pour l\u2019inattendu.","publisher":{"@id":"https:\/\/voyage-aventure.com\/blog\/#organization"},"alternateName":"Votre passeport pour l\u2019inattendu.","potentialAction":[{"@type":"SearchAction","target":{"@type":"EntryPoint","urlTemplate":"https:\/\/voyage-aventure.com\/blog\/?s={search_term_string}"},"query-input":{"@type":"PropertyValueSpecification","valueRequired":true,"valueName":"search_term_string"}}],"inLanguage":"fr-FR"},{"@type":"Organization","@id":"https:\/\/voyage-aventure.com\/blog\/#organization","name":"Foretsensations.fr","url":"https:\/\/voyage-aventure.com\/blog\/","logo":{"@type":"ImageObject","inLanguage":"fr-FR","@id":"https:\/\/voyage-aventure.com\/blog\/#\/schema\/logo\/image\/","url":"https:\/\/voyage-aventure.com\/blog\/wp-content\/uploads\/2024\/12\/19.png","contentUrl":"https:\/\/voyage-aventure.com\/blog\/wp-content\/uploads\/2024\/12\/19.png","width":512,"height":512,"caption":"Foretsensations.fr"},"image":{"@id":"https:\/\/voyage-aventure.com\/blog\/#\/schema\/logo\/image\/"}},{"@type":"Person","@id":"https:\/\/voyage-aventure.com\/blog\/#\/schema\/person\/3c864cdc320801e3db34b663e7e3f816","name":"Camille Rouvray","image":{"@type":"ImageObject","inLanguage":"fr-FR","@id":"https:\/\/voyage-aventure.com\/blog\/#\/schema\/person\/image\/","url":"https:\/\/voyage-aventure.com\/blog\/wp-content\/uploads\/2026\/06\/persona_camille-r-96x96.jpg","contentUrl":"https:\/\/voyage-aventure.com\/blog\/wp-content\/uploads\/2026\/06\/persona_camille-r-96x96.jpg","caption":"Camille Rouvray"},"description":"Je voyage et j'\u00e9cris sur le voyage depuis une douzaine d'ann\u00e9es, d'abord en tant que routarde au long cours, puis comme r\u00e9dactrice sp\u00e9cialis\u00e9e. Mon terrain de pr\u00e9dilection, ce sont les circuits organis\u00e9s et l'art de bien pr\u00e9parer un itin\u00e9raire : choix de la saison, dur\u00e9e r\u00e9aliste des \u00e9tapes, budget jour par jour, logement et transport sur place. J'aime aussi raconter les p\u00e9pites urbaines, ces adresses qu'on ne trouve pas dans les guides classiques. Avant de publier un dossier destination, je croise toujours plusieurs sources, je v\u00e9rifie les tarifs et les formalit\u00e9s d'entr\u00e9e \u00e0 jour, et je teste moi-m\u00eame quand je le peux. Mon angle reste pratique avant tout : aider le lecteur \u00e0 partir l'esprit tranquille, sans mauvaise surprise une fois sur place. Je m'attache \u00e0 distinguer le coup de c\u0153ur sinc\u00e8re du simple argument marketing.","sameAs":["https:\/\/camillerouvray.fr\/"],"url":"https:\/\/voyage-aventure.com\/blog\/auteur\/noname\/"}]}},"_links":{"self":[{"href":"https:\/\/voyage-aventure.com\/blog\/wp-json\/wp\/v2\/posts\/17128","targetHints":{"allow":["GET"]}}],"collection":[{"href":"https:\/\/voyage-aventure.com\/blog\/wp-json\/wp\/v2\/posts"}],"about":[{"href":"https:\/\/voyage-aventure.com\/blog\/wp-json\/wp\/v2\/types\/post"}],"author":[{"embeddable":true,"href":"https:\/\/voyage-aventure.com\/blog\/wp-json\/wp\/v2\/users\/34"}],"replies":[{"embeddable":true,"href":"https:\/\/voyage-aventure.com\/blog\/wp-json\/wp\/v2\/comments?post=17128"}],"version-history":[{"count":1,"href":"https:\/\/voyage-aventure.com\/blog\/wp-json\/wp\/v2\/posts\/17128\/revisions"}],"predecessor-version":[{"id":17140,"href":"https:\/\/voyage-aventure.com\/blog\/wp-json\/wp\/v2\/posts\/17128\/revisions\/17140"}],"wp:featuredmedia":[{"embeddable":true,"href":"https:\/\/voyage-aventure.com\/blog\/wp-json\/wp\/v2\/media\/17990"}],"wp:attachment":[{"href":"https:\/\/voyage-aventure.com\/blog\/wp-json\/wp\/v2\/media?parent=17128"}],"wp:term":[{"taxonomy":"category","embeddable":true,"href":"https:\/\/voyage-aventure.com\/blog\/wp-json\/wp\/v2\/categories?post=17128"},{"taxonomy":"post_tag","embeddable":true,"href":"https:\/\/voyage-aventure.com\/blog\/wp-json\/wp\/v2\/tags?post=17128"}],"curies":[{"name":"wp","href":"https:\/\/api.w.org\/{rel}","templated":true}]}}