{"id":17080,"date":"2026-06-12T21:34:11","date_gmt":"2026-06-12T19:34:11","guid":{"rendered":"https:\/\/voyage-aventure.com\/blog\/a-la-une\/sejour-idyllique-en-martinique-a-prix-reduit-une-experience-inoubliable\/"},"modified":"2026-06-12T21:34:11","modified_gmt":"2026-06-12T19:34:11","slug":"sejour-idyllique-en-martinique-a-prix-reduit-une-experience-inoubliable","status":"publish","type":"post","link":"https:\/\/voyage-aventure.com\/blog\/a-la-une\/sejour-idyllique-en-martinique-a-prix-reduit-une-experience-inoubliable\/","title":{"rendered":"s\u00e9jour idyllique en Martinique \u00e0 prix r\u00e9duit : une exp\u00e9rience inoubliable"},"content":{"rendered":"<link rel=\"stylesheet\" href=\"https:\/\/fonts.googleapis.com\/css2?family=Fraunces:opsz,wght@9..144,500;9..144,600;9..144,800;9..144,900&#038;family=Inter:wght@400;500;600;700&#038;family=JetBrains+Mono:wght@500;600&#038;display=swap\">\n<div class=\"vam-gl-wrap\" style=\"font-family:'Inter',-apple-system,BlinkMacSystemFont,sans-serif;color:#1d2b2a;line-height:1.65;font-size:17px;max-width:860px;margin:0 auto;\">\n<style>\n.vam-gl-wrap h2{font-family:'Fraunces','Inter',serif;font-weight:800;font-size:clamp(25px,3.4vw,35px);letter-spacing:-0.01em;color:#0f2c2a;line-height:1.18;margin:48px 0 16px;}\n.vam-gl-wrap h3{font-family:'Fraunces','Inter',serif;font-weight:700;font-size:21px;color:#0f2c2a;margin:26px 0 8px;letter-spacing:-0.01em;}\n.vam-gl-wrap p{margin:0 0 18px;}\n.vam-gl-wrap a{color:#0a7a6e;text-decoration:underline;text-underline-offset:2px;}\n.vam-gl-kick{font-family:'JetBrains Mono',monospace;font-size:12px;font-weight:600;letter-spacing:2.4px;text-transform:uppercase;color:#0a7a6e;display:block;margin-bottom:6px;}\n.vam-gl-card{transition:.25s ease;}\n.vam-gl-card:hover{transform:translateY(-3px);box-shadow:0 1px 2px rgba(15,44,42,.05),0 16px 32px -18px rgba(15,44,42,.28);}\n.vam-gl-faq summary::-webkit-details-marker{display:none;}\n.vam-gl-faq details[open] summary span.vam-gl-pl{transform:rotate(45deg);}\n<\/style>\n<aside style=\"background:#e6f5f1;border-left:5px solid #0a7a6e;padding:22px 28px;margin:8px 0 30px;border-radius:0 6px 6px 0;\">\n<div style=\"font-size:19px;line-height:1.55;color:#13322f;font-weight:500;letter-spacing:-0.005em;\">\n    Cocotiers, eau turquoise et villa priv\u00e9e \u00e0 deux pas de la plage : la Martinique condense tout ce qu&rsquo;on attend d&rsquo;un s\u00e9jour aux Cara\u00efbes. Voici comment pr\u00e9parer ce <strong>voyage en Martinique<\/strong>, ce qui rend le sud de l&rsquo;\u00eele si attachant, et les rep\u00e8res pratiques pour partir l&rsquo;esprit l\u00e9ger.\n  <\/div>\n<\/aside>\n<div class=\"vam-gl-card\" style=\"background:#ffffff;border:1px solid #d9e7e3;border-top:3px solid #0a7a6e;border-radius:10px;padding:24px 26px 22px;margin:0 0 34px;box-shadow:0 1px 2px rgba(15,44,42,.05),0 12px 26px -18px rgba(15,44,42,.20);\">\n  <span class=\"vam-gl-kick\">Carnet pratique \u00b7 Martinique<\/span><\/p>\n<div style=\"display:grid;grid-template-columns:repeat(auto-fit,minmax(210px,1fr));gap:12px;margin-top:14px;\">\n<div style=\"background:#f4faf8;border:1px solid #e0efea;border-radius:8px;padding:14px 16px;\">\n<div style=\"font-family:'JetBrains Mono',monospace;font-size:11px;letter-spacing:1.5px;text-transform:uppercase;color:#0a7a6e;margin-bottom:5px;\">O\u00f9 loger<\/div>\n<div style=\"font-size:14.5px;line-height:1.5;color:#2a3b39;\">Le Diamant, sud-ouest de l&rsquo;\u00eele \u2014 plages, calme et villa priv\u00e9e avec piscine.<\/div>\n<\/p><\/div>\n<div style=\"background:#f4faf8;border:1px solid #e0efea;border-radius:8px;padding:14px 16px;\">\n<div style=\"font-family:'JetBrains Mono',monospace;font-size:11px;letter-spacing:1.5px;text-transform:uppercase;color:#0a7a6e;margin-bottom:5px;\">Dur\u00e9e id\u00e9ale<\/div>\n<div style=\"font-size:14.5px;line-height:1.5;color:#2a3b39;\">Une semaine, le temps d&rsquo;alterner farniente et d\u00e9couvertes.<\/div>\n<\/p><\/div>\n<div style=\"background:#f4faf8;border:1px solid #e0efea;border-radius:8px;padding:14px 16px;\">\n<div style=\"font-family:'JetBrains Mono',monospace;font-size:11px;letter-spacing:1.5px;text-transform:uppercase;color:#0a7a6e;margin-bottom:5px;\">\u00c0 partir de<\/div>\n<div style=\"font-size:14.5px;line-height:1.5;color:#2a3b39;\">1361 \u20ac \/ personne, vols aller-retour et transferts inclus (vente flash avant le 26 avril).<\/div>\n<\/p><\/div>\n<div style=\"background:#f4faf8;border:1px solid #e0efea;border-radius:8px;padding:14px 16px;\">\n<div style=\"font-family:'JetBrains Mono',monospace;font-size:11px;letter-spacing:1.5px;text-transform:uppercase;color:#0a7a6e;margin-bottom:5px;\">3 incontournables<\/div>\n<div style=\"font-size:14.5px;line-height:1.5;color:#2a3b39;\">Plages du Diamant, plong\u00e9e sous-marine, march\u00e9s color\u00e9s.<\/div>\n<\/p><\/div>\n<div style=\"background:#f4faf8;border:1px solid #e0efea;border-radius:8px;padding:14px 16px;\">\n<div style=\"font-family:'JetBrains Mono',monospace;font-size:11px;letter-spacing:1.5px;text-transform:uppercase;color:#0a7a6e;margin-bottom:5px;\">Comment s&rsquo;y rendre<\/div>\n<div style=\"font-size:14.5px;line-height:1.5;color:#2a3b39;\">Vols depuis Paris, Bordeaux, Lyon, Marseille, Nice, Nantes, Pau, Toulouse, Lille.<\/div>\n<\/p><\/div>\n<\/p><\/div>\n<\/div>\n<h2>Un s\u00e9jour de r\u00eave sous le soleil carib\u00e9en<\/h2>\n<p>La Martinique, joyau des Cara\u00efbes, vous invite \u00e0 d\u00e9couvrir ses paysages enchanteurs et sa culture vibrante. Imaginez passer une semaine dans une villa priv\u00e9e, entour\u00e9e de cocotiers, avec une piscine \u00e0 quelques pas de la plage. Chaque matin, vous serez r\u00e9veill\u00e9 par le doux bruit des vagues et le chant des oiseaux tropicaux.<\/p>\n<p>Profitez d&rsquo;une exp\u00e9rience unique \u00e0 partir de 1361\u20ac par personne, incluant les vols aller-retour et les transferts. Que vous soyez en couple, entre amis ou en famille, cette offre vous permet de vivre des moments m\u00e9morables dans un cadre idyllique. R\u00e9servez d\u00e8s maintenant pour b\u00e9n\u00e9ficier de cette vente flash avant le 26 avril.<\/p>\n<figure style=\"margin:36px auto;padding:26px 24px;text-align:center;border-top:1px solid #0f2c2a;border-bottom:1px solid #0f2c2a;max-width:660px;position:relative;\">\n<div aria-hidden=\"true\" style=\"position:absolute;top:-22px;left:50%;transform:translateX(-50%);background:#ffffff;padding:0 14px;font-family:'Fraunces',serif;font-size:50px;line-height:1;color:#0a7a6e;\">\u00ab<\/div>\n<blockquote style=\"margin:0;padding:0;font-family:'Fraunces',serif;font-size:25px;line-height:1.4;font-style:italic;color:#0f2c2a;letter-spacing:-0.005em;\"><p>\n    La Martinique est un v\u00e9ritable paradis sur terre, un endroit o\u00f9 le temps semble s&rsquo;arr\u00eater.\n  <\/p><\/blockquote>\n<\/figure>\n<h2>Des vacances \u00e0 la carte pour tous les go\u00fbts<\/h2>\n<p>La villa se trouve au Diamant, une r\u00e9gion r\u00e9put\u00e9e pour sa beaut\u00e9 naturelle et son ambiance tranquille. Vous pourrez vous d\u00e9tendre au bord de la piscine ou vous aventurer sur les plages de sable fin. Les possibilit\u00e9s d&rsquo;activit\u00e9s sont infinies : randonn\u00e9e, plong\u00e9e sous-marine ou simplement fl\u00e2ner au soleil.<\/p>\n<p>Des massages relaxants sont \u00e9galement disponibles pour ceux qui souhaitent se faire dorloter. C&rsquo;est le moment id\u00e9al pour s&rsquo;accorder une pause bien m\u00e9rit\u00e9e lors de vos vacances aux Antilles. Avec plusieurs dates disponibles, vous pourrez choisir la p\u00e9riode qui vous convient le mieux.<\/p>\n<p><iframe loading=\"lazy\" title=\"Vivez une Nuit Inoubliable en Martinique : D\u00e9couvrez Notre Maison d&#039;H\u00f4tes Authentique et Unique.\" width=\"1200\" height=\"675\" src=\"https:\/\/www.youtube.com\/embed\/-bYqdKzJqzA?feature=oembed\" frameborder=\"0\" allow=\"accelerometer; autoplay; clipboard-write; encrypted-media; gyroscope; picture-in-picture; web-share\" referrerpolicy=\"strict-origin-when-cross-origin\" allowfullscreen><\/iframe><\/p>\n<h2>Points forts de votre s\u00e9jour en Martinique<\/h2>\n<p>Voici quelques \u00e9l\u00e9ments qui rendent ce s\u00e9jour exceptionnel, que vous cherchiez un <strong>voyage en Martinique tout compris<\/strong> ou simplement une parenth\u00e8se au calme :<\/p>\n<div style=\"display:grid;grid-template-columns:repeat(auto-fit,minmax(220px,1fr));gap:14px;margin:24px 0 30px;\">\n<article class=\"vam-gl-card\" style=\"background:#fff;border:1px solid #d9e7e3;border-top:3px solid #0a7a6e;border-radius:8px;padding:18px 18px 16px;box-shadow:0 1px 2px rgba(15,44,42,.05);\">\n<div style=\"width:38px;height:38px;background:#e6f5f1;border-radius:50%;display:inline-flex;align-items:center;justify-content:center;margin-bottom:12px;\"><span style=\"font-family:'Fraunces',serif;font-size:18px;color:#0a7a6e;font-weight:900;\">01<\/span><\/div>\n<h3 style=\"margin:0 0 6px;font-size:16.5px;\">Un h\u00e9bergement bien not\u00e9<\/h3>\n<div style=\"font-size:14px;line-height:1.55;color:#43534f;\">Un h\u00f4tel appr\u00e9ci\u00e9 des voyageurs, gage de confort pour poser ses valises sereinement.<\/div>\n<\/article>\n<article class=\"vam-gl-card\" style=\"background:#fff;border:1px solid #d9e7e3;border-top:3px solid #0a7a6e;border-radius:8px;padding:18px 18px 16px;box-shadow:0 1px 2px rgba(15,44,42,.05);\">\n<div style=\"width:38px;height:38px;background:#e6f5f1;border-radius:50%;display:inline-flex;align-items:center;justify-content:center;margin-bottom:12px;\"><span style=\"font-family:'Fraunces',serif;font-size:18px;color:#0a7a6e;font-weight:900;\">02<\/span><\/div>\n<h3 style=\"margin:0 0 6px;font-size:16.5px;\">Id\u00e9al en couple<\/h3>\n<div style=\"font-size:14px;line-height:1.55;color:#43534f;\">Cadre romantique entre plages confidentielles et couchers de soleil carib\u00e9ens.<\/div>\n<\/article>\n<article class=\"vam-gl-card\" style=\"background:#fff;border:1px solid #d9e7e3;border-top:3px solid #0a7a6e;border-radius:8px;padding:18px 18px 16px;box-shadow:0 1px 2px rgba(15,44,42,.05);\">\n<div style=\"width:38px;height:38px;background:#e6f5f1;border-radius:50%;display:inline-flex;align-items:center;justify-content:center;margin-bottom:12px;\"><span style=\"font-family:'Fraunces',serif;font-size:18px;color:#0a7a6e;font-weight:900;\">03<\/span><\/div>\n<h3 style=\"margin:0 0 6px;font-size:16.5px;\">Parfait entre amis<\/h3>\n<div style=\"font-size:14px;line-height:1.55;color:#43534f;\">De nombreuses activit\u00e9s \u00e0 partager : plong\u00e9e, randonn\u00e9e, march\u00e9s et soir\u00e9es cr\u00e9oles.<\/div>\n<\/article>\n<\/div>\n<h2>Quand partir en Martinique<\/h2>\n<p>La meilleure p\u00e9riode pour profiter de l&rsquo;\u00eele d\u00e9pend surtout de la m\u00e9t\u00e9o et du budget. Voici les grandes saisons \u00e0 conna\u00eetre avant de r\u00e9server son <strong>voyage en Martinique pas cher<\/strong> :<\/p>\n<figure style=\"margin:24px 0 30px;\">\n<div style=\"overflow-x:auto;border:1px solid #d9e7e3;border-radius:8px;\">\n<table style=\"width:100%;border-collapse:collapse;font-size:14px;color:#23332f;min-width:480px;\">\n<thead>\n<tr style=\"background:#0f2c2a;color:#fff;\">\n<th style=\"text-align:left;padding:13px 16px;font-size:11.5px;text-transform:uppercase;letter-spacing:1.4px;font-weight:700;\">P\u00e9riode<\/th>\n<th style=\"text-align:left;padding:13px 16px;font-size:11.5px;text-transform:uppercase;letter-spacing:1.4px;font-weight:700;\">M\u00e9t\u00e9o<\/th>\n<th style=\"text-align:left;padding:13px 16px;font-size:11.5px;text-transform:uppercase;letter-spacing:1.4px;font-weight:700;\">Ambiance &amp; prix<\/th>\n<\/tr>\n<\/thead>\n<tbody>\n<tr style=\"background:#fff;border-bottom:1px solid #eef4f2;\">\n<td style=\"padding:13px 16px;font-weight:600;\">D\u00e9c. \u00e0 avril (saison s\u00e8che)<\/td>\n<td style=\"padding:13px 16px;color:#4a5b57;\">Ensoleill\u00e9e, peu de pluie \u2014 le fameux \u00ab car\u00eame \u00bb<\/td>\n<td style=\"padding:13px 16px;color:#4a5b57;\">Haute saison, tarifs plus \u00e9lev\u00e9s<\/td>\n<\/tr>\n<tr style=\"background:#f6faf9;border-bottom:1px solid #eef4f2;\">\n<td style=\"padding:13px 16px;font-weight:600;\">Mai &amp; juin<\/td>\n<td style=\"padding:13px 16px;color:#4a5b57;\">Encore agr\u00e9able, chaleur qui monte<\/td>\n<td style=\"padding:13px 16px;color:#4a5b57;\">Intersaison, bon compromis m\u00e9t\u00e9o\/budget<\/td>\n<\/tr>\n<tr style=\"background:#fff;\">\n<td style=\"padding:13px 16px;font-weight:600;\">Juillet \u00e0 novembre (hivernage)<\/td>\n<td style=\"padding:13px 16px;color:#4a5b57;\">Plus humide, averses tropicales<\/td>\n<td style=\"padding:13px 16px;color:#4a5b57;\">Basse saison, souvent la moins ch\u00e8re<\/td>\n<\/tr>\n<\/tbody>\n<\/table><\/div>\n<\/figure>\n<h2>Informations pratiques pour votre voyage<\/h2>\n<p>Le Domaine de la Palmeraie, o\u00f9 vous serez log\u00e9, est un h\u00f4tel 3 \u00e9toiles situ\u00e9 au sud-ouest de l&rsquo;\u00eele. Avec une note de 4,5 sur 5 sur Tripadvisor, il est reconnu pour son service exceptionnel et ses \u00e9quipements de qualit\u00e9. Vous disposerez d&rsquo;une piscine ext\u00e9rieure, d&rsquo;un parking gratuit et d&rsquo;une connexion Wi-Fi pour rester connect\u00e9 durant votre s\u00e9jour.<\/p>\n<p>Les d\u00e9parts sont possibles depuis plusieurs villes fran\u00e7aises, notamment Paris, Bordeaux, Lyon, Marseille, Nice, Nantes, Pau, Toulouse et Lille.<\/p>\n<h2>Une exp\u00e9rience inoubliable au c\u0153ur des Cara\u00efbes<\/h2>\n<p>La Martinique est une destination qui combine plages paradisiaques, culture riche et gastronomie savoureuse. Vous aurez l&rsquo;occasion de d\u00e9guster des plats locaux, tels que le colombo de poulet ou les accras de morue, tout en d\u00e9couvrant l&rsquo;hospitalit\u00e9 chaleureuse des habitants.<\/p>\n<p>Les activit\u00e9s ne manquent pas : visitez les plantations de canne \u00e0 sucre, partez \u00e0 la d\u00e9couverte de la flore et de la faune locales ou explorez les march\u00e9s color\u00e9s. Chaque jour en Martinique sera une nouvelle aventure, riche en d\u00e9couvertes et en souvenirs inoubliables.<\/p>\n<p>Ne laissez pas passer cette chance de vivre un s\u00e9jour de r\u00eave en Martinique. R\u00e9servez d\u00e8s maintenant et pr\u00e9parez-vous \u00e0 vivre des moments magiques sous le soleil des Cara\u00efbes.<\/p>\n<aside style=\"background:#f4faf8;border:1px solid #d9e7e3;border-radius:10px;padding:24px 26px 26px;margin:34px 0;\">\n<div style=\"font-family:'JetBrains Mono',monospace;font-size:11px;font-weight:600;text-transform:uppercase;letter-spacing:2.2px;color:#0a7a6e;margin-bottom:16px;\">\u00c0 retenir<\/div>\n<div style=\"display:grid;grid-template-columns:repeat(auto-fit,minmax(240px,1fr));gap:10px;\">\n<div style=\"display:flex;gap:12px;background:#fff;border:1px solid #e3efeb;padding:12px 14px;border-radius:7px;align-items:flex-start;\"><span style=\"flex:0 0 26px;width:26px;height:26px;background:#0a7a6e;color:#fff;border-radius:50%;display:inline-flex;align-items:center;justify-content:center;font-size:12px;font-weight:700;\">1<\/span><span style=\"font-size:14px;line-height:1.5;color:#23332f;\">Le Diamant, au sud-ouest, offre plages de sable fin et ambiance tranquille.<\/span><\/div>\n<div style=\"display:flex;gap:12px;background:#fff;border:1px solid #e3efeb;padding:12px 14px;border-radius:7px;align-items:flex-start;\"><span style=\"flex:0 0 26px;width:26px;height:26px;background:#0a7a6e;color:#fff;border-radius:50%;display:inline-flex;align-items:center;justify-content:center;font-size:12px;font-weight:700;\">2<\/span><span style=\"font-size:14px;line-height:1.5;color:#23332f;\">Une semaine suffit pour m\u00ealer farniente, plong\u00e9e et march\u00e9s color\u00e9s.<\/span><\/div>\n<div style=\"display:flex;gap:12px;background:#fff;border:1px solid #e3efeb;padding:12px 14px;border-radius:7px;align-items:flex-start;\"><span style=\"flex:0 0 26px;width:26px;height:26px;background:#0a7a6e;color:#fff;border-radius:50%;display:inline-flex;align-items:center;justify-content:center;font-size:12px;font-weight:700;\">3<\/span><span style=\"font-size:14px;line-height:1.5;color:#23332f;\">Offre \u00e0 partir de 1361 \u20ac \/ pers., vols et transferts inclus (avant le 26 avril).<\/span><\/div>\n<div style=\"display:flex;gap:12px;background:#fff;border:1px solid #e3efeb;padding:12px 14px;border-radius:7px;align-items:flex-start;\"><span style=\"flex:0 0 26px;width:26px;height:26px;background:#0a7a6e;color:#fff;border-radius:50%;display:inline-flex;align-items:center;justify-content:center;font-size:12px;font-weight:700;\">4<\/span><span style=\"font-size:14px;line-height:1.5;color:#23332f;\">Vols possibles depuis 9 villes fran\u00e7aises, dont Paris, Lyon et Toulouse.<\/span><\/div>\n<div style=\"display:flex;gap:12px;background:#fff;border:1px solid #e3efeb;padding:12px 14px;border-radius:7px;align-items:flex-start;\"><span style=\"flex:0 0 26px;width:26px;height:26px;background:#0a7a6e;color:#fff;border-radius:50%;display:inline-flex;align-items:center;justify-content:center;font-size:12px;font-weight:700;\">5<\/span><span style=\"font-size:14px;line-height:1.5;color:#23332f;\">Gastronomie cr\u00e9ole \u00e0 go\u00fbter : colombo de poulet et accras de morue.<\/span><\/div>\n<\/p><\/div>\n<\/aside>\n<section class=\"vam-gl-faq\" style=\"margin:40px 0 10px;\">\n<h2 style=\"margin:0 0 16px;\">Questions fr\u00e9quentes sur la Martinique<\/h2>\n<div style=\"border-top:1px solid #d9e7e3;\">\n<details style=\"border-bottom:1px solid #d9e7e3;\">\n<summary style=\"cursor:pointer;padding:16px 0;font-family:'Fraunces',serif;font-size:18px;font-weight:700;color:#0f2c2a;list-style:none;display:flex;justify-content:space-between;align-items:center;gap:14px;\"><span>Quelle est la meilleure saison pour aller en Martinique ?<\/span><span class=\"vam-gl-pl\" style=\"font-size:24px;font-weight:300;color:#0a7a6e;line-height:1;transition:.2s;\">+<\/span><\/summary>\n<div style=\"padding:0 0 16px;font-size:15px;line-height:1.7;color:#43534f;\">La saison s\u00e8che, de d\u00e9cembre \u00e0 avril (le \u00ab car\u00eame \u00bb), est la plus ensoleill\u00e9e et la plus pris\u00e9e. C&rsquo;est la haute saison : on profite d&rsquo;un ciel d\u00e9gag\u00e9, mais les tarifs y sont aussi les plus \u00e9lev\u00e9s.<\/div>\n<\/details>\n<details style=\"border-bottom:1px solid #d9e7e3;\">\n<summary style=\"cursor:pointer;padding:16px 0;font-family:'Fraunces',serif;font-size:18px;font-weight:700;color:#0f2c2a;list-style:none;display:flex;justify-content:space-between;align-items:center;gap:14px;\"><span>Quelle est la p\u00e9riode la moins ch\u00e8re pour partir en Martinique ?<\/span><span class=\"vam-gl-pl\" style=\"font-size:24px;font-weight:300;color:#0a7a6e;line-height:1;transition:.2s;\">+<\/span><\/summary>\n<div style=\"padding:0 0 16px;font-size:15px;line-height:1.7;color:#43534f;\">La basse saison correspond \u00e0 l&rsquo;hivernage, de juillet \u00e0 novembre. La m\u00e9t\u00e9o est plus humide, mais c&rsquo;est g\u00e9n\u00e9ralement la p\u00e9riode o\u00f9 les vols et les s\u00e9jours sont les plus abordables. Surveiller aussi les ventes flash, comme l&rsquo;offre \u00e0 partir de 1361 \u20ac.<\/div>\n<\/details>\n<details style=\"border-bottom:1px solid #d9e7e3;\">\n<summary style=\"cursor:pointer;padding:16px 0;font-family:'Fraunces',serif;font-size:18px;font-weight:700;color:#0f2c2a;list-style:none;display:flex;justify-content:space-between;align-items:center;gap:14px;\"><span>Que faire au Diamant et dans le sud de l&rsquo;\u00eele ?<\/span><span class=\"vam-gl-pl\" style=\"font-size:24px;font-weight:300;color:#0a7a6e;line-height:1;transition:.2s;\">+<\/span><\/summary>\n<div style=\"padding:0 0 16px;font-size:15px;line-height:1.7;color:#43534f;\">Le Diamant invite \u00e0 la d\u00e9tente sur ses plages de sable fin, mais aussi \u00e0 la plong\u00e9e sous-marine, \u00e0 la randonn\u00e9e et \u00e0 la d\u00e9couverte des march\u00e9s color\u00e9s. C\u00f4t\u00e9 saveurs, on go\u00fbte le colombo de poulet et les accras de morue.<\/div>\n<\/details>\n<details>\n<summary style=\"cursor:pointer;padding:16px 0;font-family:'Fraunces',serif;font-size:18px;font-weight:700;color:#0f2c2a;list-style:none;display:flex;justify-content:space-between;align-items:center;gap:14px;\"><span>Depuis quelles villes peut-on s&rsquo;envoler vers la Martinique ?<\/span><span class=\"vam-gl-pl\" style=\"font-size:24px;font-weight:300;color:#0a7a6e;line-height:1;transition:.2s;\">+<\/span><\/summary>\n<div style=\"padding:0 0 16px;font-size:15px;line-height:1.7;color:#43534f;\">Pour ce s\u00e9jour, les d\u00e9parts sont possibles depuis plusieurs villes fran\u00e7aises : Paris, Bordeaux, Lyon, Marseille, Nice, Nantes, Pau, Toulouse et Lille.<\/div>\n<\/details><\/div>\n<\/section>\n<\/div>\n","protected":false},"excerpt":{"rendered":"","protected":false},"author":34,"featured_media":18007,"comment_status":"open","ping_status":"open","sticky":false,"template":"","format":"standard","meta":{"_acf_changed":false,"manual_indexmenow":false,"indexmenow_id_project":0,"footnotes":""},"categories":[1],"tags":[4639,4530,4535,4528,4769],"class_list":["post-17080","post","type-post","status-publish","format-standard","has-post-thumbnail","hentry","category-a-la-une","tag-aventure","tag-escapade-en-europe","tag-gastronomie-locale","tag-hebergement-abordable","tag-immersion-culturelle","generate-columns","tablet-grid-50","mobile-grid-100","grid-parent","grid-25"],"acf":[],"yoast_head":"<!-- This site is optimized with the Yoast SEO Premium plugin v21.3 (Yoast SEO v25.1) - https:\/\/yoast.com\/wordpress\/plugins\/seo\/ -->\n<title>s\u00e9jour idyllique en Martinique \u00e0 prix r\u00e9duit : une<\/title>\n<meta name=\"description\" content=\"Cocotiers, eau turquoise et villa priv\u00e9e \u00e0 deux pas de la plage : la Martinique condense tout ce qu&#039;on attend d&#039;un s\u00e9jour aux Cara\u00efbes. Voici comment\" \/>\n<meta name=\"robots\" content=\"index, follow, max-snippet:-1, max-image-preview:large, max-video-preview:-1\" \/>\n<link rel=\"canonical\" href=\"https:\/\/voyage-aventure.com\/blog\/a-la-une\/sejour-idyllique-en-martinique-a-prix-reduit-une-experience-inoubliable\/\" \/>\n<meta property=\"og:locale\" content=\"fr_FR\" \/>\n<meta property=\"og:type\" content=\"article\" \/>\n<meta property=\"og:title\" content=\"s\u00e9jour idyllique en Martinique \u00e0 prix r\u00e9duit : une\" \/>\n<meta property=\"og:description\" content=\"Cocotiers, eau turquoise et villa priv\u00e9e \u00e0 deux pas de la plage : la Martinique condense tout ce qu&#039;on attend d&#039;un s\u00e9jour aux Cara\u00efbes. Voici comment\" \/>\n<meta property=\"og:url\" content=\"https:\/\/voyage-aventure.com\/blog\/a-la-une\/sejour-idyllique-en-martinique-a-prix-reduit-une-experience-inoubliable\/\" \/>\n<meta property=\"og:site_name\" content=\"voyage-aventure\" \/>\n<meta property=\"og:image\" content=\"https:\/\/voyage-aventure.com\/blog\/wp-content\/uploads\/2025\/04\/sdxl-1de4dc9319fc73e912f30b7beb5d357e.png\" \/>\n\t<meta property=\"og:image:width\" content=\"1536\" \/>\n\t<meta property=\"og:image:height\" content=\"640\" \/>\n\t<meta property=\"og:image:type\" content=\"image\/png\" \/>\n<meta name=\"author\" content=\"Camille Rouvray\" \/>\n<meta name=\"twitter:card\" content=\"summary_large_image\" \/>\n<script type=\"application\/ld+json\" class=\"yoast-schema-graph\">{\"@context\":\"https:\/\/schema.org\",\"@graph\":[{\"@type\":\"NewsArticle\",\"@id\":\"https:\/\/voyage-aventure.com\/blog\/a-la-une\/sejour-idyllique-en-martinique-a-prix-reduit-une-experience-inoubliable\/#article\",\"isPartOf\":{\"@id\":\"https:\/\/voyage-aventure.com\/blog\/a-la-une\/sejour-idyllique-en-martinique-a-prix-reduit-une-experience-inoubliable\/\"},\"author\":{\"name\":\"Camille Rouvray\",\"@id\":\"https:\/\/voyage-aventure.com\/blog\/#\/schema\/person\/3c864cdc320801e3db34b663e7e3f816\"},\"headline\":\"s\u00e9jour idyllique en Martinique \u00e0 prix r\u00e9duit : une exp\u00e9rience inoubliable\",\"datePublished\":\"2026-06-12T19:34:11+00:00\",\"mainEntityOfPage\":{\"@id\":\"https:\/\/voyage-aventure.com\/blog\/a-la-une\/sejour-idyllique-en-martinique-a-prix-reduit-une-experience-inoubliable\/\"},\"wordCount\":1079,\"commentCount\":26,\"publisher\":{\"@id\":\"https:\/\/voyage-aventure.com\/blog\/#organization\"},\"image\":{\"@id\":\"https:\/\/voyage-aventure.com\/blog\/a-la-une\/sejour-idyllique-en-martinique-a-prix-reduit-une-experience-inoubliable\/#primaryimage\"},\"thumbnailUrl\":\"https:\/\/voyage-aventure.com\/blog\/wp-content\/uploads\/2025\/04\/sdxl-1de4dc9319fc73e912f30b7beb5d357e.png\",\"keywords\":[\"Aventure\",\"Escapade en Europe\",\"Gastronomie Locale\",\"H\u00e9bergement Abordable\",\"Immersion Culturelle\"],\"articleSection\":[\"\u00c0 la une\"],\"inLanguage\":\"fr-FR\",\"potentialAction\":[{\"@type\":\"CommentAction\",\"name\":\"Comment\",\"target\":[\"https:\/\/voyage-aventure.com\/blog\/a-la-une\/sejour-idyllique-en-martinique-a-prix-reduit-une-experience-inoubliable\/#respond\"]}]},{\"@type\":\"WebPage\",\"@id\":\"https:\/\/voyage-aventure.com\/blog\/a-la-une\/sejour-idyllique-en-martinique-a-prix-reduit-une-experience-inoubliable\/\",\"url\":\"https:\/\/voyage-aventure.com\/blog\/a-la-une\/sejour-idyllique-en-martinique-a-prix-reduit-une-experience-inoubliable\/\",\"name\":\"s\u00e9jour idyllique en Martinique \u00e0 prix r\u00e9duit : une\",\"isPartOf\":{\"@id\":\"https:\/\/voyage-aventure.com\/blog\/#website\"},\"primaryImageOfPage\":{\"@id\":\"https:\/\/voyage-aventure.com\/blog\/a-la-une\/sejour-idyllique-en-martinique-a-prix-reduit-une-experience-inoubliable\/#primaryimage\"},\"image\":{\"@id\":\"https:\/\/voyage-aventure.com\/blog\/a-la-une\/sejour-idyllique-en-martinique-a-prix-reduit-une-experience-inoubliable\/#primaryimage\"},\"thumbnailUrl\":\"https:\/\/voyage-aventure.com\/blog\/wp-content\/uploads\/2025\/04\/sdxl-1de4dc9319fc73e912f30b7beb5d357e.png\",\"datePublished\":\"2026-06-12T19:34:11+00:00\",\"description\":\"Cocotiers, eau turquoise et villa priv\u00e9e \u00e0 deux pas de la plage : la Martinique condense tout ce qu'on attend d'un s\u00e9jour aux Cara\u00efbes. Voici comment\",\"inLanguage\":\"fr-FR\",\"potentialAction\":[{\"@type\":\"ReadAction\",\"target\":[\"https:\/\/voyage-aventure.com\/blog\/a-la-une\/sejour-idyllique-en-martinique-a-prix-reduit-une-experience-inoubliable\/\"]}]},{\"@type\":\"ImageObject\",\"inLanguage\":\"fr-FR\",\"@id\":\"https:\/\/voyage-aventure.com\/blog\/a-la-une\/sejour-idyllique-en-martinique-a-prix-reduit-une-experience-inoubliable\/#primaryimage\",\"url\":\"https:\/\/voyage-aventure.com\/blog\/wp-content\/uploads\/2025\/04\/sdxl-1de4dc9319fc73e912f30b7beb5d357e.png\",\"contentUrl\":\"https:\/\/voyage-aventure.com\/blog\/wp-content\/uploads\/2025\/04\/sdxl-1de4dc9319fc73e912f30b7beb5d357e.png\",\"width\":1536,\"height\":640},{\"@type\":\"WebSite\",\"@id\":\"https:\/\/voyage-aventure.com\/blog\/#website\",\"url\":\"https:\/\/voyage-aventure.com\/blog\/\",\"name\":\"voyage-aventure.com\",\"description\":\"Votre passeport pour l\u2019inattendu.\",\"publisher\":{\"@id\":\"https:\/\/voyage-aventure.com\/blog\/#organization\"},\"alternateName\":\"Votre passeport pour l\u2019inattendu.\",\"potentialAction\":[{\"@type\":\"SearchAction\",\"target\":{\"@type\":\"EntryPoint\",\"urlTemplate\":\"https:\/\/voyage-aventure.com\/blog\/?s={search_term_string}\"},\"query-input\":{\"@type\":\"PropertyValueSpecification\",\"valueRequired\":true,\"valueName\":\"search_term_string\"}}],\"inLanguage\":\"fr-FR\"},{\"@type\":\"Organization\",\"@id\":\"https:\/\/voyage-aventure.com\/blog\/#organization\",\"name\":\"Foretsensations.fr\",\"url\":\"https:\/\/voyage-aventure.com\/blog\/\",\"logo\":{\"@type\":\"ImageObject\",\"inLanguage\":\"fr-FR\",\"@id\":\"https:\/\/voyage-aventure.com\/blog\/#\/schema\/logo\/image\/\",\"url\":\"https:\/\/voyage-aventure.com\/blog\/wp-content\/uploads\/2024\/12\/19.png\",\"contentUrl\":\"https:\/\/voyage-aventure.com\/blog\/wp-content\/uploads\/2024\/12\/19.png\",\"width\":512,\"height\":512,\"caption\":\"Foretsensations.fr\"},\"image\":{\"@id\":\"https:\/\/voyage-aventure.com\/blog\/#\/schema\/logo\/image\/\"}},{\"@type\":\"Person\",\"@id\":\"https:\/\/voyage-aventure.com\/blog\/#\/schema\/person\/3c864cdc320801e3db34b663e7e3f816\",\"name\":\"Camille Rouvray\",\"image\":{\"@type\":\"ImageObject\",\"inLanguage\":\"fr-FR\",\"@id\":\"https:\/\/voyage-aventure.com\/blog\/#\/schema\/person\/image\/\",\"url\":\"https:\/\/voyage-aventure.com\/blog\/wp-content\/uploads\/2026\/06\/persona_camille-r-96x96.jpg\",\"contentUrl\":\"https:\/\/voyage-aventure.com\/blog\/wp-content\/uploads\/2026\/06\/persona_camille-r-96x96.jpg\",\"caption\":\"Camille Rouvray\"},\"description\":\"Je voyage et j'\u00e9cris sur le voyage depuis une douzaine d'ann\u00e9es, d'abord en tant que routarde au long cours, puis comme r\u00e9dactrice sp\u00e9cialis\u00e9e. Mon terrain de pr\u00e9dilection, ce sont les circuits organis\u00e9s et l'art de bien pr\u00e9parer un itin\u00e9raire : choix de la saison, dur\u00e9e r\u00e9aliste des \u00e9tapes, budget jour par jour, logement et transport sur place. J'aime aussi raconter les p\u00e9pites urbaines, ces adresses qu'on ne trouve pas dans les guides classiques. Avant de publier un dossier destination, je croise toujours plusieurs sources, je v\u00e9rifie les tarifs et les formalit\u00e9s d'entr\u00e9e \u00e0 jour, et je teste moi-m\u00eame quand je le peux. Mon angle reste pratique avant tout : aider le lecteur \u00e0 partir l'esprit tranquille, sans mauvaise surprise une fois sur place. Je m'attache \u00e0 distinguer le coup de c\u0153ur sinc\u00e8re du simple argument marketing.\",\"sameAs\":[\"https:\/\/camillerouvray.fr\/\"],\"url\":\"https:\/\/voyage-aventure.com\/blog\/auteur\/noname\/\"}]}<\/script>\n<!-- \/ Yoast SEO Premium plugin. -->","yoast_head_json":{"title":"s\u00e9jour idyllique en Martinique \u00e0 prix r\u00e9duit : une","description":"Cocotiers, eau turquoise et villa priv\u00e9e \u00e0 deux pas de la plage : la Martinique condense tout ce qu'on attend d'un s\u00e9jour aux Cara\u00efbes. Voici comment","robots":{"index":"index","follow":"follow","max-snippet":"max-snippet:-1","max-image-preview":"max-image-preview:large","max-video-preview":"max-video-preview:-1"},"canonical":"https:\/\/voyage-aventure.com\/blog\/a-la-une\/sejour-idyllique-en-martinique-a-prix-reduit-une-experience-inoubliable\/","og_locale":"fr_FR","og_type":"article","og_title":"s\u00e9jour idyllique en Martinique \u00e0 prix r\u00e9duit : une","og_description":"Cocotiers, eau turquoise et villa priv\u00e9e \u00e0 deux pas de la plage : la Martinique condense tout ce qu'on attend d'un s\u00e9jour aux Cara\u00efbes. Voici comment","og_url":"https:\/\/voyage-aventure.com\/blog\/a-la-une\/sejour-idyllique-en-martinique-a-prix-reduit-une-experience-inoubliable\/","og_site_name":"voyage-aventure","og_image":[{"width":1536,"height":640,"url":"https:\/\/voyage-aventure.com\/blog\/wp-content\/uploads\/2025\/04\/sdxl-1de4dc9319fc73e912f30b7beb5d357e.png","type":"image\/png"}],"author":"Camille Rouvray","twitter_card":"summary_large_image","schema":{"@context":"https:\/\/schema.org","@graph":[{"@type":"NewsArticle","@id":"https:\/\/voyage-aventure.com\/blog\/a-la-une\/sejour-idyllique-en-martinique-a-prix-reduit-une-experience-inoubliable\/#article","isPartOf":{"@id":"https:\/\/voyage-aventure.com\/blog\/a-la-une\/sejour-idyllique-en-martinique-a-prix-reduit-une-experience-inoubliable\/"},"author":{"name":"Camille Rouvray","@id":"https:\/\/voyage-aventure.com\/blog\/#\/schema\/person\/3c864cdc320801e3db34b663e7e3f816"},"headline":"s\u00e9jour idyllique en Martinique \u00e0 prix r\u00e9duit : une exp\u00e9rience inoubliable","datePublished":"2026-06-12T19:34:11+00:00","mainEntityOfPage":{"@id":"https:\/\/voyage-aventure.com\/blog\/a-la-une\/sejour-idyllique-en-martinique-a-prix-reduit-une-experience-inoubliable\/"},"wordCount":1079,"commentCount":26,"publisher":{"@id":"https:\/\/voyage-aventure.com\/blog\/#organization"},"image":{"@id":"https:\/\/voyage-aventure.com\/blog\/a-la-une\/sejour-idyllique-en-martinique-a-prix-reduit-une-experience-inoubliable\/#primaryimage"},"thumbnailUrl":"https:\/\/voyage-aventure.com\/blog\/wp-content\/uploads\/2025\/04\/sdxl-1de4dc9319fc73e912f30b7beb5d357e.png","keywords":["Aventure","Escapade en Europe","Gastronomie Locale","H\u00e9bergement Abordable","Immersion Culturelle"],"articleSection":["\u00c0 la une"],"inLanguage":"fr-FR","potentialAction":[{"@type":"CommentAction","name":"Comment","target":["https:\/\/voyage-aventure.com\/blog\/a-la-une\/sejour-idyllique-en-martinique-a-prix-reduit-une-experience-inoubliable\/#respond"]}]},{"@type":"WebPage","@id":"https:\/\/voyage-aventure.com\/blog\/a-la-une\/sejour-idyllique-en-martinique-a-prix-reduit-une-experience-inoubliable\/","url":"https:\/\/voyage-aventure.com\/blog\/a-la-une\/sejour-idyllique-en-martinique-a-prix-reduit-une-experience-inoubliable\/","name":"s\u00e9jour idyllique en Martinique \u00e0 prix r\u00e9duit : une","isPartOf":{"@id":"https:\/\/voyage-aventure.com\/blog\/#website"},"primaryImageOfPage":{"@id":"https:\/\/voyage-aventure.com\/blog\/a-la-une\/sejour-idyllique-en-martinique-a-prix-reduit-une-experience-inoubliable\/#primaryimage"},"image":{"@id":"https:\/\/voyage-aventure.com\/blog\/a-la-une\/sejour-idyllique-en-martinique-a-prix-reduit-une-experience-inoubliable\/#primaryimage"},"thumbnailUrl":"https:\/\/voyage-aventure.com\/blog\/wp-content\/uploads\/2025\/04\/sdxl-1de4dc9319fc73e912f30b7beb5d357e.png","datePublished":"2026-06-12T19:34:11+00:00","description":"Cocotiers, eau turquoise et villa priv\u00e9e \u00e0 deux pas de la plage : la Martinique condense tout ce qu'on attend d'un s\u00e9jour aux Cara\u00efbes. Voici comment","inLanguage":"fr-FR","potentialAction":[{"@type":"ReadAction","target":["https:\/\/voyage-aventure.com\/blog\/a-la-une\/sejour-idyllique-en-martinique-a-prix-reduit-une-experience-inoubliable\/"]}]},{"@type":"ImageObject","inLanguage":"fr-FR","@id":"https:\/\/voyage-aventure.com\/blog\/a-la-une\/sejour-idyllique-en-martinique-a-prix-reduit-une-experience-inoubliable\/#primaryimage","url":"https:\/\/voyage-aventure.com\/blog\/wp-content\/uploads\/2025\/04\/sdxl-1de4dc9319fc73e912f30b7beb5d357e.png","contentUrl":"https:\/\/voyage-aventure.com\/blog\/wp-content\/uploads\/2025\/04\/sdxl-1de4dc9319fc73e912f30b7beb5d357e.png","width":1536,"height":640},{"@type":"WebSite","@id":"https:\/\/voyage-aventure.com\/blog\/#website","url":"https:\/\/voyage-aventure.com\/blog\/","name":"voyage-aventure.com","description":"Votre passeport pour l\u2019inattendu.","publisher":{"@id":"https:\/\/voyage-aventure.com\/blog\/#organization"},"alternateName":"Votre passeport pour l\u2019inattendu.","potentialAction":[{"@type":"SearchAction","target":{"@type":"EntryPoint","urlTemplate":"https:\/\/voyage-aventure.com\/blog\/?s={search_term_string}"},"query-input":{"@type":"PropertyValueSpecification","valueRequired":true,"valueName":"search_term_string"}}],"inLanguage":"fr-FR"},{"@type":"Organization","@id":"https:\/\/voyage-aventure.com\/blog\/#organization","name":"Foretsensations.fr","url":"https:\/\/voyage-aventure.com\/blog\/","logo":{"@type":"ImageObject","inLanguage":"fr-FR","@id":"https:\/\/voyage-aventure.com\/blog\/#\/schema\/logo\/image\/","url":"https:\/\/voyage-aventure.com\/blog\/wp-content\/uploads\/2024\/12\/19.png","contentUrl":"https:\/\/voyage-aventure.com\/blog\/wp-content\/uploads\/2024\/12\/19.png","width":512,"height":512,"caption":"Foretsensations.fr"},"image":{"@id":"https:\/\/voyage-aventure.com\/blog\/#\/schema\/logo\/image\/"}},{"@type":"Person","@id":"https:\/\/voyage-aventure.com\/blog\/#\/schema\/person\/3c864cdc320801e3db34b663e7e3f816","name":"Camille Rouvray","image":{"@type":"ImageObject","inLanguage":"fr-FR","@id":"https:\/\/voyage-aventure.com\/blog\/#\/schema\/person\/image\/","url":"https:\/\/voyage-aventure.com\/blog\/wp-content\/uploads\/2026\/06\/persona_camille-r-96x96.jpg","contentUrl":"https:\/\/voyage-aventure.com\/blog\/wp-content\/uploads\/2026\/06\/persona_camille-r-96x96.jpg","caption":"Camille Rouvray"},"description":"Je voyage et j'\u00e9cris sur le voyage depuis une douzaine d'ann\u00e9es, d'abord en tant que routarde au long cours, puis comme r\u00e9dactrice sp\u00e9cialis\u00e9e. Mon terrain de pr\u00e9dilection, ce sont les circuits organis\u00e9s et l'art de bien pr\u00e9parer un itin\u00e9raire : choix de la saison, dur\u00e9e r\u00e9aliste des \u00e9tapes, budget jour par jour, logement et transport sur place. J'aime aussi raconter les p\u00e9pites urbaines, ces adresses qu'on ne trouve pas dans les guides classiques. Avant de publier un dossier destination, je croise toujours plusieurs sources, je v\u00e9rifie les tarifs et les formalit\u00e9s d'entr\u00e9e \u00e0 jour, et je teste moi-m\u00eame quand je le peux. Mon angle reste pratique avant tout : aider le lecteur \u00e0 partir l'esprit tranquille, sans mauvaise surprise une fois sur place. Je m'attache \u00e0 distinguer le coup de c\u0153ur sinc\u00e8re du simple argument marketing.","sameAs":["https:\/\/camillerouvray.fr\/"],"url":"https:\/\/voyage-aventure.com\/blog\/auteur\/noname\/"}]}},"_links":{"self":[{"href":"https:\/\/voyage-aventure.com\/blog\/wp-json\/wp\/v2\/posts\/17080","targetHints":{"allow":["GET"]}}],"collection":[{"href":"https:\/\/voyage-aventure.com\/blog\/wp-json\/wp\/v2\/posts"}],"about":[{"href":"https:\/\/voyage-aventure.com\/blog\/wp-json\/wp\/v2\/types\/post"}],"author":[{"embeddable":true,"href":"https:\/\/voyage-aventure.com\/blog\/wp-json\/wp\/v2\/users\/34"}],"replies":[{"embeddable":true,"href":"https:\/\/voyage-aventure.com\/blog\/wp-json\/wp\/v2\/comments?post=17080"}],"version-history":[{"count":1,"href":"https:\/\/voyage-aventure.com\/blog\/wp-json\/wp\/v2\/posts\/17080\/revisions"}],"predecessor-version":[{"id":22305,"href":"https:\/\/voyage-aventure.com\/blog\/wp-json\/wp\/v2\/posts\/17080\/revisions\/22305"}],"wp:featuredmedia":[{"embeddable":true,"href":"https:\/\/voyage-aventure.com\/blog\/wp-json\/wp\/v2\/media\/18007"}],"wp:attachment":[{"href":"https:\/\/voyage-aventure.com\/blog\/wp-json\/wp\/v2\/media?parent=17080"}],"wp:term":[{"taxonomy":"category","embeddable":true,"href":"https:\/\/voyage-aventure.com\/blog\/wp-json\/wp\/v2\/categories?post=17080"},{"taxonomy":"post_tag","embeddable":true,"href":"https:\/\/voyage-aventure.com\/blog\/wp-json\/wp\/v2\/tags?post=17080"}],"curies":[{"name":"wp","href":"https:\/\/api.w.org\/{rel}","templated":true}]}}