{"id":17072,"date":"2026-05-19T04:47:44","date_gmt":"2026-05-19T02:47:44","guid":{"rendered":"https:\/\/voyage-aventure.com\/blog\/a-la-une\/les-defis-des-ferries-sur-barra-compromettent-les-voyages-familiaux-un-appel-a-laction\/"},"modified":"2026-05-19T04:47:44","modified_gmt":"2026-05-19T02:47:44","slug":"les-defis-des-ferries-sur-barra-compromettent-les-voyages-familiaux-un-appel-a-laction","status":"publish","type":"post","link":"https:\/\/voyage-aventure.com\/blog\/a-la-une\/les-defis-des-ferries-sur-barra-compromettent-les-voyages-familiaux-un-appel-a-laction\/","title":{"rendered":"Les d\u00e9fis des ferries sur Barra compromettent les voyages familiaux : un appel \u00e0 l&rsquo;action"},"content":{"rendered":"<aside style=\"background:#f5f1ed;border-left:5px solid #6a4a2a;padding:22px 28px;margin:24px 0;font-family:-apple-system,BlinkMacSystemFont,'Segoe UI',Roboto,sans-serif;\">\n<div style=\"margin:0;font-size:19px;line-height:1.55;color:#2a2a2a;font-weight:500;letter-spacing:-0.005em;\">\n    Un ferry r\u00e9duit \u00e0 45 places l\u00e0 o\u00f9 passaient 600 voyageurs. \u00c0 Barra, la rupture de la ligne maritime n&rsquo;a pas seulement perturb\u00e9 un trajet \u2014 elle a r\u00e9v\u00e9l\u00e9 la fragilit\u00e9 d&rsquo;un quotidien insulaire enti\u00e8rement suspendu \u00e0 la mer.\n  <\/div>\n<\/aside>\n<h2>Une situation difficile pour les familles insulaires<\/h2>\n<p>La vie sur une \u00eele peut comporter des d\u00e9fis uniques, surtout lorsqu&rsquo;il s&rsquo;agit de transport. R\u00e9cemment, Carol-Anne Galbraith, m\u00e8re de quatre enfants vivant \u00e0 Barra, a \u00e9t\u00e9 contrainte de voyager sans une partie de sa famille en raison de la r\u00e9duction du service de ferry. Ce changement impr\u00e9vu a eu des cons\u00e9quences significatives sur sa capacit\u00e9 \u00e0 emmener son fils Kieran \u00e0 un rendez-vous m\u00e9dical \u00e0 Glasgow.<\/p>\n<p>Le ferry habituel de Barra, capable de transporter jusqu&rsquo;\u00e0 600 passagers, a \u00e9t\u00e9 remplac\u00e9 par un bateau ayant une capacit\u00e9 limit\u00e9e \u00e0 seulement 45 personnes. Ce changement a non seulement caus\u00e9 des d\u00e9sagr\u00e9ments pour la famille Galbraith, mais a \u00e9galement mis en \u00e9vidence les probl\u00e8mes structurels du transport maritime dans les \u00eeles H\u00e9brides. Dans un contexte o\u00f9 les options de garde d&rsquo;enfants sont limit\u00e9es, les familles se retrouvent souvent dans des situations pr\u00e9caires.<\/p>\n<aside style=\"background:#fafaf7;border:1px solid #e5e5e0;border-radius:8px;padding:24px 26px 26px;margin:28px 0;font-family:-apple-system,BlinkMacSystemFont,'Segoe UI',Roboto,sans-serif;\">\n<div style=\"margin:0 0 18px 0;font-size:11px;font-weight:700;text-transform:uppercase;letter-spacing:2.2px;color:#6a4a2a;\">\u00c0 retenir<\/div>\n<div style=\"display:grid;grid-template-columns:repeat(auto-fit,minmax(240px,1fr));gap:10px;\">\n<div style=\"display:flex;gap:12px;background:#fff;border:1px solid #ebebe5;padding:12px 14px;border-radius:6px;align-items:flex-start;\">\n      <span style=\"flex:0 0 26px;width:26px;height:26px;background:#6a4a2a;color:#fff;border-radius:50%;display:inline-flex;align-items:center;justify-content:center;font-size:12px;font-weight:700;font-family:-apple-system,sans-serif;\">1<\/span><br \/>\n      <span style=\"font-size:14px;line-height:1.5;color:#2a2a2a;\">Capacit\u00e9 divis\u00e9e par treize : de 600 \u00e0 45 passagers sur la ligne Barra.<\/span>\n    <\/div>\n<div style=\"display:flex;gap:12px;background:#fff;border:1px solid #ebebe5;padding:12px 14px;border-radius:6px;align-items:flex-start;\">\n      <span style=\"flex:0 0 26px;width:26px;height:26px;background:#6a4a2a;color:#fff;border-radius:50%;display:inline-flex;align-items:center;justify-content:center;font-size:12px;font-weight:700;font-family:-apple-system,sans-serif;\">2<\/span><br \/>\n      <span style=\"font-size:14px;line-height:1.5;color:#2a2a2a;\">Le d\u00e9tour propos\u00e9 impose 350 miles de route et au moins douze heures de trajet.<\/span>\n    <\/div>\n<div style=\"display:flex;gap:12px;background:#fff;border:1px solid #ebebe5;padding:12px 14px;border-radius:6px;align-items:flex-start;\">\n      <span style=\"flex:0 0 26px;width:26px;height:26px;background:#6a4a2a;color:#fff;border-radius:50%;display:inline-flex;align-items:center;justify-content:center;font-size:12px;font-weight:700;font-family:-apple-system,sans-serif;\">3<\/span><br \/>\n      <span style=\"font-size:14px;line-height:1.5;color:#2a2a2a;\">Les rendez-vous m\u00e9dicaux \u00e0 Glasgow deviennent un casse-t\u00eate logistique pour les familles.<\/span>\n    <\/div>\n<div style=\"display:flex;gap:12px;background:#fff;border:1px solid #ebebe5;padding:12px 14px;border-radius:6px;align-items:flex-start;\">\n      <span style=\"flex:0 0 26px;width:26px;height:26px;background:#6a4a2a;color:#fff;border-radius:50%;display:inline-flex;align-items:center;justify-content:center;font-size:12px;font-weight:700;font-family:-apple-system,sans-serif;\">4<\/span><br \/>\n      <span style=\"font-size:14px;line-height:1.5;color:#2a2a2a;\">Le Barra Transport Committee d\u00e9nonce un manquement contractuel r\u00e9p\u00e9t\u00e9 de l&rsquo;op\u00e9rateur.<\/span>\n    <\/div>\n<div style=\"display:flex;gap:12px;background:#fff;border:1px solid #ebebe5;padding:12px 14px;border-radius:6px;align-items:flex-start;\">\n      <span style=\"flex:0 0 26px;width:26px;height:26px;background:#6a4a2a;color:#fff;border-radius:50%;display:inline-flex;align-items:center;justify-content:center;font-size:12px;font-weight:700;font-family:-apple-system,sans-serif;\">5<\/span><br \/>\n      <span style=\"font-size:14px;line-height:1.5;color:#2a2a2a;\">Plus de 530 millions de livres annonc\u00e9s pour moderniser le r\u00e9seau, dont le d\u00e9ploiement reste attendu.<\/span>\n    <\/div>\n<\/p><\/div>\n<\/aside>\n<h2>Les alternatives propos\u00e9es ne suffisent pas<\/h2>\n<p>Face \u00e0 cette situation, la compagnie de ferry CalMac a tent\u00e9 de proposer des solutions alternatives pour permettre \u00e0 tous les enfants de Carol-Anne de voyager. Cependant, ces options impliquaient un long trajet de 350 miles en voiture, n\u00e9cessitant deux ferries et prenant au moins douze heures. Ce parcours, loin d&rsquo;\u00eatre pratique, aurait engendr\u00e9 des co\u00fbts suppl\u00e9mentaires et du stress pour la m\u00e8re et ses enfants.<\/p>\n<aside style=\"background:#fff7e0;border-left:4px solid #d4a017;padding:14px 18px;margin:18px 0;border-radius:0 4px 4px 0;font-family:-apple-system,BlinkMacSystemFont,'Segoe UI',Roboto,sans-serif;\">\n  <strong style=\"display:inline-block;color:#7a5e00;font-size:12px;text-transform:uppercase;letter-spacing:1.5px;margin-right:8px;\">&#128161; Bon \u00e0 savoir<\/strong><br \/>\n  <span style=\"font-size:14.5px;line-height:1.55;color:#3a3a3a;\">Pour les habitants des \u00eeles, un rendez-vous hospitalier \u00e0 Glasgow se planifie souvent une \u00e0 deux nuits \u00e0 l&rsquo;avance, h\u00e9bergement et frais de transport non rembours\u00e9s \u00e0 anticiper.<\/span><br \/>\n<\/aside>\n<p>Carol-Anne a exprim\u00e9 son d\u00e9sarroi face \u00e0 ces difficult\u00e9s. Elle a d\u00e9clar\u00e9 : <\/p>\n<blockquote><p>\u00ab\u00a0On se sent coupable en tant que m\u00e8re parce qu&rsquo;on a l&rsquo;impression d&rsquo;avoir \u00e9chou\u00e9 \u00e0 emmener ses enfants.\u00a0\u00bb<\/p><\/blockquote>\n<p> La r\u00e9alit\u00e9 de la vie insulaire, combin\u00e9e aux impr\u00e9vus du transport, met une pression suppl\u00e9mentaire sur les familles qui d\u00e9pendent de ces services pour acc\u00e9der aux soins de sant\u00e9 et aux autres besoins essentiels.<\/p>\n<h3>Les d\u00e9fis quotidiens pos\u00e9s par la rupture de service<\/h3>\n<p>Au-del\u00e0 des rendez-vous m\u00e9dicaux, c&rsquo;est tout un tissu de routines fragiles qui se retrouve fragilis\u00e9 : visites familiales sur le continent, livraisons commerciales, d\u00e9placements scolaires pour les lyc\u00e9ens, allers-retours professionnels. Chaque variation d&rsquo;horaire ou r\u00e9duction de capacit\u00e9 se r\u00e9percute en cascade.<\/p>\n<div style=\"display:grid;grid-template-columns:repeat(auto-fit,minmax(220px,1fr));gap:14px;margin:28px 0;font-family:-apple-system,BlinkMacSystemFont,'Segoe UI',Roboto,sans-serif;\">\n<article style=\"background:#fff;border:1px solid #e5e5e0;border-top:3px solid #6a4a2a;border-radius:6px;padding:18px 18px 16px;\">\n<div style=\"width:36px;height:36px;background:#f5f1ed;border-radius:50%;display:inline-flex;align-items:center;justify-content:center;margin-bottom:12px;\">\n      <span style=\"font-size:18px;color:#6a4a2a;font-weight:900;font-family:Georgia,serif;\">01<\/span>\n    <\/div>\n<h3 style=\"margin:0 0 6px 0;font-size:16px;font-weight:700;color:#1a1a1a;letter-spacing:-0.01em;\">Acc\u00e8s aux soins<\/h3>\n<div style=\"margin:0;font-size:13.5px;line-height:1.55;color:#4a4a4a;\">Sans liaison fiable, un simple suivi m\u00e9dical exige des cong\u00e9s, du logement et plusieurs jours d&rsquo;organisation.<\/div>\n<\/article>\n<article style=\"background:#fff;border:1px solid #e5e5e0;border-top:3px solid #6a4a2a;border-radius:6px;padding:18px 18px 16px;\">\n<div style=\"width:36px;height:36px;background:#f5f1ed;border-radius:50%;display:inline-flex;align-items:center;justify-content:center;margin-bottom:12px;\">\n      <span style=\"font-size:18px;color:#6a4a2a;font-weight:900;font-family:Georgia,serif;\">02<\/span>\n    <\/div>\n<h3 style=\"margin:0 0 6px 0;font-size:16px;font-weight:700;color:#1a1a1a;letter-spacing:-0.01em;\">Scolarit\u00e9 prolong\u00e9e<\/h3>\n<div style=\"margin:0;font-size:13.5px;line-height:1.55;color:#4a4a4a;\">De nombreux jeunes \u00e9tudient ou travaillent sur le continent. Une travers\u00e9e annul\u00e9e signifie une absence en classe ou un week-end perdu.<\/div>\n<\/article>\n<article style=\"background:#fff;border:1px solid #e5e5e0;border-top:3px solid #6a4a2a;border-radius:6px;padding:18px 18px 16px;\">\n<div style=\"width:36px;height:36px;background:#f5f1ed;border-radius:50%;display:inline-flex;align-items:center;justify-content:center;margin-bottom:12px;\">\n      <span style=\"font-size:18px;color:#6a4a2a;font-weight:900;font-family:Georgia,serif;\">03<\/span>\n    <\/div>\n<h3 style=\"margin:0 0 6px 0;font-size:16px;font-weight:700;color:#1a1a1a;letter-spacing:-0.01em;\">\u00c9conomie locale<\/h3>\n<div style=\"margin:0;font-size:13.5px;line-height:1.55;color:#4a4a4a;\">Commerces, h\u00e9bergements et activit\u00e9s touristiques voient leur chiffre d&rsquo;affaires fluctuer au gr\u00e9 des liaisons disponibles.<\/div>\n<\/article>\n<article style=\"background:#fff;border:1px solid #e5e5e0;border-top:3px solid #6a4a2a;border-radius:6px;padding:18px 18px 16px;\">\n<div style=\"width:36px;height:36px;background:#f5f1ed;border-radius:50%;display:inline-flex;align-items:center;justify-content:center;margin-bottom:12px;\">\n      <span style=\"font-size:18px;color:#6a4a2a;font-weight:900;font-family:Georgia,serif;\">04<\/span>\n    <\/div>\n<h3 style=\"margin:0 0 6px 0;font-size:16px;font-weight:700;color:#1a1a1a;letter-spacing:-0.01em;\">Approvisionnement<\/h3>\n<div style=\"margin:0;font-size:13.5px;line-height:1.55;color:#4a4a4a;\">Denr\u00e9es alimentaires, carburant et mat\u00e9riaux d\u00e9pendent du roulier \u2014 chaque rupture p\u00e8se sur les rayons des sup\u00e9rettes.<\/div>\n<\/article>\n<article style=\"background:#fff;border:1px solid #e5e5e0;border-top:3px solid #6a4a2a;border-radius:6px;padding:18px 18px 16px;\">\n<div style=\"width:36px;height:36px;background:#f5f1ed;border-radius:50%;display:inline-flex;align-items:center;justify-content:center;margin-bottom:12px;\">\n      <span style=\"font-size:18px;color:#6a4a2a;font-weight:900;font-family:Georgia,serif;\">05<\/span>\n    <\/div>\n<h3 style=\"margin:0 0 6px 0;font-size:16px;font-weight:700;color:#1a1a1a;letter-spacing:-0.01em;\">Lien familial<\/h3>\n<div style=\"margin:0;font-size:13.5px;line-height:1.55;color:#4a4a4a;\">Voir grands-parents, cousins ou amis vivant ailleurs devient un calcul d&rsquo;horaires plut\u00f4t qu&rsquo;une d\u00e9cision spontan\u00e9e.<\/div>\n<\/article>\n<article style=\"background:#fff;border:1px solid #e5e5e0;border-top:3px solid #6a4a2a;border-radius:6px;padding:18px 18px 16px;\">\n<div style=\"width:36px;height:36px;background:#f5f1ed;border-radius:50%;display:inline-flex;align-items:center;justify-content:center;margin-bottom:12px;\">\n      <span style=\"font-size:18px;color:#6a4a2a;font-weight:900;font-family:Georgia,serif;\">06<\/span>\n    <\/div>\n<h3 style=\"margin:0 0 6px 0;font-size:16px;font-weight:700;color:#1a1a1a;letter-spacing:-0.01em;\">Charge mentale<\/h3>\n<div style=\"margin:0;font-size:13.5px;line-height:1.55;color:#4a4a4a;\">L&rsquo;incertitude permanente sur le service force les habitants \u00e0 pr\u00e9voir des plans B, C et parfois D pour chaque d\u00e9placement.<\/div>\n<\/article>\n<\/div>\n<h2>Un appel \u00e0 l&rsquo;am\u00e9lioration des services de transport<\/h2>\n<p>La situation \u00e0 Barra n&rsquo;est pas unique. De nombreuses \u00eeles des H\u00e9brides souffrent de probl\u00e8mes similaires avec les services de ferry, ce qui a conduit \u00e0 des manifestations revendiquant une am\u00e9lioration des connexions de transport. Brian Currie, membre du Barra Transport Committee, a accus\u00e9 CalMac de ne pas respecter ses obligations contractuelles. Selon lui, \u00ab\u00a0CalMac a \u00e9chou\u00e9 \u00e0 fournir des services vitaux \u00e0 l&rsquo;\u00eele au cours des deux derniers mois.\u00a0\u00bb<\/p>\n<figure style=\"margin:38px auto;padding:28px 24px;text-align:center;border-top:1px solid #2a2a2a;border-bottom:1px solid #2a2a2a;max-width:640px;position:relative;font-family:Georgia,'Hoefler Text',serif;\">\n<div style=\"position:absolute;top:-20px;left:50%;transform:translateX(-50%);background:#ffffff;padding:0 14px;font-size:48px;line-height:1;color:#6a4a2a;font-family:Georgia,serif;\">&laquo;<\/div>\n<blockquote style=\"margin:0;padding:0;font-size:24px;line-height:1.45;font-style:italic;color:#1a1a1a;letter-spacing:-0.005em;\"><p>\n    On se sent coupable en tant que m\u00e8re parce qu&rsquo;on a l&rsquo;impression d&rsquo;avoir \u00e9chou\u00e9 \u00e0 emmener ses enfants.<br \/>\n  <\/blockquote><figcaption style=\"margin-top:14px;font-size:12px;text-transform:uppercase;letter-spacing:2px;color:#6a6a6a;font-family:-apple-system,sans-serif;font-style:normal;\">\u2014 Carol-Anne Galbraith, habitante de Barra<\/figcaption><\/figure>\n<p>Les r\u00e9sidents des \u00eeles ont exprim\u00e9 leurs pr\u00e9occupations concernant la fiabilit\u00e9 des services de ferry depuis plusieurs ann\u00e9es. En 2023, une marche a eu lieu \u00e0 Glasgow pour protester contre la perturbation des services de ferry de South Uist. Les habitants se sentent souvent laiss\u00e9s pour compte, ce qui accentue leur sentiment d&rsquo;isolement.<\/p>\n<h3>Cartographie des principales liaisons concern\u00e9es<\/h3>\n<p>Pour comprendre l&rsquo;ampleur du probl\u00e8me, il faut visualiser le maillage maritime des H\u00e9brides ext\u00e9rieures et la diversit\u00e9 des situations selon les ports desservis.<\/p>\n<figure style=\"margin:32px 0;font-family:-apple-system,BlinkMacSystemFont,'Segoe UI',Roboto,sans-serif;\">\n<div style=\"overflow-x:auto;border:1px solid #e5e5e0;border-radius:8px;\">\n<table style=\"width:100%;border-collapse:collapse;font-size:14px;color:#2a2a2a;min-width:500px;\">\n<thead>\n<tr style=\"background:#1a1a1a;color:#fff;\">\n<th style=\"text-align:left;padding:14px 18px;font-weight:700;font-size:12px;text-transform:uppercase;letter-spacing:1.5px;\">Liaison<\/th>\n<th style=\"text-align:left;padding:14px 18px;font-weight:700;font-size:12px;text-transform:uppercase;letter-spacing:1.5px;\">Dur\u00e9e moyenne<\/th>\n<th style=\"text-align:center;padding:14px 18px;font-weight:700;font-size:12px;text-transform:uppercase;letter-spacing:1.5px;\">Capacit\u00e9 standard<\/th>\n<\/tr>\n<\/thead>\n<tbody>\n<tr style=\"background:#fff;border-bottom:1px solid #f0ede5;\">\n<td style=\"padding:14px 18px;font-weight:600;\">Oban &rarr; Barra (Castlebay)<\/td>\n<td style=\"padding:14px 18px;color:#4a4a4a;\">Environ 5h<\/td>\n<td style=\"padding:14px 18px;text-align:center;color:#6a6a6a;\">Jusqu&rsquo;\u00e0 600 passagers<\/td>\n<\/tr>\n<tr style=\"background:#fafaf7;border-bottom:1px solid #f0ede5;\">\n<td style=\"padding:14px 18px;font-weight:600;\">Oban &rarr; South Uist (Lochboisdale)<\/td>\n<td style=\"padding:14px 18px;color:#4a4a4a;\">Environ 5h30<\/td>\n<td style=\"padding:14px 18px;text-align:center;color:#6a6a6a;\">Capacit\u00e9 fluctuante<\/td>\n<\/tr>\n<tr style=\"background:#fff;border-bottom:1px solid #f0ede5;\">\n<td style=\"padding:14px 18px;font-weight:600;\">Eriskay &rarr; Barra (Ardmhor)<\/td>\n<td style=\"padding:14px 18px;color:#4a4a4a;\">Environ 40 min<\/td>\n<td style=\"padding:14px 18px;text-align:center;color:#6a6a6a;\">Petit ferry inter-\u00eeles<\/td>\n<\/tr>\n<tr style=\"background:#fafaf7;border-bottom:1px solid #f0ede5;\">\n<td style=\"padding:14px 18px;font-weight:600;\">Ullapool &rarr; Stornoway (Lewis)<\/td>\n<td style=\"padding:14px 18px;color:#4a4a4a;\">Environ 2h30<\/td>\n<td style=\"padding:14px 18px;text-align:center;color:#6a6a6a;\">Ferry principal du nord<\/td>\n<\/tr>\n<tr style=\"background:#fff;\">\n<td style=\"padding:14px 18px;font-weight:600;\">Uig &rarr; Tarbert \/ Lochmaddy<\/td>\n<td style=\"padding:14px 18px;color:#4a4a4a;\">Environ 1h45<\/td>\n<td style=\"padding:14px 18px;text-align:center;color:#6a6a6a;\">Liaison Skye &harr; Harris\/Uist<\/td>\n<\/tr>\n<\/tbody>\n<\/table><\/div><figcaption style=\"font-size:11px;color:#7a7a7a;margin-top:8px;text-align:right;letter-spacing:0.3px;\">Donn\u00e9es indicatives \u2014 horaires et capacit\u00e9s sujets \u00e0 variation selon les saisons et les avis officiels.<\/figcaption><\/figure>\n<aside style=\"background:#fdecec;border-left:4px solid #c54848;padding:14px 18px;margin:18px 0;border-radius:0 4px 4px 0;font-family:-apple-system,BlinkMacSystemFont,'Segoe UI',Roboto,sans-serif;\">\n  <strong style=\"display:inline-block;color:#8a2020;font-size:12px;text-transform:uppercase;letter-spacing:1.5px;margin-right:8px;\">&#9888;&#65039; Attention<\/strong><br \/>\n  <span style=\"font-size:14.5px;line-height:1.55;color:#3a3a3a;\">Un changement de ferry \u00e0 capacit\u00e9 r\u00e9duite peut entra\u00eener l&rsquo;annulation de r\u00e9servations v\u00e9hicule confirm\u00e9es. V\u00e9rifier le statut de chaque travers\u00e9e la veille du d\u00e9part devient un r\u00e9flexe indispensable.<\/span><br \/>\n<\/aside>\n<h2>Les mesures \u00e0 prendre pour un avenir meilleur<\/h2>\n<p>Pour r\u00e9pondre aux pr\u00e9occupations des habitants, Transport Scotland a indiqu\u00e9 qu&rsquo;il s&rsquo;engageait \u00e0 investir plus de 530 millions de livres pour maintenir et am\u00e9liorer les r\u00e9seaux de ferry. Cet investissement vise \u00e0 renforcer la r\u00e9silience des services sur la c\u00f4te ouest et les \u00eeles du nord. Les promesses d&rsquo;am\u00e9lioration sont essentielles pour redonner confiance aux r\u00e9sidents des \u00eeles, mais la mise en \u0153uvre de ces changements doit \u00eatre rapide et efficace.<\/p>\n<p>Il est imp\u00e9ratif que les autorit\u00e9s prennent en compte les besoins des familles vivant sur ces \u00eeles. Les services de transport doivent \u00eatre fiables, accessibles et adapt\u00e9s aux r\u00e9alit\u00e9s de la vie insulaire. En attendant, les familles comme celle de Carol-Anne continueront de faire face \u00e0 des d\u00e9fis suppl\u00e9mentaires dans leur quotidien.<\/p>\n<div style=\"display:grid;grid-template-columns:repeat(auto-fit,minmax(260px,1fr));gap:14px;margin:28px 0;font-family:-apple-system,BlinkMacSystemFont,'Segoe UI',Roboto,sans-serif;\">\n<div style=\"background:#fafaf7;border:1px solid #c4dfcd;border-top:4px solid #6a4a2a;border-radius:4px;padding:20px 22px;\">\n<h3 style=\"margin:0 0 14px 0;font-size:13px;font-weight:700;text-transform:uppercase;letter-spacing:1.8px;color:#4a2f15;\">&#10003; Pistes recommand\u00e9es<\/h3>\n<ul style=\"margin:0;padding:0;list-style:none;\">\n<li style=\"display:flex;gap:10px;align-items:flex-start;padding:6px 0;font-size:14px;line-height:1.5;color:#2a2a2a;border-bottom:1px solid #ebebe5;\"><span style=\"color:#6a4a2a;font-weight:700;flex:0 0 14px;\">&#10003;<\/span><span>Disposer d&rsquo;un ferry de remplacement \u00e0 pleine capacit\u00e9 en cas d&rsquo;avarie technique.<\/span><\/li>\n<li style=\"display:flex;gap:10px;align-items:flex-start;padding:6px 0;font-size:14px;line-height:1.5;color:#2a2a2a;border-bottom:1px solid #ebebe5;\"><span style=\"color:#6a4a2a;font-weight:700;flex:0 0 14px;\">&#10003;<\/span><span>Am\u00e9liorer la communication entre les compagnies de ferry et les familles concern\u00e9es.<\/span><\/li>\n<li style=\"display:flex;gap:10px;align-items:flex-start;padding:6px 0;font-size:14px;line-height:1.5;color:#2a2a2a;border-bottom:1px solid #ebebe5;\"><span style=\"color:#6a4a2a;font-weight:700;flex:0 0 14px;\">&#10003;<\/span><span>Renforcer la priorit\u00e9 aux rendez-vous m\u00e9dicaux et d\u00e9placements vitaux.<\/span><\/li>\n<li style=\"display:flex;gap:10px;align-items:flex-start;padding:6px 0;font-size:14px;line-height:1.5;color:#2a2a2a;border-bottom:1px solid #ebebe5;\"><span style=\"color:#6a4a2a;font-weight:700;flex:0 0 14px;\">&#10003;<\/span><span>\u00c9valuer r\u00e9guli\u00e8rement les besoins r\u00e9els des communaut\u00e9s insulaires.<\/span><\/li>\n<li style=\"display:flex;gap:10px;align-items:flex-start;padding:6px 0;font-size:14px;line-height:1.5;color:#2a2a2a;\"><span style=\"color:#6a4a2a;font-weight:700;flex:0 0 14px;\">&#10003;<\/span><span>Investir dans des solutions de transport alternatives temporaires (avions l\u00e9gers, navettes).<\/span><\/li>\n<\/ul><\/div>\n<div style=\"background:#fafaf7;border:1px solid #f3cccc;border-top:4px solid #c54848;border-radius:4px;padding:20px 22px;\">\n<h3 style=\"margin:0 0 14px 0;font-size:13px;font-weight:700;text-transform:uppercase;letter-spacing:1.8px;color:#8a2020;\">&#10005; \u00c0 \u00e9viter<\/h3>\n<ul style=\"margin:0;padding:0;list-style:none;\">\n<li style=\"display:flex;gap:10px;align-items:flex-start;padding:6px 0;font-size:14px;line-height:1.5;color:#2a2a2a;border-bottom:1px solid #ebebe5;\"><span style=\"color:#c54848;font-weight:700;flex:0 0 14px;\">&#10005;<\/span><span>Substituer durablement un grand navire par une embarcation 13 fois plus petite.<\/span><\/li>\n<li style=\"display:flex;gap:10px;align-items:flex-start;padding:6px 0;font-size:14px;line-height:1.5;color:#2a2a2a;border-bottom:1px solid #ebebe5;\"><span style=\"color:#c54848;font-weight:700;flex:0 0 14px;\">&#10005;<\/span><span>Communiquer les changements la veille sans alternative concr\u00e8te.<\/span><\/li>\n<li style=\"display:flex;gap:10px;align-items:flex-start;padding:6px 0;font-size:14px;line-height:1.5;color:#2a2a2a;border-bottom:1px solid #ebebe5;\"><span style=\"color:#c54848;font-weight:700;flex:0 0 14px;\">&#10005;<\/span><span>Proposer comme seule alternative un d\u00e9tour de 350 miles \u00e0 la charge des usagers.<\/span><\/li>\n<li style=\"display:flex;gap:10px;align-items:flex-start;padding:6px 0;font-size:14px;line-height:1.5;color:#2a2a2a;\"><span style=\"color:#c54848;font-weight:700;flex:0 0 14px;\">&#10005;<\/span><span>Consid\u00e9rer la rupture de service comme un simple al\u00e9a m\u00e9t\u00e9orologique sans plan structurel.<\/span><\/li>\n<\/ul><\/div>\n<\/div>\n<aside style=\"background:#e7f0ec;border-left:4px solid #6a4a2a;padding:14px 18px;margin:18px 0;border-radius:0 4px 4px 0;font-family:-apple-system,BlinkMacSystemFont,'Segoe UI',Roboto,sans-serif;\">\n  <strong style=\"display:inline-block;color:#4a2f15;font-size:12px;text-transform:uppercase;letter-spacing:1.5px;margin-right:8px;\">&#10022; Astuce<\/strong><br \/>\n  <span style=\"font-size:14.5px;line-height:1.55;color:#3a3a3a;\">Les voyageurs vers les H\u00e9brides peuvent s&rsquo;inscrire aux alertes officielles de la compagnie maritime : un SMS pr\u00e9vient des annulations de derni\u00e8re minute et permet d&rsquo;ajuster un s\u00e9jour ou un vol de correspondance.<\/span><br \/>\n<\/aside>\n<p>La situation actuelle met en lumi\u00e8re les lacunes du syst\u00e8me de transport et souligne l&rsquo;importance de solutions durables pour les familles vivant sur les \u00eeles. Les d\u00e9fis rencontr\u00e9s par Carol-Anne et d&rsquo;autres familles doivent servir de catalyseur pour le changement et l&rsquo;am\u00e9lioration des services de ferry. Au-del\u00e0 du cas individuel, c&rsquo;est tout un mod\u00e8le de service public maritime qui demande \u00e0 \u00eatre repens\u00e9, plus proche des r\u00e9alit\u00e9s v\u00e9cues par celles et ceux qui d\u00e9pendent quotidiennement de la mer.<\/p>\n<section style=\"margin:32px 0;font-family:-apple-system,BlinkMacSystemFont,'Segoe UI',Roboto,sans-serif;\">\n<h2 style=\"margin:0 0 18px 0;font-size:22px;font-weight:800;color:#1a1a1a;letter-spacing:-0.01em;\">Questions fr\u00e9quentes<\/h2>\n<div style=\"border-top:1px solid #d4cfc4;\">\n<details style=\"border-bottom:1px solid #d4cfc4;padding:0;\">\n<summary style=\"cursor:pointer;padding:16px 0;font-size:17px;font-weight:700;color:#1a1a1a;list-style:none;display:flex;justify-content:space-between;align-items:center;gap:14px;\">\n        <span>Pourquoi la capacit\u00e9 du ferry de Barra est-elle pass\u00e9e \u00e0 45 places ?<\/span><br \/>\n        <span style=\"font-size:22px;font-weight:300;color:#6a4a2a;line-height:1;\">+<\/span><br \/>\n      <\/summary>\n<div style=\"padding:0 0 16px 0;font-size:15px;line-height:1.7;color:#4a4a4a;\">Le navire principal a \u00e9t\u00e9 remplac\u00e9 par un bateau de remplacement bien plus petit, dans le cadre d&rsquo;un service r\u00e9duit. Cette substitution a divis\u00e9 l&rsquo;offre par treize sur la liaison, le temps de pallier l&rsquo;indisponibilit\u00e9 du roulier habituel.<\/div>\n<\/details>\n<details style=\"border-bottom:1px solid #d4cfc4;padding:0;\">\n<summary style=\"cursor:pointer;padding:16px 0;font-size:17px;font-weight:700;color:#1a1a1a;list-style:none;display:flex;justify-content:space-between;align-items:center;gap:14px;\">\n        <span>Quel est le d\u00e9tour propos\u00e9 aux familles ?<\/span><br \/>\n        <span style=\"font-size:22px;font-weight:300;color:#6a4a2a;line-height:1;\">+<\/span><br \/>\n      <\/summary>\n<div style=\"padding:0 0 16px 0;font-size:15px;line-height:1.7;color:#4a4a4a;\">Le contournement implique environ 350 miles de route, deux ferries successifs et au moins douze heures de trajet. Une option \u00e0 peine viable pour une famille avec enfants ou un rendez-vous m\u00e9dical fix\u00e9 t\u00f4t le matin.<\/div>\n<\/details>\n<details style=\"border-bottom:1px solid #d4cfc4;padding:0;\">\n<summary style=\"cursor:pointer;padding:16px 0;font-size:17px;font-weight:700;color:#1a1a1a;list-style:none;display:flex;justify-content:space-between;align-items:center;gap:14px;\">\n        <span>Que pr\u00e9voit Transport Scotland pour le r\u00e9seau de ferries ?<\/span><br \/>\n        <span style=\"font-size:22px;font-weight:300;color:#6a4a2a;line-height:1;\">+<\/span><br \/>\n      <\/summary>\n<div style=\"padding:0 0 16px 0;font-size:15px;line-height:1.7;color:#4a4a4a;\">L&rsquo;autorit\u00e9 a annonc\u00e9 un programme de plus de 530 millions de livres pour entretenir et moderniser le r\u00e9seau de ferries de la c\u00f4te ouest et des \u00eeles du nord. L&rsquo;enjeu reste l&rsquo;\u00e9ch\u00e9ance et la priorisation des liaisons les plus fragiles.<\/div>\n<\/details>\n<details style=\"border-bottom:1px solid #d4cfc4;padding:0;\">\n<summary style=\"cursor:pointer;padding:16px 0;font-size:17px;font-weight:700;color:#1a1a1a;list-style:none;display:flex;justify-content:space-between;align-items:center;gap:14px;\">\n        <span>Comment se pr\u00e9parer \u00e0 un voyage vers les H\u00e9brides aujourd&rsquo;hui ?<\/span><br \/>\n        <span style=\"font-size:22px;font-weight:300;color:#6a4a2a;line-height:1;\">+<\/span><br \/>\n      <\/summary>\n<div style=\"padding:0 0 16px 0;font-size:15px;line-height:1.7;color:#4a4a4a;\">Mieux vaut pr\u00e9voir une marge de plusieurs jours, consulter les avis officiels avant le d\u00e9part, garder un plan B (autre port d&#8217;embarquement, h\u00e9bergement de secours) et s&rsquo;inscrire aux alertes op\u00e9rateur. Les p\u00e9riodes hors saison restent les plus pr\u00e9visibles.<\/div>\n<\/details>\n<details style=\"padding:0;\">\n<summary style=\"cursor:pointer;padding:16px 0;font-size:17px;font-weight:700;color:#1a1a1a;list-style:none;display:flex;justify-content:space-between;align-items:center;gap:14px;\">\n        <span>D&rsquo;autres \u00eeles connaissent-elles les m\u00eames difficult\u00e9s ?<\/span><br \/>\n        <span style=\"font-size:22px;font-weight:300;color:#6a4a2a;line-height:1;\">+<\/span><br \/>\n      <\/summary>\n<div style=\"padding:0 0 16px 0;font-size:15px;line-height:1.7;color:#4a4a4a;\">Oui \u2014 South Uist a notamment fait l&rsquo;objet d&rsquo;une marche \u00e0 Glasgow en 2023 pour d\u00e9noncer la d\u00e9gradation de son service de ferry. La probl\u00e9matique d\u00e9passe Barra et concerne l&rsquo;ensemble du maillage maritime des H\u00e9brides ext\u00e9rieures.<\/div>\n<\/details><\/div>\n<\/section>\n","protected":false},"excerpt":{"rendered":"","protected":false},"author":34,"featured_media":19498,"comment_status":"open","ping_status":"open","sticky":false,"template":"","format":"standard","meta":{"_acf_changed":false,"manual_indexmenow":false,"indexmenow_id_project":0,"footnotes":""},"categories":[1],"tags":[6287,4530,6353,6354,5766],"class_list":["post-17072","post","type-post","status-publish","format-standard","has-post-thumbnail","hentry","category-a-la-une","tag-defense-des-droits","tag-escapade-en-europe","tag-familles-insulaires","tag-services-de-ferry","tag-transport-maritime","generate-columns","tablet-grid-50","mobile-grid-100","grid-parent","grid-25"],"acf":[],"yoast_head":"<!-- This site is optimized with the Yoast SEO Premium plugin v21.3 (Yoast SEO v25.1) - https:\/\/yoast.com\/wordpress\/plugins\/seo\/ -->\n<title>Les d\u00e9fis des ferries sur Barra compromettent les voyages<\/title>\n<meta name=\"description\" content=\"Un ferry r\u00e9duit \u00e0 45 places l\u00e0 o\u00f9 passaient 600 voyageurs. \u00c0 Barra, la rupture de la ligne maritime n&#039;a pas seulement perturb\u00e9 un trajet \u2014 elle a r\u00e9v\u00e9l\u00e9\" \/>\n<meta name=\"robots\" content=\"index, follow, max-snippet:-1, max-image-preview:large, max-video-preview:-1\" \/>\n<link rel=\"canonical\" href=\"https:\/\/voyage-aventure.com\/blog\/a-la-une\/les-defis-des-ferries-sur-barra-compromettent-les-voyages-familiaux-un-appel-a-laction\/\" \/>\n<meta property=\"og:locale\" content=\"fr_FR\" \/>\n<meta property=\"og:type\" content=\"article\" \/>\n<meta property=\"og:title\" content=\"Les d\u00e9fis des ferries sur Barra compromettent les voyages\" \/>\n<meta property=\"og:description\" content=\"Un ferry r\u00e9duit \u00e0 45 places l\u00e0 o\u00f9 passaient 600 voyageurs. \u00c0 Barra, la rupture de la ligne maritime n&#039;a pas seulement perturb\u00e9 un trajet \u2014 elle a r\u00e9v\u00e9l\u00e9\" \/>\n<meta property=\"og:url\" content=\"https:\/\/voyage-aventure.com\/blog\/a-la-une\/les-defis-des-ferries-sur-barra-compromettent-les-voyages-familiaux-un-appel-a-laction\/\" \/>\n<meta property=\"og:site_name\" content=\"voyage-aventure\" \/>\n<meta property=\"og:image\" content=\"https:\/\/voyage-aventure.com\/blog\/wp-content\/uploads\/2025\/05\/sdxl-e700d360cc9974b54317e8695713a843-scaled.png\" \/>\n\t<meta property=\"og:image:width\" content=\"1200\" \/>\n\t<meta property=\"og:image:height\" content=\"500\" \/>\n\t<meta property=\"og:image:type\" content=\"image\/png\" \/>\n<meta name=\"author\" content=\"Camille Rouvray\" \/>\n<meta name=\"twitter:card\" content=\"summary_large_image\" \/>\n<script type=\"application\/ld+json\" class=\"yoast-schema-graph\">{\"@context\":\"https:\/\/schema.org\",\"@graph\":[{\"@type\":\"NewsArticle\",\"@id\":\"https:\/\/voyage-aventure.com\/blog\/a-la-une\/les-defis-des-ferries-sur-barra-compromettent-les-voyages-familiaux-un-appel-a-laction\/#article\",\"isPartOf\":{\"@id\":\"https:\/\/voyage-aventure.com\/blog\/a-la-une\/les-defis-des-ferries-sur-barra-compromettent-les-voyages-familiaux-un-appel-a-laction\/\"},\"author\":{\"name\":\"Camille Rouvray\",\"@id\":\"https:\/\/voyage-aventure.com\/blog\/#\/schema\/person\/3c864cdc320801e3db34b663e7e3f816\"},\"headline\":\"Les d\u00e9fis des ferries sur Barra compromettent les voyages familiaux : un appel \u00e0 l&rsquo;action\",\"datePublished\":\"2026-05-19T02:47:44+00:00\",\"mainEntityOfPage\":{\"@id\":\"https:\/\/voyage-aventure.com\/blog\/a-la-une\/les-defis-des-ferries-sur-barra-compromettent-les-voyages-familiaux-un-appel-a-laction\/\"},\"wordCount\":1618,\"commentCount\":20,\"publisher\":{\"@id\":\"https:\/\/voyage-aventure.com\/blog\/#organization\"},\"image\":{\"@id\":\"https:\/\/voyage-aventure.com\/blog\/a-la-une\/les-defis-des-ferries-sur-barra-compromettent-les-voyages-familiaux-un-appel-a-laction\/#primaryimage\"},\"thumbnailUrl\":\"https:\/\/voyage-aventure.com\/blog\/wp-content\/uploads\/2025\/05\/sdxl-e700d360cc9974b54317e8695713a843-scaled.png\",\"keywords\":[\"D\u00e9fense des Droits\",\"Escapade en Europe\",\"Familles Insulaires\",\"Services de Ferry\",\"Transport Maritime\"],\"articleSection\":[\"\u00c0 la une\"],\"inLanguage\":\"fr-FR\",\"potentialAction\":[{\"@type\":\"CommentAction\",\"name\":\"Comment\",\"target\":[\"https:\/\/voyage-aventure.com\/blog\/a-la-une\/les-defis-des-ferries-sur-barra-compromettent-les-voyages-familiaux-un-appel-a-laction\/#respond\"]}]},{\"@type\":\"WebPage\",\"@id\":\"https:\/\/voyage-aventure.com\/blog\/a-la-une\/les-defis-des-ferries-sur-barra-compromettent-les-voyages-familiaux-un-appel-a-laction\/\",\"url\":\"https:\/\/voyage-aventure.com\/blog\/a-la-une\/les-defis-des-ferries-sur-barra-compromettent-les-voyages-familiaux-un-appel-a-laction\/\",\"name\":\"Les d\u00e9fis des ferries sur Barra compromettent les voyages\",\"isPartOf\":{\"@id\":\"https:\/\/voyage-aventure.com\/blog\/#website\"},\"primaryImageOfPage\":{\"@id\":\"https:\/\/voyage-aventure.com\/blog\/a-la-une\/les-defis-des-ferries-sur-barra-compromettent-les-voyages-familiaux-un-appel-a-laction\/#primaryimage\"},\"image\":{\"@id\":\"https:\/\/voyage-aventure.com\/blog\/a-la-une\/les-defis-des-ferries-sur-barra-compromettent-les-voyages-familiaux-un-appel-a-laction\/#primaryimage\"},\"thumbnailUrl\":\"https:\/\/voyage-aventure.com\/blog\/wp-content\/uploads\/2025\/05\/sdxl-e700d360cc9974b54317e8695713a843-scaled.png\",\"datePublished\":\"2026-05-19T02:47:44+00:00\",\"description\":\"Un ferry r\u00e9duit \u00e0 45 places l\u00e0 o\u00f9 passaient 600 voyageurs. \u00c0 Barra, la rupture de la ligne maritime n'a pas seulement perturb\u00e9 un trajet \u2014 elle a r\u00e9v\u00e9l\u00e9\",\"inLanguage\":\"fr-FR\",\"potentialAction\":[{\"@type\":\"ReadAction\",\"target\":[\"https:\/\/voyage-aventure.com\/blog\/a-la-une\/les-defis-des-ferries-sur-barra-compromettent-les-voyages-familiaux-un-appel-a-laction\/\"]}]},{\"@type\":\"ImageObject\",\"inLanguage\":\"fr-FR\",\"@id\":\"https:\/\/voyage-aventure.com\/blog\/a-la-une\/les-defis-des-ferries-sur-barra-compromettent-les-voyages-familiaux-un-appel-a-laction\/#primaryimage\",\"url\":\"https:\/\/voyage-aventure.com\/blog\/wp-content\/uploads\/2025\/05\/sdxl-e700d360cc9974b54317e8695713a843-scaled.png\",\"contentUrl\":\"https:\/\/voyage-aventure.com\/blog\/wp-content\/uploads\/2025\/05\/sdxl-e700d360cc9974b54317e8695713a843-scaled.png\",\"width\":1200,\"height\":500},{\"@type\":\"WebSite\",\"@id\":\"https:\/\/voyage-aventure.com\/blog\/#website\",\"url\":\"https:\/\/voyage-aventure.com\/blog\/\",\"name\":\"voyage-aventure.com\",\"description\":\"Votre passeport pour l\u2019inattendu.\",\"publisher\":{\"@id\":\"https:\/\/voyage-aventure.com\/blog\/#organization\"},\"alternateName\":\"Votre passeport pour l\u2019inattendu.\",\"potentialAction\":[{\"@type\":\"SearchAction\",\"target\":{\"@type\":\"EntryPoint\",\"urlTemplate\":\"https:\/\/voyage-aventure.com\/blog\/?s={search_term_string}\"},\"query-input\":{\"@type\":\"PropertyValueSpecification\",\"valueRequired\":true,\"valueName\":\"search_term_string\"}}],\"inLanguage\":\"fr-FR\"},{\"@type\":\"Organization\",\"@id\":\"https:\/\/voyage-aventure.com\/blog\/#organization\",\"name\":\"Foretsensations.fr\",\"url\":\"https:\/\/voyage-aventure.com\/blog\/\",\"logo\":{\"@type\":\"ImageObject\",\"inLanguage\":\"fr-FR\",\"@id\":\"https:\/\/voyage-aventure.com\/blog\/#\/schema\/logo\/image\/\",\"url\":\"https:\/\/voyage-aventure.com\/blog\/wp-content\/uploads\/2024\/12\/19.png\",\"contentUrl\":\"https:\/\/voyage-aventure.com\/blog\/wp-content\/uploads\/2024\/12\/19.png\",\"width\":512,\"height\":512,\"caption\":\"Foretsensations.fr\"},\"image\":{\"@id\":\"https:\/\/voyage-aventure.com\/blog\/#\/schema\/logo\/image\/\"}},{\"@type\":\"Person\",\"@id\":\"https:\/\/voyage-aventure.com\/blog\/#\/schema\/person\/3c864cdc320801e3db34b663e7e3f816\",\"name\":\"Camille Rouvray\",\"image\":{\"@type\":\"ImageObject\",\"inLanguage\":\"fr-FR\",\"@id\":\"https:\/\/voyage-aventure.com\/blog\/#\/schema\/person\/image\/\",\"url\":\"https:\/\/voyage-aventure.com\/blog\/wp-content\/uploads\/2026\/06\/persona_camille-r-96x96.jpg\",\"contentUrl\":\"https:\/\/voyage-aventure.com\/blog\/wp-content\/uploads\/2026\/06\/persona_camille-r-96x96.jpg\",\"caption\":\"Camille Rouvray\"},\"description\":\"Je voyage et j'\u00e9cris sur le voyage depuis une douzaine d'ann\u00e9es, d'abord en tant que routarde au long cours, puis comme r\u00e9dactrice sp\u00e9cialis\u00e9e. Mon terrain de pr\u00e9dilection, ce sont les circuits organis\u00e9s et l'art de bien pr\u00e9parer un itin\u00e9raire : choix de la saison, dur\u00e9e r\u00e9aliste des \u00e9tapes, budget jour par jour, logement et transport sur place. J'aime aussi raconter les p\u00e9pites urbaines, ces adresses qu'on ne trouve pas dans les guides classiques. Avant de publier un dossier destination, je croise toujours plusieurs sources, je v\u00e9rifie les tarifs et les formalit\u00e9s d'entr\u00e9e \u00e0 jour, et je teste moi-m\u00eame quand je le peux. Mon angle reste pratique avant tout : aider le lecteur \u00e0 partir l'esprit tranquille, sans mauvaise surprise une fois sur place. Je m'attache \u00e0 distinguer le coup de c\u0153ur sinc\u00e8re du simple argument marketing.\",\"sameAs\":[\"https:\/\/camillerouvray.fr\/\"],\"url\":\"https:\/\/voyage-aventure.com\/blog\/auteur\/noname\/\"}]}<\/script>\n<!-- \/ Yoast SEO Premium plugin. -->","yoast_head_json":{"title":"Les d\u00e9fis des ferries sur Barra compromettent les voyages","description":"Un ferry r\u00e9duit \u00e0 45 places l\u00e0 o\u00f9 passaient 600 voyageurs. \u00c0 Barra, la rupture de la ligne maritime n'a pas seulement perturb\u00e9 un trajet \u2014 elle a r\u00e9v\u00e9l\u00e9","robots":{"index":"index","follow":"follow","max-snippet":"max-snippet:-1","max-image-preview":"max-image-preview:large","max-video-preview":"max-video-preview:-1"},"canonical":"https:\/\/voyage-aventure.com\/blog\/a-la-une\/les-defis-des-ferries-sur-barra-compromettent-les-voyages-familiaux-un-appel-a-laction\/","og_locale":"fr_FR","og_type":"article","og_title":"Les d\u00e9fis des ferries sur Barra compromettent les voyages","og_description":"Un ferry r\u00e9duit \u00e0 45 places l\u00e0 o\u00f9 passaient 600 voyageurs. \u00c0 Barra, la rupture de la ligne maritime n'a pas seulement perturb\u00e9 un trajet \u2014 elle a r\u00e9v\u00e9l\u00e9","og_url":"https:\/\/voyage-aventure.com\/blog\/a-la-une\/les-defis-des-ferries-sur-barra-compromettent-les-voyages-familiaux-un-appel-a-laction\/","og_site_name":"voyage-aventure","og_image":[{"width":1200,"height":500,"url":"https:\/\/voyage-aventure.com\/blog\/wp-content\/uploads\/2025\/05\/sdxl-e700d360cc9974b54317e8695713a843-scaled.png","type":"image\/png"}],"author":"Camille Rouvray","twitter_card":"summary_large_image","schema":{"@context":"https:\/\/schema.org","@graph":[{"@type":"NewsArticle","@id":"https:\/\/voyage-aventure.com\/blog\/a-la-une\/les-defis-des-ferries-sur-barra-compromettent-les-voyages-familiaux-un-appel-a-laction\/#article","isPartOf":{"@id":"https:\/\/voyage-aventure.com\/blog\/a-la-une\/les-defis-des-ferries-sur-barra-compromettent-les-voyages-familiaux-un-appel-a-laction\/"},"author":{"name":"Camille Rouvray","@id":"https:\/\/voyage-aventure.com\/blog\/#\/schema\/person\/3c864cdc320801e3db34b663e7e3f816"},"headline":"Les d\u00e9fis des ferries sur Barra compromettent les voyages familiaux : un appel \u00e0 l&rsquo;action","datePublished":"2026-05-19T02:47:44+00:00","mainEntityOfPage":{"@id":"https:\/\/voyage-aventure.com\/blog\/a-la-une\/les-defis-des-ferries-sur-barra-compromettent-les-voyages-familiaux-un-appel-a-laction\/"},"wordCount":1618,"commentCount":20,"publisher":{"@id":"https:\/\/voyage-aventure.com\/blog\/#organization"},"image":{"@id":"https:\/\/voyage-aventure.com\/blog\/a-la-une\/les-defis-des-ferries-sur-barra-compromettent-les-voyages-familiaux-un-appel-a-laction\/#primaryimage"},"thumbnailUrl":"https:\/\/voyage-aventure.com\/blog\/wp-content\/uploads\/2025\/05\/sdxl-e700d360cc9974b54317e8695713a843-scaled.png","keywords":["D\u00e9fense des Droits","Escapade en Europe","Familles Insulaires","Services de Ferry","Transport Maritime"],"articleSection":["\u00c0 la une"],"inLanguage":"fr-FR","potentialAction":[{"@type":"CommentAction","name":"Comment","target":["https:\/\/voyage-aventure.com\/blog\/a-la-une\/les-defis-des-ferries-sur-barra-compromettent-les-voyages-familiaux-un-appel-a-laction\/#respond"]}]},{"@type":"WebPage","@id":"https:\/\/voyage-aventure.com\/blog\/a-la-une\/les-defis-des-ferries-sur-barra-compromettent-les-voyages-familiaux-un-appel-a-laction\/","url":"https:\/\/voyage-aventure.com\/blog\/a-la-une\/les-defis-des-ferries-sur-barra-compromettent-les-voyages-familiaux-un-appel-a-laction\/","name":"Les d\u00e9fis des ferries sur Barra compromettent les voyages","isPartOf":{"@id":"https:\/\/voyage-aventure.com\/blog\/#website"},"primaryImageOfPage":{"@id":"https:\/\/voyage-aventure.com\/blog\/a-la-une\/les-defis-des-ferries-sur-barra-compromettent-les-voyages-familiaux-un-appel-a-laction\/#primaryimage"},"image":{"@id":"https:\/\/voyage-aventure.com\/blog\/a-la-une\/les-defis-des-ferries-sur-barra-compromettent-les-voyages-familiaux-un-appel-a-laction\/#primaryimage"},"thumbnailUrl":"https:\/\/voyage-aventure.com\/blog\/wp-content\/uploads\/2025\/05\/sdxl-e700d360cc9974b54317e8695713a843-scaled.png","datePublished":"2026-05-19T02:47:44+00:00","description":"Un ferry r\u00e9duit \u00e0 45 places l\u00e0 o\u00f9 passaient 600 voyageurs. \u00c0 Barra, la rupture de la ligne maritime n'a pas seulement perturb\u00e9 un trajet \u2014 elle a r\u00e9v\u00e9l\u00e9","inLanguage":"fr-FR","potentialAction":[{"@type":"ReadAction","target":["https:\/\/voyage-aventure.com\/blog\/a-la-une\/les-defis-des-ferries-sur-barra-compromettent-les-voyages-familiaux-un-appel-a-laction\/"]}]},{"@type":"ImageObject","inLanguage":"fr-FR","@id":"https:\/\/voyage-aventure.com\/blog\/a-la-une\/les-defis-des-ferries-sur-barra-compromettent-les-voyages-familiaux-un-appel-a-laction\/#primaryimage","url":"https:\/\/voyage-aventure.com\/blog\/wp-content\/uploads\/2025\/05\/sdxl-e700d360cc9974b54317e8695713a843-scaled.png","contentUrl":"https:\/\/voyage-aventure.com\/blog\/wp-content\/uploads\/2025\/05\/sdxl-e700d360cc9974b54317e8695713a843-scaled.png","width":1200,"height":500},{"@type":"WebSite","@id":"https:\/\/voyage-aventure.com\/blog\/#website","url":"https:\/\/voyage-aventure.com\/blog\/","name":"voyage-aventure.com","description":"Votre passeport pour l\u2019inattendu.","publisher":{"@id":"https:\/\/voyage-aventure.com\/blog\/#organization"},"alternateName":"Votre passeport pour l\u2019inattendu.","potentialAction":[{"@type":"SearchAction","target":{"@type":"EntryPoint","urlTemplate":"https:\/\/voyage-aventure.com\/blog\/?s={search_term_string}"},"query-input":{"@type":"PropertyValueSpecification","valueRequired":true,"valueName":"search_term_string"}}],"inLanguage":"fr-FR"},{"@type":"Organization","@id":"https:\/\/voyage-aventure.com\/blog\/#organization","name":"Foretsensations.fr","url":"https:\/\/voyage-aventure.com\/blog\/","logo":{"@type":"ImageObject","inLanguage":"fr-FR","@id":"https:\/\/voyage-aventure.com\/blog\/#\/schema\/logo\/image\/","url":"https:\/\/voyage-aventure.com\/blog\/wp-content\/uploads\/2024\/12\/19.png","contentUrl":"https:\/\/voyage-aventure.com\/blog\/wp-content\/uploads\/2024\/12\/19.png","width":512,"height":512,"caption":"Foretsensations.fr"},"image":{"@id":"https:\/\/voyage-aventure.com\/blog\/#\/schema\/logo\/image\/"}},{"@type":"Person","@id":"https:\/\/voyage-aventure.com\/blog\/#\/schema\/person\/3c864cdc320801e3db34b663e7e3f816","name":"Camille Rouvray","image":{"@type":"ImageObject","inLanguage":"fr-FR","@id":"https:\/\/voyage-aventure.com\/blog\/#\/schema\/person\/image\/","url":"https:\/\/voyage-aventure.com\/blog\/wp-content\/uploads\/2026\/06\/persona_camille-r-96x96.jpg","contentUrl":"https:\/\/voyage-aventure.com\/blog\/wp-content\/uploads\/2026\/06\/persona_camille-r-96x96.jpg","caption":"Camille Rouvray"},"description":"Je voyage et j'\u00e9cris sur le voyage depuis une douzaine d'ann\u00e9es, d'abord en tant que routarde au long cours, puis comme r\u00e9dactrice sp\u00e9cialis\u00e9e. Mon terrain de pr\u00e9dilection, ce sont les circuits organis\u00e9s et l'art de bien pr\u00e9parer un itin\u00e9raire : choix de la saison, dur\u00e9e r\u00e9aliste des \u00e9tapes, budget jour par jour, logement et transport sur place. J'aime aussi raconter les p\u00e9pites urbaines, ces adresses qu'on ne trouve pas dans les guides classiques. Avant de publier un dossier destination, je croise toujours plusieurs sources, je v\u00e9rifie les tarifs et les formalit\u00e9s d'entr\u00e9e \u00e0 jour, et je teste moi-m\u00eame quand je le peux. Mon angle reste pratique avant tout : aider le lecteur \u00e0 partir l'esprit tranquille, sans mauvaise surprise une fois sur place. Je m'attache \u00e0 distinguer le coup de c\u0153ur sinc\u00e8re du simple argument marketing.","sameAs":["https:\/\/camillerouvray.fr\/"],"url":"https:\/\/voyage-aventure.com\/blog\/auteur\/noname\/"}]}},"_links":{"self":[{"href":"https:\/\/voyage-aventure.com\/blog\/wp-json\/wp\/v2\/posts\/17072","targetHints":{"allow":["GET"]}}],"collection":[{"href":"https:\/\/voyage-aventure.com\/blog\/wp-json\/wp\/v2\/posts"}],"about":[{"href":"https:\/\/voyage-aventure.com\/blog\/wp-json\/wp\/v2\/types\/post"}],"author":[{"embeddable":true,"href":"https:\/\/voyage-aventure.com\/blog\/wp-json\/wp\/v2\/users\/34"}],"replies":[{"embeddable":true,"href":"https:\/\/voyage-aventure.com\/blog\/wp-json\/wp\/v2\/comments?post=17072"}],"version-history":[{"count":1,"href":"https:\/\/voyage-aventure.com\/blog\/wp-json\/wp\/v2\/posts\/17072\/revisions"}],"predecessor-version":[{"id":21192,"href":"https:\/\/voyage-aventure.com\/blog\/wp-json\/wp\/v2\/posts\/17072\/revisions\/21192"}],"wp:featuredmedia":[{"embeddable":true,"href":"https:\/\/voyage-aventure.com\/blog\/wp-json\/wp\/v2\/media\/19498"}],"wp:attachment":[{"href":"https:\/\/voyage-aventure.com\/blog\/wp-json\/wp\/v2\/media?parent=17072"}],"wp:term":[{"taxonomy":"category","embeddable":true,"href":"https:\/\/voyage-aventure.com\/blog\/wp-json\/wp\/v2\/categories?post=17072"},{"taxonomy":"post_tag","embeddable":true,"href":"https:\/\/voyage-aventure.com\/blog\/wp-json\/wp\/v2\/tags?post=17072"}],"curies":[{"name":"wp","href":"https:\/\/api.w.org\/{rel}","templated":true}]}}