{"id":17069,"date":"2026-09-01T06:22:42","date_gmt":"2026-09-01T04:22:42","guid":{"rendered":"https:\/\/voyage-aventure.com\/blog\/?p=17069"},"modified":"2026-09-01T06:22:42","modified_gmt":"2026-09-01T04:22:42","slug":"traversez-en-ferry-vers-la-corse-lenfant-voyage-gratuitement","status":"publish","type":"post","link":"https:\/\/voyage-aventure.com\/blog\/a-la-une\/traversez-en-ferry-vers-la-corse-lenfant-voyage-gratuitement\/","title":{"rendered":"Travers\u00e9e en ferry vers la Corse : ce que contenait l&rsquo;offre \u00ab enfant gratuit \u00bb"},"content":{"rendered":"<link rel=\"stylesheet\" href=\"https:\/\/fonts.googleapis.com\/css2?family=Newsreader:ital,opsz,wght@0,6..72,500;0,6..72,700;1,6..72,500&#038;family=Inter:wght@400;500;600;700&#038;family=JetBrains+Mono:wght@500&#038;display=swap\">\n<style>\n.va-actu-wrap{font-family:'Inter',ui-sans-serif,system-ui,sans-serif;color:#1b2733;font-size:17px;line-height:1.68;--va-ac:#0f6d84;--va-ink:#122032;--va-soft:#f1f7f8;--va-line:#dfe7ea}\n.va-actu-wrap h2{font-family:'Newsreader',ui-serif,serif;font-weight:700;font-size:clamp(24px,3.2vw,33px);line-height:1.2;letter-spacing:-.012em;color:var(--va-ink);margin:46px 0 14px}\n.va-actu-wrap h3{font-family:'Newsreader',ui-serif,serif;font-weight:700;font-size:clamp(19px,2.2vw,22px);color:var(--va-ink);margin:26px 0 8px}\n.va-actu-wrap p{margin:0 0 17px}\n.va-actu-wrap a{color:var(--va-ac);text-decoration:underline;text-underline-offset:3px;text-decoration-thickness:1.5px}\n.va-actu-date{font-family:'JetBrains Mono',ui-monospace,monospace;font-size:12px;font-weight:500;letter-spacing:.04em;text-transform:uppercase;color:#5d6f7d;border-left:3px solid var(--va-ac);padding:2px 0 2px 12px;margin:0 0 22px}\n.va-actu-lead{font-family:'Newsreader',ui-serif,serif;font-size:clamp(19px,2.4vw,22px);line-height:1.5;color:#2b3946;margin:0 0 30px}\n.va-actu-key{background:var(--va-soft);border:1px solid var(--va-line);border-left:5px solid var(--va-ac);border-radius:0 14px 14px 0;padding:24px 26px;margin:30px 0;box-shadow:0 1px 2px rgba(16,24,40,.05),0 12px 28px -18px rgba(16,24,40,.22)}\n.va-actu-key .va-actu-kick{font-family:'JetBrains Mono',ui-monospace,monospace;font-size:11px;font-weight:500;letter-spacing:.12em;text-transform:uppercase;color:var(--va-ac);margin-bottom:12px}\n.va-actu-key ul{margin:0;padding-left:0;list-style:none}\n.va-actu-key li{position:relative;padding-left:26px;margin-bottom:11px;font-size:16.5px;line-height:1.6}\n.va-actu-key li:last-child{margin-bottom:0}\n.va-actu-key li::before{content:\"\u2192\";position:absolute;left:0;top:0;color:var(--va-ac);font-weight:700}\n.va-actu-grid{display:grid;grid-template-columns:repeat(auto-fit,minmax(240px,1fr));gap:20px;margin:28px 0}\n.va-actu-card{border:1px solid var(--va-line);border-top:3px solid var(--va-ac);border-radius:12px;padding:22px 24px;background:#fff;transition:.25s ease}\n.va-actu-card:hover{transform:translateY(-3px);box-shadow:0 1px 2px rgba(16,24,40,.05),0 14px 30px -16px rgba(16,24,40,.28)}\n.va-actu-card .va-actu-ct{font-family:'Newsreader',ui-serif,serif;font-weight:700;font-size:19px;color:var(--va-ink);margin-bottom:8px}\n.va-actu-card .va-actu-txt{font-size:15.5px;line-height:1.6;color:#42525f}\n.va-actu-facts{width:100%;border-collapse:collapse;margin:26px 0;font-size:15.5px;border:1px solid var(--va-line);border-radius:12px;overflow:hidden}\n.va-actu-facts th{background:var(--va-soft);text-align:left;padding:12px 15px;font-size:12px;font-weight:700;letter-spacing:.07em;text-transform:uppercase;color:var(--va-ac);border-bottom:1px solid var(--va-line)}\n.va-actu-facts td{padding:12px 15px;border-bottom:1px solid var(--va-line);vertical-align:top;line-height:1.55}\n.va-actu-facts tr:nth-child(even) td{background:#fafcfc}\n.va-actu-facts tr:last-child td{border-bottom:0}\n.va-actu-pull{font-family:'Newsreader',ui-serif,serif;font-style:italic;font-size:clamp(20px,2.6vw,25px);line-height:1.42;color:var(--va-ink);border-left:4px solid var(--va-ac);padding:6px 0 6px 22px;margin:34px 0}\n.va-actu-note{border:1px dashed var(--va-ac);border-radius:12px;background:#f7fcfd;padding:20px 24px;margin:30px 0;font-size:15.5px;line-height:1.62;color:#2b3946}\n.va-actu-note .va-actu-kick{font-family:'JetBrains Mono',ui-monospace,monospace;font-size:11px;font-weight:500;letter-spacing:.12em;text-transform:uppercase;color:var(--va-ac);margin-bottom:9px}\n.va-actu-faq{margin:26px 0}\n.va-actu-faq details{border:1px solid var(--va-line);border-radius:12px;padding:15px 20px;margin-bottom:12px;background:#fff;transition:.25s ease}\n.va-actu-faq details:hover{box-shadow:0 8px 22px -16px rgba(16,24,40,.4)}\n.va-actu-faq summary{cursor:pointer;font-weight:600;font-size:16.5px;color:var(--va-ink);list-style:none;position:relative;padding-left:24px}\n.va-actu-faq summary::-webkit-details-marker{display:none}\n.va-actu-faq summary::before{content:\"+\";position:absolute;left:0;top:-1px;color:var(--va-ac);font-weight:700;font-size:19px}\n.va-actu-faq details[open] summary::before{content:\"\u2013\"}\n.va-actu-faq .va-actu-ans{margin-top:11px;font-size:15.5px;line-height:1.65;color:#42525f}\n.va-actu-retain{background:var(--va-ink);color:#eef3f9;border-radius:16px;padding:26px 28px;margin:38px 0}\n.va-actu-retain .va-actu-kick{font-family:'JetBrains Mono',ui-monospace,monospace;font-size:11px;font-weight:500;letter-spacing:.12em;text-transform:uppercase;color:#7fd0e2!important;margin-bottom:13px}\n.va-actu-retain ul{margin:0;padding-left:0;list-style:none}\n.va-actu-retain li{position:relative;padding-left:26px;margin-bottom:11px;font-size:16px;line-height:1.6;color:#eef3f9!important}\n.va-actu-retain li:last-child{margin-bottom:0}\n.va-actu-retain li::before{content:\"\u2713\";position:absolute;left:0;top:0;color:#7fd0e2!important;font-weight:700}\n.va-actu-retain strong,.va-actu-retain b{color:#ffffff!important}\n.va-actu-retain a,.va-actu-retain span,.va-actu-retain div{color:#eef3f9!important}\n@media(max-width:640px){.va-actu-wrap{font-size:16.5px}.va-actu-key,.va-actu-retain{padding:20px}}\n<\/style>\n<div class=\"va-actu-wrap\">\n<div class=\"va-actu-date\">Actualit\u00e9 publi\u00e9e le 31 mars 2025 \u00b7 conditions rev\u00e9rifi\u00e9es le 1\u1d49\u02b3 septembre 2026<\/div>\n<div class=\"va-actu-lead\">Au printemps 2025, La M\u00e9ridionale a lanc\u00e9 une op\u00e9ration tr\u00e8s relay\u00e9e : la travers\u00e9e offerte aux enfants sur ses lignes Marseille\u2013Ajaccio et Marseille\u2013Porto-Vecchio. Voici ce que l&rsquo;offre contenait exactement, ce qu&rsquo;elle ne contenait pas, et o\u00f9 en est la travers\u00e9e de la Corse en famille aujourd&rsquo;hui.<\/div>\n<div class=\"va-actu-key\">\n<div class=\"va-actu-kick\">L&rsquo;essentiel<\/div>\n<ul>\n<li><strong>Quoi ?<\/strong> Une op\u00e9ration \u00ab travers\u00e9e enfant offerte \u00bb de La M\u00e9ridionale, valable pour des voyages jusqu&rsquo;au 30 septembre 2025, sur une <strong>s\u00e9lection<\/strong> de travers\u00e9es seulement.<\/li>\n<li><strong>Quand ?<\/strong> La fen\u00eatre de r\u00e9servation courait <strong>du 31 mars au 13 avril 2025 inclus<\/strong>. Elle est close depuis, et l&rsquo;offre n&rsquo;est pas r\u00e9troactive.<\/li>\n<li><strong>Et aujourd&rsquo;hui ?<\/strong> Aucune gratuit\u00e9 enfant n&rsquo;est annonc\u00e9e sur le site de la compagnie au moment o\u00f9 nous \u00e9crivons. Les conditions tarifaires en vigueur se consultent directement sur <a href=\"https:\/\/www.lameridionale.fr\/fr\/offres\/promotions\" target=\"_blank\" rel=\"noopener nofollow\">la page des promotions de La M\u00e9ridionale<\/a>.<\/li>\n<\/ul>\n<\/div>\n<h2>Ce que proposait vraiment l&rsquo;offre \u00ab enfant gratuit \u00bb<\/h2>\n<p>L&rsquo;annonce tenait en une phrase : les enfants traversent sans payer. Les conditions officielles, elles, \u00e9taient nettement plus encadr\u00e9es \u2014 et ce sont elles qui d\u00e9terminaient qui pouvait r\u00e9ellement en profiter. Les voici, telles que la compagnie les avait publi\u00e9es.<\/p>\n<table class=\"va-actu-facts\">\n<tr>\n<th>Condition<\/th>\n<th>Ce que disait l&rsquo;op\u00e9ration<\/th>\n<\/tr>\n<tr>\n<td>Fen\u00eatre de r\u00e9servation<\/td>\n<td>Du 31 mars au 13 avril 2025 inclus<\/td>\n<\/tr>\n<tr>\n<td>P\u00e9riode de voyage<\/td>\n<td>Du 31 mars au 30 septembre 2025 inclus<\/td>\n<\/tr>\n<tr>\n<td>\u00c2ge concern\u00e9<\/td>\n<td>Enfants de <strong>11 ans et moins<\/strong> (et non \u00ab moins de 11 ans \u00bb)<\/td>\n<\/tr>\n<tr>\n<td>Lignes<\/td>\n<td>Marseille\u2013Porto-Vecchio et Marseille\u2013Ajaccio, sur une <strong>s\u00e9lection<\/strong> de travers\u00e9es<\/td>\n<\/tr>\n<tr>\n<td>Navires<\/td>\n<td>Travers\u00e9es op\u00e9r\u00e9es exclusivement par les navires de La M\u00e9ridionale<\/td>\n<\/tr>\n<tr>\n<td>Quota par r\u00e9servation<\/td>\n<td>Jusqu&rsquo;\u00e0 3 enfants de 4 \u00e0 11 ans et 2 enfants de 2 \u00e0 3 ans<\/td>\n<\/tr>\n<tr>\n<td>Accompagnement obligatoire<\/td>\n<td>Minimum 2 adultes ou seniors en tarif standard ou flexible, <strong>avec un v\u00e9hicule<\/strong><\/td>\n<\/tr>\n<tr>\n<td>Non compris<\/td>\n<td>Cabine ou si\u00e8ges en suppl\u00e9ment, frais de dossier exclus ; offre non cumulable et non r\u00e9troactive<\/td>\n<\/tr>\n<\/table>\n<div class=\"va-actu-note\">\n<div class=\"va-actu-kick\">Une pr\u00e9cision qui change tout<\/div>\n<p>Deux d\u00e9tails ont circul\u00e9 de travers. L&rsquo;\u00e2ge d&rsquo;abord : l&rsquo;op\u00e9ration visait les enfants de <strong>11 ans et moins<\/strong> \u2014 un enfant de 11 ans \u00e9tait donc concern\u00e9, contrairement \u00e0 ce que laissait entendre la formule \u00ab moins de 11 ans \u00bb. La date du 30 septembre 2025 ensuite : ce n&rsquo;\u00e9tait pas la fin de l&rsquo;offre, mais la <strong>derni\u00e8re date de voyage possible<\/strong>. Il fallait avoir r\u00e9serv\u00e9 avant le 13 avril 2025.\n<\/div>\n<h2>Des vacances en Corse en vue : les deux lignes desservies<\/h2>\n<p>La travers\u00e9e vers la Corse est bien plus qu&rsquo;un simple trajet. Au d\u00e9part de Marseille, La M\u00e9ridionale dessert aujourd&rsquo;hui encore deux ports insulaires \u2014 exactement ceux que couvrait l&rsquo;op\u00e9ration de 2025 : <a href=\"https:\/\/www.lameridionale.fr\/fr\/destinations\/marseille-ajaccio\" target=\"_blank\" rel=\"noopener nofollow\">Ajaccio<\/a> sur la c\u00f4te ouest, <a href=\"https:\/\/www.lameridionale.fr\/fr\/destinations\/marseille-porto-vecchio\" target=\"_blank\" rel=\"noopener nofollow\">Porto-Vecchio<\/a> \u00e0 l&rsquo;extr\u00eame sud. Deux portes d&rsquo;entr\u00e9e tr\u00e8s diff\u00e9rentes : l&rsquo;une ouvre sur le golfe et la montagne, l&rsquo;autre sur les plages du grand sud.<\/p>\n<p>La liaison Marseille\u2013Ajaccio s&rsquo;effectue de nuit et dure environ douze heures : on embarque le soir, on d\u00e9barque le matin, la journ\u00e9e reste enti\u00e8re. C&rsquo;est un argument concret quand on voyage avec des enfants \u2014 la travers\u00e9e se confond avec la nuit de sommeil plut\u00f4t qu&rsquo;avec une journ\u00e9e de transport. Pour qui cherche d&rsquo;autres rivages m\u00e9diterran\u00e9ens, la c\u00f4te catalane offre <a href=\"https:\/\/voyage-aventure.com\/blog\/a-la-une\/decouvrez-les-50-nuances-de-bleu-de-la-costa-brava-pour-des-vacances-inoubliables\/\">des vacances inoubliables<\/a> dans un registre voisin.<\/p>\n<div class=\"va-actu-pull\">Le ferry ne vend pas seulement un trajet : il vend la voiture qui vous attend de l&rsquo;autre c\u00f4t\u00e9.<\/div>\n<h2>Les avantages du ferry pour partir en famille<\/h2>\n<p>Le vrai atout de la travers\u00e9e maritime tient en un mot : le coffre. Vous embarquez votre voiture, avec les poussettes, les si\u00e8ges auto et les bagages qu&rsquo;un vol low-cost ferait payer au kilo. Une fois d\u00e9barqu\u00e9, vous \u00eates autonome sans location ni navette, libre de vous arr\u00eater dans une crique ou un village perch\u00e9.<\/p>\n<p>L&rsquo;\u00e9quation budg\u00e9taire, en revanche, n&rsquo;est pas gagn\u00e9e d&rsquo;avance. Le prix affich\u00e9 couvre les passagers et le v\u00e9hicule, mais la cabine ou les fauteuils se paient en suppl\u00e9ment \u2014 l&rsquo;op\u00e9ration 2025 le pr\u00e9cisait noir sur blanc. Comparer honn\u00eatement avec l&rsquo;avion suppose d&rsquo;additionner cabine, repas, carburant et p\u00e9ages jusqu&rsquo;au port : selon la famille et la saison, le ferry sort gagnant\u2026 ou non.<\/p>\n<div class=\"va-actu-grid\">\n<div class=\"va-actu-card\">\n<div class=\"va-actu-ct\">R\u00e9server t\u00f4t<\/div>\n<div class=\"va-actu-txt\">Les travers\u00e9es d&rsquo;\u00e9t\u00e9 avec v\u00e9hicule et cabine partent tr\u00e8s \u00e0 l&rsquo;avance ; les op\u00e9rations promotionnelles, elles, s&rsquo;ouvrent hors saison et sur quelques jours.<\/div>\n<\/div>\n<div class=\"va-actu-card\">\n<div class=\"va-actu-ct\">V\u00e9rifier les papiers<\/div>\n<div class=\"va-actu-txt\">Tous les enfants, nouveau-n\u00e9s compris, doivent avoir une pi\u00e8ce d&rsquo;identit\u00e9 valide pour embarquer.<\/div>\n<\/div>\n<div class=\"va-actu-card\">\n<div class=\"va-actu-ct\">Penser la nuit \u00e0 bord<\/div>\n<div class=\"va-actu-txt\">Sur une travers\u00e9e nocturne, la cabine n&rsquo;est pas un luxe. Lits b\u00e9b\u00e9 pliants, nurserie et aire de jeux existent, mais se demandent \u00e0 la r\u00e9servation ou \u00e0 la r\u00e9ception.<\/div>\n<\/div>\n<\/div>\n<h2>O\u00f9 en est l&rsquo;offre aujourd&rsquo;hui ?<\/h2>\n<p>Cette gratuit\u00e9 n&rsquo;existe plus dans les termes d\u00e9crits ci-dessus : la fen\u00eatre de r\u00e9servation s&rsquo;est referm\u00e9e le 13 avril 2025. \u00c0 la date de cette mise \u00e0 jour, la page \u00ab Famille \u00bb de la compagnie n&rsquo;annonce <strong>aucune gratuit\u00e9 ni tranche d&rsquo;\u00e2ge tarifaire<\/strong> sur le prix du billet \u2014 seules des formules de restauration \u00e0 tarif enfant y figurent, ainsi que des services gratuits \u00e0 bord (lits b\u00e9b\u00e9, nurseries, aires de jeux). La page des promotions en cours, elle, met en avant d&rsquo;autres destinations que la Corse.<\/p>\n<p>Faut-il en conclure qu&rsquo;elle ne reviendra pas ? Non. La compagnie a reconduit une campagne \u00ab travers\u00e9e enfant offerte \u00bb depuis 2025 : c&rsquo;est un rendez-vous saisonnier plut\u00f4t qu&rsquo;un coup unique. Mais ces op\u00e9rations s&rsquo;ouvrent sur des fen\u00eatres courtes et leurs conditions changent d&rsquo;une \u00e9dition \u00e0 l&rsquo;autre \u2014 la seule information fiable est celle du jour, chez l&rsquo;op\u00e9rateur.<\/p>\n<div class=\"va-actu-note\">\n<div class=\"va-actu-kick\">Le r\u00e9flexe \u00e0 garder<\/div>\n<p>Avant de b\u00e2tir un budget sur une gratuit\u00e9 lue quelque part, ouvrez <a href=\"https:\/\/www.lameridionale.fr\/fr\/offres\/promotions\" target=\"_blank\" rel=\"noopener nofollow\">la page des offres de La M\u00e9ridionale<\/a> et lisez les conditions en bas de page : dates de r\u00e9servation, dates de voyage, lignes \u00e9ligibles, adultes requis, v\u00e9hicule ou non. Un tarif et une promotion se p\u00e9riment en une saison ; les conditions officielles font foi.\n<\/div>\n<h2>Pr\u00e9parer sa travers\u00e9e en famille, offre ou pas<\/h2>\n<p>Quelques rep\u00e8res, eux, restent stables d&rsquo;une ann\u00e9e sur l&rsquo;autre. Le d\u00e9part se fait depuis le port de Marseille, o\u00f9 l&#8217;embarquement des v\u00e9hicules commence bien avant l&rsquo;heure affich\u00e9e. Les <a href=\"https:\/\/www.lameridionale.fr\/fr\/preparer-ma-traversee\/informations-pratiques\/documents\/vos-papiers-pour-aller-en-corse\" target=\"_blank\" rel=\"noopener nofollow\">documents d&rsquo;identit\u00e9 exig\u00e9s pour la Corse<\/a> concernent tous les passagers, nourrissons compris, et un mineur non accompagn\u00e9 ne peut pas embarquer seul sur ces lignes. \u00c0 bord du <em>Piana<\/em>, qui assure la ligne d&rsquo;Ajaccio, l&rsquo;aire de jeux et la nurserie valent d&rsquo;\u00eatre rep\u00e9r\u00e9es d\u00e8s l&#8217;embarquement.<\/p>\n<div class=\"va-actu-faq\">\n<details>\n<summary>L&rsquo;offre \u00ab enfant gratuit \u00bb de La M\u00e9ridionale est-elle encore valable ?<\/summary>\n<div class=\"va-actu-ans\">Non. Elle \u00e9tait r\u00e9servable du 31 mars au 13 avril 2025 inclus, pour des voyages jusqu&rsquo;au 30 septembre 2025 : les deux fen\u00eatres sont d\u00e9pass\u00e9es. Une campagne comparable a \u00e9t\u00e9 reconduite depuis, mais avec ses propres dates et conditions, \u00e0 v\u00e9rifier sur le site de la compagnie.<\/div>\n<\/details>\n<details>\n<summary>Quel \u00e2ge \u00e9tait r\u00e9ellement concern\u00e9 par la gratuit\u00e9 ?<\/summary>\n<div class=\"va-actu-ans\">Les conditions officielles visaient les enfants de <strong>11 ans et moins<\/strong>, avec un quota par r\u00e9servation de 3 enfants de 4 \u00e0 11 ans et 2 enfants de 2 \u00e0 3 ans. La formulation \u00ab moins de 11 ans \u00bb, tr\u00e8s reprise \u00e0 l&rsquo;\u00e9poque, \u00e9tait plus restrictive que l&rsquo;offre r\u00e9elle.<\/div>\n<\/details>\n<details>\n<summary>Fallait-il obligatoirement voyager avec une voiture ?<\/summary>\n<div class=\"va-actu-ans\">Oui pour cette op\u00e9ration : elle exigeait au minimum deux adultes ou seniors en tarif standard ou flexible, accompagn\u00e9s d&rsquo;un v\u00e9hicule. Une r\u00e9servation pi\u00e9ton n&rsquo;ouvrait pas droit \u00e0 la gratuit\u00e9.<\/div>\n<\/details>\n<details>\n<summary>Quels ports corses La M\u00e9ridionale dessert-elle depuis Marseille ?<\/summary>\n<div class=\"va-actu-ans\">Deux : Ajaccio et Porto-Vecchio. La compagnie op\u00e8re par ailleurs une ligne Marseille\u2013Tanger Med, hors Corse. Les autres ports de l&rsquo;\u00eele rel\u00e8vent d&rsquo;autres liaisons.<\/div>\n<\/details>\n<details>\n<summary>Le ferry revient-il moins cher que l&rsquo;avion pour une famille ?<\/summary>\n<div class=\"va-actu-ans\">L&rsquo;affirmation g\u00e9n\u00e9rale ne tient pas. Le ferry \u00e9vite la location de voiture et les suppl\u00e9ments bagages, mais la cabine ou les si\u00e8ges se facturent en plus, auxquels s&rsquo;ajoutent carburant et p\u00e9ages jusqu&rsquo;\u00e0 Marseille. Le comparatif se fait au cas par cas.<\/div>\n<\/details>\n<\/div>\n<div class=\"va-actu-retain\">\n<div class=\"va-actu-kick\">\u00c0 retenir<\/div>\n<ul>\n<li>L&rsquo;op\u00e9ration \u00ab travers\u00e9e enfant offerte \u00bb de La M\u00e9ridionale \u00e9tait r\u00e9servable <strong>jusqu&rsquo;au 13 avril 2025<\/strong> : elle appartient au pass\u00e9.<\/li>\n<li>Elle n&rsquo;a jamais \u00e9t\u00e9 inconditionnelle : <strong>s\u00e9lection de travers\u00e9es<\/strong>, 2 adultes payants minimum, v\u00e9hicule obligatoire, quotas d&rsquo;enfants, cabine en suppl\u00e9ment.<\/li>\n<li>L&rsquo;\u00e2ge exact \u00e9tait <strong>11 ans et moins<\/strong>, et le 30 septembre 2025 \u00e9tait la derni\u00e8re date de <strong>voyage<\/strong>, pas la fin de l&rsquo;offre.<\/li>\n<li>Depuis Marseille, la compagnie dessert <strong>Ajaccio<\/strong> et <strong>Porto-Vecchio<\/strong> \u2014 les deux lignes qui \u00e9taient \u00e9ligibles.<\/li>\n<li>Ce type d&rsquo;op\u00e9ration revient par saison : ne vous fiez \u00e0 aucun article pour un tarif, ouvrez la page officielle des offres avant de r\u00e9server.<\/li>\n<\/ul>\n<\/div>\n<\/div>\n","protected":false},"excerpt":{"rendered":"","protected":false},"author":34,"featured_media":19499,"comment_status":"open","ping_status":"open","sticky":false,"template":"","format":"standard","meta":{"_acf_changed":false,"manual_indexmenow":false,"indexmenow_id_project":0,"footnotes":""},"categories":[1],"tags":[4538,4527,4530,4528,5834],"class_list":["post-17069","post","type-post","status-publish","format-standard","has-post-thumbnail","hentry","category-a-la-une","tag-activites-variees","tag-decouverte-culturelle","tag-escapade-en-europe","tag-hebergement-abordable","tag-voyage-en-famille","generate-columns","tablet-grid-50","mobile-grid-100","grid-parent","grid-25"],"acf":[],"yoast_head":"<!-- This site is optimized with the Yoast SEO Premium plugin v21.3 (Yoast SEO v25.1) - https:\/\/yoast.com\/wordpress\/plugins\/seo\/ -->\n<title>Ferry Corse : l&#039;offre \u00ab enfant gratuit \u00bb de La M\u00e9ridionale d\u00e9crypt\u00e9e<\/title>\n<meta name=\"description\" content=\"Conditions r\u00e9elles de l&#039;offre \u00ab enfant gratuit \u00bb de La M\u00e9ridionale vers la Corse : \u00e2ge, lignes, v\u00e9hicule, dates \u2014 et o\u00f9 en est l&#039;offre aujourd&#039;hui.\" \/>\n<meta name=\"robots\" content=\"index, follow, max-snippet:-1, max-image-preview:large, max-video-preview:-1\" \/>\n<link rel=\"canonical\" href=\"https:\/\/voyage-aventure.com\/blog\/a-la-une\/traversez-en-ferry-vers-la-corse-lenfant-voyage-gratuitement\/\" \/>\n<meta property=\"og:locale\" content=\"fr_FR\" \/>\n<meta property=\"og:type\" content=\"article\" \/>\n<meta property=\"og:title\" content=\"Ferry Corse : l&#039;offre \u00ab enfant gratuit \u00bb de La M\u00e9ridionale d\u00e9crypt\u00e9e\" \/>\n<meta property=\"og:description\" content=\"Conditions r\u00e9elles de l&#039;offre \u00ab enfant gratuit \u00bb de La M\u00e9ridionale vers la Corse : \u00e2ge, lignes, v\u00e9hicule, dates \u2014 et o\u00f9 en est l&#039;offre aujourd&#039;hui.\" \/>\n<meta property=\"og:url\" content=\"https:\/\/voyage-aventure.com\/blog\/a-la-une\/traversez-en-ferry-vers-la-corse-lenfant-voyage-gratuitement\/\" \/>\n<meta property=\"og:site_name\" content=\"voyage-aventure\" \/>\n<meta property=\"og:image\" content=\"https:\/\/voyage-aventure.com\/blog\/wp-content\/uploads\/2025\/05\/sdxl-8c6f8bf8efa8bef030a40b4e7afb8a8d-scaled.png\" \/>\n\t<meta property=\"og:image:width\" content=\"1200\" \/>\n\t<meta property=\"og:image:height\" content=\"500\" \/>\n\t<meta property=\"og:image:type\" content=\"image\/png\" \/>\n<meta name=\"author\" content=\"Camille Rouvray\" \/>\n<meta name=\"twitter:card\" content=\"summary_large_image\" \/>\n<script type=\"application\/ld+json\" class=\"yoast-schema-graph\">{\"@context\":\"https:\/\/schema.org\",\"@graph\":[{\"@type\":\"NewsArticle\",\"@id\":\"https:\/\/voyage-aventure.com\/blog\/a-la-une\/traversez-en-ferry-vers-la-corse-lenfant-voyage-gratuitement\/#article\",\"isPartOf\":{\"@id\":\"https:\/\/voyage-aventure.com\/blog\/a-la-une\/traversez-en-ferry-vers-la-corse-lenfant-voyage-gratuitement\/\"},\"author\":{\"name\":\"Camille Rouvray\",\"@id\":\"https:\/\/voyage-aventure.com\/blog\/#\/schema\/person\/3c864cdc320801e3db34b663e7e3f816\"},\"headline\":\"Travers\u00e9e en ferry vers la Corse : ce que contenait l&rsquo;offre \u00ab enfant gratuit \u00bb\",\"datePublished\":\"2026-09-01T04:22:42+00:00\",\"mainEntityOfPage\":{\"@id\":\"https:\/\/voyage-aventure.com\/blog\/a-la-une\/traversez-en-ferry-vers-la-corse-lenfant-voyage-gratuitement\/\"},\"wordCount\":1494,\"commentCount\":26,\"publisher\":{\"@id\":\"https:\/\/voyage-aventure.com\/blog\/#organization\"},\"image\":{\"@id\":\"https:\/\/voyage-aventure.com\/blog\/a-la-une\/traversez-en-ferry-vers-la-corse-lenfant-voyage-gratuitement\/#primaryimage\"},\"thumbnailUrl\":\"https:\/\/voyage-aventure.com\/blog\/wp-content\/uploads\/2025\/05\/sdxl-8c6f8bf8efa8bef030a40b4e7afb8a8d-scaled.png\",\"keywords\":[\"Activit\u00e9s Vari\u00e9es\",\"D\u00e9couverte Culturelle\",\"Escapade en Europe\",\"H\u00e9bergement Abordable\",\"Voyage en famille\"],\"articleSection\":[\"\u00c0 la une\"],\"inLanguage\":\"fr-FR\",\"potentialAction\":[{\"@type\":\"CommentAction\",\"name\":\"Comment\",\"target\":[\"https:\/\/voyage-aventure.com\/blog\/a-la-une\/traversez-en-ferry-vers-la-corse-lenfant-voyage-gratuitement\/#respond\"]}]},{\"@type\":\"WebPage\",\"@id\":\"https:\/\/voyage-aventure.com\/blog\/a-la-une\/traversez-en-ferry-vers-la-corse-lenfant-voyage-gratuitement\/\",\"url\":\"https:\/\/voyage-aventure.com\/blog\/a-la-une\/traversez-en-ferry-vers-la-corse-lenfant-voyage-gratuitement\/\",\"name\":\"Ferry Corse : l'offre \u00ab enfant gratuit \u00bb de La M\u00e9ridionale d\u00e9crypt\u00e9e\",\"isPartOf\":{\"@id\":\"https:\/\/voyage-aventure.com\/blog\/#website\"},\"primaryImageOfPage\":{\"@id\":\"https:\/\/voyage-aventure.com\/blog\/a-la-une\/traversez-en-ferry-vers-la-corse-lenfant-voyage-gratuitement\/#primaryimage\"},\"image\":{\"@id\":\"https:\/\/voyage-aventure.com\/blog\/a-la-une\/traversez-en-ferry-vers-la-corse-lenfant-voyage-gratuitement\/#primaryimage\"},\"thumbnailUrl\":\"https:\/\/voyage-aventure.com\/blog\/wp-content\/uploads\/2025\/05\/sdxl-8c6f8bf8efa8bef030a40b4e7afb8a8d-scaled.png\",\"datePublished\":\"2026-09-01T04:22:42+00:00\",\"description\":\"Conditions r\u00e9elles de l'offre \u00ab enfant gratuit \u00bb de La M\u00e9ridionale vers la Corse : \u00e2ge, lignes, v\u00e9hicule, dates \u2014 et o\u00f9 en est l'offre aujourd'hui.\",\"inLanguage\":\"fr-FR\",\"potentialAction\":[{\"@type\":\"ReadAction\",\"target\":[\"https:\/\/voyage-aventure.com\/blog\/a-la-une\/traversez-en-ferry-vers-la-corse-lenfant-voyage-gratuitement\/\"]}]},{\"@type\":\"ImageObject\",\"inLanguage\":\"fr-FR\",\"@id\":\"https:\/\/voyage-aventure.com\/blog\/a-la-une\/traversez-en-ferry-vers-la-corse-lenfant-voyage-gratuitement\/#primaryimage\",\"url\":\"https:\/\/voyage-aventure.com\/blog\/wp-content\/uploads\/2025\/05\/sdxl-8c6f8bf8efa8bef030a40b4e7afb8a8d-scaled.png\",\"contentUrl\":\"https:\/\/voyage-aventure.com\/blog\/wp-content\/uploads\/2025\/05\/sdxl-8c6f8bf8efa8bef030a40b4e7afb8a8d-scaled.png\",\"width\":1200,\"height\":500},{\"@type\":\"WebSite\",\"@id\":\"https:\/\/voyage-aventure.com\/blog\/#website\",\"url\":\"https:\/\/voyage-aventure.com\/blog\/\",\"name\":\"voyage-aventure.com\",\"description\":\"Votre passeport pour l\u2019inattendu.\",\"publisher\":{\"@id\":\"https:\/\/voyage-aventure.com\/blog\/#organization\"},\"alternateName\":\"Votre passeport pour l\u2019inattendu.\",\"potentialAction\":[{\"@type\":\"SearchAction\",\"target\":{\"@type\":\"EntryPoint\",\"urlTemplate\":\"https:\/\/voyage-aventure.com\/blog\/?s={search_term_string}\"},\"query-input\":{\"@type\":\"PropertyValueSpecification\",\"valueRequired\":true,\"valueName\":\"search_term_string\"}}],\"inLanguage\":\"fr-FR\"},{\"@type\":\"Organization\",\"@id\":\"https:\/\/voyage-aventure.com\/blog\/#organization\",\"name\":\"Foretsensations.fr\",\"url\":\"https:\/\/voyage-aventure.com\/blog\/\",\"logo\":{\"@type\":\"ImageObject\",\"inLanguage\":\"fr-FR\",\"@id\":\"https:\/\/voyage-aventure.com\/blog\/#\/schema\/logo\/image\/\",\"url\":\"https:\/\/voyage-aventure.com\/blog\/wp-content\/uploads\/2024\/12\/19.png\",\"contentUrl\":\"https:\/\/voyage-aventure.com\/blog\/wp-content\/uploads\/2024\/12\/19.png\",\"width\":512,\"height\":512,\"caption\":\"Foretsensations.fr\"},\"image\":{\"@id\":\"https:\/\/voyage-aventure.com\/blog\/#\/schema\/logo\/image\/\"}},{\"@type\":\"Person\",\"@id\":\"https:\/\/voyage-aventure.com\/blog\/#\/schema\/person\/3c864cdc320801e3db34b663e7e3f816\",\"name\":\"Camille Rouvray\",\"image\":{\"@type\":\"ImageObject\",\"inLanguage\":\"fr-FR\",\"@id\":\"https:\/\/voyage-aventure.com\/blog\/#\/schema\/person\/image\/\",\"url\":\"https:\/\/voyage-aventure.com\/blog\/wp-content\/uploads\/2026\/06\/persona_camille-r-96x96.jpg\",\"contentUrl\":\"https:\/\/voyage-aventure.com\/blog\/wp-content\/uploads\/2026\/06\/persona_camille-r-96x96.jpg\",\"caption\":\"Camille Rouvray\"},\"description\":\"Je voyage et j'\u00e9cris sur le voyage depuis une douzaine d'ann\u00e9es, d'abord en tant que routarde au long cours, puis comme r\u00e9dactrice sp\u00e9cialis\u00e9e. Mon terrain de pr\u00e9dilection, ce sont les circuits organis\u00e9s et l'art de bien pr\u00e9parer un itin\u00e9raire : choix de la saison, dur\u00e9e r\u00e9aliste des \u00e9tapes, budget jour par jour, logement et transport sur place. J'aime aussi raconter les p\u00e9pites urbaines, ces adresses qu'on ne trouve pas dans les guides classiques. Avant de publier un dossier destination, je croise toujours plusieurs sources, je v\u00e9rifie les tarifs et les formalit\u00e9s d'entr\u00e9e \u00e0 jour, et je teste moi-m\u00eame quand je le peux. Mon angle reste pratique avant tout : aider le lecteur \u00e0 partir l'esprit tranquille, sans mauvaise surprise une fois sur place. Je m'attache \u00e0 distinguer le coup de c\u0153ur sinc\u00e8re du simple argument marketing.\",\"sameAs\":[\"https:\/\/camillerouvray.fr\/\"],\"url\":\"https:\/\/voyage-aventure.com\/blog\/auteur\/noname\/\"}]}<\/script>\n<!-- \/ Yoast SEO Premium plugin. -->","yoast_head_json":{"title":"Ferry Corse : l'offre \u00ab enfant gratuit \u00bb de La M\u00e9ridionale d\u00e9crypt\u00e9e","description":"Conditions r\u00e9elles de l'offre \u00ab enfant gratuit \u00bb de La M\u00e9ridionale vers la Corse : \u00e2ge, lignes, v\u00e9hicule, dates \u2014 et o\u00f9 en est l'offre aujourd'hui.","robots":{"index":"index","follow":"follow","max-snippet":"max-snippet:-1","max-image-preview":"max-image-preview:large","max-video-preview":"max-video-preview:-1"},"canonical":"https:\/\/voyage-aventure.com\/blog\/a-la-une\/traversez-en-ferry-vers-la-corse-lenfant-voyage-gratuitement\/","og_locale":"fr_FR","og_type":"article","og_title":"Ferry Corse : l'offre \u00ab enfant gratuit \u00bb de La M\u00e9ridionale d\u00e9crypt\u00e9e","og_description":"Conditions r\u00e9elles de l'offre \u00ab enfant gratuit \u00bb de La M\u00e9ridionale vers la Corse : \u00e2ge, lignes, v\u00e9hicule, dates \u2014 et o\u00f9 en est l'offre aujourd'hui.","og_url":"https:\/\/voyage-aventure.com\/blog\/a-la-une\/traversez-en-ferry-vers-la-corse-lenfant-voyage-gratuitement\/","og_site_name":"voyage-aventure","og_image":[{"width":1200,"height":500,"url":"https:\/\/voyage-aventure.com\/blog\/wp-content\/uploads\/2025\/05\/sdxl-8c6f8bf8efa8bef030a40b4e7afb8a8d-scaled.png","type":"image\/png"}],"author":"Camille Rouvray","twitter_card":"summary_large_image","schema":{"@context":"https:\/\/schema.org","@graph":[{"@type":"NewsArticle","@id":"https:\/\/voyage-aventure.com\/blog\/a-la-une\/traversez-en-ferry-vers-la-corse-lenfant-voyage-gratuitement\/#article","isPartOf":{"@id":"https:\/\/voyage-aventure.com\/blog\/a-la-une\/traversez-en-ferry-vers-la-corse-lenfant-voyage-gratuitement\/"},"author":{"name":"Camille Rouvray","@id":"https:\/\/voyage-aventure.com\/blog\/#\/schema\/person\/3c864cdc320801e3db34b663e7e3f816"},"headline":"Travers\u00e9e en ferry vers la Corse : ce que contenait l&rsquo;offre \u00ab enfant gratuit \u00bb","datePublished":"2026-09-01T04:22:42+00:00","mainEntityOfPage":{"@id":"https:\/\/voyage-aventure.com\/blog\/a-la-une\/traversez-en-ferry-vers-la-corse-lenfant-voyage-gratuitement\/"},"wordCount":1494,"commentCount":26,"publisher":{"@id":"https:\/\/voyage-aventure.com\/blog\/#organization"},"image":{"@id":"https:\/\/voyage-aventure.com\/blog\/a-la-une\/traversez-en-ferry-vers-la-corse-lenfant-voyage-gratuitement\/#primaryimage"},"thumbnailUrl":"https:\/\/voyage-aventure.com\/blog\/wp-content\/uploads\/2025\/05\/sdxl-8c6f8bf8efa8bef030a40b4e7afb8a8d-scaled.png","keywords":["Activit\u00e9s Vari\u00e9es","D\u00e9couverte Culturelle","Escapade en Europe","H\u00e9bergement Abordable","Voyage en famille"],"articleSection":["\u00c0 la une"],"inLanguage":"fr-FR","potentialAction":[{"@type":"CommentAction","name":"Comment","target":["https:\/\/voyage-aventure.com\/blog\/a-la-une\/traversez-en-ferry-vers-la-corse-lenfant-voyage-gratuitement\/#respond"]}]},{"@type":"WebPage","@id":"https:\/\/voyage-aventure.com\/blog\/a-la-une\/traversez-en-ferry-vers-la-corse-lenfant-voyage-gratuitement\/","url":"https:\/\/voyage-aventure.com\/blog\/a-la-une\/traversez-en-ferry-vers-la-corse-lenfant-voyage-gratuitement\/","name":"Ferry Corse : l'offre \u00ab enfant gratuit \u00bb de La M\u00e9ridionale d\u00e9crypt\u00e9e","isPartOf":{"@id":"https:\/\/voyage-aventure.com\/blog\/#website"},"primaryImageOfPage":{"@id":"https:\/\/voyage-aventure.com\/blog\/a-la-une\/traversez-en-ferry-vers-la-corse-lenfant-voyage-gratuitement\/#primaryimage"},"image":{"@id":"https:\/\/voyage-aventure.com\/blog\/a-la-une\/traversez-en-ferry-vers-la-corse-lenfant-voyage-gratuitement\/#primaryimage"},"thumbnailUrl":"https:\/\/voyage-aventure.com\/blog\/wp-content\/uploads\/2025\/05\/sdxl-8c6f8bf8efa8bef030a40b4e7afb8a8d-scaled.png","datePublished":"2026-09-01T04:22:42+00:00","description":"Conditions r\u00e9elles de l'offre \u00ab enfant gratuit \u00bb de La M\u00e9ridionale vers la Corse : \u00e2ge, lignes, v\u00e9hicule, dates \u2014 et o\u00f9 en est l'offre aujourd'hui.","inLanguage":"fr-FR","potentialAction":[{"@type":"ReadAction","target":["https:\/\/voyage-aventure.com\/blog\/a-la-une\/traversez-en-ferry-vers-la-corse-lenfant-voyage-gratuitement\/"]}]},{"@type":"ImageObject","inLanguage":"fr-FR","@id":"https:\/\/voyage-aventure.com\/blog\/a-la-une\/traversez-en-ferry-vers-la-corse-lenfant-voyage-gratuitement\/#primaryimage","url":"https:\/\/voyage-aventure.com\/blog\/wp-content\/uploads\/2025\/05\/sdxl-8c6f8bf8efa8bef030a40b4e7afb8a8d-scaled.png","contentUrl":"https:\/\/voyage-aventure.com\/blog\/wp-content\/uploads\/2025\/05\/sdxl-8c6f8bf8efa8bef030a40b4e7afb8a8d-scaled.png","width":1200,"height":500},{"@type":"WebSite","@id":"https:\/\/voyage-aventure.com\/blog\/#website","url":"https:\/\/voyage-aventure.com\/blog\/","name":"voyage-aventure.com","description":"Votre passeport pour l\u2019inattendu.","publisher":{"@id":"https:\/\/voyage-aventure.com\/blog\/#organization"},"alternateName":"Votre passeport pour l\u2019inattendu.","potentialAction":[{"@type":"SearchAction","target":{"@type":"EntryPoint","urlTemplate":"https:\/\/voyage-aventure.com\/blog\/?s={search_term_string}"},"query-input":{"@type":"PropertyValueSpecification","valueRequired":true,"valueName":"search_term_string"}}],"inLanguage":"fr-FR"},{"@type":"Organization","@id":"https:\/\/voyage-aventure.com\/blog\/#organization","name":"Foretsensations.fr","url":"https:\/\/voyage-aventure.com\/blog\/","logo":{"@type":"ImageObject","inLanguage":"fr-FR","@id":"https:\/\/voyage-aventure.com\/blog\/#\/schema\/logo\/image\/","url":"https:\/\/voyage-aventure.com\/blog\/wp-content\/uploads\/2024\/12\/19.png","contentUrl":"https:\/\/voyage-aventure.com\/blog\/wp-content\/uploads\/2024\/12\/19.png","width":512,"height":512,"caption":"Foretsensations.fr"},"image":{"@id":"https:\/\/voyage-aventure.com\/blog\/#\/schema\/logo\/image\/"}},{"@type":"Person","@id":"https:\/\/voyage-aventure.com\/blog\/#\/schema\/person\/3c864cdc320801e3db34b663e7e3f816","name":"Camille Rouvray","image":{"@type":"ImageObject","inLanguage":"fr-FR","@id":"https:\/\/voyage-aventure.com\/blog\/#\/schema\/person\/image\/","url":"https:\/\/voyage-aventure.com\/blog\/wp-content\/uploads\/2026\/06\/persona_camille-r-96x96.jpg","contentUrl":"https:\/\/voyage-aventure.com\/blog\/wp-content\/uploads\/2026\/06\/persona_camille-r-96x96.jpg","caption":"Camille Rouvray"},"description":"Je voyage et j'\u00e9cris sur le voyage depuis une douzaine d'ann\u00e9es, d'abord en tant que routarde au long cours, puis comme r\u00e9dactrice sp\u00e9cialis\u00e9e. Mon terrain de pr\u00e9dilection, ce sont les circuits organis\u00e9s et l'art de bien pr\u00e9parer un itin\u00e9raire : choix de la saison, dur\u00e9e r\u00e9aliste des \u00e9tapes, budget jour par jour, logement et transport sur place. J'aime aussi raconter les p\u00e9pites urbaines, ces adresses qu'on ne trouve pas dans les guides classiques. Avant de publier un dossier destination, je croise toujours plusieurs sources, je v\u00e9rifie les tarifs et les formalit\u00e9s d'entr\u00e9e \u00e0 jour, et je teste moi-m\u00eame quand je le peux. Mon angle reste pratique avant tout : aider le lecteur \u00e0 partir l'esprit tranquille, sans mauvaise surprise une fois sur place. Je m'attache \u00e0 distinguer le coup de c\u0153ur sinc\u00e8re du simple argument marketing.","sameAs":["https:\/\/camillerouvray.fr\/"],"url":"https:\/\/voyage-aventure.com\/blog\/auteur\/noname\/"}]}},"_links":{"self":[{"href":"https:\/\/voyage-aventure.com\/blog\/wp-json\/wp\/v2\/posts\/17069","targetHints":{"allow":["GET"]}}],"collection":[{"href":"https:\/\/voyage-aventure.com\/blog\/wp-json\/wp\/v2\/posts"}],"about":[{"href":"https:\/\/voyage-aventure.com\/blog\/wp-json\/wp\/v2\/types\/post"}],"author":[{"embeddable":true,"href":"https:\/\/voyage-aventure.com\/blog\/wp-json\/wp\/v2\/users\/34"}],"replies":[{"embeddable":true,"href":"https:\/\/voyage-aventure.com\/blog\/wp-json\/wp\/v2\/comments?post=17069"}],"version-history":[{"count":3,"href":"https:\/\/voyage-aventure.com\/blog\/wp-json\/wp\/v2\/posts\/17069\/revisions"}],"predecessor-version":[{"id":23254,"href":"https:\/\/voyage-aventure.com\/blog\/wp-json\/wp\/v2\/posts\/17069\/revisions\/23254"}],"wp:featuredmedia":[{"embeddable":true,"href":"https:\/\/voyage-aventure.com\/blog\/wp-json\/wp\/v2\/media\/19499"}],"wp:attachment":[{"href":"https:\/\/voyage-aventure.com\/blog\/wp-json\/wp\/v2\/media?parent=17069"}],"wp:term":[{"taxonomy":"category","embeddable":true,"href":"https:\/\/voyage-aventure.com\/blog\/wp-json\/wp\/v2\/categories?post=17069"},{"taxonomy":"post_tag","embeddable":true,"href":"https:\/\/voyage-aventure.com\/blog\/wp-json\/wp\/v2\/tags?post=17069"}],"curies":[{"name":"wp","href":"https:\/\/api.w.org\/{rel}","templated":true}]}}