{"id":17041,"date":"2025-03-31T16:11:00","date_gmt":"2025-03-31T14:11:00","guid":{"rendered":"https:\/\/voyage-aventure.com\/blog\/?p=17041"},"modified":"2025-03-31T12:09:48","modified_gmt":"2025-03-31T10:09:48","slug":"les-voyageurs-dete-en-europe-confrontes-a-une-crise-sans-precedent-du-controle-aerien","status":"publish","type":"post","link":"https:\/\/voyage-aventure.com\/blog\/a-la-une\/les-voyageurs-dete-en-europe-confrontes-a-une-crise-sans-precedent-du-controle-aerien\/","title":{"rendered":"Les voyageurs d&rsquo;\u00e9t\u00e9 en Europe confront\u00e9s \u00e0 une crise sans pr\u00e9c\u00e9dent du contr\u00f4le a\u00e9rien"},"content":{"rendered":"<h2>Des retards sans pr\u00e9c\u00e9dent pour les voyageurs d&rsquo;\u00e9t\u00e9<\/h2>\n<p>En effet, avec 30 millions de passagers britanniques pr\u00e9vus entre juin et ao\u00fbt, les retards de contr\u00f4le a\u00e9rien atteignent des niveaux alarmants. Les experts estiment que cette situation pourrait \u00eatre la plus mauvaise en mati\u00e8re de gestion du trafic a\u00e9rien depuis 25 ans.<\/p>\n<p>Les t\u00e9moignages des voyageurs sont d\u00e9j\u00e0 pr\u00e9occupants, notamment apr\u00e8s une saison estivale de 2024 marqu\u00e9e par des retards records. Les professionnels de l&rsquo;aviation, tels que Michael O\u2019Leary, le PDG de Ryanair, mettent en garde contre une aggravation de la situation, surtout durant les week-ends.<\/p>\n<h2>Les causes des retards : des probl\u00e8mes de personnel et de gestion<\/h2>\n<p>Une combinaison de facteurs contribue \u00e0 ces retards. D&rsquo;une part, la p\u00e9nurie de contr\u00f4leurs a\u00e9riens est mise en avant comme un des principaux responsables, tandis que des conditions m\u00e9t\u00e9orologiques d\u00e9favorables viennent aggraver la situation. Un rapport de Eurocontrol souligne que de nombreux retards attribu\u00e9s \u00e0 la m\u00e9t\u00e9o pourraient en r\u00e9alit\u00e9 \u00eatre dus \u00e0 un manque de personnel.<\/p>\n<p>Ce manque de personnel entra\u00eene des cons\u00e9quences financi\u00e8res significatives. En effet, les retards caus\u00e9s par des coupes de capacit\u00e9 dues \u00e0 des probl\u00e8mes de personnel pourraient entra\u00eener des p\u00e9nalit\u00e9s financi\u00e8res, alors que ceux dus \u00e0 la m\u00e9t\u00e9o pourraient m\u00eame \u00eatre r\u00e9compens\u00e9s.<\/p>\n<h2>Impact sur les passagers et les compagnies a\u00e9riennes<\/h2>\n<p>Les cons\u00e9quences de ces retards ne se limitent pas aux d\u00e9sagr\u00e9ments pour les passagers. Les compagnies a\u00e9riennes doivent \u00e9galement faire face \u00e0 une pression accrue, car elles sont responsables de la prise en charge des voyageurs affect\u00e9s par les retards. Cela inclut la r\u00e9organisation des voyages et la gestion des demandes d&rsquo;indemnisation, m\u00eame si elles ne sont pas responsables des causes de ces retards.<\/p>\n<p>Ben Smith, le PDG d&rsquo;Air France-KLM, a soulign\u00e9 que la p\u00e9nurie de contr\u00f4leurs a\u00e9riens en France pourrait entra\u00eener des retards significatifs pour les vols, affectant particuli\u00e8rement ceux qui transitent par Paris et Amsterdam. Des connexions manqu\u00e9es pourraient devenir un probl\u00e8me r\u00e9current, aggravant l&rsquo;exp\u00e9rience des passagers.<\/p>\n<blockquote><p>\n    \u00ab\u00a0Aujourd&rsquo;hui, c&rsquo;est juste &lsquo;Laissez \u00e7a \u00e0 la compagnie a\u00e9rienne&rsquo;. C&rsquo;est facile\u00a0\u00bb, a d\u00e9clar\u00e9 Ben Smith.\n<\/p><\/blockquote>\n<p><iframe loading=\"lazy\" title=\"The War Terror \ud83d\udca5\ud83d\udd75\ufe0f\u200d\u2642\ufe0f | A Craig Kennedy Mystery by Arthur B. Reeve \ud83d\udd0d\" width=\"1200\" height=\"675\" src=\"https:\/\/www.youtube.com\/embed\/GbB7tzrTZtU?feature=oembed\" frameborder=\"0\" allow=\"accelerometer; autoplay; clipboard-write; encrypted-media; gyroscope; picture-in-picture; web-share\" referrerpolicy=\"strict-origin-when-cross-origin\" allowfullscreen><\/iframe><\/p>\n<h2>Une liste des principaux points de congestion<\/h2>\n<p>La situation est particuli\u00e8rement pr\u00e9occupante dans certains centres de contr\u00f4le a\u00e9rien, o\u00f9 les retards sont les plus fr\u00e9quents. Voici quelques-uns des pires contrevenants :<\/p>\n<ul>\n<li>Karlsruhe : 13,1 % des retards<\/li>\n<li>Budapest : 12,9 % des retards<\/li>\n<li>Marseille : 7 % des retards<\/li>\n<li>Zagreb : 6,5 % des retards<\/li>\n<li>Reims : 6 % des retards<\/li>\n<\/ul>\n<p>La Direction G\u00e9n\u00e9rale de l&rsquo;Aviation Civile (DGAC) en France est responsable d&rsquo;une part significative des retards. Bien qu&rsquo;elle affirme fournir des services de navigation a\u00e9rienne de haute qualit\u00e9, la r\u00e9alit\u00e9 sur le terrain semble indiquer le contraire, avec de nombreux passagers confront\u00e9s \u00e0 des d\u00e9lais inacceptables.<\/p>\n<p>Face \u00e0 cette crise, les compagnies a\u00e9riennes et les autorit\u00e9s doivent collaborer pour am\u00e9liorer la situation. Des solutions innovantes, comme l&rsquo;utilisation de technologies de suivi en temps r\u00e9el, pourraient offrir des perspectives d&rsquo;am\u00e9lioration, mais n\u00e9cessitent un engagement significatif de la part de tous les acteurs impliqu\u00e9s dans le secteur a\u00e9rien.<\/p>\n<p>En r\u00e9sum\u00e9, les vacances d&rsquo;\u00e9t\u00e9 2025 s&rsquo;annoncent d\u00e9j\u00e0 difficiles pour les voyageurs europ\u00e9ens, avec des retards massifs pr\u00e9vus dans le syst\u00e8me de contr\u00f4le a\u00e9rien. Les compagnies a\u00e9riennes, les passagers et les autorit\u00e9s doivent agir rapidement pour r\u00e9soudre ces probl\u00e8mes et assurer une exp\u00e9rience de voyage plus fluide.<\/p>\n","protected":false},"excerpt":{"rendered":"","protected":false},"author":34,"featured_media":18005,"comment_status":"open","ping_status":"open","sticky":false,"template":"","format":"standard","meta":{"_acf_changed":false,"manual_indexmenow":false,"indexmenow_id_project":0,"footnotes":""},"categories":[1],"tags":[4646,3726,4636,3170,4635],"class_list":["post-17041","post","type-post","status-publish","format-standard","has-post-thumbnail","hentry","category-a-la-une","tag-assistance","tag-conditions-meteorologiques","tag-destinations","tag-securite","tag-voyage","generate-columns","tablet-grid-50","mobile-grid-100","grid-parent","grid-25"],"acf":[],"yoast_head":"<!-- This site is optimized with the Yoast SEO Premium plugin v21.3 (Yoast SEO v25.1) - https:\/\/yoast.com\/wordpress\/plugins\/seo\/ -->\n<title>Les voyageurs d&#039;\u00e9t\u00e9 en Europe confront\u00e9s \u00e0 une crise sans<\/title>\n<meta name=\"description\" content=\"Des retards sans pr\u00e9c\u00e9dent pour les voyageurs d&#039;\u00e9t\u00e9 En effet, avec 30 millions de passagers britanniques pr\u00e9vus entre juin et ao\u00fbt, les retards de\" \/>\n<meta name=\"robots\" content=\"index, follow, max-snippet:-1, max-image-preview:large, max-video-preview:-1\" \/>\n<link rel=\"canonical\" href=\"https:\/\/voyage-aventure.com\/blog\/a-la-une\/les-voyageurs-dete-en-europe-confrontes-a-une-crise-sans-precedent-du-controle-aerien\/\" \/>\n<meta property=\"og:locale\" content=\"fr_FR\" \/>\n<meta property=\"og:type\" content=\"article\" \/>\n<meta property=\"og:title\" content=\"Les voyageurs d&#039;\u00e9t\u00e9 en Europe confront\u00e9s \u00e0 une crise sans\" \/>\n<meta property=\"og:description\" content=\"Des retards sans pr\u00e9c\u00e9dent pour les voyageurs d&#039;\u00e9t\u00e9 En effet, avec 30 millions de passagers britanniques pr\u00e9vus entre juin et ao\u00fbt, les retards de\" \/>\n<meta property=\"og:url\" content=\"https:\/\/voyage-aventure.com\/blog\/a-la-une\/les-voyageurs-dete-en-europe-confrontes-a-une-crise-sans-precedent-du-controle-aerien\/\" \/>\n<meta property=\"og:site_name\" content=\"voyage-aventure\" \/>\n<meta property=\"og:image\" content=\"https:\/\/voyage-aventure.com\/blog\/wp-content\/uploads\/2025\/04\/sdxl-f498a6566e27ffafc2ecdf886352eb5f.png\" \/>\n\t<meta property=\"og:image:width\" content=\"1536\" \/>\n\t<meta property=\"og:image:height\" content=\"640\" \/>\n\t<meta property=\"og:image:type\" content=\"image\/png\" \/>\n<meta name=\"author\" content=\"Camille Rouvray\" \/>\n<meta name=\"twitter:card\" content=\"summary_large_image\" \/>\n<script type=\"application\/ld+json\" class=\"yoast-schema-graph\">{\"@context\":\"https:\/\/schema.org\",\"@graph\":[{\"@type\":\"NewsArticle\",\"@id\":\"https:\/\/voyage-aventure.com\/blog\/a-la-une\/les-voyageurs-dete-en-europe-confrontes-a-une-crise-sans-precedent-du-controle-aerien\/#article\",\"isPartOf\":{\"@id\":\"https:\/\/voyage-aventure.com\/blog\/a-la-une\/les-voyageurs-dete-en-europe-confrontes-a-une-crise-sans-precedent-du-controle-aerien\/\"},\"author\":{\"name\":\"Camille Rouvray\",\"@id\":\"https:\/\/voyage-aventure.com\/blog\/#\/schema\/person\/3c864cdc320801e3db34b663e7e3f816\"},\"headline\":\"Les voyageurs d&rsquo;\u00e9t\u00e9 en Europe confront\u00e9s \u00e0 une crise sans pr\u00e9c\u00e9dent du contr\u00f4le a\u00e9rien\",\"datePublished\":\"2025-03-31T14:11:00+00:00\",\"mainEntityOfPage\":{\"@id\":\"https:\/\/voyage-aventure.com\/blog\/a-la-une\/les-voyageurs-dete-en-europe-confrontes-a-une-crise-sans-precedent-du-controle-aerien\/\"},\"wordCount\":640,\"commentCount\":24,\"publisher\":{\"@id\":\"https:\/\/voyage-aventure.com\/blog\/#organization\"},\"image\":{\"@id\":\"https:\/\/voyage-aventure.com\/blog\/a-la-une\/les-voyageurs-dete-en-europe-confrontes-a-une-crise-sans-precedent-du-controle-aerien\/#primaryimage\"},\"thumbnailUrl\":\"https:\/\/voyage-aventure.com\/blog\/wp-content\/uploads\/2025\/04\/sdxl-f498a6566e27ffafc2ecdf886352eb5f.png\",\"keywords\":[\"Assistance\",\"Conditions M\u00e9t\u00e9orologiques\",\"Destinations\",\"S\u00e9curit\u00e9\",\"Voyage\"],\"articleSection\":[\"\u00c0 la une\"],\"inLanguage\":\"fr-FR\",\"potentialAction\":[{\"@type\":\"CommentAction\",\"name\":\"Comment\",\"target\":[\"https:\/\/voyage-aventure.com\/blog\/a-la-une\/les-voyageurs-dete-en-europe-confrontes-a-une-crise-sans-precedent-du-controle-aerien\/#respond\"]}]},{\"@type\":\"WebPage\",\"@id\":\"https:\/\/voyage-aventure.com\/blog\/a-la-une\/les-voyageurs-dete-en-europe-confrontes-a-une-crise-sans-precedent-du-controle-aerien\/\",\"url\":\"https:\/\/voyage-aventure.com\/blog\/a-la-une\/les-voyageurs-dete-en-europe-confrontes-a-une-crise-sans-precedent-du-controle-aerien\/\",\"name\":\"Les voyageurs d'\u00e9t\u00e9 en Europe confront\u00e9s \u00e0 une crise sans\",\"isPartOf\":{\"@id\":\"https:\/\/voyage-aventure.com\/blog\/#website\"},\"primaryImageOfPage\":{\"@id\":\"https:\/\/voyage-aventure.com\/blog\/a-la-une\/les-voyageurs-dete-en-europe-confrontes-a-une-crise-sans-precedent-du-controle-aerien\/#primaryimage\"},\"image\":{\"@id\":\"https:\/\/voyage-aventure.com\/blog\/a-la-une\/les-voyageurs-dete-en-europe-confrontes-a-une-crise-sans-precedent-du-controle-aerien\/#primaryimage\"},\"thumbnailUrl\":\"https:\/\/voyage-aventure.com\/blog\/wp-content\/uploads\/2025\/04\/sdxl-f498a6566e27ffafc2ecdf886352eb5f.png\",\"datePublished\":\"2025-03-31T14:11:00+00:00\",\"description\":\"Des retards sans pr\u00e9c\u00e9dent pour les voyageurs d'\u00e9t\u00e9 En effet, avec 30 millions de passagers britanniques pr\u00e9vus entre juin et ao\u00fbt, les retards de\",\"inLanguage\":\"fr-FR\",\"potentialAction\":[{\"@type\":\"ReadAction\",\"target\":[\"https:\/\/voyage-aventure.com\/blog\/a-la-une\/les-voyageurs-dete-en-europe-confrontes-a-une-crise-sans-precedent-du-controle-aerien\/\"]}]},{\"@type\":\"ImageObject\",\"inLanguage\":\"fr-FR\",\"@id\":\"https:\/\/voyage-aventure.com\/blog\/a-la-une\/les-voyageurs-dete-en-europe-confrontes-a-une-crise-sans-precedent-du-controle-aerien\/#primaryimage\",\"url\":\"https:\/\/voyage-aventure.com\/blog\/wp-content\/uploads\/2025\/04\/sdxl-f498a6566e27ffafc2ecdf886352eb5f.png\",\"contentUrl\":\"https:\/\/voyage-aventure.com\/blog\/wp-content\/uploads\/2025\/04\/sdxl-f498a6566e27ffafc2ecdf886352eb5f.png\",\"width\":1536,\"height\":640},{\"@type\":\"WebSite\",\"@id\":\"https:\/\/voyage-aventure.com\/blog\/#website\",\"url\":\"https:\/\/voyage-aventure.com\/blog\/\",\"name\":\"voyage-aventure.com\",\"description\":\"Votre passeport pour l\u2019inattendu.\",\"publisher\":{\"@id\":\"https:\/\/voyage-aventure.com\/blog\/#organization\"},\"alternateName\":\"Votre passeport pour l\u2019inattendu.\",\"potentialAction\":[{\"@type\":\"SearchAction\",\"target\":{\"@type\":\"EntryPoint\",\"urlTemplate\":\"https:\/\/voyage-aventure.com\/blog\/?s={search_term_string}\"},\"query-input\":{\"@type\":\"PropertyValueSpecification\",\"valueRequired\":true,\"valueName\":\"search_term_string\"}}],\"inLanguage\":\"fr-FR\"},{\"@type\":\"Organization\",\"@id\":\"https:\/\/voyage-aventure.com\/blog\/#organization\",\"name\":\"Foretsensations.fr\",\"url\":\"https:\/\/voyage-aventure.com\/blog\/\",\"logo\":{\"@type\":\"ImageObject\",\"inLanguage\":\"fr-FR\",\"@id\":\"https:\/\/voyage-aventure.com\/blog\/#\/schema\/logo\/image\/\",\"url\":\"https:\/\/voyage-aventure.com\/blog\/wp-content\/uploads\/2024\/12\/19.png\",\"contentUrl\":\"https:\/\/voyage-aventure.com\/blog\/wp-content\/uploads\/2024\/12\/19.png\",\"width\":512,\"height\":512,\"caption\":\"Foretsensations.fr\"},\"image\":{\"@id\":\"https:\/\/voyage-aventure.com\/blog\/#\/schema\/logo\/image\/\"}},{\"@type\":\"Person\",\"@id\":\"https:\/\/voyage-aventure.com\/blog\/#\/schema\/person\/3c864cdc320801e3db34b663e7e3f816\",\"name\":\"Camille Rouvray\",\"image\":{\"@type\":\"ImageObject\",\"inLanguage\":\"fr-FR\",\"@id\":\"https:\/\/voyage-aventure.com\/blog\/#\/schema\/person\/image\/\",\"url\":\"https:\/\/voyage-aventure.com\/blog\/wp-content\/uploads\/2026\/06\/persona_camille-r-96x96.jpg\",\"contentUrl\":\"https:\/\/voyage-aventure.com\/blog\/wp-content\/uploads\/2026\/06\/persona_camille-r-96x96.jpg\",\"caption\":\"Camille Rouvray\"},\"description\":\"Je voyage et j'\u00e9cris sur le voyage depuis une douzaine d'ann\u00e9es, d'abord en tant que routarde au long cours, puis comme r\u00e9dactrice sp\u00e9cialis\u00e9e. Mon terrain de pr\u00e9dilection, ce sont les circuits organis\u00e9s et l'art de bien pr\u00e9parer un itin\u00e9raire : choix de la saison, dur\u00e9e r\u00e9aliste des \u00e9tapes, budget jour par jour, logement et transport sur place. J'aime aussi raconter les p\u00e9pites urbaines, ces adresses qu'on ne trouve pas dans les guides classiques. Avant de publier un dossier destination, je croise toujours plusieurs sources, je v\u00e9rifie les tarifs et les formalit\u00e9s d'entr\u00e9e \u00e0 jour, et je teste moi-m\u00eame quand je le peux. Mon angle reste pratique avant tout : aider le lecteur \u00e0 partir l'esprit tranquille, sans mauvaise surprise une fois sur place. Je m'attache \u00e0 distinguer le coup de c\u0153ur sinc\u00e8re du simple argument marketing.\",\"sameAs\":[\"https:\/\/camillerouvray.fr\/\"],\"url\":\"https:\/\/voyage-aventure.com\/blog\/auteur\/noname\/\"}]}<\/script>\n<!-- \/ Yoast SEO Premium plugin. -->","yoast_head_json":{"title":"Les voyageurs d'\u00e9t\u00e9 en Europe confront\u00e9s \u00e0 une crise sans","description":"Des retards sans pr\u00e9c\u00e9dent pour les voyageurs d'\u00e9t\u00e9 En effet, avec 30 millions de passagers britanniques pr\u00e9vus entre juin et ao\u00fbt, les retards de","robots":{"index":"index","follow":"follow","max-snippet":"max-snippet:-1","max-image-preview":"max-image-preview:large","max-video-preview":"max-video-preview:-1"},"canonical":"https:\/\/voyage-aventure.com\/blog\/a-la-une\/les-voyageurs-dete-en-europe-confrontes-a-une-crise-sans-precedent-du-controle-aerien\/","og_locale":"fr_FR","og_type":"article","og_title":"Les voyageurs d'\u00e9t\u00e9 en Europe confront\u00e9s \u00e0 une crise sans","og_description":"Des retards sans pr\u00e9c\u00e9dent pour les voyageurs d'\u00e9t\u00e9 En effet, avec 30 millions de passagers britanniques pr\u00e9vus entre juin et ao\u00fbt, les retards de","og_url":"https:\/\/voyage-aventure.com\/blog\/a-la-une\/les-voyageurs-dete-en-europe-confrontes-a-une-crise-sans-precedent-du-controle-aerien\/","og_site_name":"voyage-aventure","og_image":[{"width":1536,"height":640,"url":"https:\/\/voyage-aventure.com\/blog\/wp-content\/uploads\/2025\/04\/sdxl-f498a6566e27ffafc2ecdf886352eb5f.png","type":"image\/png"}],"author":"Camille Rouvray","twitter_card":"summary_large_image","schema":{"@context":"https:\/\/schema.org","@graph":[{"@type":"NewsArticle","@id":"https:\/\/voyage-aventure.com\/blog\/a-la-une\/les-voyageurs-dete-en-europe-confrontes-a-une-crise-sans-precedent-du-controle-aerien\/#article","isPartOf":{"@id":"https:\/\/voyage-aventure.com\/blog\/a-la-une\/les-voyageurs-dete-en-europe-confrontes-a-une-crise-sans-precedent-du-controle-aerien\/"},"author":{"name":"Camille Rouvray","@id":"https:\/\/voyage-aventure.com\/blog\/#\/schema\/person\/3c864cdc320801e3db34b663e7e3f816"},"headline":"Les voyageurs d&rsquo;\u00e9t\u00e9 en Europe confront\u00e9s \u00e0 une crise sans pr\u00e9c\u00e9dent du contr\u00f4le a\u00e9rien","datePublished":"2025-03-31T14:11:00+00:00","mainEntityOfPage":{"@id":"https:\/\/voyage-aventure.com\/blog\/a-la-une\/les-voyageurs-dete-en-europe-confrontes-a-une-crise-sans-precedent-du-controle-aerien\/"},"wordCount":640,"commentCount":24,"publisher":{"@id":"https:\/\/voyage-aventure.com\/blog\/#organization"},"image":{"@id":"https:\/\/voyage-aventure.com\/blog\/a-la-une\/les-voyageurs-dete-en-europe-confrontes-a-une-crise-sans-precedent-du-controle-aerien\/#primaryimage"},"thumbnailUrl":"https:\/\/voyage-aventure.com\/blog\/wp-content\/uploads\/2025\/04\/sdxl-f498a6566e27ffafc2ecdf886352eb5f.png","keywords":["Assistance","Conditions M\u00e9t\u00e9orologiques","Destinations","S\u00e9curit\u00e9","Voyage"],"articleSection":["\u00c0 la une"],"inLanguage":"fr-FR","potentialAction":[{"@type":"CommentAction","name":"Comment","target":["https:\/\/voyage-aventure.com\/blog\/a-la-une\/les-voyageurs-dete-en-europe-confrontes-a-une-crise-sans-precedent-du-controle-aerien\/#respond"]}]},{"@type":"WebPage","@id":"https:\/\/voyage-aventure.com\/blog\/a-la-une\/les-voyageurs-dete-en-europe-confrontes-a-une-crise-sans-precedent-du-controle-aerien\/","url":"https:\/\/voyage-aventure.com\/blog\/a-la-une\/les-voyageurs-dete-en-europe-confrontes-a-une-crise-sans-precedent-du-controle-aerien\/","name":"Les voyageurs d'\u00e9t\u00e9 en Europe confront\u00e9s \u00e0 une crise sans","isPartOf":{"@id":"https:\/\/voyage-aventure.com\/blog\/#website"},"primaryImageOfPage":{"@id":"https:\/\/voyage-aventure.com\/blog\/a-la-une\/les-voyageurs-dete-en-europe-confrontes-a-une-crise-sans-precedent-du-controle-aerien\/#primaryimage"},"image":{"@id":"https:\/\/voyage-aventure.com\/blog\/a-la-une\/les-voyageurs-dete-en-europe-confrontes-a-une-crise-sans-precedent-du-controle-aerien\/#primaryimage"},"thumbnailUrl":"https:\/\/voyage-aventure.com\/blog\/wp-content\/uploads\/2025\/04\/sdxl-f498a6566e27ffafc2ecdf886352eb5f.png","datePublished":"2025-03-31T14:11:00+00:00","description":"Des retards sans pr\u00e9c\u00e9dent pour les voyageurs d'\u00e9t\u00e9 En effet, avec 30 millions de passagers britanniques pr\u00e9vus entre juin et ao\u00fbt, les retards de","inLanguage":"fr-FR","potentialAction":[{"@type":"ReadAction","target":["https:\/\/voyage-aventure.com\/blog\/a-la-une\/les-voyageurs-dete-en-europe-confrontes-a-une-crise-sans-precedent-du-controle-aerien\/"]}]},{"@type":"ImageObject","inLanguage":"fr-FR","@id":"https:\/\/voyage-aventure.com\/blog\/a-la-une\/les-voyageurs-dete-en-europe-confrontes-a-une-crise-sans-precedent-du-controle-aerien\/#primaryimage","url":"https:\/\/voyage-aventure.com\/blog\/wp-content\/uploads\/2025\/04\/sdxl-f498a6566e27ffafc2ecdf886352eb5f.png","contentUrl":"https:\/\/voyage-aventure.com\/blog\/wp-content\/uploads\/2025\/04\/sdxl-f498a6566e27ffafc2ecdf886352eb5f.png","width":1536,"height":640},{"@type":"WebSite","@id":"https:\/\/voyage-aventure.com\/blog\/#website","url":"https:\/\/voyage-aventure.com\/blog\/","name":"voyage-aventure.com","description":"Votre passeport pour l\u2019inattendu.","publisher":{"@id":"https:\/\/voyage-aventure.com\/blog\/#organization"},"alternateName":"Votre passeport pour l\u2019inattendu.","potentialAction":[{"@type":"SearchAction","target":{"@type":"EntryPoint","urlTemplate":"https:\/\/voyage-aventure.com\/blog\/?s={search_term_string}"},"query-input":{"@type":"PropertyValueSpecification","valueRequired":true,"valueName":"search_term_string"}}],"inLanguage":"fr-FR"},{"@type":"Organization","@id":"https:\/\/voyage-aventure.com\/blog\/#organization","name":"Foretsensations.fr","url":"https:\/\/voyage-aventure.com\/blog\/","logo":{"@type":"ImageObject","inLanguage":"fr-FR","@id":"https:\/\/voyage-aventure.com\/blog\/#\/schema\/logo\/image\/","url":"https:\/\/voyage-aventure.com\/blog\/wp-content\/uploads\/2024\/12\/19.png","contentUrl":"https:\/\/voyage-aventure.com\/blog\/wp-content\/uploads\/2024\/12\/19.png","width":512,"height":512,"caption":"Foretsensations.fr"},"image":{"@id":"https:\/\/voyage-aventure.com\/blog\/#\/schema\/logo\/image\/"}},{"@type":"Person","@id":"https:\/\/voyage-aventure.com\/blog\/#\/schema\/person\/3c864cdc320801e3db34b663e7e3f816","name":"Camille Rouvray","image":{"@type":"ImageObject","inLanguage":"fr-FR","@id":"https:\/\/voyage-aventure.com\/blog\/#\/schema\/person\/image\/","url":"https:\/\/voyage-aventure.com\/blog\/wp-content\/uploads\/2026\/06\/persona_camille-r-96x96.jpg","contentUrl":"https:\/\/voyage-aventure.com\/blog\/wp-content\/uploads\/2026\/06\/persona_camille-r-96x96.jpg","caption":"Camille Rouvray"},"description":"Je voyage et j'\u00e9cris sur le voyage depuis une douzaine d'ann\u00e9es, d'abord en tant que routarde au long cours, puis comme r\u00e9dactrice sp\u00e9cialis\u00e9e. Mon terrain de pr\u00e9dilection, ce sont les circuits organis\u00e9s et l'art de bien pr\u00e9parer un itin\u00e9raire : choix de la saison, dur\u00e9e r\u00e9aliste des \u00e9tapes, budget jour par jour, logement et transport sur place. J'aime aussi raconter les p\u00e9pites urbaines, ces adresses qu'on ne trouve pas dans les guides classiques. Avant de publier un dossier destination, je croise toujours plusieurs sources, je v\u00e9rifie les tarifs et les formalit\u00e9s d'entr\u00e9e \u00e0 jour, et je teste moi-m\u00eame quand je le peux. Mon angle reste pratique avant tout : aider le lecteur \u00e0 partir l'esprit tranquille, sans mauvaise surprise une fois sur place. Je m'attache \u00e0 distinguer le coup de c\u0153ur sinc\u00e8re du simple argument marketing.","sameAs":["https:\/\/camillerouvray.fr\/"],"url":"https:\/\/voyage-aventure.com\/blog\/auteur\/noname\/"}]}},"_links":{"self":[{"href":"https:\/\/voyage-aventure.com\/blog\/wp-json\/wp\/v2\/posts\/17041","targetHints":{"allow":["GET"]}}],"collection":[{"href":"https:\/\/voyage-aventure.com\/blog\/wp-json\/wp\/v2\/posts"}],"about":[{"href":"https:\/\/voyage-aventure.com\/blog\/wp-json\/wp\/v2\/types\/post"}],"author":[{"embeddable":true,"href":"https:\/\/voyage-aventure.com\/blog\/wp-json\/wp\/v2\/users\/34"}],"replies":[{"embeddable":true,"href":"https:\/\/voyage-aventure.com\/blog\/wp-json\/wp\/v2\/comments?post=17041"}],"version-history":[{"count":1,"href":"https:\/\/voyage-aventure.com\/blog\/wp-json\/wp\/v2\/posts\/17041\/revisions"}],"predecessor-version":[{"id":17082,"href":"https:\/\/voyage-aventure.com\/blog\/wp-json\/wp\/v2\/posts\/17041\/revisions\/17082"}],"wp:featuredmedia":[{"embeddable":true,"href":"https:\/\/voyage-aventure.com\/blog\/wp-json\/wp\/v2\/media\/18005"}],"wp:attachment":[{"href":"https:\/\/voyage-aventure.com\/blog\/wp-json\/wp\/v2\/media?parent=17041"}],"wp:term":[{"taxonomy":"category","embeddable":true,"href":"https:\/\/voyage-aventure.com\/blog\/wp-json\/wp\/v2\/categories?post=17041"},{"taxonomy":"post_tag","embeddable":true,"href":"https:\/\/voyage-aventure.com\/blog\/wp-json\/wp\/v2\/tags?post=17041"}],"curies":[{"name":"wp","href":"https:\/\/api.w.org\/{rel}","templated":true}]}}