{"id":17040,"date":"2026-06-16T17:47:39","date_gmt":"2026-06-16T15:47:39","guid":{"rendered":"https:\/\/voyage-aventure.com\/blog\/?p=17040"},"modified":"2026-06-16T17:47:39","modified_gmt":"2026-06-16T15:47:39","slug":"travelperk-change-de-visage-une-nouvelle-identite-pour-le-voyage-daffaires","status":"publish","type":"post","link":"https:\/\/voyage-aventure.com\/blog\/a-la-une\/travelperk-change-de-visage-une-nouvelle-identite-pour-le-voyage-daffaires\/","title":{"rendered":"TravelPerk change de visage : une nouvelle identit\u00e9 pour le voyage d&rsquo;affaires"},"content":{"rendered":"<style>\n@import url('https:\/\/fonts.googleapis.com\/css2?family=Newsreader:ital,opsz,wght@0,6..72,500;0,6..72,600;0,6..72,700;1,6..72,500;1,6..72,600&family=Inter:wght@400;500;600&family=JetBrains+Mono:wght@500&display=swap');\n.va-actunews-wrap{font-family:'Inter',system-ui,sans-serif;color:#1b2330;line-height:1.65;font-size:17px;--va-ink:#16203a;--va-accent:#0f9d63;--va-accent-d:#0a7a4c;--va-surf:#f3faf6;--va-line:#e3e9ef}\n.va-actunews-wrap h2{font-family:'Newsreader',Georgia,serif;font-weight:700;color:var(--va-ink);font-size:clamp(24px,3.2vw,34px);line-height:1.2;letter-spacing:-.01em;margin:2.2em 0 .5em}\n.va-actunews-wrap p{margin:0 0 1.15em}\n.va-actunews-dateline{font-family:'JetBrains Mono',monospace;font-weight:500;font-size:12.5px;letter-spacing:.12em;text-transform:uppercase;color:var(--va-accent-d);margin:0 0 14px}\n.va-actunews-chapo{font-family:'Newsreader',Georgia,serif;font-size:clamp(19px,2.3vw,22px);font-weight:500;line-height:1.5;color:#283449;border-left:5px solid var(--va-accent);background:var(--va-surf);padding:18px 22px;border-radius:0 10px 10px 0;margin:0 0 30px}\n.va-actunews-ess{border:1px solid var(--va-line);border-top:3px solid var(--va-accent);border-radius:12px;padding:22px 24px;margin:0 0 34px;background:#fff;box-shadow:0 1px 2px rgba(16,24,40,.05),0 12px 28px -16px rgba(16,24,40,.18)}\n.va-actunews-ess .va-actunews-h{font-family:'JetBrains Mono',monospace;font-weight:500;font-size:12px;letter-spacing:.16em;text-transform:uppercase;color:var(--va-accent-d);margin:0 0 14px}\n.va-actunews-ess ul{margin:0;padding:0;list-style:none}\n.va-actunews-ess li{display:flex;gap:12px;padding:9px 0;border-bottom:1px solid var(--va-line);font-size:16px}\n.va-actunews-ess li:last-child{border-bottom:0}\n.va-actunews-ess li b{font-family:'Newsreader',serif;color:var(--va-ink);min-width:96px;font-weight:600}\n.va-actunews-quote{font-family:'Newsreader',Georgia,serif;font-style:italic;font-weight:500;font-size:clamp(21px,2.6vw,26px);line-height:1.4;color:var(--va-ink);border-left:5px solid var(--va-accent);padding:6px 0 6px 26px;margin:34px 0}\n.va-actunews-quote cite{display:block;font-family:'Inter',sans-serif;font-style:normal;font-size:14px;font-weight:600;color:var(--va-accent-d);margin-top:12px;letter-spacing:.02em}\n.va-actunews-grid{display:grid;grid-template-columns:repeat(auto-fit,minmax(220px,1fr));gap:16px;margin:30px 0}\n.va-actunews-card{border:1px solid var(--va-line);border-top:3px solid var(--va-accent);border-radius:12px;padding:18px 20px;background:#fff;transition:.25s ease;box-shadow:0 1px 2px rgba(16,24,40,.05)}\n.va-actunews-card:hover{transform:translateY(-3px);box-shadow:0 1px 2px rgba(16,24,40,.05),0 14px 30px -16px rgba(16,24,40,.22)}\n.va-actunews-card .va-actunews-k{font-family:'JetBrains Mono',monospace;font-size:11.5px;letter-spacing:.12em;text-transform:uppercase;color:var(--va-accent-d);font-weight:500;display:block;margin-bottom:8px}\n.va-actunews-card .va-actunews-t{font-family:'Newsreader',serif;font-weight:600;font-size:18px;color:var(--va-ink);line-height:1.35}\n.va-actunews-wrap a{color:var(--va-accent-d);text-decoration:underline;text-underline-offset:2px}\n.va-actunews-faq{margin:34px 0 8px}\n.va-actunews-faq details{border:1px solid var(--va-line);border-radius:10px;padding:2px 18px;margin-bottom:12px;background:#fff;transition:.25s ease}\n.va-actunews-faq details:hover{border-color:var(--va-accent)}\n.va-actunews-faq summary{font-family:'Newsreader',serif;font-weight:600;font-size:18px;color:var(--va-ink);cursor:pointer;padding:14px 0;list-style:none}\n.va-actunews-faq summary::-webkit-details-marker{display:none}\n.va-actunews-faq summary::before{content:\"+\";color:var(--va-accent-d);font-family:'JetBrains Mono',monospace;margin-right:12px;font-weight:600}\n.va-actunews-faq details[open] summary::before{content:\"\u2013\"}\n.va-actunews-faq p{margin:0 0 14px;font-size:16px}\n<\/style>\n<div class=\"va-actunews-wrap\">\n<p class=\"va-actunews-dateline\">Voyage d&rsquo;affaires \u00b7 31 mars 2025<\/p>\n<p class=\"va-actunews-chapo\">Pour ses 10 ans, TravelPerk d\u00e9voile une refonte audacieuse de son image de marque, sign\u00e9e avec l&rsquo;agence mondiale Wolff Olins. Exit le bleu corporatif : la plateforme de gestion des voyages et des d\u00e9penses adopte une palette vibrante centr\u00e9e sur le \u00ab Perk Green \u00bb et assume son statut de perturbateur du voyage d&rsquo;affaires.<\/p>\n<div class=\"va-actunews-ess\">\n<div class=\"va-actunews-h\">L&rsquo;essentiel<\/div>\n<ul>\n<li><b>Quoi<\/b><span>Nouvelle identit\u00e9 visuelle : palette de couleurs vibrantes et \u00ab Perk Green \u00bb en remplacement du bleu corporatif traditionnel.<\/span><\/li>\n<li><b>Qui \/ quand<\/b><span>TravelPerk, avec l&rsquo;agence Wolff Olins, \u00e0 l&rsquo;occasion de son 10\u00e8me anniversaire ; d\u00e9ploiement \u00e0 partir du 31 mars 2025.<\/span><\/li>\n<li><b>Pourquoi<\/b><span>Soutenir une croissance rapide et incarner le passage du \u00ab voyage d&rsquo;affaires \u00bb au \u00ab voyage pour le travail \u00bb.<\/span><\/li>\n<\/ul>\n<\/div>\n<h2>Une nouvelle \u00e8re pour TravelPerk<\/h2>\n<p>TravelPerk, la soci\u00e9t\u00e9 innovante dans le domaine de la gestion des voyages et des d\u00e9penses, c\u00e9l\u00e8bre son 10\u00e8me anniversaire avec une refonte audacieuse de son image de marque. Cette initiative vise \u00e0 soutenir sa croissance rapide tout en soulignant son ambition d&rsquo;\u00e9voluer dans un secteur en constante mutation. En collaborant avec l&rsquo;agence de renomm\u00e9e mondiale Wolff Olins, TravelPerk affirme son statut de perturbateur dans l&rsquo;univers du voyage d&rsquo;affaires.<\/p>\n<p>La nouvelle identit\u00e9 visuelle, marqu\u00e9e par une palette de couleurs vibrantes, abandonne le bleu corporatif traditionnel qui caract\u00e9rise souvent le secteur. Avec un accent particulier sur le \u00ab Perk Green \u00bb, cette \u00e9volution symbolise un changement significatif vers une plateforme int\u00e9gr\u00e9e de gestion des voyages et des d\u00e9penses, offrant ainsi une exp\u00e9rience simplifi\u00e9e et intelligente pour les entreprises.<\/p>\n<h2>La vision derri\u00e8re la refonte<\/h2>\n<p>Jada Balster, la vice-pr\u00e9sidente du marketing mondial chez TravelPerk, a dirig\u00e9 cette initiative de rebranding. Selon elle, cette refonte traduit une ambition assum\u00e9e pour la suite.<\/p>\n<blockquote class=\"va-actunews-quote\"><p>Il \u00e9tait temps de cr\u00e9er une marque qui incarne notre vision audacieuse et notre dynamique inarr\u00eatable pour l&rsquo;avenir de la gestion int\u00e9gr\u00e9e des voyages et des d\u00e9penses.<br \/>\n<cite>\u2014 Jada Balster, vice-pr\u00e9sidente du marketing mondial, TravelPerk<\/cite><\/p><\/blockquote>\n<p>Cette citation illustre parfaitement la volont\u00e9 de l&rsquo;entreprise de se distancier des st\u00e9r\u00e9otypes associ\u00e9s aux voyageurs d&rsquo;affaires. Le nouveau visage de TravelPerk n&rsquo;est pas seulement une question d&rsquo;esth\u00e9tique. Il refl\u00e8te \u00e9galement un engagement profond envers ses clients, en cherchant \u00e0 \u00e9tablir une connexion authentique avec tous les acteurs impliqu\u00e9s dans le processus de voyage et de d\u00e9penses. La transition de \u00ab voyage d&rsquo;affaires \u00bb \u00e0 \u00ab voyage pour le travail \u00bb montre la mission \u00e9largie de l&rsquo;entreprise pour r\u00e9pondre aux besoins diversifi\u00e9s de la main-d&rsquo;\u0153uvre moderne.<\/p>\n<h2>Un avenir prometteur<\/h2>\n<p>TravelPerk continue de se d\u00e9velopper, avec un accent particulier sur la conqu\u00eate du march\u00e9 am\u00e9ricain. Au cours de la derni\u00e8re d\u00e9cennie, l&rsquo;entreprise a r\u00e9alis\u00e9 plusieurs acquisitions strat\u00e9giques, notamment ClickTravel, AmTrav et Yokoy, et a r\u00e9cemment annonc\u00e9 un financement de 200 millions de dollars pour sa s\u00e9rie E. Cela d\u00e9montre la volont\u00e9 de l&rsquo;entreprise de renforcer sa position sur le march\u00e9 et de s&rsquo;adapter aux nouvelles r\u00e9alit\u00e9s du voyage professionnel.<\/p>\n<p>La nouvelle identit\u00e9 visuelle sera d\u00e9ploy\u00e9e sur toutes les plateformes de TravelPerk, y compris celles de ses r\u00e9centes acquisitions. Les clients pourront d\u00e9couvrir cette nouvelle image \u00e0 partir du 31 mars 2025, avec un lancement complet sur les canaux num\u00e9riques et une campagne de marketing pr\u00e9vue pour avril.<\/p>\n<div class=\"va-actunews-grid\">\n<div class=\"va-actunews-card\"><span class=\"va-actunews-k\">Identit\u00e9<\/span><\/p>\n<div class=\"va-actunews-t\">Nouvelle palette de couleurs vibrantes<\/div>\n<\/div>\n<div class=\"va-actunews-card\"><span class=\"va-actunews-k\">Produit<\/span><\/p>\n<div class=\"va-actunews-t\">Accent sur une exp\u00e9rience de voyage simplifi\u00e9e<\/div>\n<\/div>\n<div class=\"va-actunews-card\"><span class=\"va-actunews-k\">Positionnement<\/span><\/p>\n<div class=\"va-actunews-t\">Leader dans la gestion des voyages<\/div>\n<\/div>\n<div class=\"va-actunews-card\"><span class=\"va-actunews-k\">Relation<\/span><\/p>\n<div class=\"va-actunews-t\">Engagement envers les clients et les employ\u00e9s<\/div>\n<\/div>\n<div class=\"va-actunews-card\"><span class=\"va-actunews-k\">Croissance<\/span><\/p>\n<div class=\"va-actunews-t\">Strat\u00e9gies d&rsquo;expansion vers le march\u00e9 am\u00e9ricain<\/div>\n<\/div>\n<\/div>\n<p>Claire Stuart, directrice de l&rsquo;engagement chez Wolff Olins, a d\u00e9clar\u00e9 : \u00ab Nous \u00e9tions ravis de collaborer avec TravelPerk pour r\u00e9inventer son identit\u00e9. La cr\u00e9ation d&rsquo;un langage visuel dynamique positionne TravelPerk comme un leader dans le domaine de la gestion des voyages et des d\u00e9penses, tant en Europe qu&rsquo;aux \u00c9tats-Unis. \u00bb Cette collaboration souligne l&rsquo;importance de l&rsquo;innovation dans la perception de la marque.<\/p>\n<p>En somme, la refonte de TravelPerk repr\u00e9sente un tournant d\u00e9cisif dans son parcours. En proposant une approche moderne et humaine du voyage d&rsquo;affaires, l&rsquo;entreprise se pr\u00e9pare \u00e0 fa\u00e7onner l&rsquo;avenir de la gestion des voyages et des d\u00e9penses. Les professionnels du secteur peuvent s&rsquo;attendre \u00e0 des solutions plus intelligentes et efficaces qui r\u00e9pondent aux exigences croissantes d&rsquo;une main-d&rsquo;\u0153uvre diversifi\u00e9e et dynamique. Pour plus d&rsquo;informations, rendez-vous sur le site de TravelPerk : www.travelperk.com.<\/p>\n<div class=\"va-actunews-faq\">\n<details>\n<summary>Quand la nouvelle identit\u00e9 de TravelPerk est-elle d\u00e9ploy\u00e9e ?<\/summary>\n<p>Les clients peuvent d\u00e9couvrir la nouvelle image \u00e0 partir du 31 mars 2025, avec un lancement complet sur les canaux num\u00e9riques et une campagne de marketing pr\u00e9vue pour avril.<\/p>\n<\/details>\n<details>\n<summary>Quelle agence a con\u00e7u le rebranding ?<\/summary>\n<p>L&rsquo;agence de renomm\u00e9e mondiale Wolff Olins, dont la directrice de l&rsquo;engagement, Claire Stuart, a accompagn\u00e9 TravelPerk dans la r\u00e9invention de son identit\u00e9.<\/p>\n<\/details>\n<details>\n<summary>Quelles acquisitions TravelPerk a-t-il r\u00e9alis\u00e9es ?<\/summary>\n<p>Au cours de la derni\u00e8re d\u00e9cennie, l&rsquo;entreprise a notamment rachet\u00e9 ClickTravel, AmTrav et Yokoy, et a annonc\u00e9 un financement de 200 millions de dollars pour sa s\u00e9rie E.<\/p>\n<\/details>\n<\/div>\n<\/div>\n","protected":false},"excerpt":{"rendered":"","protected":false},"author":34,"featured_media":18016,"comment_status":"open","ping_status":"open","sticky":false,"template":"","format":"standard","meta":{"_acf_changed":false,"manual_indexmenow":false,"indexmenow_id_project":0,"footnotes":""},"categories":[1],"tags":[4672,6011,3145,5008,5405],"class_list":["post-17040","post","type-post","status-publish","format-standard","has-post-thumbnail","hentry","category-a-la-une","tag-experiences","tag-gestion-des-voyages","tag-innovation","tag-tourisme","tag-voyage-daffaires","generate-columns","tablet-grid-50","mobile-grid-100","grid-parent","grid-25"],"acf":[],"yoast_head":"<!-- This site is optimized with the Yoast SEO Premium plugin v21.3 (Yoast SEO v25.1) - https:\/\/yoast.com\/wordpress\/plugins\/seo\/ -->\n<title>TravelPerk change de visage : une nouvelle identit\u00e9 pour le<\/title>\n<meta name=\"description\" content=\"Pour ses 10 ans, TravelPerk d\u00e9voile une refonte audacieuse de son image de marque, sign\u00e9e avec l&#039;agence mondiale Wolff Olins. Exit le bleu corporatif : la\" \/>\n<meta name=\"robots\" content=\"index, follow, max-snippet:-1, max-image-preview:large, max-video-preview:-1\" \/>\n<link rel=\"canonical\" href=\"https:\/\/voyage-aventure.com\/blog\/a-la-une\/travelperk-change-de-visage-une-nouvelle-identite-pour-le-voyage-daffaires\/\" \/>\n<meta property=\"og:locale\" content=\"fr_FR\" \/>\n<meta property=\"og:type\" content=\"article\" \/>\n<meta property=\"og:title\" content=\"TravelPerk change de visage : une nouvelle identit\u00e9 pour le\" \/>\n<meta property=\"og:description\" content=\"Pour ses 10 ans, TravelPerk d\u00e9voile une refonte audacieuse de son image de marque, sign\u00e9e avec l&#039;agence mondiale Wolff Olins. Exit le bleu corporatif : la\" \/>\n<meta property=\"og:url\" content=\"https:\/\/voyage-aventure.com\/blog\/a-la-une\/travelperk-change-de-visage-une-nouvelle-identite-pour-le-voyage-daffaires\/\" \/>\n<meta property=\"og:site_name\" content=\"voyage-aventure\" \/>\n<meta property=\"og:image\" content=\"https:\/\/voyage-aventure.com\/blog\/wp-content\/uploads\/2025\/04\/sdxl-af672af0b872454474683152ab284efd.png\" \/>\n\t<meta property=\"og:image:width\" content=\"1536\" \/>\n\t<meta property=\"og:image:height\" content=\"640\" \/>\n\t<meta property=\"og:image:type\" content=\"image\/png\" \/>\n<meta name=\"author\" content=\"Camille Rouvray\" \/>\n<meta name=\"twitter:card\" content=\"summary_large_image\" \/>\n<script type=\"application\/ld+json\" class=\"yoast-schema-graph\">{\"@context\":\"https:\/\/schema.org\",\"@graph\":[{\"@type\":\"NewsArticle\",\"@id\":\"https:\/\/voyage-aventure.com\/blog\/a-la-une\/travelperk-change-de-visage-une-nouvelle-identite-pour-le-voyage-daffaires\/#article\",\"isPartOf\":{\"@id\":\"https:\/\/voyage-aventure.com\/blog\/a-la-une\/travelperk-change-de-visage-une-nouvelle-identite-pour-le-voyage-daffaires\/\"},\"author\":{\"name\":\"Camille Rouvray\",\"@id\":\"https:\/\/voyage-aventure.com\/blog\/#\/schema\/person\/3c864cdc320801e3db34b663e7e3f816\"},\"headline\":\"TravelPerk change de visage : une nouvelle identit\u00e9 pour le voyage d&rsquo;affaires\",\"datePublished\":\"2026-06-16T15:47:39+00:00\",\"mainEntityOfPage\":{\"@id\":\"https:\/\/voyage-aventure.com\/blog\/a-la-une\/travelperk-change-de-visage-une-nouvelle-identite-pour-le-voyage-daffaires\/\"},\"wordCount\":885,\"commentCount\":14,\"publisher\":{\"@id\":\"https:\/\/voyage-aventure.com\/blog\/#organization\"},\"image\":{\"@id\":\"https:\/\/voyage-aventure.com\/blog\/a-la-une\/travelperk-change-de-visage-une-nouvelle-identite-pour-le-voyage-daffaires\/#primaryimage\"},\"thumbnailUrl\":\"https:\/\/voyage-aventure.com\/blog\/wp-content\/uploads\/2025\/04\/sdxl-af672af0b872454474683152ab284efd.png\",\"keywords\":[\"Exp\u00e9riences\",\"Gestion des voyages\",\"Innovation\",\"Tourisme\",\"Voyage d'Affaires\"],\"articleSection\":[\"\u00c0 la une\"],\"inLanguage\":\"fr-FR\",\"potentialAction\":[{\"@type\":\"CommentAction\",\"name\":\"Comment\",\"target\":[\"https:\/\/voyage-aventure.com\/blog\/a-la-une\/travelperk-change-de-visage-une-nouvelle-identite-pour-le-voyage-daffaires\/#respond\"]}]},{\"@type\":\"WebPage\",\"@id\":\"https:\/\/voyage-aventure.com\/blog\/a-la-une\/travelperk-change-de-visage-une-nouvelle-identite-pour-le-voyage-daffaires\/\",\"url\":\"https:\/\/voyage-aventure.com\/blog\/a-la-une\/travelperk-change-de-visage-une-nouvelle-identite-pour-le-voyage-daffaires\/\",\"name\":\"TravelPerk change de visage : une nouvelle identit\u00e9 pour le\",\"isPartOf\":{\"@id\":\"https:\/\/voyage-aventure.com\/blog\/#website\"},\"primaryImageOfPage\":{\"@id\":\"https:\/\/voyage-aventure.com\/blog\/a-la-une\/travelperk-change-de-visage-une-nouvelle-identite-pour-le-voyage-daffaires\/#primaryimage\"},\"image\":{\"@id\":\"https:\/\/voyage-aventure.com\/blog\/a-la-une\/travelperk-change-de-visage-une-nouvelle-identite-pour-le-voyage-daffaires\/#primaryimage\"},\"thumbnailUrl\":\"https:\/\/voyage-aventure.com\/blog\/wp-content\/uploads\/2025\/04\/sdxl-af672af0b872454474683152ab284efd.png\",\"datePublished\":\"2026-06-16T15:47:39+00:00\",\"description\":\"Pour ses 10 ans, TravelPerk d\u00e9voile une refonte audacieuse de son image de marque, sign\u00e9e avec l'agence mondiale Wolff Olins. Exit le bleu corporatif : la\",\"inLanguage\":\"fr-FR\",\"potentialAction\":[{\"@type\":\"ReadAction\",\"target\":[\"https:\/\/voyage-aventure.com\/blog\/a-la-une\/travelperk-change-de-visage-une-nouvelle-identite-pour-le-voyage-daffaires\/\"]}]},{\"@type\":\"ImageObject\",\"inLanguage\":\"fr-FR\",\"@id\":\"https:\/\/voyage-aventure.com\/blog\/a-la-une\/travelperk-change-de-visage-une-nouvelle-identite-pour-le-voyage-daffaires\/#primaryimage\",\"url\":\"https:\/\/voyage-aventure.com\/blog\/wp-content\/uploads\/2025\/04\/sdxl-af672af0b872454474683152ab284efd.png\",\"contentUrl\":\"https:\/\/voyage-aventure.com\/blog\/wp-content\/uploads\/2025\/04\/sdxl-af672af0b872454474683152ab284efd.png\",\"width\":1536,\"height\":640},{\"@type\":\"WebSite\",\"@id\":\"https:\/\/voyage-aventure.com\/blog\/#website\",\"url\":\"https:\/\/voyage-aventure.com\/blog\/\",\"name\":\"voyage-aventure.com\",\"description\":\"Votre passeport pour l\u2019inattendu.\",\"publisher\":{\"@id\":\"https:\/\/voyage-aventure.com\/blog\/#organization\"},\"alternateName\":\"Votre passeport pour l\u2019inattendu.\",\"potentialAction\":[{\"@type\":\"SearchAction\",\"target\":{\"@type\":\"EntryPoint\",\"urlTemplate\":\"https:\/\/voyage-aventure.com\/blog\/?s={search_term_string}\"},\"query-input\":{\"@type\":\"PropertyValueSpecification\",\"valueRequired\":true,\"valueName\":\"search_term_string\"}}],\"inLanguage\":\"fr-FR\"},{\"@type\":\"Organization\",\"@id\":\"https:\/\/voyage-aventure.com\/blog\/#organization\",\"name\":\"Foretsensations.fr\",\"url\":\"https:\/\/voyage-aventure.com\/blog\/\",\"logo\":{\"@type\":\"ImageObject\",\"inLanguage\":\"fr-FR\",\"@id\":\"https:\/\/voyage-aventure.com\/blog\/#\/schema\/logo\/image\/\",\"url\":\"https:\/\/voyage-aventure.com\/blog\/wp-content\/uploads\/2024\/12\/19.png\",\"contentUrl\":\"https:\/\/voyage-aventure.com\/blog\/wp-content\/uploads\/2024\/12\/19.png\",\"width\":512,\"height\":512,\"caption\":\"Foretsensations.fr\"},\"image\":{\"@id\":\"https:\/\/voyage-aventure.com\/blog\/#\/schema\/logo\/image\/\"}},{\"@type\":\"Person\",\"@id\":\"https:\/\/voyage-aventure.com\/blog\/#\/schema\/person\/3c864cdc320801e3db34b663e7e3f816\",\"name\":\"Camille Rouvray\",\"image\":{\"@type\":\"ImageObject\",\"inLanguage\":\"fr-FR\",\"@id\":\"https:\/\/voyage-aventure.com\/blog\/#\/schema\/person\/image\/\",\"url\":\"https:\/\/voyage-aventure.com\/blog\/wp-content\/uploads\/2026\/06\/persona_camille-r-96x96.jpg\",\"contentUrl\":\"https:\/\/voyage-aventure.com\/blog\/wp-content\/uploads\/2026\/06\/persona_camille-r-96x96.jpg\",\"caption\":\"Camille Rouvray\"},\"description\":\"Je voyage et j'\u00e9cris sur le voyage depuis une douzaine d'ann\u00e9es, d'abord en tant que routarde au long cours, puis comme r\u00e9dactrice sp\u00e9cialis\u00e9e. Mon terrain de pr\u00e9dilection, ce sont les circuits organis\u00e9s et l'art de bien pr\u00e9parer un itin\u00e9raire : choix de la saison, dur\u00e9e r\u00e9aliste des \u00e9tapes, budget jour par jour, logement et transport sur place. J'aime aussi raconter les p\u00e9pites urbaines, ces adresses qu'on ne trouve pas dans les guides classiques. Avant de publier un dossier destination, je croise toujours plusieurs sources, je v\u00e9rifie les tarifs et les formalit\u00e9s d'entr\u00e9e \u00e0 jour, et je teste moi-m\u00eame quand je le peux. Mon angle reste pratique avant tout : aider le lecteur \u00e0 partir l'esprit tranquille, sans mauvaise surprise une fois sur place. Je m'attache \u00e0 distinguer le coup de c\u0153ur sinc\u00e8re du simple argument marketing.\",\"sameAs\":[\"https:\/\/camillerouvray.fr\/\"],\"url\":\"https:\/\/voyage-aventure.com\/blog\/auteur\/noname\/\"}]}<\/script>\n<!-- \/ Yoast SEO Premium plugin. -->","yoast_head_json":{"title":"TravelPerk change de visage : une nouvelle identit\u00e9 pour le","description":"Pour ses 10 ans, TravelPerk d\u00e9voile une refonte audacieuse de son image de marque, sign\u00e9e avec l'agence mondiale Wolff Olins. Exit le bleu corporatif : la","robots":{"index":"index","follow":"follow","max-snippet":"max-snippet:-1","max-image-preview":"max-image-preview:large","max-video-preview":"max-video-preview:-1"},"canonical":"https:\/\/voyage-aventure.com\/blog\/a-la-une\/travelperk-change-de-visage-une-nouvelle-identite-pour-le-voyage-daffaires\/","og_locale":"fr_FR","og_type":"article","og_title":"TravelPerk change de visage : une nouvelle identit\u00e9 pour le","og_description":"Pour ses 10 ans, TravelPerk d\u00e9voile une refonte audacieuse de son image de marque, sign\u00e9e avec l'agence mondiale Wolff Olins. Exit le bleu corporatif : la","og_url":"https:\/\/voyage-aventure.com\/blog\/a-la-une\/travelperk-change-de-visage-une-nouvelle-identite-pour-le-voyage-daffaires\/","og_site_name":"voyage-aventure","og_image":[{"width":1536,"height":640,"url":"https:\/\/voyage-aventure.com\/blog\/wp-content\/uploads\/2025\/04\/sdxl-af672af0b872454474683152ab284efd.png","type":"image\/png"}],"author":"Camille Rouvray","twitter_card":"summary_large_image","schema":{"@context":"https:\/\/schema.org","@graph":[{"@type":"NewsArticle","@id":"https:\/\/voyage-aventure.com\/blog\/a-la-une\/travelperk-change-de-visage-une-nouvelle-identite-pour-le-voyage-daffaires\/#article","isPartOf":{"@id":"https:\/\/voyage-aventure.com\/blog\/a-la-une\/travelperk-change-de-visage-une-nouvelle-identite-pour-le-voyage-daffaires\/"},"author":{"name":"Camille Rouvray","@id":"https:\/\/voyage-aventure.com\/blog\/#\/schema\/person\/3c864cdc320801e3db34b663e7e3f816"},"headline":"TravelPerk change de visage : une nouvelle identit\u00e9 pour le voyage d&rsquo;affaires","datePublished":"2026-06-16T15:47:39+00:00","mainEntityOfPage":{"@id":"https:\/\/voyage-aventure.com\/blog\/a-la-une\/travelperk-change-de-visage-une-nouvelle-identite-pour-le-voyage-daffaires\/"},"wordCount":885,"commentCount":14,"publisher":{"@id":"https:\/\/voyage-aventure.com\/blog\/#organization"},"image":{"@id":"https:\/\/voyage-aventure.com\/blog\/a-la-une\/travelperk-change-de-visage-une-nouvelle-identite-pour-le-voyage-daffaires\/#primaryimage"},"thumbnailUrl":"https:\/\/voyage-aventure.com\/blog\/wp-content\/uploads\/2025\/04\/sdxl-af672af0b872454474683152ab284efd.png","keywords":["Exp\u00e9riences","Gestion des voyages","Innovation","Tourisme","Voyage d'Affaires"],"articleSection":["\u00c0 la une"],"inLanguage":"fr-FR","potentialAction":[{"@type":"CommentAction","name":"Comment","target":["https:\/\/voyage-aventure.com\/blog\/a-la-une\/travelperk-change-de-visage-une-nouvelle-identite-pour-le-voyage-daffaires\/#respond"]}]},{"@type":"WebPage","@id":"https:\/\/voyage-aventure.com\/blog\/a-la-une\/travelperk-change-de-visage-une-nouvelle-identite-pour-le-voyage-daffaires\/","url":"https:\/\/voyage-aventure.com\/blog\/a-la-une\/travelperk-change-de-visage-une-nouvelle-identite-pour-le-voyage-daffaires\/","name":"TravelPerk change de visage : une nouvelle identit\u00e9 pour le","isPartOf":{"@id":"https:\/\/voyage-aventure.com\/blog\/#website"},"primaryImageOfPage":{"@id":"https:\/\/voyage-aventure.com\/blog\/a-la-une\/travelperk-change-de-visage-une-nouvelle-identite-pour-le-voyage-daffaires\/#primaryimage"},"image":{"@id":"https:\/\/voyage-aventure.com\/blog\/a-la-une\/travelperk-change-de-visage-une-nouvelle-identite-pour-le-voyage-daffaires\/#primaryimage"},"thumbnailUrl":"https:\/\/voyage-aventure.com\/blog\/wp-content\/uploads\/2025\/04\/sdxl-af672af0b872454474683152ab284efd.png","datePublished":"2026-06-16T15:47:39+00:00","description":"Pour ses 10 ans, TravelPerk d\u00e9voile une refonte audacieuse de son image de marque, sign\u00e9e avec l'agence mondiale Wolff Olins. Exit le bleu corporatif : la","inLanguage":"fr-FR","potentialAction":[{"@type":"ReadAction","target":["https:\/\/voyage-aventure.com\/blog\/a-la-une\/travelperk-change-de-visage-une-nouvelle-identite-pour-le-voyage-daffaires\/"]}]},{"@type":"ImageObject","inLanguage":"fr-FR","@id":"https:\/\/voyage-aventure.com\/blog\/a-la-une\/travelperk-change-de-visage-une-nouvelle-identite-pour-le-voyage-daffaires\/#primaryimage","url":"https:\/\/voyage-aventure.com\/blog\/wp-content\/uploads\/2025\/04\/sdxl-af672af0b872454474683152ab284efd.png","contentUrl":"https:\/\/voyage-aventure.com\/blog\/wp-content\/uploads\/2025\/04\/sdxl-af672af0b872454474683152ab284efd.png","width":1536,"height":640},{"@type":"WebSite","@id":"https:\/\/voyage-aventure.com\/blog\/#website","url":"https:\/\/voyage-aventure.com\/blog\/","name":"voyage-aventure.com","description":"Votre passeport pour l\u2019inattendu.","publisher":{"@id":"https:\/\/voyage-aventure.com\/blog\/#organization"},"alternateName":"Votre passeport pour l\u2019inattendu.","potentialAction":[{"@type":"SearchAction","target":{"@type":"EntryPoint","urlTemplate":"https:\/\/voyage-aventure.com\/blog\/?s={search_term_string}"},"query-input":{"@type":"PropertyValueSpecification","valueRequired":true,"valueName":"search_term_string"}}],"inLanguage":"fr-FR"},{"@type":"Organization","@id":"https:\/\/voyage-aventure.com\/blog\/#organization","name":"Foretsensations.fr","url":"https:\/\/voyage-aventure.com\/blog\/","logo":{"@type":"ImageObject","inLanguage":"fr-FR","@id":"https:\/\/voyage-aventure.com\/blog\/#\/schema\/logo\/image\/","url":"https:\/\/voyage-aventure.com\/blog\/wp-content\/uploads\/2024\/12\/19.png","contentUrl":"https:\/\/voyage-aventure.com\/blog\/wp-content\/uploads\/2024\/12\/19.png","width":512,"height":512,"caption":"Foretsensations.fr"},"image":{"@id":"https:\/\/voyage-aventure.com\/blog\/#\/schema\/logo\/image\/"}},{"@type":"Person","@id":"https:\/\/voyage-aventure.com\/blog\/#\/schema\/person\/3c864cdc320801e3db34b663e7e3f816","name":"Camille Rouvray","image":{"@type":"ImageObject","inLanguage":"fr-FR","@id":"https:\/\/voyage-aventure.com\/blog\/#\/schema\/person\/image\/","url":"https:\/\/voyage-aventure.com\/blog\/wp-content\/uploads\/2026\/06\/persona_camille-r-96x96.jpg","contentUrl":"https:\/\/voyage-aventure.com\/blog\/wp-content\/uploads\/2026\/06\/persona_camille-r-96x96.jpg","caption":"Camille Rouvray"},"description":"Je voyage et j'\u00e9cris sur le voyage depuis une douzaine d'ann\u00e9es, d'abord en tant que routarde au long cours, puis comme r\u00e9dactrice sp\u00e9cialis\u00e9e. Mon terrain de pr\u00e9dilection, ce sont les circuits organis\u00e9s et l'art de bien pr\u00e9parer un itin\u00e9raire : choix de la saison, dur\u00e9e r\u00e9aliste des \u00e9tapes, budget jour par jour, logement et transport sur place. J'aime aussi raconter les p\u00e9pites urbaines, ces adresses qu'on ne trouve pas dans les guides classiques. Avant de publier un dossier destination, je croise toujours plusieurs sources, je v\u00e9rifie les tarifs et les formalit\u00e9s d'entr\u00e9e \u00e0 jour, et je teste moi-m\u00eame quand je le peux. Mon angle reste pratique avant tout : aider le lecteur \u00e0 partir l'esprit tranquille, sans mauvaise surprise une fois sur place. Je m'attache \u00e0 distinguer le coup de c\u0153ur sinc\u00e8re du simple argument marketing.","sameAs":["https:\/\/camillerouvray.fr\/"],"url":"https:\/\/voyage-aventure.com\/blog\/auteur\/noname\/"}]}},"_links":{"self":[{"href":"https:\/\/voyage-aventure.com\/blog\/wp-json\/wp\/v2\/posts\/17040","targetHints":{"allow":["GET"]}}],"collection":[{"href":"https:\/\/voyage-aventure.com\/blog\/wp-json\/wp\/v2\/posts"}],"about":[{"href":"https:\/\/voyage-aventure.com\/blog\/wp-json\/wp\/v2\/types\/post"}],"author":[{"embeddable":true,"href":"https:\/\/voyage-aventure.com\/blog\/wp-json\/wp\/v2\/users\/34"}],"replies":[{"embeddable":true,"href":"https:\/\/voyage-aventure.com\/blog\/wp-json\/wp\/v2\/comments?post=17040"}],"version-history":[{"count":3,"href":"https:\/\/voyage-aventure.com\/blog\/wp-json\/wp\/v2\/posts\/17040\/revisions"}],"predecessor-version":[{"id":23012,"href":"https:\/\/voyage-aventure.com\/blog\/wp-json\/wp\/v2\/posts\/17040\/revisions\/23012"}],"wp:featuredmedia":[{"embeddable":true,"href":"https:\/\/voyage-aventure.com\/blog\/wp-json\/wp\/v2\/media\/18016"}],"wp:attachment":[{"href":"https:\/\/voyage-aventure.com\/blog\/wp-json\/wp\/v2\/media?parent=17040"}],"wp:term":[{"taxonomy":"category","embeddable":true,"href":"https:\/\/voyage-aventure.com\/blog\/wp-json\/wp\/v2\/categories?post=17040"},{"taxonomy":"post_tag","embeddable":true,"href":"https:\/\/voyage-aventure.com\/blog\/wp-json\/wp\/v2\/tags?post=17040"}],"curies":[{"name":"wp","href":"https:\/\/api.w.org\/{rel}","templated":true}]}}