{"id":17013,"date":"2026-06-16T17:47:07","date_gmt":"2026-06-16T15:47:07","guid":{"rendered":"https:\/\/voyage-aventure.com\/blog\/?p=17013"},"modified":"2026-06-16T17:47:07","modified_gmt":"2026-06-16T15:47:07","slug":"des-depenses-en-baisse-et-un-voyage-reduit-ternissent-lesprit-de-leid-en-indonesie","status":"publish","type":"post","link":"https:\/\/voyage-aventure.com\/blog\/a-la-une\/des-depenses-en-baisse-et-un-voyage-reduit-ternissent-lesprit-de-leid-en-indonesie\/","title":{"rendered":"Des d\u00e9penses en baisse et un voyage r\u00e9duit ternissent l&rsquo;esprit de l&rsquo;Eid en Indon\u00e9sie"},"content":{"rendered":"<link rel=\"stylesheet\" href=\"https:\/\/fonts.googleapis.com\/css2?family=Newsreader:ital,opsz,wght@0,6..72,500;0,6..72,600;0,6..72,700;1,6..72,500;1,6..72,600&#038;family=Inter:wght@400;500;600&#038;family=JetBrains+Mono:wght@500&#038;display=swap\">\n<style>\n.va-eid-wrap{font-family:'Inter',-apple-system,BlinkMacSystemFont,'Segoe UI',sans-serif;color:#1f2a26;line-height:1.7;font-size:17px;max-width:760px;margin:0 auto;}\n.va-eid-wrap h2{font-family:'Newsreader',Georgia,serif;font-weight:700;font-size:clamp(24px,3.2vw,33px);line-height:1.2;letter-spacing:-0.01em;color:#15302a;margin:48px 0 16px;}\n.va-eid-wrap p{margin:0 0 18px;}\n.va-eid-dateline{font-family:'JetBrains Mono',monospace;font-size:12px;font-weight:500;letter-spacing:2px;text-transform:uppercase;color:#a07d2c;margin:0 0 14px;display:flex;align-items:center;gap:10px;flex-wrap:wrap;}\n.va-eid-dateline span{display:inline-block;width:28px;height:2px;background:#a07d2c;}\n.va-eid-chapo{font-family:'Newsreader',Georgia,serif;font-size:21px;line-height:1.5;font-weight:500;color:#26352f;margin:0 0 28px;}\n.va-eid-essentiel{background:#f3f6f2;border-left:5px solid #1d4a3c;border-radius:0 8px 8px 0;padding:24px 26px;margin:30px 0;}\n.va-eid-essentiel .va-eid-kick{font-family:'JetBrains Mono',monospace;font-size:11px;font-weight:500;letter-spacing:2.2px;text-transform:uppercase;color:#1d4a3c;margin-bottom:14px;}\n.va-eid-essrow{display:flex;gap:13px;align-items:flex-start;padding:9px 0;border-top:1px solid #dde6e0;font-size:15.5px;line-height:1.5;color:#27332e;}\n.va-eid-essrow:first-of-type{border-top:none;}\n.va-eid-essrow .va-eid-lab{flex:0 0 86px;font-family:'JetBrains Mono',monospace;font-size:11px;font-weight:500;letter-spacing:1.2px;text-transform:uppercase;color:#a07d2c;padding-top:2px;}\n.va-eid-stats{display:grid;grid-template-columns:repeat(auto-fit,minmax(150px,1fr));background:#15302a;border-radius:8px;overflow:hidden;margin:34px 0;}\n.va-eid-stat{padding:24px 16px;text-align:center;border-right:1px solid #294539;}\n.va-eid-stat:last-child{border-right:none;}\n.va-eid-stat .va-eid-num{font-family:'Newsreader',Georgia,serif;font-size:33px;font-weight:700;color:#fff;letter-spacing:-0.02em;line-height:1;font-feature-settings:'tnum';}\n.va-eid-stat .va-eid-num.acc{color:#d9b15a;}\n.va-eid-stat .va-eid-cap{font-size:11px;text-transform:uppercase;letter-spacing:1.3px;color:#9bb0a6;margin-top:10px;line-height:1.4;}\n.va-eid-quote{margin:40px auto;padding:26px 24px;text-align:center;border-top:1px solid #1d4a3c;border-bottom:1px solid #1d4a3c;max-width:640px;position:relative;}\n.va-eid-quote .va-eid-mark{position:absolute;top:-22px;left:50%;transform:translateX(-50%);background:#fff;padding:0 14px;font-family:'Newsreader',Georgia,serif;font-size:50px;line-height:1;color:#a07d2c;}\n.va-eid-quote blockquote{margin:0;padding:0;font-family:'Newsreader',Georgia,serif;font-size:23px;font-style:italic;line-height:1.45;color:#15302a;letter-spacing:-0.005em;}\n.va-eid-quote cite{display:block;margin-top:14px;font-family:'JetBrains Mono',monospace;font-size:11px;font-style:normal;letter-spacing:1.6px;text-transform:uppercase;color:#5f7068;}\n.va-eid-retenir{background:#fafbf9;border:1px solid #e2e8e2;border-radius:10px;padding:24px 26px;margin:36px 0;}\n.va-eid-retenir .va-eid-kick{font-family:'JetBrains Mono',monospace;font-size:11px;font-weight:500;letter-spacing:2.2px;text-transform:uppercase;color:#1d4a3c;margin-bottom:16px;}\n.va-eid-rgrid{display:grid;grid-template-columns:repeat(auto-fit,minmax(240px,1fr));gap:10px;}\n.va-eid-ritem{display:flex;gap:12px;background:#fff;border:1px solid #e8ede8;border-radius:7px;padding:13px 15px;align-items:flex-start;}\n.va-eid-ritem .va-eid-dot{flex:0 0 8px;width:8px;height:8px;border-radius:50%;background:#a07d2c;margin-top:7px;}\n.va-eid-ritem span:last-child{font-size:14px;line-height:1.5;color:#27332e;}\n.va-eid-faq{margin:40px 0 12px;}\n.va-eid-faq h2{margin-bottom:6px;}\n.va-eid-faq details{border-bottom:1px solid #dde6e0;}\n.va-eid-faq summary{cursor:pointer;padding:17px 0;font-family:'Newsreader',Georgia,serif;font-size:18px;font-weight:600;color:#15302a;list-style:none;display:flex;justify-content:space-between;align-items:center;gap:14px;}\n.va-eid-faq summary::-webkit-details-marker{display:none;}\n.va-eid-faq summary .va-eid-plus{font-size:22px;font-weight:400;color:#a07d2c;line-height:1;}\n.va-eid-faq details[open] summary .va-eid-plus{color:#1d4a3c;}\n.va-eid-faq .va-eid-ans{padding:0 0 18px;font-size:15.5px;line-height:1.7;color:#42514a;}\n@media(max-width:560px){.va-eid-essrow .va-eid-lab{flex-basis:72px;}}\n\/*RENDERFIX2*\/.va-eid-stats{color:#eef3f9!important}.va-eid-stats p,.va-eid-stats li,.va-eid-stats strong,.va-eid-stats em,.va-eid-stats a,.va-eid-stats span,.va-eid-stats b,.va-eid-stats td,.va-eid-stats th,.va-eid-stats h2,.va-eid-stats h3,.va-eid-stats h4{color:#eef3f9!important}.va-eid-stats strong,.va-eid-stats b{color:#ffffff!important}<\/style>\n<div class=\"va-eid-wrap\">\n<div class=\"va-eid-dateline\"><span><\/span>Jakarta \u00b7 Soci\u00e9t\u00e9 \u00b7 31 mars 2025<\/div>\n<p class=\"va-eid-chapo\">En Indon\u00e9sie, l&rsquo;Eid al-Fitr 2025 se vit sous le signe de la sobri\u00e9t\u00e9. Hausse des prix, baisse du pouvoir d&rsquo;achat et recul du grand exode du mudik : la f\u00eate qui cl\u00f4t le Ramadan se d\u00e9roule cette ann\u00e9e dans une ambiance plus contenue, o\u00f9 de nombreuses familles ajustent leurs d\u00e9penses aux r\u00e9alit\u00e9s \u00e9conomiques.<\/p>\n<div class=\"va-eid-essentiel\">\n<div class=\"va-eid-kick\">L&rsquo;essentiel<\/div>\n<div class=\"va-eid-essrow\"><span class=\"va-eid-lab\">Quoi<\/span><span>L&rsquo;Eid al-Fitr est c\u00e9l\u00e9br\u00e9 dans une ambiance moins festive, sur fond de hausse des prix et de baisse des d\u00e9penses des m\u00e9nages.<\/span><\/div>\n<div class=\"va-eid-essrow\"><span class=\"va-eid-lab\">O\u00f9 \u00b7 Quand<\/span><span>En Indon\u00e9sie, \u00e0 la fin du mois sacr\u00e9 de Ramadan (fin mars 2025).<\/span><\/div>\n<div class=\"va-eid-essrow\"><span class=\"va-eid-lab\">Pourquoi<\/span><span>146 millions de voyageurs attendus pour le mudik, soit 24 % de moins qu&rsquo;un an plus t\u00f4t : un recul qui ralentit la circulation de l&rsquo;argent dans tout le pays.<\/span><\/div>\n<\/div>\n<h2>Une f\u00eate ternie par la hausse des prix<\/h2>\n<p>Cette ann\u00e9e, l&rsquo;Eid al-Fitr, qui marque la fin du mois sacr\u00e9 de Ramadan, est c\u00e9l\u00e9br\u00e9 dans une ambiance moins festive en Indon\u00e9sie. Les habitants font face \u00e0 des augmentations de prix pour les produits alimentaires, les v\u00eatements et les biens essentiels, ce qui a affect\u00e9 leur capacit\u00e9 \u00e0 c\u00e9l\u00e9brer pleinement. Les traditions festives, autrefois synonymes de joie et de retrouvailles, sont d\u00e9sormais assombries par les r\u00e9alit\u00e9s \u00e9conomiques difficiles.<\/p>\n<p>Les d\u00e9penses des consommateurs avant cette p\u00e9riode cruciale ont chut\u00e9 par rapport \u00e0 l&rsquo;ann\u00e9e pr\u00e9c\u00e9dente. Avec seulement 146 millions de voyageurs cette ann\u00e9e, soit une baisse de 24 % par rapport \u00e0 l&rsquo;ann\u00e9e derni\u00e8re, la circulation d&rsquo;argent est \u00e9galement en d\u00e9clin. Les familles, qui se r\u00e9unissaient autrefois dans l&rsquo;excitation, se retrouvent d\u00e9sormais \u00e0 faire face \u00e0 des choix difficiles.<\/p>\n<div class=\"va-eid-stats\">\n<div class=\"va-eid-stat\">\n<div class=\"va-eid-num\">146 M<\/div>\n<div class=\"va-eid-cap\">voyageurs attendus<\/div>\n<\/div>\n<div class=\"va-eid-stat\">\n<div class=\"va-eid-num acc\">&minus;24 %<\/div>\n<div class=\"va-eid-cap\">de voyageurs sur un an<\/div>\n<\/div>\n<div class=\"va-eid-stat\">\n<div class=\"va-eid-num acc\">&minus;12,3 %<\/div>\n<div class=\"va-eid-cap\">de circulation mon\u00e9taire<\/div>\n<\/div>\n<\/div>\n<h2>Le pouvoir d&rsquo;achat en baisse<\/h2>\n<p>Les pr\u00e9visions de la Chambre de commerce et d&rsquo;industrie indon\u00e9sienne indiquent que la circulation mon\u00e9taire durant l&rsquo;Eid atteindra 137,97 trillions de rupiah, une diminution par rapport aux 157,3 trillions de l&rsquo;ann\u00e9e pass\u00e9e. Le faible pouvoir d&rsquo;achat est clairement visible \u00e0 travers l&rsquo;indice de confiance des consommateurs de la Banque d&rsquo;Indon\u00e9sie, qui a chut\u00e9 r\u00e9cemment. Ces chiffres d\u00e9crivent une \u00e9conomie sous pression, exacerb\u00e9e par des licenciements massifs et une d\u00e9pr\u00e9ciation de la monnaie.<\/p>\n<p>Bhima Yudistira, directeur ex\u00e9cutif du Centre d&rsquo;\u00e9tudes \u00e9conomiques et juridiques, souligne que ces tendances indiquent une d\u00e9t\u00e9rioration des conditions \u00e9conomiques. &laquo;&nbsp;Ces difficult\u00e9s ont affaibli les revenus des entreprises et des travailleurs, ce qui a un impact direct sur les d\u00e9penses des consommateurs&nbsp;&raquo;, pr\u00e9cise-t-il. Avec une saison festive moins vibrante, de nombreux Indon\u00e9siens doivent d\u00e9sormais prioriser leurs besoins essentiels.<\/p>\n<div class=\"va-eid-quote\">\n<div class=\"va-eid-mark\" aria-hidden=\"true\">&laquo;<\/div>\n<blockquote><p>L&rsquo;esprit festif a \u00e9t\u00e9 \u00e9touff\u00e9 par des r\u00e9alit\u00e9s \u00e9conomiques difficiles.<\/p><\/blockquote>\n<p><cite>Bhima Yudistira, Centre d&rsquo;\u00e9tudes \u00e9conomiques et juridiques<\/cite>\n<\/div>\n<h2>Le gouvernement prend des initiatives<\/h2>\n<p>Malgr\u00e9 cette conjoncture difficile, le gouvernement indon\u00e9sien esp\u00e8re que le momentum de Ramadan et de l&rsquo;Eid contribuera \u00e0 la croissance \u00e9conomique. Le ministre des Affaires \u00e9conomiques, Airlangga Hartarto, a \u00e9voqu\u00e9 l&rsquo;importance de l&rsquo;Eid pour stimuler les d\u00e9penses et l&rsquo;\u00e9conomie. Afin de soutenir cette dynamique, des incitations ont \u00e9t\u00e9 mises en place, telles que des r\u00e9ductions sur les billets d&rsquo;avion et les p\u00e9ages routiers.<\/p>\n<p>Ces mesures visent \u00e0 encourager la consommation et \u00e0 att\u00e9nuer les effets de la crise \u00e9conomique. Dans ce contexte, des programmes d&rsquo;assistance financi\u00e8re ont \u00e9t\u00e9 lanc\u00e9s pour 16 millions de m\u00e9nages, en plus de r\u00e9ductions sur les factures d&rsquo;\u00e9lectricit\u00e9 pour ceux \u00e0 faible consommation. &laquo;&nbsp;Nous esp\u00e9rons que ces programmes aideront \u00e0 maintenir les d\u00e9penses des consommateurs et \u00e0 stabiliser l&rsquo;\u00e9conomie&nbsp;&raquo;, a d\u00e9clar\u00e9 Hartarto.<\/p>\n<p>Sur le terrain, le poids de cette conjoncture se mesure dans les foyers. Endang Trisilowati, m\u00e8re de quatre enfants, t\u00e9moigne de l&rsquo;impact direct de cette crise sur son foyer. &laquo;&nbsp;Honn\u00eatement, les difficult\u00e9s \u00e9conomiques nous touchent&nbsp;&raquo;, confie-t-elle. Avec un budget r\u00e9duit pour les festivit\u00e9s, elle a d\u00fb renoncer aux repas vari\u00e9s qu&rsquo;elle pr\u00e9parait autrefois pour partager avec ses voisins.<\/p>\n<p>&laquo;&nbsp;Beaucoup se contentent de simplement essayer de manger pendant cette f\u00eate, mais l&rsquo;esprit est bas&nbsp;&raquo;, ajoute-t-elle. Cette r\u00e9flexion met en lumi\u00e8re la lutte quotidienne que traversent de nombreuses familles indon\u00e9siennes, alors que la f\u00eate de l&rsquo;Eid, symbole de joie et de partage, demeure pour certains un moment o\u00f9 l&rsquo;essentiel passe avant le superflu.<\/p>\n<div class=\"va-eid-retenir\">\n<div class=\"va-eid-kick\">\u00c0 retenir<\/div>\n<div class=\"va-eid-rgrid\">\n<div class=\"va-eid-ritem\"><span class=\"va-eid-dot\"><\/span><span>Les prix des biens de consommation ont fortement augment\u00e9 avant l&rsquo;Eid.<\/span><\/div>\n<div class=\"va-eid-ritem\"><span class=\"va-eid-dot\"><\/span><span>La circulation mon\u00e9taire pendant l&rsquo;Eid a chut\u00e9 de 12,3 % sur un an, \u00e0 137,97 trillions de rupiah.<\/span><\/div>\n<div class=\"va-eid-ritem\"><span class=\"va-eid-dot\"><\/span><span>Le moral des consommateurs est en baisse, selon l&rsquo;indice de la Banque d&rsquo;Indon\u00e9sie.<\/span><\/div>\n<div class=\"va-eid-ritem\"><span class=\"va-eid-dot\"><\/span><span>Des aides gouvernementales ciblent 16 millions de m\u00e9nages, avec des r\u00e9ductions sur les transports et l&rsquo;\u00e9lectricit\u00e9.<\/span><\/div>\n<div class=\"va-eid-ritem\"><span class=\"va-eid-dot\"><\/span><span>Les traditions de l&rsquo;Eid s&rsquo;adaptent \u00e0 la n\u00e9cessit\u00e9 de r\u00e9duire les d\u00e9penses.<\/span><\/div>\n<\/div>\n<\/div>\n<div class=\"va-eid-faq\">\n<h2>Questions fr\u00e9quentes<\/h2>\n<details>\n<summary><span>Qu&rsquo;est-ce que le mudik en Indon\u00e9sie&nbsp;?<\/span><span class=\"va-eid-plus\">+<\/span><\/summary>\n<div class=\"va-eid-ans\">Le mudik d\u00e9signe le grand retour des Indon\u00e9siens vers leur ville ou leur village d&rsquo;origine pour c\u00e9l\u00e9brer l&rsquo;Eid al-Fitr en famille. C&rsquo;est l&rsquo;un des plus importants d\u00e9placements de population au monde, qui irrigue chaque ann\u00e9e l&rsquo;\u00e9conomie locale gr\u00e2ce aux voyages et aux d\u00e9penses des familles r\u00e9unies.<\/div>\n<\/details>\n<details>\n<summary><span>Que c\u00e9l\u00e8bre l&rsquo;Eid al-Fitr&nbsp;?<\/span><span class=\"va-eid-plus\">+<\/span><\/summary>\n<div class=\"va-eid-ans\">L&rsquo;Eid al-Fitr marque la fin du Ramadan, le mois sacr\u00e9 de je\u00fbne. C&rsquo;est une f\u00eate de retrouvailles et de partage, traditionnellement associ\u00e9e \u00e0 des repas en famille, des visites aux proches et des moments de g\u00e9n\u00e9rosit\u00e9 envers le voisinage.<\/div>\n<\/details>\n<details>\n<summary><span>Pourquoi les d\u00e9penses ont-elles baiss\u00e9 cette ann\u00e9e&nbsp;?<\/span><span class=\"va-eid-plus\">+<\/span><\/summary>\n<div class=\"va-eid-ans\">Selon les \u00e9l\u00e9ments rapport\u00e9s, la hausse des prix des produits alimentaires, v\u00eatements et biens essentiels, conjugu\u00e9e \u00e0 un pouvoir d&rsquo;achat affaibli par des licenciements et une d\u00e9pr\u00e9ciation de la monnaie, a conduit de nombreuses familles \u00e0 r\u00e9duire leur budget festif.<\/div>\n<\/details>\n<\/div>\n<\/div>\n","protected":false},"excerpt":{"rendered":"","protected":false},"author":34,"featured_media":20775,"comment_status":"open","ping_status":"open","sticky":false,"template":"","format":"standard","meta":{"_acf_changed":false,"manual_indexmenow":false,"indexmenow_id_project":0,"footnotes":""},"categories":[1],"tags":[6347,6349,4593,6346,6348],"class_list":["post-17013","post","type-post","status-publish","format-standard","has-post-thumbnail","hentry","category-a-la-une","tag-aide-gouvernementale","tag-consommation","tag-economie","tag-pouvoir-dachat","tag-traditions","generate-columns","tablet-grid-50","mobile-grid-100","grid-parent","grid-25"],"acf":[],"yoast_head":"<!-- This site is optimized with the Yoast SEO Premium plugin v21.3 (Yoast SEO v25.1) - https:\/\/yoast.com\/wordpress\/plugins\/seo\/ -->\n<title>Des d\u00e9penses en baisse et un voyage r\u00e9duit ternissent<\/title>\n<meta name=\"description\" content=\"En Indon\u00e9sie, l&#039;Eid al-Fitr 2025 se vit sous le signe de la sobri\u00e9t\u00e9. Hausse des prix, baisse du pouvoir d&#039;achat et recul du grand exode du mudik : la\" \/>\n<meta name=\"robots\" content=\"index, follow, max-snippet:-1, max-image-preview:large, max-video-preview:-1\" \/>\n<link rel=\"canonical\" href=\"https:\/\/voyage-aventure.com\/blog\/a-la-une\/des-depenses-en-baisse-et-un-voyage-reduit-ternissent-lesprit-de-leid-en-indonesie\/\" \/>\n<meta property=\"og:locale\" content=\"fr_FR\" \/>\n<meta property=\"og:type\" content=\"article\" \/>\n<meta property=\"og:title\" content=\"Des d\u00e9penses en baisse et un voyage r\u00e9duit ternissent\" \/>\n<meta property=\"og:description\" content=\"En Indon\u00e9sie, l&#039;Eid al-Fitr 2025 se vit sous le signe de la sobri\u00e9t\u00e9. Hausse des prix, baisse du pouvoir d&#039;achat et recul du grand exode du mudik : la\" \/>\n<meta property=\"og:url\" content=\"https:\/\/voyage-aventure.com\/blog\/a-la-une\/des-depenses-en-baisse-et-un-voyage-reduit-ternissent-lesprit-de-leid-en-indonesie\/\" \/>\n<meta property=\"og:site_name\" content=\"voyage-aventure\" \/>\n<meta property=\"og:image\" content=\"https:\/\/voyage-aventure.com\/blog\/wp-content\/uploads\/2025\/05\/sdxl-200142c2cc4b7ef613cda53f8224ca60-scaled.png\" \/>\n\t<meta property=\"og:image:width\" content=\"1200\" \/>\n\t<meta property=\"og:image:height\" content=\"500\" \/>\n\t<meta property=\"og:image:type\" content=\"image\/png\" \/>\n<meta name=\"author\" content=\"Camille Rouvray\" \/>\n<meta name=\"twitter:card\" content=\"summary_large_image\" \/>\n<script type=\"application\/ld+json\" class=\"yoast-schema-graph\">{\"@context\":\"https:\/\/schema.org\",\"@graph\":[{\"@type\":\"NewsArticle\",\"@id\":\"https:\/\/voyage-aventure.com\/blog\/a-la-une\/des-depenses-en-baisse-et-un-voyage-reduit-ternissent-lesprit-de-leid-en-indonesie\/#article\",\"isPartOf\":{\"@id\":\"https:\/\/voyage-aventure.com\/blog\/a-la-une\/des-depenses-en-baisse-et-un-voyage-reduit-ternissent-lesprit-de-leid-en-indonesie\/\"},\"author\":{\"name\":\"Camille Rouvray\",\"@id\":\"https:\/\/voyage-aventure.com\/blog\/#\/schema\/person\/3c864cdc320801e3db34b663e7e3f816\"},\"headline\":\"Des d\u00e9penses en baisse et un voyage r\u00e9duit ternissent l&rsquo;esprit de l&rsquo;Eid en Indon\u00e9sie\",\"datePublished\":\"2026-06-16T15:47:07+00:00\",\"mainEntityOfPage\":{\"@id\":\"https:\/\/voyage-aventure.com\/blog\/a-la-une\/des-depenses-en-baisse-et-un-voyage-reduit-ternissent-lesprit-de-leid-en-indonesie\/\"},\"wordCount\":1057,\"commentCount\":15,\"publisher\":{\"@id\":\"https:\/\/voyage-aventure.com\/blog\/#organization\"},\"image\":{\"@id\":\"https:\/\/voyage-aventure.com\/blog\/a-la-une\/des-depenses-en-baisse-et-un-voyage-reduit-ternissent-lesprit-de-leid-en-indonesie\/#primaryimage\"},\"thumbnailUrl\":\"https:\/\/voyage-aventure.com\/blog\/wp-content\/uploads\/2025\/05\/sdxl-200142c2cc4b7ef613cda53f8224ca60-scaled.png\",\"keywords\":[\"Aide Gouvernementale\",\"Consommation\",\"\u00c9conomie\",\"Pouvoir d'Achat\",\"Traditions\"],\"articleSection\":[\"\u00c0 la une\"],\"inLanguage\":\"fr-FR\",\"potentialAction\":[{\"@type\":\"CommentAction\",\"name\":\"Comment\",\"target\":[\"https:\/\/voyage-aventure.com\/blog\/a-la-une\/des-depenses-en-baisse-et-un-voyage-reduit-ternissent-lesprit-de-leid-en-indonesie\/#respond\"]}]},{\"@type\":\"WebPage\",\"@id\":\"https:\/\/voyage-aventure.com\/blog\/a-la-une\/des-depenses-en-baisse-et-un-voyage-reduit-ternissent-lesprit-de-leid-en-indonesie\/\",\"url\":\"https:\/\/voyage-aventure.com\/blog\/a-la-une\/des-depenses-en-baisse-et-un-voyage-reduit-ternissent-lesprit-de-leid-en-indonesie\/\",\"name\":\"Des d\u00e9penses en baisse et un voyage r\u00e9duit ternissent\",\"isPartOf\":{\"@id\":\"https:\/\/voyage-aventure.com\/blog\/#website\"},\"primaryImageOfPage\":{\"@id\":\"https:\/\/voyage-aventure.com\/blog\/a-la-une\/des-depenses-en-baisse-et-un-voyage-reduit-ternissent-lesprit-de-leid-en-indonesie\/#primaryimage\"},\"image\":{\"@id\":\"https:\/\/voyage-aventure.com\/blog\/a-la-une\/des-depenses-en-baisse-et-un-voyage-reduit-ternissent-lesprit-de-leid-en-indonesie\/#primaryimage\"},\"thumbnailUrl\":\"https:\/\/voyage-aventure.com\/blog\/wp-content\/uploads\/2025\/05\/sdxl-200142c2cc4b7ef613cda53f8224ca60-scaled.png\",\"datePublished\":\"2026-06-16T15:47:07+00:00\",\"description\":\"En Indon\u00e9sie, l'Eid al-Fitr 2025 se vit sous le signe de la sobri\u00e9t\u00e9. Hausse des prix, baisse du pouvoir d'achat et recul du grand exode du mudik : la\",\"inLanguage\":\"fr-FR\",\"potentialAction\":[{\"@type\":\"ReadAction\",\"target\":[\"https:\/\/voyage-aventure.com\/blog\/a-la-une\/des-depenses-en-baisse-et-un-voyage-reduit-ternissent-lesprit-de-leid-en-indonesie\/\"]}]},{\"@type\":\"ImageObject\",\"inLanguage\":\"fr-FR\",\"@id\":\"https:\/\/voyage-aventure.com\/blog\/a-la-une\/des-depenses-en-baisse-et-un-voyage-reduit-ternissent-lesprit-de-leid-en-indonesie\/#primaryimage\",\"url\":\"https:\/\/voyage-aventure.com\/blog\/wp-content\/uploads\/2025\/05\/sdxl-200142c2cc4b7ef613cda53f8224ca60-scaled.png\",\"contentUrl\":\"https:\/\/voyage-aventure.com\/blog\/wp-content\/uploads\/2025\/05\/sdxl-200142c2cc4b7ef613cda53f8224ca60-scaled.png\",\"width\":1200,\"height\":500},{\"@type\":\"WebSite\",\"@id\":\"https:\/\/voyage-aventure.com\/blog\/#website\",\"url\":\"https:\/\/voyage-aventure.com\/blog\/\",\"name\":\"voyage-aventure.com\",\"description\":\"Votre passeport pour l\u2019inattendu.\",\"publisher\":{\"@id\":\"https:\/\/voyage-aventure.com\/blog\/#organization\"},\"alternateName\":\"Votre passeport pour l\u2019inattendu.\",\"potentialAction\":[{\"@type\":\"SearchAction\",\"target\":{\"@type\":\"EntryPoint\",\"urlTemplate\":\"https:\/\/voyage-aventure.com\/blog\/?s={search_term_string}\"},\"query-input\":{\"@type\":\"PropertyValueSpecification\",\"valueRequired\":true,\"valueName\":\"search_term_string\"}}],\"inLanguage\":\"fr-FR\"},{\"@type\":\"Organization\",\"@id\":\"https:\/\/voyage-aventure.com\/blog\/#organization\",\"name\":\"Foretsensations.fr\",\"url\":\"https:\/\/voyage-aventure.com\/blog\/\",\"logo\":{\"@type\":\"ImageObject\",\"inLanguage\":\"fr-FR\",\"@id\":\"https:\/\/voyage-aventure.com\/blog\/#\/schema\/logo\/image\/\",\"url\":\"https:\/\/voyage-aventure.com\/blog\/wp-content\/uploads\/2024\/12\/19.png\",\"contentUrl\":\"https:\/\/voyage-aventure.com\/blog\/wp-content\/uploads\/2024\/12\/19.png\",\"width\":512,\"height\":512,\"caption\":\"Foretsensations.fr\"},\"image\":{\"@id\":\"https:\/\/voyage-aventure.com\/blog\/#\/schema\/logo\/image\/\"}},{\"@type\":\"Person\",\"@id\":\"https:\/\/voyage-aventure.com\/blog\/#\/schema\/person\/3c864cdc320801e3db34b663e7e3f816\",\"name\":\"Camille Rouvray\",\"image\":{\"@type\":\"ImageObject\",\"inLanguage\":\"fr-FR\",\"@id\":\"https:\/\/voyage-aventure.com\/blog\/#\/schema\/person\/image\/\",\"url\":\"https:\/\/voyage-aventure.com\/blog\/wp-content\/uploads\/2026\/06\/persona_camille-r-96x96.jpg\",\"contentUrl\":\"https:\/\/voyage-aventure.com\/blog\/wp-content\/uploads\/2026\/06\/persona_camille-r-96x96.jpg\",\"caption\":\"Camille Rouvray\"},\"description\":\"Je voyage et j'\u00e9cris sur le voyage depuis une douzaine d'ann\u00e9es, d'abord en tant que routarde au long cours, puis comme r\u00e9dactrice sp\u00e9cialis\u00e9e. Mon terrain de pr\u00e9dilection, ce sont les circuits organis\u00e9s et l'art de bien pr\u00e9parer un itin\u00e9raire : choix de la saison, dur\u00e9e r\u00e9aliste des \u00e9tapes, budget jour par jour, logement et transport sur place. J'aime aussi raconter les p\u00e9pites urbaines, ces adresses qu'on ne trouve pas dans les guides classiques. Avant de publier un dossier destination, je croise toujours plusieurs sources, je v\u00e9rifie les tarifs et les formalit\u00e9s d'entr\u00e9e \u00e0 jour, et je teste moi-m\u00eame quand je le peux. Mon angle reste pratique avant tout : aider le lecteur \u00e0 partir l'esprit tranquille, sans mauvaise surprise une fois sur place. Je m'attache \u00e0 distinguer le coup de c\u0153ur sinc\u00e8re du simple argument marketing.\",\"sameAs\":[\"https:\/\/camillerouvray.fr\/\"],\"url\":\"https:\/\/voyage-aventure.com\/blog\/auteur\/noname\/\"}]}<\/script>\n<!-- \/ Yoast SEO Premium plugin. -->","yoast_head_json":{"title":"Des d\u00e9penses en baisse et un voyage r\u00e9duit ternissent","description":"En Indon\u00e9sie, l'Eid al-Fitr 2025 se vit sous le signe de la sobri\u00e9t\u00e9. Hausse des prix, baisse du pouvoir d'achat et recul du grand exode du mudik : la","robots":{"index":"index","follow":"follow","max-snippet":"max-snippet:-1","max-image-preview":"max-image-preview:large","max-video-preview":"max-video-preview:-1"},"canonical":"https:\/\/voyage-aventure.com\/blog\/a-la-une\/des-depenses-en-baisse-et-un-voyage-reduit-ternissent-lesprit-de-leid-en-indonesie\/","og_locale":"fr_FR","og_type":"article","og_title":"Des d\u00e9penses en baisse et un voyage r\u00e9duit ternissent","og_description":"En Indon\u00e9sie, l'Eid al-Fitr 2025 se vit sous le signe de la sobri\u00e9t\u00e9. Hausse des prix, baisse du pouvoir d'achat et recul du grand exode du mudik : la","og_url":"https:\/\/voyage-aventure.com\/blog\/a-la-une\/des-depenses-en-baisse-et-un-voyage-reduit-ternissent-lesprit-de-leid-en-indonesie\/","og_site_name":"voyage-aventure","og_image":[{"width":1200,"height":500,"url":"https:\/\/voyage-aventure.com\/blog\/wp-content\/uploads\/2025\/05\/sdxl-200142c2cc4b7ef613cda53f8224ca60-scaled.png","type":"image\/png"}],"author":"Camille Rouvray","twitter_card":"summary_large_image","schema":{"@context":"https:\/\/schema.org","@graph":[{"@type":"NewsArticle","@id":"https:\/\/voyage-aventure.com\/blog\/a-la-une\/des-depenses-en-baisse-et-un-voyage-reduit-ternissent-lesprit-de-leid-en-indonesie\/#article","isPartOf":{"@id":"https:\/\/voyage-aventure.com\/blog\/a-la-une\/des-depenses-en-baisse-et-un-voyage-reduit-ternissent-lesprit-de-leid-en-indonesie\/"},"author":{"name":"Camille Rouvray","@id":"https:\/\/voyage-aventure.com\/blog\/#\/schema\/person\/3c864cdc320801e3db34b663e7e3f816"},"headline":"Des d\u00e9penses en baisse et un voyage r\u00e9duit ternissent l&rsquo;esprit de l&rsquo;Eid en Indon\u00e9sie","datePublished":"2026-06-16T15:47:07+00:00","mainEntityOfPage":{"@id":"https:\/\/voyage-aventure.com\/blog\/a-la-une\/des-depenses-en-baisse-et-un-voyage-reduit-ternissent-lesprit-de-leid-en-indonesie\/"},"wordCount":1057,"commentCount":15,"publisher":{"@id":"https:\/\/voyage-aventure.com\/blog\/#organization"},"image":{"@id":"https:\/\/voyage-aventure.com\/blog\/a-la-une\/des-depenses-en-baisse-et-un-voyage-reduit-ternissent-lesprit-de-leid-en-indonesie\/#primaryimage"},"thumbnailUrl":"https:\/\/voyage-aventure.com\/blog\/wp-content\/uploads\/2025\/05\/sdxl-200142c2cc4b7ef613cda53f8224ca60-scaled.png","keywords":["Aide Gouvernementale","Consommation","\u00c9conomie","Pouvoir d'Achat","Traditions"],"articleSection":["\u00c0 la une"],"inLanguage":"fr-FR","potentialAction":[{"@type":"CommentAction","name":"Comment","target":["https:\/\/voyage-aventure.com\/blog\/a-la-une\/des-depenses-en-baisse-et-un-voyage-reduit-ternissent-lesprit-de-leid-en-indonesie\/#respond"]}]},{"@type":"WebPage","@id":"https:\/\/voyage-aventure.com\/blog\/a-la-une\/des-depenses-en-baisse-et-un-voyage-reduit-ternissent-lesprit-de-leid-en-indonesie\/","url":"https:\/\/voyage-aventure.com\/blog\/a-la-une\/des-depenses-en-baisse-et-un-voyage-reduit-ternissent-lesprit-de-leid-en-indonesie\/","name":"Des d\u00e9penses en baisse et un voyage r\u00e9duit ternissent","isPartOf":{"@id":"https:\/\/voyage-aventure.com\/blog\/#website"},"primaryImageOfPage":{"@id":"https:\/\/voyage-aventure.com\/blog\/a-la-une\/des-depenses-en-baisse-et-un-voyage-reduit-ternissent-lesprit-de-leid-en-indonesie\/#primaryimage"},"image":{"@id":"https:\/\/voyage-aventure.com\/blog\/a-la-une\/des-depenses-en-baisse-et-un-voyage-reduit-ternissent-lesprit-de-leid-en-indonesie\/#primaryimage"},"thumbnailUrl":"https:\/\/voyage-aventure.com\/blog\/wp-content\/uploads\/2025\/05\/sdxl-200142c2cc4b7ef613cda53f8224ca60-scaled.png","datePublished":"2026-06-16T15:47:07+00:00","description":"En Indon\u00e9sie, l'Eid al-Fitr 2025 se vit sous le signe de la sobri\u00e9t\u00e9. Hausse des prix, baisse du pouvoir d'achat et recul du grand exode du mudik : la","inLanguage":"fr-FR","potentialAction":[{"@type":"ReadAction","target":["https:\/\/voyage-aventure.com\/blog\/a-la-une\/des-depenses-en-baisse-et-un-voyage-reduit-ternissent-lesprit-de-leid-en-indonesie\/"]}]},{"@type":"ImageObject","inLanguage":"fr-FR","@id":"https:\/\/voyage-aventure.com\/blog\/a-la-une\/des-depenses-en-baisse-et-un-voyage-reduit-ternissent-lesprit-de-leid-en-indonesie\/#primaryimage","url":"https:\/\/voyage-aventure.com\/blog\/wp-content\/uploads\/2025\/05\/sdxl-200142c2cc4b7ef613cda53f8224ca60-scaled.png","contentUrl":"https:\/\/voyage-aventure.com\/blog\/wp-content\/uploads\/2025\/05\/sdxl-200142c2cc4b7ef613cda53f8224ca60-scaled.png","width":1200,"height":500},{"@type":"WebSite","@id":"https:\/\/voyage-aventure.com\/blog\/#website","url":"https:\/\/voyage-aventure.com\/blog\/","name":"voyage-aventure.com","description":"Votre passeport pour l\u2019inattendu.","publisher":{"@id":"https:\/\/voyage-aventure.com\/blog\/#organization"},"alternateName":"Votre passeport pour l\u2019inattendu.","potentialAction":[{"@type":"SearchAction","target":{"@type":"EntryPoint","urlTemplate":"https:\/\/voyage-aventure.com\/blog\/?s={search_term_string}"},"query-input":{"@type":"PropertyValueSpecification","valueRequired":true,"valueName":"search_term_string"}}],"inLanguage":"fr-FR"},{"@type":"Organization","@id":"https:\/\/voyage-aventure.com\/blog\/#organization","name":"Foretsensations.fr","url":"https:\/\/voyage-aventure.com\/blog\/","logo":{"@type":"ImageObject","inLanguage":"fr-FR","@id":"https:\/\/voyage-aventure.com\/blog\/#\/schema\/logo\/image\/","url":"https:\/\/voyage-aventure.com\/blog\/wp-content\/uploads\/2024\/12\/19.png","contentUrl":"https:\/\/voyage-aventure.com\/blog\/wp-content\/uploads\/2024\/12\/19.png","width":512,"height":512,"caption":"Foretsensations.fr"},"image":{"@id":"https:\/\/voyage-aventure.com\/blog\/#\/schema\/logo\/image\/"}},{"@type":"Person","@id":"https:\/\/voyage-aventure.com\/blog\/#\/schema\/person\/3c864cdc320801e3db34b663e7e3f816","name":"Camille Rouvray","image":{"@type":"ImageObject","inLanguage":"fr-FR","@id":"https:\/\/voyage-aventure.com\/blog\/#\/schema\/person\/image\/","url":"https:\/\/voyage-aventure.com\/blog\/wp-content\/uploads\/2026\/06\/persona_camille-r-96x96.jpg","contentUrl":"https:\/\/voyage-aventure.com\/blog\/wp-content\/uploads\/2026\/06\/persona_camille-r-96x96.jpg","caption":"Camille Rouvray"},"description":"Je voyage et j'\u00e9cris sur le voyage depuis une douzaine d'ann\u00e9es, d'abord en tant que routarde au long cours, puis comme r\u00e9dactrice sp\u00e9cialis\u00e9e. Mon terrain de pr\u00e9dilection, ce sont les circuits organis\u00e9s et l'art de bien pr\u00e9parer un itin\u00e9raire : choix de la saison, dur\u00e9e r\u00e9aliste des \u00e9tapes, budget jour par jour, logement et transport sur place. J'aime aussi raconter les p\u00e9pites urbaines, ces adresses qu'on ne trouve pas dans les guides classiques. Avant de publier un dossier destination, je croise toujours plusieurs sources, je v\u00e9rifie les tarifs et les formalit\u00e9s d'entr\u00e9e \u00e0 jour, et je teste moi-m\u00eame quand je le peux. Mon angle reste pratique avant tout : aider le lecteur \u00e0 partir l'esprit tranquille, sans mauvaise surprise une fois sur place. Je m'attache \u00e0 distinguer le coup de c\u0153ur sinc\u00e8re du simple argument marketing.","sameAs":["https:\/\/camillerouvray.fr\/"],"url":"https:\/\/voyage-aventure.com\/blog\/auteur\/noname\/"}]}},"_links":{"self":[{"href":"https:\/\/voyage-aventure.com\/blog\/wp-json\/wp\/v2\/posts\/17013","targetHints":{"allow":["GET"]}}],"collection":[{"href":"https:\/\/voyage-aventure.com\/blog\/wp-json\/wp\/v2\/posts"}],"about":[{"href":"https:\/\/voyage-aventure.com\/blog\/wp-json\/wp\/v2\/types\/post"}],"author":[{"embeddable":true,"href":"https:\/\/voyage-aventure.com\/blog\/wp-json\/wp\/v2\/users\/34"}],"replies":[{"embeddable":true,"href":"https:\/\/voyage-aventure.com\/blog\/wp-json\/wp\/v2\/comments?post=17013"}],"version-history":[{"count":3,"href":"https:\/\/voyage-aventure.com\/blog\/wp-json\/wp\/v2\/posts\/17013\/revisions"}],"predecessor-version":[{"id":23009,"href":"https:\/\/voyage-aventure.com\/blog\/wp-json\/wp\/v2\/posts\/17013\/revisions\/23009"}],"wp:featuredmedia":[{"embeddable":true,"href":"https:\/\/voyage-aventure.com\/blog\/wp-json\/wp\/v2\/media\/20775"}],"wp:attachment":[{"href":"https:\/\/voyage-aventure.com\/blog\/wp-json\/wp\/v2\/media?parent=17013"}],"wp:term":[{"taxonomy":"category","embeddable":true,"href":"https:\/\/voyage-aventure.com\/blog\/wp-json\/wp\/v2\/categories?post=17013"},{"taxonomy":"post_tag","embeddable":true,"href":"https:\/\/voyage-aventure.com\/blog\/wp-json\/wp\/v2\/tags?post=17013"}],"curies":[{"name":"wp","href":"https:\/\/api.w.org\/{rel}","templated":true}]}}