{"id":17012,"date":"2025-03-31T05:27:56","date_gmt":"2025-03-31T03:27:56","guid":{"rendered":"https:\/\/voyage-aventure.com\/blog\/?p=17012"},"modified":"2025-03-31T05:27:56","modified_gmt":"2025-03-31T03:27:56","slug":"le-moral-en-berne-pour-leid-en-indonesie-face-a-la-hausse-des-prix","status":"publish","type":"post","link":"https:\/\/voyage-aventure.com\/blog\/a-la-une\/le-moral-en-berne-pour-leid-en-indonesie-face-a-la-hausse-des-prix\/","title":{"rendered":"le moral en berne pour l&rsquo;eid en indon\u00e9sie face \u00e0 la hausse des prix"},"content":{"rendered":"<h2>Une f\u00eate ternie par l&rsquo;inflation<\/h2>\n<p>Les c\u00e9l\u00e9brations traditionnelles de l&rsquo;Eid al-Fitr en Indon\u00e9sie, marquant la fin du Ramadan, sont assombries cette ann\u00e9e. Les Indon\u00e9siens, confront\u00e9s \u00e0 des prix alimentaires et vestimentaires en forte hausse, voient leur enthousiasme s&rsquo;effondrer. La baisse du pouvoir d&rsquo;achat affecte non seulement les d\u00e9penses, mais aussi l&rsquo;esprit festif qui accompagne habituellement cette p\u00e9riode.<\/p>\n<p>Chaque ann\u00e9e, pr\u00e8s de 75 % de la population indon\u00e9sienne participe aux d\u00e9placements pour le \u00ab\u00a0mudik\u00a0\u00bb, une tradition attendue avec impatience. Cependant, cette ann\u00e9e, le minist\u00e8re des Transports a rapport\u00e9 une diminution de 24 % des voyageurs, passant de 194 millions \u00e0 146 millions. Cette chute repr\u00e9sente un coup dur pour l&rsquo;\u00e9conomie locale, car les c\u00e9l\u00e9brations de l&rsquo;Eid g\u00e9n\u00e8rent traditionnellement une grande activit\u00e9 \u00e9conomique.<\/p>\n<h2>Un impact direct sur les d\u00e9penses des consommateurs<\/h2>\n<p>La Chambre de commerce et d&rsquo;industrie indon\u00e9sienne pr\u00e9voit que la circulation mon\u00e9taire durant l&rsquo;Eid atteindra 137,97 trillions de rupiah, soit une baisse significative par rapport \u00e0 l&rsquo;ann\u00e9e pr\u00e9c\u00e9dente. Ce ralentissement des d\u00e9penses est exacerb\u00e9 par des r\u00e9alit\u00e9s \u00e9conomiques difficiles, notamment la d\u00e9pr\u00e9ciation de la monnaie et des licenciements massifs dans le secteur manufacturier. <\/p>\n<p>Bhima Yudistira, directeur ex\u00e9cutif du Centre pour les \u00e9tudes \u00e9conomiques et juridiques, souligne que ces tendances t\u00e9moignent d&rsquo;une \u00e9conomie sous pression. Il indique que les revenus des travailleurs et les b\u00e9n\u00e9fices des entreprises sont en d\u00e9clin, ce qui r\u00e9duit encore plus les d\u00e9penses des consommateurs. \u00ab\u00a0Cette situation entra\u00eene une saison festive moins vibrante,\u00a0\u00bb a-t-il d\u00e9clar\u00e9.<\/p>\n<h2>Des initiatives gouvernementales pour relancer l&rsquo;\u00e9conomie<\/h2>\n<p>Face \u00e0 cette situation pr\u00e9occupante, le gouvernement indon\u00e9sien reste optimiste quant \u00e0 l&rsquo;impact \u00e9conomique de l&rsquo;Eid. Le ministre des Affaires \u00e9conomiques, Airlangga Hartarto, a annonc\u00e9 plusieurs mesures pour stimuler l&rsquo;activit\u00e9 \u00e9conomique. Parmi ces initiatives figurent des r\u00e9ductions de tarifs a\u00e9riens, des aides directes aux m\u00e9nages et des exon\u00e9rations fiscales pour les secteurs \u00e0 forte intensit\u00e9 de main-d&rsquo;\u0153uvre.<\/p>\n<blockquote><p>\n\u00ab\u00a0Nous esp\u00e9rons que ces programmes permettront de soutenir les d\u00e9penses des consommateurs et de favoriser la stabilit\u00e9 \u00e9conomique,\u00a0\u00bb a d\u00e9clar\u00e9 Hartarto.\n<\/p><\/blockquote>\n<p>Cependant, cette aide ne semble pas suffire pour certaines familles. Endang Trisilowati, m\u00e8re de quatre enfants, \u00e9voque la n\u00e9cessit\u00e9 de r\u00e9duire son budget pour les festivit\u00e9s. \u00ab\u00a0Honn\u00eatement, les difficult\u00e9s \u00e9conomiques nous touchent,\u00a0\u00bb confie-t-elle, r\u00e9v\u00e9lant qu&rsquo;elle ne peut plus se permettre de cuisiner plusieurs plats comme avant. <\/p>\n<ul>\n<li>Inflation \u00e9lev\u00e9e sur les biens essentiels<\/li>\n<li>Diminution du nombre de voyageurs pendant l&rsquo;Eid<\/li>\n<li>Projections de baisse des d\u00e9penses des consommateurs<\/li>\n<li>Initiatives gouvernementales pour soutenir l&rsquo;\u00e9conomie<\/li>\n<li>Impact direct sur les familles et les traditions<\/li>\n<\/ul>\n<p>Alors que l&rsquo;Eid est traditionnellement un moment de r\u00e9jouissances et de retrouvailles familiales, cette ann\u00e9e, il est marqu\u00e9 par des r\u00e9alit\u00e9s \u00e9conomiques difficiles. Les Indon\u00e9siens se retrouvent contraints de revoir leurs priorit\u00e9s, pla\u00e7ant la survie avant la c\u00e9l\u00e9bration. Les histoires de familles qui ajustent leurs traditions pour s&rsquo;adapter \u00e0 ces temps difficiles illustrent la r\u00e9silience du peuple indon\u00e9sien, mais aussi la gravit\u00e9 de la situation \u00e9conomique actuelle.<\/p>\n","protected":false},"excerpt":{"rendered":"","protected":false},"author":34,"featured_media":20773,"comment_status":"open","ping_status":"open","sticky":false,"template":"","format":"standard","meta":{"_acf_changed":false,"manual_indexmenow":false,"indexmenow_id_project":0,"footnotes":""},"categories":[1],"tags":[4636,4593,4535,6345,4635],"class_list":["post-17012","post","type-post","status-publish","format-standard","has-post-thumbnail","hentry","category-a-la-une","tag-destinations","tag-economie","tag-gastronomie-locale","tag-inflation","tag-voyage","generate-columns","tablet-grid-50","mobile-grid-100","grid-parent","grid-25"],"acf":[],"yoast_head":"<!-- This site is optimized with the Yoast SEO Premium plugin v21.3 (Yoast SEO v25.1) - https:\/\/yoast.com\/wordpress\/plugins\/seo\/ -->\n<title>le moral en berne pour l&#039;eid en indon\u00e9sie face \u00e0 la hausse<\/title>\n<meta name=\"description\" content=\"Les c\u00e9l\u00e9brations traditionnelles de l&#039;Eid al-Fitr en Indon\u00e9sie, marquant la fin du Ramadan, sont assombries cette ann\u00e9e. Les Indon\u00e9siens, confront\u00e9s \u00e0 des\" \/>\n<meta name=\"robots\" content=\"index, follow, max-snippet:-1, max-image-preview:large, max-video-preview:-1\" \/>\n<link rel=\"canonical\" href=\"https:\/\/voyage-aventure.com\/blog\/a-la-une\/le-moral-en-berne-pour-leid-en-indonesie-face-a-la-hausse-des-prix\/\" \/>\n<meta property=\"og:locale\" content=\"fr_FR\" \/>\n<meta property=\"og:type\" content=\"article\" \/>\n<meta property=\"og:title\" content=\"le moral en berne pour l&#039;eid en indon\u00e9sie face \u00e0 la hausse\" \/>\n<meta property=\"og:description\" content=\"Les c\u00e9l\u00e9brations traditionnelles de l&#039;Eid al-Fitr en Indon\u00e9sie, marquant la fin du Ramadan, sont assombries cette ann\u00e9e. Les Indon\u00e9siens, confront\u00e9s \u00e0 des\" \/>\n<meta property=\"og:url\" content=\"https:\/\/voyage-aventure.com\/blog\/a-la-une\/le-moral-en-berne-pour-leid-en-indonesie-face-a-la-hausse-des-prix\/\" \/>\n<meta property=\"og:site_name\" content=\"voyage-aventure\" \/>\n<meta property=\"og:image\" content=\"https:\/\/voyage-aventure.com\/blog\/wp-content\/uploads\/2025\/05\/sdxl-f7a91a93daaa50d7938eb1473c7736ef-scaled.png\" \/>\n\t<meta property=\"og:image:width\" content=\"1200\" \/>\n\t<meta property=\"og:image:height\" content=\"500\" \/>\n\t<meta property=\"og:image:type\" content=\"image\/png\" \/>\n<meta name=\"author\" content=\"Camille Rouvray\" \/>\n<meta name=\"twitter:card\" content=\"summary_large_image\" \/>\n<script type=\"application\/ld+json\" class=\"yoast-schema-graph\">{\"@context\":\"https:\/\/schema.org\",\"@graph\":[{\"@type\":\"NewsArticle\",\"@id\":\"https:\/\/voyage-aventure.com\/blog\/a-la-une\/le-moral-en-berne-pour-leid-en-indonesie-face-a-la-hausse-des-prix\/#article\",\"isPartOf\":{\"@id\":\"https:\/\/voyage-aventure.com\/blog\/a-la-une\/le-moral-en-berne-pour-leid-en-indonesie-face-a-la-hausse-des-prix\/\"},\"author\":{\"name\":\"Camille Rouvray\",\"@id\":\"https:\/\/voyage-aventure.com\/blog\/#\/schema\/person\/3c864cdc320801e3db34b663e7e3f816\"},\"headline\":\"le moral en berne pour l&rsquo;eid en indon\u00e9sie face \u00e0 la hausse des prix\",\"datePublished\":\"2025-03-31T03:27:56+00:00\",\"mainEntityOfPage\":{\"@id\":\"https:\/\/voyage-aventure.com\/blog\/a-la-une\/le-moral-en-berne-pour-leid-en-indonesie-face-a-la-hausse-des-prix\/\"},\"wordCount\":560,\"commentCount\":18,\"publisher\":{\"@id\":\"https:\/\/voyage-aventure.com\/blog\/#organization\"},\"image\":{\"@id\":\"https:\/\/voyage-aventure.com\/blog\/a-la-une\/le-moral-en-berne-pour-leid-en-indonesie-face-a-la-hausse-des-prix\/#primaryimage\"},\"thumbnailUrl\":\"https:\/\/voyage-aventure.com\/blog\/wp-content\/uploads\/2025\/05\/sdxl-f7a91a93daaa50d7938eb1473c7736ef-scaled.png\",\"keywords\":[\"Destinations\",\"\u00c9conomie\",\"Gastronomie Locale\",\"Inflation\",\"Voyage\"],\"articleSection\":[\"\u00c0 la une\"],\"inLanguage\":\"fr-FR\",\"potentialAction\":[{\"@type\":\"CommentAction\",\"name\":\"Comment\",\"target\":[\"https:\/\/voyage-aventure.com\/blog\/a-la-une\/le-moral-en-berne-pour-leid-en-indonesie-face-a-la-hausse-des-prix\/#respond\"]}]},{\"@type\":\"WebPage\",\"@id\":\"https:\/\/voyage-aventure.com\/blog\/a-la-une\/le-moral-en-berne-pour-leid-en-indonesie-face-a-la-hausse-des-prix\/\",\"url\":\"https:\/\/voyage-aventure.com\/blog\/a-la-une\/le-moral-en-berne-pour-leid-en-indonesie-face-a-la-hausse-des-prix\/\",\"name\":\"le moral en berne pour l'eid en indon\u00e9sie face \u00e0 la hausse\",\"isPartOf\":{\"@id\":\"https:\/\/voyage-aventure.com\/blog\/#website\"},\"primaryImageOfPage\":{\"@id\":\"https:\/\/voyage-aventure.com\/blog\/a-la-une\/le-moral-en-berne-pour-leid-en-indonesie-face-a-la-hausse-des-prix\/#primaryimage\"},\"image\":{\"@id\":\"https:\/\/voyage-aventure.com\/blog\/a-la-une\/le-moral-en-berne-pour-leid-en-indonesie-face-a-la-hausse-des-prix\/#primaryimage\"},\"thumbnailUrl\":\"https:\/\/voyage-aventure.com\/blog\/wp-content\/uploads\/2025\/05\/sdxl-f7a91a93daaa50d7938eb1473c7736ef-scaled.png\",\"datePublished\":\"2025-03-31T03:27:56+00:00\",\"description\":\"Les c\u00e9l\u00e9brations traditionnelles de l'Eid al-Fitr en Indon\u00e9sie, marquant la fin du Ramadan, sont assombries cette ann\u00e9e. Les Indon\u00e9siens, confront\u00e9s \u00e0 des\",\"inLanguage\":\"fr-FR\",\"potentialAction\":[{\"@type\":\"ReadAction\",\"target\":[\"https:\/\/voyage-aventure.com\/blog\/a-la-une\/le-moral-en-berne-pour-leid-en-indonesie-face-a-la-hausse-des-prix\/\"]}]},{\"@type\":\"ImageObject\",\"inLanguage\":\"fr-FR\",\"@id\":\"https:\/\/voyage-aventure.com\/blog\/a-la-une\/le-moral-en-berne-pour-leid-en-indonesie-face-a-la-hausse-des-prix\/#primaryimage\",\"url\":\"https:\/\/voyage-aventure.com\/blog\/wp-content\/uploads\/2025\/05\/sdxl-f7a91a93daaa50d7938eb1473c7736ef-scaled.png\",\"contentUrl\":\"https:\/\/voyage-aventure.com\/blog\/wp-content\/uploads\/2025\/05\/sdxl-f7a91a93daaa50d7938eb1473c7736ef-scaled.png\",\"width\":1200,\"height\":500},{\"@type\":\"WebSite\",\"@id\":\"https:\/\/voyage-aventure.com\/blog\/#website\",\"url\":\"https:\/\/voyage-aventure.com\/blog\/\",\"name\":\"voyage-aventure.com\",\"description\":\"Votre passeport pour l\u2019inattendu.\",\"publisher\":{\"@id\":\"https:\/\/voyage-aventure.com\/blog\/#organization\"},\"alternateName\":\"Votre passeport pour l\u2019inattendu.\",\"potentialAction\":[{\"@type\":\"SearchAction\",\"target\":{\"@type\":\"EntryPoint\",\"urlTemplate\":\"https:\/\/voyage-aventure.com\/blog\/?s={search_term_string}\"},\"query-input\":{\"@type\":\"PropertyValueSpecification\",\"valueRequired\":true,\"valueName\":\"search_term_string\"}}],\"inLanguage\":\"fr-FR\"},{\"@type\":\"Organization\",\"@id\":\"https:\/\/voyage-aventure.com\/blog\/#organization\",\"name\":\"Foretsensations.fr\",\"url\":\"https:\/\/voyage-aventure.com\/blog\/\",\"logo\":{\"@type\":\"ImageObject\",\"inLanguage\":\"fr-FR\",\"@id\":\"https:\/\/voyage-aventure.com\/blog\/#\/schema\/logo\/image\/\",\"url\":\"https:\/\/voyage-aventure.com\/blog\/wp-content\/uploads\/2024\/12\/19.png\",\"contentUrl\":\"https:\/\/voyage-aventure.com\/blog\/wp-content\/uploads\/2024\/12\/19.png\",\"width\":512,\"height\":512,\"caption\":\"Foretsensations.fr\"},\"image\":{\"@id\":\"https:\/\/voyage-aventure.com\/blog\/#\/schema\/logo\/image\/\"}},{\"@type\":\"Person\",\"@id\":\"https:\/\/voyage-aventure.com\/blog\/#\/schema\/person\/3c864cdc320801e3db34b663e7e3f816\",\"name\":\"Camille Rouvray\",\"image\":{\"@type\":\"ImageObject\",\"inLanguage\":\"fr-FR\",\"@id\":\"https:\/\/voyage-aventure.com\/blog\/#\/schema\/person\/image\/\",\"url\":\"https:\/\/voyage-aventure.com\/blog\/wp-content\/uploads\/2026\/06\/persona_camille-r-96x96.jpg\",\"contentUrl\":\"https:\/\/voyage-aventure.com\/blog\/wp-content\/uploads\/2026\/06\/persona_camille-r-96x96.jpg\",\"caption\":\"Camille Rouvray\"},\"description\":\"Je voyage et j'\u00e9cris sur le voyage depuis une douzaine d'ann\u00e9es, d'abord en tant que routarde au long cours, puis comme r\u00e9dactrice sp\u00e9cialis\u00e9e. Mon terrain de pr\u00e9dilection, ce sont les circuits organis\u00e9s et l'art de bien pr\u00e9parer un itin\u00e9raire : choix de la saison, dur\u00e9e r\u00e9aliste des \u00e9tapes, budget jour par jour, logement et transport sur place. J'aime aussi raconter les p\u00e9pites urbaines, ces adresses qu'on ne trouve pas dans les guides classiques. Avant de publier un dossier destination, je croise toujours plusieurs sources, je v\u00e9rifie les tarifs et les formalit\u00e9s d'entr\u00e9e \u00e0 jour, et je teste moi-m\u00eame quand je le peux. Mon angle reste pratique avant tout : aider le lecteur \u00e0 partir l'esprit tranquille, sans mauvaise surprise une fois sur place. Je m'attache \u00e0 distinguer le coup de c\u0153ur sinc\u00e8re du simple argument marketing.\",\"sameAs\":[\"https:\/\/camillerouvray.fr\/\"],\"url\":\"https:\/\/voyage-aventure.com\/blog\/auteur\/noname\/\"}]}<\/script>\n<!-- \/ Yoast SEO Premium plugin. -->","yoast_head_json":{"title":"le moral en berne pour l'eid en indon\u00e9sie face \u00e0 la hausse","description":"Les c\u00e9l\u00e9brations traditionnelles de l'Eid al-Fitr en Indon\u00e9sie, marquant la fin du Ramadan, sont assombries cette ann\u00e9e. Les Indon\u00e9siens, confront\u00e9s \u00e0 des","robots":{"index":"index","follow":"follow","max-snippet":"max-snippet:-1","max-image-preview":"max-image-preview:large","max-video-preview":"max-video-preview:-1"},"canonical":"https:\/\/voyage-aventure.com\/blog\/a-la-une\/le-moral-en-berne-pour-leid-en-indonesie-face-a-la-hausse-des-prix\/","og_locale":"fr_FR","og_type":"article","og_title":"le moral en berne pour l'eid en indon\u00e9sie face \u00e0 la hausse","og_description":"Les c\u00e9l\u00e9brations traditionnelles de l'Eid al-Fitr en Indon\u00e9sie, marquant la fin du Ramadan, sont assombries cette ann\u00e9e. Les Indon\u00e9siens, confront\u00e9s \u00e0 des","og_url":"https:\/\/voyage-aventure.com\/blog\/a-la-une\/le-moral-en-berne-pour-leid-en-indonesie-face-a-la-hausse-des-prix\/","og_site_name":"voyage-aventure","og_image":[{"width":1200,"height":500,"url":"https:\/\/voyage-aventure.com\/blog\/wp-content\/uploads\/2025\/05\/sdxl-f7a91a93daaa50d7938eb1473c7736ef-scaled.png","type":"image\/png"}],"author":"Camille Rouvray","twitter_card":"summary_large_image","schema":{"@context":"https:\/\/schema.org","@graph":[{"@type":"NewsArticle","@id":"https:\/\/voyage-aventure.com\/blog\/a-la-une\/le-moral-en-berne-pour-leid-en-indonesie-face-a-la-hausse-des-prix\/#article","isPartOf":{"@id":"https:\/\/voyage-aventure.com\/blog\/a-la-une\/le-moral-en-berne-pour-leid-en-indonesie-face-a-la-hausse-des-prix\/"},"author":{"name":"Camille Rouvray","@id":"https:\/\/voyage-aventure.com\/blog\/#\/schema\/person\/3c864cdc320801e3db34b663e7e3f816"},"headline":"le moral en berne pour l&rsquo;eid en indon\u00e9sie face \u00e0 la hausse des prix","datePublished":"2025-03-31T03:27:56+00:00","mainEntityOfPage":{"@id":"https:\/\/voyage-aventure.com\/blog\/a-la-une\/le-moral-en-berne-pour-leid-en-indonesie-face-a-la-hausse-des-prix\/"},"wordCount":560,"commentCount":18,"publisher":{"@id":"https:\/\/voyage-aventure.com\/blog\/#organization"},"image":{"@id":"https:\/\/voyage-aventure.com\/blog\/a-la-une\/le-moral-en-berne-pour-leid-en-indonesie-face-a-la-hausse-des-prix\/#primaryimage"},"thumbnailUrl":"https:\/\/voyage-aventure.com\/blog\/wp-content\/uploads\/2025\/05\/sdxl-f7a91a93daaa50d7938eb1473c7736ef-scaled.png","keywords":["Destinations","\u00c9conomie","Gastronomie Locale","Inflation","Voyage"],"articleSection":["\u00c0 la une"],"inLanguage":"fr-FR","potentialAction":[{"@type":"CommentAction","name":"Comment","target":["https:\/\/voyage-aventure.com\/blog\/a-la-une\/le-moral-en-berne-pour-leid-en-indonesie-face-a-la-hausse-des-prix\/#respond"]}]},{"@type":"WebPage","@id":"https:\/\/voyage-aventure.com\/blog\/a-la-une\/le-moral-en-berne-pour-leid-en-indonesie-face-a-la-hausse-des-prix\/","url":"https:\/\/voyage-aventure.com\/blog\/a-la-une\/le-moral-en-berne-pour-leid-en-indonesie-face-a-la-hausse-des-prix\/","name":"le moral en berne pour l'eid en indon\u00e9sie face \u00e0 la hausse","isPartOf":{"@id":"https:\/\/voyage-aventure.com\/blog\/#website"},"primaryImageOfPage":{"@id":"https:\/\/voyage-aventure.com\/blog\/a-la-une\/le-moral-en-berne-pour-leid-en-indonesie-face-a-la-hausse-des-prix\/#primaryimage"},"image":{"@id":"https:\/\/voyage-aventure.com\/blog\/a-la-une\/le-moral-en-berne-pour-leid-en-indonesie-face-a-la-hausse-des-prix\/#primaryimage"},"thumbnailUrl":"https:\/\/voyage-aventure.com\/blog\/wp-content\/uploads\/2025\/05\/sdxl-f7a91a93daaa50d7938eb1473c7736ef-scaled.png","datePublished":"2025-03-31T03:27:56+00:00","description":"Les c\u00e9l\u00e9brations traditionnelles de l'Eid al-Fitr en Indon\u00e9sie, marquant la fin du Ramadan, sont assombries cette ann\u00e9e. Les Indon\u00e9siens, confront\u00e9s \u00e0 des","inLanguage":"fr-FR","potentialAction":[{"@type":"ReadAction","target":["https:\/\/voyage-aventure.com\/blog\/a-la-une\/le-moral-en-berne-pour-leid-en-indonesie-face-a-la-hausse-des-prix\/"]}]},{"@type":"ImageObject","inLanguage":"fr-FR","@id":"https:\/\/voyage-aventure.com\/blog\/a-la-une\/le-moral-en-berne-pour-leid-en-indonesie-face-a-la-hausse-des-prix\/#primaryimage","url":"https:\/\/voyage-aventure.com\/blog\/wp-content\/uploads\/2025\/05\/sdxl-f7a91a93daaa50d7938eb1473c7736ef-scaled.png","contentUrl":"https:\/\/voyage-aventure.com\/blog\/wp-content\/uploads\/2025\/05\/sdxl-f7a91a93daaa50d7938eb1473c7736ef-scaled.png","width":1200,"height":500},{"@type":"WebSite","@id":"https:\/\/voyage-aventure.com\/blog\/#website","url":"https:\/\/voyage-aventure.com\/blog\/","name":"voyage-aventure.com","description":"Votre passeport pour l\u2019inattendu.","publisher":{"@id":"https:\/\/voyage-aventure.com\/blog\/#organization"},"alternateName":"Votre passeport pour l\u2019inattendu.","potentialAction":[{"@type":"SearchAction","target":{"@type":"EntryPoint","urlTemplate":"https:\/\/voyage-aventure.com\/blog\/?s={search_term_string}"},"query-input":{"@type":"PropertyValueSpecification","valueRequired":true,"valueName":"search_term_string"}}],"inLanguage":"fr-FR"},{"@type":"Organization","@id":"https:\/\/voyage-aventure.com\/blog\/#organization","name":"Foretsensations.fr","url":"https:\/\/voyage-aventure.com\/blog\/","logo":{"@type":"ImageObject","inLanguage":"fr-FR","@id":"https:\/\/voyage-aventure.com\/blog\/#\/schema\/logo\/image\/","url":"https:\/\/voyage-aventure.com\/blog\/wp-content\/uploads\/2024\/12\/19.png","contentUrl":"https:\/\/voyage-aventure.com\/blog\/wp-content\/uploads\/2024\/12\/19.png","width":512,"height":512,"caption":"Foretsensations.fr"},"image":{"@id":"https:\/\/voyage-aventure.com\/blog\/#\/schema\/logo\/image\/"}},{"@type":"Person","@id":"https:\/\/voyage-aventure.com\/blog\/#\/schema\/person\/3c864cdc320801e3db34b663e7e3f816","name":"Camille Rouvray","image":{"@type":"ImageObject","inLanguage":"fr-FR","@id":"https:\/\/voyage-aventure.com\/blog\/#\/schema\/person\/image\/","url":"https:\/\/voyage-aventure.com\/blog\/wp-content\/uploads\/2026\/06\/persona_camille-r-96x96.jpg","contentUrl":"https:\/\/voyage-aventure.com\/blog\/wp-content\/uploads\/2026\/06\/persona_camille-r-96x96.jpg","caption":"Camille Rouvray"},"description":"Je voyage et j'\u00e9cris sur le voyage depuis une douzaine d'ann\u00e9es, d'abord en tant que routarde au long cours, puis comme r\u00e9dactrice sp\u00e9cialis\u00e9e. Mon terrain de pr\u00e9dilection, ce sont les circuits organis\u00e9s et l'art de bien pr\u00e9parer un itin\u00e9raire : choix de la saison, dur\u00e9e r\u00e9aliste des \u00e9tapes, budget jour par jour, logement et transport sur place. J'aime aussi raconter les p\u00e9pites urbaines, ces adresses qu'on ne trouve pas dans les guides classiques. Avant de publier un dossier destination, je croise toujours plusieurs sources, je v\u00e9rifie les tarifs et les formalit\u00e9s d'entr\u00e9e \u00e0 jour, et je teste moi-m\u00eame quand je le peux. Mon angle reste pratique avant tout : aider le lecteur \u00e0 partir l'esprit tranquille, sans mauvaise surprise une fois sur place. Je m'attache \u00e0 distinguer le coup de c\u0153ur sinc\u00e8re du simple argument marketing.","sameAs":["https:\/\/camillerouvray.fr\/"],"url":"https:\/\/voyage-aventure.com\/blog\/auteur\/noname\/"}]}},"_links":{"self":[{"href":"https:\/\/voyage-aventure.com\/blog\/wp-json\/wp\/v2\/posts\/17012","targetHints":{"allow":["GET"]}}],"collection":[{"href":"https:\/\/voyage-aventure.com\/blog\/wp-json\/wp\/v2\/posts"}],"about":[{"href":"https:\/\/voyage-aventure.com\/blog\/wp-json\/wp\/v2\/types\/post"}],"author":[{"embeddable":true,"href":"https:\/\/voyage-aventure.com\/blog\/wp-json\/wp\/v2\/users\/34"}],"replies":[{"embeddable":true,"href":"https:\/\/voyage-aventure.com\/blog\/wp-json\/wp\/v2\/comments?post=17012"}],"version-history":[{"count":1,"href":"https:\/\/voyage-aventure.com\/blog\/wp-json\/wp\/v2\/posts\/17012\/revisions"}],"predecessor-version":[{"id":17016,"href":"https:\/\/voyage-aventure.com\/blog\/wp-json\/wp\/v2\/posts\/17012\/revisions\/17016"}],"wp:featuredmedia":[{"embeddable":true,"href":"https:\/\/voyage-aventure.com\/blog\/wp-json\/wp\/v2\/media\/20773"}],"wp:attachment":[{"href":"https:\/\/voyage-aventure.com\/blog\/wp-json\/wp\/v2\/media?parent=17012"}],"wp:term":[{"taxonomy":"category","embeddable":true,"href":"https:\/\/voyage-aventure.com\/blog\/wp-json\/wp\/v2\/categories?post=17012"},{"taxonomy":"post_tag","embeddable":true,"href":"https:\/\/voyage-aventure.com\/blog\/wp-json\/wp\/v2\/tags?post=17012"}],"curies":[{"name":"wp","href":"https:\/\/api.w.org\/{rel}","templated":true}]}}