{"id":16973,"date":"2025-03-30T20:32:55","date_gmt":"2025-03-30T18:32:55","guid":{"rendered":"https:\/\/voyage-aventure.com\/blog\/?p=16973"},"modified":"2025-03-30T15:43:01","modified_gmt":"2025-03-30T13:43:01","slug":"des-residents-du-yukon-hesitent-a-annuler-leurs-voyages-aux-etats-unis-en-raison-des-tensions-politiques","status":"publish","type":"post","link":"https:\/\/voyage-aventure.com\/blog\/a-la-une\/des-residents-du-yukon-hesitent-a-annuler-leurs-voyages-aux-etats-unis-en-raison-des-tensions-politiques\/","title":{"rendered":"Des r\u00e9sidents du Yukon h\u00e9sitent \u00e0 annuler leurs voyages aux \u00c9tats-Unis en raison des tensions politiques"},"content":{"rendered":"<h2>Des r\u00e9sidents du Yukon modifient leurs projets de voyage<\/h2>\n<p>La guerre tarifaire qui s&rsquo;intensifie a cr\u00e9\u00e9 une atmosph\u00e8re d&rsquo;incertitude, incitant certains \u00e0 annuler leurs d\u00e9placements vers le sud. D&rsquo;autres, cependant, refusent de laisser la politique influencer leurs d\u00e9cisions de voyage.<\/p>\n<p>Selon l&rsquo;Agence des services frontaliers du Canada, le nombre de Canadiens traversant la fronti\u00e8re vers les \u00c9tats-Unis a chut\u00e9, avec 500 000 passages en moins en f\u00e9vrier 2025 par rapport \u00e0 l&rsquo;ann\u00e9e pr\u00e9c\u00e9dente. Les pr\u00e9visions d&rsquo;OAG Aviation indiquent \u00e9galement une baisse de 70 % des r\u00e9servations de vols entre avril et septembre 2025. Cette situation soul\u00e8ve des questions sur l&rsquo;impact de la politique sur les voyages transfrontaliers.<\/p>\n<h2>La s\u00e9curit\u00e9 personnelle au c\u0153ur des pr\u00e9occupations<\/h2>\n<p>La s\u00e9curit\u00e9 personnelle est devenue une pr\u00e9occupation majeure pour certains Yukoners, notamment pour ceux qui appartiennent \u00e0 des groupes marginalis\u00e9s. Finley Parkes, un r\u00e9sident de Whitehorse, a exprim\u00e9 ses inqui\u00e9tudes quant \u00e0 la mont\u00e9e de la transphobie aux \u00c9tats-Unis, ce qui le pousse \u00e0 \u00e9viter le pays. Les incidents de d\u00e9portation et de mauvais traitements rapport\u00e9s contribuent \u00e0 un climat d&rsquo;inqui\u00e9tude.<\/p>\n<p>Parkes, qui a un marqueur de genre &lsquo;x&rsquo; sur son passeport, craint de rencontrer des difficult\u00e9s \u00e0 la fronti\u00e8re. Il pr\u00e9f\u00e8re explorer les nombreuses destinations locales au lieu de prendre des risques en voyageant aux \u00c9tats-Unis. La d\u00e9cision de voyager \u00e0 l&rsquo;int\u00e9rieur du Canada semble \u00eatre une alternative plus s\u00e9curitaire et plus confortable pour de nombreux Yukoners.<\/p>\n<h2>Les partisans du voyage persistent malgr\u00e9 les tensions<\/h2>\n<p>Malgr\u00e9 les r\u00e9ticences de certains, d&rsquo;autres Yukoners continuent de pr\u00e9voir des voyages aux \u00c9tats-Unis. Richelle Bierlmeier, r\u00e9sidente de Whitehorse, d\u00e9fend cette position, affirmant que sa fille, qui \u00e9tudie \u00e0 l&rsquo;Universit\u00e9 d&rsquo;\u00c9tat de l&rsquo;Arizona, ne sera pas rappel\u00e9e au Canada en raison des tensions politiques. Pour elle, la vie continue et les voyages font partie de son mode de vie.<\/p>\n<p>Bierlmeier a pr\u00e9vu des voyages \u00e0 Palm Springs et \u00e0 Haines, en Alaska, pour un festival de bi\u00e8re. Elle se dit \u00e0 l&rsquo;aise de voyager aux \u00c9tats-Unis, ayant un passeport valide et aucun ant\u00e9c\u00e9dent criminel. Sa position met en lumi\u00e8re la diversit\u00e9 des opinions parmi les Yukoners concernant la travers\u00e9e de la fronti\u00e8re.<\/p>\n<ul>\n<li>Les relations entre le Canada et les \u00c9tats-Unis se d\u00e9t\u00e9riorent.<\/li>\n<li>Les Yukoners r\u00e9agissent diff\u00e9remment face aux tensions politiques.<\/li>\n<li>La s\u00e9curit\u00e9 personnelle influence les d\u00e9cisions de voyage.<\/li>\n<li>Certains continuent de voyager, malgr\u00e9 les pr\u00e9occupations.<\/li>\n<li>Les voyages au Canada sont de plus en plus envisag\u00e9s.<\/li>\n<\/ul>\n<blockquote><p>\n\u00ab J&rsquo;ai annul\u00e9 mes projets de voyage, mais je pr\u00e9f\u00e8re explorer notre beau pays. \u00bb &#8211; Donald Hutton, r\u00e9sident du Yukon.\n<\/p><\/blockquote>\n<p>La situation actuelle soul\u00e8ve des questions importantes sur l&rsquo;impact des relations internationales sur les d\u00e9cisions personnelles. Les Yukoners se retrouvent \u00e0 un carrefour, pesant le d\u00e9sir d&rsquo;explorer de nouveaux horizons contre les pr\u00e9occupations l\u00e9gitimes concernant la s\u00e9curit\u00e9 et la politique. Leurs choix de voyage refl\u00e8tent non seulement des pr\u00e9f\u00e9rences personnelles, mais aussi un climat d&rsquo;incertitude et de pr\u00e9occupation face aux tensions croissantes entre les nations.<\/p>\n","protected":false},"excerpt":{"rendered":"","protected":false},"author":34,"featured_media":19508,"comment_status":"open","ping_status":"open","sticky":false,"template":"","format":"standard","meta":{"_acf_changed":false,"manual_indexmenow":false,"indexmenow_id_project":0,"footnotes":""},"categories":[1],"tags":[4527,5688,3170,6340,5755],"class_list":["post-16973","post","type-post","status-publish","format-standard","has-post-thumbnail","hentry","category-a-la-une","tag-decouverte-culturelle","tag-relations-internationales","tag-securite","tag-voyage-au-canada","tag-voyage-en-solo","generate-columns","tablet-grid-50","mobile-grid-100","grid-parent","grid-25"],"acf":[],"yoast_head":"<!-- This site is optimized with the Yoast SEO Premium plugin v21.3 (Yoast SEO v25.1) - https:\/\/yoast.com\/wordpress\/plugins\/seo\/ -->\n<title>Des r\u00e9sidents du Yukon h\u00e9sitent \u00e0 annuler leurs voyages aux<\/title>\n<meta name=\"description\" content=\"Des r\u00e9sidents du Yukon modifient leurs projets de voyage La guerre tarifaire qui s&#039;intensifie a cr\u00e9\u00e9 une atmosph\u00e8re d&#039;incertitude, incitant certains \u00e0\" \/>\n<meta name=\"robots\" content=\"index, follow, max-snippet:-1, max-image-preview:large, max-video-preview:-1\" \/>\n<link rel=\"canonical\" href=\"https:\/\/voyage-aventure.com\/blog\/a-la-une\/des-residents-du-yukon-hesitent-a-annuler-leurs-voyages-aux-etats-unis-en-raison-des-tensions-politiques\/\" \/>\n<meta property=\"og:locale\" content=\"fr_FR\" \/>\n<meta property=\"og:type\" content=\"article\" \/>\n<meta property=\"og:title\" content=\"Des r\u00e9sidents du Yukon h\u00e9sitent \u00e0 annuler leurs voyages aux\" \/>\n<meta property=\"og:description\" content=\"Des r\u00e9sidents du Yukon modifient leurs projets de voyage La guerre tarifaire qui s&#039;intensifie a cr\u00e9\u00e9 une atmosph\u00e8re d&#039;incertitude, incitant certains \u00e0\" \/>\n<meta property=\"og:url\" content=\"https:\/\/voyage-aventure.com\/blog\/a-la-une\/des-residents-du-yukon-hesitent-a-annuler-leurs-voyages-aux-etats-unis-en-raison-des-tensions-politiques\/\" \/>\n<meta property=\"og:site_name\" content=\"voyage-aventure\" \/>\n<meta property=\"og:image\" content=\"https:\/\/voyage-aventure.com\/blog\/wp-content\/uploads\/2025\/05\/sdxl-fadc518467bb9ac564d129c99aeb5f67-scaled.png\" \/>\n\t<meta property=\"og:image:width\" content=\"1200\" \/>\n\t<meta property=\"og:image:height\" content=\"500\" \/>\n\t<meta property=\"og:image:type\" content=\"image\/png\" \/>\n<meta name=\"author\" content=\"Camille Rouvray\" \/>\n<meta name=\"twitter:card\" content=\"summary_large_image\" \/>\n<script type=\"application\/ld+json\" class=\"yoast-schema-graph\">{\"@context\":\"https:\/\/schema.org\",\"@graph\":[{\"@type\":\"NewsArticle\",\"@id\":\"https:\/\/voyage-aventure.com\/blog\/a-la-une\/des-residents-du-yukon-hesitent-a-annuler-leurs-voyages-aux-etats-unis-en-raison-des-tensions-politiques\/#article\",\"isPartOf\":{\"@id\":\"https:\/\/voyage-aventure.com\/blog\/a-la-une\/des-residents-du-yukon-hesitent-a-annuler-leurs-voyages-aux-etats-unis-en-raison-des-tensions-politiques\/\"},\"author\":{\"name\":\"Camille Rouvray\",\"@id\":\"https:\/\/voyage-aventure.com\/blog\/#\/schema\/person\/3c864cdc320801e3db34b663e7e3f816\"},\"headline\":\"Des r\u00e9sidents du Yukon h\u00e9sitent \u00e0 annuler leurs voyages aux \u00c9tats-Unis en raison des tensions politiques\",\"datePublished\":\"2025-03-30T18:32:55+00:00\",\"mainEntityOfPage\":{\"@id\":\"https:\/\/voyage-aventure.com\/blog\/a-la-une\/des-residents-du-yukon-hesitent-a-annuler-leurs-voyages-aux-etats-unis-en-raison-des-tensions-politiques\/\"},\"wordCount\":559,\"commentCount\":21,\"publisher\":{\"@id\":\"https:\/\/voyage-aventure.com\/blog\/#organization\"},\"image\":{\"@id\":\"https:\/\/voyage-aventure.com\/blog\/a-la-une\/des-residents-du-yukon-hesitent-a-annuler-leurs-voyages-aux-etats-unis-en-raison-des-tensions-politiques\/#primaryimage\"},\"thumbnailUrl\":\"https:\/\/voyage-aventure.com\/blog\/wp-content\/uploads\/2025\/05\/sdxl-fadc518467bb9ac564d129c99aeb5f67-scaled.png\",\"keywords\":[\"D\u00e9couverte Culturelle\",\"Relations Internationales\",\"S\u00e9curit\u00e9\",\"Voyage au Canada\",\"Voyage en solo\"],\"articleSection\":[\"\u00c0 la une\"],\"inLanguage\":\"fr-FR\",\"potentialAction\":[{\"@type\":\"CommentAction\",\"name\":\"Comment\",\"target\":[\"https:\/\/voyage-aventure.com\/blog\/a-la-une\/des-residents-du-yukon-hesitent-a-annuler-leurs-voyages-aux-etats-unis-en-raison-des-tensions-politiques\/#respond\"]}]},{\"@type\":\"WebPage\",\"@id\":\"https:\/\/voyage-aventure.com\/blog\/a-la-une\/des-residents-du-yukon-hesitent-a-annuler-leurs-voyages-aux-etats-unis-en-raison-des-tensions-politiques\/\",\"url\":\"https:\/\/voyage-aventure.com\/blog\/a-la-une\/des-residents-du-yukon-hesitent-a-annuler-leurs-voyages-aux-etats-unis-en-raison-des-tensions-politiques\/\",\"name\":\"Des r\u00e9sidents du Yukon h\u00e9sitent \u00e0 annuler leurs voyages aux\",\"isPartOf\":{\"@id\":\"https:\/\/voyage-aventure.com\/blog\/#website\"},\"primaryImageOfPage\":{\"@id\":\"https:\/\/voyage-aventure.com\/blog\/a-la-une\/des-residents-du-yukon-hesitent-a-annuler-leurs-voyages-aux-etats-unis-en-raison-des-tensions-politiques\/#primaryimage\"},\"image\":{\"@id\":\"https:\/\/voyage-aventure.com\/blog\/a-la-une\/des-residents-du-yukon-hesitent-a-annuler-leurs-voyages-aux-etats-unis-en-raison-des-tensions-politiques\/#primaryimage\"},\"thumbnailUrl\":\"https:\/\/voyage-aventure.com\/blog\/wp-content\/uploads\/2025\/05\/sdxl-fadc518467bb9ac564d129c99aeb5f67-scaled.png\",\"datePublished\":\"2025-03-30T18:32:55+00:00\",\"description\":\"Des r\u00e9sidents du Yukon modifient leurs projets de voyage La guerre tarifaire qui s'intensifie a cr\u00e9\u00e9 une atmosph\u00e8re d'incertitude, incitant certains \u00e0\",\"inLanguage\":\"fr-FR\",\"potentialAction\":[{\"@type\":\"ReadAction\",\"target\":[\"https:\/\/voyage-aventure.com\/blog\/a-la-une\/des-residents-du-yukon-hesitent-a-annuler-leurs-voyages-aux-etats-unis-en-raison-des-tensions-politiques\/\"]}]},{\"@type\":\"ImageObject\",\"inLanguage\":\"fr-FR\",\"@id\":\"https:\/\/voyage-aventure.com\/blog\/a-la-une\/des-residents-du-yukon-hesitent-a-annuler-leurs-voyages-aux-etats-unis-en-raison-des-tensions-politiques\/#primaryimage\",\"url\":\"https:\/\/voyage-aventure.com\/blog\/wp-content\/uploads\/2025\/05\/sdxl-fadc518467bb9ac564d129c99aeb5f67-scaled.png\",\"contentUrl\":\"https:\/\/voyage-aventure.com\/blog\/wp-content\/uploads\/2025\/05\/sdxl-fadc518467bb9ac564d129c99aeb5f67-scaled.png\",\"width\":1200,\"height\":500},{\"@type\":\"WebSite\",\"@id\":\"https:\/\/voyage-aventure.com\/blog\/#website\",\"url\":\"https:\/\/voyage-aventure.com\/blog\/\",\"name\":\"voyage-aventure.com\",\"description\":\"Votre passeport pour l\u2019inattendu.\",\"publisher\":{\"@id\":\"https:\/\/voyage-aventure.com\/blog\/#organization\"},\"alternateName\":\"Votre passeport pour l\u2019inattendu.\",\"potentialAction\":[{\"@type\":\"SearchAction\",\"target\":{\"@type\":\"EntryPoint\",\"urlTemplate\":\"https:\/\/voyage-aventure.com\/blog\/?s={search_term_string}\"},\"query-input\":{\"@type\":\"PropertyValueSpecification\",\"valueRequired\":true,\"valueName\":\"search_term_string\"}}],\"inLanguage\":\"fr-FR\"},{\"@type\":\"Organization\",\"@id\":\"https:\/\/voyage-aventure.com\/blog\/#organization\",\"name\":\"Foretsensations.fr\",\"url\":\"https:\/\/voyage-aventure.com\/blog\/\",\"logo\":{\"@type\":\"ImageObject\",\"inLanguage\":\"fr-FR\",\"@id\":\"https:\/\/voyage-aventure.com\/blog\/#\/schema\/logo\/image\/\",\"url\":\"https:\/\/voyage-aventure.com\/blog\/wp-content\/uploads\/2024\/12\/19.png\",\"contentUrl\":\"https:\/\/voyage-aventure.com\/blog\/wp-content\/uploads\/2024\/12\/19.png\",\"width\":512,\"height\":512,\"caption\":\"Foretsensations.fr\"},\"image\":{\"@id\":\"https:\/\/voyage-aventure.com\/blog\/#\/schema\/logo\/image\/\"}},{\"@type\":\"Person\",\"@id\":\"https:\/\/voyage-aventure.com\/blog\/#\/schema\/person\/3c864cdc320801e3db34b663e7e3f816\",\"name\":\"Camille Rouvray\",\"image\":{\"@type\":\"ImageObject\",\"inLanguage\":\"fr-FR\",\"@id\":\"https:\/\/voyage-aventure.com\/blog\/#\/schema\/person\/image\/\",\"url\":\"https:\/\/voyage-aventure.com\/blog\/wp-content\/uploads\/2026\/06\/persona_camille-r-96x96.jpg\",\"contentUrl\":\"https:\/\/voyage-aventure.com\/blog\/wp-content\/uploads\/2026\/06\/persona_camille-r-96x96.jpg\",\"caption\":\"Camille Rouvray\"},\"description\":\"Je voyage et j'\u00e9cris sur le voyage depuis une douzaine d'ann\u00e9es, d'abord en tant que routarde au long cours, puis comme r\u00e9dactrice sp\u00e9cialis\u00e9e. Mon terrain de pr\u00e9dilection, ce sont les circuits organis\u00e9s et l'art de bien pr\u00e9parer un itin\u00e9raire : choix de la saison, dur\u00e9e r\u00e9aliste des \u00e9tapes, budget jour par jour, logement et transport sur place. J'aime aussi raconter les p\u00e9pites urbaines, ces adresses qu'on ne trouve pas dans les guides classiques. Avant de publier un dossier destination, je croise toujours plusieurs sources, je v\u00e9rifie les tarifs et les formalit\u00e9s d'entr\u00e9e \u00e0 jour, et je teste moi-m\u00eame quand je le peux. Mon angle reste pratique avant tout : aider le lecteur \u00e0 partir l'esprit tranquille, sans mauvaise surprise une fois sur place. Je m'attache \u00e0 distinguer le coup de c\u0153ur sinc\u00e8re du simple argument marketing.\",\"sameAs\":[\"https:\/\/camillerouvray.fr\/\"],\"url\":\"https:\/\/voyage-aventure.com\/blog\/auteur\/noname\/\"}]}<\/script>\n<!-- \/ Yoast SEO Premium plugin. -->","yoast_head_json":{"title":"Des r\u00e9sidents du Yukon h\u00e9sitent \u00e0 annuler leurs voyages aux","description":"Des r\u00e9sidents du Yukon modifient leurs projets de voyage La guerre tarifaire qui s'intensifie a cr\u00e9\u00e9 une atmosph\u00e8re d'incertitude, incitant certains \u00e0","robots":{"index":"index","follow":"follow","max-snippet":"max-snippet:-1","max-image-preview":"max-image-preview:large","max-video-preview":"max-video-preview:-1"},"canonical":"https:\/\/voyage-aventure.com\/blog\/a-la-une\/des-residents-du-yukon-hesitent-a-annuler-leurs-voyages-aux-etats-unis-en-raison-des-tensions-politiques\/","og_locale":"fr_FR","og_type":"article","og_title":"Des r\u00e9sidents du Yukon h\u00e9sitent \u00e0 annuler leurs voyages aux","og_description":"Des r\u00e9sidents du Yukon modifient leurs projets de voyage La guerre tarifaire qui s'intensifie a cr\u00e9\u00e9 une atmosph\u00e8re d'incertitude, incitant certains \u00e0","og_url":"https:\/\/voyage-aventure.com\/blog\/a-la-une\/des-residents-du-yukon-hesitent-a-annuler-leurs-voyages-aux-etats-unis-en-raison-des-tensions-politiques\/","og_site_name":"voyage-aventure","og_image":[{"width":1200,"height":500,"url":"https:\/\/voyage-aventure.com\/blog\/wp-content\/uploads\/2025\/05\/sdxl-fadc518467bb9ac564d129c99aeb5f67-scaled.png","type":"image\/png"}],"author":"Camille Rouvray","twitter_card":"summary_large_image","schema":{"@context":"https:\/\/schema.org","@graph":[{"@type":"NewsArticle","@id":"https:\/\/voyage-aventure.com\/blog\/a-la-une\/des-residents-du-yukon-hesitent-a-annuler-leurs-voyages-aux-etats-unis-en-raison-des-tensions-politiques\/#article","isPartOf":{"@id":"https:\/\/voyage-aventure.com\/blog\/a-la-une\/des-residents-du-yukon-hesitent-a-annuler-leurs-voyages-aux-etats-unis-en-raison-des-tensions-politiques\/"},"author":{"name":"Camille Rouvray","@id":"https:\/\/voyage-aventure.com\/blog\/#\/schema\/person\/3c864cdc320801e3db34b663e7e3f816"},"headline":"Des r\u00e9sidents du Yukon h\u00e9sitent \u00e0 annuler leurs voyages aux \u00c9tats-Unis en raison des tensions politiques","datePublished":"2025-03-30T18:32:55+00:00","mainEntityOfPage":{"@id":"https:\/\/voyage-aventure.com\/blog\/a-la-une\/des-residents-du-yukon-hesitent-a-annuler-leurs-voyages-aux-etats-unis-en-raison-des-tensions-politiques\/"},"wordCount":559,"commentCount":21,"publisher":{"@id":"https:\/\/voyage-aventure.com\/blog\/#organization"},"image":{"@id":"https:\/\/voyage-aventure.com\/blog\/a-la-une\/des-residents-du-yukon-hesitent-a-annuler-leurs-voyages-aux-etats-unis-en-raison-des-tensions-politiques\/#primaryimage"},"thumbnailUrl":"https:\/\/voyage-aventure.com\/blog\/wp-content\/uploads\/2025\/05\/sdxl-fadc518467bb9ac564d129c99aeb5f67-scaled.png","keywords":["D\u00e9couverte Culturelle","Relations Internationales","S\u00e9curit\u00e9","Voyage au Canada","Voyage en solo"],"articleSection":["\u00c0 la une"],"inLanguage":"fr-FR","potentialAction":[{"@type":"CommentAction","name":"Comment","target":["https:\/\/voyage-aventure.com\/blog\/a-la-une\/des-residents-du-yukon-hesitent-a-annuler-leurs-voyages-aux-etats-unis-en-raison-des-tensions-politiques\/#respond"]}]},{"@type":"WebPage","@id":"https:\/\/voyage-aventure.com\/blog\/a-la-une\/des-residents-du-yukon-hesitent-a-annuler-leurs-voyages-aux-etats-unis-en-raison-des-tensions-politiques\/","url":"https:\/\/voyage-aventure.com\/blog\/a-la-une\/des-residents-du-yukon-hesitent-a-annuler-leurs-voyages-aux-etats-unis-en-raison-des-tensions-politiques\/","name":"Des r\u00e9sidents du Yukon h\u00e9sitent \u00e0 annuler leurs voyages aux","isPartOf":{"@id":"https:\/\/voyage-aventure.com\/blog\/#website"},"primaryImageOfPage":{"@id":"https:\/\/voyage-aventure.com\/blog\/a-la-une\/des-residents-du-yukon-hesitent-a-annuler-leurs-voyages-aux-etats-unis-en-raison-des-tensions-politiques\/#primaryimage"},"image":{"@id":"https:\/\/voyage-aventure.com\/blog\/a-la-une\/des-residents-du-yukon-hesitent-a-annuler-leurs-voyages-aux-etats-unis-en-raison-des-tensions-politiques\/#primaryimage"},"thumbnailUrl":"https:\/\/voyage-aventure.com\/blog\/wp-content\/uploads\/2025\/05\/sdxl-fadc518467bb9ac564d129c99aeb5f67-scaled.png","datePublished":"2025-03-30T18:32:55+00:00","description":"Des r\u00e9sidents du Yukon modifient leurs projets de voyage La guerre tarifaire qui s'intensifie a cr\u00e9\u00e9 une atmosph\u00e8re d'incertitude, incitant certains \u00e0","inLanguage":"fr-FR","potentialAction":[{"@type":"ReadAction","target":["https:\/\/voyage-aventure.com\/blog\/a-la-une\/des-residents-du-yukon-hesitent-a-annuler-leurs-voyages-aux-etats-unis-en-raison-des-tensions-politiques\/"]}]},{"@type":"ImageObject","inLanguage":"fr-FR","@id":"https:\/\/voyage-aventure.com\/blog\/a-la-une\/des-residents-du-yukon-hesitent-a-annuler-leurs-voyages-aux-etats-unis-en-raison-des-tensions-politiques\/#primaryimage","url":"https:\/\/voyage-aventure.com\/blog\/wp-content\/uploads\/2025\/05\/sdxl-fadc518467bb9ac564d129c99aeb5f67-scaled.png","contentUrl":"https:\/\/voyage-aventure.com\/blog\/wp-content\/uploads\/2025\/05\/sdxl-fadc518467bb9ac564d129c99aeb5f67-scaled.png","width":1200,"height":500},{"@type":"WebSite","@id":"https:\/\/voyage-aventure.com\/blog\/#website","url":"https:\/\/voyage-aventure.com\/blog\/","name":"voyage-aventure.com","description":"Votre passeport pour l\u2019inattendu.","publisher":{"@id":"https:\/\/voyage-aventure.com\/blog\/#organization"},"alternateName":"Votre passeport pour l\u2019inattendu.","potentialAction":[{"@type":"SearchAction","target":{"@type":"EntryPoint","urlTemplate":"https:\/\/voyage-aventure.com\/blog\/?s={search_term_string}"},"query-input":{"@type":"PropertyValueSpecification","valueRequired":true,"valueName":"search_term_string"}}],"inLanguage":"fr-FR"},{"@type":"Organization","@id":"https:\/\/voyage-aventure.com\/blog\/#organization","name":"Foretsensations.fr","url":"https:\/\/voyage-aventure.com\/blog\/","logo":{"@type":"ImageObject","inLanguage":"fr-FR","@id":"https:\/\/voyage-aventure.com\/blog\/#\/schema\/logo\/image\/","url":"https:\/\/voyage-aventure.com\/blog\/wp-content\/uploads\/2024\/12\/19.png","contentUrl":"https:\/\/voyage-aventure.com\/blog\/wp-content\/uploads\/2024\/12\/19.png","width":512,"height":512,"caption":"Foretsensations.fr"},"image":{"@id":"https:\/\/voyage-aventure.com\/blog\/#\/schema\/logo\/image\/"}},{"@type":"Person","@id":"https:\/\/voyage-aventure.com\/blog\/#\/schema\/person\/3c864cdc320801e3db34b663e7e3f816","name":"Camille Rouvray","image":{"@type":"ImageObject","inLanguage":"fr-FR","@id":"https:\/\/voyage-aventure.com\/blog\/#\/schema\/person\/image\/","url":"https:\/\/voyage-aventure.com\/blog\/wp-content\/uploads\/2026\/06\/persona_camille-r-96x96.jpg","contentUrl":"https:\/\/voyage-aventure.com\/blog\/wp-content\/uploads\/2026\/06\/persona_camille-r-96x96.jpg","caption":"Camille Rouvray"},"description":"Je voyage et j'\u00e9cris sur le voyage depuis une douzaine d'ann\u00e9es, d'abord en tant que routarde au long cours, puis comme r\u00e9dactrice sp\u00e9cialis\u00e9e. Mon terrain de pr\u00e9dilection, ce sont les circuits organis\u00e9s et l'art de bien pr\u00e9parer un itin\u00e9raire : choix de la saison, dur\u00e9e r\u00e9aliste des \u00e9tapes, budget jour par jour, logement et transport sur place. J'aime aussi raconter les p\u00e9pites urbaines, ces adresses qu'on ne trouve pas dans les guides classiques. Avant de publier un dossier destination, je croise toujours plusieurs sources, je v\u00e9rifie les tarifs et les formalit\u00e9s d'entr\u00e9e \u00e0 jour, et je teste moi-m\u00eame quand je le peux. Mon angle reste pratique avant tout : aider le lecteur \u00e0 partir l'esprit tranquille, sans mauvaise surprise une fois sur place. Je m'attache \u00e0 distinguer le coup de c\u0153ur sinc\u00e8re du simple argument marketing.","sameAs":["https:\/\/camillerouvray.fr\/"],"url":"https:\/\/voyage-aventure.com\/blog\/auteur\/noname\/"}]}},"_links":{"self":[{"href":"https:\/\/voyage-aventure.com\/blog\/wp-json\/wp\/v2\/posts\/16973","targetHints":{"allow":["GET"]}}],"collection":[{"href":"https:\/\/voyage-aventure.com\/blog\/wp-json\/wp\/v2\/posts"}],"about":[{"href":"https:\/\/voyage-aventure.com\/blog\/wp-json\/wp\/v2\/types\/post"}],"author":[{"embeddable":true,"href":"https:\/\/voyage-aventure.com\/blog\/wp-json\/wp\/v2\/users\/34"}],"replies":[{"embeddable":true,"href":"https:\/\/voyage-aventure.com\/blog\/wp-json\/wp\/v2\/comments?post=16973"}],"version-history":[{"count":1,"href":"https:\/\/voyage-aventure.com\/blog\/wp-json\/wp\/v2\/posts\/16973\/revisions"}],"predecessor-version":[{"id":16995,"href":"https:\/\/voyage-aventure.com\/blog\/wp-json\/wp\/v2\/posts\/16973\/revisions\/16995"}],"wp:featuredmedia":[{"embeddable":true,"href":"https:\/\/voyage-aventure.com\/blog\/wp-json\/wp\/v2\/media\/19508"}],"wp:attachment":[{"href":"https:\/\/voyage-aventure.com\/blog\/wp-json\/wp\/v2\/media?parent=16973"}],"wp:term":[{"taxonomy":"category","embeddable":true,"href":"https:\/\/voyage-aventure.com\/blog\/wp-json\/wp\/v2\/categories?post=16973"},{"taxonomy":"post_tag","embeddable":true,"href":"https:\/\/voyage-aventure.com\/blog\/wp-json\/wp\/v2\/tags?post=16973"}],"curies":[{"name":"wp","href":"https:\/\/api.w.org\/{rel}","templated":true}]}}