{"id":16909,"date":"2026-06-16T17:45:48","date_gmt":"2026-06-16T15:45:48","guid":{"rendered":"https:\/\/voyage-aventure.com\/blog\/?p=16909"},"modified":"2026-06-16T17:45:48","modified_gmt":"2026-06-16T15:45:48","slug":"urgent-des-milliers-damericains-invites-a-eviter-tout-voyage-face-a-une-tempete-de-verglas","status":"publish","type":"post","link":"https:\/\/voyage-aventure.com\/blog\/a-la-une\/urgent-des-milliers-damericains-invites-a-eviter-tout-voyage-face-a-une-tempete-de-verglas\/","title":{"rendered":"Urgent : des milliers d&rsquo;Am\u00e9ricains invit\u00e9s \u00e0 \u00e9viter tout voyage face \u00e0 une temp\u00eate de verglas"},"content":{"rendered":"<link rel=\"stylesheet\" href=\"https:\/\/fonts.googleapis.com\/css2?family=Newsreader:ital,opsz,wght@0,6..72,500..700;1,6..72,500..600&#038;family=Inter:wght@400;500;600&#038;family=JetBrains+Mono:wght@500&#038;display=swap\">\n<style>\n.va-verglas-wrap{font-family:'Inter',-apple-system,sans-serif;color:#1B2733;line-height:1.65;font-size:17px;max-width:760px;margin:0 auto}\n.va-verglas-wrap h2{font-family:'Newsreader',Georgia,serif;font-weight:700;color:#11202E;font-size:clamp(24px,3.2vw,33px);letter-spacing:-.01em;line-height:1.18;margin:52px 0 18px}\n.va-verglas-wrap h3{font-family:'Newsreader',Georgia,serif;font-weight:600;color:#11202E;font-size:21px;margin:26px 0 10px}\n.va-verglas-wrap p{margin:0 0 18px}\n.va-verglas-dateline{font-family:'JetBrains Mono',monospace;font-size:12.5px;font-weight:500;letter-spacing:.08em;text-transform:uppercase;color:#2C6E9B;display:flex;align-items:center;gap:10px;margin:0 0 14px}\n.va-verglas-dateline span{display:inline-block;width:28px;height:2px;background:#3D8FC4}\n.va-verglas-lead{font-family:'Newsreader',Georgia,serif;font-weight:500;font-size:20.5px;line-height:1.5;color:#33485B;margin:0 0 30px}\n.va-verglas-essentiel{background:linear-gradient(180deg,#EEF6FB 0%,#E4F1F9 100%);border-left:5px solid #2C6E9B;border-radius:0 12px 12px 0;padding:24px 28px;margin:0 0 40px;box-shadow:0 1px 2px rgba(16,24,40,.05),0 14px 30px -18px rgba(20,52,79,.32)}\n.va-verglas-essentiel .va-verglas-kicker{font-family:'JetBrains Mono',monospace;font-size:11.5px;font-weight:500;letter-spacing:.14em;text-transform:uppercase;color:#2C6E9B;margin:0 0 14px}\n.va-verglas-essentiel ul{list-style:none;margin:0;padding:0}\n.va-verglas-essentiel li{display:flex;gap:13px;align-items:flex-start;padding:9px 0;border-top:1px solid rgba(44,110,155,.16);font-size:16px}\n.va-verglas-essentiel li:first-child{border-top:none}\n.va-verglas-essentiel li b{font-family:'JetBrains Mono',monospace;font-size:11px;font-weight:500;letter-spacing:.08em;text-transform:uppercase;color:#fff;background:#2C6E9B;padding:4px 9px;border-radius:5px;white-space:nowrap;margin-top:2px}\n.va-verglas-zones{display:grid;grid-template-columns:repeat(auto-fit,minmax(220px,1fr));gap:20px;margin:28px 0 8px}\n.va-verglas-zone{background:#fff;border:1px solid #DCE6EE;border-top:3px solid #3D8FC4;border-radius:11px;padding:22px 22px 24px;transition:.25s ease;box-shadow:0 1px 2px rgba(16,24,40,.05),0 12px 28px -18px rgba(20,52,79,.22)}\n.va-verglas-zone:hover{transform:translateY(-3px);border-top-color:#2C6E9B;box-shadow:0 1px 2px rgba(16,24,40,.06),0 18px 36px -16px rgba(20,52,79,.34)}\n.va-verglas-zone .va-verglas-zt{font-family:'Newsreader',Georgia,serif;font-weight:700;font-size:19px;color:#11202E;margin:0 0 6px}\n.va-verglas-zone .va-verglas-zr{font-family:'JetBrains Mono',monospace;font-size:11.5px;letter-spacing:.05em;color:#2C6E9B;text-transform:uppercase;margin:0 0 12px}\n.va-verglas-zone .va-verglas-zx{font-size:15.5px;color:#3A4D5E;line-height:1.55}\n.va-verglas-quote{position:relative;font-family:'Newsreader',Georgia,serif;font-style:italic;font-weight:500;font-size:22px;line-height:1.45;color:#1B2733;border-left:4px solid #3D8FC4;padding:6px 0 6px 26px;margin:34px 0}\n.va-verglas-quote .va-verglas-src{display:block;font-family:'JetBrains Mono',monospace;font-style:normal;font-size:12px;letter-spacing:.05em;text-transform:uppercase;color:#5B7186;margin-top:14px}\n.va-verglas-aretenir{background:#11202E;color:#DCE8F1;border-radius:14px;padding:28px 30px;margin:46px 0 20px;box-shadow:0 18px 40px -22px rgba(17,32,46,.7)}\n.va-verglas-aretenir .va-verglas-kicker{font-family:'JetBrains Mono',monospace;font-size:11.5px;font-weight:500;letter-spacing:.14em;text-transform:uppercase;color:#6FB6E3;margin:0 0 16px}\n.va-verglas-aretenir ul{list-style:none;margin:0;padding:0}\n.va-verglas-aretenir li{display:flex;gap:12px;align-items:flex-start;padding:8px 0;font-size:15.5px;line-height:1.5}\n.va-verglas-aretenir li::before{content:\"\u2744\";color:#6FB6E3;font-size:15px;margin-top:1px}\n@media(max-width:640px){.va-verglas-wrap{font-size:16px}.va-verglas-essentiel,.va-verglas-aretenir{padding:22px 20px}}\n\/*RENDERFIX2*\/.va-verglas-essentiel li b{color:#eef3f9!important}.va-verglas-essentiel li b p,.va-verglas-essentiel li b li,.va-verglas-essentiel li b strong,.va-verglas-essentiel li b em,.va-verglas-essentiel li b a,.va-verglas-essentiel li b span,.va-verglas-essentiel li b b,.va-verglas-essentiel li b td,.va-verglas-essentiel li b th,.va-verglas-essentiel li b h2,.va-verglas-essentiel li b h3,.va-verglas-essentiel li b h4{color:#eef3f9!important}.va-verglas-essentiel li b strong,.va-verglas-essentiel li b b{color:#ffffff!important}.va-verglas-aretenir{color:#eef3f9!important}.va-verglas-aretenir p,.va-verglas-aretenir li,.va-verglas-aretenir strong,.va-verglas-aretenir em,.va-verglas-aretenir a,.va-verglas-aretenir span,.va-verglas-aretenir b,.va-verglas-aretenir td,.va-verglas-aretenir th,.va-verglas-aretenir h2,.va-verglas-aretenir h3,.va-verglas-aretenir h4{color:#eef3f9!important}.va-verglas-aretenir strong,.va-verglas-aretenir b{color:#ffffff!important}<\/style>\n<div class=\"va-verglas-wrap\">\n<div class=\"va-verglas-dateline\"><span><\/span>Alerte m\u00e9t\u00e9o \u00b7 29 mars 2025 \u00b7 Grands Lacs &amp; Nord-Est, \u00c9tats-Unis<\/div>\n<p class=\"va-verglas-lead\">Une temp\u00eate de verglas a plac\u00e9 plusieurs \u00c9tats am\u00e9ricains sous avertissement fin mars 2025. Pluie vergla\u00e7ante, neige et gr\u00e9sil mena\u00e7aient les routes, le r\u00e9seau \u00e9lectrique et les structures, conduisant les autorit\u00e9s \u00e0 inviter des milliers d&rsquo;habitants \u00e0 reporter tout d\u00e9placement non essentiel.<\/p>\n<div class=\"va-verglas-essentiel\">\n<div class=\"va-verglas-kicker\">L&rsquo;essentiel<\/div>\n<ul>\n<li><b>Quoi<\/b><span>Avis de temp\u00eate de verglas : pluie vergla\u00e7ante, neige et gr\u00e9sil cr\u00e9ant des routes dangereuses, des pannes de courant et des chutes de branches.<\/span><\/li>\n<li><b>O\u00f9 \/ Quand<\/b><span>Michigan et Wisconsin en premi\u00e8re ligne, avertissements en vigueur jusqu&rsquo;au dimanche soir ; prudence \u00e9tendue au Minnesota, au Vermont et \u00e0 New York.<\/span><\/li>\n<li><b>Pourquoi<\/b><span>Les autorit\u00e9s invitaient les r\u00e9sidents \u00e0 rester chez eux : routes, ponts et viaducs extr\u00eamement glissants, risque de coupures d&rsquo;\u00e9lectricit\u00e9 et de chutes.<\/span><\/li>\n<\/ul>\n<\/div>\n<h2>Les dangers d&rsquo;une temp\u00eate de verglas<\/h2>\n<p>Les surfaces glissantes rendent la conduite extr\u00eamement p\u00e9rilleuse et augmentent le risque d&rsquo;accidents de la route. La chute de branches d&rsquo;arbres et les lignes \u00e9lectriques tomb\u00e9es peuvent par ailleurs provoquer des pannes de courant g\u00e9n\u00e9ralis\u00e9es, laissant des habitants sans \u00e9lectricit\u00e9 ni chauffage.<\/p>\n<p>La pression exerc\u00e9e par la glace peut aussi endommager les toits et les structures, tandis que les trottoirs et les all\u00e9es verglac\u00e9s multiplient les risques de chutes et de blessures. Les autorit\u00e9s appelaient donc \u00e0 la vigilance et \u00e0 bien mesurer les cons\u00e9quences d&rsquo;un \u00e9ventuel d\u00e9placement dans de telles conditions.<\/p>\n<h2>Informations essentielles \u00e0 conna\u00eetre<\/h2>\n<p>Un avis de temp\u00eate de verglas avait \u00e9t\u00e9 \u00e9mis pour certaines r\u00e9gions du Michigan et du Wisconsin, avec des pr\u00e9visions de pluie vergla\u00e7ante, de neige et de gr\u00e9sil. Ces conditions devaient rendre les routes dangereuses, provoquer des pannes de courant et faire tomber des branches d&rsquo;arbres. Voici les zones les plus expos\u00e9es d&rsquo;apr\u00e8s les pr\u00e9visions.<\/p>\n<div class=\"va-verglas-zones\">\n<div class=\"va-verglas-zone\">\n<div class=\"va-verglas-zt\">P\u00e9ninsule sup\u00e9rieure du Michigan<\/div>\n<div class=\"va-verglas-zr\">Comt\u00e9s Alger &amp; Luce<\/div>\n<div class=\"va-verglas-zx\">Jusqu&rsquo;\u00e0 8 pouces de neige attendus et des couches de glace atteignant un demi-pouce.<\/div>\n<\/div>\n<div class=\"va-verglas-zone\">\n<div class=\"va-verglas-zt\">Axe M-28 et au nord<\/div>\n<div class=\"va-verglas-zr\">Michigan<\/div>\n<div class=\"va-verglas-zx\">Chutes de neige significatives rendant les routes presque impraticables.<\/div>\n<\/div>\n<div class=\"va-verglas-zone\">\n<div class=\"va-verglas-zt\">Comt\u00e9s du Wisconsin<\/div>\n<div class=\"va-verglas-zr\">Price &amp; Langlade<\/div>\n<div class=\"va-verglas-zx\">Sous avertissement de temp\u00eate de verglas jusqu&rsquo;au dimanche soir, avec 1 \u00e0 6 pouces de neige.<\/div>\n<\/div>\n<\/div>\n<h3>Les bons r\u00e9flexes pendant l&rsquo;alerte<\/h3>\n<ul>\n<li>\u00c9vitez tout d\u00e9placement non essentiel.<\/li>\n<li>Pr\u00e9parez des fournitures d&rsquo;urgence : nourriture, eau, lampe de poche.<\/li>\n<li>Signalez les lignes \u00e9lectriques tomb\u00e9es.<\/li>\n<li>Restez inform\u00e9 des pr\u00e9visions m\u00e9t\u00e9orologiques locales.<\/li>\n<\/ul>\n<h2>R\u00e9actions des autorit\u00e9s et des r\u00e9sidents<\/h2>\n<div class=\"va-verglas-quote\">La plupart de la p\u00e9ninsule sup\u00e9rieure peut s&rsquo;attendre \u00e0 une pause dans les pr\u00e9cipitations hivernales aujourd&rsquo;hui, mais une forte neige et un m\u00e9lange hivernal arriveront ce soir et persisteront jusqu&rsquo;\u00e0 dimanche.<br \/>\n<span class=\"va-verglas-src\">\u2014 Service m\u00e9t\u00e9orologique national, Marquette (Michigan)<\/span><\/div>\n<p>Les autorit\u00e9s mettaient en garde contre les d\u00e9placements, car les routes, les ponts et les viaducs s&rsquo;annon\u00e7aient extr\u00eamement glissants. Les r\u00e9sidents \u00e9taient fortement invit\u00e9s \u00e0 rester chez eux, sauf en cas d&rsquo;urgence. Pour ceux qui devaient sortir, il \u00e9tait crucial de se pr\u00e9parer \u00e0 d&rsquo;\u00e9ventuelles pannes de courant et de signaler toute ligne \u00e9lectrique tomb\u00e9e.<\/p>\n<h2>Perspectives pour les jours \u00e0 venir<\/h2>\n<p>La temp\u00eate devait commencer \u00e0 se calmer le dimanche soir, mais des risques de verglas persistaient sur les lignes \u00e9lectriques et les arbres, pouvant engendrer des dangers jusqu&rsquo;au lundi. Les pr\u00e9visions indiquaient un retour \u00e0 des conditions plus stables, tout en appelant \u00e0 rester vigilant et inform\u00e9 : les r\u00e9sidents devaient continuer \u00e0 surveiller les mises \u00e0 jour locales pour rester en s\u00e9curit\u00e9.<\/p>\n<p>Les recommandations de prudence s&rsquo;\u00e9tendaient sur plusieurs \u00c9tats, dont le Michigan, le Wisconsin, le Minnesota, le Vermont et New York. Face \u00e0 ces conditions climatiques extr\u00eames, la communaut\u00e9 \u00e9tait appel\u00e9e \u00e0 faire preuve de solidarit\u00e9 et d&rsquo;entraide.<\/p>\n<div class=\"va-verglas-aretenir\">\n<div class=\"va-verglas-kicker\">\u00c0 retenir<\/div>\n<ul>\n<li>Avis de temp\u00eate de verglas fin mars 2025 sur le Michigan et le Wisconsin, prudence \u00e9tendue au Minnesota, au Vermont et \u00e0 New York.<\/li>\n<li>Jusqu&rsquo;\u00e0 8 pouces de neige et un demi-pouce de glace attendus sur les comt\u00e9s d&rsquo;Alger et de Luce ; 1 \u00e0 6 pouces sur Price et Langlade.<\/li>\n<li>Routes, ponts et viaducs annonc\u00e9s extr\u00eamement glissants : d\u00e9placements non essentiels d\u00e9conseill\u00e9s.<\/li>\n<li>Risque de pannes de courant et de chutes de branches ; signaler toute ligne \u00e9lectrique tomb\u00e9e.<\/li>\n<li>Accalmie esp\u00e9r\u00e9e le dimanche soir, mais dangers li\u00e9s au verglas possibles jusqu&rsquo;au lundi.<\/li>\n<\/ul>\n<\/div>\n<\/div>\n","protected":false},"excerpt":{"rendered":"","protected":false},"author":34,"featured_media":19522,"comment_status":"open","ping_status":"open","sticky":false,"template":"","format":"standard","meta":{"_acf_changed":false,"manual_indexmenow":false,"indexmenow_id_project":0,"footnotes":""},"categories":[1],"tags":[4564,3726,3800,4713,3170],"class_list":["post-16909","post","type-post","status-publish","format-standard","has-post-thumbnail","hentry","category-a-la-une","tag-assistance-medicale","tag-conditions-meteorologiques","tag-emotions","tag-preparation","tag-securite","generate-columns","tablet-grid-50","mobile-grid-100","grid-parent","grid-25"],"acf":[],"yoast_head":"<!-- This site is optimized with the Yoast SEO Premium plugin v21.3 (Yoast SEO v25.1) - https:\/\/yoast.com\/wordpress\/plugins\/seo\/ -->\n<title>Urgent : des milliers d&#039;Am\u00e9ricains invit\u00e9s \u00e0 \u00e9viter tout<\/title>\n<meta name=\"description\" content=\"Alerte m\u00e9t\u00e9o \u00b7 29 mars 2025 \u00b7 Grands Lacs &amp; Nord-Est, \u00c9tats-Unis Une temp\u00eate de verglas a plac\u00e9 plusieurs \u00c9tats am\u00e9ricains sous avertissement fin mars\" \/>\n<meta name=\"robots\" content=\"index, follow, max-snippet:-1, max-image-preview:large, max-video-preview:-1\" \/>\n<link rel=\"canonical\" href=\"https:\/\/voyage-aventure.com\/blog\/a-la-une\/urgent-des-milliers-damericains-invites-a-eviter-tout-voyage-face-a-une-tempete-de-verglas\/\" \/>\n<meta property=\"og:locale\" content=\"fr_FR\" \/>\n<meta property=\"og:type\" content=\"article\" \/>\n<meta property=\"og:title\" content=\"Urgent : des milliers d&#039;Am\u00e9ricains invit\u00e9s \u00e0 \u00e9viter tout\" \/>\n<meta property=\"og:description\" content=\"Alerte m\u00e9t\u00e9o \u00b7 29 mars 2025 \u00b7 Grands Lacs &amp; Nord-Est, \u00c9tats-Unis Une temp\u00eate de verglas a plac\u00e9 plusieurs \u00c9tats am\u00e9ricains sous avertissement fin mars\" \/>\n<meta property=\"og:url\" content=\"https:\/\/voyage-aventure.com\/blog\/a-la-une\/urgent-des-milliers-damericains-invites-a-eviter-tout-voyage-face-a-une-tempete-de-verglas\/\" \/>\n<meta property=\"og:site_name\" content=\"voyage-aventure\" \/>\n<meta property=\"og:image\" content=\"https:\/\/voyage-aventure.com\/blog\/wp-content\/uploads\/2025\/05\/sdxl-8d3fc780a53b4ef77ef55d916c4bb3cc-scaled.png\" \/>\n\t<meta property=\"og:image:width\" content=\"1200\" \/>\n\t<meta property=\"og:image:height\" content=\"500\" \/>\n\t<meta property=\"og:image:type\" content=\"image\/png\" \/>\n<meta name=\"author\" content=\"Camille Rouvray\" \/>\n<meta name=\"twitter:card\" content=\"summary_large_image\" \/>\n<script type=\"application\/ld+json\" class=\"yoast-schema-graph\">{\"@context\":\"https:\/\/schema.org\",\"@graph\":[{\"@type\":\"NewsArticle\",\"@id\":\"https:\/\/voyage-aventure.com\/blog\/a-la-une\/urgent-des-milliers-damericains-invites-a-eviter-tout-voyage-face-a-une-tempete-de-verglas\/#article\",\"isPartOf\":{\"@id\":\"https:\/\/voyage-aventure.com\/blog\/a-la-une\/urgent-des-milliers-damericains-invites-a-eviter-tout-voyage-face-a-une-tempete-de-verglas\/\"},\"author\":{\"name\":\"Camille Rouvray\",\"@id\":\"https:\/\/voyage-aventure.com\/blog\/#\/schema\/person\/3c864cdc320801e3db34b663e7e3f816\"},\"headline\":\"Urgent : des milliers d&rsquo;Am\u00e9ricains invit\u00e9s \u00e0 \u00e9viter tout voyage face \u00e0 une temp\u00eate de verglas\",\"datePublished\":\"2026-06-16T15:45:48+00:00\",\"mainEntityOfPage\":{\"@id\":\"https:\/\/voyage-aventure.com\/blog\/a-la-une\/urgent-des-milliers-damericains-invites-a-eviter-tout-voyage-face-a-une-tempete-de-verglas\/\"},\"wordCount\":757,\"commentCount\":25,\"publisher\":{\"@id\":\"https:\/\/voyage-aventure.com\/blog\/#organization\"},\"image\":{\"@id\":\"https:\/\/voyage-aventure.com\/blog\/a-la-une\/urgent-des-milliers-damericains-invites-a-eviter-tout-voyage-face-a-une-tempete-de-verglas\/#primaryimage\"},\"thumbnailUrl\":\"https:\/\/voyage-aventure.com\/blog\/wp-content\/uploads\/2025\/05\/sdxl-8d3fc780a53b4ef77ef55d916c4bb3cc-scaled.png\",\"keywords\":[\"Assistance M\u00e9dicale\",\"Conditions M\u00e9t\u00e9orologiques\",\"\u00c9motions\",\"Pr\u00e9paration\",\"S\u00e9curit\u00e9\"],\"articleSection\":[\"\u00c0 la une\"],\"inLanguage\":\"fr-FR\",\"potentialAction\":[{\"@type\":\"CommentAction\",\"name\":\"Comment\",\"target\":[\"https:\/\/voyage-aventure.com\/blog\/a-la-une\/urgent-des-milliers-damericains-invites-a-eviter-tout-voyage-face-a-une-tempete-de-verglas\/#respond\"]}]},{\"@type\":\"WebPage\",\"@id\":\"https:\/\/voyage-aventure.com\/blog\/a-la-une\/urgent-des-milliers-damericains-invites-a-eviter-tout-voyage-face-a-une-tempete-de-verglas\/\",\"url\":\"https:\/\/voyage-aventure.com\/blog\/a-la-une\/urgent-des-milliers-damericains-invites-a-eviter-tout-voyage-face-a-une-tempete-de-verglas\/\",\"name\":\"Urgent : des milliers d'Am\u00e9ricains invit\u00e9s \u00e0 \u00e9viter tout\",\"isPartOf\":{\"@id\":\"https:\/\/voyage-aventure.com\/blog\/#website\"},\"primaryImageOfPage\":{\"@id\":\"https:\/\/voyage-aventure.com\/blog\/a-la-une\/urgent-des-milliers-damericains-invites-a-eviter-tout-voyage-face-a-une-tempete-de-verglas\/#primaryimage\"},\"image\":{\"@id\":\"https:\/\/voyage-aventure.com\/blog\/a-la-une\/urgent-des-milliers-damericains-invites-a-eviter-tout-voyage-face-a-une-tempete-de-verglas\/#primaryimage\"},\"thumbnailUrl\":\"https:\/\/voyage-aventure.com\/blog\/wp-content\/uploads\/2025\/05\/sdxl-8d3fc780a53b4ef77ef55d916c4bb3cc-scaled.png\",\"datePublished\":\"2026-06-16T15:45:48+00:00\",\"description\":\"Alerte m\u00e9t\u00e9o \u00b7 29 mars 2025 \u00b7 Grands Lacs & Nord-Est, \u00c9tats-Unis Une temp\u00eate de verglas a plac\u00e9 plusieurs \u00c9tats am\u00e9ricains sous avertissement fin mars\",\"inLanguage\":\"fr-FR\",\"potentialAction\":[{\"@type\":\"ReadAction\",\"target\":[\"https:\/\/voyage-aventure.com\/blog\/a-la-une\/urgent-des-milliers-damericains-invites-a-eviter-tout-voyage-face-a-une-tempete-de-verglas\/\"]}]},{\"@type\":\"ImageObject\",\"inLanguage\":\"fr-FR\",\"@id\":\"https:\/\/voyage-aventure.com\/blog\/a-la-une\/urgent-des-milliers-damericains-invites-a-eviter-tout-voyage-face-a-une-tempete-de-verglas\/#primaryimage\",\"url\":\"https:\/\/voyage-aventure.com\/blog\/wp-content\/uploads\/2025\/05\/sdxl-8d3fc780a53b4ef77ef55d916c4bb3cc-scaled.png\",\"contentUrl\":\"https:\/\/voyage-aventure.com\/blog\/wp-content\/uploads\/2025\/05\/sdxl-8d3fc780a53b4ef77ef55d916c4bb3cc-scaled.png\",\"width\":1200,\"height\":500},{\"@type\":\"WebSite\",\"@id\":\"https:\/\/voyage-aventure.com\/blog\/#website\",\"url\":\"https:\/\/voyage-aventure.com\/blog\/\",\"name\":\"voyage-aventure.com\",\"description\":\"Votre passeport pour l\u2019inattendu.\",\"publisher\":{\"@id\":\"https:\/\/voyage-aventure.com\/blog\/#organization\"},\"alternateName\":\"Votre passeport pour l\u2019inattendu.\",\"potentialAction\":[{\"@type\":\"SearchAction\",\"target\":{\"@type\":\"EntryPoint\",\"urlTemplate\":\"https:\/\/voyage-aventure.com\/blog\/?s={search_term_string}\"},\"query-input\":{\"@type\":\"PropertyValueSpecification\",\"valueRequired\":true,\"valueName\":\"search_term_string\"}}],\"inLanguage\":\"fr-FR\"},{\"@type\":\"Organization\",\"@id\":\"https:\/\/voyage-aventure.com\/blog\/#organization\",\"name\":\"Foretsensations.fr\",\"url\":\"https:\/\/voyage-aventure.com\/blog\/\",\"logo\":{\"@type\":\"ImageObject\",\"inLanguage\":\"fr-FR\",\"@id\":\"https:\/\/voyage-aventure.com\/blog\/#\/schema\/logo\/image\/\",\"url\":\"https:\/\/voyage-aventure.com\/blog\/wp-content\/uploads\/2024\/12\/19.png\",\"contentUrl\":\"https:\/\/voyage-aventure.com\/blog\/wp-content\/uploads\/2024\/12\/19.png\",\"width\":512,\"height\":512,\"caption\":\"Foretsensations.fr\"},\"image\":{\"@id\":\"https:\/\/voyage-aventure.com\/blog\/#\/schema\/logo\/image\/\"}},{\"@type\":\"Person\",\"@id\":\"https:\/\/voyage-aventure.com\/blog\/#\/schema\/person\/3c864cdc320801e3db34b663e7e3f816\",\"name\":\"Camille Rouvray\",\"image\":{\"@type\":\"ImageObject\",\"inLanguage\":\"fr-FR\",\"@id\":\"https:\/\/voyage-aventure.com\/blog\/#\/schema\/person\/image\/\",\"url\":\"https:\/\/voyage-aventure.com\/blog\/wp-content\/uploads\/2026\/06\/persona_camille-r-96x96.jpg\",\"contentUrl\":\"https:\/\/voyage-aventure.com\/blog\/wp-content\/uploads\/2026\/06\/persona_camille-r-96x96.jpg\",\"caption\":\"Camille Rouvray\"},\"description\":\"Je voyage et j'\u00e9cris sur le voyage depuis une douzaine d'ann\u00e9es, d'abord en tant que routarde au long cours, puis comme r\u00e9dactrice sp\u00e9cialis\u00e9e. Mon terrain de pr\u00e9dilection, ce sont les circuits organis\u00e9s et l'art de bien pr\u00e9parer un itin\u00e9raire : choix de la saison, dur\u00e9e r\u00e9aliste des \u00e9tapes, budget jour par jour, logement et transport sur place. J'aime aussi raconter les p\u00e9pites urbaines, ces adresses qu'on ne trouve pas dans les guides classiques. Avant de publier un dossier destination, je croise toujours plusieurs sources, je v\u00e9rifie les tarifs et les formalit\u00e9s d'entr\u00e9e \u00e0 jour, et je teste moi-m\u00eame quand je le peux. Mon angle reste pratique avant tout : aider le lecteur \u00e0 partir l'esprit tranquille, sans mauvaise surprise une fois sur place. Je m'attache \u00e0 distinguer le coup de c\u0153ur sinc\u00e8re du simple argument marketing.\",\"sameAs\":[\"https:\/\/camillerouvray.fr\/\"],\"url\":\"https:\/\/voyage-aventure.com\/blog\/auteur\/noname\/\"}]}<\/script>\n<!-- \/ Yoast SEO Premium plugin. -->","yoast_head_json":{"title":"Urgent : des milliers d'Am\u00e9ricains invit\u00e9s \u00e0 \u00e9viter tout","description":"Alerte m\u00e9t\u00e9o \u00b7 29 mars 2025 \u00b7 Grands Lacs & Nord-Est, \u00c9tats-Unis Une temp\u00eate de verglas a plac\u00e9 plusieurs \u00c9tats am\u00e9ricains sous avertissement fin mars","robots":{"index":"index","follow":"follow","max-snippet":"max-snippet:-1","max-image-preview":"max-image-preview:large","max-video-preview":"max-video-preview:-1"},"canonical":"https:\/\/voyage-aventure.com\/blog\/a-la-une\/urgent-des-milliers-damericains-invites-a-eviter-tout-voyage-face-a-une-tempete-de-verglas\/","og_locale":"fr_FR","og_type":"article","og_title":"Urgent : des milliers d'Am\u00e9ricains invit\u00e9s \u00e0 \u00e9viter tout","og_description":"Alerte m\u00e9t\u00e9o \u00b7 29 mars 2025 \u00b7 Grands Lacs & Nord-Est, \u00c9tats-Unis Une temp\u00eate de verglas a plac\u00e9 plusieurs \u00c9tats am\u00e9ricains sous avertissement fin mars","og_url":"https:\/\/voyage-aventure.com\/blog\/a-la-une\/urgent-des-milliers-damericains-invites-a-eviter-tout-voyage-face-a-une-tempete-de-verglas\/","og_site_name":"voyage-aventure","og_image":[{"width":1200,"height":500,"url":"https:\/\/voyage-aventure.com\/blog\/wp-content\/uploads\/2025\/05\/sdxl-8d3fc780a53b4ef77ef55d916c4bb3cc-scaled.png","type":"image\/png"}],"author":"Camille Rouvray","twitter_card":"summary_large_image","schema":{"@context":"https:\/\/schema.org","@graph":[{"@type":"NewsArticle","@id":"https:\/\/voyage-aventure.com\/blog\/a-la-une\/urgent-des-milliers-damericains-invites-a-eviter-tout-voyage-face-a-une-tempete-de-verglas\/#article","isPartOf":{"@id":"https:\/\/voyage-aventure.com\/blog\/a-la-une\/urgent-des-milliers-damericains-invites-a-eviter-tout-voyage-face-a-une-tempete-de-verglas\/"},"author":{"name":"Camille Rouvray","@id":"https:\/\/voyage-aventure.com\/blog\/#\/schema\/person\/3c864cdc320801e3db34b663e7e3f816"},"headline":"Urgent : des milliers d&rsquo;Am\u00e9ricains invit\u00e9s \u00e0 \u00e9viter tout voyage face \u00e0 une temp\u00eate de verglas","datePublished":"2026-06-16T15:45:48+00:00","mainEntityOfPage":{"@id":"https:\/\/voyage-aventure.com\/blog\/a-la-une\/urgent-des-milliers-damericains-invites-a-eviter-tout-voyage-face-a-une-tempete-de-verglas\/"},"wordCount":757,"commentCount":25,"publisher":{"@id":"https:\/\/voyage-aventure.com\/blog\/#organization"},"image":{"@id":"https:\/\/voyage-aventure.com\/blog\/a-la-une\/urgent-des-milliers-damericains-invites-a-eviter-tout-voyage-face-a-une-tempete-de-verglas\/#primaryimage"},"thumbnailUrl":"https:\/\/voyage-aventure.com\/blog\/wp-content\/uploads\/2025\/05\/sdxl-8d3fc780a53b4ef77ef55d916c4bb3cc-scaled.png","keywords":["Assistance M\u00e9dicale","Conditions M\u00e9t\u00e9orologiques","\u00c9motions","Pr\u00e9paration","S\u00e9curit\u00e9"],"articleSection":["\u00c0 la une"],"inLanguage":"fr-FR","potentialAction":[{"@type":"CommentAction","name":"Comment","target":["https:\/\/voyage-aventure.com\/blog\/a-la-une\/urgent-des-milliers-damericains-invites-a-eviter-tout-voyage-face-a-une-tempete-de-verglas\/#respond"]}]},{"@type":"WebPage","@id":"https:\/\/voyage-aventure.com\/blog\/a-la-une\/urgent-des-milliers-damericains-invites-a-eviter-tout-voyage-face-a-une-tempete-de-verglas\/","url":"https:\/\/voyage-aventure.com\/blog\/a-la-une\/urgent-des-milliers-damericains-invites-a-eviter-tout-voyage-face-a-une-tempete-de-verglas\/","name":"Urgent : des milliers d'Am\u00e9ricains invit\u00e9s \u00e0 \u00e9viter tout","isPartOf":{"@id":"https:\/\/voyage-aventure.com\/blog\/#website"},"primaryImageOfPage":{"@id":"https:\/\/voyage-aventure.com\/blog\/a-la-une\/urgent-des-milliers-damericains-invites-a-eviter-tout-voyage-face-a-une-tempete-de-verglas\/#primaryimage"},"image":{"@id":"https:\/\/voyage-aventure.com\/blog\/a-la-une\/urgent-des-milliers-damericains-invites-a-eviter-tout-voyage-face-a-une-tempete-de-verglas\/#primaryimage"},"thumbnailUrl":"https:\/\/voyage-aventure.com\/blog\/wp-content\/uploads\/2025\/05\/sdxl-8d3fc780a53b4ef77ef55d916c4bb3cc-scaled.png","datePublished":"2026-06-16T15:45:48+00:00","description":"Alerte m\u00e9t\u00e9o \u00b7 29 mars 2025 \u00b7 Grands Lacs & Nord-Est, \u00c9tats-Unis Une temp\u00eate de verglas a plac\u00e9 plusieurs \u00c9tats am\u00e9ricains sous avertissement fin mars","inLanguage":"fr-FR","potentialAction":[{"@type":"ReadAction","target":["https:\/\/voyage-aventure.com\/blog\/a-la-une\/urgent-des-milliers-damericains-invites-a-eviter-tout-voyage-face-a-une-tempete-de-verglas\/"]}]},{"@type":"ImageObject","inLanguage":"fr-FR","@id":"https:\/\/voyage-aventure.com\/blog\/a-la-une\/urgent-des-milliers-damericains-invites-a-eviter-tout-voyage-face-a-une-tempete-de-verglas\/#primaryimage","url":"https:\/\/voyage-aventure.com\/blog\/wp-content\/uploads\/2025\/05\/sdxl-8d3fc780a53b4ef77ef55d916c4bb3cc-scaled.png","contentUrl":"https:\/\/voyage-aventure.com\/blog\/wp-content\/uploads\/2025\/05\/sdxl-8d3fc780a53b4ef77ef55d916c4bb3cc-scaled.png","width":1200,"height":500},{"@type":"WebSite","@id":"https:\/\/voyage-aventure.com\/blog\/#website","url":"https:\/\/voyage-aventure.com\/blog\/","name":"voyage-aventure.com","description":"Votre passeport pour l\u2019inattendu.","publisher":{"@id":"https:\/\/voyage-aventure.com\/blog\/#organization"},"alternateName":"Votre passeport pour l\u2019inattendu.","potentialAction":[{"@type":"SearchAction","target":{"@type":"EntryPoint","urlTemplate":"https:\/\/voyage-aventure.com\/blog\/?s={search_term_string}"},"query-input":{"@type":"PropertyValueSpecification","valueRequired":true,"valueName":"search_term_string"}}],"inLanguage":"fr-FR"},{"@type":"Organization","@id":"https:\/\/voyage-aventure.com\/blog\/#organization","name":"Foretsensations.fr","url":"https:\/\/voyage-aventure.com\/blog\/","logo":{"@type":"ImageObject","inLanguage":"fr-FR","@id":"https:\/\/voyage-aventure.com\/blog\/#\/schema\/logo\/image\/","url":"https:\/\/voyage-aventure.com\/blog\/wp-content\/uploads\/2024\/12\/19.png","contentUrl":"https:\/\/voyage-aventure.com\/blog\/wp-content\/uploads\/2024\/12\/19.png","width":512,"height":512,"caption":"Foretsensations.fr"},"image":{"@id":"https:\/\/voyage-aventure.com\/blog\/#\/schema\/logo\/image\/"}},{"@type":"Person","@id":"https:\/\/voyage-aventure.com\/blog\/#\/schema\/person\/3c864cdc320801e3db34b663e7e3f816","name":"Camille Rouvray","image":{"@type":"ImageObject","inLanguage":"fr-FR","@id":"https:\/\/voyage-aventure.com\/blog\/#\/schema\/person\/image\/","url":"https:\/\/voyage-aventure.com\/blog\/wp-content\/uploads\/2026\/06\/persona_camille-r-96x96.jpg","contentUrl":"https:\/\/voyage-aventure.com\/blog\/wp-content\/uploads\/2026\/06\/persona_camille-r-96x96.jpg","caption":"Camille Rouvray"},"description":"Je voyage et j'\u00e9cris sur le voyage depuis une douzaine d'ann\u00e9es, d'abord en tant que routarde au long cours, puis comme r\u00e9dactrice sp\u00e9cialis\u00e9e. Mon terrain de pr\u00e9dilection, ce sont les circuits organis\u00e9s et l'art de bien pr\u00e9parer un itin\u00e9raire : choix de la saison, dur\u00e9e r\u00e9aliste des \u00e9tapes, budget jour par jour, logement et transport sur place. J'aime aussi raconter les p\u00e9pites urbaines, ces adresses qu'on ne trouve pas dans les guides classiques. Avant de publier un dossier destination, je croise toujours plusieurs sources, je v\u00e9rifie les tarifs et les formalit\u00e9s d'entr\u00e9e \u00e0 jour, et je teste moi-m\u00eame quand je le peux. Mon angle reste pratique avant tout : aider le lecteur \u00e0 partir l'esprit tranquille, sans mauvaise surprise une fois sur place. Je m'attache \u00e0 distinguer le coup de c\u0153ur sinc\u00e8re du simple argument marketing.","sameAs":["https:\/\/camillerouvray.fr\/"],"url":"https:\/\/voyage-aventure.com\/blog\/auteur\/noname\/"}]}},"_links":{"self":[{"href":"https:\/\/voyage-aventure.com\/blog\/wp-json\/wp\/v2\/posts\/16909","targetHints":{"allow":["GET"]}}],"collection":[{"href":"https:\/\/voyage-aventure.com\/blog\/wp-json\/wp\/v2\/posts"}],"about":[{"href":"https:\/\/voyage-aventure.com\/blog\/wp-json\/wp\/v2\/types\/post"}],"author":[{"embeddable":true,"href":"https:\/\/voyage-aventure.com\/blog\/wp-json\/wp\/v2\/users\/34"}],"replies":[{"embeddable":true,"href":"https:\/\/voyage-aventure.com\/blog\/wp-json\/wp\/v2\/comments?post=16909"}],"version-history":[{"count":3,"href":"https:\/\/voyage-aventure.com\/blog\/wp-json\/wp\/v2\/posts\/16909\/revisions"}],"predecessor-version":[{"id":23001,"href":"https:\/\/voyage-aventure.com\/blog\/wp-json\/wp\/v2\/posts\/16909\/revisions\/23001"}],"wp:featuredmedia":[{"embeddable":true,"href":"https:\/\/voyage-aventure.com\/blog\/wp-json\/wp\/v2\/media\/19522"}],"wp:attachment":[{"href":"https:\/\/voyage-aventure.com\/blog\/wp-json\/wp\/v2\/media?parent=16909"}],"wp:term":[{"taxonomy":"category","embeddable":true,"href":"https:\/\/voyage-aventure.com\/blog\/wp-json\/wp\/v2\/categories?post=16909"},{"taxonomy":"post_tag","embeddable":true,"href":"https:\/\/voyage-aventure.com\/blog\/wp-json\/wp\/v2\/tags?post=16909"}],"curies":[{"name":"wp","href":"https:\/\/api.w.org\/{rel}","templated":true}]}}