{"id":16886,"date":"2026-06-16T17:44:57","date_gmt":"2026-06-16T15:44:57","guid":{"rendered":"https:\/\/voyage-aventure.com\/blog\/?p=16886"},"modified":"2026-06-16T17:44:57","modified_gmt":"2026-06-16T15:44:57","slug":"preparez-vous-les-periodes-de-forte-affluence-a-laeroport-dakron-canton-pour-les-vacances-de-printemps","status":"publish","type":"post","link":"https:\/\/voyage-aventure.com\/blog\/a-la-une\/preparez-vous-les-periodes-de-forte-affluence-a-laeroport-dakron-canton-pour-les-vacances-de-printemps\/","title":{"rendered":"Pr\u00e9parez-vous : les p\u00e9riodes de forte affluence \u00e0 l&rsquo;a\u00e9roport d&rsquo;Akron-Canton pour les vacances de printemps"},"content":{"rendered":"<link rel=\"stylesheet\" href=\"https:\/\/fonts.googleapis.com\/css2?family=Newsreader:ital,opsz,wght@0,6..72,500..700;1,6..72,500..600&#038;family=Inter:wght@400;500;600&#038;family=JetBrains+Mono:wght@500&#038;display=swap\">\n<style>\n.vac-news-wrap{font-family:'Inter',-apple-system,BlinkMacSystemFont,sans-serif;color:#1e242c;line-height:1.65;font-size:17px;max-width:780px;margin:0 auto}\n.vac-news-wrap h2{font-family:'Newsreader',Georgia,serif;font-weight:700;font-size:clamp(24px,3.2vw,33px);letter-spacing:-.015em;line-height:1.2;color:#13202e;margin:48px 0 16px}\n.vac-news-wrap p{margin:0 0 18px}\n.vac-news-wrap blockquote{margin:0}\n.vac-news-dateline{font-family:'JetBrains Mono',monospace;font-size:12.5px;letter-spacing:.06em;text-transform:uppercase;color:#0a6e85;font-weight:500;margin:0 0 14px}\n.vac-news-lead{font-family:'Newsreader',Georgia,serif;font-size:21px;line-height:1.5;color:#2a3540;font-weight:500;margin:0 0 30px}\n.vac-news-ess{background:#f0f8fa;border-left:5px solid #0a6e85;border-radius:0 12px 12px 0;padding:22px 26px;margin:0 0 36px;box-shadow:0 1px 2px rgba(16,24,40,.05),0 14px 30px -18px rgba(16,24,40,.22)}\n.vac-news-ess .vac-news-kick{font-family:'JetBrains Mono',monospace;font-size:12px;letter-spacing:.1em;text-transform:uppercase;color:#0a6e85;font-weight:500;margin-bottom:12px}\n.vac-news-ess ul{margin:0;padding:0;list-style:none}\n.vac-news-ess li{position:relative;padding-left:24px;margin:10px 0;font-size:16.5px}\n.vac-news-ess li::before{content:\"\";position:absolute;left:0;top:9px;width:9px;height:9px;background:#0a6e85;border-radius:2px;transform:rotate(45deg)}\n.vac-news-ess li b{color:#13202e}\n.vac-news-pull{font-family:'Newsreader',Georgia,serif;font-style:italic;font-size:clamp(20px,2.8vw,26px);line-height:1.4;color:#13202e;border-left:4px solid #d68a2e;padding:6px 0 6px 26px;margin:30px 0}\n.vac-news-pull .vac-news-src{display:block;font-style:normal;font-family:'JetBrains Mono',monospace;font-size:12px;letter-spacing:.05em;text-transform:uppercase;color:#5a6672;margin-top:12px}\n.vac-news-grid{display:grid;grid-template-columns:repeat(auto-fit,minmax(180px,1fr));gap:14px;margin:26px 0}\n.vac-news-dest{background:#fff;border:1px solid #e3e8ee;border-top:3px solid #0a6e85;border-radius:10px;padding:16px 18px;font-weight:600;font-size:16px;color:#13202e;transition:.25s ease;box-shadow:0 1px 2px rgba(16,24,40,.05)}\n.vac-news-dest:hover{transform:translateY(-3px);box-shadow:0 10px 24px -14px rgba(16,24,40,.3);border-top-color:#d68a2e}\n.vac-news-dest span{display:block;font-family:'JetBrains Mono',monospace;font-size:11px;font-weight:500;letter-spacing:.05em;color:#0a6e85;margin-bottom:5px}\n.vac-news-days{display:grid;grid-template-columns:repeat(auto-fit,minmax(150px,1fr));gap:14px;margin:24px 0}\n.vac-news-day{background:#13202e;color:#eef4f7;border-radius:10px;padding:18px 20px;transition:.25s ease}\n.vac-news-day:hover{transform:translateY(-3px)}\n.vac-news-day .vac-news-d{font-family:'Newsreader',serif;font-weight:700;font-size:22px;color:#fff}\n.vac-news-day .vac-news-l{font-family:'JetBrains Mono',monospace;font-size:11px;letter-spacing:.06em;text-transform:uppercase;color:#5fb7cc;margin-bottom:6px}\n.vac-news-retain{background:#fff;border:1px solid #e3e8ee;border-radius:14px;padding:24px 28px;margin:40px 0;box-shadow:0 1px 2px rgba(16,24,40,.05),0 16px 34px -20px rgba(16,24,40,.22)}\n.vac-news-retain .vac-news-kick{font-family:'JetBrains Mono',monospace;font-size:12px;letter-spacing:.1em;text-transform:uppercase;color:#d68a2e;font-weight:500;margin-bottom:14px}\n.vac-news-retain ul{margin:0;padding:0;list-style:none}\n.vac-news-retain li{position:relative;padding-left:26px;margin:11px 0;font-size:16.5px}\n.vac-news-retain li::before{content:\"\u2192\";position:absolute;left:0;top:0;color:#0a6e85;font-weight:700}\n.vac-news-faq{margin:36px 0}\n.vac-news-faq details{border:1px solid #e3e8ee;border-radius:10px;margin-bottom:12px;overflow:hidden;background:#fff;transition:.25s ease}\n.vac-news-faq details[open]{border-color:#0a6e85;box-shadow:0 10px 26px -18px rgba(16,24,40,.3)}\n.vac-news-faq summary{cursor:pointer;padding:16px 20px;font-weight:600;font-size:16.5px;color:#13202e;list-style:none;position:relative;padding-right:44px}\n.vac-news-faq summary::-webkit-details-marker{display:none}\n.vac-news-faq summary::after{content:\"+\";position:absolute;right:20px;top:14px;font-size:22px;color:#0a6e85;font-weight:400}\n.vac-news-faq details[open] summary::after{content:\"\u2212\"}\n.vac-news-faq .vac-news-a{padding:0 20px 18px;color:#3a4651;font-size:16px;line-height:1.6}\n\/*RENDERFIX2*\/.vac-news-ess li::before{color:#eef3f9!important}.vac-news-ess li::before p,.vac-news-ess li::before li,.vac-news-ess li::before strong,.vac-news-ess li::before em,.vac-news-ess li::before a,.vac-news-ess li::before span,.vac-news-ess li::before b,.vac-news-ess li::before td,.vac-news-ess li::before th,.vac-news-ess li::before h2,.vac-news-ess li::before h3,.vac-news-ess li::before h4{color:#eef3f9!important}.vac-news-ess li::before strong,.vac-news-ess li::before b{color:#ffffff!important}.vac-news-day{color:#eef3f9!important}.vac-news-day p,.vac-news-day li,.vac-news-day strong,.vac-news-day em,.vac-news-day a,.vac-news-day span,.vac-news-day b,.vac-news-day td,.vac-news-day th,.vac-news-day h2,.vac-news-day h3,.vac-news-day h4{color:#eef3f9!important}.vac-news-day strong,.vac-news-day b{color:#ffffff!important}<\/style>\n<div class=\"vac-news-wrap\">\n<div class=\"vac-news-dateline\">A\u00e9roport Akron-Canton (CAK) \u00b7 Vacances de printemps<\/div>\n<p class=\"vac-news-lead\">\u00c0 l&rsquo;approche des vacances de printemps, l&rsquo;a\u00e9roport r\u00e9gional d&rsquo;Akron-Canton entre dans l&rsquo;une de ses p\u00e9riodes les plus charg\u00e9es de l&rsquo;ann\u00e9e. Voici les jours \u00e0 \u00e9viter, les destinations qui d\u00e9collent et les r\u00e9flexes \u00e0 adopter pour passer la cohue sans stress.<\/p>\n<div class=\"vac-news-ess\">\n<div class=\"vac-news-kick\">L&rsquo;essentiel<\/div>\n<ul>\n<li><b>Quoi \u2014<\/b> Forte affluence \u00e0 l&rsquo;a\u00e9roport d&rsquo;Akron-Canton pour les vacances de printemps, parkings quasi pleins.<\/li>\n<li><b>Qui \u2014<\/b> Lisa Dalpiaz, vice-pr\u00e9sidente du service a\u00e9rien et du d\u00e9veloppement commercial \u00e0 l&rsquo;a\u00e9roport.<\/li>\n<li><b>Jours charg\u00e9s \u2014<\/b> Pics les 3 et 7 mars, puis pr\u00e9vision sur le 3 et le 6 avril, ainsi que jeudis et dimanches.<\/li>\n<li><b>Pourquoi \u00e7a compte \u2014<\/b> Anticiper bagages, enregistrement et d\u00e9lais \u00e9vite la gal\u00e8re au d\u00e9part.<\/li>\n<\/ul>\n<\/div>\n<h2>Un afflux de voyageurs au printemps<\/h2>\n<p>L&rsquo;a\u00e9roport d&rsquo;Akron-Canton ne fait pas exception, devenant l&rsquo;un des lieux les plus fr\u00e9quent\u00e9s de l&rsquo;ann\u00e9e. Les voyageurs se dirigent vers des destinations de r\u00eave, ce qui cr\u00e9e une atmosph\u00e8re anim\u00e9e et excitante.<\/p>\n<p>Lisa Dalpiaz, vice-pr\u00e9sidente du service a\u00e9rien et du d\u00e9veloppement commercial \u00e0 l&rsquo;a\u00e9roport, a livr\u00e9 un indicateur sans ambigu\u00eft\u00e9 du niveau de fr\u00e9quentation attendu.<\/p>\n<blockquote class=\"vac-news-pull\"><p>\u00ab Nos parkings sont tr\u00e8s pleins, ce qui indique que les gens prennent la route. \u00bb<span class=\"vac-news-src\">Lisa Dalpiaz, VP service a\u00e9rien \u2014 A\u00e9roport Akron-Canton<\/span><\/p><\/blockquote>\n<p>Cela montre \u00e0 quel point l&rsquo;int\u00e9r\u00eat est grand pour les voyages cette saison. Les a\u00e9roports doivent donc se pr\u00e9parer \u00e0 accueillir ce flot de passagers.<\/p>\n<h2>Les destinations pris\u00e9es des voyageurs<\/h2>\n<p>O\u00f9 vont les vacanciers ? Selon Dalpiaz, de nombreux passagers se dirigent vers des destinations ensoleill\u00e9es, principalement en Floride.<\/p>\n<blockquote class=\"vac-news-pull\"><p>\u00ab Nous constatons beaucoup de voyages vers la Floride. \u00bb<span class=\"vac-news-src\">Lisa Dalpiaz<\/span><\/p><\/blockquote>\n<p>Elle souligne l&rsquo;importance des si\u00e8ges disponibles pour ces march\u00e9s. Les vols directs sont souvent tr\u00e8s pris\u00e9s, surtout vers des villes comme Charleston et Chicago. Le ph\u00e9nom\u00e8ne des voyages internationaux prend \u00e9galement de l&rsquo;ampleur : les voyageurs profitent de tarifs avantageux pour explorer l&rsquo;Europe, et les destinations figurant sur les listes de souhaits attirent d\u00e9sormais un grand nombre d&rsquo;adeptes.<\/p>\n<h2>Les jours les plus charg\u00e9s \u00e0 l&rsquo;a\u00e9roport<\/h2>\n<p>Les jours de forte affluence \u00e0 l&rsquo;a\u00e9roport d&rsquo;Akron-Canton ont \u00e9t\u00e9 identifi\u00e9s, avec des pics souvent observ\u00e9s les 3 et 7 mars. \u00c0 l&rsquo;approche des vacances scolaires, on pr\u00e9voit \u00e9galement que les jours les plus charg\u00e9s seront le 3 et le 6 avril.<\/p>\n<div class=\"vac-news-days\">\n<div class=\"vac-news-day\">\n<div class=\"vac-news-l\">Pics observ\u00e9s<\/div>\n<div class=\"vac-news-d\">3 &amp; 7 mars<\/div>\n<\/div>\n<div class=\"vac-news-day\">\n<div class=\"vac-news-l\">Pics pr\u00e9vus<\/div>\n<div class=\"vac-news-d\">3 &amp; 6 avril<\/div>\n<\/div>\n<div class=\"vac-news-day\">\n<div class=\"vac-news-l\">Jours sensibles<\/div>\n<div class=\"vac-news-d\">Jeudi &amp; dimanche<\/div>\n<\/div>\n<\/div>\n<blockquote class=\"vac-news-pull\"><p>\u00ab Nous avons constat\u00e9 beaucoup de voyages universitaires ces derni\u00e8res semaines. \u00bb<span class=\"vac-news-src\">Lisa Dalpiaz<\/span><\/p><\/blockquote>\n<p>L&rsquo;afflux de passagers s&rsquo;intensifie. Les vacances scolaires des districts locaux commencent \u00e9galement \u00e0 attirer un nombre croissant de voyageurs, ce qui signifie que les jeudis et dimanches seront particuli\u00e8rement charg\u00e9s.<\/p>\n<h2>Les d\u00e9fis rencontr\u00e9s par les voyageurs<\/h2>\n<p>Malgr\u00e9 l&rsquo;excitation des voyages, des d\u00e9fis se pr\u00e9sentent souvent. La question des bagages est l&rsquo;un des probl\u00e8mes les plus courants.<\/p>\n<blockquote class=\"vac-news-pull\"><p>\u00ab Les voyageurs ne connaissent pas toujours leur franchise de bagages ou oublient de r\u00e9server leurs bagages avant d&rsquo;arriver \u00e0 l&rsquo;a\u00e9roport. \u00bb<span class=\"vac-news-src\">Lisa Dalpiaz<\/span><\/p><\/blockquote>\n<p>Elle souligne l&rsquo;importance de mieux se pr\u00e9parer : il est souvent plus \u00e9conomique de r\u00e9server ses bagages en ligne. Les d\u00e9lais d&rsquo;enregistrement peuvent \u00e9galement poser des probl\u00e8mes, et les compagnies a\u00e9riennes recommandent de pr\u00e9voir suffisamment de temps pour l&rsquo;enregistrement des bagages.<\/p>\n<blockquote class=\"vac-news-pull\"><p>\u00ab Il est courant que les compagnies demandent que votre bagage soit enregistr\u00e9 45 minutes avant le d\u00e9part. \u00bb<span class=\"vac-news-src\">Lisa Dalpiaz<\/span><\/p><\/blockquote>\n<h2>Les destinations les plus populaires de CAK<\/h2>\n<p>Les voyageurs de l&rsquo;a\u00e9roport d&rsquo;Akron-Canton privil\u00e9gient certaines destinations. Voici les lieux les plus pris\u00e9s :<\/p>\n<div class=\"vac-news-grid\">\n<div class=\"vac-news-dest\"><span>01<\/span>Orlando<\/div>\n<div class=\"vac-news-dest\"><span>02<\/span>Fort Myers<\/div>\n<div class=\"vac-news-dest\"><span>03<\/span>Tampa\/St. Pete<\/div>\n<div class=\"vac-news-dest\"><span>04<\/span>Fort Lauderdale<\/div>\n<div class=\"vac-news-dest\"><span>05<\/span>Sarasota<\/div>\n<div class=\"vac-news-dest\"><span>06<\/span>Charleston<\/div>\n<div class=\"vac-news-dest\"><span>07<\/span>Chicago<\/div>\n<div class=\"vac-news-dest\"><span>08<\/span>Charlotte<\/div>\n<div class=\"vac-news-dest\"><span>09<\/span>Raleigh\/Durham<\/div>\n<div class=\"vac-news-dest\"><span>10<\/span>Savannah<\/div>\n<div class=\"vac-news-dest\"><span>11<\/span>Nashville<\/div>\n<\/div>\n<p>La vari\u00e9t\u00e9 des destinations refl\u00e8te les pr\u00e9f\u00e9rences des voyageurs en qu\u00eate de soleil et de nouvelles exp\u00e9riences. La pr\u00e9paration reste essentielle pour naviguer \u00e0 travers les d\u00e9fis de cette p\u00e9riode de forte affluence.<\/p>\n<div class=\"vac-news-retain\">\n<div class=\"vac-news-kick\">\u00c0 retenir<\/div>\n<ul>\n<li>Les parkings tr\u00e8s remplis signalent un pic de fr\u00e9quentation pour les vacances de printemps.<\/li>\n<li>\u00c9vitez si possible les jeudis et dimanches, ainsi que les 3 et 6 avril, parmi les jours les plus charg\u00e9s.<\/li>\n<li>La Floride domine les destinations, avec Orlando, Fort Myers et Tampa\/St. Pete en t\u00eate.<\/li>\n<li>R\u00e9servez vos bagages en ligne \u00e0 l&rsquo;avance : c&rsquo;est plus \u00e9conomique et plus rapide au comptoir.<\/li>\n<li>Pr\u00e9sentez votre bagage \u00e0 enregistrer au moins 45 minutes avant le d\u00e9part.<\/li>\n<\/ul>\n<\/div>\n<div class=\"vac-news-faq\">\n<details>\n<summary>Quels sont les jours les plus charg\u00e9s \u00e0 l&rsquo;a\u00e9roport d&rsquo;Akron-Canton ?<\/summary>\n<div class=\"vac-news-a\">Des pics ont \u00e9t\u00e9 observ\u00e9s les 3 et 7 mars, et la p\u00e9riode des vacances scolaires laisse pr\u00e9voir une forte affluence le 3 et le 6 avril. De mani\u00e8re g\u00e9n\u00e9rale, les jeudis et dimanches sont particuli\u00e8rement charg\u00e9s.<\/div>\n<\/details>\n<details>\n<summary>Vers quelles destinations partent les voyageurs de CAK ?<\/summary>\n<div class=\"vac-news-a\">La Floride concentre l&rsquo;essentiel des d\u00e9parts, avec Orlando, Fort Myers, Tampa\/St. Pete, Fort Lauderdale et Sarasota. Suivent Charleston, Chicago, Charlotte, Raleigh\/Durham, Savannah et Nashville.<\/div>\n<\/details>\n<details>\n<summary>Comment \u00e9viter les probl\u00e8mes de bagages au d\u00e9part ?<\/summary>\n<div class=\"vac-news-a\">V\u00e9rifiez votre franchise de bagages et r\u00e9servez vos bagages en ligne avant d&rsquo;arriver \u00e0 l&rsquo;a\u00e9roport : c&rsquo;est souvent plus \u00e9conomique. Pr\u00e9sentez votre bagage \u00e0 enregistrer au moins 45 minutes avant le d\u00e9part.<\/div>\n<\/details>\n<details>\n<summary>Pourquoi l&rsquo;a\u00e9roport est-il si fr\u00e9quent\u00e9 au printemps ?<\/summary>\n<div class=\"vac-news-a\">Les vacances de printemps et les voyages universitaires gonflent le trafic. Selon la vice-pr\u00e9sidente Lisa Dalpiaz, les parkings tr\u00e8s remplis t\u00e9moignent du nombre \u00e9lev\u00e9 de voyageurs prenant la route \u00e0 cette p\u00e9riode.<\/div>\n<\/details>\n<\/div>\n<\/div>\n","protected":false},"excerpt":{"rendered":"","protected":false},"author":34,"featured_media":19527,"comment_status":"open","ping_status":"open","sticky":false,"template":"","format":"standard","meta":{"_acf_changed":false,"manual_indexmenow":false,"indexmenow_id_project":0,"footnotes":""},"categories":[1],"tags":[4538,4636,4530,4713,4526],"class_list":["post-16886","post","type-post","status-publish","format-standard","has-post-thumbnail","hentry","category-a-la-une","tag-activites-variees","tag-destinations","tag-escapade-en-europe","tag-preparation","tag-voyage-economique","generate-columns","tablet-grid-50","mobile-grid-100","grid-parent","grid-25"],"acf":[],"yoast_head":"<!-- This site is optimized with the Yoast SEO Premium plugin v21.3 (Yoast SEO v25.1) - https:\/\/yoast.com\/wordpress\/plugins\/seo\/ -->\n<title>Pr\u00e9parez-vous : les p\u00e9riodes de forte affluence \u00e0<\/title>\n<meta name=\"description\" content=\"A\u00e9roport Akron-Canton (CAK) \u00b7 Vacances de printemps \u00c0 l&#039;approche des vacances de printemps, l&#039;a\u00e9roport r\u00e9gional d&#039;Akron-Canton entre dans l&#039;une de ses\" \/>\n<meta name=\"robots\" content=\"index, follow, max-snippet:-1, max-image-preview:large, max-video-preview:-1\" \/>\n<link rel=\"canonical\" href=\"https:\/\/voyage-aventure.com\/blog\/a-la-une\/preparez-vous-les-periodes-de-forte-affluence-a-laeroport-dakron-canton-pour-les-vacances-de-printemps\/\" \/>\n<meta property=\"og:locale\" content=\"fr_FR\" \/>\n<meta property=\"og:type\" content=\"article\" \/>\n<meta property=\"og:title\" content=\"Pr\u00e9parez-vous : les p\u00e9riodes de forte affluence \u00e0\" \/>\n<meta property=\"og:description\" content=\"A\u00e9roport Akron-Canton (CAK) \u00b7 Vacances de printemps \u00c0 l&#039;approche des vacances de printemps, l&#039;a\u00e9roport r\u00e9gional d&#039;Akron-Canton entre dans l&#039;une de ses\" \/>\n<meta property=\"og:url\" content=\"https:\/\/voyage-aventure.com\/blog\/a-la-une\/preparez-vous-les-periodes-de-forte-affluence-a-laeroport-dakron-canton-pour-les-vacances-de-printemps\/\" \/>\n<meta property=\"og:site_name\" content=\"voyage-aventure\" \/>\n<meta property=\"og:image\" content=\"https:\/\/voyage-aventure.com\/blog\/wp-content\/uploads\/2025\/05\/sdxl-cf62a8bf45bbc5c8c9c31e5f128307fd-scaled.png\" \/>\n\t<meta property=\"og:image:width\" content=\"1200\" \/>\n\t<meta property=\"og:image:height\" content=\"500\" \/>\n\t<meta property=\"og:image:type\" content=\"image\/png\" \/>\n<meta name=\"author\" content=\"Camille Rouvray\" \/>\n<meta name=\"twitter:card\" content=\"summary_large_image\" \/>\n<script type=\"application\/ld+json\" class=\"yoast-schema-graph\">{\"@context\":\"https:\/\/schema.org\",\"@graph\":[{\"@type\":\"NewsArticle\",\"@id\":\"https:\/\/voyage-aventure.com\/blog\/a-la-une\/preparez-vous-les-periodes-de-forte-affluence-a-laeroport-dakron-canton-pour-les-vacances-de-printemps\/#article\",\"isPartOf\":{\"@id\":\"https:\/\/voyage-aventure.com\/blog\/a-la-une\/preparez-vous-les-periodes-de-forte-affluence-a-laeroport-dakron-canton-pour-les-vacances-de-printemps\/\"},\"author\":{\"name\":\"Camille Rouvray\",\"@id\":\"https:\/\/voyage-aventure.com\/blog\/#\/schema\/person\/3c864cdc320801e3db34b663e7e3f816\"},\"headline\":\"Pr\u00e9parez-vous : les p\u00e9riodes de forte affluence \u00e0 l&rsquo;a\u00e9roport d&rsquo;Akron-Canton pour les vacances de printemps\",\"datePublished\":\"2026-06-16T15:44:57+00:00\",\"mainEntityOfPage\":{\"@id\":\"https:\/\/voyage-aventure.com\/blog\/a-la-une\/preparez-vous-les-periodes-de-forte-affluence-a-laeroport-dakron-canton-pour-les-vacances-de-printemps\/\"},\"wordCount\":964,\"commentCount\":19,\"publisher\":{\"@id\":\"https:\/\/voyage-aventure.com\/blog\/#organization\"},\"image\":{\"@id\":\"https:\/\/voyage-aventure.com\/blog\/a-la-une\/preparez-vous-les-periodes-de-forte-affluence-a-laeroport-dakron-canton-pour-les-vacances-de-printemps\/#primaryimage\"},\"thumbnailUrl\":\"https:\/\/voyage-aventure.com\/blog\/wp-content\/uploads\/2025\/05\/sdxl-cf62a8bf45bbc5c8c9c31e5f128307fd-scaled.png\",\"keywords\":[\"Activit\u00e9s Vari\u00e9es\",\"Destinations\",\"Escapade en Europe\",\"Pr\u00e9paration\",\"Voyage \u00c9conomique\"],\"articleSection\":[\"\u00c0 la une\"],\"inLanguage\":\"fr-FR\",\"potentialAction\":[{\"@type\":\"CommentAction\",\"name\":\"Comment\",\"target\":[\"https:\/\/voyage-aventure.com\/blog\/a-la-une\/preparez-vous-les-periodes-de-forte-affluence-a-laeroport-dakron-canton-pour-les-vacances-de-printemps\/#respond\"]}]},{\"@type\":\"WebPage\",\"@id\":\"https:\/\/voyage-aventure.com\/blog\/a-la-une\/preparez-vous-les-periodes-de-forte-affluence-a-laeroport-dakron-canton-pour-les-vacances-de-printemps\/\",\"url\":\"https:\/\/voyage-aventure.com\/blog\/a-la-une\/preparez-vous-les-periodes-de-forte-affluence-a-laeroport-dakron-canton-pour-les-vacances-de-printemps\/\",\"name\":\"Pr\u00e9parez-vous : les p\u00e9riodes de forte affluence \u00e0\",\"isPartOf\":{\"@id\":\"https:\/\/voyage-aventure.com\/blog\/#website\"},\"primaryImageOfPage\":{\"@id\":\"https:\/\/voyage-aventure.com\/blog\/a-la-une\/preparez-vous-les-periodes-de-forte-affluence-a-laeroport-dakron-canton-pour-les-vacances-de-printemps\/#primaryimage\"},\"image\":{\"@id\":\"https:\/\/voyage-aventure.com\/blog\/a-la-une\/preparez-vous-les-periodes-de-forte-affluence-a-laeroport-dakron-canton-pour-les-vacances-de-printemps\/#primaryimage\"},\"thumbnailUrl\":\"https:\/\/voyage-aventure.com\/blog\/wp-content\/uploads\/2025\/05\/sdxl-cf62a8bf45bbc5c8c9c31e5f128307fd-scaled.png\",\"datePublished\":\"2026-06-16T15:44:57+00:00\",\"description\":\"A\u00e9roport Akron-Canton (CAK) \u00b7 Vacances de printemps \u00c0 l'approche des vacances de printemps, l'a\u00e9roport r\u00e9gional d'Akron-Canton entre dans l'une de ses\",\"inLanguage\":\"fr-FR\",\"potentialAction\":[{\"@type\":\"ReadAction\",\"target\":[\"https:\/\/voyage-aventure.com\/blog\/a-la-une\/preparez-vous-les-periodes-de-forte-affluence-a-laeroport-dakron-canton-pour-les-vacances-de-printemps\/\"]}]},{\"@type\":\"ImageObject\",\"inLanguage\":\"fr-FR\",\"@id\":\"https:\/\/voyage-aventure.com\/blog\/a-la-une\/preparez-vous-les-periodes-de-forte-affluence-a-laeroport-dakron-canton-pour-les-vacances-de-printemps\/#primaryimage\",\"url\":\"https:\/\/voyage-aventure.com\/blog\/wp-content\/uploads\/2025\/05\/sdxl-cf62a8bf45bbc5c8c9c31e5f128307fd-scaled.png\",\"contentUrl\":\"https:\/\/voyage-aventure.com\/blog\/wp-content\/uploads\/2025\/05\/sdxl-cf62a8bf45bbc5c8c9c31e5f128307fd-scaled.png\",\"width\":1200,\"height\":500},{\"@type\":\"WebSite\",\"@id\":\"https:\/\/voyage-aventure.com\/blog\/#website\",\"url\":\"https:\/\/voyage-aventure.com\/blog\/\",\"name\":\"voyage-aventure.com\",\"description\":\"Votre passeport pour l\u2019inattendu.\",\"publisher\":{\"@id\":\"https:\/\/voyage-aventure.com\/blog\/#organization\"},\"alternateName\":\"Votre passeport pour l\u2019inattendu.\",\"potentialAction\":[{\"@type\":\"SearchAction\",\"target\":{\"@type\":\"EntryPoint\",\"urlTemplate\":\"https:\/\/voyage-aventure.com\/blog\/?s={search_term_string}\"},\"query-input\":{\"@type\":\"PropertyValueSpecification\",\"valueRequired\":true,\"valueName\":\"search_term_string\"}}],\"inLanguage\":\"fr-FR\"},{\"@type\":\"Organization\",\"@id\":\"https:\/\/voyage-aventure.com\/blog\/#organization\",\"name\":\"Foretsensations.fr\",\"url\":\"https:\/\/voyage-aventure.com\/blog\/\",\"logo\":{\"@type\":\"ImageObject\",\"inLanguage\":\"fr-FR\",\"@id\":\"https:\/\/voyage-aventure.com\/blog\/#\/schema\/logo\/image\/\",\"url\":\"https:\/\/voyage-aventure.com\/blog\/wp-content\/uploads\/2024\/12\/19.png\",\"contentUrl\":\"https:\/\/voyage-aventure.com\/blog\/wp-content\/uploads\/2024\/12\/19.png\",\"width\":512,\"height\":512,\"caption\":\"Foretsensations.fr\"},\"image\":{\"@id\":\"https:\/\/voyage-aventure.com\/blog\/#\/schema\/logo\/image\/\"}},{\"@type\":\"Person\",\"@id\":\"https:\/\/voyage-aventure.com\/blog\/#\/schema\/person\/3c864cdc320801e3db34b663e7e3f816\",\"name\":\"Camille Rouvray\",\"image\":{\"@type\":\"ImageObject\",\"inLanguage\":\"fr-FR\",\"@id\":\"https:\/\/voyage-aventure.com\/blog\/#\/schema\/person\/image\/\",\"url\":\"https:\/\/voyage-aventure.com\/blog\/wp-content\/uploads\/2026\/06\/persona_camille-r-96x96.jpg\",\"contentUrl\":\"https:\/\/voyage-aventure.com\/blog\/wp-content\/uploads\/2026\/06\/persona_camille-r-96x96.jpg\",\"caption\":\"Camille Rouvray\"},\"description\":\"Je voyage et j'\u00e9cris sur le voyage depuis une douzaine d'ann\u00e9es, d'abord en tant que routarde au long cours, puis comme r\u00e9dactrice sp\u00e9cialis\u00e9e. Mon terrain de pr\u00e9dilection, ce sont les circuits organis\u00e9s et l'art de bien pr\u00e9parer un itin\u00e9raire : choix de la saison, dur\u00e9e r\u00e9aliste des \u00e9tapes, budget jour par jour, logement et transport sur place. J'aime aussi raconter les p\u00e9pites urbaines, ces adresses qu'on ne trouve pas dans les guides classiques. Avant de publier un dossier destination, je croise toujours plusieurs sources, je v\u00e9rifie les tarifs et les formalit\u00e9s d'entr\u00e9e \u00e0 jour, et je teste moi-m\u00eame quand je le peux. Mon angle reste pratique avant tout : aider le lecteur \u00e0 partir l'esprit tranquille, sans mauvaise surprise une fois sur place. Je m'attache \u00e0 distinguer le coup de c\u0153ur sinc\u00e8re du simple argument marketing.\",\"sameAs\":[\"https:\/\/camillerouvray.fr\/\"],\"url\":\"https:\/\/voyage-aventure.com\/blog\/auteur\/noname\/\"}]}<\/script>\n<!-- \/ Yoast SEO Premium plugin. -->","yoast_head_json":{"title":"Pr\u00e9parez-vous : les p\u00e9riodes de forte affluence \u00e0","description":"A\u00e9roport Akron-Canton (CAK) \u00b7 Vacances de printemps \u00c0 l'approche des vacances de printemps, l'a\u00e9roport r\u00e9gional d'Akron-Canton entre dans l'une de ses","robots":{"index":"index","follow":"follow","max-snippet":"max-snippet:-1","max-image-preview":"max-image-preview:large","max-video-preview":"max-video-preview:-1"},"canonical":"https:\/\/voyage-aventure.com\/blog\/a-la-une\/preparez-vous-les-periodes-de-forte-affluence-a-laeroport-dakron-canton-pour-les-vacances-de-printemps\/","og_locale":"fr_FR","og_type":"article","og_title":"Pr\u00e9parez-vous : les p\u00e9riodes de forte affluence \u00e0","og_description":"A\u00e9roport Akron-Canton (CAK) \u00b7 Vacances de printemps \u00c0 l'approche des vacances de printemps, l'a\u00e9roport r\u00e9gional d'Akron-Canton entre dans l'une de ses","og_url":"https:\/\/voyage-aventure.com\/blog\/a-la-une\/preparez-vous-les-periodes-de-forte-affluence-a-laeroport-dakron-canton-pour-les-vacances-de-printemps\/","og_site_name":"voyage-aventure","og_image":[{"width":1200,"height":500,"url":"https:\/\/voyage-aventure.com\/blog\/wp-content\/uploads\/2025\/05\/sdxl-cf62a8bf45bbc5c8c9c31e5f128307fd-scaled.png","type":"image\/png"}],"author":"Camille Rouvray","twitter_card":"summary_large_image","schema":{"@context":"https:\/\/schema.org","@graph":[{"@type":"NewsArticle","@id":"https:\/\/voyage-aventure.com\/blog\/a-la-une\/preparez-vous-les-periodes-de-forte-affluence-a-laeroport-dakron-canton-pour-les-vacances-de-printemps\/#article","isPartOf":{"@id":"https:\/\/voyage-aventure.com\/blog\/a-la-une\/preparez-vous-les-periodes-de-forte-affluence-a-laeroport-dakron-canton-pour-les-vacances-de-printemps\/"},"author":{"name":"Camille Rouvray","@id":"https:\/\/voyage-aventure.com\/blog\/#\/schema\/person\/3c864cdc320801e3db34b663e7e3f816"},"headline":"Pr\u00e9parez-vous : les p\u00e9riodes de forte affluence \u00e0 l&rsquo;a\u00e9roport d&rsquo;Akron-Canton pour les vacances de printemps","datePublished":"2026-06-16T15:44:57+00:00","mainEntityOfPage":{"@id":"https:\/\/voyage-aventure.com\/blog\/a-la-une\/preparez-vous-les-periodes-de-forte-affluence-a-laeroport-dakron-canton-pour-les-vacances-de-printemps\/"},"wordCount":964,"commentCount":19,"publisher":{"@id":"https:\/\/voyage-aventure.com\/blog\/#organization"},"image":{"@id":"https:\/\/voyage-aventure.com\/blog\/a-la-une\/preparez-vous-les-periodes-de-forte-affluence-a-laeroport-dakron-canton-pour-les-vacances-de-printemps\/#primaryimage"},"thumbnailUrl":"https:\/\/voyage-aventure.com\/blog\/wp-content\/uploads\/2025\/05\/sdxl-cf62a8bf45bbc5c8c9c31e5f128307fd-scaled.png","keywords":["Activit\u00e9s Vari\u00e9es","Destinations","Escapade en Europe","Pr\u00e9paration","Voyage \u00c9conomique"],"articleSection":["\u00c0 la une"],"inLanguage":"fr-FR","potentialAction":[{"@type":"CommentAction","name":"Comment","target":["https:\/\/voyage-aventure.com\/blog\/a-la-une\/preparez-vous-les-periodes-de-forte-affluence-a-laeroport-dakron-canton-pour-les-vacances-de-printemps\/#respond"]}]},{"@type":"WebPage","@id":"https:\/\/voyage-aventure.com\/blog\/a-la-une\/preparez-vous-les-periodes-de-forte-affluence-a-laeroport-dakron-canton-pour-les-vacances-de-printemps\/","url":"https:\/\/voyage-aventure.com\/blog\/a-la-une\/preparez-vous-les-periodes-de-forte-affluence-a-laeroport-dakron-canton-pour-les-vacances-de-printemps\/","name":"Pr\u00e9parez-vous : les p\u00e9riodes de forte affluence \u00e0","isPartOf":{"@id":"https:\/\/voyage-aventure.com\/blog\/#website"},"primaryImageOfPage":{"@id":"https:\/\/voyage-aventure.com\/blog\/a-la-une\/preparez-vous-les-periodes-de-forte-affluence-a-laeroport-dakron-canton-pour-les-vacances-de-printemps\/#primaryimage"},"image":{"@id":"https:\/\/voyage-aventure.com\/blog\/a-la-une\/preparez-vous-les-periodes-de-forte-affluence-a-laeroport-dakron-canton-pour-les-vacances-de-printemps\/#primaryimage"},"thumbnailUrl":"https:\/\/voyage-aventure.com\/blog\/wp-content\/uploads\/2025\/05\/sdxl-cf62a8bf45bbc5c8c9c31e5f128307fd-scaled.png","datePublished":"2026-06-16T15:44:57+00:00","description":"A\u00e9roport Akron-Canton (CAK) \u00b7 Vacances de printemps \u00c0 l'approche des vacances de printemps, l'a\u00e9roport r\u00e9gional d'Akron-Canton entre dans l'une de ses","inLanguage":"fr-FR","potentialAction":[{"@type":"ReadAction","target":["https:\/\/voyage-aventure.com\/blog\/a-la-une\/preparez-vous-les-periodes-de-forte-affluence-a-laeroport-dakron-canton-pour-les-vacances-de-printemps\/"]}]},{"@type":"ImageObject","inLanguage":"fr-FR","@id":"https:\/\/voyage-aventure.com\/blog\/a-la-une\/preparez-vous-les-periodes-de-forte-affluence-a-laeroport-dakron-canton-pour-les-vacances-de-printemps\/#primaryimage","url":"https:\/\/voyage-aventure.com\/blog\/wp-content\/uploads\/2025\/05\/sdxl-cf62a8bf45bbc5c8c9c31e5f128307fd-scaled.png","contentUrl":"https:\/\/voyage-aventure.com\/blog\/wp-content\/uploads\/2025\/05\/sdxl-cf62a8bf45bbc5c8c9c31e5f128307fd-scaled.png","width":1200,"height":500},{"@type":"WebSite","@id":"https:\/\/voyage-aventure.com\/blog\/#website","url":"https:\/\/voyage-aventure.com\/blog\/","name":"voyage-aventure.com","description":"Votre passeport pour l\u2019inattendu.","publisher":{"@id":"https:\/\/voyage-aventure.com\/blog\/#organization"},"alternateName":"Votre passeport pour l\u2019inattendu.","potentialAction":[{"@type":"SearchAction","target":{"@type":"EntryPoint","urlTemplate":"https:\/\/voyage-aventure.com\/blog\/?s={search_term_string}"},"query-input":{"@type":"PropertyValueSpecification","valueRequired":true,"valueName":"search_term_string"}}],"inLanguage":"fr-FR"},{"@type":"Organization","@id":"https:\/\/voyage-aventure.com\/blog\/#organization","name":"Foretsensations.fr","url":"https:\/\/voyage-aventure.com\/blog\/","logo":{"@type":"ImageObject","inLanguage":"fr-FR","@id":"https:\/\/voyage-aventure.com\/blog\/#\/schema\/logo\/image\/","url":"https:\/\/voyage-aventure.com\/blog\/wp-content\/uploads\/2024\/12\/19.png","contentUrl":"https:\/\/voyage-aventure.com\/blog\/wp-content\/uploads\/2024\/12\/19.png","width":512,"height":512,"caption":"Foretsensations.fr"},"image":{"@id":"https:\/\/voyage-aventure.com\/blog\/#\/schema\/logo\/image\/"}},{"@type":"Person","@id":"https:\/\/voyage-aventure.com\/blog\/#\/schema\/person\/3c864cdc320801e3db34b663e7e3f816","name":"Camille Rouvray","image":{"@type":"ImageObject","inLanguage":"fr-FR","@id":"https:\/\/voyage-aventure.com\/blog\/#\/schema\/person\/image\/","url":"https:\/\/voyage-aventure.com\/blog\/wp-content\/uploads\/2026\/06\/persona_camille-r-96x96.jpg","contentUrl":"https:\/\/voyage-aventure.com\/blog\/wp-content\/uploads\/2026\/06\/persona_camille-r-96x96.jpg","caption":"Camille Rouvray"},"description":"Je voyage et j'\u00e9cris sur le voyage depuis une douzaine d'ann\u00e9es, d'abord en tant que routarde au long cours, puis comme r\u00e9dactrice sp\u00e9cialis\u00e9e. Mon terrain de pr\u00e9dilection, ce sont les circuits organis\u00e9s et l'art de bien pr\u00e9parer un itin\u00e9raire : choix de la saison, dur\u00e9e r\u00e9aliste des \u00e9tapes, budget jour par jour, logement et transport sur place. J'aime aussi raconter les p\u00e9pites urbaines, ces adresses qu'on ne trouve pas dans les guides classiques. Avant de publier un dossier destination, je croise toujours plusieurs sources, je v\u00e9rifie les tarifs et les formalit\u00e9s d'entr\u00e9e \u00e0 jour, et je teste moi-m\u00eame quand je le peux. Mon angle reste pratique avant tout : aider le lecteur \u00e0 partir l'esprit tranquille, sans mauvaise surprise une fois sur place. Je m'attache \u00e0 distinguer le coup de c\u0153ur sinc\u00e8re du simple argument marketing.","sameAs":["https:\/\/camillerouvray.fr\/"],"url":"https:\/\/voyage-aventure.com\/blog\/auteur\/noname\/"}]}},"_links":{"self":[{"href":"https:\/\/voyage-aventure.com\/blog\/wp-json\/wp\/v2\/posts\/16886","targetHints":{"allow":["GET"]}}],"collection":[{"href":"https:\/\/voyage-aventure.com\/blog\/wp-json\/wp\/v2\/posts"}],"about":[{"href":"https:\/\/voyage-aventure.com\/blog\/wp-json\/wp\/v2\/types\/post"}],"author":[{"embeddable":true,"href":"https:\/\/voyage-aventure.com\/blog\/wp-json\/wp\/v2\/users\/34"}],"replies":[{"embeddable":true,"href":"https:\/\/voyage-aventure.com\/blog\/wp-json\/wp\/v2\/comments?post=16886"}],"version-history":[{"count":3,"href":"https:\/\/voyage-aventure.com\/blog\/wp-json\/wp\/v2\/posts\/16886\/revisions"}],"predecessor-version":[{"id":22996,"href":"https:\/\/voyage-aventure.com\/blog\/wp-json\/wp\/v2\/posts\/16886\/revisions\/22996"}],"wp:featuredmedia":[{"embeddable":true,"href":"https:\/\/voyage-aventure.com\/blog\/wp-json\/wp\/v2\/media\/19527"}],"wp:attachment":[{"href":"https:\/\/voyage-aventure.com\/blog\/wp-json\/wp\/v2\/media?parent=16886"}],"wp:term":[{"taxonomy":"category","embeddable":true,"href":"https:\/\/voyage-aventure.com\/blog\/wp-json\/wp\/v2\/categories?post=16886"},{"taxonomy":"post_tag","embeddable":true,"href":"https:\/\/voyage-aventure.com\/blog\/wp-json\/wp\/v2\/tags?post=16886"}],"curies":[{"name":"wp","href":"https:\/\/api.w.org\/{rel}","templated":true}]}}