{"id":16849,"date":"2025-03-28T23:05:55","date_gmt":"2025-03-28T22:05:55","guid":{"rendered":"https:\/\/voyage-aventure.com\/blog\/?p=16849"},"modified":"2025-03-28T23:04:19","modified_gmt":"2025-03-28T22:04:19","slug":"les-avocats-mettent-en-garde-les-titulaires-de-visa-et-green-card-sur-les-voyages-a-letranger","status":"publish","type":"post","link":"https:\/\/voyage-aventure.com\/blog\/a-la-une\/les-avocats-mettent-en-garde-les-titulaires-de-visa-et-green-card-sur-les-voyages-a-letranger\/","title":{"rendered":"Les avocats mettent en garde les titulaires de visa et green card sur les voyages \u00e0 l&rsquo;\u00e9tranger"},"content":{"rendered":"<h2>Une situation pr\u00e9occupante pour les titulaires de visa et de green card<\/h2>\n<p>Des cas r\u00e9cents, comme celui de Dr. Rasha Alawieh, ont alarm\u00e9 de nombreux immigrants. Cette m\u00e9decin, titulaire d&rsquo;un visa H-1B, a \u00e9t\u00e9 expuls\u00e9e vers le Liban apr\u00e8s avoir \u00e9t\u00e9 refus\u00e9e \u00e0 son retour aux \u00c9tats-Unis.<\/p>\n<p>Les t\u00e9moignages sont nombreux, et des avocats comme Arnoldo Benitez notent que leurs clients sont inquiets. \u00ab Ils craignent de ne pas pouvoir revenir \u00bb, affirme-t-il, soulignant l&rsquo;incertitude qui r\u00e8gne dans l&rsquo;esprit des immigrants.<\/p>\n<h2>Des recommandations pour \u00e9viter des complications<\/h2>\n<p>Face \u00e0 ces situations inqui\u00e9tantes, les avocats conseillent souvent \u00e0 leurs clients de suspendre leurs projets de voyages internationaux. Matthew Maiona, un autre avocat en immigration, a observ\u00e9 une augmentation des demandes de conseils, notamment de la part d&rsquo;entreprises. \u00ab Nous avons conseill\u00e9 \u00e0 nos clients de ne voyager que si cela est absolument n\u00e9cessaire \u00bb, d\u00e9clare-t-il.<\/p>\n<p>Les entreprises commencent \u00e0 organiser des r\u00e9unions \u00e0 distance par Zoom plut\u00f4t que d\u2019inviter des employ\u00e9s \u00e0 voyager. Cette strat\u00e9gie vise \u00e0 \u00e9viter les complications potentielles li\u00e9es aux voyages internationaux, en particulier dans le contexte actuel.<\/p>\n<p><iframe loading=\"lazy\" title=\"Keeping Green Card with a Re-entry Permit\" width=\"1200\" height=\"675\" src=\"https:\/\/www.youtube.com\/embed\/Fdlr7VkkG4s?feature=oembed\" frameborder=\"0\" allow=\"accelerometer; autoplay; clipboard-write; encrypted-media; gyroscope; picture-in-picture; web-share\" referrerpolicy=\"strict-origin-when-cross-origin\" allowfullscreen><\/iframe><\/p>\n<h2>Les impacts sur les immigrants et leurs familles<\/h2>\n<p>Pour de nombreux immigrants, le risque de ne pas pouvoir revenir aux \u00c9tats-Unis est devenu une r\u00e9alit\u00e9 pr\u00e9occupante. Des cas comme celui de R\u00fcmeysa \u00d6zt\u00fcrk, une doctorante arr\u00eat\u00e9e par des agents de l&rsquo;immigration, illustrent bien cette menace. Mahsa Khanbabai, son avocate, d\u00e9clare que \u00ab les garde-fous qui prot\u00e9geaient les immigrants ont \u00e9t\u00e9 bris\u00e9s \u00bb, ajoutant que l&rsquo;impact est \u00ab dramatique \u00bb.<\/p>\n<p>Des t\u00e9moignages d&rsquo;immigrants r\u00e9v\u00e8lent \u00e9galement la peur de perdre leur statut l\u00e9gal. Pamela, une r\u00e9sidente permanente, a choisi de ne pas voyager apr\u00e8s une m\u00e9saventure avec son dossier de renouvellement de green card. \u00ab Mon avocat m&rsquo;a conseill\u00e9 de ne pas voyager \u00e0 cause de cette erreur \u00bb, dit-elle, soulignant l&rsquo;incertitude qui l&rsquo;entoure.<\/p>\n<ul>\n<li>Les titulaires de visa et green card sont de plus en plus r\u00e9ticents \u00e0 voyager.<\/li>\n<li>Les avocats recommandent de reporter les voyages \u00e0 l&rsquo;\u00e9tranger.<\/li>\n<li>Des cas r\u00e9cents de d\u00e9tention suscitent des inqui\u00e9tudes parmi les immigrants.<\/li>\n<li>De nombreuses entreprises optent pour des r\u00e9unions virtuelles pour \u00e9viter des complications.<\/li>\n<li>Les impacts des nouvelles politiques d&rsquo;immigration sont largement ressentis par les familles.<\/li>\n<\/ul>\n<blockquote><p>\n\u00ab Les choses changent si rapidement que je dis aux gens que la seule fa\u00e7on d&rsquo;\u00e9viter des probl\u00e8mes avec les voyages internationaux est de ne pas voyager \u00e0 l&rsquo;international. \u00bb &#8211; Ellen Sullivan, avocate sp\u00e9cialis\u00e9e en immigration.\n<\/p><\/blockquote>\n<p>Le climat d&rsquo;incertitude que vivent les immigrants aux \u00c9tats-Unis est exacerb\u00e9 par des politiques d&rsquo;immigration en constante \u00e9volution. Les pays cibl\u00e9s par l&rsquo;administration actuelle voient leurs citoyens confront\u00e9s \u00e0 des exigences de visa plus strictes, ce qui complique davantage les voyages. Il est essentiel pour ceux qui sont concern\u00e9s de rester inform\u00e9s et de prendre des d\u00e9cisions prudentes.<\/p>\n<p>De plus, les t\u00e9moignages de personnes comme Omar Bah, qui a fait l&rsquo;exp\u00e9rience d&rsquo;un contr\u00f4le accru \u00e0 son retour aux \u00c9tats-Unis, mettent en lumi\u00e8re la vigilance n\u00e9cessaire pour les immigrants. Son exp\u00e9rience souligne l&rsquo;importance de la pr\u00e9paration et de la prudence lors des voyages.<\/p>\n","protected":false},"excerpt":{"rendered":"","protected":false},"author":34,"featured_media":18079,"comment_status":"open","ping_status":"open","sticky":false,"template":"","format":"standard","meta":{"_acf_changed":false,"manual_indexmenow":false,"indexmenow_id_project":0,"footnotes":""},"categories":[1],"tags":[4680,5688,3170,4635,5834],"class_list":["post-16849","post","type-post","status-publish","format-standard","has-post-thumbnail","hentry","category-a-la-une","tag-conseils","tag-relations-internationales","tag-securite","tag-voyage","tag-voyage-en-famille","generate-columns","tablet-grid-50","mobile-grid-100","grid-parent","grid-25"],"acf":[],"yoast_head":"<!-- This site is optimized with the Yoast SEO Premium plugin v21.3 (Yoast SEO v25.1) - https:\/\/yoast.com\/wordpress\/plugins\/seo\/ -->\n<title>Les avocats mettent en garde les titulaires de visa et<\/title>\n<meta name=\"description\" content=\"Une situation pr\u00e9occupante pour les titulaires de visa et de green card Des cas r\u00e9cents, comme celui de Dr. Rasha Alawieh, ont alarm\u00e9 de nombreux\" \/>\n<meta name=\"robots\" content=\"index, follow, max-snippet:-1, max-image-preview:large, max-video-preview:-1\" \/>\n<link rel=\"canonical\" href=\"https:\/\/voyage-aventure.com\/blog\/a-la-une\/les-avocats-mettent-en-garde-les-titulaires-de-visa-et-green-card-sur-les-voyages-a-letranger\/\" \/>\n<meta property=\"og:locale\" content=\"fr_FR\" \/>\n<meta property=\"og:type\" content=\"article\" \/>\n<meta property=\"og:title\" content=\"Les avocats mettent en garde les titulaires de visa et\" \/>\n<meta property=\"og:description\" content=\"Une situation pr\u00e9occupante pour les titulaires de visa et de green card Des cas r\u00e9cents, comme celui de Dr. Rasha Alawieh, ont alarm\u00e9 de nombreux\" \/>\n<meta property=\"og:url\" content=\"https:\/\/voyage-aventure.com\/blog\/a-la-une\/les-avocats-mettent-en-garde-les-titulaires-de-visa-et-green-card-sur-les-voyages-a-letranger\/\" \/>\n<meta property=\"og:site_name\" content=\"voyage-aventure\" \/>\n<meta property=\"og:image\" content=\"https:\/\/voyage-aventure.com\/blog\/wp-content\/uploads\/2025\/04\/sdxl-43a9027aa040e76e54161d45fa6e8abf.png\" \/>\n\t<meta property=\"og:image:width\" content=\"1536\" \/>\n\t<meta property=\"og:image:height\" content=\"640\" \/>\n\t<meta property=\"og:image:type\" content=\"image\/png\" \/>\n<meta name=\"author\" content=\"Camille Rouvray\" \/>\n<meta name=\"twitter:card\" content=\"summary_large_image\" \/>\n<script type=\"application\/ld+json\" class=\"yoast-schema-graph\">{\"@context\":\"https:\/\/schema.org\",\"@graph\":[{\"@type\":\"NewsArticle\",\"@id\":\"https:\/\/voyage-aventure.com\/blog\/a-la-une\/les-avocats-mettent-en-garde-les-titulaires-de-visa-et-green-card-sur-les-voyages-a-letranger\/#article\",\"isPartOf\":{\"@id\":\"https:\/\/voyage-aventure.com\/blog\/a-la-une\/les-avocats-mettent-en-garde-les-titulaires-de-visa-et-green-card-sur-les-voyages-a-letranger\/\"},\"author\":{\"name\":\"Camille Rouvray\",\"@id\":\"https:\/\/voyage-aventure.com\/blog\/#\/schema\/person\/3c864cdc320801e3db34b663e7e3f816\"},\"headline\":\"Les avocats mettent en garde les titulaires de visa et green card sur les voyages \u00e0 l&rsquo;\u00e9tranger\",\"datePublished\":\"2025-03-28T22:05:55+00:00\",\"mainEntityOfPage\":{\"@id\":\"https:\/\/voyage-aventure.com\/blog\/a-la-une\/les-avocats-mettent-en-garde-les-titulaires-de-visa-et-green-card-sur-les-voyages-a-letranger\/\"},\"wordCount\":572,\"commentCount\":24,\"publisher\":{\"@id\":\"https:\/\/voyage-aventure.com\/blog\/#organization\"},\"image\":{\"@id\":\"https:\/\/voyage-aventure.com\/blog\/a-la-une\/les-avocats-mettent-en-garde-les-titulaires-de-visa-et-green-card-sur-les-voyages-a-letranger\/#primaryimage\"},\"thumbnailUrl\":\"https:\/\/voyage-aventure.com\/blog\/wp-content\/uploads\/2025\/04\/sdxl-43a9027aa040e76e54161d45fa6e8abf.png\",\"keywords\":[\"Conseils\",\"Relations Internationales\",\"S\u00e9curit\u00e9\",\"Voyage\",\"Voyage en famille\"],\"articleSection\":[\"\u00c0 la une\"],\"inLanguage\":\"fr-FR\",\"potentialAction\":[{\"@type\":\"CommentAction\",\"name\":\"Comment\",\"target\":[\"https:\/\/voyage-aventure.com\/blog\/a-la-une\/les-avocats-mettent-en-garde-les-titulaires-de-visa-et-green-card-sur-les-voyages-a-letranger\/#respond\"]}]},{\"@type\":\"WebPage\",\"@id\":\"https:\/\/voyage-aventure.com\/blog\/a-la-une\/les-avocats-mettent-en-garde-les-titulaires-de-visa-et-green-card-sur-les-voyages-a-letranger\/\",\"url\":\"https:\/\/voyage-aventure.com\/blog\/a-la-une\/les-avocats-mettent-en-garde-les-titulaires-de-visa-et-green-card-sur-les-voyages-a-letranger\/\",\"name\":\"Les avocats mettent en garde les titulaires de visa et\",\"isPartOf\":{\"@id\":\"https:\/\/voyage-aventure.com\/blog\/#website\"},\"primaryImageOfPage\":{\"@id\":\"https:\/\/voyage-aventure.com\/blog\/a-la-une\/les-avocats-mettent-en-garde-les-titulaires-de-visa-et-green-card-sur-les-voyages-a-letranger\/#primaryimage\"},\"image\":{\"@id\":\"https:\/\/voyage-aventure.com\/blog\/a-la-une\/les-avocats-mettent-en-garde-les-titulaires-de-visa-et-green-card-sur-les-voyages-a-letranger\/#primaryimage\"},\"thumbnailUrl\":\"https:\/\/voyage-aventure.com\/blog\/wp-content\/uploads\/2025\/04\/sdxl-43a9027aa040e76e54161d45fa6e8abf.png\",\"datePublished\":\"2025-03-28T22:05:55+00:00\",\"description\":\"Une situation pr\u00e9occupante pour les titulaires de visa et de green card Des cas r\u00e9cents, comme celui de Dr. Rasha Alawieh, ont alarm\u00e9 de nombreux\",\"inLanguage\":\"fr-FR\",\"potentialAction\":[{\"@type\":\"ReadAction\",\"target\":[\"https:\/\/voyage-aventure.com\/blog\/a-la-une\/les-avocats-mettent-en-garde-les-titulaires-de-visa-et-green-card-sur-les-voyages-a-letranger\/\"]}]},{\"@type\":\"ImageObject\",\"inLanguage\":\"fr-FR\",\"@id\":\"https:\/\/voyage-aventure.com\/blog\/a-la-une\/les-avocats-mettent-en-garde-les-titulaires-de-visa-et-green-card-sur-les-voyages-a-letranger\/#primaryimage\",\"url\":\"https:\/\/voyage-aventure.com\/blog\/wp-content\/uploads\/2025\/04\/sdxl-43a9027aa040e76e54161d45fa6e8abf.png\",\"contentUrl\":\"https:\/\/voyage-aventure.com\/blog\/wp-content\/uploads\/2025\/04\/sdxl-43a9027aa040e76e54161d45fa6e8abf.png\",\"width\":1536,\"height\":640},{\"@type\":\"WebSite\",\"@id\":\"https:\/\/voyage-aventure.com\/blog\/#website\",\"url\":\"https:\/\/voyage-aventure.com\/blog\/\",\"name\":\"voyage-aventure.com\",\"description\":\"Votre passeport pour l\u2019inattendu.\",\"publisher\":{\"@id\":\"https:\/\/voyage-aventure.com\/blog\/#organization\"},\"alternateName\":\"Votre passeport pour l\u2019inattendu.\",\"potentialAction\":[{\"@type\":\"SearchAction\",\"target\":{\"@type\":\"EntryPoint\",\"urlTemplate\":\"https:\/\/voyage-aventure.com\/blog\/?s={search_term_string}\"},\"query-input\":{\"@type\":\"PropertyValueSpecification\",\"valueRequired\":true,\"valueName\":\"search_term_string\"}}],\"inLanguage\":\"fr-FR\"},{\"@type\":\"Organization\",\"@id\":\"https:\/\/voyage-aventure.com\/blog\/#organization\",\"name\":\"Foretsensations.fr\",\"url\":\"https:\/\/voyage-aventure.com\/blog\/\",\"logo\":{\"@type\":\"ImageObject\",\"inLanguage\":\"fr-FR\",\"@id\":\"https:\/\/voyage-aventure.com\/blog\/#\/schema\/logo\/image\/\",\"url\":\"https:\/\/voyage-aventure.com\/blog\/wp-content\/uploads\/2024\/12\/19.png\",\"contentUrl\":\"https:\/\/voyage-aventure.com\/blog\/wp-content\/uploads\/2024\/12\/19.png\",\"width\":512,\"height\":512,\"caption\":\"Foretsensations.fr\"},\"image\":{\"@id\":\"https:\/\/voyage-aventure.com\/blog\/#\/schema\/logo\/image\/\"}},{\"@type\":\"Person\",\"@id\":\"https:\/\/voyage-aventure.com\/blog\/#\/schema\/person\/3c864cdc320801e3db34b663e7e3f816\",\"name\":\"Camille Rouvray\",\"image\":{\"@type\":\"ImageObject\",\"inLanguage\":\"fr-FR\",\"@id\":\"https:\/\/voyage-aventure.com\/blog\/#\/schema\/person\/image\/\",\"url\":\"https:\/\/voyage-aventure.com\/blog\/wp-content\/uploads\/2026\/06\/persona_camille-r-96x96.jpg\",\"contentUrl\":\"https:\/\/voyage-aventure.com\/blog\/wp-content\/uploads\/2026\/06\/persona_camille-r-96x96.jpg\",\"caption\":\"Camille Rouvray\"},\"description\":\"Je voyage et j'\u00e9cris sur le voyage depuis une douzaine d'ann\u00e9es, d'abord en tant que routarde au long cours, puis comme r\u00e9dactrice sp\u00e9cialis\u00e9e. Mon terrain de pr\u00e9dilection, ce sont les circuits organis\u00e9s et l'art de bien pr\u00e9parer un itin\u00e9raire : choix de la saison, dur\u00e9e r\u00e9aliste des \u00e9tapes, budget jour par jour, logement et transport sur place. J'aime aussi raconter les p\u00e9pites urbaines, ces adresses qu'on ne trouve pas dans les guides classiques. Avant de publier un dossier destination, je croise toujours plusieurs sources, je v\u00e9rifie les tarifs et les formalit\u00e9s d'entr\u00e9e \u00e0 jour, et je teste moi-m\u00eame quand je le peux. Mon angle reste pratique avant tout : aider le lecteur \u00e0 partir l'esprit tranquille, sans mauvaise surprise une fois sur place. Je m'attache \u00e0 distinguer le coup de c\u0153ur sinc\u00e8re du simple argument marketing.\",\"sameAs\":[\"https:\/\/camillerouvray.fr\/\"],\"url\":\"https:\/\/voyage-aventure.com\/blog\/auteur\/noname\/\"}]}<\/script>\n<!-- \/ Yoast SEO Premium plugin. -->","yoast_head_json":{"title":"Les avocats mettent en garde les titulaires de visa et","description":"Une situation pr\u00e9occupante pour les titulaires de visa et de green card Des cas r\u00e9cents, comme celui de Dr. Rasha Alawieh, ont alarm\u00e9 de nombreux","robots":{"index":"index","follow":"follow","max-snippet":"max-snippet:-1","max-image-preview":"max-image-preview:large","max-video-preview":"max-video-preview:-1"},"canonical":"https:\/\/voyage-aventure.com\/blog\/a-la-une\/les-avocats-mettent-en-garde-les-titulaires-de-visa-et-green-card-sur-les-voyages-a-letranger\/","og_locale":"fr_FR","og_type":"article","og_title":"Les avocats mettent en garde les titulaires de visa et","og_description":"Une situation pr\u00e9occupante pour les titulaires de visa et de green card Des cas r\u00e9cents, comme celui de Dr. Rasha Alawieh, ont alarm\u00e9 de nombreux","og_url":"https:\/\/voyage-aventure.com\/blog\/a-la-une\/les-avocats-mettent-en-garde-les-titulaires-de-visa-et-green-card-sur-les-voyages-a-letranger\/","og_site_name":"voyage-aventure","og_image":[{"width":1536,"height":640,"url":"https:\/\/voyage-aventure.com\/blog\/wp-content\/uploads\/2025\/04\/sdxl-43a9027aa040e76e54161d45fa6e8abf.png","type":"image\/png"}],"author":"Camille Rouvray","twitter_card":"summary_large_image","schema":{"@context":"https:\/\/schema.org","@graph":[{"@type":"NewsArticle","@id":"https:\/\/voyage-aventure.com\/blog\/a-la-une\/les-avocats-mettent-en-garde-les-titulaires-de-visa-et-green-card-sur-les-voyages-a-letranger\/#article","isPartOf":{"@id":"https:\/\/voyage-aventure.com\/blog\/a-la-une\/les-avocats-mettent-en-garde-les-titulaires-de-visa-et-green-card-sur-les-voyages-a-letranger\/"},"author":{"name":"Camille Rouvray","@id":"https:\/\/voyage-aventure.com\/blog\/#\/schema\/person\/3c864cdc320801e3db34b663e7e3f816"},"headline":"Les avocats mettent en garde les titulaires de visa et green card sur les voyages \u00e0 l&rsquo;\u00e9tranger","datePublished":"2025-03-28T22:05:55+00:00","mainEntityOfPage":{"@id":"https:\/\/voyage-aventure.com\/blog\/a-la-une\/les-avocats-mettent-en-garde-les-titulaires-de-visa-et-green-card-sur-les-voyages-a-letranger\/"},"wordCount":572,"commentCount":24,"publisher":{"@id":"https:\/\/voyage-aventure.com\/blog\/#organization"},"image":{"@id":"https:\/\/voyage-aventure.com\/blog\/a-la-une\/les-avocats-mettent-en-garde-les-titulaires-de-visa-et-green-card-sur-les-voyages-a-letranger\/#primaryimage"},"thumbnailUrl":"https:\/\/voyage-aventure.com\/blog\/wp-content\/uploads\/2025\/04\/sdxl-43a9027aa040e76e54161d45fa6e8abf.png","keywords":["Conseils","Relations Internationales","S\u00e9curit\u00e9","Voyage","Voyage en famille"],"articleSection":["\u00c0 la une"],"inLanguage":"fr-FR","potentialAction":[{"@type":"CommentAction","name":"Comment","target":["https:\/\/voyage-aventure.com\/blog\/a-la-une\/les-avocats-mettent-en-garde-les-titulaires-de-visa-et-green-card-sur-les-voyages-a-letranger\/#respond"]}]},{"@type":"WebPage","@id":"https:\/\/voyage-aventure.com\/blog\/a-la-une\/les-avocats-mettent-en-garde-les-titulaires-de-visa-et-green-card-sur-les-voyages-a-letranger\/","url":"https:\/\/voyage-aventure.com\/blog\/a-la-une\/les-avocats-mettent-en-garde-les-titulaires-de-visa-et-green-card-sur-les-voyages-a-letranger\/","name":"Les avocats mettent en garde les titulaires de visa et","isPartOf":{"@id":"https:\/\/voyage-aventure.com\/blog\/#website"},"primaryImageOfPage":{"@id":"https:\/\/voyage-aventure.com\/blog\/a-la-une\/les-avocats-mettent-en-garde-les-titulaires-de-visa-et-green-card-sur-les-voyages-a-letranger\/#primaryimage"},"image":{"@id":"https:\/\/voyage-aventure.com\/blog\/a-la-une\/les-avocats-mettent-en-garde-les-titulaires-de-visa-et-green-card-sur-les-voyages-a-letranger\/#primaryimage"},"thumbnailUrl":"https:\/\/voyage-aventure.com\/blog\/wp-content\/uploads\/2025\/04\/sdxl-43a9027aa040e76e54161d45fa6e8abf.png","datePublished":"2025-03-28T22:05:55+00:00","description":"Une situation pr\u00e9occupante pour les titulaires de visa et de green card Des cas r\u00e9cents, comme celui de Dr. Rasha Alawieh, ont alarm\u00e9 de nombreux","inLanguage":"fr-FR","potentialAction":[{"@type":"ReadAction","target":["https:\/\/voyage-aventure.com\/blog\/a-la-une\/les-avocats-mettent-en-garde-les-titulaires-de-visa-et-green-card-sur-les-voyages-a-letranger\/"]}]},{"@type":"ImageObject","inLanguage":"fr-FR","@id":"https:\/\/voyage-aventure.com\/blog\/a-la-une\/les-avocats-mettent-en-garde-les-titulaires-de-visa-et-green-card-sur-les-voyages-a-letranger\/#primaryimage","url":"https:\/\/voyage-aventure.com\/blog\/wp-content\/uploads\/2025\/04\/sdxl-43a9027aa040e76e54161d45fa6e8abf.png","contentUrl":"https:\/\/voyage-aventure.com\/blog\/wp-content\/uploads\/2025\/04\/sdxl-43a9027aa040e76e54161d45fa6e8abf.png","width":1536,"height":640},{"@type":"WebSite","@id":"https:\/\/voyage-aventure.com\/blog\/#website","url":"https:\/\/voyage-aventure.com\/blog\/","name":"voyage-aventure.com","description":"Votre passeport pour l\u2019inattendu.","publisher":{"@id":"https:\/\/voyage-aventure.com\/blog\/#organization"},"alternateName":"Votre passeport pour l\u2019inattendu.","potentialAction":[{"@type":"SearchAction","target":{"@type":"EntryPoint","urlTemplate":"https:\/\/voyage-aventure.com\/blog\/?s={search_term_string}"},"query-input":{"@type":"PropertyValueSpecification","valueRequired":true,"valueName":"search_term_string"}}],"inLanguage":"fr-FR"},{"@type":"Organization","@id":"https:\/\/voyage-aventure.com\/blog\/#organization","name":"Foretsensations.fr","url":"https:\/\/voyage-aventure.com\/blog\/","logo":{"@type":"ImageObject","inLanguage":"fr-FR","@id":"https:\/\/voyage-aventure.com\/blog\/#\/schema\/logo\/image\/","url":"https:\/\/voyage-aventure.com\/blog\/wp-content\/uploads\/2024\/12\/19.png","contentUrl":"https:\/\/voyage-aventure.com\/blog\/wp-content\/uploads\/2024\/12\/19.png","width":512,"height":512,"caption":"Foretsensations.fr"},"image":{"@id":"https:\/\/voyage-aventure.com\/blog\/#\/schema\/logo\/image\/"}},{"@type":"Person","@id":"https:\/\/voyage-aventure.com\/blog\/#\/schema\/person\/3c864cdc320801e3db34b663e7e3f816","name":"Camille Rouvray","image":{"@type":"ImageObject","inLanguage":"fr-FR","@id":"https:\/\/voyage-aventure.com\/blog\/#\/schema\/person\/image\/","url":"https:\/\/voyage-aventure.com\/blog\/wp-content\/uploads\/2026\/06\/persona_camille-r-96x96.jpg","contentUrl":"https:\/\/voyage-aventure.com\/blog\/wp-content\/uploads\/2026\/06\/persona_camille-r-96x96.jpg","caption":"Camille Rouvray"},"description":"Je voyage et j'\u00e9cris sur le voyage depuis une douzaine d'ann\u00e9es, d'abord en tant que routarde au long cours, puis comme r\u00e9dactrice sp\u00e9cialis\u00e9e. Mon terrain de pr\u00e9dilection, ce sont les circuits organis\u00e9s et l'art de bien pr\u00e9parer un itin\u00e9raire : choix de la saison, dur\u00e9e r\u00e9aliste des \u00e9tapes, budget jour par jour, logement et transport sur place. J'aime aussi raconter les p\u00e9pites urbaines, ces adresses qu'on ne trouve pas dans les guides classiques. Avant de publier un dossier destination, je croise toujours plusieurs sources, je v\u00e9rifie les tarifs et les formalit\u00e9s d'entr\u00e9e \u00e0 jour, et je teste moi-m\u00eame quand je le peux. Mon angle reste pratique avant tout : aider le lecteur \u00e0 partir l'esprit tranquille, sans mauvaise surprise une fois sur place. Je m'attache \u00e0 distinguer le coup de c\u0153ur sinc\u00e8re du simple argument marketing.","sameAs":["https:\/\/camillerouvray.fr\/"],"url":"https:\/\/voyage-aventure.com\/blog\/auteur\/noname\/"}]}},"_links":{"self":[{"href":"https:\/\/voyage-aventure.com\/blog\/wp-json\/wp\/v2\/posts\/16849","targetHints":{"allow":["GET"]}}],"collection":[{"href":"https:\/\/voyage-aventure.com\/blog\/wp-json\/wp\/v2\/posts"}],"about":[{"href":"https:\/\/voyage-aventure.com\/blog\/wp-json\/wp\/v2\/types\/post"}],"author":[{"embeddable":true,"href":"https:\/\/voyage-aventure.com\/blog\/wp-json\/wp\/v2\/users\/34"}],"replies":[{"embeddable":true,"href":"https:\/\/voyage-aventure.com\/blog\/wp-json\/wp\/v2\/comments?post=16849"}],"version-history":[{"count":1,"href":"https:\/\/voyage-aventure.com\/blog\/wp-json\/wp\/v2\/posts\/16849\/revisions"}],"predecessor-version":[{"id":16850,"href":"https:\/\/voyage-aventure.com\/blog\/wp-json\/wp\/v2\/posts\/16849\/revisions\/16850"}],"wp:featuredmedia":[{"embeddable":true,"href":"https:\/\/voyage-aventure.com\/blog\/wp-json\/wp\/v2\/media\/18079"}],"wp:attachment":[{"href":"https:\/\/voyage-aventure.com\/blog\/wp-json\/wp\/v2\/media?parent=16849"}],"wp:term":[{"taxonomy":"category","embeddable":true,"href":"https:\/\/voyage-aventure.com\/blog\/wp-json\/wp\/v2\/categories?post=16849"},{"taxonomy":"post_tag","embeddable":true,"href":"https:\/\/voyage-aventure.com\/blog\/wp-json\/wp\/v2\/tags?post=16849"}],"curies":[{"name":"wp","href":"https:\/\/api.w.org\/{rel}","templated":true}]}}