{"id":16833,"date":"2026-06-16T17:44:16","date_gmt":"2026-06-16T15:44:16","guid":{"rendered":"https:\/\/voyage-aventure.com\/blog\/?p=16833"},"modified":"2026-06-16T17:44:16","modified_gmt":"2026-06-16T15:44:16","slug":"les-jeunes-professionnels-anxieux-face-aux-voyages-daffaires-une-realite-a-considerer","status":"publish","type":"post","link":"https:\/\/voyage-aventure.com\/blog\/a-la-une\/les-jeunes-professionnels-anxieux-face-aux-voyages-daffaires-une-realite-a-considerer\/","title":{"rendered":"les jeunes professionnels anxieux face aux voyages d&rsquo;affaires : une r\u00e9alit\u00e9 \u00e0 consid\u00e9rer"},"content":{"rendered":"<link rel=\"stylesheet\" href=\"https:\/\/fonts.googleapis.com\/css2?family=Space+Grotesk:wght@500;600;700&#038;family=Inter:wght@400;500;600&#038;family=JetBrains+Mono:wght@500&#038;display=swap\">\n<style>\n.vab-info-wrap{font-family:'Inter',-apple-system,sans-serif;color:#1d2b2e;line-height:1.65;font-size:17px}\n.vab-info-wrap h2{font-family:'Space Grotesk','Inter',sans-serif;font-weight:700;font-size:clamp(24px,3.2vw,33px);letter-spacing:-.02em;color:#13282c;margin:48px 0 16px}\n.vab-info-wrap h3{font-family:'Space Grotesk','Inter',sans-serif;font-weight:600;font-size:clamp(19px,2.2vw,22px);color:#13282c;margin:26px 0 10px}\n.vab-info-wrap p{margin:0 0 18px}\n.vab-info-lead{font-size:19px;color:#33474b;border-left:4px solid #138a7e;padding:4px 0 4px 18px;margin:0 0 30px;font-weight:500}\n.vab-info-brief{background:linear-gradient(180deg,#eafaf6,#f3fbf9);border:1px solid #c7ece4;border-left:5px solid #138a7e;border-radius:14px;padding:26px 28px;margin:0 0 40px;box-shadow:0 1px 2px rgba(16,24,40,.05),0 14px 32px -20px rgba(16,52,46,.4)}\n.vab-info-brief .vab-info-eyebrow{font-family:'JetBrains Mono',monospace;font-size:12px;letter-spacing:.14em;text-transform:uppercase;color:#0f7a6f;margin-bottom:10px}\n.vab-info-brief .vab-info-ans{font-family:'Space Grotesk','Inter',sans-serif;font-size:18px;font-weight:500;color:#13282c;margin-bottom:16px}\n.vab-info-brief ul{margin:0;padding-left:0;list-style:none}\n.vab-info-brief li{position:relative;padding-left:26px;margin-bottom:9px;font-size:15.5px;color:#2c4145}\n.vab-info-brief li::before{content:\"\u2192\";position:absolute;left:0;top:0;color:#138a7e;font-weight:700}\n.vab-info-eyebrow-sec{font-family:'JetBrains Mono',monospace;font-size:12px;letter-spacing:.14em;text-transform:uppercase;color:#0f7a6f;display:block;margin:48px 0 -6px}\n.vab-info-stats{display:grid;grid-template-columns:repeat(auto-fit,minmax(150px,1fr));gap:20px;margin:28px 0}\n.vab-info-stat{background:#fff;border:1px solid #d7e6e3;border-top:3px solid #138a7e;border-radius:12px;padding:22px;transition:.25s ease;box-shadow:0 1px 2px rgba(16,24,40,.05)}\n.vab-info-stat:hover{transform:translateY(-3px);box-shadow:0 1px 2px rgba(16,24,40,.05),0 16px 30px -18px rgba(16,52,46,.45)}\n.vab-info-stat .vab-info-num{font-family:'Space Grotesk',sans-serif;font-weight:700;font-size:34px;color:#138a7e;letter-spacing:-.02em}\n.vab-info-stat .vab-info-cap{font-size:14px;color:#3a5054;margin-top:6px}\n.vab-info-grid{display:grid;grid-template-columns:repeat(auto-fit,minmax(230px,1fr));gap:22px;margin:28px 0}\n.vab-info-card{background:#fff;border:1px solid #d7e6e3;border-radius:14px;padding:24px;transition:.25s ease;box-shadow:0 1px 2px rgba(16,24,40,.05)}\n.vab-info-card:hover{transform:translateY(-3px);box-shadow:0 1px 2px rgba(16,24,40,.05),0 16px 30px -18px rgba(16,52,46,.45);border-color:#bfe0d9}\n.vab-info-card .vab-info-ct{font-family:'Space Grotesk',sans-serif;font-weight:600;font-size:18px;color:#13282c;margin-bottom:8px}\n.vab-info-card .vab-info-cx{font-size:15px;color:#3a5054;line-height:1.6}\n.vab-info-quote{font-family:'Space Grotesk','Inter',sans-serif;font-size:21px;font-weight:500;line-height:1.5;color:#13282c;border-left:5px solid #138a7e;background:#f3fbf9;padding:22px 26px;margin:30px 0;border-radius:0 12px 12px 0}\n.vab-info-retenir{background:#13282c;color:#e9f5f2;border-radius:16px;padding:28px 30px;margin:46px 0}\n.vab-info-retenir .vab-info-eyebrow{font-family:'JetBrains Mono',monospace;font-size:12px;letter-spacing:.14em;text-transform:uppercase;color:#5fd3c2;margin-bottom:14px}\n.vab-info-retenir ul{margin:0;padding-left:0;list-style:none}\n.vab-info-retenir li{position:relative;padding-left:28px;margin-bottom:11px;font-size:16px;color:#dcefeb}\n.vab-info-retenir li::before{content:\"\u2713\";position:absolute;left:0;color:#5fd3c2;font-weight:700}\n.vab-info-faq{margin:36px 0}\n.vab-info-faq details{border:1px solid #d7e6e3;border-radius:12px;padding:4px 20px;margin-bottom:12px;background:#fff;transition:.25s ease}\n.vab-info-faq details[open]{border-color:#138a7e;box-shadow:0 12px 28px -20px rgba(16,52,46,.5)}\n.vab-info-faq summary{font-family:'Space Grotesk',sans-serif;font-weight:600;font-size:17px;color:#13282c;cursor:pointer;padding:16px 0;list-style:none}\n.vab-info-faq summary::-webkit-details-marker{display:none}\n.vab-info-faq summary::before{content:\"+\";color:#138a7e;font-weight:700;margin-right:12px}\n.vab-info-faq details[open] summary::before{content:\"\u2212\"}\n.vab-info-faq .vab-info-fa{padding:0 0 18px;color:#3a5054;font-size:15.5px;line-height:1.6}\n\/*RENDERFIX2*\/.vab-info-retenir{color:#eef3f9!important}.vab-info-retenir p,.vab-info-retenir li,.vab-info-retenir strong,.vab-info-retenir em,.vab-info-retenir a,.vab-info-retenir span,.vab-info-retenir b,.vab-info-retenir td,.vab-info-retenir th,.vab-info-retenir h2,.vab-info-retenir h3,.vab-info-retenir h4{color:#eef3f9!important}.vab-info-retenir strong,.vab-info-retenir b{color:#ffffff!important}<\/style>\n<div class=\"vab-info-wrap\">\n<p class=\"vab-info-lead\">Excit\u00e9s \u00e0 l&rsquo;id\u00e9e de partir, mais stress\u00e9s une fois sur la route : les jeunes professionnels vivent le voyage d&rsquo;affaires de fa\u00e7on paradoxale. Voici ce que r\u00e9v\u00e8le le sondage American Express Global Business Travel sur l&rsquo;anxi\u00e9t\u00e9 de la g\u00e9n\u00e9ration Z en d\u00e9placement professionnel, et comment les entreprises peuvent y r\u00e9pondre.<\/p>\n<div class=\"vab-info-brief\">\n<div class=\"vab-info-eyebrow\">En bref<\/div>\n<div class=\"vab-info-ans\">Les jeunes voyageurs d&rsquo;affaires (g\u00e9n\u00e9ration Z, 18 \u00e0 28 ans) cumulent enthousiasme et anxi\u00e9t\u00e9 : 70 % attendent leurs d\u00e9placements professionnels avec impatience, mais 52 % les jugent \u00ab assez \u00bb ou \u00ab tr\u00e8s \u00bb stressants \u2014 bien plus que les g\u00e9n\u00e9rations pr\u00e9c\u00e9dentes. Le manque d&rsquo;exp\u00e9rience explique en grande partie cet \u00e9cart.<\/div>\n<ul>\n<li>70 % des jeunes employ\u00e9s anticipent leurs voyages d&rsquo;affaires avec enthousiasme<\/li>\n<li>52 % les trouvent stressants, contre 38 % des millennials et 34 % de la g\u00e9n\u00e9ration X<\/li>\n<li>62 % ont d\u00e9j\u00e0 prolong\u00e9 un d\u00e9placement professionnel pour des raisons personnelles (\u00ab bleisure \u00bb)<\/li>\n<li>R\u00e9ponse attendue des entreprises : flexibilit\u00e9, soutien et politique de voyage adapt\u00e9e<\/li>\n<\/ul>\n<\/div>\n<h2>La g\u00e9n\u00e9ration Z et le voyage d&rsquo;affaires<\/h2>\n<p>Les jeunes travailleurs de la g\u00e9n\u00e9ration Z sont souvent per\u00e7us comme passionn\u00e9s par l&rsquo;id\u00e9e de voyager pour le travail. Cependant, un r\u00e9cent sondage r\u00e9v\u00e8le une dichotomie troublante : bien qu&rsquo;ils soient excit\u00e9s \u00e0 l&rsquo;id\u00e9e de voyager, beaucoup \u00e9prouvent un stress consid\u00e9rable face aux exigences de ces d\u00e9placements professionnels. Cette g\u00e9n\u00e9ration, \u00e2g\u00e9e de 18 \u00e0 28 ans, semble mal pr\u00e9par\u00e9e \u00e0 g\u00e9rer le stress associ\u00e9 \u00e0 ces exp\u00e9riences.<\/p>\n<p>Un rapport de recherche command\u00e9 par American Express Global Business Travel a montr\u00e9 que 70 % des jeunes employ\u00e9s anticipent avec enthousiasme leurs voyages d&rsquo;affaires. Toutefois, plus de la moiti\u00e9 d&rsquo;entre eux qualifient ces exp\u00e9riences de \u00ab stressantes \u00bb, mettant en lumi\u00e8re un besoin urgent de soutien de la part des entreprises.<\/p>\n<p><iframe loading=\"lazy\" title=\"Troubles de l&#039;attention et de l&#039;hyperactivit\u00e9 : les adultes aussi - Le Magazine de la Sant\u00e9\" width=\"1200\" height=\"675\" src=\"https:\/\/www.youtube.com\/embed\/VSvC10_N5iY?feature=oembed\" frameborder=\"0\" allow=\"accelerometer; autoplay; clipboard-write; encrypted-media; gyroscope; picture-in-picture; web-share\" referrerpolicy=\"strict-origin-when-cross-origin\" allowfullscreen><\/iframe><\/p>\n<h2>Les d\u00e9fis du voyage pour les jeunes professionnels<\/h2>\n<p>Les r\u00e9sultats de l&rsquo;enqu\u00eate indiquent que la g\u00e9n\u00e9ration Z \u00e9prouve des niveaux de stress li\u00e9s au voyage bien plus \u00e9lev\u00e9s que leurs coll\u00e8gues plus \u00e2g\u00e9s. En effet, 52 % des jeunes voyageurs d&rsquo;affaires ont indiqu\u00e9 que leurs d\u00e9placements \u00e9taient \u00ab assez \u00bb ou \u00ab tr\u00e8s \u00bb stressants. En comparaison, seulement 38 % des millennials et 34 % des membres de la g\u00e9n\u00e9ration X ressentent la m\u00eame pression.<\/p>\n<p><span class=\"vab-info-eyebrow-sec\">Le stress du d\u00e9placement par g\u00e9n\u00e9ration<\/span><\/p>\n<div class=\"vab-info-stats\">\n<div class=\"vab-info-stat\">\n<div class=\"vab-info-num\">52 %<\/div>\n<div class=\"vab-info-cap\">des jeunes voyageurs d&rsquo;affaires (Gen Z) jugent leurs d\u00e9placements stressants<\/div>\n<\/div>\n<div class=\"vab-info-stat\">\n<div class=\"vab-info-num\">38 %<\/div>\n<div class=\"vab-info-cap\">des millennials ressentent ce m\u00eame niveau de pression<\/div>\n<\/div>\n<div class=\"vab-info-stat\">\n<div class=\"vab-info-num\">34 %<\/div>\n<div class=\"vab-info-cap\">des membres de la g\u00e9n\u00e9ration X concern\u00e9s<\/div>\n<\/div>\n<\/div>\n<p>Ce stress accru pourrait \u00eatre attribu\u00e9 \u00e0 un manque d&rsquo;exp\u00e9rience. Comme l&rsquo;explique Dr. Marie-H\u00e9l\u00e8ne Pelletier, psychologue et coach : \u00ab Pour quelqu&rsquo;un en d\u00e9but de carri\u00e8re, il y a probablement eu moins d&rsquo;exposition aux voyages d&rsquo;affaires, ce qui peut augmenter l&rsquo;anxi\u00e9t\u00e9. \u00bb Par cons\u00e9quent, les entreprises doivent repenser leur approche pour soutenir ces jeunes professionnels.<\/p>\n<h3>Pourquoi le manque d&rsquo;exp\u00e9rience p\u00e8se autant<\/h3>\n<p>Un premier d\u00e9placement professionnel concentre une longue liste d&rsquo;inconnues : itin\u00e9raires \u00e0 organiser, impr\u00e9vus de transport, codes implicites des rendez-vous, gestion du d\u00e9calage entre vie pro et vie perso. Sans rep\u00e8res acquis au fil des missions, chaque d\u00e9tail logistique devient une source d&rsquo;inqui\u00e9tude suppl\u00e9mentaire pour le voyageur d&rsquo;affaires d\u00e9butant.<\/p>\n<h2>Vers une nouvelle approche du voyage d&rsquo;affaires<\/h2>\n<p>Les entreprises doivent s&rsquo;interroger sur leur politique de voyage pour mieux r\u00e9pondre aux attentes de la g\u00e9n\u00e9ration Z. La mont\u00e9e du \u00ab bleisure \u00bb \u2014 l&rsquo;int\u00e9gration des voyages d&rsquo;affaires et de loisirs \u2014 transforme les attentes des employ\u00e9s. Environ 62 % des r\u00e9pondants ont d\u00e9j\u00e0 prolong\u00e9 un voyage professionnel pour des raisons personnelles, r\u00e9v\u00e9lant un d\u00e9sir de mieux \u00e9quilibrer travail et vie personnelle.<\/p>\n<p>Il devient essentiel d&rsquo;int\u00e9grer une flexibilit\u00e9 dans les politiques de voyage. Les entreprises doivent favoriser un environnement o\u00f9 les jeunes professionnels se sentent soutenus, surtout lorsqu&rsquo;ils font face \u00e0 des disruptions de voyage. Une citation pertinente r\u00e9sume cette n\u00e9cessit\u00e9 :<\/p>\n<div class=\"vab-info-quote\">\u00ab Une politique de voyage doit \u00eatre int\u00e9gr\u00e9e dans la strat\u00e9gie g\u00e9n\u00e9rale des talents, avec une flexibilit\u00e9 adapt\u00e9e aux besoins individuels. \u00bb<\/div>\n<p><span class=\"vab-info-eyebrow-sec\">Quatre leviers pour soutenir les jeunes voyageurs d&rsquo;affaires<\/span><\/p>\n<div class=\"vab-info-grid\">\n<div class=\"vab-info-card\">\n<div class=\"vab-info-ct\">\u00c9couter<\/div>\n<div class=\"vab-info-cx\">Recueillir les pr\u00e9occupations des employ\u00e9s concernant le d\u00e9placement professionnel avant de cadrer la politique de voyage.<\/div>\n<\/div>\n<div class=\"vab-info-card\">\n<div class=\"vab-info-ct\">Outiller<\/div>\n<div class=\"vab-info-cx\">Offrir des ressources pour mieux g\u00e9rer le stress li\u00e9 aux d\u00e9placements et encourager les outils qui simplifient les r\u00e9servations.<\/div>\n<\/div>\n<div class=\"vab-info-card\">\n<div class=\"vab-info-ct\">\u00c9quilibrer<\/div>\n<div class=\"vab-info-cx\">Favoriser un \u00e9quilibre entre travail et vie personnelle, en coh\u00e9rence avec l&rsquo;essor du \u00ab bleisure \u00bb dans le tourisme d&rsquo;affaires.<\/div>\n<\/div>\n<div class=\"vab-info-card\">\n<div class=\"vab-info-ct\">S\u00e9curiser<\/div>\n<div class=\"vab-info-cx\">Accompagner les voyageurs d&rsquo;affaires face aux impr\u00e9vus et disruptions, pour transformer l&rsquo;anxi\u00e9t\u00e9 en confiance.<\/div>\n<\/div>\n<\/div>\n<p>L&rsquo;avenir des voyages d&rsquo;affaires semble positif, avec 55 % des r\u00e9pondants s&rsquo;attendant \u00e0 voyager davantage dans les cinq prochaines ann\u00e9es. Cependant, il est crucial que les entreprises reconnaissent les d\u00e9fis uniques auxquels la g\u00e9n\u00e9ration Z fait face. Un soutien cibl\u00e9 et une communication efficace pourraient faire toute la diff\u00e9rence pour aider ces jeunes professionnels \u00e0 naviguer dans un paysage de travail en constante \u00e9volution, o\u00f9 le voyage d&rsquo;affaires devient de plus en plus une norme.<\/p>\n<div class=\"vab-info-retenir\">\n<div class=\"vab-info-eyebrow\">\u00c0 retenir<\/div>\n<ul>\n<li>La g\u00e9n\u00e9ration Z aborde le voyage d&rsquo;affaires avec enthousiasme (70 %) mais un stress nettement sup\u00e9rieur \u00e0 celui des a\u00een\u00e9s (52 % vs 38 % et 34 %).<\/li>\n<li>Le manque d&rsquo;exposition aux d\u00e9placements professionnels en d\u00e9but de carri\u00e8re nourrit l&rsquo;anxi\u00e9t\u00e9.<\/li>\n<li>Le \u00ab bleisure \u00bb s&rsquo;impose : 62 % ont d\u00e9j\u00e0 prolong\u00e9 un voyage professionnel \u00e0 titre personnel.<\/li>\n<li>\u00c9coute, flexibilit\u00e9 et soutien dans la politique de voyage sont les leviers attendus c\u00f4t\u00e9 entreprise.<\/li>\n<li>55 % des r\u00e9pondants pr\u00e9voient de voyager davantage d&rsquo;ici cinq ans : le tourisme d&rsquo;affaires reste une norme \u00e0 mieux accompagner.<\/li>\n<\/ul>\n<\/div>\n<div class=\"vab-info-faq\">\n<details>\n<summary>Pourquoi les jeunes professionnels sont-ils plus stress\u00e9s en voyage d&rsquo;affaires ?<\/summary>\n<div class=\"vab-info-fa\">Selon le sondage American Express Global Business Travel, 52 % des voyageurs d&rsquo;affaires de la g\u00e9n\u00e9ration Z jugent leurs d\u00e9placements stressants, contre 38 % des millennials et 34 % de la g\u00e9n\u00e9ration X. Le manque d&rsquo;exp\u00e9rience en d\u00e9but de carri\u00e8re, qui r\u00e9duit l&rsquo;exposition aux d\u00e9placements professionnels, en est une cause majeure.<\/div>\n<\/details>\n<details>\n<summary>Qu&rsquo;est-ce que le \u00ab bleisure \u00bb dans le voyage d&rsquo;affaires ?<\/summary>\n<div class=\"vab-info-fa\">Le \u00ab bleisure \u00bb d\u00e9signe l&rsquo;int\u00e9gration des voyages d&rsquo;affaires et de loisirs. Environ 62 % des r\u00e9pondants ont d\u00e9j\u00e0 prolong\u00e9 un d\u00e9placement professionnel pour des raisons personnelles, signe d&rsquo;un d\u00e9sir d&rsquo;\u00e9quilibre entre travail et vie priv\u00e9e.<\/div>\n<\/details>\n<details>\n<summary>Comment les entreprises peuvent-elles r\u00e9duire l&rsquo;anxi\u00e9t\u00e9 des voyageurs d&rsquo;affaires ?<\/summary>\n<div class=\"vab-info-fa\">En \u00e9coutant les pr\u00e9occupations des employ\u00e9s, en offrant des ressources pour g\u00e9rer le stress, en facilitant les r\u00e9servations par des outils technologiques et en int\u00e9grant de la flexibilit\u00e9 dans la politique de voyage, au sein de la strat\u00e9gie globale des talents.<\/div>\n<\/details>\n<details>\n<summary>Les jeunes professionnels veulent-ils vraiment voyager pour le travail ?<\/summary>\n<div class=\"vab-info-fa\">Oui : 70 % des jeunes employ\u00e9s anticipent leurs voyages d&rsquo;affaires avec enthousiasme et 55 % s&rsquo;attendent \u00e0 voyager davantage dans les cinq prochaines ann\u00e9es. L&rsquo;enjeu pour les entreprises est de transformer cet enthousiasme en exp\u00e9rience sereine.<\/div>\n<\/details>\n<\/div>\n<\/div>\n","protected":false},"excerpt":{"rendered":"","protected":false},"author":34,"featured_media":19534,"comment_status":"open","ping_status":"open","sticky":false,"template":"","format":"standard","meta":{"_acf_changed":false,"manual_indexmenow":false,"indexmenow_id_project":0,"footnotes":""},"categories":[1],"tags":[6321,4624,5086,4799,5405],"class_list":["post-16833","post","type-post","status-publish","format-standard","has-post-thumbnail","hentry","category-a-la-une","tag-equilibre-travail-vie-personnelle","tag-flexibilite","tag-generation-z","tag-stress","tag-voyage-daffaires","generate-columns","tablet-grid-50","mobile-grid-100","grid-parent","grid-25"],"acf":[],"yoast_head":"<!-- This site is optimized with the Yoast SEO Premium plugin v21.3 (Yoast SEO v25.1) - https:\/\/yoast.com\/wordpress\/plugins\/seo\/ -->\n<title>les jeunes professionnels anxieux face aux voyages<\/title>\n<meta name=\"description\" content=\"Excit\u00e9s \u00e0 l&#039;id\u00e9e de partir, mais stress\u00e9s une fois sur la route : les jeunes professionnels vivent le voyage d&#039;affaires de fa\u00e7on paradoxale. Voici ce que\" \/>\n<meta name=\"robots\" content=\"index, follow, max-snippet:-1, max-image-preview:large, max-video-preview:-1\" \/>\n<link rel=\"canonical\" href=\"https:\/\/voyage-aventure.com\/blog\/a-la-une\/les-jeunes-professionnels-anxieux-face-aux-voyages-daffaires-une-realite-a-considerer\/\" \/>\n<meta property=\"og:locale\" content=\"fr_FR\" \/>\n<meta property=\"og:type\" content=\"article\" \/>\n<meta property=\"og:title\" content=\"les jeunes professionnels anxieux face aux voyages\" \/>\n<meta property=\"og:description\" content=\"Excit\u00e9s \u00e0 l&#039;id\u00e9e de partir, mais stress\u00e9s une fois sur la route : les jeunes professionnels vivent le voyage d&#039;affaires de fa\u00e7on paradoxale. Voici ce que\" \/>\n<meta property=\"og:url\" content=\"https:\/\/voyage-aventure.com\/blog\/a-la-une\/les-jeunes-professionnels-anxieux-face-aux-voyages-daffaires-une-realite-a-considerer\/\" \/>\n<meta property=\"og:site_name\" content=\"voyage-aventure\" \/>\n<meta property=\"og:image\" content=\"https:\/\/voyage-aventure.com\/blog\/wp-content\/uploads\/2025\/05\/sdxl-ef611718b92c7750bf9fc462c3fb6f97-scaled.png\" \/>\n\t<meta property=\"og:image:width\" content=\"1200\" \/>\n\t<meta property=\"og:image:height\" content=\"500\" \/>\n\t<meta property=\"og:image:type\" content=\"image\/png\" \/>\n<meta name=\"author\" content=\"Camille Rouvray\" \/>\n<meta name=\"twitter:card\" content=\"summary_large_image\" \/>\n<script type=\"application\/ld+json\" class=\"yoast-schema-graph\">{\"@context\":\"https:\/\/schema.org\",\"@graph\":[{\"@type\":\"NewsArticle\",\"@id\":\"https:\/\/voyage-aventure.com\/blog\/a-la-une\/les-jeunes-professionnels-anxieux-face-aux-voyages-daffaires-une-realite-a-considerer\/#article\",\"isPartOf\":{\"@id\":\"https:\/\/voyage-aventure.com\/blog\/a-la-une\/les-jeunes-professionnels-anxieux-face-aux-voyages-daffaires-une-realite-a-considerer\/\"},\"author\":{\"name\":\"Camille Rouvray\",\"@id\":\"https:\/\/voyage-aventure.com\/blog\/#\/schema\/person\/3c864cdc320801e3db34b663e7e3f816\"},\"headline\":\"les jeunes professionnels anxieux face aux voyages d&rsquo;affaires : une r\u00e9alit\u00e9 \u00e0 consid\u00e9rer\",\"datePublished\":\"2026-06-16T15:44:16+00:00\",\"mainEntityOfPage\":{\"@id\":\"https:\/\/voyage-aventure.com\/blog\/a-la-une\/les-jeunes-professionnels-anxieux-face-aux-voyages-daffaires-une-realite-a-considerer\/\"},\"wordCount\":1229,\"commentCount\":20,\"publisher\":{\"@id\":\"https:\/\/voyage-aventure.com\/blog\/#organization\"},\"image\":{\"@id\":\"https:\/\/voyage-aventure.com\/blog\/a-la-une\/les-jeunes-professionnels-anxieux-face-aux-voyages-daffaires-une-realite-a-considerer\/#primaryimage\"},\"thumbnailUrl\":\"https:\/\/voyage-aventure.com\/blog\/wp-content\/uploads\/2025\/05\/sdxl-ef611718b92c7750bf9fc462c3fb6f97-scaled.png\",\"keywords\":[\"\u00c9quilibre travail-vie personnelle\",\"Flexibilit\u00e9\",\"G\u00e9n\u00e9ration Z\",\"Stress\",\"Voyage d'Affaires\"],\"articleSection\":[\"\u00c0 la une\"],\"inLanguage\":\"fr-FR\",\"potentialAction\":[{\"@type\":\"CommentAction\",\"name\":\"Comment\",\"target\":[\"https:\/\/voyage-aventure.com\/blog\/a-la-une\/les-jeunes-professionnels-anxieux-face-aux-voyages-daffaires-une-realite-a-considerer\/#respond\"]}]},{\"@type\":\"WebPage\",\"@id\":\"https:\/\/voyage-aventure.com\/blog\/a-la-une\/les-jeunes-professionnels-anxieux-face-aux-voyages-daffaires-une-realite-a-considerer\/\",\"url\":\"https:\/\/voyage-aventure.com\/blog\/a-la-une\/les-jeunes-professionnels-anxieux-face-aux-voyages-daffaires-une-realite-a-considerer\/\",\"name\":\"les jeunes professionnels anxieux face aux voyages\",\"isPartOf\":{\"@id\":\"https:\/\/voyage-aventure.com\/blog\/#website\"},\"primaryImageOfPage\":{\"@id\":\"https:\/\/voyage-aventure.com\/blog\/a-la-une\/les-jeunes-professionnels-anxieux-face-aux-voyages-daffaires-une-realite-a-considerer\/#primaryimage\"},\"image\":{\"@id\":\"https:\/\/voyage-aventure.com\/blog\/a-la-une\/les-jeunes-professionnels-anxieux-face-aux-voyages-daffaires-une-realite-a-considerer\/#primaryimage\"},\"thumbnailUrl\":\"https:\/\/voyage-aventure.com\/blog\/wp-content\/uploads\/2025\/05\/sdxl-ef611718b92c7750bf9fc462c3fb6f97-scaled.png\",\"datePublished\":\"2026-06-16T15:44:16+00:00\",\"description\":\"Excit\u00e9s \u00e0 l'id\u00e9e de partir, mais stress\u00e9s une fois sur la route : les jeunes professionnels vivent le voyage d'affaires de fa\u00e7on paradoxale. Voici ce que\",\"inLanguage\":\"fr-FR\",\"potentialAction\":[{\"@type\":\"ReadAction\",\"target\":[\"https:\/\/voyage-aventure.com\/blog\/a-la-une\/les-jeunes-professionnels-anxieux-face-aux-voyages-daffaires-une-realite-a-considerer\/\"]}]},{\"@type\":\"ImageObject\",\"inLanguage\":\"fr-FR\",\"@id\":\"https:\/\/voyage-aventure.com\/blog\/a-la-une\/les-jeunes-professionnels-anxieux-face-aux-voyages-daffaires-une-realite-a-considerer\/#primaryimage\",\"url\":\"https:\/\/voyage-aventure.com\/blog\/wp-content\/uploads\/2025\/05\/sdxl-ef611718b92c7750bf9fc462c3fb6f97-scaled.png\",\"contentUrl\":\"https:\/\/voyage-aventure.com\/blog\/wp-content\/uploads\/2025\/05\/sdxl-ef611718b92c7750bf9fc462c3fb6f97-scaled.png\",\"width\":1200,\"height\":500},{\"@type\":\"WebSite\",\"@id\":\"https:\/\/voyage-aventure.com\/blog\/#website\",\"url\":\"https:\/\/voyage-aventure.com\/blog\/\",\"name\":\"voyage-aventure.com\",\"description\":\"Votre passeport pour l\u2019inattendu.\",\"publisher\":{\"@id\":\"https:\/\/voyage-aventure.com\/blog\/#organization\"},\"alternateName\":\"Votre passeport pour l\u2019inattendu.\",\"potentialAction\":[{\"@type\":\"SearchAction\",\"target\":{\"@type\":\"EntryPoint\",\"urlTemplate\":\"https:\/\/voyage-aventure.com\/blog\/?s={search_term_string}\"},\"query-input\":{\"@type\":\"PropertyValueSpecification\",\"valueRequired\":true,\"valueName\":\"search_term_string\"}}],\"inLanguage\":\"fr-FR\"},{\"@type\":\"Organization\",\"@id\":\"https:\/\/voyage-aventure.com\/blog\/#organization\",\"name\":\"Foretsensations.fr\",\"url\":\"https:\/\/voyage-aventure.com\/blog\/\",\"logo\":{\"@type\":\"ImageObject\",\"inLanguage\":\"fr-FR\",\"@id\":\"https:\/\/voyage-aventure.com\/blog\/#\/schema\/logo\/image\/\",\"url\":\"https:\/\/voyage-aventure.com\/blog\/wp-content\/uploads\/2024\/12\/19.png\",\"contentUrl\":\"https:\/\/voyage-aventure.com\/blog\/wp-content\/uploads\/2024\/12\/19.png\",\"width\":512,\"height\":512,\"caption\":\"Foretsensations.fr\"},\"image\":{\"@id\":\"https:\/\/voyage-aventure.com\/blog\/#\/schema\/logo\/image\/\"}},{\"@type\":\"Person\",\"@id\":\"https:\/\/voyage-aventure.com\/blog\/#\/schema\/person\/3c864cdc320801e3db34b663e7e3f816\",\"name\":\"Camille Rouvray\",\"image\":{\"@type\":\"ImageObject\",\"inLanguage\":\"fr-FR\",\"@id\":\"https:\/\/voyage-aventure.com\/blog\/#\/schema\/person\/image\/\",\"url\":\"https:\/\/voyage-aventure.com\/blog\/wp-content\/uploads\/2026\/06\/persona_camille-r-96x96.jpg\",\"contentUrl\":\"https:\/\/voyage-aventure.com\/blog\/wp-content\/uploads\/2026\/06\/persona_camille-r-96x96.jpg\",\"caption\":\"Camille Rouvray\"},\"description\":\"Je voyage et j'\u00e9cris sur le voyage depuis une douzaine d'ann\u00e9es, d'abord en tant que routarde au long cours, puis comme r\u00e9dactrice sp\u00e9cialis\u00e9e. Mon terrain de pr\u00e9dilection, ce sont les circuits organis\u00e9s et l'art de bien pr\u00e9parer un itin\u00e9raire : choix de la saison, dur\u00e9e r\u00e9aliste des \u00e9tapes, budget jour par jour, logement et transport sur place. J'aime aussi raconter les p\u00e9pites urbaines, ces adresses qu'on ne trouve pas dans les guides classiques. Avant de publier un dossier destination, je croise toujours plusieurs sources, je v\u00e9rifie les tarifs et les formalit\u00e9s d'entr\u00e9e \u00e0 jour, et je teste moi-m\u00eame quand je le peux. Mon angle reste pratique avant tout : aider le lecteur \u00e0 partir l'esprit tranquille, sans mauvaise surprise une fois sur place. Je m'attache \u00e0 distinguer le coup de c\u0153ur sinc\u00e8re du simple argument marketing.\",\"sameAs\":[\"https:\/\/camillerouvray.fr\/\"],\"url\":\"https:\/\/voyage-aventure.com\/blog\/auteur\/noname\/\"}]}<\/script>\n<!-- \/ Yoast SEO Premium plugin. -->","yoast_head_json":{"title":"les jeunes professionnels anxieux face aux voyages","description":"Excit\u00e9s \u00e0 l'id\u00e9e de partir, mais stress\u00e9s une fois sur la route : les jeunes professionnels vivent le voyage d'affaires de fa\u00e7on paradoxale. Voici ce que","robots":{"index":"index","follow":"follow","max-snippet":"max-snippet:-1","max-image-preview":"max-image-preview:large","max-video-preview":"max-video-preview:-1"},"canonical":"https:\/\/voyage-aventure.com\/blog\/a-la-une\/les-jeunes-professionnels-anxieux-face-aux-voyages-daffaires-une-realite-a-considerer\/","og_locale":"fr_FR","og_type":"article","og_title":"les jeunes professionnels anxieux face aux voyages","og_description":"Excit\u00e9s \u00e0 l'id\u00e9e de partir, mais stress\u00e9s une fois sur la route : les jeunes professionnels vivent le voyage d'affaires de fa\u00e7on paradoxale. Voici ce que","og_url":"https:\/\/voyage-aventure.com\/blog\/a-la-une\/les-jeunes-professionnels-anxieux-face-aux-voyages-daffaires-une-realite-a-considerer\/","og_site_name":"voyage-aventure","og_image":[{"width":1200,"height":500,"url":"https:\/\/voyage-aventure.com\/blog\/wp-content\/uploads\/2025\/05\/sdxl-ef611718b92c7750bf9fc462c3fb6f97-scaled.png","type":"image\/png"}],"author":"Camille Rouvray","twitter_card":"summary_large_image","schema":{"@context":"https:\/\/schema.org","@graph":[{"@type":"NewsArticle","@id":"https:\/\/voyage-aventure.com\/blog\/a-la-une\/les-jeunes-professionnels-anxieux-face-aux-voyages-daffaires-une-realite-a-considerer\/#article","isPartOf":{"@id":"https:\/\/voyage-aventure.com\/blog\/a-la-une\/les-jeunes-professionnels-anxieux-face-aux-voyages-daffaires-une-realite-a-considerer\/"},"author":{"name":"Camille Rouvray","@id":"https:\/\/voyage-aventure.com\/blog\/#\/schema\/person\/3c864cdc320801e3db34b663e7e3f816"},"headline":"les jeunes professionnels anxieux face aux voyages d&rsquo;affaires : une r\u00e9alit\u00e9 \u00e0 consid\u00e9rer","datePublished":"2026-06-16T15:44:16+00:00","mainEntityOfPage":{"@id":"https:\/\/voyage-aventure.com\/blog\/a-la-une\/les-jeunes-professionnels-anxieux-face-aux-voyages-daffaires-une-realite-a-considerer\/"},"wordCount":1229,"commentCount":20,"publisher":{"@id":"https:\/\/voyage-aventure.com\/blog\/#organization"},"image":{"@id":"https:\/\/voyage-aventure.com\/blog\/a-la-une\/les-jeunes-professionnels-anxieux-face-aux-voyages-daffaires-une-realite-a-considerer\/#primaryimage"},"thumbnailUrl":"https:\/\/voyage-aventure.com\/blog\/wp-content\/uploads\/2025\/05\/sdxl-ef611718b92c7750bf9fc462c3fb6f97-scaled.png","keywords":["\u00c9quilibre travail-vie personnelle","Flexibilit\u00e9","G\u00e9n\u00e9ration Z","Stress","Voyage d'Affaires"],"articleSection":["\u00c0 la une"],"inLanguage":"fr-FR","potentialAction":[{"@type":"CommentAction","name":"Comment","target":["https:\/\/voyage-aventure.com\/blog\/a-la-une\/les-jeunes-professionnels-anxieux-face-aux-voyages-daffaires-une-realite-a-considerer\/#respond"]}]},{"@type":"WebPage","@id":"https:\/\/voyage-aventure.com\/blog\/a-la-une\/les-jeunes-professionnels-anxieux-face-aux-voyages-daffaires-une-realite-a-considerer\/","url":"https:\/\/voyage-aventure.com\/blog\/a-la-une\/les-jeunes-professionnels-anxieux-face-aux-voyages-daffaires-une-realite-a-considerer\/","name":"les jeunes professionnels anxieux face aux voyages","isPartOf":{"@id":"https:\/\/voyage-aventure.com\/blog\/#website"},"primaryImageOfPage":{"@id":"https:\/\/voyage-aventure.com\/blog\/a-la-une\/les-jeunes-professionnels-anxieux-face-aux-voyages-daffaires-une-realite-a-considerer\/#primaryimage"},"image":{"@id":"https:\/\/voyage-aventure.com\/blog\/a-la-une\/les-jeunes-professionnels-anxieux-face-aux-voyages-daffaires-une-realite-a-considerer\/#primaryimage"},"thumbnailUrl":"https:\/\/voyage-aventure.com\/blog\/wp-content\/uploads\/2025\/05\/sdxl-ef611718b92c7750bf9fc462c3fb6f97-scaled.png","datePublished":"2026-06-16T15:44:16+00:00","description":"Excit\u00e9s \u00e0 l'id\u00e9e de partir, mais stress\u00e9s une fois sur la route : les jeunes professionnels vivent le voyage d'affaires de fa\u00e7on paradoxale. Voici ce que","inLanguage":"fr-FR","potentialAction":[{"@type":"ReadAction","target":["https:\/\/voyage-aventure.com\/blog\/a-la-une\/les-jeunes-professionnels-anxieux-face-aux-voyages-daffaires-une-realite-a-considerer\/"]}]},{"@type":"ImageObject","inLanguage":"fr-FR","@id":"https:\/\/voyage-aventure.com\/blog\/a-la-une\/les-jeunes-professionnels-anxieux-face-aux-voyages-daffaires-une-realite-a-considerer\/#primaryimage","url":"https:\/\/voyage-aventure.com\/blog\/wp-content\/uploads\/2025\/05\/sdxl-ef611718b92c7750bf9fc462c3fb6f97-scaled.png","contentUrl":"https:\/\/voyage-aventure.com\/blog\/wp-content\/uploads\/2025\/05\/sdxl-ef611718b92c7750bf9fc462c3fb6f97-scaled.png","width":1200,"height":500},{"@type":"WebSite","@id":"https:\/\/voyage-aventure.com\/blog\/#website","url":"https:\/\/voyage-aventure.com\/blog\/","name":"voyage-aventure.com","description":"Votre passeport pour l\u2019inattendu.","publisher":{"@id":"https:\/\/voyage-aventure.com\/blog\/#organization"},"alternateName":"Votre passeport pour l\u2019inattendu.","potentialAction":[{"@type":"SearchAction","target":{"@type":"EntryPoint","urlTemplate":"https:\/\/voyage-aventure.com\/blog\/?s={search_term_string}"},"query-input":{"@type":"PropertyValueSpecification","valueRequired":true,"valueName":"search_term_string"}}],"inLanguage":"fr-FR"},{"@type":"Organization","@id":"https:\/\/voyage-aventure.com\/blog\/#organization","name":"Foretsensations.fr","url":"https:\/\/voyage-aventure.com\/blog\/","logo":{"@type":"ImageObject","inLanguage":"fr-FR","@id":"https:\/\/voyage-aventure.com\/blog\/#\/schema\/logo\/image\/","url":"https:\/\/voyage-aventure.com\/blog\/wp-content\/uploads\/2024\/12\/19.png","contentUrl":"https:\/\/voyage-aventure.com\/blog\/wp-content\/uploads\/2024\/12\/19.png","width":512,"height":512,"caption":"Foretsensations.fr"},"image":{"@id":"https:\/\/voyage-aventure.com\/blog\/#\/schema\/logo\/image\/"}},{"@type":"Person","@id":"https:\/\/voyage-aventure.com\/blog\/#\/schema\/person\/3c864cdc320801e3db34b663e7e3f816","name":"Camille Rouvray","image":{"@type":"ImageObject","inLanguage":"fr-FR","@id":"https:\/\/voyage-aventure.com\/blog\/#\/schema\/person\/image\/","url":"https:\/\/voyage-aventure.com\/blog\/wp-content\/uploads\/2026\/06\/persona_camille-r-96x96.jpg","contentUrl":"https:\/\/voyage-aventure.com\/blog\/wp-content\/uploads\/2026\/06\/persona_camille-r-96x96.jpg","caption":"Camille Rouvray"},"description":"Je voyage et j'\u00e9cris sur le voyage depuis une douzaine d'ann\u00e9es, d'abord en tant que routarde au long cours, puis comme r\u00e9dactrice sp\u00e9cialis\u00e9e. Mon terrain de pr\u00e9dilection, ce sont les circuits organis\u00e9s et l'art de bien pr\u00e9parer un itin\u00e9raire : choix de la saison, dur\u00e9e r\u00e9aliste des \u00e9tapes, budget jour par jour, logement et transport sur place. J'aime aussi raconter les p\u00e9pites urbaines, ces adresses qu'on ne trouve pas dans les guides classiques. Avant de publier un dossier destination, je croise toujours plusieurs sources, je v\u00e9rifie les tarifs et les formalit\u00e9s d'entr\u00e9e \u00e0 jour, et je teste moi-m\u00eame quand je le peux. Mon angle reste pratique avant tout : aider le lecteur \u00e0 partir l'esprit tranquille, sans mauvaise surprise une fois sur place. Je m'attache \u00e0 distinguer le coup de c\u0153ur sinc\u00e8re du simple argument marketing.","sameAs":["https:\/\/camillerouvray.fr\/"],"url":"https:\/\/voyage-aventure.com\/blog\/auteur\/noname\/"}]}},"_links":{"self":[{"href":"https:\/\/voyage-aventure.com\/blog\/wp-json\/wp\/v2\/posts\/16833","targetHints":{"allow":["GET"]}}],"collection":[{"href":"https:\/\/voyage-aventure.com\/blog\/wp-json\/wp\/v2\/posts"}],"about":[{"href":"https:\/\/voyage-aventure.com\/blog\/wp-json\/wp\/v2\/types\/post"}],"author":[{"embeddable":true,"href":"https:\/\/voyage-aventure.com\/blog\/wp-json\/wp\/v2\/users\/34"}],"replies":[{"embeddable":true,"href":"https:\/\/voyage-aventure.com\/blog\/wp-json\/wp\/v2\/comments?post=16833"}],"version-history":[{"count":3,"href":"https:\/\/voyage-aventure.com\/blog\/wp-json\/wp\/v2\/posts\/16833\/revisions"}],"predecessor-version":[{"id":22992,"href":"https:\/\/voyage-aventure.com\/blog\/wp-json\/wp\/v2\/posts\/16833\/revisions\/22992"}],"wp:featuredmedia":[{"embeddable":true,"href":"https:\/\/voyage-aventure.com\/blog\/wp-json\/wp\/v2\/media\/19534"}],"wp:attachment":[{"href":"https:\/\/voyage-aventure.com\/blog\/wp-json\/wp\/v2\/media?parent=16833"}],"wp:term":[{"taxonomy":"category","embeddable":true,"href":"https:\/\/voyage-aventure.com\/blog\/wp-json\/wp\/v2\/categories?post=16833"},{"taxonomy":"post_tag","embeddable":true,"href":"https:\/\/voyage-aventure.com\/blog\/wp-json\/wp\/v2\/tags?post=16833"}],"curies":[{"name":"wp","href":"https:\/\/api.w.org\/{rel}","templated":true}]}}