{"id":16795,"date":"2026-06-01T23:37:31","date_gmt":"2026-06-01T21:37:31","guid":{"rendered":"https:\/\/voyage-aventure.com\/blog\/?p=16795"},"modified":"2026-06-01T23:38:16","modified_gmt":"2026-06-01T21:38:16","slug":"comment-un-sejour-sans-ecran-a-change-ma-perception-du-digital-et-de-moi-meme","status":"publish","type":"post","link":"https:\/\/voyage-aventure.com\/blog\/a-la-une\/comment-un-sejour-sans-ecran-a-change-ma-perception-du-digital-et-de-moi-meme\/","title":{"rendered":"Comment un s\u00e9jour sans \u00e9cran a chang\u00e9 ma perception du digital et de moi-m\u00eame"},"content":{"rendered":"<link rel=\"stylesheet\" href=\"https:\/\/fonts.googleapis.com\/css2?family=Space+Grotesk:wght@500;600;700&#038;family=Inter:wght@400;500;600&#038;family=JetBrains+Mono:wght@500&#038;display=swap\">\n<style>\n.vya-generic-wrap{font-family:'Inter',-apple-system,BlinkMacSystemFont,'Segoe UI',sans-serif;color:#2b2622;line-height:1.65;}\n.vya-generic-wrap h2{font-family:'Space Grotesk','Inter',sans-serif;font-weight:700;font-size:clamp(23px,3.1vw,32px);letter-spacing:-0.015em;color:#23201d;margin:48px 0 14px;line-height:1.2;}\n.vya-generic-wrap p{font-size:17px;line-height:1.7;margin:0 0 18px;}\n.vya-generic-lead{background:#f4efe8;border-left:5px solid #c2693c;padding:22px 26px;margin:24px 0 36px;border-radius:0 6px 6px 0;}\n.vya-generic-lead .vya-generic-txt{font-family:'Space Grotesk','Inter',sans-serif;font-size:19px;line-height:1.55;font-weight:500;color:#3a332d;letter-spacing:-0.005em;}\n.vya-generic-answer{background:#fbf7f1;border:1px solid #e8ddcf;border-top:4px solid #c2693c;border-radius:8px;padding:24px 26px;margin:30px 0;box-shadow:0 1px 2px rgba(40,30,20,.05),0 14px 30px -18px rgba(40,30,20,.22);}\n.vya-generic-answer .vya-generic-eyebrow{font-family:'JetBrains Mono',monospace;font-size:11px;font-weight:500;text-transform:uppercase;letter-spacing:2.4px;color:#c2693c;margin-bottom:12px;}\n.vya-generic-answer .vya-generic-txt{font-size:16.5px;line-height:1.65;color:#3a332d;}\n.vya-generic-quote{margin:40px auto;padding:26px 24px;text-align:center;border-top:1px solid #c2693c;border-bottom:1px solid #c2693c;max-width:660px;position:relative;}\n.vya-generic-quote .vya-generic-mark{position:absolute;top:-22px;left:50%;transform:translateX(-50%);background:#ffffff;padding:0 14px;font-size:50px;line-height:1;color:#c2693c;font-family:'Space Grotesk',serif;}\n.vya-generic-quote blockquote{margin:0;padding:0;font-family:'Space Grotesk','Inter',sans-serif;font-size:23px;line-height:1.45;font-style:italic;color:#23201d;letter-spacing:-0.005em;}\n.vya-generic-retenir{background:#fbf7f1;border:1px solid #e8ddcf;border-radius:10px;padding:24px 26px 26px;margin:36px 0;box-shadow:0 1px 2px rgba(40,30,20,.04),0 14px 30px -20px rgba(40,30,20,.2);}\n.vya-generic-retenir .vya-generic-eyebrow{font-family:'JetBrains Mono',monospace;font-size:11px;font-weight:500;text-transform:uppercase;letter-spacing:2.4px;color:#c2693c;margin-bottom:16px;}\n.vya-generic-grid{display:grid;grid-template-columns:repeat(auto-fit,minmax(240px,1fr));gap:10px;}\n.vya-generic-item{display:flex;gap:12px;background:#fff;border:1px solid #ece2d4;border-radius:6px;padding:12px 14px;align-items:flex-start;transition:transform .25s ease,box-shadow .25s ease;}\n.vya-generic-item:hover{transform:translateY(-3px);box-shadow:0 10px 22px -14px rgba(40,30,20,.35);}\n.vya-generic-num{flex:0 0 26px;width:26px;height:26px;background:#c2693c;color:#fff;border-radius:50%;display:inline-flex;align-items:center;justify-content:center;font-family:'JetBrains Mono',monospace;font-size:12px;font-weight:500;}\n.vya-generic-item .vya-generic-txt{font-size:14px;line-height:1.5;color:#3a332d;}\n.vya-generic-faq{margin:40px 0;}\n.vya-generic-faq h2{margin-bottom:8px;}\n.vya-generic-faqwrap{border-top:1px solid #e8ddcf;}\n.vya-generic-faq details{border-bottom:1px solid #e8ddcf;}\n.vya-generic-faq summary{cursor:pointer;padding:16px 0;font-family:'Space Grotesk','Inter',sans-serif;font-size:17px;font-weight:600;color:#23201d;list-style:none;display:flex;justify-content:space-between;align-items:center;gap:14px;}\n.vya-generic-faq summary::-webkit-details-marker{display:none;}\n.vya-generic-faq summary .vya-generic-plus{font-size:22px;font-weight:400;color:#c2693c;line-height:1;}\n.vya-generic-faq .vya-generic-ans{padding:0 0 16px;font-size:15px;line-height:1.7;color:#4a4239;}\n<\/style>\n<div class=\"vya-generic-wrap\">\n<div class=\"vya-generic-lead\">\n<div class=\"vya-generic-txt\">Je passe mes journ\u00e9es riv\u00e9e \u00e0 un \u00e9cran, comme presque tout le monde. Alors quand j&rsquo;ai accept\u00e9 une semaine de retraite sans appareils au Mexique, je ne savais pas que ce silence num\u00e9rique allait autant remuer ma fa\u00e7on de me voir.<\/div>\n<\/div>\n<div class=\"vya-generic-answer\">\n<div class=\"vya-generic-eyebrow\">Mon exp\u00e9rience, en bref<\/div>\n<div class=\"vya-generic-txt\">Une semaine d\u00e9connect\u00e9e au Rancho La Puerta m&rsquo;a fait r\u00e9aliser \u00e0 quel point mes \u00e9crans dictaient mon quotidien. La coupure a \u00e9t\u00e9 lib\u00e9ratrice \u2014 mais le retour m&rsquo;a montr\u00e9 que rompre une habitude ancr\u00e9e prend du temps. Pas de solution miracle : juste un aper\u00e7u de ce que pourrait \u00eatre une vie moins d\u00e9pendante.<\/div>\n<\/div>\n<h2>Un constat alarmant sur notre relation avec les \u00e9crans<\/h2>\n<p>Ce chiffre, bien qu&rsquo;inqui\u00e9tant, refl\u00e8te une r\u00e9alit\u00e9 partag\u00e9e par de nombreuses personnes aujourd&rsquo;hui. Une \u00e9tude de 2024 men\u00e9e par le Pew Research Center r\u00e9v\u00e8le que neuf Am\u00e9ricains sur dix se connectent chaque jour, et quatre d&rsquo;entre eux le font presque constamment.<\/p>\n<p>Face \u00e0 cette d\u00e9pendance croissante aux appareils num\u00e9riques, beaucoup cherchent des moyens de se d\u00e9connecter. Le concept de \u00ab\u00a0digital detox\u00a0\u00bb ou de vacances sans technologie attire de plus en plus d&rsquo;adeptes. Cependant, il est important de comprendre que se d\u00e9faire de ces habitudes ancr\u00e9es n&rsquo;est pas aussi simple que de poser son t\u00e9l\u00e9phone.<\/p>\n<p><iframe loading=\"lazy\" title=\"Visiocrest Night Vision Goggles with Digital Infrared System Review\" width=\"1200\" height=\"675\" src=\"https:\/\/www.youtube.com\/embed\/72IdEYDt-iA?feature=oembed\" frameborder=\"0\" allow=\"accelerometer; autoplay; clipboard-write; encrypted-media; gyroscope; picture-in-picture; web-share\" referrerpolicy=\"strict-origin-when-cross-origin\" allowfullscreen><\/iframe><\/p>\n<h2>Une retraite bien-\u00eatre pour se ressourcer<\/h2>\n<p>J&rsquo;ai eu l&rsquo;opportunit\u00e9 de participer \u00e0 une retraite de bien-\u00eatre d&rsquo;une semaine au Rancho La Puerta, au Mexique. \u00c0 mon arriv\u00e9e, toutes mes inqui\u00e9tudes se sont \u00e9vapor\u00e9es dans cet espace luxueux et serein de 4 000 acres. Nos journ\u00e9es d\u00e9butaient g\u00e9n\u00e9ralement par une randonn\u00e9e au lever du soleil, suivie de choix parmi plus de 50 activit\u00e9s de fitness et de bien-\u00eatre.<\/p>\n<p>La r\u00e8gle principale de cette retraite \u00e9tait claire : pas d&rsquo;appareils dans les espaces communs. Une fois cette r\u00e8gle appliqu\u00e9e, j&rsquo;ai r\u00e9alis\u00e9 que le cadre de la retraite facilitait ma d\u00e9connexion. La structure de la journ\u00e9e, entre repas sains et activit\u00e9s vari\u00e9es, m&rsquo;a permis d&rsquo;oublier les notifications et les r\u00e9seaux sociaux.<\/p>\n<h2>Les d\u00e9fis et r\u00e9v\u00e9lations d&rsquo;un retour \u00e0 la r\u00e9alit\u00e9<\/h2>\n<p>Apr\u00e8s une semaine de d\u00e9connexion, mon retour \u00e0 la vie quotidienne a \u00e9t\u00e9 plus difficile que pr\u00e9vu. Les premiers jours, je gardais mon message d&rsquo;absence activ\u00e9, \u00e9vitant les textos et les r\u00e9seaux sociaux. Alors que mes amis se demandaient si j&rsquo;avais disparu, je me concentrais sur des moments de tranquillit\u00e9.<\/p>\n<p>Ce fut une p\u00e9riode d&rsquo;introspection, mais aussi d&rsquo;anxi\u00e9t\u00e9 face \u00e0 la montagne de messages non lus.<\/p>\n<div class=\"vya-generic-quote\">\n<div class=\"vya-generic-mark\" aria-hidden=\"true\">\u00ab<\/div>\n<blockquote><p>\u00c9viter tout cela semblait plus simple, mais cela a cr\u00e9\u00e9 un cercle vicieux d&rsquo;\u00e9vitement et d&rsquo;inqui\u00e9tude grandissante.<\/p><\/blockquote>\n<\/div>\n<p>En cherchant \u00e0 m&rsquo;occuper sans regarder mon t\u00e9l\u00e9phone, j&rsquo;ai d\u00e9couvert le crochet, qui est rapidement devenu ma nouvelle activit\u00e9 pr\u00e9f\u00e9r\u00e9e.<\/p>\n<h2>Le chemin vers un \u00e9quilibre durable<\/h2>\n<p>Malgr\u00e9 les bienfaits de ma retraite, mes anciennes habitudes num\u00e9riques ont rapidement refait surface. Bien que j&rsquo;aie ressenti un impact profond pendant cette semaine, le retour \u00e0 mes routines habituelles a \u00e9t\u00e9 in\u00e9vitable. La recherche indique qu&rsquo;il faut en moyenne 66 jours pour former une nouvelle habitude, et la cl\u00e9 r\u00e9side dans la constance.<\/p>\n<p>Une retraite num\u00e9rique ne constitue pas une solution miracle, mais elle offre un aper\u00e7u de ce que pourrait \u00eatre une vie moins d\u00e9pendante des \u00e9crans. Cela m&rsquo;a montr\u00e9 qu&rsquo;il est possible de faire une pause, m\u00eame si la lutte pour maintenir cette d\u00e9connexion demeure. La v\u00e9ritable question r\u00e9side dans notre capacit\u00e9 \u00e0 int\u00e9grer ces le\u00e7ons dans notre quotidien charg\u00e9.<\/p>\n<div class=\"vya-generic-retenir\">\n<div class=\"vya-generic-eyebrow\">\u00c0 retenir de mon s\u00e9jour sans \u00e9cran<\/div>\n<div class=\"vya-generic-grid\">\n<div class=\"vya-generic-item\"><span class=\"vya-generic-num\">1<\/span><span class=\"vya-generic-txt\">Prendre conscience de son temps d&rsquo;\u00e9cran<\/span><\/div>\n<div class=\"vya-generic-item\"><span class=\"vya-generic-num\">2<\/span><span class=\"vya-generic-txt\">Participer \u00e0 des retraites bien-\u00eatre<\/span><\/div>\n<div class=\"vya-generic-item\"><span class=\"vya-generic-num\">3<\/span><span class=\"vya-generic-txt\">Explorer des activit\u00e9s cr\u00e9atives comme le crochet<\/span><\/div>\n<div class=\"vya-generic-item\"><span class=\"vya-generic-num\">4<\/span><span class=\"vya-generic-txt\">\u00c9tablir des r\u00e8gles pour l&rsquo;utilisation des appareils<\/span><\/div>\n<div class=\"vya-generic-item\"><span class=\"vya-generic-num\">5<\/span><span class=\"vya-generic-txt\">Rechercher un \u00e9quilibre entre vie num\u00e9rique et vie r\u00e9elle<\/span><\/div>\n<\/p><\/div>\n<\/div>\n<div class=\"vya-generic-faq\">\n<h2>Questions que l&rsquo;on m&rsquo;a pos\u00e9es<\/h2>\n<div class=\"vya-generic-faqwrap\">\n<details>\n<summary><span>Faut-il partir loin pour se d\u00e9connecter ?<\/span><span class=\"vya-generic-plus\" aria-hidden=\"true\">+<\/span><\/summary>\n<div class=\"vya-generic-ans\">Dans mon cas, le d\u00e9paysement du Rancho La Puerta a aid\u00e9, mais c&rsquo;est surtout la r\u00e8gle \u00ab\u00a0pas d&rsquo;appareils dans les espaces communs\u00a0\u00bb et la structure de la journ\u00e9e qui ont rendu la coupure possible. Ce cadre peut s&rsquo;inspirer \u00e0 plus petite \u00e9chelle, sans forc\u00e9ment traverser un oc\u00e9an.<\/div>\n<\/details>\n<details>\n<summary><span>La d\u00e9connexion tient-elle au retour ?<\/span><span class=\"vya-generic-plus\" aria-hidden=\"true\">+<\/span><\/summary>\n<div class=\"vya-generic-ans\">Pas spontan\u00e9ment, je l&rsquo;ai v\u00e9cu : mes anciennes habitudes ont vite refait surface. La recherche \u00e9voque en moyenne 66 jours pour former une nouvelle habitude, et la cl\u00e9 reste la constance \u2014 pas une simple parenth\u00e8se d&rsquo;une semaine.<\/div>\n<\/details>\n<details>\n<summary><span>Une retraite num\u00e9rique est-elle une solution miracle ?<\/span><span class=\"vya-generic-plus\" aria-hidden=\"true\">+<\/span><\/summary>\n<div class=\"vya-generic-ans\">Non. Elle offre un aper\u00e7u de ce que pourrait \u00eatre une vie moins d\u00e9pendante des \u00e9crans, mais la lutte pour maintenir cette d\u00e9connexion au quotidien demeure enti\u00e8re.<\/div>\n<\/details><\/div>\n<\/div>\n<\/div>\n","protected":false},"excerpt":{"rendered":"","protected":false},"author":34,"featured_media":19540,"comment_status":"open","ping_status":"open","sticky":false,"template":"","format":"standard","meta":{"_acf_changed":false,"manual_indexmenow":false,"indexmenow_id_project":0,"footnotes":""},"categories":[1],"tags":[4538,2574,6314,4769,4526],"class_list":["post-16795","post","type-post","status-publish","format-standard","has-post-thumbnail","hentry","category-a-la-une","tag-activites-variees","tag-bien-etre","tag-deconnexion-numerique","tag-immersion-culturelle","tag-voyage-economique","generate-columns","tablet-grid-50","mobile-grid-100","grid-parent","grid-25"],"acf":[],"yoast_head":"<!-- This site is optimized with the Yoast SEO Premium plugin v21.3 (Yoast SEO v25.1) - https:\/\/yoast.com\/wordpress\/plugins\/seo\/ -->\n<title>Comment un s\u00e9jour sans \u00e9cran a chang\u00e9 ma perception du<\/title>\n<meta name=\"description\" content=\"Je passe mes journ\u00e9es riv\u00e9e \u00e0 un \u00e9cran, comme presque tout le monde. Alors quand j&#039;ai accept\u00e9 une semaine de retraite sans appareils au Mexique, je ne\" \/>\n<meta name=\"robots\" content=\"index, follow, max-snippet:-1, max-image-preview:large, max-video-preview:-1\" \/>\n<link rel=\"canonical\" href=\"https:\/\/voyage-aventure.com\/blog\/a-la-une\/comment-un-sejour-sans-ecran-a-change-ma-perception-du-digital-et-de-moi-meme\/\" \/>\n<meta property=\"og:locale\" content=\"fr_FR\" \/>\n<meta property=\"og:type\" content=\"article\" \/>\n<meta property=\"og:title\" content=\"Comment un s\u00e9jour sans \u00e9cran a chang\u00e9 ma perception du\" \/>\n<meta property=\"og:description\" content=\"Je passe mes journ\u00e9es riv\u00e9e \u00e0 un \u00e9cran, comme presque tout le monde. Alors quand j&#039;ai accept\u00e9 une semaine de retraite sans appareils au Mexique, je ne\" \/>\n<meta property=\"og:url\" content=\"https:\/\/voyage-aventure.com\/blog\/a-la-une\/comment-un-sejour-sans-ecran-a-change-ma-perception-du-digital-et-de-moi-meme\/\" \/>\n<meta property=\"og:site_name\" content=\"voyage-aventure\" \/>\n<meta property=\"og:image\" content=\"https:\/\/voyage-aventure.com\/blog\/wp-content\/uploads\/2025\/05\/sdxl-d04a8f5fa8a67f9decc4625dac3951e0-scaled.png\" \/>\n\t<meta property=\"og:image:width\" content=\"1200\" \/>\n\t<meta property=\"og:image:height\" content=\"500\" \/>\n\t<meta property=\"og:image:type\" content=\"image\/png\" \/>\n<meta name=\"author\" content=\"Camille Rouvray\" \/>\n<meta name=\"twitter:card\" content=\"summary_large_image\" \/>\n<script type=\"application\/ld+json\" class=\"yoast-schema-graph\">{\"@context\":\"https:\/\/schema.org\",\"@graph\":[{\"@type\":\"NewsArticle\",\"@id\":\"https:\/\/voyage-aventure.com\/blog\/a-la-une\/comment-un-sejour-sans-ecran-a-change-ma-perception-du-digital-et-de-moi-meme\/#article\",\"isPartOf\":{\"@id\":\"https:\/\/voyage-aventure.com\/blog\/a-la-une\/comment-un-sejour-sans-ecran-a-change-ma-perception-du-digital-et-de-moi-meme\/\"},\"author\":{\"name\":\"Camille Rouvray\",\"@id\":\"https:\/\/voyage-aventure.com\/blog\/#\/schema\/person\/3c864cdc320801e3db34b663e7e3f816\"},\"headline\":\"Comment un s\u00e9jour sans \u00e9cran a chang\u00e9 ma perception du digital et de moi-m\u00eame\",\"datePublished\":\"2026-06-01T21:37:31+00:00\",\"dateModified\":\"2026-06-01T21:38:16+00:00\",\"mainEntityOfPage\":{\"@id\":\"https:\/\/voyage-aventure.com\/blog\/a-la-une\/comment-un-sejour-sans-ecran-a-change-ma-perception-du-digital-et-de-moi-meme\/\"},\"wordCount\":859,\"commentCount\":19,\"publisher\":{\"@id\":\"https:\/\/voyage-aventure.com\/blog\/#organization\"},\"image\":{\"@id\":\"https:\/\/voyage-aventure.com\/blog\/a-la-une\/comment-un-sejour-sans-ecran-a-change-ma-perception-du-digital-et-de-moi-meme\/#primaryimage\"},\"thumbnailUrl\":\"https:\/\/voyage-aventure.com\/blog\/wp-content\/uploads\/2025\/05\/sdxl-d04a8f5fa8a67f9decc4625dac3951e0-scaled.png\",\"keywords\":[\"Activit\u00e9s Vari\u00e9es\",\"Bien-\u00catre\",\"D\u00e9connexion Num\u00e9rique\",\"Immersion Culturelle\",\"Voyage \u00c9conomique\"],\"articleSection\":[\"\u00c0 la une\"],\"inLanguage\":\"fr-FR\",\"potentialAction\":[{\"@type\":\"CommentAction\",\"name\":\"Comment\",\"target\":[\"https:\/\/voyage-aventure.com\/blog\/a-la-une\/comment-un-sejour-sans-ecran-a-change-ma-perception-du-digital-et-de-moi-meme\/#respond\"]}]},{\"@type\":\"WebPage\",\"@id\":\"https:\/\/voyage-aventure.com\/blog\/a-la-une\/comment-un-sejour-sans-ecran-a-change-ma-perception-du-digital-et-de-moi-meme\/\",\"url\":\"https:\/\/voyage-aventure.com\/blog\/a-la-une\/comment-un-sejour-sans-ecran-a-change-ma-perception-du-digital-et-de-moi-meme\/\",\"name\":\"Comment un s\u00e9jour sans \u00e9cran a chang\u00e9 ma perception du\",\"isPartOf\":{\"@id\":\"https:\/\/voyage-aventure.com\/blog\/#website\"},\"primaryImageOfPage\":{\"@id\":\"https:\/\/voyage-aventure.com\/blog\/a-la-une\/comment-un-sejour-sans-ecran-a-change-ma-perception-du-digital-et-de-moi-meme\/#primaryimage\"},\"image\":{\"@id\":\"https:\/\/voyage-aventure.com\/blog\/a-la-une\/comment-un-sejour-sans-ecran-a-change-ma-perception-du-digital-et-de-moi-meme\/#primaryimage\"},\"thumbnailUrl\":\"https:\/\/voyage-aventure.com\/blog\/wp-content\/uploads\/2025\/05\/sdxl-d04a8f5fa8a67f9decc4625dac3951e0-scaled.png\",\"datePublished\":\"2026-06-01T21:37:31+00:00\",\"dateModified\":\"2026-06-01T21:38:16+00:00\",\"description\":\"Je passe mes journ\u00e9es riv\u00e9e \u00e0 un \u00e9cran, comme presque tout le monde. Alors quand j'ai accept\u00e9 une semaine de retraite sans appareils au Mexique, je ne\",\"inLanguage\":\"fr-FR\",\"potentialAction\":[{\"@type\":\"ReadAction\",\"target\":[\"https:\/\/voyage-aventure.com\/blog\/a-la-une\/comment-un-sejour-sans-ecran-a-change-ma-perception-du-digital-et-de-moi-meme\/\"]}]},{\"@type\":\"ImageObject\",\"inLanguage\":\"fr-FR\",\"@id\":\"https:\/\/voyage-aventure.com\/blog\/a-la-une\/comment-un-sejour-sans-ecran-a-change-ma-perception-du-digital-et-de-moi-meme\/#primaryimage\",\"url\":\"https:\/\/voyage-aventure.com\/blog\/wp-content\/uploads\/2025\/05\/sdxl-d04a8f5fa8a67f9decc4625dac3951e0-scaled.png\",\"contentUrl\":\"https:\/\/voyage-aventure.com\/blog\/wp-content\/uploads\/2025\/05\/sdxl-d04a8f5fa8a67f9decc4625dac3951e0-scaled.png\",\"width\":1200,\"height\":500},{\"@type\":\"WebSite\",\"@id\":\"https:\/\/voyage-aventure.com\/blog\/#website\",\"url\":\"https:\/\/voyage-aventure.com\/blog\/\",\"name\":\"voyage-aventure.com\",\"description\":\"Votre passeport pour l\u2019inattendu.\",\"publisher\":{\"@id\":\"https:\/\/voyage-aventure.com\/blog\/#organization\"},\"alternateName\":\"Votre passeport pour l\u2019inattendu.\",\"potentialAction\":[{\"@type\":\"SearchAction\",\"target\":{\"@type\":\"EntryPoint\",\"urlTemplate\":\"https:\/\/voyage-aventure.com\/blog\/?s={search_term_string}\"},\"query-input\":{\"@type\":\"PropertyValueSpecification\",\"valueRequired\":true,\"valueName\":\"search_term_string\"}}],\"inLanguage\":\"fr-FR\"},{\"@type\":\"Organization\",\"@id\":\"https:\/\/voyage-aventure.com\/blog\/#organization\",\"name\":\"Foretsensations.fr\",\"url\":\"https:\/\/voyage-aventure.com\/blog\/\",\"logo\":{\"@type\":\"ImageObject\",\"inLanguage\":\"fr-FR\",\"@id\":\"https:\/\/voyage-aventure.com\/blog\/#\/schema\/logo\/image\/\",\"url\":\"https:\/\/voyage-aventure.com\/blog\/wp-content\/uploads\/2024\/12\/19.png\",\"contentUrl\":\"https:\/\/voyage-aventure.com\/blog\/wp-content\/uploads\/2024\/12\/19.png\",\"width\":512,\"height\":512,\"caption\":\"Foretsensations.fr\"},\"image\":{\"@id\":\"https:\/\/voyage-aventure.com\/blog\/#\/schema\/logo\/image\/\"}},{\"@type\":\"Person\",\"@id\":\"https:\/\/voyage-aventure.com\/blog\/#\/schema\/person\/3c864cdc320801e3db34b663e7e3f816\",\"name\":\"Camille Rouvray\",\"image\":{\"@type\":\"ImageObject\",\"inLanguage\":\"fr-FR\",\"@id\":\"https:\/\/voyage-aventure.com\/blog\/#\/schema\/person\/image\/\",\"url\":\"https:\/\/voyage-aventure.com\/blog\/wp-content\/uploads\/2026\/06\/persona_camille-r-96x96.jpg\",\"contentUrl\":\"https:\/\/voyage-aventure.com\/blog\/wp-content\/uploads\/2026\/06\/persona_camille-r-96x96.jpg\",\"caption\":\"Camille Rouvray\"},\"description\":\"Je voyage et j'\u00e9cris sur le voyage depuis une douzaine d'ann\u00e9es, d'abord en tant que routarde au long cours, puis comme r\u00e9dactrice sp\u00e9cialis\u00e9e. Mon terrain de pr\u00e9dilection, ce sont les circuits organis\u00e9s et l'art de bien pr\u00e9parer un itin\u00e9raire : choix de la saison, dur\u00e9e r\u00e9aliste des \u00e9tapes, budget jour par jour, logement et transport sur place. J'aime aussi raconter les p\u00e9pites urbaines, ces adresses qu'on ne trouve pas dans les guides classiques. Avant de publier un dossier destination, je croise toujours plusieurs sources, je v\u00e9rifie les tarifs et les formalit\u00e9s d'entr\u00e9e \u00e0 jour, et je teste moi-m\u00eame quand je le peux. Mon angle reste pratique avant tout : aider le lecteur \u00e0 partir l'esprit tranquille, sans mauvaise surprise une fois sur place. Je m'attache \u00e0 distinguer le coup de c\u0153ur sinc\u00e8re du simple argument marketing.\",\"sameAs\":[\"https:\/\/camillerouvray.fr\/\"],\"url\":\"https:\/\/voyage-aventure.com\/blog\/auteur\/noname\/\"}]}<\/script>\n<!-- \/ Yoast SEO Premium plugin. -->","yoast_head_json":{"title":"Comment un s\u00e9jour sans \u00e9cran a chang\u00e9 ma perception du","description":"Je passe mes journ\u00e9es riv\u00e9e \u00e0 un \u00e9cran, comme presque tout le monde. Alors quand j'ai accept\u00e9 une semaine de retraite sans appareils au Mexique, je ne","robots":{"index":"index","follow":"follow","max-snippet":"max-snippet:-1","max-image-preview":"max-image-preview:large","max-video-preview":"max-video-preview:-1"},"canonical":"https:\/\/voyage-aventure.com\/blog\/a-la-une\/comment-un-sejour-sans-ecran-a-change-ma-perception-du-digital-et-de-moi-meme\/","og_locale":"fr_FR","og_type":"article","og_title":"Comment un s\u00e9jour sans \u00e9cran a chang\u00e9 ma perception du","og_description":"Je passe mes journ\u00e9es riv\u00e9e \u00e0 un \u00e9cran, comme presque tout le monde. Alors quand j'ai accept\u00e9 une semaine de retraite sans appareils au Mexique, je ne","og_url":"https:\/\/voyage-aventure.com\/blog\/a-la-une\/comment-un-sejour-sans-ecran-a-change-ma-perception-du-digital-et-de-moi-meme\/","og_site_name":"voyage-aventure","og_image":[{"width":1200,"height":500,"url":"https:\/\/voyage-aventure.com\/blog\/wp-content\/uploads\/2025\/05\/sdxl-d04a8f5fa8a67f9decc4625dac3951e0-scaled.png","type":"image\/png"}],"author":"Camille Rouvray","twitter_card":"summary_large_image","schema":{"@context":"https:\/\/schema.org","@graph":[{"@type":"NewsArticle","@id":"https:\/\/voyage-aventure.com\/blog\/a-la-une\/comment-un-sejour-sans-ecran-a-change-ma-perception-du-digital-et-de-moi-meme\/#article","isPartOf":{"@id":"https:\/\/voyage-aventure.com\/blog\/a-la-une\/comment-un-sejour-sans-ecran-a-change-ma-perception-du-digital-et-de-moi-meme\/"},"author":{"name":"Camille Rouvray","@id":"https:\/\/voyage-aventure.com\/blog\/#\/schema\/person\/3c864cdc320801e3db34b663e7e3f816"},"headline":"Comment un s\u00e9jour sans \u00e9cran a chang\u00e9 ma perception du digital et de moi-m\u00eame","datePublished":"2026-06-01T21:37:31+00:00","dateModified":"2026-06-01T21:38:16+00:00","mainEntityOfPage":{"@id":"https:\/\/voyage-aventure.com\/blog\/a-la-une\/comment-un-sejour-sans-ecran-a-change-ma-perception-du-digital-et-de-moi-meme\/"},"wordCount":859,"commentCount":19,"publisher":{"@id":"https:\/\/voyage-aventure.com\/blog\/#organization"},"image":{"@id":"https:\/\/voyage-aventure.com\/blog\/a-la-une\/comment-un-sejour-sans-ecran-a-change-ma-perception-du-digital-et-de-moi-meme\/#primaryimage"},"thumbnailUrl":"https:\/\/voyage-aventure.com\/blog\/wp-content\/uploads\/2025\/05\/sdxl-d04a8f5fa8a67f9decc4625dac3951e0-scaled.png","keywords":["Activit\u00e9s Vari\u00e9es","Bien-\u00catre","D\u00e9connexion Num\u00e9rique","Immersion Culturelle","Voyage \u00c9conomique"],"articleSection":["\u00c0 la une"],"inLanguage":"fr-FR","potentialAction":[{"@type":"CommentAction","name":"Comment","target":["https:\/\/voyage-aventure.com\/blog\/a-la-une\/comment-un-sejour-sans-ecran-a-change-ma-perception-du-digital-et-de-moi-meme\/#respond"]}]},{"@type":"WebPage","@id":"https:\/\/voyage-aventure.com\/blog\/a-la-une\/comment-un-sejour-sans-ecran-a-change-ma-perception-du-digital-et-de-moi-meme\/","url":"https:\/\/voyage-aventure.com\/blog\/a-la-une\/comment-un-sejour-sans-ecran-a-change-ma-perception-du-digital-et-de-moi-meme\/","name":"Comment un s\u00e9jour sans \u00e9cran a chang\u00e9 ma perception du","isPartOf":{"@id":"https:\/\/voyage-aventure.com\/blog\/#website"},"primaryImageOfPage":{"@id":"https:\/\/voyage-aventure.com\/blog\/a-la-une\/comment-un-sejour-sans-ecran-a-change-ma-perception-du-digital-et-de-moi-meme\/#primaryimage"},"image":{"@id":"https:\/\/voyage-aventure.com\/blog\/a-la-une\/comment-un-sejour-sans-ecran-a-change-ma-perception-du-digital-et-de-moi-meme\/#primaryimage"},"thumbnailUrl":"https:\/\/voyage-aventure.com\/blog\/wp-content\/uploads\/2025\/05\/sdxl-d04a8f5fa8a67f9decc4625dac3951e0-scaled.png","datePublished":"2026-06-01T21:37:31+00:00","dateModified":"2026-06-01T21:38:16+00:00","description":"Je passe mes journ\u00e9es riv\u00e9e \u00e0 un \u00e9cran, comme presque tout le monde. Alors quand j'ai accept\u00e9 une semaine de retraite sans appareils au Mexique, je ne","inLanguage":"fr-FR","potentialAction":[{"@type":"ReadAction","target":["https:\/\/voyage-aventure.com\/blog\/a-la-une\/comment-un-sejour-sans-ecran-a-change-ma-perception-du-digital-et-de-moi-meme\/"]}]},{"@type":"ImageObject","inLanguage":"fr-FR","@id":"https:\/\/voyage-aventure.com\/blog\/a-la-une\/comment-un-sejour-sans-ecran-a-change-ma-perception-du-digital-et-de-moi-meme\/#primaryimage","url":"https:\/\/voyage-aventure.com\/blog\/wp-content\/uploads\/2025\/05\/sdxl-d04a8f5fa8a67f9decc4625dac3951e0-scaled.png","contentUrl":"https:\/\/voyage-aventure.com\/blog\/wp-content\/uploads\/2025\/05\/sdxl-d04a8f5fa8a67f9decc4625dac3951e0-scaled.png","width":1200,"height":500},{"@type":"WebSite","@id":"https:\/\/voyage-aventure.com\/blog\/#website","url":"https:\/\/voyage-aventure.com\/blog\/","name":"voyage-aventure.com","description":"Votre passeport pour l\u2019inattendu.","publisher":{"@id":"https:\/\/voyage-aventure.com\/blog\/#organization"},"alternateName":"Votre passeport pour l\u2019inattendu.","potentialAction":[{"@type":"SearchAction","target":{"@type":"EntryPoint","urlTemplate":"https:\/\/voyage-aventure.com\/blog\/?s={search_term_string}"},"query-input":{"@type":"PropertyValueSpecification","valueRequired":true,"valueName":"search_term_string"}}],"inLanguage":"fr-FR"},{"@type":"Organization","@id":"https:\/\/voyage-aventure.com\/blog\/#organization","name":"Foretsensations.fr","url":"https:\/\/voyage-aventure.com\/blog\/","logo":{"@type":"ImageObject","inLanguage":"fr-FR","@id":"https:\/\/voyage-aventure.com\/blog\/#\/schema\/logo\/image\/","url":"https:\/\/voyage-aventure.com\/blog\/wp-content\/uploads\/2024\/12\/19.png","contentUrl":"https:\/\/voyage-aventure.com\/blog\/wp-content\/uploads\/2024\/12\/19.png","width":512,"height":512,"caption":"Foretsensations.fr"},"image":{"@id":"https:\/\/voyage-aventure.com\/blog\/#\/schema\/logo\/image\/"}},{"@type":"Person","@id":"https:\/\/voyage-aventure.com\/blog\/#\/schema\/person\/3c864cdc320801e3db34b663e7e3f816","name":"Camille Rouvray","image":{"@type":"ImageObject","inLanguage":"fr-FR","@id":"https:\/\/voyage-aventure.com\/blog\/#\/schema\/person\/image\/","url":"https:\/\/voyage-aventure.com\/blog\/wp-content\/uploads\/2026\/06\/persona_camille-r-96x96.jpg","contentUrl":"https:\/\/voyage-aventure.com\/blog\/wp-content\/uploads\/2026\/06\/persona_camille-r-96x96.jpg","caption":"Camille Rouvray"},"description":"Je voyage et j'\u00e9cris sur le voyage depuis une douzaine d'ann\u00e9es, d'abord en tant que routarde au long cours, puis comme r\u00e9dactrice sp\u00e9cialis\u00e9e. Mon terrain de pr\u00e9dilection, ce sont les circuits organis\u00e9s et l'art de bien pr\u00e9parer un itin\u00e9raire : choix de la saison, dur\u00e9e r\u00e9aliste des \u00e9tapes, budget jour par jour, logement et transport sur place. J'aime aussi raconter les p\u00e9pites urbaines, ces adresses qu'on ne trouve pas dans les guides classiques. Avant de publier un dossier destination, je croise toujours plusieurs sources, je v\u00e9rifie les tarifs et les formalit\u00e9s d'entr\u00e9e \u00e0 jour, et je teste moi-m\u00eame quand je le peux. Mon angle reste pratique avant tout : aider le lecteur \u00e0 partir l'esprit tranquille, sans mauvaise surprise une fois sur place. Je m'attache \u00e0 distinguer le coup de c\u0153ur sinc\u00e8re du simple argument marketing.","sameAs":["https:\/\/camillerouvray.fr\/"],"url":"https:\/\/voyage-aventure.com\/blog\/auteur\/noname\/"}]}},"_links":{"self":[{"href":"https:\/\/voyage-aventure.com\/blog\/wp-json\/wp\/v2\/posts\/16795","targetHints":{"allow":["GET"]}}],"collection":[{"href":"https:\/\/voyage-aventure.com\/blog\/wp-json\/wp\/v2\/posts"}],"about":[{"href":"https:\/\/voyage-aventure.com\/blog\/wp-json\/wp\/v2\/types\/post"}],"author":[{"embeddable":true,"href":"https:\/\/voyage-aventure.com\/blog\/wp-json\/wp\/v2\/users\/34"}],"replies":[{"embeddable":true,"href":"https:\/\/voyage-aventure.com\/blog\/wp-json\/wp\/v2\/comments?post=16795"}],"version-history":[{"count":3,"href":"https:\/\/voyage-aventure.com\/blog\/wp-json\/wp\/v2\/posts\/16795\/revisions"}],"predecessor-version":[{"id":21346,"href":"https:\/\/voyage-aventure.com\/blog\/wp-json\/wp\/v2\/posts\/16795\/revisions\/21346"}],"wp:featuredmedia":[{"embeddable":true,"href":"https:\/\/voyage-aventure.com\/blog\/wp-json\/wp\/v2\/media\/19540"}],"wp:attachment":[{"href":"https:\/\/voyage-aventure.com\/blog\/wp-json\/wp\/v2\/media?parent=16795"}],"wp:term":[{"taxonomy":"category","embeddable":true,"href":"https:\/\/voyage-aventure.com\/blog\/wp-json\/wp\/v2\/categories?post=16795"},{"taxonomy":"post_tag","embeddable":true,"href":"https:\/\/voyage-aventure.com\/blog\/wp-json\/wp\/v2\/tags?post=16795"}],"curies":[{"name":"wp","href":"https:\/\/api.w.org\/{rel}","templated":true}]}}