{"id":16794,"date":"2026-06-05T21:16:09","date_gmt":"2026-06-05T19:16:09","guid":{"rendered":"https:\/\/voyage-aventure.com\/blog\/?p=16794"},"modified":"2026-06-05T21:16:09","modified_gmt":"2026-06-05T19:16:09","slug":"profitez-de-vacances-dete-en-crete-en-famille-a-prix-imbattable","status":"publish","type":"post","link":"https:\/\/voyage-aventure.com\/blog\/a-la-une\/profitez-de-vacances-dete-en-crete-en-famille-a-prix-imbattable\/","title":{"rendered":"Profitez de vacances d&rsquo;\u00e9t\u00e9 en Cr\u00e8te en famille \u00e0 prix imbattable"},"content":{"rendered":"<link rel=\"stylesheet\" href=\"https:\/\/fonts.googleapis.com\/css2?family=Fraunces:opsz,wght@9..144,500;9..144,600;9..144,700;9..144,900&#038;family=Inter:wght@400;500;600&#038;family=JetBrains+Mono:wght@500&#038;display=swap\">\n<style>\n.va-cretefam-wrap{--cf-sea:#15a3a3;--cf-deep:#0e6e73;--cf-sand:#d9a441;--cf-olive:#5f6f3f;--cf-ink:#1d2a2b;--cf-paper:#fbf7ef;--cf-surf:#f3f6f3;font-family:\"Inter\",system-ui,sans-serif;color:var(--cf-ink);line-height:1.65;font-size:17px}\n.va-cretefam-wrap h2{font-family:\"Fraunces\",\"Inter\",serif;font-weight:700;font-size:clamp(25px,3.4vw,35px);letter-spacing:-.01em;line-height:1.15;color:var(--cf-deep);margin:48px 0 16px}\n.va-cretefam-wrap h3{font-family:\"Fraunces\",\"Inter\",serif;font-weight:600;font-size:clamp(19px,2.4vw,23px);color:var(--cf-ink);margin:24px 0 10px}\n.va-cretefam-wrap p{margin:0 0 18px}\n.va-cretefam-wrap a{color:var(--cf-deep);text-decoration:underline;text-decoration-color:var(--cf-sand);text-underline-offset:3px}\n.va-cf-kick{font-family:\"JetBrains Mono\",monospace;font-size:12px;letter-spacing:.16em;text-transform:uppercase;color:var(--cf-sea);font-weight:500;margin-bottom:10px}\n.va-cf-lead{font-size:19px;line-height:1.6;color:#33484a;border-left:4px solid var(--cf-sand);padding-left:18px;margin:6px 0 28px}\n.va-cf-answer{background:linear-gradient(180deg,#eafafa,#f3f6f3);border:1px solid #cfe9e9;border-left:5px solid var(--cf-sea);border-radius:14px;padding:24px 26px;margin:24px 0;box-shadow:0 1px 2px rgba(16,24,40,.05),0 14px 30px -18px rgba(14,110,115,.4)}\n.va-cf-answer-t{font-family:\"Fraunces\",serif;font-weight:700;font-size:20px;color:var(--cf-deep);margin-bottom:12px}\n.va-cf-grid{display:grid;grid-template-columns:repeat(auto-fit,minmax(180px,1fr));gap:14px;margin:8px 0 4px}\n.va-cf-cell{background:#fff;border:1px solid #e4ece4;border-radius:12px;padding:16px 18px}\n.va-cf-cell .va-cf-lbl{font-family:\"JetBrains Mono\",monospace;font-size:11px;letter-spacing:.12em;text-transform:uppercase;color:var(--cf-olive);margin-bottom:6px}\n.va-cf-cell .va-cf-val{font-size:16px;font-weight:600;color:var(--cf-ink)}\n.va-cf-cards{display:grid;grid-template-columns:repeat(auto-fit,minmax(240px,1fr));gap:20px;margin:24px 0}\n.va-cf-card{background:#fff;border:1px solid #e4ece4;border-top:3px solid var(--cf-sea);border-radius:14px;padding:22px 24px;transition:.25s ease;box-shadow:0 1px 2px rgba(16,24,40,.05),0 12px 28px -18px rgba(16,24,40,.2)}\n.va-cf-card:hover{transform:translateY(-3px);box-shadow:0 1px 2px rgba(16,24,40,.06),0 18px 36px -16px rgba(14,110,115,.35);border-top-color:var(--cf-sand)}\n.va-cf-card .va-cf-ct{font-family:\"Fraunces\",serif;font-weight:700;font-size:19px;color:var(--cf-deep);margin-bottom:8px}\n.va-cf-card .va-cf-txt{font-size:15px;color:#41555a;line-height:1.55}\n.va-cf-card .va-cf-tip{margin-top:12px;font-family:\"JetBrains Mono\",monospace;font-size:12px;color:var(--cf-olive);border-top:1px dashed #d7e2d2;padding-top:10px}\n.va-cf-table{width:100%;border-collapse:collapse;margin:18px 0;border-radius:12px;overflow:hidden;border:1px solid #e4ece4;font-size:15px}\n.va-cf-table th{background:var(--cf-deep);color:#fff;text-align:left;padding:12px 16px;font-family:\"JetBrains Mono\",monospace;font-size:12px;letter-spacing:.08em;text-transform:uppercase;font-weight:500}\n.va-cf-table td{padding:12px 16px;border-top:1px solid #eef2ec;color:#33484a}\n.va-cf-table tr:nth-child(even) td{background:#f8fbf7}\n.va-cf-quote{font-family:\"Fraunces\",serif;font-style:italic;font-weight:500;font-size:clamp(21px,3vw,27px);line-height:1.4;color:var(--cf-deep);border-left:5px solid var(--cf-sand);padding:6px 0 6px 24px;margin:32px 0}\n.va-cf-list{list-style:none;padding:0;margin:20px 0;display:grid;gap:10px}\n.va-cf-list li{position:relative;padding-left:30px;font-size:16px;color:#33484a}\n.va-cf-list li:before{content:\"\u2756\";position:absolute;left:0;top:0;color:var(--cf-sea)}\n.va-cf-retenir{background:var(--cf-paper);border:1px solid #ead9b6;border-radius:14px;padding:24px 26px;margin:32px 0}\n.va-cf-retenir .va-cf-rt{font-family:\"Fraunces\",serif;font-weight:700;font-size:20px;color:var(--cf-sand);margin-bottom:12px}\n.va-cf-retenir ul{list-style:none;padding:0;margin:0;display:grid;gap:9px}\n.va-cf-retenir li{position:relative;padding-left:28px;font-size:16px;color:#3a4a41}\n.va-cf-retenir li:before{content:\"\u2600\";position:absolute;left:0;top:0;color:var(--cf-sand)}\n.va-cf-faq{margin:24px 0}\n.va-cf-faq details{background:#fff;border:1px solid #e4ece4;border-radius:12px;padding:4px 20px;margin-bottom:12px;transition:.25s ease}\n.va-cf-faq details[open]{border-color:var(--cf-sea);box-shadow:0 12px 28px -20px rgba(14,110,115,.5)}\n.va-cf-faq summary{cursor:pointer;font-family:\"Fraunces\",serif;font-weight:600;font-size:18px;color:var(--cf-deep);padding:14px 0;list-style:none}\n.va-cf-faq summary::-webkit-details-marker{display:none}\n.va-cf-faq summary:before{content:\"\u2302\";color:var(--cf-sand);margin-right:10px}\n.va-cf-faq .va-cf-fa{font-size:15.5px;color:#41555a;line-height:1.6;padding:0 0 16px}\n<\/style>\n<div class=\"va-cretefam-wrap\">\n<div class=\"va-cf-kick\">Cr\u00e8te \u00b7 Vacances d&rsquo;\u00e9t\u00e9 en famille<\/div>\n<p class=\"va-cf-lead\">La Cr\u00e8te, plus grande des \u00eeles grecques, coche toutes les cases d&rsquo;un \u00e9t\u00e9 r\u00e9ussi \u00e0 plusieurs : plages de sable fin, paysages m\u00e9diterran\u00e9ens et un rythme tranquille qui pla\u00eet autant aux enfants qu&rsquo;aux parents. Voici un carnet pratique pour organiser un s\u00e9jour familial au soleil cr\u00e9tois, sans se ruiner.<\/p>\n<div class=\"va-cf-answer\">\n<div class=\"va-cf-answer-t\">Le carnet famille en un coup d&rsquo;\u0153il<\/div>\n<div class=\"va-cf-grid\">\n<div class=\"va-cf-cell\">\n<div class=\"va-cf-lbl\">O\u00f9 aller<\/div>\n<div class=\"va-cf-val\">La Can\u00e9e, Agia Marina, plages de Balos &amp; Elafonissi<\/div>\n<\/div>\n<div class=\"va-cf-cell\">\n<div class=\"va-cf-lbl\">Quand partir<\/div>\n<div class=\"va-cf-val\">L&rsquo;\u00e9t\u00e9, pour la mer chaude et les baignades<\/div>\n<\/div>\n<div class=\"va-cf-cell\">\n<div class=\"va-cf-lbl\">Activit\u00e9s phares<\/div>\n<div class=\"va-cf-val\">Plages, gorges de Samaria, vieille ville, cuisine cr\u00e9toise<\/div>\n<\/div>\n<div class=\"va-cf-cell\">\n<div class=\"va-cf-lbl\">Bon plan s\u00e9jour<\/div>\n<div class=\"va-cf-val\">Eleftheria Hotel, 6 jours d\u00e8s 650\u20ac\/pers., vols inclus<\/div>\n<\/div>\n<\/div>\n<\/div>\n<h2>La cr\u00e8te, une destination familiale par excellence<\/h2>\n<p>La Cr\u00e8te est un v\u00e9ritable bijou de la M\u00e9diterran\u00e9e. Ses plages de sable fin et ses paysages \u00e9poustouflants en font une destination id\u00e9ale pour les familles en qu\u00eate de vacances m\u00e9morables. Les enfants y trouveront leur bonheur entre baignades et d\u00e9couvertes culturelles, tandis que les parents appr\u00e9cieront le temps de d\u00e9tente.<\/p>\n<p>En s\u00e9journant \u00e0 l&rsquo;Eleftheria Hotel, situ\u00e9 \u00e0 Agia Marina, vous profiterez d&rsquo;un cadre convivial et accueillant. L&rsquo;h\u00f4tel inclut une piscine, un jardin m\u00e9diterran\u00e9en et un espace de jeux pour les plus jeunes, ce qui garantit des moments de plaisir pour toute la famille. C&rsquo;est le genre de pied-\u00e0-terre qui simplifie la vie des parents : on rayonne facilement vers les plages et la vieille ville de La Can\u00e9e toute proche.<\/p>\n<div class=\"va-cf-quote\">\u00ab Les vacances en famille sont l&rsquo;occasion de cr\u00e9er des souvenirs inoubliables ensemble. \u00bb<\/div>\n<h3>O\u00f9 poser ses valises sur l&rsquo;\u00eele ?<\/h3>\n<p>La Cr\u00e8te est grande, et chaque coin a son caract\u00e8re. L&rsquo;ouest, autour de La Can\u00e9e et d&rsquo;Agia Marina, m\u00eale plages familiales, vieille ville v\u00e9nitienne et acc\u00e8s aux merveilles naturelles de l&rsquo;\u00eele. C&rsquo;est un excellent point de chute pour un premier s\u00e9jour avec des enfants : les distances restent raisonnables et les plages les plus photog\u00e9niques sont \u00e0 port\u00e9e d&rsquo;excursion.<\/p>\n<div class=\"va-cf-cards\">\n<div class=\"va-cf-card\">\n<div class=\"va-cf-ct\">La Can\u00e9e (vieille ville)<\/div>\n<div class=\"va-cf-txt\">Ruelles v\u00e9nitiennes, port pittoresque et terrasses : une balade facile qui pla\u00eet aux petits comme aux grands.<\/div>\n<div class=\"va-cf-tip\">Id\u00e9al en fin d&rsquo;apr\u00e8s-midi<\/div>\n<\/div>\n<div class=\"va-cf-card\">\n<div class=\"va-cf-ct\">Plage de Balos<\/div>\n<div class=\"va-cf-txt\">Eaux turquoise et lagon peu profond : un d\u00e9cor de carte postale parfait pour se pr\u00e9lasser au soleil en famille.<\/div>\n<div class=\"va-cf-tip\">Baignade &amp; pause d\u00e9tente<\/div>\n<\/div>\n<div class=\"va-cf-card\">\n<div class=\"va-cf-ct\">Plage d&rsquo;Elafonissi<\/div>\n<div class=\"va-cf-txt\">Sable ros\u00e9 et eaux peu profondes, l&rsquo;une des plages pr\u00e9f\u00e9r\u00e9es des familles pour barboter en toute s\u00e9curit\u00e9.<\/div>\n<div class=\"va-cf-tip\">Excursion \u00e0 la journ\u00e9e<\/div>\n<\/div>\n<div class=\"va-cf-card\">\n<div class=\"va-cf-ct\">Gorges de Samaria<\/div>\n<div class=\"va-cf-txt\">Un parc national spectaculaire avec des randonn\u00e9es adapt\u00e9es \u00e0 tous les niveaux, pour les familles plus aventuri\u00e8res.<\/div>\n<div class=\"va-cf-tip\">Pr\u00e9voir de bonnes chaussures<\/div>\n<\/div>\n<\/div>\n<h2>Des offres irr\u00e9sistibles pour vos vacances<\/h2>\n<p>Cet \u00e9t\u00e9, offrez-vous des vacances \u00e0 prix r\u00e9duit gr\u00e2ce \u00e0 nos offres sp\u00e9ciales. Pour un s\u00e9jour de six jours, l&rsquo;Eleftheria Hotel propose un h\u00e9bergement gratuit pour le premier enfant, ainsi que des petits-d\u00e9jeuners inclus. Ce forfait permet de voyager sereinement, avec des vols aller-retour inclus dans le prix.<\/p>\n<p>Les tarifs d\u00e9butent \u00e0 seulement 650\u20ac par personne, une opportunit\u00e9 \u00e0 ne pas manquer. En r\u00e9servant d\u00e8s maintenant, vous vous assurez de profiter de toutes les commodit\u00e9s n\u00e9cessaires pour passer un s\u00e9jour inoubliable en famille.<\/p>\n<div class=\"va-cf-grid\">\n<div class=\"va-cf-cell\">\n<div class=\"va-cf-lbl\">Dur\u00e9e du s\u00e9jour<\/div>\n<div class=\"va-cf-val\">6 jours<\/div>\n<\/div>\n<div class=\"va-cf-cell\">\n<div class=\"va-cf-lbl\">\u00c0 partir de<\/div>\n<div class=\"va-cf-val\">650\u20ac \/ personne<\/div>\n<\/div>\n<div class=\"va-cf-cell\">\n<div class=\"va-cf-lbl\">Premier enfant<\/div>\n<div class=\"va-cf-val\">H\u00e9bergement gratuit<\/div>\n<\/div>\n<div class=\"va-cf-cell\">\n<div class=\"va-cf-lbl\">Inclus<\/div>\n<div class=\"va-cf-val\">Petits-d\u00e9jeuners &amp; vols A\/R<\/div>\n<\/div>\n<\/div>\n<h2>Activit\u00e9s \u00e0 ne pas manquer en cr\u00e8te<\/h2>\n<p>La Cr\u00e8te regorge d&rsquo;activit\u00e9s adapt\u00e9es aux familles. Parmi les incontournables, ne manquez pas les gorges de Samaria, un parc national spectaculaire qui offre des randonn\u00e9es adapt\u00e9es \u00e0 tous les niveaux. Les eaux turquoise de la plage de Balos sont \u00e9galement un lieu id\u00e9al pour se pr\u00e9lasser au soleil.<\/p>\n<p>Il existe de nombreuses autres activit\u00e9s \u00e0 explorer, telles que des visites de sites arch\u00e9ologiques, des balades en bateau et des ateliers de cuisine cr\u00e9toise. Voici quelques suggestions pour agr\u00e9menter votre s\u00e9jour :<\/p>\n<ul class=\"va-cf-list\">\n<li>Visite de la vieille ville de La Can\u00e9e<\/li>\n<li>Excursion \u00e0 la plage de Elafonissi<\/li>\n<li>D\u00e9gustation de sp\u00e9cialit\u00e9s locales<\/li>\n<li>Randonn\u00e9es en famille dans la nature pr\u00e9serv\u00e9e<\/li>\n<li>Visite de mus\u00e9es sur l&rsquo;histoire cr\u00e9toise<\/li>\n<\/ul>\n<h3>Quand partir, et pour combien de temps ?<\/h3>\n<p>L&rsquo;article cible l&rsquo;\u00e9t\u00e9, et c&rsquo;est coh\u00e9rent : c&rsquo;est la saison de la mer chaude, des longues journ\u00e9es et des baignades. C&rsquo;est aussi la p\u00e9riode la plus anim\u00e9e de l&rsquo;\u00eele, alors mieux vaut r\u00e9server \u00e0 l&rsquo;avance. Pour un premier s\u00e9jour, comptez assez de jours pour alterner farniente \u00e0 la plage et une ou deux excursions, sans courir d&rsquo;un bout \u00e0 l&rsquo;autre de l&rsquo;\u00eele avec des enfants.<\/p>\n<table class=\"va-cf-table\">\n<tr>\n<th>Moment<\/th>\n<th>Ambiance<\/th>\n<th>Pour la famille<\/th>\n<\/tr>\n<tr>\n<td>\u00c9t\u00e9 (cible de cet article)<\/td>\n<td>Mer chaude, journ\u00e9es longues, \u00eele anim\u00e9e<\/td>\n<td>Id\u00e9al pour les baignades et la vie au grand air<\/td>\n<\/tr>\n<tr>\n<td>S\u00e9jour court<\/td>\n<td>Un coin de base (c\u00f4t\u00e9 ouest)<\/td>\n<td>Plage + une excursion \u00e0 la journ\u00e9e<\/td>\n<\/tr>\n<tr>\n<td>S\u00e9jour plus long<\/td>\n<td>Rayonnement vers Balos, Elafonissi, Samaria<\/td>\n<td>On combine d\u00e9tente et d\u00e9couverte sans se presser<\/td>\n<\/tr>\n<\/table>\n<div class=\"va-cf-retenir\">\n<div class=\"va-cf-rt\">\u00c0 retenir<\/div>\n<ul>\n<li>La Cr\u00e8te conjugue plages familiales, nature et culture : un terrain de jeu complet pour petits et grands.<\/li>\n<li>L&rsquo;ouest de l&rsquo;\u00eele (La Can\u00e9e, Agia Marina) est un point de chute pratique pour un premier s\u00e9jour.<\/li>\n<li>L&rsquo;\u00e9t\u00e9 reste la saison reine pour la baignade \u2014 pensez \u00e0 r\u00e9server t\u00f4t.<\/li>\n<li>Avec l&rsquo;Eleftheria Hotel, un s\u00e9jour de 6 jours d\u00e9marre d\u00e8s 650\u20ac\/pers., vols et petits-d\u00e9jeuners inclus.<\/li>\n<\/ul>\n<\/div>\n<p>La Cr\u00e8te est un lieu parfait pour tisser des liens familiaux, tout en profitant de l&rsquo;hospitalit\u00e9 cr\u00e9toise. Avec des activit\u00e9s vari\u00e9es, chacun pourra trouver son bonheur, que ce soit \u00e0 la plage ou lors d&rsquo;excursions \u00e0 la d\u00e9couverte de l&rsquo;\u00eele.<\/p>\n<p>N&rsquo;attendez plus pour r\u00e9server vos vacances en Cr\u00e8te. Avec des offres all\u00e9chantes et une multitude d&rsquo;activit\u00e9s \u00e0 explorer, l&rsquo;\u00e9t\u00e9 s&rsquo;annonce radieux. Offrez \u00e0 votre famille une exp\u00e9rience enrichissante sous le soleil cr\u00e9tois, et profitez d&rsquo;un cadre idyllique qui ravira petits et grands.<\/p>\n<h2>Questions fr\u00e9quentes<\/h2>\n<div class=\"va-cf-faq\">\n<details>\n<summary>Quel est le plus beau coin de Cr\u00e8te en famille ?<\/summary>\n<div class=\"va-cf-fa\">Tout d\u00e9pend de vos envies, mais l&rsquo;ouest de l&rsquo;\u00eele concentre de quoi plaire \u00e0 tout le monde : la vieille ville de La Can\u00e9e pour les balades, les plages de Balos et d&rsquo;Elafonissi pour leurs eaux turquoise peu profondes, et les gorges de Samaria pour une dose de nature. Agia Marina, o\u00f9 se trouve l&rsquo;Eleftheria Hotel, est un bon point de d\u00e9part pour rayonner.<\/div>\n<\/details>\n<details>\n<summary>Quelle est la meilleure p\u00e9riode pour partir en Cr\u00e8te ?<\/summary>\n<div class=\"va-cf-fa\">Cet article cible l&rsquo;\u00e9t\u00e9, et c&rsquo;est la saison la plus adapt\u00e9e aux vacances familiales ax\u00e9es baignade : mer chaude, journ\u00e9es longues et ambiance estivale. C&rsquo;est aussi la p\u00e9riode la plus fr\u00e9quent\u00e9e de l&rsquo;\u00eele, mieux vaut donc r\u00e9server son s\u00e9jour \u00e0 l&rsquo;avance.<\/div>\n<\/details>\n<details>\n<summary>Que faire en Cr\u00e8te en famille ?<\/summary>\n<div class=\"va-cf-fa\">Au programme : baignades sur les plages de Balos et d&rsquo;Elafonissi, balade dans la vieille ville de La Can\u00e9e, randonn\u00e9es accessibles dans les gorges de Samaria, visites de sites arch\u00e9ologiques et de mus\u00e9es sur l&rsquo;histoire cr\u00e9toise, balades en bateau et ateliers de cuisine cr\u00e9toise. De quoi alterner d\u00e9tente et d\u00e9couvertes selon l&rsquo;\u00e2ge des enfants.<\/div>\n<\/details>\n<details>\n<summary>Combien co\u00fbte un s\u00e9jour en famille \u00e0 l&rsquo;Eleftheria Hotel ?<\/summary>\n<div class=\"va-cf-fa\">Pour un s\u00e9jour de six jours, les tarifs d\u00e9butent \u00e0 650\u20ac par personne, avec l&rsquo;h\u00e9bergement gratuit pour le premier enfant, les petits-d\u00e9jeuners et les vols aller-retour inclus. Pensez \u00e0 v\u00e9rifier les conditions au moment de la r\u00e9servation.<\/div>\n<\/details>\n<\/div>\n<\/div>\n","protected":false},"excerpt":{"rendered":"","protected":false},"author":34,"featured_media":20273,"comment_status":"open","ping_status":"open","sticky":false,"template":"","format":"standard","meta":{"_acf_changed":false,"manual_indexmenow":false,"indexmenow_id_project":0,"footnotes":""},"categories":[1],"tags":[4538,4527,4535,4528,5834],"class_list":["post-16794","post","type-post","status-publish","format-standard","has-post-thumbnail","hentry","category-a-la-une","tag-activites-variees","tag-decouverte-culturelle","tag-gastronomie-locale","tag-hebergement-abordable","tag-voyage-en-famille","generate-columns","tablet-grid-50","mobile-grid-100","grid-parent","grid-25"],"acf":[],"yoast_head":"<!-- This site is optimized with the Yoast SEO Premium plugin v21.3 (Yoast SEO v25.1) - https:\/\/yoast.com\/wordpress\/plugins\/seo\/ -->\n<title>Profitez de vacances d&#039;\u00e9t\u00e9 en Cr\u00e8te en famille \u00e0 prix<\/title>\n<meta name=\"description\" content=\"La Cr\u00e8te, plus grande des \u00eeles grecques, coche toutes les cases d&#039;un \u00e9t\u00e9 r\u00e9ussi \u00e0 plusieurs : plages de sable fin, paysages m\u00e9diterran\u00e9ens et un rythme\" \/>\n<meta name=\"robots\" content=\"index, follow, max-snippet:-1, max-image-preview:large, max-video-preview:-1\" \/>\n<link rel=\"canonical\" href=\"https:\/\/voyage-aventure.com\/blog\/a-la-une\/profitez-de-vacances-dete-en-crete-en-famille-a-prix-imbattable\/\" \/>\n<meta property=\"og:locale\" content=\"fr_FR\" \/>\n<meta property=\"og:type\" content=\"article\" \/>\n<meta property=\"og:title\" content=\"Profitez de vacances d&#039;\u00e9t\u00e9 en Cr\u00e8te en famille \u00e0 prix\" \/>\n<meta property=\"og:description\" content=\"La Cr\u00e8te, plus grande des \u00eeles grecques, coche toutes les cases d&#039;un \u00e9t\u00e9 r\u00e9ussi \u00e0 plusieurs : plages de sable fin, paysages m\u00e9diterran\u00e9ens et un rythme\" \/>\n<meta property=\"og:url\" content=\"https:\/\/voyage-aventure.com\/blog\/a-la-une\/profitez-de-vacances-dete-en-crete-en-famille-a-prix-imbattable\/\" \/>\n<meta property=\"og:site_name\" content=\"voyage-aventure\" \/>\n<meta property=\"og:image\" content=\"https:\/\/voyage-aventure.com\/blog\/wp-content\/uploads\/2025\/05\/sdxl-1a72b9e3e391091864de4c1ac5dd1b54-scaled.png\" \/>\n\t<meta property=\"og:image:width\" content=\"1200\" \/>\n\t<meta property=\"og:image:height\" content=\"500\" \/>\n\t<meta property=\"og:image:type\" content=\"image\/png\" \/>\n<meta name=\"author\" content=\"Camille Rouvray\" \/>\n<meta name=\"twitter:card\" content=\"summary_large_image\" \/>\n<script type=\"application\/ld+json\" class=\"yoast-schema-graph\">{\"@context\":\"https:\/\/schema.org\",\"@graph\":[{\"@type\":\"NewsArticle\",\"@id\":\"https:\/\/voyage-aventure.com\/blog\/a-la-une\/profitez-de-vacances-dete-en-crete-en-famille-a-prix-imbattable\/#article\",\"isPartOf\":{\"@id\":\"https:\/\/voyage-aventure.com\/blog\/a-la-une\/profitez-de-vacances-dete-en-crete-en-famille-a-prix-imbattable\/\"},\"author\":{\"name\":\"Camille Rouvray\",\"@id\":\"https:\/\/voyage-aventure.com\/blog\/#\/schema\/person\/3c864cdc320801e3db34b663e7e3f816\"},\"headline\":\"Profitez de vacances d&rsquo;\u00e9t\u00e9 en Cr\u00e8te en famille \u00e0 prix imbattable\",\"datePublished\":\"2026-06-05T19:16:09+00:00\",\"mainEntityOfPage\":{\"@id\":\"https:\/\/voyage-aventure.com\/blog\/a-la-une\/profitez-de-vacances-dete-en-crete-en-famille-a-prix-imbattable\/\"},\"wordCount\":1328,\"commentCount\":24,\"publisher\":{\"@id\":\"https:\/\/voyage-aventure.com\/blog\/#organization\"},\"image\":{\"@id\":\"https:\/\/voyage-aventure.com\/blog\/a-la-une\/profitez-de-vacances-dete-en-crete-en-famille-a-prix-imbattable\/#primaryimage\"},\"thumbnailUrl\":\"https:\/\/voyage-aventure.com\/blog\/wp-content\/uploads\/2025\/05\/sdxl-1a72b9e3e391091864de4c1ac5dd1b54-scaled.png\",\"keywords\":[\"Activit\u00e9s Vari\u00e9es\",\"D\u00e9couverte Culturelle\",\"Gastronomie Locale\",\"H\u00e9bergement Abordable\",\"Voyage en famille\"],\"articleSection\":[\"\u00c0 la une\"],\"inLanguage\":\"fr-FR\",\"potentialAction\":[{\"@type\":\"CommentAction\",\"name\":\"Comment\",\"target\":[\"https:\/\/voyage-aventure.com\/blog\/a-la-une\/profitez-de-vacances-dete-en-crete-en-famille-a-prix-imbattable\/#respond\"]}]},{\"@type\":\"WebPage\",\"@id\":\"https:\/\/voyage-aventure.com\/blog\/a-la-une\/profitez-de-vacances-dete-en-crete-en-famille-a-prix-imbattable\/\",\"url\":\"https:\/\/voyage-aventure.com\/blog\/a-la-une\/profitez-de-vacances-dete-en-crete-en-famille-a-prix-imbattable\/\",\"name\":\"Profitez de vacances d'\u00e9t\u00e9 en Cr\u00e8te en famille \u00e0 prix\",\"isPartOf\":{\"@id\":\"https:\/\/voyage-aventure.com\/blog\/#website\"},\"primaryImageOfPage\":{\"@id\":\"https:\/\/voyage-aventure.com\/blog\/a-la-une\/profitez-de-vacances-dete-en-crete-en-famille-a-prix-imbattable\/#primaryimage\"},\"image\":{\"@id\":\"https:\/\/voyage-aventure.com\/blog\/a-la-une\/profitez-de-vacances-dete-en-crete-en-famille-a-prix-imbattable\/#primaryimage\"},\"thumbnailUrl\":\"https:\/\/voyage-aventure.com\/blog\/wp-content\/uploads\/2025\/05\/sdxl-1a72b9e3e391091864de4c1ac5dd1b54-scaled.png\",\"datePublished\":\"2026-06-05T19:16:09+00:00\",\"description\":\"La Cr\u00e8te, plus grande des \u00eeles grecques, coche toutes les cases d'un \u00e9t\u00e9 r\u00e9ussi \u00e0 plusieurs : plages de sable fin, paysages m\u00e9diterran\u00e9ens et un rythme\",\"inLanguage\":\"fr-FR\",\"potentialAction\":[{\"@type\":\"ReadAction\",\"target\":[\"https:\/\/voyage-aventure.com\/blog\/a-la-une\/profitez-de-vacances-dete-en-crete-en-famille-a-prix-imbattable\/\"]}]},{\"@type\":\"ImageObject\",\"inLanguage\":\"fr-FR\",\"@id\":\"https:\/\/voyage-aventure.com\/blog\/a-la-une\/profitez-de-vacances-dete-en-crete-en-famille-a-prix-imbattable\/#primaryimage\",\"url\":\"https:\/\/voyage-aventure.com\/blog\/wp-content\/uploads\/2025\/05\/sdxl-1a72b9e3e391091864de4c1ac5dd1b54-scaled.png\",\"contentUrl\":\"https:\/\/voyage-aventure.com\/blog\/wp-content\/uploads\/2025\/05\/sdxl-1a72b9e3e391091864de4c1ac5dd1b54-scaled.png\",\"width\":1200,\"height\":500},{\"@type\":\"WebSite\",\"@id\":\"https:\/\/voyage-aventure.com\/blog\/#website\",\"url\":\"https:\/\/voyage-aventure.com\/blog\/\",\"name\":\"voyage-aventure.com\",\"description\":\"Votre passeport pour l\u2019inattendu.\",\"publisher\":{\"@id\":\"https:\/\/voyage-aventure.com\/blog\/#organization\"},\"alternateName\":\"Votre passeport pour l\u2019inattendu.\",\"potentialAction\":[{\"@type\":\"SearchAction\",\"target\":{\"@type\":\"EntryPoint\",\"urlTemplate\":\"https:\/\/voyage-aventure.com\/blog\/?s={search_term_string}\"},\"query-input\":{\"@type\":\"PropertyValueSpecification\",\"valueRequired\":true,\"valueName\":\"search_term_string\"}}],\"inLanguage\":\"fr-FR\"},{\"@type\":\"Organization\",\"@id\":\"https:\/\/voyage-aventure.com\/blog\/#organization\",\"name\":\"Foretsensations.fr\",\"url\":\"https:\/\/voyage-aventure.com\/blog\/\",\"logo\":{\"@type\":\"ImageObject\",\"inLanguage\":\"fr-FR\",\"@id\":\"https:\/\/voyage-aventure.com\/blog\/#\/schema\/logo\/image\/\",\"url\":\"https:\/\/voyage-aventure.com\/blog\/wp-content\/uploads\/2024\/12\/19.png\",\"contentUrl\":\"https:\/\/voyage-aventure.com\/blog\/wp-content\/uploads\/2024\/12\/19.png\",\"width\":512,\"height\":512,\"caption\":\"Foretsensations.fr\"},\"image\":{\"@id\":\"https:\/\/voyage-aventure.com\/blog\/#\/schema\/logo\/image\/\"}},{\"@type\":\"Person\",\"@id\":\"https:\/\/voyage-aventure.com\/blog\/#\/schema\/person\/3c864cdc320801e3db34b663e7e3f816\",\"name\":\"Camille Rouvray\",\"image\":{\"@type\":\"ImageObject\",\"inLanguage\":\"fr-FR\",\"@id\":\"https:\/\/voyage-aventure.com\/blog\/#\/schema\/person\/image\/\",\"url\":\"https:\/\/voyage-aventure.com\/blog\/wp-content\/uploads\/2026\/06\/persona_camille-r-96x96.jpg\",\"contentUrl\":\"https:\/\/voyage-aventure.com\/blog\/wp-content\/uploads\/2026\/06\/persona_camille-r-96x96.jpg\",\"caption\":\"Camille Rouvray\"},\"description\":\"Je voyage et j'\u00e9cris sur le voyage depuis une douzaine d'ann\u00e9es, d'abord en tant que routarde au long cours, puis comme r\u00e9dactrice sp\u00e9cialis\u00e9e. Mon terrain de pr\u00e9dilection, ce sont les circuits organis\u00e9s et l'art de bien pr\u00e9parer un itin\u00e9raire : choix de la saison, dur\u00e9e r\u00e9aliste des \u00e9tapes, budget jour par jour, logement et transport sur place. J'aime aussi raconter les p\u00e9pites urbaines, ces adresses qu'on ne trouve pas dans les guides classiques. Avant de publier un dossier destination, je croise toujours plusieurs sources, je v\u00e9rifie les tarifs et les formalit\u00e9s d'entr\u00e9e \u00e0 jour, et je teste moi-m\u00eame quand je le peux. Mon angle reste pratique avant tout : aider le lecteur \u00e0 partir l'esprit tranquille, sans mauvaise surprise une fois sur place. Je m'attache \u00e0 distinguer le coup de c\u0153ur sinc\u00e8re du simple argument marketing.\",\"sameAs\":[\"https:\/\/camillerouvray.fr\/\"],\"url\":\"https:\/\/voyage-aventure.com\/blog\/auteur\/noname\/\"}]}<\/script>\n<!-- \/ Yoast SEO Premium plugin. -->","yoast_head_json":{"title":"Profitez de vacances d'\u00e9t\u00e9 en Cr\u00e8te en famille \u00e0 prix","description":"La Cr\u00e8te, plus grande des \u00eeles grecques, coche toutes les cases d'un \u00e9t\u00e9 r\u00e9ussi \u00e0 plusieurs : plages de sable fin, paysages m\u00e9diterran\u00e9ens et un rythme","robots":{"index":"index","follow":"follow","max-snippet":"max-snippet:-1","max-image-preview":"max-image-preview:large","max-video-preview":"max-video-preview:-1"},"canonical":"https:\/\/voyage-aventure.com\/blog\/a-la-une\/profitez-de-vacances-dete-en-crete-en-famille-a-prix-imbattable\/","og_locale":"fr_FR","og_type":"article","og_title":"Profitez de vacances d'\u00e9t\u00e9 en Cr\u00e8te en famille \u00e0 prix","og_description":"La Cr\u00e8te, plus grande des \u00eeles grecques, coche toutes les cases d'un \u00e9t\u00e9 r\u00e9ussi \u00e0 plusieurs : plages de sable fin, paysages m\u00e9diterran\u00e9ens et un rythme","og_url":"https:\/\/voyage-aventure.com\/blog\/a-la-une\/profitez-de-vacances-dete-en-crete-en-famille-a-prix-imbattable\/","og_site_name":"voyage-aventure","og_image":[{"width":1200,"height":500,"url":"https:\/\/voyage-aventure.com\/blog\/wp-content\/uploads\/2025\/05\/sdxl-1a72b9e3e391091864de4c1ac5dd1b54-scaled.png","type":"image\/png"}],"author":"Camille Rouvray","twitter_card":"summary_large_image","schema":{"@context":"https:\/\/schema.org","@graph":[{"@type":"NewsArticle","@id":"https:\/\/voyage-aventure.com\/blog\/a-la-une\/profitez-de-vacances-dete-en-crete-en-famille-a-prix-imbattable\/#article","isPartOf":{"@id":"https:\/\/voyage-aventure.com\/blog\/a-la-une\/profitez-de-vacances-dete-en-crete-en-famille-a-prix-imbattable\/"},"author":{"name":"Camille Rouvray","@id":"https:\/\/voyage-aventure.com\/blog\/#\/schema\/person\/3c864cdc320801e3db34b663e7e3f816"},"headline":"Profitez de vacances d&rsquo;\u00e9t\u00e9 en Cr\u00e8te en famille \u00e0 prix imbattable","datePublished":"2026-06-05T19:16:09+00:00","mainEntityOfPage":{"@id":"https:\/\/voyage-aventure.com\/blog\/a-la-une\/profitez-de-vacances-dete-en-crete-en-famille-a-prix-imbattable\/"},"wordCount":1328,"commentCount":24,"publisher":{"@id":"https:\/\/voyage-aventure.com\/blog\/#organization"},"image":{"@id":"https:\/\/voyage-aventure.com\/blog\/a-la-une\/profitez-de-vacances-dete-en-crete-en-famille-a-prix-imbattable\/#primaryimage"},"thumbnailUrl":"https:\/\/voyage-aventure.com\/blog\/wp-content\/uploads\/2025\/05\/sdxl-1a72b9e3e391091864de4c1ac5dd1b54-scaled.png","keywords":["Activit\u00e9s Vari\u00e9es","D\u00e9couverte Culturelle","Gastronomie Locale","H\u00e9bergement Abordable","Voyage en famille"],"articleSection":["\u00c0 la une"],"inLanguage":"fr-FR","potentialAction":[{"@type":"CommentAction","name":"Comment","target":["https:\/\/voyage-aventure.com\/blog\/a-la-une\/profitez-de-vacances-dete-en-crete-en-famille-a-prix-imbattable\/#respond"]}]},{"@type":"WebPage","@id":"https:\/\/voyage-aventure.com\/blog\/a-la-une\/profitez-de-vacances-dete-en-crete-en-famille-a-prix-imbattable\/","url":"https:\/\/voyage-aventure.com\/blog\/a-la-une\/profitez-de-vacances-dete-en-crete-en-famille-a-prix-imbattable\/","name":"Profitez de vacances d'\u00e9t\u00e9 en Cr\u00e8te en famille \u00e0 prix","isPartOf":{"@id":"https:\/\/voyage-aventure.com\/blog\/#website"},"primaryImageOfPage":{"@id":"https:\/\/voyage-aventure.com\/blog\/a-la-une\/profitez-de-vacances-dete-en-crete-en-famille-a-prix-imbattable\/#primaryimage"},"image":{"@id":"https:\/\/voyage-aventure.com\/blog\/a-la-une\/profitez-de-vacances-dete-en-crete-en-famille-a-prix-imbattable\/#primaryimage"},"thumbnailUrl":"https:\/\/voyage-aventure.com\/blog\/wp-content\/uploads\/2025\/05\/sdxl-1a72b9e3e391091864de4c1ac5dd1b54-scaled.png","datePublished":"2026-06-05T19:16:09+00:00","description":"La Cr\u00e8te, plus grande des \u00eeles grecques, coche toutes les cases d'un \u00e9t\u00e9 r\u00e9ussi \u00e0 plusieurs : plages de sable fin, paysages m\u00e9diterran\u00e9ens et un rythme","inLanguage":"fr-FR","potentialAction":[{"@type":"ReadAction","target":["https:\/\/voyage-aventure.com\/blog\/a-la-une\/profitez-de-vacances-dete-en-crete-en-famille-a-prix-imbattable\/"]}]},{"@type":"ImageObject","inLanguage":"fr-FR","@id":"https:\/\/voyage-aventure.com\/blog\/a-la-une\/profitez-de-vacances-dete-en-crete-en-famille-a-prix-imbattable\/#primaryimage","url":"https:\/\/voyage-aventure.com\/blog\/wp-content\/uploads\/2025\/05\/sdxl-1a72b9e3e391091864de4c1ac5dd1b54-scaled.png","contentUrl":"https:\/\/voyage-aventure.com\/blog\/wp-content\/uploads\/2025\/05\/sdxl-1a72b9e3e391091864de4c1ac5dd1b54-scaled.png","width":1200,"height":500},{"@type":"WebSite","@id":"https:\/\/voyage-aventure.com\/blog\/#website","url":"https:\/\/voyage-aventure.com\/blog\/","name":"voyage-aventure.com","description":"Votre passeport pour l\u2019inattendu.","publisher":{"@id":"https:\/\/voyage-aventure.com\/blog\/#organization"},"alternateName":"Votre passeport pour l\u2019inattendu.","potentialAction":[{"@type":"SearchAction","target":{"@type":"EntryPoint","urlTemplate":"https:\/\/voyage-aventure.com\/blog\/?s={search_term_string}"},"query-input":{"@type":"PropertyValueSpecification","valueRequired":true,"valueName":"search_term_string"}}],"inLanguage":"fr-FR"},{"@type":"Organization","@id":"https:\/\/voyage-aventure.com\/blog\/#organization","name":"Foretsensations.fr","url":"https:\/\/voyage-aventure.com\/blog\/","logo":{"@type":"ImageObject","inLanguage":"fr-FR","@id":"https:\/\/voyage-aventure.com\/blog\/#\/schema\/logo\/image\/","url":"https:\/\/voyage-aventure.com\/blog\/wp-content\/uploads\/2024\/12\/19.png","contentUrl":"https:\/\/voyage-aventure.com\/blog\/wp-content\/uploads\/2024\/12\/19.png","width":512,"height":512,"caption":"Foretsensations.fr"},"image":{"@id":"https:\/\/voyage-aventure.com\/blog\/#\/schema\/logo\/image\/"}},{"@type":"Person","@id":"https:\/\/voyage-aventure.com\/blog\/#\/schema\/person\/3c864cdc320801e3db34b663e7e3f816","name":"Camille Rouvray","image":{"@type":"ImageObject","inLanguage":"fr-FR","@id":"https:\/\/voyage-aventure.com\/blog\/#\/schema\/person\/image\/","url":"https:\/\/voyage-aventure.com\/blog\/wp-content\/uploads\/2026\/06\/persona_camille-r-96x96.jpg","contentUrl":"https:\/\/voyage-aventure.com\/blog\/wp-content\/uploads\/2026\/06\/persona_camille-r-96x96.jpg","caption":"Camille Rouvray"},"description":"Je voyage et j'\u00e9cris sur le voyage depuis une douzaine d'ann\u00e9es, d'abord en tant que routarde au long cours, puis comme r\u00e9dactrice sp\u00e9cialis\u00e9e. Mon terrain de pr\u00e9dilection, ce sont les circuits organis\u00e9s et l'art de bien pr\u00e9parer un itin\u00e9raire : choix de la saison, dur\u00e9e r\u00e9aliste des \u00e9tapes, budget jour par jour, logement et transport sur place. J'aime aussi raconter les p\u00e9pites urbaines, ces adresses qu'on ne trouve pas dans les guides classiques. Avant de publier un dossier destination, je croise toujours plusieurs sources, je v\u00e9rifie les tarifs et les formalit\u00e9s d'entr\u00e9e \u00e0 jour, et je teste moi-m\u00eame quand je le peux. Mon angle reste pratique avant tout : aider le lecteur \u00e0 partir l'esprit tranquille, sans mauvaise surprise une fois sur place. Je m'attache \u00e0 distinguer le coup de c\u0153ur sinc\u00e8re du simple argument marketing.","sameAs":["https:\/\/camillerouvray.fr\/"],"url":"https:\/\/voyage-aventure.com\/blog\/auteur\/noname\/"}]}},"_links":{"self":[{"href":"https:\/\/voyage-aventure.com\/blog\/wp-json\/wp\/v2\/posts\/16794","targetHints":{"allow":["GET"]}}],"collection":[{"href":"https:\/\/voyage-aventure.com\/blog\/wp-json\/wp\/v2\/posts"}],"about":[{"href":"https:\/\/voyage-aventure.com\/blog\/wp-json\/wp\/v2\/types\/post"}],"author":[{"embeddable":true,"href":"https:\/\/voyage-aventure.com\/blog\/wp-json\/wp\/v2\/users\/34"}],"replies":[{"embeddable":true,"href":"https:\/\/voyage-aventure.com\/blog\/wp-json\/wp\/v2\/comments?post=16794"}],"version-history":[{"count":2,"href":"https:\/\/voyage-aventure.com\/blog\/wp-json\/wp\/v2\/posts\/16794\/revisions"}],"predecessor-version":[{"id":21909,"href":"https:\/\/voyage-aventure.com\/blog\/wp-json\/wp\/v2\/posts\/16794\/revisions\/21909"}],"wp:featuredmedia":[{"embeddable":true,"href":"https:\/\/voyage-aventure.com\/blog\/wp-json\/wp\/v2\/media\/20273"}],"wp:attachment":[{"href":"https:\/\/voyage-aventure.com\/blog\/wp-json\/wp\/v2\/media?parent=16794"}],"wp:term":[{"taxonomy":"category","embeddable":true,"href":"https:\/\/voyage-aventure.com\/blog\/wp-json\/wp\/v2\/categories?post=16794"},{"taxonomy":"post_tag","embeddable":true,"href":"https:\/\/voyage-aventure.com\/blog\/wp-json\/wp\/v2\/tags?post=16794"}],"curies":[{"name":"wp","href":"https:\/\/api.w.org\/{rel}","templated":true}]}}