{"id":16793,"date":"2025-03-28T15:46:15","date_gmt":"2025-03-28T14:46:15","guid":{"rendered":"https:\/\/voyage-aventure.com\/blog\/?p=16793"},"modified":"2025-03-28T15:45:02","modified_gmt":"2025-03-28T14:45:02","slug":"decouvrez-le-nouvel-hotel-caribeen-de-rafael-nadal-et-les-meilleures-destinations-viticoles","status":"publish","type":"post","link":"https:\/\/voyage-aventure.com\/blog\/a-la-une\/decouvrez-le-nouvel-hotel-caribeen-de-rafael-nadal-et-les-meilleures-destinations-viticoles\/","title":{"rendered":"D\u00e9couvrez le nouvel h\u00f4tel carib\u00e9en de Rafael Nadal et les meilleures destinations viticoles"},"content":{"rendered":"<h2>Un h\u00f4tel carib\u00e9en sign\u00e9 Rafael Nadal<\/h2>\n<p>Son dernier projet, le Zel Punta Cana, est un h\u00f4tel de luxe situ\u00e9 en R\u00e9publique dominicaine, con\u00e7u pour offrir une exp\u00e9rience inoubliable. Avec 190 suites, cet \u00e9tablissement dispose de plusieurs restaurants, d&rsquo;un spa, d&rsquo;un club de plage et, bien s\u00fbr, d&rsquo;installations de tennis de haut niveau.<\/p>\n<p>Lors de l&rsquo;inauguration, Nadal a partag\u00e9 sa vision en d\u00e9clarant : <\/p>\n<blockquote><p>\u00ab\u00a0J&rsquo;ai voyag\u00e9 pendant plus de 20 ans et j&rsquo;ai eu la chance de s\u00e9journer dans certains des meilleurs h\u00f4tels au monde. Cela a influenc\u00e9 ce que j&rsquo;aime et ce que je n&rsquo;aime pas dans l&rsquo;h\u00f4tellerie.\u00a0\u00bb<\/p><\/blockquote>\n<p> Cette attention aux d\u00e9tails fait de son h\u00f4tel un lieu de choix pour les amateurs de tennis et de d\u00e9tente.<\/p>\n<h2>Air France r\u00e9volutionne sa classe affaires<\/h2>\n<p>Air France a r\u00e9cemment annonc\u00e9 une mise \u00e0 jour significative de sa classe La Premi\u00e8re sur certains vols entre Paris et New York. Les nouvelles suites, d&rsquo;une superficie de 38 pieds carr\u00e9s, offrent un confort sans pr\u00e9c\u00e9dent, avec un lit de 6,5 pieds, id\u00e9al pour se reposer durant le vol. De plus, ces suites innovantes sont dot\u00e9es de deux \u00e9crans 32 pouces en 4K, permettant aux passagers de profiter de 1 500 heures de divertissement.<\/p>\n<p>La gastronomique est \u00e9galement \u00e0 l&rsquo;honneur, avec des menus \u00e9labor\u00e9s par Dominique Crenn, chef triplement \u00e9toil\u00e9, et Emmanuel Renaut, \u00e9galement \u00e9toil\u00e9, qui contribuent \u00e0 faire de chaque vol une exp\u00e9rience culinaire unique. Cette initiative vise \u00e0 red\u00e9finir le voyage en classe affaires, offrant une immersion totale dans le luxe et le confort.<\/p>\n<h2>Les meilleures destinations viticoles en Europe pour 2025<\/h2>\n<p>Pour les amateurs de vin, l&rsquo;\u00e9t\u00e9 2025 sera l&rsquo;occasion d&rsquo;explorer certaines des meilleures destinations viticoles d&rsquo;Europe. Selon une enqu\u00eate men\u00e9e par Europe\u2019s Best Destinations, Plovdiv en Bulgarie a \u00e9t\u00e9 d\u00e9sign\u00e9e comme la capitale viticole de l&rsquo;Europe. Cette ville, qui poss\u00e8de une tradition viticole de 5 000 ans, est suivie de pr\u00e8s par La Rioja en Espagne et Bordeaux en France, qui compl\u00e8tent le podium.<\/p>\n<p>Ces destinations ne sont pas seulement c\u00e9l\u00e8bres pour leurs vins, mais aussi pour leur culture, leur gastronomie et leurs paysages magnifiques. Les voyages au c\u0153ur de ces r\u00e9gions promettent une immersion sensorielle, parfaite pour les \u00e9picuriens et les amateurs de d\u00e9couvertes.<\/p>\n<ul>\n<li>H\u00f4tel Zel Punta Cana : luxe et tennis au c\u0153ur des Cara\u00efbes.<\/li>\n<li>Air France : nouvelles suites pour une exp\u00e9rience de vol in\u00e9gal\u00e9e.<\/li>\n<li>Plovdiv : la capitale viticole de l&rsquo;Europe pour les passionn\u00e9s.<\/li>\n<li>La Rioja et Bordeaux : destinations incontournables pour les amoureux du vin.<\/li>\n<li>Gastronomie et culture : un voyage sensoriel \u00e0 travers l&rsquo;Europe.<\/li>\n<\/ul>\n","protected":false},"excerpt":{"rendered":"","protected":false},"author":34,"featured_media":20154,"comment_status":"open","ping_status":"open","sticky":false,"template":"","format":"standard","meta":{"_acf_changed":false,"manual_indexmenow":false,"indexmenow_id_project":0,"footnotes":""},"categories":[1],"tags":[4636,4535,4528,4769,4526],"class_list":["post-16793","post","type-post","status-publish","format-standard","has-post-thumbnail","hentry","category-a-la-une","tag-destinations","tag-gastronomie-locale","tag-hebergement-abordable","tag-immersion-culturelle","tag-voyage-economique","generate-columns","tablet-grid-50","mobile-grid-100","grid-parent","grid-25"],"acf":[],"yoast_head":"<!-- This site is optimized with the Yoast SEO Premium plugin v21.3 (Yoast SEO v25.1) - https:\/\/yoast.com\/wordpress\/plugins\/seo\/ -->\n<title>D\u00e9couvrez le nouvel h\u00f4tel carib\u00e9en de Rafael Nadal et les<\/title>\n<meta name=\"description\" content=\"Son dernier projet, le Zel Punta Cana, est un h\u00f4tel de luxe situ\u00e9 en R\u00e9publique dominicaine, con\u00e7u pour offrir une exp\u00e9rience inoubliable. Avec 190\" \/>\n<meta name=\"robots\" content=\"index, follow, max-snippet:-1, max-image-preview:large, max-video-preview:-1\" \/>\n<link rel=\"canonical\" href=\"https:\/\/voyage-aventure.com\/blog\/a-la-une\/decouvrez-le-nouvel-hotel-caribeen-de-rafael-nadal-et-les-meilleures-destinations-viticoles\/\" \/>\n<meta property=\"og:locale\" content=\"fr_FR\" \/>\n<meta property=\"og:type\" content=\"article\" \/>\n<meta property=\"og:title\" content=\"D\u00e9couvrez le nouvel h\u00f4tel carib\u00e9en de Rafael Nadal et les\" \/>\n<meta property=\"og:description\" content=\"Son dernier projet, le Zel Punta Cana, est un h\u00f4tel de luxe situ\u00e9 en R\u00e9publique dominicaine, con\u00e7u pour offrir une exp\u00e9rience inoubliable. Avec 190\" \/>\n<meta property=\"og:url\" content=\"https:\/\/voyage-aventure.com\/blog\/a-la-une\/decouvrez-le-nouvel-hotel-caribeen-de-rafael-nadal-et-les-meilleures-destinations-viticoles\/\" \/>\n<meta property=\"og:site_name\" content=\"voyage-aventure\" \/>\n<meta property=\"og:image\" content=\"https:\/\/voyage-aventure.com\/blog\/wp-content\/uploads\/2025\/05\/sdxl-f9d645d07bc03f6e80b84bd17d018e01-scaled.png\" \/>\n\t<meta property=\"og:image:width\" content=\"1200\" \/>\n\t<meta property=\"og:image:height\" content=\"500\" \/>\n\t<meta property=\"og:image:type\" content=\"image\/png\" \/>\n<meta name=\"author\" content=\"Camille Rouvray\" \/>\n<meta name=\"twitter:card\" content=\"summary_large_image\" \/>\n<script type=\"application\/ld+json\" class=\"yoast-schema-graph\">{\"@context\":\"https:\/\/schema.org\",\"@graph\":[{\"@type\":\"NewsArticle\",\"@id\":\"https:\/\/voyage-aventure.com\/blog\/a-la-une\/decouvrez-le-nouvel-hotel-caribeen-de-rafael-nadal-et-les-meilleures-destinations-viticoles\/#article\",\"isPartOf\":{\"@id\":\"https:\/\/voyage-aventure.com\/blog\/a-la-une\/decouvrez-le-nouvel-hotel-caribeen-de-rafael-nadal-et-les-meilleures-destinations-viticoles\/\"},\"author\":{\"name\":\"Camille Rouvray\",\"@id\":\"https:\/\/voyage-aventure.com\/blog\/#\/schema\/person\/3c864cdc320801e3db34b663e7e3f816\"},\"headline\":\"D\u00e9couvrez le nouvel h\u00f4tel carib\u00e9en de Rafael Nadal et les meilleures destinations viticoles\",\"datePublished\":\"2025-03-28T14:46:15+00:00\",\"mainEntityOfPage\":{\"@id\":\"https:\/\/voyage-aventure.com\/blog\/a-la-une\/decouvrez-le-nouvel-hotel-caribeen-de-rafael-nadal-et-les-meilleures-destinations-viticoles\/\"},\"wordCount\":476,\"commentCount\":20,\"publisher\":{\"@id\":\"https:\/\/voyage-aventure.com\/blog\/#organization\"},\"image\":{\"@id\":\"https:\/\/voyage-aventure.com\/blog\/a-la-une\/decouvrez-le-nouvel-hotel-caribeen-de-rafael-nadal-et-les-meilleures-destinations-viticoles\/#primaryimage\"},\"thumbnailUrl\":\"https:\/\/voyage-aventure.com\/blog\/wp-content\/uploads\/2025\/05\/sdxl-f9d645d07bc03f6e80b84bd17d018e01-scaled.png\",\"keywords\":[\"Destinations\",\"Gastronomie Locale\",\"H\u00e9bergement Abordable\",\"Immersion Culturelle\",\"Voyage \u00c9conomique\"],\"articleSection\":[\"\u00c0 la une\"],\"inLanguage\":\"fr-FR\",\"potentialAction\":[{\"@type\":\"CommentAction\",\"name\":\"Comment\",\"target\":[\"https:\/\/voyage-aventure.com\/blog\/a-la-une\/decouvrez-le-nouvel-hotel-caribeen-de-rafael-nadal-et-les-meilleures-destinations-viticoles\/#respond\"]}]},{\"@type\":\"WebPage\",\"@id\":\"https:\/\/voyage-aventure.com\/blog\/a-la-une\/decouvrez-le-nouvel-hotel-caribeen-de-rafael-nadal-et-les-meilleures-destinations-viticoles\/\",\"url\":\"https:\/\/voyage-aventure.com\/blog\/a-la-une\/decouvrez-le-nouvel-hotel-caribeen-de-rafael-nadal-et-les-meilleures-destinations-viticoles\/\",\"name\":\"D\u00e9couvrez le nouvel h\u00f4tel carib\u00e9en de Rafael Nadal et les\",\"isPartOf\":{\"@id\":\"https:\/\/voyage-aventure.com\/blog\/#website\"},\"primaryImageOfPage\":{\"@id\":\"https:\/\/voyage-aventure.com\/blog\/a-la-une\/decouvrez-le-nouvel-hotel-caribeen-de-rafael-nadal-et-les-meilleures-destinations-viticoles\/#primaryimage\"},\"image\":{\"@id\":\"https:\/\/voyage-aventure.com\/blog\/a-la-une\/decouvrez-le-nouvel-hotel-caribeen-de-rafael-nadal-et-les-meilleures-destinations-viticoles\/#primaryimage\"},\"thumbnailUrl\":\"https:\/\/voyage-aventure.com\/blog\/wp-content\/uploads\/2025\/05\/sdxl-f9d645d07bc03f6e80b84bd17d018e01-scaled.png\",\"datePublished\":\"2025-03-28T14:46:15+00:00\",\"description\":\"Son dernier projet, le Zel Punta Cana, est un h\u00f4tel de luxe situ\u00e9 en R\u00e9publique dominicaine, con\u00e7u pour offrir une exp\u00e9rience inoubliable. Avec 190\",\"inLanguage\":\"fr-FR\",\"potentialAction\":[{\"@type\":\"ReadAction\",\"target\":[\"https:\/\/voyage-aventure.com\/blog\/a-la-une\/decouvrez-le-nouvel-hotel-caribeen-de-rafael-nadal-et-les-meilleures-destinations-viticoles\/\"]}]},{\"@type\":\"ImageObject\",\"inLanguage\":\"fr-FR\",\"@id\":\"https:\/\/voyage-aventure.com\/blog\/a-la-une\/decouvrez-le-nouvel-hotel-caribeen-de-rafael-nadal-et-les-meilleures-destinations-viticoles\/#primaryimage\",\"url\":\"https:\/\/voyage-aventure.com\/blog\/wp-content\/uploads\/2025\/05\/sdxl-f9d645d07bc03f6e80b84bd17d018e01-scaled.png\",\"contentUrl\":\"https:\/\/voyage-aventure.com\/blog\/wp-content\/uploads\/2025\/05\/sdxl-f9d645d07bc03f6e80b84bd17d018e01-scaled.png\",\"width\":1200,\"height\":500},{\"@type\":\"WebSite\",\"@id\":\"https:\/\/voyage-aventure.com\/blog\/#website\",\"url\":\"https:\/\/voyage-aventure.com\/blog\/\",\"name\":\"voyage-aventure.com\",\"description\":\"Votre passeport pour l\u2019inattendu.\",\"publisher\":{\"@id\":\"https:\/\/voyage-aventure.com\/blog\/#organization\"},\"alternateName\":\"Votre passeport pour l\u2019inattendu.\",\"potentialAction\":[{\"@type\":\"SearchAction\",\"target\":{\"@type\":\"EntryPoint\",\"urlTemplate\":\"https:\/\/voyage-aventure.com\/blog\/?s={search_term_string}\"},\"query-input\":{\"@type\":\"PropertyValueSpecification\",\"valueRequired\":true,\"valueName\":\"search_term_string\"}}],\"inLanguage\":\"fr-FR\"},{\"@type\":\"Organization\",\"@id\":\"https:\/\/voyage-aventure.com\/blog\/#organization\",\"name\":\"Foretsensations.fr\",\"url\":\"https:\/\/voyage-aventure.com\/blog\/\",\"logo\":{\"@type\":\"ImageObject\",\"inLanguage\":\"fr-FR\",\"@id\":\"https:\/\/voyage-aventure.com\/blog\/#\/schema\/logo\/image\/\",\"url\":\"https:\/\/voyage-aventure.com\/blog\/wp-content\/uploads\/2024\/12\/19.png\",\"contentUrl\":\"https:\/\/voyage-aventure.com\/blog\/wp-content\/uploads\/2024\/12\/19.png\",\"width\":512,\"height\":512,\"caption\":\"Foretsensations.fr\"},\"image\":{\"@id\":\"https:\/\/voyage-aventure.com\/blog\/#\/schema\/logo\/image\/\"}},{\"@type\":\"Person\",\"@id\":\"https:\/\/voyage-aventure.com\/blog\/#\/schema\/person\/3c864cdc320801e3db34b663e7e3f816\",\"name\":\"Camille Rouvray\",\"image\":{\"@type\":\"ImageObject\",\"inLanguage\":\"fr-FR\",\"@id\":\"https:\/\/voyage-aventure.com\/blog\/#\/schema\/person\/image\/\",\"url\":\"https:\/\/voyage-aventure.com\/blog\/wp-content\/uploads\/2026\/06\/persona_camille-r-96x96.jpg\",\"contentUrl\":\"https:\/\/voyage-aventure.com\/blog\/wp-content\/uploads\/2026\/06\/persona_camille-r-96x96.jpg\",\"caption\":\"Camille Rouvray\"},\"description\":\"Je voyage et j'\u00e9cris sur le voyage depuis une douzaine d'ann\u00e9es, d'abord en tant que routarde au long cours, puis comme r\u00e9dactrice sp\u00e9cialis\u00e9e. Mon terrain de pr\u00e9dilection, ce sont les circuits organis\u00e9s et l'art de bien pr\u00e9parer un itin\u00e9raire : choix de la saison, dur\u00e9e r\u00e9aliste des \u00e9tapes, budget jour par jour, logement et transport sur place. J'aime aussi raconter les p\u00e9pites urbaines, ces adresses qu'on ne trouve pas dans les guides classiques. Avant de publier un dossier destination, je croise toujours plusieurs sources, je v\u00e9rifie les tarifs et les formalit\u00e9s d'entr\u00e9e \u00e0 jour, et je teste moi-m\u00eame quand je le peux. Mon angle reste pratique avant tout : aider le lecteur \u00e0 partir l'esprit tranquille, sans mauvaise surprise une fois sur place. Je m'attache \u00e0 distinguer le coup de c\u0153ur sinc\u00e8re du simple argument marketing.\",\"sameAs\":[\"https:\/\/camillerouvray.fr\/\"],\"url\":\"https:\/\/voyage-aventure.com\/blog\/auteur\/noname\/\"}]}<\/script>\n<!-- \/ Yoast SEO Premium plugin. -->","yoast_head_json":{"title":"D\u00e9couvrez le nouvel h\u00f4tel carib\u00e9en de Rafael Nadal et les","description":"Son dernier projet, le Zel Punta Cana, est un h\u00f4tel de luxe situ\u00e9 en R\u00e9publique dominicaine, con\u00e7u pour offrir une exp\u00e9rience inoubliable. Avec 190","robots":{"index":"index","follow":"follow","max-snippet":"max-snippet:-1","max-image-preview":"max-image-preview:large","max-video-preview":"max-video-preview:-1"},"canonical":"https:\/\/voyage-aventure.com\/blog\/a-la-une\/decouvrez-le-nouvel-hotel-caribeen-de-rafael-nadal-et-les-meilleures-destinations-viticoles\/","og_locale":"fr_FR","og_type":"article","og_title":"D\u00e9couvrez le nouvel h\u00f4tel carib\u00e9en de Rafael Nadal et les","og_description":"Son dernier projet, le Zel Punta Cana, est un h\u00f4tel de luxe situ\u00e9 en R\u00e9publique dominicaine, con\u00e7u pour offrir une exp\u00e9rience inoubliable. Avec 190","og_url":"https:\/\/voyage-aventure.com\/blog\/a-la-une\/decouvrez-le-nouvel-hotel-caribeen-de-rafael-nadal-et-les-meilleures-destinations-viticoles\/","og_site_name":"voyage-aventure","og_image":[{"width":1200,"height":500,"url":"https:\/\/voyage-aventure.com\/blog\/wp-content\/uploads\/2025\/05\/sdxl-f9d645d07bc03f6e80b84bd17d018e01-scaled.png","type":"image\/png"}],"author":"Camille Rouvray","twitter_card":"summary_large_image","schema":{"@context":"https:\/\/schema.org","@graph":[{"@type":"NewsArticle","@id":"https:\/\/voyage-aventure.com\/blog\/a-la-une\/decouvrez-le-nouvel-hotel-caribeen-de-rafael-nadal-et-les-meilleures-destinations-viticoles\/#article","isPartOf":{"@id":"https:\/\/voyage-aventure.com\/blog\/a-la-une\/decouvrez-le-nouvel-hotel-caribeen-de-rafael-nadal-et-les-meilleures-destinations-viticoles\/"},"author":{"name":"Camille Rouvray","@id":"https:\/\/voyage-aventure.com\/blog\/#\/schema\/person\/3c864cdc320801e3db34b663e7e3f816"},"headline":"D\u00e9couvrez le nouvel h\u00f4tel carib\u00e9en de Rafael Nadal et les meilleures destinations viticoles","datePublished":"2025-03-28T14:46:15+00:00","mainEntityOfPage":{"@id":"https:\/\/voyage-aventure.com\/blog\/a-la-une\/decouvrez-le-nouvel-hotel-caribeen-de-rafael-nadal-et-les-meilleures-destinations-viticoles\/"},"wordCount":476,"commentCount":20,"publisher":{"@id":"https:\/\/voyage-aventure.com\/blog\/#organization"},"image":{"@id":"https:\/\/voyage-aventure.com\/blog\/a-la-une\/decouvrez-le-nouvel-hotel-caribeen-de-rafael-nadal-et-les-meilleures-destinations-viticoles\/#primaryimage"},"thumbnailUrl":"https:\/\/voyage-aventure.com\/blog\/wp-content\/uploads\/2025\/05\/sdxl-f9d645d07bc03f6e80b84bd17d018e01-scaled.png","keywords":["Destinations","Gastronomie Locale","H\u00e9bergement Abordable","Immersion Culturelle","Voyage \u00c9conomique"],"articleSection":["\u00c0 la une"],"inLanguage":"fr-FR","potentialAction":[{"@type":"CommentAction","name":"Comment","target":["https:\/\/voyage-aventure.com\/blog\/a-la-une\/decouvrez-le-nouvel-hotel-caribeen-de-rafael-nadal-et-les-meilleures-destinations-viticoles\/#respond"]}]},{"@type":"WebPage","@id":"https:\/\/voyage-aventure.com\/blog\/a-la-une\/decouvrez-le-nouvel-hotel-caribeen-de-rafael-nadal-et-les-meilleures-destinations-viticoles\/","url":"https:\/\/voyage-aventure.com\/blog\/a-la-une\/decouvrez-le-nouvel-hotel-caribeen-de-rafael-nadal-et-les-meilleures-destinations-viticoles\/","name":"D\u00e9couvrez le nouvel h\u00f4tel carib\u00e9en de Rafael Nadal et les","isPartOf":{"@id":"https:\/\/voyage-aventure.com\/blog\/#website"},"primaryImageOfPage":{"@id":"https:\/\/voyage-aventure.com\/blog\/a-la-une\/decouvrez-le-nouvel-hotel-caribeen-de-rafael-nadal-et-les-meilleures-destinations-viticoles\/#primaryimage"},"image":{"@id":"https:\/\/voyage-aventure.com\/blog\/a-la-une\/decouvrez-le-nouvel-hotel-caribeen-de-rafael-nadal-et-les-meilleures-destinations-viticoles\/#primaryimage"},"thumbnailUrl":"https:\/\/voyage-aventure.com\/blog\/wp-content\/uploads\/2025\/05\/sdxl-f9d645d07bc03f6e80b84bd17d018e01-scaled.png","datePublished":"2025-03-28T14:46:15+00:00","description":"Son dernier projet, le Zel Punta Cana, est un h\u00f4tel de luxe situ\u00e9 en R\u00e9publique dominicaine, con\u00e7u pour offrir une exp\u00e9rience inoubliable. Avec 190","inLanguage":"fr-FR","potentialAction":[{"@type":"ReadAction","target":["https:\/\/voyage-aventure.com\/blog\/a-la-une\/decouvrez-le-nouvel-hotel-caribeen-de-rafael-nadal-et-les-meilleures-destinations-viticoles\/"]}]},{"@type":"ImageObject","inLanguage":"fr-FR","@id":"https:\/\/voyage-aventure.com\/blog\/a-la-une\/decouvrez-le-nouvel-hotel-caribeen-de-rafael-nadal-et-les-meilleures-destinations-viticoles\/#primaryimage","url":"https:\/\/voyage-aventure.com\/blog\/wp-content\/uploads\/2025\/05\/sdxl-f9d645d07bc03f6e80b84bd17d018e01-scaled.png","contentUrl":"https:\/\/voyage-aventure.com\/blog\/wp-content\/uploads\/2025\/05\/sdxl-f9d645d07bc03f6e80b84bd17d018e01-scaled.png","width":1200,"height":500},{"@type":"WebSite","@id":"https:\/\/voyage-aventure.com\/blog\/#website","url":"https:\/\/voyage-aventure.com\/blog\/","name":"voyage-aventure.com","description":"Votre passeport pour l\u2019inattendu.","publisher":{"@id":"https:\/\/voyage-aventure.com\/blog\/#organization"},"alternateName":"Votre passeport pour l\u2019inattendu.","potentialAction":[{"@type":"SearchAction","target":{"@type":"EntryPoint","urlTemplate":"https:\/\/voyage-aventure.com\/blog\/?s={search_term_string}"},"query-input":{"@type":"PropertyValueSpecification","valueRequired":true,"valueName":"search_term_string"}}],"inLanguage":"fr-FR"},{"@type":"Organization","@id":"https:\/\/voyage-aventure.com\/blog\/#organization","name":"Foretsensations.fr","url":"https:\/\/voyage-aventure.com\/blog\/","logo":{"@type":"ImageObject","inLanguage":"fr-FR","@id":"https:\/\/voyage-aventure.com\/blog\/#\/schema\/logo\/image\/","url":"https:\/\/voyage-aventure.com\/blog\/wp-content\/uploads\/2024\/12\/19.png","contentUrl":"https:\/\/voyage-aventure.com\/blog\/wp-content\/uploads\/2024\/12\/19.png","width":512,"height":512,"caption":"Foretsensations.fr"},"image":{"@id":"https:\/\/voyage-aventure.com\/blog\/#\/schema\/logo\/image\/"}},{"@type":"Person","@id":"https:\/\/voyage-aventure.com\/blog\/#\/schema\/person\/3c864cdc320801e3db34b663e7e3f816","name":"Camille Rouvray","image":{"@type":"ImageObject","inLanguage":"fr-FR","@id":"https:\/\/voyage-aventure.com\/blog\/#\/schema\/person\/image\/","url":"https:\/\/voyage-aventure.com\/blog\/wp-content\/uploads\/2026\/06\/persona_camille-r-96x96.jpg","contentUrl":"https:\/\/voyage-aventure.com\/blog\/wp-content\/uploads\/2026\/06\/persona_camille-r-96x96.jpg","caption":"Camille Rouvray"},"description":"Je voyage et j'\u00e9cris sur le voyage depuis une douzaine d'ann\u00e9es, d'abord en tant que routarde au long cours, puis comme r\u00e9dactrice sp\u00e9cialis\u00e9e. Mon terrain de pr\u00e9dilection, ce sont les circuits organis\u00e9s et l'art de bien pr\u00e9parer un itin\u00e9raire : choix de la saison, dur\u00e9e r\u00e9aliste des \u00e9tapes, budget jour par jour, logement et transport sur place. J'aime aussi raconter les p\u00e9pites urbaines, ces adresses qu'on ne trouve pas dans les guides classiques. Avant de publier un dossier destination, je croise toujours plusieurs sources, je v\u00e9rifie les tarifs et les formalit\u00e9s d'entr\u00e9e \u00e0 jour, et je teste moi-m\u00eame quand je le peux. Mon angle reste pratique avant tout : aider le lecteur \u00e0 partir l'esprit tranquille, sans mauvaise surprise une fois sur place. Je m'attache \u00e0 distinguer le coup de c\u0153ur sinc\u00e8re du simple argument marketing.","sameAs":["https:\/\/camillerouvray.fr\/"],"url":"https:\/\/voyage-aventure.com\/blog\/auteur\/noname\/"}]}},"_links":{"self":[{"href":"https:\/\/voyage-aventure.com\/blog\/wp-json\/wp\/v2\/posts\/16793","targetHints":{"allow":["GET"]}}],"collection":[{"href":"https:\/\/voyage-aventure.com\/blog\/wp-json\/wp\/v2\/posts"}],"about":[{"href":"https:\/\/voyage-aventure.com\/blog\/wp-json\/wp\/v2\/types\/post"}],"author":[{"embeddable":true,"href":"https:\/\/voyage-aventure.com\/blog\/wp-json\/wp\/v2\/users\/34"}],"replies":[{"embeddable":true,"href":"https:\/\/voyage-aventure.com\/blog\/wp-json\/wp\/v2\/comments?post=16793"}],"version-history":[{"count":1,"href":"https:\/\/voyage-aventure.com\/blog\/wp-json\/wp\/v2\/posts\/16793\/revisions"}],"predecessor-version":[{"id":16797,"href":"https:\/\/voyage-aventure.com\/blog\/wp-json\/wp\/v2\/posts\/16793\/revisions\/16797"}],"wp:featuredmedia":[{"embeddable":true,"href":"https:\/\/voyage-aventure.com\/blog\/wp-json\/wp\/v2\/media\/20154"}],"wp:attachment":[{"href":"https:\/\/voyage-aventure.com\/blog\/wp-json\/wp\/v2\/media?parent=16793"}],"wp:term":[{"taxonomy":"category","embeddable":true,"href":"https:\/\/voyage-aventure.com\/blog\/wp-json\/wp\/v2\/categories?post=16793"},{"taxonomy":"post_tag","embeddable":true,"href":"https:\/\/voyage-aventure.com\/blog\/wp-json\/wp\/v2\/tags?post=16793"}],"curies":[{"name":"wp","href":"https:\/\/api.w.org\/{rel}","templated":true}]}}