{"id":16790,"date":"2026-06-16T17:43:24","date_gmt":"2026-06-16T15:43:24","guid":{"rendered":"https:\/\/voyage-aventure.com\/blog\/?p=16790"},"modified":"2026-06-16T17:43:24","modified_gmt":"2026-06-16T15:43:24","slug":"decouvrez-la-sardaigne-au-printemps-escapade-magique-a-prix-doux","status":"publish","type":"post","link":"https:\/\/voyage-aventure.com\/blog\/a-la-une\/decouvrez-la-sardaigne-au-printemps-escapade-magique-a-prix-doux\/","title":{"rendered":"D\u00e9couvrez la sardaigne au printemps : escapade magique \u00e0 prix doux"},"content":{"rendered":"<link rel=\"stylesheet\" href=\"https:\/\/fonts.googleapis.com\/css2?family=Fraunces:opsz,wght@9..144,500;9..144,600;9..144,800;9..144,900&#038;family=Inter:wght@400;500;600;700&#038;family=JetBrains+Mono:wght@500;600&#038;display=swap\">\n<style>\n.sard-gl-wrap{font-family:'Inter',-apple-system,sans-serif;color:#1d2b2e;line-height:1.65;font-size:17px;max-width:860px;margin:0 auto}\n.sard-gl-wrap h2{font-family:'Fraunces',Georgia,serif;font-weight:800;font-size:clamp(25px,3.4vw,35px);letter-spacing:-.01em;color:#0f3a3e;margin:52px 0 18px;line-height:1.18}\n.sard-gl-wrap h3{font-family:'Fraunces',Georgia,serif;font-weight:600;font-size:clamp(20px,2.4vw,24px);color:#0f3a3e;margin:30px 0 12px}\n.sard-gl-wrap p{margin:0 0 18px}\n.sard-gl-lead{font-size:20px;line-height:1.55;color:#2a4044;font-family:'Fraunces',Georgia,serif;font-weight:500;margin:8px 0 30px}\n.sard-gl-kicker{display:inline-block;font-family:'JetBrains Mono',monospace;font-weight:600;font-size:12px;letter-spacing:.16em;text-transform:uppercase;color:#0a8f8f;margin-bottom:6px}\n.sard-gl-carnet{background:linear-gradient(160deg,#effbfa,#e2f4f3);border:1px solid #c5e8e6;border-left:5px solid #0a8f8f;border-radius:14px;padding:26px 26px 14px;margin:0 0 36px;box-shadow:0 1px 2px rgba(16,24,40,.05),0 14px 34px -20px rgba(10,143,143,.4)}\n.sard-gl-carnet .sard-gl-ct{font-family:'JetBrains Mono',monospace;font-size:12px;letter-spacing:.14em;text-transform:uppercase;color:#0a8f8f;font-weight:600;margin-bottom:16px}\n.sard-gl-cgrid{display:grid;grid-template-columns:repeat(auto-fit,minmax(150px,1fr));gap:16px}\n.sard-gl-citem{display:flex;flex-direction:column;gap:3px}\n.sard-gl-citem .sard-gl-lab{font-size:12px;font-weight:600;text-transform:uppercase;letter-spacing:.06em;color:#5a7a7c}\n.sard-gl-citem .sard-gl-val{font-family:'Fraunces',Georgia,serif;font-weight:600;font-size:16px;color:#13474b;line-height:1.35}\n.sard-gl-quote{font-family:'Fraunces',Georgia,serif;font-weight:500;font-style:italic;font-size:24px;line-height:1.4;color:#0f3a3e;border-left:4px solid #e0a93c;padding:6px 0 6px 22px;margin:30px 0}\n.sard-gl-grid{display:grid;grid-template-columns:repeat(auto-fit,minmax(230px,1fr));gap:22px;margin:24px 0}\n.sard-gl-card{background:#fff;border:1px solid #e1ebea;border-top:3px solid #0a8f8f;border-radius:12px;padding:22px;transition:.25s ease;box-shadow:0 1px 2px rgba(16,24,40,.05)}\n.sard-gl-card:hover{transform:translateY(-3px);box-shadow:0 1px 2px rgba(16,24,40,.06),0 16px 30px -18px rgba(10,143,143,.4);border-top-color:#e0a93c}\n.sard-gl-card .sard-gl-cn{font-family:'Fraunces',Georgia,serif;font-weight:600;font-size:19px;color:#0f3a3e;margin-bottom:7px}\n.sard-gl-card .sard-gl-cx{font-size:15px;color:#39504f;line-height:1.55}\n.sard-gl-tip{display:block;margin-top:12px;font-family:'JetBrains Mono',monospace;font-size:12.5px;color:#0a8f8f;font-weight:500}\n.sard-gl-tablewrap{border:1px solid #e1ebea;border-radius:12px;overflow:hidden;margin:24px 0;box-shadow:0 10px 26px -20px rgba(16,24,40,.35)}\n.sard-gl-table{width:100%;border-collapse:collapse;font-size:15px}\n.sard-gl-table th{background:#0f3a3e;color:#eafbfa;font-family:'JetBrains Mono',monospace;font-weight:600;font-size:12px;letter-spacing:.06em;text-transform:uppercase;text-align:left;padding:13px 16px}\n.sard-gl-table td{padding:13px 16px;border-top:1px solid #eef4f3;color:#2c4243}\n.sard-gl-table tr:nth-child(even) td{background:#f7fbfb}\n.sard-gl-table td:first-child{font-weight:600;color:#0f3a3e}\n.sard-gl-check{display:grid;grid-template-columns:repeat(auto-fit,minmax(240px,1fr));gap:20px;margin:24px 0}\n.sard-gl-col{border-radius:12px;padding:20px 22px;border:1px solid #e1ebea}\n.sard-gl-do{background:#f0faf8;border-left:4px solid #0a8f8f}\n.sard-gl-dont{background:#fdf6ee;border-left:4px solid #e0a93c}\n.sard-gl-col .sard-gl-ch{font-family:'JetBrains Mono',monospace;font-size:12px;letter-spacing:.08em;text-transform:uppercase;font-weight:600;margin-bottom:10px;color:#0f3a3e}\n.sard-gl-col ul{margin:0;padding-left:20px}\n.sard-gl-col li{margin-bottom:8px;font-size:15px;color:#33494a}\n.sard-gl-retenir{background:#0f3a3e;color:#e6f5f4;border-radius:14px;padding:26px 28px;margin:44px 0}\n.sard-gl-retenir .sard-gl-rt{font-family:'JetBrains Mono',monospace;font-size:12px;letter-spacing:.14em;text-transform:uppercase;color:#7fd4cf;font-weight:600;margin-bottom:14px}\n.sard-gl-retenir ul{margin:0;padding-left:20px}\n.sard-gl-retenir li{margin-bottom:10px;font-size:16px;line-height:1.5}\n.sard-gl-retenir li::marker{color:#e0a93c}\n.sard-gl-faq{margin:30px 0}\n.sard-gl-faq details{border:1px solid #e1ebea;border-radius:10px;padding:2px 18px;margin-bottom:12px;background:#fff;transition:.2s ease}\n.sard-gl-faq details[open]{border-color:#0a8f8f;box-shadow:0 12px 26px -20px rgba(10,143,143,.5)}\n.sard-gl-faq summary{font-family:'Fraunces',Georgia,serif;font-weight:600;font-size:17.5px;color:#0f3a3e;cursor:pointer;padding:14px 0;list-style:none}\n.sard-gl-faq summary::-webkit-details-marker{display:none}\n.sard-gl-faq summary::before{content:\"+\";color:#0a8f8f;font-weight:700;margin-right:11px;font-family:'JetBrains Mono',monospace}\n.sard-gl-faq details[open] summary::before{content:\"\u2013\"}\n.sard-gl-faq .sard-gl-a{padding:0 0 16px 23px;font-size:15.5px;color:#34494a;line-height:1.6}\n@media(max-width:640px){.sard-gl-wrap{font-size:16px}}\n\/*RENDERFIX2*\/.sard-gl-table th{color:#eef3f9!important}.sard-gl-table th p,.sard-gl-table th li,.sard-gl-table th strong,.sard-gl-table th em,.sard-gl-table th a,.sard-gl-table th span,.sard-gl-table th b,.sard-gl-table th td,.sard-gl-table th th,.sard-gl-table th h2,.sard-gl-table th h3,.sard-gl-table th h4{color:#eef3f9!important}.sard-gl-table th strong,.sard-gl-table th b{color:#ffffff!important}.sard-gl-retenir{color:#eef3f9!important}.sard-gl-retenir p,.sard-gl-retenir li,.sard-gl-retenir strong,.sard-gl-retenir em,.sard-gl-retenir a,.sard-gl-retenir span,.sard-gl-retenir b,.sard-gl-retenir td,.sard-gl-retenir th,.sard-gl-retenir h2,.sard-gl-retenir h3,.sard-gl-retenir h4{color:#eef3f9!important}.sard-gl-retenir strong,.sard-gl-retenir b{color:#ffffff!important}<\/style>\n<div class=\"sard-gl-wrap\">\n<span class=\"sard-gl-kicker\">Guide voyage \u00b7 Sardaigne<\/span><\/p>\n<div class=\"sard-gl-lead\">La Sardaigne au printemps, c&rsquo;est la M\u00e9diterran\u00e9e avant la foule : eaux turquoise, plages d\u00e9sertes et temp\u00e9ratures douces. Voici le carnet pratique pour organiser votre s\u00e9jour, savoir quand partir, comment vous y rendre et o\u00f9 poser vos valises.<\/div>\n<div class=\"sard-gl-carnet\">\n<div class=\"sard-gl-ct\">Carnet pratique \u2014 l&rsquo;essentiel<\/div>\n<div class=\"sard-gl-cgrid\">\n<div class=\"sard-gl-citem\"><span class=\"sard-gl-lab\">Meilleure p\u00e9riode<\/span><span class=\"sard-gl-val\">Printemps, jusqu&rsquo;en juin<\/span><\/div>\n<div class=\"sard-gl-citem\"><span class=\"sard-gl-lab\">Dur\u00e9e id\u00e9ale<\/span><span class=\"sard-gl-val\">5 jours minimum<\/span><\/div>\n<div class=\"sard-gl-citem\"><span class=\"sard-gl-lab\">Tarif \u00e9voqu\u00e9<\/span><span class=\"sard-gl-val\">D\u00e8s 175 \u20ac \/ pers.<\/span><\/div>\n<div class=\"sard-gl-citem\"><span class=\"sard-gl-lab\">Y aller<\/span><span class=\"sard-gl-val\">Vol depuis Paris, Nice, Lyon, Marseille<\/span><\/div>\n<div class=\"sard-gl-citem\"><span class=\"sard-gl-lab\">\u00c0 voir<\/span><span class=\"sard-gl-val\">Archipel de la Maddalena<\/span><\/div>\n<div class=\"sard-gl-citem\"><span class=\"sard-gl-lab\">Sur place<\/span><span class=\"sard-gl-val\">Voiture de location conseill\u00e9e<\/span><\/div>\n<\/div>\n<\/div>\n<h2>Un printemps en Sardaigne : une exp\u00e9rience inoubliable<\/h2>\n<p>Le printemps est une saison id\u00e9ale pour explorer la Sardaigne, une \u00eele m\u00e9diterran\u00e9enne r\u00e9put\u00e9e pour ses paysages \u00e0 couper le souffle et sa culture riche. Imaginez-vous en train de vous pr\u00e9lasser sur des plages de sable blanc, entour\u00e9 d&rsquo;eaux turquoises, le tout \u00e0 un prix accessible. Ce printemps, un voyage en Sardaigne s&rsquo;organise facilement : offrez-vous une escapade de 5 jours \u00e0 partir de 175 \u20ac par personne.<\/p>\n<p>S\u00e9journer au Palau Green Village, une r\u00e9sidence chaleureuse au nord-est de l&rsquo;\u00eele, vous permettra de profiter d&rsquo;un confort moderne tout en \u00e9tant \u00e0 proximit\u00e9 des plus belles plages. Avec une piscine ext\u00e9rieure et un cadre verdoyant, cet \u00e9tablissement est parfaitement not\u00e9 par les voyageurs, garantissant un s\u00e9jour en Sardaigne agr\u00e9able.<\/p>\n<div class=\"sard-gl-quote\">La Sardaigne au printemps, ce sont les Cara\u00efbes de l&rsquo;Europe sans la cohue de l&rsquo;\u00e9t\u00e9.<\/div>\n<h2>Pourquoi choisir la Sardaigne cette saison ?<\/h2>\n<p>La Sardaigne, souvent surnomm\u00e9e les \u00ab Cara\u00efbes de l&rsquo;Europe \u00bb, offre une multitude d&rsquo;activit\u00e9s en plein air. Au printemps, les temp\u00e9ratures sont douces, id\u00e9ales pour explorer ses paysages vari\u00e9s, des montagnes aux plages paradisiaques. Partez \u00e0 la d\u00e9couverte de l&rsquo;archipel de la Maddalena, un v\u00e9ritable joyau naturel o\u00f9 se m\u00ealent plages de r\u00eave et eaux cristallines.<\/p>\n<p>Par ailleurs, la gastronomie sarde est une autre raison de visiter l&rsquo;\u00eele. Des plats traditionnels comme le \u00ab porceddu \u00bb (cochon de lait r\u00f4ti) aux sp\u00e9cialit\u00e9s de fruits de mer, chaque repas devient une c\u00e9l\u00e9bration des saveurs locales. La convivialit\u00e9 des Sardes et leur passion pour la bonne cuisine rendront votre s\u00e9jour encore plus m\u00e9morable.<\/p>\n<div class=\"sard-gl-grid\">\n<div class=\"sard-gl-card\">\n<div class=\"sard-gl-cn\">Archipel de la Maddalena<\/div>\n<div class=\"sard-gl-cx\">Un chapelet d&rsquo;\u00eelots aux eaux cristallines, au large du nord-est de l&rsquo;\u00eele. Plages de r\u00eave et criques pr\u00e9serv\u00e9es.<span class=\"sard-gl-tip\">Au d\u00e9part de Palau en saison douce<\/span><\/div>\n<\/div>\n<div class=\"sard-gl-card\">\n<div class=\"sard-gl-cn\">Les plages turquoise<\/div>\n<div class=\"sard-gl-cx\">Sable blanc et eaux transparentes, le tout sans la foule estivale. Le printemps est la p\u00e9riode id\u00e9ale pour en profiter.<span class=\"sard-gl-tip\">Id\u00e9al au printemps<\/span><\/div>\n<\/div>\n<div class=\"sard-gl-card\">\n<div class=\"sard-gl-cn\">La table sarde<\/div>\n<div class=\"sard-gl-cx\">Du porceddu aux fruits de mer, la cuisine de l&rsquo;\u00eele c\u00e9l\u00e8bre les produits locaux dans une ambiance conviviale.<span class=\"sard-gl-tip\">\u00c0 go\u00fbter sur place<\/span><\/div>\n<\/div>\n<\/div>\n<h2>Quand partir en Sardaigne ?<\/h2>\n<p>Le printemps reste la p\u00e9riode privil\u00e9gi\u00e9e pour un voyage en Sardaigne : temp\u00e9ratures douces, nature en fleurs et fr\u00e9quentation encore l\u00e9g\u00e8re. Voici comment se r\u00e9partissent les saisons sur l&rsquo;\u00eele.<\/p>\n<div class=\"sard-gl-tablewrap\">\n<table class=\"sard-gl-table\">\n<tr>\n<th>Saison<\/th>\n<th>Ambiance<\/th>\n<th>Bon \u00e0 savoir<\/th>\n<\/tr>\n<tr>\n<td>Printemps<\/td>\n<td>Douce, fleurie, peu de monde<\/td>\n<td>P\u00e9riode id\u00e9ale, dates flexibles jusqu&rsquo;en juin<\/td>\n<\/tr>\n<tr>\n<td>\u00c9t\u00e9<\/td>\n<td>Chaude, baln\u00e9aire, tr\u00e8s fr\u00e9quent\u00e9e<\/td>\n<td>Plages bond\u00e9es et tarifs plus \u00e9lev\u00e9s<\/td>\n<\/tr>\n<tr>\n<td>Automne<\/td>\n<td>Lumineuse, mer encore ti\u00e8de<\/td>\n<td>Septembre prolonge la saison des plages<\/td>\n<\/tr>\n<tr>\n<td>Hiver<\/td>\n<td>Calme, plus fra\u00eeche<\/td>\n<td>Pour la randonn\u00e9e et la culture, pas la baignade<\/td>\n<\/tr>\n<\/table>\n<\/div>\n<h2>Les offres \u00e0 ne pas manquer<\/h2>\n<p>Pour profiter au maximum de votre s\u00e9jour, voici quelques options \u00e0 consid\u00e9rer pour composer votre voyage en Sardaigne :<\/p>\n<ul>\n<li>S\u00e9jour \u00e0 Palau Green Village avec piscine ext\u00e9rieure<\/li>\n<li>Vols A\/R inclus depuis plusieurs villes fran\u00e7aises<\/li>\n<li>Possibilit\u00e9 de louer une voiture pour explorer l&rsquo;\u00eele<\/li>\n<li>Des dates flexibles allant jusqu&rsquo;en juin<\/li>\n<\/ul>\n<p>Les offres de printemps sont souvent limit\u00e9es dans le temps, alors n&rsquo;h\u00e9sitez pas \u00e0 r\u00e9server rapidement.<\/p>\n<div class=\"sard-gl-quote\">\u00ab Le temps est un tr\u00e9sor pr\u00e9cieux, ne le gaspillez pas. \u00bb Votre aventure en Sardaigne vous attend.<\/div>\n<h2>O\u00f9 se loger et comment s&rsquo;y rendre<\/h2>\n<p>Un s\u00e9jour en Sardaigne se pr\u00e9pare autour de deux questions simples : comment rejoindre l&rsquo;\u00eele et o\u00f9 \u00e9tablir son camp de base.<\/p>\n<h3>Comment aller en Sardaigne<\/h3>\n<p>Le plus pratique reste l&rsquo;avion, avec des d\u00e9parts possibles depuis Paris, Nice, Lyon et Marseille. Gardez \u00e0 l&rsquo;esprit que les prix peuvent fluctuer, il est donc pr\u00e9f\u00e9rable d&rsquo;anticiper votre r\u00e9servation. Une fois sur place, envisagez de louer une voiture \u00e0 votre arriv\u00e9e pour gagner en libert\u00e9.<\/p>\n<h3>O\u00f9 se loger en Sardaigne<\/h3>\n<p>Le nord-est de l&rsquo;\u00eele, autour de Palau, offre un excellent compromis : \u00e0 proximit\u00e9 des plus belles plages et de l&rsquo;archipel de la Maddalena. Le Palau Green Village, avec sa piscine ext\u00e9rieure et son cadre verdoyant, illustre bien ce type d&rsquo;h\u00e9bergement bien not\u00e9 et id\u00e9alement situ\u00e9 pour rayonner.<\/p>\n<h2>Pr\u00e9parez votre voyage en toute s\u00e9r\u00e9nit\u00e9<\/h2>\n<p>Avant de partir, il est essentiel de v\u00e9rifier les disponibilit\u00e9s des vols et des h\u00e9bergements. Avec des d\u00e9parts possibles depuis Paris, Nice, Lyon et Marseille, vous trouverez s\u00fbrement une option qui conviendra \u00e0 votre emploi du temps.<\/p>\n<p>Pour une exp\u00e9rience compl\u00e8te, louer une voiture \u00e0 votre arriv\u00e9e vous permettra de visiter des lieux moins accessibles et de d\u00e9couvrir les tr\u00e9sors cach\u00e9s de l&rsquo;\u00eele, comme des criques isol\u00e9es et des villages pittoresques. La libert\u00e9 d&rsquo;explorer \u00e0 votre rythme fera toute la diff\u00e9rence dans votre voyage.<\/p>\n<div class=\"sard-gl-check\">\n<div class=\"sard-gl-col sard-gl-do\">\n<div class=\"sard-gl-ch\">\u00c0 faire<\/div>\n<ul>\n<li>R\u00e9server t\u00f4t pour les meilleures dates<\/li>\n<li>Pr\u00e9voir une voiture de location<\/li>\n<li>Explorer la Maddalena depuis le nord-est<\/li>\n<li>Go\u00fbter la cuisine sarde locale<\/li>\n<\/ul>\n<\/div>\n<div class=\"sard-gl-col sard-gl-dont\">\n<div class=\"sard-gl-ch\">\u00c0 \u00e9viter<\/div>\n<ul>\n<li>Attendre la derni\u00e8re minute (offres limit\u00e9es)<\/li>\n<li>Rester cantonn\u00e9 \u00e0 une seule plage<\/li>\n<li>Sous-estimer les distances sur l&rsquo;\u00eele<\/li>\n<li>Viser l&rsquo;\u00e9t\u00e9 si vous fuyez la foule<\/li>\n<\/ul>\n<\/div>\n<\/div>\n<div class=\"sard-gl-retenir\">\n<div class=\"sard-gl-rt\">\u00c0 retenir<\/div>\n<ul>\n<li>Le printemps est la saison id\u00e9ale pour un voyage en Sardaigne : douceur, nature et peu de monde.<\/li>\n<li>Une escapade de 5 jours est \u00e9voqu\u00e9e \u00e0 partir de 175 \u20ac par personne.<\/li>\n<li>Vols possibles depuis Paris, Nice, Lyon et Marseille, dates flexibles jusqu&rsquo;en juin.<\/li>\n<li>Le nord-est (Palau, Palau Green Village) est une base id\u00e9ale pour rayonner.<\/li>\n<li>Une voiture de location ouvre l&rsquo;acc\u00e8s aux criques isol\u00e9es et villages pittoresques.<\/li>\n<\/ul>\n<\/div>\n<h2>Questions fr\u00e9quentes sur la Sardaigne<\/h2>\n<div class=\"sard-gl-faq\">\n<details>\n<summary>O\u00f9 se loger en Sardaigne ?<\/summary>\n<div class=\"sard-gl-a\">Le nord-est de l&rsquo;\u00eele, autour de Palau, est un excellent point de chute : on y est proche des plus belles plages et de l&rsquo;archipel de la Maddalena. Le Palau Green Village, avec sa piscine ext\u00e9rieure et son cadre verdoyant, est un exemple d&rsquo;h\u00e9bergement bien not\u00e9 et bien situ\u00e9.<\/div>\n<\/details>\n<details>\n<summary>Comment faire pour aller en Sardaigne ?<\/summary>\n<div class=\"sard-gl-a\">Le moyen le plus simple est l&rsquo;avion, avec des d\u00e9parts depuis plusieurs villes fran\u00e7aises comme Paris, Nice, Lyon et Marseille. Les tarifs pouvant fluctuer, mieux vaut anticiper sa r\u00e9servation, puis envisager une voiture de location sur place.<\/div>\n<\/details>\n<details>\n<summary>O\u00f9 aller en Sardaigne en septembre ?<\/summary>\n<div class=\"sard-gl-a\">L&rsquo;automne, et septembre en particulier, prolonge la belle saison : la mer reste ti\u00e8de et les plages se vident. Les c\u00f4tes et l&rsquo;archipel de la Maddalena restent des valeurs s\u00fbres, dans une ambiance plus calme qu&rsquo;en plein \u00e9t\u00e9.<\/div>\n<\/details>\n<details>\n<summary>Quand partir en Sardaigne ?<\/summary>\n<div class=\"sard-gl-a\">Le printemps, avec des dates flexibles jusqu&rsquo;en juin, offre le meilleur compromis : temp\u00e9ratures douces, paysages vari\u00e9s et faible affluence. L&rsquo;\u00e9t\u00e9 est plus chaud et plus fr\u00e9quent\u00e9, tandis que l&rsquo;automne prolonge la saison des plages.<\/div>\n<\/details>\n<\/div>\n<\/div>\n","protected":false},"excerpt":{"rendered":"","protected":false},"author":34,"featured_media":18050,"comment_status":"open","ping_status":"open","sticky":false,"template":"","format":"standard","meta":{"_acf_changed":false,"manual_indexmenow":false,"indexmenow_id_project":0,"footnotes":""},"categories":[1],"tags":[4542,4530,4535,4528,4526],"class_list":["post-16790","post","type-post","status-publish","format-standard","has-post-thumbnail","hentry","category-a-la-une","tag-activites-de-plein-air","tag-escapade-en-europe","tag-gastronomie-locale","tag-hebergement-abordable","tag-voyage-economique","generate-columns","tablet-grid-50","mobile-grid-100","grid-parent","grid-25"],"acf":[],"yoast_head":"<!-- This site is optimized with the Yoast SEO Premium plugin v21.3 (Yoast SEO v25.1) - https:\/\/yoast.com\/wordpress\/plugins\/seo\/ -->\n<title>D\u00e9couvrez la sardaigne au printemps : escapade magique \u00e0<\/title>\n<meta name=\"description\" content=\"La Sardaigne au printemps, c&#039;est la M\u00e9diterran\u00e9e avant la foule : eaux turquoise, plages d\u00e9sertes et temp\u00e9ratures douces. Voici le carnet pratique pour\" \/>\n<meta name=\"robots\" content=\"index, follow, max-snippet:-1, max-image-preview:large, max-video-preview:-1\" \/>\n<link rel=\"canonical\" href=\"https:\/\/voyage-aventure.com\/blog\/a-la-une\/decouvrez-la-sardaigne-au-printemps-escapade-magique-a-prix-doux\/\" \/>\n<meta property=\"og:locale\" content=\"fr_FR\" \/>\n<meta property=\"og:type\" content=\"article\" \/>\n<meta property=\"og:title\" content=\"D\u00e9couvrez la sardaigne au printemps : escapade magique \u00e0\" \/>\n<meta property=\"og:description\" content=\"La Sardaigne au printemps, c&#039;est la M\u00e9diterran\u00e9e avant la foule : eaux turquoise, plages d\u00e9sertes et temp\u00e9ratures douces. Voici le carnet pratique pour\" \/>\n<meta property=\"og:url\" content=\"https:\/\/voyage-aventure.com\/blog\/a-la-une\/decouvrez-la-sardaigne-au-printemps-escapade-magique-a-prix-doux\/\" \/>\n<meta property=\"og:site_name\" content=\"voyage-aventure\" \/>\n<meta property=\"og:image\" content=\"https:\/\/voyage-aventure.com\/blog\/wp-content\/uploads\/2025\/04\/sdxl-c3309a84581ecf58c369fa4acfd76f2f.png\" \/>\n\t<meta property=\"og:image:width\" content=\"1200\" \/>\n\t<meta property=\"og:image:height\" content=\"500\" \/>\n\t<meta property=\"og:image:type\" content=\"image\/png\" \/>\n<meta name=\"author\" content=\"Camille Rouvray\" \/>\n<meta name=\"twitter:card\" content=\"summary_large_image\" \/>\n<script type=\"application\/ld+json\" class=\"yoast-schema-graph\">{\"@context\":\"https:\/\/schema.org\",\"@graph\":[{\"@type\":\"NewsArticle\",\"@id\":\"https:\/\/voyage-aventure.com\/blog\/a-la-une\/decouvrez-la-sardaigne-au-printemps-escapade-magique-a-prix-doux\/#article\",\"isPartOf\":{\"@id\":\"https:\/\/voyage-aventure.com\/blog\/a-la-une\/decouvrez-la-sardaigne-au-printemps-escapade-magique-a-prix-doux\/\"},\"author\":{\"name\":\"Camille Rouvray\",\"@id\":\"https:\/\/voyage-aventure.com\/blog\/#\/schema\/person\/3c864cdc320801e3db34b663e7e3f816\"},\"headline\":\"D\u00e9couvrez la sardaigne au printemps : escapade magique \u00e0 prix doux\",\"datePublished\":\"2026-06-16T15:43:24+00:00\",\"mainEntityOfPage\":{\"@id\":\"https:\/\/voyage-aventure.com\/blog\/a-la-une\/decouvrez-la-sardaigne-au-printemps-escapade-magique-a-prix-doux\/\"},\"wordCount\":1253,\"commentCount\":25,\"publisher\":{\"@id\":\"https:\/\/voyage-aventure.com\/blog\/#organization\"},\"image\":{\"@id\":\"https:\/\/voyage-aventure.com\/blog\/a-la-une\/decouvrez-la-sardaigne-au-printemps-escapade-magique-a-prix-doux\/#primaryimage\"},\"thumbnailUrl\":\"https:\/\/voyage-aventure.com\/blog\/wp-content\/uploads\/2025\/04\/sdxl-c3309a84581ecf58c369fa4acfd76f2f.png\",\"keywords\":[\"Activit\u00e9s de Plein Air\",\"Escapade en Europe\",\"Gastronomie Locale\",\"H\u00e9bergement Abordable\",\"Voyage \u00c9conomique\"],\"articleSection\":[\"\u00c0 la une\"],\"inLanguage\":\"fr-FR\",\"potentialAction\":[{\"@type\":\"CommentAction\",\"name\":\"Comment\",\"target\":[\"https:\/\/voyage-aventure.com\/blog\/a-la-une\/decouvrez-la-sardaigne-au-printemps-escapade-magique-a-prix-doux\/#respond\"]}]},{\"@type\":\"WebPage\",\"@id\":\"https:\/\/voyage-aventure.com\/blog\/a-la-une\/decouvrez-la-sardaigne-au-printemps-escapade-magique-a-prix-doux\/\",\"url\":\"https:\/\/voyage-aventure.com\/blog\/a-la-une\/decouvrez-la-sardaigne-au-printemps-escapade-magique-a-prix-doux\/\",\"name\":\"D\u00e9couvrez la sardaigne au printemps : escapade magique \u00e0\",\"isPartOf\":{\"@id\":\"https:\/\/voyage-aventure.com\/blog\/#website\"},\"primaryImageOfPage\":{\"@id\":\"https:\/\/voyage-aventure.com\/blog\/a-la-une\/decouvrez-la-sardaigne-au-printemps-escapade-magique-a-prix-doux\/#primaryimage\"},\"image\":{\"@id\":\"https:\/\/voyage-aventure.com\/blog\/a-la-une\/decouvrez-la-sardaigne-au-printemps-escapade-magique-a-prix-doux\/#primaryimage\"},\"thumbnailUrl\":\"https:\/\/voyage-aventure.com\/blog\/wp-content\/uploads\/2025\/04\/sdxl-c3309a84581ecf58c369fa4acfd76f2f.png\",\"datePublished\":\"2026-06-16T15:43:24+00:00\",\"description\":\"La Sardaigne au printemps, c'est la M\u00e9diterran\u00e9e avant la foule : eaux turquoise, plages d\u00e9sertes et temp\u00e9ratures douces. Voici le carnet pratique pour\",\"inLanguage\":\"fr-FR\",\"potentialAction\":[{\"@type\":\"ReadAction\",\"target\":[\"https:\/\/voyage-aventure.com\/blog\/a-la-une\/decouvrez-la-sardaigne-au-printemps-escapade-magique-a-prix-doux\/\"]}]},{\"@type\":\"ImageObject\",\"inLanguage\":\"fr-FR\",\"@id\":\"https:\/\/voyage-aventure.com\/blog\/a-la-une\/decouvrez-la-sardaigne-au-printemps-escapade-magique-a-prix-doux\/#primaryimage\",\"url\":\"https:\/\/voyage-aventure.com\/blog\/wp-content\/uploads\/2025\/04\/sdxl-c3309a84581ecf58c369fa4acfd76f2f.png\",\"contentUrl\":\"https:\/\/voyage-aventure.com\/blog\/wp-content\/uploads\/2025\/04\/sdxl-c3309a84581ecf58c369fa4acfd76f2f.png\",\"width\":1536,\"height\":640},{\"@type\":\"WebSite\",\"@id\":\"https:\/\/voyage-aventure.com\/blog\/#website\",\"url\":\"https:\/\/voyage-aventure.com\/blog\/\",\"name\":\"voyage-aventure.com\",\"description\":\"Votre passeport pour l\u2019inattendu.\",\"publisher\":{\"@id\":\"https:\/\/voyage-aventure.com\/blog\/#organization\"},\"alternateName\":\"Votre passeport pour l\u2019inattendu.\",\"potentialAction\":[{\"@type\":\"SearchAction\",\"target\":{\"@type\":\"EntryPoint\",\"urlTemplate\":\"https:\/\/voyage-aventure.com\/blog\/?s={search_term_string}\"},\"query-input\":{\"@type\":\"PropertyValueSpecification\",\"valueRequired\":true,\"valueName\":\"search_term_string\"}}],\"inLanguage\":\"fr-FR\"},{\"@type\":\"Organization\",\"@id\":\"https:\/\/voyage-aventure.com\/blog\/#organization\",\"name\":\"Foretsensations.fr\",\"url\":\"https:\/\/voyage-aventure.com\/blog\/\",\"logo\":{\"@type\":\"ImageObject\",\"inLanguage\":\"fr-FR\",\"@id\":\"https:\/\/voyage-aventure.com\/blog\/#\/schema\/logo\/image\/\",\"url\":\"https:\/\/voyage-aventure.com\/blog\/wp-content\/uploads\/2024\/12\/19.png\",\"contentUrl\":\"https:\/\/voyage-aventure.com\/blog\/wp-content\/uploads\/2024\/12\/19.png\",\"width\":512,\"height\":512,\"caption\":\"Foretsensations.fr\"},\"image\":{\"@id\":\"https:\/\/voyage-aventure.com\/blog\/#\/schema\/logo\/image\/\"}},{\"@type\":\"Person\",\"@id\":\"https:\/\/voyage-aventure.com\/blog\/#\/schema\/person\/3c864cdc320801e3db34b663e7e3f816\",\"name\":\"Camille Rouvray\",\"image\":{\"@type\":\"ImageObject\",\"inLanguage\":\"fr-FR\",\"@id\":\"https:\/\/voyage-aventure.com\/blog\/#\/schema\/person\/image\/\",\"url\":\"https:\/\/voyage-aventure.com\/blog\/wp-content\/uploads\/2026\/06\/persona_camille-r-96x96.jpg\",\"contentUrl\":\"https:\/\/voyage-aventure.com\/blog\/wp-content\/uploads\/2026\/06\/persona_camille-r-96x96.jpg\",\"caption\":\"Camille Rouvray\"},\"description\":\"Je voyage et j'\u00e9cris sur le voyage depuis une douzaine d'ann\u00e9es, d'abord en tant que routarde au long cours, puis comme r\u00e9dactrice sp\u00e9cialis\u00e9e. Mon terrain de pr\u00e9dilection, ce sont les circuits organis\u00e9s et l'art de bien pr\u00e9parer un itin\u00e9raire : choix de la saison, dur\u00e9e r\u00e9aliste des \u00e9tapes, budget jour par jour, logement et transport sur place. J'aime aussi raconter les p\u00e9pites urbaines, ces adresses qu'on ne trouve pas dans les guides classiques. Avant de publier un dossier destination, je croise toujours plusieurs sources, je v\u00e9rifie les tarifs et les formalit\u00e9s d'entr\u00e9e \u00e0 jour, et je teste moi-m\u00eame quand je le peux. Mon angle reste pratique avant tout : aider le lecteur \u00e0 partir l'esprit tranquille, sans mauvaise surprise une fois sur place. Je m'attache \u00e0 distinguer le coup de c\u0153ur sinc\u00e8re du simple argument marketing.\",\"sameAs\":[\"https:\/\/camillerouvray.fr\/\"],\"url\":\"https:\/\/voyage-aventure.com\/blog\/auteur\/noname\/\"}]}<\/script>\n<!-- \/ Yoast SEO Premium plugin. -->","yoast_head_json":{"title":"D\u00e9couvrez la sardaigne au printemps : escapade magique \u00e0","description":"La Sardaigne au printemps, c'est la M\u00e9diterran\u00e9e avant la foule : eaux turquoise, plages d\u00e9sertes et temp\u00e9ratures douces. Voici le carnet pratique pour","robots":{"index":"index","follow":"follow","max-snippet":"max-snippet:-1","max-image-preview":"max-image-preview:large","max-video-preview":"max-video-preview:-1"},"canonical":"https:\/\/voyage-aventure.com\/blog\/a-la-une\/decouvrez-la-sardaigne-au-printemps-escapade-magique-a-prix-doux\/","og_locale":"fr_FR","og_type":"article","og_title":"D\u00e9couvrez la sardaigne au printemps : escapade magique \u00e0","og_description":"La Sardaigne au printemps, c'est la M\u00e9diterran\u00e9e avant la foule : eaux turquoise, plages d\u00e9sertes et temp\u00e9ratures douces. Voici le carnet pratique pour","og_url":"https:\/\/voyage-aventure.com\/blog\/a-la-une\/decouvrez-la-sardaigne-au-printemps-escapade-magique-a-prix-doux\/","og_site_name":"voyage-aventure","og_image":[{"url":"https:\/\/voyage-aventure.com\/blog\/wp-content\/uploads\/2025\/04\/sdxl-c3309a84581ecf58c369fa4acfd76f2f.png","width":1200,"height":500,"type":"image\/png"}],"author":"Camille Rouvray","twitter_card":"summary_large_image","schema":{"@context":"https:\/\/schema.org","@graph":[{"@type":"NewsArticle","@id":"https:\/\/voyage-aventure.com\/blog\/a-la-une\/decouvrez-la-sardaigne-au-printemps-escapade-magique-a-prix-doux\/#article","isPartOf":{"@id":"https:\/\/voyage-aventure.com\/blog\/a-la-une\/decouvrez-la-sardaigne-au-printemps-escapade-magique-a-prix-doux\/"},"author":{"name":"Camille Rouvray","@id":"https:\/\/voyage-aventure.com\/blog\/#\/schema\/person\/3c864cdc320801e3db34b663e7e3f816"},"headline":"D\u00e9couvrez la sardaigne au printemps : escapade magique \u00e0 prix doux","datePublished":"2026-06-16T15:43:24+00:00","mainEntityOfPage":{"@id":"https:\/\/voyage-aventure.com\/blog\/a-la-une\/decouvrez-la-sardaigne-au-printemps-escapade-magique-a-prix-doux\/"},"wordCount":1253,"commentCount":25,"publisher":{"@id":"https:\/\/voyage-aventure.com\/blog\/#organization"},"image":{"@id":"https:\/\/voyage-aventure.com\/blog\/a-la-une\/decouvrez-la-sardaigne-au-printemps-escapade-magique-a-prix-doux\/#primaryimage"},"thumbnailUrl":"https:\/\/voyage-aventure.com\/blog\/wp-content\/uploads\/2025\/04\/sdxl-c3309a84581ecf58c369fa4acfd76f2f.png","keywords":["Activit\u00e9s de Plein Air","Escapade en Europe","Gastronomie Locale","H\u00e9bergement Abordable","Voyage \u00c9conomique"],"articleSection":["\u00c0 la une"],"inLanguage":"fr-FR","potentialAction":[{"@type":"CommentAction","name":"Comment","target":["https:\/\/voyage-aventure.com\/blog\/a-la-une\/decouvrez-la-sardaigne-au-printemps-escapade-magique-a-prix-doux\/#respond"]}]},{"@type":"WebPage","@id":"https:\/\/voyage-aventure.com\/blog\/a-la-une\/decouvrez-la-sardaigne-au-printemps-escapade-magique-a-prix-doux\/","url":"https:\/\/voyage-aventure.com\/blog\/a-la-une\/decouvrez-la-sardaigne-au-printemps-escapade-magique-a-prix-doux\/","name":"D\u00e9couvrez la sardaigne au printemps : escapade magique \u00e0","isPartOf":{"@id":"https:\/\/voyage-aventure.com\/blog\/#website"},"primaryImageOfPage":{"@id":"https:\/\/voyage-aventure.com\/blog\/a-la-une\/decouvrez-la-sardaigne-au-printemps-escapade-magique-a-prix-doux\/#primaryimage"},"image":{"@id":"https:\/\/voyage-aventure.com\/blog\/a-la-une\/decouvrez-la-sardaigne-au-printemps-escapade-magique-a-prix-doux\/#primaryimage"},"thumbnailUrl":"https:\/\/voyage-aventure.com\/blog\/wp-content\/uploads\/2025\/04\/sdxl-c3309a84581ecf58c369fa4acfd76f2f.png","datePublished":"2026-06-16T15:43:24+00:00","description":"La Sardaigne au printemps, c'est la M\u00e9diterran\u00e9e avant la foule : eaux turquoise, plages d\u00e9sertes et temp\u00e9ratures douces. Voici le carnet pratique pour","inLanguage":"fr-FR","potentialAction":[{"@type":"ReadAction","target":["https:\/\/voyage-aventure.com\/blog\/a-la-une\/decouvrez-la-sardaigne-au-printemps-escapade-magique-a-prix-doux\/"]}]},{"@type":"ImageObject","inLanguage":"fr-FR","@id":"https:\/\/voyage-aventure.com\/blog\/a-la-une\/decouvrez-la-sardaigne-au-printemps-escapade-magique-a-prix-doux\/#primaryimage","url":"https:\/\/voyage-aventure.com\/blog\/wp-content\/uploads\/2025\/04\/sdxl-c3309a84581ecf58c369fa4acfd76f2f.png","contentUrl":"https:\/\/voyage-aventure.com\/blog\/wp-content\/uploads\/2025\/04\/sdxl-c3309a84581ecf58c369fa4acfd76f2f.png","width":1536,"height":640},{"@type":"WebSite","@id":"https:\/\/voyage-aventure.com\/blog\/#website","url":"https:\/\/voyage-aventure.com\/blog\/","name":"voyage-aventure.com","description":"Votre passeport pour l\u2019inattendu.","publisher":{"@id":"https:\/\/voyage-aventure.com\/blog\/#organization"},"alternateName":"Votre passeport pour l\u2019inattendu.","potentialAction":[{"@type":"SearchAction","target":{"@type":"EntryPoint","urlTemplate":"https:\/\/voyage-aventure.com\/blog\/?s={search_term_string}"},"query-input":{"@type":"PropertyValueSpecification","valueRequired":true,"valueName":"search_term_string"}}],"inLanguage":"fr-FR"},{"@type":"Organization","@id":"https:\/\/voyage-aventure.com\/blog\/#organization","name":"Foretsensations.fr","url":"https:\/\/voyage-aventure.com\/blog\/","logo":{"@type":"ImageObject","inLanguage":"fr-FR","@id":"https:\/\/voyage-aventure.com\/blog\/#\/schema\/logo\/image\/","url":"https:\/\/voyage-aventure.com\/blog\/wp-content\/uploads\/2024\/12\/19.png","contentUrl":"https:\/\/voyage-aventure.com\/blog\/wp-content\/uploads\/2024\/12\/19.png","width":512,"height":512,"caption":"Foretsensations.fr"},"image":{"@id":"https:\/\/voyage-aventure.com\/blog\/#\/schema\/logo\/image\/"}},{"@type":"Person","@id":"https:\/\/voyage-aventure.com\/blog\/#\/schema\/person\/3c864cdc320801e3db34b663e7e3f816","name":"Camille Rouvray","image":{"@type":"ImageObject","inLanguage":"fr-FR","@id":"https:\/\/voyage-aventure.com\/blog\/#\/schema\/person\/image\/","url":"https:\/\/voyage-aventure.com\/blog\/wp-content\/uploads\/2026\/06\/persona_camille-r-96x96.jpg","contentUrl":"https:\/\/voyage-aventure.com\/blog\/wp-content\/uploads\/2026\/06\/persona_camille-r-96x96.jpg","caption":"Camille Rouvray"},"description":"Je voyage et j'\u00e9cris sur le voyage depuis une douzaine d'ann\u00e9es, d'abord en tant que routarde au long cours, puis comme r\u00e9dactrice sp\u00e9cialis\u00e9e. Mon terrain de pr\u00e9dilection, ce sont les circuits organis\u00e9s et l'art de bien pr\u00e9parer un itin\u00e9raire : choix de la saison, dur\u00e9e r\u00e9aliste des \u00e9tapes, budget jour par jour, logement et transport sur place. J'aime aussi raconter les p\u00e9pites urbaines, ces adresses qu'on ne trouve pas dans les guides classiques. Avant de publier un dossier destination, je croise toujours plusieurs sources, je v\u00e9rifie les tarifs et les formalit\u00e9s d'entr\u00e9e \u00e0 jour, et je teste moi-m\u00eame quand je le peux. Mon angle reste pratique avant tout : aider le lecteur \u00e0 partir l'esprit tranquille, sans mauvaise surprise une fois sur place. Je m'attache \u00e0 distinguer le coup de c\u0153ur sinc\u00e8re du simple argument marketing.","sameAs":["https:\/\/camillerouvray.fr\/"],"url":"https:\/\/voyage-aventure.com\/blog\/auteur\/noname\/"}]}},"_links":{"self":[{"href":"https:\/\/voyage-aventure.com\/blog\/wp-json\/wp\/v2\/posts\/16790","targetHints":{"allow":["GET"]}}],"collection":[{"href":"https:\/\/voyage-aventure.com\/blog\/wp-json\/wp\/v2\/posts"}],"about":[{"href":"https:\/\/voyage-aventure.com\/blog\/wp-json\/wp\/v2\/types\/post"}],"author":[{"embeddable":true,"href":"https:\/\/voyage-aventure.com\/blog\/wp-json\/wp\/v2\/users\/34"}],"replies":[{"embeddable":true,"href":"https:\/\/voyage-aventure.com\/blog\/wp-json\/wp\/v2\/comments?post=16790"}],"version-history":[{"count":3,"href":"https:\/\/voyage-aventure.com\/blog\/wp-json\/wp\/v2\/posts\/16790\/revisions"}],"predecessor-version":[{"id":22987,"href":"https:\/\/voyage-aventure.com\/blog\/wp-json\/wp\/v2\/posts\/16790\/revisions\/22987"}],"wp:featuredmedia":[{"embeddable":true,"href":"https:\/\/voyage-aventure.com\/blog\/wp-json\/wp\/v2\/media\/18050"}],"wp:attachment":[{"href":"https:\/\/voyage-aventure.com\/blog\/wp-json\/wp\/v2\/media?parent=16790"}],"wp:term":[{"taxonomy":"category","embeddable":true,"href":"https:\/\/voyage-aventure.com\/blog\/wp-json\/wp\/v2\/categories?post=16790"},{"taxonomy":"post_tag","embeddable":true,"href":"https:\/\/voyage-aventure.com\/blog\/wp-json\/wp\/v2\/tags?post=16790"}],"curies":[{"name":"wp","href":"https:\/\/api.w.org\/{rel}","templated":true}]}}