{"id":16774,"date":"2026-06-16T17:42:45","date_gmt":"2026-06-16T15:42:45","guid":{"rendered":"https:\/\/voyage-aventure.com\/blog\/?p=16774"},"modified":"2026-06-16T17:42:45","modified_gmt":"2026-06-16T15:42:45","slug":"les-etudiants-internationaux-inquiets-face-a-des-interdictions-de-voyage-potentielles","status":"publish","type":"post","link":"https:\/\/voyage-aventure.com\/blog\/a-la-une\/les-etudiants-internationaux-inquiets-face-a-des-interdictions-de-voyage-potentielles\/","title":{"rendered":"Les \u00e9tudiants internationaux inquiets face \u00e0 des interdictions de voyage potentielles"},"content":{"rendered":"<link rel=\"stylesheet\" href=\"https:\/\/fonts.googleapis.com\/css2?family=Newsreader:ital,opsz,wght@0,6..72,500;0,6..72,700;1,6..72,500&#038;family=Inter:wght@400;500;600&#038;family=JetBrains+Mono:wght@500&#038;display=swap\">\n<style>\n.va-actu{--ink:#1b232b;--accent:#9c2b2e;--accentink:#7a2123;--surf:#f7f3ef;--line:#e4dbd2;font-family:\"Inter\",system-ui,sans-serif;color:var(--ink);line-height:1.65;font-size:17px}\n.va-actu h2{font-family:\"Newsreader\",Georgia,serif;font-weight:700;font-size:clamp(24px,3.2vw,33px);letter-spacing:-.01em;line-height:1.2;margin:46px 0 16px}\n.va-actu h3{font-family:\"Newsreader\",Georgia,serif;font-weight:700;font-size:clamp(19px,2.2vw,23px);margin:28px 0 10px}\n.va-actu p{margin:0 0 18px}\n.va-actu .va-actu-dateline{font-family:\"JetBrains Mono\",monospace;font-size:12.5px;letter-spacing:.06em;text-transform:uppercase;color:var(--accentink);margin:0 0 14px}\n.va-actu .va-actu-lead{font-family:\"Newsreader\",Georgia,serif;font-size:clamp(19px,2.4vw,22px);font-weight:500;line-height:1.5;color:#34404a;margin:0 0 26px}\n.va-actu .va-actu-essentiel{background:var(--surf);border-left:5px solid var(--accent);border-radius:0 10px 10px 0;padding:22px 26px;margin:0 0 34px;box-shadow:0 1px 2px rgba(16,24,40,.05),0 12px 28px -16px rgba(16,24,40,.18)}\n.va-actu .va-actu-essentiel .va-actu-k{font-family:\"JetBrains Mono\",monospace;font-size:11.5px;letter-spacing:.1em;text-transform:uppercase;color:var(--accentink);margin:0 0 12px}\n.va-actu .va-actu-essentiel ul{margin:0;padding:0;list-style:none}\n.va-actu .va-actu-essentiel li{position:relative;padding:0 0 0 26px;margin:0 0 11px;font-size:16px}\n.va-actu .va-actu-essentiel li:last-child{margin-bottom:0}\n.va-actu .va-actu-essentiel li::before{content:\"\u2192\";position:absolute;left:0;top:0;color:var(--accent);font-weight:700}\n.va-actu .va-actu-essentiel li b{color:var(--ink)}\n.va-actu blockquote{font-family:\"Newsreader\",Georgia,serif;font-style:italic;font-size:clamp(20px,2.6vw,25px);line-height:1.42;color:var(--accentink);border:0;border-left:4px solid var(--accent);margin:30px 0;padding:6px 0 6px 24px}\n.va-actu .va-actu-retenir{border:1px solid var(--line);border-top:3px solid var(--accent);border-radius:12px;padding:24px 26px;margin:40px 0;background:#fff}\n.va-actu .va-actu-retenir .va-actu-k{font-family:\"JetBrains Mono\",monospace;font-size:11.5px;letter-spacing:.1em;text-transform:uppercase;color:var(--accentink);margin:0 0 14px}\n.va-actu .va-actu-retenir ul{margin:0;padding:0 0 0 4px;list-style:none}\n.va-actu .va-actu-retenir li{position:relative;padding:0 0 0 24px;margin:0 0 10px;font-size:16px}\n.va-actu .va-actu-retenir li:last-child{margin-bottom:0}\n.va-actu .va-actu-retenir li::before{content:\"\u2713\";position:absolute;left:0;top:1px;color:var(--accent);font-weight:700}\n.va-actu .va-actu-faq{margin:36px 0 0}\n.va-actu .va-actu-faq details{border:1px solid var(--line);border-radius:10px;padding:0;margin:0 0 12px;background:#fff;transition:.25s ease;overflow:hidden}\n.va-actu .va-actu-faq details:hover{transform:translateY(-3px);box-shadow:0 12px 28px -16px rgba(16,24,40,.25)}\n.va-actu .va-actu-faq summary{cursor:pointer;list-style:none;padding:16px 20px;font-weight:600;font-size:16.5px;color:var(--ink);position:relative}\n.va-actu .va-actu-faq summary::-webkit-details-marker{display:none}\n.va-actu .va-actu-faq summary::after{content:\"+\";position:absolute;right:20px;top:14px;color:var(--accent);font-size:22px;font-weight:700;line-height:1}\n.va-actu .va-actu-faq details[open] summary::after{content:\"\u2212\"}\n.va-actu .va-actu-faq .va-actu-a{padding:0 20px 18px;font-size:16px;color:#3a444d}\n.va-actu .va-actu-note{font-size:14px;color:#6a7480;border-top:1px dashed var(--line);margin:38px 0 0;padding:16px 0 0;font-style:italic}\n<\/style>\n<div class=\"va-actu\">\n<p class=\"va-actu-dateline\">Mobilit\u00e9 \u00e9tudiante \u2014 28 mars 2025<\/p>\n<p class=\"va-actu-lead\">Une liste potentielle d&rsquo;interdictions de voyage attribu\u00e9e \u00e0 l&rsquo;administration Trump et r\u00e9v\u00e9l\u00e9e par le New York Times s\u00e8me l&rsquo;inqui\u00e9tude chez les \u00e9tudiants internationaux de Yale. Visas, projets d&rsquo;avenir, perspectives d&#8217;emploi : voici ce que cette annonce pourrait changer, et pourquoi rien n&rsquo;est encore fig\u00e9.<\/p>\n<div class=\"va-actu-essentiel\">\n<div class=\"va-actu-k\">L&rsquo;essentiel<\/div>\n<ul>\n<li><b>Quoi \u2014<\/b> une liste potentielle d&rsquo;interdictions de voyage couvrant 43 pays, class\u00e9s par niveaux de restriction allant du bannissement total \u00e0 des restrictions s\u00e9v\u00e8res.<\/li>\n<li><b>Qui \u2014<\/b> les \u00e9tudiants internationaux de Yale, originaires de pays comme la Gambie, la Russie ou le Pakistan.<\/li>\n<li><b>Pourquoi \u00e7a compte \u2014<\/b> ces mesures, encore au conditionnel, fragilisent d\u00e9j\u00e0 les projets de voyage, les parcours acad\u00e9miques et l&rsquo;acc\u00e8s \u00e0 l&#8217;emploi.<\/li>\n<\/ul>\n<\/div>\n<h2>Des inqui\u00e9tudes grandissantes parmi les \u00e9tudiants<\/h2>\n<p>Les r\u00e9centes nouvelles concernant une liste potentielle d&rsquo;interdictions de voyage \u00e9manant de l&rsquo;administration Trump ont sem\u00e9 l&rsquo;inqui\u00e9tude parmi les \u00e9tudiants internationaux de Yale. La liste, r\u00e9v\u00e9l\u00e9e par le New York Times, inclut 43 pays, class\u00e9s par niveaux de restriction, allant d&rsquo;un bannissement total \u00e0 des restrictions s\u00e9v\u00e8res. Pour les \u00e9tudiants concern\u00e9s, cette annonce a perturb\u00e9 leurs projets de voyage et leur avenir professionnel.<\/p>\n<p>Bintou Leigh, \u00e9tudiante originaire de Gambie, a exprim\u00e9 son inqui\u00e9tude face \u00e0 cette incertitude.<\/p>\n<blockquote><p>\u201cL&rsquo;incertitude autour de cette interdiction me rend d\u00e9j\u00e0 nerveuse, impactant ma capacit\u00e9 \u00e0 planifier mon avenir avec confiance.\u201d<\/p><\/blockquote>\n<p>Cette situation met en lumi\u00e8re les cons\u00e9quences \u00e9motionnelles et pratiques de telles d\u00e9cisions politiques sur la vie des \u00e9tudiants, alors m\u00eame que la liste reste, \u00e0 ce stade, hypoth\u00e9tique.<\/p>\n<h2>Des r\u00e9percussions sur les projets de vie<\/h2>\n<p>Les \u00e9tudiants, comme Kirill Putin de Russie, ressentent \u00e9galement l&rsquo;impact de ces nouvelles restrictions. Bien que son pays soit sur la liste orange, signifiant des restrictions mais pas une interdiction totale, l&rsquo;incertitude reste. Kirill a mentionn\u00e9 que la situation politique compliqu\u00e9e affecte sa vie quotidienne et ses relations.<\/p>\n<p>Le probl\u00e8me ne se limite pas \u00e0 des pr\u00e9occupations personnelles ; il s&rsquo;\u00e9tend \u00e0 des implications professionnelles. Un \u00e9tudiant pakistanais a d\u00e9clar\u00e9 que la peur d&rsquo;une interdiction de voyage pourrait nuire \u00e0 ses chances d&#8217;emploi, car les entreprises h\u00e9sitent \u00e0 sponsoriser des visas pour des candidats dont la situation est incertaine. Cette dynamique cr\u00e9e des obstacles suppl\u00e9mentaires pour les \u00e9tudiants cherchant \u00e0 b\u00e2tir leur carri\u00e8re.<\/p>\n<p><iframe loading=\"lazy\" title=\"La m\u00e9thode chinoise pour conqu\u00e9rir le monde\" width=\"1200\" height=\"675\" src=\"https:\/\/www.youtube.com\/embed\/6vKuje25PSo?feature=oembed\" frameborder=\"0\" allow=\"accelerometer; autoplay; clipboard-write; encrypted-media; gyroscope; picture-in-picture; web-share\" referrerpolicy=\"strict-origin-when-cross-origin\" allowfullscreen><\/iframe><\/p>\n<h2>Un appel \u00e0 l&rsquo;action des universit\u00e9s<\/h2>\n<p>Face \u00e0 cette crise \u00e9mergente, des voix s&rsquo;\u00e9l\u00e8vent pour appeler les universit\u00e9s \u00e0 agir. Andrei Kureichyk, un dissident bi\u00e9lorusse en exil, souligne que ces interdictions vont \u00e0 l&rsquo;encontre des valeurs acad\u00e9miques et de l&rsquo;ouverture que les institutions devraient promouvoir. Il a plaid\u00e9 pour une unit\u00e9 des \u00e9tablissements d&rsquo;enseignement sup\u00e9rieur pour contrer l&rsquo;isolement croissant.<\/p>\n<p>Yale, tout en offrant des conseils aux \u00e9tudiants touch\u00e9s, est critiqu\u00e9e pour son manque de r\u00e9activit\u00e9 rapide. Les \u00e9tudiants craignent que l&rsquo;universit\u00e9 ne puisse pas leur fournir l&rsquo;assistance n\u00e9cessaire en cas de mise en \u0153uvre de ces restrictions. Le sentiment g\u00e9n\u00e9ral parmi les \u00e9tudiants est que ces d\u00e9cisions politiques risquent d&rsquo;entraver leur acc\u00e8s \u00e0 l&rsquo;\u00e9ducation et \u00e0 des opportunit\u00e9s professionnelles.<\/p>\n<ul>\n<li>Les \u00e9tudiants subissent une pression accrue sur leurs projets de voyage.<\/li>\n<li>Les restrictions pourraient nuire aux perspectives d&#8217;emploi des dipl\u00f4m\u00e9s.<\/li>\n<li>Les universit\u00e9s doivent s&rsquo;unir pour d\u00e9fendre les droits des \u00e9tudiants internationaux.<\/li>\n<li>Une incertitude permanente p\u00e8se sur les d\u00e9cisions de vie des \u00e9tudiants.<\/li>\n<\/ul>\n<p>Les \u00e9tudiants expriment un m\u00e9lange de frustration et de peur face \u00e0 l&rsquo;avenir. Ils souhaitent que leurs voix soient entendues et que leurs ambitions soient respect\u00e9es, ind\u00e9pendamment de leur nationalit\u00e9. Les pr\u00e9occupations concernant l&rsquo;\u00e9galit\u00e9 et l&rsquo;inclusion sont au c\u0153ur de leur exp\u00e9rience, et beaucoup esp\u00e8rent que les institutions acad\u00e9miques prendront des mesures pour prot\u00e9ger leurs droits et leur dignit\u00e9.<\/p>\n<div class=\"va-actu-retenir\">\n<div class=\"va-actu-k\">\u00c0 retenir<\/div>\n<ul>\n<li>La liste \u00e9voqu\u00e9e par le New York Times couvrirait 43 pays, avec des niveaux de restriction gradu\u00e9s \u2014 mais elle reste \u00e0 ce stade <b>potentielle<\/b>.<\/li>\n<li>L&rsquo;incertitude p\u00e8se d\u00e9j\u00e0 sur les projets de voyage, les \u00e9tudes et l&#8217;emploi des \u00e9tudiants internationaux.<\/li>\n<li>Des pays plac\u00e9s en \u00ab liste orange \u00bb subiraient des restrictions sans interdiction totale.<\/li>\n<li>Des voix acad\u00e9miques appellent les universit\u00e9s \u00e0 se mobiliser pour d\u00e9fendre les \u00e9tudiants concern\u00e9s.<\/li>\n<\/ul>\n<\/div>\n<div class=\"va-actu-faq\">\n<details>\n<summary>La liste d&rsquo;interdictions de voyage est-elle d\u00e9j\u00e0 en vigueur ?<\/summary>\n<div class=\"va-actu-a\">Non. Telle que pr\u00e9sent\u00e9e dans l&rsquo;article, il s&rsquo;agit d&rsquo;une liste <b>potentielle<\/b> r\u00e9v\u00e9l\u00e9e par le New York Times. Aucune mise en \u0153uvre n&rsquo;est confirm\u00e9e \u00e0 la date de publication, et l&rsquo;incertitude qui en d\u00e9coule est pr\u00e9cis\u00e9ment ce qui inqui\u00e8te les \u00e9tudiants.<\/div>\n<\/details>\n<details>\n<summary>Combien de pays seraient concern\u00e9s et comment seraient-ils class\u00e9s ?<\/summary>\n<div class=\"va-actu-a\">La liste \u00e9voqu\u00e9e inclurait 43 pays, r\u00e9partis par niveaux de restriction allant d&rsquo;un bannissement total \u00e0 des restrictions s\u00e9v\u00e8res. Certains pays, comme la Russie cit\u00e9e dans l&rsquo;article, figureraient sur une \u00ab liste orange \u00bb synonyme de restrictions sans interdiction compl\u00e8te.<\/div>\n<\/details>\n<details>\n<summary>En quoi cela affecte-t-il les perspectives d&#8217;emploi des \u00e9tudiants ?<\/summary>\n<div class=\"va-actu-a\">Selon le t\u00e9moignage d&rsquo;un \u00e9tudiant pakistanais cit\u00e9 dans l&rsquo;article, la crainte d&rsquo;une interdiction peut pousser les entreprises \u00e0 h\u00e9siter \u00e0 sponsoriser des visas pour des candidats dont la situation est incertaine, ce qui ajoute un obstacle \u00e0 leur insertion professionnelle.<\/div>\n<\/details>\n<details>\n<summary>Que demandent les \u00e9tudiants \u00e0 leurs universit\u00e9s ?<\/summary>\n<div class=\"va-actu-a\">Ils souhaitent une r\u00e9activit\u00e9 plus rapide et un accompagnement concret. Des figures comme le dissident bi\u00e9lorusse Andrei Kureichyk appellent les \u00e9tablissements d&rsquo;enseignement sup\u00e9rieur \u00e0 s&rsquo;unir pour contrer l&rsquo;isolement et d\u00e9fendre les droits des \u00e9tudiants internationaux.<\/div>\n<\/details>\n<\/div>\n<p class=\"va-actu-note\">Cet article est informatif et refl\u00e8te une situation \u00e9volutive ; il ne remplace pas les communications officielles de votre \u00e9tablissement ni l&rsquo;avis d&rsquo;un conseiller en mobilit\u00e9 ou d&rsquo;un juriste sp\u00e9cialis\u00e9 en immigration. V\u00e9rifiez toujours votre situation aupr\u00e8s des sources officielles comp\u00e9tentes.<\/p>\n<\/div>\n","protected":false},"excerpt":{"rendered":"","protected":false},"author":34,"featured_media":18088,"comment_status":"open","ping_status":"open","sticky":false,"template":"","format":"standard","meta":{"_acf_changed":false,"manual_indexmenow":false,"indexmenow_id_project":0,"footnotes":""},"categories":[1],"tags":[4646,3800,5688,3170,4635],"class_list":["post-16774","post","type-post","status-publish","format-standard","has-post-thumbnail","hentry","category-a-la-une","tag-assistance","tag-emotions","tag-relations-internationales","tag-securite","tag-voyage","generate-columns","tablet-grid-50","mobile-grid-100","grid-parent","grid-25"],"acf":[],"yoast_head":"<!-- This site is optimized with the Yoast SEO Premium plugin v21.3 (Yoast SEO v25.1) - https:\/\/yoast.com\/wordpress\/plugins\/seo\/ -->\n<title>Les \u00e9tudiants internationaux inquiets face \u00e0 des<\/title>\n<meta name=\"description\" content=\"Une liste potentielle d&#039;interdictions de voyage attribu\u00e9e \u00e0 l&#039;administration Trump et r\u00e9v\u00e9l\u00e9e par le New York Times s\u00e8me l&#039;inqui\u00e9tude chez les \u00e9tudiants\" \/>\n<meta name=\"robots\" content=\"index, follow, max-snippet:-1, max-image-preview:large, max-video-preview:-1\" \/>\n<link rel=\"canonical\" href=\"https:\/\/voyage-aventure.com\/blog\/a-la-une\/les-etudiants-internationaux-inquiets-face-a-des-interdictions-de-voyage-potentielles\/\" \/>\n<meta property=\"og:locale\" content=\"fr_FR\" \/>\n<meta property=\"og:type\" content=\"article\" \/>\n<meta property=\"og:title\" content=\"Les \u00e9tudiants internationaux inquiets face \u00e0 des\" \/>\n<meta property=\"og:description\" content=\"Une liste potentielle d&#039;interdictions de voyage attribu\u00e9e \u00e0 l&#039;administration Trump et r\u00e9v\u00e9l\u00e9e par le New York Times s\u00e8me l&#039;inqui\u00e9tude chez les \u00e9tudiants\" \/>\n<meta property=\"og:url\" content=\"https:\/\/voyage-aventure.com\/blog\/a-la-une\/les-etudiants-internationaux-inquiets-face-a-des-interdictions-de-voyage-potentielles\/\" \/>\n<meta property=\"og:site_name\" content=\"voyage-aventure\" \/>\n<meta property=\"og:image\" content=\"https:\/\/voyage-aventure.com\/blog\/wp-content\/uploads\/2025\/04\/sdxl-cc116f1111f47574338031e11cd98343.png\" \/>\n\t<meta property=\"og:image:width\" content=\"1536\" \/>\n\t<meta property=\"og:image:height\" content=\"640\" \/>\n\t<meta property=\"og:image:type\" content=\"image\/png\" \/>\n<meta name=\"author\" content=\"Camille Rouvray\" \/>\n<meta name=\"twitter:card\" content=\"summary_large_image\" \/>\n<script type=\"application\/ld+json\" class=\"yoast-schema-graph\">{\"@context\":\"https:\/\/schema.org\",\"@graph\":[{\"@type\":\"NewsArticle\",\"@id\":\"https:\/\/voyage-aventure.com\/blog\/a-la-une\/les-etudiants-internationaux-inquiets-face-a-des-interdictions-de-voyage-potentielles\/#article\",\"isPartOf\":{\"@id\":\"https:\/\/voyage-aventure.com\/blog\/a-la-une\/les-etudiants-internationaux-inquiets-face-a-des-interdictions-de-voyage-potentielles\/\"},\"author\":{\"name\":\"Camille Rouvray\",\"@id\":\"https:\/\/voyage-aventure.com\/blog\/#\/schema\/person\/3c864cdc320801e3db34b663e7e3f816\"},\"headline\":\"Les \u00e9tudiants internationaux inquiets face \u00e0 des interdictions de voyage potentielles\",\"datePublished\":\"2026-06-16T15:42:45+00:00\",\"mainEntityOfPage\":{\"@id\":\"https:\/\/voyage-aventure.com\/blog\/a-la-une\/les-etudiants-internationaux-inquiets-face-a-des-interdictions-de-voyage-potentielles\/\"},\"wordCount\":1017,\"commentCount\":23,\"publisher\":{\"@id\":\"https:\/\/voyage-aventure.com\/blog\/#organization\"},\"image\":{\"@id\":\"https:\/\/voyage-aventure.com\/blog\/a-la-une\/les-etudiants-internationaux-inquiets-face-a-des-interdictions-de-voyage-potentielles\/#primaryimage\"},\"thumbnailUrl\":\"https:\/\/voyage-aventure.com\/blog\/wp-content\/uploads\/2025\/04\/sdxl-cc116f1111f47574338031e11cd98343.png\",\"keywords\":[\"Assistance\",\"\u00c9motions\",\"Relations Internationales\",\"S\u00e9curit\u00e9\",\"Voyage\"],\"articleSection\":[\"\u00c0 la une\"],\"inLanguage\":\"fr-FR\",\"potentialAction\":[{\"@type\":\"CommentAction\",\"name\":\"Comment\",\"target\":[\"https:\/\/voyage-aventure.com\/blog\/a-la-une\/les-etudiants-internationaux-inquiets-face-a-des-interdictions-de-voyage-potentielles\/#respond\"]}]},{\"@type\":\"WebPage\",\"@id\":\"https:\/\/voyage-aventure.com\/blog\/a-la-une\/les-etudiants-internationaux-inquiets-face-a-des-interdictions-de-voyage-potentielles\/\",\"url\":\"https:\/\/voyage-aventure.com\/blog\/a-la-une\/les-etudiants-internationaux-inquiets-face-a-des-interdictions-de-voyage-potentielles\/\",\"name\":\"Les \u00e9tudiants internationaux inquiets face \u00e0 des\",\"isPartOf\":{\"@id\":\"https:\/\/voyage-aventure.com\/blog\/#website\"},\"primaryImageOfPage\":{\"@id\":\"https:\/\/voyage-aventure.com\/blog\/a-la-une\/les-etudiants-internationaux-inquiets-face-a-des-interdictions-de-voyage-potentielles\/#primaryimage\"},\"image\":{\"@id\":\"https:\/\/voyage-aventure.com\/blog\/a-la-une\/les-etudiants-internationaux-inquiets-face-a-des-interdictions-de-voyage-potentielles\/#primaryimage\"},\"thumbnailUrl\":\"https:\/\/voyage-aventure.com\/blog\/wp-content\/uploads\/2025\/04\/sdxl-cc116f1111f47574338031e11cd98343.png\",\"datePublished\":\"2026-06-16T15:42:45+00:00\",\"description\":\"Une liste potentielle d'interdictions de voyage attribu\u00e9e \u00e0 l'administration Trump et r\u00e9v\u00e9l\u00e9e par le New York Times s\u00e8me l'inqui\u00e9tude chez les \u00e9tudiants\",\"inLanguage\":\"fr-FR\",\"potentialAction\":[{\"@type\":\"ReadAction\",\"target\":[\"https:\/\/voyage-aventure.com\/blog\/a-la-une\/les-etudiants-internationaux-inquiets-face-a-des-interdictions-de-voyage-potentielles\/\"]}]},{\"@type\":\"ImageObject\",\"inLanguage\":\"fr-FR\",\"@id\":\"https:\/\/voyage-aventure.com\/blog\/a-la-une\/les-etudiants-internationaux-inquiets-face-a-des-interdictions-de-voyage-potentielles\/#primaryimage\",\"url\":\"https:\/\/voyage-aventure.com\/blog\/wp-content\/uploads\/2025\/04\/sdxl-cc116f1111f47574338031e11cd98343.png\",\"contentUrl\":\"https:\/\/voyage-aventure.com\/blog\/wp-content\/uploads\/2025\/04\/sdxl-cc116f1111f47574338031e11cd98343.png\",\"width\":1536,\"height\":640},{\"@type\":\"WebSite\",\"@id\":\"https:\/\/voyage-aventure.com\/blog\/#website\",\"url\":\"https:\/\/voyage-aventure.com\/blog\/\",\"name\":\"voyage-aventure.com\",\"description\":\"Votre passeport pour l\u2019inattendu.\",\"publisher\":{\"@id\":\"https:\/\/voyage-aventure.com\/blog\/#organization\"},\"alternateName\":\"Votre passeport pour l\u2019inattendu.\",\"potentialAction\":[{\"@type\":\"SearchAction\",\"target\":{\"@type\":\"EntryPoint\",\"urlTemplate\":\"https:\/\/voyage-aventure.com\/blog\/?s={search_term_string}\"},\"query-input\":{\"@type\":\"PropertyValueSpecification\",\"valueRequired\":true,\"valueName\":\"search_term_string\"}}],\"inLanguage\":\"fr-FR\"},{\"@type\":\"Organization\",\"@id\":\"https:\/\/voyage-aventure.com\/blog\/#organization\",\"name\":\"Foretsensations.fr\",\"url\":\"https:\/\/voyage-aventure.com\/blog\/\",\"logo\":{\"@type\":\"ImageObject\",\"inLanguage\":\"fr-FR\",\"@id\":\"https:\/\/voyage-aventure.com\/blog\/#\/schema\/logo\/image\/\",\"url\":\"https:\/\/voyage-aventure.com\/blog\/wp-content\/uploads\/2024\/12\/19.png\",\"contentUrl\":\"https:\/\/voyage-aventure.com\/blog\/wp-content\/uploads\/2024\/12\/19.png\",\"width\":512,\"height\":512,\"caption\":\"Foretsensations.fr\"},\"image\":{\"@id\":\"https:\/\/voyage-aventure.com\/blog\/#\/schema\/logo\/image\/\"}},{\"@type\":\"Person\",\"@id\":\"https:\/\/voyage-aventure.com\/blog\/#\/schema\/person\/3c864cdc320801e3db34b663e7e3f816\",\"name\":\"Camille Rouvray\",\"image\":{\"@type\":\"ImageObject\",\"inLanguage\":\"fr-FR\",\"@id\":\"https:\/\/voyage-aventure.com\/blog\/#\/schema\/person\/image\/\",\"url\":\"https:\/\/voyage-aventure.com\/blog\/wp-content\/uploads\/2026\/06\/persona_camille-r-96x96.jpg\",\"contentUrl\":\"https:\/\/voyage-aventure.com\/blog\/wp-content\/uploads\/2026\/06\/persona_camille-r-96x96.jpg\",\"caption\":\"Camille Rouvray\"},\"description\":\"Je voyage et j'\u00e9cris sur le voyage depuis une douzaine d'ann\u00e9es, d'abord en tant que routarde au long cours, puis comme r\u00e9dactrice sp\u00e9cialis\u00e9e. Mon terrain de pr\u00e9dilection, ce sont les circuits organis\u00e9s et l'art de bien pr\u00e9parer un itin\u00e9raire : choix de la saison, dur\u00e9e r\u00e9aliste des \u00e9tapes, budget jour par jour, logement et transport sur place. J'aime aussi raconter les p\u00e9pites urbaines, ces adresses qu'on ne trouve pas dans les guides classiques. Avant de publier un dossier destination, je croise toujours plusieurs sources, je v\u00e9rifie les tarifs et les formalit\u00e9s d'entr\u00e9e \u00e0 jour, et je teste moi-m\u00eame quand je le peux. Mon angle reste pratique avant tout : aider le lecteur \u00e0 partir l'esprit tranquille, sans mauvaise surprise une fois sur place. Je m'attache \u00e0 distinguer le coup de c\u0153ur sinc\u00e8re du simple argument marketing.\",\"sameAs\":[\"https:\/\/camillerouvray.fr\/\"],\"url\":\"https:\/\/voyage-aventure.com\/blog\/auteur\/noname\/\"}]}<\/script>\n<!-- \/ Yoast SEO Premium plugin. -->","yoast_head_json":{"title":"Les \u00e9tudiants internationaux inquiets face \u00e0 des","description":"Une liste potentielle d'interdictions de voyage attribu\u00e9e \u00e0 l'administration Trump et r\u00e9v\u00e9l\u00e9e par le New York Times s\u00e8me l'inqui\u00e9tude chez les \u00e9tudiants","robots":{"index":"index","follow":"follow","max-snippet":"max-snippet:-1","max-image-preview":"max-image-preview:large","max-video-preview":"max-video-preview:-1"},"canonical":"https:\/\/voyage-aventure.com\/blog\/a-la-une\/les-etudiants-internationaux-inquiets-face-a-des-interdictions-de-voyage-potentielles\/","og_locale":"fr_FR","og_type":"article","og_title":"Les \u00e9tudiants internationaux inquiets face \u00e0 des","og_description":"Une liste potentielle d'interdictions de voyage attribu\u00e9e \u00e0 l'administration Trump et r\u00e9v\u00e9l\u00e9e par le New York Times s\u00e8me l'inqui\u00e9tude chez les \u00e9tudiants","og_url":"https:\/\/voyage-aventure.com\/blog\/a-la-une\/les-etudiants-internationaux-inquiets-face-a-des-interdictions-de-voyage-potentielles\/","og_site_name":"voyage-aventure","og_image":[{"width":1536,"height":640,"url":"https:\/\/voyage-aventure.com\/blog\/wp-content\/uploads\/2025\/04\/sdxl-cc116f1111f47574338031e11cd98343.png","type":"image\/png"}],"author":"Camille Rouvray","twitter_card":"summary_large_image","schema":{"@context":"https:\/\/schema.org","@graph":[{"@type":"NewsArticle","@id":"https:\/\/voyage-aventure.com\/blog\/a-la-une\/les-etudiants-internationaux-inquiets-face-a-des-interdictions-de-voyage-potentielles\/#article","isPartOf":{"@id":"https:\/\/voyage-aventure.com\/blog\/a-la-une\/les-etudiants-internationaux-inquiets-face-a-des-interdictions-de-voyage-potentielles\/"},"author":{"name":"Camille Rouvray","@id":"https:\/\/voyage-aventure.com\/blog\/#\/schema\/person\/3c864cdc320801e3db34b663e7e3f816"},"headline":"Les \u00e9tudiants internationaux inquiets face \u00e0 des interdictions de voyage potentielles","datePublished":"2026-06-16T15:42:45+00:00","mainEntityOfPage":{"@id":"https:\/\/voyage-aventure.com\/blog\/a-la-une\/les-etudiants-internationaux-inquiets-face-a-des-interdictions-de-voyage-potentielles\/"},"wordCount":1017,"commentCount":23,"publisher":{"@id":"https:\/\/voyage-aventure.com\/blog\/#organization"},"image":{"@id":"https:\/\/voyage-aventure.com\/blog\/a-la-une\/les-etudiants-internationaux-inquiets-face-a-des-interdictions-de-voyage-potentielles\/#primaryimage"},"thumbnailUrl":"https:\/\/voyage-aventure.com\/blog\/wp-content\/uploads\/2025\/04\/sdxl-cc116f1111f47574338031e11cd98343.png","keywords":["Assistance","\u00c9motions","Relations Internationales","S\u00e9curit\u00e9","Voyage"],"articleSection":["\u00c0 la une"],"inLanguage":"fr-FR","potentialAction":[{"@type":"CommentAction","name":"Comment","target":["https:\/\/voyage-aventure.com\/blog\/a-la-une\/les-etudiants-internationaux-inquiets-face-a-des-interdictions-de-voyage-potentielles\/#respond"]}]},{"@type":"WebPage","@id":"https:\/\/voyage-aventure.com\/blog\/a-la-une\/les-etudiants-internationaux-inquiets-face-a-des-interdictions-de-voyage-potentielles\/","url":"https:\/\/voyage-aventure.com\/blog\/a-la-une\/les-etudiants-internationaux-inquiets-face-a-des-interdictions-de-voyage-potentielles\/","name":"Les \u00e9tudiants internationaux inquiets face \u00e0 des","isPartOf":{"@id":"https:\/\/voyage-aventure.com\/blog\/#website"},"primaryImageOfPage":{"@id":"https:\/\/voyage-aventure.com\/blog\/a-la-une\/les-etudiants-internationaux-inquiets-face-a-des-interdictions-de-voyage-potentielles\/#primaryimage"},"image":{"@id":"https:\/\/voyage-aventure.com\/blog\/a-la-une\/les-etudiants-internationaux-inquiets-face-a-des-interdictions-de-voyage-potentielles\/#primaryimage"},"thumbnailUrl":"https:\/\/voyage-aventure.com\/blog\/wp-content\/uploads\/2025\/04\/sdxl-cc116f1111f47574338031e11cd98343.png","datePublished":"2026-06-16T15:42:45+00:00","description":"Une liste potentielle d'interdictions de voyage attribu\u00e9e \u00e0 l'administration Trump et r\u00e9v\u00e9l\u00e9e par le New York Times s\u00e8me l'inqui\u00e9tude chez les \u00e9tudiants","inLanguage":"fr-FR","potentialAction":[{"@type":"ReadAction","target":["https:\/\/voyage-aventure.com\/blog\/a-la-une\/les-etudiants-internationaux-inquiets-face-a-des-interdictions-de-voyage-potentielles\/"]}]},{"@type":"ImageObject","inLanguage":"fr-FR","@id":"https:\/\/voyage-aventure.com\/blog\/a-la-une\/les-etudiants-internationaux-inquiets-face-a-des-interdictions-de-voyage-potentielles\/#primaryimage","url":"https:\/\/voyage-aventure.com\/blog\/wp-content\/uploads\/2025\/04\/sdxl-cc116f1111f47574338031e11cd98343.png","contentUrl":"https:\/\/voyage-aventure.com\/blog\/wp-content\/uploads\/2025\/04\/sdxl-cc116f1111f47574338031e11cd98343.png","width":1536,"height":640},{"@type":"WebSite","@id":"https:\/\/voyage-aventure.com\/blog\/#website","url":"https:\/\/voyage-aventure.com\/blog\/","name":"voyage-aventure.com","description":"Votre passeport pour l\u2019inattendu.","publisher":{"@id":"https:\/\/voyage-aventure.com\/blog\/#organization"},"alternateName":"Votre passeport pour l\u2019inattendu.","potentialAction":[{"@type":"SearchAction","target":{"@type":"EntryPoint","urlTemplate":"https:\/\/voyage-aventure.com\/blog\/?s={search_term_string}"},"query-input":{"@type":"PropertyValueSpecification","valueRequired":true,"valueName":"search_term_string"}}],"inLanguage":"fr-FR"},{"@type":"Organization","@id":"https:\/\/voyage-aventure.com\/blog\/#organization","name":"Foretsensations.fr","url":"https:\/\/voyage-aventure.com\/blog\/","logo":{"@type":"ImageObject","inLanguage":"fr-FR","@id":"https:\/\/voyage-aventure.com\/blog\/#\/schema\/logo\/image\/","url":"https:\/\/voyage-aventure.com\/blog\/wp-content\/uploads\/2024\/12\/19.png","contentUrl":"https:\/\/voyage-aventure.com\/blog\/wp-content\/uploads\/2024\/12\/19.png","width":512,"height":512,"caption":"Foretsensations.fr"},"image":{"@id":"https:\/\/voyage-aventure.com\/blog\/#\/schema\/logo\/image\/"}},{"@type":"Person","@id":"https:\/\/voyage-aventure.com\/blog\/#\/schema\/person\/3c864cdc320801e3db34b663e7e3f816","name":"Camille Rouvray","image":{"@type":"ImageObject","inLanguage":"fr-FR","@id":"https:\/\/voyage-aventure.com\/blog\/#\/schema\/person\/image\/","url":"https:\/\/voyage-aventure.com\/blog\/wp-content\/uploads\/2026\/06\/persona_camille-r-96x96.jpg","contentUrl":"https:\/\/voyage-aventure.com\/blog\/wp-content\/uploads\/2026\/06\/persona_camille-r-96x96.jpg","caption":"Camille Rouvray"},"description":"Je voyage et j'\u00e9cris sur le voyage depuis une douzaine d'ann\u00e9es, d'abord en tant que routarde au long cours, puis comme r\u00e9dactrice sp\u00e9cialis\u00e9e. Mon terrain de pr\u00e9dilection, ce sont les circuits organis\u00e9s et l'art de bien pr\u00e9parer un itin\u00e9raire : choix de la saison, dur\u00e9e r\u00e9aliste des \u00e9tapes, budget jour par jour, logement et transport sur place. J'aime aussi raconter les p\u00e9pites urbaines, ces adresses qu'on ne trouve pas dans les guides classiques. Avant de publier un dossier destination, je croise toujours plusieurs sources, je v\u00e9rifie les tarifs et les formalit\u00e9s d'entr\u00e9e \u00e0 jour, et je teste moi-m\u00eame quand je le peux. Mon angle reste pratique avant tout : aider le lecteur \u00e0 partir l'esprit tranquille, sans mauvaise surprise une fois sur place. Je m'attache \u00e0 distinguer le coup de c\u0153ur sinc\u00e8re du simple argument marketing.","sameAs":["https:\/\/camillerouvray.fr\/"],"url":"https:\/\/voyage-aventure.com\/blog\/auteur\/noname\/"}]}},"_links":{"self":[{"href":"https:\/\/voyage-aventure.com\/blog\/wp-json\/wp\/v2\/posts\/16774","targetHints":{"allow":["GET"]}}],"collection":[{"href":"https:\/\/voyage-aventure.com\/blog\/wp-json\/wp\/v2\/posts"}],"about":[{"href":"https:\/\/voyage-aventure.com\/blog\/wp-json\/wp\/v2\/types\/post"}],"author":[{"embeddable":true,"href":"https:\/\/voyage-aventure.com\/blog\/wp-json\/wp\/v2\/users\/34"}],"replies":[{"embeddable":true,"href":"https:\/\/voyage-aventure.com\/blog\/wp-json\/wp\/v2\/comments?post=16774"}],"version-history":[{"count":3,"href":"https:\/\/voyage-aventure.com\/blog\/wp-json\/wp\/v2\/posts\/16774\/revisions"}],"predecessor-version":[{"id":22983,"href":"https:\/\/voyage-aventure.com\/blog\/wp-json\/wp\/v2\/posts\/16774\/revisions\/22983"}],"wp:featuredmedia":[{"embeddable":true,"href":"https:\/\/voyage-aventure.com\/blog\/wp-json\/wp\/v2\/media\/18088"}],"wp:attachment":[{"href":"https:\/\/voyage-aventure.com\/blog\/wp-json\/wp\/v2\/media?parent=16774"}],"wp:term":[{"taxonomy":"category","embeddable":true,"href":"https:\/\/voyage-aventure.com\/blog\/wp-json\/wp\/v2\/categories?post=16774"},{"taxonomy":"post_tag","embeddable":true,"href":"https:\/\/voyage-aventure.com\/blog\/wp-json\/wp\/v2\/tags?post=16774"}],"curies":[{"name":"wp","href":"https:\/\/api.w.org\/{rel}","templated":true}]}}