{"id":16767,"date":"2025-03-28T14:43:27","date_gmt":"2025-03-28T13:43:27","guid":{"rendered":"https:\/\/voyage-aventure.com\/blog\/?p=16767"},"modified":"2025-03-28T11:31:20","modified_gmt":"2025-03-28T10:31:20","slug":"les-voyages-sans-visa-pour-les-roumains-retardes-par-des-tensions-politiques-aux-etats-unis","status":"publish","type":"post","link":"https:\/\/voyage-aventure.com\/blog\/a-la-une\/les-voyages-sans-visa-pour-les-roumains-retardes-par-des-tensions-politiques-aux-etats-unis\/","title":{"rendered":"Les voyages sans visa pour les Roumains retard\u00e9s par des tensions politiques aux \u00c9tats-Unis"},"content":{"rendered":"<h2>Une \u00e9lection marqu\u00e9e par des controverses<\/h2>\n<p>Cette situation a suscit\u00e9 de vives inqui\u00e9tudes quant \u00e0 l&rsquo;int\u00e9grit\u00e9 du processus d\u00e9mocratique dans le pays. Le candidat ind\u00e9pendant, C\u0103lin Georgescu, qui avait remport\u00e9 le premier tour, a vu sa victoire remise en question, alimentant le d\u00e9bat public.<\/p>\n<p>Les accusations de financement non divulgu\u00e9 et de soutien \u00e9tranger ont \u00e9galement entach\u00e9 la r\u00e9putation des candidats. Le tribunal constitutionnel roumain a \u00e9t\u00e9 critiqu\u00e9 pour avoir exclu des candidats de l&rsquo;\u00e9lection, notamment Diana \u0218o\u0219oac\u0103, jug\u00e9e trop radicale. Ces d\u00e9cisions ont suscit\u00e9 des appels \u00e0 une plus grande transparence et \u00e0 une \u00e9valuation d\u00e9mocratique des candidats.<\/p>\n<h2>Des r\u00e9percussions internationales et locales<\/h2>\n<p>La situation politique en Roumanie a attir\u00e9 l&rsquo;attention internationale, notamment celle des \u00c9tats-Unis, qui ont exprim\u00e9 leurs pr\u00e9occupations. Le vice-pr\u00e9sident am\u00e9ricain JD Vance a critiqu\u00e9 les d\u00e9cisions judiciaires en affirmant que la d\u00e9mocratie roumaine \u00e9tait en p\u00e9ril. La tension entre les autorit\u00e9s roumaines et Elon Musk souligne \u00e9galement l&rsquo;impact de la perception ext\u00e9rieure sur la politique int\u00e9rieure.<\/p>\n<p>Dans ce contexte, les discussions sur l&rsquo;inclusion de la Roumanie dans le programme d&rsquo;exemption de visa des \u00c9tats-Unis sont devenues un sujet br\u00fblant. Initialement pr\u00e9vue pour mars 2025, cette inclusion a \u00e9t\u00e9 retard\u00e9e, ce qui a soulev\u00e9 des interrogations sur les v\u00e9ritables motivations de cette d\u00e9cision. Le Premier ministre roumain, Marcel Ciolacu, a tent\u00e9 de rassurer le public en d\u00e9clarant que ce retard \u00e9tait uniquement technique et non li\u00e9 aux \u00e9lections.<\/p>\n<h2>Les attentes des citoyens roumains<\/h2>\n<p>Les citoyens roumains aspirent \u00e0 une plus grande libert\u00e9 de circulation, et l&rsquo;acc\u00e8s \u00e0 des voyages sans visa aux \u00c9tats-Unis repr\u00e9sente un enjeu majeur. Ce retard fait grimper les inqui\u00e9tudes face \u00e0 une \u00e9ventuelle d\u00e9t\u00e9rioration des relations entre la Roumanie et les \u00c9tats-Unis. Les r\u00e9percussions de cette situation pourraient avoir des effets durables sur la perception de la d\u00e9mocratie en Roumanie et sur la confiance du public envers ses dirigeants.<\/p>\n<p>Les attentes des Roumains vont au-del\u00e0 des simples voyages ; elles incluent \u00e9galement une demande de stabilit\u00e9 politique et de respect des valeurs d\u00e9mocratiques. Des voix s&rsquo;\u00e9l\u00e8vent pour r\u00e9clamer une plus grande transparence dans le fonctionnement des institutions et une meilleure protection des droits des citoyens. La situation actuelle constitue un appel \u00e0 l&rsquo;action pour les d\u00e9cideurs politiques afin de restaurer la confiance du public.<\/p>\n<ul>\n<li>Invalidation des \u00e9lections pr\u00e9sidentielles en Roumanie<\/li>\n<li>Accusations de manipulation russe<\/li>\n<li>Retard dans le programme d&rsquo;exemption de visa aux \u00c9tats-Unis<\/li>\n<li>Appels \u00e0 la transparence et \u00e0 la d\u00e9mocratie<\/li>\n<li>Tensions entre les \u00c9tats-Unis et la Roumanie<\/li>\n<\/ul>\n<blockquote>\n<p>\u00ab Actuellement, George Simion semble \u00eatre parmi les favoris de l&rsquo;\u00e9lectorat pour le r\u00f4le pr\u00e9sidentiel. \u00bb<\/p>\n<\/blockquote>\n<p>Alors que la Roumanie se pr\u00e9pare pour de nouvelles \u00e9lections, il est crucial pour les citoyens de r\u00e9fl\u00e9chir \u00e0 l&rsquo;importance de leur vote. Les \u00e9v\u00e9nements r\u00e9cents mettent en lumi\u00e8re un besoin urgent de r\u00e9formes et de vigilance face aux influences ext\u00e9rieures. Les Roumains doivent s&rsquo;unir pour garantir que leur voix soit entendue et que leur d\u00e9mocratie soit prot\u00e9g\u00e9e.<\/p>\n","protected":false},"excerpt":{"rendered":"","protected":false},"author":34,"featured_media":20155,"comment_status":"open","ping_status":"open","sticky":false,"template":"","format":"standard","meta":{"_acf_changed":false,"manual_indexmenow":false,"indexmenow_id_project":0,"footnotes":""},"categories":[1],"tags":[5965,6313,5688,4809,4635],"class_list":["post-16767","post","type-post","status-publish","format-standard","has-post-thumbnail","hentry","category-a-la-une","tag-democratie","tag-elections","tag-relations-internationales","tag-transparence","tag-voyage","generate-columns","tablet-grid-50","mobile-grid-100","grid-parent","grid-25"],"acf":[],"yoast_head":"<!-- This site is optimized with the Yoast SEO Premium plugin v21.3 (Yoast SEO v25.1) - https:\/\/yoast.com\/wordpress\/plugins\/seo\/ -->\n<title>Les voyages sans visa pour les Roumains retard\u00e9s par des<\/title>\n<meta name=\"description\" content=\"Cette situation a suscit\u00e9 de vives inqui\u00e9tudes quant \u00e0 l&#039;int\u00e9grit\u00e9 du processus d\u00e9mocratique dans le pays. Le candidat ind\u00e9pendant, C\u0103lin Georgescu, qui\" \/>\n<meta name=\"robots\" content=\"index, follow, max-snippet:-1, max-image-preview:large, max-video-preview:-1\" \/>\n<link rel=\"canonical\" href=\"https:\/\/voyage-aventure.com\/blog\/a-la-une\/les-voyages-sans-visa-pour-les-roumains-retardes-par-des-tensions-politiques-aux-etats-unis\/\" \/>\n<meta property=\"og:locale\" content=\"fr_FR\" \/>\n<meta property=\"og:type\" content=\"article\" \/>\n<meta property=\"og:title\" content=\"Les voyages sans visa pour les Roumains retard\u00e9s par des\" \/>\n<meta property=\"og:description\" content=\"Cette situation a suscit\u00e9 de vives inqui\u00e9tudes quant \u00e0 l&#039;int\u00e9grit\u00e9 du processus d\u00e9mocratique dans le pays. Le candidat ind\u00e9pendant, C\u0103lin Georgescu, qui\" \/>\n<meta property=\"og:url\" content=\"https:\/\/voyage-aventure.com\/blog\/a-la-une\/les-voyages-sans-visa-pour-les-roumains-retardes-par-des-tensions-politiques-aux-etats-unis\/\" \/>\n<meta property=\"og:site_name\" content=\"voyage-aventure\" \/>\n<meta property=\"og:image\" content=\"https:\/\/voyage-aventure.com\/blog\/wp-content\/uploads\/2025\/05\/sdxl-485fb603d03686fb78770a365876ce71-scaled.png\" \/>\n\t<meta property=\"og:image:width\" content=\"1200\" \/>\n\t<meta property=\"og:image:height\" content=\"500\" \/>\n\t<meta property=\"og:image:type\" content=\"image\/png\" \/>\n<meta name=\"author\" content=\"Camille Rouvray\" \/>\n<meta name=\"twitter:card\" content=\"summary_large_image\" \/>\n<script type=\"application\/ld+json\" class=\"yoast-schema-graph\">{\"@context\":\"https:\/\/schema.org\",\"@graph\":[{\"@type\":\"NewsArticle\",\"@id\":\"https:\/\/voyage-aventure.com\/blog\/a-la-une\/les-voyages-sans-visa-pour-les-roumains-retardes-par-des-tensions-politiques-aux-etats-unis\/#article\",\"isPartOf\":{\"@id\":\"https:\/\/voyage-aventure.com\/blog\/a-la-une\/les-voyages-sans-visa-pour-les-roumains-retardes-par-des-tensions-politiques-aux-etats-unis\/\"},\"author\":{\"name\":\"Camille Rouvray\",\"@id\":\"https:\/\/voyage-aventure.com\/blog\/#\/schema\/person\/3c864cdc320801e3db34b663e7e3f816\"},\"headline\":\"Les voyages sans visa pour les Roumains retard\u00e9s par des tensions politiques aux \u00c9tats-Unis\",\"datePublished\":\"2025-03-28T13:43:27+00:00\",\"mainEntityOfPage\":{\"@id\":\"https:\/\/voyage-aventure.com\/blog\/a-la-une\/les-voyages-sans-visa-pour-les-roumains-retardes-par-des-tensions-politiques-aux-etats-unis\/\"},\"wordCount\":548,\"commentCount\":27,\"publisher\":{\"@id\":\"https:\/\/voyage-aventure.com\/blog\/#organization\"},\"image\":{\"@id\":\"https:\/\/voyage-aventure.com\/blog\/a-la-une\/les-voyages-sans-visa-pour-les-roumains-retardes-par-des-tensions-politiques-aux-etats-unis\/#primaryimage\"},\"thumbnailUrl\":\"https:\/\/voyage-aventure.com\/blog\/wp-content\/uploads\/2025\/05\/sdxl-485fb603d03686fb78770a365876ce71-scaled.png\",\"keywords\":[\"D\u00e9mocratie\",\"\u00c9lections\",\"Relations Internationales\",\"Transparence\",\"Voyage\"],\"articleSection\":[\"\u00c0 la une\"],\"inLanguage\":\"fr-FR\",\"potentialAction\":[{\"@type\":\"CommentAction\",\"name\":\"Comment\",\"target\":[\"https:\/\/voyage-aventure.com\/blog\/a-la-une\/les-voyages-sans-visa-pour-les-roumains-retardes-par-des-tensions-politiques-aux-etats-unis\/#respond\"]}]},{\"@type\":\"WebPage\",\"@id\":\"https:\/\/voyage-aventure.com\/blog\/a-la-une\/les-voyages-sans-visa-pour-les-roumains-retardes-par-des-tensions-politiques-aux-etats-unis\/\",\"url\":\"https:\/\/voyage-aventure.com\/blog\/a-la-une\/les-voyages-sans-visa-pour-les-roumains-retardes-par-des-tensions-politiques-aux-etats-unis\/\",\"name\":\"Les voyages sans visa pour les Roumains retard\u00e9s par des\",\"isPartOf\":{\"@id\":\"https:\/\/voyage-aventure.com\/blog\/#website\"},\"primaryImageOfPage\":{\"@id\":\"https:\/\/voyage-aventure.com\/blog\/a-la-une\/les-voyages-sans-visa-pour-les-roumains-retardes-par-des-tensions-politiques-aux-etats-unis\/#primaryimage\"},\"image\":{\"@id\":\"https:\/\/voyage-aventure.com\/blog\/a-la-une\/les-voyages-sans-visa-pour-les-roumains-retardes-par-des-tensions-politiques-aux-etats-unis\/#primaryimage\"},\"thumbnailUrl\":\"https:\/\/voyage-aventure.com\/blog\/wp-content\/uploads\/2025\/05\/sdxl-485fb603d03686fb78770a365876ce71-scaled.png\",\"datePublished\":\"2025-03-28T13:43:27+00:00\",\"description\":\"Cette situation a suscit\u00e9 de vives inqui\u00e9tudes quant \u00e0 l'int\u00e9grit\u00e9 du processus d\u00e9mocratique dans le pays. Le candidat ind\u00e9pendant, C\u0103lin Georgescu, qui\",\"inLanguage\":\"fr-FR\",\"potentialAction\":[{\"@type\":\"ReadAction\",\"target\":[\"https:\/\/voyage-aventure.com\/blog\/a-la-une\/les-voyages-sans-visa-pour-les-roumains-retardes-par-des-tensions-politiques-aux-etats-unis\/\"]}]},{\"@type\":\"ImageObject\",\"inLanguage\":\"fr-FR\",\"@id\":\"https:\/\/voyage-aventure.com\/blog\/a-la-une\/les-voyages-sans-visa-pour-les-roumains-retardes-par-des-tensions-politiques-aux-etats-unis\/#primaryimage\",\"url\":\"https:\/\/voyage-aventure.com\/blog\/wp-content\/uploads\/2025\/05\/sdxl-485fb603d03686fb78770a365876ce71-scaled.png\",\"contentUrl\":\"https:\/\/voyage-aventure.com\/blog\/wp-content\/uploads\/2025\/05\/sdxl-485fb603d03686fb78770a365876ce71-scaled.png\",\"width\":1200,\"height\":500},{\"@type\":\"WebSite\",\"@id\":\"https:\/\/voyage-aventure.com\/blog\/#website\",\"url\":\"https:\/\/voyage-aventure.com\/blog\/\",\"name\":\"voyage-aventure.com\",\"description\":\"Votre passeport pour l\u2019inattendu.\",\"publisher\":{\"@id\":\"https:\/\/voyage-aventure.com\/blog\/#organization\"},\"alternateName\":\"Votre passeport pour l\u2019inattendu.\",\"potentialAction\":[{\"@type\":\"SearchAction\",\"target\":{\"@type\":\"EntryPoint\",\"urlTemplate\":\"https:\/\/voyage-aventure.com\/blog\/?s={search_term_string}\"},\"query-input\":{\"@type\":\"PropertyValueSpecification\",\"valueRequired\":true,\"valueName\":\"search_term_string\"}}],\"inLanguage\":\"fr-FR\"},{\"@type\":\"Organization\",\"@id\":\"https:\/\/voyage-aventure.com\/blog\/#organization\",\"name\":\"Foretsensations.fr\",\"url\":\"https:\/\/voyage-aventure.com\/blog\/\",\"logo\":{\"@type\":\"ImageObject\",\"inLanguage\":\"fr-FR\",\"@id\":\"https:\/\/voyage-aventure.com\/blog\/#\/schema\/logo\/image\/\",\"url\":\"https:\/\/voyage-aventure.com\/blog\/wp-content\/uploads\/2024\/12\/19.png\",\"contentUrl\":\"https:\/\/voyage-aventure.com\/blog\/wp-content\/uploads\/2024\/12\/19.png\",\"width\":512,\"height\":512,\"caption\":\"Foretsensations.fr\"},\"image\":{\"@id\":\"https:\/\/voyage-aventure.com\/blog\/#\/schema\/logo\/image\/\"}},{\"@type\":\"Person\",\"@id\":\"https:\/\/voyage-aventure.com\/blog\/#\/schema\/person\/3c864cdc320801e3db34b663e7e3f816\",\"name\":\"Camille Rouvray\",\"image\":{\"@type\":\"ImageObject\",\"inLanguage\":\"fr-FR\",\"@id\":\"https:\/\/voyage-aventure.com\/blog\/#\/schema\/person\/image\/\",\"url\":\"https:\/\/voyage-aventure.com\/blog\/wp-content\/uploads\/2026\/06\/persona_camille-r-96x96.jpg\",\"contentUrl\":\"https:\/\/voyage-aventure.com\/blog\/wp-content\/uploads\/2026\/06\/persona_camille-r-96x96.jpg\",\"caption\":\"Camille Rouvray\"},\"description\":\"Je voyage et j'\u00e9cris sur le voyage depuis une douzaine d'ann\u00e9es, d'abord en tant que routarde au long cours, puis comme r\u00e9dactrice sp\u00e9cialis\u00e9e. Mon terrain de pr\u00e9dilection, ce sont les circuits organis\u00e9s et l'art de bien pr\u00e9parer un itin\u00e9raire : choix de la saison, dur\u00e9e r\u00e9aliste des \u00e9tapes, budget jour par jour, logement et transport sur place. J'aime aussi raconter les p\u00e9pites urbaines, ces adresses qu'on ne trouve pas dans les guides classiques. Avant de publier un dossier destination, je croise toujours plusieurs sources, je v\u00e9rifie les tarifs et les formalit\u00e9s d'entr\u00e9e \u00e0 jour, et je teste moi-m\u00eame quand je le peux. Mon angle reste pratique avant tout : aider le lecteur \u00e0 partir l'esprit tranquille, sans mauvaise surprise une fois sur place. Je m'attache \u00e0 distinguer le coup de c\u0153ur sinc\u00e8re du simple argument marketing.\",\"sameAs\":[\"https:\/\/camillerouvray.fr\/\"],\"url\":\"https:\/\/voyage-aventure.com\/blog\/auteur\/noname\/\"}]}<\/script>\n<!-- \/ Yoast SEO Premium plugin. -->","yoast_head_json":{"title":"Les voyages sans visa pour les Roumains retard\u00e9s par des","description":"Cette situation a suscit\u00e9 de vives inqui\u00e9tudes quant \u00e0 l'int\u00e9grit\u00e9 du processus d\u00e9mocratique dans le pays. Le candidat ind\u00e9pendant, C\u0103lin Georgescu, qui","robots":{"index":"index","follow":"follow","max-snippet":"max-snippet:-1","max-image-preview":"max-image-preview:large","max-video-preview":"max-video-preview:-1"},"canonical":"https:\/\/voyage-aventure.com\/blog\/a-la-une\/les-voyages-sans-visa-pour-les-roumains-retardes-par-des-tensions-politiques-aux-etats-unis\/","og_locale":"fr_FR","og_type":"article","og_title":"Les voyages sans visa pour les Roumains retard\u00e9s par des","og_description":"Cette situation a suscit\u00e9 de vives inqui\u00e9tudes quant \u00e0 l'int\u00e9grit\u00e9 du processus d\u00e9mocratique dans le pays. Le candidat ind\u00e9pendant, C\u0103lin Georgescu, qui","og_url":"https:\/\/voyage-aventure.com\/blog\/a-la-une\/les-voyages-sans-visa-pour-les-roumains-retardes-par-des-tensions-politiques-aux-etats-unis\/","og_site_name":"voyage-aventure","og_image":[{"width":1200,"height":500,"url":"https:\/\/voyage-aventure.com\/blog\/wp-content\/uploads\/2025\/05\/sdxl-485fb603d03686fb78770a365876ce71-scaled.png","type":"image\/png"}],"author":"Camille Rouvray","twitter_card":"summary_large_image","schema":{"@context":"https:\/\/schema.org","@graph":[{"@type":"NewsArticle","@id":"https:\/\/voyage-aventure.com\/blog\/a-la-une\/les-voyages-sans-visa-pour-les-roumains-retardes-par-des-tensions-politiques-aux-etats-unis\/#article","isPartOf":{"@id":"https:\/\/voyage-aventure.com\/blog\/a-la-une\/les-voyages-sans-visa-pour-les-roumains-retardes-par-des-tensions-politiques-aux-etats-unis\/"},"author":{"name":"Camille Rouvray","@id":"https:\/\/voyage-aventure.com\/blog\/#\/schema\/person\/3c864cdc320801e3db34b663e7e3f816"},"headline":"Les voyages sans visa pour les Roumains retard\u00e9s par des tensions politiques aux \u00c9tats-Unis","datePublished":"2025-03-28T13:43:27+00:00","mainEntityOfPage":{"@id":"https:\/\/voyage-aventure.com\/blog\/a-la-une\/les-voyages-sans-visa-pour-les-roumains-retardes-par-des-tensions-politiques-aux-etats-unis\/"},"wordCount":548,"commentCount":27,"publisher":{"@id":"https:\/\/voyage-aventure.com\/blog\/#organization"},"image":{"@id":"https:\/\/voyage-aventure.com\/blog\/a-la-une\/les-voyages-sans-visa-pour-les-roumains-retardes-par-des-tensions-politiques-aux-etats-unis\/#primaryimage"},"thumbnailUrl":"https:\/\/voyage-aventure.com\/blog\/wp-content\/uploads\/2025\/05\/sdxl-485fb603d03686fb78770a365876ce71-scaled.png","keywords":["D\u00e9mocratie","\u00c9lections","Relations Internationales","Transparence","Voyage"],"articleSection":["\u00c0 la une"],"inLanguage":"fr-FR","potentialAction":[{"@type":"CommentAction","name":"Comment","target":["https:\/\/voyage-aventure.com\/blog\/a-la-une\/les-voyages-sans-visa-pour-les-roumains-retardes-par-des-tensions-politiques-aux-etats-unis\/#respond"]}]},{"@type":"WebPage","@id":"https:\/\/voyage-aventure.com\/blog\/a-la-une\/les-voyages-sans-visa-pour-les-roumains-retardes-par-des-tensions-politiques-aux-etats-unis\/","url":"https:\/\/voyage-aventure.com\/blog\/a-la-une\/les-voyages-sans-visa-pour-les-roumains-retardes-par-des-tensions-politiques-aux-etats-unis\/","name":"Les voyages sans visa pour les Roumains retard\u00e9s par des","isPartOf":{"@id":"https:\/\/voyage-aventure.com\/blog\/#website"},"primaryImageOfPage":{"@id":"https:\/\/voyage-aventure.com\/blog\/a-la-une\/les-voyages-sans-visa-pour-les-roumains-retardes-par-des-tensions-politiques-aux-etats-unis\/#primaryimage"},"image":{"@id":"https:\/\/voyage-aventure.com\/blog\/a-la-une\/les-voyages-sans-visa-pour-les-roumains-retardes-par-des-tensions-politiques-aux-etats-unis\/#primaryimage"},"thumbnailUrl":"https:\/\/voyage-aventure.com\/blog\/wp-content\/uploads\/2025\/05\/sdxl-485fb603d03686fb78770a365876ce71-scaled.png","datePublished":"2025-03-28T13:43:27+00:00","description":"Cette situation a suscit\u00e9 de vives inqui\u00e9tudes quant \u00e0 l'int\u00e9grit\u00e9 du processus d\u00e9mocratique dans le pays. Le candidat ind\u00e9pendant, C\u0103lin Georgescu, qui","inLanguage":"fr-FR","potentialAction":[{"@type":"ReadAction","target":["https:\/\/voyage-aventure.com\/blog\/a-la-une\/les-voyages-sans-visa-pour-les-roumains-retardes-par-des-tensions-politiques-aux-etats-unis\/"]}]},{"@type":"ImageObject","inLanguage":"fr-FR","@id":"https:\/\/voyage-aventure.com\/blog\/a-la-une\/les-voyages-sans-visa-pour-les-roumains-retardes-par-des-tensions-politiques-aux-etats-unis\/#primaryimage","url":"https:\/\/voyage-aventure.com\/blog\/wp-content\/uploads\/2025\/05\/sdxl-485fb603d03686fb78770a365876ce71-scaled.png","contentUrl":"https:\/\/voyage-aventure.com\/blog\/wp-content\/uploads\/2025\/05\/sdxl-485fb603d03686fb78770a365876ce71-scaled.png","width":1200,"height":500},{"@type":"WebSite","@id":"https:\/\/voyage-aventure.com\/blog\/#website","url":"https:\/\/voyage-aventure.com\/blog\/","name":"voyage-aventure.com","description":"Votre passeport pour l\u2019inattendu.","publisher":{"@id":"https:\/\/voyage-aventure.com\/blog\/#organization"},"alternateName":"Votre passeport pour l\u2019inattendu.","potentialAction":[{"@type":"SearchAction","target":{"@type":"EntryPoint","urlTemplate":"https:\/\/voyage-aventure.com\/blog\/?s={search_term_string}"},"query-input":{"@type":"PropertyValueSpecification","valueRequired":true,"valueName":"search_term_string"}}],"inLanguage":"fr-FR"},{"@type":"Organization","@id":"https:\/\/voyage-aventure.com\/blog\/#organization","name":"Foretsensations.fr","url":"https:\/\/voyage-aventure.com\/blog\/","logo":{"@type":"ImageObject","inLanguage":"fr-FR","@id":"https:\/\/voyage-aventure.com\/blog\/#\/schema\/logo\/image\/","url":"https:\/\/voyage-aventure.com\/blog\/wp-content\/uploads\/2024\/12\/19.png","contentUrl":"https:\/\/voyage-aventure.com\/blog\/wp-content\/uploads\/2024\/12\/19.png","width":512,"height":512,"caption":"Foretsensations.fr"},"image":{"@id":"https:\/\/voyage-aventure.com\/blog\/#\/schema\/logo\/image\/"}},{"@type":"Person","@id":"https:\/\/voyage-aventure.com\/blog\/#\/schema\/person\/3c864cdc320801e3db34b663e7e3f816","name":"Camille Rouvray","image":{"@type":"ImageObject","inLanguage":"fr-FR","@id":"https:\/\/voyage-aventure.com\/blog\/#\/schema\/person\/image\/","url":"https:\/\/voyage-aventure.com\/blog\/wp-content\/uploads\/2026\/06\/persona_camille-r-96x96.jpg","contentUrl":"https:\/\/voyage-aventure.com\/blog\/wp-content\/uploads\/2026\/06\/persona_camille-r-96x96.jpg","caption":"Camille Rouvray"},"description":"Je voyage et j'\u00e9cris sur le voyage depuis une douzaine d'ann\u00e9es, d'abord en tant que routarde au long cours, puis comme r\u00e9dactrice sp\u00e9cialis\u00e9e. Mon terrain de pr\u00e9dilection, ce sont les circuits organis\u00e9s et l'art de bien pr\u00e9parer un itin\u00e9raire : choix de la saison, dur\u00e9e r\u00e9aliste des \u00e9tapes, budget jour par jour, logement et transport sur place. J'aime aussi raconter les p\u00e9pites urbaines, ces adresses qu'on ne trouve pas dans les guides classiques. Avant de publier un dossier destination, je croise toujours plusieurs sources, je v\u00e9rifie les tarifs et les formalit\u00e9s d'entr\u00e9e \u00e0 jour, et je teste moi-m\u00eame quand je le peux. Mon angle reste pratique avant tout : aider le lecteur \u00e0 partir l'esprit tranquille, sans mauvaise surprise une fois sur place. Je m'attache \u00e0 distinguer le coup de c\u0153ur sinc\u00e8re du simple argument marketing.","sameAs":["https:\/\/camillerouvray.fr\/"],"url":"https:\/\/voyage-aventure.com\/blog\/auteur\/noname\/"}]}},"_links":{"self":[{"href":"https:\/\/voyage-aventure.com\/blog\/wp-json\/wp\/v2\/posts\/16767","targetHints":{"allow":["GET"]}}],"collection":[{"href":"https:\/\/voyage-aventure.com\/blog\/wp-json\/wp\/v2\/posts"}],"about":[{"href":"https:\/\/voyage-aventure.com\/blog\/wp-json\/wp\/v2\/types\/post"}],"author":[{"embeddable":true,"href":"https:\/\/voyage-aventure.com\/blog\/wp-json\/wp\/v2\/users\/34"}],"replies":[{"embeddable":true,"href":"https:\/\/voyage-aventure.com\/blog\/wp-json\/wp\/v2\/comments?post=16767"}],"version-history":[{"count":1,"href":"https:\/\/voyage-aventure.com\/blog\/wp-json\/wp\/v2\/posts\/16767\/revisions"}],"predecessor-version":[{"id":16792,"href":"https:\/\/voyage-aventure.com\/blog\/wp-json\/wp\/v2\/posts\/16767\/revisions\/16792"}],"wp:featuredmedia":[{"embeddable":true,"href":"https:\/\/voyage-aventure.com\/blog\/wp-json\/wp\/v2\/media\/20155"}],"wp:attachment":[{"href":"https:\/\/voyage-aventure.com\/blog\/wp-json\/wp\/v2\/media?parent=16767"}],"wp:term":[{"taxonomy":"category","embeddable":true,"href":"https:\/\/voyage-aventure.com\/blog\/wp-json\/wp\/v2\/categories?post=16767"},{"taxonomy":"post_tag","embeddable":true,"href":"https:\/\/voyage-aventure.com\/blog\/wp-json\/wp\/v2\/tags?post=16767"}],"curies":[{"name":"wp","href":"https:\/\/api.w.org\/{rel}","templated":true}]}}