{"id":16725,"date":"2026-06-16T17:41:54","date_gmt":"2026-06-16T15:41:54","guid":{"rendered":"https:\/\/voyage-aventure.com\/blog\/?p=16725"},"modified":"2026-06-16T17:41:54","modified_gmt":"2026-06-16T15:41:54","slug":"decouvrez-le-chargeur-infinacore-p3-pro-performance-prix-et-avis-dutilisateur","status":"publish","type":"post","link":"https:\/\/voyage-aventure.com\/blog\/a-la-une\/decouvrez-le-chargeur-infinacore-p3-pro-performance-prix-et-avis-dutilisateur\/","title":{"rendered":"D\u00e9couvrez le chargeur InfinaCore P3 Pro : performance, prix et avis d&rsquo;utilisateur"},"content":{"rendered":"<link rel=\"stylesheet\" href=\"https:\/\/fonts.googleapis.com\/css2?family=Inter+Tight:wght@600;700;800&#038;family=Inter:wght@400;500;600&#038;family=IBM+Plex+Mono:wght@500&#038;display=swap\">\n<style>\n.va-avis-wrap{font-family:'Inter',system-ui,sans-serif;color:#1d2733;line-height:1.65;font-size:17px;}\n.va-avis-wrap h2{font-family:'Inter Tight','Inter',sans-serif;font-weight:800;letter-spacing:-0.02em;font-size:clamp(23px,3vw,31px);color:#10212b;margin:46px 0 16px;}\n.va-avis-wrap h3{font-family:'Inter Tight','Inter',sans-serif;font-weight:700;font-size:18px;color:#10212b;margin:0 0 6px;letter-spacing:-0.01em;}\n.va-avis-wrap p{margin:0 0 18px;}\n.va-avis-lead{background:#eef6f5;border-left:5px solid #0e7c6b;padding:20px 26px;margin:24px 0 30px;border-radius:0 6px 6px 0;}\n.va-avis-lead .va-avis-txt{font-size:19px;line-height:1.55;font-weight:500;color:#16323a;letter-spacing:-0.005em;}\n.va-avis-verdict{background:#fff;border:1px solid #d8e3e1;border-top:4px solid #0e7c6b;border-radius:10px;padding:24px 26px 22px;margin:28px 0;box-shadow:0 1px 2px rgba(16,33,43,.05),0 14px 30px -18px rgba(16,33,43,.22);}\n.va-avis-kick{font-family:'IBM Plex Mono',monospace;font-size:11px;font-weight:500;text-transform:uppercase;letter-spacing:2.4px;color:#0e7c6b;margin-bottom:12px;}\n.va-avis-verdict h2{margin:0 0 8px;font-size:24px;}\n.va-avis-price{display:inline-block;font-family:'IBM Plex Mono',monospace;font-size:15px;font-weight:500;background:#10212b;color:#fff;padding:4px 12px;border-radius:5px;margin:6px 0 14px;}\n.va-avis-vgrid{display:grid;grid-template-columns:repeat(auto-fit,minmax(230px,1fr));gap:14px;margin-top:16px;}\n.va-avis-vcol{background:#fafbfb;border:1px solid #e6edec;border-radius:8px;padding:16px 18px;}\n.va-avis-vcol ul{margin:0;padding:0;list-style:none;}\n.va-avis-vcol li{display:flex;gap:9px;align-items:flex-start;padding:5px 0;font-size:14.5px;line-height:1.5;}\n.va-avis-vcol li span{flex:0 0 15px;font-weight:700;}\n.va-avis-do span{color:#0e7c6b;}\n.va-avis-dont span{color:#c0392b;}\n.va-avis-who{margin-top:16px;font-size:14.5px;color:#475560;background:#f4f8f7;border-radius:6px;padding:12px 16px;}\n.va-avis-who b{color:#10212b;}\n.va-avis-cards{display:grid;grid-template-columns:repeat(auto-fit,minmax(220px,1fr));gap:14px;margin:26px 0;}\n.va-avis-card{background:#fff;border:1px solid #e2eae9;border-top:3px solid #0e7c6b;border-radius:8px;padding:18px 20px 16px;transition:.25s ease;}\n.va-avis-card:hover{transform:translateY(-3px);box-shadow:0 14px 28px -18px rgba(16,33,43,.3);}\n.va-avis-card .va-avis-ic{width:34px;height:34px;background:#eef6f5;border-radius:50%;display:inline-flex;align-items:center;justify-content:center;margin-bottom:11px;font-family:'IBM Plex Mono',monospace;font-weight:700;color:#0e7c6b;font-size:14px;}\n.va-avis-card .va-avis-cd{font-size:14px;line-height:1.55;color:#46555f;}\n.va-avis-stats{display:grid;grid-template-columns:repeat(auto-fit,minmax(150px,1fr));background:#10212b;border-radius:8px;overflow:hidden;margin:30px 0;}\n.va-avis-stat{padding:22px 16px;text-align:center;border-right:1px solid #233642;}\n.va-avis-stat:last-child{border-right:none;}\n.va-avis-stat .va-avis-n{font-family:'Inter Tight',sans-serif;font-size:33px;font-weight:800;color:#fff;letter-spacing:-0.03em;line-height:1;font-feature-settings:'tnum';}\n.va-avis-stat .va-avis-n.acc{color:#3fc8b4;}\n.va-avis-stat .va-avis-l{font-family:'IBM Plex Mono',monospace;font-size:10.5px;text-transform:uppercase;letter-spacing:1.4px;color:#9bb0ab;margin-top:9px;}\n.va-avis-quote{margin:40px auto;padding:26px 24px;text-align:center;border-top:1px solid #10212b;border-bottom:1px solid #10212b;max-width:660px;position:relative;}\n.va-avis-quote .va-avis-mk{position:absolute;top:-20px;left:50%;transform:translateX(-50%);background:#fff;padding:0 14px;font-size:46px;line-height:1;color:#0e7c6b;font-family:'Inter Tight',serif;}\n.va-avis-quote blockquote{margin:0;font-family:'Inter Tight',sans-serif;font-size:23px;line-height:1.45;font-style:italic;color:#10212b;letter-spacing:-0.01em;}\n.va-avis-keep{background:#fafbfb;border:1px solid #e6edec;border-radius:10px;padding:24px 26px;margin:34px 0;}\n.va-avis-keep .va-avis-kg{display:grid;grid-template-columns:repeat(auto-fit,minmax(240px,1fr));gap:10px;}\n.va-avis-keep .va-avis-ki{display:flex;gap:12px;background:#fff;border:1px solid #e6edec;padding:12px 14px;border-radius:6px;align-items:flex-start;}\n.va-avis-keep .va-avis-ki .va-avis-no{flex:0 0 25px;width:25px;height:25px;background:#0e7c6b;color:#fff;border-radius:50%;display:inline-flex;align-items:center;justify-content:center;font-family:'IBM Plex Mono',monospace;font-size:12px;font-weight:700;}\n.va-avis-keep .va-avis-ki .va-avis-kt{font-size:14px;line-height:1.5;color:#243039;}\n.va-avis-faq h2{font-size:22px;}\n.va-avis-faq .va-avis-fwrap{border-top:1px solid #dde6e4;}\n.va-avis-faq details{border-bottom:1px solid #dde6e4;}\n.va-avis-faq summary{cursor:pointer;padding:16px 0;font-family:'Inter Tight',sans-serif;font-size:17px;font-weight:700;color:#10212b;list-style:none;display:flex;justify-content:space-between;gap:14px;align-items:center;}\n.va-avis-faq summary::-webkit-details-marker{display:none;}\n.va-avis-faq summary .va-avis-pl{font-size:22px;font-weight:300;color:#0e7c6b;line-height:1;}\n.va-avis-faq .va-avis-fa{padding:0 0 16px;font-size:15px;line-height:1.7;color:#46555f;}\n.va-avis-wrap a{color:#0e7c6b;}\n\/*RENDERFIX2*\/.va-avis-price{color:#eef3f9!important}.va-avis-price p,.va-avis-price li,.va-avis-price strong,.va-avis-price em,.va-avis-price a,.va-avis-price span,.va-avis-price b,.va-avis-price td,.va-avis-price th,.va-avis-price h2,.va-avis-price h3,.va-avis-price h4{color:#eef3f9!important}.va-avis-price strong,.va-avis-price b{color:#ffffff!important}.va-avis-stats{color:#eef3f9!important}.va-avis-stats p,.va-avis-stats li,.va-avis-stats strong,.va-avis-stats em,.va-avis-stats a,.va-avis-stats span,.va-avis-stats b,.va-avis-stats td,.va-avis-stats th,.va-avis-stats h2,.va-avis-stats h3,.va-avis-stats h4{color:#eef3f9!important}.va-avis-stats strong,.va-avis-stats b{color:#ffffff!important}.va-avis-keep .va-avis-ki .va-avis-no{color:#eef3f9!important}.va-avis-keep .va-avis-ki .va-avis-no p,.va-avis-keep .va-avis-ki .va-avis-no li,.va-avis-keep .va-avis-ki .va-avis-no strong,.va-avis-keep .va-avis-ki .va-avis-no em,.va-avis-keep .va-avis-ki .va-avis-no a,.va-avis-keep .va-avis-ki .va-avis-no span,.va-avis-keep .va-avis-ki .va-avis-no b,.va-avis-keep .va-avis-ki .va-avis-no td,.va-avis-keep .va-avis-ki .va-avis-no th,.va-avis-keep .va-avis-ki .va-avis-no h2,.va-avis-keep .va-avis-ki .va-avis-no h3,.va-avis-keep .va-avis-ki .va-avis-no h4{color:#eef3f9!important}.va-avis-keep .va-avis-ki .va-avis-no strong,.va-avis-keep .va-avis-ki .va-avis-no b{color:#ffffff!important}<\/style>\n<div class=\"va-avis-wrap\">\n<div class=\"va-avis-lead\">\n<div class=\"va-avis-txt\">Compagnon de charge nomade, le chargeur InfinaCore P3 Pro combine batterie 10500 mAh, sortie 65W et adaptateurs internationaux. Apr\u00e8s plusieurs semaines d&rsquo;usage quotidien, voici son verdict pour les voyageurs.<\/div>\n<\/div>\n<div class=\"va-avis-verdict\">\n<div class=\"va-avis-kick\">Notre verdict<\/div>\n<h2>InfinaCore P3 Pro : polyvalent, mais \u00e0 surveiller en mobilit\u00e9<\/h2>\n<p>  <span class=\"va-avis-price\">129,99 $ \u2014 site InfinaCore<\/span><\/p>\n<div class=\"va-avis-vgrid\">\n<div class=\"va-avis-vcol va-avis-do\">\n<h3>Points forts<\/h3>\n<ul>\n<li><span>&#10003;<\/span><span>Sortie rapide 65W et capacit\u00e9 10500 mAh<\/span><\/li>\n<li><span>&#10003;<\/span><span>Trois ports + charge sans fil<\/span><\/li>\n<li><span>&#10003;<\/span><span>\u00c9cran LCD de suivi de batterie<\/span><\/li>\n<li><span>&#10003;<\/span><span>Adaptateurs G, I et C, compatible 30+ pays<\/span><\/li>\n<\/ul><\/div>\n<div class=\"va-avis-vcol va-avis-dont\">\n<h3>Points faibles<\/h3>\n<ul>\n<li><span>&#10005;<\/span><span>Poids g\u00eanant en mobilit\u00e9 (bus, train)<\/span><\/li>\n<li><span>&#10005;<\/span><span>Tendance \u00e0 se d\u00e9brancher dans certains environnements<\/span><\/li>\n<\/ul><\/div>\n<\/p><\/div>\n<div class=\"va-avis-who\"><b>Pour qui ?<\/b> Les voyageurs fr\u00e9quents qui cherchent un chargeur fiable et versatile, capables d&rsquo;accepter un peu de poids en \u00e9change de la polyvalence.<\/div>\n<\/div>\n<p>Pens\u00e9 pour la route, le P3 Pro joue la carte de la polyvalence plut\u00f4t que celle de la l\u00e9g\u00e8ret\u00e9 absolue. Dans les lignes qui suivent, on d\u00e9taille sa conception, ses performances r\u00e9elles au quotidien, puis ses atouts et ses limites, sans rien survendre.<\/p>\n<h2>Une conception pens\u00e9e pour les voyageurs<\/h2>\n<p>Avec une capacit\u00e9 de 10500 mAh et une sortie de 65W, ce mod\u00e8le r\u00e9pond aux besoins de chargement de vos appareils, qu&rsquo;ils soient petits ou grands. Cette enveloppe de puissance le rend \u00e0 l&rsquo;aise aussi bien avec un smartphone qu&rsquo;avec un appareil plus exigeant.<\/p>\n<p>\u00c9quip\u00e9 d&rsquo;adaptateurs internationaux de type G, I et C, le P3 Pro est compatible avec plus de trente pays. Cette fonctionnalit\u00e9 en fait un choix judicieux pour les voyageurs fr\u00e9quents qui recherchent un chargeur fiable et versatile.<\/p>\n<div class=\"va-avis-cards\">\n<div class=\"va-avis-card\">\n<div class=\"va-avis-ic\">&#9211;<\/div>\n<h3>10500 mAh<\/h3>\n<div class=\"va-avis-cd\">Une r\u00e9serve d&rsquo;\u00e9nergie pens\u00e9e pour tenir une journ\u00e9e de mobilit\u00e9 sans prise murale.<\/div>\n<\/p><\/div>\n<div class=\"va-avis-card\">\n<div class=\"va-avis-ic\">65W<\/div>\n<h3>Charge rapide<\/h3>\n<div class=\"va-avis-cd\">Une sortie 65W qui couvre les besoins des petits comme des grands appareils.<\/div>\n<\/p><\/div>\n<div class=\"va-avis-card\">\n<div class=\"va-avis-ic\">G I C<\/div>\n<h3>30+ pays<\/h3>\n<div class=\"va-avis-cd\">Adaptateurs internationaux de type G, I et C pour brancher sans bagage d&rsquo;accessoires.<\/div>\n<\/p><\/div>\n<\/div>\n<h2>Performances impressionnantes au quotidien<\/h2>\n<p>J&rsquo;ai utilis\u00e9 le P3 Pro comme chargeur quotidien pendant plusieurs semaines, et il a toujours r\u00e9pondu \u00e0 mes attentes. Gr\u00e2ce \u00e0 ses trois ports et \u00e0 la charge sans fil, il est capable de r\u00e9pondre \u00e0 la plupart des besoins de chargement.<\/p>\n<p>Il est capable de recharger un iPhone 16 Pro de 30% \u00e0 50% en seulement douze minutes, tout en utilisant environ 23% de sa propre batterie. Cette efficacit\u00e9 est particuli\u00e8rement appr\u00e9ciable lors de d\u00e9placements rapides.<\/p>\n<div class=\"va-avis-stats\">\n<div class=\"va-avis-stat\">\n<div class=\"va-avis-n\">12<span style=\"font-size:18px;\"> min<\/span><\/div>\n<div class=\"va-avis-l\">iPhone 16 Pro 30 &#8594; 50 %<\/div>\n<\/p><\/div>\n<div class=\"va-avis-stat\">\n<div class=\"va-avis-n\">~23 %<\/div>\n<div class=\"va-avis-l\">de sa batterie utilis\u00e9e<\/div>\n<\/p><\/div>\n<div class=\"va-avis-stat\">\n<div class=\"va-avis-n acc\">3 + 1<\/div>\n<div class=\"va-avis-l\">ports + charge sans fil<\/div>\n<\/p><\/div>\n<\/div>\n<h2>Les atouts et inconv\u00e9nients du chargeur P3 Pro<\/h2>\n<p>Ce chargeur portable pr\u00e9sente de nombreux avantages, notamment sa polyvalence et son \u00e9cran LCD qui indique l&rsquo;\u00e9tat de la batterie. De plus, ses adaptateurs internationaux facilitent le chargement dans divers pays.<\/p>\n<p>Cependant, son poids peut poser des probl\u00e8mes lors de l&rsquo;utilisation dans certains environnements, comme les bus ou trains, o\u00f9 il a tendance \u00e0 se d\u00e9brancher. Cela pourrait \u00eatre un inconv\u00e9nient majeur pour ceux qui privil\u00e9gient la l\u00e9g\u00e8ret\u00e9 et l&rsquo;efficacit\u00e9.<\/p>\n<ul>\n<li>Capacit\u00e9 de 10500 mAh<\/li>\n<li>Sortie rapide de 65W<\/li>\n<li>\u00c9cran LCD pour le suivi de la batterie<\/li>\n<\/ul>\n<div class=\"va-avis-quote\">\n<div class=\"va-avis-mk\" aria-hidden=\"true\">&#8220;<\/div>\n<blockquote><p>Le P3 Pro rappelle que la fonctionnalit\u00e9 d&rsquo;un chargeur ne se limite pas \u00e0 la vitesse de chargement.<\/p><\/blockquote>\n<\/div>\n<h2>O\u00f9 acheter le chargeur InfinaCore P3 Pro<\/h2>\n<p>Le chargeur InfinaCore P3 Pro est disponible \u00e0 l&rsquo;achat sur le site d&rsquo;InfinaCore pour un prix de 129,99 $. C&rsquo;est un investissement qui pourrait bien en valoir la peine pour ceux qui voyagent r\u00e9guli\u00e8rement et veulent un seul accessoire couvrant la plupart de leurs besoins de charge.<\/p>\n<div class=\"va-avis-keep\">\n<div class=\"va-avis-kick\">\u00c0 retenir<\/div>\n<div class=\"va-avis-kg\">\n<div class=\"va-avis-ki\"><span class=\"va-avis-no\">1<\/span><span class=\"va-avis-kt\">10500 mAh et 65W : assez de puissance pour petits et grands appareils.<\/span><\/div>\n<div class=\"va-avis-ki\"><span class=\"va-avis-no\">2<\/span><span class=\"va-avis-kt\">iPhone 16 Pro de 30 \u00e0 50 % en 12 minutes, pour ~23 % de sa propre batterie.<\/span><\/div>\n<div class=\"va-avis-ki\"><span class=\"va-avis-no\">3<\/span><span class=\"va-avis-kt\">Adaptateurs G, I et C compatibles avec plus de 30 pays.<\/span><\/div>\n<div class=\"va-avis-ki\"><span class=\"va-avis-no\">4<\/span><span class=\"va-avis-kt\">\u00c9cran LCD pratique, mais poids g\u00eanant dans les bus et trains.<\/span><\/div>\n<div class=\"va-avis-ki\"><span class=\"va-avis-no\">5<\/span><span class=\"va-avis-kt\">Vendu 129,99 $ sur le site InfinaCore.<\/span><\/div>\n<\/p><\/div>\n<\/div>\n<section class=\"va-avis-faq\">\n<h2>Questions fr\u00e9quentes<\/h2>\n<div class=\"va-avis-fwrap\">\n<details>\n<summary><span>Quelle est la capacit\u00e9 et la puissance du P3 Pro ?<\/span><span class=\"va-avis-pl\">+<\/span><\/summary>\n<div class=\"va-avis-fa\">Le chargeur embarque une batterie de 10500 mAh et d\u00e9livre une sortie de 65W, de quoi alimenter aussi bien de petits appareils que des mod\u00e8les plus gourmands.<\/div>\n<\/details>\n<details>\n<summary><span>\u00c0 quelle vitesse recharge-t-il un smartphone ?<\/span><span class=\"va-avis-pl\">+<\/span><\/summary>\n<div class=\"va-avis-fa\">Lors de notre test, il a fait passer un iPhone 16 Pro de 30 % \u00e0 50 % en seulement douze minutes, en consommant environ 23 % de sa propre batterie.<\/div>\n<\/details>\n<details>\n<summary><span>Est-il adapt\u00e9 aux voyages \u00e0 l&rsquo;\u00e9tranger ?<\/span><span class=\"va-avis-pl\">+<\/span><\/summary>\n<div class=\"va-avis-fa\">Oui : gr\u00e2ce \u00e0 ses adaptateurs internationaux de type G, I et C, il est compatible avec plus de trente pays, ce qui en fait un compagnon pratique pour les voyageurs fr\u00e9quents.<\/div>\n<\/details>\n<details>\n<summary><span>Combien co\u00fbte le chargeur InfinaCore P3 Pro ?<\/span><span class=\"va-avis-pl\">+<\/span><\/summary>\n<div class=\"va-avis-fa\">Il est propos\u00e9 \u00e0 129,99 $ \u00e0 l&rsquo;achat sur le site d&rsquo;InfinaCore.<\/div>\n<\/details>\n<details>\n<summary><span>Quel est son principal inconv\u00e9nient ?<\/span><span class=\"va-avis-pl\">+<\/span><\/summary>\n<div class=\"va-avis-fa\">Son poids : dans certains environnements comme les bus ou les trains, il a tendance \u00e0 se d\u00e9brancher, ce qui peut g\u00eaner les utilisateurs qui privil\u00e9gient la l\u00e9g\u00e8ret\u00e9.<\/div>\n<\/details><\/div>\n<\/section>\n<\/div>\n","protected":false},"excerpt":{"rendered":"","protected":false},"author":34,"featured_media":19548,"comment_status":"open","ping_status":"open","sticky":false,"template":"","format":"standard","meta":{"_acf_changed":false,"manual_indexmenow":false,"indexmenow_id_project":0,"footnotes":""},"categories":[1],"tags":[4829,4593,4385,4635,4526],"class_list":["post-16725","post","type-post","status-publish","format-standard","has-post-thumbnail","hentry","category-a-la-une","tag-accessibilite","tag-economie","tag-pratiques-durables","tag-voyage","tag-voyage-economique","generate-columns","tablet-grid-50","mobile-grid-100","grid-parent","grid-25"],"acf":[],"yoast_head":"<!-- This site is optimized with the Yoast SEO Premium plugin v21.3 (Yoast SEO v25.1) - https:\/\/yoast.com\/wordpress\/plugins\/seo\/ -->\n<title>D\u00e9couvrez le chargeur InfinaCore P3 Pro : performance, prix<\/title>\n<meta name=\"description\" content=\"Compagnon de charge nomade, le chargeur InfinaCore P3 Pro combine batterie 10500 mAh, sortie 65W et adaptateurs internationaux. Apr\u00e8s plusieurs semaines\" \/>\n<meta name=\"robots\" content=\"index, follow, max-snippet:-1, max-image-preview:large, max-video-preview:-1\" \/>\n<link rel=\"canonical\" href=\"https:\/\/voyage-aventure.com\/blog\/a-la-une\/decouvrez-le-chargeur-infinacore-p3-pro-performance-prix-et-avis-dutilisateur\/\" \/>\n<meta property=\"og:locale\" content=\"fr_FR\" \/>\n<meta property=\"og:type\" content=\"article\" \/>\n<meta property=\"og:title\" content=\"D\u00e9couvrez le chargeur InfinaCore P3 Pro : performance, prix\" \/>\n<meta property=\"og:description\" content=\"Compagnon de charge nomade, le chargeur InfinaCore P3 Pro combine batterie 10500 mAh, sortie 65W et adaptateurs internationaux. Apr\u00e8s plusieurs semaines\" \/>\n<meta property=\"og:url\" content=\"https:\/\/voyage-aventure.com\/blog\/a-la-une\/decouvrez-le-chargeur-infinacore-p3-pro-performance-prix-et-avis-dutilisateur\/\" \/>\n<meta property=\"og:site_name\" content=\"voyage-aventure\" \/>\n<meta property=\"og:image\" content=\"https:\/\/voyage-aventure.com\/blog\/wp-content\/uploads\/2025\/05\/sdxl-c02310f63717b26d1d0b909f4a0ed6cb-scaled.png\" \/>\n\t<meta property=\"og:image:width\" content=\"1200\" \/>\n\t<meta property=\"og:image:height\" content=\"500\" \/>\n\t<meta property=\"og:image:type\" content=\"image\/png\" \/>\n<meta name=\"author\" content=\"Camille Rouvray\" \/>\n<meta name=\"twitter:card\" content=\"summary_large_image\" \/>\n<script type=\"application\/ld+json\" class=\"yoast-schema-graph\">{\"@context\":\"https:\/\/schema.org\",\"@graph\":[{\"@type\":\"NewsArticle\",\"@id\":\"https:\/\/voyage-aventure.com\/blog\/a-la-une\/decouvrez-le-chargeur-infinacore-p3-pro-performance-prix-et-avis-dutilisateur\/#article\",\"isPartOf\":{\"@id\":\"https:\/\/voyage-aventure.com\/blog\/a-la-une\/decouvrez-le-chargeur-infinacore-p3-pro-performance-prix-et-avis-dutilisateur\/\"},\"author\":{\"name\":\"Camille Rouvray\",\"@id\":\"https:\/\/voyage-aventure.com\/blog\/#\/schema\/person\/3c864cdc320801e3db34b663e7e3f816\"},\"headline\":\"D\u00e9couvrez le chargeur InfinaCore P3 Pro : performance, prix et avis d&rsquo;utilisateur\",\"datePublished\":\"2026-06-16T15:41:54+00:00\",\"mainEntityOfPage\":{\"@id\":\"https:\/\/voyage-aventure.com\/blog\/a-la-une\/decouvrez-le-chargeur-infinacore-p3-pro-performance-prix-et-avis-dutilisateur\/\"},\"wordCount\":794,\"commentCount\":19,\"publisher\":{\"@id\":\"https:\/\/voyage-aventure.com\/blog\/#organization\"},\"image\":{\"@id\":\"https:\/\/voyage-aventure.com\/blog\/a-la-une\/decouvrez-le-chargeur-infinacore-p3-pro-performance-prix-et-avis-dutilisateur\/#primaryimage\"},\"thumbnailUrl\":\"https:\/\/voyage-aventure.com\/blog\/wp-content\/uploads\/2025\/05\/sdxl-c02310f63717b26d1d0b909f4a0ed6cb-scaled.png\",\"keywords\":[\"Accessibilit\u00e9\",\"\u00c9conomie\",\"Pratiques Durables\",\"Voyage\",\"Voyage \u00c9conomique\"],\"articleSection\":[\"\u00c0 la une\"],\"inLanguage\":\"fr-FR\",\"potentialAction\":[{\"@type\":\"CommentAction\",\"name\":\"Comment\",\"target\":[\"https:\/\/voyage-aventure.com\/blog\/a-la-une\/decouvrez-le-chargeur-infinacore-p3-pro-performance-prix-et-avis-dutilisateur\/#respond\"]}]},{\"@type\":\"WebPage\",\"@id\":\"https:\/\/voyage-aventure.com\/blog\/a-la-une\/decouvrez-le-chargeur-infinacore-p3-pro-performance-prix-et-avis-dutilisateur\/\",\"url\":\"https:\/\/voyage-aventure.com\/blog\/a-la-une\/decouvrez-le-chargeur-infinacore-p3-pro-performance-prix-et-avis-dutilisateur\/\",\"name\":\"D\u00e9couvrez le chargeur InfinaCore P3 Pro : performance, prix\",\"isPartOf\":{\"@id\":\"https:\/\/voyage-aventure.com\/blog\/#website\"},\"primaryImageOfPage\":{\"@id\":\"https:\/\/voyage-aventure.com\/blog\/a-la-une\/decouvrez-le-chargeur-infinacore-p3-pro-performance-prix-et-avis-dutilisateur\/#primaryimage\"},\"image\":{\"@id\":\"https:\/\/voyage-aventure.com\/blog\/a-la-une\/decouvrez-le-chargeur-infinacore-p3-pro-performance-prix-et-avis-dutilisateur\/#primaryimage\"},\"thumbnailUrl\":\"https:\/\/voyage-aventure.com\/blog\/wp-content\/uploads\/2025\/05\/sdxl-c02310f63717b26d1d0b909f4a0ed6cb-scaled.png\",\"datePublished\":\"2026-06-16T15:41:54+00:00\",\"description\":\"Compagnon de charge nomade, le chargeur InfinaCore P3 Pro combine batterie 10500 mAh, sortie 65W et adaptateurs internationaux. Apr\u00e8s plusieurs semaines\",\"inLanguage\":\"fr-FR\",\"potentialAction\":[{\"@type\":\"ReadAction\",\"target\":[\"https:\/\/voyage-aventure.com\/blog\/a-la-une\/decouvrez-le-chargeur-infinacore-p3-pro-performance-prix-et-avis-dutilisateur\/\"]}]},{\"@type\":\"ImageObject\",\"inLanguage\":\"fr-FR\",\"@id\":\"https:\/\/voyage-aventure.com\/blog\/a-la-une\/decouvrez-le-chargeur-infinacore-p3-pro-performance-prix-et-avis-dutilisateur\/#primaryimage\",\"url\":\"https:\/\/voyage-aventure.com\/blog\/wp-content\/uploads\/2025\/05\/sdxl-c02310f63717b26d1d0b909f4a0ed6cb-scaled.png\",\"contentUrl\":\"https:\/\/voyage-aventure.com\/blog\/wp-content\/uploads\/2025\/05\/sdxl-c02310f63717b26d1d0b909f4a0ed6cb-scaled.png\",\"width\":1200,\"height\":500},{\"@type\":\"WebSite\",\"@id\":\"https:\/\/voyage-aventure.com\/blog\/#website\",\"url\":\"https:\/\/voyage-aventure.com\/blog\/\",\"name\":\"voyage-aventure.com\",\"description\":\"Votre passeport pour l\u2019inattendu.\",\"publisher\":{\"@id\":\"https:\/\/voyage-aventure.com\/blog\/#organization\"},\"alternateName\":\"Votre passeport pour l\u2019inattendu.\",\"potentialAction\":[{\"@type\":\"SearchAction\",\"target\":{\"@type\":\"EntryPoint\",\"urlTemplate\":\"https:\/\/voyage-aventure.com\/blog\/?s={search_term_string}\"},\"query-input\":{\"@type\":\"PropertyValueSpecification\",\"valueRequired\":true,\"valueName\":\"search_term_string\"}}],\"inLanguage\":\"fr-FR\"},{\"@type\":\"Organization\",\"@id\":\"https:\/\/voyage-aventure.com\/blog\/#organization\",\"name\":\"Foretsensations.fr\",\"url\":\"https:\/\/voyage-aventure.com\/blog\/\",\"logo\":{\"@type\":\"ImageObject\",\"inLanguage\":\"fr-FR\",\"@id\":\"https:\/\/voyage-aventure.com\/blog\/#\/schema\/logo\/image\/\",\"url\":\"https:\/\/voyage-aventure.com\/blog\/wp-content\/uploads\/2024\/12\/19.png\",\"contentUrl\":\"https:\/\/voyage-aventure.com\/blog\/wp-content\/uploads\/2024\/12\/19.png\",\"width\":512,\"height\":512,\"caption\":\"Foretsensations.fr\"},\"image\":{\"@id\":\"https:\/\/voyage-aventure.com\/blog\/#\/schema\/logo\/image\/\"}},{\"@type\":\"Person\",\"@id\":\"https:\/\/voyage-aventure.com\/blog\/#\/schema\/person\/3c864cdc320801e3db34b663e7e3f816\",\"name\":\"Camille Rouvray\",\"image\":{\"@type\":\"ImageObject\",\"inLanguage\":\"fr-FR\",\"@id\":\"https:\/\/voyage-aventure.com\/blog\/#\/schema\/person\/image\/\",\"url\":\"https:\/\/voyage-aventure.com\/blog\/wp-content\/uploads\/2026\/06\/persona_camille-r-96x96.jpg\",\"contentUrl\":\"https:\/\/voyage-aventure.com\/blog\/wp-content\/uploads\/2026\/06\/persona_camille-r-96x96.jpg\",\"caption\":\"Camille Rouvray\"},\"description\":\"Je voyage et j'\u00e9cris sur le voyage depuis une douzaine d'ann\u00e9es, d'abord en tant que routarde au long cours, puis comme r\u00e9dactrice sp\u00e9cialis\u00e9e. Mon terrain de pr\u00e9dilection, ce sont les circuits organis\u00e9s et l'art de bien pr\u00e9parer un itin\u00e9raire : choix de la saison, dur\u00e9e r\u00e9aliste des \u00e9tapes, budget jour par jour, logement et transport sur place. J'aime aussi raconter les p\u00e9pites urbaines, ces adresses qu'on ne trouve pas dans les guides classiques. Avant de publier un dossier destination, je croise toujours plusieurs sources, je v\u00e9rifie les tarifs et les formalit\u00e9s d'entr\u00e9e \u00e0 jour, et je teste moi-m\u00eame quand je le peux. Mon angle reste pratique avant tout : aider le lecteur \u00e0 partir l'esprit tranquille, sans mauvaise surprise une fois sur place. Je m'attache \u00e0 distinguer le coup de c\u0153ur sinc\u00e8re du simple argument marketing.\",\"sameAs\":[\"https:\/\/camillerouvray.fr\/\"],\"url\":\"https:\/\/voyage-aventure.com\/blog\/auteur\/noname\/\"}]}<\/script>\n<!-- \/ Yoast SEO Premium plugin. -->","yoast_head_json":{"title":"D\u00e9couvrez le chargeur InfinaCore P3 Pro : performance, prix","description":"Compagnon de charge nomade, le chargeur InfinaCore P3 Pro combine batterie 10500 mAh, sortie 65W et adaptateurs internationaux. Apr\u00e8s plusieurs semaines","robots":{"index":"index","follow":"follow","max-snippet":"max-snippet:-1","max-image-preview":"max-image-preview:large","max-video-preview":"max-video-preview:-1"},"canonical":"https:\/\/voyage-aventure.com\/blog\/a-la-une\/decouvrez-le-chargeur-infinacore-p3-pro-performance-prix-et-avis-dutilisateur\/","og_locale":"fr_FR","og_type":"article","og_title":"D\u00e9couvrez le chargeur InfinaCore P3 Pro : performance, prix","og_description":"Compagnon de charge nomade, le chargeur InfinaCore P3 Pro combine batterie 10500 mAh, sortie 65W et adaptateurs internationaux. Apr\u00e8s plusieurs semaines","og_url":"https:\/\/voyage-aventure.com\/blog\/a-la-une\/decouvrez-le-chargeur-infinacore-p3-pro-performance-prix-et-avis-dutilisateur\/","og_site_name":"voyage-aventure","og_image":[{"width":1200,"height":500,"url":"https:\/\/voyage-aventure.com\/blog\/wp-content\/uploads\/2025\/05\/sdxl-c02310f63717b26d1d0b909f4a0ed6cb-scaled.png","type":"image\/png"}],"author":"Camille Rouvray","twitter_card":"summary_large_image","schema":{"@context":"https:\/\/schema.org","@graph":[{"@type":"NewsArticle","@id":"https:\/\/voyage-aventure.com\/blog\/a-la-une\/decouvrez-le-chargeur-infinacore-p3-pro-performance-prix-et-avis-dutilisateur\/#article","isPartOf":{"@id":"https:\/\/voyage-aventure.com\/blog\/a-la-une\/decouvrez-le-chargeur-infinacore-p3-pro-performance-prix-et-avis-dutilisateur\/"},"author":{"name":"Camille Rouvray","@id":"https:\/\/voyage-aventure.com\/blog\/#\/schema\/person\/3c864cdc320801e3db34b663e7e3f816"},"headline":"D\u00e9couvrez le chargeur InfinaCore P3 Pro : performance, prix et avis d&rsquo;utilisateur","datePublished":"2026-06-16T15:41:54+00:00","mainEntityOfPage":{"@id":"https:\/\/voyage-aventure.com\/blog\/a-la-une\/decouvrez-le-chargeur-infinacore-p3-pro-performance-prix-et-avis-dutilisateur\/"},"wordCount":794,"commentCount":19,"publisher":{"@id":"https:\/\/voyage-aventure.com\/blog\/#organization"},"image":{"@id":"https:\/\/voyage-aventure.com\/blog\/a-la-une\/decouvrez-le-chargeur-infinacore-p3-pro-performance-prix-et-avis-dutilisateur\/#primaryimage"},"thumbnailUrl":"https:\/\/voyage-aventure.com\/blog\/wp-content\/uploads\/2025\/05\/sdxl-c02310f63717b26d1d0b909f4a0ed6cb-scaled.png","keywords":["Accessibilit\u00e9","\u00c9conomie","Pratiques Durables","Voyage","Voyage \u00c9conomique"],"articleSection":["\u00c0 la une"],"inLanguage":"fr-FR","potentialAction":[{"@type":"CommentAction","name":"Comment","target":["https:\/\/voyage-aventure.com\/blog\/a-la-une\/decouvrez-le-chargeur-infinacore-p3-pro-performance-prix-et-avis-dutilisateur\/#respond"]}]},{"@type":"WebPage","@id":"https:\/\/voyage-aventure.com\/blog\/a-la-une\/decouvrez-le-chargeur-infinacore-p3-pro-performance-prix-et-avis-dutilisateur\/","url":"https:\/\/voyage-aventure.com\/blog\/a-la-une\/decouvrez-le-chargeur-infinacore-p3-pro-performance-prix-et-avis-dutilisateur\/","name":"D\u00e9couvrez le chargeur InfinaCore P3 Pro : performance, prix","isPartOf":{"@id":"https:\/\/voyage-aventure.com\/blog\/#website"},"primaryImageOfPage":{"@id":"https:\/\/voyage-aventure.com\/blog\/a-la-une\/decouvrez-le-chargeur-infinacore-p3-pro-performance-prix-et-avis-dutilisateur\/#primaryimage"},"image":{"@id":"https:\/\/voyage-aventure.com\/blog\/a-la-une\/decouvrez-le-chargeur-infinacore-p3-pro-performance-prix-et-avis-dutilisateur\/#primaryimage"},"thumbnailUrl":"https:\/\/voyage-aventure.com\/blog\/wp-content\/uploads\/2025\/05\/sdxl-c02310f63717b26d1d0b909f4a0ed6cb-scaled.png","datePublished":"2026-06-16T15:41:54+00:00","description":"Compagnon de charge nomade, le chargeur InfinaCore P3 Pro combine batterie 10500 mAh, sortie 65W et adaptateurs internationaux. Apr\u00e8s plusieurs semaines","inLanguage":"fr-FR","potentialAction":[{"@type":"ReadAction","target":["https:\/\/voyage-aventure.com\/blog\/a-la-une\/decouvrez-le-chargeur-infinacore-p3-pro-performance-prix-et-avis-dutilisateur\/"]}]},{"@type":"ImageObject","inLanguage":"fr-FR","@id":"https:\/\/voyage-aventure.com\/blog\/a-la-une\/decouvrez-le-chargeur-infinacore-p3-pro-performance-prix-et-avis-dutilisateur\/#primaryimage","url":"https:\/\/voyage-aventure.com\/blog\/wp-content\/uploads\/2025\/05\/sdxl-c02310f63717b26d1d0b909f4a0ed6cb-scaled.png","contentUrl":"https:\/\/voyage-aventure.com\/blog\/wp-content\/uploads\/2025\/05\/sdxl-c02310f63717b26d1d0b909f4a0ed6cb-scaled.png","width":1200,"height":500},{"@type":"WebSite","@id":"https:\/\/voyage-aventure.com\/blog\/#website","url":"https:\/\/voyage-aventure.com\/blog\/","name":"voyage-aventure.com","description":"Votre passeport pour l\u2019inattendu.","publisher":{"@id":"https:\/\/voyage-aventure.com\/blog\/#organization"},"alternateName":"Votre passeport pour l\u2019inattendu.","potentialAction":[{"@type":"SearchAction","target":{"@type":"EntryPoint","urlTemplate":"https:\/\/voyage-aventure.com\/blog\/?s={search_term_string}"},"query-input":{"@type":"PropertyValueSpecification","valueRequired":true,"valueName":"search_term_string"}}],"inLanguage":"fr-FR"},{"@type":"Organization","@id":"https:\/\/voyage-aventure.com\/blog\/#organization","name":"Foretsensations.fr","url":"https:\/\/voyage-aventure.com\/blog\/","logo":{"@type":"ImageObject","inLanguage":"fr-FR","@id":"https:\/\/voyage-aventure.com\/blog\/#\/schema\/logo\/image\/","url":"https:\/\/voyage-aventure.com\/blog\/wp-content\/uploads\/2024\/12\/19.png","contentUrl":"https:\/\/voyage-aventure.com\/blog\/wp-content\/uploads\/2024\/12\/19.png","width":512,"height":512,"caption":"Foretsensations.fr"},"image":{"@id":"https:\/\/voyage-aventure.com\/blog\/#\/schema\/logo\/image\/"}},{"@type":"Person","@id":"https:\/\/voyage-aventure.com\/blog\/#\/schema\/person\/3c864cdc320801e3db34b663e7e3f816","name":"Camille Rouvray","image":{"@type":"ImageObject","inLanguage":"fr-FR","@id":"https:\/\/voyage-aventure.com\/blog\/#\/schema\/person\/image\/","url":"https:\/\/voyage-aventure.com\/blog\/wp-content\/uploads\/2026\/06\/persona_camille-r-96x96.jpg","contentUrl":"https:\/\/voyage-aventure.com\/blog\/wp-content\/uploads\/2026\/06\/persona_camille-r-96x96.jpg","caption":"Camille Rouvray"},"description":"Je voyage et j'\u00e9cris sur le voyage depuis une douzaine d'ann\u00e9es, d'abord en tant que routarde au long cours, puis comme r\u00e9dactrice sp\u00e9cialis\u00e9e. Mon terrain de pr\u00e9dilection, ce sont les circuits organis\u00e9s et l'art de bien pr\u00e9parer un itin\u00e9raire : choix de la saison, dur\u00e9e r\u00e9aliste des \u00e9tapes, budget jour par jour, logement et transport sur place. J'aime aussi raconter les p\u00e9pites urbaines, ces adresses qu'on ne trouve pas dans les guides classiques. Avant de publier un dossier destination, je croise toujours plusieurs sources, je v\u00e9rifie les tarifs et les formalit\u00e9s d'entr\u00e9e \u00e0 jour, et je teste moi-m\u00eame quand je le peux. Mon angle reste pratique avant tout : aider le lecteur \u00e0 partir l'esprit tranquille, sans mauvaise surprise une fois sur place. Je m'attache \u00e0 distinguer le coup de c\u0153ur sinc\u00e8re du simple argument marketing.","sameAs":["https:\/\/camillerouvray.fr\/"],"url":"https:\/\/voyage-aventure.com\/blog\/auteur\/noname\/"}]}},"_links":{"self":[{"href":"https:\/\/voyage-aventure.com\/blog\/wp-json\/wp\/v2\/posts\/16725","targetHints":{"allow":["GET"]}}],"collection":[{"href":"https:\/\/voyage-aventure.com\/blog\/wp-json\/wp\/v2\/posts"}],"about":[{"href":"https:\/\/voyage-aventure.com\/blog\/wp-json\/wp\/v2\/types\/post"}],"author":[{"embeddable":true,"href":"https:\/\/voyage-aventure.com\/blog\/wp-json\/wp\/v2\/users\/34"}],"replies":[{"embeddable":true,"href":"https:\/\/voyage-aventure.com\/blog\/wp-json\/wp\/v2\/comments?post=16725"}],"version-history":[{"count":3,"href":"https:\/\/voyage-aventure.com\/blog\/wp-json\/wp\/v2\/posts\/16725\/revisions"}],"predecessor-version":[{"id":22978,"href":"https:\/\/voyage-aventure.com\/blog\/wp-json\/wp\/v2\/posts\/16725\/revisions\/22978"}],"wp:featuredmedia":[{"embeddable":true,"href":"https:\/\/voyage-aventure.com\/blog\/wp-json\/wp\/v2\/media\/19548"}],"wp:attachment":[{"href":"https:\/\/voyage-aventure.com\/blog\/wp-json\/wp\/v2\/media?parent=16725"}],"wp:term":[{"taxonomy":"category","embeddable":true,"href":"https:\/\/voyage-aventure.com\/blog\/wp-json\/wp\/v2\/categories?post=16725"},{"taxonomy":"post_tag","embeddable":true,"href":"https:\/\/voyage-aventure.com\/blog\/wp-json\/wp\/v2\/tags?post=16725"}],"curies":[{"name":"wp","href":"https:\/\/api.w.org\/{rel}","templated":true}]}}